{"id":6409,"date":"2025-12-02T09:23:04","date_gmt":"2025-12-02T08:23:04","guid":{"rendered":"https:\/\/blog.phzh.ch\/zhe\/?p=6409"},"modified":"2026-03-03T11:47:34","modified_gmt":"2026-03-03T10:47:34","slug":"von-der-idee-zur-eigenen-stimme-literarisches-schreiben-im-schreibzentrum-der-ph-zuerich","status":"publish","type":"post","link":"https:\/\/blog.phzh.ch\/zhe\/von-der-idee-zur-eigenen-stimme-literarisches-schreiben-im-schreibzentrum-der-ph-zuerich\/","title":{"rendered":"Von der Idee zur eigenen Stimme: Literarisches Schreiben im Schreibzentrum der PH Z\u00fcrich"},"content":{"rendered":"\n<p>Text von Daniel Ammann und <a href=\"https:\/\/phzh.ch\/ueber-die-phzh\/organisation\/personen\/mitarbeitendenportraet\/?username=erik.altorfer\" target=\"_blank\" rel=\"noreferrer noopener\">Erik Altorfer<\/a><\/p>\n\n\n\n<blockquote class=\"wp-block-quote is-layout-flow wp-block-quote-is-layout-flow\">\n<p>Ein Mensch, der sich mittels Sprache in der Welt bewegt und sich mit dieser auseinandersetzt \u2013 davon bin ich \u00fcberzeugt \u2013, kann sich alles Weitere aneignen, das er zum Leben braucht. Die F\u00f6rderung der eigenen F\u00e4higkeit und Volition, sich zu artikulieren, stelle ich daher [&#8230;] ins Zentrum meiner Lehre. Und das kreative Schreiben sehe ich als den eigentlichen Schl\u00fcssel dazu.<\/p>\n\n\n\n<p>Peter Kaiser, vgl.&nbsp;<a href=\"https:\/\/eur02.safelinks.protection.outlook.com\/?url=https%3A%2F%2Fzenodo.org%2Frecords%2F7602747&amp;data=05%7C02%7Cerik.altorfer%40phzh.ch%7Cb7f0f6ab40fa4cb6c80408de21c75ec7%7C7b1ce663ae894a2ab34a79142338f3f2%7C0%7C0%7C638985337342116731%7CUnknown%7CTWFpbGZsb3d8eyJFbXB0eU1hcGkiOnRydWUsIlYiOiIwLjAuMDAwMCIsIlAiOiJXaW4zMiIsIkFOIjoiTWFpbCIsIldUIjoyfQ%3D%3D%7C0%7C%7C%7C&amp;sdata=YsYvZROcdCV%2F93j%2F1fLoABO6A3qFK5g8PZ2pejqro0E%3D&amp;reserved=0\">Altorfer u. Miziane 2022<\/a><\/p>\n<\/blockquote>\n\n\n\n<p>Seit Fr\u00fchjahr 2023 bietet das Schreibzentrum extern vermehrt Module und Weiterbildungen zum literarischen Schreiben an. Das kreative Schreiben in gleichem Masse wie das wissenschaftliche Schreiben zu f\u00f6rdern und zu begleiten \u2013 diese Kultur hat sich das Schreibzentrum schon seit seiner Entstehung vor 22 Jahren auf die Fahne geschrieben.<\/p>\n\n\n\n<figure class=\"wp-block-embed is-type-video is-provider-youtube wp-block-embed-youtube wp-embed-aspect-16-9 wp-has-aspect-ratio\"><div class=\"wp-block-embed__wrapper\">\n<iframe loading=\"lazy\" title=\"Moosestache Poetry Slam 2019\" width=\"660\" height=\"371\" src=\"https:\/\/www.youtube.com\/embed\/NZ71nS0DVzo?feature=oembed\" frameborder=\"0\" allow=\"accelerometer; autoplay; clipboard-write; encrypted-media; gyroscope; picture-in-picture; web-share\" referrerpolicy=\"strict-origin-when-cross-origin\" allowfullscreen><\/iframe>\n<\/div><\/figure>\n\n\n\n<p>So erhalten Studierende und Weiterbildungsteilnehmende in Kursen, Workshops und Schreibberatungen neben Coachings zu Leistungsnachweisen oder Fachtexten auch Unterst\u00fctzung beim Verfassen von fiktionalen, essayistischen oder journalistischen Textsorten. Feste Programmpunkte sind seit den ersten Erz\u00e4hln\u00e4chten (ab 2010) die j\u00e4hrlichen \u00abPH Goes Poetry\u00bb-Schreibwettbewerbe und Poetry-Slams (ab 2017) im Kafi Schnauz. Die besten Texte wurden bis 2022 in individuell gestalteten Booklets publiziert.<\/p>\n\n\n<div class=\"wp-block-image\">\n<figure class=\"aligncenter size-full is-resized\"><a href=\"https:\/\/edition-schreibzentrum.ch\/phgoespoetry\/the-sea-between-us\/\" target=\"_blank\" rel=\" noreferrer noopener\"><img loading=\"lazy\" decoding=\"async\" width=\"731\" height=\"1022\" src=\"https:\/\/blog.phzh.ch\/zhe\/files\/2025\/11\/bild_blogbeitrag_erik_daniel_1.jpg\" alt=\"\" class=\"wp-image-6411\" style=\"width:454px;height:auto\" srcset=\"https:\/\/blog.phzh.ch\/zhe\/files\/2025\/11\/bild_blogbeitrag_erik_daniel_1.jpg 731w, https:\/\/blog.phzh.ch\/zhe\/files\/2025\/11\/bild_blogbeitrag_erik_daniel_1-215x300.jpg 215w\" sizes=\"auto, (max-width: 731px) 100vw, 731px\" \/><\/a><figcaption class=\"wp-element-caption\">\u00abThe Sea Between Us\u00bb \u2013 Schreibwettbewerb. <br>Koproduktion mit ISEAHZ \u2013 University of Tunis, 2020<\/figcaption><\/figure><\/div>\n\n\n<h2 class=\"wp-block-heading\">Edition Schreibzentrum<\/h2>\n\n\n\n<p>Dank einer Kooperation mit der ZHdK und deren Studierenden im MA Visual Communication startet nun eine neue Online-Publikationsplattform. Unter <a href=\"http:\/\/edition-schreibzentrum.ch\" target=\"_blank\" rel=\"noreferrer noopener\"><em>edition-schreibzentrum.ch<\/em><\/a> werden in einem ersten Schritt die Wettbewerbstexte des Formats PH Goes Poetry pr\u00e4sentiert.<\/p>\n\n\n\n<figure class=\"wp-block-image size-large\"><a href=\"https:\/\/edition-schreibzentrum.ch\/phgoespoetry\/\" target=\"_blank\" rel=\" noreferrer noopener\"><img loading=\"lazy\" decoding=\"async\" width=\"1024\" height=\"591\" src=\"https:\/\/blog.phzh.ch\/zhe\/files\/2025\/11\/bild_blogbeitrag_erik_daniel_2-1024x591.jpg\" alt=\"\" class=\"wp-image-6412\" srcset=\"https:\/\/blog.phzh.ch\/zhe\/files\/2025\/11\/bild_blogbeitrag_erik_daniel_2-1024x591.jpg 1024w, https:\/\/blog.phzh.ch\/zhe\/files\/2025\/11\/bild_blogbeitrag_erik_daniel_2-300x173.jpg 300w, https:\/\/blog.phzh.ch\/zhe\/files\/2025\/11\/bild_blogbeitrag_erik_daniel_2-768x444.jpg 768w, https:\/\/blog.phzh.ch\/zhe\/files\/2025\/11\/bild_blogbeitrag_erik_daniel_2.jpg 1385w\" sizes=\"auto, (max-width: 1024px) 100vw, 1024px\" \/><\/a><\/figure>\n\n\n\n<p>Sp\u00e4ter werden hier weitere literarische Texte von Studierenden und Weiterbildungsteilnehmenden einer breiteren \u00d6ffentlichkeit zug\u00e4nglich gemacht: Kurzprosa, Kolumnen, Essays, Gedichte, Romanausz\u00fcge.<\/p>\n\n\n\n<blockquote class=\"wp-block-quote is-layout-flow wp-block-quote-is-layout-flow\">\n<p>Wenn wir von Lernenden verlangen, sich in der Welt nicht nur zu orientieren und diese zu erschliessen, sondern auch darin zu handeln, so bedeutet dieses Handeln etwa im politischen Kontext oft ein sprachliches Tun. Kreative Schreibformen k\u00f6nnen hier Ausgangspunkt sein zur Bildung einer eigenen Meinung, aber auch zu deren Artikulation in einer daf\u00fcr geeigneten, ausgesuchten Textform.<\/p>\n\n\n\n<p>Peter Kaiser, vgl.&nbsp;<a href=\"https:\/\/eur02.safelinks.protection.outlook.com\/?url=https%3A%2F%2Fzenodo.org%2Frecords%2F7602747&amp;data=05%7C02%7Cerik.altorfer%40phzh.ch%7Cb7f0f6ab40fa4cb6c80408de21c75ec7%7C7b1ce663ae894a2ab34a79142338f3f2%7C0%7C0%7C638985337342116731%7CUnknown%7CTWFpbGZsb3d8eyJFbXB0eU1hcGkiOnRydWUsIlYiOiIwLjAuMDAwMCIsIlAiOiJXaW4zMiIsIkFOIjoiTWFpbCIsIldUIjoyfQ%3D%3D%7C0%7C%7C%7C&amp;sdata=YsYvZROcdCV%2F93j%2F1fLoABO6A3qFK5g8PZ2pejqro0E%3D&amp;reserved=0\" target=\"_blank\" rel=\"noreferrer noopener\">Altorfer u. Miziane 2022<\/a><\/p>\n<\/blockquote>\n\n\n\n<p>Schreiben ist eine basale F\u00e4higkeit, die als Denkwerkzeug, als Mittel zum kreativen Ausdruck und beim Entwickeln der eigenen Stimme eine zentrale Rolle spielt. Schreiben ist mehr als die Niederschrift fertiger Gedanken, vielmehr dient es als Motor, um \u00fcber einen l\u00e4ngeren Prozess spezifischen Fragen nachzugehen, neue Perspektiven zu erkunden und individuelle L\u00f6sungen zu entwickeln. Wie Strategien und Prozesse des literarischen Schreibens f\u00fcr wissenschaftliches Schreiben fruchtbar gemacht werden und dass Methoden des Storytellings und stilistische Pr\u00e4zision auch in Sachtexten unabdingbar sind, haben wir in der Publikation <em>Wissenschaftlich erz\u00e4hlen \u2013 literarisch \u00fcberzeugen<\/em> untersucht (<a href=\"https:\/\/zenodo.org\/records\/16411297\" target=\"_blank\" rel=\"noreferrer noopener\">Ammann, Altorfer, B\u00fcrki u. Rickert 2023<\/a>.<\/p>\n\n\n\n<figure class=\"wp-block-image size-large\"><img loading=\"lazy\" decoding=\"async\" width=\"1024\" height=\"576\" src=\"https:\/\/blog.phzh.ch\/zhe\/files\/2025\/11\/bild_blogbeitrag_erik_daniel_3-1024x576.jpg\" alt=\"\" class=\"wp-image-6413\" srcset=\"https:\/\/blog.phzh.ch\/zhe\/files\/2025\/11\/bild_blogbeitrag_erik_daniel_3-1024x576.jpg 1024w, https:\/\/blog.phzh.ch\/zhe\/files\/2025\/11\/bild_blogbeitrag_erik_daniel_3-300x169.jpg 300w, https:\/\/blog.phzh.ch\/zhe\/files\/2025\/11\/bild_blogbeitrag_erik_daniel_3-768x432.jpg 768w, https:\/\/blog.phzh.ch\/zhe\/files\/2025\/11\/bild_blogbeitrag_erik_daniel_3.jpg 1385w\" sizes=\"auto, (max-width: 1024px) 100vw, 1024px\" \/><\/figure>\n\n\n\n<h2 class=\"wp-block-heading\">Den Stil entwickeln<\/h2>\n\n\n\n<p>In unseren Angeboten nutzen wir vielf\u00e4ltige Zug\u00e4nge zum kreativen Schreiben und gehen dabei \u00fcber Schreibimpulse, Finger\u00fcbungen oder lustvolles Freewriting hinaus. Ziel ist es, die entstehenden Texte und Entw\u00fcrfe systematisch weiterzuentwickeln und die individuellen Coachings durch Modulleitende und Feedbacks anderer Kursteilnehmenden in die \u00dcberarbeitung einfliessen zu lassen.<\/p>\n\n\n\n<p>Hierbei verfolgen wir unterschiedliche Ans\u00e4tze. In einem Weiterbildungskurs mit dem Titel \u00abVom literarischen Vorbild zum eigenen Text\u00bb ging es beispielsweise darum, Texte intuitiv und spontan oder nach sorgf\u00e4ltiger Lekt\u00fcre und Analyse bewusst zu imitieren und weiterzuf\u00fchren. Die Schreiber:innen durften stilistische Eigenheiten aufgreifen, Textroutinen wiederholen und handwerkliche Techniken \u00abanprobieren\u00bb oder \u00fcbertreiben, um im Prozess den eigenen Ton zu entdecken.<\/p>\n\n\n\n<p>In einem Modul zum autobiografischen Schreiben wiederum arbeiteten die Teilnehmenden mit eigenen Erinnerungen. Sie lernten methodische Zug\u00e4nge und Aspekte des Storytelling kennen, um Lebensereignisse und pers\u00f6nliche Erfahrungen literarisch einzufangen und in Form zu bringen. Dabei entstanden anekdotische Vignetten, Gedichte, Kurzgeschichten oder l\u00e4ngere Erz\u00e4hlungen in der Tradition des <em><a href=\"https:\/\/blog.phzh.ch\/zhe\/life-writing-schreiben-als-leben\/\">Life-Writing<\/a><\/em>.<\/p>\n\n\n\n<p>In individuellen Coachings lektorieren wir auch umfangreiche literarische Projekte, zum Beispiel den 800-seitigen Fantasyromanentwurf eines Junglehrers, ausserhalb des Curriculums entstehende Kurzgeschichten und Erz\u00e4hlungen von Studierenden sowie in einem Feedback-Workshop f\u00fcr freie Texte Song-Lyrics einer Mitarbeitenden der PHZH.<\/p>\n\n\n\n<p>F\u00fcr die Entwicklung und Umsetzung von literarischen Schreibprojekten sind die Tutor:innen des Schreibzentrums unverzichtbare Mitarbeiter:innen. Sowohl im Organisations- und Publikationsteam von PH Goes Poetry als auch in der Redaktion der Schreibstaffel \u00ab<a href=\"https:\/\/blog.phzh.ch\/schreibzentrum\/category\/schreibzentrum-schreibt\/punkt-punkt-komma-strich\/\">Punkt Punkt Komma Strich<\/a>\u00bb (seit 2020, zuerst unter dem Titel \u00abSeasons for all\u00bb) verfassen die Tutor:innen freie Texte und lektorieren Beitr\u00e4ge ihrer Peers. Zudem schrieben die Schreibzentrums-Tutor:innen bis 2024 \u00fcber 60 Kolumnen f\u00fcr die Studierendenseite des Magazins <em>Akzente<\/em>, seit 2019 auch f\u00fcr die PHZH-interne Zeitschrift <em>inside<\/em>.<\/p>\n\n\n\n<blockquote class=\"wp-block-quote is-layout-flow wp-block-quote-is-layout-flow\">\n<p>Selbst kreativ zu werden, f\u00f6rdert beides: Einen pers\u00f6nlichen Stolz, der Freude macht, sowie eine Demut vor der Undurchdringlichkeit der Worte.<\/p>\n\n\n\n<p>Peter Kaiser, vgl.&nbsp;<a href=\"https:\/\/eur02.safelinks.protection.outlook.com\/?url=https%3A%2F%2Fzenodo.org%2Frecords%2F7602747&amp;data=05%7C02%7Cerik.altorfer%40phzh.ch%7Cb7f0f6ab40fa4cb6c80408de21c75ec7%7C7b1ce663ae894a2ab34a79142338f3f2%7C0%7C0%7C638985337342116731%7CUnknown%7CTWFpbGZsb3d8eyJFbXB0eU1hcGkiOnRydWUsIlYiOiIwLjAuMDAwMCIsIlAiOiJXaW4zMiIsIkFOIjoiTWFpbCIsIldUIjoyfQ%3D%3D%7C0%7C%7C%7C&amp;sdata=YsYvZROcdCV%2F93j%2F1fLoABO6A3qFK5g8PZ2pejqro0E%3D&amp;reserved=0\" target=\"_blank\" rel=\"noreferrer noopener\">Altorfer u. Miziane 2022<\/a><\/p>\n<\/blockquote>\n\n\n\n<h2 class=\"wp-block-heading\">Transferwirkungen des literarischen Schreibens<\/h2>\n\n\n\n<p>Im kreativen und literarischen Schreiben trainieren und erweitern wir unser Repertoire an sprachlichen Ausdrucks- und erz\u00e4hlerischen Gestaltungsformen. Die hier erworbenen Schreibstrategien kommen auch der Arbeit an journalistischen, dokumentarischen oder wissenschaftlichen Textsorten zugute.<\/p>\n\n\n\n<p>Klar ist: Diese Art von produktivem und entdeckendem Schreiben l\u00e4sst sich nicht vollst\u00e4ndig an eine k\u00fcnstliche Intelligenz delegieren.<\/p>\n\n\n<pre class=\"wp-block-preformatted\">INFOBOX<strong><br \/><\/strong><br \/><strong>Aktuelle Angebote<br \/><\/strong><br \/><em>CAS Modul<\/em><br \/><a href=\"https:\/\/phzh.ch\/de\/weiterbildung\/alle-weiterbildungen\/weiterbildungsanlass\/?anlassId=144683699\" target=\"_blank\" rel=\"noopener\">Literarisches Schreiben \u2013 biografisch bis fiktional: Wege zum eigenen Schreibprojekt<\/a><br \/><br \/><em>Workshops<\/em><br \/><a href=\"https:\/\/phzh.ch\/weiterbildung\/alle-weiterbildungen\/weiterbildungsanlass\/?anlassId=144707239\" target=\"_blank\" rel=\"noopener\">Lyrics, Erz\u00e4hlung, Reportage: offenes Feedback zu Ihren Texten<\/a><br \/><a href=\"https:\/\/phzh.ch\/weiterbildung\/alle-weiterbildungen\/weiterbildungsanlass\/?anlassId=144707274\" target=\"_blank\" rel=\"noopener\">Kreatives Schreiben: Vom Bild zum Wort<\/a><br \/><br \/><em>Individuelle Angebote zum literarischen Schreiben f\u00fcr Institutionen und Privatpersonen<br \/><\/em><a href=\"https:\/\/phzh.ch\/literarisches-schreiben\" target=\"_blank\" rel=\"noopener\">Literarisches Schreiben<\/a><br \/><br \/><strong>Plattform f\u00fcr literarisches Schreiben an der PHZH<br \/><\/strong><br \/><a href=\"http:\/\/edition-schreibzentrum.ch\" target=\"_blank\" rel=\"noopener\">edition-schreibzentrum.ch<\/a><br \/><br \/><strong>Literaturempfehlungen<br \/><\/strong><br \/>- <a href=\"https:\/\/www.reclam.de\/produktdetail\/literarisches-schreiben-didaktische-grundlagen-fuer-den-unterricht-9783159618524\">Abraham, Ulf. 2021: Literarisches Schreiben: Didaktische Grundlagen f\u00fcr den Unterricht<\/a><br \/>- <a href=\"https:\/\/www.utb.de\/doi\/10.36198\/9783838557786\" target=\"_blank\" rel=\"noopener\">Genz, Julia. 2022: Handbuch kreatives Schreiben: Literarische Techniken verstehen und anwenden<\/a><br \/>- <a href=\"https:\/\/www.penguin.de\/buecher\/george-saunders-bei-regen-in-einem-teich-schwimmen\/taschenbuch\/9783442773725\" target=\"_blank\" rel=\"noopener\">Saunders, George. 2023: Bei Regen in einem Teich schwimmen: Von den russischen Meistern lesen, schreiben und leben lernen<\/a><br \/>- <a href=\"https:\/\/www.reclam.de\/produktdetail\/literarisches-schreiben-9783150113516\" target=\"_blank\" rel=\"noopener\">Zanetti, Sandro. 2022: Literarisches Schreiben: Grundlagen und M\u00f6glichkeiten<\/a><\/pre>\n\n\n<h2 class=\"wp-block-heading\">Zu den Autoren<\/h2>\n\n\n\n<div class=\"wp-block-media-text is-stacked-on-mobile\" style=\"grid-template-columns:21% auto\"><figure class=\"wp-block-media-text__media\"><img loading=\"lazy\" decoding=\"async\" width=\"300\" height=\"364\" src=\"https:\/\/blog.phzh.ch\/zhe\/files\/2022\/11\/Portraet_Daniel_Ammann_Foto-Olivia-Erb_web.png\" alt=\"\" class=\"wp-image-5781 size-full\" srcset=\"https:\/\/blog.phzh.ch\/zhe\/files\/2022\/11\/Portraet_Daniel_Ammann_Foto-Olivia-Erb_web.png 300w, https:\/\/blog.phzh.ch\/zhe\/files\/2022\/11\/Portraet_Daniel_Ammann_Foto-Olivia-Erb_web-247x300.png 247w\" sizes=\"auto, (max-width: 300px) 100vw, 300px\" \/><\/figure><div class=\"wp-block-media-text__content\">\n<p>Daniel Ammann ist Dozent f\u00fcr Medienbildung, Mitarbeiter des <a href=\"https:\/\/phzh.ch\/schreibzentrum\" target=\"_blank\" rel=\"noopener noreferrer\">Schreibzentrums der PH Z\u00fcrich<\/a>, Autor und Literaturkritiker (SRF-Bestenliste).<\/p>\n<\/div><\/div>\n\n\n\n<div class=\"wp-block-media-text is-stacked-on-mobile\" style=\"grid-template-columns:22% auto\"><figure class=\"wp-block-media-text__media\"><img loading=\"lazy\" decoding=\"async\" width=\"668\" height=\"815\" src=\"https:\/\/blog.phzh.ch\/zhe\/files\/2025\/12\/portrait_erik_altorfer_1.jpg\" alt=\"\" class=\"wp-image-6417 size-full\" srcset=\"https:\/\/blog.phzh.ch\/zhe\/files\/2025\/12\/portrait_erik_altorfer_1.jpg 668w, https:\/\/blog.phzh.ch\/zhe\/files\/2025\/12\/portrait_erik_altorfer_1-246x300.jpg 246w\" sizes=\"auto, (max-width: 668px) 100vw, 668px\" \/><\/figure><div class=\"wp-block-media-text__content\">\n<p><a href=\"https:\/\/phzh.ch\/ueber-die-phzh\/organisation\/personen\/mitarbeitendenportraet\/?username=erik.altorfer\" target=\"_blank\" rel=\"noreferrer noopener\">Erik Altorfer<\/a> ist Mitarbeiter des <a href=\"https:\/\/phzh.ch\/schreibzentrum\" target=\"_blank\" rel=\"noreferrer noopener\">Schreibzentrums der PH Z\u00fcrich<\/a>, Leiter von internationalen Autor:innen-Projekten, Dramaturg und Regisseur f\u00fcr Theater und H\u00f6rspiel.<\/p>\n<\/div><\/div>\n","protected":false},"excerpt":{"rendered":"<p>Text von Daniel Ammann und Erik Altorfer Ein Mensch, der sich mittels Sprache in der Welt bewegt und sich mit dieser auseinandersetzt \u2013 davon bin ich \u00fcberzeugt \u2013, kann sich alles Weitere aneignen, das er zum Leben braucht. Die F\u00f6rderung der eigenen F\u00e4higkeit und Volition, sich zu artikulieren, stelle ich daher [&#8230;] ins Zentrum meiner &hellip; <a href=\"https:\/\/blog.phzh.ch\/zhe\/von-der-idee-zur-eigenen-stimme-literarisches-schreiben-im-schreibzentrum-der-ph-zuerich\/\" class=\"more-link\"><span class=\"screen-reader-text\">Von der Idee zur eigenen Stimme: Literarisches Schreiben im Schreibzentrum der PH Z\u00fcrich<\/span> weiterlesen<\/a><\/p>\n","protected":false},"author":1410,"featured_media":0,"comment_status":"open","ping_status":"closed","sticky":false,"template":"","format":"standard","meta":{"sfsi_plus_gutenberg_text_before_share":"","sfsi_plus_gutenberg_show_text_before_share":"","sfsi_plus_gutenberg_icon_type":"","sfsi_plus_gutenberg_icon_alignemt":"","sfsi_plus_gutenburg_max_per_row":"","footnotes":""},"categories":[67568,110310],"tags":[4181],"class_list":["post-6409","post","type-post","status-publish","format-standard","hentry","category-methoden","category-schreiben","tag-weiterbildung"],"yoast_head":"<!-- This site is optimized with the Yoast SEO plugin v26.8 - https:\/\/yoast.com\/product\/yoast-seo-wordpress\/ -->\n<title>Von der Idee zur eigenen Stimme: Literarisches Schreiben im Schreibzentrum der PH Z\u00fcrich - Lifelong Learning Blog<\/title>\n<meta name=\"description\" content=\"Die Blogautoren Daniel Ammann und Erik Altorfer geben Einblicke in das literarische Schreiben und die Angebote der PH Z\u00fcrich dazu.\" \/>\n<meta name=\"robots\" content=\"index, follow, max-snippet:-1, max-image-preview:large, max-video-preview:-1\" \/>\n<link rel=\"canonical\" href=\"https:\/\/blog.phzh.ch\/zhe\/von-der-idee-zur-eigenen-stimme-literarisches-schreiben-im-schreibzentrum-der-ph-zuerich\/\" \/>\n<meta property=\"og:locale\" content=\"de_DE\" \/>\n<meta property=\"og:type\" content=\"article\" \/>\n<meta property=\"og:title\" content=\"Von der Idee zur eigenen Stimme: Literarisches Schreiben im Schreibzentrum der PH Z\u00fcrich - Lifelong Learning Blog\" \/>\n<meta property=\"og:description\" content=\"Die Blogautoren Daniel Ammann und Erik Altorfer geben Einblicke in das literarische Schreiben und die Angebote der PH Z\u00fcrich dazu.\" \/>\n<meta property=\"og:url\" content=\"https:\/\/blog.phzh.ch\/zhe\/von-der-idee-zur-eigenen-stimme-literarisches-schreiben-im-schreibzentrum-der-ph-zuerich\/\" \/>\n<meta property=\"og:site_name\" content=\"Lifelong Learning Blog\" \/>\n<meta property=\"article:publisher\" content=\"https:\/\/www.facebook.com\/hochschuldidaktik\/\" \/>\n<meta property=\"article:published_time\" content=\"2025-12-02T08:23:04+00:00\" \/>\n<meta property=\"article:modified_time\" content=\"2026-03-03T10:47:34+00:00\" \/>\n<meta property=\"og:image\" content=\"https:\/\/blog.phzh.ch\/zhe\/files\/2025\/11\/bild_blogbeitrag_erik_daniel_1.jpg\" \/>\n\t<meta property=\"og:image:width\" content=\"731\" \/>\n\t<meta property=\"og:image:height\" content=\"1022\" \/>\n\t<meta property=\"og:image:type\" content=\"image\/jpeg\" \/>\n<meta name=\"author\" content=\"Kay Janina Hefti\" \/>\n<meta name=\"twitter:card\" content=\"summary_large_image\" \/>\n<meta name=\"twitter:creator\" content=\"@zhe_phzuerich\" \/>\n<meta name=\"twitter:site\" content=\"@zhe_phzuerich\" \/>\n<meta name=\"twitter:label1\" content=\"Verfasst von\" \/>\n\t<meta name=\"twitter:data1\" content=\"Kay Janina Hefti\" \/>\n\t<meta name=\"twitter:label2\" content=\"Gesch\u00e4tzte Lesezeit\" \/>\n\t<meta name=\"twitter:data2\" content=\"5\u00a0Minuten\" \/>\n<script type=\"application\/ld+json\" class=\"yoast-schema-graph\">{\"@context\":\"https:\/\/schema.org\",\"@graph\":[{\"@type\":\"Article\",\"@id\":\"https:\/\/blog.phzh.ch\/zhe\/von-der-idee-zur-eigenen-stimme-literarisches-schreiben-im-schreibzentrum-der-ph-zuerich\/#article\",\"isPartOf\":{\"@id\":\"https:\/\/blog.phzh.ch\/zhe\/von-der-idee-zur-eigenen-stimme-literarisches-schreiben-im-schreibzentrum-der-ph-zuerich\/\"},\"author\":{\"name\":\"Kay Janina Hefti\",\"@id\":\"https:\/\/blog.phzh.ch\/zhe\/#\/schema\/person\/5fa43831c0f6c5acac5b5e7c6a5c8b8b\"},\"headline\":\"Von der Idee zur eigenen Stimme: Literarisches Schreiben im Schreibzentrum der PH Z\u00fcrich\",\"datePublished\":\"2025-12-02T08:23:04+00:00\",\"dateModified\":\"2026-03-03T10:47:34+00:00\",\"mainEntityOfPage\":{\"@id\":\"https:\/\/blog.phzh.ch\/zhe\/von-der-idee-zur-eigenen-stimme-literarisches-schreiben-im-schreibzentrum-der-ph-zuerich\/\"},\"wordCount\":861,\"commentCount\":0,\"image\":{\"@id\":\"https:\/\/blog.phzh.ch\/zhe\/von-der-idee-zur-eigenen-stimme-literarisches-schreiben-im-schreibzentrum-der-ph-zuerich\/#primaryimage\"},\"thumbnailUrl\":\"https:\/\/blog.phzh.ch\/zhe\/files\/2025\/11\/bild_blogbeitrag_erik_daniel_1.jpg\",\"keywords\":[\"Weiterbildung\"],\"articleSection\":[\"Methoden\",\"Schreiben\"],\"inLanguage\":\"de\",\"potentialAction\":[{\"@type\":\"CommentAction\",\"name\":\"Comment\",\"target\":[\"https:\/\/blog.phzh.ch\/zhe\/von-der-idee-zur-eigenen-stimme-literarisches-schreiben-im-schreibzentrum-der-ph-zuerich\/#respond\"]}]},{\"@type\":\"WebPage\",\"@id\":\"https:\/\/blog.phzh.ch\/zhe\/von-der-idee-zur-eigenen-stimme-literarisches-schreiben-im-schreibzentrum-der-ph-zuerich\/\",\"url\":\"https:\/\/blog.phzh.ch\/zhe\/von-der-idee-zur-eigenen-stimme-literarisches-schreiben-im-schreibzentrum-der-ph-zuerich\/\",\"name\":\"Von der Idee zur eigenen Stimme: Literarisches Schreiben im Schreibzentrum der PH Z\u00fcrich - Lifelong Learning Blog\",\"isPartOf\":{\"@id\":\"https:\/\/blog.phzh.ch\/zhe\/#website\"},\"primaryImageOfPage\":{\"@id\":\"https:\/\/blog.phzh.ch\/zhe\/von-der-idee-zur-eigenen-stimme-literarisches-schreiben-im-schreibzentrum-der-ph-zuerich\/#primaryimage\"},\"image\":{\"@id\":\"https:\/\/blog.phzh.ch\/zhe\/von-der-idee-zur-eigenen-stimme-literarisches-schreiben-im-schreibzentrum-der-ph-zuerich\/#primaryimage\"},\"thumbnailUrl\":\"https:\/\/blog.phzh.ch\/zhe\/files\/2025\/11\/bild_blogbeitrag_erik_daniel_1.jpg\",\"datePublished\":\"2025-12-02T08:23:04+00:00\",\"dateModified\":\"2026-03-03T10:47:34+00:00\",\"author\":{\"@id\":\"https:\/\/blog.phzh.ch\/zhe\/#\/schema\/person\/5fa43831c0f6c5acac5b5e7c6a5c8b8b\"},\"description\":\"Die Blogautoren Daniel Ammann und Erik Altorfer geben Einblicke in das literarische Schreiben und die Angebote der PH Z\u00fcrich dazu.\",\"breadcrumb\":{\"@id\":\"https:\/\/blog.phzh.ch\/zhe\/von-der-idee-zur-eigenen-stimme-literarisches-schreiben-im-schreibzentrum-der-ph-zuerich\/#breadcrumb\"},\"inLanguage\":\"de\",\"potentialAction\":[{\"@type\":\"ReadAction\",\"target\":[\"https:\/\/blog.phzh.ch\/zhe\/von-der-idee-zur-eigenen-stimme-literarisches-schreiben-im-schreibzentrum-der-ph-zuerich\/\"]}]},{\"@type\":\"ImageObject\",\"inLanguage\":\"de\",\"@id\":\"https:\/\/blog.phzh.ch\/zhe\/von-der-idee-zur-eigenen-stimme-literarisches-schreiben-im-schreibzentrum-der-ph-zuerich\/#primaryimage\",\"url\":\"https:\/\/blog.phzh.ch\/zhe\/files\/2025\/11\/bild_blogbeitrag_erik_daniel_1.jpg\",\"contentUrl\":\"https:\/\/blog.phzh.ch\/zhe\/files\/2025\/11\/bild_blogbeitrag_erik_daniel_1.jpg\",\"width\":731,\"height\":1022},{\"@type\":\"BreadcrumbList\",\"@id\":\"https:\/\/blog.phzh.ch\/zhe\/von-der-idee-zur-eigenen-stimme-literarisches-schreiben-im-schreibzentrum-der-ph-zuerich\/#breadcrumb\",\"itemListElement\":[{\"@type\":\"ListItem\",\"position\":1,\"name\":\"Startseite\",\"item\":\"https:\/\/blog.phzh.ch\/zhe\/\"},{\"@type\":\"ListItem\",\"position\":2,\"name\":\"Von der Idee zur eigenen Stimme: Literarisches Schreiben im Schreibzentrum der PH Z\u00fcrich\"}]},{\"@type\":\"WebSite\",\"@id\":\"https:\/\/blog.phzh.ch\/zhe\/#website\",\"url\":\"https:\/\/blog.phzh.ch\/zhe\/\",\"name\":\"Lifelong Learning Blog\",\"description\":\"Anregungen f\u00fcr Lehrende an Hochschulen und in der Berufsbildung\",\"potentialAction\":[{\"@type\":\"SearchAction\",\"target\":{\"@type\":\"EntryPoint\",\"urlTemplate\":\"https:\/\/blog.phzh.ch\/zhe\/?s={search_term_string}\"},\"query-input\":{\"@type\":\"PropertyValueSpecification\",\"valueRequired\":true,\"valueName\":\"search_term_string\"}}],\"inLanguage\":\"de\"},{\"@type\":\"Person\",\"@id\":\"https:\/\/blog.phzh.ch\/zhe\/#\/schema\/person\/5fa43831c0f6c5acac5b5e7c6a5c8b8b\",\"name\":\"Kay Janina Hefti\",\"image\":{\"@type\":\"ImageObject\",\"inLanguage\":\"de\",\"@id\":\"https:\/\/blog.phzh.ch\/zhe\/#\/schema\/person\/image\/\",\"url\":\"https:\/\/secure.gravatar.com\/avatar\/ded3e16ba7de8db2188b3d38701b01cb?s=96&d=mm&r=g\",\"contentUrl\":\"https:\/\/secure.gravatar.com\/avatar\/ded3e16ba7de8db2188b3d38701b01cb?s=96&d=mm&r=g\",\"caption\":\"Kay Janina Hefti\"},\"url\":\"https:\/\/blog.phzh.ch\/zhe\/author\/kayjanina-heftiphzh-ch\/\"}]}<\/script>\n<!-- \/ Yoast SEO plugin. -->","yoast_head_json":{"title":"Von der Idee zur eigenen Stimme: Literarisches Schreiben im Schreibzentrum der PH Z\u00fcrich - Lifelong Learning Blog","description":"Die Blogautoren Daniel Ammann und Erik Altorfer geben Einblicke in das literarische Schreiben und die Angebote der PH Z\u00fcrich dazu.","robots":{"index":"index","follow":"follow","max-snippet":"max-snippet:-1","max-image-preview":"max-image-preview:large","max-video-preview":"max-video-preview:-1"},"canonical":"https:\/\/blog.phzh.ch\/zhe\/von-der-idee-zur-eigenen-stimme-literarisches-schreiben-im-schreibzentrum-der-ph-zuerich\/","og_locale":"de_DE","og_type":"article","og_title":"Von der Idee zur eigenen Stimme: Literarisches Schreiben im Schreibzentrum der PH Z\u00fcrich - Lifelong Learning Blog","og_description":"Die Blogautoren Daniel Ammann und Erik Altorfer geben Einblicke in das literarische Schreiben und die Angebote der PH Z\u00fcrich dazu.","og_url":"https:\/\/blog.phzh.ch\/zhe\/von-der-idee-zur-eigenen-stimme-literarisches-schreiben-im-schreibzentrum-der-ph-zuerich\/","og_site_name":"Lifelong Learning Blog","article_publisher":"https:\/\/www.facebook.com\/hochschuldidaktik\/","article_published_time":"2025-12-02T08:23:04+00:00","article_modified_time":"2026-03-03T10:47:34+00:00","og_image":[{"width":731,"height":1022,"url":"https:\/\/blog.phzh.ch\/zhe\/files\/2025\/11\/bild_blogbeitrag_erik_daniel_1.jpg","type":"image\/jpeg"}],"author":"Kay Janina Hefti","twitter_card":"summary_large_image","twitter_creator":"@zhe_phzuerich","twitter_site":"@zhe_phzuerich","twitter_misc":{"Verfasst von":"Kay Janina Hefti","Gesch\u00e4tzte Lesezeit":"5\u00a0Minuten"},"schema":{"@context":"https:\/\/schema.org","@graph":[{"@type":"Article","@id":"https:\/\/blog.phzh.ch\/zhe\/von-der-idee-zur-eigenen-stimme-literarisches-schreiben-im-schreibzentrum-der-ph-zuerich\/#article","isPartOf":{"@id":"https:\/\/blog.phzh.ch\/zhe\/von-der-idee-zur-eigenen-stimme-literarisches-schreiben-im-schreibzentrum-der-ph-zuerich\/"},"author":{"name":"Kay Janina Hefti","@id":"https:\/\/blog.phzh.ch\/zhe\/#\/schema\/person\/5fa43831c0f6c5acac5b5e7c6a5c8b8b"},"headline":"Von der Idee zur eigenen Stimme: Literarisches Schreiben im Schreibzentrum der PH Z\u00fcrich","datePublished":"2025-12-02T08:23:04+00:00","dateModified":"2026-03-03T10:47:34+00:00","mainEntityOfPage":{"@id":"https:\/\/blog.phzh.ch\/zhe\/von-der-idee-zur-eigenen-stimme-literarisches-schreiben-im-schreibzentrum-der-ph-zuerich\/"},"wordCount":861,"commentCount":0,"image":{"@id":"https:\/\/blog.phzh.ch\/zhe\/von-der-idee-zur-eigenen-stimme-literarisches-schreiben-im-schreibzentrum-der-ph-zuerich\/#primaryimage"},"thumbnailUrl":"https:\/\/blog.phzh.ch\/zhe\/files\/2025\/11\/bild_blogbeitrag_erik_daniel_1.jpg","keywords":["Weiterbildung"],"articleSection":["Methoden","Schreiben"],"inLanguage":"de","potentialAction":[{"@type":"CommentAction","name":"Comment","target":["https:\/\/blog.phzh.ch\/zhe\/von-der-idee-zur-eigenen-stimme-literarisches-schreiben-im-schreibzentrum-der-ph-zuerich\/#respond"]}]},{"@type":"WebPage","@id":"https:\/\/blog.phzh.ch\/zhe\/von-der-idee-zur-eigenen-stimme-literarisches-schreiben-im-schreibzentrum-der-ph-zuerich\/","url":"https:\/\/blog.phzh.ch\/zhe\/von-der-idee-zur-eigenen-stimme-literarisches-schreiben-im-schreibzentrum-der-ph-zuerich\/","name":"Von der Idee zur eigenen Stimme: Literarisches Schreiben im Schreibzentrum der PH Z\u00fcrich - Lifelong Learning Blog","isPartOf":{"@id":"https:\/\/blog.phzh.ch\/zhe\/#website"},"primaryImageOfPage":{"@id":"https:\/\/blog.phzh.ch\/zhe\/von-der-idee-zur-eigenen-stimme-literarisches-schreiben-im-schreibzentrum-der-ph-zuerich\/#primaryimage"},"image":{"@id":"https:\/\/blog.phzh.ch\/zhe\/von-der-idee-zur-eigenen-stimme-literarisches-schreiben-im-schreibzentrum-der-ph-zuerich\/#primaryimage"},"thumbnailUrl":"https:\/\/blog.phzh.ch\/zhe\/files\/2025\/11\/bild_blogbeitrag_erik_daniel_1.jpg","datePublished":"2025-12-02T08:23:04+00:00","dateModified":"2026-03-03T10:47:34+00:00","author":{"@id":"https:\/\/blog.phzh.ch\/zhe\/#\/schema\/person\/5fa43831c0f6c5acac5b5e7c6a5c8b8b"},"description":"Die Blogautoren Daniel Ammann und Erik Altorfer geben Einblicke in das literarische Schreiben und die Angebote der PH Z\u00fcrich dazu.","breadcrumb":{"@id":"https:\/\/blog.phzh.ch\/zhe\/von-der-idee-zur-eigenen-stimme-literarisches-schreiben-im-schreibzentrum-der-ph-zuerich\/#breadcrumb"},"inLanguage":"de","potentialAction":[{"@type":"ReadAction","target":["https:\/\/blog.phzh.ch\/zhe\/von-der-idee-zur-eigenen-stimme-literarisches-schreiben-im-schreibzentrum-der-ph-zuerich\/"]}]},{"@type":"ImageObject","inLanguage":"de","@id":"https:\/\/blog.phzh.ch\/zhe\/von-der-idee-zur-eigenen-stimme-literarisches-schreiben-im-schreibzentrum-der-ph-zuerich\/#primaryimage","url":"https:\/\/blog.phzh.ch\/zhe\/files\/2025\/11\/bild_blogbeitrag_erik_daniel_1.jpg","contentUrl":"https:\/\/blog.phzh.ch\/zhe\/files\/2025\/11\/bild_blogbeitrag_erik_daniel_1.jpg","width":731,"height":1022},{"@type":"BreadcrumbList","@id":"https:\/\/blog.phzh.ch\/zhe\/von-der-idee-zur-eigenen-stimme-literarisches-schreiben-im-schreibzentrum-der-ph-zuerich\/#breadcrumb","itemListElement":[{"@type":"ListItem","position":1,"name":"Startseite","item":"https:\/\/blog.phzh.ch\/zhe\/"},{"@type":"ListItem","position":2,"name":"Von der Idee zur eigenen Stimme: Literarisches Schreiben im Schreibzentrum der PH Z\u00fcrich"}]},{"@type":"WebSite","@id":"https:\/\/blog.phzh.ch\/zhe\/#website","url":"https:\/\/blog.phzh.ch\/zhe\/","name":"Lifelong Learning Blog","description":"Anregungen f\u00fcr Lehrende an Hochschulen und in der Berufsbildung","potentialAction":[{"@type":"SearchAction","target":{"@type":"EntryPoint","urlTemplate":"https:\/\/blog.phzh.ch\/zhe\/?s={search_term_string}"},"query-input":{"@type":"PropertyValueSpecification","valueRequired":true,"valueName":"search_term_string"}}],"inLanguage":"de"},{"@type":"Person","@id":"https:\/\/blog.phzh.ch\/zhe\/#\/schema\/person\/5fa43831c0f6c5acac5b5e7c6a5c8b8b","name":"Kay Janina Hefti","image":{"@type":"ImageObject","inLanguage":"de","@id":"https:\/\/blog.phzh.ch\/zhe\/#\/schema\/person\/image\/","url":"https:\/\/secure.gravatar.com\/avatar\/ded3e16ba7de8db2188b3d38701b01cb?s=96&d=mm&r=g","contentUrl":"https:\/\/secure.gravatar.com\/avatar\/ded3e16ba7de8db2188b3d38701b01cb?s=96&d=mm&r=g","caption":"Kay Janina Hefti"},"url":"https:\/\/blog.phzh.ch\/zhe\/author\/kayjanina-heftiphzh-ch\/"}]}},"_links":{"self":[{"href":"https:\/\/blog.phzh.ch\/zhe\/wp-json\/wp\/v2\/posts\/6409","targetHints":{"allow":["GET"]}}],"collection":[{"href":"https:\/\/blog.phzh.ch\/zhe\/wp-json\/wp\/v2\/posts"}],"about":[{"href":"https:\/\/blog.phzh.ch\/zhe\/wp-json\/wp\/v2\/types\/post"}],"author":[{"embeddable":true,"href":"https:\/\/blog.phzh.ch\/zhe\/wp-json\/wp\/v2\/users\/1410"}],"replies":[{"embeddable":true,"href":"https:\/\/blog.phzh.ch\/zhe\/wp-json\/wp\/v2\/comments?post=6409"}],"version-history":[{"count":5,"href":"https:\/\/blog.phzh.ch\/zhe\/wp-json\/wp\/v2\/posts\/6409\/revisions"}],"predecessor-version":[{"id":6437,"href":"https:\/\/blog.phzh.ch\/zhe\/wp-json\/wp\/v2\/posts\/6409\/revisions\/6437"}],"wp:attachment":[{"href":"https:\/\/blog.phzh.ch\/zhe\/wp-json\/wp\/v2\/media?parent=6409"}],"wp:term":[{"taxonomy":"category","embeddable":true,"href":"https:\/\/blog.phzh.ch\/zhe\/wp-json\/wp\/v2\/categories?post=6409"},{"taxonomy":"post_tag","embeddable":true,"href":"https:\/\/blog.phzh.ch\/zhe\/wp-json\/wp\/v2\/tags?post=6409"}],"curies":[{"name":"wp","href":"https:\/\/api.w.org\/{rel}","templated":true}]}}