{"id":6400,"date":"2025-11-11T06:00:00","date_gmt":"2025-11-11T05:00:00","guid":{"rendered":"https:\/\/blog.phzh.ch\/zhe\/?p=6400"},"modified":"2025-11-06T10:39:06","modified_gmt":"2025-11-06T09:39:06","slug":"von-der-schule-in-die-berufliche-grundbildung","status":"publish","type":"post","link":"https:\/\/blog.phzh.ch\/zhe\/von-der-schule-in-die-berufliche-grundbildung\/","title":{"rendered":"Von der Schule in die berufliche Grundbildung"},"content":{"rendered":"\n<p>Text von <a href=\"https:\/\/phzh.ch\/ueber-die-phzh\/organisation\/personen\/mitarbeitendenportraet\/?username=mandy.gnaegi\" target=\"_blank\" rel=\"noreferrer noopener\">Mandy Gn\u00e4gi<\/a><\/p>\n\n\n\n<p>Der Schritt in die Arbeitswelt ist f\u00fcr Lernende ein grosser. Im Gegensatz zum vertrauten Rhythmus des Schul- und Lernalltags findet die berufliche Grundbildung an drei verschiedenen Lernorten statt: im Betrieb, in \u00fcberbetrieblichen Kursen und in der Berufsfachschule. Diesen Wechsel beschreiben Lernende als einschneidend, zumal sie sich in einer Lebensphase des Umbruchs befinden. War ihr bisheriger Weg ferner durch schulische Schwierigkeiten gepr\u00e4gt, wie z.B. schlechte Noten, hohe Fehlzeiten oder soziale Auff\u00e4lligkeiten, war ein Einstieg in eine drei- bis vierj\u00e4hre berufliche Grundbildung mit eidgen\u00f6ssischem F\u00e4higkeitszeugnis (EFZ) oder in eine weiterf\u00fchrende Schule erschwert resp. nicht m\u00f6glich. Eine Folge davon war eine hohe Jugendarbeitslosigkeit der 1990er und 2000er Jahre, der seit 2004 durch eine zeitlich verk\u00fcrzte und vom schulischen sowie betrieblichen Anspruch her reduziertere Form der Ausbildung entgegengewirkt wurde. Sie schliesst nach absolvierten Pr\u00fcfungen mit einem eidgen\u00f6ssisch anerkannten Berufsattest (EBA) ab.<\/p>\n\n\n\n<h2 class=\"wp-block-heading\">Bedarf qualifizierte Begleitung<\/h2>\n\n\n\n<p>Mit dem Inkrafttreten der neuen Ausbildungsm\u00f6glichkeit hat der Bundesrat die \u00abfachkundige individuelle Begleitung von Personen mit Lernschwierigkeiten in zweij\u00e4hrigen beruflichen Grundbildungen\u00bb lanciert. Diese Begleitung soll in der Lage sein, zugrundeliegende \u00abLernschwierigkeiten\u00bb oder \u00absoziale Probleme\u00bb gemeinsam mit den Lernenden anzugehen und zu beheben. Alle \u00abschulischen und bildungsrelevanten Aspekte, <img loading=\"lazy\" decoding=\"async\" width=\"26\" height=\"22\" src=\"data:image\/png;base64,iVBORw0KGgoAAAANSUhEUgAAACAAAAAbBAMAAADv6ZCpAAAAAXNSR0IArs4c6QAAAC1QTFRFAAAAAAAAAAA6AABmADqQAGa2ZgAAZrb\/kDoAkNv\/tv\/\/25A62\/\/\/\/\/+2\/\/\/bwp\/YhQAAAAF0Uk5TAEDm2GYAAAAJcEhZcwAAEnQAABJ0Ad5mH3gAAAAZdEVYdFNvZnR3YXJlAE1pY3Jvc29mdCBPZmZpY2V\/7TVxAAAAO0lEQVQoU2NgoALgaxQMgBnDLShygIGv5QDCWBBniAtwi\/M1TbhmxQD2BwhjCMC9i9236AFEhUDHMAIAcvIypU6fLEcAAAAASUVORK5CYII=\">&nbsp;die im Umfeld der lernenden Person einen Bildungserfolg gef\u00e4hrden k\u00f6nnten\u00bb, sollten durch individuelle und zielf\u00fchrende Massnahmen entkr\u00e4ftet werden. Statt den Fokus auf Schw\u00e4chen und Defizite zu richten, f\u00f6rdert und fokussiert eine fachkundige individuelle Begleitung die St\u00e4rken der Lernenden. Dazu geh\u00f6rt auch die Aktivierung von Eigeninitiative und Lernbereitschaft sowie das Erproben und Etablieren verschiedener Lerntechniken. Ziel der fachkundigen individuellen Begleitung ist die Mitgestaltung positiver Lernerfahrungen, so dass Misserfolge und Lehrabbr\u00fcche reduziert und Schulen entlastet werden.<\/p>\n\n\n\n<figure class=\"wp-block-image size-large\"><img loading=\"lazy\" decoding=\"async\" width=\"1024\" height=\"683\" src=\"https:\/\/blog.phzh.ch\/zhe\/files\/2025\/10\/bild_blogbeitrag_mandy_november_2025-1024x683.jpeg\" alt=\"\" class=\"wp-image-6401\" srcset=\"https:\/\/blog.phzh.ch\/zhe\/files\/2025\/10\/bild_blogbeitrag_mandy_november_2025-1024x683.jpeg 1024w, https:\/\/blog.phzh.ch\/zhe\/files\/2025\/10\/bild_blogbeitrag_mandy_november_2025-300x200.jpeg 300w, https:\/\/blog.phzh.ch\/zhe\/files\/2025\/10\/bild_blogbeitrag_mandy_november_2025-768x512.jpeg 768w, https:\/\/blog.phzh.ch\/zhe\/files\/2025\/10\/bild_blogbeitrag_mandy_november_2025-1536x1024.jpeg 1536w, https:\/\/blog.phzh.ch\/zhe\/files\/2025\/10\/bild_blogbeitrag_mandy_november_2025-2048x1365.jpeg 2048w\" sizes=\"auto, (max-width: 1024px) 100vw, 1024px\" \/><figcaption class=\"wp-element-caption\">Individuelle Begleitungen regen durch Impulse den Denk- und Ver\u00e4nderungsprozess bei den Jugendlichen an. (Bildquelle: Adobe Stock)<\/figcaption><\/figure>\n\n\n\n<h2 class=\"wp-block-heading\">Variantenreiches Arbeitsfeld<\/h2>\n\n\n\n<p>Die genannten Ziele machen deutlich, dass fachkundige individuelle Begleitungen \u00fcber ein Handlungsrepertoire verf\u00fcgen m\u00fcssen, das sich deutlich von dem als Lehrperson resp. als ausbildungsverantwortliche Person unterscheidet. F\u00fcr ihre Arbeit stehen den individuellen Begleitungen unterschiedliche zeitliche, personelle und r\u00e4umliche Ressourcen zur Verf\u00fcgung. Da es daf\u00fcr keine einheitliche Regelung gibt, variieren die Eins\u00e4tze von individuellen Begleitungen von Schule zu Schule, die sich grob in vier Kategorien einteilen lassen: es findet regelm\u00e4ssig eine offene Sprechstunde f\u00fcr alle Lernenden der Schule statt, im Rahmen des Stundenplans ist eine Stunde im Klassenverband f\u00fcr die individuelle Begleitung reserviert, individuelle Begleitungen werden auf Anfrage bestimmten Klassen oder Lernenden zugewiesen oder es werden externe individuelle Begleitungen an die Schule geholt. Folglich muss eine fachkundige individuelle Begleitung angesichts genannter Umst\u00e4nde, Ziele und Herausforderungen eine hohe Handlungskompetenz ausbilden, um ihrer Aufgabe und den daran gekoppelten Anforderungen gerecht zu werden.<\/p>\n\n\n\n<h2 class=\"wp-block-heading\">Essenzen einer besonderen Qualifikation<\/h2>\n\n\n\n<p>Ein wichtiger Faktor daf\u00fcr ist ein hoher Grad an Selbstreflexion einerseits und ein stetes Einholen von Feedback andererseits. Beide Formen verfolgen den Nutzen, dar\u00fcber die Anschlussf\u00e4higkeit an die Lernenden und die Wirksamkeit f\u00fcr die Lernenden im Hinblick auf die vereinbarten Ziele zu ermitteln. Individuelle Begleitungen gestalten dar\u00fcber den Rahmen f\u00fcr einen Entwicklungsprozess, bei dem sich Lernende gem\u00e4ss ihrer St\u00e4rken, Ressourcen und L\u00f6sungsm\u00f6glichkeiten als wirksam, handlungsf\u00e4hig und entscheidend erleben. Individuelle Begleitungen geben also keine Ver\u00e4nderungswege vor, sondern regen durch unterschiedliche Impulse prim\u00e4r den Denk- und Ver\u00e4nderungsprozess dazu bei den Lernenden an. Eine fundierte Weiterbildung zur fachkundigen individuellen Begleitung umfasst folglich relevante Essenzen aus dem systemischen Coaching und Lerncoaching, der angewandten positiven Psychologie, der Neuen Autorit\u00e4t und den entsprechenden Kommunikationen, um dar\u00fcber tragf\u00e4hige Beziehungen zu gestalten. Fachkundige individuelle Begleitung zeichnet aus, eine sorgf\u00e4ltige p\u00e4dagogische Diagnostik vorzunehmen, beim Verdacht auf psychische St\u00f6rungen versiert zu agieren, mit den Lernenden auf ihre St\u00e4rken zu schauen, Ressourcen zu aktivieren, Gutes und Gelingendes in den Fokus zu r\u00fccken. Es ist erwiesen, dass mit der St\u00e4rkung des Vorhandenen die Defizite \u00fcberwunden werden k\u00f6nnen. Durch die Arbeit der individuellen Begleitungen erleben sich Lernende selbstwirksam, eingebunden und kompetent \u2013 und das manchmal erstmalig in ihrer Schullaufbahn.<\/p>\n\n\n\n<h2 class=\"wp-block-heading\">CAS Fachkundige individuelle Begleitung<\/h2>\n\n\n\n<p>Mit der Etablierung der fachkundigen individuellen Begleitung zur Unterst\u00fctzung von Lernenden haben P\u00e4dagogische Hochschulen in der Schweiz die Aufgabe gefasst, entsprechende Weiterbildungsm\u00f6glichkeiten anzubieten. Die PH Z\u00fcrich hat ihr Angebot bisher zwei gr\u00f6sseren Revisionen unterzogen, um die Inhalte zu aktualisieren und die jeweiligen Bed\u00fcrfnisse und Bedarfe aufzunehmen. Ab dem Herbst 2026 wird das Zentrum Berufs- und Erwachsenenbildung den bisherigen, zwei Jahre umfassende CAS Coaching und Lernen mit Jugendlichen ersetzen. Neu ist die Anpassung an die g\u00e4ngige Weiterbildungsdauer von etwa 10 Monaten. Neu ist ebenso, dass durch explizite Reflexionsaufgaben und Vertiefungen sowie durch eine modul\u00fcbergreifende Arbeit die jeweiligen Inhalte st\u00e4rker miteinander verzahnt und reflektierend in den eigenen Entwicklungsprozess zur individuellen Begleitung einbezogen werden. Neu ist, dass zu den bew\u00e4hrten Inhalten die Aspekte von St\u00e4rkenorientierung, Gruppen- und Lerncoaching, Lernbegleitung und souver\u00e4nes Handeln durch organisationales Verst\u00e4ndnis aufgenommen worden sind. Neu ist auch, dass sich das CAS mit dem Titel \u00ab<a href=\"https:\/\/phzh.ch\/weiterbildung\/weiterbildung-fuer-berufsfachschulen\/angebote\/lehrgaenge\/#phzh-anchor-target-3\">Fachkundige individuelle Begleitung (FiB\/ZiB) \u2013 Lernende in Schule und Beruf st\u00e4rken<\/a>\u00bb nicht mehr nur an Berufsschullehrpersonen, sondern an alle Verantwortlichen in der beruflichen Bildung wendet.<\/p>\n\n\n<pre class=\"wp-block-preformatted\">INFOBOX<strong><br \/><br \/><\/strong>Bei allen Fragen oder Anliegen rund um die Weiterbildung zur fachkundigen individuellen Begleitung wenden Sie sich gerne direkt an Mandy Gn\u00e4gi, <a href=\"mailto:mandy.gnaegi@phzh.ch\">mandy.gnaegi@phzh.ch<\/a> oder +41 43 305 51 08.<br \/><br \/><strong>Lehrgang<\/strong><br \/><br \/><a href=\"https:\/\/phzh.ch\/weiterbildung\/weiterbildung-fuer-berufsfachschulen\/angebote\/lehrgaenge\/#phzh-anchor-target-3\" target=\"_blank\" rel=\"noopener\">Alle Informationen zum CAS Fachkundige individuelle Begleitung (FiB\/ZiB)<\/a><br \/><br \/><strong>Weitere Informationen zum Thema<br \/><\/strong><br \/><a href=\"https:\/\/blog.phzh.ch\/zhe\/coaching-in-der-berufs-und-erwachsenenbildung\/\" target=\"_blank\" rel=\"noopener\">\u00abCoaching in der Berufs- und Erwachsenenbildung\u00bb<\/a> \u2013 Blogbeitrag von Mandy Gn\u00e4gi im Lifelong Learning Blog (22. April 2025)<br \/><br \/><strong>Literatur<\/strong><br \/><br \/>- <a href=\"https:\/\/www.hep-verlag.de\/sites\/999193.buchhandelsweb2.de\/files\/preview\/lernenistmeinesache.pdf\" target=\"_blank\" rel=\"noopener\">Bach, D. (2017): Reden kann auch Gold sein \u2013 Coaching von Berufslernenden<\/a><br \/>- <a href=\"https:\/\/www.carl-auer.de\/ich-schaffs-cool-ans-ziel\" target=\"_blank\" rel=\"noopener\">Bauer, Ch., Hegemann, T. (2010): Ich schaffs! \u2013 Cool ans Ziel. Das l\u00f6sungsorientierte Programm f\u00fcr die Arbeit mit Jugendlichen<\/a><br \/>- <a href=\"https:\/\/www.hep-verlag.ch\/fachkundige-individuelle-begleitung\" target=\"_blank\" rel=\"noopener\">Fischer, S. (2024): Fachkundige individuelle Begleitung. Gelingensfaktoren in der beruflichen Grundbildung<\/a><br \/>- <a href=\"https:\/\/www.hep-verlag.ch\/fib-e-book\" target=\"_blank\" rel=\"noopener\">Wolfensberger, R. (2018): FiB-Handbuch. Individuelle Begleitung in der zweij\u00e4hrigen Grundbildung<\/a><br \/><br \/><strong>Netzwerk<\/strong><br \/><br \/><a href=\"https:\/\/dlh.zh.ch\/home\/aktuell\/1013-neue-cop-fib\" target=\"_blank\" rel=\"noopener\">CoP \u2013 FiB-EBA<\/a>, verantwortet durch Nadine Vetterl, <a href=\"mailto:nadine.vetterl@dlh.zh.ch\">nadine.vetterl@dlh.zh.ch<\/a><\/pre>\n\n\n<h2 class=\"wp-block-heading\">Zur Autorin<\/h2>\n\n\n\n<div class=\"wp-block-media-text is-stacked-on-mobile\" style=\"grid-template-columns:23% auto\"><figure class=\"wp-block-media-text__media\"><img loading=\"lazy\" decoding=\"async\" width=\"731\" height=\"1024\" src=\"https:\/\/blog.phzh.ch\/zhe\/files\/2025\/04\/profilbild_mandy_gnaegy-731x1024.jpg\" alt=\"\" class=\"wp-image-6311 size-full\" srcset=\"https:\/\/blog.phzh.ch\/zhe\/files\/2025\/04\/profilbild_mandy_gnaegy-731x1024.jpg 731w, https:\/\/blog.phzh.ch\/zhe\/files\/2025\/04\/profilbild_mandy_gnaegy-214x300.jpg 214w, https:\/\/blog.phzh.ch\/zhe\/files\/2025\/04\/profilbild_mandy_gnaegy-768x1075.jpg 768w, https:\/\/blog.phzh.ch\/zhe\/files\/2025\/04\/profilbild_mandy_gnaegy.jpg 800w\" sizes=\"auto, (max-width: 731px) 100vw, 731px\" \/><\/figure><div class=\"wp-block-media-text__content\">\n<p><a href=\"https:\/\/phzh.ch\/ueber-die-phzh\/organisation\/personen\/mitarbeitendenportraet\/?username=mandy.gnaegi\" target=\"_blank\" rel=\"noreferrer noopener\">Mandy Gn\u00e4gi<\/a> ist Beraterin und Dozentin im <a href=\"https:\/\/phzh.ch\/ueber-die-phzh\/organisation\/prorektorat-weiterbildung-und-dienstleistungen\/abteilung-hochschuldidaktik-und-erwachsenenbildung\/zentrum-berufs-und-erwachsenenbildung\/\" target=\"_blank\" rel=\"noreferrer noopener\">Zentrum Berufs- und Erwachsenenbildung<\/a> an der <a href=\"http:\/\/phzh.ch\" target=\"_blank\" rel=\"noreferrer noopener\">PH Z\u00fcrich<\/a>.<\/p>\n<\/div><\/div>\n","protected":false},"excerpt":{"rendered":"<p>Text von Mandy Gn\u00e4gi Der Schritt in die Arbeitswelt ist f\u00fcr Lernende ein grosser. Im Gegensatz zum vertrauten Rhythmus des Schul- und Lernalltags findet die berufliche Grundbildung an drei verschiedenen Lernorten statt: im Betrieb, in \u00fcberbetrieblichen Kursen und in der Berufsfachschule. Diesen Wechsel beschreiben Lernende als einschneidend, zumal sie sich in einer Lebensphase des Umbruchs &hellip; <a href=\"https:\/\/blog.phzh.ch\/zhe\/von-der-schule-in-die-berufliche-grundbildung\/\" class=\"more-link\"><span class=\"screen-reader-text\">Von der Schule in die berufliche Grundbildung<\/span> weiterlesen<\/a><\/p>\n","protected":false},"author":1410,"featured_media":0,"comment_status":"open","ping_status":"closed","sticky":false,"template":"","format":"standard","meta":{"sfsi_plus_gutenberg_text_before_share":"","sfsi_plus_gutenberg_show_text_before_share":"","sfsi_plus_gutenberg_icon_type":"","sfsi_plus_gutenberg_icon_alignemt":"","sfsi_plus_gutenburg_max_per_row":"","footnotes":""},"categories":[107559,67568,81477],"tags":[82819,110319,82885,4181],"class_list":["post-6400","post","type-post","status-publish","format-standard","hentry","category-hoehere-berufsbildung","category-methoden","category-weiterbildung-berufsschulen","tag-berufsfachschulen","tag-coaching","tag-kompetenzentwicklung","tag-weiterbildung"],"yoast_head":"<!-- This site is optimized with the Yoast SEO plugin v26.8 - https:\/\/yoast.com\/product\/yoast-seo-wordpress\/ -->\n<title>Von der Schule in die berufliche Grundbildung - Lifelong Learning Blog<\/title>\n<meta name=\"description\" content=\"In ihrem Blogbeitrag beleuchtet Mandy Gn\u00e4gi die Bedeutung der fachkundigen individuellen Begleitung (FiB) f\u00fcr Lernende in der beruflichen Grundbildung.\" \/>\n<meta name=\"robots\" content=\"index, follow, max-snippet:-1, max-image-preview:large, max-video-preview:-1\" \/>\n<link rel=\"canonical\" href=\"https:\/\/blog.phzh.ch\/zhe\/von-der-schule-in-die-berufliche-grundbildung\/\" \/>\n<meta property=\"og:locale\" content=\"de_DE\" \/>\n<meta property=\"og:type\" content=\"article\" \/>\n<meta property=\"og:title\" content=\"Von der Schule in die berufliche Grundbildung - Lifelong Learning Blog\" \/>\n<meta property=\"og:description\" content=\"In ihrem Blogbeitrag beleuchtet Mandy Gn\u00e4gi die Bedeutung der fachkundigen individuellen Begleitung (FiB) f\u00fcr Lernende in der beruflichen Grundbildung.\" \/>\n<meta property=\"og:url\" content=\"https:\/\/blog.phzh.ch\/zhe\/von-der-schule-in-die-berufliche-grundbildung\/\" \/>\n<meta property=\"og:site_name\" content=\"Lifelong Learning Blog\" \/>\n<meta property=\"article:publisher\" content=\"https:\/\/www.facebook.com\/hochschuldidaktik\/\" \/>\n<meta property=\"article:published_time\" content=\"2025-11-11T05:00:00+00:00\" \/>\n<meta property=\"og:image\" content=\"https:\/\/blog.phzh.ch\/zhe\/files\/2025\/10\/bild_blogbeitrag_mandy_november_2025-scaled.jpeg\" \/>\n\t<meta property=\"og:image:width\" content=\"2560\" \/>\n\t<meta property=\"og:image:height\" content=\"1707\" \/>\n\t<meta property=\"og:image:type\" content=\"image\/jpeg\" \/>\n<meta name=\"author\" content=\"Kay Janina Hefti\" \/>\n<meta name=\"twitter:card\" content=\"summary_large_image\" \/>\n<meta name=\"twitter:creator\" content=\"@zhe_phzuerich\" \/>\n<meta name=\"twitter:site\" content=\"@zhe_phzuerich\" \/>\n<meta name=\"twitter:label1\" content=\"Verfasst von\" \/>\n\t<meta name=\"twitter:data1\" content=\"Kay Janina Hefti\" \/>\n\t<meta name=\"twitter:label2\" content=\"Gesch\u00e4tzte Lesezeit\" \/>\n\t<meta name=\"twitter:data2\" content=\"6\u00a0Minuten\" \/>\n<script type=\"application\/ld+json\" class=\"yoast-schema-graph\">{\"@context\":\"https:\/\/schema.org\",\"@graph\":[{\"@type\":\"Article\",\"@id\":\"https:\/\/blog.phzh.ch\/zhe\/von-der-schule-in-die-berufliche-grundbildung\/#article\",\"isPartOf\":{\"@id\":\"https:\/\/blog.phzh.ch\/zhe\/von-der-schule-in-die-berufliche-grundbildung\/\"},\"author\":{\"name\":\"Kay Janina Hefti\",\"@id\":\"https:\/\/blog.phzh.ch\/zhe\/#\/schema\/person\/5fa43831c0f6c5acac5b5e7c6a5c8b8b\"},\"headline\":\"Von der Schule in die berufliche Grundbildung\",\"datePublished\":\"2025-11-11T05:00:00+00:00\",\"mainEntityOfPage\":{\"@id\":\"https:\/\/blog.phzh.ch\/zhe\/von-der-schule-in-die-berufliche-grundbildung\/\"},\"wordCount\":893,\"commentCount\":0,\"image\":{\"@id\":\"https:\/\/blog.phzh.ch\/zhe\/von-der-schule-in-die-berufliche-grundbildung\/#primaryimage\"},\"thumbnailUrl\":\"https:\/\/blog.phzh.ch\/zhe\/files\/2025\/10\/bild_blogbeitrag_mandy_november_2025-1024x683.jpeg\",\"keywords\":[\"Berufsfachschulen\",\"Coaching\",\"Kompetenzentwicklung\",\"Weiterbildung\"],\"articleSection\":[\"H\u00f6here Berufsbildung\",\"Methoden\",\"Weiterbildung Berufsschulen\"],\"inLanguage\":\"de\",\"potentialAction\":[{\"@type\":\"CommentAction\",\"name\":\"Comment\",\"target\":[\"https:\/\/blog.phzh.ch\/zhe\/von-der-schule-in-die-berufliche-grundbildung\/#respond\"]}]},{\"@type\":\"WebPage\",\"@id\":\"https:\/\/blog.phzh.ch\/zhe\/von-der-schule-in-die-berufliche-grundbildung\/\",\"url\":\"https:\/\/blog.phzh.ch\/zhe\/von-der-schule-in-die-berufliche-grundbildung\/\",\"name\":\"Von der Schule in die berufliche Grundbildung - Lifelong Learning Blog\",\"isPartOf\":{\"@id\":\"https:\/\/blog.phzh.ch\/zhe\/#website\"},\"primaryImageOfPage\":{\"@id\":\"https:\/\/blog.phzh.ch\/zhe\/von-der-schule-in-die-berufliche-grundbildung\/#primaryimage\"},\"image\":{\"@id\":\"https:\/\/blog.phzh.ch\/zhe\/von-der-schule-in-die-berufliche-grundbildung\/#primaryimage\"},\"thumbnailUrl\":\"https:\/\/blog.phzh.ch\/zhe\/files\/2025\/10\/bild_blogbeitrag_mandy_november_2025-1024x683.jpeg\",\"datePublished\":\"2025-11-11T05:00:00+00:00\",\"author\":{\"@id\":\"https:\/\/blog.phzh.ch\/zhe\/#\/schema\/person\/5fa43831c0f6c5acac5b5e7c6a5c8b8b\"},\"description\":\"In ihrem Blogbeitrag beleuchtet Mandy Gn\u00e4gi die Bedeutung der fachkundigen individuellen Begleitung (FiB) f\u00fcr Lernende in der beruflichen Grundbildung.\",\"breadcrumb\":{\"@id\":\"https:\/\/blog.phzh.ch\/zhe\/von-der-schule-in-die-berufliche-grundbildung\/#breadcrumb\"},\"inLanguage\":\"de\",\"potentialAction\":[{\"@type\":\"ReadAction\",\"target\":[\"https:\/\/blog.phzh.ch\/zhe\/von-der-schule-in-die-berufliche-grundbildung\/\"]}]},{\"@type\":\"ImageObject\",\"inLanguage\":\"de\",\"@id\":\"https:\/\/blog.phzh.ch\/zhe\/von-der-schule-in-die-berufliche-grundbildung\/#primaryimage\",\"url\":\"https:\/\/blog.phzh.ch\/zhe\/files\/2025\/10\/bild_blogbeitrag_mandy_november_2025-scaled.jpeg\",\"contentUrl\":\"https:\/\/blog.phzh.ch\/zhe\/files\/2025\/10\/bild_blogbeitrag_mandy_november_2025-scaled.jpeg\",\"width\":2560,\"height\":1707},{\"@type\":\"BreadcrumbList\",\"@id\":\"https:\/\/blog.phzh.ch\/zhe\/von-der-schule-in-die-berufliche-grundbildung\/#breadcrumb\",\"itemListElement\":[{\"@type\":\"ListItem\",\"position\":1,\"name\":\"Startseite\",\"item\":\"https:\/\/blog.phzh.ch\/zhe\/\"},{\"@type\":\"ListItem\",\"position\":2,\"name\":\"Von der Schule in die berufliche Grundbildung\"}]},{\"@type\":\"WebSite\",\"@id\":\"https:\/\/blog.phzh.ch\/zhe\/#website\",\"url\":\"https:\/\/blog.phzh.ch\/zhe\/\",\"name\":\"Lifelong Learning Blog\",\"description\":\"Anregungen f\u00fcr Lehrende an Hochschulen und in der Berufsbildung\",\"potentialAction\":[{\"@type\":\"SearchAction\",\"target\":{\"@type\":\"EntryPoint\",\"urlTemplate\":\"https:\/\/blog.phzh.ch\/zhe\/?s={search_term_string}\"},\"query-input\":{\"@type\":\"PropertyValueSpecification\",\"valueRequired\":true,\"valueName\":\"search_term_string\"}}],\"inLanguage\":\"de\"},{\"@type\":\"Person\",\"@id\":\"https:\/\/blog.phzh.ch\/zhe\/#\/schema\/person\/5fa43831c0f6c5acac5b5e7c6a5c8b8b\",\"name\":\"Kay Janina Hefti\",\"image\":{\"@type\":\"ImageObject\",\"inLanguage\":\"de\",\"@id\":\"https:\/\/blog.phzh.ch\/zhe\/#\/schema\/person\/image\/\",\"url\":\"https:\/\/secure.gravatar.com\/avatar\/ded3e16ba7de8db2188b3d38701b01cb?s=96&d=mm&r=g\",\"contentUrl\":\"https:\/\/secure.gravatar.com\/avatar\/ded3e16ba7de8db2188b3d38701b01cb?s=96&d=mm&r=g\",\"caption\":\"Kay Janina Hefti\"},\"url\":\"https:\/\/blog.phzh.ch\/zhe\/author\/kayjanina-heftiphzh-ch\/\"}]}<\/script>\n<!-- \/ Yoast SEO plugin. -->","yoast_head_json":{"title":"Von der Schule in die berufliche Grundbildung - Lifelong Learning Blog","description":"In ihrem Blogbeitrag beleuchtet Mandy Gn\u00e4gi die Bedeutung der fachkundigen individuellen Begleitung (FiB) f\u00fcr Lernende in der beruflichen Grundbildung.","robots":{"index":"index","follow":"follow","max-snippet":"max-snippet:-1","max-image-preview":"max-image-preview:large","max-video-preview":"max-video-preview:-1"},"canonical":"https:\/\/blog.phzh.ch\/zhe\/von-der-schule-in-die-berufliche-grundbildung\/","og_locale":"de_DE","og_type":"article","og_title":"Von der Schule in die berufliche Grundbildung - Lifelong Learning Blog","og_description":"In ihrem Blogbeitrag beleuchtet Mandy Gn\u00e4gi die Bedeutung der fachkundigen individuellen Begleitung (FiB) f\u00fcr Lernende in der beruflichen Grundbildung.","og_url":"https:\/\/blog.phzh.ch\/zhe\/von-der-schule-in-die-berufliche-grundbildung\/","og_site_name":"Lifelong Learning Blog","article_publisher":"https:\/\/www.facebook.com\/hochschuldidaktik\/","article_published_time":"2025-11-11T05:00:00+00:00","og_image":[{"width":2560,"height":1707,"url":"https:\/\/blog.phzh.ch\/zhe\/files\/2025\/10\/bild_blogbeitrag_mandy_november_2025-scaled.jpeg","type":"image\/jpeg"}],"author":"Kay Janina Hefti","twitter_card":"summary_large_image","twitter_creator":"@zhe_phzuerich","twitter_site":"@zhe_phzuerich","twitter_misc":{"Verfasst von":"Kay Janina Hefti","Gesch\u00e4tzte Lesezeit":"6\u00a0Minuten"},"schema":{"@context":"https:\/\/schema.org","@graph":[{"@type":"Article","@id":"https:\/\/blog.phzh.ch\/zhe\/von-der-schule-in-die-berufliche-grundbildung\/#article","isPartOf":{"@id":"https:\/\/blog.phzh.ch\/zhe\/von-der-schule-in-die-berufliche-grundbildung\/"},"author":{"name":"Kay Janina Hefti","@id":"https:\/\/blog.phzh.ch\/zhe\/#\/schema\/person\/5fa43831c0f6c5acac5b5e7c6a5c8b8b"},"headline":"Von der Schule in die berufliche Grundbildung","datePublished":"2025-11-11T05:00:00+00:00","mainEntityOfPage":{"@id":"https:\/\/blog.phzh.ch\/zhe\/von-der-schule-in-die-berufliche-grundbildung\/"},"wordCount":893,"commentCount":0,"image":{"@id":"https:\/\/blog.phzh.ch\/zhe\/von-der-schule-in-die-berufliche-grundbildung\/#primaryimage"},"thumbnailUrl":"https:\/\/blog.phzh.ch\/zhe\/files\/2025\/10\/bild_blogbeitrag_mandy_november_2025-1024x683.jpeg","keywords":["Berufsfachschulen","Coaching","Kompetenzentwicklung","Weiterbildung"],"articleSection":["H\u00f6here Berufsbildung","Methoden","Weiterbildung Berufsschulen"],"inLanguage":"de","potentialAction":[{"@type":"CommentAction","name":"Comment","target":["https:\/\/blog.phzh.ch\/zhe\/von-der-schule-in-die-berufliche-grundbildung\/#respond"]}]},{"@type":"WebPage","@id":"https:\/\/blog.phzh.ch\/zhe\/von-der-schule-in-die-berufliche-grundbildung\/","url":"https:\/\/blog.phzh.ch\/zhe\/von-der-schule-in-die-berufliche-grundbildung\/","name":"Von der Schule in die berufliche Grundbildung - Lifelong Learning Blog","isPartOf":{"@id":"https:\/\/blog.phzh.ch\/zhe\/#website"},"primaryImageOfPage":{"@id":"https:\/\/blog.phzh.ch\/zhe\/von-der-schule-in-die-berufliche-grundbildung\/#primaryimage"},"image":{"@id":"https:\/\/blog.phzh.ch\/zhe\/von-der-schule-in-die-berufliche-grundbildung\/#primaryimage"},"thumbnailUrl":"https:\/\/blog.phzh.ch\/zhe\/files\/2025\/10\/bild_blogbeitrag_mandy_november_2025-1024x683.jpeg","datePublished":"2025-11-11T05:00:00+00:00","author":{"@id":"https:\/\/blog.phzh.ch\/zhe\/#\/schema\/person\/5fa43831c0f6c5acac5b5e7c6a5c8b8b"},"description":"In ihrem Blogbeitrag beleuchtet Mandy Gn\u00e4gi die Bedeutung der fachkundigen individuellen Begleitung (FiB) f\u00fcr Lernende in der beruflichen Grundbildung.","breadcrumb":{"@id":"https:\/\/blog.phzh.ch\/zhe\/von-der-schule-in-die-berufliche-grundbildung\/#breadcrumb"},"inLanguage":"de","potentialAction":[{"@type":"ReadAction","target":["https:\/\/blog.phzh.ch\/zhe\/von-der-schule-in-die-berufliche-grundbildung\/"]}]},{"@type":"ImageObject","inLanguage":"de","@id":"https:\/\/blog.phzh.ch\/zhe\/von-der-schule-in-die-berufliche-grundbildung\/#primaryimage","url":"https:\/\/blog.phzh.ch\/zhe\/files\/2025\/10\/bild_blogbeitrag_mandy_november_2025-scaled.jpeg","contentUrl":"https:\/\/blog.phzh.ch\/zhe\/files\/2025\/10\/bild_blogbeitrag_mandy_november_2025-scaled.jpeg","width":2560,"height":1707},{"@type":"BreadcrumbList","@id":"https:\/\/blog.phzh.ch\/zhe\/von-der-schule-in-die-berufliche-grundbildung\/#breadcrumb","itemListElement":[{"@type":"ListItem","position":1,"name":"Startseite","item":"https:\/\/blog.phzh.ch\/zhe\/"},{"@type":"ListItem","position":2,"name":"Von der Schule in die berufliche Grundbildung"}]},{"@type":"WebSite","@id":"https:\/\/blog.phzh.ch\/zhe\/#website","url":"https:\/\/blog.phzh.ch\/zhe\/","name":"Lifelong Learning Blog","description":"Anregungen f\u00fcr Lehrende an Hochschulen und in der Berufsbildung","potentialAction":[{"@type":"SearchAction","target":{"@type":"EntryPoint","urlTemplate":"https:\/\/blog.phzh.ch\/zhe\/?s={search_term_string}"},"query-input":{"@type":"PropertyValueSpecification","valueRequired":true,"valueName":"search_term_string"}}],"inLanguage":"de"},{"@type":"Person","@id":"https:\/\/blog.phzh.ch\/zhe\/#\/schema\/person\/5fa43831c0f6c5acac5b5e7c6a5c8b8b","name":"Kay Janina Hefti","image":{"@type":"ImageObject","inLanguage":"de","@id":"https:\/\/blog.phzh.ch\/zhe\/#\/schema\/person\/image\/","url":"https:\/\/secure.gravatar.com\/avatar\/ded3e16ba7de8db2188b3d38701b01cb?s=96&d=mm&r=g","contentUrl":"https:\/\/secure.gravatar.com\/avatar\/ded3e16ba7de8db2188b3d38701b01cb?s=96&d=mm&r=g","caption":"Kay Janina Hefti"},"url":"https:\/\/blog.phzh.ch\/zhe\/author\/kayjanina-heftiphzh-ch\/"}]}},"_links":{"self":[{"href":"https:\/\/blog.phzh.ch\/zhe\/wp-json\/wp\/v2\/posts\/6400","targetHints":{"allow":["GET"]}}],"collection":[{"href":"https:\/\/blog.phzh.ch\/zhe\/wp-json\/wp\/v2\/posts"}],"about":[{"href":"https:\/\/blog.phzh.ch\/zhe\/wp-json\/wp\/v2\/types\/post"}],"author":[{"embeddable":true,"href":"https:\/\/blog.phzh.ch\/zhe\/wp-json\/wp\/v2\/users\/1410"}],"replies":[{"embeddable":true,"href":"https:\/\/blog.phzh.ch\/zhe\/wp-json\/wp\/v2\/comments?post=6400"}],"version-history":[{"count":3,"href":"https:\/\/blog.phzh.ch\/zhe\/wp-json\/wp\/v2\/posts\/6400\/revisions"}],"predecessor-version":[{"id":6405,"href":"https:\/\/blog.phzh.ch\/zhe\/wp-json\/wp\/v2\/posts\/6400\/revisions\/6405"}],"wp:attachment":[{"href":"https:\/\/blog.phzh.ch\/zhe\/wp-json\/wp\/v2\/media?parent=6400"}],"wp:term":[{"taxonomy":"category","embeddable":true,"href":"https:\/\/blog.phzh.ch\/zhe\/wp-json\/wp\/v2\/categories?post=6400"},{"taxonomy":"post_tag","embeddable":true,"href":"https:\/\/blog.phzh.ch\/zhe\/wp-json\/wp\/v2\/tags?post=6400"}],"curies":[{"name":"wp","href":"https:\/\/api.w.org\/{rel}","templated":true}]}}