{"id":6320,"date":"2025-05-13T07:00:00","date_gmt":"2025-05-13T05:00:00","guid":{"rendered":"https:\/\/blog.phzh.ch\/zhe\/?p=6320"},"modified":"2025-05-13T12:47:03","modified_gmt":"2025-05-13T10:47:03","slug":"sprachfoerderung-an-berufsfachschulen-bitte-einmal-austauschen","status":"publish","type":"post","link":"https:\/\/blog.phzh.ch\/zhe\/sprachfoerderung-an-berufsfachschulen-bitte-einmal-austauschen\/","title":{"rendered":"Sprachf\u00f6rderung an Berufsfachschulen \u2013 Bitte einmal austauschen"},"content":{"rendered":"\n<p>Text: <a href=\"https:\/\/phzh.ch\/ueber-die-phzh\/organisation\/personen\/mitarbeitendenportraet\/?username=sandra.buchmann\" target=\"_blank\" rel=\"noreferrer noopener\">Sandra Buchmann<\/a><\/p>\n\n\n\n<p>Wer glaubt, an der Berufsfachschule findet keine Sprachf\u00f6rderung statt, der irrt.<br>Wer glaubt, die Berufsfachschulen wissen, wie andere Berufsfachschulen Sprachf\u00f6rderung gestalten, der irrt ebenfalls.<\/p>\n\n\n\n<h2 class=\"wp-block-heading\">Unterschiedliche Schulen, unterschiedliche Projekt-Foki<\/h2>\n\n\n\n<p>Die Tagung Sprachf\u00f6rderung und Mehrsprachigkeit vom 14. M\u00e4rz 2025 gab einen spannenden Einblick in die Sprachf\u00f6rderungswelt der Berufsfachschulen. Verschiedene Berufsfachschulen im und ausserhalb des Kantons Z\u00fcrich f\u00fchren schulintern Sprachf\u00f6rderprojekte durch. Diese haben unterschiedliche Foki: fach\u00fcbergreifende Sprachf\u00f6rderung, sprachsensibler Fachunterricht, leichte Sprache und Sprachstanderhebungen \u2013 um eine Auswahl zu nennen.<\/p>\n\n\n\n<h2 class=\"wp-block-heading\">Vom Wissen anderer (Schulen) erfahren<\/h2>\n\n\n\n<p>Als Tagungsleiterin besass ich den Luxus, in einen der f\u00fcnf praxisorientierten Workshops der Tagung reinzusitzen. Ich w\u00e4hlte einen Workshop, der das Sprachf\u00f6rderprojekt einer Berner Berufsfachschule vorstellte. Da der Hintergrund meiner Workshop-Wahl f\u00fcr den weiteren Verlauf dieses Beitrags wichtig sein k\u00f6nnte, teile ich ihn hier: Ich selbst hatte an einer Z\u00fcrcher Berufsschule ebenfalls ein Sprachf\u00f6rderprojekt geleitet und war deshalb nicht nur als PH-Vertreterin, sondern auch als Vertreterin aus dem Schulfeld am Workshop interessiert.<\/p>\n\n\n\n<h2 class=\"wp-block-heading\">\u00abHab ich gar nicht gewusst\u00bb-Momente<\/h2>\n\n\n\n<p>Der erste \u00abHab ich gar nicht gewusst\u00bb-Moment folgte schnell. Ich erfuhr in besagtem Workshop unter anderem, dass diese Schule das Informationsschreiben f\u00fcr die Lernenden zum Thema BYOD (Bring your own device) in leichter Sprache verfasst und damit positive Erfahrungen gemacht hat. Eine kleine schulinterne Datenerhebung habe gezeigt, so die Workshopleitung, dass diejenigen Lernenden, welche das BYOD-Schreiben in leichter Sprache erhalten hatten, h\u00e4ufiger Ger\u00e4te mit der korrekten Ausstattung mitbrachten als die, die das Standard-Schreiben erhalten hatten.<\/p>\n\n\n\n<h2 class=\"wp-block-heading\">Die BYOD-Krise<\/h2>\n\n\n\n<p>Das ist ein Detail, aber ein Wichtiges! An \u00abmeiner\u00bb Berufsfachschule, an der ich neben meiner T\u00e4tigkeit an der PH Z\u00fcrich unterrichte, war ich als Klassenlehrerin einer Integrationsvorlehre-Klasse von August 2024 bis mindestens Januar 2025 damit besch\u00e4ftigt, herauszufinden, weshalb in einer Woche bei Tomas und in der anderen Woche bei Melina der Computer nicht funktionierte. Das ging so weiter und BYOD wurde abgel\u00f6st von DBYOD (Don\u2019t bring your own device) oder UAD (Use another device).<\/p>\n\n\n\n<h2 class=\"wp-block-heading\">Fazit aus der BYOD-Krise<\/h2>\n\n\n\n<p>H\u00e4tte ich die nette Frau von der Berner Berufsfachschule a) schon fr\u00fcher gekannt und b) ich mich schon fr\u00fcher mit ihr ausgetauscht, w\u00e4re meine BYOD-Krise (und die vieler anderer Lehrpersonen an meiner Schule) eventuell zu verhindern gewesen. Es lohnt sich nicht, weiter zur\u00fcckzublicken. In Zukunft werden an \u00abmeiner\u00bb Schule jedoch die BYOD-Schreiben angepasst und die Anpassung dauert dank Austausch schneller.<\/p>\n\n\n\n<figure class=\"wp-block-image size-large\"><img loading=\"lazy\" decoding=\"async\" width=\"1024\" height=\"683\" src=\"https:\/\/blog.phzh.ch\/zhe\/files\/2025\/04\/PH_Schule_Albisriederplatz_043-1024x683.jpg\" alt=\"\" class=\"wp-image-6322\" srcset=\"https:\/\/blog.phzh.ch\/zhe\/files\/2025\/04\/PH_Schule_Albisriederplatz_043-1024x683.jpg 1024w, https:\/\/blog.phzh.ch\/zhe\/files\/2025\/04\/PH_Schule_Albisriederplatz_043-300x200.jpg 300w, https:\/\/blog.phzh.ch\/zhe\/files\/2025\/04\/PH_Schule_Albisriederplatz_043-768x512.jpg 768w, https:\/\/blog.phzh.ch\/zhe\/files\/2025\/04\/PH_Schule_Albisriederplatz_043-1536x1024.jpg 1536w, https:\/\/blog.phzh.ch\/zhe\/files\/2025\/04\/PH_Schule_Albisriederplatz_043-2048x1365.jpg 2048w\" sizes=\"auto, (max-width: 1024px) 100vw, 1024px\" \/><figcaption class=\"wp-element-caption\">Mit einem Austausch zwischen Akteur:innen aus Berufsfachschulen kann wertvolles Wissen geteilt werden.<\/figcaption><\/figure>\n\n\n\n<h2 class=\"wp-block-heading\">\u00dcber BYOD hinaus<\/h2>\n\n\n\n<p>Das BYOD-Beispiel steht stellvertretend daf\u00fcr, dass es f\u00fcr verschiedene Akteur:innen in der Berufsbildung gewinnbringend sein kann, sich systematischer und regelm\u00e4ssiger \u00fcber Sprachf\u00f6rderung (konkret) an Berufsfachschulen auszutauschen. Neben den bereits erw\u00e4hnten Akteur:innen wie Projektleitende und Lehrpersonen, sind beispielsweise auch Schulleitungsmitglieder und Vertreter:innen des Mittelschul- und Berufsbildungsamts Z\u00fcrich in den Austausch einzubinden.<\/p>\n\n\n\n<h2 class=\"wp-block-heading\">Wie und wo austauschen?<\/h2>\n\n\n\n<p>Eine M\u00f6glichkeit, den Austausch zur Sprachf\u00f6rderung an Berufsfachschulen zu st\u00e4rken, w\u00e4re eine Erfahrungstagung an der PH Z\u00fcrich. Verschiedene Berufsfachschulen und verschiedene Akteur:innen daraus \u2013 beispielsweise Projektleitende, Lehrpersonen und Schulleitungen \u2013 k\u00f6nnten einmal im Jahr zum Austausch an die PH Z\u00fcrich eingeladen werden.<\/p>\n\n\n\n<p>\u00dcbrigens: Beim Ap\u00e9ro der Tagung Sprachf\u00f6rderung und Mehrsprachigkeit war ein Kollege aus Fribourg irritiert dar\u00fcber, dass mit keinem Wort der bilinguale Unterricht in Deutsch\/Franz\u00f6sisch erw\u00e4hnt wurde.<\/p>\n\n\n\n<p>\u00c7a existe ou quoi?<\/p>\n\n\n<pre class=\"wp-block-preformatted\">INFOBOX<br \/><br \/><strong>LEHRGANG<\/strong><br \/>Im <a href=\"https:\/\/phzh.ch\/weiterbildung\/alle-weiterbildungen\/weiterbildungsanlass\/?anlassId=144677913\" target=\"_blank\" rel=\"noopener\">CAS Sprachprofi<\/a> bauen Sie Strategien auf, um Lernende in den Bereichen Lesen, Schreiben, Sprechen und H\u00f6ren fach\u00fcbergreifend zu f\u00f6rdern.<br \/><br \/><strong>BERATUNG<\/strong><br \/>Wir beraten und begleiten Berufsfachschulen bei der schulinternen Planung und Umsetzung von Sprachf\u00f6rderprojekten. Kontakt: <a href=\"mailto:sandra.buchmann@phzh.ch\">sandra.buchmann@phzh.ch<\/a><br \/><br \/><strong>WEITERE INFORMATIONEN<\/strong><br \/><br \/>Webseite der PH Z\u00fcrich: <a href=\"https:\/\/phzh.ch\/weiterbildung\/weiterbildung-fuer-berufsfachschulen\/sprachfoerderung\/\" target=\"_blank\" rel=\"noopener\">Sprachf\u00f6rderung an Berufsfachschulen<\/a><br \/><br \/>Podcast \u00abResonanzraum Bildung\u00bb der PH Z\u00fcrich zum Thema <a href=\"https:\/\/phzh.ch\/weiterbildung\/resonanzraum-bildung\/podcast-resonanzraum-bildung\/#phzh-anchor-target-0\" target=\"_blank\" rel=\"noopener\">\u00abSprachf\u00f6rderung an Berufsfachschulen\u00bb<\/a><br \/><br \/>Newsartikel auf www.phzh.ch, 8. Mai 2025: <a href=\"https:\/\/phzh.ch\/ueber-die-phzh\/aktuell\/medien-und-publikationen\/news-und-medienmitteilungen\/2025\/mai-2025\/cas-sprachprofi-wird-teil-der-ausbildung-sek-iiberufsbildung\/\" target=\"_blank\" rel=\"noopener\">\u00abCAS Sprachprofi wird Teil der Ausbildung Sek II\/Berufsbildung\u00bb<\/a><\/pre>\n\n\n<h2 class=\"wp-block-heading\">Zur Autorin<\/h2>\n\n\n\n<div class=\"wp-block-media-text is-stacked-on-mobile\" style=\"grid-template-columns:22% auto\"><figure class=\"wp-block-media-text__media\"><img loading=\"lazy\" decoding=\"async\" width=\"731\" height=\"1024\" src=\"https:\/\/blog.phzh.ch\/zhe\/files\/2025\/04\/profilbild_sandra_buchmann-731x1024.jpg\" alt=\"\" class=\"wp-image-6321 size-full\" srcset=\"https:\/\/blog.phzh.ch\/zhe\/files\/2025\/04\/profilbild_sandra_buchmann-731x1024.jpg 731w, https:\/\/blog.phzh.ch\/zhe\/files\/2025\/04\/profilbild_sandra_buchmann-214x300.jpg 214w, https:\/\/blog.phzh.ch\/zhe\/files\/2025\/04\/profilbild_sandra_buchmann-768x1075.jpg 768w, https:\/\/blog.phzh.ch\/zhe\/files\/2025\/04\/profilbild_sandra_buchmann.jpg 800w\" sizes=\"auto, (max-width: 731px) 100vw, 731px\" \/><\/figure><div class=\"wp-block-media-text__content\">\n<p><a href=\"https:\/\/phzh.ch\/ueber-die-phzh\/organisation\/personen\/mitarbeitendenportraet\/?username=sandra.buchmann\" target=\"_blank\" rel=\"noreferrer noopener\">Sandra Buchmann<\/a> ist Dozentin im <a href=\"https:\/\/phzh.ch\/ueber-die-phzh\/organisation\/prorektorat-weiterbildung-und-dienstleistungen\/abteilung-hochschuldidaktik-und-erwachsenenbildung\/zentrum-berufs-und-erwachsenenbildung\/\" target=\"_blank\" rel=\"noreferrer noopener\">Zentrum Berufs- und Erwachsenenbildung<\/a> an der <a href=\"http:\/\/www.phzh.ch\" target=\"_blank\" rel=\"noreferrer noopener\">PH Z\u00fcrich<\/a>. Sie leitet den <a href=\"https:\/\/phzh.ch\/weiterbildung\/alle-weiterbildungen\/weiterbildungsanlass\/?anlassId=144677913\" target=\"_blank\" rel=\"noreferrer noopener\">CAS Sprachprofi<\/a> und ihr Fokus liegt auf <a href=\"https:\/\/phzh.ch\/weiterbildung\/weiterbildung-fuer-berufsfachschulen\/sprachfoerderung\/\" target=\"_blank\" rel=\"noreferrer noopener\">Sprachf\u00f6rderung an Berufsfachschulen<\/a>.<\/p>\n<\/div><\/div>\n","protected":false},"excerpt":{"rendered":"<p>Text: Sandra Buchmann Wer glaubt, an der Berufsfachschule findet keine Sprachf\u00f6rderung statt, der irrt.Wer glaubt, die Berufsfachschulen wissen, wie andere Berufsfachschulen Sprachf\u00f6rderung gestalten, der irrt ebenfalls. Unterschiedliche Schulen, unterschiedliche Projekt-Foki Die Tagung Sprachf\u00f6rderung und Mehrsprachigkeit vom 14. M\u00e4rz 2025 gab einen spannenden Einblick in die Sprachf\u00f6rderungswelt der Berufsfachschulen. Verschiedene Berufsfachschulen im und ausserhalb des Kantons &hellip; <a href=\"https:\/\/blog.phzh.ch\/zhe\/sprachfoerderung-an-berufsfachschulen-bitte-einmal-austauschen\/\" class=\"more-link\"><span class=\"screen-reader-text\">Sprachf\u00f6rderung an Berufsfachschulen \u2013 Bitte einmal austauschen<\/span> weiterlesen<\/a><\/p>\n","protected":false},"author":1410,"featured_media":0,"comment_status":"open","ping_status":"closed","sticky":false,"template":"","format":"standard","meta":{"sfsi_plus_gutenberg_text_before_share":"","sfsi_plus_gutenberg_show_text_before_share":"","sfsi_plus_gutenberg_icon_type":"","sfsi_plus_gutenberg_icon_alignemt":"","sfsi_plus_gutenburg_max_per_row":"","footnotes":""},"categories":[107559,81477],"tags":[82819,82823,82830,4181],"class_list":["post-6320","post","type-post","status-publish","format-standard","hentry","category-hoehere-berufsbildung","category-weiterbildung-berufsschulen","tag-berufsfachschulen","tag-hochschulen","tag-interaktion","tag-weiterbildung"],"yoast_head":"<!-- This site is optimized with the Yoast SEO plugin v26.8 - https:\/\/yoast.com\/product\/yoast-seo-wordpress\/ -->\n<title>Sprachf\u00f6rderung an Berufsfachschulen \u2013 Bitte einmal austauschen - Lifelong Learning Blog<\/title>\n<meta name=\"description\" content=\"Blogautorin Sandra Buchmann schreibt \u00fcber die Wichtigkeit eines Austauschs zwischen Berufsfachschulen in Sachen Sprachf\u00f6rderung.\" \/>\n<meta name=\"robots\" content=\"index, follow, max-snippet:-1, max-image-preview:large, max-video-preview:-1\" \/>\n<link rel=\"canonical\" href=\"https:\/\/blog.phzh.ch\/zhe\/sprachfoerderung-an-berufsfachschulen-bitte-einmal-austauschen\/\" \/>\n<meta property=\"og:locale\" content=\"de_DE\" \/>\n<meta property=\"og:type\" content=\"article\" \/>\n<meta property=\"og:title\" content=\"Sprachf\u00f6rderung an Berufsfachschulen \u2013 Bitte einmal austauschen - Lifelong Learning Blog\" \/>\n<meta property=\"og:description\" content=\"Blogautorin Sandra Buchmann schreibt \u00fcber die Wichtigkeit eines Austauschs zwischen Berufsfachschulen in Sachen Sprachf\u00f6rderung.\" \/>\n<meta property=\"og:url\" content=\"https:\/\/blog.phzh.ch\/zhe\/sprachfoerderung-an-berufsfachschulen-bitte-einmal-austauschen\/\" \/>\n<meta property=\"og:site_name\" content=\"Lifelong Learning Blog\" \/>\n<meta property=\"article:publisher\" content=\"https:\/\/www.facebook.com\/hochschuldidaktik\/\" \/>\n<meta property=\"article:published_time\" content=\"2025-05-13T05:00:00+00:00\" \/>\n<meta property=\"article:modified_time\" content=\"2025-05-13T10:47:03+00:00\" \/>\n<meta property=\"og:image\" content=\"https:\/\/blog.phzh.ch\/zhe\/files\/2025\/04\/PH_Schule_Albisriederplatz_043-scaled.jpg\" \/>\n\t<meta property=\"og:image:width\" content=\"2560\" \/>\n\t<meta property=\"og:image:height\" content=\"1707\" \/>\n\t<meta property=\"og:image:type\" content=\"image\/jpeg\" \/>\n<meta name=\"author\" content=\"Kay Janina Hefti\" \/>\n<meta name=\"twitter:card\" content=\"summary_large_image\" \/>\n<meta name=\"twitter:creator\" content=\"@zhe_phzuerich\" \/>\n<meta name=\"twitter:site\" content=\"@zhe_phzuerich\" \/>\n<meta name=\"twitter:label1\" content=\"Verfasst von\" \/>\n\t<meta name=\"twitter:data1\" content=\"Kay Janina Hefti\" \/>\n\t<meta name=\"twitter:label2\" content=\"Gesch\u00e4tzte Lesezeit\" \/>\n\t<meta name=\"twitter:data2\" content=\"4\u00a0Minuten\" \/>\n<script type=\"application\/ld+json\" class=\"yoast-schema-graph\">{\"@context\":\"https:\/\/schema.org\",\"@graph\":[{\"@type\":\"Article\",\"@id\":\"https:\/\/blog.phzh.ch\/zhe\/sprachfoerderung-an-berufsfachschulen-bitte-einmal-austauschen\/#article\",\"isPartOf\":{\"@id\":\"https:\/\/blog.phzh.ch\/zhe\/sprachfoerderung-an-berufsfachschulen-bitte-einmal-austauschen\/\"},\"author\":{\"name\":\"Kay Janina Hefti\",\"@id\":\"https:\/\/blog.phzh.ch\/zhe\/#\/schema\/person\/5fa43831c0f6c5acac5b5e7c6a5c8b8b\"},\"headline\":\"Sprachf\u00f6rderung an Berufsfachschulen \u2013 Bitte einmal austauschen\",\"datePublished\":\"2025-05-13T05:00:00+00:00\",\"dateModified\":\"2025-05-13T10:47:03+00:00\",\"mainEntityOfPage\":{\"@id\":\"https:\/\/blog.phzh.ch\/zhe\/sprachfoerderung-an-berufsfachschulen-bitte-einmal-austauschen\/\"},\"wordCount\":603,\"commentCount\":0,\"image\":{\"@id\":\"https:\/\/blog.phzh.ch\/zhe\/sprachfoerderung-an-berufsfachschulen-bitte-einmal-austauschen\/#primaryimage\"},\"thumbnailUrl\":\"https:\/\/blog.phzh.ch\/zhe\/files\/2025\/04\/PH_Schule_Albisriederplatz_043-1024x683.jpg\",\"keywords\":[\"Berufsfachschulen\",\"Hochschulen\",\"Interaktion\",\"Weiterbildung\"],\"articleSection\":[\"H\u00f6here Berufsbildung\",\"Weiterbildung Berufsschulen\"],\"inLanguage\":\"de\",\"potentialAction\":[{\"@type\":\"CommentAction\",\"name\":\"Comment\",\"target\":[\"https:\/\/blog.phzh.ch\/zhe\/sprachfoerderung-an-berufsfachschulen-bitte-einmal-austauschen\/#respond\"]}]},{\"@type\":\"WebPage\",\"@id\":\"https:\/\/blog.phzh.ch\/zhe\/sprachfoerderung-an-berufsfachschulen-bitte-einmal-austauschen\/\",\"url\":\"https:\/\/blog.phzh.ch\/zhe\/sprachfoerderung-an-berufsfachschulen-bitte-einmal-austauschen\/\",\"name\":\"Sprachf\u00f6rderung an Berufsfachschulen \u2013 Bitte einmal austauschen - Lifelong Learning Blog\",\"isPartOf\":{\"@id\":\"https:\/\/blog.phzh.ch\/zhe\/#website\"},\"primaryImageOfPage\":{\"@id\":\"https:\/\/blog.phzh.ch\/zhe\/sprachfoerderung-an-berufsfachschulen-bitte-einmal-austauschen\/#primaryimage\"},\"image\":{\"@id\":\"https:\/\/blog.phzh.ch\/zhe\/sprachfoerderung-an-berufsfachschulen-bitte-einmal-austauschen\/#primaryimage\"},\"thumbnailUrl\":\"https:\/\/blog.phzh.ch\/zhe\/files\/2025\/04\/PH_Schule_Albisriederplatz_043-1024x683.jpg\",\"datePublished\":\"2025-05-13T05:00:00+00:00\",\"dateModified\":\"2025-05-13T10:47:03+00:00\",\"author\":{\"@id\":\"https:\/\/blog.phzh.ch\/zhe\/#\/schema\/person\/5fa43831c0f6c5acac5b5e7c6a5c8b8b\"},\"description\":\"Blogautorin Sandra Buchmann schreibt \u00fcber die Wichtigkeit eines Austauschs zwischen Berufsfachschulen in Sachen Sprachf\u00f6rderung.\",\"breadcrumb\":{\"@id\":\"https:\/\/blog.phzh.ch\/zhe\/sprachfoerderung-an-berufsfachschulen-bitte-einmal-austauschen\/#breadcrumb\"},\"inLanguage\":\"de\",\"potentialAction\":[{\"@type\":\"ReadAction\",\"target\":[\"https:\/\/blog.phzh.ch\/zhe\/sprachfoerderung-an-berufsfachschulen-bitte-einmal-austauschen\/\"]}]},{\"@type\":\"ImageObject\",\"inLanguage\":\"de\",\"@id\":\"https:\/\/blog.phzh.ch\/zhe\/sprachfoerderung-an-berufsfachschulen-bitte-einmal-austauschen\/#primaryimage\",\"url\":\"https:\/\/blog.phzh.ch\/zhe\/files\/2025\/04\/PH_Schule_Albisriederplatz_043-scaled.jpg\",\"contentUrl\":\"https:\/\/blog.phzh.ch\/zhe\/files\/2025\/04\/PH_Schule_Albisriederplatz_043-scaled.jpg\",\"width\":2560,\"height\":1707},{\"@type\":\"BreadcrumbList\",\"@id\":\"https:\/\/blog.phzh.ch\/zhe\/sprachfoerderung-an-berufsfachschulen-bitte-einmal-austauschen\/#breadcrumb\",\"itemListElement\":[{\"@type\":\"ListItem\",\"position\":1,\"name\":\"Startseite\",\"item\":\"https:\/\/blog.phzh.ch\/zhe\/\"},{\"@type\":\"ListItem\",\"position\":2,\"name\":\"Sprachf\u00f6rderung an Berufsfachschulen \u2013 Bitte einmal austauschen\"}]},{\"@type\":\"WebSite\",\"@id\":\"https:\/\/blog.phzh.ch\/zhe\/#website\",\"url\":\"https:\/\/blog.phzh.ch\/zhe\/\",\"name\":\"Lifelong Learning Blog\",\"description\":\"Anregungen f\u00fcr Lehrende an Hochschulen und in der Berufsbildung\",\"potentialAction\":[{\"@type\":\"SearchAction\",\"target\":{\"@type\":\"EntryPoint\",\"urlTemplate\":\"https:\/\/blog.phzh.ch\/zhe\/?s={search_term_string}\"},\"query-input\":{\"@type\":\"PropertyValueSpecification\",\"valueRequired\":true,\"valueName\":\"search_term_string\"}}],\"inLanguage\":\"de\"},{\"@type\":\"Person\",\"@id\":\"https:\/\/blog.phzh.ch\/zhe\/#\/schema\/person\/5fa43831c0f6c5acac5b5e7c6a5c8b8b\",\"name\":\"Kay Janina Hefti\",\"image\":{\"@type\":\"ImageObject\",\"inLanguage\":\"de\",\"@id\":\"https:\/\/blog.phzh.ch\/zhe\/#\/schema\/person\/image\/\",\"url\":\"https:\/\/secure.gravatar.com\/avatar\/ded3e16ba7de8db2188b3d38701b01cb?s=96&d=mm&r=g\",\"contentUrl\":\"https:\/\/secure.gravatar.com\/avatar\/ded3e16ba7de8db2188b3d38701b01cb?s=96&d=mm&r=g\",\"caption\":\"Kay Janina Hefti\"},\"url\":\"https:\/\/blog.phzh.ch\/zhe\/author\/kayjanina-heftiphzh-ch\/\"}]}<\/script>\n<!-- \/ Yoast SEO plugin. -->","yoast_head_json":{"title":"Sprachf\u00f6rderung an Berufsfachschulen \u2013 Bitte einmal austauschen - Lifelong Learning Blog","description":"Blogautorin Sandra Buchmann schreibt \u00fcber die Wichtigkeit eines Austauschs zwischen Berufsfachschulen in Sachen Sprachf\u00f6rderung.","robots":{"index":"index","follow":"follow","max-snippet":"max-snippet:-1","max-image-preview":"max-image-preview:large","max-video-preview":"max-video-preview:-1"},"canonical":"https:\/\/blog.phzh.ch\/zhe\/sprachfoerderung-an-berufsfachschulen-bitte-einmal-austauschen\/","og_locale":"de_DE","og_type":"article","og_title":"Sprachf\u00f6rderung an Berufsfachschulen \u2013 Bitte einmal austauschen - Lifelong Learning Blog","og_description":"Blogautorin Sandra Buchmann schreibt \u00fcber die Wichtigkeit eines Austauschs zwischen Berufsfachschulen in Sachen Sprachf\u00f6rderung.","og_url":"https:\/\/blog.phzh.ch\/zhe\/sprachfoerderung-an-berufsfachschulen-bitte-einmal-austauschen\/","og_site_name":"Lifelong Learning Blog","article_publisher":"https:\/\/www.facebook.com\/hochschuldidaktik\/","article_published_time":"2025-05-13T05:00:00+00:00","article_modified_time":"2025-05-13T10:47:03+00:00","og_image":[{"width":2560,"height":1707,"url":"https:\/\/blog.phzh.ch\/zhe\/files\/2025\/04\/PH_Schule_Albisriederplatz_043-scaled.jpg","type":"image\/jpeg"}],"author":"Kay Janina Hefti","twitter_card":"summary_large_image","twitter_creator":"@zhe_phzuerich","twitter_site":"@zhe_phzuerich","twitter_misc":{"Verfasst von":"Kay Janina Hefti","Gesch\u00e4tzte Lesezeit":"4\u00a0Minuten"},"schema":{"@context":"https:\/\/schema.org","@graph":[{"@type":"Article","@id":"https:\/\/blog.phzh.ch\/zhe\/sprachfoerderung-an-berufsfachschulen-bitte-einmal-austauschen\/#article","isPartOf":{"@id":"https:\/\/blog.phzh.ch\/zhe\/sprachfoerderung-an-berufsfachschulen-bitte-einmal-austauschen\/"},"author":{"name":"Kay Janina Hefti","@id":"https:\/\/blog.phzh.ch\/zhe\/#\/schema\/person\/5fa43831c0f6c5acac5b5e7c6a5c8b8b"},"headline":"Sprachf\u00f6rderung an Berufsfachschulen \u2013 Bitte einmal austauschen","datePublished":"2025-05-13T05:00:00+00:00","dateModified":"2025-05-13T10:47:03+00:00","mainEntityOfPage":{"@id":"https:\/\/blog.phzh.ch\/zhe\/sprachfoerderung-an-berufsfachschulen-bitte-einmal-austauschen\/"},"wordCount":603,"commentCount":0,"image":{"@id":"https:\/\/blog.phzh.ch\/zhe\/sprachfoerderung-an-berufsfachschulen-bitte-einmal-austauschen\/#primaryimage"},"thumbnailUrl":"https:\/\/blog.phzh.ch\/zhe\/files\/2025\/04\/PH_Schule_Albisriederplatz_043-1024x683.jpg","keywords":["Berufsfachschulen","Hochschulen","Interaktion","Weiterbildung"],"articleSection":["H\u00f6here Berufsbildung","Weiterbildung Berufsschulen"],"inLanguage":"de","potentialAction":[{"@type":"CommentAction","name":"Comment","target":["https:\/\/blog.phzh.ch\/zhe\/sprachfoerderung-an-berufsfachschulen-bitte-einmal-austauschen\/#respond"]}]},{"@type":"WebPage","@id":"https:\/\/blog.phzh.ch\/zhe\/sprachfoerderung-an-berufsfachschulen-bitte-einmal-austauschen\/","url":"https:\/\/blog.phzh.ch\/zhe\/sprachfoerderung-an-berufsfachschulen-bitte-einmal-austauschen\/","name":"Sprachf\u00f6rderung an Berufsfachschulen \u2013 Bitte einmal austauschen - Lifelong Learning Blog","isPartOf":{"@id":"https:\/\/blog.phzh.ch\/zhe\/#website"},"primaryImageOfPage":{"@id":"https:\/\/blog.phzh.ch\/zhe\/sprachfoerderung-an-berufsfachschulen-bitte-einmal-austauschen\/#primaryimage"},"image":{"@id":"https:\/\/blog.phzh.ch\/zhe\/sprachfoerderung-an-berufsfachschulen-bitte-einmal-austauschen\/#primaryimage"},"thumbnailUrl":"https:\/\/blog.phzh.ch\/zhe\/files\/2025\/04\/PH_Schule_Albisriederplatz_043-1024x683.jpg","datePublished":"2025-05-13T05:00:00+00:00","dateModified":"2025-05-13T10:47:03+00:00","author":{"@id":"https:\/\/blog.phzh.ch\/zhe\/#\/schema\/person\/5fa43831c0f6c5acac5b5e7c6a5c8b8b"},"description":"Blogautorin Sandra Buchmann schreibt \u00fcber die Wichtigkeit eines Austauschs zwischen Berufsfachschulen in Sachen Sprachf\u00f6rderung.","breadcrumb":{"@id":"https:\/\/blog.phzh.ch\/zhe\/sprachfoerderung-an-berufsfachschulen-bitte-einmal-austauschen\/#breadcrumb"},"inLanguage":"de","potentialAction":[{"@type":"ReadAction","target":["https:\/\/blog.phzh.ch\/zhe\/sprachfoerderung-an-berufsfachschulen-bitte-einmal-austauschen\/"]}]},{"@type":"ImageObject","inLanguage":"de","@id":"https:\/\/blog.phzh.ch\/zhe\/sprachfoerderung-an-berufsfachschulen-bitte-einmal-austauschen\/#primaryimage","url":"https:\/\/blog.phzh.ch\/zhe\/files\/2025\/04\/PH_Schule_Albisriederplatz_043-scaled.jpg","contentUrl":"https:\/\/blog.phzh.ch\/zhe\/files\/2025\/04\/PH_Schule_Albisriederplatz_043-scaled.jpg","width":2560,"height":1707},{"@type":"BreadcrumbList","@id":"https:\/\/blog.phzh.ch\/zhe\/sprachfoerderung-an-berufsfachschulen-bitte-einmal-austauschen\/#breadcrumb","itemListElement":[{"@type":"ListItem","position":1,"name":"Startseite","item":"https:\/\/blog.phzh.ch\/zhe\/"},{"@type":"ListItem","position":2,"name":"Sprachf\u00f6rderung an Berufsfachschulen \u2013 Bitte einmal austauschen"}]},{"@type":"WebSite","@id":"https:\/\/blog.phzh.ch\/zhe\/#website","url":"https:\/\/blog.phzh.ch\/zhe\/","name":"Lifelong Learning Blog","description":"Anregungen f\u00fcr Lehrende an Hochschulen und in der Berufsbildung","potentialAction":[{"@type":"SearchAction","target":{"@type":"EntryPoint","urlTemplate":"https:\/\/blog.phzh.ch\/zhe\/?s={search_term_string}"},"query-input":{"@type":"PropertyValueSpecification","valueRequired":true,"valueName":"search_term_string"}}],"inLanguage":"de"},{"@type":"Person","@id":"https:\/\/blog.phzh.ch\/zhe\/#\/schema\/person\/5fa43831c0f6c5acac5b5e7c6a5c8b8b","name":"Kay Janina Hefti","image":{"@type":"ImageObject","inLanguage":"de","@id":"https:\/\/blog.phzh.ch\/zhe\/#\/schema\/person\/image\/","url":"https:\/\/secure.gravatar.com\/avatar\/ded3e16ba7de8db2188b3d38701b01cb?s=96&d=mm&r=g","contentUrl":"https:\/\/secure.gravatar.com\/avatar\/ded3e16ba7de8db2188b3d38701b01cb?s=96&d=mm&r=g","caption":"Kay Janina Hefti"},"url":"https:\/\/blog.phzh.ch\/zhe\/author\/kayjanina-heftiphzh-ch\/"}]}},"_links":{"self":[{"href":"https:\/\/blog.phzh.ch\/zhe\/wp-json\/wp\/v2\/posts\/6320","targetHints":{"allow":["GET"]}}],"collection":[{"href":"https:\/\/blog.phzh.ch\/zhe\/wp-json\/wp\/v2\/posts"}],"about":[{"href":"https:\/\/blog.phzh.ch\/zhe\/wp-json\/wp\/v2\/types\/post"}],"author":[{"embeddable":true,"href":"https:\/\/blog.phzh.ch\/zhe\/wp-json\/wp\/v2\/users\/1410"}],"replies":[{"embeddable":true,"href":"https:\/\/blog.phzh.ch\/zhe\/wp-json\/wp\/v2\/comments?post=6320"}],"version-history":[{"count":5,"href":"https:\/\/blog.phzh.ch\/zhe\/wp-json\/wp\/v2\/posts\/6320\/revisions"}],"predecessor-version":[{"id":6328,"href":"https:\/\/blog.phzh.ch\/zhe\/wp-json\/wp\/v2\/posts\/6320\/revisions\/6328"}],"wp:attachment":[{"href":"https:\/\/blog.phzh.ch\/zhe\/wp-json\/wp\/v2\/media?parent=6320"}],"wp:term":[{"taxonomy":"category","embeddable":true,"href":"https:\/\/blog.phzh.ch\/zhe\/wp-json\/wp\/v2\/categories?post=6320"},{"taxonomy":"post_tag","embeddable":true,"href":"https:\/\/blog.phzh.ch\/zhe\/wp-json\/wp\/v2\/tags?post=6320"}],"curies":[{"name":"wp","href":"https:\/\/api.w.org\/{rel}","templated":true}]}}