{"id":63,"date":"2016-09-20T07:00:49","date_gmt":"2016-09-20T05:00:49","guid":{"rendered":"https:\/\/blog.phzh.ch\/zhe\/?p=63"},"modified":"2018-05-16T11:06:22","modified_gmt":"2018-05-16T09:06:22","slug":"social-media-demenz-oder-doping","status":"publish","type":"post","link":"https:\/\/blog.phzh.ch\/zhe\/social-media-demenz-oder-doping\/","title":{"rendered":"Demenz oder Doping? Social Media in der Weiterbildung"},"content":{"rendered":"<p><img loading=\"lazy\" decoding=\"async\" class=\"alignleft wp-image-87\" src=\"https:\/\/blog.phzh.ch\/zhe\/files\/2016\/09\/Ph_Wampfler_sw-300x300.jpg\" alt=\"Ph_Wampfler_sw\" width=\"104\" height=\"104\" srcset=\"https:\/\/blog.phzh.ch\/zhe\/files\/2016\/09\/Ph_Wampfler_sw-300x300.jpg 300w, https:\/\/blog.phzh.ch\/zhe\/files\/2016\/09\/Ph_Wampfler_sw-150x150.jpg 150w, https:\/\/blog.phzh.ch\/zhe\/files\/2016\/09\/Ph_Wampfler_sw.jpg 338w\" sizes=\"auto, (max-width: 104px) 100vw, 104px\" \/><\/p>\n<p>Beitrag von <a href=\"https:\/\/de.wikipedia.org\/wiki\/Philippe_Wampfler\" target=\"_blank\" rel=\"noopener\">Philippe Wampfler<\/a>, Gymnasiallehrer, Hochschuldozent und Experte f\u00fcr Lernen mit Neuen Medien.<\/p>\n<hr \/>\n<p>Lernende erleben sich als wichtigeren Teil einer Lehrveranstaltung, wenn sie dazu aufgefordert werden, sie mit Social Media zu begleiten.\u00a0Sie haben den Eindruck, ihre Bed\u00fcrfnisse und Meinungen spielten eine gr\u00f6ssere Rolle, wenn sie sie im Web 2.0 ausdr\u00fccken k\u00f6nnen. \u00a0<a href=\"http:\/\/onlinelibrary.wiley.com\/doi\/10.1111\/j.1467-8535.2008.00865.x\/abstract\" target=\"_blank\" rel=\"noopener\">Eine Studie<\/a> der Universit\u00e4t Hong Kong belegt dies etwa\u00a0im Hinblick auf die\u00a0Begleitung von Vorlesungen durch Blogs.<\/p>\n<h2>Aufgebl\u00e4hte \u00c4ngste<\/h2>\n<p>Technisch ist z.B. eine Blogbegleitung problemlos umsetzbar. Dennoch ist der Einsatz von Social Media zu Lernzwecken an Hochschulen im deutschen Sprachraum noch immer selten \u2013 auch in der Weiterbildung. Der Diskurs um Social Media ist nicht zuletzt auch von wenig fundierten \u00c4ngsten und Polemiken gepr\u00e4gt, vergleiche die Debatten um <a href=\"http:\/\/blog.doebe.li\/Blog\/SelektivesZitieren\" target=\"_blank\" rel=\"noopener\">\u00abDigitale Demenz\u00bb<\/a>\u00a0und oder <a href=\"https:\/\/schulesocialmedia.com\/2015\/10\/29\/warum-digital-detox-nonsense-von-privilegierten-ist\/\" target=\"_blank\" rel=\"noopener\">\u00abDigital Detox\u00bb<\/a>. Wieso eigentlich?<\/p>\n<figure id=\"attachment_103\" aria-describedby=\"caption-attachment-103\" style=\"width: 450px\" class=\"wp-caption alignnone\"><img loading=\"lazy\" decoding=\"async\" class=\"wp-image-103\" src=\"https:\/\/blog.phzh.ch\/zhe\/files\/2016\/09\/Social_Media-300x200.jpg\" alt=\"Social Media\" width=\"450\" height=\"300\" srcset=\"https:\/\/blog.phzh.ch\/zhe\/files\/2016\/09\/Social_Media-300x200.jpg 300w, https:\/\/blog.phzh.ch\/zhe\/files\/2016\/09\/Social_Media.jpg 750w\" sizes=\"auto, (max-width: 450px) 100vw, 450px\" \/><figcaption id=\"caption-attachment-103\" class=\"wp-caption-text\">Social Media: Digitale Demenz oder Doping f\u00fcrs Hirn?<\/figcaption><\/figure>\n<p>Menschen lernen seit jeher in Netzwerken. Gut sichtbar ist das am Arbeitsplatz, wo sich Gemeinschaften (<a href=\"https:\/\/de.wikipedia.org\/wiki\/Community_of_Practice\" target=\"_blank\" rel=\"noopener\">Communities of Practice<\/a>) unter den Fachkr\u00e4ften bilden. Diese bew\u00e4ltigen \u00e4hnliche Aufgaben und\u00a0lernen\u00a0deshalb intensiv informell. Lehrpersonen sind daf\u00fcr ein gutes Beispiel \u2013 viele Methoden und Kompetenzen entwickeln sie im engen Austausch mit anderen.<\/p>\n<h2>Social Media als\u00a0Fugenkitt<\/h2>\n<p>Diese oft unbewussten und unsichtbaren Lernprozesse sind eine zentrale Ressource f\u00fcr die Weiterbildung, weil sie langfristig wirksam und mit hoher Motivation verbunden sind. Social Media sind ihr Medium: Sie schaffen Lernumgebungen, die aus einem Mix aus Unterhaltung und Arbeit, privater und beruflicher Kommunikation, engen und losen Beziehungen bestehen. Die Lehrerin, die \u00fcber Facebook \u00fcber ihre Unterrichtsideen berichtet, erh\u00e4lt Feedback von anderen Lehrkr\u00e4ften, aber vielleicht auch von einer Erziehungwissenschaftlerin oder einem Sozialarbeiter. Kann sie an einer Weiterbildungsveranstaltung \u00fcber ihre Lernaktivit\u00e4ten auf Facebook sprechen, so vernetzen sich bei diesem Profil unter Umst\u00e4nden andere Teilnehmende. Der Austausch bleibt dadurch auf informeller Ebene erhalten und kann sich intensivieren, wenn Lerngelegenheiten auftauchen.<\/p>\n<p>Aus der Perspektive der Lernenden in Weiterbildungen ist die Vorstellung einer pers\u00f6nlichen Lernumgebung (<a href=\"https:\/\/de.wikipedia.org\/wiki\/Personal_Learning_Environment\" target=\"_blank\" rel=\"noopener\">Personal Learning Environment<\/a>) bedeutsam. Sie betont die Bedeutung der Individualisierung des Lernprozesses, der auch bei der Vernetzung eine Rolle spielt: Lernende dokumentieren ihre Lernprozesse im Austausch mit Fachpersonen und anderen Lernenden in selbstgestrickten Umgebungen. Social Media sind hier ein wichtiges Hilfsmittel, weil die von (Hoch-)Schulen angebotenen Lernmanagement-Systeme in ihrem geschlossenen Setting immer davon ausgehen, dass Lerngruppen homogen sind und langfristig bestehen bleiben. Gerade die Weiterbildung ist mit dieser Idee nicht kompatibel, denn Teilnehmende geh\u00f6ren zu vielen verschiedenen Lerngruppen. Sie brauchen Social Media, um einen Kitt zwischen verschiedenen geschlossenen Systemen herstellen zu k\u00f6nnen. So k\u00f6nnen sie Materialien und Beziehungen im richtigen Moment aktualisieren k\u00f6nnen.<\/p>\n<h2>Positive Erfahrungen sind n\u00f6tig<\/h2>\n<p>Die Vorstellung, Schnittstellen in der Weiterbildung mit Social Media zu verkn\u00fcpfen, ist nicht neu. Um aber eine angels\u00e4chsische Lockerheit im Umgang mit digitalen Medien auch im deutschen Sprachraum zu etablieren, braucht es viele positive Erfahrungen in einem professionellen Kontext. Das ist deshalb wichtig, weil nur experimentierfreudige Lehrende und Lernende innovative und sinnvolle PLEs aufbauen. Zu empfehlen ist ein Weg, auf dem kaum wahrnehmbare Stufen erklimmt werden k\u00f6nnen \u2013 hin zu offener, personalisierbarer digitaler Arbeit.<\/p>\n<figure id=\"attachment_111\" aria-describedby=\"caption-attachment-111\" style=\"width: 660px\" class=\"wp-caption alignleft\"><img loading=\"lazy\" decoding=\"async\" class=\"wp-image-111 size-large\" src=\"https:\/\/blog.phzh.ch\/zhe\/files\/2016\/09\/PLE-Beispiel-1024x660.jpg\" alt=\"PLE: Beispiel f\u00fcr ein Personal Learning Environment\" width=\"660\" height=\"425\" srcset=\"https:\/\/blog.phzh.ch\/zhe\/files\/2016\/09\/PLE-Beispiel-1024x660.jpg 1024w, https:\/\/blog.phzh.ch\/zhe\/files\/2016\/09\/PLE-Beispiel-300x193.jpg 300w, https:\/\/blog.phzh.ch\/zhe\/files\/2016\/09\/PLE-Beispiel-768x495.jpg 768w, https:\/\/blog.phzh.ch\/zhe\/files\/2016\/09\/PLE-Beispiel.jpg 1249w\" sizes=\"auto, (max-width: 660px) 100vw, 660px\" \/><figcaption id=\"caption-attachment-111\" class=\"wp-caption-text\">Mindmap-Darstellung einer PLE<\/figcaption><\/figure>\n<p>Wenn m\u00f6glich soll die Wahl der Tools und Formate den Lernenden \u00fcberlassen werden. Dozierende regen einen Austausch \u00fcber informelle und berufliche Lernprozesse an und bieten Angebote zur Verkn\u00fcpfung unter den Lernenden an. Hilfreich ist dabei immer der Blick hin zu gut vernetzten Communities, die sich regelm\u00e4ssig austauschen. \u00a0Wertvoll ist\u00a0auch der Kontakt zu Fachleuten aus dem eigenen Bereich, die Social Media bewusst f\u00fcr ihre Pers\u00f6nlichen Lernumgebungen nutzen. Neue Lernerfahrungen mit Social Media sollen in der Weiterbildung systematisch angeregt, gew\u00fcrdigt und reflektiert werden. Gerade weil es einen starken Diskurs gibt, der kritische Aspekte aufbl\u00e4ht, m\u00fcssen erste Schritte unterst\u00fctzt und begleitet werden.<\/p>\n<h2>Nicht nur Lern- sondern auch Marketing-Instrument<\/h2>\n<p>Wie eingangs betont, k\u00f6nnen Social Media Weiterbildungsteilnehmende dazu ermuntern, ihr berufliches und informelles Lernen in einem Blog und mit anderen Social-Media-Tools zu dokumentieren. So machen sie ihre Lernressourcen verf\u00fcgbar und \u00f6ffnen ihre Lernprozesse f\u00fcr Diskussionen. Eine solche kommunikative Offenheit ist f\u00fcr Institutionen, die sie unterst\u00fctzen, kein Verlust, sondern ein wirksames Marketing-Instrument in ihrer Zielgruppe.<\/p>\n<pre>Philippe Wampfler verfasste einen Beitrag \u00abSocial Media in der Weiterbildung\u00bb f\u00fcr unser Buch <a href=\"https:\/\/phzh.ch\/de\/Weiterbildung\/Hochschuldidaktik-und-entwicklung\/publikationen-projekte\/#band-7\" target=\"_blank\" rel=\"noopener\">\u00abWeiterbildung an Hochschulen. \u00dcber Kurse und Lehrg\u00e4nge hinaus\u00bb<\/a> (Hrsg. T. Zimmermann, G. Thomann &amp; D. Da Rin). \r\n\r\nEine <a href=\"http:\/\/www.hochschullehre.org\/wp-content\/files\/die_hochschullehre_2018_Wilhelm-Johner-Rezension_Weiterbildung.pdf\" target=\"_blank\" rel=\"noopener\">Rezension des Buches<\/a> ist in der Zeitschrift \u00abDie Hochschullehre\u00bb erschienen.\r\n\r\n&gt;&gt; Blogbeitrag <a href=\"https:\/\/blog.phzh.ch\/zhe\/weiterbildung-transfer\" target=\"_blank\" rel=\"noopener\">Weiterbildung wirksam gestalten<\/a>\r\n\r\nIn Wampflers Blog\u00a0<a href=\"https:\/\/schulesocialmedia.com\/\" target=\"_blank\" rel=\"noopener\">\u00abSchule und Social Media\u00bb<\/a> finden sich viele spannende Gedanken zu Neuen Medien und Lernen.<\/pre>\n","protected":false},"excerpt":{"rendered":"<p>Beitrag von Philippe Wampfler, Gymnasiallehrer, Hochschuldozent und Experte f\u00fcr Lernen mit Neuen Medien. Lernende erleben sich als wichtigeren Teil einer Lehrveranstaltung, wenn sie dazu aufgefordert werden, sie mit Social Media zu begleiten.\u00a0Sie haben den Eindruck, ihre Bed\u00fcrfnisse und Meinungen spielten eine gr\u00f6ssere Rolle, wenn sie sie im Web 2.0 ausdr\u00fccken k\u00f6nnen. \u00a0Eine Studie der Universit\u00e4t &hellip; <a href=\"https:\/\/blog.phzh.ch\/zhe\/social-media-demenz-oder-doping\/\" class=\"more-link\"><span class=\"screen-reader-text\">Demenz oder Doping? Social Media in der Weiterbildung<\/span> weiterlesen<\/a><\/p>\n","protected":false},"author":1055,"featured_media":0,"comment_status":"open","ping_status":"open","sticky":false,"template":"","format":"standard","meta":{"sfsi_plus_gutenberg_text_before_share":"","sfsi_plus_gutenberg_show_text_before_share":"","sfsi_plus_gutenberg_icon_type":"","sfsi_plus_gutenberg_icon_alignemt":"","sfsi_plus_gutenburg_max_per_row":"","footnotes":""},"categories":[82821,45056],"tags":[82823,4162,4181],"class_list":["post-63","post","type-post","status-publish","format-standard","hentry","category-digital-learning","category-hochschuldidaktik","tag-hochschulen","tag-social-media","tag-weiterbildung"],"yoast_head":"<!-- This site is optimized with the Yoast SEO plugin v26.8 - https:\/\/yoast.com\/product\/yoast-seo-wordpress\/ -->\n<title>Demenz oder Doping? Social Media in der Weiterbildung - Lifelong Learning Blog<\/title>\n<meta name=\"description\" content=\"Social Media sind eine wertvolle Ressource zur Verkn\u00fcpfung von Lernerfahrungen aus verschiedenen Bereichen - gerade in der Weiterbildung an Hochschulen..\" \/>\n<meta name=\"robots\" content=\"index, follow, max-snippet:-1, max-image-preview:large, max-video-preview:-1\" \/>\n<link rel=\"canonical\" href=\"https:\/\/blog.phzh.ch\/zhe\/social-media-demenz-oder-doping\/\" \/>\n<meta property=\"og:locale\" content=\"de_DE\" \/>\n<meta property=\"og:type\" content=\"article\" \/>\n<meta property=\"og:title\" content=\"Demenz oder Doping? Social Media in der Weiterbildung - Lifelong Learning Blog\" \/>\n<meta property=\"og:description\" content=\"Social Media sind eine wertvolle Ressource zur Verkn\u00fcpfung von Lernerfahrungen aus verschiedenen Bereichen - gerade in der Weiterbildung an Hochschulen..\" \/>\n<meta property=\"og:url\" content=\"https:\/\/blog.phzh.ch\/zhe\/social-media-demenz-oder-doping\/\" \/>\n<meta property=\"og:site_name\" content=\"Lifelong Learning Blog\" \/>\n<meta property=\"article:publisher\" content=\"https:\/\/www.facebook.com\/hochschuldidaktik\/\" \/>\n<meta property=\"article:published_time\" content=\"2016-09-20T05:00:49+00:00\" \/>\n<meta property=\"article:modified_time\" content=\"2018-05-16T09:06:22+00:00\" \/>\n<meta property=\"og:image\" content=\"https:\/\/blog.phzh.ch\/zhe\/files\/2016\/09\/Ph_Wampfler_sw-300x300.jpg\" \/>\n<meta name=\"author\" content=\"Tobias Zimmermann\" \/>\n<meta name=\"twitter:card\" content=\"summary_large_image\" \/>\n<meta name=\"twitter:creator\" content=\"@zhe_phzuerich\" \/>\n<meta name=\"twitter:site\" content=\"@zhe_phzuerich\" \/>\n<meta name=\"twitter:label1\" content=\"Verfasst von\" \/>\n\t<meta name=\"twitter:data1\" content=\"Tobias Zimmermann\" \/>\n\t<meta name=\"twitter:label2\" content=\"Gesch\u00e4tzte Lesezeit\" \/>\n\t<meta name=\"twitter:data2\" content=\"4\u00a0Minuten\" \/>\n<script type=\"application\/ld+json\" class=\"yoast-schema-graph\">{\"@context\":\"https:\/\/schema.org\",\"@graph\":[{\"@type\":\"Article\",\"@id\":\"https:\/\/blog.phzh.ch\/zhe\/social-media-demenz-oder-doping\/#article\",\"isPartOf\":{\"@id\":\"https:\/\/blog.phzh.ch\/zhe\/social-media-demenz-oder-doping\/\"},\"author\":{\"name\":\"Tobias Zimmermann\",\"@id\":\"https:\/\/blog.phzh.ch\/zhe\/#\/schema\/person\/a20384f76585cee8c93824c9855a0e86\"},\"headline\":\"Demenz oder Doping? Social Media in der Weiterbildung\",\"datePublished\":\"2016-09-20T05:00:49+00:00\",\"dateModified\":\"2018-05-16T09:06:22+00:00\",\"mainEntityOfPage\":{\"@id\":\"https:\/\/blog.phzh.ch\/zhe\/social-media-demenz-oder-doping\/\"},\"wordCount\":714,\"commentCount\":10,\"image\":{\"@id\":\"https:\/\/blog.phzh.ch\/zhe\/social-media-demenz-oder-doping\/#primaryimage\"},\"thumbnailUrl\":\"https:\/\/blog.phzh.ch\/zhe\/files\/2016\/09\/Ph_Wampfler_sw-300x300.jpg\",\"keywords\":[\"Hochschulen\",\"Social Media\",\"Weiterbildung\"],\"articleSection\":[\"Digital Learning\",\"Hochschuldidaktik\"],\"inLanguage\":\"de\",\"potentialAction\":[{\"@type\":\"CommentAction\",\"name\":\"Comment\",\"target\":[\"https:\/\/blog.phzh.ch\/zhe\/social-media-demenz-oder-doping\/#respond\"]}]},{\"@type\":\"WebPage\",\"@id\":\"https:\/\/blog.phzh.ch\/zhe\/social-media-demenz-oder-doping\/\",\"url\":\"https:\/\/blog.phzh.ch\/zhe\/social-media-demenz-oder-doping\/\",\"name\":\"Demenz oder Doping? Social Media in der Weiterbildung - Lifelong Learning Blog\",\"isPartOf\":{\"@id\":\"https:\/\/blog.phzh.ch\/zhe\/#website\"},\"primaryImageOfPage\":{\"@id\":\"https:\/\/blog.phzh.ch\/zhe\/social-media-demenz-oder-doping\/#primaryimage\"},\"image\":{\"@id\":\"https:\/\/blog.phzh.ch\/zhe\/social-media-demenz-oder-doping\/#primaryimage\"},\"thumbnailUrl\":\"https:\/\/blog.phzh.ch\/zhe\/files\/2016\/09\/Ph_Wampfler_sw-300x300.jpg\",\"datePublished\":\"2016-09-20T05:00:49+00:00\",\"dateModified\":\"2018-05-16T09:06:22+00:00\",\"author\":{\"@id\":\"https:\/\/blog.phzh.ch\/zhe\/#\/schema\/person\/a20384f76585cee8c93824c9855a0e86\"},\"description\":\"Social Media sind eine wertvolle Ressource zur Verkn\u00fcpfung von Lernerfahrungen aus verschiedenen Bereichen - gerade in der Weiterbildung an Hochschulen..\",\"breadcrumb\":{\"@id\":\"https:\/\/blog.phzh.ch\/zhe\/social-media-demenz-oder-doping\/#breadcrumb\"},\"inLanguage\":\"de\",\"potentialAction\":[{\"@type\":\"ReadAction\",\"target\":[\"https:\/\/blog.phzh.ch\/zhe\/social-media-demenz-oder-doping\/\"]}]},{\"@type\":\"ImageObject\",\"inLanguage\":\"de\",\"@id\":\"https:\/\/blog.phzh.ch\/zhe\/social-media-demenz-oder-doping\/#primaryimage\",\"url\":\"https:\/\/blog.phzh.ch\/zhe\/files\/2016\/09\/Ph_Wampfler_sw.jpg\",\"contentUrl\":\"https:\/\/blog.phzh.ch\/zhe\/files\/2016\/09\/Ph_Wampfler_sw.jpg\",\"width\":338,\"height\":339},{\"@type\":\"BreadcrumbList\",\"@id\":\"https:\/\/blog.phzh.ch\/zhe\/social-media-demenz-oder-doping\/#breadcrumb\",\"itemListElement\":[{\"@type\":\"ListItem\",\"position\":1,\"name\":\"Startseite\",\"item\":\"https:\/\/blog.phzh.ch\/zhe\/\"},{\"@type\":\"ListItem\",\"position\":2,\"name\":\"Demenz oder Doping? Social Media in der Weiterbildung\"}]},{\"@type\":\"WebSite\",\"@id\":\"https:\/\/blog.phzh.ch\/zhe\/#website\",\"url\":\"https:\/\/blog.phzh.ch\/zhe\/\",\"name\":\"Lifelong Learning Blog\",\"description\":\"Anregungen f\u00fcr Lehrende an Hochschulen und in der Berufsbildung\",\"potentialAction\":[{\"@type\":\"SearchAction\",\"target\":{\"@type\":\"EntryPoint\",\"urlTemplate\":\"https:\/\/blog.phzh.ch\/zhe\/?s={search_term_string}\"},\"query-input\":{\"@type\":\"PropertyValueSpecification\",\"valueRequired\":true,\"valueName\":\"search_term_string\"}}],\"inLanguage\":\"de\"},{\"@type\":\"Person\",\"@id\":\"https:\/\/blog.phzh.ch\/zhe\/#\/schema\/person\/a20384f76585cee8c93824c9855a0e86\",\"name\":\"Tobias Zimmermann\",\"image\":{\"@type\":\"ImageObject\",\"inLanguage\":\"de\",\"@id\":\"https:\/\/blog.phzh.ch\/zhe\/#\/schema\/person\/image\/\",\"url\":\"https:\/\/secure.gravatar.com\/avatar\/54fcf425b1e6eef3a06851e8f3bde341?s=96&d=mm&r=g\",\"contentUrl\":\"https:\/\/secure.gravatar.com\/avatar\/54fcf425b1e6eef3a06851e8f3bde341?s=96&d=mm&r=g\",\"caption\":\"Tobias Zimmermann\"},\"sameAs\":[\"http:\/\/www.hochschuldidaktik.phzh.ch\"],\"url\":\"https:\/\/blog.phzh.ch\/zhe\/author\/tozi\/\"}]}<\/script>\n<!-- \/ Yoast SEO plugin. -->","yoast_head_json":{"title":"Demenz oder Doping? Social Media in der Weiterbildung - Lifelong Learning Blog","description":"Social Media sind eine wertvolle Ressource zur Verkn\u00fcpfung von Lernerfahrungen aus verschiedenen Bereichen - gerade in der Weiterbildung an Hochschulen..","robots":{"index":"index","follow":"follow","max-snippet":"max-snippet:-1","max-image-preview":"max-image-preview:large","max-video-preview":"max-video-preview:-1"},"canonical":"https:\/\/blog.phzh.ch\/zhe\/social-media-demenz-oder-doping\/","og_locale":"de_DE","og_type":"article","og_title":"Demenz oder Doping? Social Media in der Weiterbildung - Lifelong Learning Blog","og_description":"Social Media sind eine wertvolle Ressource zur Verkn\u00fcpfung von Lernerfahrungen aus verschiedenen Bereichen - gerade in der Weiterbildung an Hochschulen..","og_url":"https:\/\/blog.phzh.ch\/zhe\/social-media-demenz-oder-doping\/","og_site_name":"Lifelong Learning Blog","article_publisher":"https:\/\/www.facebook.com\/hochschuldidaktik\/","article_published_time":"2016-09-20T05:00:49+00:00","article_modified_time":"2018-05-16T09:06:22+00:00","og_image":[{"url":"https:\/\/blog.phzh.ch\/zhe\/files\/2016\/09\/Ph_Wampfler_sw-300x300.jpg","type":"","width":"","height":""}],"author":"Tobias Zimmermann","twitter_card":"summary_large_image","twitter_creator":"@zhe_phzuerich","twitter_site":"@zhe_phzuerich","twitter_misc":{"Verfasst von":"Tobias Zimmermann","Gesch\u00e4tzte Lesezeit":"4\u00a0Minuten"},"schema":{"@context":"https:\/\/schema.org","@graph":[{"@type":"Article","@id":"https:\/\/blog.phzh.ch\/zhe\/social-media-demenz-oder-doping\/#article","isPartOf":{"@id":"https:\/\/blog.phzh.ch\/zhe\/social-media-demenz-oder-doping\/"},"author":{"name":"Tobias Zimmermann","@id":"https:\/\/blog.phzh.ch\/zhe\/#\/schema\/person\/a20384f76585cee8c93824c9855a0e86"},"headline":"Demenz oder Doping? Social Media in der Weiterbildung","datePublished":"2016-09-20T05:00:49+00:00","dateModified":"2018-05-16T09:06:22+00:00","mainEntityOfPage":{"@id":"https:\/\/blog.phzh.ch\/zhe\/social-media-demenz-oder-doping\/"},"wordCount":714,"commentCount":10,"image":{"@id":"https:\/\/blog.phzh.ch\/zhe\/social-media-demenz-oder-doping\/#primaryimage"},"thumbnailUrl":"https:\/\/blog.phzh.ch\/zhe\/files\/2016\/09\/Ph_Wampfler_sw-300x300.jpg","keywords":["Hochschulen","Social Media","Weiterbildung"],"articleSection":["Digital Learning","Hochschuldidaktik"],"inLanguage":"de","potentialAction":[{"@type":"CommentAction","name":"Comment","target":["https:\/\/blog.phzh.ch\/zhe\/social-media-demenz-oder-doping\/#respond"]}]},{"@type":"WebPage","@id":"https:\/\/blog.phzh.ch\/zhe\/social-media-demenz-oder-doping\/","url":"https:\/\/blog.phzh.ch\/zhe\/social-media-demenz-oder-doping\/","name":"Demenz oder Doping? Social Media in der Weiterbildung - Lifelong Learning Blog","isPartOf":{"@id":"https:\/\/blog.phzh.ch\/zhe\/#website"},"primaryImageOfPage":{"@id":"https:\/\/blog.phzh.ch\/zhe\/social-media-demenz-oder-doping\/#primaryimage"},"image":{"@id":"https:\/\/blog.phzh.ch\/zhe\/social-media-demenz-oder-doping\/#primaryimage"},"thumbnailUrl":"https:\/\/blog.phzh.ch\/zhe\/files\/2016\/09\/Ph_Wampfler_sw-300x300.jpg","datePublished":"2016-09-20T05:00:49+00:00","dateModified":"2018-05-16T09:06:22+00:00","author":{"@id":"https:\/\/blog.phzh.ch\/zhe\/#\/schema\/person\/a20384f76585cee8c93824c9855a0e86"},"description":"Social Media sind eine wertvolle Ressource zur Verkn\u00fcpfung von Lernerfahrungen aus verschiedenen Bereichen - gerade in der Weiterbildung an Hochschulen..","breadcrumb":{"@id":"https:\/\/blog.phzh.ch\/zhe\/social-media-demenz-oder-doping\/#breadcrumb"},"inLanguage":"de","potentialAction":[{"@type":"ReadAction","target":["https:\/\/blog.phzh.ch\/zhe\/social-media-demenz-oder-doping\/"]}]},{"@type":"ImageObject","inLanguage":"de","@id":"https:\/\/blog.phzh.ch\/zhe\/social-media-demenz-oder-doping\/#primaryimage","url":"https:\/\/blog.phzh.ch\/zhe\/files\/2016\/09\/Ph_Wampfler_sw.jpg","contentUrl":"https:\/\/blog.phzh.ch\/zhe\/files\/2016\/09\/Ph_Wampfler_sw.jpg","width":338,"height":339},{"@type":"BreadcrumbList","@id":"https:\/\/blog.phzh.ch\/zhe\/social-media-demenz-oder-doping\/#breadcrumb","itemListElement":[{"@type":"ListItem","position":1,"name":"Startseite","item":"https:\/\/blog.phzh.ch\/zhe\/"},{"@type":"ListItem","position":2,"name":"Demenz oder Doping? Social Media in der Weiterbildung"}]},{"@type":"WebSite","@id":"https:\/\/blog.phzh.ch\/zhe\/#website","url":"https:\/\/blog.phzh.ch\/zhe\/","name":"Lifelong Learning Blog","description":"Anregungen f\u00fcr Lehrende an Hochschulen und in der Berufsbildung","potentialAction":[{"@type":"SearchAction","target":{"@type":"EntryPoint","urlTemplate":"https:\/\/blog.phzh.ch\/zhe\/?s={search_term_string}"},"query-input":{"@type":"PropertyValueSpecification","valueRequired":true,"valueName":"search_term_string"}}],"inLanguage":"de"},{"@type":"Person","@id":"https:\/\/blog.phzh.ch\/zhe\/#\/schema\/person\/a20384f76585cee8c93824c9855a0e86","name":"Tobias Zimmermann","image":{"@type":"ImageObject","inLanguage":"de","@id":"https:\/\/blog.phzh.ch\/zhe\/#\/schema\/person\/image\/","url":"https:\/\/secure.gravatar.com\/avatar\/54fcf425b1e6eef3a06851e8f3bde341?s=96&d=mm&r=g","contentUrl":"https:\/\/secure.gravatar.com\/avatar\/54fcf425b1e6eef3a06851e8f3bde341?s=96&d=mm&r=g","caption":"Tobias Zimmermann"},"sameAs":["http:\/\/www.hochschuldidaktik.phzh.ch"],"url":"https:\/\/blog.phzh.ch\/zhe\/author\/tozi\/"}]}},"_links":{"self":[{"href":"https:\/\/blog.phzh.ch\/zhe\/wp-json\/wp\/v2\/posts\/63","targetHints":{"allow":["GET"]}}],"collection":[{"href":"https:\/\/blog.phzh.ch\/zhe\/wp-json\/wp\/v2\/posts"}],"about":[{"href":"https:\/\/blog.phzh.ch\/zhe\/wp-json\/wp\/v2\/types\/post"}],"author":[{"embeddable":true,"href":"https:\/\/blog.phzh.ch\/zhe\/wp-json\/wp\/v2\/users\/1055"}],"replies":[{"embeddable":true,"href":"https:\/\/blog.phzh.ch\/zhe\/wp-json\/wp\/v2\/comments?post=63"}],"version-history":[{"count":47,"href":"https:\/\/blog.phzh.ch\/zhe\/wp-json\/wp\/v2\/posts\/63\/revisions"}],"predecessor-version":[{"id":1589,"href":"https:\/\/blog.phzh.ch\/zhe\/wp-json\/wp\/v2\/posts\/63\/revisions\/1589"}],"wp:attachment":[{"href":"https:\/\/blog.phzh.ch\/zhe\/wp-json\/wp\/v2\/media?parent=63"}],"wp:term":[{"taxonomy":"category","embeddable":true,"href":"https:\/\/blog.phzh.ch\/zhe\/wp-json\/wp\/v2\/categories?post=63"},{"taxonomy":"post_tag","embeddable":true,"href":"https:\/\/blog.phzh.ch\/zhe\/wp-json\/wp\/v2\/tags?post=63"}],"curies":[{"name":"wp","href":"https:\/\/api.w.org\/{rel}","templated":true}]}}