{"id":5732,"date":"2022-09-13T08:00:00","date_gmt":"2022-09-13T06:00:00","guid":{"rendered":"https:\/\/blog.phzh.ch\/zhe\/?p=5732"},"modified":"2022-09-13T13:10:21","modified_gmt":"2022-09-13T11:10:21","slug":"un-ordnung-muss-sein-zwischen-flexibilitaet-und-systematik-in-der-weiterbildung","status":"publish","type":"post","link":"https:\/\/blog.phzh.ch\/zhe\/un-ordnung-muss-sein-zwischen-flexibilitaet-und-systematik-in-der-weiterbildung\/","title":{"rendered":"(Un-)Ordnung muss sein: Zwischen Flexibilit\u00e4t und Systematik in der Weiterbildung"},"content":{"rendered":"\n<p>Beitrag von <a href=\"https:\/\/phzh.ch\/personen\/markus.weil\" target=\"_blank\" rel=\"noreferrer noopener\">Markus Weil<\/a><\/p>\n\n\n\n<p>Weiterbildung soll flexibel sein, angepasst an individuelle Bed\u00fcrfnisse, zeitlich frei gestaltbar, modularisiert. Das alles sind legitime Anspr\u00fcche. Wenn sich gleichzeitig der Ruf nach Anrechenbarkeit und Zertifikaten hinzugesellt, stehen Bildungsinstitutionen vor einigen Herausforderungen. Nach innen bringt Weiterbildung eine gewisse Unordnung in die Terti\u00e4rstufe des Bildungssystems. Nach aussen bedarf es verst\u00e4ndlicher Worte, die gleichzeitig hohe Flexibilit\u00e4t und eine gewisse Systematik deutlich machen.<\/p>\n\n\n\n<h2 class=\"wp-block-heading\"><strong>\u00abOrdnung ist das halbe Leben\u00bb<\/strong><\/h2>\n\n\n\n<p>Sch\u00f6n ordentlich: Die eigene Bildungsbiografie l\u00e4sst sich im schweizerischen Bildungssystem einordnen. Wo sind Sie entlanggegangen?<\/p>\n\n\n\n<figure class=\"wp-block-image size-large\"><img loading=\"lazy\" decoding=\"async\" width=\"1024\" height=\"675\" src=\"https:\/\/blog.phzh.ch\/zhe\/files\/2022\/09\/bild_blogbeitrag_markus_20220902_KHE-1024x675.jpg\" alt=\"\" class=\"wp-image-5733\" srcset=\"https:\/\/blog.phzh.ch\/zhe\/files\/2022\/09\/bild_blogbeitrag_markus_20220902_KHE-1024x675.jpg 1024w, https:\/\/blog.phzh.ch\/zhe\/files\/2022\/09\/bild_blogbeitrag_markus_20220902_KHE-300x198.jpg 300w, https:\/\/blog.phzh.ch\/zhe\/files\/2022\/09\/bild_blogbeitrag_markus_20220902_KHE-768x506.jpg 768w, https:\/\/blog.phzh.ch\/zhe\/files\/2022\/09\/bild_blogbeitrag_markus_20220902_KHE.jpg 1386w\" sizes=\"auto, (max-width: 1024px) 100vw, 1024px\" \/><figcaption>Quelle: <a href=\"https:\/\/www.sbfi.admin.ch\/sbfi\/de\/home\/bildung\/bildungsraum-schweiz\/bildungssystem-schweiz.html\" target=\"_blank\" rel=\"noreferrer noopener\">SBFI 2019<\/a><\/figcaption><\/figure>\n\n\n\n<p>Was bringt der Blick auf diese ordentliche Darstellung des Bildungssystems? Es wird unterschieden zwischen Primar-, Sekundar- und Terti\u00e4rstufe und Weiterbildung, die manchmal auch als Quart\u00e4rstufe bezeichnet wird (z.B. im <a href=\"https:\/\/www.alexandria.ch\/discovery\/fulldisplay?vid=41BIG_INST:ALEX&amp;tab=Everything&amp;docid=alma9925816901501791&amp;context=L\" target=\"_blank\" rel=\"noreferrer noopener\">Strukturplan f\u00fcr das Bildungswesen des Deutschen Bildungsrats, 1970<\/a>). Vertikal gibt es verschiedene Typen von Bildungsinstitutionen und -abschl\u00fcssen beruflicher und allgemeiner Natur. Diese Strukturierungsleistung dient der rechtlichen und administrativen Verortung, der Orientierung f\u00fcr den pers\u00f6nlichen Bildungsweg, der Vergleichbarkeit, Zugangsberechtigung bis hin zu Finanzierungsbedingungen. Die eindeutigen F\u00e4lle sind \u2013 wenn auch im historischen Wandel \u2013 meist gut verortet und systematisiert. Flexibilit\u00e4t im schweizerischen Bildungssystem l\u00e4sst sich im Wechsel zwischen den verschiedenen horizontalen und vertikalen Einordnungen aufzeigen. In der Darstellung ist dies mit \u00ab\u00fcblicher Weg\u00bb und \u00abm\u00f6glicher Weg\u00bb gekennzeichnet. Aber Ordnung ist eben nur das halbe Leben.<\/p>\n\n\n\n<h2 class=\"wp-block-heading\"><strong>\u00abJede Ordnung ist der erste Schritt auf dem Weg in neuerliches Chaos\u00bb<\/strong><\/h2>\n\n\n\n<p>Spannend wird es bei Fragestellungen, die nicht so einfach zu beantworten sind. Wenn wir den Fokus auf das beidseitig eingezeichnete Band \u00abWeiterbildung\u00bb in der Darstellung richten, stellen sich bereits auf den ersten Blick Fragen nach \u00ab\u00fcblichen und m\u00f6glichen Wegen\u00bb. Nehmen wir uns exemplarisch den Quadranten vor, der mit \u00abHochschulen\u00bb und \u00abTerti\u00e4rstufe\u00bb gekennzeichnet ist. Seit der Bologna-Reform um die Jahrtausendwende wurde das europ\u00e4ische Hochschulsystem in Bachelor, Master und PhD\/Doktorat gegliedert \u2013 in einigen F\u00e4llen zus\u00e4tzlich mit Diplomen oder Abschl\u00fcssen zur Berufsbef\u00e4higung. Aber: Fachhochschulen, P\u00e4dagogische Hochschulen und Universit\u00e4ten in der Schweiz bieten nicht nur diese Terti\u00e4rbildung an, sondern treten im vierfachen Leistungsauftrag (Studium, Forschung, Dienstleistung und Weiterbildung) immer auch als Weiterbildungsanbietende auf. Parallelen lassen sich in der h\u00f6heren Berufsbildung oder bei Berufsfachschulen aufzeigen, die ebenfalls Weiterbildungsfunktionen wahrnehmen. Es zeichnen sich gewisse Herausforderungen ab, im Bildungssystem mehrere Funktionen abzudecken und gleichzeitig als Hochschule wahrgenommen zu werden: Die Hochschule als Weiterbildungsanbieterin.<\/p>\n\n\n\n<figure class=\"wp-block-image size-large\"><img loading=\"lazy\" decoding=\"async\" width=\"1024\" height=\"683\" src=\"https:\/\/blog.phzh.ch\/zhe\/files\/2022\/09\/AdobeStock_181004197_blogLLL-1024x683.jpg\" alt=\"\" class=\"wp-image-5741\" srcset=\"https:\/\/blog.phzh.ch\/zhe\/files\/2022\/09\/AdobeStock_181004197_blogLLL-1024x683.jpg 1024w, https:\/\/blog.phzh.ch\/zhe\/files\/2022\/09\/AdobeStock_181004197_blogLLL-300x200.jpg 300w, https:\/\/blog.phzh.ch\/zhe\/files\/2022\/09\/AdobeStock_181004197_blogLLL-768x512.jpg 768w, https:\/\/blog.phzh.ch\/zhe\/files\/2022\/09\/AdobeStock_181004197_blogLLL-1536x1024.jpg 1536w, https:\/\/blog.phzh.ch\/zhe\/files\/2022\/09\/AdobeStock_181004197_blogLLL-2048x1365.jpg 2048w\" sizes=\"auto, (max-width: 1024px) 100vw, 1024px\" \/><figcaption>Quelle: Adobe Stock<\/figcaption><\/figure>\n\n\n\n<h2 class=\"wp-block-heading\"><strong>\u00abUnordnung ist eine Uhr ohne Zeiger\u00bb<\/strong><\/h2>\n\n\n\n<p>Haben Sie schon einmal von CAS, DAS und MAS geh\u00f6rt? &nbsp;In Weiterbildungsprogrammen hat sich an Hochschulen diese Systematisierung von Certificate, Diploma und Master of Advanced Studies etabliert. Ausserhalb der Schweiz l\u00f6sen diese Begriffe meist fragende Blicke aus. Es handelt sich nicht um ein bologna-konformes europ\u00e4isches System, sondern um eine Ordnungsleistung f\u00fcr Weiterbildung an schweizerischen Hochschulen. CAS, DAS und MAS k\u00f6nnen nicht von anderen Bildungsstufen angeboten werden. Sie unterliegen schweizweiten Konventionen, ohne jedoch zum formalen Bildungssystem zu z\u00e4hlen. Sie sind und bleiben Weiterbildung. Nicht nur die Systematik lehnt sich an Bachelor, Master, PhD\/Doktorat an, auch wird Workload in ECTS-(Weiterbildung-)Punkte (Europ\u00e4isches System zur \u00dcbertragung und Akkumulierung von Studienleistungen) umgewandelt, welche allerdings nicht automatisch als ECTS-(Studiums)-Punkte f\u00fcr die Studienangebote anrechenbar sind. An Hochschulen wird in den Weiterbildungsprogrammen oftmals auf das gleiche Personal sowie auf \u00e4hnliche methodisch-didaktische und curriculare Konzepte zur\u00fcckgegriffen wie in den Studieng\u00e4ngen, so zum Beispiel f\u00fcr das Verfassen von Abschlussarbeiten. Unterschiedlich zum Hochschulstudium sind Finanzierungsmechanismen, Adressat:innen und die gesamte Angebotspalette, in der CAS, DAS und MAS nur einen Bruchteil ausmachen und im Kontext von &nbsp;internen Weiterbildungen, Beratungen, Tagungen, Kursen, Workshops und vielem mehr zu denken sind.<\/p>\n\n\n\n<h2 class=\"wp-block-heading\"><strong>\u00abWer Ordnung h\u00e4lt, ist zu faul zum Suchen\u00bb<\/strong><\/h2>\n\n\n\n<p>Es folgen vier Vorschl\u00e4ge, wie das systematische und institutionelle Verh\u00e4ltnis von Hochschulbildung und Weiterbildung gedacht werden k\u00f6nnte.<\/p>\n\n\n\n<figure class=\"wp-block-image size-full\"><img loading=\"lazy\" decoding=\"async\" width=\"959\" height=\"539\" src=\"https:\/\/blog.phzh.ch\/zhe\/files\/2022\/09\/bild_blogbeitrag_markus_3_20220909_KHE.png\" alt=\"\" class=\"wp-image-5738\" srcset=\"https:\/\/blog.phzh.ch\/zhe\/files\/2022\/09\/bild_blogbeitrag_markus_3_20220909_KHE.png 959w, https:\/\/blog.phzh.ch\/zhe\/files\/2022\/09\/bild_blogbeitrag_markus_3_20220909_KHE-300x169.png 300w, https:\/\/blog.phzh.ch\/zhe\/files\/2022\/09\/bild_blogbeitrag_markus_3_20220909_KHE-768x432.png 768w\" sizes=\"auto, (max-width: 959px) 100vw, 959px\" \/><figcaption>Quelle: <a href=\"https:\/\/www.peterlang.com\/document\/1057403\" target=\"_blank\" rel=\"noreferrer noopener\">Gonon\/Weil 2021<\/a>. Dieses Schema kam in der Publikation von Gonon\/Weil 2021 zum Einsatz, wo eine internationale Verortung der schweizerischen CAS-DAS-MAS-Besonderheit vorgenommen wurde.<\/figcaption><\/figure>\n\n\n\n<ol class=\"wp-block-list\" type=\"1\"><li>Separat: Hochschulen fokussieren auf Bachelor-, Master- und PhD-Programme. Diese Programme sind nicht f\u00fcr die Weiterbildung ge\u00f6ffnet. Weiterbildungsprogramme werden ausserhalb von Hochschulen angeboten und angerechnet.<\/li><li>Institutionell integriert, systematisch separat: Eine Bildungsinstitution bietet neben Hochschulausbildung auch Hochschulweiterbildung an. Beide Systeme operieren separat, Infrastruktur und Personal werden gemeinsam genutzt.<\/li><li>Institutionell separat, systematisch integriert: Weiterbildung und Hochschulbildung k\u00f6nnen gegenseitig angerechnet werden, werden aber von unterschiedlichen Anbietenden ausgebracht.<\/li><li>Integriert: Hochschulausbildung und Hochschuldweiterbildung sind Teil desselben Rahmens. Die Angebote sind offen f\u00fcr Studierende und Weiterbildungsteilnehmende.<\/li><\/ol>\n\n\n\n<p>Diese \u00dcberlegungen haben praktische Konsequenzen:<\/p>\n\n\n\n<ul class=\"wp-block-list\"><li>Wo muss der Workload absolviert werden, der zu einem ECTS-Punkt f\u00fchrt?<\/li><li>Wird diese Leistung f\u00fcr weitere Angebote angerechnet?<\/li><li>Wer bezahlt die Bildungsleistung?<\/li><\/ul>\n\n\n\n<p>Die Antwort auf diese Fragen kann je nach Modell ganz unterschiedlich ausfallen. Insofern schadet ein wenig Systemkunde auch mit Blick auf ein einzelnes Angebot nicht.<\/p>\n\n\n\n<h2 class=\"wp-block-heading\"><strong>(Un-)\u00abOrdnung muss sein\u00bb<\/strong><\/h2>\n\n\n\n<p>Weiterbildung, die an Hochschulen stattfindet, hat das Potenzial, die Hochschule zu irritieren. Sie kann im besten Fall Hochschulen noch mehr f\u00fcr die Gesellschaft \u00f6ffnen, indem sie Angebote f\u00fcr die breite Allgemeinheit zug\u00e4nglich macht \u2013 mit und ohne Abschluss. Im Gegensatz zu akkreditierten und hoch reglementierten Studienprogrammen kann Weiterbildung Angebote in kompakten Formaten schnell umsetzen und eine unordentliche Dynamik zu einem sp\u00e4teren Zeitpunkt bei Bedarf systematisieren. Das eigene Ordnungssystem in der Schweiz mit CAS, DAS und MAS schafft daf\u00fcr die notwendige Verbindlichkeit.<\/p>\n\n\n\n<p>W\u00fcnschenswert w\u00e4re, dass zuk\u00fcnftige schematische Darstellungen des Bildungssystems mehr Durchl\u00e4ssigkeit definieren. Wo sind die Pfeile \u00ab\u00fcbliche und m\u00f6gliche Wege\u00bb von den Hochschulen zur Weiterbildung und umgekehrt? Im erweiterten Sinne setzen sich bereits ebenso viele Beteiligte mit Fragen zu Validierungsm\u00f6glichkeiten und Kompetenzanerkennung auseinander, wie zu curricularen \u00dcberlegungen zum Verh\u00e4ltnis von Praktika, Exkursionen und Selbststudium.\u00a0 Ordnungsleistungen im Bildungssystem sind dabei sehr wichtig, damit wir uns auf Abschl\u00fcsse und Wege auch verlassen k\u00f6nnen. Neben der Systematisierung besteht der Anspruch nach m\u00f6glichst hoher Flexibilit\u00e4t im Bildungssystem. Fragen zur Unordnung sind erw\u00fcnscht, teils irritierend, teils innovativ. Was meinen Sie zu den vier vorgeschlagenen Modellen im Verh\u00e4ltnis zu Hochschul- und Weiterbildung? Muss (Un-)Ordnung sein?<\/p>\n\n\n<pre>INFOBOX<br><br><strong>Publikationen zum Thema<br><\/strong><br><a href=\"https:\/\/www.peterlang.com\/document\/1057403\" target=\"_blank\" rel=\"noopener\">Philipp Gonon, Markus Weil. Continuing Higher Education Between Academic and Professional Skills.<\/a><br><br><a href=\"https:\/\/www.zora.uzh.ch\/id\/eprint\/209765\/1\/BzL_21_3_KrausWeil.pdf\" target=\"_blank\" rel=\"noopener\">Katrin Kraus, Markus Weil. Der Leistungsbereich Weiterbildung im institutionellen Kontext: zum reflexiven Potenzial der Pandemiesituation f\u00fcr das organisationale Lernen von P\u00e4dagogischen Hochschulen.<\/a><br><br><a href=\"https:\/\/core.ac.uk\/download\/250167854.pdf\" target=\"_blank\" rel=\"noopener\">Markus Weil, Balthasar Eugster. Thinking outside the box. De-structuring continuing and higher education.<\/a><\/pre>\n\n\n<h2 class=\"wp-block-heading\">Zum Autor<\/h2>\n\n\n\n<div class=\"wp-block-media-text alignwide is-stacked-on-mobile\" style=\"grid-template-columns:21% auto\"><figure class=\"wp-block-media-text__media\"><img loading=\"lazy\" decoding=\"async\" width=\"284\" height=\"378\" src=\"https:\/\/blog.phzh.ch\/zhe\/files\/2022\/09\/profilbild-markus-weil.jpg\" alt=\"\" class=\"wp-image-5735 size-full\" srcset=\"https:\/\/blog.phzh.ch\/zhe\/files\/2022\/09\/profilbild-markus-weil.jpg 284w, https:\/\/blog.phzh.ch\/zhe\/files\/2022\/09\/profilbild-markus-weil-225x300.jpg 225w\" sizes=\"auto, (max-width: 284px) 100vw, 284px\" \/><\/figure><div class=\"wp-block-media-text__content\">\n<p><a href=\"https:\/\/phzh.ch\/personen\/markus.weil\" target=\"_blank\" rel=\"noreferrer noopener\">Markus Weil<\/a> leitet die <a href=\"https:\/\/phzh.ch\/de\/ueber-uns\/Organisation\/Prorektorat-Weiterbildung-und-Dienstleistungen\/abteilung-hochschuldidaktik-und-erwachsenenbildung\/\" target=\"_blank\" rel=\"noreferrer noopener\">Abteilung Hochschuldidaktik und Erwachsenenbildung<\/a> der <a href=\"https:\/\/phzh.ch\/de\/\" target=\"_blank\" rel=\"noreferrer noopener\">PH Z\u00fcrich<\/a>. Seine Schwerpunkte sind Schnittstellen zwischen Berufsbildung, Weiterbildung und Hochschullehre.<\/p>\n<\/div><\/div>\n","protected":false},"excerpt":{"rendered":"<p>Beitrag von Markus Weil Weiterbildung soll flexibel sein, angepasst an individuelle Bed\u00fcrfnisse, zeitlich frei gestaltbar, modularisiert. Das alles sind legitime Anspr\u00fcche. Wenn sich gleichzeitig der Ruf nach Anrechenbarkeit und Zertifikaten hinzugesellt, stehen Bildungsinstitutionen vor einigen Herausforderungen. Nach innen bringt Weiterbildung eine gewisse Unordnung in die Terti\u00e4rstufe des Bildungssystems. Nach aussen bedarf es verst\u00e4ndlicher Worte, die &hellip; <a href=\"https:\/\/blog.phzh.ch\/zhe\/un-ordnung-muss-sein-zwischen-flexibilitaet-und-systematik-in-der-weiterbildung\/\" class=\"more-link\"><span class=\"screen-reader-text\">(Un-)Ordnung muss sein: Zwischen Flexibilit\u00e4t und Systematik in der Weiterbildung<\/span> weiterlesen<\/a><\/p>\n","protected":false},"author":1410,"featured_media":0,"comment_status":"open","ping_status":"closed","sticky":false,"template":"","format":"standard","meta":{"sfsi_plus_gutenberg_text_before_share":"","sfsi_plus_gutenberg_show_text_before_share":"","sfsi_plus_gutenberg_icon_type":"","sfsi_plus_gutenberg_icon_alignemt":"","sfsi_plus_gutenburg_max_per_row":"","footnotes":""},"categories":[39,45056,107559,81477],"tags":[4181],"class_list":["post-5732","post","type-post","status-publish","format-standard","hentry","category-allgemein","category-hochschuldidaktik","category-hoehere-berufsbildung","category-weiterbildung-berufsschulen","tag-weiterbildung"],"yoast_head":"<!-- This site is optimized with the Yoast SEO plugin v26.8 - https:\/\/yoast.com\/product\/yoast-seo-wordpress\/ -->\n<title>(Un-)Ordnung muss sein: Zwischen Flexibilit\u00e4t und Systematik in der Weiterbildung - Lifelong Learning Blog<\/title>\n<meta name=\"description\" content=\"Im Blogbeitrag beschreibt Markus Weil die Herausforderungen der Bildungsinstitutionen in Hinsicht auf Flexibilit\u00e4t sowie Systematik der Weiterbildungen.\" \/>\n<meta name=\"robots\" content=\"index, follow, max-snippet:-1, max-image-preview:large, max-video-preview:-1\" \/>\n<link rel=\"canonical\" href=\"https:\/\/blog.phzh.ch\/zhe\/un-ordnung-muss-sein-zwischen-flexibilitaet-und-systematik-in-der-weiterbildung\/\" \/>\n<meta property=\"og:locale\" content=\"de_DE\" \/>\n<meta property=\"og:type\" content=\"article\" \/>\n<meta property=\"og:title\" content=\"(Un-)Ordnung muss sein: Zwischen Flexibilit\u00e4t und Systematik in der Weiterbildung - Lifelong Learning Blog\" \/>\n<meta property=\"og:description\" content=\"Im Blogbeitrag beschreibt Markus Weil die Herausforderungen der Bildungsinstitutionen in Hinsicht auf Flexibilit\u00e4t sowie Systematik der Weiterbildungen.\" \/>\n<meta property=\"og:url\" content=\"https:\/\/blog.phzh.ch\/zhe\/un-ordnung-muss-sein-zwischen-flexibilitaet-und-systematik-in-der-weiterbildung\/\" \/>\n<meta property=\"og:site_name\" content=\"Lifelong Learning Blog\" \/>\n<meta property=\"article:publisher\" content=\"https:\/\/www.facebook.com\/hochschuldidaktik\/\" \/>\n<meta property=\"article:published_time\" content=\"2022-09-13T06:00:00+00:00\" \/>\n<meta property=\"article:modified_time\" content=\"2022-09-13T11:10:21+00:00\" \/>\n<meta property=\"og:image\" content=\"https:\/\/blog.phzh.ch\/zhe\/files\/2022\/09\/AdobeStock_181004197_blogLLL-scaled.jpg\" \/>\n\t<meta property=\"og:image:width\" content=\"2560\" \/>\n\t<meta property=\"og:image:height\" content=\"1707\" \/>\n\t<meta property=\"og:image:type\" content=\"image\/jpeg\" \/>\n<meta name=\"author\" content=\"Kay Janina Hefti\" \/>\n<meta name=\"twitter:card\" content=\"summary_large_image\" \/>\n<meta name=\"twitter:image\" content=\"https:\/\/blog.phzh.ch\/zhe\/files\/2022\/09\/AdobeStock_181004197_blogLLL-scaled.jpg\" \/>\n<meta name=\"twitter:creator\" content=\"@zhe_phzuerich\" \/>\n<meta name=\"twitter:site\" content=\"@zhe_phzuerich\" \/>\n<meta name=\"twitter:label1\" content=\"Verfasst von\" \/>\n\t<meta name=\"twitter:data1\" content=\"Kay Janina Hefti\" \/>\n\t<meta name=\"twitter:label2\" content=\"Gesch\u00e4tzte Lesezeit\" \/>\n\t<meta name=\"twitter:data2\" content=\"7\u00a0Minuten\" \/>\n<script type=\"application\/ld+json\" class=\"yoast-schema-graph\">{\"@context\":\"https:\/\/schema.org\",\"@graph\":[{\"@type\":\"Article\",\"@id\":\"https:\/\/blog.phzh.ch\/zhe\/un-ordnung-muss-sein-zwischen-flexibilitaet-und-systematik-in-der-weiterbildung\/#article\",\"isPartOf\":{\"@id\":\"https:\/\/blog.phzh.ch\/zhe\/un-ordnung-muss-sein-zwischen-flexibilitaet-und-systematik-in-der-weiterbildung\/\"},\"author\":{\"name\":\"Kay Janina Hefti\",\"@id\":\"https:\/\/blog.phzh.ch\/zhe\/#\/schema\/person\/5fa43831c0f6c5acac5b5e7c6a5c8b8b\"},\"headline\":\"(Un-)Ordnung muss sein: Zwischen Flexibilit\u00e4t und Systematik in der Weiterbildung\",\"datePublished\":\"2022-09-13T06:00:00+00:00\",\"dateModified\":\"2022-09-13T11:10:21+00:00\",\"mainEntityOfPage\":{\"@id\":\"https:\/\/blog.phzh.ch\/zhe\/un-ordnung-muss-sein-zwischen-flexibilitaet-und-systematik-in-der-weiterbildung\/\"},\"wordCount\":1042,\"commentCount\":0,\"image\":{\"@id\":\"https:\/\/blog.phzh.ch\/zhe\/un-ordnung-muss-sein-zwischen-flexibilitaet-und-systematik-in-der-weiterbildung\/#primaryimage\"},\"thumbnailUrl\":\"https:\/\/blog.phzh.ch\/zhe\/files\/2022\/09\/bild_blogbeitrag_markus_20220902_KHE-1024x675.jpg\",\"keywords\":[\"Weiterbildung\"],\"articleSection\":{\"1\":\"Hochschuldidaktik\",\"2\":\"H\u00f6here Berufsbildung\",\"3\":\"Weiterbildung Berufsschulen\"},\"inLanguage\":\"de\",\"potentialAction\":[{\"@type\":\"CommentAction\",\"name\":\"Comment\",\"target\":[\"https:\/\/blog.phzh.ch\/zhe\/un-ordnung-muss-sein-zwischen-flexibilitaet-und-systematik-in-der-weiterbildung\/#respond\"]}]},{\"@type\":\"WebPage\",\"@id\":\"https:\/\/blog.phzh.ch\/zhe\/un-ordnung-muss-sein-zwischen-flexibilitaet-und-systematik-in-der-weiterbildung\/\",\"url\":\"https:\/\/blog.phzh.ch\/zhe\/un-ordnung-muss-sein-zwischen-flexibilitaet-und-systematik-in-der-weiterbildung\/\",\"name\":\"(Un-)Ordnung muss sein: Zwischen Flexibilit\u00e4t und Systematik in der Weiterbildung - Lifelong Learning Blog\",\"isPartOf\":{\"@id\":\"https:\/\/blog.phzh.ch\/zhe\/#website\"},\"primaryImageOfPage\":{\"@id\":\"https:\/\/blog.phzh.ch\/zhe\/un-ordnung-muss-sein-zwischen-flexibilitaet-und-systematik-in-der-weiterbildung\/#primaryimage\"},\"image\":{\"@id\":\"https:\/\/blog.phzh.ch\/zhe\/un-ordnung-muss-sein-zwischen-flexibilitaet-und-systematik-in-der-weiterbildung\/#primaryimage\"},\"thumbnailUrl\":\"https:\/\/blog.phzh.ch\/zhe\/files\/2022\/09\/bild_blogbeitrag_markus_20220902_KHE-1024x675.jpg\",\"datePublished\":\"2022-09-13T06:00:00+00:00\",\"dateModified\":\"2022-09-13T11:10:21+00:00\",\"author\":{\"@id\":\"https:\/\/blog.phzh.ch\/zhe\/#\/schema\/person\/5fa43831c0f6c5acac5b5e7c6a5c8b8b\"},\"description\":\"Im Blogbeitrag beschreibt Markus Weil die Herausforderungen der Bildungsinstitutionen in Hinsicht auf Flexibilit\u00e4t sowie Systematik der Weiterbildungen.\",\"breadcrumb\":{\"@id\":\"https:\/\/blog.phzh.ch\/zhe\/un-ordnung-muss-sein-zwischen-flexibilitaet-und-systematik-in-der-weiterbildung\/#breadcrumb\"},\"inLanguage\":\"de\",\"potentialAction\":[{\"@type\":\"ReadAction\",\"target\":[\"https:\/\/blog.phzh.ch\/zhe\/un-ordnung-muss-sein-zwischen-flexibilitaet-und-systematik-in-der-weiterbildung\/\"]}]},{\"@type\":\"ImageObject\",\"inLanguage\":\"de\",\"@id\":\"https:\/\/blog.phzh.ch\/zhe\/un-ordnung-muss-sein-zwischen-flexibilitaet-und-systematik-in-der-weiterbildung\/#primaryimage\",\"url\":\"https:\/\/blog.phzh.ch\/zhe\/files\/2022\/09\/bild_blogbeitrag_markus_20220902_KHE.jpg\",\"contentUrl\":\"https:\/\/blog.phzh.ch\/zhe\/files\/2022\/09\/bild_blogbeitrag_markus_20220902_KHE.jpg\",\"width\":1386,\"height\":914},{\"@type\":\"BreadcrumbList\",\"@id\":\"https:\/\/blog.phzh.ch\/zhe\/un-ordnung-muss-sein-zwischen-flexibilitaet-und-systematik-in-der-weiterbildung\/#breadcrumb\",\"itemListElement\":[{\"@type\":\"ListItem\",\"position\":1,\"name\":\"Startseite\",\"item\":\"https:\/\/blog.phzh.ch\/zhe\/\"},{\"@type\":\"ListItem\",\"position\":2,\"name\":\"(Un-)Ordnung muss sein: Zwischen Flexibilit\u00e4t und Systematik in der Weiterbildung\"}]},{\"@type\":\"WebSite\",\"@id\":\"https:\/\/blog.phzh.ch\/zhe\/#website\",\"url\":\"https:\/\/blog.phzh.ch\/zhe\/\",\"name\":\"Lifelong Learning Blog\",\"description\":\"Anregungen f\u00fcr Lehrende an Hochschulen und in der Berufsbildung\",\"potentialAction\":[{\"@type\":\"SearchAction\",\"target\":{\"@type\":\"EntryPoint\",\"urlTemplate\":\"https:\/\/blog.phzh.ch\/zhe\/?s={search_term_string}\"},\"query-input\":{\"@type\":\"PropertyValueSpecification\",\"valueRequired\":true,\"valueName\":\"search_term_string\"}}],\"inLanguage\":\"de\"},{\"@type\":\"Person\",\"@id\":\"https:\/\/blog.phzh.ch\/zhe\/#\/schema\/person\/5fa43831c0f6c5acac5b5e7c6a5c8b8b\",\"name\":\"Kay Janina Hefti\",\"image\":{\"@type\":\"ImageObject\",\"inLanguage\":\"de\",\"@id\":\"https:\/\/blog.phzh.ch\/zhe\/#\/schema\/person\/image\/\",\"url\":\"https:\/\/secure.gravatar.com\/avatar\/ded3e16ba7de8db2188b3d38701b01cb?s=96&d=mm&r=g\",\"contentUrl\":\"https:\/\/secure.gravatar.com\/avatar\/ded3e16ba7de8db2188b3d38701b01cb?s=96&d=mm&r=g\",\"caption\":\"Kay Janina Hefti\"},\"url\":\"https:\/\/blog.phzh.ch\/zhe\/author\/kayjanina-heftiphzh-ch\/\"}]}<\/script>\n<!-- \/ Yoast SEO plugin. -->","yoast_head_json":{"title":"(Un-)Ordnung muss sein: Zwischen Flexibilit\u00e4t und Systematik in der Weiterbildung - Lifelong Learning Blog","description":"Im Blogbeitrag beschreibt Markus Weil die Herausforderungen der Bildungsinstitutionen in Hinsicht auf Flexibilit\u00e4t sowie Systematik der Weiterbildungen.","robots":{"index":"index","follow":"follow","max-snippet":"max-snippet:-1","max-image-preview":"max-image-preview:large","max-video-preview":"max-video-preview:-1"},"canonical":"https:\/\/blog.phzh.ch\/zhe\/un-ordnung-muss-sein-zwischen-flexibilitaet-und-systematik-in-der-weiterbildung\/","og_locale":"de_DE","og_type":"article","og_title":"(Un-)Ordnung muss sein: Zwischen Flexibilit\u00e4t und Systematik in der Weiterbildung - Lifelong Learning Blog","og_description":"Im Blogbeitrag beschreibt Markus Weil die Herausforderungen der Bildungsinstitutionen in Hinsicht auf Flexibilit\u00e4t sowie Systematik der Weiterbildungen.","og_url":"https:\/\/blog.phzh.ch\/zhe\/un-ordnung-muss-sein-zwischen-flexibilitaet-und-systematik-in-der-weiterbildung\/","og_site_name":"Lifelong Learning Blog","article_publisher":"https:\/\/www.facebook.com\/hochschuldidaktik\/","article_published_time":"2022-09-13T06:00:00+00:00","article_modified_time":"2022-09-13T11:10:21+00:00","og_image":[{"width":2560,"height":1707,"url":"https:\/\/blog.phzh.ch\/zhe\/files\/2022\/09\/AdobeStock_181004197_blogLLL-scaled.jpg","type":"image\/jpeg"}],"author":"Kay Janina Hefti","twitter_card":"summary_large_image","twitter_image":"https:\/\/blog.phzh.ch\/zhe\/files\/2022\/09\/AdobeStock_181004197_blogLLL-scaled.jpg","twitter_creator":"@zhe_phzuerich","twitter_site":"@zhe_phzuerich","twitter_misc":{"Verfasst von":"Kay Janina Hefti","Gesch\u00e4tzte Lesezeit":"7\u00a0Minuten"},"schema":{"@context":"https:\/\/schema.org","@graph":[{"@type":"Article","@id":"https:\/\/blog.phzh.ch\/zhe\/un-ordnung-muss-sein-zwischen-flexibilitaet-und-systematik-in-der-weiterbildung\/#article","isPartOf":{"@id":"https:\/\/blog.phzh.ch\/zhe\/un-ordnung-muss-sein-zwischen-flexibilitaet-und-systematik-in-der-weiterbildung\/"},"author":{"name":"Kay Janina Hefti","@id":"https:\/\/blog.phzh.ch\/zhe\/#\/schema\/person\/5fa43831c0f6c5acac5b5e7c6a5c8b8b"},"headline":"(Un-)Ordnung muss sein: Zwischen Flexibilit\u00e4t und Systematik in der Weiterbildung","datePublished":"2022-09-13T06:00:00+00:00","dateModified":"2022-09-13T11:10:21+00:00","mainEntityOfPage":{"@id":"https:\/\/blog.phzh.ch\/zhe\/un-ordnung-muss-sein-zwischen-flexibilitaet-und-systematik-in-der-weiterbildung\/"},"wordCount":1042,"commentCount":0,"image":{"@id":"https:\/\/blog.phzh.ch\/zhe\/un-ordnung-muss-sein-zwischen-flexibilitaet-und-systematik-in-der-weiterbildung\/#primaryimage"},"thumbnailUrl":"https:\/\/blog.phzh.ch\/zhe\/files\/2022\/09\/bild_blogbeitrag_markus_20220902_KHE-1024x675.jpg","keywords":["Weiterbildung"],"articleSection":{"1":"Hochschuldidaktik","2":"H\u00f6here Berufsbildung","3":"Weiterbildung Berufsschulen"},"inLanguage":"de","potentialAction":[{"@type":"CommentAction","name":"Comment","target":["https:\/\/blog.phzh.ch\/zhe\/un-ordnung-muss-sein-zwischen-flexibilitaet-und-systematik-in-der-weiterbildung\/#respond"]}]},{"@type":"WebPage","@id":"https:\/\/blog.phzh.ch\/zhe\/un-ordnung-muss-sein-zwischen-flexibilitaet-und-systematik-in-der-weiterbildung\/","url":"https:\/\/blog.phzh.ch\/zhe\/un-ordnung-muss-sein-zwischen-flexibilitaet-und-systematik-in-der-weiterbildung\/","name":"(Un-)Ordnung muss sein: Zwischen Flexibilit\u00e4t und Systematik in der Weiterbildung - Lifelong Learning Blog","isPartOf":{"@id":"https:\/\/blog.phzh.ch\/zhe\/#website"},"primaryImageOfPage":{"@id":"https:\/\/blog.phzh.ch\/zhe\/un-ordnung-muss-sein-zwischen-flexibilitaet-und-systematik-in-der-weiterbildung\/#primaryimage"},"image":{"@id":"https:\/\/blog.phzh.ch\/zhe\/un-ordnung-muss-sein-zwischen-flexibilitaet-und-systematik-in-der-weiterbildung\/#primaryimage"},"thumbnailUrl":"https:\/\/blog.phzh.ch\/zhe\/files\/2022\/09\/bild_blogbeitrag_markus_20220902_KHE-1024x675.jpg","datePublished":"2022-09-13T06:00:00+00:00","dateModified":"2022-09-13T11:10:21+00:00","author":{"@id":"https:\/\/blog.phzh.ch\/zhe\/#\/schema\/person\/5fa43831c0f6c5acac5b5e7c6a5c8b8b"},"description":"Im Blogbeitrag beschreibt Markus Weil die Herausforderungen der Bildungsinstitutionen in Hinsicht auf Flexibilit\u00e4t sowie Systematik der Weiterbildungen.","breadcrumb":{"@id":"https:\/\/blog.phzh.ch\/zhe\/un-ordnung-muss-sein-zwischen-flexibilitaet-und-systematik-in-der-weiterbildung\/#breadcrumb"},"inLanguage":"de","potentialAction":[{"@type":"ReadAction","target":["https:\/\/blog.phzh.ch\/zhe\/un-ordnung-muss-sein-zwischen-flexibilitaet-und-systematik-in-der-weiterbildung\/"]}]},{"@type":"ImageObject","inLanguage":"de","@id":"https:\/\/blog.phzh.ch\/zhe\/un-ordnung-muss-sein-zwischen-flexibilitaet-und-systematik-in-der-weiterbildung\/#primaryimage","url":"https:\/\/blog.phzh.ch\/zhe\/files\/2022\/09\/bild_blogbeitrag_markus_20220902_KHE.jpg","contentUrl":"https:\/\/blog.phzh.ch\/zhe\/files\/2022\/09\/bild_blogbeitrag_markus_20220902_KHE.jpg","width":1386,"height":914},{"@type":"BreadcrumbList","@id":"https:\/\/blog.phzh.ch\/zhe\/un-ordnung-muss-sein-zwischen-flexibilitaet-und-systematik-in-der-weiterbildung\/#breadcrumb","itemListElement":[{"@type":"ListItem","position":1,"name":"Startseite","item":"https:\/\/blog.phzh.ch\/zhe\/"},{"@type":"ListItem","position":2,"name":"(Un-)Ordnung muss sein: Zwischen Flexibilit\u00e4t und Systematik in der Weiterbildung"}]},{"@type":"WebSite","@id":"https:\/\/blog.phzh.ch\/zhe\/#website","url":"https:\/\/blog.phzh.ch\/zhe\/","name":"Lifelong Learning Blog","description":"Anregungen f\u00fcr Lehrende an Hochschulen und in der Berufsbildung","potentialAction":[{"@type":"SearchAction","target":{"@type":"EntryPoint","urlTemplate":"https:\/\/blog.phzh.ch\/zhe\/?s={search_term_string}"},"query-input":{"@type":"PropertyValueSpecification","valueRequired":true,"valueName":"search_term_string"}}],"inLanguage":"de"},{"@type":"Person","@id":"https:\/\/blog.phzh.ch\/zhe\/#\/schema\/person\/5fa43831c0f6c5acac5b5e7c6a5c8b8b","name":"Kay Janina Hefti","image":{"@type":"ImageObject","inLanguage":"de","@id":"https:\/\/blog.phzh.ch\/zhe\/#\/schema\/person\/image\/","url":"https:\/\/secure.gravatar.com\/avatar\/ded3e16ba7de8db2188b3d38701b01cb?s=96&d=mm&r=g","contentUrl":"https:\/\/secure.gravatar.com\/avatar\/ded3e16ba7de8db2188b3d38701b01cb?s=96&d=mm&r=g","caption":"Kay Janina Hefti"},"url":"https:\/\/blog.phzh.ch\/zhe\/author\/kayjanina-heftiphzh-ch\/"}]}},"_links":{"self":[{"href":"https:\/\/blog.phzh.ch\/zhe\/wp-json\/wp\/v2\/posts\/5732","targetHints":{"allow":["GET"]}}],"collection":[{"href":"https:\/\/blog.phzh.ch\/zhe\/wp-json\/wp\/v2\/posts"}],"about":[{"href":"https:\/\/blog.phzh.ch\/zhe\/wp-json\/wp\/v2\/types\/post"}],"author":[{"embeddable":true,"href":"https:\/\/blog.phzh.ch\/zhe\/wp-json\/wp\/v2\/users\/1410"}],"replies":[{"embeddable":true,"href":"https:\/\/blog.phzh.ch\/zhe\/wp-json\/wp\/v2\/comments?post=5732"}],"version-history":[{"count":4,"href":"https:\/\/blog.phzh.ch\/zhe\/wp-json\/wp\/v2\/posts\/5732\/revisions"}],"predecessor-version":[{"id":5744,"href":"https:\/\/blog.phzh.ch\/zhe\/wp-json\/wp\/v2\/posts\/5732\/revisions\/5744"}],"wp:attachment":[{"href":"https:\/\/blog.phzh.ch\/zhe\/wp-json\/wp\/v2\/media?parent=5732"}],"wp:term":[{"taxonomy":"category","embeddable":true,"href":"https:\/\/blog.phzh.ch\/zhe\/wp-json\/wp\/v2\/categories?post=5732"},{"taxonomy":"post_tag","embeddable":true,"href":"https:\/\/blog.phzh.ch\/zhe\/wp-json\/wp\/v2\/tags?post=5732"}],"curies":[{"name":"wp","href":"https:\/\/api.w.org\/{rel}","templated":true}]}}