{"id":5345,"date":"2021-04-19T08:00:00","date_gmt":"2021-04-19T06:00:00","guid":{"rendered":"https:\/\/blog.phzh.ch\/zhe\/?p=5345"},"modified":"2021-04-15T13:29:52","modified_gmt":"2021-04-15T11:29:52","slug":"grenzen-von-lernraeumen-verfluessigen","status":"publish","type":"post","link":"https:\/\/blog.phzh.ch\/zhe\/grenzen-von-lernraeumen-verfluessigen\/","title":{"rendered":"Grenzen von Lernr\u00e4umen verfl\u00fcssigen"},"content":{"rendered":"\n<p>Beitrag von <a href=\"https:\/\/www.phlu.ch\/cornelia-dinsleder.html\" target=\"_blank\" rel=\"noreferrer noopener\">Cornelia Dinsleder<\/a> und <a href=\"https:\/\/www.fhnw.ch\/de\/personen\/ulrich-kirchgaessner\" target=\"_blank\" rel=\"noreferrer noopener\">Ulrich Kirchg\u00e4ssner<\/a><\/p>\n\n\n\n<p>Lernen findet lebenslang statt und in R\u00e4umen: Warum wurde das Lebenslange Lernen erst beginnend in den 1970er Jahren zu einer \u00abEntdeckung\u00bb, die das Aus- und Weiterbildungssystem massgeblich ver\u00e4ndert hat? Und weshalb wurde der Raum beim Lernen so lange Zeit kaum beachtet? Dieser Beitrag beschreibt die Dimensionen Zeit und Raum von Lernen sowie zugeh\u00f6rige Verfl\u00fcssigungs- und Entgrenzungsprozesse.<\/p>\n\n\n\n<h2 class=\"wp-block-heading\">Lernen in Sardinenb\u00fcchsen?<\/h2>\n\n\n\n<p>Welche Lernumgebungen sind in der Hochschullehre anzutreffen? Teilweise wird hier eine gewisse Einfallslosigkeit deutlich, die sich unter anderem in der gleichf\u00f6rmigen Ausgestaltung von Lehrr\u00e4umen zeigt. Teils kann dies durch prestigetr\u00e4chtige architektonische W\u00fcrfe verschleiert werden. Lernen wird immer noch in Input-Output-Relationen gedacht, was exemplarisch an H\u00f6rs\u00e4len aufgezeigt werden kann, die nach wie vor Lernen in Sardinenb\u00fcchsen verfrachten. Aber auch Seminarr\u00e4ume sind selten abwechslungsreich eingerichtet \u2013 m\u00f6gliche Ver\u00e4nderungen eines eingerichteten Raumes werden eher verhindert. Das kann dazu f\u00fchren, dass Tische aneinandergeschraubt sind und damit unverr\u00fcckbare Gegebenheiten bilden (so erlebt an einer Hochschule).<\/p>\n\n\n\n<p>Warum gibt es kein \u00abAufbegehren\u00bb, keine Bewegung, die die Widerspr\u00fcchlichkeit der von starrer r\u00e4umlicher Strukturierung und einem durch Individualisierung gepr\u00e4gten Lernverst\u00e4ndnis thematisiert und anf\u00e4ngt das Zusammenspiel von Lernen und Raum hochschuldidaktisch zu gestalten? Warum schweigen P\u00e4dagogen, P\u00e4dagoginnen und Didaktiker:innen? Diese \u00abl\u00e4hmende Stille\u00bb wollen wir aufbrechen, indem wir anfangen, \u00abbesondere R\u00e4ume\u00bb an Hochschulen aufzusuchen, die eine eigene Kultur ausstrahlen oder zum Programm gemacht haben. Wir wollen die \u00abZementierung\u00bb p\u00e4dagogischer Verh\u00e4ltnisse in einschr\u00e4nkenden r\u00e4umlichen Bedingungen aufbrechen. Es gilt, diese Bastion von in \u00abStein gemauerten Gewissheiten\u00bb abzutragen und nicht nur die Schule der Zukunft, sondern auch die Hochschule der Zukunft auf bewegliche, unterschiedliche und vielf\u00e4ltige Lernprozesse hinzugestalten.<\/p>\n\n\n\n<h2 class=\"wp-block-heading\">Individualisierung von Lebensl\u00e4ufen<\/h2>\n\n\n\n<p>Der Begriff Lebenslanges Lernen hat die Qualit\u00e4t eines Hendiadyoins: Lernen vollzieht sich lebenslang und das ganze Leben ist ein Lernprozess. Dieses Lernverst\u00e4ndnis ist aber noch relativ jung und es hat sich insbesondere seit den 1970er Jahren entwickelt. Davor war der Lebenslauf als ein Hintereinander von Schul-, Arbeits- und der Ruhestandsphase strukturiert. Mit Beginn der Berufst\u00e4tigkeit hatte man\/frau ausgelernt. W\u00e4hrend Kindern mehr oder weniger Neugier und Lernbereitschaft zugesprochen wurde, schienen Erwachsene \u00fcber einen Wissens- und Erfahrungsvorrat zu verf\u00fcgen, mit dem sie f\u00fcr das berufliche Handeln oder auch die Kindererziehung ausreichend ausgestattet waren.<\/p>\n\n\n\n<p>Dieses Biografieverst\u00e4ndnis hat sich ver\u00e4ndert. Der Soziologe Ulrich Beck beschreibt in den 1980er Jahren die Individualisierung von Lebensl\u00e4ufen und eine Pluralisierung der Lebenswelten als zentrale Kennzeichen von Biografien (<a href=\"https:\/\/www.suhrkamp.de\/buecher\/risikogesellschaft-ulrich_beck_11365.html\" target=\"_blank\" rel=\"noreferrer noopener\">Beck, 1986<\/a>). Lebensverl\u00e4ufe sind demnach weniger einheitlich und kaum vorhersagbar. Parallel dazu hat sich das Verst\u00e4ndnis von Lernen ver\u00e4ndert: Es ist nicht mehr auf Kindheit und Jugend beschr\u00e4nkt, sondern findet lebenslang statt \u2013 ob bewusst und geplant, ob nebenbei oder auch nicht beabsichtigt \u2013 und manchmal auch \u00abnicht ganz freiwillig\u00bb.<\/p>\n\n\n\n<h2 class=\"wp-block-heading\"><strong>Erweiterungs- und \u00abVerfl\u00fcssigungsprozess\u00bb des Lernverst\u00e4ndnisses<\/strong><\/h2>\n\n\n\n<p>Nat\u00fcrlich fand lebenslanges Lernen auch schon vor 100 Jahren statt, jedoch war es weder im Blick der P\u00e4dagogik noch lag es im Auftrag von Institutionen, Lernen \u00fcber die Kindheit hinaus durch entsprechende Angebote zu begleiten: Heute stehen vielf\u00e4ltige zertifizierte Angebote bereit, die den Wert der Arbeitnehmer:innen (human ressources) bzw. ihre \u00abemployability\u00bb steigern. Lernen wird von der \u00f6konomisch gesteuerten \u00abGesellschaftsmitte\u00bb in \u00abBesitz genommen\u00bb, Weiterlernen gilt als ein zentraler Auftrag an jede Person \u2013 ob jung oder alt. Wer nicht mehr lernen m\u00f6chte, muss sich auf Vorw\u00fcrfe oder Wettbewerbsnachteile am Arbeitsmarkt gefasst machen. Dies ist eine problematische Seite der an sich erfreulichen Entwicklung, das ganze Leben als Lernprozess zu verstehen. Eine weitere problematische Seite ist die zunehmende Anforderung einer dauernden Verf\u00fcgbarkeit: morgens, mittags, abends, nachts, Montag bis Sonntag und jederzeit. Dieser Anspruch wurde durch die technischen Entwicklungen der Digitalisierung verst\u00e4rkt und die Corona-Pandemie wirkt in diesem Prozess wie ein zus\u00e4tzlicher Verst\u00e4rker.<\/p>\n\n\n\n<p>Der Erweiterungs- und \u00abVerfl\u00fcssigungsprozess\u00bb (in Anlehnung an Kurt Lewin) des Lernverst\u00e4ndnisses wurde massgeblich durch den Diskurs um das lebenslange Lernen ausgel\u00f6st. Eine nur auf die zeitliche Dimension ausgerichtete Perspektive auf lebenslanges Lernen greift jedoch zu kurz: Er bezieht sich auch auf die Dimensionen Raum und Inhalt. Die vielf\u00e4ltigen Erweiterungen der inhaltlichen Lerndimensionen k\u00f6nnen an dieser Stelle nicht dargestellt werden. Verk\u00fcrzt l\u00e4sst sich jedoch sagen, dass eine Ausrichtung des Lernens auf Kompetenzen stattgefunden hat\u2013 nicht zuletzt aufgrund eines \u00fcberbordenden Informations- und Wissensangebotes. In diesem Zusammenhang werden die Selbstorganisation, Selbststeuerung und Reflexion, aber auch Selektionsprozesse bezogen auf das eigene Lernen als zentral verstanden.<\/p>\n\n\n\n<h2 class=\"wp-block-heading\">Formelle und informelle Lernr\u00e4ume<\/h2>\n\n\n\n<p>Die dritte Dimension neben Zeit und Inhalt bezieht sich auf den <strong>Zusammenhang zwischen Lernen und Raum<\/strong>. Die Ausdrucksweise \u00abDer Raum als dritter P\u00e4dagoge\u00bb aus der Reggio-P\u00e4dagogik wird aktuell gerne als Begr\u00fcndung herangezogen, um auf die Bedeutung des Raumes als Rahmung f\u00fcr Lernprozesse insbesondere in der Schule hinzuweisen. Auch in der Erwachsenenbildung, beispielsweise in Bildungsh\u00e4usern, werden besondere R\u00e4ume genutzt, um Lernprozesse anzustossen und zu unterst\u00fctzen. Exemplarisch zeigen wir ein Bild, welches eine Fortbildungsgruppe zum Thema Lernraumentwicklung auf dem Gel\u00e4nde des Klosters Chiemsee im Freien zeigt. Lernen ist nicht an daf\u00fcr intendierte R\u00e4ume gebunden: Die Einbettung des Lernens im Gr\u00fcnen kann als unterst\u00fctzender Faktor gesehen werden. Neben formellen R\u00e4umen werden auch zunehmend informelle R\u00e4ume genutzt.<\/p>\n\n\n\n<figure class=\"wp-block-image size-large\"><img loading=\"lazy\" decoding=\"async\" width=\"1024\" height=\"768\" src=\"https:\/\/blog.phzh.ch\/zhe\/files\/2021\/04\/IMG_4722_4MP-1024x768.jpg\" alt=\"\" class=\"wp-image-5350\" srcset=\"https:\/\/blog.phzh.ch\/zhe\/files\/2021\/04\/IMG_4722_4MP-1024x768.jpg 1024w, https:\/\/blog.phzh.ch\/zhe\/files\/2021\/04\/IMG_4722_4MP-300x225.jpg 300w, https:\/\/blog.phzh.ch\/zhe\/files\/2021\/04\/IMG_4722_4MP-768x576.jpg 768w, https:\/\/blog.phzh.ch\/zhe\/files\/2021\/04\/IMG_4722_4MP-1536x1152.jpg 1536w, https:\/\/blog.phzh.ch\/zhe\/files\/2021\/04\/IMG_4722_4MP-2048x1536.jpg 2048w\" sizes=\"auto, (max-width: 1024px) 100vw, 1024px\" \/><\/figure>\n\n\n\n<p class=\"has-text-align-right\">Bild: Eric Sidoroff<\/p>\n\n\n\n<p>Am 11. Mai 2021 stellen wir im Rahmen eines kostenlosen Webinars der PHZH <a href=\"https:\/\/phzh.ch\/de\/Weiterbildung\/Hochschuldidaktik-und-entwicklung\/anlassdetail-hochschuldidaktik-und-erwachsenenbildung\/Der-Raum-als-bewusst-gestaltete-Lernumgebung-n144462927.html\">R\u00e4ume als bewusst gestaltete Lernumgebung an verschiedenen Hochschulen<\/a> vor.<\/p>\n\n\n\n<p><\/p>\n\n\n<pre>INFOBOX<br><br><strong>Welche Rolle spielen R\u00e4ume beim Lehren und Lernen \u2013 f\u00fcr Dozierende, f\u00fcr Studierende?<\/strong><br><br>In der dreiteiligen Veranstaltungsreihe \u00abRaum f\u00fcrs Lernen\u00bb wird \u00abRaum\u00bb f\u00fcr Reflexion, Verst\u00e4ndigung und den Austausch mit den Teilnehmenden und verschiedenen G\u00e4sten geschaffen.<br><br>Wie R\u00e4ume an Hochschulen als bewusst gestaltete Lernumgebungen aussehen k\u00f6nnten, ist Thema der Veranstaltung am 11. Mai 2021.<br><br>Der Abschluss der Serie erfolgt durch die dritte Veranstaltung mit dem Fokus \u00abWie sehen die R\u00e4ume f\u00fcrs Lernen in Zukunft aus?\u00bb am 15. Juni 2021.<br>Alle Informationen und Anmeldungen finden Sie <a href=\"https:\/\/phzh.ch\/de\/Weiterbildung\/Hochschuldidaktik-und-entwicklung\/events\/raum-furs-lernen\/\">hier<\/a>.<br><br><\/pre>\n\n\n<h2 class=\"wp-block-heading\">Zum Autorenteam<\/h2>\n\n\n\n<div class=\"wp-block-media-text alignwide is-stacked-on-mobile\" style=\"grid-template-columns:21% auto\"><figure class=\"wp-block-media-text__media\"><img loading=\"lazy\" decoding=\"async\" width=\"300\" height=\"400\" src=\"https:\/\/blog.phzh.ch\/zhe\/files\/2021\/04\/cornelia-1.jpg\" alt=\"\" class=\"wp-image-5349 size-full\" srcset=\"https:\/\/blog.phzh.ch\/zhe\/files\/2021\/04\/cornelia-1.jpg 300w, https:\/\/blog.phzh.ch\/zhe\/files\/2021\/04\/cornelia-1-225x300.jpg 225w\" sizes=\"auto, (max-width: 300px) 100vw, 300px\" \/><\/figure><div class=\"wp-block-media-text__content\">\n<p><a href=\"https:\/\/www.phlu.ch\/cornelia.dinsleder.html\" target=\"_blank\" rel=\"noreferrer noopener\">Cornelia Dinsleder<\/a> leitet das Projekt \u00ab<a href=\"https:\/\/eur03.safelinks.protection.outlook.com\/?url=https%3A%2F%2Fwww.phlu.ch%2Fforschung%2Fprojekte%2F12168%2Flearning-environment-applications-lea.html&amp;data=04%7C01%7Culrich.kirchgaessner%40fhnw.ch%7Ce58681d5faf24b395eb208d8f90fe719%7C9d1a5fc8321e4101ae63530730711ac2%7C0%7C0%7C637533193991918757%7CUnknown%7CTWFpbGZsb3d8eyJWIjoiMC4wLjAwMDAiLCJQIjoiV2luMzIiLCJBTiI6Ik1haWwiLCJXVCI6Mn0%3D%7C1000&amp;sdata=TWN%2F%2Bno6SHX6kpgd9pOtA29lm1594WXiouoT0%2BYidW4%3D&amp;reserved=0\">Learning Environment Applications<\/a>\u00bb (LEA) an der Schnittstelle zwischen Lernen und Raum am Institut f\u00fcr Professions- und Unterrichtsforschung an der PH Luzern.<br>Sie promovierte an der Universit\u00e4t Basel zur Kooperation unter Lehrerinnen und Lehrern und arbeitete an der PH FHNW in Projekten zur Lern- und Schulraumentwicklung (z.B. <a href=\"https:\/\/eur03.safelinks.protection.outlook.com\/?url=https%3A%2F%2Fwww.pulsnetz.org%2F&amp;data=04%7C01%7Culrich.kirchgaessner%40fhnw.ch%7Ce58681d5faf24b395eb208d8f90fe719%7C9d1a5fc8321e4101ae63530730711ac2%7C0%7C0%7C637533193991928754%7CUnknown%7CTWFpbGZsb3d8eyJWIjoiMC4wLjAwMDAiLCJQIjoiV2luMzIiLCJBTiI6Ik1haWwiLCJXVCI6Mn0%3D%7C1000&amp;sdata=EknYQV%2FzC30LHKaTkxgCk6ADfoihIE8O2ZCkykst6SY%3D&amp;reserved=0\">PULS<\/a>).<\/p>\n<\/div><\/div>\n\n\n\n<div class=\"wp-block-media-text alignwide is-stacked-on-mobile\" style=\"grid-template-columns:21% auto\"><figure class=\"wp-block-media-text__media\"><img loading=\"lazy\" decoding=\"async\" width=\"754\" height=\"1024\" src=\"https:\/\/blog.phzh.ch\/zhe\/files\/2021\/04\/Portrait-Uli-1-754x1024.jpg\" alt=\"\" class=\"wp-image-5346 size-full\" srcset=\"https:\/\/blog.phzh.ch\/zhe\/files\/2021\/04\/Portrait-Uli-1-754x1024.jpg 754w, https:\/\/blog.phzh.ch\/zhe\/files\/2021\/04\/Portrait-Uli-1-221x300.jpg 221w, https:\/\/blog.phzh.ch\/zhe\/files\/2021\/04\/Portrait-Uli-1-768x1043.jpg 768w, https:\/\/blog.phzh.ch\/zhe\/files\/2021\/04\/Portrait-Uli-1-1131x1536.jpg 1131w, https:\/\/blog.phzh.ch\/zhe\/files\/2021\/04\/Portrait-Uli-1.jpg 1225w\" sizes=\"auto, (max-width: 754px) 100vw, 754px\" \/><\/figure><div class=\"wp-block-media-text__content\">\n<p><a href=\"https:\/\/www.fhnw.ch\/de\/personen\/ulrich-kirchgaessner\" target=\"_blank\" rel=\"noreferrer noopener\">Ulrich Kirchg\u00e4ssner<\/a> ist Dozent f\u00fcr Erziehungswissenschaft an der Professur f\u00fcr Unterrichtsentwicklung und Unterrichtsforschung, Institut Primarstufe, P\u00e4dagogische Hochschule FHNW. Schwerpunkte seiner Arbeit sind Lern- und Schulraumentwicklung, Hochschuldidaktik und Gruppenp\u00e4dagogik.<\/p>\n<\/div><\/div>\n","protected":false},"excerpt":{"rendered":"<p>Beitrag von Cornelia Dinsleder und Ulrich Kirchg\u00e4ssner Lernen findet lebenslang statt und in R\u00e4umen: Warum wurde das Lebenslange Lernen erst beginnend in den 1970er Jahren zu einer \u00abEntdeckung\u00bb, die das Aus- und Weiterbildungssystem massgeblich ver\u00e4ndert hat? Und weshalb wurde der Raum beim Lernen so lange Zeit kaum beachtet? Dieser Beitrag beschreibt die Dimensionen Zeit und &hellip; <a href=\"https:\/\/blog.phzh.ch\/zhe\/grenzen-von-lernraeumen-verfluessigen\/\" class=\"more-link\"><span class=\"screen-reader-text\">Grenzen von Lernr\u00e4umen verfl\u00fcssigen<\/span> weiterlesen<\/a><\/p>\n","protected":false},"author":1,"featured_media":0,"comment_status":"open","ping_status":"closed","sticky":false,"template":"","format":"standard","meta":{"sfsi_plus_gutenberg_text_before_share":"","sfsi_plus_gutenberg_show_text_before_share":"","sfsi_plus_gutenberg_icon_type":"","sfsi_plus_gutenberg_icon_alignemt":"","sfsi_plus_gutenburg_max_per_row":"","footnotes":""},"categories":[39,45056],"tags":[45194,36780],"class_list":["post-5345","post","type-post","status-publish","format-standard","hentry","category-allgemein","category-hochschuldidaktik","tag-lebenslanges-lernen","tag-lernraeume"],"yoast_head":"<!-- This site is optimized with the Yoast SEO plugin v26.8 - https:\/\/yoast.com\/product\/yoast-seo-wordpress\/ -->\n<title>Grenzen von Lernr\u00e4umen verfl\u00fcssigen - Lifelong Learning Blog<\/title>\n<meta name=\"robots\" content=\"index, follow, max-snippet:-1, max-image-preview:large, max-video-preview:-1\" \/>\n<link rel=\"canonical\" href=\"https:\/\/blog.phzh.ch\/zhe\/grenzen-von-lernraeumen-verfluessigen\/\" \/>\n<meta property=\"og:locale\" content=\"de_DE\" \/>\n<meta property=\"og:type\" content=\"article\" \/>\n<meta property=\"og:title\" content=\"Grenzen von Lernr\u00e4umen verfl\u00fcssigen - Lifelong Learning Blog\" \/>\n<meta property=\"og:description\" content=\"Beitrag von Cornelia Dinsleder und Ulrich Kirchg\u00e4ssner Lernen findet lebenslang statt und in R\u00e4umen: Warum wurde das Lebenslange Lernen erst beginnend in den 1970er Jahren zu einer \u00abEntdeckung\u00bb, die das Aus- und Weiterbildungssystem massgeblich ver\u00e4ndert hat? Und weshalb wurde der Raum beim Lernen so lange Zeit kaum beachtet? Dieser Beitrag beschreibt die Dimensionen Zeit und &hellip; Grenzen von Lernr\u00e4umen verfl\u00fcssigen weiterlesen\" \/>\n<meta property=\"og:url\" content=\"https:\/\/blog.phzh.ch\/zhe\/grenzen-von-lernraeumen-verfluessigen\/\" \/>\n<meta property=\"og:site_name\" content=\"Lifelong Learning Blog\" \/>\n<meta property=\"article:publisher\" content=\"https:\/\/www.facebook.com\/hochschuldidaktik\/\" \/>\n<meta property=\"article:published_time\" content=\"2021-04-19T06:00:00+00:00\" \/>\n<meta property=\"og:image\" content=\"https:\/\/blog.phzh.ch\/zhe\/files\/2021\/04\/IMG_4722_4MP-1024x768.jpg\" \/>\n<meta name=\"author\" content=\"admin\" \/>\n<meta name=\"twitter:card\" content=\"summary_large_image\" \/>\n<meta name=\"twitter:creator\" content=\"@zhe_phzuerich\" \/>\n<meta name=\"twitter:site\" content=\"@zhe_phzuerich\" \/>\n<meta name=\"twitter:label1\" content=\"Verfasst von\" \/>\n\t<meta name=\"twitter:data1\" content=\"admin\" \/>\n\t<meta name=\"twitter:label2\" content=\"Gesch\u00e4tzte Lesezeit\" \/>\n\t<meta name=\"twitter:data2\" content=\"5\u00a0Minuten\" \/>\n<script type=\"application\/ld+json\" class=\"yoast-schema-graph\">{\"@context\":\"https:\/\/schema.org\",\"@graph\":[{\"@type\":\"Article\",\"@id\":\"https:\/\/blog.phzh.ch\/zhe\/grenzen-von-lernraeumen-verfluessigen\/#article\",\"isPartOf\":{\"@id\":\"https:\/\/blog.phzh.ch\/zhe\/grenzen-von-lernraeumen-verfluessigen\/\"},\"author\":{\"name\":\"admin\",\"@id\":\"https:\/\/blog.phzh.ch\/zhe\/#\/schema\/person\/19b0a19dd8f0d0951ad01813a34c1ef8\"},\"headline\":\"Grenzen von Lernr\u00e4umen verfl\u00fcssigen\",\"datePublished\":\"2021-04-19T06:00:00+00:00\",\"mainEntityOfPage\":{\"@id\":\"https:\/\/blog.phzh.ch\/zhe\/grenzen-von-lernraeumen-verfluessigen\/\"},\"wordCount\":1000,\"commentCount\":0,\"image\":{\"@id\":\"https:\/\/blog.phzh.ch\/zhe\/grenzen-von-lernraeumen-verfluessigen\/#primaryimage\"},\"thumbnailUrl\":\"https:\/\/blog.phzh.ch\/zhe\/files\/2021\/04\/IMG_4722_4MP-1024x768.jpg\",\"keywords\":[\"Lebenslanges Lernen\",\"Lernr\u00e4ume\"],\"articleSection\":{\"1\":\"Hochschuldidaktik\"},\"inLanguage\":\"de\",\"potentialAction\":[{\"@type\":\"CommentAction\",\"name\":\"Comment\",\"target\":[\"https:\/\/blog.phzh.ch\/zhe\/grenzen-von-lernraeumen-verfluessigen\/#respond\"]}]},{\"@type\":\"WebPage\",\"@id\":\"https:\/\/blog.phzh.ch\/zhe\/grenzen-von-lernraeumen-verfluessigen\/\",\"url\":\"https:\/\/blog.phzh.ch\/zhe\/grenzen-von-lernraeumen-verfluessigen\/\",\"name\":\"Grenzen von Lernr\u00e4umen verfl\u00fcssigen - Lifelong Learning Blog\",\"isPartOf\":{\"@id\":\"https:\/\/blog.phzh.ch\/zhe\/#website\"},\"primaryImageOfPage\":{\"@id\":\"https:\/\/blog.phzh.ch\/zhe\/grenzen-von-lernraeumen-verfluessigen\/#primaryimage\"},\"image\":{\"@id\":\"https:\/\/blog.phzh.ch\/zhe\/grenzen-von-lernraeumen-verfluessigen\/#primaryimage\"},\"thumbnailUrl\":\"https:\/\/blog.phzh.ch\/zhe\/files\/2021\/04\/IMG_4722_4MP-1024x768.jpg\",\"datePublished\":\"2021-04-19T06:00:00+00:00\",\"author\":{\"@id\":\"https:\/\/blog.phzh.ch\/zhe\/#\/schema\/person\/19b0a19dd8f0d0951ad01813a34c1ef8\"},\"breadcrumb\":{\"@id\":\"https:\/\/blog.phzh.ch\/zhe\/grenzen-von-lernraeumen-verfluessigen\/#breadcrumb\"},\"inLanguage\":\"de\",\"potentialAction\":[{\"@type\":\"ReadAction\",\"target\":[\"https:\/\/blog.phzh.ch\/zhe\/grenzen-von-lernraeumen-verfluessigen\/\"]}]},{\"@type\":\"ImageObject\",\"inLanguage\":\"de\",\"@id\":\"https:\/\/blog.phzh.ch\/zhe\/grenzen-von-lernraeumen-verfluessigen\/#primaryimage\",\"url\":\"https:\/\/blog.phzh.ch\/zhe\/files\/2021\/04\/IMG_4722_4MP.jpg\",\"contentUrl\":\"https:\/\/blog.phzh.ch\/zhe\/files\/2021\/04\/IMG_4722_4MP.jpg\",\"width\":2309,\"height\":1732},{\"@type\":\"BreadcrumbList\",\"@id\":\"https:\/\/blog.phzh.ch\/zhe\/grenzen-von-lernraeumen-verfluessigen\/#breadcrumb\",\"itemListElement\":[{\"@type\":\"ListItem\",\"position\":1,\"name\":\"Startseite\",\"item\":\"https:\/\/blog.phzh.ch\/zhe\/\"},{\"@type\":\"ListItem\",\"position\":2,\"name\":\"Grenzen von Lernr\u00e4umen verfl\u00fcssigen\"}]},{\"@type\":\"WebSite\",\"@id\":\"https:\/\/blog.phzh.ch\/zhe\/#website\",\"url\":\"https:\/\/blog.phzh.ch\/zhe\/\",\"name\":\"Lifelong Learning Blog\",\"description\":\"Anregungen f\u00fcr Lehrende an Hochschulen und in der Berufsbildung\",\"potentialAction\":[{\"@type\":\"SearchAction\",\"target\":{\"@type\":\"EntryPoint\",\"urlTemplate\":\"https:\/\/blog.phzh.ch\/zhe\/?s={search_term_string}\"},\"query-input\":{\"@type\":\"PropertyValueSpecification\",\"valueRequired\":true,\"valueName\":\"search_term_string\"}}],\"inLanguage\":\"de\"},{\"@type\":\"Person\",\"@id\":\"https:\/\/blog.phzh.ch\/zhe\/#\/schema\/person\/19b0a19dd8f0d0951ad01813a34c1ef8\",\"name\":\"admin\",\"image\":{\"@type\":\"ImageObject\",\"inLanguage\":\"de\",\"@id\":\"https:\/\/blog.phzh.ch\/zhe\/#\/schema\/person\/image\/\",\"url\":\"https:\/\/secure.gravatar.com\/avatar\/2f5f7aec2d96f014681306f8a37feb48?s=96&d=mm&r=g\",\"contentUrl\":\"https:\/\/secure.gravatar.com\/avatar\/2f5f7aec2d96f014681306f8a37feb48?s=96&d=mm&r=g\",\"caption\":\"admin\"},\"url\":\"https:\/\/blog.phzh.ch\/zhe\/author\/admin\/\"}]}<\/script>\n<!-- \/ Yoast SEO plugin. -->","yoast_head_json":{"title":"Grenzen von Lernr\u00e4umen verfl\u00fcssigen - Lifelong Learning Blog","robots":{"index":"index","follow":"follow","max-snippet":"max-snippet:-1","max-image-preview":"max-image-preview:large","max-video-preview":"max-video-preview:-1"},"canonical":"https:\/\/blog.phzh.ch\/zhe\/grenzen-von-lernraeumen-verfluessigen\/","og_locale":"de_DE","og_type":"article","og_title":"Grenzen von Lernr\u00e4umen verfl\u00fcssigen - Lifelong Learning Blog","og_description":"Beitrag von Cornelia Dinsleder und Ulrich Kirchg\u00e4ssner Lernen findet lebenslang statt und in R\u00e4umen: Warum wurde das Lebenslange Lernen erst beginnend in den 1970er Jahren zu einer \u00abEntdeckung\u00bb, die das Aus- und Weiterbildungssystem massgeblich ver\u00e4ndert hat? Und weshalb wurde der Raum beim Lernen so lange Zeit kaum beachtet? Dieser Beitrag beschreibt die Dimensionen Zeit und &hellip; Grenzen von Lernr\u00e4umen verfl\u00fcssigen weiterlesen","og_url":"https:\/\/blog.phzh.ch\/zhe\/grenzen-von-lernraeumen-verfluessigen\/","og_site_name":"Lifelong Learning Blog","article_publisher":"https:\/\/www.facebook.com\/hochschuldidaktik\/","article_published_time":"2021-04-19T06:00:00+00:00","og_image":[{"url":"https:\/\/blog.phzh.ch\/zhe\/files\/2021\/04\/IMG_4722_4MP-1024x768.jpg","type":"","width":"","height":""}],"author":"admin","twitter_card":"summary_large_image","twitter_creator":"@zhe_phzuerich","twitter_site":"@zhe_phzuerich","twitter_misc":{"Verfasst von":"admin","Gesch\u00e4tzte Lesezeit":"5\u00a0Minuten"},"schema":{"@context":"https:\/\/schema.org","@graph":[{"@type":"Article","@id":"https:\/\/blog.phzh.ch\/zhe\/grenzen-von-lernraeumen-verfluessigen\/#article","isPartOf":{"@id":"https:\/\/blog.phzh.ch\/zhe\/grenzen-von-lernraeumen-verfluessigen\/"},"author":{"name":"admin","@id":"https:\/\/blog.phzh.ch\/zhe\/#\/schema\/person\/19b0a19dd8f0d0951ad01813a34c1ef8"},"headline":"Grenzen von Lernr\u00e4umen verfl\u00fcssigen","datePublished":"2021-04-19T06:00:00+00:00","mainEntityOfPage":{"@id":"https:\/\/blog.phzh.ch\/zhe\/grenzen-von-lernraeumen-verfluessigen\/"},"wordCount":1000,"commentCount":0,"image":{"@id":"https:\/\/blog.phzh.ch\/zhe\/grenzen-von-lernraeumen-verfluessigen\/#primaryimage"},"thumbnailUrl":"https:\/\/blog.phzh.ch\/zhe\/files\/2021\/04\/IMG_4722_4MP-1024x768.jpg","keywords":["Lebenslanges Lernen","Lernr\u00e4ume"],"articleSection":{"1":"Hochschuldidaktik"},"inLanguage":"de","potentialAction":[{"@type":"CommentAction","name":"Comment","target":["https:\/\/blog.phzh.ch\/zhe\/grenzen-von-lernraeumen-verfluessigen\/#respond"]}]},{"@type":"WebPage","@id":"https:\/\/blog.phzh.ch\/zhe\/grenzen-von-lernraeumen-verfluessigen\/","url":"https:\/\/blog.phzh.ch\/zhe\/grenzen-von-lernraeumen-verfluessigen\/","name":"Grenzen von Lernr\u00e4umen verfl\u00fcssigen - Lifelong Learning Blog","isPartOf":{"@id":"https:\/\/blog.phzh.ch\/zhe\/#website"},"primaryImageOfPage":{"@id":"https:\/\/blog.phzh.ch\/zhe\/grenzen-von-lernraeumen-verfluessigen\/#primaryimage"},"image":{"@id":"https:\/\/blog.phzh.ch\/zhe\/grenzen-von-lernraeumen-verfluessigen\/#primaryimage"},"thumbnailUrl":"https:\/\/blog.phzh.ch\/zhe\/files\/2021\/04\/IMG_4722_4MP-1024x768.jpg","datePublished":"2021-04-19T06:00:00+00:00","author":{"@id":"https:\/\/blog.phzh.ch\/zhe\/#\/schema\/person\/19b0a19dd8f0d0951ad01813a34c1ef8"},"breadcrumb":{"@id":"https:\/\/blog.phzh.ch\/zhe\/grenzen-von-lernraeumen-verfluessigen\/#breadcrumb"},"inLanguage":"de","potentialAction":[{"@type":"ReadAction","target":["https:\/\/blog.phzh.ch\/zhe\/grenzen-von-lernraeumen-verfluessigen\/"]}]},{"@type":"ImageObject","inLanguage":"de","@id":"https:\/\/blog.phzh.ch\/zhe\/grenzen-von-lernraeumen-verfluessigen\/#primaryimage","url":"https:\/\/blog.phzh.ch\/zhe\/files\/2021\/04\/IMG_4722_4MP.jpg","contentUrl":"https:\/\/blog.phzh.ch\/zhe\/files\/2021\/04\/IMG_4722_4MP.jpg","width":2309,"height":1732},{"@type":"BreadcrumbList","@id":"https:\/\/blog.phzh.ch\/zhe\/grenzen-von-lernraeumen-verfluessigen\/#breadcrumb","itemListElement":[{"@type":"ListItem","position":1,"name":"Startseite","item":"https:\/\/blog.phzh.ch\/zhe\/"},{"@type":"ListItem","position":2,"name":"Grenzen von Lernr\u00e4umen verfl\u00fcssigen"}]},{"@type":"WebSite","@id":"https:\/\/blog.phzh.ch\/zhe\/#website","url":"https:\/\/blog.phzh.ch\/zhe\/","name":"Lifelong Learning Blog","description":"Anregungen f\u00fcr Lehrende an Hochschulen und in der Berufsbildung","potentialAction":[{"@type":"SearchAction","target":{"@type":"EntryPoint","urlTemplate":"https:\/\/blog.phzh.ch\/zhe\/?s={search_term_string}"},"query-input":{"@type":"PropertyValueSpecification","valueRequired":true,"valueName":"search_term_string"}}],"inLanguage":"de"},{"@type":"Person","@id":"https:\/\/blog.phzh.ch\/zhe\/#\/schema\/person\/19b0a19dd8f0d0951ad01813a34c1ef8","name":"admin","image":{"@type":"ImageObject","inLanguage":"de","@id":"https:\/\/blog.phzh.ch\/zhe\/#\/schema\/person\/image\/","url":"https:\/\/secure.gravatar.com\/avatar\/2f5f7aec2d96f014681306f8a37feb48?s=96&d=mm&r=g","contentUrl":"https:\/\/secure.gravatar.com\/avatar\/2f5f7aec2d96f014681306f8a37feb48?s=96&d=mm&r=g","caption":"admin"},"url":"https:\/\/blog.phzh.ch\/zhe\/author\/admin\/"}]}},"_links":{"self":[{"href":"https:\/\/blog.phzh.ch\/zhe\/wp-json\/wp\/v2\/posts\/5345","targetHints":{"allow":["GET"]}}],"collection":[{"href":"https:\/\/blog.phzh.ch\/zhe\/wp-json\/wp\/v2\/posts"}],"about":[{"href":"https:\/\/blog.phzh.ch\/zhe\/wp-json\/wp\/v2\/types\/post"}],"author":[{"embeddable":true,"href":"https:\/\/blog.phzh.ch\/zhe\/wp-json\/wp\/v2\/users\/1"}],"replies":[{"embeddable":true,"href":"https:\/\/blog.phzh.ch\/zhe\/wp-json\/wp\/v2\/comments?post=5345"}],"version-history":[{"count":4,"href":"https:\/\/blog.phzh.ch\/zhe\/wp-json\/wp\/v2\/posts\/5345\/revisions"}],"predecessor-version":[{"id":5443,"href":"https:\/\/blog.phzh.ch\/zhe\/wp-json\/wp\/v2\/posts\/5345\/revisions\/5443"}],"wp:attachment":[{"href":"https:\/\/blog.phzh.ch\/zhe\/wp-json\/wp\/v2\/media?parent=5345"}],"wp:term":[{"taxonomy":"category","embeddable":true,"href":"https:\/\/blog.phzh.ch\/zhe\/wp-json\/wp\/v2\/categories?post=5345"},{"taxonomy":"post_tag","embeddable":true,"href":"https:\/\/blog.phzh.ch\/zhe\/wp-json\/wp\/v2\/tags?post=5345"}],"curies":[{"name":"wp","href":"https:\/\/api.w.org\/{rel}","templated":true}]}}