{"id":5217,"date":"2020-10-06T08:00:00","date_gmt":"2020-10-06T06:00:00","guid":{"rendered":"https:\/\/blog.phzh.ch\/zhe\/?p=5217"},"modified":"2020-10-05T11:11:30","modified_gmt":"2020-10-05T09:11:30","slug":"was-haenschen-nicht-lernt-lernt-hans-nimmermehr","status":"publish","type":"post","link":"https:\/\/blog.phzh.ch\/zhe\/was-haenschen-nicht-lernt-lernt-hans-nimmermehr\/","title":{"rendered":"Was H\u00e4nschen nicht lernt, lernt Hans nimmermehr?"},"content":{"rendered":"\n<h2 class=\"wp-block-heading\"><strong>Didaktische Herausforderungen auf unterschiedlichen Bildungsstufen im Bereich der beruflichen Bildung&nbsp;<\/strong>&nbsp;<\/h2>\n\n\n\n<p>Beitrag von <a href=\"https:\/\/phzh.ch\/personen\/arlette.haase\" target=\"_blank\" rel=\"noreferrer noopener\">Arlette Haase<\/a><\/p>\n\n\n\n<p>Wer sowohl in der beruflichen Grundbildung wie auch in der h\u00f6heren Berufsbildung oder Weiterbildung unterrichtet, kennt den Spagat zwischen&nbsp;den zumeist jugendlichen Berufslernenden und den&nbsp;erfahreneren Berufsleuten&nbsp;im Unterricht. W\u00e4hrend die Jugendlichen in der beruflichen Grundbildung oft direkt von der Volksschule in die Lehre eintreten, sich mitten in der Adoleszenz befinden und&nbsp;wenig bis keine Berufserfahrung&nbsp;aufweisen k\u00f6nnen,&nbsp;stehen&nbsp;die Teilnehmenden&nbsp;von Angeboten der&nbsp;h\u00f6heren Berufs- und Weiterbildung mitten im&nbsp;(Berufs-) Leben und&nbsp;m\u00f6chten&nbsp;sich gezielt weiterbilden. Es versteht sich von selbst, dass das didaktische Arrangement an die jeweilige Zielgruppe angepasst werden muss.&nbsp;&nbsp;<\/p>\n\n\n\n<figure class=\"wp-block-image size-large\"><img loading=\"lazy\" decoding=\"async\" width=\"1024\" height=\"634\" src=\"https:\/\/blog.phzh.ch\/zhe\/files\/2020\/10\/SekHausen_9503_1024x634.jpg\" alt=\"\" class=\"wp-image-5226\" srcset=\"https:\/\/blog.phzh.ch\/zhe\/files\/2020\/10\/SekHausen_9503_1024x634.jpg 1024w, https:\/\/blog.phzh.ch\/zhe\/files\/2020\/10\/SekHausen_9503_1024x634-300x186.jpg 300w, https:\/\/blog.phzh.ch\/zhe\/files\/2020\/10\/SekHausen_9503_1024x634-768x476.jpg 768w, https:\/\/blog.phzh.ch\/zhe\/files\/2020\/10\/SekHausen_9503_1024x634-825x510.jpg 825w\" sizes=\"auto, (max-width: 1024px) 100vw, 1024px\" \/><figcaption>Im Unterricht mit Jugendlichen spielt die F\u00f6rderung ihrer \u00fcberfachlichen Kompetenzen eine wichtige Rolle.<\/figcaption><\/figure>\n\n\n\n<h2 class=\"wp-block-heading\"><strong>So lernen Jugendliche in der beruflichen Grundbildung<\/strong>&nbsp;<\/h2>\n\n\n\n<p>Jugendliche in der beruflichen Grundbildung ben\u00f6tigen neben den fachlichen und allgemeinbildenden Inhalten, welche durch die Bildungspl\u00e4ne vorgegeben werden,&nbsp;h\u00e4ufig&nbsp;Unterst\u00fctzung auf dem Weg des Erwachsenwerdens&nbsp;und bei der&nbsp;Ausbildung&nbsp;ihrer Identit\u00e4t.&nbsp;Im Unterricht&nbsp;wird viel Wert auf die so genannten \u00fcberfachlichen Kompetenzen gelegt, indem Lernende beispielsweise auch bei der Planung ihres Lernens unterst\u00fctzt werden.&nbsp;Lehrpersonen sind nebst Fachpersonen f\u00fcr&nbsp;den jeweiligen Beruf oder&nbsp;den allgemeinbildenden Unterricht&nbsp;h\u00e4ufig Bezugspersonen f\u00fcr ganz unterschiedliche Anliegen der Berufslernenden, sei es bei Problemen&nbsp;im Betrieb&nbsp;oder&nbsp;bei pers\u00f6nlichen Themen.&nbsp;&nbsp;<\/p>\n\n\n\n<h2 class=\"wp-block-heading\"><strong>So lernen&nbsp;Studierende&nbsp;in der h\u00f6heren Berufs- und Weiterbildung<\/strong>&nbsp;<\/h2>\n\n\n\n<p>Studierende in der h\u00f6heren Berufs- und Weiterbildung hingegen bringen&nbsp;bereits einen Strauss an&nbsp;beruflichem Wissen und Erfahrungen mit. Diese gilt es im Unterricht&nbsp;gezielt aufzugreifen und daran ankn\u00fcpfend die Fachkompetenz zu erweitern.&nbsp;Damit dies gelingt, m\u00fcssen Lehrpersonen&nbsp;M\u00f6glichkeiten bieten, die bestehenden Erfahrungen mit dem neuen Wissen in Verbindung zu bringen&nbsp;und dabei ber\u00fccksichtigen, dass eine Auseinandersetzung mit Gewohnheiten, Einstellungen und Weltanschauungen die an sich gefestigte Identit\u00e4t von&nbsp;\u00aberwachsenen\u00bb Studierenden&nbsp;ins Wanken bringen kann (vgl. <a href=\"https:\/\/www.wbv.de\/shop\/themenbereiche\/erwachsenenbildung\/shop\/detail\/name\/_\/0\/1\/6004185bw\/facet\/6004185bw\/\/\/\/\/\/\/nb\/0\/category\/169.html\" target=\"_blank\" rel=\"noreferrer noopener\">Siebert, 2017, 28<\/a>). Hier&nbsp;gilt es zu respektieren, dass Studierende gezielt entscheiden, mit welchen Inhalten sie sich tiefergehend befassen und welche Inhalte f\u00fcr sie wenig Relevanz haben.&nbsp;Ebenso&nbsp;verf\u00fcgen Studierende zumeist \u00fcber stabile Lernstile&nbsp;(<a href=\"https:\/\/www.wbv.de\/shop\/themenbereiche\/erwachsenenbildung\/shop\/detail\/name\/_\/0\/1\/6004185bw\/facet\/6004185bw\/\/\/\/\/\/\/nb\/0\/category\/169.html\" target=\"_blank\" rel=\"noreferrer noopener\">Siebert, 2017,&nbsp;72<\/a>)&nbsp;und&nbsp;wissen genau, wie sie lernen, w\u00e4hrend Jugendliche in der beruflichen Grundbildung h\u00e4ufig erst an dieses Thema herangef\u00fchrt werden m\u00fcssen.&nbsp;Dabei steht der Beziehungsaspekt weniger im Vordergrund als der fachliche Austausch.&nbsp;<\/p>\n\n\n\n<figure class=\"wp-block-image size-large\"><img loading=\"lazy\" decoding=\"async\" width=\"900\" height=\"600\" src=\"https:\/\/blog.phzh.ch\/zhe\/files\/2020\/09\/W0A7502_klein.jpg\" alt=\"\" class=\"wp-image-5221\" srcset=\"https:\/\/blog.phzh.ch\/zhe\/files\/2020\/09\/W0A7502_klein.jpg 900w, https:\/\/blog.phzh.ch\/zhe\/files\/2020\/09\/W0A7502_klein-300x200.jpg 300w, https:\/\/blog.phzh.ch\/zhe\/files\/2020\/09\/W0A7502_klein-768x512.jpg 768w\" sizes=\"auto, (max-width: 900px) 100vw, 900px\" \/><figcaption>Erwachsene lernen basierend auf ihren Gewohnheiten, Einstellungen und Weltanschauungen.<\/figcaption><\/figure>\n\n\n\n<h2 class=\"wp-block-heading\"><strong>Eine klare Trennung nach Stufe&nbsp;<\/strong><strong>greift zu kurz<\/strong>&nbsp;<\/h2>\n\n\n\n<p>Doch&nbsp;eine&nbsp;schlichte&nbsp;Reduktion auf die jeweilige Stufe&nbsp;(berufliche Grundbildung\/h\u00f6here Berufsbildung)&nbsp;bei der Planung von Unterricht&nbsp;greift zu kurz.&nbsp;In der beruflichen Grundbildung finden wir&nbsp;ebenfalls&nbsp;Lernende, die&nbsp;beispielsweise eine verk\u00fcrzte Lehre absolvieren oder in der erg\u00e4nzenden Bildung ihren Berufsabschluss nachholen&nbsp;und somit bereits \u00fcber einige Jahre Berufserfahrung verf\u00fcgen.&nbsp;Und auch im Bereich der h\u00f6heren Berufs- und Weiterbildung finden wir eine Spannbreite vom jungen Erwachsenen, der direkt aus der beruflichen Grundbildung kommt bis hin zur&nbsp;langj\u00e4hrigen Berufsperson, die&nbsp;sich nach einer l\u00e4ngeren&nbsp;Phase beruflicher T\u00e4tigkeit aus unterschiedlichen Gr\u00fcnden f\u00fcr eine Weiterbildung entschieden hat.&nbsp;&nbsp;<\/p>\n\n\n\n<h2 class=\"wp-block-heading\"><strong>Konzept der Adressatenanalyse&nbsp;<\/strong>&nbsp;<\/h2>\n\n\n\n<p>Lehrpersonen im berufsbildenden Bereich sind also angehalten,&nbsp;auch bei gleichen oder \u00e4hnlichen Unterrichtsinhalten immer wieder zu analysieren, wer genau ihre Zielgruppe ist und welche Bed\u00fcrfnisse diese hat, aber auch welche Schwierigkeiten sich jeweils ergeben k\u00f6nnten. Erst aufgrund dieser Adressatenanalyse&nbsp;kann&nbsp;ein passender Unterricht entwickelt werden. Dabei gelten&nbsp;folgende&nbsp;Prinzipien: Je j\u00fcnger die Lernenden, desto mehr F\u00fchrung und p\u00e4dagogische Unterweisung brauchen&nbsp;sie;&nbsp;je \u00e4lter die Lernenden, desto mehr steht&nbsp;Anschlusslernen, also das Lernen aus den eigenen&nbsp;(beruflichen)&nbsp;Erfahrungen, im Vordergrund und nicht die Belehrung.&nbsp;&nbsp;<\/p>\n\n\n\n<h2 class=\"wp-block-heading\"><strong>Konzept der Bedeutsamkeit&nbsp;<\/strong>&nbsp;<\/h2>\n\n\n\n<p>Entscheidend f\u00fcr einen gelingenden Lernprozess ist die Frage, inwieweit es&nbsp;im Unterricht&nbsp;gelingt, die (vorgegebenen) Unterrichtsinhalte individuell bedeutsam zu machen, so dass die Lernenden und Studierenden einen unmittelbaren Bezug zu ihrer Lebenswelt herstellen k\u00f6nnen.&nbsp;Mikula&nbsp;(<a href=\"https:\/\/erwachsenenbildung.at\/magazin\/ausgabe-7-8\/\" target=\"_blank\" rel=\"noreferrer noopener\">2009, 6<\/a>) beschreibt,&nbsp;passend&nbsp;dazu,&nbsp;die&nbsp;subjektive Bedeutsamkeit&nbsp;als&nbsp;ausschlaggebend&nbsp;daf\u00fcr,&nbsp;\u00abob&nbsp;sich Lernen als Ver\u00e4nderung von Handlungen, als&nbsp;Wissenserweiterung oder als Beitrag zur Lebensbew\u00e4ltigung&nbsp;vollzieht\u00bb.&nbsp;Nur wenn dieser Br\u00fcckenschlag zwischen&nbsp;Lehrangebot&nbsp;und den individuellen Anschluss- sowie Verarbeitungsm\u00f6glichkeiten gelingt, kann Lernen im Sinne einer Reinterpretation oder Reorganisation von bereits vorhandenen Strukturen stattfinden.&nbsp;Damit subjektive Bedeutsamkeit entstehen kann, gilt es Gef\u00e4sse zu schaffen, in denen die wirklichen Lerninteressen von Lernenden zum Vorschein kommen k\u00f6nnen, die Gr\u00fcnde f\u00fcr das jeweilige Lernangebot offenzulegen und den Lernenden&nbsp;die m\u00f6gliche Bedeutsamkeit f\u00fcr ihre Lebenswelt aufzuzeigen (vgl. <a href=\"https:\/\/www.fachportal-paedagogik.de\/literatur\/vollanzeige.html?FId=721179#vollanzeige\" target=\"_blank\" rel=\"noreferrer noopener\">Holzkamp, 2004, 32<\/a>).&nbsp;&nbsp;<\/p>\n\n\n\n<p>Lehrende&nbsp;sind angehalten, sich bei der Planung und Durchf\u00fchrung von Unterricht intensiv mit den Voraussetzungen und Bed\u00fcrfnissen ihrer Zielgruppe auseinanderzusetzen.&nbsp;Wo m\u00f6glich&nbsp;sollten sie&nbsp;diese Bed\u00fcrfnisse aktiv aufgreifen sowie verschiedene Zug\u00e4nge zu einem Lernangebot schaffen. Dies&nbsp;immer mit dem Wissen, dass Lernen ein aktiver und selbstgesteuerter Prozess ist&nbsp;und Lehrende vor allem in der Funktion eines kognitiven, aber auch emotionalen Resonanzk\u00f6rpers fungieren (<a href=\"https:\/\/erwachsenenbildung.at\/magazin\/ausgabe-7-8\/\" target=\"_blank\" rel=\"noreferrer noopener\">Mikula, 2009, 6<\/a>).&nbsp;<\/p>\n\n\n<pre>INFOBOX<br \/>\nDas <a href=\"https:\/\/phzh.ch\/de\/ueber-uns\/Organisation\/Prorektorat-Weiterbildung-und-Dienstleistungen\/abteilung-hochschuldidaktik-und-erwachsenenbildung\/Weiterbildung-Berufsfachschulen\/\" target=\"_blank\" rel=\"noopener noreferrer\">Zentrum Berufs- und Erwachsenenbildung<\/a> bietet <a href=\"https:\/\/phzh.ch\/EPiServer\/CMS\/Content\/de\/Dienstleistungen\/Beratung-und-Coaching-fuer-Berufsfachschulen,,23954\/?epieditmode=True\" target=\"_blank\" rel=\"noopener noreferrer\">Beratungen<\/a> zu verschiedensten Themen an, auch spezifisch zum Unterschied zwischen Jugendlichen und Erwachsenen beim Unterrichten. Zudem befasst sich der neu konzipierte <a href=\"https:\/\/phzh.ch\/EPiServer\/CMS\/Content\/de\/Weiterbildung\/weiterbildung-fur-anbieter-der-hoheren-berufsbildung-und-erwachsenenbildung\/professionelles-handeln,,73809\/?epieditmode=True#cas-erwachsenenbildung\" target=\"_blank\" rel=\"noopener noreferrer\">CAS Erwachsenenbildung<\/a> mit Start im Herbst 2021 mit dieser Frage.<\/pre>\n\n\n<h2 class=\"wp-block-heading\">Zur Autorin<\/h2>\n\n\n\n<div class=\"wp-block-media-text alignwide is-stacked-on-mobile\" style=\"grid-template-columns:21% auto\"><figure class=\"wp-block-media-text__media\"><img loading=\"lazy\" decoding=\"async\" width=\"1536\" height=\"2304\" src=\"https:\/\/blog.phzh.ch\/zhe\/files\/2020\/10\/4-683x1024.jpeg\" alt=\"\" class=\"wp-image-5228\" srcset=\"https:\/\/blog.phzh.ch\/zhe\/files\/2020\/10\/4-683x1024.jpeg 683w, https:\/\/blog.phzh.ch\/zhe\/files\/2020\/10\/4-200x300.jpeg 200w, https:\/\/blog.phzh.ch\/zhe\/files\/2020\/10\/4-768x1152.jpeg 768w, https:\/\/blog.phzh.ch\/zhe\/files\/2020\/10\/4-1024x1536.jpeg 1024w, https:\/\/blog.phzh.ch\/zhe\/files\/2020\/10\/4-1365x2048.jpeg 1365w, https:\/\/blog.phzh.ch\/zhe\/files\/2020\/10\/4.jpeg 1536w\" sizes=\"auto, (max-width: 1536px) 100vw, 1536px\" \/><\/figure><div class=\"wp-block-media-text__content\">\n<p>Arlette Haase ist Wissenschaftliche Mitarbeiterin im Themenbereich \u00abDigitales Lernen\u00bb des Zentrums Berufs- und Erwachsenenbildung der PH Z\u00fcrich.<\/p>\n<\/div><\/div>\n","protected":false},"excerpt":{"rendered":"<p>Didaktische Herausforderungen auf unterschiedlichen Bildungsstufen im Bereich der beruflichen Bildung&nbsp;&nbsp; Beitrag von Arlette Haase Wer sowohl in der beruflichen Grundbildung wie auch in der h\u00f6heren Berufsbildung oder Weiterbildung unterrichtet, kennt den Spagat zwischen&nbsp;den zumeist jugendlichen Berufslernenden und den&nbsp;erfahreneren Berufsleuten&nbsp;im Unterricht. W\u00e4hrend die Jugendlichen in der beruflichen Grundbildung oft direkt von der Volksschule in die Lehre &hellip; <a href=\"https:\/\/blog.phzh.ch\/zhe\/was-haenschen-nicht-lernt-lernt-hans-nimmermehr\/\" class=\"more-link\"><span class=\"screen-reader-text\">Was H\u00e4nschen nicht lernt, lernt Hans nimmermehr?<\/span> weiterlesen<\/a><\/p>\n","protected":false},"author":1410,"featured_media":0,"comment_status":"open","ping_status":"closed","sticky":false,"template":"","format":"standard","meta":{"sfsi_plus_gutenberg_text_before_share":"","sfsi_plus_gutenberg_show_text_before_share":"","sfsi_plus_gutenberg_icon_type":"","sfsi_plus_gutenberg_icon_alignemt":"","sfsi_plus_gutenburg_max_per_row":"","footnotes":""},"categories":[45056,107559,67568,81477],"tags":[],"class_list":["post-5217","post","type-post","status-publish","format-standard","hentry","category-hochschuldidaktik","category-hoehere-berufsbildung","category-methoden","category-weiterbildung-berufsschulen"],"yoast_head":"<!-- This site is optimized with the Yoast SEO plugin v26.8 - https:\/\/yoast.com\/product\/yoast-seo-wordpress\/ -->\n<title>Was H\u00e4nschen nicht lernt, lernt Hans nimmermehr? - Lifelong Learning Blog<\/title>\n<meta name=\"robots\" content=\"index, follow, max-snippet:-1, max-image-preview:large, max-video-preview:-1\" \/>\n<link rel=\"canonical\" href=\"https:\/\/blog.phzh.ch\/zhe\/was-haenschen-nicht-lernt-lernt-hans-nimmermehr\/\" \/>\n<meta property=\"og:locale\" content=\"de_DE\" \/>\n<meta property=\"og:type\" content=\"article\" \/>\n<meta property=\"og:title\" content=\"Was H\u00e4nschen nicht lernt, lernt Hans nimmermehr? - Lifelong Learning Blog\" \/>\n<meta property=\"og:description\" content=\"Didaktische Herausforderungen auf unterschiedlichen Bildungsstufen im Bereich der beruflichen Bildung&nbsp;&nbsp; Beitrag von Arlette Haase Wer sowohl in der beruflichen Grundbildung wie auch in der h\u00f6heren Berufsbildung oder Weiterbildung unterrichtet, kennt den Spagat zwischen&nbsp;den zumeist jugendlichen Berufslernenden und den&nbsp;erfahreneren Berufsleuten&nbsp;im Unterricht. W\u00e4hrend die Jugendlichen in der beruflichen Grundbildung oft direkt von der Volksschule in die Lehre &hellip; Was H\u00e4nschen nicht lernt, lernt Hans nimmermehr? weiterlesen\" \/>\n<meta property=\"og:url\" content=\"https:\/\/blog.phzh.ch\/zhe\/was-haenschen-nicht-lernt-lernt-hans-nimmermehr\/\" \/>\n<meta property=\"og:site_name\" content=\"Lifelong Learning Blog\" \/>\n<meta property=\"article:publisher\" content=\"https:\/\/www.facebook.com\/hochschuldidaktik\/\" \/>\n<meta property=\"article:published_time\" content=\"2020-10-06T06:00:00+00:00\" \/>\n<meta property=\"og:image\" content=\"https:\/\/blog.phzh.ch\/zhe\/files\/2020\/10\/SekHausen_9503_1024x634.jpg\" \/>\n<meta name=\"author\" content=\"Kay Janina Hefti\" \/>\n<meta name=\"twitter:card\" content=\"summary_large_image\" \/>\n<meta name=\"twitter:creator\" content=\"@zhe_phzuerich\" \/>\n<meta name=\"twitter:site\" content=\"@zhe_phzuerich\" \/>\n<meta name=\"twitter:label1\" content=\"Verfasst von\" \/>\n\t<meta name=\"twitter:data1\" content=\"Kay Janina Hefti\" \/>\n\t<meta name=\"twitter:label2\" content=\"Gesch\u00e4tzte Lesezeit\" \/>\n\t<meta name=\"twitter:data2\" content=\"5\u00a0Minuten\" \/>\n<script type=\"application\/ld+json\" class=\"yoast-schema-graph\">{\"@context\":\"https:\/\/schema.org\",\"@graph\":[{\"@type\":\"Article\",\"@id\":\"https:\/\/blog.phzh.ch\/zhe\/was-haenschen-nicht-lernt-lernt-hans-nimmermehr\/#article\",\"isPartOf\":{\"@id\":\"https:\/\/blog.phzh.ch\/zhe\/was-haenschen-nicht-lernt-lernt-hans-nimmermehr\/\"},\"author\":{\"name\":\"Kay Janina Hefti\",\"@id\":\"https:\/\/blog.phzh.ch\/zhe\/#\/schema\/person\/5fa43831c0f6c5acac5b5e7c6a5c8b8b\"},\"headline\":\"Was H\u00e4nschen nicht lernt, lernt Hans nimmermehr?\",\"datePublished\":\"2020-10-06T06:00:00+00:00\",\"mainEntityOfPage\":{\"@id\":\"https:\/\/blog.phzh.ch\/zhe\/was-haenschen-nicht-lernt-lernt-hans-nimmermehr\/\"},\"wordCount\":954,\"commentCount\":5,\"image\":{\"@id\":\"https:\/\/blog.phzh.ch\/zhe\/was-haenschen-nicht-lernt-lernt-hans-nimmermehr\/#primaryimage\"},\"thumbnailUrl\":\"https:\/\/blog.phzh.ch\/zhe\/files\/2020\/10\/SekHausen_9503_1024x634.jpg\",\"articleSection\":[\"Hochschuldidaktik\",\"H\u00f6here Berufsbildung\",\"Methoden\",\"Weiterbildung Berufsschulen\"],\"inLanguage\":\"de\",\"potentialAction\":[{\"@type\":\"CommentAction\",\"name\":\"Comment\",\"target\":[\"https:\/\/blog.phzh.ch\/zhe\/was-haenschen-nicht-lernt-lernt-hans-nimmermehr\/#respond\"]}]},{\"@type\":\"WebPage\",\"@id\":\"https:\/\/blog.phzh.ch\/zhe\/was-haenschen-nicht-lernt-lernt-hans-nimmermehr\/\",\"url\":\"https:\/\/blog.phzh.ch\/zhe\/was-haenschen-nicht-lernt-lernt-hans-nimmermehr\/\",\"name\":\"Was H\u00e4nschen nicht lernt, lernt Hans nimmermehr? - Lifelong Learning Blog\",\"isPartOf\":{\"@id\":\"https:\/\/blog.phzh.ch\/zhe\/#website\"},\"primaryImageOfPage\":{\"@id\":\"https:\/\/blog.phzh.ch\/zhe\/was-haenschen-nicht-lernt-lernt-hans-nimmermehr\/#primaryimage\"},\"image\":{\"@id\":\"https:\/\/blog.phzh.ch\/zhe\/was-haenschen-nicht-lernt-lernt-hans-nimmermehr\/#primaryimage\"},\"thumbnailUrl\":\"https:\/\/blog.phzh.ch\/zhe\/files\/2020\/10\/SekHausen_9503_1024x634.jpg\",\"datePublished\":\"2020-10-06T06:00:00+00:00\",\"author\":{\"@id\":\"https:\/\/blog.phzh.ch\/zhe\/#\/schema\/person\/5fa43831c0f6c5acac5b5e7c6a5c8b8b\"},\"breadcrumb\":{\"@id\":\"https:\/\/blog.phzh.ch\/zhe\/was-haenschen-nicht-lernt-lernt-hans-nimmermehr\/#breadcrumb\"},\"inLanguage\":\"de\",\"potentialAction\":[{\"@type\":\"ReadAction\",\"target\":[\"https:\/\/blog.phzh.ch\/zhe\/was-haenschen-nicht-lernt-lernt-hans-nimmermehr\/\"]}]},{\"@type\":\"ImageObject\",\"inLanguage\":\"de\",\"@id\":\"https:\/\/blog.phzh.ch\/zhe\/was-haenschen-nicht-lernt-lernt-hans-nimmermehr\/#primaryimage\",\"url\":\"https:\/\/blog.phzh.ch\/zhe\/files\/2020\/10\/SekHausen_9503_1024x634.jpg\",\"contentUrl\":\"https:\/\/blog.phzh.ch\/zhe\/files\/2020\/10\/SekHausen_9503_1024x634.jpg\",\"width\":1024,\"height\":634},{\"@type\":\"BreadcrumbList\",\"@id\":\"https:\/\/blog.phzh.ch\/zhe\/was-haenschen-nicht-lernt-lernt-hans-nimmermehr\/#breadcrumb\",\"itemListElement\":[{\"@type\":\"ListItem\",\"position\":1,\"name\":\"Startseite\",\"item\":\"https:\/\/blog.phzh.ch\/zhe\/\"},{\"@type\":\"ListItem\",\"position\":2,\"name\":\"Was H\u00e4nschen nicht lernt, lernt Hans nimmermehr?\"}]},{\"@type\":\"WebSite\",\"@id\":\"https:\/\/blog.phzh.ch\/zhe\/#website\",\"url\":\"https:\/\/blog.phzh.ch\/zhe\/\",\"name\":\"Lifelong Learning Blog\",\"description\":\"Anregungen f\u00fcr Lehrende an Hochschulen und in der Berufsbildung\",\"potentialAction\":[{\"@type\":\"SearchAction\",\"target\":{\"@type\":\"EntryPoint\",\"urlTemplate\":\"https:\/\/blog.phzh.ch\/zhe\/?s={search_term_string}\"},\"query-input\":{\"@type\":\"PropertyValueSpecification\",\"valueRequired\":true,\"valueName\":\"search_term_string\"}}],\"inLanguage\":\"de\"},{\"@type\":\"Person\",\"@id\":\"https:\/\/blog.phzh.ch\/zhe\/#\/schema\/person\/5fa43831c0f6c5acac5b5e7c6a5c8b8b\",\"name\":\"Kay Janina Hefti\",\"image\":{\"@type\":\"ImageObject\",\"inLanguage\":\"de\",\"@id\":\"https:\/\/blog.phzh.ch\/zhe\/#\/schema\/person\/image\/\",\"url\":\"https:\/\/secure.gravatar.com\/avatar\/ded3e16ba7de8db2188b3d38701b01cb?s=96&d=mm&r=g\",\"contentUrl\":\"https:\/\/secure.gravatar.com\/avatar\/ded3e16ba7de8db2188b3d38701b01cb?s=96&d=mm&r=g\",\"caption\":\"Kay Janina Hefti\"},\"url\":\"https:\/\/blog.phzh.ch\/zhe\/author\/kayjanina-heftiphzh-ch\/\"}]}<\/script>\n<!-- \/ Yoast SEO plugin. -->","yoast_head_json":{"title":"Was H\u00e4nschen nicht lernt, lernt Hans nimmermehr? - Lifelong Learning Blog","robots":{"index":"index","follow":"follow","max-snippet":"max-snippet:-1","max-image-preview":"max-image-preview:large","max-video-preview":"max-video-preview:-1"},"canonical":"https:\/\/blog.phzh.ch\/zhe\/was-haenschen-nicht-lernt-lernt-hans-nimmermehr\/","og_locale":"de_DE","og_type":"article","og_title":"Was H\u00e4nschen nicht lernt, lernt Hans nimmermehr? - Lifelong Learning Blog","og_description":"Didaktische Herausforderungen auf unterschiedlichen Bildungsstufen im Bereich der beruflichen Bildung&nbsp;&nbsp; Beitrag von Arlette Haase Wer sowohl in der beruflichen Grundbildung wie auch in der h\u00f6heren Berufsbildung oder Weiterbildung unterrichtet, kennt den Spagat zwischen&nbsp;den zumeist jugendlichen Berufslernenden und den&nbsp;erfahreneren Berufsleuten&nbsp;im Unterricht. W\u00e4hrend die Jugendlichen in der beruflichen Grundbildung oft direkt von der Volksschule in die Lehre &hellip; Was H\u00e4nschen nicht lernt, lernt Hans nimmermehr? weiterlesen","og_url":"https:\/\/blog.phzh.ch\/zhe\/was-haenschen-nicht-lernt-lernt-hans-nimmermehr\/","og_site_name":"Lifelong Learning Blog","article_publisher":"https:\/\/www.facebook.com\/hochschuldidaktik\/","article_published_time":"2020-10-06T06:00:00+00:00","og_image":[{"url":"https:\/\/blog.phzh.ch\/zhe\/files\/2020\/10\/SekHausen_9503_1024x634.jpg","type":"","width":"","height":""}],"author":"Kay Janina Hefti","twitter_card":"summary_large_image","twitter_creator":"@zhe_phzuerich","twitter_site":"@zhe_phzuerich","twitter_misc":{"Verfasst von":"Kay Janina Hefti","Gesch\u00e4tzte Lesezeit":"5\u00a0Minuten"},"schema":{"@context":"https:\/\/schema.org","@graph":[{"@type":"Article","@id":"https:\/\/blog.phzh.ch\/zhe\/was-haenschen-nicht-lernt-lernt-hans-nimmermehr\/#article","isPartOf":{"@id":"https:\/\/blog.phzh.ch\/zhe\/was-haenschen-nicht-lernt-lernt-hans-nimmermehr\/"},"author":{"name":"Kay Janina Hefti","@id":"https:\/\/blog.phzh.ch\/zhe\/#\/schema\/person\/5fa43831c0f6c5acac5b5e7c6a5c8b8b"},"headline":"Was H\u00e4nschen nicht lernt, lernt Hans nimmermehr?","datePublished":"2020-10-06T06:00:00+00:00","mainEntityOfPage":{"@id":"https:\/\/blog.phzh.ch\/zhe\/was-haenschen-nicht-lernt-lernt-hans-nimmermehr\/"},"wordCount":954,"commentCount":5,"image":{"@id":"https:\/\/blog.phzh.ch\/zhe\/was-haenschen-nicht-lernt-lernt-hans-nimmermehr\/#primaryimage"},"thumbnailUrl":"https:\/\/blog.phzh.ch\/zhe\/files\/2020\/10\/SekHausen_9503_1024x634.jpg","articleSection":["Hochschuldidaktik","H\u00f6here Berufsbildung","Methoden","Weiterbildung Berufsschulen"],"inLanguage":"de","potentialAction":[{"@type":"CommentAction","name":"Comment","target":["https:\/\/blog.phzh.ch\/zhe\/was-haenschen-nicht-lernt-lernt-hans-nimmermehr\/#respond"]}]},{"@type":"WebPage","@id":"https:\/\/blog.phzh.ch\/zhe\/was-haenschen-nicht-lernt-lernt-hans-nimmermehr\/","url":"https:\/\/blog.phzh.ch\/zhe\/was-haenschen-nicht-lernt-lernt-hans-nimmermehr\/","name":"Was H\u00e4nschen nicht lernt, lernt Hans nimmermehr? - Lifelong Learning Blog","isPartOf":{"@id":"https:\/\/blog.phzh.ch\/zhe\/#website"},"primaryImageOfPage":{"@id":"https:\/\/blog.phzh.ch\/zhe\/was-haenschen-nicht-lernt-lernt-hans-nimmermehr\/#primaryimage"},"image":{"@id":"https:\/\/blog.phzh.ch\/zhe\/was-haenschen-nicht-lernt-lernt-hans-nimmermehr\/#primaryimage"},"thumbnailUrl":"https:\/\/blog.phzh.ch\/zhe\/files\/2020\/10\/SekHausen_9503_1024x634.jpg","datePublished":"2020-10-06T06:00:00+00:00","author":{"@id":"https:\/\/blog.phzh.ch\/zhe\/#\/schema\/person\/5fa43831c0f6c5acac5b5e7c6a5c8b8b"},"breadcrumb":{"@id":"https:\/\/blog.phzh.ch\/zhe\/was-haenschen-nicht-lernt-lernt-hans-nimmermehr\/#breadcrumb"},"inLanguage":"de","potentialAction":[{"@type":"ReadAction","target":["https:\/\/blog.phzh.ch\/zhe\/was-haenschen-nicht-lernt-lernt-hans-nimmermehr\/"]}]},{"@type":"ImageObject","inLanguage":"de","@id":"https:\/\/blog.phzh.ch\/zhe\/was-haenschen-nicht-lernt-lernt-hans-nimmermehr\/#primaryimage","url":"https:\/\/blog.phzh.ch\/zhe\/files\/2020\/10\/SekHausen_9503_1024x634.jpg","contentUrl":"https:\/\/blog.phzh.ch\/zhe\/files\/2020\/10\/SekHausen_9503_1024x634.jpg","width":1024,"height":634},{"@type":"BreadcrumbList","@id":"https:\/\/blog.phzh.ch\/zhe\/was-haenschen-nicht-lernt-lernt-hans-nimmermehr\/#breadcrumb","itemListElement":[{"@type":"ListItem","position":1,"name":"Startseite","item":"https:\/\/blog.phzh.ch\/zhe\/"},{"@type":"ListItem","position":2,"name":"Was H\u00e4nschen nicht lernt, lernt Hans nimmermehr?"}]},{"@type":"WebSite","@id":"https:\/\/blog.phzh.ch\/zhe\/#website","url":"https:\/\/blog.phzh.ch\/zhe\/","name":"Lifelong Learning Blog","description":"Anregungen f\u00fcr Lehrende an Hochschulen und in der Berufsbildung","potentialAction":[{"@type":"SearchAction","target":{"@type":"EntryPoint","urlTemplate":"https:\/\/blog.phzh.ch\/zhe\/?s={search_term_string}"},"query-input":{"@type":"PropertyValueSpecification","valueRequired":true,"valueName":"search_term_string"}}],"inLanguage":"de"},{"@type":"Person","@id":"https:\/\/blog.phzh.ch\/zhe\/#\/schema\/person\/5fa43831c0f6c5acac5b5e7c6a5c8b8b","name":"Kay Janina Hefti","image":{"@type":"ImageObject","inLanguage":"de","@id":"https:\/\/blog.phzh.ch\/zhe\/#\/schema\/person\/image\/","url":"https:\/\/secure.gravatar.com\/avatar\/ded3e16ba7de8db2188b3d38701b01cb?s=96&d=mm&r=g","contentUrl":"https:\/\/secure.gravatar.com\/avatar\/ded3e16ba7de8db2188b3d38701b01cb?s=96&d=mm&r=g","caption":"Kay Janina Hefti"},"url":"https:\/\/blog.phzh.ch\/zhe\/author\/kayjanina-heftiphzh-ch\/"}]}},"_links":{"self":[{"href":"https:\/\/blog.phzh.ch\/zhe\/wp-json\/wp\/v2\/posts\/5217","targetHints":{"allow":["GET"]}}],"collection":[{"href":"https:\/\/blog.phzh.ch\/zhe\/wp-json\/wp\/v2\/posts"}],"about":[{"href":"https:\/\/blog.phzh.ch\/zhe\/wp-json\/wp\/v2\/types\/post"}],"author":[{"embeddable":true,"href":"https:\/\/blog.phzh.ch\/zhe\/wp-json\/wp\/v2\/users\/1410"}],"replies":[{"embeddable":true,"href":"https:\/\/blog.phzh.ch\/zhe\/wp-json\/wp\/v2\/comments?post=5217"}],"version-history":[{"count":6,"href":"https:\/\/blog.phzh.ch\/zhe\/wp-json\/wp\/v2\/posts\/5217\/revisions"}],"predecessor-version":[{"id":5230,"href":"https:\/\/blog.phzh.ch\/zhe\/wp-json\/wp\/v2\/posts\/5217\/revisions\/5230"}],"wp:attachment":[{"href":"https:\/\/blog.phzh.ch\/zhe\/wp-json\/wp\/v2\/media?parent=5217"}],"wp:term":[{"taxonomy":"category","embeddable":true,"href":"https:\/\/blog.phzh.ch\/zhe\/wp-json\/wp\/v2\/categories?post=5217"},{"taxonomy":"post_tag","embeddable":true,"href":"https:\/\/blog.phzh.ch\/zhe\/wp-json\/wp\/v2\/tags?post=5217"}],"curies":[{"name":"wp","href":"https:\/\/api.w.org\/{rel}","templated":true}]}}