{"id":4555,"date":"2020-04-07T08:00:00","date_gmt":"2020-04-07T06:00:00","guid":{"rendered":"https:\/\/blog.phzh.ch\/zhe\/?p=4555"},"modified":"2020-04-06T12:09:33","modified_gmt":"2020-04-06T10:09:33","slug":"design-thinking-denkhaltung-erweitert-den-horizont","status":"publish","type":"post","link":"https:\/\/blog.phzh.ch\/zhe\/design-thinking-denkhaltung-erweitert-den-horizont\/","title":{"rendered":"Design Thinking \u2013 Denkhaltung erweitert den Horizont"},"content":{"rendered":"\n<p>Was steckt hinter dem Begriff <a rel=\"noreferrer noopener\" href=\"https:\/\/de.wikipedia.org\/wiki\/Design_Thinking\" target=\"_blank\">Design Thinking<\/a>? F\u00fcr wen ist das interessant? Und wie wird Design Thinking in der Bildungslandschaft eingesetzt?<\/p>\n\n\n\n<p><a aria-label=\"Nora Dainton (\u00f6ffnet in neuem Tab)\" href=\"https:\/\/www.fhnw.ch\/de\/personen\/nora-dainton\" target=\"_blank\" rel=\"noreferrer noopener\">Nora Dainton<\/a> und <a aria-label=\"Thomas Etter (\u00f6ffnet in neuem Tab)\" href=\"https:\/\/innoveto.com\/team\/\" target=\"_blank\" rel=\"noreferrer noopener\">Thomas Etter<\/a> geben im folgenden Video einen Einblick ins Thema Design Thinking. <\/p>\n\n\n\n<figure class=\"wp-block-embed-youtube wp-block-embed is-type-video is-provider-youtube wp-embed-aspect-16-9 wp-has-aspect-ratio\"><div class=\"wp-block-embed__wrapper\">\n<iframe loading=\"lazy\" title=\"Design Thinking\" width=\"660\" height=\"371\" src=\"https:\/\/www.youtube.com\/embed\/UxKnQ0tbQBA?feature=oembed\" frameborder=\"0\" allow=\"accelerometer; autoplay; clipboard-write; encrypted-media; gyroscope; picture-in-picture; web-share\" referrerpolicy=\"strict-origin-when-cross-origin\" allowfullscreen><\/iframe>\n<\/div><\/figure>\n\n\n\n<pre class=\"wp-block-preformatted\">INFOBOX\n\nAm 7. Mai und 18. Juni 2020 (1.5 Kurstage) findet der Kurs <a aria-label=\"\u00abBootcamp Design Thinking \u2013 Wie eine agile Methode in der Hochschuldidaktik eingesetzt werden kann\u00bb (\u00f6ffnet in neuem Tab)\" rel=\"noreferrer noopener\" href=\"https:\/\/phzh.ch\/de\/Weiterbildung\/Hochschuldidaktik-und-entwicklung\/anlassdetail-hochschuldidaktik-und-erwachsenenbildung\/Bootcamp-Design-Thinking-n144397116.html\" target=\"_blank\">\u00abBootcamp Design Thinking \u2013 Wie eine agile Methode in der Hochschuldidaktik eingesetzt werden kann\u00bb<\/a> von Nora Dainton und Thomas Etter statt. Der erste Kurstag am 7. Mai 2020 wird aufgrund der aktuellen Situation voraussichtlich im Online-Modus stattfinden. \nWenn nun also Ihr Interesse geweckt wurde und Sie mehr \u00fcber Design Thinking erfahren m\u00f6chten, k\u00f6nnen Sie sich <a aria-label=\"hier (\u00f6ffnet in neuem Tab)\" rel=\"noreferrer noopener\" href=\"https:\/\/phzh.ch\/de\/Weiterbildung\/Hochschuldidaktik-und-entwicklung\/anlassdetail-hochschuldidaktik-und-erwachsenenbildung\/Bootcamp-Design-Thinking-n144397116.html\" target=\"_blank\">hier<\/a> f\u00fcr den Kurs anmelden.\nHinweis: Der Kurs ist inzwischen ausgebucht, wir nehmen aber gerne Anmeldungen auf die Warteliste entgegen und werden den Kurs in naher Zukunft wieder anbieten.<\/pre>\n","protected":false},"excerpt":{"rendered":"<p>Was steckt hinter dem Begriff Design Thinking? F\u00fcr wen ist das interessant? Und wie wird Design Thinking in der Bildungslandschaft eingesetzt? Nora Dainton und Thomas Etter geben im folgenden Video einen Einblick ins Thema Design Thinking. INFOBOX Am 7. Mai und 18. Juni 2020 (1.5 Kurstage) findet der Kurs \u00abBootcamp Design Thinking \u2013 Wie eine &hellip; <a href=\"https:\/\/blog.phzh.ch\/zhe\/design-thinking-denkhaltung-erweitert-den-horizont\/\" class=\"more-link\"><span class=\"screen-reader-text\">Design Thinking \u2013 Denkhaltung erweitert den Horizont<\/span> weiterlesen<\/a><\/p>\n","protected":false},"author":1172,"featured_media":0,"comment_status":"open","ping_status":"open","sticky":false,"template":"","format":"standard","meta":{"sfsi_plus_gutenberg_text_before_share":"","sfsi_plus_gutenberg_show_text_before_share":"","sfsi_plus_gutenberg_icon_type":"","sfsi_plus_gutenberg_icon_alignemt":"","sfsi_plus_gutenburg_max_per_row":"","footnotes":""},"categories":[82821],"tags":[64341],"class_list":["post-4555","post","type-post","status-publish","format-standard","hentry","category-digital-learning","tag-digitalisierung"],"yoast_head":"<!-- This site is optimized with the Yoast SEO plugin v26.8 - https:\/\/yoast.com\/product\/yoast-seo-wordpress\/ -->\n<title>Design Thinking \u2013 Denkhaltung erweitert den Horizont - Lifelong Learning Blog<\/title>\n<meta name=\"description\" content=\"Was steckt hinter dem Begriff Design Thinking? F\u00fcr wen ist Design Thinking interessant? Und wie wird Design Thinking in der Bildungslandschaft eingesetzt?\" \/>\n<meta name=\"robots\" content=\"index, follow, max-snippet:-1, max-image-preview:large, max-video-preview:-1\" \/>\n<link rel=\"canonical\" href=\"https:\/\/blog.phzh.ch\/zhe\/design-thinking-denkhaltung-erweitert-den-horizont\/\" \/>\n<meta property=\"og:locale\" content=\"de_DE\" \/>\n<meta property=\"og:type\" content=\"article\" \/>\n<meta property=\"og:title\" content=\"Design Thinking \u2013 Denkhaltung erweitert den Horizont - Lifelong Learning Blog\" \/>\n<meta property=\"og:description\" content=\"Was steckt hinter dem Begriff Design Thinking? F\u00fcr wen ist Design Thinking interessant? Und wie wird Design Thinking in der Bildungslandschaft eingesetzt?\" \/>\n<meta property=\"og:url\" content=\"https:\/\/blog.phzh.ch\/zhe\/design-thinking-denkhaltung-erweitert-den-horizont\/\" \/>\n<meta property=\"og:site_name\" content=\"Lifelong Learning Blog\" \/>\n<meta property=\"article:publisher\" content=\"https:\/\/www.facebook.com\/hochschuldidaktik\/\" \/>\n<meta property=\"article:published_time\" content=\"2020-04-07T06:00:00+00:00\" \/>\n<meta name=\"author\" content=\"Martina Meienberg\" \/>\n<meta name=\"twitter:card\" content=\"summary_large_image\" \/>\n<meta name=\"twitter:creator\" content=\"@zhe_phzuerich\" \/>\n<meta name=\"twitter:site\" content=\"@zhe_phzuerich\" \/>\n<meta name=\"twitter:label1\" content=\"Verfasst von\" \/>\n\t<meta name=\"twitter:data1\" content=\"Martina Meienberg\" \/>\n\t<meta name=\"twitter:label2\" content=\"Gesch\u00e4tzte Lesezeit\" \/>\n\t<meta name=\"twitter:data2\" content=\"1\u00a0Minute\" \/>\n<script type=\"application\/ld+json\" class=\"yoast-schema-graph\">{\"@context\":\"https:\/\/schema.org\",\"@graph\":[{\"@type\":\"Article\",\"@id\":\"https:\/\/blog.phzh.ch\/zhe\/design-thinking-denkhaltung-erweitert-den-horizont\/#article\",\"isPartOf\":{\"@id\":\"https:\/\/blog.phzh.ch\/zhe\/design-thinking-denkhaltung-erweitert-den-horizont\/\"},\"author\":{\"name\":\"Martina Meienberg\",\"@id\":\"https:\/\/blog.phzh.ch\/zhe\/#\/schema\/person\/51c3d35f83792bca18b21a66c00a6c3c\"},\"headline\":\"Design Thinking \u2013 Denkhaltung erweitert den Horizont\",\"datePublished\":\"2020-04-07T06:00:00+00:00\",\"mainEntityOfPage\":{\"@id\":\"https:\/\/blog.phzh.ch\/zhe\/design-thinking-denkhaltung-erweitert-den-horizont\/\"},\"wordCount\":55,\"commentCount\":0,\"keywords\":[\"Digitalisierung\"],\"articleSection\":[\"Digital Learning\"],\"inLanguage\":\"de\",\"potentialAction\":[{\"@type\":\"CommentAction\",\"name\":\"Comment\",\"target\":[\"https:\/\/blog.phzh.ch\/zhe\/design-thinking-denkhaltung-erweitert-den-horizont\/#respond\"]}]},{\"@type\":\"WebPage\",\"@id\":\"https:\/\/blog.phzh.ch\/zhe\/design-thinking-denkhaltung-erweitert-den-horizont\/\",\"url\":\"https:\/\/blog.phzh.ch\/zhe\/design-thinking-denkhaltung-erweitert-den-horizont\/\",\"name\":\"Design Thinking \u2013 Denkhaltung erweitert den Horizont - Lifelong Learning Blog\",\"isPartOf\":{\"@id\":\"https:\/\/blog.phzh.ch\/zhe\/#website\"},\"datePublished\":\"2020-04-07T06:00:00+00:00\",\"author\":{\"@id\":\"https:\/\/blog.phzh.ch\/zhe\/#\/schema\/person\/51c3d35f83792bca18b21a66c00a6c3c\"},\"description\":\"Was steckt hinter dem Begriff Design Thinking? F\u00fcr wen ist Design Thinking interessant? Und wie wird Design Thinking in der Bildungslandschaft eingesetzt?\",\"breadcrumb\":{\"@id\":\"https:\/\/blog.phzh.ch\/zhe\/design-thinking-denkhaltung-erweitert-den-horizont\/#breadcrumb\"},\"inLanguage\":\"de\",\"potentialAction\":[{\"@type\":\"ReadAction\",\"target\":[\"https:\/\/blog.phzh.ch\/zhe\/design-thinking-denkhaltung-erweitert-den-horizont\/\"]}]},{\"@type\":\"BreadcrumbList\",\"@id\":\"https:\/\/blog.phzh.ch\/zhe\/design-thinking-denkhaltung-erweitert-den-horizont\/#breadcrumb\",\"itemListElement\":[{\"@type\":\"ListItem\",\"position\":1,\"name\":\"Startseite\",\"item\":\"https:\/\/blog.phzh.ch\/zhe\/\"},{\"@type\":\"ListItem\",\"position\":2,\"name\":\"Design Thinking \u2013 Denkhaltung erweitert den Horizont\"}]},{\"@type\":\"WebSite\",\"@id\":\"https:\/\/blog.phzh.ch\/zhe\/#website\",\"url\":\"https:\/\/blog.phzh.ch\/zhe\/\",\"name\":\"Lifelong Learning Blog\",\"description\":\"Anregungen f\u00fcr Lehrende an Hochschulen und in der Berufsbildung\",\"potentialAction\":[{\"@type\":\"SearchAction\",\"target\":{\"@type\":\"EntryPoint\",\"urlTemplate\":\"https:\/\/blog.phzh.ch\/zhe\/?s={search_term_string}\"},\"query-input\":{\"@type\":\"PropertyValueSpecification\",\"valueRequired\":true,\"valueName\":\"search_term_string\"}}],\"inLanguage\":\"de\"},{\"@type\":\"Person\",\"@id\":\"https:\/\/blog.phzh.ch\/zhe\/#\/schema\/person\/51c3d35f83792bca18b21a66c00a6c3c\",\"name\":\"Martina Meienberg\",\"image\":{\"@type\":\"ImageObject\",\"inLanguage\":\"de\",\"@id\":\"https:\/\/blog.phzh.ch\/zhe\/#\/schema\/person\/image\/\",\"url\":\"https:\/\/secure.gravatar.com\/avatar\/ff3ac2af18fe72e3520460a6a8cad535?s=96&d=mm&r=g\",\"contentUrl\":\"https:\/\/secure.gravatar.com\/avatar\/ff3ac2af18fe72e3520460a6a8cad535?s=96&d=mm&r=g\",\"caption\":\"Martina Meienberg\"},\"url\":\"https:\/\/blog.phzh.ch\/zhe\/author\/martinameienberg\/\"}]}<\/script>\n<!-- \/ Yoast SEO plugin. -->","yoast_head_json":{"title":"Design Thinking \u2013 Denkhaltung erweitert den Horizont - Lifelong Learning Blog","description":"Was steckt hinter dem Begriff Design Thinking? F\u00fcr wen ist Design Thinking interessant? Und wie wird Design Thinking in der Bildungslandschaft eingesetzt?","robots":{"index":"index","follow":"follow","max-snippet":"max-snippet:-1","max-image-preview":"max-image-preview:large","max-video-preview":"max-video-preview:-1"},"canonical":"https:\/\/blog.phzh.ch\/zhe\/design-thinking-denkhaltung-erweitert-den-horizont\/","og_locale":"de_DE","og_type":"article","og_title":"Design Thinking \u2013 Denkhaltung erweitert den Horizont - Lifelong Learning Blog","og_description":"Was steckt hinter dem Begriff Design Thinking? F\u00fcr wen ist Design Thinking interessant? Und wie wird Design Thinking in der Bildungslandschaft eingesetzt?","og_url":"https:\/\/blog.phzh.ch\/zhe\/design-thinking-denkhaltung-erweitert-den-horizont\/","og_site_name":"Lifelong Learning Blog","article_publisher":"https:\/\/www.facebook.com\/hochschuldidaktik\/","article_published_time":"2020-04-07T06:00:00+00:00","author":"Martina Meienberg","twitter_card":"summary_large_image","twitter_creator":"@zhe_phzuerich","twitter_site":"@zhe_phzuerich","twitter_misc":{"Verfasst von":"Martina Meienberg","Gesch\u00e4tzte Lesezeit":"1\u00a0Minute"},"schema":{"@context":"https:\/\/schema.org","@graph":[{"@type":"Article","@id":"https:\/\/blog.phzh.ch\/zhe\/design-thinking-denkhaltung-erweitert-den-horizont\/#article","isPartOf":{"@id":"https:\/\/blog.phzh.ch\/zhe\/design-thinking-denkhaltung-erweitert-den-horizont\/"},"author":{"name":"Martina Meienberg","@id":"https:\/\/blog.phzh.ch\/zhe\/#\/schema\/person\/51c3d35f83792bca18b21a66c00a6c3c"},"headline":"Design Thinking \u2013 Denkhaltung erweitert den Horizont","datePublished":"2020-04-07T06:00:00+00:00","mainEntityOfPage":{"@id":"https:\/\/blog.phzh.ch\/zhe\/design-thinking-denkhaltung-erweitert-den-horizont\/"},"wordCount":55,"commentCount":0,"keywords":["Digitalisierung"],"articleSection":["Digital Learning"],"inLanguage":"de","potentialAction":[{"@type":"CommentAction","name":"Comment","target":["https:\/\/blog.phzh.ch\/zhe\/design-thinking-denkhaltung-erweitert-den-horizont\/#respond"]}]},{"@type":"WebPage","@id":"https:\/\/blog.phzh.ch\/zhe\/design-thinking-denkhaltung-erweitert-den-horizont\/","url":"https:\/\/blog.phzh.ch\/zhe\/design-thinking-denkhaltung-erweitert-den-horizont\/","name":"Design Thinking \u2013 Denkhaltung erweitert den Horizont - Lifelong Learning Blog","isPartOf":{"@id":"https:\/\/blog.phzh.ch\/zhe\/#website"},"datePublished":"2020-04-07T06:00:00+00:00","author":{"@id":"https:\/\/blog.phzh.ch\/zhe\/#\/schema\/person\/51c3d35f83792bca18b21a66c00a6c3c"},"description":"Was steckt hinter dem Begriff Design Thinking? F\u00fcr wen ist Design Thinking interessant? Und wie wird Design Thinking in der Bildungslandschaft eingesetzt?","breadcrumb":{"@id":"https:\/\/blog.phzh.ch\/zhe\/design-thinking-denkhaltung-erweitert-den-horizont\/#breadcrumb"},"inLanguage":"de","potentialAction":[{"@type":"ReadAction","target":["https:\/\/blog.phzh.ch\/zhe\/design-thinking-denkhaltung-erweitert-den-horizont\/"]}]},{"@type":"BreadcrumbList","@id":"https:\/\/blog.phzh.ch\/zhe\/design-thinking-denkhaltung-erweitert-den-horizont\/#breadcrumb","itemListElement":[{"@type":"ListItem","position":1,"name":"Startseite","item":"https:\/\/blog.phzh.ch\/zhe\/"},{"@type":"ListItem","position":2,"name":"Design Thinking \u2013 Denkhaltung erweitert den Horizont"}]},{"@type":"WebSite","@id":"https:\/\/blog.phzh.ch\/zhe\/#website","url":"https:\/\/blog.phzh.ch\/zhe\/","name":"Lifelong Learning Blog","description":"Anregungen f\u00fcr Lehrende an Hochschulen und in der Berufsbildung","potentialAction":[{"@type":"SearchAction","target":{"@type":"EntryPoint","urlTemplate":"https:\/\/blog.phzh.ch\/zhe\/?s={search_term_string}"},"query-input":{"@type":"PropertyValueSpecification","valueRequired":true,"valueName":"search_term_string"}}],"inLanguage":"de"},{"@type":"Person","@id":"https:\/\/blog.phzh.ch\/zhe\/#\/schema\/person\/51c3d35f83792bca18b21a66c00a6c3c","name":"Martina Meienberg","image":{"@type":"ImageObject","inLanguage":"de","@id":"https:\/\/blog.phzh.ch\/zhe\/#\/schema\/person\/image\/","url":"https:\/\/secure.gravatar.com\/avatar\/ff3ac2af18fe72e3520460a6a8cad535?s=96&d=mm&r=g","contentUrl":"https:\/\/secure.gravatar.com\/avatar\/ff3ac2af18fe72e3520460a6a8cad535?s=96&d=mm&r=g","caption":"Martina Meienberg"},"url":"https:\/\/blog.phzh.ch\/zhe\/author\/martinameienberg\/"}]}},"_links":{"self":[{"href":"https:\/\/blog.phzh.ch\/zhe\/wp-json\/wp\/v2\/posts\/4555","targetHints":{"allow":["GET"]}}],"collection":[{"href":"https:\/\/blog.phzh.ch\/zhe\/wp-json\/wp\/v2\/posts"}],"about":[{"href":"https:\/\/blog.phzh.ch\/zhe\/wp-json\/wp\/v2\/types\/post"}],"author":[{"embeddable":true,"href":"https:\/\/blog.phzh.ch\/zhe\/wp-json\/wp\/v2\/users\/1172"}],"replies":[{"embeddable":true,"href":"https:\/\/blog.phzh.ch\/zhe\/wp-json\/wp\/v2\/comments?post=4555"}],"version-history":[{"count":15,"href":"https:\/\/blog.phzh.ch\/zhe\/wp-json\/wp\/v2\/posts\/4555\/revisions"}],"predecessor-version":[{"id":4579,"href":"https:\/\/blog.phzh.ch\/zhe\/wp-json\/wp\/v2\/posts\/4555\/revisions\/4579"}],"wp:attachment":[{"href":"https:\/\/blog.phzh.ch\/zhe\/wp-json\/wp\/v2\/media?parent=4555"}],"wp:term":[{"taxonomy":"category","embeddable":true,"href":"https:\/\/blog.phzh.ch\/zhe\/wp-json\/wp\/v2\/categories?post=4555"},{"taxonomy":"post_tag","embeddable":true,"href":"https:\/\/blog.phzh.ch\/zhe\/wp-json\/wp\/v2\/tags?post=4555"}],"curies":[{"name":"wp","href":"https:\/\/api.w.org\/{rel}","templated":true}]}}