{"id":984,"date":"2019-02-19T04:00:21","date_gmt":"2019-02-19T03:00:21","guid":{"rendered":"https:\/\/blog.phzh.ch\/schulfuehrung\/?p=984"},"modified":"2019-05-19T00:34:01","modified_gmt":"2019-05-18T22:34:01","slug":"arbeitswelt-4-0-und-die-schule","status":"publish","type":"post","link":"https:\/\/blog.phzh.ch\/schulfuehrung\/2019\/02\/19\/arbeitswelt-4-0-und-die-schule\/","title":{"rendered":"Arbeitswelt 4.0 und die Schule"},"content":{"rendered":"<p><strong>Vom 11. bis 15. M\u00e4rz finden die <a href=\"https:\/\/informatiktage.ch\" target=\"_blank\" rel=\"noreferrer noopener\">Informatiktage 2019<\/a> des <a href=\"https:\/\/awa.zh.ch\/internet\/volkswirtschaftsdirektion\/awa\/de\/ezuerich.html\" target=\"_blank\" rel=\"noreferrer noopener\">eZ\u00fcrich Netzwerks<\/a> statt. Auch die PH Z\u00fcrich beteiligt sich daran \u2013 mit dem Ziel, die facettenreiche Welt der digitalen Medien und der Informatik f\u00fcr Schulleitende, Lehrpersonen und ihre Schulklassen erlebbar zu machen.<\/strong><\/p>\n<p>Den Auftakt der Informatiktage an der PH Z\u00fcrich macht Dr. Sarah Genner mit ihrem <a href=\"https:\/\/informatiktage.ch\/veranstaltungen\/arbeitswelt-4.0-und-die-schule\" target=\"_blank\" rel=\"noreferrer noopener\">Referat \u00abArbeitswelt 4.0 \u2013 und die Schule?\u00bb mit anschliessender Podiumsdiskussion, am Montag, 11. M\u00e4rz um 18.15 Uhr<\/a>.<\/p>\n<p>Die anschliessende Podiumsdiskussion geht der Frage nach: \u00abIst das Schweizer Bildungssystem ger\u00fcstet f\u00fcr die Arbeitswelt 4.0?\u00bb. Durch die zunehmende digitale Vernetzung ver\u00e4ndert sich unsere Arbeitswelt. In dieser \u00abvierten industriellen Revolution\u00bb stehen wir als Gesellschaft und im Bildungswesen vor der Herausforderung, Bildung und Ausbildung f\u00fcr k\u00fcnftige Generationen zu gestalten. Es diskutieren: Prof. Dr. Heinz Rhyn, Rektor <a href=\"https:\/\/phzh.ch\" target=\"_blank\" rel=\"noreferrer noopener\">PH Z\u00fcrich<\/a>, Dr. Sarah Genner, Dozentin <a href=\"https:\/\/phzh.ch\" target=\"_blank\" rel=\"noreferrer noopener\">PH Z\u00fcrich<\/a>, Sonia Eterno-Sposito, Gr\u00fcnderin von <a href=\"https:\/\/www.shubidu.com\" target=\"_blank\" rel=\"noreferrer noopener\">SHUBiDU AG<\/a> und Head of Service Marketing Swisscom, Dr. Beat A. Schwendimann, Leiter P\u00e4dagogische Arbeitsstelle <a href=\"https:\/\/www.lch.ch\" target=\"_blank\" rel=\"noreferrer noopener\">LCH<\/a> und Toni Ritz, Direktor <a href=\"https:\/\/www.educa.ch\" target=\"_blank\" rel=\"noreferrer noopener\">educa.ch<\/a>.<\/p>\n<p>Wir freuen uns auf Ihre Teilnahme und den Austausch mit Ihnen!<\/p>\n<p><em>Dr. Sarah Genner, Rahel Tschopp, Lorenz Gigon<\/em><br \/>\n<em>Programmleitung Informatiktage 2019 PH Z\u00fcrich<\/em><\/p>\n<p><a href=\"https:\/\/informatiktage.ch\/veranstaltungen\/arbeitswelt-4.0-und-die-schule\/\" target=\"_blank\" rel=\"noreferrer noopener\" aria-label=\" (\u00f6ffnet in neuem Tab)\">https:\/\/informatiktage.ch\/veranstaltungen\/arbeitswelt-4.0-und-die-schule<\/a><\/p>\n<p><a href=\"https:\/\/informatiktage.ch\/profile\/ph-zurich-2019\/\" target=\"_blank\" rel=\"noreferrer noopener\" aria-label=\" (\u00f6ffnet in neuem Tab)\">https:\/\/informatiktage.ch\/profile\/ph-zurich-2019<\/a><\/p>\n","protected":false},"excerpt":{"rendered":"<p>Vom 11. bis 15. M\u00e4rz finden die Informatiktage 2019 des eZ\u00fcrich Netzwerks statt. Auch die PH Z\u00fcrich beteiligt sich daran \u2013 mit dem Ziel, die facettenreiche Welt der digitalen Medien und der Informatik f\u00fcr Schulleitende, Lehrpersonen und ihre Schulklassen erlebbar zu machen. Den Auftakt der Informatiktage an der PH Z\u00fcrich macht Dr. Sarah Genner mit &hellip; <a href=\"https:\/\/blog.phzh.ch\/schulfuehrung\/2019\/02\/19\/arbeitswelt-4-0-und-die-schule\/\" class=\"more-link\"><span class=\"screen-reader-text\">Arbeitswelt 4.0 und die Schule<\/span> weiterlesen<\/a><\/p>\n","protected":false},"author":1416,"featured_media":987,"comment_status":"open","ping_status":"open","sticky":false,"template":"","format":"standard","meta":{"sfsi_plus_gutenberg_text_before_share":"","sfsi_plus_gutenberg_show_text_before_share":"","sfsi_plus_gutenberg_icon_type":"","sfsi_plus_gutenberg_icon_alignemt":"","sfsi_plus_gutenburg_max_per_row":"","footnotes":""},"categories":[107128,107309],"tags":[],"class_list":["post-984","post","type-post","status-publish","format-standard","has-post-thumbnail","hentry","category-entdecken","category-alle-beitraege"],"yoast_head":"<!-- This site is optimized with the Yoast SEO plugin v26.8 - https:\/\/yoast.com\/product\/yoast-seo-wordpress\/ -->\n<title>Arbeitswelt 4.0 und die Schule - Schulf\u00fchrung<\/title>\n<meta name=\"robots\" content=\"index, follow, max-snippet:-1, max-image-preview:large, max-video-preview:-1\" \/>\n<link rel=\"canonical\" href=\"https:\/\/blog.phzh.ch\/schulfuehrung\/2019\/02\/19\/arbeitswelt-4-0-und-die-schule\/\" \/>\n<meta property=\"og:locale\" content=\"de_DE\" \/>\n<meta property=\"og:type\" content=\"article\" \/>\n<meta property=\"og:title\" content=\"Arbeitswelt 4.0 und die Schule - Schulf\u00fchrung\" \/>\n<meta property=\"og:description\" content=\"Vom 11. bis 15. M\u00e4rz finden die Informatiktage 2019 des eZ\u00fcrich Netzwerks statt. Auch die PH Z\u00fcrich beteiligt sich daran \u2013 mit dem Ziel, die facettenreiche Welt der digitalen Medien und der Informatik f\u00fcr Schulleitende, Lehrpersonen und ihre Schulklassen erlebbar zu machen. Den Auftakt der Informatiktage an der PH Z\u00fcrich macht Dr. Sarah Genner mit &hellip; Arbeitswelt 4.0 und die Schule weiterlesen\" \/>\n<meta property=\"og:url\" content=\"https:\/\/blog.phzh.ch\/schulfuehrung\/2019\/02\/19\/arbeitswelt-4-0-und-die-schule\/\" \/>\n<meta property=\"og:site_name\" content=\"Schulf\u00fchrung\" \/>\n<meta property=\"article:published_time\" content=\"2019-02-19T03:00:21+00:00\" \/>\n<meta property=\"article:modified_time\" content=\"2019-05-18T22:34:01+00:00\" \/>\n<meta property=\"og:image\" content=\"https:\/\/blog.phzh.ch\/schulfuehrung\/files\/2019\/02\/PHOTO-2018-12-12-11-35-51.jpg\" \/>\n\t<meta property=\"og:image:width\" content=\"1365\" \/>\n\t<meta property=\"og:image:height\" content=\"693\" \/>\n\t<meta property=\"og:image:type\" content=\"image\/jpeg\" \/>\n<meta name=\"author\" content=\"joerg.berger@phzh.ch\" \/>\n<meta name=\"twitter:card\" content=\"summary_large_image\" \/>\n<meta name=\"twitter:label1\" content=\"Verfasst von\" \/>\n\t<meta name=\"twitter:data1\" content=\"joerg.berger@phzh.ch\" \/>\n\t<meta name=\"twitter:label2\" content=\"Gesch\u00e4tzte Lesezeit\" \/>\n\t<meta name=\"twitter:data2\" content=\"1\u00a0Minute\" \/>\n<script type=\"application\/ld+json\" class=\"yoast-schema-graph\">{\"@context\":\"https:\/\/schema.org\",\"@graph\":[{\"@type\":\"Article\",\"@id\":\"https:\/\/blog.phzh.ch\/schulfuehrung\/2019\/02\/19\/arbeitswelt-4-0-und-die-schule\/#article\",\"isPartOf\":{\"@id\":\"https:\/\/blog.phzh.ch\/schulfuehrung\/2019\/02\/19\/arbeitswelt-4-0-und-die-schule\/\"},\"author\":{\"name\":\"joerg.berger@phzh.ch\",\"@id\":\"https:\/\/blog.phzh.ch\/schulfuehrung\/#\/schema\/person\/054349b95d3a6f07edb6b76b4f30280b\"},\"headline\":\"Arbeitswelt 4.0 und die Schule\",\"datePublished\":\"2019-02-19T03:00:21+00:00\",\"dateModified\":\"2019-05-18T22:34:01+00:00\",\"mainEntityOfPage\":{\"@id\":\"https:\/\/blog.phzh.ch\/schulfuehrung\/2019\/02\/19\/arbeitswelt-4-0-und-die-schule\/\"},\"wordCount\":206,\"commentCount\":0,\"image\":{\"@id\":\"https:\/\/blog.phzh.ch\/schulfuehrung\/2019\/02\/19\/arbeitswelt-4-0-und-die-schule\/#primaryimage\"},\"thumbnailUrl\":\"https:\/\/blog.phzh.ch\/schulfuehrung\/files\/2019\/02\/PHOTO-2018-12-12-11-35-51.jpg\",\"articleSection\":[\"Entdecken\",\"Gesamte Beitr\u00e4ge\"],\"inLanguage\":\"de\",\"potentialAction\":[{\"@type\":\"CommentAction\",\"name\":\"Comment\",\"target\":[\"https:\/\/blog.phzh.ch\/schulfuehrung\/2019\/02\/19\/arbeitswelt-4-0-und-die-schule\/#respond\"]}]},{\"@type\":\"WebPage\",\"@id\":\"https:\/\/blog.phzh.ch\/schulfuehrung\/2019\/02\/19\/arbeitswelt-4-0-und-die-schule\/\",\"url\":\"https:\/\/blog.phzh.ch\/schulfuehrung\/2019\/02\/19\/arbeitswelt-4-0-und-die-schule\/\",\"name\":\"Arbeitswelt 4.0 und die Schule - Schulf\u00fchrung\",\"isPartOf\":{\"@id\":\"https:\/\/blog.phzh.ch\/schulfuehrung\/#website\"},\"primaryImageOfPage\":{\"@id\":\"https:\/\/blog.phzh.ch\/schulfuehrung\/2019\/02\/19\/arbeitswelt-4-0-und-die-schule\/#primaryimage\"},\"image\":{\"@id\":\"https:\/\/blog.phzh.ch\/schulfuehrung\/2019\/02\/19\/arbeitswelt-4-0-und-die-schule\/#primaryimage\"},\"thumbnailUrl\":\"https:\/\/blog.phzh.ch\/schulfuehrung\/files\/2019\/02\/PHOTO-2018-12-12-11-35-51.jpg\",\"datePublished\":\"2019-02-19T03:00:21+00:00\",\"dateModified\":\"2019-05-18T22:34:01+00:00\",\"author\":{\"@id\":\"https:\/\/blog.phzh.ch\/schulfuehrung\/#\/schema\/person\/054349b95d3a6f07edb6b76b4f30280b\"},\"breadcrumb\":{\"@id\":\"https:\/\/blog.phzh.ch\/schulfuehrung\/2019\/02\/19\/arbeitswelt-4-0-und-die-schule\/#breadcrumb\"},\"inLanguage\":\"de\",\"potentialAction\":[{\"@type\":\"ReadAction\",\"target\":[\"https:\/\/blog.phzh.ch\/schulfuehrung\/2019\/02\/19\/arbeitswelt-4-0-und-die-schule\/\"]}]},{\"@type\":\"ImageObject\",\"inLanguage\":\"de\",\"@id\":\"https:\/\/blog.phzh.ch\/schulfuehrung\/2019\/02\/19\/arbeitswelt-4-0-und-die-schule\/#primaryimage\",\"url\":\"https:\/\/blog.phzh.ch\/schulfuehrung\/files\/2019\/02\/PHOTO-2018-12-12-11-35-51.jpg\",\"contentUrl\":\"https:\/\/blog.phzh.ch\/schulfuehrung\/files\/2019\/02\/PHOTO-2018-12-12-11-35-51.jpg\",\"width\":1365,\"height\":693},{\"@type\":\"BreadcrumbList\",\"@id\":\"https:\/\/blog.phzh.ch\/schulfuehrung\/2019\/02\/19\/arbeitswelt-4-0-und-die-schule\/#breadcrumb\",\"itemListElement\":[{\"@type\":\"ListItem\",\"position\":1,\"name\":\"Startseite\",\"item\":\"https:\/\/blog.phzh.ch\/schulfuehrung\/\"},{\"@type\":\"ListItem\",\"position\":2,\"name\":\"Arbeitswelt 4.0 und die Schule\"}]},{\"@type\":\"WebSite\",\"@id\":\"https:\/\/blog.phzh.ch\/schulfuehrung\/#website\",\"url\":\"https:\/\/blog.phzh.ch\/schulfuehrung\/\",\"name\":\"Schulf\u00fchrung\",\"description\":\"phzh.ch\/schulfuehrung\",\"potentialAction\":[{\"@type\":\"SearchAction\",\"target\":{\"@type\":\"EntryPoint\",\"urlTemplate\":\"https:\/\/blog.phzh.ch\/schulfuehrung\/?s={search_term_string}\"},\"query-input\":{\"@type\":\"PropertyValueSpecification\",\"valueRequired\":true,\"valueName\":\"search_term_string\"}}],\"inLanguage\":\"de\"},{\"@type\":\"Person\",\"@id\":\"https:\/\/blog.phzh.ch\/schulfuehrung\/#\/schema\/person\/054349b95d3a6f07edb6b76b4f30280b\",\"name\":\"joerg.berger@phzh.ch\",\"image\":{\"@type\":\"ImageObject\",\"inLanguage\":\"de\",\"@id\":\"https:\/\/blog.phzh.ch\/schulfuehrung\/#\/schema\/person\/image\/\",\"url\":\"https:\/\/secure.gravatar.com\/avatar\/7feadf7133c63f799cd5819f21ccc220?s=96&d=mm&r=g\",\"contentUrl\":\"https:\/\/secure.gravatar.com\/avatar\/7feadf7133c63f799cd5819f21ccc220?s=96&d=mm&r=g\",\"caption\":\"joerg.berger@phzh.ch\"},\"url\":\"https:\/\/blog.phzh.ch\/schulfuehrung\/author\/joerg-bergerphzh-ch\/\"}]}<\/script>\n<!-- \/ Yoast SEO plugin. -->","yoast_head_json":{"title":"Arbeitswelt 4.0 und die Schule - Schulf\u00fchrung","robots":{"index":"index","follow":"follow","max-snippet":"max-snippet:-1","max-image-preview":"max-image-preview:large","max-video-preview":"max-video-preview:-1"},"canonical":"https:\/\/blog.phzh.ch\/schulfuehrung\/2019\/02\/19\/arbeitswelt-4-0-und-die-schule\/","og_locale":"de_DE","og_type":"article","og_title":"Arbeitswelt 4.0 und die Schule - Schulf\u00fchrung","og_description":"Vom 11. bis 15. M\u00e4rz finden die Informatiktage 2019 des eZ\u00fcrich Netzwerks statt. Auch die PH Z\u00fcrich beteiligt sich daran \u2013 mit dem Ziel, die facettenreiche Welt der digitalen Medien und der Informatik f\u00fcr Schulleitende, Lehrpersonen und ihre Schulklassen erlebbar zu machen. Den Auftakt der Informatiktage an der PH Z\u00fcrich macht Dr. Sarah Genner mit &hellip; Arbeitswelt 4.0 und die Schule weiterlesen","og_url":"https:\/\/blog.phzh.ch\/schulfuehrung\/2019\/02\/19\/arbeitswelt-4-0-und-die-schule\/","og_site_name":"Schulf\u00fchrung","article_published_time":"2019-02-19T03:00:21+00:00","article_modified_time":"2019-05-18T22:34:01+00:00","og_image":[{"width":1365,"height":693,"url":"https:\/\/blog.phzh.ch\/schulfuehrung\/files\/2019\/02\/PHOTO-2018-12-12-11-35-51.jpg","type":"image\/jpeg"}],"author":"joerg.berger@phzh.ch","twitter_card":"summary_large_image","twitter_misc":{"Verfasst von":"joerg.berger@phzh.ch","Gesch\u00e4tzte Lesezeit":"1\u00a0Minute"},"schema":{"@context":"https:\/\/schema.org","@graph":[{"@type":"Article","@id":"https:\/\/blog.phzh.ch\/schulfuehrung\/2019\/02\/19\/arbeitswelt-4-0-und-die-schule\/#article","isPartOf":{"@id":"https:\/\/blog.phzh.ch\/schulfuehrung\/2019\/02\/19\/arbeitswelt-4-0-und-die-schule\/"},"author":{"name":"joerg.berger@phzh.ch","@id":"https:\/\/blog.phzh.ch\/schulfuehrung\/#\/schema\/person\/054349b95d3a6f07edb6b76b4f30280b"},"headline":"Arbeitswelt 4.0 und die Schule","datePublished":"2019-02-19T03:00:21+00:00","dateModified":"2019-05-18T22:34:01+00:00","mainEntityOfPage":{"@id":"https:\/\/blog.phzh.ch\/schulfuehrung\/2019\/02\/19\/arbeitswelt-4-0-und-die-schule\/"},"wordCount":206,"commentCount":0,"image":{"@id":"https:\/\/blog.phzh.ch\/schulfuehrung\/2019\/02\/19\/arbeitswelt-4-0-und-die-schule\/#primaryimage"},"thumbnailUrl":"https:\/\/blog.phzh.ch\/schulfuehrung\/files\/2019\/02\/PHOTO-2018-12-12-11-35-51.jpg","articleSection":["Entdecken","Gesamte Beitr\u00e4ge"],"inLanguage":"de","potentialAction":[{"@type":"CommentAction","name":"Comment","target":["https:\/\/blog.phzh.ch\/schulfuehrung\/2019\/02\/19\/arbeitswelt-4-0-und-die-schule\/#respond"]}]},{"@type":"WebPage","@id":"https:\/\/blog.phzh.ch\/schulfuehrung\/2019\/02\/19\/arbeitswelt-4-0-und-die-schule\/","url":"https:\/\/blog.phzh.ch\/schulfuehrung\/2019\/02\/19\/arbeitswelt-4-0-und-die-schule\/","name":"Arbeitswelt 4.0 und die Schule - Schulf\u00fchrung","isPartOf":{"@id":"https:\/\/blog.phzh.ch\/schulfuehrung\/#website"},"primaryImageOfPage":{"@id":"https:\/\/blog.phzh.ch\/schulfuehrung\/2019\/02\/19\/arbeitswelt-4-0-und-die-schule\/#primaryimage"},"image":{"@id":"https:\/\/blog.phzh.ch\/schulfuehrung\/2019\/02\/19\/arbeitswelt-4-0-und-die-schule\/#primaryimage"},"thumbnailUrl":"https:\/\/blog.phzh.ch\/schulfuehrung\/files\/2019\/02\/PHOTO-2018-12-12-11-35-51.jpg","datePublished":"2019-02-19T03:00:21+00:00","dateModified":"2019-05-18T22:34:01+00:00","author":{"@id":"https:\/\/blog.phzh.ch\/schulfuehrung\/#\/schema\/person\/054349b95d3a6f07edb6b76b4f30280b"},"breadcrumb":{"@id":"https:\/\/blog.phzh.ch\/schulfuehrung\/2019\/02\/19\/arbeitswelt-4-0-und-die-schule\/#breadcrumb"},"inLanguage":"de","potentialAction":[{"@type":"ReadAction","target":["https:\/\/blog.phzh.ch\/schulfuehrung\/2019\/02\/19\/arbeitswelt-4-0-und-die-schule\/"]}]},{"@type":"ImageObject","inLanguage":"de","@id":"https:\/\/blog.phzh.ch\/schulfuehrung\/2019\/02\/19\/arbeitswelt-4-0-und-die-schule\/#primaryimage","url":"https:\/\/blog.phzh.ch\/schulfuehrung\/files\/2019\/02\/PHOTO-2018-12-12-11-35-51.jpg","contentUrl":"https:\/\/blog.phzh.ch\/schulfuehrung\/files\/2019\/02\/PHOTO-2018-12-12-11-35-51.jpg","width":1365,"height":693},{"@type":"BreadcrumbList","@id":"https:\/\/blog.phzh.ch\/schulfuehrung\/2019\/02\/19\/arbeitswelt-4-0-und-die-schule\/#breadcrumb","itemListElement":[{"@type":"ListItem","position":1,"name":"Startseite","item":"https:\/\/blog.phzh.ch\/schulfuehrung\/"},{"@type":"ListItem","position":2,"name":"Arbeitswelt 4.0 und die Schule"}]},{"@type":"WebSite","@id":"https:\/\/blog.phzh.ch\/schulfuehrung\/#website","url":"https:\/\/blog.phzh.ch\/schulfuehrung\/","name":"Schulf\u00fchrung","description":"phzh.ch\/schulfuehrung","potentialAction":[{"@type":"SearchAction","target":{"@type":"EntryPoint","urlTemplate":"https:\/\/blog.phzh.ch\/schulfuehrung\/?s={search_term_string}"},"query-input":{"@type":"PropertyValueSpecification","valueRequired":true,"valueName":"search_term_string"}}],"inLanguage":"de"},{"@type":"Person","@id":"https:\/\/blog.phzh.ch\/schulfuehrung\/#\/schema\/person\/054349b95d3a6f07edb6b76b4f30280b","name":"joerg.berger@phzh.ch","image":{"@type":"ImageObject","inLanguage":"de","@id":"https:\/\/blog.phzh.ch\/schulfuehrung\/#\/schema\/person\/image\/","url":"https:\/\/secure.gravatar.com\/avatar\/7feadf7133c63f799cd5819f21ccc220?s=96&d=mm&r=g","contentUrl":"https:\/\/secure.gravatar.com\/avatar\/7feadf7133c63f799cd5819f21ccc220?s=96&d=mm&r=g","caption":"joerg.berger@phzh.ch"},"url":"https:\/\/blog.phzh.ch\/schulfuehrung\/author\/joerg-bergerphzh-ch\/"}]}},"_links":{"self":[{"href":"https:\/\/blog.phzh.ch\/schulfuehrung\/wp-json\/wp\/v2\/posts\/984","targetHints":{"allow":["GET"]}}],"collection":[{"href":"https:\/\/blog.phzh.ch\/schulfuehrung\/wp-json\/wp\/v2\/posts"}],"about":[{"href":"https:\/\/blog.phzh.ch\/schulfuehrung\/wp-json\/wp\/v2\/types\/post"}],"author":[{"embeddable":true,"href":"https:\/\/blog.phzh.ch\/schulfuehrung\/wp-json\/wp\/v2\/users\/1416"}],"replies":[{"embeddable":true,"href":"https:\/\/blog.phzh.ch\/schulfuehrung\/wp-json\/wp\/v2\/comments?post=984"}],"version-history":[{"count":5,"href":"https:\/\/blog.phzh.ch\/schulfuehrung\/wp-json\/wp\/v2\/posts\/984\/revisions"}],"predecessor-version":[{"id":1019,"href":"https:\/\/blog.phzh.ch\/schulfuehrung\/wp-json\/wp\/v2\/posts\/984\/revisions\/1019"}],"wp:featuredmedia":[{"embeddable":true,"href":"https:\/\/blog.phzh.ch\/schulfuehrung\/wp-json\/wp\/v2\/media\/987"}],"wp:attachment":[{"href":"https:\/\/blog.phzh.ch\/schulfuehrung\/wp-json\/wp\/v2\/media?parent=984"}],"wp:term":[{"taxonomy":"category","embeddable":true,"href":"https:\/\/blog.phzh.ch\/schulfuehrung\/wp-json\/wp\/v2\/categories?post=984"},{"taxonomy":"post_tag","embeddable":true,"href":"https:\/\/blog.phzh.ch\/schulfuehrung\/wp-json\/wp\/v2\/tags?post=984"}],"curies":[{"name":"wp","href":"https:\/\/api.w.org\/{rel}","templated":true}]}}