{"id":7619,"date":"2026-09-04T04:00:00","date_gmt":"2026-09-04T02:00:00","guid":{"rendered":"https:\/\/blog.phzh.ch\/schulfuehrung\/?p=7619"},"modified":"2026-08-31T12:00:30","modified_gmt":"2026-08-31T10:00:30","slug":"absolventinnenbefragung-das-schulleitung","status":"publish","type":"post","link":"https:\/\/blog.phzh.ch\/schulfuehrung\/2026\/09\/04\/absolventinnenbefragung-das-schulleitung\/","title":{"rendered":"Absolvent:innenbefragung DAS Schulleitung"},"content":{"rendered":"\n<p><strong>J\u00e4hrlich werden die Absolvent:innen befragt, um den DAS Schulleitung seit seiner erstmaligen Durchf\u00fchrung (Start: 2023) weiterzuentwickeln. Antworten liegen von drei Lehrg\u00e4ngen mit Abschluss 2025 bis 2026 vor (aus den Lehrg\u00e4ngen des DAS SL 01 bis 03 inklusive DAS SL Upgrade). Die Teilnehmenden beantworteten Fragen zu ihrer Ausbildungsmotivation, zur Ausbildung und zu den heutigen Herausforderungen als Schulleiter:in. Mirjam Kocher und Jasmin Kolb haben die Ergebnisse zusammengefasst.<\/strong><\/p>\n\n\n\n<p><strong>Wer besuchte den DAS Schulleitung?<\/strong><\/p>\n\n\n\n<p>An der Absolvent:innenbefragung beteiligten sich insgesamt 105 Personen (R\u00fccklaufquote von&nbsp;44,30 Prozent) aus den Abschlussjahrg\u00e4ngen 2025 bis 2026. Die Befragten sind durchschnittlich 45 Jahre alt und verf\u00fcgen im Mittel \u00fcber vier Jahre Berufserfahrung als Schulleiter:in. Die Altersspanne reicht von 32 bis 61 Jahren, die Berufserfahrung von zwei bis 23 Jahren. Rund 70 Prozent der Teilnehmenden sind Frauen, 30 Prozent M\u00e4nner.<\/p>\n\n\n\n<p>Der \u00fcberwiegende Teil der Absolvent:innen stammt aus dem Kanton Z\u00fcrich (83 Personen). Weitere Teilnehmende kommen aus den Kantonen St. Gallen, Appenzell, Thurgau und Schwyz. Insgesamt sind heute 96 der befragten Absolvent:innen als Schulleiter:innen t\u00e4tig und \u00fcben diese Funktion mit einem durchschnittlichen Pensum von 80 Prozent aus. Die Ergebnisse zeigen zudem, dass Schulleitung heute mehrheitlich im Team wahrgenommen wird. Am h\u00e4ufigsten f\u00fchren die Absolvent:innen ihre Schule gemeinsam in einer Co-Leitung mit einer weiteren Person (61,5 Prozent, 59 Personen). Deutlich seltener sind Schulleiter:innen alleinverantwortlich t\u00e4tig (18,8 Prozent, 18 Personen). Co-Leitungsmodelle mit drei oder mehr Personen kommen vergleichsweise gleich oft vor (19,8 Prozent, 19 Personen). Die Zahlen unterstreichen damit den hohen Stellenwert kooperativer F\u00fchrungsformen im schulischen Kontext.<\/p>\n\n\n\n<figure class=\"wp-block-image size-large\"><img loading=\"lazy\" decoding=\"async\" width=\"1024\" height=\"557\" src=\"http:\/\/blog.phzh.ch\/schulfuehrung\/files\/2026\/08\/Abbildung-1-Fuehrung-als-Einer-oder-Co-Leitung-1024x557.png\" alt=\"Abbildung 1 F\u00fchrung als Einer- oder Co-Leitung\" class=\"wp-image-7620\" srcset=\"https:\/\/blog.phzh.ch\/schulfuehrung\/files\/2026\/08\/Abbildung-1-Fuehrung-als-Einer-oder-Co-Leitung-1024x557.png 1024w, https:\/\/blog.phzh.ch\/schulfuehrung\/files\/2026\/08\/Abbildung-1-Fuehrung-als-Einer-oder-Co-Leitung-300x163.png 300w, https:\/\/blog.phzh.ch\/schulfuehrung\/files\/2026\/08\/Abbildung-1-Fuehrung-als-Einer-oder-Co-Leitung-768x418.png 768w, https:\/\/blog.phzh.ch\/schulfuehrung\/files\/2026\/08\/Abbildung-1-Fuehrung-als-Einer-oder-Co-Leitung.png 1061w\" sizes=\"auto, (max-width: 1024px) 100vw, 1024px\" \/><\/figure>\n\n\n\n<p>Abbildung 1: F\u00fchrung als Einer- oder Co-Leitung<\/p>\n\n\n<p><!--more--><\/p>\n\n\n<p>Die befragten Schulleiter:innen tragen durchschnittlich f\u00fcr 32 Mitarbeitende Verantwortung. Die Spannweite reicht dabei von kleineren Schulen mit acht Mitarbeitenden bis hin zu Organisationen mit 68 Mitarbeitenden. Die grosse Mehrheit der Befragten ist im Kindergarten- und Primarschulbereich (Zyklen 1 und 2: 126 Nennungen) t\u00e4tig. F\u00fchrungsverantwortung auf der Sekundarstufe I oder II (24 Nennungen) \u00fcbernehmen hingegen deutlich weniger Absolvent:innen.<\/p>\n\n\n\n<p>Ein Blick auf die aktuelle Funktion zeigt, dass die meisten Befragten als Schulleiter:innen (87 Personen) t\u00e4tig sind. Einzelne haben dar\u00fcber hinaus weiterf\u00fchrende oder spezialisierte F\u00fchrungsaufgaben \u00fcbernommen, etwa als Gesamtschulleiter:in (5 Personen), Leiter:in Bildung (1 Person) oder als Abteilungs- beziehungsweise Bereichsleiter:in (1 Person). Die nachfolgende Abbildung 2 zeigt, in welchen Aufgabenbereichen die Absolvent:innen aktuell F\u00fchrungsverantwortung wahrnehmen.<\/p>\n\n\n\n<figure class=\"wp-block-image size-large\"><img loading=\"lazy\" decoding=\"async\" width=\"1024\" height=\"534\" src=\"http:\/\/blog.phzh.ch\/schulfuehrung\/files\/2026\/08\/Abbildung-2-Fuehrungsaufgaben-1024x534.png\" alt=\"Abbildung 2 F\u00fchrungsaufgaben\" class=\"wp-image-7621\" srcset=\"https:\/\/blog.phzh.ch\/schulfuehrung\/files\/2026\/08\/Abbildung-2-Fuehrungsaufgaben-1024x534.png 1024w, https:\/\/blog.phzh.ch\/schulfuehrung\/files\/2026\/08\/Abbildung-2-Fuehrungsaufgaben-300x157.png 300w, https:\/\/blog.phzh.ch\/schulfuehrung\/files\/2026\/08\/Abbildung-2-Fuehrungsaufgaben-768x401.png 768w, https:\/\/blog.phzh.ch\/schulfuehrung\/files\/2026\/08\/Abbildung-2-Fuehrungsaufgaben.png 1278w\" sizes=\"auto, (max-width: 1024px) 100vw, 1024px\" \/><\/figure>\n\n\n\n<p>Abbildung 2: F\u00fchrungsaufgaben<\/p>\n\n\n\n<p><strong>Motivation f\u00fcr die Ausbildung zur Schulleiterin, zum Schulleiter<\/strong><\/p>\n\n\n\n<p>Die Absolvent:innen wurden dazu befragt, welche Gr\u00fcnde es f\u00fcr sie gab, den DAS-Schulleitung zu absolvieren. Insgesamt wurden 184 Gr\u00fcnde genannt, die thematisch geordnet wurden (Abbildung 3). Insbesondere sehen die Absolvent:innen die Entwicklung und Gestaltung von Schule sowie den Einfluss auf die Qualit\u00e4t der Schule als Grund, Schulleiter:in zu werden (39 Nennungen). Die pers\u00f6nliche Weiterentwicklung, das eigene Lernen und die Herausforderung, welche die T\u00e4tigkeit als Schulleiter:in mit sich bringt, sind ein weiterer Grund (31 Nennungen). Motivation bringen auch die Freude an der F\u00fchrungst\u00e4tigkeit (24 Nennungen) sowie das Leisten eines sinnvollen Beitrags f\u00fcr Bildung, Kinder, Jugendliche und Gesellschaft (23 Nennungen). Weitere Gr\u00fcnde sind die eigene Karriere, gute Rahmenbedingungen wie der Lohn oder die Arbeitszeiten (17 Nennungen), mehr Wirkung entfalten und Ver\u00e4nderungen anstossen zu k\u00f6nnen (15 Nennungen), die Vielfalt und Komplexit\u00e4t der Rolle (13 Nennungen), Arbeit mit Menschen, Teams und verschiedenen Anspruchsgruppen (12 Nennungen) und Freude an Organisation, Administration und dem Betrieb Schule (10 Nennungen).<\/p>\n\n\n\n<figure class=\"wp-block-image size-full\"><img loading=\"lazy\" decoding=\"async\" width=\"975\" height=\"338\" src=\"http:\/\/blog.phzh.ch\/schulfuehrung\/files\/2026\/08\/Abbildung-3-Thematische-Cluster.png\" alt=\"Abbildung 3 Thematische Cluster\" class=\"wp-image-7622\" srcset=\"https:\/\/blog.phzh.ch\/schulfuehrung\/files\/2026\/08\/Abbildung-3-Thematische-Cluster.png 975w, https:\/\/blog.phzh.ch\/schulfuehrung\/files\/2026\/08\/Abbildung-3-Thematische-Cluster-300x104.png 300w, https:\/\/blog.phzh.ch\/schulfuehrung\/files\/2026\/08\/Abbildung-3-Thematische-Cluster-768x266.png 768w\" sizes=\"auto, (max-width: 975px) 100vw, 975px\" \/><\/figure>\n\n\n\n<p>Abbildung 3: Thematische Cluster zur Frage \u00abWelche waren f\u00fcr dich pers\u00f6nlich die drei wichtigsten Gr\u00fcnde, Schulleiter:in zu werden?\u00bb<\/p>\n\n\n\n<p><strong>Formate der DAS SL-Ausbildung und ihre Einsch\u00e4tzung und m\u00f6gliche Konsequenzen<\/strong><\/p>\n\n\n\n<p>Der DAS Schulleitung bedient sich unterschiedlicher, innovativer Ausbildungsformate. Der Lehrgang kombiniert Module im Pflicht- und Wahlpflichtbereich, Lerngruppen, Praxisdozierende, Coaching, Standortgespr\u00e4che und Leistungsnachweise, um die Entwicklung professioneller F\u00fchrungskompetenzen f\u00fcr Schulleitungen zu f\u00f6rdern.<\/p>\n\n\n\n<ul class=\"wp-block-list\">\n<li><strong>Module im Pflichtbereich<\/strong> finden in festen Lehrgangsgruppen statt und besch\u00e4ftigen sich mit der eigenen F\u00fchrungsrolle, Schulf\u00fchrung, Zusammenarbeit, Pers\u00f6nlichkeitsentwicklung, Arbeitsorganisation sowie dem Theorie-Praxis-Transfer durch Hospitationen.<\/li>\n\n\n\n<li><strong>Module im Wahlpflichtbereich<\/strong> werden individuell nach den eigenen Kompetenzentwicklungszielen und beruflichen Anforderungen ausgew\u00e4hlt und orientieren sich am Z\u00fcrcher Schulf\u00fchrungsmodell.<\/li>\n\n\n\n<li>In <strong>Laboren<\/strong> (<strong>Labs) und Lerngruppen<\/strong> bearbeiten die Teilnehmenden eigene Fragestellungen, reflektieren ihre Praxis, tauschen Erfahrungen aus und unterst\u00fctzen sich gegenseitig bei aktuellen F\u00fchrungsherausforderungen.<\/li>\n\n\n\n<li>Die <strong>Praxisdozierenden<\/strong> bringen aktuelle Erfahrungen aus dem Berufsfeld in die Ausbildung ein, schaffen Praxisbez\u00fcge und stehen als Ansprechpersonen f\u00fcr Fragen aus der beruflichen Praxis zur Verf\u00fcgung.<\/li>\n\n\n\n<li>Regelm\u00e4ssige <strong>Standortgespr\u00e4che<\/strong> dienen der Kompetenzbilanzierung und der Planung weiterer Entwicklungsschritte.<\/li>\n\n\n\n<li>Erg\u00e4nzend dazu findet ein individuelles <strong>F\u00fchrungscoaching<\/strong> statt.<\/li>\n<\/ul>\n\n\n\n<p>Der erfolgreiche Abschluss setzt das Bestehen von vier Kompetenz- bzw. Wissensnachweisen voraus: Wissenspr\u00fcfung, Fallanalyse, Rollenspiel und Kolloquium zur Aktionsforschung.<\/p>\n\n\n\n<p><strong>Wie beurteilen die Absolvent:innen die verschiedenen Elemente des DAS Schulleitung?<\/strong><\/p>\n\n\n\n<p>Die Ergebnisse zeigen ein differenziertes Bild. Besonders positiv werden die Module im Wahlpflichtbereich eingesch\u00e4tzt. Knapp vier F\u00fcnftel der Befragten (78,1 Prozent) betrachten diese als wichtig oder sehr wichtig f\u00fcr die \u00dcbernahme ihrer Schulleitungsfunktion. Fast die H\u00e4lfte (46,7 Prozent) schreibt ihnen sogar eine sehr hohe Bedeutung zu. Offenbar wird die M\u00f6glichkeit, individuelle Schwerpunkte entsprechend den eigenen Entwicklungszielen und beruflichen Anforderungen zu setzen, als besonders wertvoll wahrgenommen.<\/p>\n\n\n\n<p>Ebenfalls hohe Zustimmungswerte erhalten die Standortgespr\u00e4che und das F\u00fchrungscoaching. Rund drei Viertel der Absolvent:innen bewerten diese Formate als eher bis sehr wichtig (Standortgespr\u00e4che: 71,4 Prozent; F\u00fchrungscoaching: 76,0 Prozent). Die Ergebnisse deuten darauf hin, dass insbesondere individuelle Reflexions- und Begleitangebote einen wichtigen Beitrag zur Kompetenzentwicklung und zur Bew\u00e4ltigung von F\u00fchrungsherausforderungen leisten.<\/p>\n\n\n\n<p>Deutlich kritischer werden hingegen die Labore (Labs) beurteilt. Drei Viertel der Befragten stufen diese als eher unwichtig, unwichtig oder sehr unwichtig ein (75,2 Prozent) . Nur rund jede vierte Person misst ihnen eine hohe oder eher hohe Bedeutung bei (22,9 Prozent). Im Vergleich zu allen anderen Ausbildungselementen stellen die Labs damit das am wenigsten positiv bewertete Format dar.<\/p>\n\n\n\n<p>Dieses Ergebnis ist vor dem Hintergrund der Konzeption der Labs interessant. Sie wurden im Zuge der Neugestaltung des Lehrgangs als selbstorganisierte und offene Lernform eingef\u00fchrt und befinden sich weiterhin in der kontinuierlichen Weiterentwicklung. Die R\u00fcckmeldungen der Absolvent:innen liefern deshalb wichtige Hinweise darauf, wie dieses Format k\u00fcnftig noch st\u00e4rker auf die Bed\u00fcrfnisse angehender Schulleiter:innen ausgerichtet werden kann.<\/p>\n\n\n\n<figure class=\"wp-block-image size-large\"><img loading=\"lazy\" decoding=\"async\" width=\"1024\" height=\"559\" src=\"http:\/\/blog.phzh.ch\/schulfuehrung\/files\/2026\/08\/Abbildung-4-Bewertung-der-Module-und-Inhalte-1024x559.png\" alt=\"Abbildung 4 Bewertung der Module und Inhalte\" class=\"wp-image-7623\" srcset=\"https:\/\/blog.phzh.ch\/schulfuehrung\/files\/2026\/08\/Abbildung-4-Bewertung-der-Module-und-Inhalte-1024x559.png 1024w, https:\/\/blog.phzh.ch\/schulfuehrung\/files\/2026\/08\/Abbildung-4-Bewertung-der-Module-und-Inhalte-300x164.png 300w, https:\/\/blog.phzh.ch\/schulfuehrung\/files\/2026\/08\/Abbildung-4-Bewertung-der-Module-und-Inhalte-768x419.png 768w, https:\/\/blog.phzh.ch\/schulfuehrung\/files\/2026\/08\/Abbildung-4-Bewertung-der-Module-und-Inhalte.png 1210w\" sizes=\"auto, (max-width: 1024px) 100vw, 1024px\" \/><\/figure>\n\n\n\n<p>Abbildung 4: Bewertung der Module und Inhalte<\/p>\n\n\n\n<p>Beim Lernen im DAS Schulleitung spielen unterschiedliche Personen und Austauschgef\u00e4sse eine wichtige Rolle (Abbildung 5). Besonders positiv werden die Dozent:innen der Module im Wahlpflichtbereich bewertet. Knapp drei Viertel der Absolvent:innen (74,3 Prozent) sch\u00e4tzen deren Beitrag f\u00fcr ihre Kompetenzentwicklung als wichtig (45,7 Prozent) oder sehr wichtig (28,6 Prozent) ein. Dies unterstreicht die Bedeutung von themenspezifischen und individuell w\u00e4hlbaren Lerninhalten, die an den individuellen Entwicklungszielen der Teilnehmenden ansetzen.<\/p>\n\n\n\n<p>Ebenfalls hohe Zustimmungswerte erhalten die Lerngruppen. Rund zwei Drittel der Befragten bewerten den Austausch mit ihren Kolleg:innen als wichtig oder sehr wichtig (62,9 Prozent). Die Ergebnisse verdeutlichen, welch zentralen Stellenwert das gemeinsame Reflektieren von Erfahrungen, das gegenseitige Lernen und die kollegiale Unterst\u00fctzung f\u00fcr die Professionalisierung von Schulleiter:innen haben.<\/p>\n\n\n\n<p>Vergleichsweise zur\u00fcckhaltender und polarisierend f\u00e4llt die Bewertung der Praxisdozierenden aus. Zwar wird deren Beitrag von knapp der H\u00e4lfte der Befragten als eher wichtig bis sehr wichtig eingesch\u00e4tzt (47,5 Prozent eher wichtig bis sehr wichtig), gleichzeitig beurteilt ihn eine \u00e4hnlich grosse Gruppe als eher unwichtig bis sehr unwichtig (44,7 Prozent). Dieses Ergebnis l\u00e4dt dazu ein, die Rolle und Ausgestaltung praxisbezogener Begleitformate weiter zu reflektieren.<\/p>\n\n\n\n<figure class=\"wp-block-image size-large\"><img loading=\"lazy\" decoding=\"async\" width=\"1024\" height=\"556\" src=\"http:\/\/blog.phzh.ch\/schulfuehrung\/files\/2026\/08\/Abbildung-5-Bewertung-der-beteiligten-Akteursgruppen-1024x556.png\" alt=\"Abbildung 5 Bewertung der beteiligten Akteursgruppen\" class=\"wp-image-7624\" srcset=\"https:\/\/blog.phzh.ch\/schulfuehrung\/files\/2026\/08\/Abbildung-5-Bewertung-der-beteiligten-Akteursgruppen-1024x556.png 1024w, https:\/\/blog.phzh.ch\/schulfuehrung\/files\/2026\/08\/Abbildung-5-Bewertung-der-beteiligten-Akteursgruppen-300x163.png 300w, https:\/\/blog.phzh.ch\/schulfuehrung\/files\/2026\/08\/Abbildung-5-Bewertung-der-beteiligten-Akteursgruppen-768x417.png 768w, https:\/\/blog.phzh.ch\/schulfuehrung\/files\/2026\/08\/Abbildung-5-Bewertung-der-beteiligten-Akteursgruppen.png 1210w\" sizes=\"auto, (max-width: 1024px) 100vw, 1024px\" \/><\/figure>\n\n\n\n<p>Abbildung 5: Bewertung der beteiligten Akteursgruppen<\/p>\n\n\n\n<p><strong>Herausforderungen von Schulleiter:innen<\/strong><\/p>\n\n\n\n<p>Die Absolvent:innen sehen sich in der Schulleitungst\u00e4tigkeit mit verschiedenen Herausforderungen konfrontiert (Abbildung 6). Auf die Frage \u00abWas sind aus deiner Perspektive heute die gr\u00f6ssten Herausforderungen f\u00fcr eine Schulleitung?\u00bb nennen die Absolvent:innen insbesondere den Zeitdruck, die Arbeitsbelastung und die Aufgabenf\u00fclle (38 Nennungen). Zudem gestalten sich die Administration, B\u00fcrokratie und Managementaufgaben als herausfordernd (24 Nennungen). Auch die widerspr\u00fcchlichen Erwartungen unterschiedlicher Anspruchsgruppen und das Sein in einer Sandwich-Position werden von den Absolvent:innen h\u00e4ufig genannt (23 Nennungen). Die komplexen Einzelf\u00e4lle, die Inklusion und die damit zusammenh\u00e4ngende Elternarbeit sind ebenfalls herausfordernd (21 Nennungen). Weiter werden auch Personalgewinnung, Personalf\u00fchrung und Fachkr\u00e4ftemangel (geeignete Lehrpersonen finden, f\u00fchren und halten: 20 Nennungen), Ressourcen, Pensen und strukturelle Rahmenbedingungen (zu wenige Ressourcen, Kompetenzen und Unterst\u00fctzung: 19 Nennungen) und Schulentwicklung, Komplexit\u00e4t und Wandel (Schulentwicklung unter Bedingungen hoher Komplexit\u00e4t und gesellschaftlichen Wandels: 15 Nennungen) aufgef\u00fchrt.<\/p>\n\n\n\n<figure class=\"wp-block-image size-large\"><img loading=\"lazy\" decoding=\"async\" width=\"1024\" height=\"483\" src=\"https:\/\/blog.phzh.ch\/schulfuehrung\/files\/2026\/08\/Abbildung-6-Thematische-Cluster-zur-Frage-Was-sind-aus-deiner-Persp-1024x483.png\" alt=\"Abbildung 6 Thematische Cluster zur Frage Was sind aus deiner Persp...\" class=\"wp-image-7625\" srcset=\"https:\/\/blog.phzh.ch\/schulfuehrung\/files\/2026\/08\/Abbildung-6-Thematische-Cluster-zur-Frage-Was-sind-aus-deiner-Persp-1024x483.png 1024w, https:\/\/blog.phzh.ch\/schulfuehrung\/files\/2026\/08\/Abbildung-6-Thematische-Cluster-zur-Frage-Was-sind-aus-deiner-Persp-300x141.png 300w, https:\/\/blog.phzh.ch\/schulfuehrung\/files\/2026\/08\/Abbildung-6-Thematische-Cluster-zur-Frage-Was-sind-aus-deiner-Persp-768x362.png 768w, https:\/\/blog.phzh.ch\/schulfuehrung\/files\/2026\/08\/Abbildung-6-Thematische-Cluster-zur-Frage-Was-sind-aus-deiner-Persp.png 1387w\" sizes=\"auto, (max-width: 1024px) 100vw, 1024px\" \/><\/figure>\n\n\n\n<p>Abbildung 6: Thematische Cluster zur Frage \u00abWas sind aus deiner Perspektive heute die gr\u00f6ssten Herausforderungen f\u00fcr eine Schulleitung?\u00bb<\/p>\n\n\n\n<p>Die Ergebnisse zeigen, dass Schulleiter:innen ihre Rolle vor allem aus dem Wunsch heraus \u00fcbernehmen, Schule aktiv mitzugestalten, Entwicklung zu erm\u00f6glichen und Verantwortung f\u00fcr eine gute Bildung zu tragen. Gleichzeitig verdeutlicht die Befragung die hohen Anforderungen des Berufsalltags, der durch Zeitdruck, administrative Aufgaben und vielf\u00e4ltige Erwartungen unterschiedlicher Anspruchsgruppen gepr\u00e4gt ist.<\/p>\n\n\n\n<p>Die Befragung liefert damit spannende Einblicke in die Motivation, die Einsch\u00e4tzung von Ausbildungsformaten, die berufliche Situation und die Herausforderungen der Absolvent:innen des DAS Schulleitung. Im n\u00e4chsten Beitrag ordnen Stefanie Michel-Loher und Ivo Kamm die Ergebnisse ein und diskutieren, welche Impulse sich daraus f\u00fcr die Weiterentwicklung des Studiengangs ergeben.<\/p>\n\n\n\n<p><strong>Zu den Autorinnen<\/strong><\/p>\n\n\n<div class=\"wp-block-image is-resized\">\n<figure class=\"alignleft size-full\"><img loading=\"lazy\" decoding=\"async\" width=\"212\" height=\"318\" src=\"https:\/\/blog.phzh.ch\/schulfuehrung\/files\/2024\/04\/01-Kolb_Jasmin.jpg\" alt=\"\" class=\"wp-image-5594\" style=\"width:107px;height:auto\" srcset=\"https:\/\/blog.phzh.ch\/schulfuehrung\/files\/2024\/04\/01-Kolb_Jasmin.jpg 212w, https:\/\/blog.phzh.ch\/schulfuehrung\/files\/2024\/04\/01-Kolb_Jasmin-200x300.jpg 200w\" sizes=\"auto, (max-width: 212px) 100vw, 212px\" \/><\/figure><\/div>\n\n\n<p><\/p>\n\n\n\n<p><a href=\"https:\/\/phzh.ch\/ueber-die-phzh\/organisation\/personen\/mitarbeitendenportraet\/?username=jasmin.kolb\" target=\"_blank\" rel=\"noreferrer noopener\">Jasmin Kolb<\/a> hat p\u00e4dagogische Psychologie an der Universit\u00e4t Fribourg studiert und arbeitet im <a href=\"https:\/\/phzh.ch\/ueber-die-phzh\/organisation\/prorektorat-weiterbildung-und-dienstleistungen\/abteilung-weiterbildung-und-beratung\/zentrum-management-und-leadership\/\" target=\"_blank\" rel=\"noreferrer noopener\">Zentrum Management und Leadership<\/a> als wissenschaftliche Mitarbeiterin. Sie besch\u00e4ftigt sich vor allem mit wissenschaftlichen Evaluationen und der Weiterentwicklung der Schulleitungsausbildung.<\/p>\n\n\n\n<p><\/p>\n\n\n\n<p><\/p>\n\n\n<div class=\"wp-block-image is-resized\">\n<figure class=\"alignleft size-full\"><img loading=\"lazy\" decoding=\"async\" width=\"400\" height=\"560\" src=\"http:\/\/blog.phzh.ch\/schulfuehrung\/files\/2026\/09\/Mirjam-Kocher-Portraet.jpg\" alt=\"Mirjam Kocher\" class=\"wp-image-7636\" style=\"width:107px;height:auto\" srcset=\"https:\/\/blog.phzh.ch\/schulfuehrung\/files\/2026\/09\/Mirjam-Kocher-Portraet.jpg 400w, https:\/\/blog.phzh.ch\/schulfuehrung\/files\/2026\/09\/Mirjam-Kocher-Portraet-214x300.jpg 214w\" sizes=\"auto, (max-width: 400px) 100vw, 400px\" \/><\/figure><\/div>\n\n\n<p><strong>Mirjam Kocher<\/strong> arbeitet als Dozentin und Senior Researcher im Zentrum Lehrberufe und p\u00e4dagogische Professionalit\u00e4t der PH Z\u00fcrich. In ihrer Forschung besch\u00e4ftigt sie sich mit Fragen der Professionalisierung von Lehrpersonen und Schulleitungen. Ein besonderer Fokus liegt auf der Rolle von Schulleitungen bei der Ausbildung und Begleitung angehender Lehrpersonen.<\/p>\n\n\n\n<p><\/p>\n\n\n\n<p>Redaktion: Melina Maerten<br>Beitragsbild: Bildarchiv PHZH<\/p>\n\n\n\n<p><\/p>\n","protected":false},"excerpt":{"rendered":"<p>J\u00e4hrlich werden die Absolvent:innen befragt, um den DAS Schulleitung seit seiner erstmaligen Durchf\u00fchrung (Start: 2023) weiterzuentwickeln. Antworten liegen von drei Lehrg\u00e4ngen mit Abschluss 2025 bis 2026 vor (aus den Lehrg\u00e4ngen des DAS SL 01 bis 03 inklusive DAS SL Upgrade). Die Teilnehmenden beantworteten Fragen zu ihrer Ausbildungsmotivation, zur Ausbildung und zu den heutigen Herausforderungen als &hellip; <a href=\"https:\/\/blog.phzh.ch\/schulfuehrung\/2026\/09\/04\/absolventinnenbefragung-das-schulleitung\/\" class=\"more-link\"><span class=\"screen-reader-text\">Absolvent:innenbefragung DAS Schulleitung<\/span> weiterlesen<\/a><\/p>\n","protected":false},"author":1392,"featured_media":7618,"comment_status":"open","ping_status":"open","sticky":false,"template":"","format":"standard","meta":{"sfsi_plus_gutenberg_text_before_share":"","sfsi_plus_gutenberg_show_text_before_share":"","sfsi_plus_gutenberg_icon_type":"","sfsi_plus_gutenberg_icon_alignemt":"","sfsi_plus_gutenburg_max_per_row":"","footnotes":""},"categories":[107309,109820],"tags":[110061,110064,106718,110060,109911,110029,110063,109405,44958,110062],"class_list":["post-7619","post","type-post","status-publish","format-standard","has-post-thumbnail","hentry","category-alle-beitraege","category-wissen","tag-absolventinnenbefragung-das-schulleitung","tag-fuehrungskompetenzen","tag-fuehrungspersonen","tag-iris-joos","tag-jasmin-kolb","tag-module-aus-dem-wahlpflichtbereich","tag-pflichtmodule","tag-schulleitende","tag-schulleitung","tag-umfrageergebnisse"],"yoast_head":"<!-- This site is optimized with the Yoast SEO plugin v26.8 - https:\/\/yoast.com\/product\/yoast-seo-wordpress\/ -->\n<title>Absolvent:innenbefragung DAS Schulleitung - Schulf\u00fchrung<\/title>\n<meta name=\"robots\" content=\"index, follow, max-snippet:-1, max-image-preview:large, max-video-preview:-1\" \/>\n<link rel=\"canonical\" href=\"https:\/\/blog.phzh.ch\/schulfuehrung\/2026\/09\/04\/absolventinnenbefragung-das-schulleitung\/\" \/>\n<meta property=\"og:locale\" content=\"de_DE\" \/>\n<meta property=\"og:type\" content=\"article\" \/>\n<meta property=\"og:title\" content=\"Absolvent:innenbefragung DAS Schulleitung - Schulf\u00fchrung\" \/>\n<meta property=\"og:description\" content=\"J\u00e4hrlich werden die Absolvent:innen befragt, um den DAS Schulleitung seit seiner erstmaligen Durchf\u00fchrung (Start: 2023) weiterzuentwickeln. Antworten liegen von drei Lehrg\u00e4ngen mit Abschluss 2025 bis 2026 vor (aus den Lehrg\u00e4ngen des DAS SL 01 bis 03 inklusive DAS SL Upgrade). Die Teilnehmenden beantworteten Fragen zu ihrer Ausbildungsmotivation, zur Ausbildung und zu den heutigen Herausforderungen als &hellip; Absolvent:innenbefragung DAS Schulleitung weiterlesen\" \/>\n<meta property=\"og:url\" content=\"https:\/\/blog.phzh.ch\/schulfuehrung\/2026\/09\/04\/absolventinnenbefragung-das-schulleitung\/\" \/>\n<meta property=\"og:site_name\" content=\"Schulf\u00fchrung\" \/>\n<meta property=\"article:published_time\" content=\"2026-09-04T02:00:00+00:00\" \/>\n<meta property=\"og:image\" content=\"https:\/\/blog.phzh.ch\/schulfuehrung\/files\/2026\/08\/LAAG3012.jpg\" \/>\n\t<meta property=\"og:image:width\" content=\"2000\" \/>\n\t<meta property=\"og:image:height\" content=\"1333\" \/>\n\t<meta property=\"og:image:type\" content=\"image\/jpeg\" \/>\n<meta name=\"author\" content=\"melinamaerten\" \/>\n<meta name=\"twitter:card\" content=\"summary_large_image\" \/>\n<meta name=\"twitter:label1\" content=\"Verfasst von\" \/>\n\t<meta name=\"twitter:data1\" content=\"melinamaerten\" \/>\n\t<meta name=\"twitter:label2\" content=\"Gesch\u00e4tzte Lesezeit\" \/>\n\t<meta name=\"twitter:data2\" content=\"11\u00a0Minuten\" \/>\n<script type=\"application\/ld+json\" class=\"yoast-schema-graph\">{\"@context\":\"https:\/\/schema.org\",\"@graph\":[{\"@type\":\"Article\",\"@id\":\"https:\/\/blog.phzh.ch\/schulfuehrung\/2026\/09\/04\/absolventinnenbefragung-das-schulleitung\/#article\",\"isPartOf\":{\"@id\":\"https:\/\/blog.phzh.ch\/schulfuehrung\/2026\/09\/04\/absolventinnenbefragung-das-schulleitung\/\"},\"author\":{\"name\":\"melinamaerten\",\"@id\":\"https:\/\/blog.phzh.ch\/schulfuehrung\/#\/schema\/person\/13544ff30d01e0e5f98444f0696dcefb\"},\"headline\":\"Absolvent:innenbefragung DAS Schulleitung\",\"datePublished\":\"2026-09-04T02:00:00+00:00\",\"mainEntityOfPage\":{\"@id\":\"https:\/\/blog.phzh.ch\/schulfuehrung\/2026\/09\/04\/absolventinnenbefragung-das-schulleitung\/\"},\"wordCount\":1569,\"commentCount\":0,\"image\":{\"@id\":\"https:\/\/blog.phzh.ch\/schulfuehrung\/2026\/09\/04\/absolventinnenbefragung-das-schulleitung\/#primaryimage\"},\"thumbnailUrl\":\"https:\/\/blog.phzh.ch\/schulfuehrung\/files\/2026\/08\/LAAG3012.jpg\",\"keywords\":[\"Absolvent:innenbefragung DAS Schulleitung\",\"F\u00fchrungskompetenzen\",\"F\u00fchrungspersonen\",\"Iris Joos\",\"Jasmin Kolb\",\"Module aus dem Wahlpflichtbereich\",\"Pflichtmodule\",\"Schulleitende\",\"Schulleitung\",\"Umfrageergebnisse\"],\"articleSection\":[\"Gesamte Beitr\u00e4ge\",\"Wissen\"],\"inLanguage\":\"de\",\"potentialAction\":[{\"@type\":\"CommentAction\",\"name\":\"Comment\",\"target\":[\"https:\/\/blog.phzh.ch\/schulfuehrung\/2026\/09\/04\/absolventinnenbefragung-das-schulleitung\/#respond\"]}]},{\"@type\":\"WebPage\",\"@id\":\"https:\/\/blog.phzh.ch\/schulfuehrung\/2026\/09\/04\/absolventinnenbefragung-das-schulleitung\/\",\"url\":\"https:\/\/blog.phzh.ch\/schulfuehrung\/2026\/09\/04\/absolventinnenbefragung-das-schulleitung\/\",\"name\":\"Absolvent:innenbefragung DAS Schulleitung - Schulf\u00fchrung\",\"isPartOf\":{\"@id\":\"https:\/\/blog.phzh.ch\/schulfuehrung\/#website\"},\"primaryImageOfPage\":{\"@id\":\"https:\/\/blog.phzh.ch\/schulfuehrung\/2026\/09\/04\/absolventinnenbefragung-das-schulleitung\/#primaryimage\"},\"image\":{\"@id\":\"https:\/\/blog.phzh.ch\/schulfuehrung\/2026\/09\/04\/absolventinnenbefragung-das-schulleitung\/#primaryimage\"},\"thumbnailUrl\":\"https:\/\/blog.phzh.ch\/schulfuehrung\/files\/2026\/08\/LAAG3012.jpg\",\"datePublished\":\"2026-09-04T02:00:00+00:00\",\"author\":{\"@id\":\"https:\/\/blog.phzh.ch\/schulfuehrung\/#\/schema\/person\/13544ff30d01e0e5f98444f0696dcefb\"},\"breadcrumb\":{\"@id\":\"https:\/\/blog.phzh.ch\/schulfuehrung\/2026\/09\/04\/absolventinnenbefragung-das-schulleitung\/#breadcrumb\"},\"inLanguage\":\"de\",\"potentialAction\":[{\"@type\":\"ReadAction\",\"target\":[\"https:\/\/blog.phzh.ch\/schulfuehrung\/2026\/09\/04\/absolventinnenbefragung-das-schulleitung\/\"]}]},{\"@type\":\"ImageObject\",\"inLanguage\":\"de\",\"@id\":\"https:\/\/blog.phzh.ch\/schulfuehrung\/2026\/09\/04\/absolventinnenbefragung-das-schulleitung\/#primaryimage\",\"url\":\"https:\/\/blog.phzh.ch\/schulfuehrung\/files\/2026\/08\/LAAG3012.jpg\",\"contentUrl\":\"https:\/\/blog.phzh.ch\/schulfuehrung\/files\/2026\/08\/LAAG3012.jpg\",\"width\":2000,\"height\":1333,\"caption\":\"Absolvent:innenbefragung DAS Schulleitung\"},{\"@type\":\"BreadcrumbList\",\"@id\":\"https:\/\/blog.phzh.ch\/schulfuehrung\/2026\/09\/04\/absolventinnenbefragung-das-schulleitung\/#breadcrumb\",\"itemListElement\":[{\"@type\":\"ListItem\",\"position\":1,\"name\":\"Startseite\",\"item\":\"https:\/\/blog.phzh.ch\/schulfuehrung\/\"},{\"@type\":\"ListItem\",\"position\":2,\"name\":\"Absolvent:innenbefragung DAS Schulleitung\"}]},{\"@type\":\"WebSite\",\"@id\":\"https:\/\/blog.phzh.ch\/schulfuehrung\/#website\",\"url\":\"https:\/\/blog.phzh.ch\/schulfuehrung\/\",\"name\":\"Schulf\u00fchrung\",\"description\":\"phzh.ch\/schulfuehrung\",\"potentialAction\":[{\"@type\":\"SearchAction\",\"target\":{\"@type\":\"EntryPoint\",\"urlTemplate\":\"https:\/\/blog.phzh.ch\/schulfuehrung\/?s={search_term_string}\"},\"query-input\":{\"@type\":\"PropertyValueSpecification\",\"valueRequired\":true,\"valueName\":\"search_term_string\"}}],\"inLanguage\":\"de\"},{\"@type\":\"Person\",\"@id\":\"https:\/\/blog.phzh.ch\/schulfuehrung\/#\/schema\/person\/13544ff30d01e0e5f98444f0696dcefb\",\"name\":\"melinamaerten\",\"image\":{\"@type\":\"ImageObject\",\"inLanguage\":\"de\",\"@id\":\"https:\/\/blog.phzh.ch\/schulfuehrung\/#\/schema\/person\/image\/\",\"url\":\"https:\/\/secure.gravatar.com\/avatar\/581b196899ac4a61b7e20a29f4dd52fe?s=96&d=mm&r=g\",\"contentUrl\":\"https:\/\/secure.gravatar.com\/avatar\/581b196899ac4a61b7e20a29f4dd52fe?s=96&d=mm&r=g\",\"caption\":\"melinamaerten\"},\"url\":\"https:\/\/blog.phzh.ch\/schulfuehrung\/author\/melinamaerten\/\"}]}<\/script>\n<!-- \/ Yoast SEO plugin. -->","yoast_head_json":{"title":"Absolvent:innenbefragung DAS Schulleitung - Schulf\u00fchrung","robots":{"index":"index","follow":"follow","max-snippet":"max-snippet:-1","max-image-preview":"max-image-preview:large","max-video-preview":"max-video-preview:-1"},"canonical":"https:\/\/blog.phzh.ch\/schulfuehrung\/2026\/09\/04\/absolventinnenbefragung-das-schulleitung\/","og_locale":"de_DE","og_type":"article","og_title":"Absolvent:innenbefragung DAS Schulleitung - Schulf\u00fchrung","og_description":"J\u00e4hrlich werden die Absolvent:innen befragt, um den DAS Schulleitung seit seiner erstmaligen Durchf\u00fchrung (Start: 2023) weiterzuentwickeln. Antworten liegen von drei Lehrg\u00e4ngen mit Abschluss 2025 bis 2026 vor (aus den Lehrg\u00e4ngen des DAS SL 01 bis 03 inklusive DAS SL Upgrade). Die Teilnehmenden beantworteten Fragen zu ihrer Ausbildungsmotivation, zur Ausbildung und zu den heutigen Herausforderungen als &hellip; Absolvent:innenbefragung DAS Schulleitung weiterlesen","og_url":"https:\/\/blog.phzh.ch\/schulfuehrung\/2026\/09\/04\/absolventinnenbefragung-das-schulleitung\/","og_site_name":"Schulf\u00fchrung","article_published_time":"2026-09-04T02:00:00+00:00","og_image":[{"width":2000,"height":1333,"url":"https:\/\/blog.phzh.ch\/schulfuehrung\/files\/2026\/08\/LAAG3012.jpg","type":"image\/jpeg"}],"author":"melinamaerten","twitter_card":"summary_large_image","twitter_misc":{"Verfasst von":"melinamaerten","Gesch\u00e4tzte Lesezeit":"11\u00a0Minuten"},"schema":{"@context":"https:\/\/schema.org","@graph":[{"@type":"Article","@id":"https:\/\/blog.phzh.ch\/schulfuehrung\/2026\/09\/04\/absolventinnenbefragung-das-schulleitung\/#article","isPartOf":{"@id":"https:\/\/blog.phzh.ch\/schulfuehrung\/2026\/09\/04\/absolventinnenbefragung-das-schulleitung\/"},"author":{"name":"melinamaerten","@id":"https:\/\/blog.phzh.ch\/schulfuehrung\/#\/schema\/person\/13544ff30d01e0e5f98444f0696dcefb"},"headline":"Absolvent:innenbefragung DAS Schulleitung","datePublished":"2026-09-04T02:00:00+00:00","mainEntityOfPage":{"@id":"https:\/\/blog.phzh.ch\/schulfuehrung\/2026\/09\/04\/absolventinnenbefragung-das-schulleitung\/"},"wordCount":1569,"commentCount":0,"image":{"@id":"https:\/\/blog.phzh.ch\/schulfuehrung\/2026\/09\/04\/absolventinnenbefragung-das-schulleitung\/#primaryimage"},"thumbnailUrl":"https:\/\/blog.phzh.ch\/schulfuehrung\/files\/2026\/08\/LAAG3012.jpg","keywords":["Absolvent:innenbefragung DAS Schulleitung","F\u00fchrungskompetenzen","F\u00fchrungspersonen","Iris Joos","Jasmin Kolb","Module aus dem Wahlpflichtbereich","Pflichtmodule","Schulleitende","Schulleitung","Umfrageergebnisse"],"articleSection":["Gesamte Beitr\u00e4ge","Wissen"],"inLanguage":"de","potentialAction":[{"@type":"CommentAction","name":"Comment","target":["https:\/\/blog.phzh.ch\/schulfuehrung\/2026\/09\/04\/absolventinnenbefragung-das-schulleitung\/#respond"]}]},{"@type":"WebPage","@id":"https:\/\/blog.phzh.ch\/schulfuehrung\/2026\/09\/04\/absolventinnenbefragung-das-schulleitung\/","url":"https:\/\/blog.phzh.ch\/schulfuehrung\/2026\/09\/04\/absolventinnenbefragung-das-schulleitung\/","name":"Absolvent:innenbefragung DAS Schulleitung - Schulf\u00fchrung","isPartOf":{"@id":"https:\/\/blog.phzh.ch\/schulfuehrung\/#website"},"primaryImageOfPage":{"@id":"https:\/\/blog.phzh.ch\/schulfuehrung\/2026\/09\/04\/absolventinnenbefragung-das-schulleitung\/#primaryimage"},"image":{"@id":"https:\/\/blog.phzh.ch\/schulfuehrung\/2026\/09\/04\/absolventinnenbefragung-das-schulleitung\/#primaryimage"},"thumbnailUrl":"https:\/\/blog.phzh.ch\/schulfuehrung\/files\/2026\/08\/LAAG3012.jpg","datePublished":"2026-09-04T02:00:00+00:00","author":{"@id":"https:\/\/blog.phzh.ch\/schulfuehrung\/#\/schema\/person\/13544ff30d01e0e5f98444f0696dcefb"},"breadcrumb":{"@id":"https:\/\/blog.phzh.ch\/schulfuehrung\/2026\/09\/04\/absolventinnenbefragung-das-schulleitung\/#breadcrumb"},"inLanguage":"de","potentialAction":[{"@type":"ReadAction","target":["https:\/\/blog.phzh.ch\/schulfuehrung\/2026\/09\/04\/absolventinnenbefragung-das-schulleitung\/"]}]},{"@type":"ImageObject","inLanguage":"de","@id":"https:\/\/blog.phzh.ch\/schulfuehrung\/2026\/09\/04\/absolventinnenbefragung-das-schulleitung\/#primaryimage","url":"https:\/\/blog.phzh.ch\/schulfuehrung\/files\/2026\/08\/LAAG3012.jpg","contentUrl":"https:\/\/blog.phzh.ch\/schulfuehrung\/files\/2026\/08\/LAAG3012.jpg","width":2000,"height":1333,"caption":"Absolvent:innenbefragung DAS Schulleitung"},{"@type":"BreadcrumbList","@id":"https:\/\/blog.phzh.ch\/schulfuehrung\/2026\/09\/04\/absolventinnenbefragung-das-schulleitung\/#breadcrumb","itemListElement":[{"@type":"ListItem","position":1,"name":"Startseite","item":"https:\/\/blog.phzh.ch\/schulfuehrung\/"},{"@type":"ListItem","position":2,"name":"Absolvent:innenbefragung DAS Schulleitung"}]},{"@type":"WebSite","@id":"https:\/\/blog.phzh.ch\/schulfuehrung\/#website","url":"https:\/\/blog.phzh.ch\/schulfuehrung\/","name":"Schulf\u00fchrung","description":"phzh.ch\/schulfuehrung","potentialAction":[{"@type":"SearchAction","target":{"@type":"EntryPoint","urlTemplate":"https:\/\/blog.phzh.ch\/schulfuehrung\/?s={search_term_string}"},"query-input":{"@type":"PropertyValueSpecification","valueRequired":true,"valueName":"search_term_string"}}],"inLanguage":"de"},{"@type":"Person","@id":"https:\/\/blog.phzh.ch\/schulfuehrung\/#\/schema\/person\/13544ff30d01e0e5f98444f0696dcefb","name":"melinamaerten","image":{"@type":"ImageObject","inLanguage":"de","@id":"https:\/\/blog.phzh.ch\/schulfuehrung\/#\/schema\/person\/image\/","url":"https:\/\/secure.gravatar.com\/avatar\/581b196899ac4a61b7e20a29f4dd52fe?s=96&d=mm&r=g","contentUrl":"https:\/\/secure.gravatar.com\/avatar\/581b196899ac4a61b7e20a29f4dd52fe?s=96&d=mm&r=g","caption":"melinamaerten"},"url":"https:\/\/blog.phzh.ch\/schulfuehrung\/author\/melinamaerten\/"}]}},"_links":{"self":[{"href":"https:\/\/blog.phzh.ch\/schulfuehrung\/wp-json\/wp\/v2\/posts\/7619","targetHints":{"allow":["GET"]}}],"collection":[{"href":"https:\/\/blog.phzh.ch\/schulfuehrung\/wp-json\/wp\/v2\/posts"}],"about":[{"href":"https:\/\/blog.phzh.ch\/schulfuehrung\/wp-json\/wp\/v2\/types\/post"}],"author":[{"embeddable":true,"href":"https:\/\/blog.phzh.ch\/schulfuehrung\/wp-json\/wp\/v2\/users\/1392"}],"replies":[{"embeddable":true,"href":"https:\/\/blog.phzh.ch\/schulfuehrung\/wp-json\/wp\/v2\/comments?post=7619"}],"version-history":[{"count":8,"href":"https:\/\/blog.phzh.ch\/schulfuehrung\/wp-json\/wp\/v2\/posts\/7619\/revisions"}],"predecessor-version":[{"id":7639,"href":"https:\/\/blog.phzh.ch\/schulfuehrung\/wp-json\/wp\/v2\/posts\/7619\/revisions\/7639"}],"wp:featuredmedia":[{"embeddable":true,"href":"https:\/\/blog.phzh.ch\/schulfuehrung\/wp-json\/wp\/v2\/media\/7618"}],"wp:attachment":[{"href":"https:\/\/blog.phzh.ch\/schulfuehrung\/wp-json\/wp\/v2\/media?parent=7619"}],"wp:term":[{"taxonomy":"category","embeddable":true,"href":"https:\/\/blog.phzh.ch\/schulfuehrung\/wp-json\/wp\/v2\/categories?post=7619"},{"taxonomy":"post_tag","embeddable":true,"href":"https:\/\/blog.phzh.ch\/schulfuehrung\/wp-json\/wp\/v2\/tags?post=7619"}],"curies":[{"name":"wp","href":"https:\/\/api.w.org\/{rel}","templated":true}]}}