{"id":7149,"date":"2026-02-03T04:00:00","date_gmt":"2026-02-03T03:00:00","guid":{"rendered":"https:\/\/blog.phzh.ch\/schulfuehrung\/?p=7149"},"modified":"2026-01-27T11:35:58","modified_gmt":"2026-01-27T10:35:58","slug":"urheberrechte-im-schulalltag","status":"publish","type":"post","link":"https:\/\/blog.phzh.ch\/schulfuehrung\/2026\/02\/03\/urheberrechte-im-schulalltag\/","title":{"rendered":"Urheberrechte im Schulalltag"},"content":{"rendered":"\n<p><strong>Guter Schulunterricht geht einher mit dem Einsatz vielf\u00e4ltiger Medien. F\u00fcr Lehrpersonen und Schulleitungen stellen sich dadurch immer wieder Fragen des Urheberrechts. D\u00fcrfen Lehrmittel digitalisiert und auf den Server der Schule gestellt werden, damit sich alle Lehrpersonen daraus bedienen k\u00f6nnen, um den Unterricht anschaulich vorzubereiten und durchzuf\u00fchren? Darf ein zeitgen\u00f6ssisches Musical am frei zug\u00e4nglichen Jugendfest bedenkenlos aufgef\u00fchrt werden? Ist es der Lehrperson, die den Musikunterricht erteilt, erlaubt, das legend\u00e4re Konzert von Keith Jarrett in K\u00f6ln aus dem Jahre 1975 aus einer Streaming-Plattform in der Klasse auszugsweise abzuspielen? Thomas Bucher mit den Antworten.<\/strong><\/p>\n\n\n\n<p>Das Schweizerische Urheberrechtsgesetz vom 9. Oktober 1992 (URG; SR 231.1) regelt in Art. 1 Abs. 1 lit. a URG \u00abden Schutz der Urheber und Urheberinnen von Werken der Literatur und Kunst\u00bb sowie nach lit. b. \u00abden Schutz der aus\u00fcbenden K\u00fcnstler und K\u00fcnstlerinnen, der Hersteller und Herstellerinnen von Ton- und Tonbildtr\u00e4gern sowie der Sendeunternehmen\u00bb.<\/p>\n\n\n\n<p>Gesch\u00fctzt sind Werke, die eine geistige Sch\u00f6pfung darstellen und zugleich individuellen Charakter aufweisen (Art. 2 Abs. 1 URG).<\/p>\n\n\n\n<p>Art. 2 Abs. 2 lit. a.\u2013h. URG umreisst den Werkbegriff wie folgt:<\/p>\n\n\n\n<ol style=\"list-style-type:lower-alpha\" class=\"wp-block-list\">\n<li>Literarische, wissenschaftliche und andere Sprachwerke<\/li>\n\n\n\n<li>Werke der Musik und andere akustische Werke<\/li>\n\n\n\n<li>Werke der bildenden Kunst, insbesondere der Malerei, der Bildhauerei und der Graphik<\/li>\n\n\n\n<li>Werke mit wissenschaftlichem oder technischem Inhalt wie Zeichnungen, Pl\u00e4ne, Karten oder plastische Darstellungen<\/li>\n\n\n\n<li>Werke der Baukunst<\/li>\n\n\n\n<li>Werke der angewandten Kunst<\/li>\n\n\n\n<li>Fotografische, filmische und andere visuelle oder audiovisuelle Werke<\/li>\n\n\n\n<li>Choreografische Werke und Pantomimen<\/li>\n<\/ol>\n\n\n<p><!--more--><\/p>\n\n\n<p>Art. 2 Abs. 3 URG bezeichnet auch Computerprogramme als Werke. Schliesslich h\u00e4lt der gleichnamige Artikel in Abs. 3<sup>bis.<\/sup> fest, dass fotografische und mit \u00e4hnlichen Verfahren erstellte Wiedergaben dreidimensionaler Objekte als Werke gelten, auch wenn es diesen an individuellem Charakter fehlt. Gesch\u00fctzt sind nach Art. 2 Abs. 4 URG zudem Entw\u00fcrfe, Titel und Teile von Werken, sofern es sich um geistige Sch\u00f6pfungen mit individuellem Charakter handelt.<\/p>\n\n\n\n<p>In zeitlicher Hinsicht ist ein Werk urheberrechtlich gesch\u00fctzt, sobald es geschaffen ist. Der Urheberrechtsschutz erlischt sowohl f\u00fcr Computerprogramme gem\u00e4ss Art. 29 Abs. 2 lit. a. URG als auch bei fotografischen oder Fotografie \u00e4hnlichen Verfahren nach Art. 29 Abs. 2 lit. a<sup>bis.<\/sup> URG \u00ab50 Jahre nach dem Tod des Urhebers oder der Urheberin\u00bb. Bei allen anderen Werken entf\u00e4llt der Schutz gem\u00e4ss Art. 29 Abs. 2 lit. b. URG \u00ab70 Jahre nach dem Tod des Urhebers oder der Urheberin\u00bb.<\/p>\n\n\n\n<p>Das ansonsten der Urheberschaft zustehende Recht, frei \u00fcber die Verwendung des Werks zu bestimmen, unterliegt der Ausnahme des sogenannten Eigengebrauchs. So ist nach Art. 19 Abs. 1 lit. a. URG jede Werkverwendung im pers\u00f6nlichen Bereich und im Kreis von Personen, die unter sich eng verbunden sind, wie Verwandte und Freunde, erlaubt.<\/p>\n\n\n\n<p>Art. 19 Abs. 1 lit. b. subsumiert die <strong><u>Werkverwendung der Lehrperson<\/u><\/strong> f\u00fcr den<strong><em> Unterricht<\/em><\/strong> in der <strong>Klasse<\/strong> unter den Begriff des Eigengebrauchs. Nach Art. 19 Abs. 3 lit. a.-d. URG bezeichnet die Grenzen dieser Form des Eigengebrauchs. Unzul\u00e4ssig ist das vollst\u00e4ndige oder weitgehend vollst\u00e4ndige Vervielf\u00e4ltigen im Handel erh\u00e4ltlicher Werkexemplare, was auch f\u00fcr die Vervielf\u00e4ltigung von Werken der bildenden Kunst sowie f\u00fcr die Vervielf\u00e4ltigung von grafischen Aufzeichnungen von Werken der Musik gilt. Ebenso ist die Aufnahme von Vortr\u00e4gen, Auff\u00fchrungen oder Vorf\u00fchrungen eines Werkes auf Ton-, Tonbild- oder Datentr\u00e4ger nicht zul\u00e4ssig.<\/p>\n\n\n\n<p>Im Bereich des erlaubten Eigengebrauchs f\u00fcr den Unterricht in der Klasse, wozu beispielsweise das auszugsweise Kopieren eines Abschnitts, einer Seite oder eines Kapitels aus einem Lehrbuch mit anschliessendem Verteilen in der Klasse z\u00e4hlt, steht der Urheberschaft eines Werkes eine Verg\u00fctung zu. Art. 20 Abs. 2 URG h\u00e4lt im Zusammenhang mit der Werkverwendung im Unterricht in der Klasse fest, dass \u00abwer Werke auf irgendwelche Art vervielf\u00e4ltigt, dem Urheber oder der Urheberin hierf\u00fcr eine Verg\u00fctung schuldet\u00bb. Art. 20 Abs. 4 URG delegiert die Geltendmachung von Verg\u00fctungsanspr\u00fcchen an zugelassene Verwertungsgesellschaften.<\/p>\n\n\n\n<p>Die Konferenz der Schweizerischen Erziehungsdirektorinnen und -direktoren (EDK) hat mit den Verwertungsgesellschaften Tarife ausgehandelt. Entstanden sind verschiedene Tariflisten, wonach f\u00fcr jedes Schulkind in der Volksschule j\u00e4hrlich ein festgelegter Betrag an die Verwertungsgesellschaften zu entrichten ist.<\/p>\n\n\n\n<p>Art. 24c Abs. 1 URG sieht f\u00fcr Menschen mit einer Behinderung erleichternd vor, dass das Vervielf\u00e4ltigen, Verbreiten und Zug\u00e4nglichmachen in einer f\u00fcr sie wahrnehmbaren Form zul\u00e4ssig ist.<\/p>\n\n\n\n<pre class=\"wp-block-preformatted\">INFOBOX<br><br>F\u00fcr Schulleitungen und Lehrpersonen ist es bedeutsam, einen leichten Zugang zur komplexen Thematik des Urheberrechts zu finden. Verschiedene Hochschulen und Verwertungsgesellschaften sind diesem Anliegen nachgekommen. Informationen und Lernmodule finden sich hier:<br><br>Bundesf\u00f6rderprogramm: \u00abSt\u00e4rkung von digitalen Skills in der Lehre\u00bb - digi basics mit zahlreichen Lernmodulen zum <a href=\"https:\/\/digibasics.ch\/topics\/urheberrecht-in-der-schule\/\" target=\"_blank\" rel=\"noreferrer noopener\">Urheberrecht<\/a>.<br><br>P\u00e4dagogische Hochschule Z\u00fcrich: \u00ab<a href=\"https:\/\/ilias.phzh.ch\/ilias.php?baseClass=illmpresentationgui&amp;cmd=layout&amp;ref_id=3166533&amp;obj_id=128742\" target=\"_blank\" rel=\"noreferrer noopener\">Digitale Basiskompetenzen: Rechtliche Aspekte<\/a>\u00bb<br><br>Lehrmittelverlage und Verb\u00e4nde: <a href=\"https:\/\/www.share-fair.ch\/die-regeln\/\" target=\"_blank\" rel=\"noreferrer noopener nofollow\">fair-share<\/a><br><br>Nationales Kompetenzzentrum f\u00fcr digitales Recht, das Schweizer Hochschulen bei rechtlichen Fragen im Zusammenhang mit der Digitalisierung und den neuen Medien und Technologien unterst\u00fctzt: CCdigitallaw \u2013 <a href=\"https:\/\/www.ccdigitallaw.ch\/introduction-d24\/?lang=de\" target=\"_blank\" rel=\"noreferrer noopener\">Grundlagen des Urheberrechts<\/a>.<br><\/pre>\n\n\n\n<p><strong>Zum Autor<\/strong><\/p>\n\n\n\n<p>Thomas Bucher arbeitet als Dozent f\u00fcr Schulrecht an der PH Z\u00fcrich. Seine Arbeitsschwerpunkte liegen in den Bereichen Schulrecht, allgemeines Verwaltungsrecht, Personalrecht und Schweizerisches Arbeitsrecht.<\/p>\n\n\n\n<p>Redaktion: Melina Maerten<br>Beitragsbild: Bildarchiv PHZH<\/p>\n\n\n\n<p><\/p>\n","protected":false},"excerpt":{"rendered":"<p>Guter Schulunterricht geht einher mit dem Einsatz vielf\u00e4ltiger Medien. F\u00fcr Lehrpersonen und Schulleitungen stellen sich dadurch immer wieder Fragen des Urheberrechts. D\u00fcrfen Lehrmittel digitalisiert und auf den Server der Schule gestellt werden, damit sich alle Lehrpersonen daraus bedienen k\u00f6nnen, um den Unterricht anschaulich vorzubereiten und durchzuf\u00fchren? Darf ein zeitgen\u00f6ssisches Musical am frei zug\u00e4nglichen Jugendfest bedenkenlos &hellip; <a href=\"https:\/\/blog.phzh.ch\/schulfuehrung\/2026\/02\/03\/urheberrechte-im-schulalltag\/\" class=\"more-link\"><span class=\"screen-reader-text\">Urheberrechte im Schulalltag<\/span> weiterlesen<\/a><\/p>\n","protected":false},"author":1392,"featured_media":7158,"comment_status":"open","ping_status":"open","sticky":false,"template":"","format":"standard","meta":{"sfsi_plus_gutenberg_text_before_share":"","sfsi_plus_gutenberg_show_text_before_share":"","sfsi_plus_gutenberg_icon_type":"","sfsi_plus_gutenberg_icon_alignemt":"","sfsi_plus_gutenburg_max_per_row":"","footnotes":""},"categories":[103451,107309],"tags":[42445,4186,109890,103453,4172,110005,110006],"class_list":["post-7149","post","type-post","status-publish","format-standard","has-post-thumbnail","hentry","category-der-fall","category-alle-beitraege","tag-lehrmittel","tag-lehrpersonen","tag-schulleitungen","tag-thomas-bucher","tag-unterricht","tag-urheberrechte-schulalltag","tag-werkverwendung"],"yoast_head":"<!-- This site is optimized with the Yoast SEO plugin v26.8 - https:\/\/yoast.com\/product\/yoast-seo-wordpress\/ -->\n<title>Urheberrechte im Schulalltag - Schulf\u00fchrung<\/title>\n<meta name=\"robots\" content=\"index, follow, max-snippet:-1, max-image-preview:large, max-video-preview:-1\" \/>\n<link rel=\"canonical\" href=\"https:\/\/blog.phzh.ch\/schulfuehrung\/2026\/02\/03\/urheberrechte-im-schulalltag\/\" \/>\n<meta property=\"og:locale\" content=\"de_DE\" \/>\n<meta property=\"og:type\" content=\"article\" \/>\n<meta property=\"og:title\" content=\"Urheberrechte im Schulalltag - Schulf\u00fchrung\" \/>\n<meta property=\"og:description\" content=\"Guter Schulunterricht geht einher mit dem Einsatz vielf\u00e4ltiger Medien. F\u00fcr Lehrpersonen und Schulleitungen stellen sich dadurch immer wieder Fragen des Urheberrechts. D\u00fcrfen Lehrmittel digitalisiert und auf den Server der Schule gestellt werden, damit sich alle Lehrpersonen daraus bedienen k\u00f6nnen, um den Unterricht anschaulich vorzubereiten und durchzuf\u00fchren? Darf ein zeitgen\u00f6ssisches Musical am frei zug\u00e4nglichen Jugendfest bedenkenlos &hellip; Urheberrechte im Schulalltag weiterlesen\" \/>\n<meta property=\"og:url\" content=\"https:\/\/blog.phzh.ch\/schulfuehrung\/2026\/02\/03\/urheberrechte-im-schulalltag\/\" \/>\n<meta property=\"og:site_name\" content=\"Schulf\u00fchrung\" \/>\n<meta property=\"article:published_time\" content=\"2026-02-03T03:00:00+00:00\" \/>\n<meta property=\"og:image\" content=\"https:\/\/blog.phzh.ch\/schulfuehrung\/files\/2026\/02\/Urheberrechte_Schulalltag-Computerprogramm_PHZH-scaled.jpg\" \/>\n\t<meta property=\"og:image:width\" content=\"2560\" \/>\n\t<meta property=\"og:image:height\" content=\"1707\" \/>\n\t<meta property=\"og:image:type\" content=\"image\/jpeg\" \/>\n<meta name=\"author\" content=\"melinamaerten\" \/>\n<meta name=\"twitter:card\" content=\"summary_large_image\" \/>\n<meta name=\"twitter:label1\" content=\"Verfasst von\" \/>\n\t<meta name=\"twitter:data1\" content=\"melinamaerten\" \/>\n\t<meta name=\"twitter:label2\" content=\"Gesch\u00e4tzte Lesezeit\" \/>\n\t<meta name=\"twitter:data2\" content=\"5\u00a0Minuten\" \/>\n<script type=\"application\/ld+json\" class=\"yoast-schema-graph\">{\"@context\":\"https:\/\/schema.org\",\"@graph\":[{\"@type\":\"Article\",\"@id\":\"https:\/\/blog.phzh.ch\/schulfuehrung\/2026\/02\/03\/urheberrechte-im-schulalltag\/#article\",\"isPartOf\":{\"@id\":\"https:\/\/blog.phzh.ch\/schulfuehrung\/2026\/02\/03\/urheberrechte-im-schulalltag\/\"},\"author\":{\"name\":\"melinamaerten\",\"@id\":\"https:\/\/blog.phzh.ch\/schulfuehrung\/#\/schema\/person\/13544ff30d01e0e5f98444f0696dcefb\"},\"headline\":\"Urheberrechte im Schulalltag\",\"datePublished\":\"2026-02-03T03:00:00+00:00\",\"mainEntityOfPage\":{\"@id\":\"https:\/\/blog.phzh.ch\/schulfuehrung\/2026\/02\/03\/urheberrechte-im-schulalltag\/\"},\"wordCount\":724,\"commentCount\":0,\"image\":{\"@id\":\"https:\/\/blog.phzh.ch\/schulfuehrung\/2026\/02\/03\/urheberrechte-im-schulalltag\/#primaryimage\"},\"thumbnailUrl\":\"https:\/\/blog.phzh.ch\/schulfuehrung\/files\/2026\/02\/Urheberrechte_Schulalltag-Computerprogramm_PHZH-scaled.jpg\",\"keywords\":[\"Lehrmittel\",\"Lehrpersonen\",\"Schulleitungen\",\"Thomas Bucher\",\"Unterricht\",\"Urheberrechte Schulalltag\",\"Werkverwendung\"],\"articleSection\":[\"Der Fall\",\"Gesamte Beitr\u00e4ge\"],\"inLanguage\":\"de\",\"potentialAction\":[{\"@type\":\"CommentAction\",\"name\":\"Comment\",\"target\":[\"https:\/\/blog.phzh.ch\/schulfuehrung\/2026\/02\/03\/urheberrechte-im-schulalltag\/#respond\"]}]},{\"@type\":\"WebPage\",\"@id\":\"https:\/\/blog.phzh.ch\/schulfuehrung\/2026\/02\/03\/urheberrechte-im-schulalltag\/\",\"url\":\"https:\/\/blog.phzh.ch\/schulfuehrung\/2026\/02\/03\/urheberrechte-im-schulalltag\/\",\"name\":\"Urheberrechte im Schulalltag - Schulf\u00fchrung\",\"isPartOf\":{\"@id\":\"https:\/\/blog.phzh.ch\/schulfuehrung\/#website\"},\"primaryImageOfPage\":{\"@id\":\"https:\/\/blog.phzh.ch\/schulfuehrung\/2026\/02\/03\/urheberrechte-im-schulalltag\/#primaryimage\"},\"image\":{\"@id\":\"https:\/\/blog.phzh.ch\/schulfuehrung\/2026\/02\/03\/urheberrechte-im-schulalltag\/#primaryimage\"},\"thumbnailUrl\":\"https:\/\/blog.phzh.ch\/schulfuehrung\/files\/2026\/02\/Urheberrechte_Schulalltag-Computerprogramm_PHZH-scaled.jpg\",\"datePublished\":\"2026-02-03T03:00:00+00:00\",\"author\":{\"@id\":\"https:\/\/blog.phzh.ch\/schulfuehrung\/#\/schema\/person\/13544ff30d01e0e5f98444f0696dcefb\"},\"breadcrumb\":{\"@id\":\"https:\/\/blog.phzh.ch\/schulfuehrung\/2026\/02\/03\/urheberrechte-im-schulalltag\/#breadcrumb\"},\"inLanguage\":\"de\",\"potentialAction\":[{\"@type\":\"ReadAction\",\"target\":[\"https:\/\/blog.phzh.ch\/schulfuehrung\/2026\/02\/03\/urheberrechte-im-schulalltag\/\"]}]},{\"@type\":\"ImageObject\",\"inLanguage\":\"de\",\"@id\":\"https:\/\/blog.phzh.ch\/schulfuehrung\/2026\/02\/03\/urheberrechte-im-schulalltag\/#primaryimage\",\"url\":\"https:\/\/blog.phzh.ch\/schulfuehrung\/files\/2026\/02\/Urheberrechte_Schulalltag-Computerprogramm_PHZH-scaled.jpg\",\"contentUrl\":\"https:\/\/blog.phzh.ch\/schulfuehrung\/files\/2026\/02\/Urheberrechte_Schulalltag-Computerprogramm_PHZH-scaled.jpg\",\"width\":2560,\"height\":1707,\"caption\":\"Urheberrechte Schulalltag\"},{\"@type\":\"BreadcrumbList\",\"@id\":\"https:\/\/blog.phzh.ch\/schulfuehrung\/2026\/02\/03\/urheberrechte-im-schulalltag\/#breadcrumb\",\"itemListElement\":[{\"@type\":\"ListItem\",\"position\":1,\"name\":\"Startseite\",\"item\":\"https:\/\/blog.phzh.ch\/schulfuehrung\/\"},{\"@type\":\"ListItem\",\"position\":2,\"name\":\"Urheberrechte im Schulalltag\"}]},{\"@type\":\"WebSite\",\"@id\":\"https:\/\/blog.phzh.ch\/schulfuehrung\/#website\",\"url\":\"https:\/\/blog.phzh.ch\/schulfuehrung\/\",\"name\":\"Schulf\u00fchrung\",\"description\":\"phzh.ch\/schulfuehrung\",\"potentialAction\":[{\"@type\":\"SearchAction\",\"target\":{\"@type\":\"EntryPoint\",\"urlTemplate\":\"https:\/\/blog.phzh.ch\/schulfuehrung\/?s={search_term_string}\"},\"query-input\":{\"@type\":\"PropertyValueSpecification\",\"valueRequired\":true,\"valueName\":\"search_term_string\"}}],\"inLanguage\":\"de\"},{\"@type\":\"Person\",\"@id\":\"https:\/\/blog.phzh.ch\/schulfuehrung\/#\/schema\/person\/13544ff30d01e0e5f98444f0696dcefb\",\"name\":\"melinamaerten\",\"image\":{\"@type\":\"ImageObject\",\"inLanguage\":\"de\",\"@id\":\"https:\/\/blog.phzh.ch\/schulfuehrung\/#\/schema\/person\/image\/\",\"url\":\"https:\/\/secure.gravatar.com\/avatar\/581b196899ac4a61b7e20a29f4dd52fe?s=96&d=mm&r=g\",\"contentUrl\":\"https:\/\/secure.gravatar.com\/avatar\/581b196899ac4a61b7e20a29f4dd52fe?s=96&d=mm&r=g\",\"caption\":\"melinamaerten\"},\"url\":\"https:\/\/blog.phzh.ch\/schulfuehrung\/author\/melinamaerten\/\"}]}<\/script>\n<!-- \/ Yoast SEO plugin. -->","yoast_head_json":{"title":"Urheberrechte im Schulalltag - Schulf\u00fchrung","robots":{"index":"index","follow":"follow","max-snippet":"max-snippet:-1","max-image-preview":"max-image-preview:large","max-video-preview":"max-video-preview:-1"},"canonical":"https:\/\/blog.phzh.ch\/schulfuehrung\/2026\/02\/03\/urheberrechte-im-schulalltag\/","og_locale":"de_DE","og_type":"article","og_title":"Urheberrechte im Schulalltag - Schulf\u00fchrung","og_description":"Guter Schulunterricht geht einher mit dem Einsatz vielf\u00e4ltiger Medien. F\u00fcr Lehrpersonen und Schulleitungen stellen sich dadurch immer wieder Fragen des Urheberrechts. D\u00fcrfen Lehrmittel digitalisiert und auf den Server der Schule gestellt werden, damit sich alle Lehrpersonen daraus bedienen k\u00f6nnen, um den Unterricht anschaulich vorzubereiten und durchzuf\u00fchren? Darf ein zeitgen\u00f6ssisches Musical am frei zug\u00e4nglichen Jugendfest bedenkenlos &hellip; Urheberrechte im Schulalltag weiterlesen","og_url":"https:\/\/blog.phzh.ch\/schulfuehrung\/2026\/02\/03\/urheberrechte-im-schulalltag\/","og_site_name":"Schulf\u00fchrung","article_published_time":"2026-02-03T03:00:00+00:00","og_image":[{"width":2560,"height":1707,"url":"https:\/\/blog.phzh.ch\/schulfuehrung\/files\/2026\/02\/Urheberrechte_Schulalltag-Computerprogramm_PHZH-scaled.jpg","type":"image\/jpeg"}],"author":"melinamaerten","twitter_card":"summary_large_image","twitter_misc":{"Verfasst von":"melinamaerten","Gesch\u00e4tzte Lesezeit":"5\u00a0Minuten"},"schema":{"@context":"https:\/\/schema.org","@graph":[{"@type":"Article","@id":"https:\/\/blog.phzh.ch\/schulfuehrung\/2026\/02\/03\/urheberrechte-im-schulalltag\/#article","isPartOf":{"@id":"https:\/\/blog.phzh.ch\/schulfuehrung\/2026\/02\/03\/urheberrechte-im-schulalltag\/"},"author":{"name":"melinamaerten","@id":"https:\/\/blog.phzh.ch\/schulfuehrung\/#\/schema\/person\/13544ff30d01e0e5f98444f0696dcefb"},"headline":"Urheberrechte im Schulalltag","datePublished":"2026-02-03T03:00:00+00:00","mainEntityOfPage":{"@id":"https:\/\/blog.phzh.ch\/schulfuehrung\/2026\/02\/03\/urheberrechte-im-schulalltag\/"},"wordCount":724,"commentCount":0,"image":{"@id":"https:\/\/blog.phzh.ch\/schulfuehrung\/2026\/02\/03\/urheberrechte-im-schulalltag\/#primaryimage"},"thumbnailUrl":"https:\/\/blog.phzh.ch\/schulfuehrung\/files\/2026\/02\/Urheberrechte_Schulalltag-Computerprogramm_PHZH-scaled.jpg","keywords":["Lehrmittel","Lehrpersonen","Schulleitungen","Thomas Bucher","Unterricht","Urheberrechte Schulalltag","Werkverwendung"],"articleSection":["Der Fall","Gesamte Beitr\u00e4ge"],"inLanguage":"de","potentialAction":[{"@type":"CommentAction","name":"Comment","target":["https:\/\/blog.phzh.ch\/schulfuehrung\/2026\/02\/03\/urheberrechte-im-schulalltag\/#respond"]}]},{"@type":"WebPage","@id":"https:\/\/blog.phzh.ch\/schulfuehrung\/2026\/02\/03\/urheberrechte-im-schulalltag\/","url":"https:\/\/blog.phzh.ch\/schulfuehrung\/2026\/02\/03\/urheberrechte-im-schulalltag\/","name":"Urheberrechte im Schulalltag - Schulf\u00fchrung","isPartOf":{"@id":"https:\/\/blog.phzh.ch\/schulfuehrung\/#website"},"primaryImageOfPage":{"@id":"https:\/\/blog.phzh.ch\/schulfuehrung\/2026\/02\/03\/urheberrechte-im-schulalltag\/#primaryimage"},"image":{"@id":"https:\/\/blog.phzh.ch\/schulfuehrung\/2026\/02\/03\/urheberrechte-im-schulalltag\/#primaryimage"},"thumbnailUrl":"https:\/\/blog.phzh.ch\/schulfuehrung\/files\/2026\/02\/Urheberrechte_Schulalltag-Computerprogramm_PHZH-scaled.jpg","datePublished":"2026-02-03T03:00:00+00:00","author":{"@id":"https:\/\/blog.phzh.ch\/schulfuehrung\/#\/schema\/person\/13544ff30d01e0e5f98444f0696dcefb"},"breadcrumb":{"@id":"https:\/\/blog.phzh.ch\/schulfuehrung\/2026\/02\/03\/urheberrechte-im-schulalltag\/#breadcrumb"},"inLanguage":"de","potentialAction":[{"@type":"ReadAction","target":["https:\/\/blog.phzh.ch\/schulfuehrung\/2026\/02\/03\/urheberrechte-im-schulalltag\/"]}]},{"@type":"ImageObject","inLanguage":"de","@id":"https:\/\/blog.phzh.ch\/schulfuehrung\/2026\/02\/03\/urheberrechte-im-schulalltag\/#primaryimage","url":"https:\/\/blog.phzh.ch\/schulfuehrung\/files\/2026\/02\/Urheberrechte_Schulalltag-Computerprogramm_PHZH-scaled.jpg","contentUrl":"https:\/\/blog.phzh.ch\/schulfuehrung\/files\/2026\/02\/Urheberrechte_Schulalltag-Computerprogramm_PHZH-scaled.jpg","width":2560,"height":1707,"caption":"Urheberrechte Schulalltag"},{"@type":"BreadcrumbList","@id":"https:\/\/blog.phzh.ch\/schulfuehrung\/2026\/02\/03\/urheberrechte-im-schulalltag\/#breadcrumb","itemListElement":[{"@type":"ListItem","position":1,"name":"Startseite","item":"https:\/\/blog.phzh.ch\/schulfuehrung\/"},{"@type":"ListItem","position":2,"name":"Urheberrechte im Schulalltag"}]},{"@type":"WebSite","@id":"https:\/\/blog.phzh.ch\/schulfuehrung\/#website","url":"https:\/\/blog.phzh.ch\/schulfuehrung\/","name":"Schulf\u00fchrung","description":"phzh.ch\/schulfuehrung","potentialAction":[{"@type":"SearchAction","target":{"@type":"EntryPoint","urlTemplate":"https:\/\/blog.phzh.ch\/schulfuehrung\/?s={search_term_string}"},"query-input":{"@type":"PropertyValueSpecification","valueRequired":true,"valueName":"search_term_string"}}],"inLanguage":"de"},{"@type":"Person","@id":"https:\/\/blog.phzh.ch\/schulfuehrung\/#\/schema\/person\/13544ff30d01e0e5f98444f0696dcefb","name":"melinamaerten","image":{"@type":"ImageObject","inLanguage":"de","@id":"https:\/\/blog.phzh.ch\/schulfuehrung\/#\/schema\/person\/image\/","url":"https:\/\/secure.gravatar.com\/avatar\/581b196899ac4a61b7e20a29f4dd52fe?s=96&d=mm&r=g","contentUrl":"https:\/\/secure.gravatar.com\/avatar\/581b196899ac4a61b7e20a29f4dd52fe?s=96&d=mm&r=g","caption":"melinamaerten"},"url":"https:\/\/blog.phzh.ch\/schulfuehrung\/author\/melinamaerten\/"}]}},"_links":{"self":[{"href":"https:\/\/blog.phzh.ch\/schulfuehrung\/wp-json\/wp\/v2\/posts\/7149","targetHints":{"allow":["GET"]}}],"collection":[{"href":"https:\/\/blog.phzh.ch\/schulfuehrung\/wp-json\/wp\/v2\/posts"}],"about":[{"href":"https:\/\/blog.phzh.ch\/schulfuehrung\/wp-json\/wp\/v2\/types\/post"}],"author":[{"embeddable":true,"href":"https:\/\/blog.phzh.ch\/schulfuehrung\/wp-json\/wp\/v2\/users\/1392"}],"replies":[{"embeddable":true,"href":"https:\/\/blog.phzh.ch\/schulfuehrung\/wp-json\/wp\/v2\/comments?post=7149"}],"version-history":[{"count":8,"href":"https:\/\/blog.phzh.ch\/schulfuehrung\/wp-json\/wp\/v2\/posts\/7149\/revisions"}],"predecessor-version":[{"id":7160,"href":"https:\/\/blog.phzh.ch\/schulfuehrung\/wp-json\/wp\/v2\/posts\/7149\/revisions\/7160"}],"wp:featuredmedia":[{"embeddable":true,"href":"https:\/\/blog.phzh.ch\/schulfuehrung\/wp-json\/wp\/v2\/media\/7158"}],"wp:attachment":[{"href":"https:\/\/blog.phzh.ch\/schulfuehrung\/wp-json\/wp\/v2\/media?parent=7149"}],"wp:term":[{"taxonomy":"category","embeddable":true,"href":"https:\/\/blog.phzh.ch\/schulfuehrung\/wp-json\/wp\/v2\/categories?post=7149"},{"taxonomy":"post_tag","embeddable":true,"href":"https:\/\/blog.phzh.ch\/schulfuehrung\/wp-json\/wp\/v2\/tags?post=7149"}],"curies":[{"name":"wp","href":"https:\/\/api.w.org\/{rel}","templated":true}]}}