{"id":7110,"date":"2026-01-13T04:00:00","date_gmt":"2026-01-13T03:00:00","guid":{"rendered":"https:\/\/blog.phzh.ch\/schulfuehrung\/?p=7110"},"modified":"2025-12-16T09:16:02","modified_gmt":"2025-12-16T08:16:02","slug":"schulfuehrung-und-inklusion-schulen-gemeinsam-vielfaeltiger-gestalten","status":"publish","type":"post","link":"https:\/\/blog.phzh.ch\/schulfuehrung\/2026\/01\/13\/schulfuehrung-und-inklusion-schulen-gemeinsam-vielfaeltiger-gestalten\/","title":{"rendered":"Schulf\u00fchrung und Inklusion: Schulen gemeinsam vielf\u00e4ltiger gestalten"},"content":{"rendered":"\n<p><strong>Der Umgang mit Diversit\u00e4t ist eine zentrale Herausforderung der heutigen Schule. Lernende bringen unterschiedliche Bed\u00fcrfnisse, F\u00e4higkeiten und Hintergr\u00fcnde mit \u2013 und Schulen stehen vor der Aufgabe, allen Kindern und Jugendlichen eine echte Teilhabe zu erm\u00f6glichen. Olaf K\u00f6ster-Ehling zeigt Inklusion als Grundlage einer demokratischen Schule auf.<\/strong><\/p>\n\n\n\n<p>Inklusion bedeutet weit mehr, als einzelne Unterst\u00fctzungsangebote bereitzustellen. Sie ist ein demokratisches Projekt, das darauf abzielt, Bildungsungleichheiten zu verringern und vielf\u00e4ltige Lebenslagen wahrzunehmen. Neben der Kategorie Behinderung r\u00fccken auch Aspekte wie Sprache, Herkunft oder soziale Lage in den Blick. Eine differenzsensible Schule entwickelt Kulturen, Strukturen und Praktiken, die Vielfalt anerkennen und Barrieren abbauen.<\/p>\n\n\n\n<p>Daf\u00fcr braucht es Teams, die multiprofessionell zusammenarbeiten, und eine Schulf\u00fchrung, die Entwicklungsprozesse gezielt steuert. Sie schafft Rahmenbedingungen, f\u00f6rdert Zusammenarbeit und regt die Reflexion \u00fcber bestehende Praktiken an.<\/p>\n\n\n<p><!--more--><\/p>\n\n\n<p><strong>Partizipation als Schl\u00fcssel zur inklusiven Schulentwicklung<\/strong><\/p>\n\n\n\n<p>Ein inklusives Bildungssystem lebt davon, dass alle Beteiligten \u2013 Lernende, Lehrkr\u00e4fte, Eltern und weitere p\u00e4dagogische Fachkr\u00e4fte \u2013 aktiv an Entwicklungsprozessen beteiligt sind. Partizipation st\u00e4rkt nicht nur das demokratische Selbstverst\u00e4ndnis einer Schule, sondern erm\u00f6glicht es auch, unterschiedliche Perspektiven in Entscheidungsprozesse einzubeziehen. So k\u00f6nnen Bed\u00fcrfnisse fr\u00fchzeitig erkannt, Konflikte konstruktiv bearbeitet und innovative L\u00f6sungswege entwickelt werden. Besonders Sch\u00fcler:innenvertretungen gewinnen in einer inklusiven Schule an Bedeutung, da sie helfen, Stimmen zu artikulieren, die sonst m\u00f6glicherweise ungeh\u00f6rt blieben.<\/p>\n\n\n\n<p><strong>Lernarrangements, die Vielfalt gerecht werden<\/strong><\/p>\n\n\n\n<p>Inklusion zeigt sich nicht zuletzt im Unterricht. Lernarrangements, die auf individuelle Lernwege, flexible Differenzierung und kooperative Lernformen setzen, unterst\u00fctzen Kinder und Jugendliche dabei, ihre Potenziale zu entfalten. Formen wie projektorientiertes Lernen, Lernwerkst\u00e4tten oder adaptive digitale Lernumgebungen erlauben es, unterschiedliche Lernniveaus und Arbeitsweisen zu ber\u00fccksichtigen. Entscheidend ist, dass Lehrkr\u00e4fte eine Haltung der Offenheit und Wertsch\u00e4tzung gegen\u00fcber heterogenen Lerngruppen entwickeln \u2013 eine Haltung, die es erm\u00f6glicht, St\u00e4rken zu erkennen, F\u00f6rderbedarfe fr\u00fchzeitig zu adressieren und Lerngelegenheiten f\u00fcr alle zu schaffen und das sich das System immer wieder fragt, wo sind Barrieren f\u00fcr Sch\u00fcler:innen, die wir abbauen m\u00fcssen damit sie lerne k\u00f6nnen.<\/p>\n\n\n\n<pre class=\"wp-block-preformatted\">INFOBOX<br><br><strong>Weiterbildungsangebot f\u00fcr aktive Schulgestaltung<br><\/strong><br>Der <a href=\"https:\/\/phzh.ch\/weiterbildung\/alle-weiterbildungen\/weiterbildungsanlass\/?anlassId=144684899\" target=\"_blank\" rel=\"noreferrer noopener\">CAS Schulf\u00fchrung und Inklusion<\/a>, den die Interkantonale Hochschule f\u00fcr Heilp\u00e4dagogik (HfH) und die P\u00e4dagogische Hochschule Z\u00fcrich (PHZH) ab September 2026 zum dritten Mal anbieten, richtet sich an F\u00fchrungspersonen und Teacher Leaders, die diese Aufgabe aktiv gestalten m\u00f6chten.<br><br>Der Lehrgang unterst\u00fctzt Leitungen und angehende F\u00fchrungspersonen dabei, die Herausforderungen der inklusiven Schulentwicklung konsequent anzugehen. Er verkn\u00fcpft wissenschaftliche Grundlagen mit praxisnahen Instrumenten und schafft Raum f\u00fcr Austausch und kollegiale Beratung. Ziel ist es, Schulen so weiterzuentwickeln, dass alle Lernenden nach ihren individuellen M\u00f6glichkeiten teilhaben und lernen k\u00f6nnen.<\/pre>\n\n\n\n<h2 class=\"wp-block-heading\">Zum Autor<\/h2>\n\n\n<div class=\"wp-block-image is-resized\">\n<figure class=\"alignleft size-large\"><img loading=\"lazy\" decoding=\"async\" width=\"789\" height=\"1024\" src=\"http:\/\/blog.phzh.ch\/schulfuehrung\/files\/2023\/09\/230923_Portrait-789x1024.jpg\" alt=\"Olaf K\u00f6ster-Ehling\" class=\"wp-image-5066\" style=\"width:127px\" srcset=\"https:\/\/blog.phzh.ch\/schulfuehrung\/files\/2023\/09\/230923_Portrait-789x1024.jpg 789w, https:\/\/blog.phzh.ch\/schulfuehrung\/files\/2023\/09\/230923_Portrait-231x300.jpg 231w, https:\/\/blog.phzh.ch\/schulfuehrung\/files\/2023\/09\/230923_Portrait-768x996.jpg 768w, https:\/\/blog.phzh.ch\/schulfuehrung\/files\/2023\/09\/230923_Portrait-1184x1536.jpg 1184w, https:\/\/blog.phzh.ch\/schulfuehrung\/files\/2023\/09\/230923_Portrait-1579x2048.jpg 1579w, https:\/\/blog.phzh.ch\/schulfuehrung\/files\/2023\/09\/230923_Portrait-scaled.jpg 1974w\" sizes=\"auto, (max-width: 789px) 100vw, 789px\" \/><\/figure><\/div>\n\n\n<p><a href=\"https:\/\/phzh.ch\/personen\/olaf.koester\" target=\"_blank\" rel=\"noreferrer noopener\">Olaf K\u00f6ster-Ehling<\/a> ist Dozent in der Abteilung Management und Leadership an der PH Z\u00fcrich. Er war 18 Jahre als Schulleiter t\u00e4tig und f\u00fcnf Jahre als Bildungsexperte f\u00fcr eine gemeinn\u00fctzige Stiftung im p\u00e4dagogischen Feld unterwegs. Er ist promovierter Erziehungswissenschaftler und hat sich auf p\u00e4dagogische Schulf\u00fchrung, Leadership und Kommunikation spezialisiert.<\/p>\n\n\n\n<p><\/p>\n\n\n\n<p>Redaktion: Melina Maerten<br>Beitragsbild: Primar Wettswil, Bildarchiv PHZH<\/p>\n","protected":false},"excerpt":{"rendered":"<p>Der Umgang mit Diversit\u00e4t ist eine zentrale Herausforderung der heutigen Schule. Lernende bringen unterschiedliche Bed\u00fcrfnisse, F\u00e4higkeiten und Hintergr\u00fcnde mit \u2013 und Schulen stehen vor der Aufgabe, allen Kindern und Jugendlichen eine echte Teilhabe zu erm\u00f6glichen. Olaf K\u00f6ster-Ehling zeigt Inklusion als Grundlage einer demokratischen Schule auf. Inklusion bedeutet weit mehr, als einzelne Unterst\u00fctzungsangebote bereitzustellen. Sie ist &hellip; <a href=\"https:\/\/blog.phzh.ch\/schulfuehrung\/2026\/01\/13\/schulfuehrung-und-inklusion-schulen-gemeinsam-vielfaeltiger-gestalten\/\" class=\"more-link\"><span class=\"screen-reader-text\">Schulf\u00fchrung und Inklusion: Schulen gemeinsam vielf\u00e4ltiger gestalten<\/span> weiterlesen<\/a><\/p>\n","protected":false},"author":1392,"featured_media":7113,"comment_status":"open","ping_status":"open","sticky":false,"template":"","format":"standard","meta":{"sfsi_plus_gutenberg_text_before_share":"","sfsi_plus_gutenberg_show_text_before_share":"","sfsi_plus_gutenberg_icon_type":"","sfsi_plus_gutenberg_icon_alignemt":"","sfsi_plus_gutenburg_max_per_row":"","footnotes":""},"categories":[107128,107309],"tags":[],"class_list":["post-7110","post","type-post","status-publish","format-standard","has-post-thumbnail","hentry","category-entdecken","category-alle-beitraege"],"yoast_head":"<!-- This site is optimized with the Yoast SEO plugin v26.8 - https:\/\/yoast.com\/product\/yoast-seo-wordpress\/ -->\n<title>Schulf\u00fchrung und Inklusion: Schulen gemeinsam vielf\u00e4ltiger gestalten - Schulf\u00fchrung<\/title>\n<meta name=\"robots\" content=\"index, follow, max-snippet:-1, max-image-preview:large, max-video-preview:-1\" \/>\n<link rel=\"canonical\" href=\"https:\/\/blog.phzh.ch\/schulfuehrung\/2026\/01\/13\/schulfuehrung-und-inklusion-schulen-gemeinsam-vielfaeltiger-gestalten\/\" \/>\n<meta property=\"og:locale\" content=\"de_DE\" \/>\n<meta property=\"og:type\" content=\"article\" \/>\n<meta property=\"og:title\" content=\"Schulf\u00fchrung und Inklusion: Schulen gemeinsam vielf\u00e4ltiger gestalten - Schulf\u00fchrung\" \/>\n<meta property=\"og:description\" content=\"Der Umgang mit Diversit\u00e4t ist eine zentrale Herausforderung der heutigen Schule. Lernende bringen unterschiedliche Bed\u00fcrfnisse, F\u00e4higkeiten und Hintergr\u00fcnde mit \u2013 und Schulen stehen vor der Aufgabe, allen Kindern und Jugendlichen eine echte Teilhabe zu erm\u00f6glichen. Olaf K\u00f6ster-Ehling zeigt Inklusion als Grundlage einer demokratischen Schule auf. Inklusion bedeutet weit mehr, als einzelne Unterst\u00fctzungsangebote bereitzustellen. Sie ist &hellip; Schulf\u00fchrung und Inklusion: Schulen gemeinsam vielf\u00e4ltiger gestalten weiterlesen\" \/>\n<meta property=\"og:url\" content=\"https:\/\/blog.phzh.ch\/schulfuehrung\/2026\/01\/13\/schulfuehrung-und-inklusion-schulen-gemeinsam-vielfaeltiger-gestalten\/\" \/>\n<meta property=\"og:site_name\" content=\"Schulf\u00fchrung\" \/>\n<meta property=\"article:published_time\" content=\"2026-01-13T03:00:00+00:00\" \/>\n<meta property=\"og:image\" content=\"https:\/\/blog.phzh.ch\/schulfuehrung\/files\/2026\/01\/Diversitaet_PrimarWettswil_96_Bildarchiv-PHZH-1-scaled.jpg\" \/>\n\t<meta property=\"og:image:width\" content=\"2560\" \/>\n\t<meta property=\"og:image:height\" content=\"1706\" \/>\n\t<meta property=\"og:image:type\" content=\"image\/jpeg\" \/>\n<meta name=\"author\" content=\"melinamaerten\" \/>\n<meta name=\"twitter:card\" content=\"summary_large_image\" \/>\n<meta name=\"twitter:label1\" content=\"Verfasst von\" \/>\n\t<meta name=\"twitter:data1\" content=\"melinamaerten\" \/>\n\t<meta name=\"twitter:label2\" content=\"Gesch\u00e4tzte Lesezeit\" \/>\n\t<meta name=\"twitter:data2\" content=\"3\u00a0Minuten\" \/>\n<script type=\"application\/ld+json\" class=\"yoast-schema-graph\">{\"@context\":\"https:\/\/schema.org\",\"@graph\":[{\"@type\":\"Article\",\"@id\":\"https:\/\/blog.phzh.ch\/schulfuehrung\/2026\/01\/13\/schulfuehrung-und-inklusion-schulen-gemeinsam-vielfaeltiger-gestalten\/#article\",\"isPartOf\":{\"@id\":\"https:\/\/blog.phzh.ch\/schulfuehrung\/2026\/01\/13\/schulfuehrung-und-inklusion-schulen-gemeinsam-vielfaeltiger-gestalten\/\"},\"author\":{\"name\":\"melinamaerten\",\"@id\":\"https:\/\/blog.phzh.ch\/schulfuehrung\/#\/schema\/person\/13544ff30d01e0e5f98444f0696dcefb\"},\"headline\":\"Schulf\u00fchrung und Inklusion: Schulen gemeinsam vielf\u00e4ltiger gestalten\",\"datePublished\":\"2026-01-13T03:00:00+00:00\",\"mainEntityOfPage\":{\"@id\":\"https:\/\/blog.phzh.ch\/schulfuehrung\/2026\/01\/13\/schulfuehrung-und-inklusion-schulen-gemeinsam-vielfaeltiger-gestalten\/\"},\"wordCount\":420,\"commentCount\":0,\"image\":{\"@id\":\"https:\/\/blog.phzh.ch\/schulfuehrung\/2026\/01\/13\/schulfuehrung-und-inklusion-schulen-gemeinsam-vielfaeltiger-gestalten\/#primaryimage\"},\"thumbnailUrl\":\"https:\/\/blog.phzh.ch\/schulfuehrung\/files\/2026\/01\/Diversitaet_PrimarWettswil_96_Bildarchiv-PHZH-1-scaled.jpg\",\"articleSection\":[\"Entdecken\",\"Gesamte Beitr\u00e4ge\"],\"inLanguage\":\"de\",\"potentialAction\":[{\"@type\":\"CommentAction\",\"name\":\"Comment\",\"target\":[\"https:\/\/blog.phzh.ch\/schulfuehrung\/2026\/01\/13\/schulfuehrung-und-inklusion-schulen-gemeinsam-vielfaeltiger-gestalten\/#respond\"]}]},{\"@type\":\"WebPage\",\"@id\":\"https:\/\/blog.phzh.ch\/schulfuehrung\/2026\/01\/13\/schulfuehrung-und-inklusion-schulen-gemeinsam-vielfaeltiger-gestalten\/\",\"url\":\"https:\/\/blog.phzh.ch\/schulfuehrung\/2026\/01\/13\/schulfuehrung-und-inklusion-schulen-gemeinsam-vielfaeltiger-gestalten\/\",\"name\":\"Schulf\u00fchrung und Inklusion: Schulen gemeinsam vielf\u00e4ltiger gestalten - Schulf\u00fchrung\",\"isPartOf\":{\"@id\":\"https:\/\/blog.phzh.ch\/schulfuehrung\/#website\"},\"primaryImageOfPage\":{\"@id\":\"https:\/\/blog.phzh.ch\/schulfuehrung\/2026\/01\/13\/schulfuehrung-und-inklusion-schulen-gemeinsam-vielfaeltiger-gestalten\/#primaryimage\"},\"image\":{\"@id\":\"https:\/\/blog.phzh.ch\/schulfuehrung\/2026\/01\/13\/schulfuehrung-und-inklusion-schulen-gemeinsam-vielfaeltiger-gestalten\/#primaryimage\"},\"thumbnailUrl\":\"https:\/\/blog.phzh.ch\/schulfuehrung\/files\/2026\/01\/Diversitaet_PrimarWettswil_96_Bildarchiv-PHZH-1-scaled.jpg\",\"datePublished\":\"2026-01-13T03:00:00+00:00\",\"author\":{\"@id\":\"https:\/\/blog.phzh.ch\/schulfuehrung\/#\/schema\/person\/13544ff30d01e0e5f98444f0696dcefb\"},\"breadcrumb\":{\"@id\":\"https:\/\/blog.phzh.ch\/schulfuehrung\/2026\/01\/13\/schulfuehrung-und-inklusion-schulen-gemeinsam-vielfaeltiger-gestalten\/#breadcrumb\"},\"inLanguage\":\"de\",\"potentialAction\":[{\"@type\":\"ReadAction\",\"target\":[\"https:\/\/blog.phzh.ch\/schulfuehrung\/2026\/01\/13\/schulfuehrung-und-inklusion-schulen-gemeinsam-vielfaeltiger-gestalten\/\"]}]},{\"@type\":\"ImageObject\",\"inLanguage\":\"de\",\"@id\":\"https:\/\/blog.phzh.ch\/schulfuehrung\/2026\/01\/13\/schulfuehrung-und-inklusion-schulen-gemeinsam-vielfaeltiger-gestalten\/#primaryimage\",\"url\":\"https:\/\/blog.phzh.ch\/schulfuehrung\/files\/2026\/01\/Diversitaet_PrimarWettswil_96_Bildarchiv-PHZH-1-scaled.jpg\",\"contentUrl\":\"https:\/\/blog.phzh.ch\/schulfuehrung\/files\/2026\/01\/Diversitaet_PrimarWettswil_96_Bildarchiv-PHZH-1-scaled.jpg\",\"width\":2560,\"height\":1706,\"caption\":\"Schulf\u00fchrung und Inklusion, Diversit\u00e4t an Schulen, Primar Wettswil\"},{\"@type\":\"BreadcrumbList\",\"@id\":\"https:\/\/blog.phzh.ch\/schulfuehrung\/2026\/01\/13\/schulfuehrung-und-inklusion-schulen-gemeinsam-vielfaeltiger-gestalten\/#breadcrumb\",\"itemListElement\":[{\"@type\":\"ListItem\",\"position\":1,\"name\":\"Startseite\",\"item\":\"https:\/\/blog.phzh.ch\/schulfuehrung\/\"},{\"@type\":\"ListItem\",\"position\":2,\"name\":\"Schulf\u00fchrung und Inklusion: Schulen gemeinsam vielf\u00e4ltiger gestalten\"}]},{\"@type\":\"WebSite\",\"@id\":\"https:\/\/blog.phzh.ch\/schulfuehrung\/#website\",\"url\":\"https:\/\/blog.phzh.ch\/schulfuehrung\/\",\"name\":\"Schulf\u00fchrung\",\"description\":\"phzh.ch\/schulfuehrung\",\"potentialAction\":[{\"@type\":\"SearchAction\",\"target\":{\"@type\":\"EntryPoint\",\"urlTemplate\":\"https:\/\/blog.phzh.ch\/schulfuehrung\/?s={search_term_string}\"},\"query-input\":{\"@type\":\"PropertyValueSpecification\",\"valueRequired\":true,\"valueName\":\"search_term_string\"}}],\"inLanguage\":\"de\"},{\"@type\":\"Person\",\"@id\":\"https:\/\/blog.phzh.ch\/schulfuehrung\/#\/schema\/person\/13544ff30d01e0e5f98444f0696dcefb\",\"name\":\"melinamaerten\",\"image\":{\"@type\":\"ImageObject\",\"inLanguage\":\"de\",\"@id\":\"https:\/\/blog.phzh.ch\/schulfuehrung\/#\/schema\/person\/image\/\",\"url\":\"https:\/\/secure.gravatar.com\/avatar\/581b196899ac4a61b7e20a29f4dd52fe?s=96&d=mm&r=g\",\"contentUrl\":\"https:\/\/secure.gravatar.com\/avatar\/581b196899ac4a61b7e20a29f4dd52fe?s=96&d=mm&r=g\",\"caption\":\"melinamaerten\"},\"url\":\"https:\/\/blog.phzh.ch\/schulfuehrung\/author\/melinamaerten\/\"}]}<\/script>\n<!-- \/ Yoast SEO plugin. -->","yoast_head_json":{"title":"Schulf\u00fchrung und Inklusion: Schulen gemeinsam vielf\u00e4ltiger gestalten - Schulf\u00fchrung","robots":{"index":"index","follow":"follow","max-snippet":"max-snippet:-1","max-image-preview":"max-image-preview:large","max-video-preview":"max-video-preview:-1"},"canonical":"https:\/\/blog.phzh.ch\/schulfuehrung\/2026\/01\/13\/schulfuehrung-und-inklusion-schulen-gemeinsam-vielfaeltiger-gestalten\/","og_locale":"de_DE","og_type":"article","og_title":"Schulf\u00fchrung und Inklusion: Schulen gemeinsam vielf\u00e4ltiger gestalten - Schulf\u00fchrung","og_description":"Der Umgang mit Diversit\u00e4t ist eine zentrale Herausforderung der heutigen Schule. Lernende bringen unterschiedliche Bed\u00fcrfnisse, F\u00e4higkeiten und Hintergr\u00fcnde mit \u2013 und Schulen stehen vor der Aufgabe, allen Kindern und Jugendlichen eine echte Teilhabe zu erm\u00f6glichen. Olaf K\u00f6ster-Ehling zeigt Inklusion als Grundlage einer demokratischen Schule auf. Inklusion bedeutet weit mehr, als einzelne Unterst\u00fctzungsangebote bereitzustellen. Sie ist &hellip; Schulf\u00fchrung und Inklusion: Schulen gemeinsam vielf\u00e4ltiger gestalten weiterlesen","og_url":"https:\/\/blog.phzh.ch\/schulfuehrung\/2026\/01\/13\/schulfuehrung-und-inklusion-schulen-gemeinsam-vielfaeltiger-gestalten\/","og_site_name":"Schulf\u00fchrung","article_published_time":"2026-01-13T03:00:00+00:00","og_image":[{"width":2560,"height":1706,"url":"https:\/\/blog.phzh.ch\/schulfuehrung\/files\/2026\/01\/Diversitaet_PrimarWettswil_96_Bildarchiv-PHZH-1-scaled.jpg","type":"image\/jpeg"}],"author":"melinamaerten","twitter_card":"summary_large_image","twitter_misc":{"Verfasst von":"melinamaerten","Gesch\u00e4tzte Lesezeit":"3\u00a0Minuten"},"schema":{"@context":"https:\/\/schema.org","@graph":[{"@type":"Article","@id":"https:\/\/blog.phzh.ch\/schulfuehrung\/2026\/01\/13\/schulfuehrung-und-inklusion-schulen-gemeinsam-vielfaeltiger-gestalten\/#article","isPartOf":{"@id":"https:\/\/blog.phzh.ch\/schulfuehrung\/2026\/01\/13\/schulfuehrung-und-inklusion-schulen-gemeinsam-vielfaeltiger-gestalten\/"},"author":{"name":"melinamaerten","@id":"https:\/\/blog.phzh.ch\/schulfuehrung\/#\/schema\/person\/13544ff30d01e0e5f98444f0696dcefb"},"headline":"Schulf\u00fchrung und Inklusion: Schulen gemeinsam vielf\u00e4ltiger gestalten","datePublished":"2026-01-13T03:00:00+00:00","mainEntityOfPage":{"@id":"https:\/\/blog.phzh.ch\/schulfuehrung\/2026\/01\/13\/schulfuehrung-und-inklusion-schulen-gemeinsam-vielfaeltiger-gestalten\/"},"wordCount":420,"commentCount":0,"image":{"@id":"https:\/\/blog.phzh.ch\/schulfuehrung\/2026\/01\/13\/schulfuehrung-und-inklusion-schulen-gemeinsam-vielfaeltiger-gestalten\/#primaryimage"},"thumbnailUrl":"https:\/\/blog.phzh.ch\/schulfuehrung\/files\/2026\/01\/Diversitaet_PrimarWettswil_96_Bildarchiv-PHZH-1-scaled.jpg","articleSection":["Entdecken","Gesamte Beitr\u00e4ge"],"inLanguage":"de","potentialAction":[{"@type":"CommentAction","name":"Comment","target":["https:\/\/blog.phzh.ch\/schulfuehrung\/2026\/01\/13\/schulfuehrung-und-inklusion-schulen-gemeinsam-vielfaeltiger-gestalten\/#respond"]}]},{"@type":"WebPage","@id":"https:\/\/blog.phzh.ch\/schulfuehrung\/2026\/01\/13\/schulfuehrung-und-inklusion-schulen-gemeinsam-vielfaeltiger-gestalten\/","url":"https:\/\/blog.phzh.ch\/schulfuehrung\/2026\/01\/13\/schulfuehrung-und-inklusion-schulen-gemeinsam-vielfaeltiger-gestalten\/","name":"Schulf\u00fchrung und Inklusion: Schulen gemeinsam vielf\u00e4ltiger gestalten - Schulf\u00fchrung","isPartOf":{"@id":"https:\/\/blog.phzh.ch\/schulfuehrung\/#website"},"primaryImageOfPage":{"@id":"https:\/\/blog.phzh.ch\/schulfuehrung\/2026\/01\/13\/schulfuehrung-und-inklusion-schulen-gemeinsam-vielfaeltiger-gestalten\/#primaryimage"},"image":{"@id":"https:\/\/blog.phzh.ch\/schulfuehrung\/2026\/01\/13\/schulfuehrung-und-inklusion-schulen-gemeinsam-vielfaeltiger-gestalten\/#primaryimage"},"thumbnailUrl":"https:\/\/blog.phzh.ch\/schulfuehrung\/files\/2026\/01\/Diversitaet_PrimarWettswil_96_Bildarchiv-PHZH-1-scaled.jpg","datePublished":"2026-01-13T03:00:00+00:00","author":{"@id":"https:\/\/blog.phzh.ch\/schulfuehrung\/#\/schema\/person\/13544ff30d01e0e5f98444f0696dcefb"},"breadcrumb":{"@id":"https:\/\/blog.phzh.ch\/schulfuehrung\/2026\/01\/13\/schulfuehrung-und-inklusion-schulen-gemeinsam-vielfaeltiger-gestalten\/#breadcrumb"},"inLanguage":"de","potentialAction":[{"@type":"ReadAction","target":["https:\/\/blog.phzh.ch\/schulfuehrung\/2026\/01\/13\/schulfuehrung-und-inklusion-schulen-gemeinsam-vielfaeltiger-gestalten\/"]}]},{"@type":"ImageObject","inLanguage":"de","@id":"https:\/\/blog.phzh.ch\/schulfuehrung\/2026\/01\/13\/schulfuehrung-und-inklusion-schulen-gemeinsam-vielfaeltiger-gestalten\/#primaryimage","url":"https:\/\/blog.phzh.ch\/schulfuehrung\/files\/2026\/01\/Diversitaet_PrimarWettswil_96_Bildarchiv-PHZH-1-scaled.jpg","contentUrl":"https:\/\/blog.phzh.ch\/schulfuehrung\/files\/2026\/01\/Diversitaet_PrimarWettswil_96_Bildarchiv-PHZH-1-scaled.jpg","width":2560,"height":1706,"caption":"Schulf\u00fchrung und Inklusion, Diversit\u00e4t an Schulen, Primar Wettswil"},{"@type":"BreadcrumbList","@id":"https:\/\/blog.phzh.ch\/schulfuehrung\/2026\/01\/13\/schulfuehrung-und-inklusion-schulen-gemeinsam-vielfaeltiger-gestalten\/#breadcrumb","itemListElement":[{"@type":"ListItem","position":1,"name":"Startseite","item":"https:\/\/blog.phzh.ch\/schulfuehrung\/"},{"@type":"ListItem","position":2,"name":"Schulf\u00fchrung und Inklusion: Schulen gemeinsam vielf\u00e4ltiger gestalten"}]},{"@type":"WebSite","@id":"https:\/\/blog.phzh.ch\/schulfuehrung\/#website","url":"https:\/\/blog.phzh.ch\/schulfuehrung\/","name":"Schulf\u00fchrung","description":"phzh.ch\/schulfuehrung","potentialAction":[{"@type":"SearchAction","target":{"@type":"EntryPoint","urlTemplate":"https:\/\/blog.phzh.ch\/schulfuehrung\/?s={search_term_string}"},"query-input":{"@type":"PropertyValueSpecification","valueRequired":true,"valueName":"search_term_string"}}],"inLanguage":"de"},{"@type":"Person","@id":"https:\/\/blog.phzh.ch\/schulfuehrung\/#\/schema\/person\/13544ff30d01e0e5f98444f0696dcefb","name":"melinamaerten","image":{"@type":"ImageObject","inLanguage":"de","@id":"https:\/\/blog.phzh.ch\/schulfuehrung\/#\/schema\/person\/image\/","url":"https:\/\/secure.gravatar.com\/avatar\/581b196899ac4a61b7e20a29f4dd52fe?s=96&d=mm&r=g","contentUrl":"https:\/\/secure.gravatar.com\/avatar\/581b196899ac4a61b7e20a29f4dd52fe?s=96&d=mm&r=g","caption":"melinamaerten"},"url":"https:\/\/blog.phzh.ch\/schulfuehrung\/author\/melinamaerten\/"}]}},"_links":{"self":[{"href":"https:\/\/blog.phzh.ch\/schulfuehrung\/wp-json\/wp\/v2\/posts\/7110","targetHints":{"allow":["GET"]}}],"collection":[{"href":"https:\/\/blog.phzh.ch\/schulfuehrung\/wp-json\/wp\/v2\/posts"}],"about":[{"href":"https:\/\/blog.phzh.ch\/schulfuehrung\/wp-json\/wp\/v2\/types\/post"}],"author":[{"embeddable":true,"href":"https:\/\/blog.phzh.ch\/schulfuehrung\/wp-json\/wp\/v2\/users\/1392"}],"replies":[{"embeddable":true,"href":"https:\/\/blog.phzh.ch\/schulfuehrung\/wp-json\/wp\/v2\/comments?post=7110"}],"version-history":[{"count":4,"href":"https:\/\/blog.phzh.ch\/schulfuehrung\/wp-json\/wp\/v2\/posts\/7110\/revisions"}],"predecessor-version":[{"id":7117,"href":"https:\/\/blog.phzh.ch\/schulfuehrung\/wp-json\/wp\/v2\/posts\/7110\/revisions\/7117"}],"wp:featuredmedia":[{"embeddable":true,"href":"https:\/\/blog.phzh.ch\/schulfuehrung\/wp-json\/wp\/v2\/media\/7113"}],"wp:attachment":[{"href":"https:\/\/blog.phzh.ch\/schulfuehrung\/wp-json\/wp\/v2\/media?parent=7110"}],"wp:term":[{"taxonomy":"category","embeddable":true,"href":"https:\/\/blog.phzh.ch\/schulfuehrung\/wp-json\/wp\/v2\/categories?post=7110"},{"taxonomy":"post_tag","embeddable":true,"href":"https:\/\/blog.phzh.ch\/schulfuehrung\/wp-json\/wp\/v2\/tags?post=7110"}],"curies":[{"name":"wp","href":"https:\/\/api.w.org\/{rel}","templated":true}]}}