{"id":711,"date":"2018-12-07T04:00:36","date_gmt":"2018-12-07T03:00:36","guid":{"rendered":"https:\/\/blog.phzh.ch\/schulfuehrung\/?p=711"},"modified":"2019-05-20T09:05:49","modified_gmt":"2019-05-20T07:05:49","slug":"auf-den-spuren-guter-schulen-staedtische-anne-frank-realschule-muenchen","status":"publish","type":"post","link":"https:\/\/blog.phzh.ch\/schulfuehrung\/2018\/12\/07\/auf-den-spuren-guter-schulen-staedtische-anne-frank-realschule-muenchen\/","title":{"rendered":"Auf den Spuren guter Schulen \u2013 St\u00e4dtische Anne-Frank-Realschule M\u00fcnchen"},"content":{"rendered":"<p><em>Das Zentrum Management und Leadership der PH Z\u00fcrich f\u00fchrt vom 19. \u2013 23. Mai 2019 eine <strong>Studienreise f\u00fcr F\u00fchrungspersonen im Bildungsbereich<\/strong> nach M\u00fcnchen durch&nbsp;und besucht dort vier interessante Schulen. Wie unterschiedlich diese sind, wird in den n\u00e4chsten Wochen in einem Kurzportrait hier vorgestellt.<\/em><\/p>\n<p>Teil 1: <a href=\"http:\/\/www.afr.musin.de\">St\u00e4dtische Anne-Frank-Realschule M\u00fcnchen<\/a><\/p>\n<p>Der erste Tag unserer Studienreise f\u00fchrt uns zur St\u00e4dtischen Anne-Frank-Realschule, eine von vier M\u00e4dchenschulen in M\u00fcnchen. Die Anne-Frank-Realschule ist eine dreiz\u00fcgige, sechsstufige Realschule (5. \u2013 10. Klasse), die schon mehrere Preise gewonnen hat, zuletzt 2014 den Inneren Schulentwicklungs Innovationpreis (isi) als auch den Deutschen Schulpreis, der sie besonders f\u00fcr ihre innovative Ideen und die sichtbaren Konzepte auszeichnete. <!--more-->Die Jury begr\u00fcndete ihre Wahl unter anderem damit, dass die Schule mit ihrem naturwissenschaftlichen Profil einen wichtigen Beitrag dazu leistet, M\u00e4dchen f\u00fcr Mathematik, Informatik, Naturwissenschaften und Technik zu begeistern und dem Fachkr\u00e4ftemangel in diesen Berufen entgegenzuwirken. Aussagen wie \u00abDiese Schule verliert niemanden\u00bb oder \u00abAlle Jugendlichen werden hier zu einem Abschluss gef\u00fchrt, \u00fcber 60 Prozent haben nach der Mittleren Reife die M\u00f6glichkeit, ihr Abitur zu machen\u00bb beschreiben ein Ziel der Schule.<\/p>\n<p><img loading=\"lazy\" decoding=\"async\" class=\"alignleft wp-image-712\" src=\"http:\/\/blog.phzh.ch\/schulfuehrung\/files\/2018\/11\/lit_Studienreise1b-300x199.jpeg\" alt=\"\" width=\"458\" height=\"305\" srcset=\"https:\/\/blog.phzh.ch\/schulfuehrung\/files\/2018\/11\/lit_Studienreise1b-300x199.jpeg 300w, https:\/\/blog.phzh.ch\/schulfuehrung\/files\/2018\/11\/lit_Studienreise1b-768x509.jpeg 768w, https:\/\/blog.phzh.ch\/schulfuehrung\/files\/2018\/11\/lit_Studienreise1b-1024x679.jpeg 1024w, https:\/\/blog.phzh.ch\/schulfuehrung\/files\/2018\/11\/lit_Studienreise1b.jpeg 1094w\" sizes=\"auto, (max-width: 458px) 100vw, 458px\" \/><\/p>\n<p>&nbsp;<\/p>\n<p>&nbsp;<\/p>\n<p>&nbsp;<\/p>\n<p>&nbsp;<\/p>\n<p>&nbsp;<\/p>\n<p>&nbsp;<\/p>\n<p>Ein Ganztags-Konzept mit Logbuch, Lernh\u00e4user mit unterschiedlichen Schwerpunkten und Lernb\u00fcros pr\u00e4gen das p\u00e4dagogische Konzept. Aussagen von Eltern zeigen ihre Perspektive: \u00abIch hatte gleich einen tollen Eindruck, die M\u00e4dchen lernen hier f\u00fcr sich, nicht f\u00fcr die Schule\u00bb, \u00abIn den letzten 14 Monaten hat sich meine Tochter vom grauen M\u00e4uschen zu einem normalen, gesunden und robusten Teenager gewandelt\u00bb. \u00bbEigentlich wollte ich nicht auf eine M\u00e4dchenschule\u00bb, erz\u00e4hlt Yvonne, eine Sch\u00fclerin. \u00abIch dachte, da gibt es nur Gezicke. Aber es ist ganz anders. Hier herrscht nicht so ein Konkurrenzkampf\u00bb.<\/p>\n<p>M\u00e4dchenschulen haben in Deutschland einen Exotenstatus und m\u00fcssen sich gegen Vorurteile wehren. Jedoch werden auch die Vorteile, vor allem in den sogenannten \u00abJungsf\u00e4chern\u00bb, erw\u00e4hnt.<\/p>\n<p>Die Schwerpunkte Ausbildungsrichtung der Anne-Frank-Schule sind in folgender Grafik verdeutlicht:<\/p>\n<p><img loading=\"lazy\" decoding=\"async\" class=\"alignleft wp-image-713\" src=\"http:\/\/blog.phzh.ch\/schulfuehrung\/files\/2018\/11\/lit_Studienreise1c-300x208.jpeg\" alt=\"\" width=\"540\" height=\"375\" srcset=\"https:\/\/blog.phzh.ch\/schulfuehrung\/files\/2018\/11\/lit_Studienreise1c-300x208.jpeg 300w, https:\/\/blog.phzh.ch\/schulfuehrung\/files\/2018\/11\/lit_Studienreise1c-768x533.jpeg 768w, https:\/\/blog.phzh.ch\/schulfuehrung\/files\/2018\/11\/lit_Studienreise1c-1024x711.jpeg 1024w, https:\/\/blog.phzh.ch\/schulfuehrung\/files\/2018\/11\/lit_Studienreise1c.jpeg 1160w\" sizes=\"auto, (max-width: 540px) 100vw, 540px\" \/><\/p>\n<p>&nbsp;<\/p>\n<p>&nbsp;<\/p>\n<p>&nbsp;<\/p>\n<p>&nbsp;<\/p>\n<p>&nbsp;<\/p>\n<p>&nbsp;<\/p>\n<p>&nbsp;<\/p>\n<p>Weitere Information zur Studienreise unter:<\/p>\n<p><a href=\"https:\/\/phzh.ch\/de\/Weiterbildung\/weiterbildungssuche\/Anlassdetail\/Auf-den-Spuren-guter-Schulen--Studienreise-nach-Muenchen-n144345924.html\">https:\/\/phzh.ch\/de\/Weiterbildung\/weiterbildungssuche\/Anlassdetail\/Auf-den-Spuren-guter-Schulen&#8211;Studienreise-nach-Muenchen-n144345924.html<\/a><\/p>\n<p>Ich freue mich auf eine Reise mit anregenden Gespr\u00e4chen.<\/p>\n<p><em>Heike Beuschlein, Dozentin Zentrum Management und Leadership, PH Z\u00fcrich<\/em><\/p>\n","protected":false},"excerpt":{"rendered":"<p>Das Zentrum Management und Leadership der PH Z\u00fcrich f\u00fchrt vom 19. \u2013 23. Mai 2019 eine Studienreise f\u00fcr F\u00fchrungspersonen im Bildungsbereich nach M\u00fcnchen durch&nbsp;und besucht dort vier interessante Schulen. Wie unterschiedlich diese sind, wird in den n\u00e4chsten Wochen in einem Kurzportrait hier vorgestellt. Teil 1: St\u00e4dtische Anne-Frank-Realschule M\u00fcnchen Der erste Tag unserer Studienreise f\u00fchrt uns &hellip; <a href=\"https:\/\/blog.phzh.ch\/schulfuehrung\/2018\/12\/07\/auf-den-spuren-guter-schulen-staedtische-anne-frank-realschule-muenchen\/\" class=\"more-link\"><span class=\"screen-reader-text\">Auf den Spuren guter Schulen \u2013 St\u00e4dtische Anne-Frank-Realschule M\u00fcnchen<\/span> weiterlesen<\/a><\/p>\n","protected":false},"author":1416,"featured_media":714,"comment_status":"open","ping_status":"open","sticky":false,"template":"","format":"standard","meta":{"sfsi_plus_gutenberg_text_before_share":"","sfsi_plus_gutenberg_show_text_before_share":"","sfsi_plus_gutenberg_icon_type":"","sfsi_plus_gutenberg_icon_alignemt":"","sfsi_plus_gutenburg_max_per_row":"","footnotes":""},"categories":[107128,107309],"tags":[103598,103392,103529,103600,103599,94788],"class_list":["post-711","post","type-post","status-publish","format-standard","has-post-thumbnail","hentry","category-entdecken","category-alle-beitraege","tag-anne-frank-realschule","tag-deutscher-schulpreis","tag-heike-beuschlein","tag-maedchenschule","tag-muenchen","tag-studienreise"],"yoast_head":"<!-- This site is optimized with the Yoast SEO plugin v26.8 - https:\/\/yoast.com\/product\/yoast-seo-wordpress\/ -->\n<title>Auf den Spuren guter Schulen \u2013 St\u00e4dtische Anne-Frank-Realschule M\u00fcnchen - Schulf\u00fchrung<\/title>\n<meta name=\"robots\" content=\"index, follow, max-snippet:-1, max-image-preview:large, max-video-preview:-1\" \/>\n<link rel=\"canonical\" href=\"https:\/\/blog.phzh.ch\/schulfuehrung\/2018\/12\/07\/auf-den-spuren-guter-schulen-staedtische-anne-frank-realschule-muenchen\/\" \/>\n<meta property=\"og:locale\" content=\"de_DE\" \/>\n<meta property=\"og:type\" content=\"article\" \/>\n<meta property=\"og:title\" content=\"Auf den Spuren guter Schulen \u2013 St\u00e4dtische Anne-Frank-Realschule M\u00fcnchen - Schulf\u00fchrung\" \/>\n<meta property=\"og:description\" content=\"Das Zentrum Management und Leadership der PH Z\u00fcrich f\u00fchrt vom 19. \u2013 23. Mai 2019 eine Studienreise f\u00fcr F\u00fchrungspersonen im Bildungsbereich nach M\u00fcnchen durch&nbsp;und besucht dort vier interessante Schulen. Wie unterschiedlich diese sind, wird in den n\u00e4chsten Wochen in einem Kurzportrait hier vorgestellt. Teil 1: St\u00e4dtische Anne-Frank-Realschule M\u00fcnchen Der erste Tag unserer Studienreise f\u00fchrt uns &hellip; Auf den Spuren guter Schulen \u2013 St\u00e4dtische Anne-Frank-Realschule M\u00fcnchen weiterlesen\" \/>\n<meta property=\"og:url\" content=\"https:\/\/blog.phzh.ch\/schulfuehrung\/2018\/12\/07\/auf-den-spuren-guter-schulen-staedtische-anne-frank-realschule-muenchen\/\" \/>\n<meta property=\"og:site_name\" content=\"Schulf\u00fchrung\" \/>\n<meta property=\"article:published_time\" content=\"2018-12-07T03:00:36+00:00\" \/>\n<meta property=\"article:modified_time\" content=\"2019-05-20T07:05:49+00:00\" \/>\n<meta property=\"og:image\" content=\"https:\/\/blog.phzh.ch\/schulfuehrung\/files\/2018\/11\/lit_Studienreise1a.jpeg\" \/>\n\t<meta property=\"og:image:width\" content=\"1403\" \/>\n\t<meta property=\"og:image:height\" content=\"651\" \/>\n\t<meta property=\"og:image:type\" content=\"image\/jpeg\" \/>\n<meta name=\"author\" content=\"joerg.berger@phzh.ch\" \/>\n<meta name=\"twitter:card\" content=\"summary_large_image\" \/>\n<meta name=\"twitter:label1\" content=\"Verfasst von\" \/>\n\t<meta name=\"twitter:data1\" content=\"joerg.berger@phzh.ch\" \/>\n\t<meta name=\"twitter:label2\" content=\"Gesch\u00e4tzte Lesezeit\" \/>\n\t<meta name=\"twitter:data2\" content=\"2\u00a0Minuten\" \/>\n<script type=\"application\/ld+json\" class=\"yoast-schema-graph\">{\"@context\":\"https:\/\/schema.org\",\"@graph\":[{\"@type\":\"Article\",\"@id\":\"https:\/\/blog.phzh.ch\/schulfuehrung\/2018\/12\/07\/auf-den-spuren-guter-schulen-staedtische-anne-frank-realschule-muenchen\/#article\",\"isPartOf\":{\"@id\":\"https:\/\/blog.phzh.ch\/schulfuehrung\/2018\/12\/07\/auf-den-spuren-guter-schulen-staedtische-anne-frank-realschule-muenchen\/\"},\"author\":{\"name\":\"joerg.berger@phzh.ch\",\"@id\":\"https:\/\/blog.phzh.ch\/schulfuehrung\/#\/schema\/person\/054349b95d3a6f07edb6b76b4f30280b\"},\"headline\":\"Auf den Spuren guter Schulen \u2013 St\u00e4dtische Anne-Frank-Realschule M\u00fcnchen\",\"datePublished\":\"2018-12-07T03:00:36+00:00\",\"dateModified\":\"2019-05-20T07:05:49+00:00\",\"mainEntityOfPage\":{\"@id\":\"https:\/\/blog.phzh.ch\/schulfuehrung\/2018\/12\/07\/auf-den-spuren-guter-schulen-staedtische-anne-frank-realschule-muenchen\/\"},\"wordCount\":377,\"commentCount\":1,\"image\":{\"@id\":\"https:\/\/blog.phzh.ch\/schulfuehrung\/2018\/12\/07\/auf-den-spuren-guter-schulen-staedtische-anne-frank-realschule-muenchen\/#primaryimage\"},\"thumbnailUrl\":\"https:\/\/blog.phzh.ch\/schulfuehrung\/files\/2018\/11\/lit_Studienreise1a.jpeg\",\"keywords\":[\"Anne-Frank-Realschule\",\"Deutscher Schulpreis\",\"Heike Beuschlein\",\"M\u00e4dchenschule\",\"M\u00fcnchen\",\"Studienreise\"],\"articleSection\":[\"Entdecken\",\"Gesamte Beitr\u00e4ge\"],\"inLanguage\":\"de\",\"potentialAction\":[{\"@type\":\"CommentAction\",\"name\":\"Comment\",\"target\":[\"https:\/\/blog.phzh.ch\/schulfuehrung\/2018\/12\/07\/auf-den-spuren-guter-schulen-staedtische-anne-frank-realschule-muenchen\/#respond\"]}]},{\"@type\":\"WebPage\",\"@id\":\"https:\/\/blog.phzh.ch\/schulfuehrung\/2018\/12\/07\/auf-den-spuren-guter-schulen-staedtische-anne-frank-realschule-muenchen\/\",\"url\":\"https:\/\/blog.phzh.ch\/schulfuehrung\/2018\/12\/07\/auf-den-spuren-guter-schulen-staedtische-anne-frank-realschule-muenchen\/\",\"name\":\"Auf den Spuren guter Schulen \u2013 St\u00e4dtische Anne-Frank-Realschule M\u00fcnchen - Schulf\u00fchrung\",\"isPartOf\":{\"@id\":\"https:\/\/blog.phzh.ch\/schulfuehrung\/#website\"},\"primaryImageOfPage\":{\"@id\":\"https:\/\/blog.phzh.ch\/schulfuehrung\/2018\/12\/07\/auf-den-spuren-guter-schulen-staedtische-anne-frank-realschule-muenchen\/#primaryimage\"},\"image\":{\"@id\":\"https:\/\/blog.phzh.ch\/schulfuehrung\/2018\/12\/07\/auf-den-spuren-guter-schulen-staedtische-anne-frank-realschule-muenchen\/#primaryimage\"},\"thumbnailUrl\":\"https:\/\/blog.phzh.ch\/schulfuehrung\/files\/2018\/11\/lit_Studienreise1a.jpeg\",\"datePublished\":\"2018-12-07T03:00:36+00:00\",\"dateModified\":\"2019-05-20T07:05:49+00:00\",\"author\":{\"@id\":\"https:\/\/blog.phzh.ch\/schulfuehrung\/#\/schema\/person\/054349b95d3a6f07edb6b76b4f30280b\"},\"breadcrumb\":{\"@id\":\"https:\/\/blog.phzh.ch\/schulfuehrung\/2018\/12\/07\/auf-den-spuren-guter-schulen-staedtische-anne-frank-realschule-muenchen\/#breadcrumb\"},\"inLanguage\":\"de\",\"potentialAction\":[{\"@type\":\"ReadAction\",\"target\":[\"https:\/\/blog.phzh.ch\/schulfuehrung\/2018\/12\/07\/auf-den-spuren-guter-schulen-staedtische-anne-frank-realschule-muenchen\/\"]}]},{\"@type\":\"ImageObject\",\"inLanguage\":\"de\",\"@id\":\"https:\/\/blog.phzh.ch\/schulfuehrung\/2018\/12\/07\/auf-den-spuren-guter-schulen-staedtische-anne-frank-realschule-muenchen\/#primaryimage\",\"url\":\"https:\/\/blog.phzh.ch\/schulfuehrung\/files\/2018\/11\/lit_Studienreise1a.jpeg\",\"contentUrl\":\"https:\/\/blog.phzh.ch\/schulfuehrung\/files\/2018\/11\/lit_Studienreise1a.jpeg\",\"width\":1403,\"height\":651},{\"@type\":\"BreadcrumbList\",\"@id\":\"https:\/\/blog.phzh.ch\/schulfuehrung\/2018\/12\/07\/auf-den-spuren-guter-schulen-staedtische-anne-frank-realschule-muenchen\/#breadcrumb\",\"itemListElement\":[{\"@type\":\"ListItem\",\"position\":1,\"name\":\"Startseite\",\"item\":\"https:\/\/blog.phzh.ch\/schulfuehrung\/\"},{\"@type\":\"ListItem\",\"position\":2,\"name\":\"Auf den Spuren guter Schulen \u2013 St\u00e4dtische Anne-Frank-Realschule M\u00fcnchen\"}]},{\"@type\":\"WebSite\",\"@id\":\"https:\/\/blog.phzh.ch\/schulfuehrung\/#website\",\"url\":\"https:\/\/blog.phzh.ch\/schulfuehrung\/\",\"name\":\"Schulf\u00fchrung\",\"description\":\"phzh.ch\/schulfuehrung\",\"potentialAction\":[{\"@type\":\"SearchAction\",\"target\":{\"@type\":\"EntryPoint\",\"urlTemplate\":\"https:\/\/blog.phzh.ch\/schulfuehrung\/?s={search_term_string}\"},\"query-input\":{\"@type\":\"PropertyValueSpecification\",\"valueRequired\":true,\"valueName\":\"search_term_string\"}}],\"inLanguage\":\"de\"},{\"@type\":\"Person\",\"@id\":\"https:\/\/blog.phzh.ch\/schulfuehrung\/#\/schema\/person\/054349b95d3a6f07edb6b76b4f30280b\",\"name\":\"joerg.berger@phzh.ch\",\"image\":{\"@type\":\"ImageObject\",\"inLanguage\":\"de\",\"@id\":\"https:\/\/blog.phzh.ch\/schulfuehrung\/#\/schema\/person\/image\/\",\"url\":\"https:\/\/secure.gravatar.com\/avatar\/7feadf7133c63f799cd5819f21ccc220?s=96&d=mm&r=g\",\"contentUrl\":\"https:\/\/secure.gravatar.com\/avatar\/7feadf7133c63f799cd5819f21ccc220?s=96&d=mm&r=g\",\"caption\":\"joerg.berger@phzh.ch\"},\"url\":\"https:\/\/blog.phzh.ch\/schulfuehrung\/author\/joerg-bergerphzh-ch\/\"}]}<\/script>\n<!-- \/ Yoast SEO plugin. -->","yoast_head_json":{"title":"Auf den Spuren guter Schulen \u2013 St\u00e4dtische Anne-Frank-Realschule M\u00fcnchen - Schulf\u00fchrung","robots":{"index":"index","follow":"follow","max-snippet":"max-snippet:-1","max-image-preview":"max-image-preview:large","max-video-preview":"max-video-preview:-1"},"canonical":"https:\/\/blog.phzh.ch\/schulfuehrung\/2018\/12\/07\/auf-den-spuren-guter-schulen-staedtische-anne-frank-realschule-muenchen\/","og_locale":"de_DE","og_type":"article","og_title":"Auf den Spuren guter Schulen \u2013 St\u00e4dtische Anne-Frank-Realschule M\u00fcnchen - Schulf\u00fchrung","og_description":"Das Zentrum Management und Leadership der PH Z\u00fcrich f\u00fchrt vom 19. \u2013 23. Mai 2019 eine Studienreise f\u00fcr F\u00fchrungspersonen im Bildungsbereich nach M\u00fcnchen durch&nbsp;und besucht dort vier interessante Schulen. Wie unterschiedlich diese sind, wird in den n\u00e4chsten Wochen in einem Kurzportrait hier vorgestellt. Teil 1: St\u00e4dtische Anne-Frank-Realschule M\u00fcnchen Der erste Tag unserer Studienreise f\u00fchrt uns &hellip; Auf den Spuren guter Schulen \u2013 St\u00e4dtische Anne-Frank-Realschule M\u00fcnchen weiterlesen","og_url":"https:\/\/blog.phzh.ch\/schulfuehrung\/2018\/12\/07\/auf-den-spuren-guter-schulen-staedtische-anne-frank-realschule-muenchen\/","og_site_name":"Schulf\u00fchrung","article_published_time":"2018-12-07T03:00:36+00:00","article_modified_time":"2019-05-20T07:05:49+00:00","og_image":[{"width":1403,"height":651,"url":"https:\/\/blog.phzh.ch\/schulfuehrung\/files\/2018\/11\/lit_Studienreise1a.jpeg","type":"image\/jpeg"}],"author":"joerg.berger@phzh.ch","twitter_card":"summary_large_image","twitter_misc":{"Verfasst von":"joerg.berger@phzh.ch","Gesch\u00e4tzte Lesezeit":"2\u00a0Minuten"},"schema":{"@context":"https:\/\/schema.org","@graph":[{"@type":"Article","@id":"https:\/\/blog.phzh.ch\/schulfuehrung\/2018\/12\/07\/auf-den-spuren-guter-schulen-staedtische-anne-frank-realschule-muenchen\/#article","isPartOf":{"@id":"https:\/\/blog.phzh.ch\/schulfuehrung\/2018\/12\/07\/auf-den-spuren-guter-schulen-staedtische-anne-frank-realschule-muenchen\/"},"author":{"name":"joerg.berger@phzh.ch","@id":"https:\/\/blog.phzh.ch\/schulfuehrung\/#\/schema\/person\/054349b95d3a6f07edb6b76b4f30280b"},"headline":"Auf den Spuren guter Schulen \u2013 St\u00e4dtische Anne-Frank-Realschule M\u00fcnchen","datePublished":"2018-12-07T03:00:36+00:00","dateModified":"2019-05-20T07:05:49+00:00","mainEntityOfPage":{"@id":"https:\/\/blog.phzh.ch\/schulfuehrung\/2018\/12\/07\/auf-den-spuren-guter-schulen-staedtische-anne-frank-realschule-muenchen\/"},"wordCount":377,"commentCount":1,"image":{"@id":"https:\/\/blog.phzh.ch\/schulfuehrung\/2018\/12\/07\/auf-den-spuren-guter-schulen-staedtische-anne-frank-realschule-muenchen\/#primaryimage"},"thumbnailUrl":"https:\/\/blog.phzh.ch\/schulfuehrung\/files\/2018\/11\/lit_Studienreise1a.jpeg","keywords":["Anne-Frank-Realschule","Deutscher Schulpreis","Heike Beuschlein","M\u00e4dchenschule","M\u00fcnchen","Studienreise"],"articleSection":["Entdecken","Gesamte Beitr\u00e4ge"],"inLanguage":"de","potentialAction":[{"@type":"CommentAction","name":"Comment","target":["https:\/\/blog.phzh.ch\/schulfuehrung\/2018\/12\/07\/auf-den-spuren-guter-schulen-staedtische-anne-frank-realschule-muenchen\/#respond"]}]},{"@type":"WebPage","@id":"https:\/\/blog.phzh.ch\/schulfuehrung\/2018\/12\/07\/auf-den-spuren-guter-schulen-staedtische-anne-frank-realschule-muenchen\/","url":"https:\/\/blog.phzh.ch\/schulfuehrung\/2018\/12\/07\/auf-den-spuren-guter-schulen-staedtische-anne-frank-realschule-muenchen\/","name":"Auf den Spuren guter Schulen \u2013 St\u00e4dtische Anne-Frank-Realschule M\u00fcnchen - Schulf\u00fchrung","isPartOf":{"@id":"https:\/\/blog.phzh.ch\/schulfuehrung\/#website"},"primaryImageOfPage":{"@id":"https:\/\/blog.phzh.ch\/schulfuehrung\/2018\/12\/07\/auf-den-spuren-guter-schulen-staedtische-anne-frank-realschule-muenchen\/#primaryimage"},"image":{"@id":"https:\/\/blog.phzh.ch\/schulfuehrung\/2018\/12\/07\/auf-den-spuren-guter-schulen-staedtische-anne-frank-realschule-muenchen\/#primaryimage"},"thumbnailUrl":"https:\/\/blog.phzh.ch\/schulfuehrung\/files\/2018\/11\/lit_Studienreise1a.jpeg","datePublished":"2018-12-07T03:00:36+00:00","dateModified":"2019-05-20T07:05:49+00:00","author":{"@id":"https:\/\/blog.phzh.ch\/schulfuehrung\/#\/schema\/person\/054349b95d3a6f07edb6b76b4f30280b"},"breadcrumb":{"@id":"https:\/\/blog.phzh.ch\/schulfuehrung\/2018\/12\/07\/auf-den-spuren-guter-schulen-staedtische-anne-frank-realschule-muenchen\/#breadcrumb"},"inLanguage":"de","potentialAction":[{"@type":"ReadAction","target":["https:\/\/blog.phzh.ch\/schulfuehrung\/2018\/12\/07\/auf-den-spuren-guter-schulen-staedtische-anne-frank-realschule-muenchen\/"]}]},{"@type":"ImageObject","inLanguage":"de","@id":"https:\/\/blog.phzh.ch\/schulfuehrung\/2018\/12\/07\/auf-den-spuren-guter-schulen-staedtische-anne-frank-realschule-muenchen\/#primaryimage","url":"https:\/\/blog.phzh.ch\/schulfuehrung\/files\/2018\/11\/lit_Studienreise1a.jpeg","contentUrl":"https:\/\/blog.phzh.ch\/schulfuehrung\/files\/2018\/11\/lit_Studienreise1a.jpeg","width":1403,"height":651},{"@type":"BreadcrumbList","@id":"https:\/\/blog.phzh.ch\/schulfuehrung\/2018\/12\/07\/auf-den-spuren-guter-schulen-staedtische-anne-frank-realschule-muenchen\/#breadcrumb","itemListElement":[{"@type":"ListItem","position":1,"name":"Startseite","item":"https:\/\/blog.phzh.ch\/schulfuehrung\/"},{"@type":"ListItem","position":2,"name":"Auf den Spuren guter Schulen \u2013 St\u00e4dtische Anne-Frank-Realschule M\u00fcnchen"}]},{"@type":"WebSite","@id":"https:\/\/blog.phzh.ch\/schulfuehrung\/#website","url":"https:\/\/blog.phzh.ch\/schulfuehrung\/","name":"Schulf\u00fchrung","description":"phzh.ch\/schulfuehrung","potentialAction":[{"@type":"SearchAction","target":{"@type":"EntryPoint","urlTemplate":"https:\/\/blog.phzh.ch\/schulfuehrung\/?s={search_term_string}"},"query-input":{"@type":"PropertyValueSpecification","valueRequired":true,"valueName":"search_term_string"}}],"inLanguage":"de"},{"@type":"Person","@id":"https:\/\/blog.phzh.ch\/schulfuehrung\/#\/schema\/person\/054349b95d3a6f07edb6b76b4f30280b","name":"joerg.berger@phzh.ch","image":{"@type":"ImageObject","inLanguage":"de","@id":"https:\/\/blog.phzh.ch\/schulfuehrung\/#\/schema\/person\/image\/","url":"https:\/\/secure.gravatar.com\/avatar\/7feadf7133c63f799cd5819f21ccc220?s=96&d=mm&r=g","contentUrl":"https:\/\/secure.gravatar.com\/avatar\/7feadf7133c63f799cd5819f21ccc220?s=96&d=mm&r=g","caption":"joerg.berger@phzh.ch"},"url":"https:\/\/blog.phzh.ch\/schulfuehrung\/author\/joerg-bergerphzh-ch\/"}]}},"_links":{"self":[{"href":"https:\/\/blog.phzh.ch\/schulfuehrung\/wp-json\/wp\/v2\/posts\/711","targetHints":{"allow":["GET"]}}],"collection":[{"href":"https:\/\/blog.phzh.ch\/schulfuehrung\/wp-json\/wp\/v2\/posts"}],"about":[{"href":"https:\/\/blog.phzh.ch\/schulfuehrung\/wp-json\/wp\/v2\/types\/post"}],"author":[{"embeddable":true,"href":"https:\/\/blog.phzh.ch\/schulfuehrung\/wp-json\/wp\/v2\/users\/1416"}],"replies":[{"embeddable":true,"href":"https:\/\/blog.phzh.ch\/schulfuehrung\/wp-json\/wp\/v2\/comments?post=711"}],"version-history":[{"count":4,"href":"https:\/\/blog.phzh.ch\/schulfuehrung\/wp-json\/wp\/v2\/posts\/711\/revisions"}],"predecessor-version":[{"id":1323,"href":"https:\/\/blog.phzh.ch\/schulfuehrung\/wp-json\/wp\/v2\/posts\/711\/revisions\/1323"}],"wp:featuredmedia":[{"embeddable":true,"href":"https:\/\/blog.phzh.ch\/schulfuehrung\/wp-json\/wp\/v2\/media\/714"}],"wp:attachment":[{"href":"https:\/\/blog.phzh.ch\/schulfuehrung\/wp-json\/wp\/v2\/media?parent=711"}],"wp:term":[{"taxonomy":"category","embeddable":true,"href":"https:\/\/blog.phzh.ch\/schulfuehrung\/wp-json\/wp\/v2\/categories?post=711"},{"taxonomy":"post_tag","embeddable":true,"href":"https:\/\/blog.phzh.ch\/schulfuehrung\/wp-json\/wp\/v2\/tags?post=711"}],"curies":[{"name":"wp","href":"https:\/\/api.w.org\/{rel}","templated":true}]}}