{"id":7073,"date":"2025-12-02T04:00:00","date_gmt":"2025-12-02T03:00:00","guid":{"rendered":"https:\/\/blog.phzh.ch\/schulfuehrung\/?p=7073"},"modified":"2025-11-25T15:38:05","modified_gmt":"2025-11-25T14:38:05","slug":"rechtsmittelzug-gegen-die-gymi-aufnahmepruefung-bei-der-beanstandung-der-erfahrungsnote","status":"publish","type":"post","link":"https:\/\/blog.phzh.ch\/schulfuehrung\/2025\/12\/02\/rechtsmittelzug-gegen-die-gymi-aufnahmepruefung-bei-der-beanstandung-der-erfahrungsnote\/","title":{"rendered":"Rechtsmittelzug gegen die Gymi-Aufnahmepr\u00fcfung bei der Beanstandung der Erfahrungsnote"},"content":{"rendered":"\n<p><strong>Der Sch\u00fcler E bestand im Fr\u00fchling 2024 die Aufnahmepr\u00fcfung ins Langgymnasium nicht. Gegen den Nichtaufnahmeentscheid rekurrierten die Eltern und beantragten die Anpassung der Erfahrungsnote respektive der Zeugnisnoten der 6. Klasse in den F\u00e4chern Deutsch und Mathematik. Sp\u00e4ter gelangten die Eltern an das Verwaltungsgericht des Kantons Z\u00fcrich. Dieses hat in einem wegweisenden Entscheid festgelegt, wie das Verfahren bei einer Anfechtung des Aufnahmeentscheides mit Beanstandung der Zeugnisnoten der 6. Klasse verl\u00e4uft und wie der Rechtsmittelzug aussieht. Reto Allenspach fasst den Entscheid zusammen.<\/strong><\/p>\n\n\n\n<p>Bei der Aufnahmepr\u00fcfung ins Langgymnasium aus der 6. Primarklasse z\u00e4hlt im Kanton Z\u00fcrich nebst der Pr\u00fcfungsnote auch die Erfahrungsnote, die sich aus den Zeugnisnoten in Deutsch und Mathematik aus dem ersten Semester der 6. Klasse zusammensetzt (\u00a7\u00a7 10 ff. des Reglements f\u00fcr die Aufnahme in die Gymnasien mit Anschluss an die 6. Klasse der Primarschule [AufnahmeR, LS 413.250.1]). Die Anfechtung eines Nichtaufnahmeentscheides ist in \u00a7 22 AufnahmeR wie folgt geregelt:<\/p>\n\n\n\n<p>&nbsp;&nbsp;&nbsp;&nbsp;&nbsp;&nbsp;&nbsp;&nbsp;&nbsp;&nbsp;&nbsp;&nbsp;&nbsp;&nbsp;&nbsp;&nbsp;&nbsp;&nbsp; <em><sup>1<\/sup> Die Entscheide \u00fcber die Aufnahme k\u00f6nnen mit Rekurs bei der Bildungsdirektion angefochten werden.<\/em><\/p>\n\n\n\n<p><em>&nbsp;&nbsp;&nbsp;&nbsp;&nbsp;&nbsp;&nbsp;&nbsp;&nbsp;&nbsp;&nbsp;&nbsp;&nbsp;&nbsp;&nbsp;&nbsp;&nbsp;&nbsp; <sup>2<\/sup> Bei Anordnungen \u00fcber die Erfahrungsnoten kann ein Entscheid der Schulpflege verlangt werden.<\/em><\/p>\n\n\n\n<p><em>&nbsp;&nbsp;&nbsp;&nbsp;&nbsp;&nbsp;&nbsp;&nbsp;&nbsp;&nbsp;&nbsp;&nbsp;&nbsp;&nbsp;&nbsp;&nbsp;&nbsp;&nbsp; <sup>3<\/sup> Werden die Erfahrungsnoten zusammen mit dem Entscheid \u00fcber die Aufnahme angefochten, sistiert die Bildungsdirektion das Rekursverfahren in der Regel bis zum Vorliegen des Entscheides der Schulpflege.<\/em><\/p>\n\n\n<p><!--more--><\/p>\n\n\n<p>Bis vor Kurzem war unklar, wie die Bildungsdirektion und die Schulpflege bei der Anwendung dieser seit 2023 geltenden Bestimmung vorzugehen haben, wenn Sch\u00fcler:innen beziehungsweise Eltern mit Rekurs die Zeugnisnoten aus dem 6.-Klass-Zeugnis r\u00fcgen. Mit Entscheid vom 27. Februar 2025 hat das Verwaltungsgericht des Kantons Z\u00fcrich die Frage nun gekl\u00e4rt (VGr, 27. Februar 2025, VB.2024.00626). Die wichtigsten Punkte aus diesem Entscheid werden im Folgenden wiedergegeben.<\/p>\n\n\n\n<p><strong>Verwaltungsgerichtsentscheid<\/strong><\/p>\n\n\n\n<p>Der Sch\u00fcler E, der aus dem Februarzeugnis der 6. Klasse die Noten 4.5 in Deutsch und 5.5 in Mathematik mitnahm, bestand im Fr\u00fchling 2024 die Aufnahmepr\u00fcfung ins Langgymnasium nicht. Gegen den Nichtaufnahmeentscheid erhoben dessen Eltern Rekurs an die Bildungsdirektion und beantragten die Anhebung der Erfahrungsnote respektive der Zeugnisnoten aus dem ersten Semester der 6. Klasse in Deutsch (auf mindestens eine 5) und in Mathematik (auf eine 6). Die Bildungsdirektion unterbreitete die Frage der Erfahrungsnote der Schulpflege der Primarschule und sistierte das Rekursverfahren bis zur rechtskr\u00e4ftigen Erledigung des Verfahrens bei der Schulpflege. Noch vor den Sommerferien best\u00e4tigte die Schulpflege die Zeugnisnoten des Sch\u00fclers E (4.5 in Deutsch und 5.5 in Mathematik).<\/p>\n\n\n\n<p>Gegen den Entscheid der Schulpflege erhoben die Eltern Rekurs an den zust\u00e4ndigen Bezirksrat. W\u00e4hrend des Verfahrens beim Bezirksrat ordnete die Bildungsdirektion \u00fcbrigens die vorl\u00e4ufige Aufnahme des Sch\u00fclers E in die erste Klasse des Langgymnasiums an. Der Bezirksrat wies den Rekurs ab. Gegen den Entscheid des Bezirksrates erhoben die Eltern Beschwerde an das Verwaltungsgericht. Dieses f\u00e4llte seinen Entscheid am 27. Februar 2025.&nbsp;&nbsp;<\/p>\n\n\n\n<p>Gem\u00e4ss Verwaltungsgericht beruht der Aufnahmeentscheid auf zwei Begr\u00fcndungselementen: der Pr\u00fcfungsnote (der Mittelschule) und der Erfahrungsnote (die sich auf das 6.-Klass-Zeugnis der Primarschule bezieht). Wird mit dem Rekurs gegen den Aufnahmeentscheid der Mittelschule ein Entscheid der Schulpflege \u00fcber die Erfahrungsnote verlangt und sistiert die Bildungsdirektion das Rekursverfahren bis zum Vorliegen des Entscheides der Schulpflege, habe dies nicht die Er\u00f6ffnung eines eigenen Rechtsmittelzugs betreffend die Erfahrungsnote zur Folge. Der Entscheid der Schulpflege sei nur ein <strong>Zwischenentscheid<\/strong> im Rahmen des Rekursverfahrens zu H\u00e4nden der Bildungsdirektion und nicht ein selbstst\u00e4ndiger Endentscheid, der mit Rekurs beim Bezirksrat anfechtbar w\u00e4re. Entsprechend habe die Bildungsdirektion nach Erlass des Zwischenentscheides der Schulpflege \u00fcber die Erfahrungsnote das Rekursverfahren wieder aufzunehmen und \u00fcber den Rekurs betreffend die Aufnahme des Sch\u00fclers an die Mittelschule zu befinden.<\/p>\n\n\n\n<p>Das Urteil des Verwaltungsgerichts bringt nun Klarheit. Wenn anl\u00e4sslich eines Rekurses gegen einen Nichtaufnahmeentscheid die Primarschul-Zeugnisnoten beanstandet werden und die Bildungsdirektion hier\u00fcber einen Entscheid von der Schulpflege einholt, kann dieser (Zwischen)Entscheid der Schulpflege nicht noch in einem separaten Rechtsmittelzug beim Bezirksrat (und beim Verwaltungsgericht) angefochten werden. Die Ausf\u00fchrungen des Verwaltungsgerichts gelten \u00fcbrigens sinngem\u00e4ss auch bei den Aufnahmepr\u00fcfungen f\u00fcr die Maturit\u00e4tsschulen aus der 2. und der 3. Sekundarklasse (Kurzgymnasium, FMS etc.; vgl. \u00a7 65 der Verordnung \u00fcber die Aufnahme in die Maturit\u00e4tsschulen im Anschluss an die Sekundarstufe und nach Abschluss der beruflichen Grundbildung [VAM, LS 413.250.2]).<\/p>\n\n\n\n<p>Der Entscheid des Verwaltungsgerichts ist zu begr\u00fcssen, wird damit doch ein unn\u00f6tig langes Verfahren verhindert. So d\u00fcrfte zuk\u00fcnftig \u2013 anders als im vorliegenden Entscheid \u2013 in vielen F\u00e4llen bereits vor Schulstart im August ein Entscheid der Bildungsdirektion vorliegen.<\/p>\n\n\n\n<p><\/p>\n\n\n\n<p><strong>Zum Autor<\/strong><\/p>\n\n\n\n<p>Reto Allenspach ist Dozent f\u00fcr Schulrecht an der PH Z\u00fcrich. Seine Schwerpunkte liegen in den Bereichen Staats- und Verwaltungsrecht, Schulrecht, Personalrecht, Familienrecht und Vertragsrecht.<\/p>\n\n\n\n<p>Redaktion: Melina Maerten<br>Beitragsbild: adobe stock<\/p>\n","protected":false},"excerpt":{"rendered":"<p>Der Sch\u00fcler E bestand im Fr\u00fchling 2024 die Aufnahmepr\u00fcfung ins Langgymnasium nicht. Gegen den Nichtaufnahmeentscheid rekurrierten die Eltern und beantragten die Anpassung der Erfahrungsnote respektive der Zeugnisnoten der 6. Klasse in den F\u00e4chern Deutsch und Mathematik. Sp\u00e4ter gelangten die Eltern an das Verwaltungsgericht des Kantons Z\u00fcrich. Dieses hat in einem wegweisenden Entscheid festgelegt, wie das &hellip; <a href=\"https:\/\/blog.phzh.ch\/schulfuehrung\/2025\/12\/02\/rechtsmittelzug-gegen-die-gymi-aufnahmepruefung-bei-der-beanstandung-der-erfahrungsnote\/\" class=\"more-link\"><span class=\"screen-reader-text\">Rechtsmittelzug gegen die Gymi-Aufnahmepr\u00fcfung bei der Beanstandung der Erfahrungsnote<\/span> weiterlesen<\/a><\/p>\n","protected":false},"author":1392,"featured_media":7078,"comment_status":"open","ping_status":"open","sticky":false,"template":"","format":"standard","meta":{"sfsi_plus_gutenberg_text_before_share":"","sfsi_plus_gutenberg_show_text_before_share":"","sfsi_plus_gutenberg_icon_type":"","sfsi_plus_gutenberg_icon_alignemt":"","sfsi_plus_gutenburg_max_per_row":"","footnotes":""},"categories":[103451,107309],"tags":[110001,110000,109997,110002,18367,109999,109998,103452,109902,109585,109875,109976],"class_list":["post-7073","post","type-post","status-publish","format-standard","has-post-thumbnail","hentry","category-der-fall","category-alle-beitraege","tag-anfechtung","tag-aufnahmeentscheid","tag-aufnahmepruefung-gymnasium","tag-bildungsdirektion","tag-eltern","tag-erfahrungsnote","tag-nichtaufnahme","tag-recht","tag-reto-allenspach","tag-schuelerinnen-2","tag-verwaltungsgericht","tag-zeugnisnote"],"yoast_head":"<!-- This site is optimized with the Yoast SEO plugin v26.8 - https:\/\/yoast.com\/product\/yoast-seo-wordpress\/ -->\n<title>Rechtsmittelzug gegen die Gymi-Aufnahmepr\u00fcfung bei der Beanstandung der Erfahrungsnote - Schulf\u00fchrung<\/title>\n<meta name=\"robots\" content=\"index, follow, max-snippet:-1, max-image-preview:large, max-video-preview:-1\" \/>\n<link rel=\"canonical\" href=\"https:\/\/blog.phzh.ch\/schulfuehrung\/2025\/12\/02\/rechtsmittelzug-gegen-die-gymi-aufnahmepruefung-bei-der-beanstandung-der-erfahrungsnote\/\" \/>\n<meta property=\"og:locale\" content=\"de_DE\" \/>\n<meta property=\"og:type\" content=\"article\" \/>\n<meta property=\"og:title\" content=\"Rechtsmittelzug gegen die Gymi-Aufnahmepr\u00fcfung bei der Beanstandung der Erfahrungsnote - Schulf\u00fchrung\" \/>\n<meta property=\"og:description\" content=\"Der Sch\u00fcler E bestand im Fr\u00fchling 2024 die Aufnahmepr\u00fcfung ins Langgymnasium nicht. Gegen den Nichtaufnahmeentscheid rekurrierten die Eltern und beantragten die Anpassung der Erfahrungsnote respektive der Zeugnisnoten der 6. Klasse in den F\u00e4chern Deutsch und Mathematik. Sp\u00e4ter gelangten die Eltern an das Verwaltungsgericht des Kantons Z\u00fcrich. Dieses hat in einem wegweisenden Entscheid festgelegt, wie das &hellip; Rechtsmittelzug gegen die Gymi-Aufnahmepr\u00fcfung bei der Beanstandung der Erfahrungsnote weiterlesen\" \/>\n<meta property=\"og:url\" content=\"https:\/\/blog.phzh.ch\/schulfuehrung\/2025\/12\/02\/rechtsmittelzug-gegen-die-gymi-aufnahmepruefung-bei-der-beanstandung-der-erfahrungsnote\/\" \/>\n<meta property=\"og:site_name\" content=\"Schulf\u00fchrung\" \/>\n<meta property=\"article:published_time\" content=\"2025-12-02T03:00:00+00:00\" \/>\n<meta property=\"og:image\" content=\"https:\/\/blog.phzh.ch\/schulfuehrung\/files\/2025\/12\/Aufnahmepruefung-Gymi-scaled.jpeg\" \/>\n\t<meta property=\"og:image:width\" content=\"2560\" \/>\n\t<meta property=\"og:image:height\" content=\"1024\" \/>\n\t<meta property=\"og:image:type\" content=\"image\/jpeg\" \/>\n<meta name=\"author\" content=\"melinamaerten\" \/>\n<meta name=\"twitter:card\" content=\"summary_large_image\" \/>\n<meta name=\"twitter:label1\" content=\"Verfasst von\" \/>\n\t<meta name=\"twitter:data1\" content=\"melinamaerten\" \/>\n\t<meta name=\"twitter:label2\" content=\"Gesch\u00e4tzte Lesezeit\" \/>\n\t<meta name=\"twitter:data2\" content=\"5\u00a0Minuten\" \/>\n<script type=\"application\/ld+json\" class=\"yoast-schema-graph\">{\"@context\":\"https:\/\/schema.org\",\"@graph\":[{\"@type\":\"Article\",\"@id\":\"https:\/\/blog.phzh.ch\/schulfuehrung\/2025\/12\/02\/rechtsmittelzug-gegen-die-gymi-aufnahmepruefung-bei-der-beanstandung-der-erfahrungsnote\/#article\",\"isPartOf\":{\"@id\":\"https:\/\/blog.phzh.ch\/schulfuehrung\/2025\/12\/02\/rechtsmittelzug-gegen-die-gymi-aufnahmepruefung-bei-der-beanstandung-der-erfahrungsnote\/\"},\"author\":{\"name\":\"melinamaerten\",\"@id\":\"https:\/\/blog.phzh.ch\/schulfuehrung\/#\/schema\/person\/13544ff30d01e0e5f98444f0696dcefb\"},\"headline\":\"Rechtsmittelzug gegen die Gymi-Aufnahmepr\u00fcfung bei der Beanstandung der Erfahrungsnote\",\"datePublished\":\"2025-12-02T03:00:00+00:00\",\"mainEntityOfPage\":{\"@id\":\"https:\/\/blog.phzh.ch\/schulfuehrung\/2025\/12\/02\/rechtsmittelzug-gegen-die-gymi-aufnahmepruefung-bei-der-beanstandung-der-erfahrungsnote\/\"},\"wordCount\":811,\"commentCount\":0,\"image\":{\"@id\":\"https:\/\/blog.phzh.ch\/schulfuehrung\/2025\/12\/02\/rechtsmittelzug-gegen-die-gymi-aufnahmepruefung-bei-der-beanstandung-der-erfahrungsnote\/#primaryimage\"},\"thumbnailUrl\":\"https:\/\/blog.phzh.ch\/schulfuehrung\/files\/2025\/12\/Aufnahmepruefung-Gymi-scaled.jpeg\",\"keywords\":[\"Anfechtung\",\"Aufnahmeentscheid\",\"Aufnahmepr\u00fcfung Gymnasium\",\"Bildungsdirektion\",\"Eltern\",\"Erfahrungsnote\",\"Nichtaufnahme\",\"Recht\",\"Reto Allenspach\",\"Sch\u00fcler:innen\",\"Verwaltungsgericht\",\"Zeugnisnote\"],\"articleSection\":[\"Der Fall\",\"Gesamte Beitr\u00e4ge\"],\"inLanguage\":\"de\",\"potentialAction\":[{\"@type\":\"CommentAction\",\"name\":\"Comment\",\"target\":[\"https:\/\/blog.phzh.ch\/schulfuehrung\/2025\/12\/02\/rechtsmittelzug-gegen-die-gymi-aufnahmepruefung-bei-der-beanstandung-der-erfahrungsnote\/#respond\"]}]},{\"@type\":\"WebPage\",\"@id\":\"https:\/\/blog.phzh.ch\/schulfuehrung\/2025\/12\/02\/rechtsmittelzug-gegen-die-gymi-aufnahmepruefung-bei-der-beanstandung-der-erfahrungsnote\/\",\"url\":\"https:\/\/blog.phzh.ch\/schulfuehrung\/2025\/12\/02\/rechtsmittelzug-gegen-die-gymi-aufnahmepruefung-bei-der-beanstandung-der-erfahrungsnote\/\",\"name\":\"Rechtsmittelzug gegen die Gymi-Aufnahmepr\u00fcfung bei der Beanstandung der Erfahrungsnote - Schulf\u00fchrung\",\"isPartOf\":{\"@id\":\"https:\/\/blog.phzh.ch\/schulfuehrung\/#website\"},\"primaryImageOfPage\":{\"@id\":\"https:\/\/blog.phzh.ch\/schulfuehrung\/2025\/12\/02\/rechtsmittelzug-gegen-die-gymi-aufnahmepruefung-bei-der-beanstandung-der-erfahrungsnote\/#primaryimage\"},\"image\":{\"@id\":\"https:\/\/blog.phzh.ch\/schulfuehrung\/2025\/12\/02\/rechtsmittelzug-gegen-die-gymi-aufnahmepruefung-bei-der-beanstandung-der-erfahrungsnote\/#primaryimage\"},\"thumbnailUrl\":\"https:\/\/blog.phzh.ch\/schulfuehrung\/files\/2025\/12\/Aufnahmepruefung-Gymi-scaled.jpeg\",\"datePublished\":\"2025-12-02T03:00:00+00:00\",\"author\":{\"@id\":\"https:\/\/blog.phzh.ch\/schulfuehrung\/#\/schema\/person\/13544ff30d01e0e5f98444f0696dcefb\"},\"breadcrumb\":{\"@id\":\"https:\/\/blog.phzh.ch\/schulfuehrung\/2025\/12\/02\/rechtsmittelzug-gegen-die-gymi-aufnahmepruefung-bei-der-beanstandung-der-erfahrungsnote\/#breadcrumb\"},\"inLanguage\":\"de\",\"potentialAction\":[{\"@type\":\"ReadAction\",\"target\":[\"https:\/\/blog.phzh.ch\/schulfuehrung\/2025\/12\/02\/rechtsmittelzug-gegen-die-gymi-aufnahmepruefung-bei-der-beanstandung-der-erfahrungsnote\/\"]}]},{\"@type\":\"ImageObject\",\"inLanguage\":\"de\",\"@id\":\"https:\/\/blog.phzh.ch\/schulfuehrung\/2025\/12\/02\/rechtsmittelzug-gegen-die-gymi-aufnahmepruefung-bei-der-beanstandung-der-erfahrungsnote\/#primaryimage\",\"url\":\"https:\/\/blog.phzh.ch\/schulfuehrung\/files\/2025\/12\/Aufnahmepruefung-Gymi-scaled.jpeg\",\"contentUrl\":\"https:\/\/blog.phzh.ch\/schulfuehrung\/files\/2025\/12\/Aufnahmepruefung-Gymi-scaled.jpeg\",\"width\":2560,\"height\":1024,\"caption\":\"Aufnahmepr\u00fcfung Gymi\"},{\"@type\":\"BreadcrumbList\",\"@id\":\"https:\/\/blog.phzh.ch\/schulfuehrung\/2025\/12\/02\/rechtsmittelzug-gegen-die-gymi-aufnahmepruefung-bei-der-beanstandung-der-erfahrungsnote\/#breadcrumb\",\"itemListElement\":[{\"@type\":\"ListItem\",\"position\":1,\"name\":\"Startseite\",\"item\":\"https:\/\/blog.phzh.ch\/schulfuehrung\/\"},{\"@type\":\"ListItem\",\"position\":2,\"name\":\"Rechtsmittelzug gegen die Gymi-Aufnahmepr\u00fcfung bei der Beanstandung der Erfahrungsnote\"}]},{\"@type\":\"WebSite\",\"@id\":\"https:\/\/blog.phzh.ch\/schulfuehrung\/#website\",\"url\":\"https:\/\/blog.phzh.ch\/schulfuehrung\/\",\"name\":\"Schulf\u00fchrung\",\"description\":\"phzh.ch\/schulfuehrung\",\"potentialAction\":[{\"@type\":\"SearchAction\",\"target\":{\"@type\":\"EntryPoint\",\"urlTemplate\":\"https:\/\/blog.phzh.ch\/schulfuehrung\/?s={search_term_string}\"},\"query-input\":{\"@type\":\"PropertyValueSpecification\",\"valueRequired\":true,\"valueName\":\"search_term_string\"}}],\"inLanguage\":\"de\"},{\"@type\":\"Person\",\"@id\":\"https:\/\/blog.phzh.ch\/schulfuehrung\/#\/schema\/person\/13544ff30d01e0e5f98444f0696dcefb\",\"name\":\"melinamaerten\",\"image\":{\"@type\":\"ImageObject\",\"inLanguage\":\"de\",\"@id\":\"https:\/\/blog.phzh.ch\/schulfuehrung\/#\/schema\/person\/image\/\",\"url\":\"https:\/\/secure.gravatar.com\/avatar\/581b196899ac4a61b7e20a29f4dd52fe?s=96&d=mm&r=g\",\"contentUrl\":\"https:\/\/secure.gravatar.com\/avatar\/581b196899ac4a61b7e20a29f4dd52fe?s=96&d=mm&r=g\",\"caption\":\"melinamaerten\"},\"url\":\"https:\/\/blog.phzh.ch\/schulfuehrung\/author\/melinamaerten\/\"}]}<\/script>\n<!-- \/ Yoast SEO plugin. -->","yoast_head_json":{"title":"Rechtsmittelzug gegen die Gymi-Aufnahmepr\u00fcfung bei der Beanstandung der Erfahrungsnote - Schulf\u00fchrung","robots":{"index":"index","follow":"follow","max-snippet":"max-snippet:-1","max-image-preview":"max-image-preview:large","max-video-preview":"max-video-preview:-1"},"canonical":"https:\/\/blog.phzh.ch\/schulfuehrung\/2025\/12\/02\/rechtsmittelzug-gegen-die-gymi-aufnahmepruefung-bei-der-beanstandung-der-erfahrungsnote\/","og_locale":"de_DE","og_type":"article","og_title":"Rechtsmittelzug gegen die Gymi-Aufnahmepr\u00fcfung bei der Beanstandung der Erfahrungsnote - Schulf\u00fchrung","og_description":"Der Sch\u00fcler E bestand im Fr\u00fchling 2024 die Aufnahmepr\u00fcfung ins Langgymnasium nicht. Gegen den Nichtaufnahmeentscheid rekurrierten die Eltern und beantragten die Anpassung der Erfahrungsnote respektive der Zeugnisnoten der 6. Klasse in den F\u00e4chern Deutsch und Mathematik. Sp\u00e4ter gelangten die Eltern an das Verwaltungsgericht des Kantons Z\u00fcrich. Dieses hat in einem wegweisenden Entscheid festgelegt, wie das &hellip; Rechtsmittelzug gegen die Gymi-Aufnahmepr\u00fcfung bei der Beanstandung der Erfahrungsnote weiterlesen","og_url":"https:\/\/blog.phzh.ch\/schulfuehrung\/2025\/12\/02\/rechtsmittelzug-gegen-die-gymi-aufnahmepruefung-bei-der-beanstandung-der-erfahrungsnote\/","og_site_name":"Schulf\u00fchrung","article_published_time":"2025-12-02T03:00:00+00:00","og_image":[{"width":2560,"height":1024,"url":"https:\/\/blog.phzh.ch\/schulfuehrung\/files\/2025\/12\/Aufnahmepruefung-Gymi-scaled.jpeg","type":"image\/jpeg"}],"author":"melinamaerten","twitter_card":"summary_large_image","twitter_misc":{"Verfasst von":"melinamaerten","Gesch\u00e4tzte Lesezeit":"5\u00a0Minuten"},"schema":{"@context":"https:\/\/schema.org","@graph":[{"@type":"Article","@id":"https:\/\/blog.phzh.ch\/schulfuehrung\/2025\/12\/02\/rechtsmittelzug-gegen-die-gymi-aufnahmepruefung-bei-der-beanstandung-der-erfahrungsnote\/#article","isPartOf":{"@id":"https:\/\/blog.phzh.ch\/schulfuehrung\/2025\/12\/02\/rechtsmittelzug-gegen-die-gymi-aufnahmepruefung-bei-der-beanstandung-der-erfahrungsnote\/"},"author":{"name":"melinamaerten","@id":"https:\/\/blog.phzh.ch\/schulfuehrung\/#\/schema\/person\/13544ff30d01e0e5f98444f0696dcefb"},"headline":"Rechtsmittelzug gegen die Gymi-Aufnahmepr\u00fcfung bei der Beanstandung der Erfahrungsnote","datePublished":"2025-12-02T03:00:00+00:00","mainEntityOfPage":{"@id":"https:\/\/blog.phzh.ch\/schulfuehrung\/2025\/12\/02\/rechtsmittelzug-gegen-die-gymi-aufnahmepruefung-bei-der-beanstandung-der-erfahrungsnote\/"},"wordCount":811,"commentCount":0,"image":{"@id":"https:\/\/blog.phzh.ch\/schulfuehrung\/2025\/12\/02\/rechtsmittelzug-gegen-die-gymi-aufnahmepruefung-bei-der-beanstandung-der-erfahrungsnote\/#primaryimage"},"thumbnailUrl":"https:\/\/blog.phzh.ch\/schulfuehrung\/files\/2025\/12\/Aufnahmepruefung-Gymi-scaled.jpeg","keywords":["Anfechtung","Aufnahmeentscheid","Aufnahmepr\u00fcfung Gymnasium","Bildungsdirektion","Eltern","Erfahrungsnote","Nichtaufnahme","Recht","Reto Allenspach","Sch\u00fcler:innen","Verwaltungsgericht","Zeugnisnote"],"articleSection":["Der Fall","Gesamte Beitr\u00e4ge"],"inLanguage":"de","potentialAction":[{"@type":"CommentAction","name":"Comment","target":["https:\/\/blog.phzh.ch\/schulfuehrung\/2025\/12\/02\/rechtsmittelzug-gegen-die-gymi-aufnahmepruefung-bei-der-beanstandung-der-erfahrungsnote\/#respond"]}]},{"@type":"WebPage","@id":"https:\/\/blog.phzh.ch\/schulfuehrung\/2025\/12\/02\/rechtsmittelzug-gegen-die-gymi-aufnahmepruefung-bei-der-beanstandung-der-erfahrungsnote\/","url":"https:\/\/blog.phzh.ch\/schulfuehrung\/2025\/12\/02\/rechtsmittelzug-gegen-die-gymi-aufnahmepruefung-bei-der-beanstandung-der-erfahrungsnote\/","name":"Rechtsmittelzug gegen die Gymi-Aufnahmepr\u00fcfung bei der Beanstandung der Erfahrungsnote - Schulf\u00fchrung","isPartOf":{"@id":"https:\/\/blog.phzh.ch\/schulfuehrung\/#website"},"primaryImageOfPage":{"@id":"https:\/\/blog.phzh.ch\/schulfuehrung\/2025\/12\/02\/rechtsmittelzug-gegen-die-gymi-aufnahmepruefung-bei-der-beanstandung-der-erfahrungsnote\/#primaryimage"},"image":{"@id":"https:\/\/blog.phzh.ch\/schulfuehrung\/2025\/12\/02\/rechtsmittelzug-gegen-die-gymi-aufnahmepruefung-bei-der-beanstandung-der-erfahrungsnote\/#primaryimage"},"thumbnailUrl":"https:\/\/blog.phzh.ch\/schulfuehrung\/files\/2025\/12\/Aufnahmepruefung-Gymi-scaled.jpeg","datePublished":"2025-12-02T03:00:00+00:00","author":{"@id":"https:\/\/blog.phzh.ch\/schulfuehrung\/#\/schema\/person\/13544ff30d01e0e5f98444f0696dcefb"},"breadcrumb":{"@id":"https:\/\/blog.phzh.ch\/schulfuehrung\/2025\/12\/02\/rechtsmittelzug-gegen-die-gymi-aufnahmepruefung-bei-der-beanstandung-der-erfahrungsnote\/#breadcrumb"},"inLanguage":"de","potentialAction":[{"@type":"ReadAction","target":["https:\/\/blog.phzh.ch\/schulfuehrung\/2025\/12\/02\/rechtsmittelzug-gegen-die-gymi-aufnahmepruefung-bei-der-beanstandung-der-erfahrungsnote\/"]}]},{"@type":"ImageObject","inLanguage":"de","@id":"https:\/\/blog.phzh.ch\/schulfuehrung\/2025\/12\/02\/rechtsmittelzug-gegen-die-gymi-aufnahmepruefung-bei-der-beanstandung-der-erfahrungsnote\/#primaryimage","url":"https:\/\/blog.phzh.ch\/schulfuehrung\/files\/2025\/12\/Aufnahmepruefung-Gymi-scaled.jpeg","contentUrl":"https:\/\/blog.phzh.ch\/schulfuehrung\/files\/2025\/12\/Aufnahmepruefung-Gymi-scaled.jpeg","width":2560,"height":1024,"caption":"Aufnahmepr\u00fcfung Gymi"},{"@type":"BreadcrumbList","@id":"https:\/\/blog.phzh.ch\/schulfuehrung\/2025\/12\/02\/rechtsmittelzug-gegen-die-gymi-aufnahmepruefung-bei-der-beanstandung-der-erfahrungsnote\/#breadcrumb","itemListElement":[{"@type":"ListItem","position":1,"name":"Startseite","item":"https:\/\/blog.phzh.ch\/schulfuehrung\/"},{"@type":"ListItem","position":2,"name":"Rechtsmittelzug gegen die Gymi-Aufnahmepr\u00fcfung bei der Beanstandung der Erfahrungsnote"}]},{"@type":"WebSite","@id":"https:\/\/blog.phzh.ch\/schulfuehrung\/#website","url":"https:\/\/blog.phzh.ch\/schulfuehrung\/","name":"Schulf\u00fchrung","description":"phzh.ch\/schulfuehrung","potentialAction":[{"@type":"SearchAction","target":{"@type":"EntryPoint","urlTemplate":"https:\/\/blog.phzh.ch\/schulfuehrung\/?s={search_term_string}"},"query-input":{"@type":"PropertyValueSpecification","valueRequired":true,"valueName":"search_term_string"}}],"inLanguage":"de"},{"@type":"Person","@id":"https:\/\/blog.phzh.ch\/schulfuehrung\/#\/schema\/person\/13544ff30d01e0e5f98444f0696dcefb","name":"melinamaerten","image":{"@type":"ImageObject","inLanguage":"de","@id":"https:\/\/blog.phzh.ch\/schulfuehrung\/#\/schema\/person\/image\/","url":"https:\/\/secure.gravatar.com\/avatar\/581b196899ac4a61b7e20a29f4dd52fe?s=96&d=mm&r=g","contentUrl":"https:\/\/secure.gravatar.com\/avatar\/581b196899ac4a61b7e20a29f4dd52fe?s=96&d=mm&r=g","caption":"melinamaerten"},"url":"https:\/\/blog.phzh.ch\/schulfuehrung\/author\/melinamaerten\/"}]}},"_links":{"self":[{"href":"https:\/\/blog.phzh.ch\/schulfuehrung\/wp-json\/wp\/v2\/posts\/7073","targetHints":{"allow":["GET"]}}],"collection":[{"href":"https:\/\/blog.phzh.ch\/schulfuehrung\/wp-json\/wp\/v2\/posts"}],"about":[{"href":"https:\/\/blog.phzh.ch\/schulfuehrung\/wp-json\/wp\/v2\/types\/post"}],"author":[{"embeddable":true,"href":"https:\/\/blog.phzh.ch\/schulfuehrung\/wp-json\/wp\/v2\/users\/1392"}],"replies":[{"embeddable":true,"href":"https:\/\/blog.phzh.ch\/schulfuehrung\/wp-json\/wp\/v2\/comments?post=7073"}],"version-history":[{"count":4,"href":"https:\/\/blog.phzh.ch\/schulfuehrung\/wp-json\/wp\/v2\/posts\/7073\/revisions"}],"predecessor-version":[{"id":7079,"href":"https:\/\/blog.phzh.ch\/schulfuehrung\/wp-json\/wp\/v2\/posts\/7073\/revisions\/7079"}],"wp:featuredmedia":[{"embeddable":true,"href":"https:\/\/blog.phzh.ch\/schulfuehrung\/wp-json\/wp\/v2\/media\/7078"}],"wp:attachment":[{"href":"https:\/\/blog.phzh.ch\/schulfuehrung\/wp-json\/wp\/v2\/media?parent=7073"}],"wp:term":[{"taxonomy":"category","embeddable":true,"href":"https:\/\/blog.phzh.ch\/schulfuehrung\/wp-json\/wp\/v2\/categories?post=7073"},{"taxonomy":"post_tag","embeddable":true,"href":"https:\/\/blog.phzh.ch\/schulfuehrung\/wp-json\/wp\/v2\/tags?post=7073"}],"curies":[{"name":"wp","href":"https:\/\/api.w.org\/{rel}","templated":true}]}}