{"id":7036,"date":"2025-10-31T04:00:00","date_gmt":"2025-10-31T03:00:00","guid":{"rendered":"https:\/\/blog.phzh.ch\/schulfuehrung\/?p=7036"},"modified":"2025-11-06T13:57:18","modified_gmt":"2025-11-06T12:57:18","slug":"das-bildungssystem-ist-ungerecht","status":"publish","type":"post","link":"https:\/\/blog.phzh.ch\/schulfuehrung\/2025\/10\/31\/das-bildungssystem-ist-ungerecht\/","title":{"rendered":"\u00abDas Bildungssystem ist ungerecht\u00bb"},"content":{"rendered":"\n<p><strong><a href=\"https:\/\/blog.phzh.ch\/schulfuehrung\/2025\/04\/22\/iq-110-ein-aussergewoehnlich-unfaires-spiel\/\" target=\"_blank\" rel=\"noreferrer noopener\">Das Spiel \u00abIQ 110\u00bb<\/a>, \u00fcbersetzt aus dem englischen und adaptiert auf das schweizerdeutsche Bildungssystem, erm\u00f6glicht es nicht nur Lehr-, Fach- und F\u00fchrungspersonen Bildungs(un)gerechtigkeit zu erfahren, sondern bietet auch Sch\u00fcler:innen die M\u00f6glichkeit, sich mit ihrem Schulsystem auseinanderzusetzen. Jasmin Kolb erz\u00e4hlt von ihren Erfahrungen im Spiel mit Jugendlichen einer Kantonsschule.<\/strong><\/p>\n\n\n\n<p>Wie f\u00fchlt es sich an, wenn der Weg zur Maturit\u00e4t ein Spiel w\u00e4re und nicht alle mit denselben Karten spielen d\u00fcrften? Diese Frage stellten sich die Jugendlichen, als sie <em>IQ 110 \u2013 An Exceptionally Unfair Game<\/em> spielten \u2013 ein Lernspiel, das auf eindr\u00fcckliche Weise erlebbar macht, wie ungleiche Bedingungen den Bildungsweg pr\u00e4gen und wie komplex das Thema Bildungsgerechtigkeit tats\u00e4chlich ist.<\/p>\n\n\n\n<p>Im Spiel \u00fcbernehmen die Jugendlichen zuf\u00e4llig verschiedene Rollen \u2013 Kinder mit ganz unterschiedlichen Startbedingungen: Svenja, die mit ihren Eltern und ihrem \u00e4lteren Bruder in der N\u00e4he der Stadt in einer Villa mit eigener Kunstsammlung und vielen inspirierenden Menschen wohnt, zu Mirko, der mit zwei V\u00e4tern in einer zweist\u00f6ckigen Wohnung mitten in der Stadt wohnt, sehr viel Energie hat und mit vollem Tatendrang und Ideen im eigenen Restaurant hilft, bis hin zu Nina, die mit Mama, Papa, Schwester, Bruder und kleiner Zwillingsschwester in einer Sozialwohnung am Rand der Stadt lebt, Secondhandkleidung tr\u00e4gt und am liebsten Karate-Videos auf YouTube schaut.<\/p>\n\n\n<p><!--more--><\/p>\n\n\n<p>Die Spielregeln scheinen einfach, da alle mit demselben Intelligenzquotienten starten und dasselbe Ziel verfolgen: den Weg durchs Bildungssystem m\u00f6glichst erfolgreich zu absolvieren. Die Umsetzung sieht jedoch etwas anders aus. Im Verlauf des Spiels wird sp\u00fcrbar, wie stark der Bildungsweg durch Faktoren gepr\u00e4gt ist, die ausserhalb der individuellen Leistung liegen.<\/p>\n\n\n\n<p>Manche Sch\u00fcler:innen erreichen ihr Ziel scheinbar m\u00fchelos, andere m\u00fcssen trotz grosser Anstrengung immer wieder R\u00fcckschl\u00e4ge hinnehmen. Sie k\u00f6nnen nicht zum Zahnarzt, auch wenn sie Schmerzen haben, k\u00f6nnen keinen Schwimmkurs besuchen, weil niemand sie begleitet oder entdecken, dass sie im falschen K\u00f6rper geboren sind und erfahren Hass im Internet. <\/p>\n\n\n\n<p>Die Privilegien oder Benachteiligungen, die aus \u00f6konomischem, sozialem und kulturellem Kapital entstehen \u2013 ganz im Sinne der Kapitaltheorie von Pierre Bourdieu \u2013 werden anhand unterschiedlicher Situationen f\u00fcr die Jugendlichen Realit\u00e4t und mit ihrer eigenen Lebenswelt verglichen.<\/p>\n\n\n\n<blockquote class=\"wp-block-quote is-layout-flow wp-block-quote-is-layout-flow\">\n<p>\u00abEs war hilfreich, sich einmal in die Lage von jemandem zu versetzen, der nicht so privilegiert ist wie ich und  auch Mal das Bildungssystem aus einer anderen Perspektive zu sehen.\u00bb<\/p>\n\n\n\n<p>Aussage einer Sch\u00fclerin<\/p>\n<\/blockquote>\n\n\n\n<p>Besonders eindr\u00fccklich wird das Spiel, wenn dieselbe Situation f\u00fcr verschiedene Spielende ganz unterschiedliche Folgen hat. Ziehen beispielsweise Mirko und Nina beide die Karte <em>\u00abIch habe das Gef\u00fchl, dass ich im falschen K\u00f6rper geboren bin\u00bb<\/em>, zeigen sich die ungleichen Reaktionen des Umfelds. W\u00e4hrend Mirko in einem unterst\u00fctzenden Umfeld Halt findet, st\u00f6sst Nina auf Ablehnung und erlebt zus\u00e4tzliche H\u00fcrden in ihrer schulischen Laufbahn. <\/p>\n\n\n\n<blockquote class=\"wp-block-quote is-layout-flow wp-block-quote-is-layout-flow\">\n<p>\u00abDas Bildungssystem ist ungerecht.\u00bb<\/p>\n\n\n\n<p>Aussage eines Sch\u00fclers<\/p>\n<\/blockquote>\n\n\n\n<p>Diese Gegen\u00fcberstellungen f\u00fchren den Jugendlichen eindr\u00fccklich vor Augen, dass Gerechtigkeit nicht bedeutet, dass alle gleichbehandelt werden.<\/p>\n\n\n\n<p>Ein weiteres Beispiel, wo Unmut in der Gruppe laut wurde, war die Diskussion als Svenja, in der Primarschule das K\u00e4rtchen zieht <em>\u00abIch werde schnell w\u00fctend. Deshalb gerate ich h\u00e4ufig in Schl\u00e4gereien mit anderen Kindern\u00bb<\/em> und nun vor den Optionen steht, ob sie der Schule verwiesen wird, eine Lehrperson mit ihr redet und das Problem l\u00f6st oder ihre Lehrperson mit den Eltern professionelle Hilfe organisieren. Ein:e Jugendlich:e antwortet darauf hin, dass M\u00e4dchen doch keine Aggressionen haben und dies wohl eher bei Jungen der Fall w\u00e4re. Svenja wehrt sich darauf hin und sagt, dass es bei ihr durchaus schwierig sei zuhause und in ihrem Umfeld kaum Platz f\u00fcr Wut und Aggressionen sei und sie dies deshalb in der Schule zeige.<\/p>\n\n\n\n<p>In der anschliessenden Diskussion reflektieren die Jugendlichen gemeinsam und setzen sich mit ihren individuellen Erfahrungen im Bildungssystem und pers\u00f6nlichen Einstellungen und Vorurteilen auseinander, um zu sehen, wie Werte und Bildung zusammenh\u00e4ngen. Dar\u00fcber hinaus entsteht Raum f\u00fcr die Auseinandersetzung mit aktuellen gesellschaftlichen Themen vor dem Hintergrund sozialer Herkunft, Geschlechtervielfalt und Ressourcenzug\u00e4nglichkeit. Das Spiel kann dabei als Lehrmittel eingesetzt werden, um Dialoge \u00fcber Bildungs(un)gerechtigkeit anzustossen.<\/p>\n\n\n\n<pre class=\"wp-block-preformatted\">INFOBOX<br><br>Das <a href=\"https:\/\/iq110.nl\/en\/the-game\/\" target=\"_blank\" rel=\"noreferrer noopener\">Spiel IQ110<\/a> wurde von Studierenden und Dozierenden der Fachhochschule in Amsterdam entwickelt und herausgeben. Niels Anderegg hatte das Gl\u00fcck, das Spiel im Rahmen einer Studienreise kennengelernt und mit in die Schweiz gebracht zu haben. Gemeinsam mit Jasmin Kolb wurde das Spiel sprachlich und kulturell \u00fcbersetzt und in verschiedenen Spielrunden weiterentwickelt. Verschiedene wertvolle Hinweise von Kolleg:innen der Hochschule und Schulleitenden haben das Spiel schrittweise bereichert.<br><br>Interessierte Schulen k\u00f6nnen eine Probeversion von IQ 110 auf Anfrage gerne ausprobieren und mit ihren Teams oder Klassen durchf\u00fchren. <\/pre>\n\n\n\n<h2 class=\"wp-block-heading\"><strong>Zu<\/strong>r Autorin<\/h2>\n\n\n<div class=\"wp-block-image is-resized\">\n<figure class=\"alignleft size-full\"><img loading=\"lazy\" decoding=\"async\" width=\"212\" height=\"318\" src=\"https:\/\/blog.phzh.ch\/schulfuehrung\/files\/2024\/04\/01-Kolb_Jasmin.jpg\" alt=\"\" class=\"wp-image-5594\" style=\"width:117px;height:auto\" srcset=\"https:\/\/blog.phzh.ch\/schulfuehrung\/files\/2024\/04\/01-Kolb_Jasmin.jpg 212w, https:\/\/blog.phzh.ch\/schulfuehrung\/files\/2024\/04\/01-Kolb_Jasmin-200x300.jpg 200w\" sizes=\"auto, (max-width: 212px) 100vw, 212px\" \/><\/figure><\/div>\n\n\n<p><\/p>\n\n\n\n<p><a href=\"https:\/\/phzh.ch\/ueber-die-phzh\/organisation\/personen\/mitarbeitendenportraet\/?username=jasmin.kolb\" target=\"_blank\" rel=\"noreferrer noopener\">Jasmin Kolb<\/a> hat p\u00e4dagogische Psychologie an der Universit\u00e4t Fribourg studiert und arbeitet im <a href=\"https:\/\/phzh.ch\/ueber-die-phzh\/organisation\/prorektorat-weiterbildung-und-dienstleistungen\/abteilung-weiterbildung-und-beratung\/zentrum-management-und-leadership\/\" target=\"_blank\" rel=\"noreferrer noopener\">Zentrum Management und Leadership<\/a> als wissenschaftliche Mitarbeiterin. Sie besch\u00e4ftigt sich vor allem mit wissenschaftlichen Evaluationen und der Weiterentwicklung der Schulleitungsausbildung.<\/p>\n\n\n\n<p><\/p>\n\n\n\n<p><\/p>\n\n\n\n<p>Redaktion: Jasmin Kolb<br>Titelbild: Bildarchiv PHZH<\/p>\n\n\n\n<p><\/p>\n","protected":false},"excerpt":{"rendered":"<p>Das Spiel \u00abIQ 110\u00bb, \u00fcbersetzt aus dem englischen und adaptiert auf das schweizerdeutsche Bildungssystem, erm\u00f6glicht es nicht nur Lehr-, Fach- und F\u00fchrungspersonen Bildungs(un)gerechtigkeit zu erfahren, sondern bietet auch Sch\u00fcler:innen die M\u00f6glichkeit, sich mit ihrem Schulsystem auseinanderzusetzen. Jasmin Kolb erz\u00e4hlt von ihren Erfahrungen im Spiel mit Jugendlichen einer Kantonsschule. Wie f\u00fchlt es sich an, wenn der &hellip; <a href=\"https:\/\/blog.phzh.ch\/schulfuehrung\/2025\/10\/31\/das-bildungssystem-ist-ungerecht\/\" class=\"more-link\"><span class=\"screen-reader-text\">\u00abDas Bildungssystem ist ungerecht\u00bb<\/span> weiterlesen<\/a><\/p>\n","protected":false},"author":1450,"featured_media":7055,"comment_status":"open","ping_status":"open","sticky":false,"template":"","format":"standard","meta":{"sfsi_plus_gutenberg_text_before_share":"","sfsi_plus_gutenberg_show_text_before_share":"","sfsi_plus_gutenberg_icon_type":"","sfsi_plus_gutenberg_icon_alignemt":"","sfsi_plus_gutenburg_max_per_row":"","footnotes":""},"categories":[107128,107309],"tags":[45767,109996,109995,4186,106769,45021,78970,103424],"class_list":["post-7036","post","type-post","status-publish","format-standard","has-post-thumbnail","hentry","category-entdecken","category-alle-beitraege","tag-bildung","tag-bildunggerechtigkeit","tag-iq-110","tag-lehrpersonen","tag-schulen","tag-schulentwicklung","tag-schulfuehrung","tag-unterrichtsentwicklung"],"yoast_head":"<!-- This site is optimized with the Yoast SEO plugin v26.8 - https:\/\/yoast.com\/product\/yoast-seo-wordpress\/ -->\n<title>\u00abDas Bildungssystem ist ungerecht\u00bb - Schulf\u00fchrung<\/title>\n<meta name=\"robots\" content=\"index, follow, max-snippet:-1, max-image-preview:large, max-video-preview:-1\" \/>\n<link rel=\"canonical\" href=\"https:\/\/blog.phzh.ch\/schulfuehrung\/2025\/10\/31\/das-bildungssystem-ist-ungerecht\/\" \/>\n<meta property=\"og:locale\" content=\"de_DE\" \/>\n<meta property=\"og:type\" content=\"article\" \/>\n<meta property=\"og:title\" content=\"\u00abDas Bildungssystem ist ungerecht\u00bb - Schulf\u00fchrung\" \/>\n<meta property=\"og:description\" content=\"Das Spiel \u00abIQ 110\u00bb, \u00fcbersetzt aus dem englischen und adaptiert auf das schweizerdeutsche Bildungssystem, erm\u00f6glicht es nicht nur Lehr-, Fach- und F\u00fchrungspersonen Bildungs(un)gerechtigkeit zu erfahren, sondern bietet auch Sch\u00fcler:innen die M\u00f6glichkeit, sich mit ihrem Schulsystem auseinanderzusetzen. Jasmin Kolb erz\u00e4hlt von ihren Erfahrungen im Spiel mit Jugendlichen einer Kantonsschule. Wie f\u00fchlt es sich an, wenn der &hellip; \u00abDas Bildungssystem ist ungerecht\u00bb weiterlesen\" \/>\n<meta property=\"og:url\" content=\"https:\/\/blog.phzh.ch\/schulfuehrung\/2025\/10\/31\/das-bildungssystem-ist-ungerecht\/\" \/>\n<meta property=\"og:site_name\" content=\"Schulf\u00fchrung\" \/>\n<meta property=\"article:published_time\" content=\"2025-10-31T03:00:00+00:00\" \/>\n<meta property=\"article:modified_time\" content=\"2025-11-06T12:57:18+00:00\" \/>\n<meta property=\"og:image\" content=\"http:\/\/blog.phzh.ch\/schulfuehrung\/files\/2025\/10\/PHZ_Winterthur_Grueze_175-scaled.jpg\" \/>\n\t<meta property=\"og:image:width\" content=\"2560\" \/>\n\t<meta property=\"og:image:height\" content=\"1706\" \/>\n\t<meta property=\"og:image:type\" content=\"image\/jpeg\" \/>\n<meta name=\"author\" content=\"jasmin.kolb@phzh.ch\" \/>\n<meta name=\"twitter:card\" content=\"summary_large_image\" \/>\n<meta name=\"twitter:label1\" content=\"Verfasst von\" \/>\n\t<meta name=\"twitter:data1\" content=\"jasmin.kolb@phzh.ch\" \/>\n\t<meta name=\"twitter:label2\" content=\"Gesch\u00e4tzte Lesezeit\" \/>\n\t<meta name=\"twitter:data2\" content=\"4\u00a0Minuten\" \/>\n<script type=\"application\/ld+json\" class=\"yoast-schema-graph\">{\"@context\":\"https:\/\/schema.org\",\"@graph\":[{\"@type\":\"Article\",\"@id\":\"https:\/\/blog.phzh.ch\/schulfuehrung\/2025\/10\/31\/das-bildungssystem-ist-ungerecht\/#article\",\"isPartOf\":{\"@id\":\"https:\/\/blog.phzh.ch\/schulfuehrung\/2025\/10\/31\/das-bildungssystem-ist-ungerecht\/\"},\"author\":{\"name\":\"jasmin.kolb@phzh.ch\",\"@id\":\"https:\/\/blog.phzh.ch\/schulfuehrung\/#\/schema\/person\/0a0e54af86b4150fa49385b57f60bad2\"},\"headline\":\"\u00abDas Bildungssystem ist ungerecht\u00bb\",\"datePublished\":\"2025-10-31T03:00:00+00:00\",\"dateModified\":\"2025-11-06T12:57:18+00:00\",\"mainEntityOfPage\":{\"@id\":\"https:\/\/blog.phzh.ch\/schulfuehrung\/2025\/10\/31\/das-bildungssystem-ist-ungerecht\/\"},\"wordCount\":742,\"commentCount\":0,\"image\":{\"@id\":\"https:\/\/blog.phzh.ch\/schulfuehrung\/2025\/10\/31\/das-bildungssystem-ist-ungerecht\/#primaryimage\"},\"thumbnailUrl\":\"https:\/\/blog.phzh.ch\/schulfuehrung\/files\/2025\/10\/PHZ_Winterthur_Grueze_175-scaled.jpg\",\"keywords\":[\"Bildung\",\"Bildunggerechtigkeit\",\"IQ 110\",\"Lehrpersonen\",\"Schulen\",\"schulentwicklung\",\"Schulf\u00fchrung\",\"Unterrichtsentwicklung\"],\"articleSection\":[\"Entdecken\",\"Gesamte Beitr\u00e4ge\"],\"inLanguage\":\"de\",\"potentialAction\":[{\"@type\":\"CommentAction\",\"name\":\"Comment\",\"target\":[\"https:\/\/blog.phzh.ch\/schulfuehrung\/2025\/10\/31\/das-bildungssystem-ist-ungerecht\/#respond\"]}]},{\"@type\":\"WebPage\",\"@id\":\"https:\/\/blog.phzh.ch\/schulfuehrung\/2025\/10\/31\/das-bildungssystem-ist-ungerecht\/\",\"url\":\"https:\/\/blog.phzh.ch\/schulfuehrung\/2025\/10\/31\/das-bildungssystem-ist-ungerecht\/\",\"name\":\"\u00abDas Bildungssystem ist ungerecht\u00bb - Schulf\u00fchrung\",\"isPartOf\":{\"@id\":\"https:\/\/blog.phzh.ch\/schulfuehrung\/#website\"},\"primaryImageOfPage\":{\"@id\":\"https:\/\/blog.phzh.ch\/schulfuehrung\/2025\/10\/31\/das-bildungssystem-ist-ungerecht\/#primaryimage\"},\"image\":{\"@id\":\"https:\/\/blog.phzh.ch\/schulfuehrung\/2025\/10\/31\/das-bildungssystem-ist-ungerecht\/#primaryimage\"},\"thumbnailUrl\":\"https:\/\/blog.phzh.ch\/schulfuehrung\/files\/2025\/10\/PHZ_Winterthur_Grueze_175-scaled.jpg\",\"datePublished\":\"2025-10-31T03:00:00+00:00\",\"dateModified\":\"2025-11-06T12:57:18+00:00\",\"author\":{\"@id\":\"https:\/\/blog.phzh.ch\/schulfuehrung\/#\/schema\/person\/0a0e54af86b4150fa49385b57f60bad2\"},\"breadcrumb\":{\"@id\":\"https:\/\/blog.phzh.ch\/schulfuehrung\/2025\/10\/31\/das-bildungssystem-ist-ungerecht\/#breadcrumb\"},\"inLanguage\":\"de\",\"potentialAction\":[{\"@type\":\"ReadAction\",\"target\":[\"https:\/\/blog.phzh.ch\/schulfuehrung\/2025\/10\/31\/das-bildungssystem-ist-ungerecht\/\"]}]},{\"@type\":\"ImageObject\",\"inLanguage\":\"de\",\"@id\":\"https:\/\/blog.phzh.ch\/schulfuehrung\/2025\/10\/31\/das-bildungssystem-ist-ungerecht\/#primaryimage\",\"url\":\"https:\/\/blog.phzh.ch\/schulfuehrung\/files\/2025\/10\/PHZ_Winterthur_Grueze_175-scaled.jpg\",\"contentUrl\":\"https:\/\/blog.phzh.ch\/schulfuehrung\/files\/2025\/10\/PHZ_Winterthur_Grueze_175-scaled.jpg\",\"width\":2560,\"height\":1706,\"caption\":\"Sekundarstufe ll, Berufsfachschule Winterthur, 2022\"},{\"@type\":\"BreadcrumbList\",\"@id\":\"https:\/\/blog.phzh.ch\/schulfuehrung\/2025\/10\/31\/das-bildungssystem-ist-ungerecht\/#breadcrumb\",\"itemListElement\":[{\"@type\":\"ListItem\",\"position\":1,\"name\":\"Startseite\",\"item\":\"https:\/\/blog.phzh.ch\/schulfuehrung\/\"},{\"@type\":\"ListItem\",\"position\":2,\"name\":\"\u00abDas Bildungssystem ist ungerecht\u00bb\"}]},{\"@type\":\"WebSite\",\"@id\":\"https:\/\/blog.phzh.ch\/schulfuehrung\/#website\",\"url\":\"https:\/\/blog.phzh.ch\/schulfuehrung\/\",\"name\":\"Schulf\u00fchrung\",\"description\":\"phzh.ch\/schulfuehrung\",\"potentialAction\":[{\"@type\":\"SearchAction\",\"target\":{\"@type\":\"EntryPoint\",\"urlTemplate\":\"https:\/\/blog.phzh.ch\/schulfuehrung\/?s={search_term_string}\"},\"query-input\":{\"@type\":\"PropertyValueSpecification\",\"valueRequired\":true,\"valueName\":\"search_term_string\"}}],\"inLanguage\":\"de\"},{\"@type\":\"Person\",\"@id\":\"https:\/\/blog.phzh.ch\/schulfuehrung\/#\/schema\/person\/0a0e54af86b4150fa49385b57f60bad2\",\"name\":\"jasmin.kolb@phzh.ch\",\"image\":{\"@type\":\"ImageObject\",\"inLanguage\":\"de\",\"@id\":\"https:\/\/blog.phzh.ch\/schulfuehrung\/#\/schema\/person\/image\/\",\"url\":\"https:\/\/secure.gravatar.com\/avatar\/f103d567d1ea91a28f9bc97c1a6f79b4?s=96&d=mm&r=g\",\"contentUrl\":\"https:\/\/secure.gravatar.com\/avatar\/f103d567d1ea91a28f9bc97c1a6f79b4?s=96&d=mm&r=g\",\"caption\":\"jasmin.kolb@phzh.ch\"},\"url\":\"https:\/\/blog.phzh.ch\/schulfuehrung\/author\/jasmin-kolbphzh-ch\/\"}]}<\/script>\n<!-- \/ Yoast SEO plugin. -->","yoast_head_json":{"title":"\u00abDas Bildungssystem ist ungerecht\u00bb - Schulf\u00fchrung","robots":{"index":"index","follow":"follow","max-snippet":"max-snippet:-1","max-image-preview":"max-image-preview:large","max-video-preview":"max-video-preview:-1"},"canonical":"https:\/\/blog.phzh.ch\/schulfuehrung\/2025\/10\/31\/das-bildungssystem-ist-ungerecht\/","og_locale":"de_DE","og_type":"article","og_title":"\u00abDas Bildungssystem ist ungerecht\u00bb - Schulf\u00fchrung","og_description":"Das Spiel \u00abIQ 110\u00bb, \u00fcbersetzt aus dem englischen und adaptiert auf das schweizerdeutsche Bildungssystem, erm\u00f6glicht es nicht nur Lehr-, Fach- und F\u00fchrungspersonen Bildungs(un)gerechtigkeit zu erfahren, sondern bietet auch Sch\u00fcler:innen die M\u00f6glichkeit, sich mit ihrem Schulsystem auseinanderzusetzen. Jasmin Kolb erz\u00e4hlt von ihren Erfahrungen im Spiel mit Jugendlichen einer Kantonsschule. Wie f\u00fchlt es sich an, wenn der &hellip; \u00abDas Bildungssystem ist ungerecht\u00bb weiterlesen","og_url":"https:\/\/blog.phzh.ch\/schulfuehrung\/2025\/10\/31\/das-bildungssystem-ist-ungerecht\/","og_site_name":"Schulf\u00fchrung","article_published_time":"2025-10-31T03:00:00+00:00","article_modified_time":"2025-11-06T12:57:18+00:00","og_image":[{"width":2560,"height":1706,"url":"http:\/\/blog.phzh.ch\/schulfuehrung\/files\/2025\/10\/PHZ_Winterthur_Grueze_175-scaled.jpg","type":"image\/jpeg"}],"author":"jasmin.kolb@phzh.ch","twitter_card":"summary_large_image","twitter_misc":{"Verfasst von":"jasmin.kolb@phzh.ch","Gesch\u00e4tzte Lesezeit":"4\u00a0Minuten"},"schema":{"@context":"https:\/\/schema.org","@graph":[{"@type":"Article","@id":"https:\/\/blog.phzh.ch\/schulfuehrung\/2025\/10\/31\/das-bildungssystem-ist-ungerecht\/#article","isPartOf":{"@id":"https:\/\/blog.phzh.ch\/schulfuehrung\/2025\/10\/31\/das-bildungssystem-ist-ungerecht\/"},"author":{"name":"jasmin.kolb@phzh.ch","@id":"https:\/\/blog.phzh.ch\/schulfuehrung\/#\/schema\/person\/0a0e54af86b4150fa49385b57f60bad2"},"headline":"\u00abDas Bildungssystem ist ungerecht\u00bb","datePublished":"2025-10-31T03:00:00+00:00","dateModified":"2025-11-06T12:57:18+00:00","mainEntityOfPage":{"@id":"https:\/\/blog.phzh.ch\/schulfuehrung\/2025\/10\/31\/das-bildungssystem-ist-ungerecht\/"},"wordCount":742,"commentCount":0,"image":{"@id":"https:\/\/blog.phzh.ch\/schulfuehrung\/2025\/10\/31\/das-bildungssystem-ist-ungerecht\/#primaryimage"},"thumbnailUrl":"https:\/\/blog.phzh.ch\/schulfuehrung\/files\/2025\/10\/PHZ_Winterthur_Grueze_175-scaled.jpg","keywords":["Bildung","Bildunggerechtigkeit","IQ 110","Lehrpersonen","Schulen","schulentwicklung","Schulf\u00fchrung","Unterrichtsentwicklung"],"articleSection":["Entdecken","Gesamte Beitr\u00e4ge"],"inLanguage":"de","potentialAction":[{"@type":"CommentAction","name":"Comment","target":["https:\/\/blog.phzh.ch\/schulfuehrung\/2025\/10\/31\/das-bildungssystem-ist-ungerecht\/#respond"]}]},{"@type":"WebPage","@id":"https:\/\/blog.phzh.ch\/schulfuehrung\/2025\/10\/31\/das-bildungssystem-ist-ungerecht\/","url":"https:\/\/blog.phzh.ch\/schulfuehrung\/2025\/10\/31\/das-bildungssystem-ist-ungerecht\/","name":"\u00abDas Bildungssystem ist ungerecht\u00bb - Schulf\u00fchrung","isPartOf":{"@id":"https:\/\/blog.phzh.ch\/schulfuehrung\/#website"},"primaryImageOfPage":{"@id":"https:\/\/blog.phzh.ch\/schulfuehrung\/2025\/10\/31\/das-bildungssystem-ist-ungerecht\/#primaryimage"},"image":{"@id":"https:\/\/blog.phzh.ch\/schulfuehrung\/2025\/10\/31\/das-bildungssystem-ist-ungerecht\/#primaryimage"},"thumbnailUrl":"https:\/\/blog.phzh.ch\/schulfuehrung\/files\/2025\/10\/PHZ_Winterthur_Grueze_175-scaled.jpg","datePublished":"2025-10-31T03:00:00+00:00","dateModified":"2025-11-06T12:57:18+00:00","author":{"@id":"https:\/\/blog.phzh.ch\/schulfuehrung\/#\/schema\/person\/0a0e54af86b4150fa49385b57f60bad2"},"breadcrumb":{"@id":"https:\/\/blog.phzh.ch\/schulfuehrung\/2025\/10\/31\/das-bildungssystem-ist-ungerecht\/#breadcrumb"},"inLanguage":"de","potentialAction":[{"@type":"ReadAction","target":["https:\/\/blog.phzh.ch\/schulfuehrung\/2025\/10\/31\/das-bildungssystem-ist-ungerecht\/"]}]},{"@type":"ImageObject","inLanguage":"de","@id":"https:\/\/blog.phzh.ch\/schulfuehrung\/2025\/10\/31\/das-bildungssystem-ist-ungerecht\/#primaryimage","url":"https:\/\/blog.phzh.ch\/schulfuehrung\/files\/2025\/10\/PHZ_Winterthur_Grueze_175-scaled.jpg","contentUrl":"https:\/\/blog.phzh.ch\/schulfuehrung\/files\/2025\/10\/PHZ_Winterthur_Grueze_175-scaled.jpg","width":2560,"height":1706,"caption":"Sekundarstufe ll, Berufsfachschule Winterthur, 2022"},{"@type":"BreadcrumbList","@id":"https:\/\/blog.phzh.ch\/schulfuehrung\/2025\/10\/31\/das-bildungssystem-ist-ungerecht\/#breadcrumb","itemListElement":[{"@type":"ListItem","position":1,"name":"Startseite","item":"https:\/\/blog.phzh.ch\/schulfuehrung\/"},{"@type":"ListItem","position":2,"name":"\u00abDas Bildungssystem ist ungerecht\u00bb"}]},{"@type":"WebSite","@id":"https:\/\/blog.phzh.ch\/schulfuehrung\/#website","url":"https:\/\/blog.phzh.ch\/schulfuehrung\/","name":"Schulf\u00fchrung","description":"phzh.ch\/schulfuehrung","potentialAction":[{"@type":"SearchAction","target":{"@type":"EntryPoint","urlTemplate":"https:\/\/blog.phzh.ch\/schulfuehrung\/?s={search_term_string}"},"query-input":{"@type":"PropertyValueSpecification","valueRequired":true,"valueName":"search_term_string"}}],"inLanguage":"de"},{"@type":"Person","@id":"https:\/\/blog.phzh.ch\/schulfuehrung\/#\/schema\/person\/0a0e54af86b4150fa49385b57f60bad2","name":"jasmin.kolb@phzh.ch","image":{"@type":"ImageObject","inLanguage":"de","@id":"https:\/\/blog.phzh.ch\/schulfuehrung\/#\/schema\/person\/image\/","url":"https:\/\/secure.gravatar.com\/avatar\/f103d567d1ea91a28f9bc97c1a6f79b4?s=96&d=mm&r=g","contentUrl":"https:\/\/secure.gravatar.com\/avatar\/f103d567d1ea91a28f9bc97c1a6f79b4?s=96&d=mm&r=g","caption":"jasmin.kolb@phzh.ch"},"url":"https:\/\/blog.phzh.ch\/schulfuehrung\/author\/jasmin-kolbphzh-ch\/"}]}},"_links":{"self":[{"href":"https:\/\/blog.phzh.ch\/schulfuehrung\/wp-json\/wp\/v2\/posts\/7036","targetHints":{"allow":["GET"]}}],"collection":[{"href":"https:\/\/blog.phzh.ch\/schulfuehrung\/wp-json\/wp\/v2\/posts"}],"about":[{"href":"https:\/\/blog.phzh.ch\/schulfuehrung\/wp-json\/wp\/v2\/types\/post"}],"author":[{"embeddable":true,"href":"https:\/\/blog.phzh.ch\/schulfuehrung\/wp-json\/wp\/v2\/users\/1450"}],"replies":[{"embeddable":true,"href":"https:\/\/blog.phzh.ch\/schulfuehrung\/wp-json\/wp\/v2\/comments?post=7036"}],"version-history":[{"count":18,"href":"https:\/\/blog.phzh.ch\/schulfuehrung\/wp-json\/wp\/v2\/posts\/7036\/revisions"}],"predecessor-version":[{"id":7071,"href":"https:\/\/blog.phzh.ch\/schulfuehrung\/wp-json\/wp\/v2\/posts\/7036\/revisions\/7071"}],"wp:featuredmedia":[{"embeddable":true,"href":"https:\/\/blog.phzh.ch\/schulfuehrung\/wp-json\/wp\/v2\/media\/7055"}],"wp:attachment":[{"href":"https:\/\/blog.phzh.ch\/schulfuehrung\/wp-json\/wp\/v2\/media?parent=7036"}],"wp:term":[{"taxonomy":"category","embeddable":true,"href":"https:\/\/blog.phzh.ch\/schulfuehrung\/wp-json\/wp\/v2\/categories?post=7036"},{"taxonomy":"post_tag","embeddable":true,"href":"https:\/\/blog.phzh.ch\/schulfuehrung\/wp-json\/wp\/v2\/tags?post=7036"}],"curies":[{"name":"wp","href":"https:\/\/api.w.org\/{rel}","templated":true}]}}