{"id":7012,"date":"2025-10-14T04:00:00","date_gmt":"2025-10-14T02:00:00","guid":{"rendered":"https:\/\/blog.phzh.ch\/schulfuehrung\/?p=7012"},"modified":"2025-10-29T08:30:54","modified_gmt":"2025-10-29T07:30:54","slug":"rezension-queer-kids-15-portraets","status":"publish","type":"post","link":"https:\/\/blog.phzh.ch\/schulfuehrung\/2025\/10\/14\/rezension-queer-kids-15-portraets\/","title":{"rendered":"Rezension \u00abQueer Kids \u2013 15 Portr\u00e4ts\u00bb"},"content":{"rendered":"\n<p><a href=\"https:\/\/christinacaprez.ch\/\" target=\"_blank\" rel=\"noreferrer noopener\">Christina Caprez<\/a> ist Soziologin und Historikerin, war Redaktorin beim SRF 2 Kultur und arbeitet nun als freie Journalistin und Autorin, unter anderem zum Thema Sexualit\u00e4t. In ihrem Buch \u00ab<a href=\"https:\/\/queerkids.ch\/about\" target=\"_blank\" rel=\"noreferrer noopener\">Queer Kids \u2013 15 Portr\u00e4ts<\/a>\u00bb portr\u00e4tiert sie 15 Stimmen von Kindern und Jugendlichen, welche von ihrer pers\u00f6nlichen Lebensrealit\u00e4t rund um das Thema sexuelle und geschlechtliche Vielfalt und Identit\u00e4t erz\u00e4hlen. Dabei wird schnell klar, dass dies ein brennendes Thema ist, welches die heutige Generation besch\u00e4ftigt. Eine Buchrezension von Jasmin Kolb.&nbsp;<\/p>\n\n\n\n<blockquote class=\"wp-block-quote is-layout-flow wp-block-quote-is-layout-flow\">\n<p>\u00abWenn queere Jugendliche in der Schule ein Ort h\u00e4tten, an dem man ihnen zuh\u00f6rt, w\u00e4re das eine grosse Hilfe\u00bb &#8211; Yaro, 20 Jahre<\/p>\n<\/blockquote>\n\n\n\n<p>Das Thema der sexuellen und geschlechtlichen Vielfalt ist unter Jugendlichen heute aktueller denn je. Kinder und Jugendliche sind informierter als fr\u00fcher und queere Sch\u00fcler:innen wagen h\u00e4ufiger ein Coming-out. In der letzten Z\u00fcrcher Jugendbefragung waren es sogar 26 Prozent der weiblichen und 9% der m\u00e4nnlichen Jugendlichen in der neunten Klasse, die sich immer mehr als nicht oder nicht ausschliesslich heterosexuell identifizieren. Studien \u00fcber das Wohlbefinden von Schweizer LGBTQ+ -Jugendlichen in Schulen sind bisher nur vereinzelt vorhanden. Die Studie <a href=\"https:\/\/phzh.ch\/ueber-die-phzh\/themen-und-taetigkeiten\/projekte\/sexuelle-orientierung-geschlecht-und-schule\/\" target=\"_blank\" rel=\"noreferrer noopener\">SOGUS<\/a> beispielsweise konnte zeigen, dass sich \u00fcber die H\u00e4lfte (58.4%) der queeren Jugendlichen aufgrund ihrer sexuellen Orientierung, ihrem Geschlecht oder Geschlechtsausdruck unwohl an der Schule f\u00fchlten (Ott et al., 2024). Dies besonders in Bezug auf Orte wie Umkleider\u00e4ume, Toiletten, den Sportunterricht sowie durch individuelle Diskriminierung, das Fehlen von trans- und nicht-bin\u00e4r-sensibler Infrastruktur oder homofeindlichem Sprachgebrauch. Im Vergleich dazu f\u00fchlten sich 34.8 Prozent aufgrund keiner der befragten Gr\u00fcnde unwohl (Ott et al., 2024). Die Erfahrungen sind demnach divers.<\/p>\n\n\n<p><!--more--><\/p>\n\n\n<p>Was es genau bedeutet als queerer Teenager in einer heteronormativen Gesellschaft aufzuwachsen, dem ging Christina Caprez nach. Sie hat \u00fcber unterschiedliche Portale und Aufrufe 15 Kinder und Jugendliche aus einer Bandbreite von Lebensentw\u00fcrfen &#8211; von der Grundschule bis zur Berufsschule oder dem Gymnasium, von Zugeh\u00f6rigkeit zur queeren Community bis hin zu Personen ausserhalb dieser, vom Leben auf dem Land bis in die Stadt oder vom Aufwachsen mit unterschiedlichen Sprachen und Religionen &#8211; gefunden und ihre Auseinandersetzung mit dem Thema sexuelle und geschlechtliche Vielfalt und Identit\u00e4t portr\u00e4tiert. Zu Beginn der ber\u00fchrenden Portraits werden Eckdaten zum Treffen mit den Jugendlichen gegeben. Anschliessend kommen die Jugendlichen selbst zu Wort. Sie sprechen von ihren Erfahrungen mit der Selbstfindung, dem Coming-out, der ersten Liebe oder auch Beschimpfungen und Mobbing im Umfeld und der Schule. Beispielhaft wird am Ende des Beitrags ein Auszug dem Buch zu Benicio, 15 Jahre alt, gegeben. Benicio identifiziert sich als non-bin\u00e4r und benutzt das Pronomen They.<\/p>\n\n\n\n<p>Weitere Portraits von Lia, die seitdem sie denken kann, ein M\u00e4dchen ist, obwohl sie als Junge geboren wurde, Corsin, der sich in seinem Bergdorf alleine f\u00fchlt und deshalb einen queeren Treffpunkt gr\u00fcndet oder Samira, die zum ersten Mal verliebt ist, k\u00f6nnen im Buch nachgelesen und empfunden werden. Das Buch bietet eine Gelegenheit sich mit dem Lebenswelten der queeren Jugendlichen auseinanderzusetzen und herzhafte sowie ehrliche Einblicke in ihre Erfahrungen zu bekommen. Erg\u00e4nzt werden diese mit drei Expert:innengespr\u00e4che, welche die pers\u00f6nlichen Geschichten in gesellschaftliche, psychologische und p\u00e4dagogische Dimensionen eingebettet. Christina Caprez hat es meiner Meinung nach geschafft, die Geschichten authentisch und ehrlich f\u00fcr sich sprechen zu lassen.<\/p>\n\n\n\n<pre class=\"wp-block-preformatted\"><strong>Auszug aus dem Buch, S. 72ff. <\/strong><br><br>\u00abEs gibt viele Wege, wie man sich non-bin\u00e4r f\u00fchlen kann.\u00bb<br><br><em>Kommentar der Autorin:<\/em> Auf der Suche nach einer non-bin\u00e4ren Person mit einem m\u00e4nnlichen Geschlechtseintrag meldet sich Benicio. They schreibt mir auf WhatsApp eine Nachricht auf Englisch. Das WhatsApp-Bild zeigt ein junges feminines Gesicht mit kinnlangen, blondierten Haaren. Die Augen sind dunkel geschminkt, die Schminke verl\u00e4uft. Wir schreiben ein paarmal auf Englisch hin und her, ich denke, vielleicht ist Benicios Muttersprache Englisch, oder they sprich nicht so gut Deutsch. Dann stellt sich heraus, dass Benicio mit Schweizerdeutsch aufgewachsen ist, im Alltag aber viel Englisch schreibt und spricht. [\u2026]<br><br><em>Benicio<\/em>: Die Linien zwischen M\u00e4dchen und Jungen waren unsichtbar. Ausser im Sport und im Aufkl\u00e4rungsunterricht, dort wurde die Klasse zweigeteilt. Mit uns Jungs haben sie \u00fcber die Themen gesprochen, die uns betreffen. Themen wie Menstruation oder Schwangerschaft hat man mit uns nicht angeschaut. In der sechsten Klasse haben wir auch einmal \u00fcber Queerness gesprochen. Da ging es um sexuelle Orientierung und transgender Identit\u00e4ten, aber Non-Binarit\u00e4t war kein Thema. Davon habe ich erst in den sozialen Medien erfahren. W\u00e4hrend der Pandemie wurden diese Themen auf TikTok gross. Ich sah Videos von queeren Menschen, die viele Begriffe erkl\u00e4rten. Das hat nat\u00fcrlich sehr geholfen. Als ich zum ersten Mal den Begriff \u00abnon-bin\u00e4r\u00bb h\u00f6rte und dachte, das k\u00f6nnte ich sein, habe ich begonnen, viel zu recherchieren. Ein Gedanke war: Was, wenn ich mich gar nicht so f\u00fchle und das alles nur mache, um interessanter zu sein? Denn damals hiess es, das sei nur ein Trend. Darum habe ich viel gelesen, \u00fcber Monate hinweg, um mir sicher zu sein, dass ich nicht einem Trend folge. Zuerst glaubte ich, dass \u00abnon-bin\u00e4r\u00bb ein sehr spezifischer, genauer Begriff sei. Jetzt aber denke ich, es gibt viele Wege, wie man sich non-bin\u00e4r f\u00fchlen kann. Es ist okay, wenn ich mich auf meine Art f\u00fchle. Ich kam zum Schluss: Ich muss nicht so lange dar\u00fcber nachdenken, welches Label f\u00fcr mich funktioniert. Es beschreibt mich irgendwie, und ich mag es! Ich nehme es einfach! <br><br>\u00abEs gibt die Vorstellung: Wenn man seinen K\u00f6rper nicht ver\u00e4ndern will, kann man nicht wirklich trans oder non-bin\u00e4r sein.\u00bb<br><br>Am Anfang war es wichtig f\u00fcr mich, W\u00f6rter zu haben, um mich zu beschreiben. Aber das Ding mit den Labels ist: Sie ver\u00e4ndern sich immer, auch im inklusiver zu werden. Man muss gef\u00fchlt sehr up to date sein. Gleichzeitig sind Definitionen generell sehr schwammig, denn sie bedeuten f\u00fcr jede Person etwas anderes. Ich glaube, es gibt keine genaue Definition von Identit\u00e4ten. Zugleich sp\u00fcren einige Leute das Bed\u00fcrfnis, unbedingt ein Label zu haben. Andere wiederum wollen gar keins. Es ist beides sehr okay. [...]<br><\/pre>\n\n\n\n<pre class=\"wp-block-preformatted\">INFOBOX<br>Fach- und F\u00fchrungspersonen, die sich f\u00fcr die Entwicklung einer LGBTQIA+-freundlichen Schule interessieren, k\u00f6nnen sich im Modul \u00abQueer Kids \u2013 wie geht es ihnen und was brauchen sie?\u00bb mit den queeren Lebensrealit\u00e4ten und Bed\u00fcrfnissen von Jugendlichen auseinandersetzen und lernen durch die Autorin Christina Caprez selbst Grunds\u00e4tze sowie praktische Anwendungsbeispiele f\u00fcr eine diversit\u00e4tssensible Schule kennen. Die Anmeldung kann \u00fcber folgenden <a href=\"https:\/\/phzh.ch\/weiterbildung\/alle-weiterbildungen\/weiterbildungsanlass\/?anlassId=144689859\" target=\"_blank\" rel=\"noreferrer noopener\">Link <\/a>bis zum 22. Mai 2026 gemacht werden. <\/pre>\n\n\n\n<h2 class=\"wp-block-heading\"><strong>Zu den Autorin<\/strong>nen<\/h2>\n\n\n<div class=\"wp-block-image is-resized\">\n<figure class=\"alignleft size-full\"><img loading=\"lazy\" decoding=\"async\" width=\"212\" height=\"318\" src=\"https:\/\/blog.phzh.ch\/schulfuehrung\/files\/2024\/04\/01-Kolb_Jasmin.jpg\" alt=\"\" class=\"wp-image-5594\" style=\"width:117px;height:auto\" srcset=\"https:\/\/blog.phzh.ch\/schulfuehrung\/files\/2024\/04\/01-Kolb_Jasmin.jpg 212w, https:\/\/blog.phzh.ch\/schulfuehrung\/files\/2024\/04\/01-Kolb_Jasmin-200x300.jpg 200w\" sizes=\"auto, (max-width: 212px) 100vw, 212px\" \/><\/figure><\/div>\n\n\n<p><a href=\"https:\/\/phzh.ch\/ueber-die-phzh\/organisation\/personen\/mitarbeitendenportraet\/?username=jasmin.kolb\" target=\"_blank\" rel=\"noreferrer noopener\">Jasmin Kolb<\/a> hat p\u00e4dagogische Psychologie an der Universit\u00e4t Fribourg studiert und arbeitet im <a href=\"https:\/\/phzh.ch\/ueber-die-phzh\/organisation\/prorektorat-weiterbildung-und-dienstleistungen\/abteilung-weiterbildung-und-beratung\/zentrum-management-und-leadership\/\" target=\"_blank\" rel=\"noreferrer noopener\">Zentrum Management und Leadership<\/a> als wissenschaftliche Mitarbeiterin. Sie besch\u00e4ftigt sich vor allem mit wissenschaftlichen Evaluationen und der Weiterentwicklung der Schulleitungsausbildung.<\/p>\n\n\n<div class=\"wp-block-image is-resized\">\n<figure class=\"alignleft size-full\"><img loading=\"lazy\" decoding=\"async\" width=\"316\" height=\"443\" src=\"http:\/\/blog.phzh.ch\/schulfuehrung\/files\/2025\/10\/Heike-Beuschlein.jpg\" alt=\"Heike Beuschlein\" class=\"wp-image-6970\" style=\"width:127px\" srcset=\"https:\/\/blog.phzh.ch\/schulfuehrung\/files\/2025\/10\/Heike-Beuschlein.jpg 316w, https:\/\/blog.phzh.ch\/schulfuehrung\/files\/2025\/10\/Heike-Beuschlein-214x300.jpg 214w\" sizes=\"auto, (max-width: 316px) 100vw, 316px\" \/><\/figure><\/div>\n\n\n<p><\/p>\n\n\n\n<p><\/p>\n\n\n\n<p><a href=\"https:\/\/phzh.ch\/personen\/heike.beuschlein\" target=\"_blank\" rel=\"noreferrer noopener\">Heike Beuschlein<\/a> leitet das Zentrum Schule und Entwicklung. Ihr Arbeitsschwerpunkt liegt in der Weiterbildung und Begleitungen von Schulleitungen und Schulteams in Entwicklungsprozessen. Sie ist in verschiedenen Projekten engagiert und in Beratungen von F\u00fchrungspersonen t\u00e4tig.<\/p>\n\n\n\n<p>Redaktion: Jasmin Kolb<br>Titelbild: Christina Caprez und Judith Sch\u00f6nenberger<\/p>\n\n\n\n<p><strong>Literaturverzeichnis: <\/strong>&nbsp;&nbsp;<\/p>\n\n\n\n<p>Caprez, Christina. <em>Queer Kids: 15 Portr\u00e4ts<\/em>. Z\u00fcrich: Limmat Verlag, 2024. Mit Fotografien von Judith Sch\u00f6nenberger und Interviews mit den Fachpersonen Ad J. Ott (Forschung zu LGBTQ+ an Schulen), Lydia Staniszewski (Schulsozialarbeit) und Dagmar Pauli (Medizin im Umgang mit jungen trans Menschen).<\/p>\n\n\n\n<p>Ott, Ad J., Janine L\u00fcthi, Christa Kappler, Monika Hofmann, und Mich\u00e8le Amacker. <em>Die Situation von LGBTQ+ Jugendlichen in Deutschschweizer Schulen: Forschungsbericht des Projektes SOGUS \u2013 Sexuelle Orientierung, Geschlecht und Schule.<\/em> Bern: Universit\u00e4t Bern; PHBern; PH Z\u00fcrich, 2024. https:\/\/doi.org\/10.48350\/190611<\/p>\n","protected":false},"excerpt":{"rendered":"<p>Christina Caprez ist Soziologin und Historikerin, war Redaktorin beim SRF 2 Kultur und arbeitet nun als freie Journalistin und Autorin, unter anderem zum Thema Sexualit\u00e4t. In ihrem Buch \u00abQueer Kids \u2013 15 Portr\u00e4ts\u00bb portr\u00e4tiert sie 15 Stimmen von Kindern und Jugendlichen, welche von ihrer pers\u00f6nlichen Lebensrealit\u00e4t rund um das Thema sexuelle und geschlechtliche Vielfalt und &hellip; <a href=\"https:\/\/blog.phzh.ch\/schulfuehrung\/2025\/10\/14\/rezension-queer-kids-15-portraets\/\" class=\"more-link\"><span class=\"screen-reader-text\">Rezension \u00abQueer Kids \u2013 15 Portr\u00e4ts\u00bb<\/span> weiterlesen<\/a><\/p>\n","protected":false},"author":1450,"featured_media":7023,"comment_status":"open","ping_status":"open","sticky":false,"template":"","format":"standard","meta":{"sfsi_plus_gutenberg_text_before_share":"","sfsi_plus_gutenberg_show_text_before_share":"","sfsi_plus_gutenberg_icon_type":"","sfsi_plus_gutenberg_icon_alignemt":"","sfsi_plus_gutenburg_max_per_row":"","footnotes":""},"categories":[107309,109820],"tags":[45767,106718,109994,109992,4186,109993,45021,78970,44958],"class_list":["post-7012","post","type-post","status-publish","format-standard","has-post-thumbnail","hentry","category-alle-beitraege","category-wissen","tag-bildung","tag-fuehrungspersonen","tag-geschlechtliche-vielfalt","tag-labels","tag-lehrpersonen","tag-queer-kids","tag-schulentwicklung","tag-schulfuehrung","tag-schulleitung"],"yoast_head":"<!-- This site is optimized with the Yoast SEO plugin v26.8 - https:\/\/yoast.com\/product\/yoast-seo-wordpress\/ -->\n<title>Rezension \u00abQueer Kids \u2013 15 Portr\u00e4ts\u00bb - Schulf\u00fchrung<\/title>\n<meta name=\"robots\" content=\"index, follow, max-snippet:-1, max-image-preview:large, max-video-preview:-1\" \/>\n<link rel=\"canonical\" href=\"https:\/\/blog.phzh.ch\/schulfuehrung\/2025\/10\/14\/rezension-queer-kids-15-portraets\/\" \/>\n<meta property=\"og:locale\" content=\"de_DE\" \/>\n<meta property=\"og:type\" content=\"article\" \/>\n<meta property=\"og:title\" content=\"Rezension \u00abQueer Kids \u2013 15 Portr\u00e4ts\u00bb - Schulf\u00fchrung\" \/>\n<meta property=\"og:description\" content=\"Christina Caprez ist Soziologin und Historikerin, war Redaktorin beim SRF 2 Kultur und arbeitet nun als freie Journalistin und Autorin, unter anderem zum Thema Sexualit\u00e4t. In ihrem Buch \u00abQueer Kids \u2013 15 Portr\u00e4ts\u00bb portr\u00e4tiert sie 15 Stimmen von Kindern und Jugendlichen, welche von ihrer pers\u00f6nlichen Lebensrealit\u00e4t rund um das Thema sexuelle und geschlechtliche Vielfalt und &hellip; Rezension \u00abQueer Kids \u2013 15 Portr\u00e4ts\u00bb weiterlesen\" \/>\n<meta property=\"og:url\" content=\"https:\/\/blog.phzh.ch\/schulfuehrung\/2025\/10\/14\/rezension-queer-kids-15-portraets\/\" \/>\n<meta property=\"og:site_name\" content=\"Schulf\u00fchrung\" \/>\n<meta property=\"article:published_time\" content=\"2025-10-14T02:00:00+00:00\" \/>\n<meta property=\"article:modified_time\" content=\"2025-10-29T07:30:54+00:00\" \/>\n<meta property=\"og:image\" content=\"http:\/\/blog.phzh.ch\/schulfuehrung\/files\/2025\/10\/Buch-Queer-Kids.jpg\" \/>\n\t<meta property=\"og:image:width\" content=\"2000\" \/>\n\t<meta property=\"og:image:height\" content=\"1236\" \/>\n\t<meta property=\"og:image:type\" content=\"image\/jpeg\" \/>\n<meta name=\"author\" content=\"jasmin.kolb@phzh.ch\" \/>\n<meta name=\"twitter:card\" content=\"summary_large_image\" \/>\n<meta name=\"twitter:label1\" content=\"Verfasst von\" \/>\n\t<meta name=\"twitter:data1\" content=\"jasmin.kolb@phzh.ch\" \/>\n\t<meta name=\"twitter:label2\" content=\"Gesch\u00e4tzte Lesezeit\" \/>\n\t<meta name=\"twitter:data2\" content=\"5\u00a0Minuten\" \/>\n<script type=\"application\/ld+json\" class=\"yoast-schema-graph\">{\"@context\":\"https:\/\/schema.org\",\"@graph\":[{\"@type\":\"Article\",\"@id\":\"https:\/\/blog.phzh.ch\/schulfuehrung\/2025\/10\/14\/rezension-queer-kids-15-portraets\/#article\",\"isPartOf\":{\"@id\":\"https:\/\/blog.phzh.ch\/schulfuehrung\/2025\/10\/14\/rezension-queer-kids-15-portraets\/\"},\"author\":{\"name\":\"jasmin.kolb@phzh.ch\",\"@id\":\"https:\/\/blog.phzh.ch\/schulfuehrung\/#\/schema\/person\/0a0e54af86b4150fa49385b57f60bad2\"},\"headline\":\"Rezension \u00abQueer Kids \u2013 15 Portr\u00e4ts\u00bb\",\"datePublished\":\"2025-10-14T02:00:00+00:00\",\"dateModified\":\"2025-10-29T07:30:54+00:00\",\"mainEntityOfPage\":{\"@id\":\"https:\/\/blog.phzh.ch\/schulfuehrung\/2025\/10\/14\/rezension-queer-kids-15-portraets\/\"},\"wordCount\":717,\"commentCount\":0,\"image\":{\"@id\":\"https:\/\/blog.phzh.ch\/schulfuehrung\/2025\/10\/14\/rezension-queer-kids-15-portraets\/#primaryimage\"},\"thumbnailUrl\":\"https:\/\/blog.phzh.ch\/schulfuehrung\/files\/2025\/10\/Buch-Queer-Kids.jpg\",\"keywords\":[\"Bildung\",\"F\u00fchrungspersonen\",\"geschlechtliche Vielfalt\",\"Labels\",\"Lehrpersonen\",\"Queer Kids\",\"schulentwicklung\",\"Schulf\u00fchrung\",\"Schulleitung\"],\"articleSection\":[\"Gesamte Beitr\u00e4ge\",\"Wissen\"],\"inLanguage\":\"de\",\"potentialAction\":[{\"@type\":\"CommentAction\",\"name\":\"Comment\",\"target\":[\"https:\/\/blog.phzh.ch\/schulfuehrung\/2025\/10\/14\/rezension-queer-kids-15-portraets\/#respond\"]}]},{\"@type\":\"WebPage\",\"@id\":\"https:\/\/blog.phzh.ch\/schulfuehrung\/2025\/10\/14\/rezension-queer-kids-15-portraets\/\",\"url\":\"https:\/\/blog.phzh.ch\/schulfuehrung\/2025\/10\/14\/rezension-queer-kids-15-portraets\/\",\"name\":\"Rezension \u00abQueer Kids \u2013 15 Portr\u00e4ts\u00bb - Schulf\u00fchrung\",\"isPartOf\":{\"@id\":\"https:\/\/blog.phzh.ch\/schulfuehrung\/#website\"},\"primaryImageOfPage\":{\"@id\":\"https:\/\/blog.phzh.ch\/schulfuehrung\/2025\/10\/14\/rezension-queer-kids-15-portraets\/#primaryimage\"},\"image\":{\"@id\":\"https:\/\/blog.phzh.ch\/schulfuehrung\/2025\/10\/14\/rezension-queer-kids-15-portraets\/#primaryimage\"},\"thumbnailUrl\":\"https:\/\/blog.phzh.ch\/schulfuehrung\/files\/2025\/10\/Buch-Queer-Kids.jpg\",\"datePublished\":\"2025-10-14T02:00:00+00:00\",\"dateModified\":\"2025-10-29T07:30:54+00:00\",\"author\":{\"@id\":\"https:\/\/blog.phzh.ch\/schulfuehrung\/#\/schema\/person\/0a0e54af86b4150fa49385b57f60bad2\"},\"breadcrumb\":{\"@id\":\"https:\/\/blog.phzh.ch\/schulfuehrung\/2025\/10\/14\/rezension-queer-kids-15-portraets\/#breadcrumb\"},\"inLanguage\":\"de\",\"potentialAction\":[{\"@type\":\"ReadAction\",\"target\":[\"https:\/\/blog.phzh.ch\/schulfuehrung\/2025\/10\/14\/rezension-queer-kids-15-portraets\/\"]}]},{\"@type\":\"ImageObject\",\"inLanguage\":\"de\",\"@id\":\"https:\/\/blog.phzh.ch\/schulfuehrung\/2025\/10\/14\/rezension-queer-kids-15-portraets\/#primaryimage\",\"url\":\"https:\/\/blog.phzh.ch\/schulfuehrung\/files\/2025\/10\/Buch-Queer-Kids.jpg\",\"contentUrl\":\"https:\/\/blog.phzh.ch\/schulfuehrung\/files\/2025\/10\/Buch-Queer-Kids.jpg\",\"width\":2000,\"height\":1236,\"caption\":\"Buch-Queer-Kids\"},{\"@type\":\"BreadcrumbList\",\"@id\":\"https:\/\/blog.phzh.ch\/schulfuehrung\/2025\/10\/14\/rezension-queer-kids-15-portraets\/#breadcrumb\",\"itemListElement\":[{\"@type\":\"ListItem\",\"position\":1,\"name\":\"Startseite\",\"item\":\"https:\/\/blog.phzh.ch\/schulfuehrung\/\"},{\"@type\":\"ListItem\",\"position\":2,\"name\":\"Rezension \u00abQueer Kids \u2013 15 Portr\u00e4ts\u00bb\"}]},{\"@type\":\"WebSite\",\"@id\":\"https:\/\/blog.phzh.ch\/schulfuehrung\/#website\",\"url\":\"https:\/\/blog.phzh.ch\/schulfuehrung\/\",\"name\":\"Schulf\u00fchrung\",\"description\":\"phzh.ch\/schulfuehrung\",\"potentialAction\":[{\"@type\":\"SearchAction\",\"target\":{\"@type\":\"EntryPoint\",\"urlTemplate\":\"https:\/\/blog.phzh.ch\/schulfuehrung\/?s={search_term_string}\"},\"query-input\":{\"@type\":\"PropertyValueSpecification\",\"valueRequired\":true,\"valueName\":\"search_term_string\"}}],\"inLanguage\":\"de\"},{\"@type\":\"Person\",\"@id\":\"https:\/\/blog.phzh.ch\/schulfuehrung\/#\/schema\/person\/0a0e54af86b4150fa49385b57f60bad2\",\"name\":\"jasmin.kolb@phzh.ch\",\"image\":{\"@type\":\"ImageObject\",\"inLanguage\":\"de\",\"@id\":\"https:\/\/blog.phzh.ch\/schulfuehrung\/#\/schema\/person\/image\/\",\"url\":\"https:\/\/secure.gravatar.com\/avatar\/f103d567d1ea91a28f9bc97c1a6f79b4?s=96&d=mm&r=g\",\"contentUrl\":\"https:\/\/secure.gravatar.com\/avatar\/f103d567d1ea91a28f9bc97c1a6f79b4?s=96&d=mm&r=g\",\"caption\":\"jasmin.kolb@phzh.ch\"},\"url\":\"https:\/\/blog.phzh.ch\/schulfuehrung\/author\/jasmin-kolbphzh-ch\/\"}]}<\/script>\n<!-- \/ Yoast SEO plugin. -->","yoast_head_json":{"title":"Rezension \u00abQueer Kids \u2013 15 Portr\u00e4ts\u00bb - Schulf\u00fchrung","robots":{"index":"index","follow":"follow","max-snippet":"max-snippet:-1","max-image-preview":"max-image-preview:large","max-video-preview":"max-video-preview:-1"},"canonical":"https:\/\/blog.phzh.ch\/schulfuehrung\/2025\/10\/14\/rezension-queer-kids-15-portraets\/","og_locale":"de_DE","og_type":"article","og_title":"Rezension \u00abQueer Kids \u2013 15 Portr\u00e4ts\u00bb - Schulf\u00fchrung","og_description":"Christina Caprez ist Soziologin und Historikerin, war Redaktorin beim SRF 2 Kultur und arbeitet nun als freie Journalistin und Autorin, unter anderem zum Thema Sexualit\u00e4t. In ihrem Buch \u00abQueer Kids \u2013 15 Portr\u00e4ts\u00bb portr\u00e4tiert sie 15 Stimmen von Kindern und Jugendlichen, welche von ihrer pers\u00f6nlichen Lebensrealit\u00e4t rund um das Thema sexuelle und geschlechtliche Vielfalt und &hellip; Rezension \u00abQueer Kids \u2013 15 Portr\u00e4ts\u00bb weiterlesen","og_url":"https:\/\/blog.phzh.ch\/schulfuehrung\/2025\/10\/14\/rezension-queer-kids-15-portraets\/","og_site_name":"Schulf\u00fchrung","article_published_time":"2025-10-14T02:00:00+00:00","article_modified_time":"2025-10-29T07:30:54+00:00","og_image":[{"width":2000,"height":1236,"url":"http:\/\/blog.phzh.ch\/schulfuehrung\/files\/2025\/10\/Buch-Queer-Kids.jpg","type":"image\/jpeg"}],"author":"jasmin.kolb@phzh.ch","twitter_card":"summary_large_image","twitter_misc":{"Verfasst von":"jasmin.kolb@phzh.ch","Gesch\u00e4tzte Lesezeit":"5\u00a0Minuten"},"schema":{"@context":"https:\/\/schema.org","@graph":[{"@type":"Article","@id":"https:\/\/blog.phzh.ch\/schulfuehrung\/2025\/10\/14\/rezension-queer-kids-15-portraets\/#article","isPartOf":{"@id":"https:\/\/blog.phzh.ch\/schulfuehrung\/2025\/10\/14\/rezension-queer-kids-15-portraets\/"},"author":{"name":"jasmin.kolb@phzh.ch","@id":"https:\/\/blog.phzh.ch\/schulfuehrung\/#\/schema\/person\/0a0e54af86b4150fa49385b57f60bad2"},"headline":"Rezension \u00abQueer Kids \u2013 15 Portr\u00e4ts\u00bb","datePublished":"2025-10-14T02:00:00+00:00","dateModified":"2025-10-29T07:30:54+00:00","mainEntityOfPage":{"@id":"https:\/\/blog.phzh.ch\/schulfuehrung\/2025\/10\/14\/rezension-queer-kids-15-portraets\/"},"wordCount":717,"commentCount":0,"image":{"@id":"https:\/\/blog.phzh.ch\/schulfuehrung\/2025\/10\/14\/rezension-queer-kids-15-portraets\/#primaryimage"},"thumbnailUrl":"https:\/\/blog.phzh.ch\/schulfuehrung\/files\/2025\/10\/Buch-Queer-Kids.jpg","keywords":["Bildung","F\u00fchrungspersonen","geschlechtliche Vielfalt","Labels","Lehrpersonen","Queer Kids","schulentwicklung","Schulf\u00fchrung","Schulleitung"],"articleSection":["Gesamte Beitr\u00e4ge","Wissen"],"inLanguage":"de","potentialAction":[{"@type":"CommentAction","name":"Comment","target":["https:\/\/blog.phzh.ch\/schulfuehrung\/2025\/10\/14\/rezension-queer-kids-15-portraets\/#respond"]}]},{"@type":"WebPage","@id":"https:\/\/blog.phzh.ch\/schulfuehrung\/2025\/10\/14\/rezension-queer-kids-15-portraets\/","url":"https:\/\/blog.phzh.ch\/schulfuehrung\/2025\/10\/14\/rezension-queer-kids-15-portraets\/","name":"Rezension \u00abQueer Kids \u2013 15 Portr\u00e4ts\u00bb - Schulf\u00fchrung","isPartOf":{"@id":"https:\/\/blog.phzh.ch\/schulfuehrung\/#website"},"primaryImageOfPage":{"@id":"https:\/\/blog.phzh.ch\/schulfuehrung\/2025\/10\/14\/rezension-queer-kids-15-portraets\/#primaryimage"},"image":{"@id":"https:\/\/blog.phzh.ch\/schulfuehrung\/2025\/10\/14\/rezension-queer-kids-15-portraets\/#primaryimage"},"thumbnailUrl":"https:\/\/blog.phzh.ch\/schulfuehrung\/files\/2025\/10\/Buch-Queer-Kids.jpg","datePublished":"2025-10-14T02:00:00+00:00","dateModified":"2025-10-29T07:30:54+00:00","author":{"@id":"https:\/\/blog.phzh.ch\/schulfuehrung\/#\/schema\/person\/0a0e54af86b4150fa49385b57f60bad2"},"breadcrumb":{"@id":"https:\/\/blog.phzh.ch\/schulfuehrung\/2025\/10\/14\/rezension-queer-kids-15-portraets\/#breadcrumb"},"inLanguage":"de","potentialAction":[{"@type":"ReadAction","target":["https:\/\/blog.phzh.ch\/schulfuehrung\/2025\/10\/14\/rezension-queer-kids-15-portraets\/"]}]},{"@type":"ImageObject","inLanguage":"de","@id":"https:\/\/blog.phzh.ch\/schulfuehrung\/2025\/10\/14\/rezension-queer-kids-15-portraets\/#primaryimage","url":"https:\/\/blog.phzh.ch\/schulfuehrung\/files\/2025\/10\/Buch-Queer-Kids.jpg","contentUrl":"https:\/\/blog.phzh.ch\/schulfuehrung\/files\/2025\/10\/Buch-Queer-Kids.jpg","width":2000,"height":1236,"caption":"Buch-Queer-Kids"},{"@type":"BreadcrumbList","@id":"https:\/\/blog.phzh.ch\/schulfuehrung\/2025\/10\/14\/rezension-queer-kids-15-portraets\/#breadcrumb","itemListElement":[{"@type":"ListItem","position":1,"name":"Startseite","item":"https:\/\/blog.phzh.ch\/schulfuehrung\/"},{"@type":"ListItem","position":2,"name":"Rezension \u00abQueer Kids \u2013 15 Portr\u00e4ts\u00bb"}]},{"@type":"WebSite","@id":"https:\/\/blog.phzh.ch\/schulfuehrung\/#website","url":"https:\/\/blog.phzh.ch\/schulfuehrung\/","name":"Schulf\u00fchrung","description":"phzh.ch\/schulfuehrung","potentialAction":[{"@type":"SearchAction","target":{"@type":"EntryPoint","urlTemplate":"https:\/\/blog.phzh.ch\/schulfuehrung\/?s={search_term_string}"},"query-input":{"@type":"PropertyValueSpecification","valueRequired":true,"valueName":"search_term_string"}}],"inLanguage":"de"},{"@type":"Person","@id":"https:\/\/blog.phzh.ch\/schulfuehrung\/#\/schema\/person\/0a0e54af86b4150fa49385b57f60bad2","name":"jasmin.kolb@phzh.ch","image":{"@type":"ImageObject","inLanguage":"de","@id":"https:\/\/blog.phzh.ch\/schulfuehrung\/#\/schema\/person\/image\/","url":"https:\/\/secure.gravatar.com\/avatar\/f103d567d1ea91a28f9bc97c1a6f79b4?s=96&d=mm&r=g","contentUrl":"https:\/\/secure.gravatar.com\/avatar\/f103d567d1ea91a28f9bc97c1a6f79b4?s=96&d=mm&r=g","caption":"jasmin.kolb@phzh.ch"},"url":"https:\/\/blog.phzh.ch\/schulfuehrung\/author\/jasmin-kolbphzh-ch\/"}]}},"_links":{"self":[{"href":"https:\/\/blog.phzh.ch\/schulfuehrung\/wp-json\/wp\/v2\/posts\/7012","targetHints":{"allow":["GET"]}}],"collection":[{"href":"https:\/\/blog.phzh.ch\/schulfuehrung\/wp-json\/wp\/v2\/posts"}],"about":[{"href":"https:\/\/blog.phzh.ch\/schulfuehrung\/wp-json\/wp\/v2\/types\/post"}],"author":[{"embeddable":true,"href":"https:\/\/blog.phzh.ch\/schulfuehrung\/wp-json\/wp\/v2\/users\/1450"}],"replies":[{"embeddable":true,"href":"https:\/\/blog.phzh.ch\/schulfuehrung\/wp-json\/wp\/v2\/comments?post=7012"}],"version-history":[{"count":11,"href":"https:\/\/blog.phzh.ch\/schulfuehrung\/wp-json\/wp\/v2\/posts\/7012\/revisions"}],"predecessor-version":[{"id":7035,"href":"https:\/\/blog.phzh.ch\/schulfuehrung\/wp-json\/wp\/v2\/posts\/7012\/revisions\/7035"}],"wp:featuredmedia":[{"embeddable":true,"href":"https:\/\/blog.phzh.ch\/schulfuehrung\/wp-json\/wp\/v2\/media\/7023"}],"wp:attachment":[{"href":"https:\/\/blog.phzh.ch\/schulfuehrung\/wp-json\/wp\/v2\/media?parent=7012"}],"wp:term":[{"taxonomy":"category","embeddable":true,"href":"https:\/\/blog.phzh.ch\/schulfuehrung\/wp-json\/wp\/v2\/categories?post=7012"},{"taxonomy":"post_tag","embeddable":true,"href":"https:\/\/blog.phzh.ch\/schulfuehrung\/wp-json\/wp\/v2\/tags?post=7012"}],"curies":[{"name":"wp","href":"https:\/\/api.w.org\/{rel}","templated":true}]}}