{"id":6992,"date":"2025-10-07T04:00:00","date_gmt":"2025-10-07T02:00:00","guid":{"rendered":"https:\/\/blog.phzh.ch\/schulfuehrung\/?p=6992"},"modified":"2025-09-30T16:08:27","modified_gmt":"2025-09-30T14:08:27","slug":"voraussetzungen-fuer-das-rechtmaessige-querversetzen-in-der-volksschule-des-kantons-zuerich","status":"publish","type":"post","link":"https:\/\/blog.phzh.ch\/schulfuehrung\/2025\/10\/07\/voraussetzungen-fuer-das-rechtmaessige-querversetzen-in-der-volksschule-des-kantons-zuerich\/","title":{"rendered":"Voraussetzungen f\u00fcr das rechtm\u00e4ssige Querversetzen in der Volksschule des Kantons Z\u00fcrich"},"content":{"rendered":"\n<p><strong>Es existieren verschiedene Ausgangslagen, die eine Schulleitung oder die Schulpflege veranlassen k\u00f6nnen, ein:e Sch\u00fcler:in in eine parallel gef\u00fchrte Klasse zuzuweisen. Begrifflich handelt es sich um eine sogenannte Querversetzung. Hierbei kann es zu konfligierenden Interessen zwischen den Erziehungsberechtigten und der Schulleitung beziehungsweise der Schulpflege kommen. Was die rechtlichen Bedingungen sind und was dazu f\u00fchren kann, ein Kind querzuversetzen, erl\u00e4utert Thomas Bucher.<\/strong><\/p>\n\n\n\n<p>Die nachfolgenden Ausf\u00fchrungen referenzieren auf ein Urteil des Verwaltungsgerichts des Kantons Z\u00fcrich vom 18. M\u00e4rz 2021 (VB.2021.00109) und sind f\u00fcr Schulleitungen und Schulpflegen nicht nur im Falle von Querversetzungen bedeutsam.<\/p>\n\n\n\n<p>Art. 62 Abs. 1 der Schweizerischen Bundesverfassung vom 18. April 1999 (BV, SR 101) nennt die Kantone als f\u00fcr das Schulwesen zust\u00e4ndig. Sie haben f\u00fcr einen ausreichenden, an \u00f6ffentlichen Schulen unentgeltlichen, Grundschulunterricht zu sorgen, der obligatorisch ist und allen Kindern offensteht (Art. 19 in Verbindung mit Art. 62 Abs. 2 BV).<\/p>\n\n\n\n<p>Der erw\u00e4hnte Anspruch auf ausreichenden und unentgeltlichen Schulunterricht erstreckt sich nicht auf die freie Schul- oder Klassenwahl. \u00a7 62 Abs. 2 der Volksschulverordnung des Kantons Z\u00fcrich vom 28. Juni 2006 (VSV, LS 412.101) verwehrt die Elternmitwirkung explizit bei \u00abAnordnungen organisatorischer Art wie der Zuteilung zu einer Schule oder einer Klasse sowie bei Weisungen im Schulalltag oder bei der Notengebung und der Sch\u00fclerbeurteilung\u00bb.<\/p>\n\n\n<p><!--more--><\/p>\n\n\n<p><strong>Unzumutbarkeit des Verbleibs in der angestammten Klasse<\/strong><\/p>\n\n\n\n<p>Verschiedene schulische Ausgangslagen k\u00f6nnen dazu f\u00fchren, dass eine neue Zuteilung unumg\u00e4nglich ist. \u00a7 26 Abs. 5 des Volkschulgesetzes vom 7. Februar 2005 (VSG, LS 412.100) sieht die Zuteilung in eine andere Klasse unter Ber\u00fccksichtigung des Kindeswohls etwa dann vor, wenn der weitere Besuch in der angestammten Klasse f\u00fcr die Sch\u00fclerin oder den Sch\u00fcler unzumutbar w\u00e4re. Falls n\u00f6tig, erfolgt die weitere Beschulung in einer anderen Gemeinde.<\/p>\n\n\n\n<p><strong>Sonderp\u00e4dagogische Massnahmen<\/strong><\/p>\n\n\n\n<p>Weitere Fallkonstellationen ergeben sich im Rahmen von sonderp\u00e4dagogischen Massnahmen im Sinne von \u00a7 33 ff. VSG.<\/p>\n\n\n\n<p>Nach \u00a7 27 Abs. 1 der Verordnung \u00fcber sonderp\u00e4dagogische Massnahmen vom 11. Juli 2007 (VSM, LS 412.103) wird die Zuweisung von einer Regel- in eine Kleinklasse grunds\u00e4tzlich erst vorgenommen, nachdem die Sch\u00fcler:in mindestens vier Monate in einer parallel gef\u00fchrten Regelklasse oder wo eine solche fehlt, in der Regelklasse einer anderen Gemeinde unterrichtet wurde.<\/p>\n\n\n\n<p><strong>Disziplinarmassnahmen<\/strong><\/p>\n\n\n\n<p>Schliesslich kann die Querversetzung im Zusammenhang mit Disziplinarmassnahmen stehen. Sind die M\u00f6glichkeiten der Lehrperson im Sinne von \u00a7 56 Abs. 1 VSV ausgesch\u00f6pft, ohne dass eine Besserung des Verhaltens im Sinne von \u00a7 56 Abs. 2 VSV eingetreten w\u00e4re oder hat sich eine Sch\u00fclerin oder ein Sch\u00fcler eine schwere Disziplinarverfehlung zuschulden kommen lassen, orientiert die Lehrperson die Schulleitung (\u00a7 56 Abs. 2 VSV). Diese hat eine Massnahme nach \u00a7 52 Abs. 1 lit. a VSG zu pr\u00fcfen oder sie orientiert die Schulpflege und beantragt dieser eine Massnahme nach \u00a7 52 Abs. 1 lit. b VSG. Der Schulleitung kommt nach \u00a7 52 Abs. 1 lit. a Ziff. 4 VSG die Kompetenz zu, ein:e Sch\u00fcler:in &nbsp;unter den genannten Voraussetzungen im gleichen Schulhaus in eine Parallelklasse zu versetzen. \u00a7 52 Abs. 1 lit. b Ziff. 3 VSG r\u00e4umt der Schulpflege die Kompetenz der Versetzung in eine andere Schule (also \u00fcber das angestammte Schulhaus hinaus) ein.<\/p>\n\n\n\n<p>Die vierte Abteilung des Verwaltungsgerichts Z\u00fcrich stellt im Endentscheid vom 18. M\u00e4rz 2021 (VB.2021.00109) pr\u00e4zisierend fest, dass \u00fcber die gesetzlich geregelten Versetzungsgr\u00fcnde hinaus im Einzelfall auch andere gewichtige Gr\u00fcnde eine Versetzung rechtfertigen k\u00f6nnen (vgl. Erw\u00e4gung 5.2). Dies bedeutet, dass der gesetzlichen Regelung im Volksschulgesetz keine in allen F\u00e4llen ausschliessliche Bedeutung zukommt.<\/p>\n\n\n\n<p>Im Einzelfall k\u00f6nnen mit Verweis auf Art. 5 Abs. 2 BV auch andere wichtige Gr\u00fcnde eine Versetzung rechtfertigen. Dies, weil staatliches Handeln stets im \u00f6ffentlichen Interesse liegen und verh\u00e4ltnism\u00e4ssig sein muss.<\/p>\n\n\n\n<p>Das bezeichnete Urteil des Verwaltungsgerichts zeigt auf, dass einerseits bereits die Rechtsnatur von Klassenzuteilungen umstritten ist, andererseits aber auch die gesetzlich geregelten Versetzungsgr\u00fcnde nicht ausschliesslich als schulorganisatorische Massnahmen zu qualifizieren sind.<\/p>\n\n\n\n<p>Staatliche Grunds\u00e4tze, insbesondere das \u00f6ffentliche Interesse und das Verh\u00e4ltnism\u00e4ssigkeitsprinzip mit den Teilelementen der Eignung, Erforderlichkeit und Zumutbarkeit einer Massnahme sind stets zu beachten und im Einzelfall sorgf\u00e4ltig mitzupr\u00fcfen. Dies insbesondere dann, wenn starre Rechtsanwendung zur Missachtung von anderen rechtlich gesch\u00fctzten Interessen, die ein gewisses Gewicht aufweisen m\u00fcssen, f\u00fchren w\u00fcrde (Urteil des Bundesgerichts vom 17. September 2014, 1C_704\/2013, E. 6.4). Ferner ist \u00a7 50 Abs. 3 VSG zu beachten, wonach Sch\u00fcler:innen\u00a0 an den sie betreffenden Entscheiden zu beteiligen sind, sofern nicht ihr Alter oder andere gewichtige Gr\u00fcnde dagegensprechen.<\/p>\n\n\n\n<p>F\u00fcr Schulleitungen und Schulpflegen bedeutet dies, dass eine sorgf\u00e4ltige Abw\u00e4gung aller zur Disposition stehenden Interessen vorgenommen werden muss und nicht ausschliesslich auf starre Rechtsanwendung beharrt werden kann. Erinnert sei zudem an den Grundsatz des Kindeswohls nach \u00a7 50 Abs. 1 VSG.<\/p>\n\n\n\n<pre class=\"wp-block-preformatted\">INFOBOX<br><br>Was gilt, wenn sich Erziehungsberechtigte nicht einverstanden erkl\u00e4ren, dass ihr Kind durch den regional verankerten schulpsychologischen Dienst abgekl\u00e4rt wird? Die gesetzlichen Grundlagen erfahren Sie im l<a href=\"https:\/\/blog.phzh.ch\/schulfuehrung\/2025\/06\/03\/schulpsychologische-abklaerung-und-sonderpaedagogische-zuweisung\/\" target=\"_blank\" rel=\"noreferrer noopener\">etzten Beitrag von Thomas Bucher<\/a>.<\/pre>\n\n\n\n<p><strong>Zum Autor<\/strong><\/p>\n\n\n\n<p>Thomas Bucher arbeitet als Dozent f\u00fcr Schulrecht an der PH Z\u00fcrich. Seine Arbeitsschwerpunkte liegen in den Bereichen Schulrecht, allgemeines Verwaltungsrecht, Personalrecht und Schweizerisches Arbeitsrecht.<\/p>\n\n\n\n<p>Redaktion: Melina Maerten<br>Beitragsbild: Bildarchiv PHZH<\/p>\n\n\n\n<p><\/p>\n","protected":false},"excerpt":{"rendered":"<p>Es existieren verschiedene Ausgangslagen, die eine Schulleitung oder die Schulpflege veranlassen k\u00f6nnen, ein:e Sch\u00fcler:in in eine parallel gef\u00fchrte Klasse zuzuweisen. Begrifflich handelt es sich um eine sogenannte Querversetzung. Hierbei kann es zu konfligierenden Interessen zwischen den Erziehungsberechtigten und der Schulleitung beziehungsweise der Schulpflege kommen. Was die rechtlichen Bedingungen sind und was dazu f\u00fchren kann, ein &hellip; <a href=\"https:\/\/blog.phzh.ch\/schulfuehrung\/2025\/10\/07\/voraussetzungen-fuer-das-rechtmaessige-querversetzen-in-der-volksschule-des-kantons-zuerich\/\" class=\"more-link\"><span class=\"screen-reader-text\">Voraussetzungen f\u00fcr das rechtm\u00e4ssige Querversetzen in der Volksschule des Kantons Z\u00fcrich<\/span> weiterlesen<\/a><\/p>\n","protected":false},"author":1392,"featured_media":6999,"comment_status":"open","ping_status":"open","sticky":false,"template":"","format":"standard","meta":{"sfsi_plus_gutenberg_text_before_share":"","sfsi_plus_gutenberg_show_text_before_share":"","sfsi_plus_gutenberg_icon_type":"","sfsi_plus_gutenberg_icon_alignemt":"","sfsi_plus_gutenburg_max_per_row":"","footnotes":""},"categories":[103451,107309],"tags":[109989,103556,109669,109988,109585,44958,107394,109990,103453,109767,109991],"class_list":["post-6992","post","type-post","status-publish","format-standard","has-post-thumbnail","hentry","category-der-fall","category-alle-beitraege","tag-gruende","tag-kanton-zuerich","tag-klasse","tag-quervesetzen","tag-schuelerinnen-2","tag-schulleitung","tag-schulpflege","tag-schweizerische-bundesverfassung","tag-thomas-bucher","tag-volksschule","tag-zuteilung"],"yoast_head":"<!-- This site is optimized with the Yoast SEO plugin v26.8 - https:\/\/yoast.com\/product\/yoast-seo-wordpress\/ -->\n<title>Voraussetzungen f\u00fcr das rechtm\u00e4ssige Querversetzen in der Volksschule des Kantons Z\u00fcrich - Schulf\u00fchrung<\/title>\n<meta name=\"robots\" content=\"index, follow, max-snippet:-1, max-image-preview:large, max-video-preview:-1\" \/>\n<link rel=\"canonical\" href=\"https:\/\/blog.phzh.ch\/schulfuehrung\/2025\/10\/07\/voraussetzungen-fuer-das-rechtmaessige-querversetzen-in-der-volksschule-des-kantons-zuerich\/\" \/>\n<meta property=\"og:locale\" content=\"de_DE\" \/>\n<meta property=\"og:type\" content=\"article\" \/>\n<meta property=\"og:title\" content=\"Voraussetzungen f\u00fcr das rechtm\u00e4ssige Querversetzen in der Volksschule des Kantons Z\u00fcrich - Schulf\u00fchrung\" \/>\n<meta property=\"og:description\" content=\"Es existieren verschiedene Ausgangslagen, die eine Schulleitung oder die Schulpflege veranlassen k\u00f6nnen, ein:e Sch\u00fcler:in in eine parallel gef\u00fchrte Klasse zuzuweisen. Begrifflich handelt es sich um eine sogenannte Querversetzung. Hierbei kann es zu konfligierenden Interessen zwischen den Erziehungsberechtigten und der Schulleitung beziehungsweise der Schulpflege kommen. Was die rechtlichen Bedingungen sind und was dazu f\u00fchren kann, ein &hellip; Voraussetzungen f\u00fcr das rechtm\u00e4ssige Querversetzen in der Volksschule des Kantons Z\u00fcrich weiterlesen\" \/>\n<meta property=\"og:url\" content=\"https:\/\/blog.phzh.ch\/schulfuehrung\/2025\/10\/07\/voraussetzungen-fuer-das-rechtmaessige-querversetzen-in-der-volksschule-des-kantons-zuerich\/\" \/>\n<meta property=\"og:site_name\" content=\"Schulf\u00fchrung\" \/>\n<meta property=\"article:published_time\" content=\"2025-10-07T02:00:00+00:00\" \/>\n<meta property=\"og:image\" content=\"https:\/\/blog.phzh.ch\/schulfuehrung\/files\/2025\/10\/PHZH_Primarschule_Neerach-7022.jpg\" \/>\n\t<meta property=\"og:image:width\" content=\"1600\" \/>\n\t<meta property=\"og:image:height\" content=\"1067\" \/>\n\t<meta property=\"og:image:type\" content=\"image\/jpeg\" \/>\n<meta name=\"author\" content=\"melinamaerten\" \/>\n<meta name=\"twitter:card\" content=\"summary_large_image\" \/>\n<meta name=\"twitter:label1\" content=\"Verfasst von\" \/>\n\t<meta name=\"twitter:data1\" content=\"melinamaerten\" \/>\n\t<meta name=\"twitter:label2\" content=\"Gesch\u00e4tzte Lesezeit\" \/>\n\t<meta name=\"twitter:data2\" content=\"5\u00a0Minuten\" \/>\n<script type=\"application\/ld+json\" class=\"yoast-schema-graph\">{\"@context\":\"https:\/\/schema.org\",\"@graph\":[{\"@type\":\"Article\",\"@id\":\"https:\/\/blog.phzh.ch\/schulfuehrung\/2025\/10\/07\/voraussetzungen-fuer-das-rechtmaessige-querversetzen-in-der-volksschule-des-kantons-zuerich\/#article\",\"isPartOf\":{\"@id\":\"https:\/\/blog.phzh.ch\/schulfuehrung\/2025\/10\/07\/voraussetzungen-fuer-das-rechtmaessige-querversetzen-in-der-volksschule-des-kantons-zuerich\/\"},\"author\":{\"name\":\"melinamaerten\",\"@id\":\"https:\/\/blog.phzh.ch\/schulfuehrung\/#\/schema\/person\/13544ff30d01e0e5f98444f0696dcefb\"},\"headline\":\"Voraussetzungen f\u00fcr das rechtm\u00e4ssige Querversetzen in der Volksschule des Kantons Z\u00fcrich\",\"datePublished\":\"2025-10-07T02:00:00+00:00\",\"mainEntityOfPage\":{\"@id\":\"https:\/\/blog.phzh.ch\/schulfuehrung\/2025\/10\/07\/voraussetzungen-fuer-das-rechtmaessige-querversetzen-in-der-volksschule-des-kantons-zuerich\/\"},\"wordCount\":792,\"commentCount\":0,\"image\":{\"@id\":\"https:\/\/blog.phzh.ch\/schulfuehrung\/2025\/10\/07\/voraussetzungen-fuer-das-rechtmaessige-querversetzen-in-der-volksschule-des-kantons-zuerich\/#primaryimage\"},\"thumbnailUrl\":\"https:\/\/blog.phzh.ch\/schulfuehrung\/files\/2025\/10\/PHZH_Primarschule_Neerach-7022.jpg\",\"keywords\":[\"Gr\u00fcnde\",\"Kanton Z\u00fcrich\",\"Klasse\",\"Quervesetzen\",\"Sch\u00fcler:innen\",\"Schulleitung\",\"Schulpflege\",\"Schweizerische Bundesverfassung\",\"Thomas Bucher\",\"Volksschule\",\"Zuteilung\"],\"articleSection\":[\"Der Fall\",\"Gesamte Beitr\u00e4ge\"],\"inLanguage\":\"de\",\"potentialAction\":[{\"@type\":\"CommentAction\",\"name\":\"Comment\",\"target\":[\"https:\/\/blog.phzh.ch\/schulfuehrung\/2025\/10\/07\/voraussetzungen-fuer-das-rechtmaessige-querversetzen-in-der-volksschule-des-kantons-zuerich\/#respond\"]}]},{\"@type\":\"WebPage\",\"@id\":\"https:\/\/blog.phzh.ch\/schulfuehrung\/2025\/10\/07\/voraussetzungen-fuer-das-rechtmaessige-querversetzen-in-der-volksschule-des-kantons-zuerich\/\",\"url\":\"https:\/\/blog.phzh.ch\/schulfuehrung\/2025\/10\/07\/voraussetzungen-fuer-das-rechtmaessige-querversetzen-in-der-volksschule-des-kantons-zuerich\/\",\"name\":\"Voraussetzungen f\u00fcr das rechtm\u00e4ssige Querversetzen in der Volksschule des Kantons Z\u00fcrich - Schulf\u00fchrung\",\"isPartOf\":{\"@id\":\"https:\/\/blog.phzh.ch\/schulfuehrung\/#website\"},\"primaryImageOfPage\":{\"@id\":\"https:\/\/blog.phzh.ch\/schulfuehrung\/2025\/10\/07\/voraussetzungen-fuer-das-rechtmaessige-querversetzen-in-der-volksschule-des-kantons-zuerich\/#primaryimage\"},\"image\":{\"@id\":\"https:\/\/blog.phzh.ch\/schulfuehrung\/2025\/10\/07\/voraussetzungen-fuer-das-rechtmaessige-querversetzen-in-der-volksschule-des-kantons-zuerich\/#primaryimage\"},\"thumbnailUrl\":\"https:\/\/blog.phzh.ch\/schulfuehrung\/files\/2025\/10\/PHZH_Primarschule_Neerach-7022.jpg\",\"datePublished\":\"2025-10-07T02:00:00+00:00\",\"author\":{\"@id\":\"https:\/\/blog.phzh.ch\/schulfuehrung\/#\/schema\/person\/13544ff30d01e0e5f98444f0696dcefb\"},\"breadcrumb\":{\"@id\":\"https:\/\/blog.phzh.ch\/schulfuehrung\/2025\/10\/07\/voraussetzungen-fuer-das-rechtmaessige-querversetzen-in-der-volksschule-des-kantons-zuerich\/#breadcrumb\"},\"inLanguage\":\"de\",\"potentialAction\":[{\"@type\":\"ReadAction\",\"target\":[\"https:\/\/blog.phzh.ch\/schulfuehrung\/2025\/10\/07\/voraussetzungen-fuer-das-rechtmaessige-querversetzen-in-der-volksschule-des-kantons-zuerich\/\"]}]},{\"@type\":\"ImageObject\",\"inLanguage\":\"de\",\"@id\":\"https:\/\/blog.phzh.ch\/schulfuehrung\/2025\/10\/07\/voraussetzungen-fuer-das-rechtmaessige-querversetzen-in-der-volksschule-des-kantons-zuerich\/#primaryimage\",\"url\":\"https:\/\/blog.phzh.ch\/schulfuehrung\/files\/2025\/10\/PHZH_Primarschule_Neerach-7022.jpg\",\"contentUrl\":\"https:\/\/blog.phzh.ch\/schulfuehrung\/files\/2025\/10\/PHZH_Primarschule_Neerach-7022.jpg\",\"width\":1600,\"height\":1067,\"caption\":\"Zuteilung in eine parallel Klasse - Querversetzen\"},{\"@type\":\"BreadcrumbList\",\"@id\":\"https:\/\/blog.phzh.ch\/schulfuehrung\/2025\/10\/07\/voraussetzungen-fuer-das-rechtmaessige-querversetzen-in-der-volksschule-des-kantons-zuerich\/#breadcrumb\",\"itemListElement\":[{\"@type\":\"ListItem\",\"position\":1,\"name\":\"Startseite\",\"item\":\"https:\/\/blog.phzh.ch\/schulfuehrung\/\"},{\"@type\":\"ListItem\",\"position\":2,\"name\":\"Voraussetzungen f\u00fcr das rechtm\u00e4ssige Querversetzen in der Volksschule des Kantons Z\u00fcrich\"}]},{\"@type\":\"WebSite\",\"@id\":\"https:\/\/blog.phzh.ch\/schulfuehrung\/#website\",\"url\":\"https:\/\/blog.phzh.ch\/schulfuehrung\/\",\"name\":\"Schulf\u00fchrung\",\"description\":\"phzh.ch\/schulfuehrung\",\"potentialAction\":[{\"@type\":\"SearchAction\",\"target\":{\"@type\":\"EntryPoint\",\"urlTemplate\":\"https:\/\/blog.phzh.ch\/schulfuehrung\/?s={search_term_string}\"},\"query-input\":{\"@type\":\"PropertyValueSpecification\",\"valueRequired\":true,\"valueName\":\"search_term_string\"}}],\"inLanguage\":\"de\"},{\"@type\":\"Person\",\"@id\":\"https:\/\/blog.phzh.ch\/schulfuehrung\/#\/schema\/person\/13544ff30d01e0e5f98444f0696dcefb\",\"name\":\"melinamaerten\",\"image\":{\"@type\":\"ImageObject\",\"inLanguage\":\"de\",\"@id\":\"https:\/\/blog.phzh.ch\/schulfuehrung\/#\/schema\/person\/image\/\",\"url\":\"https:\/\/secure.gravatar.com\/avatar\/581b196899ac4a61b7e20a29f4dd52fe?s=96&d=mm&r=g\",\"contentUrl\":\"https:\/\/secure.gravatar.com\/avatar\/581b196899ac4a61b7e20a29f4dd52fe?s=96&d=mm&r=g\",\"caption\":\"melinamaerten\"},\"url\":\"https:\/\/blog.phzh.ch\/schulfuehrung\/author\/melinamaerten\/\"}]}<\/script>\n<!-- \/ Yoast SEO plugin. -->","yoast_head_json":{"title":"Voraussetzungen f\u00fcr das rechtm\u00e4ssige Querversetzen in der Volksschule des Kantons Z\u00fcrich - Schulf\u00fchrung","robots":{"index":"index","follow":"follow","max-snippet":"max-snippet:-1","max-image-preview":"max-image-preview:large","max-video-preview":"max-video-preview:-1"},"canonical":"https:\/\/blog.phzh.ch\/schulfuehrung\/2025\/10\/07\/voraussetzungen-fuer-das-rechtmaessige-querversetzen-in-der-volksschule-des-kantons-zuerich\/","og_locale":"de_DE","og_type":"article","og_title":"Voraussetzungen f\u00fcr das rechtm\u00e4ssige Querversetzen in der Volksschule des Kantons Z\u00fcrich - Schulf\u00fchrung","og_description":"Es existieren verschiedene Ausgangslagen, die eine Schulleitung oder die Schulpflege veranlassen k\u00f6nnen, ein:e Sch\u00fcler:in in eine parallel gef\u00fchrte Klasse zuzuweisen. Begrifflich handelt es sich um eine sogenannte Querversetzung. Hierbei kann es zu konfligierenden Interessen zwischen den Erziehungsberechtigten und der Schulleitung beziehungsweise der Schulpflege kommen. Was die rechtlichen Bedingungen sind und was dazu f\u00fchren kann, ein &hellip; Voraussetzungen f\u00fcr das rechtm\u00e4ssige Querversetzen in der Volksschule des Kantons Z\u00fcrich weiterlesen","og_url":"https:\/\/blog.phzh.ch\/schulfuehrung\/2025\/10\/07\/voraussetzungen-fuer-das-rechtmaessige-querversetzen-in-der-volksschule-des-kantons-zuerich\/","og_site_name":"Schulf\u00fchrung","article_published_time":"2025-10-07T02:00:00+00:00","og_image":[{"width":1600,"height":1067,"url":"https:\/\/blog.phzh.ch\/schulfuehrung\/files\/2025\/10\/PHZH_Primarschule_Neerach-7022.jpg","type":"image\/jpeg"}],"author":"melinamaerten","twitter_card":"summary_large_image","twitter_misc":{"Verfasst von":"melinamaerten","Gesch\u00e4tzte Lesezeit":"5\u00a0Minuten"},"schema":{"@context":"https:\/\/schema.org","@graph":[{"@type":"Article","@id":"https:\/\/blog.phzh.ch\/schulfuehrung\/2025\/10\/07\/voraussetzungen-fuer-das-rechtmaessige-querversetzen-in-der-volksschule-des-kantons-zuerich\/#article","isPartOf":{"@id":"https:\/\/blog.phzh.ch\/schulfuehrung\/2025\/10\/07\/voraussetzungen-fuer-das-rechtmaessige-querversetzen-in-der-volksschule-des-kantons-zuerich\/"},"author":{"name":"melinamaerten","@id":"https:\/\/blog.phzh.ch\/schulfuehrung\/#\/schema\/person\/13544ff30d01e0e5f98444f0696dcefb"},"headline":"Voraussetzungen f\u00fcr das rechtm\u00e4ssige Querversetzen in der Volksschule des Kantons Z\u00fcrich","datePublished":"2025-10-07T02:00:00+00:00","mainEntityOfPage":{"@id":"https:\/\/blog.phzh.ch\/schulfuehrung\/2025\/10\/07\/voraussetzungen-fuer-das-rechtmaessige-querversetzen-in-der-volksschule-des-kantons-zuerich\/"},"wordCount":792,"commentCount":0,"image":{"@id":"https:\/\/blog.phzh.ch\/schulfuehrung\/2025\/10\/07\/voraussetzungen-fuer-das-rechtmaessige-querversetzen-in-der-volksschule-des-kantons-zuerich\/#primaryimage"},"thumbnailUrl":"https:\/\/blog.phzh.ch\/schulfuehrung\/files\/2025\/10\/PHZH_Primarschule_Neerach-7022.jpg","keywords":["Gr\u00fcnde","Kanton Z\u00fcrich","Klasse","Quervesetzen","Sch\u00fcler:innen","Schulleitung","Schulpflege","Schweizerische Bundesverfassung","Thomas Bucher","Volksschule","Zuteilung"],"articleSection":["Der Fall","Gesamte Beitr\u00e4ge"],"inLanguage":"de","potentialAction":[{"@type":"CommentAction","name":"Comment","target":["https:\/\/blog.phzh.ch\/schulfuehrung\/2025\/10\/07\/voraussetzungen-fuer-das-rechtmaessige-querversetzen-in-der-volksschule-des-kantons-zuerich\/#respond"]}]},{"@type":"WebPage","@id":"https:\/\/blog.phzh.ch\/schulfuehrung\/2025\/10\/07\/voraussetzungen-fuer-das-rechtmaessige-querversetzen-in-der-volksschule-des-kantons-zuerich\/","url":"https:\/\/blog.phzh.ch\/schulfuehrung\/2025\/10\/07\/voraussetzungen-fuer-das-rechtmaessige-querversetzen-in-der-volksschule-des-kantons-zuerich\/","name":"Voraussetzungen f\u00fcr das rechtm\u00e4ssige Querversetzen in der Volksschule des Kantons Z\u00fcrich - Schulf\u00fchrung","isPartOf":{"@id":"https:\/\/blog.phzh.ch\/schulfuehrung\/#website"},"primaryImageOfPage":{"@id":"https:\/\/blog.phzh.ch\/schulfuehrung\/2025\/10\/07\/voraussetzungen-fuer-das-rechtmaessige-querversetzen-in-der-volksschule-des-kantons-zuerich\/#primaryimage"},"image":{"@id":"https:\/\/blog.phzh.ch\/schulfuehrung\/2025\/10\/07\/voraussetzungen-fuer-das-rechtmaessige-querversetzen-in-der-volksschule-des-kantons-zuerich\/#primaryimage"},"thumbnailUrl":"https:\/\/blog.phzh.ch\/schulfuehrung\/files\/2025\/10\/PHZH_Primarschule_Neerach-7022.jpg","datePublished":"2025-10-07T02:00:00+00:00","author":{"@id":"https:\/\/blog.phzh.ch\/schulfuehrung\/#\/schema\/person\/13544ff30d01e0e5f98444f0696dcefb"},"breadcrumb":{"@id":"https:\/\/blog.phzh.ch\/schulfuehrung\/2025\/10\/07\/voraussetzungen-fuer-das-rechtmaessige-querversetzen-in-der-volksschule-des-kantons-zuerich\/#breadcrumb"},"inLanguage":"de","potentialAction":[{"@type":"ReadAction","target":["https:\/\/blog.phzh.ch\/schulfuehrung\/2025\/10\/07\/voraussetzungen-fuer-das-rechtmaessige-querversetzen-in-der-volksschule-des-kantons-zuerich\/"]}]},{"@type":"ImageObject","inLanguage":"de","@id":"https:\/\/blog.phzh.ch\/schulfuehrung\/2025\/10\/07\/voraussetzungen-fuer-das-rechtmaessige-querversetzen-in-der-volksschule-des-kantons-zuerich\/#primaryimage","url":"https:\/\/blog.phzh.ch\/schulfuehrung\/files\/2025\/10\/PHZH_Primarschule_Neerach-7022.jpg","contentUrl":"https:\/\/blog.phzh.ch\/schulfuehrung\/files\/2025\/10\/PHZH_Primarschule_Neerach-7022.jpg","width":1600,"height":1067,"caption":"Zuteilung in eine parallel Klasse - Querversetzen"},{"@type":"BreadcrumbList","@id":"https:\/\/blog.phzh.ch\/schulfuehrung\/2025\/10\/07\/voraussetzungen-fuer-das-rechtmaessige-querversetzen-in-der-volksschule-des-kantons-zuerich\/#breadcrumb","itemListElement":[{"@type":"ListItem","position":1,"name":"Startseite","item":"https:\/\/blog.phzh.ch\/schulfuehrung\/"},{"@type":"ListItem","position":2,"name":"Voraussetzungen f\u00fcr das rechtm\u00e4ssige Querversetzen in der Volksschule des Kantons Z\u00fcrich"}]},{"@type":"WebSite","@id":"https:\/\/blog.phzh.ch\/schulfuehrung\/#website","url":"https:\/\/blog.phzh.ch\/schulfuehrung\/","name":"Schulf\u00fchrung","description":"phzh.ch\/schulfuehrung","potentialAction":[{"@type":"SearchAction","target":{"@type":"EntryPoint","urlTemplate":"https:\/\/blog.phzh.ch\/schulfuehrung\/?s={search_term_string}"},"query-input":{"@type":"PropertyValueSpecification","valueRequired":true,"valueName":"search_term_string"}}],"inLanguage":"de"},{"@type":"Person","@id":"https:\/\/blog.phzh.ch\/schulfuehrung\/#\/schema\/person\/13544ff30d01e0e5f98444f0696dcefb","name":"melinamaerten","image":{"@type":"ImageObject","inLanguage":"de","@id":"https:\/\/blog.phzh.ch\/schulfuehrung\/#\/schema\/person\/image\/","url":"https:\/\/secure.gravatar.com\/avatar\/581b196899ac4a61b7e20a29f4dd52fe?s=96&d=mm&r=g","contentUrl":"https:\/\/secure.gravatar.com\/avatar\/581b196899ac4a61b7e20a29f4dd52fe?s=96&d=mm&r=g","caption":"melinamaerten"},"url":"https:\/\/blog.phzh.ch\/schulfuehrung\/author\/melinamaerten\/"}]}},"_links":{"self":[{"href":"https:\/\/blog.phzh.ch\/schulfuehrung\/wp-json\/wp\/v2\/posts\/6992","targetHints":{"allow":["GET"]}}],"collection":[{"href":"https:\/\/blog.phzh.ch\/schulfuehrung\/wp-json\/wp\/v2\/posts"}],"about":[{"href":"https:\/\/blog.phzh.ch\/schulfuehrung\/wp-json\/wp\/v2\/types\/post"}],"author":[{"embeddable":true,"href":"https:\/\/blog.phzh.ch\/schulfuehrung\/wp-json\/wp\/v2\/users\/1392"}],"replies":[{"embeddable":true,"href":"https:\/\/blog.phzh.ch\/schulfuehrung\/wp-json\/wp\/v2\/comments?post=6992"}],"version-history":[{"count":5,"href":"https:\/\/blog.phzh.ch\/schulfuehrung\/wp-json\/wp\/v2\/posts\/6992\/revisions"}],"predecessor-version":[{"id":7003,"href":"https:\/\/blog.phzh.ch\/schulfuehrung\/wp-json\/wp\/v2\/posts\/6992\/revisions\/7003"}],"wp:featuredmedia":[{"embeddable":true,"href":"https:\/\/blog.phzh.ch\/schulfuehrung\/wp-json\/wp\/v2\/media\/6999"}],"wp:attachment":[{"href":"https:\/\/blog.phzh.ch\/schulfuehrung\/wp-json\/wp\/v2\/media?parent=6992"}],"wp:term":[{"taxonomy":"category","embeddable":true,"href":"https:\/\/blog.phzh.ch\/schulfuehrung\/wp-json\/wp\/v2\/categories?post=6992"},{"taxonomy":"post_tag","embeddable":true,"href":"https:\/\/blog.phzh.ch\/schulfuehrung\/wp-json\/wp\/v2\/tags?post=6992"}],"curies":[{"name":"wp","href":"https:\/\/api.w.org\/{rel}","templated":true}]}}