{"id":6978,"date":"2025-09-30T04:00:00","date_gmt":"2025-09-30T02:00:00","guid":{"rendered":"https:\/\/blog.phzh.ch\/schulfuehrung\/?p=6978"},"modified":"2025-10-02T15:49:23","modified_gmt":"2025-10-02T13:49:23","slug":"wertvolle-bildung-und-fuehrung","status":"publish","type":"post","link":"https:\/\/blog.phzh.ch\/schulfuehrung\/2025\/09\/30\/wertvolle-bildung-und-fuehrung\/","title":{"rendered":"WERTvolle Bildung und F\u00fchrung"},"content":{"rendered":"\n<p><strong>Fr\u00fcher standen Tugenden wie Disziplin, Fleiss, Respekt und Pflicht im Vordergrund, heute r\u00fccken in einer heterogenen Gesellschaft Werte wie Selbstbestimmung, Umweltverantwortung, Kreativit\u00e4t, Empathie, Solidarit\u00e4t, Toleranz und digitale M\u00fcndigkeit in den Fokus. P\u00e4dagogische Werte dienen weniger als festes Regelwerk, sondern als Orientierung und Kompass hin zu (zwischen)menschliche Qualit\u00e4ten, welche als gelebte Prinzipien den schulischen Alltag formen. Besonders im Bereich \u00abLeadership for Learning<strong>\u00bb<\/strong> wird die Wichtigkeit von diskursiven Prozessen f\u00fcr eine gemeinsame Vorstellung von <strong>\u00ab<\/strong>guter Schule<strong>\u00bb<\/strong> betont. Dies zeigt Niels Anderegg im Artikel <strong>\u00ab<\/strong>Werteentwicklung in der p\u00e4dagogischen Schulf\u00fchrung<strong><strong>\u00bb<\/strong><\/strong> in der <\/strong><a href=\"https:\/\/schule-verantworten.education\/journal\/index.php\/sv\/issue\/view\/21\/22\" target=\"_blank\" rel=\"noreferrer noopener\"><strong>aktuellen Ausgabe<\/strong><\/a><strong> von <a href=\"https:\/\/schule-verantworten.education\/\" target=\"_blank\" rel=\"noreferrer noopener\">#schuleverantworten<\/a> auf.<\/strong><\/p>\n\n\n\n<p>Im internationalen Projekt \u00abLeadership for Learning\u00bb gingen Forschende der Frage nach, welchen Einfluss F\u00fchrung auf das Lernen von Sch\u00fcler:innen hat (Swafield &amp; Macbeth, 2023) und ermittelten f\u00fcnf Prinzipien von Leadership for Learning:<\/p>\n\n\n\n<p>\u2022 Lernen im Fokus<\/p>\n\n\n\n<p>\u2022 F\u00f6rderliche Lernbedingungen<\/p>\n\n\n\n<p>\u2022 Dialog<\/p>\n\n\n\n<p>\u2022 F\u00fchrung gemeinsam gestalten<\/p>\n\n\n\n<p>\u2022 Gemeinsame Verantwortung (Swafield &amp; MacBeath, 2023)<\/p>\n\n\n\n<p>Nachfolgend wird exemplarisch ein Auszug aus dem Artikel zum Prinzip \u00abLernen im Fokus\u00bb dargestellt. Dabei geht es darum, dass eine Fokussierung auf das Lernen diskursive Prozesse ben\u00f6tigt. Niels Anderegg beschreibt dies folgendermassen:<\/p>\n\n\n<p><!--more--><\/p>\n\n\n<p>Das erste Prinzip, die klare Fokussierung der Schule und aller T\u00e4tigkeiten auf das Lernen, k\u00f6nnte im ersten Blick als Banalit\u00e4t abgetan werden. Es ist, so scheint es, selbstverst\u00e4ndlich, dass die Schule sich auf das Lernen der Sch\u00fcler:innen fokussiert. Auch andere Modelle, wie beispielsweise das Schulentwicklungsrad (Br\u00fcckel et al. 20023), stellen das Lernen der Sch\u00fcler:innen in ihr Zentrum.<\/p>\n\n\n\n<p>In der Diskussion \u00fcber das Lernen der Sch\u00fcler:innen stellt sich jedoch meistens heraus, dass sehr Unterschiedliches darunter verstanden werden kann. Ein gutes Beispiel daf\u00fcr liefert die im Kanton Z\u00fcrich zurzeit wieder intensiv gef\u00fchrte Debatte rund um die Frage von Inklusion. Trotz unterschiedlichen Standpunkten und Vorstellungen wie die Schule gestaltet werden soll, haben alle das gleiche Ziel: Das Lernen der Sch\u00fcler:innen. Die Debatten haben auch damit zu tun, dass die Gestaltung von Inklusion h\u00f6chst anspruchsvoll ist und nicht einfach hergestellt werden kann. Schulen, denen es gelingt, ein hohes Mass an Inklusion zu leben wie beispielsweise die Primus-Schule im Stadtteil Berg-Fidel in M\u00fcnster, durchlaufen eine lange Entwicklungszeit und suchen f\u00fcr sich immer wieder gute L\u00f6sungen um der Diversit\u00e4t der Sch\u00fcler:innen \u2013 und auch Mitarbeitenden \u2013 gerecht zu werden (St\u00e4hling, 2023).<\/p>\n\n\n\n<p>Gerade deshalb beschr\u00e4nkt sich das Prinzip \u00abLernen im Fokus\u00bb nicht nur auf das Lernen der Sch\u00fcler:innen, sondern bezieht sowohl die Lehrkr\u00e4fte und die Schulleitung als auch die ganze Organisation und das Bildungssystem mit ein. Eine Schule inklusiv zu gestalten, soll positive Auswirkungen auf das Lernen der Sch\u00fcler:innen haben, ben\u00f6tigt gleichzeitig das Lernen aller Beteiligten. Schulentwicklungsprozesse sind von Lernen begleitete Suchbewegungen.<\/p>\n\n\n\n<p>Eine Fokussierung auf das Lernen der Sch\u00fcler:innen ben\u00f6tigt zwingend diskursive Prozesse. Erst in der Auseinandersetzung entstehen eine gemeinsame Vorstellung und damit auch gemeinsame Fokussierung. In der bereits erw\u00e4hnten Primus-Schule in M\u00fcnster wurde zu Beginn der Entwicklung hin zur Inklusion in einem Arbeitskreis die Frage nach der Grenzziehung diskutiert. In der Diskussion zeigte sich, dass es keine p\u00e4dagogisch vertretbaren Kriterien gibt, Kinder aus dem Stadtteil nicht an der Schule aufzunehmen. So wendete sich die Diskussion weg vom Ausschliessen hin zur Verteilung und damit zur Gestaltung von Inklusion und P\u00e4dagogik (St\u00e4hling, 2023, 223).<\/p>\n\n\n\n<p>Solche diskursiven Prozesse werden im Modell des \u00abPolicy Enactment\u00bb (Ball, Maguire &amp; Braun, 2021) mit den Schritten \u00ab\u00dcbersetzung\u00bb und \u00abUmsetzung\u00bb mit Handeln verbunden, welche manchmal mehrere Drehungen brauchen, und dienen als Orientierungsrahmen in der p\u00e4dagogische Schulf\u00fchrung. Ausserdem erm\u00f6glichen sie das Sichtbarwerden von Werten.<\/p>\n\n\n\n<figure class=\"wp-block-image size-full\"><img loading=\"lazy\" decoding=\"async\" width=\"843\" height=\"511\" src=\"https:\/\/blog.phzh.ch\/schulfuehrung\/files\/2025\/09\/Bild_Handlungen.png\" alt=\"\" class=\"wp-image-6983\" srcset=\"https:\/\/blog.phzh.ch\/schulfuehrung\/files\/2025\/09\/Bild_Handlungen.png 843w, https:\/\/blog.phzh.ch\/schulfuehrung\/files\/2025\/09\/Bild_Handlungen-300x182.png 300w, https:\/\/blog.phzh.ch\/schulfuehrung\/files\/2025\/09\/Bild_Handlungen-768x466.png 768w\" sizes=\"auto, (max-width: 843px) 100vw, 843px\" \/><figcaption class=\"wp-element-caption\">Abb.: Kreisen innerhalb und zwischen diskursiven Prozessen und Handlungen bzw. \u00dcber-setzung und Umsetzung von Werten | Darstellung: Norea Sauter (Anderegg, 2025).<\/figcaption><\/figure>\n\n\n\n<p><\/p>\n\n\n\n<p><strong>Interessierte k\u00f6nnen den gesamten Artikel in der <\/strong><a href=\"https:\/\/schule-verantworten.education\/journal\/index.php\/sv\/issue\/view\/21\" target=\"_blank\" rel=\"noreferrer noopener\"><strong>aktuellen Ausgabe<\/strong><\/a><strong> #schuleverantworten nachlesen.<\/strong><\/p>\n\n\n\n<pre class=\"wp-block-preformatted\">INFOBOX<br><br><a href=\"https:\/\/schule-verantworten.education\/\" target=\"_blank\" rel=\"noreferrer noopener\">#schuleverantworten<\/a> ist ein Projekt der PH Nieder\u00f6sterreich und der PH Z\u00fcrich. Die angebotenen kostenlosen Web-Dialoge und das Web-Journal sollen Ideen, Dialoge und Erfahrungen bieten, Impulse geben und zum Diskurs an und um F\u00fchrungsverantwortung in der Schulwelt anregen. Die <a href=\"https:\/\/schule-verantworten.education\/journal\/index.php\/sv\/issue\/view\/21\" target=\"_blank\" rel=\"noreferrer noopener\">aktuelle Ausgabe<\/a> widmet sich dem Thema WERTvolle Bildung. Interessierte k\u00f6nnen zudem zur Vertiefung am Dienstag, 21. Oktober 2025 von 14.30-16.00 Uhr den dazugeh\u00f6rigen Web-Dialog besuchen. Anmeldung ist unter folgendem <a href=\"https:\/\/schule-verantworten.education\/2025\/03\/27\/wertvolle-bildung\/\" target=\"_blank\" rel=\"noreferrer noopener\">Link<\/a>. <br><\/pre>\n\n\n\n<h2 class=\"wp-block-heading\">Zu den Autor:innen<\/h2>\n\n\n<div class=\"wp-block-image is-resized\">\n<figure class=\"alignleft size-full\"><img loading=\"lazy\" decoding=\"async\" width=\"700\" height=\"933\" src=\"http:\/\/blog.phzh.ch\/schulfuehrung\/files\/2020\/02\/Niels-Anderegg_Autorenbild-1.jpg\" alt=\"\" class=\"wp-image-2060\" style=\"width:123px;height:auto\" srcset=\"https:\/\/blog.phzh.ch\/schulfuehrung\/files\/2020\/02\/Niels-Anderegg_Autorenbild-1.jpg 700w, https:\/\/blog.phzh.ch\/schulfuehrung\/files\/2020\/02\/Niels-Anderegg_Autorenbild-1-225x300.jpg 225w\" sizes=\"auto, (max-width: 700px) 100vw, 700px\" \/><\/figure><\/div>\n\n\n<p><a href=\"https:\/\/phzh.ch\/personen\/niels.anderegg\" target=\"_blank\" rel=\"noreferrer noopener\">Niels Anderegg<\/a> leitet das <a href=\"https:\/\/phzh.ch\/ueber-die-phzh\/organisation\/prorektorat-weiterbildung-und-dienstleistungen\/abteilung-weiterbildung-und-beratung\/zentrum-management-und-leadership\/\" target=\"_blank\" rel=\"noreferrer noopener\">Zentrum Management und Leadership<\/a> an der P\u00e4dagogischen Hochschule Z\u00fcrich. Seine Arbeitsschwerpunkte sind Teacher Leadership und gemeinschaftliche Schulf\u00fchrung, Leadership for Learning und die Professionalisierung von F\u00fchrungspersonen von und in Schulen.&nbsp;<\/p>\n\n\n<div class=\"wp-block-image\">\n<figure class=\"alignleft size-full is-resized\"><img loading=\"lazy\" decoding=\"async\" width=\"400\" height=\"465\" src=\"http:\/\/blog.phzh.ch\/schulfuehrung\/files\/2022\/07\/Stefanie_Michel-Loher_hochformat.jpg\" alt=\"Stefanie Michel-Loher\" class=\"wp-image-4188\" style=\"width:137px;height:auto\" srcset=\"https:\/\/blog.phzh.ch\/schulfuehrung\/files\/2022\/07\/Stefanie_Michel-Loher_hochformat.jpg 400w, https:\/\/blog.phzh.ch\/schulfuehrung\/files\/2022\/07\/Stefanie_Michel-Loher_hochformat-258x300.jpg 258w\" sizes=\"auto, (max-width: 400px) 100vw, 400px\" \/><\/figure><\/div>\n\n\n<p><a href=\"https:\/\/phzh.ch\/de\/ueber-die-phzh\/organisation\/personen\/mitarbeitendenportraet\/?username=stefanie.michel\">Stefanie Michel-Loher<\/a> arbeitet im <a href=\"https:\/\/phzh.ch\/ueber-die-phzh\/organisation\/prorektorat-weiterbildung-und-dienstleistungen\/abteilung-weiterbildung-und-beratung\/zentrum-management-und-leadership\/\">Zentrum Management und Leadership<\/a>. Sie ist Studiengangs- und Lehrgangsleiterin im DAS Schulleitung und besch\u00e4ftigt sich mit Fragen zu F\u00fchrung, insbesondere bez\u00fcglich Educational Governance und Bildungsprozessen an Schulen.<\/p>\n\n\n<div class=\"wp-block-image is-resized\">\n<figure class=\"alignleft size-full\"><img loading=\"lazy\" decoding=\"async\" width=\"212\" height=\"318\" src=\"https:\/\/blog.phzh.ch\/schulfuehrung\/files\/2024\/04\/01-Kolb_Jasmin.jpg\" alt=\"\" class=\"wp-image-5594\" style=\"width:117px;height:auto\" srcset=\"https:\/\/blog.phzh.ch\/schulfuehrung\/files\/2024\/04\/01-Kolb_Jasmin.jpg 212w, https:\/\/blog.phzh.ch\/schulfuehrung\/files\/2024\/04\/01-Kolb_Jasmin-200x300.jpg 200w\" sizes=\"auto, (max-width: 212px) 100vw, 212px\" \/><\/figure><\/div>\n\n\n<p><a href=\"https:\/\/phzh.ch\/ueber-die-phzh\/organisation\/personen\/mitarbeitendenportraet\/?username=jasmin.kolb\" target=\"_blank\" rel=\"noreferrer noopener\">Jasmin Kolb<\/a> hat p\u00e4dagogische Psychologie an der Universit\u00e4t Fribourg studiert und arbeitet im <a href=\"https:\/\/phzh.ch\/ueber-die-phzh\/organisation\/prorektorat-weiterbildung-und-dienstleistungen\/abteilung-weiterbildung-und-beratung\/zentrum-management-und-leadership\/\" target=\"_blank\" rel=\"noreferrer noopener\">Zentrum Management und Leadership<\/a> als wissenschaftliche Mitarbeiterin. Sie besch\u00e4ftigt sich vor allem mit wissenschaftlichen Evaluationen und der Weiterentwicklung der Schulleitungsausbildung.<\/p>\n\n\n\n<p><\/p>\n\n\n\n<p>Redaktion: Jasmin Kolb<br>Titelbild: Grafik PHZH<\/p>\n","protected":false},"excerpt":{"rendered":"<p>Fr\u00fcher standen Tugenden wie Disziplin, Fleiss, Respekt und Pflicht im Vordergrund, heute r\u00fccken in einer heterogenen Gesellschaft Werte wie Selbstbestimmung, Umweltverantwortung, Kreativit\u00e4t, Empathie, Solidarit\u00e4t, Toleranz und digitale M\u00fcndigkeit in den Fokus. P\u00e4dagogische Werte dienen weniger als festes Regelwerk, sondern als Orientierung und Kompass hin zu (zwischen)menschliche Qualit\u00e4ten, welche als gelebte Prinzipien den schulischen Alltag formen. &hellip; <a href=\"https:\/\/blog.phzh.ch\/schulfuehrung\/2025\/09\/30\/wertvolle-bildung-und-fuehrung\/\" class=\"more-link\"><span class=\"screen-reader-text\">WERTvolle Bildung und F\u00fchrung<\/span> weiterlesen<\/a><\/p>\n","protected":false},"author":1450,"featured_media":6990,"comment_status":"open","ping_status":"open","sticky":false,"template":"","format":"standard","meta":{"sfsi_plus_gutenberg_text_before_share":"","sfsi_plus_gutenberg_show_text_before_share":"","sfsi_plus_gutenberg_icon_type":"","sfsi_plus_gutenberg_icon_alignemt":"","sfsi_plus_gutenburg_max_per_row":"","footnotes":""},"categories":[107128,107309],"tags":[109986,45767,109987,106718,109790,45021,78970,44958,109985],"class_list":["post-6978","post","type-post","status-publish","format-standard","has-post-thumbnail","hentry","category-entdecken","category-alle-beitraege","tag-schuleverantworten-2","tag-bildung","tag-diskursive-prozesse","tag-fuehrungspersonen","tag-leadership-for-learning","tag-schulentwicklung","tag-schulfuehrung","tag-schulleitung","tag-wert"],"yoast_head":"<!-- This site is optimized with the Yoast SEO plugin v26.8 - https:\/\/yoast.com\/product\/yoast-seo-wordpress\/ -->\n<title>WERTvolle Bildung und F\u00fchrung - Schulf\u00fchrung<\/title>\n<meta name=\"robots\" content=\"index, follow, max-snippet:-1, max-image-preview:large, max-video-preview:-1\" \/>\n<link rel=\"canonical\" href=\"https:\/\/blog.phzh.ch\/schulfuehrung\/2025\/09\/30\/wertvolle-bildung-und-fuehrung\/\" \/>\n<meta property=\"og:locale\" content=\"de_DE\" \/>\n<meta property=\"og:type\" content=\"article\" \/>\n<meta property=\"og:title\" content=\"WERTvolle Bildung und F\u00fchrung - Schulf\u00fchrung\" \/>\n<meta property=\"og:description\" content=\"Fr\u00fcher standen Tugenden wie Disziplin, Fleiss, Respekt und Pflicht im Vordergrund, heute r\u00fccken in einer heterogenen Gesellschaft Werte wie Selbstbestimmung, Umweltverantwortung, Kreativit\u00e4t, Empathie, Solidarit\u00e4t, Toleranz und digitale M\u00fcndigkeit in den Fokus. P\u00e4dagogische Werte dienen weniger als festes Regelwerk, sondern als Orientierung und Kompass hin zu (zwischen)menschliche Qualit\u00e4ten, welche als gelebte Prinzipien den schulischen Alltag formen. &hellip; WERTvolle Bildung und F\u00fchrung weiterlesen\" \/>\n<meta property=\"og:url\" content=\"https:\/\/blog.phzh.ch\/schulfuehrung\/2025\/09\/30\/wertvolle-bildung-und-fuehrung\/\" \/>\n<meta property=\"og:site_name\" content=\"Schulf\u00fchrung\" \/>\n<meta property=\"article:published_time\" content=\"2025-09-30T02:00:00+00:00\" \/>\n<meta property=\"article:modified_time\" content=\"2025-10-02T13:49:23+00:00\" \/>\n<meta property=\"og:image\" content=\"http:\/\/blog.phzh.ch\/schulfuehrung\/files\/2025\/09\/PZH_Schulen1911_169.jpg\" \/>\n\t<meta property=\"og:image:width\" content=\"2000\" \/>\n\t<meta property=\"og:image:height\" content=\"1333\" \/>\n\t<meta property=\"og:image:type\" content=\"image\/jpeg\" \/>\n<meta name=\"author\" content=\"jasmin.kolb@phzh.ch\" \/>\n<meta name=\"twitter:card\" content=\"summary_large_image\" \/>\n<meta name=\"twitter:label1\" content=\"Verfasst von\" \/>\n\t<meta name=\"twitter:data1\" content=\"jasmin.kolb@phzh.ch\" \/>\n\t<meta name=\"twitter:label2\" content=\"Gesch\u00e4tzte Lesezeit\" \/>\n\t<meta name=\"twitter:data2\" content=\"5\u00a0Minuten\" \/>\n<script type=\"application\/ld+json\" class=\"yoast-schema-graph\">{\"@context\":\"https:\/\/schema.org\",\"@graph\":[{\"@type\":\"Article\",\"@id\":\"https:\/\/blog.phzh.ch\/schulfuehrung\/2025\/09\/30\/wertvolle-bildung-und-fuehrung\/#article\",\"isPartOf\":{\"@id\":\"https:\/\/blog.phzh.ch\/schulfuehrung\/2025\/09\/30\/wertvolle-bildung-und-fuehrung\/\"},\"author\":{\"name\":\"jasmin.kolb@phzh.ch\",\"@id\":\"https:\/\/blog.phzh.ch\/schulfuehrung\/#\/schema\/person\/0a0e54af86b4150fa49385b57f60bad2\"},\"headline\":\"WERTvolle Bildung und F\u00fchrung\",\"datePublished\":\"2025-09-30T02:00:00+00:00\",\"dateModified\":\"2025-10-02T13:49:23+00:00\",\"mainEntityOfPage\":{\"@id\":\"https:\/\/blog.phzh.ch\/schulfuehrung\/2025\/09\/30\/wertvolle-bildung-und-fuehrung\/\"},\"wordCount\":755,\"commentCount\":0,\"image\":{\"@id\":\"https:\/\/blog.phzh.ch\/schulfuehrung\/2025\/09\/30\/wertvolle-bildung-und-fuehrung\/#primaryimage\"},\"thumbnailUrl\":\"https:\/\/blog.phzh.ch\/schulfuehrung\/files\/2025\/09\/PZH_Schulen1911_169.jpg\",\"keywords\":[\"#schuleverantworten\",\"Bildung\",\"diskursive Prozesse\",\"F\u00fchrungspersonen\",\"Leadership for Learning\",\"schulentwicklung\",\"Schulf\u00fchrung\",\"Schulleitung\",\"Wert\"],\"articleSection\":[\"Entdecken\",\"Gesamte Beitr\u00e4ge\"],\"inLanguage\":\"de\",\"potentialAction\":[{\"@type\":\"CommentAction\",\"name\":\"Comment\",\"target\":[\"https:\/\/blog.phzh.ch\/schulfuehrung\/2025\/09\/30\/wertvolle-bildung-und-fuehrung\/#respond\"]}]},{\"@type\":\"WebPage\",\"@id\":\"https:\/\/blog.phzh.ch\/schulfuehrung\/2025\/09\/30\/wertvolle-bildung-und-fuehrung\/\",\"url\":\"https:\/\/blog.phzh.ch\/schulfuehrung\/2025\/09\/30\/wertvolle-bildung-und-fuehrung\/\",\"name\":\"WERTvolle Bildung und F\u00fchrung - Schulf\u00fchrung\",\"isPartOf\":{\"@id\":\"https:\/\/blog.phzh.ch\/schulfuehrung\/#website\"},\"primaryImageOfPage\":{\"@id\":\"https:\/\/blog.phzh.ch\/schulfuehrung\/2025\/09\/30\/wertvolle-bildung-und-fuehrung\/#primaryimage\"},\"image\":{\"@id\":\"https:\/\/blog.phzh.ch\/schulfuehrung\/2025\/09\/30\/wertvolle-bildung-und-fuehrung\/#primaryimage\"},\"thumbnailUrl\":\"https:\/\/blog.phzh.ch\/schulfuehrung\/files\/2025\/09\/PZH_Schulen1911_169.jpg\",\"datePublished\":\"2025-09-30T02:00:00+00:00\",\"dateModified\":\"2025-10-02T13:49:23+00:00\",\"author\":{\"@id\":\"https:\/\/blog.phzh.ch\/schulfuehrung\/#\/schema\/person\/0a0e54af86b4150fa49385b57f60bad2\"},\"breadcrumb\":{\"@id\":\"https:\/\/blog.phzh.ch\/schulfuehrung\/2025\/09\/30\/wertvolle-bildung-und-fuehrung\/#breadcrumb\"},\"inLanguage\":\"de\",\"potentialAction\":[{\"@type\":\"ReadAction\",\"target\":[\"https:\/\/blog.phzh.ch\/schulfuehrung\/2025\/09\/30\/wertvolle-bildung-und-fuehrung\/\"]}]},{\"@type\":\"ImageObject\",\"inLanguage\":\"de\",\"@id\":\"https:\/\/blog.phzh.ch\/schulfuehrung\/2025\/09\/30\/wertvolle-bildung-und-fuehrung\/#primaryimage\",\"url\":\"https:\/\/blog.phzh.ch\/schulfuehrung\/files\/2025\/09\/PZH_Schulen1911_169.jpg\",\"contentUrl\":\"https:\/\/blog.phzh.ch\/schulfuehrung\/files\/2025\/09\/PZH_Schulen1911_169.jpg\",\"width\":2000,\"height\":1333,\"caption\":\"Primarstufe, Schule Sihlfeld, 2019\"},{\"@type\":\"BreadcrumbList\",\"@id\":\"https:\/\/blog.phzh.ch\/schulfuehrung\/2025\/09\/30\/wertvolle-bildung-und-fuehrung\/#breadcrumb\",\"itemListElement\":[{\"@type\":\"ListItem\",\"position\":1,\"name\":\"Startseite\",\"item\":\"https:\/\/blog.phzh.ch\/schulfuehrung\/\"},{\"@type\":\"ListItem\",\"position\":2,\"name\":\"WERTvolle Bildung und F\u00fchrung\"}]},{\"@type\":\"WebSite\",\"@id\":\"https:\/\/blog.phzh.ch\/schulfuehrung\/#website\",\"url\":\"https:\/\/blog.phzh.ch\/schulfuehrung\/\",\"name\":\"Schulf\u00fchrung\",\"description\":\"phzh.ch\/schulfuehrung\",\"potentialAction\":[{\"@type\":\"SearchAction\",\"target\":{\"@type\":\"EntryPoint\",\"urlTemplate\":\"https:\/\/blog.phzh.ch\/schulfuehrung\/?s={search_term_string}\"},\"query-input\":{\"@type\":\"PropertyValueSpecification\",\"valueRequired\":true,\"valueName\":\"search_term_string\"}}],\"inLanguage\":\"de\"},{\"@type\":\"Person\",\"@id\":\"https:\/\/blog.phzh.ch\/schulfuehrung\/#\/schema\/person\/0a0e54af86b4150fa49385b57f60bad2\",\"name\":\"jasmin.kolb@phzh.ch\",\"image\":{\"@type\":\"ImageObject\",\"inLanguage\":\"de\",\"@id\":\"https:\/\/blog.phzh.ch\/schulfuehrung\/#\/schema\/person\/image\/\",\"url\":\"https:\/\/secure.gravatar.com\/avatar\/f103d567d1ea91a28f9bc97c1a6f79b4?s=96&d=mm&r=g\",\"contentUrl\":\"https:\/\/secure.gravatar.com\/avatar\/f103d567d1ea91a28f9bc97c1a6f79b4?s=96&d=mm&r=g\",\"caption\":\"jasmin.kolb@phzh.ch\"},\"url\":\"https:\/\/blog.phzh.ch\/schulfuehrung\/author\/jasmin-kolbphzh-ch\/\"}]}<\/script>\n<!-- \/ Yoast SEO plugin. -->","yoast_head_json":{"title":"WERTvolle Bildung und F\u00fchrung - Schulf\u00fchrung","robots":{"index":"index","follow":"follow","max-snippet":"max-snippet:-1","max-image-preview":"max-image-preview:large","max-video-preview":"max-video-preview:-1"},"canonical":"https:\/\/blog.phzh.ch\/schulfuehrung\/2025\/09\/30\/wertvolle-bildung-und-fuehrung\/","og_locale":"de_DE","og_type":"article","og_title":"WERTvolle Bildung und F\u00fchrung - Schulf\u00fchrung","og_description":"Fr\u00fcher standen Tugenden wie Disziplin, Fleiss, Respekt und Pflicht im Vordergrund, heute r\u00fccken in einer heterogenen Gesellschaft Werte wie Selbstbestimmung, Umweltverantwortung, Kreativit\u00e4t, Empathie, Solidarit\u00e4t, Toleranz und digitale M\u00fcndigkeit in den Fokus. P\u00e4dagogische Werte dienen weniger als festes Regelwerk, sondern als Orientierung und Kompass hin zu (zwischen)menschliche Qualit\u00e4ten, welche als gelebte Prinzipien den schulischen Alltag formen. &hellip; WERTvolle Bildung und F\u00fchrung weiterlesen","og_url":"https:\/\/blog.phzh.ch\/schulfuehrung\/2025\/09\/30\/wertvolle-bildung-und-fuehrung\/","og_site_name":"Schulf\u00fchrung","article_published_time":"2025-09-30T02:00:00+00:00","article_modified_time":"2025-10-02T13:49:23+00:00","og_image":[{"width":2000,"height":1333,"url":"http:\/\/blog.phzh.ch\/schulfuehrung\/files\/2025\/09\/PZH_Schulen1911_169.jpg","type":"image\/jpeg"}],"author":"jasmin.kolb@phzh.ch","twitter_card":"summary_large_image","twitter_misc":{"Verfasst von":"jasmin.kolb@phzh.ch","Gesch\u00e4tzte Lesezeit":"5\u00a0Minuten"},"schema":{"@context":"https:\/\/schema.org","@graph":[{"@type":"Article","@id":"https:\/\/blog.phzh.ch\/schulfuehrung\/2025\/09\/30\/wertvolle-bildung-und-fuehrung\/#article","isPartOf":{"@id":"https:\/\/blog.phzh.ch\/schulfuehrung\/2025\/09\/30\/wertvolle-bildung-und-fuehrung\/"},"author":{"name":"jasmin.kolb@phzh.ch","@id":"https:\/\/blog.phzh.ch\/schulfuehrung\/#\/schema\/person\/0a0e54af86b4150fa49385b57f60bad2"},"headline":"WERTvolle Bildung und F\u00fchrung","datePublished":"2025-09-30T02:00:00+00:00","dateModified":"2025-10-02T13:49:23+00:00","mainEntityOfPage":{"@id":"https:\/\/blog.phzh.ch\/schulfuehrung\/2025\/09\/30\/wertvolle-bildung-und-fuehrung\/"},"wordCount":755,"commentCount":0,"image":{"@id":"https:\/\/blog.phzh.ch\/schulfuehrung\/2025\/09\/30\/wertvolle-bildung-und-fuehrung\/#primaryimage"},"thumbnailUrl":"https:\/\/blog.phzh.ch\/schulfuehrung\/files\/2025\/09\/PZH_Schulen1911_169.jpg","keywords":["#schuleverantworten","Bildung","diskursive Prozesse","F\u00fchrungspersonen","Leadership for Learning","schulentwicklung","Schulf\u00fchrung","Schulleitung","Wert"],"articleSection":["Entdecken","Gesamte Beitr\u00e4ge"],"inLanguage":"de","potentialAction":[{"@type":"CommentAction","name":"Comment","target":["https:\/\/blog.phzh.ch\/schulfuehrung\/2025\/09\/30\/wertvolle-bildung-und-fuehrung\/#respond"]}]},{"@type":"WebPage","@id":"https:\/\/blog.phzh.ch\/schulfuehrung\/2025\/09\/30\/wertvolle-bildung-und-fuehrung\/","url":"https:\/\/blog.phzh.ch\/schulfuehrung\/2025\/09\/30\/wertvolle-bildung-und-fuehrung\/","name":"WERTvolle Bildung und F\u00fchrung - Schulf\u00fchrung","isPartOf":{"@id":"https:\/\/blog.phzh.ch\/schulfuehrung\/#website"},"primaryImageOfPage":{"@id":"https:\/\/blog.phzh.ch\/schulfuehrung\/2025\/09\/30\/wertvolle-bildung-und-fuehrung\/#primaryimage"},"image":{"@id":"https:\/\/blog.phzh.ch\/schulfuehrung\/2025\/09\/30\/wertvolle-bildung-und-fuehrung\/#primaryimage"},"thumbnailUrl":"https:\/\/blog.phzh.ch\/schulfuehrung\/files\/2025\/09\/PZH_Schulen1911_169.jpg","datePublished":"2025-09-30T02:00:00+00:00","dateModified":"2025-10-02T13:49:23+00:00","author":{"@id":"https:\/\/blog.phzh.ch\/schulfuehrung\/#\/schema\/person\/0a0e54af86b4150fa49385b57f60bad2"},"breadcrumb":{"@id":"https:\/\/blog.phzh.ch\/schulfuehrung\/2025\/09\/30\/wertvolle-bildung-und-fuehrung\/#breadcrumb"},"inLanguage":"de","potentialAction":[{"@type":"ReadAction","target":["https:\/\/blog.phzh.ch\/schulfuehrung\/2025\/09\/30\/wertvolle-bildung-und-fuehrung\/"]}]},{"@type":"ImageObject","inLanguage":"de","@id":"https:\/\/blog.phzh.ch\/schulfuehrung\/2025\/09\/30\/wertvolle-bildung-und-fuehrung\/#primaryimage","url":"https:\/\/blog.phzh.ch\/schulfuehrung\/files\/2025\/09\/PZH_Schulen1911_169.jpg","contentUrl":"https:\/\/blog.phzh.ch\/schulfuehrung\/files\/2025\/09\/PZH_Schulen1911_169.jpg","width":2000,"height":1333,"caption":"Primarstufe, Schule Sihlfeld, 2019"},{"@type":"BreadcrumbList","@id":"https:\/\/blog.phzh.ch\/schulfuehrung\/2025\/09\/30\/wertvolle-bildung-und-fuehrung\/#breadcrumb","itemListElement":[{"@type":"ListItem","position":1,"name":"Startseite","item":"https:\/\/blog.phzh.ch\/schulfuehrung\/"},{"@type":"ListItem","position":2,"name":"WERTvolle Bildung und F\u00fchrung"}]},{"@type":"WebSite","@id":"https:\/\/blog.phzh.ch\/schulfuehrung\/#website","url":"https:\/\/blog.phzh.ch\/schulfuehrung\/","name":"Schulf\u00fchrung","description":"phzh.ch\/schulfuehrung","potentialAction":[{"@type":"SearchAction","target":{"@type":"EntryPoint","urlTemplate":"https:\/\/blog.phzh.ch\/schulfuehrung\/?s={search_term_string}"},"query-input":{"@type":"PropertyValueSpecification","valueRequired":true,"valueName":"search_term_string"}}],"inLanguage":"de"},{"@type":"Person","@id":"https:\/\/blog.phzh.ch\/schulfuehrung\/#\/schema\/person\/0a0e54af86b4150fa49385b57f60bad2","name":"jasmin.kolb@phzh.ch","image":{"@type":"ImageObject","inLanguage":"de","@id":"https:\/\/blog.phzh.ch\/schulfuehrung\/#\/schema\/person\/image\/","url":"https:\/\/secure.gravatar.com\/avatar\/f103d567d1ea91a28f9bc97c1a6f79b4?s=96&d=mm&r=g","contentUrl":"https:\/\/secure.gravatar.com\/avatar\/f103d567d1ea91a28f9bc97c1a6f79b4?s=96&d=mm&r=g","caption":"jasmin.kolb@phzh.ch"},"url":"https:\/\/blog.phzh.ch\/schulfuehrung\/author\/jasmin-kolbphzh-ch\/"}]}},"_links":{"self":[{"href":"https:\/\/blog.phzh.ch\/schulfuehrung\/wp-json\/wp\/v2\/posts\/6978","targetHints":{"allow":["GET"]}}],"collection":[{"href":"https:\/\/blog.phzh.ch\/schulfuehrung\/wp-json\/wp\/v2\/posts"}],"about":[{"href":"https:\/\/blog.phzh.ch\/schulfuehrung\/wp-json\/wp\/v2\/types\/post"}],"author":[{"embeddable":true,"href":"https:\/\/blog.phzh.ch\/schulfuehrung\/wp-json\/wp\/v2\/users\/1450"}],"replies":[{"embeddable":true,"href":"https:\/\/blog.phzh.ch\/schulfuehrung\/wp-json\/wp\/v2\/comments?post=6978"}],"version-history":[{"count":11,"href":"https:\/\/blog.phzh.ch\/schulfuehrung\/wp-json\/wp\/v2\/posts\/6978\/revisions"}],"predecessor-version":[{"id":7011,"href":"https:\/\/blog.phzh.ch\/schulfuehrung\/wp-json\/wp\/v2\/posts\/6978\/revisions\/7011"}],"wp:featuredmedia":[{"embeddable":true,"href":"https:\/\/blog.phzh.ch\/schulfuehrung\/wp-json\/wp\/v2\/media\/6990"}],"wp:attachment":[{"href":"https:\/\/blog.phzh.ch\/schulfuehrung\/wp-json\/wp\/v2\/media?parent=6978"}],"wp:term":[{"taxonomy":"category","embeddable":true,"href":"https:\/\/blog.phzh.ch\/schulfuehrung\/wp-json\/wp\/v2\/categories?post=6978"},{"taxonomy":"post_tag","embeddable":true,"href":"https:\/\/blog.phzh.ch\/schulfuehrung\/wp-json\/wp\/v2\/tags?post=6978"}],"curies":[{"name":"wp","href":"https:\/\/api.w.org\/{rel}","templated":true}]}}