{"id":6639,"date":"2025-05-06T04:00:00","date_gmt":"2025-05-06T02:00:00","guid":{"rendered":"https:\/\/blog.phzh.ch\/schulfuehrung\/?p=6639"},"modified":"2025-04-24T15:20:38","modified_gmt":"2025-04-24T13:20:38","slug":"fuehrungswechsel-gestalten-mehr-als-ein-amtsantritt","status":"publish","type":"post","link":"https:\/\/blog.phzh.ch\/schulfuehrung\/2025\/05\/06\/fuehrungswechsel-gestalten-mehr-als-ein-amtsantritt\/","title":{"rendered":"F\u00fchrungswechsel gestalten \u2013 mehr als ein Amtsantritt"},"content":{"rendered":"\n<p><strong>In einer losen Folge thematisieren wir, wie ein F\u00fchrungswechsel an Volksschulen gestaltet werden kann: Wenn eine neue Schulleitung startet, ist das mehr als nur ein Stellenantritt. Es ist ein \u00dcbergang, der viele Beteiligte betrifft und der gestaltet werden will. Wetzikon setzt dabei konsequent auf Beziehung: vom ersten Kontakt bis zur gemeinsamen R\u00fcckschau nach einem Jahr. Was es dazu braucht und welche Erfahrungen dazu gemacht wurden, schildert Thomas Ruppanner, Leiter Bildung, im Interview mit Andrea Hugelshofer.<\/strong><\/p>\n\n\n\n<p><strong>Herr Ruppaner, was ist euch in Wetzikon bei einem Schulleitungswechsel besonders wichtig?<\/strong><\/p>\n\n\n\n<p>In einem Wort: Beziehung.<\/p>\n\n\n\n<p>Ein F\u00fchrungswechsel ist kein rein administrativer Vorgang, es ist ein Beziehungsprozess. F\u00fcr neue Schulleitungen gilt es, m\u00f6glichst rasch tragf\u00e4hige Beziehungen aufzubauen: zu den Lehrpersonen, zum Hausdienst, zu Eltern, zu den Schulleitungskolleginnen und -kollegen sowie zur Schulbeh\u00f6rde. Genau dabei unterst\u00fctzen wir sie von Anfang an.<\/p>\n\n\n\n<p>Ein bew\u00e4hrtes Element in Wetzikon sind die Kennenlerngespr\u00e4che mit allen Lehrpersonen in den ersten Wochen. Das ist bei uns Standard und wird sowohl von den Lehrpersonen als auch von den neuen Schulleitungen sehr gesch\u00e4tzt. Es schafft N\u00e4he, Vertrauen und ein erstes gemeinsames Verst\u00e4ndnis.<\/p>\n\n\n\n<p><strong>Was geschieht in der Zeit zwischen Stellenzusage und Stellenantritt?<\/strong><\/p>\n\n\n\n<p>Auch hier steht f\u00fcr uns der Aufbau von Beziehung im Zentrum \u2013 ganz nach dem Motto: \u00abAnkommen beginnt vor dem ersten Arbeitstag.\u00bb Sobald die Zusage steht, laden wir die neuen Schulleitungen zu allen relevanten Anl\u00e4ssen und Schulfeiern ein. So tauchen sie fr\u00fch in die Gemeinschaft ein. Ein zentraler Bestandteil der Einf\u00fchrung ist auch das Kennenlernen der Verwaltung. In pers\u00f6nlichen Treffen zeigen unsere Fachstellen, wie sie die Schulleitungen konkret unterst\u00fctzen k\u00f6nnen. Die neuen merken schnell: Hier gibt es viele helfende H\u00e4nde und offene T\u00fcren.<\/p>\n\n\n<p><!--more--><\/p>\n\n\n<p>Der eigentliche \u00dcbergabeprozess beginnt ebenfalls vor Stellenantritt: Die neue und die bisherige Schulleitung treffen sich mehrmals mit mir als Leiter Bildung, um Erfahrungen zu teilen und laufende Themen zu besprechen.<\/p>\n\n\n\n<p>Ein kleines, aber wirkungsvolles Detail ist eine handgeschriebene Willkommenskarte, unterschrieben von allen Schulleitungen. Sie zeigt: Du bist Teil unseres Teams.<\/p>\n\n\n\n<p><strong>Wie begleitet und unterst\u00fctzt ihr neue Schulleitungen nach dem Start?<\/strong><\/p>\n\n\n\n<p>Unser Grundsatz lautet Pr\u00e4senz zeigen, Geduld haben, Orientierung bieten.<\/p>\n\n\n\n<p>Wir wissen, dass neue Schulleitungen Zeit brauchen, um sich in Abl\u00e4ufe und Strukturen einzufinden. Deshalb begleiten wir sie eng. Die wichtigste Bezugsperson ist dabei oft die Co-Schulleitung. Meist gibt es bereits vor Stellenantritt intensiven Kontakt und diese Kolleg:innen sind im Alltag die erste Anlaufstelle.<\/p>\n\n\n\n<p>Ich selbst f\u00fchre mit allen neuen Schulleitungen w\u00f6chentliche Jour fixe-Gespr\u00e4che. Dort besprechen wir aktuelle Herausforderungen, kl\u00e4ren Fragen und suchen gemeinsam nach pragmatischen L\u00f6sungen. So lerne ich die neuen Schulleitungen schnell kennen.<\/p>\n\n\n\n<p>Damit die Co-Schulleitung zusammenw\u00e4chst, erm\u00f6glichen wir in der Anfangszeit ein F\u00fchrungscoaching. Hier geht es um gemeinsame Werte, Entscheidungsprozesse und das gegenseitige Kennenlernen \u2013 oder wie wir sagen: darum als F\u00fchrungsteam den eigenen Takt zu finden.<\/p>\n\n\n\n<p>Und weil Feiern ebenfalls zu unserer Kultur geh\u00f6rt, zelebrieren wir die ersten 100 Tage mit einer kleinen Anerkennung. Nach 300 Tagen stossen wir mit einem Ap\u00e9ro und einem R\u00fcckblick auf das erste Jahr feierlich an.<\/p>\n\n\n\n<p>Ein besonderes Highlight f\u00fcr viele neue Schulleitungen ist unsere Schulleitungskonferenz. Hier wird Erfahrung geteilt, Unterst\u00fctzung angeboten, Material ausgetauscht und das ganz selbstverst\u00e4ndlich, offen und kollegial. Diese Offenheit macht das Einsteigen leichter und wird von den neuen F\u00fchrungspersonen besonders gesch\u00e4tzt.<\/p>\n\n\n\n<h2 class=\"wp-block-heading\">Zur Person<\/h2>\n\n\n<div class=\"wp-block-image is-resized\">\n<figure class=\"alignleft size-large\"><img loading=\"lazy\" decoding=\"async\" width=\"1024\" height=\"740\" src=\"http:\/\/blog.phzh.ch\/schulfuehrung\/files\/2025\/04\/Ruppanner-Thomas-1024x740.jpg\" alt=\"Ruppanner Thomas\" class=\"wp-image-6640\" style=\"width:223px;height:auto\" srcset=\"https:\/\/blog.phzh.ch\/schulfuehrung\/files\/2025\/04\/Ruppanner-Thomas-1024x740.jpg 1024w, https:\/\/blog.phzh.ch\/schulfuehrung\/files\/2025\/04\/Ruppanner-Thomas-300x217.jpg 300w, https:\/\/blog.phzh.ch\/schulfuehrung\/files\/2025\/04\/Ruppanner-Thomas-768x555.jpg 768w, https:\/\/blog.phzh.ch\/schulfuehrung\/files\/2025\/04\/Ruppanner-Thomas-1536x1109.jpg 1536w, https:\/\/blog.phzh.ch\/schulfuehrung\/files\/2025\/04\/Ruppanner-Thomas-2048x1479.jpg 2048w\" sizes=\"auto, (max-width: 1024px) 100vw, 1024px\" \/><\/figure><\/div>\n\n\n<p><a href=\"https:\/\/www.linkedin.com\/in\/thruppanner\/?originalSubdomain=ch\" target=\"_blank\" rel=\"noreferrer noopener\">Thomas Ruppanner<\/a> ist seit acht Jahren Leiter Bildung in Wetzikon. Zuvor war er als Sekundarlehrer und langj\u00e4hriger Schulleiter t\u00e4tig. Was seine Schulleitungen \u00fcber ihn sagen? Strukturiert, pr\u00e4sent und immer begeisterungsf\u00e4hig. Sie w\u00e4ren aber auch nicht ungl\u00fccklich, wenn er ein bisschen weniger neue Ideen h\u00e4tte.<\/p>\n\n\n\n<h2 class=\"wp-block-heading\">Zur Autorin<\/h2>\n\n\n<div class=\"wp-block-image is-resized\">\n<figure class=\"alignleft size-large\"><img loading=\"lazy\" decoding=\"async\" width=\"348\" height=\"436\" src=\"http:\/\/blog.phzh.ch\/schulfuehrung\/files\/2020\/03\/Andrea-Hugelshofer_Foto.jpg\" alt=\"\" class=\"wp-image-2145\" style=\"width:126px\" srcset=\"https:\/\/blog.phzh.ch\/schulfuehrung\/files\/2020\/03\/Andrea-Hugelshofer_Foto.jpg 348w, https:\/\/blog.phzh.ch\/schulfuehrung\/files\/2020\/03\/Andrea-Hugelshofer_Foto-239x300.jpg 239w\" sizes=\"auto, (max-width: 348px) 100vw, 348px\" \/><\/figure><\/div>\n\n\n<p><a href=\"https:\/\/phzh.ch\/personen\/andrea.hugelshofer\" target=\"_blank\" rel=\"noreferrer noopener\">Andrea Hugelshofer<\/a> ist Dozentin im Zentrum Management und Leadership an der PH Z\u00fcrich. Sie interessiert sich als Beraterin und Dozentin insbesondere f\u00fcr das gelingende Zusammenspiel verschiedener Steuerungs- und F\u00fchrungsebenen an Schulen.<\/p>\n\n\n\n<p><\/p>\n\n\n\n<p>Redaktion: Melina Maerten<br>Beitragsbild: zVg, Lisa Berek (an ihrem ersten Tag als Schulleiterin) und Thomas Ruppanner<\/p>\n","protected":false},"excerpt":{"rendered":"<p>In einer losen Folge thematisieren wir, wie ein F\u00fchrungswechsel an Volksschulen gestaltet werden kann: Wenn eine neue Schulleitung startet, ist das mehr als nur ein Stellenantritt. Es ist ein \u00dcbergang, der viele Beteiligte betrifft und der gestaltet werden will. Wetzikon setzt dabei konsequent auf Beziehung: vom ersten Kontakt bis zur gemeinsamen R\u00fcckschau nach einem Jahr. &hellip; <a href=\"https:\/\/blog.phzh.ch\/schulfuehrung\/2025\/05\/06\/fuehrungswechsel-gestalten-mehr-als-ein-amtsantritt\/\" class=\"more-link\"><span class=\"screen-reader-text\">F\u00fchrungswechsel gestalten \u2013 mehr als ein Amtsantritt<\/span> weiterlesen<\/a><\/p>\n","protected":false},"author":1392,"featured_media":6645,"comment_status":"open","ping_status":"open","sticky":false,"template":"","format":"standard","meta":{"sfsi_plus_gutenberg_text_before_share":"","sfsi_plus_gutenberg_show_text_before_share":"","sfsi_plus_gutenberg_icon_type":"","sfsi_plus_gutenberg_icon_alignemt":"","sfsi_plus_gutenburg_max_per_row":"","footnotes":""},"categories":[107309,102392],"tags":[],"class_list":["post-6639","post","type-post","status-publish","format-standard","has-post-thumbnail","hentry","category-alle-beitraege","category-im-gespraech-mit"],"yoast_head":"<!-- This site is optimized with the Yoast SEO plugin v26.8 - https:\/\/yoast.com\/product\/yoast-seo-wordpress\/ -->\n<title>F\u00fchrungswechsel gestalten \u2013 mehr als ein Amtsantritt - Schulf\u00fchrung<\/title>\n<meta name=\"robots\" content=\"index, follow, max-snippet:-1, max-image-preview:large, max-video-preview:-1\" \/>\n<link rel=\"canonical\" href=\"https:\/\/blog.phzh.ch\/schulfuehrung\/2025\/05\/06\/fuehrungswechsel-gestalten-mehr-als-ein-amtsantritt\/\" \/>\n<meta property=\"og:locale\" content=\"de_DE\" \/>\n<meta property=\"og:type\" content=\"article\" \/>\n<meta property=\"og:title\" content=\"F\u00fchrungswechsel gestalten \u2013 mehr als ein Amtsantritt - Schulf\u00fchrung\" \/>\n<meta property=\"og:description\" content=\"In einer losen Folge thematisieren wir, wie ein F\u00fchrungswechsel an Volksschulen gestaltet werden kann: Wenn eine neue Schulleitung startet, ist das mehr als nur ein Stellenantritt. Es ist ein \u00dcbergang, der viele Beteiligte betrifft und der gestaltet werden will. Wetzikon setzt dabei konsequent auf Beziehung: vom ersten Kontakt bis zur gemeinsamen R\u00fcckschau nach einem Jahr. &hellip; F\u00fchrungswechsel gestalten \u2013 mehr als ein Amtsantritt weiterlesen\" \/>\n<meta property=\"og:url\" content=\"https:\/\/blog.phzh.ch\/schulfuehrung\/2025\/05\/06\/fuehrungswechsel-gestalten-mehr-als-ein-amtsantritt\/\" \/>\n<meta property=\"og:site_name\" content=\"Schulf\u00fchrung\" \/>\n<meta property=\"article:published_time\" content=\"2025-05-06T02:00:00+00:00\" \/>\n<meta property=\"og:image\" content=\"https:\/\/blog.phzh.ch\/schulfuehrung\/files\/2025\/05\/neue-SL.jpg\" \/>\n\t<meta property=\"og:image:width\" content=\"2016\" \/>\n\t<meta property=\"og:image:height\" content=\"1512\" \/>\n\t<meta property=\"og:image:type\" content=\"image\/jpeg\" \/>\n<meta name=\"author\" content=\"melinamaerten\" \/>\n<meta name=\"twitter:card\" content=\"summary_large_image\" \/>\n<meta name=\"twitter:label1\" content=\"Verfasst von\" \/>\n\t<meta name=\"twitter:data1\" content=\"melinamaerten\" \/>\n\t<meta name=\"twitter:label2\" content=\"Gesch\u00e4tzte Lesezeit\" \/>\n\t<meta name=\"twitter:data2\" content=\"5\u00a0Minuten\" \/>\n<script type=\"application\/ld+json\" class=\"yoast-schema-graph\">{\"@context\":\"https:\/\/schema.org\",\"@graph\":[{\"@type\":\"Article\",\"@id\":\"https:\/\/blog.phzh.ch\/schulfuehrung\/2025\/05\/06\/fuehrungswechsel-gestalten-mehr-als-ein-amtsantritt\/#article\",\"isPartOf\":{\"@id\":\"https:\/\/blog.phzh.ch\/schulfuehrung\/2025\/05\/06\/fuehrungswechsel-gestalten-mehr-als-ein-amtsantritt\/\"},\"author\":{\"name\":\"melinamaerten\",\"@id\":\"https:\/\/blog.phzh.ch\/schulfuehrung\/#\/schema\/person\/13544ff30d01e0e5f98444f0696dcefb\"},\"headline\":\"F\u00fchrungswechsel gestalten \u2013 mehr als ein Amtsantritt\",\"datePublished\":\"2025-05-06T02:00:00+00:00\",\"mainEntityOfPage\":{\"@id\":\"https:\/\/blog.phzh.ch\/schulfuehrung\/2025\/05\/06\/fuehrungswechsel-gestalten-mehr-als-ein-amtsantritt\/\"},\"wordCount\":673,\"commentCount\":0,\"image\":{\"@id\":\"https:\/\/blog.phzh.ch\/schulfuehrung\/2025\/05\/06\/fuehrungswechsel-gestalten-mehr-als-ein-amtsantritt\/#primaryimage\"},\"thumbnailUrl\":\"https:\/\/blog.phzh.ch\/schulfuehrung\/files\/2025\/05\/neue-SL.jpg\",\"articleSection\":[\"Gesamte Beitr\u00e4ge\",\"Im Gespr\u00e4ch mit...\"],\"inLanguage\":\"de\",\"potentialAction\":[{\"@type\":\"CommentAction\",\"name\":\"Comment\",\"target\":[\"https:\/\/blog.phzh.ch\/schulfuehrung\/2025\/05\/06\/fuehrungswechsel-gestalten-mehr-als-ein-amtsantritt\/#respond\"]}]},{\"@type\":\"WebPage\",\"@id\":\"https:\/\/blog.phzh.ch\/schulfuehrung\/2025\/05\/06\/fuehrungswechsel-gestalten-mehr-als-ein-amtsantritt\/\",\"url\":\"https:\/\/blog.phzh.ch\/schulfuehrung\/2025\/05\/06\/fuehrungswechsel-gestalten-mehr-als-ein-amtsantritt\/\",\"name\":\"F\u00fchrungswechsel gestalten \u2013 mehr als ein Amtsantritt - Schulf\u00fchrung\",\"isPartOf\":{\"@id\":\"https:\/\/blog.phzh.ch\/schulfuehrung\/#website\"},\"primaryImageOfPage\":{\"@id\":\"https:\/\/blog.phzh.ch\/schulfuehrung\/2025\/05\/06\/fuehrungswechsel-gestalten-mehr-als-ein-amtsantritt\/#primaryimage\"},\"image\":{\"@id\":\"https:\/\/blog.phzh.ch\/schulfuehrung\/2025\/05\/06\/fuehrungswechsel-gestalten-mehr-als-ein-amtsantritt\/#primaryimage\"},\"thumbnailUrl\":\"https:\/\/blog.phzh.ch\/schulfuehrung\/files\/2025\/05\/neue-SL.jpg\",\"datePublished\":\"2025-05-06T02:00:00+00:00\",\"author\":{\"@id\":\"https:\/\/blog.phzh.ch\/schulfuehrung\/#\/schema\/person\/13544ff30d01e0e5f98444f0696dcefb\"},\"breadcrumb\":{\"@id\":\"https:\/\/blog.phzh.ch\/schulfuehrung\/2025\/05\/06\/fuehrungswechsel-gestalten-mehr-als-ein-amtsantritt\/#breadcrumb\"},\"inLanguage\":\"de\",\"potentialAction\":[{\"@type\":\"ReadAction\",\"target\":[\"https:\/\/blog.phzh.ch\/schulfuehrung\/2025\/05\/06\/fuehrungswechsel-gestalten-mehr-als-ein-amtsantritt\/\"]}]},{\"@type\":\"ImageObject\",\"inLanguage\":\"de\",\"@id\":\"https:\/\/blog.phzh.ch\/schulfuehrung\/2025\/05\/06\/fuehrungswechsel-gestalten-mehr-als-ein-amtsantritt\/#primaryimage\",\"url\":\"https:\/\/blog.phzh.ch\/schulfuehrung\/files\/2025\/05\/neue-SL.jpg\",\"contentUrl\":\"https:\/\/blog.phzh.ch\/schulfuehrung\/files\/2025\/05\/neue-SL.jpg\",\"width\":2016,\"height\":1512,\"caption\":\"Neuer Schulleiter, Thomas Ruppanner\"},{\"@type\":\"BreadcrumbList\",\"@id\":\"https:\/\/blog.phzh.ch\/schulfuehrung\/2025\/05\/06\/fuehrungswechsel-gestalten-mehr-als-ein-amtsantritt\/#breadcrumb\",\"itemListElement\":[{\"@type\":\"ListItem\",\"position\":1,\"name\":\"Startseite\",\"item\":\"https:\/\/blog.phzh.ch\/schulfuehrung\/\"},{\"@type\":\"ListItem\",\"position\":2,\"name\":\"F\u00fchrungswechsel gestalten \u2013 mehr als ein Amtsantritt\"}]},{\"@type\":\"WebSite\",\"@id\":\"https:\/\/blog.phzh.ch\/schulfuehrung\/#website\",\"url\":\"https:\/\/blog.phzh.ch\/schulfuehrung\/\",\"name\":\"Schulf\u00fchrung\",\"description\":\"phzh.ch\/schulfuehrung\",\"potentialAction\":[{\"@type\":\"SearchAction\",\"target\":{\"@type\":\"EntryPoint\",\"urlTemplate\":\"https:\/\/blog.phzh.ch\/schulfuehrung\/?s={search_term_string}\"},\"query-input\":{\"@type\":\"PropertyValueSpecification\",\"valueRequired\":true,\"valueName\":\"search_term_string\"}}],\"inLanguage\":\"de\"},{\"@type\":\"Person\",\"@id\":\"https:\/\/blog.phzh.ch\/schulfuehrung\/#\/schema\/person\/13544ff30d01e0e5f98444f0696dcefb\",\"name\":\"melinamaerten\",\"image\":{\"@type\":\"ImageObject\",\"inLanguage\":\"de\",\"@id\":\"https:\/\/blog.phzh.ch\/schulfuehrung\/#\/schema\/person\/image\/\",\"url\":\"https:\/\/secure.gravatar.com\/avatar\/581b196899ac4a61b7e20a29f4dd52fe?s=96&d=mm&r=g\",\"contentUrl\":\"https:\/\/secure.gravatar.com\/avatar\/581b196899ac4a61b7e20a29f4dd52fe?s=96&d=mm&r=g\",\"caption\":\"melinamaerten\"},\"url\":\"https:\/\/blog.phzh.ch\/schulfuehrung\/author\/melinamaerten\/\"}]}<\/script>\n<!-- \/ Yoast SEO plugin. -->","yoast_head_json":{"title":"F\u00fchrungswechsel gestalten \u2013 mehr als ein Amtsantritt - Schulf\u00fchrung","robots":{"index":"index","follow":"follow","max-snippet":"max-snippet:-1","max-image-preview":"max-image-preview:large","max-video-preview":"max-video-preview:-1"},"canonical":"https:\/\/blog.phzh.ch\/schulfuehrung\/2025\/05\/06\/fuehrungswechsel-gestalten-mehr-als-ein-amtsantritt\/","og_locale":"de_DE","og_type":"article","og_title":"F\u00fchrungswechsel gestalten \u2013 mehr als ein Amtsantritt - Schulf\u00fchrung","og_description":"In einer losen Folge thematisieren wir, wie ein F\u00fchrungswechsel an Volksschulen gestaltet werden kann: Wenn eine neue Schulleitung startet, ist das mehr als nur ein Stellenantritt. Es ist ein \u00dcbergang, der viele Beteiligte betrifft und der gestaltet werden will. Wetzikon setzt dabei konsequent auf Beziehung: vom ersten Kontakt bis zur gemeinsamen R\u00fcckschau nach einem Jahr. &hellip; F\u00fchrungswechsel gestalten \u2013 mehr als ein Amtsantritt weiterlesen","og_url":"https:\/\/blog.phzh.ch\/schulfuehrung\/2025\/05\/06\/fuehrungswechsel-gestalten-mehr-als-ein-amtsantritt\/","og_site_name":"Schulf\u00fchrung","article_published_time":"2025-05-06T02:00:00+00:00","og_image":[{"width":2016,"height":1512,"url":"https:\/\/blog.phzh.ch\/schulfuehrung\/files\/2025\/05\/neue-SL.jpg","type":"image\/jpeg"}],"author":"melinamaerten","twitter_card":"summary_large_image","twitter_misc":{"Verfasst von":"melinamaerten","Gesch\u00e4tzte Lesezeit":"5\u00a0Minuten"},"schema":{"@context":"https:\/\/schema.org","@graph":[{"@type":"Article","@id":"https:\/\/blog.phzh.ch\/schulfuehrung\/2025\/05\/06\/fuehrungswechsel-gestalten-mehr-als-ein-amtsantritt\/#article","isPartOf":{"@id":"https:\/\/blog.phzh.ch\/schulfuehrung\/2025\/05\/06\/fuehrungswechsel-gestalten-mehr-als-ein-amtsantritt\/"},"author":{"name":"melinamaerten","@id":"https:\/\/blog.phzh.ch\/schulfuehrung\/#\/schema\/person\/13544ff30d01e0e5f98444f0696dcefb"},"headline":"F\u00fchrungswechsel gestalten \u2013 mehr als ein Amtsantritt","datePublished":"2025-05-06T02:00:00+00:00","mainEntityOfPage":{"@id":"https:\/\/blog.phzh.ch\/schulfuehrung\/2025\/05\/06\/fuehrungswechsel-gestalten-mehr-als-ein-amtsantritt\/"},"wordCount":673,"commentCount":0,"image":{"@id":"https:\/\/blog.phzh.ch\/schulfuehrung\/2025\/05\/06\/fuehrungswechsel-gestalten-mehr-als-ein-amtsantritt\/#primaryimage"},"thumbnailUrl":"https:\/\/blog.phzh.ch\/schulfuehrung\/files\/2025\/05\/neue-SL.jpg","articleSection":["Gesamte Beitr\u00e4ge","Im Gespr\u00e4ch mit..."],"inLanguage":"de","potentialAction":[{"@type":"CommentAction","name":"Comment","target":["https:\/\/blog.phzh.ch\/schulfuehrung\/2025\/05\/06\/fuehrungswechsel-gestalten-mehr-als-ein-amtsantritt\/#respond"]}]},{"@type":"WebPage","@id":"https:\/\/blog.phzh.ch\/schulfuehrung\/2025\/05\/06\/fuehrungswechsel-gestalten-mehr-als-ein-amtsantritt\/","url":"https:\/\/blog.phzh.ch\/schulfuehrung\/2025\/05\/06\/fuehrungswechsel-gestalten-mehr-als-ein-amtsantritt\/","name":"F\u00fchrungswechsel gestalten \u2013 mehr als ein Amtsantritt - Schulf\u00fchrung","isPartOf":{"@id":"https:\/\/blog.phzh.ch\/schulfuehrung\/#website"},"primaryImageOfPage":{"@id":"https:\/\/blog.phzh.ch\/schulfuehrung\/2025\/05\/06\/fuehrungswechsel-gestalten-mehr-als-ein-amtsantritt\/#primaryimage"},"image":{"@id":"https:\/\/blog.phzh.ch\/schulfuehrung\/2025\/05\/06\/fuehrungswechsel-gestalten-mehr-als-ein-amtsantritt\/#primaryimage"},"thumbnailUrl":"https:\/\/blog.phzh.ch\/schulfuehrung\/files\/2025\/05\/neue-SL.jpg","datePublished":"2025-05-06T02:00:00+00:00","author":{"@id":"https:\/\/blog.phzh.ch\/schulfuehrung\/#\/schema\/person\/13544ff30d01e0e5f98444f0696dcefb"},"breadcrumb":{"@id":"https:\/\/blog.phzh.ch\/schulfuehrung\/2025\/05\/06\/fuehrungswechsel-gestalten-mehr-als-ein-amtsantritt\/#breadcrumb"},"inLanguage":"de","potentialAction":[{"@type":"ReadAction","target":["https:\/\/blog.phzh.ch\/schulfuehrung\/2025\/05\/06\/fuehrungswechsel-gestalten-mehr-als-ein-amtsantritt\/"]}]},{"@type":"ImageObject","inLanguage":"de","@id":"https:\/\/blog.phzh.ch\/schulfuehrung\/2025\/05\/06\/fuehrungswechsel-gestalten-mehr-als-ein-amtsantritt\/#primaryimage","url":"https:\/\/blog.phzh.ch\/schulfuehrung\/files\/2025\/05\/neue-SL.jpg","contentUrl":"https:\/\/blog.phzh.ch\/schulfuehrung\/files\/2025\/05\/neue-SL.jpg","width":2016,"height":1512,"caption":"Neuer Schulleiter, Thomas Ruppanner"},{"@type":"BreadcrumbList","@id":"https:\/\/blog.phzh.ch\/schulfuehrung\/2025\/05\/06\/fuehrungswechsel-gestalten-mehr-als-ein-amtsantritt\/#breadcrumb","itemListElement":[{"@type":"ListItem","position":1,"name":"Startseite","item":"https:\/\/blog.phzh.ch\/schulfuehrung\/"},{"@type":"ListItem","position":2,"name":"F\u00fchrungswechsel gestalten \u2013 mehr als ein Amtsantritt"}]},{"@type":"WebSite","@id":"https:\/\/blog.phzh.ch\/schulfuehrung\/#website","url":"https:\/\/blog.phzh.ch\/schulfuehrung\/","name":"Schulf\u00fchrung","description":"phzh.ch\/schulfuehrung","potentialAction":[{"@type":"SearchAction","target":{"@type":"EntryPoint","urlTemplate":"https:\/\/blog.phzh.ch\/schulfuehrung\/?s={search_term_string}"},"query-input":{"@type":"PropertyValueSpecification","valueRequired":true,"valueName":"search_term_string"}}],"inLanguage":"de"},{"@type":"Person","@id":"https:\/\/blog.phzh.ch\/schulfuehrung\/#\/schema\/person\/13544ff30d01e0e5f98444f0696dcefb","name":"melinamaerten","image":{"@type":"ImageObject","inLanguage":"de","@id":"https:\/\/blog.phzh.ch\/schulfuehrung\/#\/schema\/person\/image\/","url":"https:\/\/secure.gravatar.com\/avatar\/581b196899ac4a61b7e20a29f4dd52fe?s=96&d=mm&r=g","contentUrl":"https:\/\/secure.gravatar.com\/avatar\/581b196899ac4a61b7e20a29f4dd52fe?s=96&d=mm&r=g","caption":"melinamaerten"},"url":"https:\/\/blog.phzh.ch\/schulfuehrung\/author\/melinamaerten\/"}]}},"_links":{"self":[{"href":"https:\/\/blog.phzh.ch\/schulfuehrung\/wp-json\/wp\/v2\/posts\/6639","targetHints":{"allow":["GET"]}}],"collection":[{"href":"https:\/\/blog.phzh.ch\/schulfuehrung\/wp-json\/wp\/v2\/posts"}],"about":[{"href":"https:\/\/blog.phzh.ch\/schulfuehrung\/wp-json\/wp\/v2\/types\/post"}],"author":[{"embeddable":true,"href":"https:\/\/blog.phzh.ch\/schulfuehrung\/wp-json\/wp\/v2\/users\/1392"}],"replies":[{"embeddable":true,"href":"https:\/\/blog.phzh.ch\/schulfuehrung\/wp-json\/wp\/v2\/comments?post=6639"}],"version-history":[{"count":7,"href":"https:\/\/blog.phzh.ch\/schulfuehrung\/wp-json\/wp\/v2\/posts\/6639\/revisions"}],"predecessor-version":[{"id":6649,"href":"https:\/\/blog.phzh.ch\/schulfuehrung\/wp-json\/wp\/v2\/posts\/6639\/revisions\/6649"}],"wp:featuredmedia":[{"embeddable":true,"href":"https:\/\/blog.phzh.ch\/schulfuehrung\/wp-json\/wp\/v2\/media\/6645"}],"wp:attachment":[{"href":"https:\/\/blog.phzh.ch\/schulfuehrung\/wp-json\/wp\/v2\/media?parent=6639"}],"wp:term":[{"taxonomy":"category","embeddable":true,"href":"https:\/\/blog.phzh.ch\/schulfuehrung\/wp-json\/wp\/v2\/categories?post=6639"},{"taxonomy":"post_tag","embeddable":true,"href":"https:\/\/blog.phzh.ch\/schulfuehrung\/wp-json\/wp\/v2\/tags?post=6639"}],"curies":[{"name":"wp","href":"https:\/\/api.w.org\/{rel}","templated":true}]}}