{"id":6523,"date":"2025-04-15T04:00:00","date_gmt":"2025-04-15T02:00:00","guid":{"rendered":"https:\/\/blog.phzh.ch\/schulfuehrung\/?p=6523"},"modified":"2025-04-07T14:10:25","modified_gmt":"2025-04-07T12:10:25","slug":"6523","status":"publish","type":"post","link":"https:\/\/blog.phzh.ch\/schulfuehrung\/2025\/04\/15\/6523\/","title":{"rendered":"Einziehung von Handys in      Schulen"},"content":{"rendered":"\n<p><strong>Weil ein Sch\u00fcler einer Orientierungsschule (Sekundarstufe 1) im Kanton Freiburg w\u00e4hrend der Schulzeit in der Garderobe beim Turnunterricht mit seinem Handy Musik geh\u00f6rt hatte, zog die Lehrperson beziehungsweise der Schuldirektor dieses f\u00fcr eine Woche ein. Gegen die Verf\u00fcgung des Schuldirektors erhob der Sch\u00fcler \u2013\u00a0vertreten durch seinen Vater \u2013\u00a0zun\u00e4chst Beschwerde bei der kantonalen Direktion f\u00fcr Bildung und kulturelle Angelegenheiten und anschliessend beim Kantonsgericht Freiburg. Reto Allenspach fasst das Urteil zusammen.<\/strong><\/p>\n\n\n\n<p>Vor Kantonsgericht, das sein Urteil am 26. April 2024 f\u00e4llte (Urteil KG FR 601 2023 48 vom 26. April 2024), war einzig strittig und zu pr\u00fcfen, ob ein Handy eines Sch\u00fclers \u00fcber das Ende der Schulzeit hinaus, f\u00fcr die im konkreten Fall verf\u00fcgte Dauer von einer Woche beziehungsweise bis zu dem im kantonalen Schulreglement (SchR; SGF 411. 0.11) vorgesehenen Maximum von zwei Wochen, eingezogen werden darf. Die Schule und die kantonale Direktion st\u00fctzten sich bei der Einziehung n\u00e4mlich auf Art. 66 SchR, wonach bei einem Verstoss gegen das Verbot des Gebrauchs elektronischer Ger\u00e4te w\u00e4hrend der Schulzeit diese bis zu zwei Wochen eingezogen werden k\u00f6nnen.<\/p>\n\n\n\n<p>Das Kantonsgericht f\u00fchrte aus, dass mit der Einziehung des Mobiltelefons der Sch\u00fcler in seiner Eigentumsgarantie gem\u00e4ss Art. 26 Abs. 1 BV (Bundesverfassung) eingeschr\u00e4nkt worden sei. Eine Grundrechtseinschr\u00e4nkung ist nur unter den in Art. 36 BV genannten Voraussetzungen zul\u00e4ssig. Entsprechend pr\u00fcfte das Kantonsgericht diese Voraussetzungen:<\/p>\n\n\n<p><!--more--><\/p>\n\n\n<p><strong>1. Gen\u00fcgende gesetzliche Grundlage<\/strong><\/p>\n\n\n\n<p>Gem\u00e4ss Art. 36 Abs. 1 BV bed\u00fcrfen Einschr\u00e4nkungen von Grundrechten einer gesetzlichen Grundlage. Schwerwiegende Einschr\u00e4nkungen m\u00fcssen im Gesetz selbst vorgesehen sein.<\/p>\n\n\n\n<p>Im Kanton Freiburg ist die Einziehung von elektronischen Ger\u00e4ten in der Schule nicht auf Gesetzesstufe, sondern auf Verordnungsstufe geregelt. So regelt Art. 66 SchR u.a.: <em>Der Gebrauch von elektronischen Ger\u00e4ten ist w\u00e4hrend der Schulzeit verboten, ausser er wird von der Lehrperson oder der Schule erlaubt<\/em> (Abs. 2). <em>Bei einem Verstoss gegen dieses Verbot kann die Schule diese Gegenst\u00e4nde und Produkte umgehend einziehen<\/em> (Abs. 3). <em>Sie werden der Sch\u00fclerin oder dem Sch\u00fcler oder den Eltern wieder ausgeh\u00e4ndigt, und zwar zu einem von der Schuldirektion bestimmten Zeitpunkt innerhalb einer Frist von sp\u00e4testens zwei Wochen nach dem Einziehen des Gegenstands<\/em> (Abs. 4).<\/p>\n\n\n\n<p>Gem\u00e4ss Kantonsgericht k\u00f6nne offenbleiben, ob Art. 66 Abs. 2 bis 4 SchR als Rechtsgrundlage f\u00fcr die Einziehung von bis zu zwei Wochen (auch mittags, abends und \u00fcber das Wochenende) zu gen\u00fcgen verm\u00f6chte oder ob es hierf\u00fcr einer Grundlage in einem formellen Gesetz bed\u00fcrfte, da die Beschwerde aus einem anderen Grund gutzuheissen sei.<\/p>\n\n\n\n<p><strong>2. \u00d6ffentliches Interesse<\/strong><\/p>\n\n\n\n<p>Nach Art. 36 Abs. 2 BV m\u00fcssen Einschr\u00e4nkungen von Grundrechten \u00fcberdies durch ein \u00f6ffentliches Interesse oder durch den Schutz von Grundrechten Dritter gerechtfertigt sein.<\/p>\n\n\n\n<p>Das Kantonsgericht bejahte in seinem Entscheid ein gewichtiges \u00f6ffentliches Interesse an einem geordneten Schulbetrieb, ging aber nicht auf die Frage ein, ob f\u00fcr die streitige Handy-Einziehung \u00f6ffentliche Interessen bestehen.<\/p>\n\n\n\n<p><strong>3. Verh\u00e4ltnism\u00e4ssigkeit<\/strong><\/p>\n\n\n\n<p>Schliesslich m\u00fcssen gem\u00e4ss Art. 36 Abs. 3 BV Einschr\u00e4nkungen von Grundrechten verh\u00e4ltnism\u00e4ssig sein. Das verfassungsm\u00e4ssige Gebot der Verh\u00e4ltnism\u00e4ssigkeit verlangt, dass eine beh\u00f6rdliche Massnahme f\u00fcr das Erreichen eines im \u00fcbergeordneten \u00f6ffentlichen (oder privaten) Interesse liegenden Zieles geeignet, erforderlich und f\u00fcr den Betroffenen zumutbar ist.<\/p>\n\n\n\n<p>Das Kantonsgericht erachtete die Einziehung eines elektronischen Ger\u00e4tes, jedenfalls soweit es die Schulzeit betreffe, als grunds\u00e4tzlich geeignet, den geordneten Schulbetrieb sicherzustellen, da damit die St\u00f6rquelle beseitigt werde. Indessen kam es zum Schluss, dass die Einziehung des Mobiltelefons ausserhalb der Schulzeit offensichtlich nicht erforderlich sei, um den geordneten Gang des Schulunterrichts, der zu dieser Zeit ja nicht stattfinde, zu gew\u00e4hrleisten. Zudem sei die Einziehung \u00fcber die Dauer der Schulzeit hinaus f\u00fcr den Sch\u00fcler, der dadurch auch im Privatleben und in der Kommunikation betroffen gewesen sei, in der heutigen vernetzten Gesellschaft auch als nicht zumutbar zu qualifizieren. Damit beurteilte das Kantonsgericht die Einziehung des Mobiltelefons \u00fcber die Schulzeit hinaus als unverh\u00e4ltnism\u00e4ssige und damit unzul\u00e4ssige Einschr\u00e4nkung der Eigentumsgarantie.<\/p>\n\n\n\n<p><strong>Fazit<\/strong><\/p>\n\n\n\n<p>Aufgrund des Entscheides des Kantonsgerichts Freiburg steht nun fest, dass eine Einziehung von Smartphones und Smartwatches \u00fcber die Dauer der Schulzeit hinaus unzul\u00e4ssig ist. Schulen, die nach wie vor mehrt\u00e4gige Einziehungen vorsehen, ist zu empfehlen, ihre Regelungen entsprechend anzupassen. Wenn Sch\u00fcler:innen gegen die Handyregeln <del>&nbsp;<\/del>verstossen, k\u00f6nnen sie, wie auch das Kantonsgericht in seinem Urteil festh\u00e4lt, zus\u00e4tzlich zur Einziehung bis Schulende mit anderen Erziehungs- oder Disziplinarmassnahmen geahndet werden.<\/p>\n\n\n\n<p><strong>Zum Autor<\/strong><\/p>\n\n\n\n<p>Reto Allenspach ist Dozent f\u00fcr Schulrecht an der PH Z\u00fcrich. Seine Schwerpunkte liegen in den Bereichen Staats- und Verwaltungsrecht, Schulrecht, Personalrecht, Vertragsrecht und Familienrecht.<\/p>\n\n\n\n<p>Redaktion: Melina Maerten<br>Beitragsbild: adobe stock<\/p>\n\n\n\n<p><\/p>\n","protected":false},"excerpt":{"rendered":"<p>Weil ein Sch\u00fcler einer Orientierungsschule (Sekundarstufe 1) im Kanton Freiburg w\u00e4hrend der Schulzeit in der Garderobe beim Turnunterricht mit seinem Handy Musik geh\u00f6rt hatte, zog die Lehrperson beziehungsweise der Schuldirektor dieses f\u00fcr eine Woche ein. Gegen die Verf\u00fcgung des Schuldirektors erhob der Sch\u00fcler \u2013\u00a0vertreten durch seinen Vater \u2013\u00a0zun\u00e4chst Beschwerde bei der kantonalen Direktion f\u00fcr Bildung &hellip; <a href=\"https:\/\/blog.phzh.ch\/schulfuehrung\/2025\/04\/15\/6523\/\" class=\"more-link\"><span class=\"screen-reader-text\">Einziehung von Handys in      Schulen<\/span> weiterlesen<\/a><\/p>\n","protected":false},"author":1392,"featured_media":6533,"comment_status":"open","ping_status":"open","sticky":false,"template":"","format":"standard","meta":{"sfsi_plus_gutenberg_text_before_share":"","sfsi_plus_gutenberg_show_text_before_share":"","sfsi_plus_gutenberg_icon_type":"","sfsi_plus_gutenberg_icon_alignemt":"","sfsi_plus_gutenburg_max_per_row":"","footnotes":""},"categories":[103451,107309],"tags":[109944,109941,109943,109900,109942,109902,109945,109899,4172,109940],"class_list":["post-6523","post","type-post","status-publish","format-standard","has-post-thumbnail","hentry","category-der-fall","category-alle-beitraege","tag-einziehung","tag-handy","tag-kantonsgericht","tag-lehrperson","tag-mobiltelefon","tag-reto-allenspach","tag-schuldirektion","tag-smartphone","tag-unterricht","tag-urteil"],"yoast_head":"<!-- This site is optimized with the Yoast SEO plugin v26.8 - https:\/\/yoast.com\/product\/yoast-seo-wordpress\/ -->\n<title>Einziehung von Handys in   Schulen - Schulf\u00fchrung<\/title>\n<meta name=\"robots\" content=\"index, follow, max-snippet:-1, max-image-preview:large, max-video-preview:-1\" \/>\n<link rel=\"canonical\" href=\"https:\/\/blog.phzh.ch\/schulfuehrung\/2025\/04\/15\/6523\/\" \/>\n<meta property=\"og:locale\" content=\"de_DE\" \/>\n<meta property=\"og:type\" content=\"article\" \/>\n<meta property=\"og:title\" content=\"Einziehung von Handys in   Schulen - Schulf\u00fchrung\" \/>\n<meta property=\"og:description\" content=\"Weil ein Sch\u00fcler einer Orientierungsschule (Sekundarstufe 1) im Kanton Freiburg w\u00e4hrend der Schulzeit in der Garderobe beim Turnunterricht mit seinem Handy Musik geh\u00f6rt hatte, zog die Lehrperson beziehungsweise der Schuldirektor dieses f\u00fcr eine Woche ein. Gegen die Verf\u00fcgung des Schuldirektors erhob der Sch\u00fcler \u2013\u00a0vertreten durch seinen Vater \u2013\u00a0zun\u00e4chst Beschwerde bei der kantonalen Direktion f\u00fcr Bildung &hellip; Einziehung von Handys in   Schulen weiterlesen\" \/>\n<meta property=\"og:url\" content=\"https:\/\/blog.phzh.ch\/schulfuehrung\/2025\/04\/15\/6523\/\" \/>\n<meta property=\"og:site_name\" content=\"Schulf\u00fchrung\" \/>\n<meta property=\"article:published_time\" content=\"2025-04-15T02:00:00+00:00\" \/>\n<meta property=\"og:image\" content=\"https:\/\/blog.phzh.ch\/schulfuehrung\/files\/2025\/04\/Handynutzung-waehren-Unterrichtszeit-scaled.jpeg\" \/>\n\t<meta property=\"og:image:width\" content=\"2560\" \/>\n\t<meta property=\"og:image:height\" content=\"1707\" \/>\n\t<meta property=\"og:image:type\" content=\"image\/jpeg\" \/>\n<meta name=\"author\" content=\"melinamaerten\" \/>\n<meta name=\"twitter:card\" content=\"summary_large_image\" \/>\n<meta name=\"twitter:label1\" content=\"Verfasst von\" \/>\n\t<meta name=\"twitter:data1\" content=\"melinamaerten\" \/>\n\t<meta name=\"twitter:label2\" content=\"Gesch\u00e4tzte Lesezeit\" \/>\n\t<meta name=\"twitter:data2\" content=\"5\u00a0Minuten\" \/>\n<script type=\"application\/ld+json\" class=\"yoast-schema-graph\">{\"@context\":\"https:\/\/schema.org\",\"@graph\":[{\"@type\":\"Article\",\"@id\":\"https:\/\/blog.phzh.ch\/schulfuehrung\/2025\/04\/15\/6523\/#article\",\"isPartOf\":{\"@id\":\"https:\/\/blog.phzh.ch\/schulfuehrung\/2025\/04\/15\/6523\/\"},\"author\":{\"name\":\"melinamaerten\",\"@id\":\"https:\/\/blog.phzh.ch\/schulfuehrung\/#\/schema\/person\/13544ff30d01e0e5f98444f0696dcefb\"},\"headline\":\"Einziehung von Handys in Schulen\",\"datePublished\":\"2025-04-15T02:00:00+00:00\",\"mainEntityOfPage\":{\"@id\":\"https:\/\/blog.phzh.ch\/schulfuehrung\/2025\/04\/15\/6523\/\"},\"wordCount\":766,\"commentCount\":0,\"image\":{\"@id\":\"https:\/\/blog.phzh.ch\/schulfuehrung\/2025\/04\/15\/6523\/#primaryimage\"},\"thumbnailUrl\":\"https:\/\/blog.phzh.ch\/schulfuehrung\/files\/2025\/04\/Handynutzung-waehren-Unterrichtszeit-scaled.jpeg\",\"keywords\":[\"Einziehung\",\"Handy\",\"Kantonsgericht\",\"Lehrperson\",\"Mobiltelefon\",\"Reto Allenspach\",\"Schuldirektion\",\"Smartphone\",\"Unterricht\",\"Urteil\"],\"articleSection\":[\"Der Fall\",\"Gesamte Beitr\u00e4ge\"],\"inLanguage\":\"de\",\"potentialAction\":[{\"@type\":\"CommentAction\",\"name\":\"Comment\",\"target\":[\"https:\/\/blog.phzh.ch\/schulfuehrung\/2025\/04\/15\/6523\/#respond\"]}]},{\"@type\":\"WebPage\",\"@id\":\"https:\/\/blog.phzh.ch\/schulfuehrung\/2025\/04\/15\/6523\/\",\"url\":\"https:\/\/blog.phzh.ch\/schulfuehrung\/2025\/04\/15\/6523\/\",\"name\":\"Einziehung von Handys in Schulen - Schulf\u00fchrung\",\"isPartOf\":{\"@id\":\"https:\/\/blog.phzh.ch\/schulfuehrung\/#website\"},\"primaryImageOfPage\":{\"@id\":\"https:\/\/blog.phzh.ch\/schulfuehrung\/2025\/04\/15\/6523\/#primaryimage\"},\"image\":{\"@id\":\"https:\/\/blog.phzh.ch\/schulfuehrung\/2025\/04\/15\/6523\/#primaryimage\"},\"thumbnailUrl\":\"https:\/\/blog.phzh.ch\/schulfuehrung\/files\/2025\/04\/Handynutzung-waehren-Unterrichtszeit-scaled.jpeg\",\"datePublished\":\"2025-04-15T02:00:00+00:00\",\"author\":{\"@id\":\"https:\/\/blog.phzh.ch\/schulfuehrung\/#\/schema\/person\/13544ff30d01e0e5f98444f0696dcefb\"},\"breadcrumb\":{\"@id\":\"https:\/\/blog.phzh.ch\/schulfuehrung\/2025\/04\/15\/6523\/#breadcrumb\"},\"inLanguage\":\"de\",\"potentialAction\":[{\"@type\":\"ReadAction\",\"target\":[\"https:\/\/blog.phzh.ch\/schulfuehrung\/2025\/04\/15\/6523\/\"]}]},{\"@type\":\"ImageObject\",\"inLanguage\":\"de\",\"@id\":\"https:\/\/blog.phzh.ch\/schulfuehrung\/2025\/04\/15\/6523\/#primaryimage\",\"url\":\"https:\/\/blog.phzh.ch\/schulfuehrung\/files\/2025\/04\/Handynutzung-waehren-Unterrichtszeit-scaled.jpeg\",\"contentUrl\":\"https:\/\/blog.phzh.ch\/schulfuehrung\/files\/2025\/04\/Handynutzung-waehren-Unterrichtszeit-scaled.jpeg\",\"width\":2560,\"height\":1707,\"caption\":\"Handynutzung w\u00e4hrend Unterrichtszeit\"},{\"@type\":\"BreadcrumbList\",\"@id\":\"https:\/\/blog.phzh.ch\/schulfuehrung\/2025\/04\/15\/6523\/#breadcrumb\",\"itemListElement\":[{\"@type\":\"ListItem\",\"position\":1,\"name\":\"Startseite\",\"item\":\"https:\/\/blog.phzh.ch\/schulfuehrung\/\"},{\"@type\":\"ListItem\",\"position\":2,\"name\":\"Einziehung von Handys in Schulen\"}]},{\"@type\":\"WebSite\",\"@id\":\"https:\/\/blog.phzh.ch\/schulfuehrung\/#website\",\"url\":\"https:\/\/blog.phzh.ch\/schulfuehrung\/\",\"name\":\"Schulf\u00fchrung\",\"description\":\"phzh.ch\/schulfuehrung\",\"potentialAction\":[{\"@type\":\"SearchAction\",\"target\":{\"@type\":\"EntryPoint\",\"urlTemplate\":\"https:\/\/blog.phzh.ch\/schulfuehrung\/?s={search_term_string}\"},\"query-input\":{\"@type\":\"PropertyValueSpecification\",\"valueRequired\":true,\"valueName\":\"search_term_string\"}}],\"inLanguage\":\"de\"},{\"@type\":\"Person\",\"@id\":\"https:\/\/blog.phzh.ch\/schulfuehrung\/#\/schema\/person\/13544ff30d01e0e5f98444f0696dcefb\",\"name\":\"melinamaerten\",\"image\":{\"@type\":\"ImageObject\",\"inLanguage\":\"de\",\"@id\":\"https:\/\/blog.phzh.ch\/schulfuehrung\/#\/schema\/person\/image\/\",\"url\":\"https:\/\/secure.gravatar.com\/avatar\/581b196899ac4a61b7e20a29f4dd52fe?s=96&d=mm&r=g\",\"contentUrl\":\"https:\/\/secure.gravatar.com\/avatar\/581b196899ac4a61b7e20a29f4dd52fe?s=96&d=mm&r=g\",\"caption\":\"melinamaerten\"},\"url\":\"https:\/\/blog.phzh.ch\/schulfuehrung\/author\/melinamaerten\/\"}]}<\/script>\n<!-- \/ Yoast SEO plugin. -->","yoast_head_json":{"title":"Einziehung von Handys in   Schulen - Schulf\u00fchrung","robots":{"index":"index","follow":"follow","max-snippet":"max-snippet:-1","max-image-preview":"max-image-preview:large","max-video-preview":"max-video-preview:-1"},"canonical":"https:\/\/blog.phzh.ch\/schulfuehrung\/2025\/04\/15\/6523\/","og_locale":"de_DE","og_type":"article","og_title":"Einziehung von Handys in   Schulen - Schulf\u00fchrung","og_description":"Weil ein Sch\u00fcler einer Orientierungsschule (Sekundarstufe 1) im Kanton Freiburg w\u00e4hrend der Schulzeit in der Garderobe beim Turnunterricht mit seinem Handy Musik geh\u00f6rt hatte, zog die Lehrperson beziehungsweise der Schuldirektor dieses f\u00fcr eine Woche ein. Gegen die Verf\u00fcgung des Schuldirektors erhob der Sch\u00fcler \u2013\u00a0vertreten durch seinen Vater \u2013\u00a0zun\u00e4chst Beschwerde bei der kantonalen Direktion f\u00fcr Bildung &hellip; Einziehung von Handys in   Schulen weiterlesen","og_url":"https:\/\/blog.phzh.ch\/schulfuehrung\/2025\/04\/15\/6523\/","og_site_name":"Schulf\u00fchrung","article_published_time":"2025-04-15T02:00:00+00:00","og_image":[{"width":2560,"height":1707,"url":"https:\/\/blog.phzh.ch\/schulfuehrung\/files\/2025\/04\/Handynutzung-waehren-Unterrichtszeit-scaled.jpeg","type":"image\/jpeg"}],"author":"melinamaerten","twitter_card":"summary_large_image","twitter_misc":{"Verfasst von":"melinamaerten","Gesch\u00e4tzte Lesezeit":"5\u00a0Minuten"},"schema":{"@context":"https:\/\/schema.org","@graph":[{"@type":"Article","@id":"https:\/\/blog.phzh.ch\/schulfuehrung\/2025\/04\/15\/6523\/#article","isPartOf":{"@id":"https:\/\/blog.phzh.ch\/schulfuehrung\/2025\/04\/15\/6523\/"},"author":{"name":"melinamaerten","@id":"https:\/\/blog.phzh.ch\/schulfuehrung\/#\/schema\/person\/13544ff30d01e0e5f98444f0696dcefb"},"headline":"Einziehung von Handys in Schulen","datePublished":"2025-04-15T02:00:00+00:00","mainEntityOfPage":{"@id":"https:\/\/blog.phzh.ch\/schulfuehrung\/2025\/04\/15\/6523\/"},"wordCount":766,"commentCount":0,"image":{"@id":"https:\/\/blog.phzh.ch\/schulfuehrung\/2025\/04\/15\/6523\/#primaryimage"},"thumbnailUrl":"https:\/\/blog.phzh.ch\/schulfuehrung\/files\/2025\/04\/Handynutzung-waehren-Unterrichtszeit-scaled.jpeg","keywords":["Einziehung","Handy","Kantonsgericht","Lehrperson","Mobiltelefon","Reto Allenspach","Schuldirektion","Smartphone","Unterricht","Urteil"],"articleSection":["Der Fall","Gesamte Beitr\u00e4ge"],"inLanguage":"de","potentialAction":[{"@type":"CommentAction","name":"Comment","target":["https:\/\/blog.phzh.ch\/schulfuehrung\/2025\/04\/15\/6523\/#respond"]}]},{"@type":"WebPage","@id":"https:\/\/blog.phzh.ch\/schulfuehrung\/2025\/04\/15\/6523\/","url":"https:\/\/blog.phzh.ch\/schulfuehrung\/2025\/04\/15\/6523\/","name":"Einziehung von Handys in Schulen - Schulf\u00fchrung","isPartOf":{"@id":"https:\/\/blog.phzh.ch\/schulfuehrung\/#website"},"primaryImageOfPage":{"@id":"https:\/\/blog.phzh.ch\/schulfuehrung\/2025\/04\/15\/6523\/#primaryimage"},"image":{"@id":"https:\/\/blog.phzh.ch\/schulfuehrung\/2025\/04\/15\/6523\/#primaryimage"},"thumbnailUrl":"https:\/\/blog.phzh.ch\/schulfuehrung\/files\/2025\/04\/Handynutzung-waehren-Unterrichtszeit-scaled.jpeg","datePublished":"2025-04-15T02:00:00+00:00","author":{"@id":"https:\/\/blog.phzh.ch\/schulfuehrung\/#\/schema\/person\/13544ff30d01e0e5f98444f0696dcefb"},"breadcrumb":{"@id":"https:\/\/blog.phzh.ch\/schulfuehrung\/2025\/04\/15\/6523\/#breadcrumb"},"inLanguage":"de","potentialAction":[{"@type":"ReadAction","target":["https:\/\/blog.phzh.ch\/schulfuehrung\/2025\/04\/15\/6523\/"]}]},{"@type":"ImageObject","inLanguage":"de","@id":"https:\/\/blog.phzh.ch\/schulfuehrung\/2025\/04\/15\/6523\/#primaryimage","url":"https:\/\/blog.phzh.ch\/schulfuehrung\/files\/2025\/04\/Handynutzung-waehren-Unterrichtszeit-scaled.jpeg","contentUrl":"https:\/\/blog.phzh.ch\/schulfuehrung\/files\/2025\/04\/Handynutzung-waehren-Unterrichtszeit-scaled.jpeg","width":2560,"height":1707,"caption":"Handynutzung w\u00e4hrend Unterrichtszeit"},{"@type":"BreadcrumbList","@id":"https:\/\/blog.phzh.ch\/schulfuehrung\/2025\/04\/15\/6523\/#breadcrumb","itemListElement":[{"@type":"ListItem","position":1,"name":"Startseite","item":"https:\/\/blog.phzh.ch\/schulfuehrung\/"},{"@type":"ListItem","position":2,"name":"Einziehung von Handys in Schulen"}]},{"@type":"WebSite","@id":"https:\/\/blog.phzh.ch\/schulfuehrung\/#website","url":"https:\/\/blog.phzh.ch\/schulfuehrung\/","name":"Schulf\u00fchrung","description":"phzh.ch\/schulfuehrung","potentialAction":[{"@type":"SearchAction","target":{"@type":"EntryPoint","urlTemplate":"https:\/\/blog.phzh.ch\/schulfuehrung\/?s={search_term_string}"},"query-input":{"@type":"PropertyValueSpecification","valueRequired":true,"valueName":"search_term_string"}}],"inLanguage":"de"},{"@type":"Person","@id":"https:\/\/blog.phzh.ch\/schulfuehrung\/#\/schema\/person\/13544ff30d01e0e5f98444f0696dcefb","name":"melinamaerten","image":{"@type":"ImageObject","inLanguage":"de","@id":"https:\/\/blog.phzh.ch\/schulfuehrung\/#\/schema\/person\/image\/","url":"https:\/\/secure.gravatar.com\/avatar\/581b196899ac4a61b7e20a29f4dd52fe?s=96&d=mm&r=g","contentUrl":"https:\/\/secure.gravatar.com\/avatar\/581b196899ac4a61b7e20a29f4dd52fe?s=96&d=mm&r=g","caption":"melinamaerten"},"url":"https:\/\/blog.phzh.ch\/schulfuehrung\/author\/melinamaerten\/"}]}},"_links":{"self":[{"href":"https:\/\/blog.phzh.ch\/schulfuehrung\/wp-json\/wp\/v2\/posts\/6523","targetHints":{"allow":["GET"]}}],"collection":[{"href":"https:\/\/blog.phzh.ch\/schulfuehrung\/wp-json\/wp\/v2\/posts"}],"about":[{"href":"https:\/\/blog.phzh.ch\/schulfuehrung\/wp-json\/wp\/v2\/types\/post"}],"author":[{"embeddable":true,"href":"https:\/\/blog.phzh.ch\/schulfuehrung\/wp-json\/wp\/v2\/users\/1392"}],"replies":[{"embeddable":true,"href":"https:\/\/blog.phzh.ch\/schulfuehrung\/wp-json\/wp\/v2\/comments?post=6523"}],"version-history":[{"count":9,"href":"https:\/\/blog.phzh.ch\/schulfuehrung\/wp-json\/wp\/v2\/posts\/6523\/revisions"}],"predecessor-version":[{"id":6539,"href":"https:\/\/blog.phzh.ch\/schulfuehrung\/wp-json\/wp\/v2\/posts\/6523\/revisions\/6539"}],"wp:featuredmedia":[{"embeddable":true,"href":"https:\/\/blog.phzh.ch\/schulfuehrung\/wp-json\/wp\/v2\/media\/6533"}],"wp:attachment":[{"href":"https:\/\/blog.phzh.ch\/schulfuehrung\/wp-json\/wp\/v2\/media?parent=6523"}],"wp:term":[{"taxonomy":"category","embeddable":true,"href":"https:\/\/blog.phzh.ch\/schulfuehrung\/wp-json\/wp\/v2\/categories?post=6523"},{"taxonomy":"post_tag","embeddable":true,"href":"https:\/\/blog.phzh.ch\/schulfuehrung\/wp-json\/wp\/v2\/tags?post=6523"}],"curies":[{"name":"wp","href":"https:\/\/api.w.org\/{rel}","templated":true}]}}