{"id":6207,"date":"2024-11-22T04:00:00","date_gmt":"2024-11-22T03:00:00","guid":{"rendered":"https:\/\/blog.phzh.ch\/schulfuehrung\/?p=6207"},"modified":"2024-11-28T13:04:43","modified_gmt":"2024-11-28T12:04:43","slug":"smartphones-in-der-schule-zwischen-verbot-und-sinnvoller-integration","status":"publish","type":"post","link":"https:\/\/blog.phzh.ch\/schulfuehrung\/2024\/11\/22\/smartphones-in-der-schule-zwischen-verbot-und-sinnvoller-integration\/","title":{"rendered":"Smartphones in der Schule \u2013 Zwischen Verbot und sinnvoller Integration"},"content":{"rendered":"\n<p><strong>Die Smartphones von Sch\u00fcler:innen sorgen im Schulfeld immer wieder f\u00fcr Unruhe. W\u00e4re ein komplettes Verbot sinnvoll? Immer mehr Schulen entwickeln Konzepte zum Umgang mit Smartphones oder denken \u00fcber ein vollst\u00e4ndiges Verbot nach. Dieser Trend betrifft <em>nicht<\/em> nur die Schweiz, auch L\u00e4nder wie Schweden \u00fcberdenken bereits seit l\u00e4ngerem ihre Digitalisierungsstrategie. Dozierende des Zentrums Medienbildung und Informatik der PH Z\u00fcrich beleuchten \u00dcberlegungen aus Praxis und Wissenschaft zum Umgang mit digitalen Ger\u00e4ten im Schulalltag und pl\u00e4dieren f\u00fcr einen verantwortungsvollen, gekl\u00e4rten Einsatz digitaler Medien, der das Lernen bereichert, ohne auf starre Verbote zu setzen.<\/strong><\/p>\n\n\n\n<p>Der Umgang mit dem Smartphone variiert je nach Schulgemeinde. Mancherorts m\u00fcssen die Sch\u00fcler:innen das Smartphone beim Schulstart am Morgen abgeben. Andernorts sind Smartphones auf dem Schulareal verboten. Es gibt aber auch Stimmen, die von einem generellen Smartphone-Verbot abraten. Stattdessen sollten Sch\u00fcler:innen gezielt Medienkompetenzen erwerben, um mit dem Smartphone verantwortungsvoll umgehen zu k\u00f6nnen. Schulen stehen daher vor der Aufgabe, eine Balance zwischen Kontrolle der Smartphone-Nutzung und der F\u00f6rderung digitaler Kompetenzen zu finden. So empfiehlt etwa der Dachverband Lehrerinnen und Lehrer Schweiz eine stufengerechte und partizipative Regelung, um Sch\u00fcler:innen f\u00fcr den verantwortungsvollen Umgang mit digitalen Ger\u00e4ten zu sensibilisieren und positive Lerneffekte zu f\u00f6rdern <a href=\"https:\/\/www.lch.ch\/fileadmin\/user_upload_lch\/Faktenblatt_LCH_Smartphone_Regelungen_an_Schulen.pdf\">(LCH, 2024)<\/a>.<br><br>\u00ab<a href=\"https:\/\/www.fritzundfraenzi.ch\/schule\/regeln-statt-verbote-handys-sinnvoll-nutzen\/\">Regeln statt Verbote<\/a>\u00bb, mit diesem Credo pl\u00e4diert Michael In Albon, Medienschutzbeauftragter der Swisscom, f\u00fcr eine Regelung des schulischen Umgangs mit digitalen Ger\u00e4ten. Ein generelles Smartphone-Verbot greift also zu kurz \u2013 stattdessen brauchen Sch\u00fcler:innen Medienkompetenz, um beispielsweise sicher mit Fake News und Cybermobbing umzugehen.<\/p>\n\n\n\n<p>Wie kann Lernen trotz, mit und \u00fcber Smartphones und digitale Medien gestaltet werden?<\/p>\n\n\n<p><!--more--><\/p>\n\n\n<p><strong>Medienkompetenzen st\u00e4rken<\/strong><\/p>\n\n\n\n<p>Ein Sch\u00fcler h\u00e4lt einen Vortrag vor der Klasse, verspricht sich aber vor lauter Nervosit\u00e4t immer wieder. Eine Klassenkameradin filmt ihn dabei heimlich und teilt das Video sp\u00e4ter im Klassenchat, wo sich seine Mitsch\u00fcler:innen \u00fcber die Versprecher lustig machen. Als der Sch\u00fcler davon erf\u00e4hrt, ist er verletzt und verunsichert. Schliesslich vertraut er sich einer Lehrperson an.<\/p>\n\n\n\n<p>Durch die st\u00e4ndige Verf\u00fcgbarkeit kann das Smartphone im Schulalltag schnell zu einem Werkzeug werden, um andere Kinder blosszustellen oder zu beleidigen. Ein Blick in die James-Studie 2022 zeigt, dass 38 Prozent der befragten Jugendlichen angegeben haben, es sei bereits mindestens einmal etwas Falsches oder Beleidigendes \u00fcber sie in privaten Chats verbreitet worden. 36 Prozent der befragten Sch\u00fcler:innen wurden schon einmal Fotos ohne eine Erlaubnis ver\u00f6ffentlicht. Dabei sind M\u00e4dchen und Jungs gleich betroffen, denn ein Geschlechterunterschied konnte in der Studie nicht nachgewiesen werden (K\u00fclling et al., 2022).<\/p>\n\n\n\n<p>Wenn Sch\u00fcler:innen an Schulen keinen Zugang mehr zu Smartphones haben, k\u00f6nnen laut Abrahamsson (2024) Mobbingf\u00e4lle verringert werden. Die Annahme, dass Cybermobbing durch ein Smartphone-Verbot an Schulen jedoch g\u00e4nzlich verhindert werden kann, scheint tr\u00fcgerisch. Die meisten Sch\u00fcler:innen haben auch in ihrer Freizeit ungehindert Zugang zu ihren Smartphones, was Mobbingverhalten auch ausserhalb der Schulzeiten erm\u00f6glicht.<\/p>\n\n\n\n<p>Treten F\u00e4lle von Cybermobbing wie im obigen Beispiel auf, sollte die Lehrperson das Gespr\u00e4ch mit den beteiligten Sch\u00fcler:innen suchen und sich einen \u00dcberblick \u00fcber die Situation verschaffen. Je nach Situation ist es angebracht, die verletzenden Inhalte (zum Beispiel das Video) m\u00f6glichst \u00fcberall (Chatverl\u00e4ufe und Smartphones) zu l\u00f6schen. Bei schweren Mobbingf\u00e4llen empfiehlt es sich, die Schulleitung, die Schulsozialarbeit oder die Eltern miteinzubeziehen.<\/p>\n\n\n\n<p>Die Sensibilisierung der Sch\u00fcler:innen f\u00fcr einen verantwortungsvollen Umgang mit Smartphones ist generell entscheidend, um ein positives Schulklima zu f\u00f6rdern und F\u00e4llen von Cybermobbing entgegenzuwirken. Durch die F\u00f6rderung der Medienkompetenzen erwerben die Sch\u00fcler:innen Kenntnisse \u00fcber ein sicheres und respektvolles Online-Verhalten. Ebenfalls werden sie im kritischen Denken gest\u00e4rkt und entwickeln ein Bewusstsein f\u00fcr die Verbreitung von Fehlinformationen. Somit sch\u00fctzen sie nicht nur ihre eigene Privatsph\u00e4re, sondern auch die ihrer Mitsch\u00fcler:innen.<\/p>\n\n\n\n<p><strong>Smartphones als Lern-Werkzeuge<\/strong><\/p>\n\n\n\n<p>Im TTG-Unterricht (Textiles und Technisches Gestalten) arbeitet die Klasse vertieft an einem neuen Projekt. Eine Sch\u00fclerin kommt auf die Lehrperson zu und fragt, ob sie ihr Smartphone aus dem Rucksack holen d\u00fcrfe, um ein YouTube-Tutorial zu einer bestimmten Gestaltungstechnik anzuschauen. Die Lehrperson erinnert sie daraufhin an die Regeln f\u00fcr den Umgang mit Smartphones im Unterricht und gibt ihr die Erlaubnis. Mithilfe des Tutorials versteht die Sch\u00fclerin die Arbeitstechnik besser und kann ihrem Projekt ein zus\u00e4tzliches gestalterisches Element beif\u00fcgen.<\/p>\n\n\n\n<p>Das Beispiel zeigt, dass das Smartphone eine wertvolle p\u00e4dagogische Chance bietet. Mit einem strikten Verbot w\u00e4re der erweiterte, individuelle Lernzugang so nicht m\u00f6glich gewesen. Bei einem gezielten und sinnvollen Einsatz steht nicht die Technologie imZentrum, sondern der Lernprozess. Deshalb soll die Wahl, ob Smartphones, Whiteboards oder doch lieber analoge Flipcharts zum Einsatz kommen, idealerweise eng an das Lernziel gekoppelt sein (Scheiter, 2021). Wird die Wahl des Lernwerkzeugs den Sch\u00fcler:innen zudem transparent gemacht, erhalten sie konkrete Beispiele und lernen, ihre Smartphones und andere digitale Medien zweckm\u00e4ssig und gezielt einzusetzen.<\/p>\n\n\n\n<p>Der produktive Einsatz von Smartphones zeigt sich in ihrer Vielfalt als Werkzeug, das Lernen, Kommunizieren, Kollaborieren und Produzieren unterst\u00fctzt. Dazu braucht es klare Regeln: Wann ist das Smartphone ausgeschaltet und unsichtbar im Schulrucksack verstaut und f\u00fcr welche Aufgaben darf es verwendet werden? Eine Schule, mit idealerweise partizipativ erarbeiteten Regeln (zum Umgang mit dem Smartphone), stellt eine ideale Umgebung dar, um einen verantwortungsvollen und reflektierten Umgang mit dem Smartphone zu \u00fcben.<\/p>\n\n\n\n<p>Gerade weil Kinder und Jugendliche in ihrer Freizeit oft unweigerlich Zugang zu Smartphones und anderen Ger\u00e4ten haben, ist es wichtig, dass sie fr\u00fchzeitig lernen, diese verantwortungsvoll zu nutzen. Es geht nicht darum, dass digitale Tools das Analoge ersetzen. Vielmehr soll durch didaktische \u00dcberlegungen ein stimmiges Zusammenspiel von analogen und digitalen Ans\u00e4tzen geschaffen werden, um vielf\u00e4ltige Lernzug\u00e4nge zu erm\u00f6glichen.<\/p>\n\n\n\n<p><strong>Digitale Medien \u2013 Vom Ablenkungsfaktor zur Lernchance<\/strong><\/p>\n\n\n\n<p>Eine Lehrperson ist besorgt, dass Smartphones ihre Sch\u00fcler:innen vom Unterricht ablenken. Die schulischen Leistungen k\u00f6nnten darunter leiden. Welchen Einfluss digitale Medien auf das Lernen haben, wird in der Fachliteratur kontrovers diskutiert. Unumstritten ist, dass die Wirksamkeit davon abh\u00e4ngt, wie digitale Medien eingesetzt und genutzt werden. Wenn Sch\u00fcler:innen Smartphones oder Tablets ohne gezielte Anleitung der Lehrperson nutzen, verbessert sich die Lernqualit\u00e4t nicht. Positive Effekte hingegen ergeben sich, wenn digitale Medien zur aktiven Auseinandersetzung mit Lerninhalten eigesetzt werden (F\u00fctterer et al., 2016). Eine Lehrperson k\u00f6nnte ihre Sch\u00fcler:innen \u00fcber eine digitale Applikation zu einer Zeitreise einladen, um konkrete Fragestellungen zu einer historischen Epoche zu erkunden.<\/p>\n\n\n\n<p>Weiter belegen Studien, dass projekt- und problemorientiertes Lernen mit digitalen Ger\u00e4ten die Lernleistung positiv beeinflussen kann (Sung et al., 2016). Dabei k\u00f6nnen digitale Medien die Sch\u00fcler:innen bei der Recherche und der kreativen Pr\u00e4sentation ihrer Ergebnisse unterst\u00fctzen. Digitale Medien k\u00f6nnen also das Lernen verbessern und bereichern, wenn sie durchdacht integriert werden und die Voraussetzungen der Sch\u00fcler:innen, den Inhalt sowie die Lernziele ber\u00fccksichtigen (B\u00f6hme &amp; Munser-Kiefer, 2020).<\/p>\n\n\n\n<p>Um Ablenkung zu vermeiden und einen positiven Effekt zu erzielen, ist es wichtig, dass der Einsatz von digitalen Medien reflektiert wird. Dies kann dazu beitragen, den Sch\u00fcler:innen Kompetenzen im Bereich der digitalen Selbstregulation zu vermitteln. Diese F\u00e4higkeit ist entscheidend, um Ablenkungen zu minimieren und sich auf das Wesentliche zu konzentrieren. Lehrpersonen k\u00f6nnen unterst\u00fctzend wirken, indem sie gemeinsam mit den Sch\u00fcler:innen Strategien entwickeln, wie beispielsweise das gezielte Ein- und Ausschalten von Benachrichtigungen oder die Nutzung von Apps, die die Konzentration auf lernrelevante Inhalte f\u00f6rdern. Damit wird der Umgang mit den digitalen Ger\u00e4ten zur gelebten Praxis und kann den Sch\u00fcler:innen nicht nur in der Schule, sondern auch im privaten Bereich von Nutzen sein.<\/p>\n\n\n\n<p><strong>Digital oder analog: &nbsp;Der Schl\u00fcssel liegt im Zusammenspiel<\/strong><\/p>\n\n\n\n<p>Anstatt Smartphones in Schulen strikt zu verbieten, setzen wir im Zentrum f\u00fcr Medienbildung und Informatik auf p\u00e4dagogische Konzepte, die Sch\u00fcler:innen dabei unterst\u00fctzen, digitale Medien kritisch, verantwortungsvoll und selbstbestimmt zu nutzen. Gemeinsam mit Schulen entwickeln wir altersgerechte Ans\u00e4tze, die Medienkompetenz gezielt st\u00e4rken. Dabei ber\u00fccksichtigen wir die individuellen Bed\u00fcrfnisse und Rahmenbedingungen der jeweiligen Schule.<\/p>\n\n\n\n<p>Es ist wichtig, dass solche p\u00e4dagogischen Konzepte zum Lehren und Lernen mit digitalen Medien in Schulteams abgestimmt und partizipativ entwickelt werden. Ein gemeinsames Verst\u00e4ndnis und Engagement im Kollegium sind zentral, um die Konzepte im Schulalltag umzusetzen.<\/p>\n\n\n\n<p>Es geht nicht darum, sich f\u00fcr oder gegen das Digitale zu entscheiden. Das Potenzial liegt in der gezielten Kombination von digitalen und analogen Lernressourcen. Der Einsatz von Smartphones und traditionellen Schulb\u00fcchern erm\u00f6glicht vielf\u00e4ltige und differenzierte Lernzug\u00e4nge. So kann der Unterricht motivierend, kollaborativ und aktivierend gestaltet werden. Gleichzeitig f\u00f6rdert dieser Ansatz Kompetenzen, die Sch\u00fcler:innen bef\u00e4higen, an einer digitalen Welt teilzuhaben und diese mitzugestalten.<\/p>\n\n\n\n<pre class=\"wp-block-preformatted\">INFOBOX<br><br>Weiterbildungen zum Umgang mit Smartphones an Schulen und weiteren Themen finden Sie <a href=\"https:\/\/phzh.ch\/weiterbildung\/weiterbildung-fuer-die-volksschule\/digitale-bildung\/prozessbegleitung-und-fachberatung\/\" target=\"_blank\" rel=\"noreferrer noopener\">hier<\/a>. <\/pre>\n\n\n\n<h2 class=\"wp-block-heading\">Zu den Autorinnen<\/h2>\n\n\n<div class=\"wp-block-image is-resized\">\n<figure class=\"alignleft size-full\"><img loading=\"lazy\" decoding=\"async\" width=\"1000\" height=\"1500\" src=\"http:\/\/blog.phzh.ch\/schulfuehrung\/files\/2021\/04\/lit_Portrait_Eliane-Burri.jpg\" alt=\"Eliane Burri\" class=\"wp-image-3136\" style=\"width:119px;height:auto\" srcset=\"https:\/\/blog.phzh.ch\/schulfuehrung\/files\/2021\/04\/lit_Portrait_Eliane-Burri.jpg 1000w, https:\/\/blog.phzh.ch\/schulfuehrung\/files\/2021\/04\/lit_Portrait_Eliane-Burri-200x300.jpg 200w, https:\/\/blog.phzh.ch\/schulfuehrung\/files\/2021\/04\/lit_Portrait_Eliane-Burri-683x1024.jpg 683w, https:\/\/blog.phzh.ch\/schulfuehrung\/files\/2021\/04\/lit_Portrait_Eliane-Burri-768x1152.jpg 768w\" sizes=\"auto, (max-width: 1000px) 100vw, 1000px\" \/><\/figure><\/div>\n\n\n<p><\/p>\n\n\n\n<p><a href=\"https:\/\/phzh.ch\/de\/ueber-die-phzh\/organisation\/personen\/mitarbeitendenportraet\/?username=eliane.burri\" target=\"_blank\" rel=\"noreferrer noopener\">Eliane Burri<\/a> leitet das Zentrum Medienbildung und Informatik an der P\u00e4dagogischen Hochschule<br>Z\u00fcrich. Ihre Arbeitsschwerpunkte sind Digital Leadership in Education und die Begleitung von Schulen im digitalen Wandel.<\/p>\n\n\n\n<p><br><\/p>\n\n\n<div class=\"wp-block-image is-resized\">\n<figure class=\"alignleft size-full\"><img loading=\"lazy\" decoding=\"async\" width=\"1686\" height=\"1830\" src=\"http:\/\/blog.phzh.ch\/schulfuehrung\/files\/2024\/10\/Portraetbild.jpg\" alt=\"Dozentin Larissa Meyer-Baron\" class=\"wp-image-6124\" style=\"width:123px;height:auto\" srcset=\"https:\/\/blog.phzh.ch\/schulfuehrung\/files\/2024\/10\/Portraetbild.jpg 1686w, https:\/\/blog.phzh.ch\/schulfuehrung\/files\/2024\/10\/Portraetbild-276x300.jpg 276w, https:\/\/blog.phzh.ch\/schulfuehrung\/files\/2024\/10\/Portraetbild-943x1024.jpg 943w, https:\/\/blog.phzh.ch\/schulfuehrung\/files\/2024\/10\/Portraetbild-768x834.jpg 768w, https:\/\/blog.phzh.ch\/schulfuehrung\/files\/2024\/10\/Portraetbild-1415x1536.jpg 1415w\" sizes=\"auto, (max-width: 1686px) 100vw, 1686px\" \/><\/figure><\/div>\n\n\n<p><br><a href=\"https:\/\/phzh.ch\/de\/ueber-die-phzh\/organisation\/personen\/mitarbeitendenportraet\/?username=larissa.meyer\" target=\"_blank\" rel=\"noreferrer noopener\">Larissa Meyer-Baron<\/a> ist Dozentin im Zentrum Medienbildung und Informatik der P\u00e4dagogischen<br>Hochschule Z\u00fcrich. Ihre Arbeitsschwerpunkte sind schulinterne Weiterbildungen, Prozessbegleitung und die F\u00f6rderung von Medien- und Informatikkompetenzen in<br>den Zyklen 1 und 2.<\/p>\n\n\n\n<p><\/p>\n\n\n<div class=\"wp-block-image is-resized\">\n<figure class=\"alignleft size-full\"><img loading=\"lazy\" decoding=\"async\" width=\"800\" height=\"1120\" src=\"http:\/\/blog.phzh.ch\/schulfuehrung\/files\/2024\/11\/Portrait-Melanie-Kieber.jpg\" alt=\"Portrait Melanie Kieber\" class=\"wp-image-6208\" style=\"width:123px;height:auto\" srcset=\"https:\/\/blog.phzh.ch\/schulfuehrung\/files\/2024\/11\/Portrait-Melanie-Kieber.jpg 800w, https:\/\/blog.phzh.ch\/schulfuehrung\/files\/2024\/11\/Portrait-Melanie-Kieber-214x300.jpg 214w, https:\/\/blog.phzh.ch\/schulfuehrung\/files\/2024\/11\/Portrait-Melanie-Kieber-731x1024.jpg 731w, https:\/\/blog.phzh.ch\/schulfuehrung\/files\/2024\/11\/Portrait-Melanie-Kieber-768x1075.jpg 768w\" sizes=\"auto, (max-width: 800px) 100vw, 800px\" \/><\/figure><\/div>\n\n\n<p><br><a href=\"https:\/\/phzh.ch\/de\/ueber-die-phzh\/organisation\/personen\/mitarbeitendenportraet\/?username=melanie.kieber\" target=\"_blank\" rel=\"noreferrer noopener\">Melanie Kieber<\/a> ist wissenschaftliche Mitarbeiterin im Zentrum Medienbildung und Informatik. Zurzeit befindet sie sich im letzten Jahr des Masterstudiums Fachdidaktik Medien und Informatik.<br><br><br><br><\/p>\n\n\n\n<p>Redaktion: <a href=\"https:\/\/phzh.ch\/ueber-die-phzh\/organisation\/personen\/mitarbeitendenportraet\/?username=melina.maerten\" target=\"_blank\" rel=\"noreferrer noopener\">Melina Maerten<\/a><br>Titelbild: adobe stock<\/p>\n\n\n\n<p><strong>Literaturverzeichnis<\/strong><strong><\/strong><\/p>\n\n\n\n<p><a href=\"https:\/\/doi.org\/10.2139\/ssrn.4735240\" target=\"_blank\" rel=\"noreferrer noopener nofollow\">Abrahamsson, S. (2024). Smartphone Bans, Student Outcomes and Mental Health. <em>SSRN Electronic Journal<\/em>. <\/a><\/p>\n\n\n\n<p><a href=\"https:\/\/doi.org\/10.21240\/mpaed\/jb17\/2020.05.17.x\" target=\"_blank\" rel=\"noreferrer noopener nofollow\">B\u00f6hme, R., &amp; Munser-Kiefer, M. (2020). Learning support with digital teaching materials. <em>MedienP\u00e4dagogik Zeitschrift f\u00fcr Theorie und Praxis der Medienbildung,<\/em> 427\u2013454. <\/a><\/p>\n\n\n\n<p><a href=\"https:\/\/doi.org\/10.1016\/j.cedpsych.2022.102042\" target=\"_blank\" rel=\"noreferrer noopener nofollow\">F\u00fctterer, T., Scheiter, K., Cheng, X., &amp; St\u00fcrmer, K. (2022). Quality beats frequency? Investigating students\u2019 effort in learning when introducing technology in classrooms. <em>Contemporary Educational Psychology, 69<\/em>, 102042.<\/a><\/p>\n\n\n\n<p><a href=\"https:\/\/www.fritzundfraenzi.ch\/schule\/regeln-statt-verbote-handys-sinnvoll-nutzen\/\" target=\"_blank\" rel=\"noreferrer noopener nofollow\">In Albon, M. (2024, 25. Juni). Regeln statt Verbote: Handys in der Schule sinnvoll nutzen. <em>Das Schweizer ElternMagazin Fritz+Fr\u00e4nzi<\/em>. <\/a><\/p>\n\n\n\n<p>K\u00fclling, C., Waller, G., Suter, L., Willemse, I., Bernath, J., Skirgaila, P., Streule, P., &amp; S\u00fcss, D. (2022). JAMES \u2013 Jugend, Aktivit\u00e4ten, Medien \u2013 Erhebung Schweiz. Z\u00fcrich: Z\u00fcrcher Hochschule f\u00fcr Angewandte Wissenschaften.<\/p>\n\n\n\n<p><a href=\"http:\/\/Faktenblatt_LCH_Smartphone_Regelungen_an_Schulen.pdf\" target=\"_blank\" rel=\"noreferrer noopener nofollow\">LCH (2024). Smartphone\/Smartwatch-Regelungen an Schulen. <\/a><\/p>\n\n\n\n<p><a href=\"https:\/\/link.springer.com\/content\/pdf\/10.1007\/s11618-021-01047-y.pdf\" target=\"_blank\" rel=\"noreferrer noopener nofollow\">Scheiter, K. (2021). Lernen und Lehren mit digitalen Medien: Eine Standortbestimmung. In: Zeitschrift f\u00fcr Erziehungswissenschaft (2021) 24, S. 1039\u20131060.<\/a><\/p>\n\n\n\n<p><a href=\"https:\/\/doi.org\/10.1016\/j.compedu.2015.11.008\" target=\"_blank\" rel=\"noreferrer noopener nofollow\">Sung, Y., Chang, K., &amp; Liu, T. (2015). The effects of integrating mobile devices with teaching and learning on students\u2019 learning performance: A meta-analysis and research synthesis. <em>Computers &amp; Education, 94<\/em>, 252\u2013275. <\/a><\/p>\n\n\n\n<p><\/p>\n","protected":false},"excerpt":{"rendered":"<p>Die Smartphones von Sch\u00fcler:innen sorgen im Schulfeld immer wieder f\u00fcr Unruhe. W\u00e4re ein komplettes Verbot sinnvoll? Immer mehr Schulen entwickeln Konzepte zum Umgang mit Smartphones oder denken \u00fcber ein vollst\u00e4ndiges Verbot nach. Dieser Trend betrifft nicht nur die Schweiz, auch L\u00e4nder wie Schweden \u00fcberdenken bereits seit l\u00e4ngerem ihre Digitalisierungsstrategie. Dozierende des Zentrums Medienbildung und Informatik &hellip; <a href=\"https:\/\/blog.phzh.ch\/schulfuehrung\/2024\/11\/22\/smartphones-in-der-schule-zwischen-verbot-und-sinnvoller-integration\/\" class=\"more-link\"><span class=\"screen-reader-text\">Smartphones in der Schule \u2013 Zwischen Verbot und sinnvoller Integration<\/span> weiterlesen<\/a><\/p>\n","protected":false},"author":1392,"featured_media":6218,"comment_status":"open","ping_status":"open","sticky":false,"template":"","format":"standard","meta":{"sfsi_plus_gutenberg_text_before_share":"","sfsi_plus_gutenberg_show_text_before_share":"","sfsi_plus_gutenberg_icon_type":"","sfsi_plus_gutenberg_icon_alignemt":"","sfsi_plus_gutenburg_max_per_row":"","footnotes":""},"categories":[107128,107309],"tags":[109481,109888,109900,109898,109585,109899],"class_list":["post-6207","post","type-post","status-publish","format-standard","has-post-thumbnail","hentry","category-entdecken","category-alle-beitraege","tag-eliane-burri","tag-larissa-meyer-baron","tag-lehrperson","tag-melanie-kieber","tag-schuelerinnen-2","tag-smartphone"],"yoast_head":"<!-- This site is optimized with the Yoast SEO plugin v26.8 - https:\/\/yoast.com\/product\/yoast-seo-wordpress\/ -->\n<title>Smartphones in der Schule \u2013 Zwischen Verbot und sinnvoller Integration - Schulf\u00fchrung<\/title>\n<meta name=\"robots\" content=\"index, follow, max-snippet:-1, max-image-preview:large, max-video-preview:-1\" \/>\n<link rel=\"canonical\" href=\"https:\/\/blog.phzh.ch\/schulfuehrung\/2024\/11\/22\/smartphones-in-der-schule-zwischen-verbot-und-sinnvoller-integration\/\" \/>\n<meta property=\"og:locale\" content=\"de_DE\" \/>\n<meta property=\"og:type\" content=\"article\" \/>\n<meta property=\"og:title\" content=\"Smartphones in der Schule \u2013 Zwischen Verbot und sinnvoller Integration - Schulf\u00fchrung\" \/>\n<meta property=\"og:description\" content=\"Die Smartphones von Sch\u00fcler:innen sorgen im Schulfeld immer wieder f\u00fcr Unruhe. W\u00e4re ein komplettes Verbot sinnvoll? Immer mehr Schulen entwickeln Konzepte zum Umgang mit Smartphones oder denken \u00fcber ein vollst\u00e4ndiges Verbot nach. Dieser Trend betrifft nicht nur die Schweiz, auch L\u00e4nder wie Schweden \u00fcberdenken bereits seit l\u00e4ngerem ihre Digitalisierungsstrategie. Dozierende des Zentrums Medienbildung und Informatik &hellip; Smartphones in der Schule \u2013 Zwischen Verbot und sinnvoller Integration weiterlesen\" \/>\n<meta property=\"og:url\" content=\"https:\/\/blog.phzh.ch\/schulfuehrung\/2024\/11\/22\/smartphones-in-der-schule-zwischen-verbot-und-sinnvoller-integration\/\" \/>\n<meta property=\"og:site_name\" content=\"Schulf\u00fchrung\" \/>\n<meta property=\"article:published_time\" content=\"2024-11-22T03:00:00+00:00\" \/>\n<meta property=\"article:modified_time\" content=\"2024-11-28T12:04:43+00:00\" \/>\n<meta property=\"og:image\" content=\"http:\/\/blog.phzh.ch\/schulfuehrung\/files\/2024\/11\/lit_Titelbild_Schueler-Smartphones_20241911-scaled.jpeg\" \/>\n\t<meta property=\"og:image:width\" content=\"2560\" \/>\n\t<meta property=\"og:image:height\" content=\"1707\" \/>\n\t<meta property=\"og:image:type\" content=\"image\/jpeg\" \/>\n<meta name=\"author\" content=\"melinamaerten\" \/>\n<meta name=\"twitter:card\" content=\"summary_large_image\" \/>\n<meta name=\"twitter:label1\" content=\"Verfasst von\" \/>\n\t<meta name=\"twitter:data1\" content=\"melinamaerten\" \/>\n\t<meta name=\"twitter:label2\" content=\"Gesch\u00e4tzte Lesezeit\" \/>\n\t<meta name=\"twitter:data2\" content=\"10\u00a0Minuten\" \/>\n<script type=\"application\/ld+json\" class=\"yoast-schema-graph\">{\"@context\":\"https:\/\/schema.org\",\"@graph\":[{\"@type\":\"Article\",\"@id\":\"https:\/\/blog.phzh.ch\/schulfuehrung\/2024\/11\/22\/smartphones-in-der-schule-zwischen-verbot-und-sinnvoller-integration\/#article\",\"isPartOf\":{\"@id\":\"https:\/\/blog.phzh.ch\/schulfuehrung\/2024\/11\/22\/smartphones-in-der-schule-zwischen-verbot-und-sinnvoller-integration\/\"},\"author\":{\"name\":\"melinamaerten\",\"@id\":\"https:\/\/blog.phzh.ch\/schulfuehrung\/#\/schema\/person\/13544ff30d01e0e5f98444f0696dcefb\"},\"headline\":\"Smartphones in der Schule \u2013 Zwischen Verbot und sinnvoller Integration\",\"datePublished\":\"2024-11-22T03:00:00+00:00\",\"dateModified\":\"2024-11-28T12:04:43+00:00\",\"mainEntityOfPage\":{\"@id\":\"https:\/\/blog.phzh.ch\/schulfuehrung\/2024\/11\/22\/smartphones-in-der-schule-zwischen-verbot-und-sinnvoller-integration\/\"},\"wordCount\":1720,\"commentCount\":0,\"image\":{\"@id\":\"https:\/\/blog.phzh.ch\/schulfuehrung\/2024\/11\/22\/smartphones-in-der-schule-zwischen-verbot-und-sinnvoller-integration\/#primaryimage\"},\"thumbnailUrl\":\"https:\/\/blog.phzh.ch\/schulfuehrung\/files\/2024\/11\/lit_Titelbild_Schueler-Smartphones_20241911-scaled.jpeg\",\"keywords\":[\"Eliane Burri\",\"Larissa Meyer-Baron\",\"Lehrperson\",\"Melanie Kieber\",\"Sch\u00fcler:innen\",\"Smartphone\"],\"articleSection\":[\"Entdecken\",\"Gesamte Beitr\u00e4ge\"],\"inLanguage\":\"de\",\"potentialAction\":[{\"@type\":\"CommentAction\",\"name\":\"Comment\",\"target\":[\"https:\/\/blog.phzh.ch\/schulfuehrung\/2024\/11\/22\/smartphones-in-der-schule-zwischen-verbot-und-sinnvoller-integration\/#respond\"]}]},{\"@type\":\"WebPage\",\"@id\":\"https:\/\/blog.phzh.ch\/schulfuehrung\/2024\/11\/22\/smartphones-in-der-schule-zwischen-verbot-und-sinnvoller-integration\/\",\"url\":\"https:\/\/blog.phzh.ch\/schulfuehrung\/2024\/11\/22\/smartphones-in-der-schule-zwischen-verbot-und-sinnvoller-integration\/\",\"name\":\"Smartphones in der Schule \u2013 Zwischen Verbot und sinnvoller Integration - Schulf\u00fchrung\",\"isPartOf\":{\"@id\":\"https:\/\/blog.phzh.ch\/schulfuehrung\/#website\"},\"primaryImageOfPage\":{\"@id\":\"https:\/\/blog.phzh.ch\/schulfuehrung\/2024\/11\/22\/smartphones-in-der-schule-zwischen-verbot-und-sinnvoller-integration\/#primaryimage\"},\"image\":{\"@id\":\"https:\/\/blog.phzh.ch\/schulfuehrung\/2024\/11\/22\/smartphones-in-der-schule-zwischen-verbot-und-sinnvoller-integration\/#primaryimage\"},\"thumbnailUrl\":\"https:\/\/blog.phzh.ch\/schulfuehrung\/files\/2024\/11\/lit_Titelbild_Schueler-Smartphones_20241911-scaled.jpeg\",\"datePublished\":\"2024-11-22T03:00:00+00:00\",\"dateModified\":\"2024-11-28T12:04:43+00:00\",\"author\":{\"@id\":\"https:\/\/blog.phzh.ch\/schulfuehrung\/#\/schema\/person\/13544ff30d01e0e5f98444f0696dcefb\"},\"breadcrumb\":{\"@id\":\"https:\/\/blog.phzh.ch\/schulfuehrung\/2024\/11\/22\/smartphones-in-der-schule-zwischen-verbot-und-sinnvoller-integration\/#breadcrumb\"},\"inLanguage\":\"de\",\"potentialAction\":[{\"@type\":\"ReadAction\",\"target\":[\"https:\/\/blog.phzh.ch\/schulfuehrung\/2024\/11\/22\/smartphones-in-der-schule-zwischen-verbot-und-sinnvoller-integration\/\"]}]},{\"@type\":\"ImageObject\",\"inLanguage\":\"de\",\"@id\":\"https:\/\/blog.phzh.ch\/schulfuehrung\/2024\/11\/22\/smartphones-in-der-schule-zwischen-verbot-und-sinnvoller-integration\/#primaryimage\",\"url\":\"https:\/\/blog.phzh.ch\/schulfuehrung\/files\/2024\/11\/lit_Titelbild_Schueler-Smartphones_20241911-scaled.jpeg\",\"contentUrl\":\"https:\/\/blog.phzh.ch\/schulfuehrung\/files\/2024\/11\/lit_Titelbild_Schueler-Smartphones_20241911-scaled.jpeg\",\"width\":2560,\"height\":1707,\"caption\":\"Diverse multiethnic kids students using smartphones in classroom. Multicultural children holding devices having fun with mobile phones apps playing games and checking social media at school.\"},{\"@type\":\"BreadcrumbList\",\"@id\":\"https:\/\/blog.phzh.ch\/schulfuehrung\/2024\/11\/22\/smartphones-in-der-schule-zwischen-verbot-und-sinnvoller-integration\/#breadcrumb\",\"itemListElement\":[{\"@type\":\"ListItem\",\"position\":1,\"name\":\"Startseite\",\"item\":\"https:\/\/blog.phzh.ch\/schulfuehrung\/\"},{\"@type\":\"ListItem\",\"position\":2,\"name\":\"Smartphones in der Schule \u2013 Zwischen Verbot und sinnvoller Integration\"}]},{\"@type\":\"WebSite\",\"@id\":\"https:\/\/blog.phzh.ch\/schulfuehrung\/#website\",\"url\":\"https:\/\/blog.phzh.ch\/schulfuehrung\/\",\"name\":\"Schulf\u00fchrung\",\"description\":\"phzh.ch\/schulfuehrung\",\"potentialAction\":[{\"@type\":\"SearchAction\",\"target\":{\"@type\":\"EntryPoint\",\"urlTemplate\":\"https:\/\/blog.phzh.ch\/schulfuehrung\/?s={search_term_string}\"},\"query-input\":{\"@type\":\"PropertyValueSpecification\",\"valueRequired\":true,\"valueName\":\"search_term_string\"}}],\"inLanguage\":\"de\"},{\"@type\":\"Person\",\"@id\":\"https:\/\/blog.phzh.ch\/schulfuehrung\/#\/schema\/person\/13544ff30d01e0e5f98444f0696dcefb\",\"name\":\"melinamaerten\",\"image\":{\"@type\":\"ImageObject\",\"inLanguage\":\"de\",\"@id\":\"https:\/\/blog.phzh.ch\/schulfuehrung\/#\/schema\/person\/image\/\",\"url\":\"https:\/\/secure.gravatar.com\/avatar\/581b196899ac4a61b7e20a29f4dd52fe?s=96&d=mm&r=g\",\"contentUrl\":\"https:\/\/secure.gravatar.com\/avatar\/581b196899ac4a61b7e20a29f4dd52fe?s=96&d=mm&r=g\",\"caption\":\"melinamaerten\"},\"url\":\"https:\/\/blog.phzh.ch\/schulfuehrung\/author\/melinamaerten\/\"}]}<\/script>\n<!-- \/ Yoast SEO plugin. -->","yoast_head_json":{"title":"Smartphones in der Schule \u2013 Zwischen Verbot und sinnvoller Integration - Schulf\u00fchrung","robots":{"index":"index","follow":"follow","max-snippet":"max-snippet:-1","max-image-preview":"max-image-preview:large","max-video-preview":"max-video-preview:-1"},"canonical":"https:\/\/blog.phzh.ch\/schulfuehrung\/2024\/11\/22\/smartphones-in-der-schule-zwischen-verbot-und-sinnvoller-integration\/","og_locale":"de_DE","og_type":"article","og_title":"Smartphones in der Schule \u2013 Zwischen Verbot und sinnvoller Integration - Schulf\u00fchrung","og_description":"Die Smartphones von Sch\u00fcler:innen sorgen im Schulfeld immer wieder f\u00fcr Unruhe. W\u00e4re ein komplettes Verbot sinnvoll? Immer mehr Schulen entwickeln Konzepte zum Umgang mit Smartphones oder denken \u00fcber ein vollst\u00e4ndiges Verbot nach. Dieser Trend betrifft nicht nur die Schweiz, auch L\u00e4nder wie Schweden \u00fcberdenken bereits seit l\u00e4ngerem ihre Digitalisierungsstrategie. Dozierende des Zentrums Medienbildung und Informatik &hellip; Smartphones in der Schule \u2013 Zwischen Verbot und sinnvoller Integration weiterlesen","og_url":"https:\/\/blog.phzh.ch\/schulfuehrung\/2024\/11\/22\/smartphones-in-der-schule-zwischen-verbot-und-sinnvoller-integration\/","og_site_name":"Schulf\u00fchrung","article_published_time":"2024-11-22T03:00:00+00:00","article_modified_time":"2024-11-28T12:04:43+00:00","og_image":[{"width":2560,"height":1707,"url":"http:\/\/blog.phzh.ch\/schulfuehrung\/files\/2024\/11\/lit_Titelbild_Schueler-Smartphones_20241911-scaled.jpeg","type":"image\/jpeg"}],"author":"melinamaerten","twitter_card":"summary_large_image","twitter_misc":{"Verfasst von":"melinamaerten","Gesch\u00e4tzte Lesezeit":"10\u00a0Minuten"},"schema":{"@context":"https:\/\/schema.org","@graph":[{"@type":"Article","@id":"https:\/\/blog.phzh.ch\/schulfuehrung\/2024\/11\/22\/smartphones-in-der-schule-zwischen-verbot-und-sinnvoller-integration\/#article","isPartOf":{"@id":"https:\/\/blog.phzh.ch\/schulfuehrung\/2024\/11\/22\/smartphones-in-der-schule-zwischen-verbot-und-sinnvoller-integration\/"},"author":{"name":"melinamaerten","@id":"https:\/\/blog.phzh.ch\/schulfuehrung\/#\/schema\/person\/13544ff30d01e0e5f98444f0696dcefb"},"headline":"Smartphones in der Schule \u2013 Zwischen Verbot und sinnvoller Integration","datePublished":"2024-11-22T03:00:00+00:00","dateModified":"2024-11-28T12:04:43+00:00","mainEntityOfPage":{"@id":"https:\/\/blog.phzh.ch\/schulfuehrung\/2024\/11\/22\/smartphones-in-der-schule-zwischen-verbot-und-sinnvoller-integration\/"},"wordCount":1720,"commentCount":0,"image":{"@id":"https:\/\/blog.phzh.ch\/schulfuehrung\/2024\/11\/22\/smartphones-in-der-schule-zwischen-verbot-und-sinnvoller-integration\/#primaryimage"},"thumbnailUrl":"https:\/\/blog.phzh.ch\/schulfuehrung\/files\/2024\/11\/lit_Titelbild_Schueler-Smartphones_20241911-scaled.jpeg","keywords":["Eliane Burri","Larissa Meyer-Baron","Lehrperson","Melanie Kieber","Sch\u00fcler:innen","Smartphone"],"articleSection":["Entdecken","Gesamte Beitr\u00e4ge"],"inLanguage":"de","potentialAction":[{"@type":"CommentAction","name":"Comment","target":["https:\/\/blog.phzh.ch\/schulfuehrung\/2024\/11\/22\/smartphones-in-der-schule-zwischen-verbot-und-sinnvoller-integration\/#respond"]}]},{"@type":"WebPage","@id":"https:\/\/blog.phzh.ch\/schulfuehrung\/2024\/11\/22\/smartphones-in-der-schule-zwischen-verbot-und-sinnvoller-integration\/","url":"https:\/\/blog.phzh.ch\/schulfuehrung\/2024\/11\/22\/smartphones-in-der-schule-zwischen-verbot-und-sinnvoller-integration\/","name":"Smartphones in der Schule \u2013 Zwischen Verbot und sinnvoller Integration - Schulf\u00fchrung","isPartOf":{"@id":"https:\/\/blog.phzh.ch\/schulfuehrung\/#website"},"primaryImageOfPage":{"@id":"https:\/\/blog.phzh.ch\/schulfuehrung\/2024\/11\/22\/smartphones-in-der-schule-zwischen-verbot-und-sinnvoller-integration\/#primaryimage"},"image":{"@id":"https:\/\/blog.phzh.ch\/schulfuehrung\/2024\/11\/22\/smartphones-in-der-schule-zwischen-verbot-und-sinnvoller-integration\/#primaryimage"},"thumbnailUrl":"https:\/\/blog.phzh.ch\/schulfuehrung\/files\/2024\/11\/lit_Titelbild_Schueler-Smartphones_20241911-scaled.jpeg","datePublished":"2024-11-22T03:00:00+00:00","dateModified":"2024-11-28T12:04:43+00:00","author":{"@id":"https:\/\/blog.phzh.ch\/schulfuehrung\/#\/schema\/person\/13544ff30d01e0e5f98444f0696dcefb"},"breadcrumb":{"@id":"https:\/\/blog.phzh.ch\/schulfuehrung\/2024\/11\/22\/smartphones-in-der-schule-zwischen-verbot-und-sinnvoller-integration\/#breadcrumb"},"inLanguage":"de","potentialAction":[{"@type":"ReadAction","target":["https:\/\/blog.phzh.ch\/schulfuehrung\/2024\/11\/22\/smartphones-in-der-schule-zwischen-verbot-und-sinnvoller-integration\/"]}]},{"@type":"ImageObject","inLanguage":"de","@id":"https:\/\/blog.phzh.ch\/schulfuehrung\/2024\/11\/22\/smartphones-in-der-schule-zwischen-verbot-und-sinnvoller-integration\/#primaryimage","url":"https:\/\/blog.phzh.ch\/schulfuehrung\/files\/2024\/11\/lit_Titelbild_Schueler-Smartphones_20241911-scaled.jpeg","contentUrl":"https:\/\/blog.phzh.ch\/schulfuehrung\/files\/2024\/11\/lit_Titelbild_Schueler-Smartphones_20241911-scaled.jpeg","width":2560,"height":1707,"caption":"Diverse multiethnic kids students using smartphones in classroom. Multicultural children holding devices having fun with mobile phones apps playing games and checking social media at school."},{"@type":"BreadcrumbList","@id":"https:\/\/blog.phzh.ch\/schulfuehrung\/2024\/11\/22\/smartphones-in-der-schule-zwischen-verbot-und-sinnvoller-integration\/#breadcrumb","itemListElement":[{"@type":"ListItem","position":1,"name":"Startseite","item":"https:\/\/blog.phzh.ch\/schulfuehrung\/"},{"@type":"ListItem","position":2,"name":"Smartphones in der Schule \u2013 Zwischen Verbot und sinnvoller Integration"}]},{"@type":"WebSite","@id":"https:\/\/blog.phzh.ch\/schulfuehrung\/#website","url":"https:\/\/blog.phzh.ch\/schulfuehrung\/","name":"Schulf\u00fchrung","description":"phzh.ch\/schulfuehrung","potentialAction":[{"@type":"SearchAction","target":{"@type":"EntryPoint","urlTemplate":"https:\/\/blog.phzh.ch\/schulfuehrung\/?s={search_term_string}"},"query-input":{"@type":"PropertyValueSpecification","valueRequired":true,"valueName":"search_term_string"}}],"inLanguage":"de"},{"@type":"Person","@id":"https:\/\/blog.phzh.ch\/schulfuehrung\/#\/schema\/person\/13544ff30d01e0e5f98444f0696dcefb","name":"melinamaerten","image":{"@type":"ImageObject","inLanguage":"de","@id":"https:\/\/blog.phzh.ch\/schulfuehrung\/#\/schema\/person\/image\/","url":"https:\/\/secure.gravatar.com\/avatar\/581b196899ac4a61b7e20a29f4dd52fe?s=96&d=mm&r=g","contentUrl":"https:\/\/secure.gravatar.com\/avatar\/581b196899ac4a61b7e20a29f4dd52fe?s=96&d=mm&r=g","caption":"melinamaerten"},"url":"https:\/\/blog.phzh.ch\/schulfuehrung\/author\/melinamaerten\/"}]}},"_links":{"self":[{"href":"https:\/\/blog.phzh.ch\/schulfuehrung\/wp-json\/wp\/v2\/posts\/6207","targetHints":{"allow":["GET"]}}],"collection":[{"href":"https:\/\/blog.phzh.ch\/schulfuehrung\/wp-json\/wp\/v2\/posts"}],"about":[{"href":"https:\/\/blog.phzh.ch\/schulfuehrung\/wp-json\/wp\/v2\/types\/post"}],"author":[{"embeddable":true,"href":"https:\/\/blog.phzh.ch\/schulfuehrung\/wp-json\/wp\/v2\/users\/1392"}],"replies":[{"embeddable":true,"href":"https:\/\/blog.phzh.ch\/schulfuehrung\/wp-json\/wp\/v2\/comments?post=6207"}],"version-history":[{"count":10,"href":"https:\/\/blog.phzh.ch\/schulfuehrung\/wp-json\/wp\/v2\/posts\/6207\/revisions"}],"predecessor-version":[{"id":6337,"href":"https:\/\/blog.phzh.ch\/schulfuehrung\/wp-json\/wp\/v2\/posts\/6207\/revisions\/6337"}],"wp:featuredmedia":[{"embeddable":true,"href":"https:\/\/blog.phzh.ch\/schulfuehrung\/wp-json\/wp\/v2\/media\/6218"}],"wp:attachment":[{"href":"https:\/\/blog.phzh.ch\/schulfuehrung\/wp-json\/wp\/v2\/media?parent=6207"}],"wp:term":[{"taxonomy":"category","embeddable":true,"href":"https:\/\/blog.phzh.ch\/schulfuehrung\/wp-json\/wp\/v2\/categories?post=6207"},{"taxonomy":"post_tag","embeddable":true,"href":"https:\/\/blog.phzh.ch\/schulfuehrung\/wp-json\/wp\/v2\/tags?post=6207"}],"curies":[{"name":"wp","href":"https:\/\/api.w.org\/{rel}","templated":true}]}}