{"id":6118,"date":"2024-10-18T04:00:00","date_gmt":"2024-10-18T02:00:00","guid":{"rendered":"https:\/\/blog.phzh.ch\/schulfuehrung\/?p=6118"},"modified":"2024-10-17T14:20:11","modified_gmt":"2024-10-17T12:20:11","slug":"picts-staerken-tipps-fuer-ein-weiterbildungskonzept-im-digitalen-kontext","status":"publish","type":"post","link":"https:\/\/blog.phzh.ch\/schulfuehrung\/2024\/10\/18\/picts-staerken-tipps-fuer-ein-weiterbildungskonzept-im-digitalen-kontext\/","title":{"rendered":"PICTS st\u00e4rken &#8211; Tipps f\u00fcr ein Weiterbildungskonzept im digitalen Kontext"},"content":{"rendered":"\n<p><strong>Der folgende Artikel liefert Schulleitungen Tipps f\u00fcr einen nachhaltigen Entwicklungsprozess im digitalen Kontext. Larissa Meyer-Baron beschreibt am Beispiel einer Weiterbildung mit dem Zyklus 1-Team in Opfikon, wie Lehrpersonen auf diesem gemeinsamen Weg begleitet werden k\u00f6nnen. Insbesondere sticht die zentrale Rolle der P\u00e4dagogischen ICT-Supporter:innen (PICTS) hervor, die das Schulteam motivieren, unterst\u00fctzen und nicht aus dem Weiterbildungskonzept wegzudenken sind.<\/strong><\/p>\n\n\n\n<p>Der Einsatz digitaler Ger\u00e4te und die Umsetzung des Modullehrplans \u00abMedien und Informatik\u00bb werfen im Schulfeld nach wie vor Fragen auf: Wie kann der Kompetenzaufbau der Lernenden altersgerecht und zielf\u00fchrend gestaltet werden? Wie viel Technologieeinsatz ist zweckm\u00e4ssig? Wie k\u00f6nnen die Lehrpersonen dabei gef\u00f6rdert und unterst\u00fctzt werden?<\/p>\n\n\n\n<p>Lehrpersonen des Zyklus 1 f\u00fcr die Integration von Medien und Informatik in den Unterricht zu bef\u00e4higen ist besonders herausfordernd, weil es weder ein entsprechendes Fach noch eine verbindliche Weiterbildung daf\u00fcr gibt. Oft sind Vorbehalte gegen\u00fcber dem Medieneinsatz vorhanden und die eigene Kompetenzerweiterung kommt neben allen weiteren Herausforderungen zu kurz.<\/p>\n\n\n\n<p>Vor diesem Hintergrund war es der PICTS-Fachstelle der Schule Opfikon ein Anliegen, ein ansprechendes Angebot f\u00fcr die Lehrpersonen des Zyklus 1 zu schaffen. Das Schulteam sollte f\u00fcr den zweckm\u00e4ssigen Einsatz digitaler Ger\u00e4te und die F\u00f6rderung von Medien- und Informatikkompetenzen im Unterricht motiviert und bef\u00e4higt werden.<\/p>\n\n\n\n<p>Mit diesem Anliegen gelangte die PICTS-Fachstelle an das Zentrum Medienbildung und Informatik der PH Z\u00fcrich. Schnell sind die Beteiligten zum Schluss gekommen, die ICT-Supporter:innen (PICTS) des Zyklus 1 aktiv in den Entwicklungsprozess und somit in die Kursdurchf\u00fchrung einzubinden. Gemeinsam mit der Schulleitung wurden die Ziele, das Setting und der grobe Ablauf der <a href=\"https:\/\/phzh.ch\/de\/weiterbildung\/weiterbildung-fuer-die-volksschule\/angebote\/schulinterne-weiterbildung\/\" target=\"_blank\" rel=\"noreferrer noopener\">schulinternen Weiterbildung (SCHILW)<\/a> gekl\u00e4rt.<\/p>\n\n\n<p><!--more--><\/p>\n\n\n<p>Das Kursangebot sollte den Lehrpersonen praktische Unterrichtsideen f\u00fcr den Zyklus 1 liefern, ihnen eigene Erfahrungen mit der Klasse erm\u00f6glichen und sie dabei begleiten. Ebenfalls wurde ein Setting gew\u00fcnscht, das sowohl Selbststudium als auch Workshops vor Ort miteinander kombiniert. Um Nachhaltigkeit zu schaffen, wurde die Weiterbildung \u00fcber einen l\u00e4ngeren Zeitraum angesetzt, w\u00e4hrend diesem sich die Lehrpersonen regelm\u00e4ssig mit dem Thema besch\u00e4ftigen und von den PICTS begleitet werden.<\/p>\n\n\n\n<p><strong>Das Weiterbildungskonzept der Schule Opfikon f\u00fcr den Zyklus 1<\/strong><\/p>\n\n\n\n<figure class=\"wp-block-image size-full is-resized\"><img loading=\"lazy\" decoding=\"async\" width=\"4372\" height=\"735\" src=\"https:\/\/blog.phzh.ch\/schulfuehrung\/files\/2024\/10\/Bild-Kursablauf.png\" alt=\"Ablauf SCHILW f\u00fcr Lehrpersonen Zyklus 1\" class=\"wp-image-6121\" style=\"width:690px;height:auto\" srcset=\"https:\/\/blog.phzh.ch\/schulfuehrung\/files\/2024\/10\/Bild-Kursablauf.png 4372w, https:\/\/blog.phzh.ch\/schulfuehrung\/files\/2024\/10\/Bild-Kursablauf-300x50.png 300w, https:\/\/blog.phzh.ch\/schulfuehrung\/files\/2024\/10\/Bild-Kursablauf-1024x172.png 1024w, https:\/\/blog.phzh.ch\/schulfuehrung\/files\/2024\/10\/Bild-Kursablauf-768x129.png 768w, https:\/\/blog.phzh.ch\/schulfuehrung\/files\/2024\/10\/Bild-Kursablauf-1536x258.png 1536w, https:\/\/blog.phzh.ch\/schulfuehrung\/files\/2024\/10\/Bild-Kursablauf-2048x344.png 2048w\" sizes=\"auto, (max-width: 4372px) 100vw, 4372px\" \/><\/figure>\n\n\n\n<p><em>Ablauf der SCHILW f\u00fcr die Lehrpersonen des Zyklus 1 an der Schule Opfikon \u00fcber das Schuljahr 2023\/24<\/em><\/p>\n\n\n\n<p>Die Lehrpersonen des Zyklus 1 befassten sich zuerst individuell mit dem Selbststudium: Theorie-Input als Webcast anschauen und Auftrag dazu l\u00f6sen. Im Zeitraum zwischen November und Fr\u00fchjahr 2024 besuchten sie in Gruppen den Workshop bei den PICTS, in dem sie praktische Unterrichtsideen kennenlernen und ausprobieren konnten. Danach setzten sie eine kurze Unterrichtseinheit mit ihrer Klasse um (Praxistransfer), berichtete abschliessend an einer Teamsitzung \u00fcber ihre Erfahrungen und tauschten so gegenseitig Ideen aus.<\/p>\n\n\n\n<figure class=\"wp-block-image size-large\"><img loading=\"lazy\" decoding=\"async\" width=\"1024\" height=\"768\" src=\"http:\/\/blog.phzh.ch\/schulfuehrung\/files\/2024\/10\/Bild-Einblick-Kurs-PRIO-2-1024x768.jpg\" alt=\"Einblick Workshop Begleitung Lehrpersonen der PICTS\" class=\"wp-image-6122\" srcset=\"https:\/\/blog.phzh.ch\/schulfuehrung\/files\/2024\/10\/Bild-Einblick-Kurs-PRIO-2-1024x768.jpg 1024w, https:\/\/blog.phzh.ch\/schulfuehrung\/files\/2024\/10\/Bild-Einblick-Kurs-PRIO-2-300x225.jpg 300w, https:\/\/blog.phzh.ch\/schulfuehrung\/files\/2024\/10\/Bild-Einblick-Kurs-PRIO-2-768x576.jpg 768w, https:\/\/blog.phzh.ch\/schulfuehrung\/files\/2024\/10\/Bild-Einblick-Kurs-PRIO-2-1536x1152.jpg 1536w, https:\/\/blog.phzh.ch\/schulfuehrung\/files\/2024\/10\/Bild-Einblick-Kurs-PRIO-2-2048x1536.jpg 2048w\" sizes=\"auto, (max-width: 1024px) 100vw, 1024px\" \/><\/figure>\n\n\n\n<hr class=\"wp-block-separator has-alpha-channel-opacity\"\/>\n\n\n\n<p><em>Die PICTS begleiteten die Lehrpersonen in den Workshops und auch danach beim Einsatz von digitalen Medien. Hier die Greenscreen-Technik.<\/em><\/p>\n\n\n\n<p>F\u00fcr die Durchf\u00fchrung stellte das Zentrum Medienbildung und Informatik der PH Z\u00fcrich alle ben\u00f6tigten Kursunterlagen wie Webcast f\u00fcrs Selbststudium, Pr\u00e4sentationsfolien, Unterrichtsideen und -materialien zur Verf\u00fcgung und schulte die p\u00e4dagogischen ICT-Supporter:innen, damit sie die Workshops anschliessend selbst vor Ort durchf\u00fchren konnten. W\u00e4hrend der Durchf\u00fchrungsphase begleiteten Fachpersonen des Zentrums Medienbildung und Informatik die PICTS mittels Planungs- und Debriefing-Gespr\u00e4chen.<\/p>\n\n\n\n<p><strong>Ressourcen und Praxiserfahrung als Gewinn f\u00fcr die Lehrpersonen<\/strong><\/p>\n\n\n\n<p>Aus den R\u00fcckmeldungen der Lehrpersonen geht hervor, dass sie insbesondere den Praxisbezug sch\u00e4tzten. Wie die PICTS berichten, h\u00e4tten die Lehrpersonen einen grossen Ideenkatalog f\u00fcr ihren Alltag mitnehmen k\u00f6nnen: <\/p>\n\n\n\n<blockquote class=\"wp-block-quote is-layout-flow wp-block-quote-is-layout-flow\">\n<p>\u00ab<em>Mit dem digitalen Ideenpool (Online-Pinnwand) haben sie eine gute Ressource.<\/em> <em>Dieser hat sehr gefruchtet, die Lehrpersonen erz\u00e4hlen oft, dass sie etwas davon in ihrem Unterricht umgesetzt haben<\/em>\u00bb.<\/p>\n<\/blockquote>\n\n\n\n<p>Zu einer Umsetzung im Unterricht h\u00e4tte auch der Praxistransfer beigetragen. Durch die Unterst\u00fctzung der p\u00e4dagogischen ICT-Supporter:innen w\u00e4hrend des Auftrags wagten sich auch Lehrpersonen mit weniger Erfahrung an einen Einsatz von digitalen Medien. Die Lehrpersonen h\u00e4tten gewusst, dass die PICTS zur Unterst\u00fctzung da seien und nicht urteilen.<\/p>\n\n\n\n<blockquote class=\"wp-block-quote is-layout-flow wp-block-quote-is-layout-flow\">\n<p>\u00ab<em>Genau das wollten wir r\u00fcberbringen<\/em>\u00bb, fasst das PICTS-Team zusammen.<\/p>\n<\/blockquote>\n\n\n\n<p><strong>PICTS-Rolle sichtbar machen und st\u00e4rken<\/strong><\/p>\n\n\n\n<p>Ziel des Entwicklungsprozesses war es ebenfalls, die PICTS in ihrer Rolle zu st\u00e4rken und im Schulteam sichtbar zu machen, was sichtlich gelungen ist: <\/p>\n\n\n\n<blockquote class=\"wp-block-quote is-layout-flow wp-block-quote-is-layout-flow\">\n<p>\u00ab<em>Ich glaube, wir konnten zeigen, dass wir offen sind f\u00fcr alle Fragen.<\/em> <em>Die Lehrpersonen kennen uns nun und wissen, auf welcher Stufe wir arbeiten und wer Ansprechperson ist. Insbesondere bei einer so grossen Schulgemeinde mit mehreren Schulh\u00e4usern ist das wichtig.<\/em>\u00bb<\/p>\n<\/blockquote>\n\n\n\n<p>Die Lehrpersonen s\u00e4hen die p\u00e4dagogischen ICT-Supporter:innen als Expert:innen im Team und h\u00e4tten ihnen gegen\u00fcber Vertrauen aufgebaut, um sich f\u00fcr Unterst\u00fctzung oder bei Fragen an sie zu wenden. Dies sei vor allem deshalb gelungen, meinen die PICTS, weil sie den Lehrpersonen auf Augenh\u00f6he begegneten und die Situation an der Schule aus ihrer eigenen Unterrichtst\u00e4tigkeit kennen:<\/p>\n\n\n\n<blockquote class=\"wp-block-quote is-layout-flow wp-block-quote-is-layout-flow\">\n<p>\u00ab<em>Das Schulteam freute sich, dass Lehrpersonen aus der eigenen Schulgemeinde die Weiterbildung leiteten. Denn wir kennen die Klientel, wir wissen, welche Herausforderungen wir an der Schule haben, und konnten sie davon \u00fcberzeugen, dass vieles auch an unseren QUIMS-Schulen m\u00f6glich ist.<\/em>\u00bb<\/p>\n<\/blockquote>\n\n\n\n<p>Die Kenntnisse \u00fcber die Rahmenbedingungen der Schule und dass die PICTS Unterrichtsideen selbst ausprobierten, h\u00e4tten auch dabei geholfen, die eher etwas kritischen Lehrpersonen zu \u00abknacken\u00bb. Ein wichtiger Teil der PICTS-Arbeit sei es denn auch, die Lehrpersonen zu motivieren. Die PICTS h\u00e4tten den Lehrpersonen aufgezeigt, dass sie unbewusst schon einiges im Bereich Medien und Informatik machten, dadurch waren sie positiv gest\u00e4rkt.<\/p>\n\n\n\n<p>W\u00e4hrend der gesamten Weiterbildungsphase stand den p\u00e4dagogischen ICT-Supporter:innen eine Ansprechperson des Zentrums Medienbildung und Informatik der PH Z\u00fcrich mit Ressourcen und f\u00fcr Fragen zur Seite. Gemeinsam strukturierten sie auch den Workshop. Diese fachliche Absicherung sch\u00e4tzten die PICTS und sahen es auch als Gelegenheit, sich selbst weiterzubilden:<\/p>\n\n\n\n<blockquote class=\"wp-block-quote is-layout-flow wp-block-quote-is-layout-flow\">\n<p>\u00ab<em>Wir haben uns regelm\u00e4ssig mit ihr [der Ansprechperson] \u00fcber die anstehenden Schritte ausgetauscht. Sie hat uns viele verschiedene Inputs gegeben und wir konnten alle Fragen stellen. Dadurch f\u00fchlten wir uns professionell unterst\u00fctzt.\u00bb<\/em><\/p>\n<\/blockquote>\n\n\n\n<p><strong>Tipps f\u00fcr Schulleitungen<\/strong><\/p>\n\n\n\n<p>Am Beispiel der gelungenen Weiterbildung mit den Lehrpersonen im Zyklus 1 aus Opfikon lassen sich generelle Tipps f\u00fcr nachhaltige Entwicklungsprozesse im digitalen Kontext ableiten:<\/p>\n\n\n\n<ul class=\"wp-block-list\">\n<li><strong>PICTS einbeziehen<\/strong>: Die p\u00e4dagogische ICT-Supporter:innen kennen die Situation vor Ort und sind Expert:innen, was die F\u00f6rderung von Medien- und Informatikkompetenzen im Unterricht angeht. Beziehen Sie die PICTS deshalb f\u00fcr eine Weiterbildung im digitalen Kontext sowohl bei der Vorbereitung als auch bei der Durchf\u00fchrung mit ein. So k\u00f6nnen die PICTS als Ansprechpersonen auftreten, die Lehrpersonen motivieren und sie \u00fcber l\u00e4ngere Zeit unterst\u00fctzten.<\/li>\n\n\n\n<li><strong>Ansprechende und flexible Gef\u00e4sse anbieten<\/strong>: Achten Sie auf einen stimmigen Mix zwischen Selbststudium, bei dem sich die Lehrpersonen flexibel mit der Thematik auseinandersetzen k\u00f6nnen. Planen Sie auch gen\u00fcgend Zeit vor Ort ein. Wie die PICTS aus Opfikon berichten, sch\u00e4tzen Lehrpersonen die Zeit, um Apps und Unterrichtsideen zu testen sowie Fragen zu stellen. Zudem w\u00fcrde in solchen Sequenzen auch der Austausch im Team gef\u00f6rdert.<\/li>\n\n\n\n<li><strong>Praxistransfer f\u00f6rdern<\/strong>: Lassen Sie die Lehrpersonen eine kurze Einheit in ihrem Unterricht umsetzen. Indem die Lehrpersonen das Gelernte praktisch anwenden, wird die Nachhaltigkeit einer Weiterbildung gef\u00f6rdert. Wie sich in Opfikon zeigte, sind gehaltvolle und praxistaugliche Ressourcen eine grosse Unterst\u00fctzung.<\/li>\n\n\n\n<li><strong>Nachhaltigkeit schaffen<\/strong>: Setzen Sie die Weiterbildung in einen gr\u00f6sseren Kontext. Der digitale Wandel ist nicht mit einer Mittwochnachmittagsweiterbildung abgehakt. Als Schule ist es deshalb wichtig, eine Vision zu haben und mit dem Weiterbildungskonzept \u00fcber l\u00e4ngere Zeit daran zu arbeiten. Das bedingt, dass die Schulleitung klar hinter dem Vorhaben steht und mit einer freundlichen Persistenz am Thema bleibt. Die PICTS aus Opfikon raten, hin und wieder eine Weiterbildung als obligatorisch zu deklarieren, \u00ab<em>denn so m\u00fcssen sich die Lehrpersonen etwas Neuem zuwenden.<\/em>\u00bb<\/li>\n<\/ul>\n\n\n\n<p><strong>Ein Blick in die Zukunft der Schule Opfikon<\/strong><\/p>\n\n\n\n<p>Das Thema Medien und Informatik habe im Zyklus 1 richtig Fahrt aufgenommen, berichten die PICTS der Schule Opfikon. Die Lehrpersonen w\u00fcnschen denn auch weitere Mini-Weiterbildungen und so bleibt das PICTS-Team dran:<\/p>\n\n\n\n<blockquote class=\"wp-block-quote is-layout-flow wp-block-quote-is-layout-flow\">\n<p>\u00ab<em>Es braucht sicher weitere Angebote, damit es nachhaltig bleibt. Es ist wichtig, die Motivation weiterzuziehen und immer wieder aufzufrischen. Jedoch d\u00fcrfen wir nicht \u00fcbertreiben<\/em>.\u00bb<\/p>\n<\/blockquote>\n\n\n\n<p>Konkret m\u00f6chten die p\u00e4dagogischen ICT-Supporter:innen die Lehrpersonen weiterhin aktiv im Unterricht unterst\u00fctzen, ihnen Materialien zu aktuellen Themen wie zum Beispiel zur Weihnachtszeit bereitstellen, ein gemeinsames Wissensmanagement (Infos, Tools und Ressourcen in einem geteilten OneNote) aufbauen und \u00fcber ihre Arbeit als PICTS regelm\u00e4ssig berichten. Damit schaffen sie Sichtbarkeit und motivieren die Lehrpersonen zur Umsetzung von Medien und Informatik im Unterricht.<\/p>\n\n\n\n<p><em>Ein Dankesch\u00f6n an Melanie Inderbitzin, Lukas Frutiger und Eleni Kottaridi, die PICTS-Gruppe Zyklus 1 der Schule Opfikon, f\u00fcr den Austausch im Rahmen dieses Artikels.<\/em><\/p>\n\n\n\n<pre class=\"wp-block-preformatted\">INFOBOX<br><br>Weitere Informationen zu modularen SCHILW-Formaten und m\u00f6glichen Themen finden Sie <a href=\"https:\/\/phzh.ch\/weiterbildung\/weiterbildung-fuer-die-volksschule\/digitale-bildung\/prozessbegleitung-und-fachberatung\/\" target=\"_blank\" rel=\"noreferrer noopener\">hier<\/a>.<br><br>Gerne ber\u00e4t das <a href=\"https:\/\/phzh.ch\/ueber-die-phzh\/organisation\/prorektorat-weiterbildung-und-dienstleistungen\/abteilung-weiterbildung-und-beratung\/zentrum-medienbildung-und-informatik\/\" target=\"_blank\" rel=\"noreferrer noopener\">Zentrum Medienbildung und Informatik <\/a>der PH Z\u00fcrich Schulleitungen und f\u00fchrt individuell auf die Schule zugeschnittene Entwicklungsprozesse durch. <br><\/pre>\n\n\n\n<h2 class=\"wp-block-heading\">Zur Autorin<\/h2>\n\n\n<div class=\"wp-block-image is-resized\">\n<figure class=\"alignleft size-full\"><img loading=\"lazy\" decoding=\"async\" width=\"1686\" height=\"1830\" src=\"http:\/\/blog.phzh.ch\/schulfuehrung\/files\/2024\/10\/Portraetbild.jpg\" alt=\"Dozentin Larissa Meyer-Baron\" class=\"wp-image-6124\" style=\"width:127px\" srcset=\"https:\/\/blog.phzh.ch\/schulfuehrung\/files\/2024\/10\/Portraetbild.jpg 1686w, https:\/\/blog.phzh.ch\/schulfuehrung\/files\/2024\/10\/Portraetbild-276x300.jpg 276w, https:\/\/blog.phzh.ch\/schulfuehrung\/files\/2024\/10\/Portraetbild-943x1024.jpg 943w, https:\/\/blog.phzh.ch\/schulfuehrung\/files\/2024\/10\/Portraetbild-768x834.jpg 768w, https:\/\/blog.phzh.ch\/schulfuehrung\/files\/2024\/10\/Portraetbild-1415x1536.jpg 1415w\" sizes=\"auto, (max-width: 1686px) 100vw, 1686px\" \/><\/figure><\/div>\n\n\n<p><a href=\"https:\/\/phzh.ch\/de\/ueber-die-phzh\/organisation\/personen\/mitarbeitendenportraet\/?username=larissa.meyer\" target=\"_blank\" rel=\"noreferrer noopener\">Larissa Meyer-Baron<\/a> ist Dozentin im Zentrum Medienbildung und Informatik der P\u00e4dagogischen Hochschule Z\u00fcrich. Ihre Arbeitsschwerpunkte sind schulinterne Weiterbildungen und Prozessbegleitung rund um das Thema Medienbildung und Informatik mit Fokus auf den Zyklus 1. Als ehemalige Primarlehrerin und p\u00e4dagogische ICT-Supporterin liegt ihr der Einbezug der PICTS in Schulentwicklungsprozesse und die praxisnahe Begleitung von Lehrpersonen besonders am Herzen.<\/p>\n\n\n\n<p><\/p>\n\n\n\n<p>Redaktion: Melina Maerten<br>Titelbild zVg: \u00a0Zwischen den Workshops hatten die Lehrpersonen Gelegenheit, viele Ressourcen f\u00fcr den Unterricht zu durchst\u00f6bern.<a id=\"_msocom_1\"><\/a><\/p>\n","protected":false},"excerpt":{"rendered":"<p>Der folgende Artikel liefert Schulleitungen Tipps f\u00fcr einen nachhaltigen Entwicklungsprozess im digitalen Kontext. Larissa Meyer-Baron beschreibt am Beispiel einer Weiterbildung mit dem Zyklus 1-Team in Opfikon, wie Lehrpersonen auf diesem gemeinsamen Weg begleitet werden k\u00f6nnen. Insbesondere sticht die zentrale Rolle der P\u00e4dagogischen ICT-Supporter:innen (PICTS) hervor, die das Schulteam motivieren, unterst\u00fctzen und nicht aus dem Weiterbildungskonzept &hellip; <a href=\"https:\/\/blog.phzh.ch\/schulfuehrung\/2024\/10\/18\/picts-staerken-tipps-fuer-ein-weiterbildungskonzept-im-digitalen-kontext\/\" class=\"more-link\"><span class=\"screen-reader-text\">PICTS st\u00e4rken &#8211; Tipps f\u00fcr ein Weiterbildungskonzept im digitalen Kontext<\/span> weiterlesen<\/a><\/p>\n","protected":false},"author":1392,"featured_media":6127,"comment_status":"open","ping_status":"open","sticky":false,"template":"","format":"standard","meta":{"sfsi_plus_gutenberg_text_before_share":"","sfsi_plus_gutenberg_show_text_before_share":"","sfsi_plus_gutenberg_icon_type":"","sfsi_plus_gutenberg_icon_alignemt":"","sfsi_plus_gutenburg_max_per_row":"","footnotes":""},"categories":[107128,107309],"tags":[109888,4186,109889,64360,109782,109890,4172,38796],"class_list":["post-6118","post","type-post","status-publish","format-standard","has-post-thumbnail","hentry","category-entdecken","category-alle-beitraege","tag-larissa-meyer-baron","tag-lehrpersonen","tag-paedagogischer-ict-support","tag-picts","tag-schilw","tag-schulleitungen","tag-unterricht","tag-workshop"],"yoast_head":"<!-- This site is optimized with the Yoast SEO plugin v26.8 - https:\/\/yoast.com\/product\/yoast-seo-wordpress\/ -->\n<title>PICTS st\u00e4rken - Tipps f\u00fcr ein Weiterbildungskonzept im digitalen Kontext - Schulf\u00fchrung<\/title>\n<meta name=\"robots\" content=\"index, follow, max-snippet:-1, max-image-preview:large, max-video-preview:-1\" \/>\n<link rel=\"canonical\" href=\"https:\/\/blog.phzh.ch\/schulfuehrung\/2024\/10\/18\/picts-staerken-tipps-fuer-ein-weiterbildungskonzept-im-digitalen-kontext\/\" \/>\n<meta property=\"og:locale\" content=\"de_DE\" \/>\n<meta property=\"og:type\" content=\"article\" \/>\n<meta property=\"og:title\" content=\"PICTS st\u00e4rken - Tipps f\u00fcr ein Weiterbildungskonzept im digitalen Kontext - Schulf\u00fchrung\" \/>\n<meta property=\"og:description\" content=\"Der folgende Artikel liefert Schulleitungen Tipps f\u00fcr einen nachhaltigen Entwicklungsprozess im digitalen Kontext. Larissa Meyer-Baron beschreibt am Beispiel einer Weiterbildung mit dem Zyklus 1-Team in Opfikon, wie Lehrpersonen auf diesem gemeinsamen Weg begleitet werden k\u00f6nnen. Insbesondere sticht die zentrale Rolle der P\u00e4dagogischen ICT-Supporter:innen (PICTS) hervor, die das Schulteam motivieren, unterst\u00fctzen und nicht aus dem Weiterbildungskonzept &hellip; PICTS st\u00e4rken &#8211; Tipps f\u00fcr ein Weiterbildungskonzept im digitalen Kontext weiterlesen\" \/>\n<meta property=\"og:url\" content=\"https:\/\/blog.phzh.ch\/schulfuehrung\/2024\/10\/18\/picts-staerken-tipps-fuer-ein-weiterbildungskonzept-im-digitalen-kontext\/\" \/>\n<meta property=\"og:site_name\" content=\"Schulf\u00fchrung\" \/>\n<meta property=\"article:published_time\" content=\"2024-10-18T02:00:00+00:00\" \/>\n<meta property=\"og:image\" content=\"https:\/\/blog.phzh.ch\/schulfuehrung\/files\/2024\/10\/Bild-Einblick-Kurs-PRIO-1-scaled.jpg\" \/>\n\t<meta property=\"og:image:width\" content=\"2560\" \/>\n\t<meta property=\"og:image:height\" content=\"1920\" \/>\n\t<meta property=\"og:image:type\" content=\"image\/jpeg\" \/>\n<meta name=\"author\" content=\"melinamaerten\" \/>\n<meta name=\"twitter:card\" content=\"summary_large_image\" \/>\n<meta name=\"twitter:label1\" content=\"Verfasst von\" \/>\n\t<meta name=\"twitter:data1\" content=\"melinamaerten\" \/>\n\t<meta name=\"twitter:label2\" content=\"Gesch\u00e4tzte Lesezeit\" \/>\n\t<meta name=\"twitter:data2\" content=\"8\u00a0Minuten\" \/>\n<script type=\"application\/ld+json\" class=\"yoast-schema-graph\">{\"@context\":\"https:\/\/schema.org\",\"@graph\":[{\"@type\":\"Article\",\"@id\":\"https:\/\/blog.phzh.ch\/schulfuehrung\/2024\/10\/18\/picts-staerken-tipps-fuer-ein-weiterbildungskonzept-im-digitalen-kontext\/#article\",\"isPartOf\":{\"@id\":\"https:\/\/blog.phzh.ch\/schulfuehrung\/2024\/10\/18\/picts-staerken-tipps-fuer-ein-weiterbildungskonzept-im-digitalen-kontext\/\"},\"author\":{\"name\":\"melinamaerten\",\"@id\":\"https:\/\/blog.phzh.ch\/schulfuehrung\/#\/schema\/person\/13544ff30d01e0e5f98444f0696dcefb\"},\"headline\":\"PICTS st\u00e4rken &#8211; Tipps f\u00fcr ein Weiterbildungskonzept im digitalen Kontext\",\"datePublished\":\"2024-10-18T02:00:00+00:00\",\"mainEntityOfPage\":{\"@id\":\"https:\/\/blog.phzh.ch\/schulfuehrung\/2024\/10\/18\/picts-staerken-tipps-fuer-ein-weiterbildungskonzept-im-digitalen-kontext\/\"},\"wordCount\":1526,\"commentCount\":1,\"image\":{\"@id\":\"https:\/\/blog.phzh.ch\/schulfuehrung\/2024\/10\/18\/picts-staerken-tipps-fuer-ein-weiterbildungskonzept-im-digitalen-kontext\/#primaryimage\"},\"thumbnailUrl\":\"https:\/\/blog.phzh.ch\/schulfuehrung\/files\/2024\/10\/Bild-Einblick-Kurs-PRIO-1-scaled.jpg\",\"keywords\":[\"Larissa Meyer-Baron\",\"Lehrpersonen\",\"p\u00e4dagogischer ICT-Support\",\"PICTS\",\"SCHILW\",\"Schulleitungen\",\"Unterricht\",\"Workshop\"],\"articleSection\":[\"Entdecken\",\"Gesamte Beitr\u00e4ge\"],\"inLanguage\":\"de\",\"potentialAction\":[{\"@type\":\"CommentAction\",\"name\":\"Comment\",\"target\":[\"https:\/\/blog.phzh.ch\/schulfuehrung\/2024\/10\/18\/picts-staerken-tipps-fuer-ein-weiterbildungskonzept-im-digitalen-kontext\/#respond\"]}]},{\"@type\":\"WebPage\",\"@id\":\"https:\/\/blog.phzh.ch\/schulfuehrung\/2024\/10\/18\/picts-staerken-tipps-fuer-ein-weiterbildungskonzept-im-digitalen-kontext\/\",\"url\":\"https:\/\/blog.phzh.ch\/schulfuehrung\/2024\/10\/18\/picts-staerken-tipps-fuer-ein-weiterbildungskonzept-im-digitalen-kontext\/\",\"name\":\"PICTS st\u00e4rken - Tipps f\u00fcr ein Weiterbildungskonzept im digitalen Kontext - Schulf\u00fchrung\",\"isPartOf\":{\"@id\":\"https:\/\/blog.phzh.ch\/schulfuehrung\/#website\"},\"primaryImageOfPage\":{\"@id\":\"https:\/\/blog.phzh.ch\/schulfuehrung\/2024\/10\/18\/picts-staerken-tipps-fuer-ein-weiterbildungskonzept-im-digitalen-kontext\/#primaryimage\"},\"image\":{\"@id\":\"https:\/\/blog.phzh.ch\/schulfuehrung\/2024\/10\/18\/picts-staerken-tipps-fuer-ein-weiterbildungskonzept-im-digitalen-kontext\/#primaryimage\"},\"thumbnailUrl\":\"https:\/\/blog.phzh.ch\/schulfuehrung\/files\/2024\/10\/Bild-Einblick-Kurs-PRIO-1-scaled.jpg\",\"datePublished\":\"2024-10-18T02:00:00+00:00\",\"author\":{\"@id\":\"https:\/\/blog.phzh.ch\/schulfuehrung\/#\/schema\/person\/13544ff30d01e0e5f98444f0696dcefb\"},\"breadcrumb\":{\"@id\":\"https:\/\/blog.phzh.ch\/schulfuehrung\/2024\/10\/18\/picts-staerken-tipps-fuer-ein-weiterbildungskonzept-im-digitalen-kontext\/#breadcrumb\"},\"inLanguage\":\"de\",\"potentialAction\":[{\"@type\":\"ReadAction\",\"target\":[\"https:\/\/blog.phzh.ch\/schulfuehrung\/2024\/10\/18\/picts-staerken-tipps-fuer-ein-weiterbildungskonzept-im-digitalen-kontext\/\"]}]},{\"@type\":\"ImageObject\",\"inLanguage\":\"de\",\"@id\":\"https:\/\/blog.phzh.ch\/schulfuehrung\/2024\/10\/18\/picts-staerken-tipps-fuer-ein-weiterbildungskonzept-im-digitalen-kontext\/#primaryimage\",\"url\":\"https:\/\/blog.phzh.ch\/schulfuehrung\/files\/2024\/10\/Bild-Einblick-Kurs-PRIO-1-scaled.jpg\",\"contentUrl\":\"https:\/\/blog.phzh.ch\/schulfuehrung\/files\/2024\/10\/Bild-Einblick-Kurs-PRIO-1-scaled.jpg\",\"width\":2560,\"height\":1920,\"caption\":\"PICTS begleiten: Zwischen den Workshops hatten die Lehrpersonen Gelegenheit, viele Ressourcen f\u00fcr den Unterricht zu durchst\u00f6bern\"},{\"@type\":\"BreadcrumbList\",\"@id\":\"https:\/\/blog.phzh.ch\/schulfuehrung\/2024\/10\/18\/picts-staerken-tipps-fuer-ein-weiterbildungskonzept-im-digitalen-kontext\/#breadcrumb\",\"itemListElement\":[{\"@type\":\"ListItem\",\"position\":1,\"name\":\"Startseite\",\"item\":\"https:\/\/blog.phzh.ch\/schulfuehrung\/\"},{\"@type\":\"ListItem\",\"position\":2,\"name\":\"PICTS st\u00e4rken &#8211; Tipps f\u00fcr ein Weiterbildungskonzept im digitalen Kontext\"}]},{\"@type\":\"WebSite\",\"@id\":\"https:\/\/blog.phzh.ch\/schulfuehrung\/#website\",\"url\":\"https:\/\/blog.phzh.ch\/schulfuehrung\/\",\"name\":\"Schulf\u00fchrung\",\"description\":\"phzh.ch\/schulfuehrung\",\"potentialAction\":[{\"@type\":\"SearchAction\",\"target\":{\"@type\":\"EntryPoint\",\"urlTemplate\":\"https:\/\/blog.phzh.ch\/schulfuehrung\/?s={search_term_string}\"},\"query-input\":{\"@type\":\"PropertyValueSpecification\",\"valueRequired\":true,\"valueName\":\"search_term_string\"}}],\"inLanguage\":\"de\"},{\"@type\":\"Person\",\"@id\":\"https:\/\/blog.phzh.ch\/schulfuehrung\/#\/schema\/person\/13544ff30d01e0e5f98444f0696dcefb\",\"name\":\"melinamaerten\",\"image\":{\"@type\":\"ImageObject\",\"inLanguage\":\"de\",\"@id\":\"https:\/\/blog.phzh.ch\/schulfuehrung\/#\/schema\/person\/image\/\",\"url\":\"https:\/\/secure.gravatar.com\/avatar\/581b196899ac4a61b7e20a29f4dd52fe?s=96&d=mm&r=g\",\"contentUrl\":\"https:\/\/secure.gravatar.com\/avatar\/581b196899ac4a61b7e20a29f4dd52fe?s=96&d=mm&r=g\",\"caption\":\"melinamaerten\"},\"url\":\"https:\/\/blog.phzh.ch\/schulfuehrung\/author\/melinamaerten\/\"}]}<\/script>\n<!-- \/ Yoast SEO plugin. -->","yoast_head_json":{"title":"PICTS st\u00e4rken - Tipps f\u00fcr ein Weiterbildungskonzept im digitalen Kontext - Schulf\u00fchrung","robots":{"index":"index","follow":"follow","max-snippet":"max-snippet:-1","max-image-preview":"max-image-preview:large","max-video-preview":"max-video-preview:-1"},"canonical":"https:\/\/blog.phzh.ch\/schulfuehrung\/2024\/10\/18\/picts-staerken-tipps-fuer-ein-weiterbildungskonzept-im-digitalen-kontext\/","og_locale":"de_DE","og_type":"article","og_title":"PICTS st\u00e4rken - Tipps f\u00fcr ein Weiterbildungskonzept im digitalen Kontext - Schulf\u00fchrung","og_description":"Der folgende Artikel liefert Schulleitungen Tipps f\u00fcr einen nachhaltigen Entwicklungsprozess im digitalen Kontext. Larissa Meyer-Baron beschreibt am Beispiel einer Weiterbildung mit dem Zyklus 1-Team in Opfikon, wie Lehrpersonen auf diesem gemeinsamen Weg begleitet werden k\u00f6nnen. Insbesondere sticht die zentrale Rolle der P\u00e4dagogischen ICT-Supporter:innen (PICTS) hervor, die das Schulteam motivieren, unterst\u00fctzen und nicht aus dem Weiterbildungskonzept &hellip; PICTS st\u00e4rken &#8211; Tipps f\u00fcr ein Weiterbildungskonzept im digitalen Kontext weiterlesen","og_url":"https:\/\/blog.phzh.ch\/schulfuehrung\/2024\/10\/18\/picts-staerken-tipps-fuer-ein-weiterbildungskonzept-im-digitalen-kontext\/","og_site_name":"Schulf\u00fchrung","article_published_time":"2024-10-18T02:00:00+00:00","og_image":[{"width":2560,"height":1920,"url":"https:\/\/blog.phzh.ch\/schulfuehrung\/files\/2024\/10\/Bild-Einblick-Kurs-PRIO-1-scaled.jpg","type":"image\/jpeg"}],"author":"melinamaerten","twitter_card":"summary_large_image","twitter_misc":{"Verfasst von":"melinamaerten","Gesch\u00e4tzte Lesezeit":"8\u00a0Minuten"},"schema":{"@context":"https:\/\/schema.org","@graph":[{"@type":"Article","@id":"https:\/\/blog.phzh.ch\/schulfuehrung\/2024\/10\/18\/picts-staerken-tipps-fuer-ein-weiterbildungskonzept-im-digitalen-kontext\/#article","isPartOf":{"@id":"https:\/\/blog.phzh.ch\/schulfuehrung\/2024\/10\/18\/picts-staerken-tipps-fuer-ein-weiterbildungskonzept-im-digitalen-kontext\/"},"author":{"name":"melinamaerten","@id":"https:\/\/blog.phzh.ch\/schulfuehrung\/#\/schema\/person\/13544ff30d01e0e5f98444f0696dcefb"},"headline":"PICTS st\u00e4rken &#8211; Tipps f\u00fcr ein Weiterbildungskonzept im digitalen Kontext","datePublished":"2024-10-18T02:00:00+00:00","mainEntityOfPage":{"@id":"https:\/\/blog.phzh.ch\/schulfuehrung\/2024\/10\/18\/picts-staerken-tipps-fuer-ein-weiterbildungskonzept-im-digitalen-kontext\/"},"wordCount":1526,"commentCount":1,"image":{"@id":"https:\/\/blog.phzh.ch\/schulfuehrung\/2024\/10\/18\/picts-staerken-tipps-fuer-ein-weiterbildungskonzept-im-digitalen-kontext\/#primaryimage"},"thumbnailUrl":"https:\/\/blog.phzh.ch\/schulfuehrung\/files\/2024\/10\/Bild-Einblick-Kurs-PRIO-1-scaled.jpg","keywords":["Larissa Meyer-Baron","Lehrpersonen","p\u00e4dagogischer ICT-Support","PICTS","SCHILW","Schulleitungen","Unterricht","Workshop"],"articleSection":["Entdecken","Gesamte Beitr\u00e4ge"],"inLanguage":"de","potentialAction":[{"@type":"CommentAction","name":"Comment","target":["https:\/\/blog.phzh.ch\/schulfuehrung\/2024\/10\/18\/picts-staerken-tipps-fuer-ein-weiterbildungskonzept-im-digitalen-kontext\/#respond"]}]},{"@type":"WebPage","@id":"https:\/\/blog.phzh.ch\/schulfuehrung\/2024\/10\/18\/picts-staerken-tipps-fuer-ein-weiterbildungskonzept-im-digitalen-kontext\/","url":"https:\/\/blog.phzh.ch\/schulfuehrung\/2024\/10\/18\/picts-staerken-tipps-fuer-ein-weiterbildungskonzept-im-digitalen-kontext\/","name":"PICTS st\u00e4rken - Tipps f\u00fcr ein Weiterbildungskonzept im digitalen Kontext - Schulf\u00fchrung","isPartOf":{"@id":"https:\/\/blog.phzh.ch\/schulfuehrung\/#website"},"primaryImageOfPage":{"@id":"https:\/\/blog.phzh.ch\/schulfuehrung\/2024\/10\/18\/picts-staerken-tipps-fuer-ein-weiterbildungskonzept-im-digitalen-kontext\/#primaryimage"},"image":{"@id":"https:\/\/blog.phzh.ch\/schulfuehrung\/2024\/10\/18\/picts-staerken-tipps-fuer-ein-weiterbildungskonzept-im-digitalen-kontext\/#primaryimage"},"thumbnailUrl":"https:\/\/blog.phzh.ch\/schulfuehrung\/files\/2024\/10\/Bild-Einblick-Kurs-PRIO-1-scaled.jpg","datePublished":"2024-10-18T02:00:00+00:00","author":{"@id":"https:\/\/blog.phzh.ch\/schulfuehrung\/#\/schema\/person\/13544ff30d01e0e5f98444f0696dcefb"},"breadcrumb":{"@id":"https:\/\/blog.phzh.ch\/schulfuehrung\/2024\/10\/18\/picts-staerken-tipps-fuer-ein-weiterbildungskonzept-im-digitalen-kontext\/#breadcrumb"},"inLanguage":"de","potentialAction":[{"@type":"ReadAction","target":["https:\/\/blog.phzh.ch\/schulfuehrung\/2024\/10\/18\/picts-staerken-tipps-fuer-ein-weiterbildungskonzept-im-digitalen-kontext\/"]}]},{"@type":"ImageObject","inLanguage":"de","@id":"https:\/\/blog.phzh.ch\/schulfuehrung\/2024\/10\/18\/picts-staerken-tipps-fuer-ein-weiterbildungskonzept-im-digitalen-kontext\/#primaryimage","url":"https:\/\/blog.phzh.ch\/schulfuehrung\/files\/2024\/10\/Bild-Einblick-Kurs-PRIO-1-scaled.jpg","contentUrl":"https:\/\/blog.phzh.ch\/schulfuehrung\/files\/2024\/10\/Bild-Einblick-Kurs-PRIO-1-scaled.jpg","width":2560,"height":1920,"caption":"PICTS begleiten: Zwischen den Workshops hatten die Lehrpersonen Gelegenheit, viele Ressourcen f\u00fcr den Unterricht zu durchst\u00f6bern"},{"@type":"BreadcrumbList","@id":"https:\/\/blog.phzh.ch\/schulfuehrung\/2024\/10\/18\/picts-staerken-tipps-fuer-ein-weiterbildungskonzept-im-digitalen-kontext\/#breadcrumb","itemListElement":[{"@type":"ListItem","position":1,"name":"Startseite","item":"https:\/\/blog.phzh.ch\/schulfuehrung\/"},{"@type":"ListItem","position":2,"name":"PICTS st\u00e4rken &#8211; Tipps f\u00fcr ein Weiterbildungskonzept im digitalen Kontext"}]},{"@type":"WebSite","@id":"https:\/\/blog.phzh.ch\/schulfuehrung\/#website","url":"https:\/\/blog.phzh.ch\/schulfuehrung\/","name":"Schulf\u00fchrung","description":"phzh.ch\/schulfuehrung","potentialAction":[{"@type":"SearchAction","target":{"@type":"EntryPoint","urlTemplate":"https:\/\/blog.phzh.ch\/schulfuehrung\/?s={search_term_string}"},"query-input":{"@type":"PropertyValueSpecification","valueRequired":true,"valueName":"search_term_string"}}],"inLanguage":"de"},{"@type":"Person","@id":"https:\/\/blog.phzh.ch\/schulfuehrung\/#\/schema\/person\/13544ff30d01e0e5f98444f0696dcefb","name":"melinamaerten","image":{"@type":"ImageObject","inLanguage":"de","@id":"https:\/\/blog.phzh.ch\/schulfuehrung\/#\/schema\/person\/image\/","url":"https:\/\/secure.gravatar.com\/avatar\/581b196899ac4a61b7e20a29f4dd52fe?s=96&d=mm&r=g","contentUrl":"https:\/\/secure.gravatar.com\/avatar\/581b196899ac4a61b7e20a29f4dd52fe?s=96&d=mm&r=g","caption":"melinamaerten"},"url":"https:\/\/blog.phzh.ch\/schulfuehrung\/author\/melinamaerten\/"}]}},"_links":{"self":[{"href":"https:\/\/blog.phzh.ch\/schulfuehrung\/wp-json\/wp\/v2\/posts\/6118","targetHints":{"allow":["GET"]}}],"collection":[{"href":"https:\/\/blog.phzh.ch\/schulfuehrung\/wp-json\/wp\/v2\/posts"}],"about":[{"href":"https:\/\/blog.phzh.ch\/schulfuehrung\/wp-json\/wp\/v2\/types\/post"}],"author":[{"embeddable":true,"href":"https:\/\/blog.phzh.ch\/schulfuehrung\/wp-json\/wp\/v2\/users\/1392"}],"replies":[{"embeddable":true,"href":"https:\/\/blog.phzh.ch\/schulfuehrung\/wp-json\/wp\/v2\/comments?post=6118"}],"version-history":[{"count":5,"href":"https:\/\/blog.phzh.ch\/schulfuehrung\/wp-json\/wp\/v2\/posts\/6118\/revisions"}],"predecessor-version":[{"id":6131,"href":"https:\/\/blog.phzh.ch\/schulfuehrung\/wp-json\/wp\/v2\/posts\/6118\/revisions\/6131"}],"wp:featuredmedia":[{"embeddable":true,"href":"https:\/\/blog.phzh.ch\/schulfuehrung\/wp-json\/wp\/v2\/media\/6127"}],"wp:attachment":[{"href":"https:\/\/blog.phzh.ch\/schulfuehrung\/wp-json\/wp\/v2\/media?parent=6118"}],"wp:term":[{"taxonomy":"category","embeddable":true,"href":"https:\/\/blog.phzh.ch\/schulfuehrung\/wp-json\/wp\/v2\/categories?post=6118"},{"taxonomy":"post_tag","embeddable":true,"href":"https:\/\/blog.phzh.ch\/schulfuehrung\/wp-json\/wp\/v2\/tags?post=6118"}],"curies":[{"name":"wp","href":"https:\/\/api.w.org\/{rel}","templated":true}]}}