{"id":5415,"date":"2024-02-06T04:00:00","date_gmt":"2024-02-06T03:00:00","guid":{"rendered":"https:\/\/blog.phzh.ch\/schulfuehrung\/?p=5415"},"modified":"2024-02-06T09:30:07","modified_gmt":"2024-02-06T08:30:07","slug":"wie-sie-die-weiterbildung-der-mitarbeitenden-steuern","status":"publish","type":"post","link":"https:\/\/blog.phzh.ch\/schulfuehrung\/2024\/02\/06\/wie-sie-die-weiterbildung-der-mitarbeitenden-steuern\/","title":{"rendered":"So steuern Sie die Weiterbildung der Mitarbeitenden"},"content":{"rendered":"\n<p><strong>Mit der Bedeutung der individuellen Weiterbildung der Lehrpersonen und deren Einfluss auf die Schulentwicklung hat sich Andr\u00e9 K\u00e4ser im Rahmen des MAS Bildungsmanagement an der PH Z\u00fcrich auseinandergesetzt und ein Kompendium f\u00fcr Schulleitungen entwickelt.<\/strong><\/p>\n\n\n\n<p>Die Schule ist einem stetigen sowie zunehmend schneller werdenden gesellschaftlichen Wandel ausgesetzt. Die stark wachsende Bedeutung der k\u00fcnstlichen Intelligenz ist vermutlich der neueste Trend, den es in der Schulf\u00fchrung in die Entwicklung der eigenen Organisation einzupflegen gilt. Wie sollen jedoch Mitarbeitende, die vor Jahrzehnten ihre Ausbildung abgeschlossen haben, die Kompetenzen erwerben, mit all den Neuerungen der vergangenen Jahre (beispielsweise Kompetenzorientierung, Digitalisierung oder KI.) umgehen und diese zugunsten der Sch\u00fcler:innen einsetzen? Durch Weiterbildung!<\/p>\n\n\n\n<blockquote class=\"wp-block-quote is-layout-flow wp-block-quote-is-layout-flow\">\n<p>Man muss davon ausgehen, dass Lehrer:innen, die sich w\u00e4hrend f\u00fcnf Jahren nach ihrem Studienabschluss in p\u00e4dagogischen und fachlichen Fragen nie systematisch weiterbildeten, die F\u00e4higkeit, Neuerungen f\u00fcr die Schule differenziert zu beurteilen, verpasst haben. Dies zeigt sich insbesondere nach der Einf\u00fchrung von neuen Lehrpl\u00e4nen, indem sie die damit verbundenen Neuerungen oft als unn\u00f6tig oder als f\u00fcr die Sch\u00fcler:innen zu anspruchsvoll beurteilen.<\/p>\n<cite>Dubs 2019, 272<\/cite><\/blockquote>\n\n\n<p><!--more--><\/p>\n\n\n<p><strong>Relevanz der Weiterbildung<\/strong><\/p>\n\n\n\n<p>Im Rahmen der 3- bis 5-j\u00e4hrigen Ausbildung der Lehrpersonen k\u00f6nnen nicht alle Kompetenzen abschliessend erworben werden, die im Lauf der jahrzehntelangen Berufst\u00e4tigkeit notwendig sind oder es durch Neuerungen im System noch werden.<\/p>\n\n\n\n<p>Hinzu kommt, dass die Wissenschaft immerzu neues Wissen generiert, welches wichtige Hinweise dazu gibt, wie das Lehrpersonenhandeln und der Unterricht weiterentwickelt und an neue Voraussetzungen sowie Vorgaben angepasst werden k\u00f6nnen (oder m\u00fcssen). Durch die Teilnahme an Weiterbildungsveranstaltungen erhalten Lehrpersonen neue oder angepasste, effektive und effiziente Instrumente, um aktuelle und k\u00fcnftige Herausforderungen zu meistern, was schliesslich einer zunehmenden \u00dcberbelastung und Frustration entgegengenwirken kann.<\/p>\n\n\n\n<p><strong>Wirksame Weiterbildungen<\/strong><\/p>\n\n\n\n<p>Grunds\u00e4tzlich konnte die Wirksamkeit von Weiterbildungsveranstaltungen nachgewiesen werden, wenn diese l\u00e4nger als 30 Stunden dauern und \u00fcber die drei <em>Phasen Input \u2013 Erprobung \u2013 Reflexion<\/em> verf\u00fcgen (Lipowsky 2014, 518). K\u00fcrzere Weiterbildungen und Tagungen k\u00f6nnen auch einen positiven Nutzen haben, wenn sie als \u00abTeaser\u00bb f\u00fcr gr\u00f6ssere Weiterbildungen oder &nbsp;der Vernetzung dienen.<\/p>\n\n\n\n<p>Auf das Lernen der Sch\u00fcler:innen haben kurze Weiterbildungen in der Regel kaum einen Effekt (ebd.). Bei der Teilnahme an individuellen externen Veranstaltungen ist es wichtig, dass diese mit den Zielen der Schule (zum Beispiel Schulprogramm) in Einklang stehen.<\/p>\n\n\n\n<p><strong>F\u00f6rdern und fordern<\/strong><\/p>\n\n\n\n<p>Schon im Personalgewinnungsprozess k\u00f6nnen die eigene Lernfreude und die Lernmotivation der Person in Erfahrung gebracht sowie die Erwartungen der Schulleitung dargelegt werden. W\u00e4hrend der Anstellung steht dazu insbesondere das Gef\u00e4ss des Mitarbeitendengespr\u00e4chs (MAG) zur Verf\u00fcgung, welches eine Gelegenheit f\u00fcr den Austausch zu Weiterentwicklungsvorhaben bietet. Die Resultate dieses Gespr\u00e4chs zur Weiter<em>entwicklung<\/em> k\u00f6nnen in Weiter<em>bildungs<\/em>vorhaben m\u00fcnden.<\/p>\n\n\n\n<p><strong>Die Essenz<\/strong><\/p>\n\n\n\n<p>Als verdichtete Essenz in Bezug auf das Vorgesetztenverhalten soll die folgende Aufz\u00e4hlung dienen, welche die wichtigsten Punkte der MAS-Arbeit zusammenfasst:<\/p>\n\n\n\n<ul class=\"wp-block-list\">\n<li>Entwickeln Sie eine klare eigene Vorstellung von lernwirksamem Unterricht.<\/li>\n\n\n\n<li>Entwickeln Sie eine klare eigene Haltung zur Weiterbildung und seien Sie ein Vorbild.<\/li>\n\n\n\n<li>Seien Sie im stetigen, wertsch\u00e4tzenden Kontakt mit Ihren Mitarbeitenden und geben Sie im Rahmen der MAG Hinweise, wie sich die Mitarbeitenden weiterentwickeln k\u00f6nnen.<\/li>\n\n\n\n<li>Steuern Sie die Weiterentwicklungst\u00e4tigkeit Ihrer Mitarbeitenden aktiv und umsichtig.<\/li>\n\n\n\n<li>Handhaben Sie die Finanzierung (Kosten, Arbeitszeit) f\u00fcr alle gleich (Fairness).<\/li>\n\n\n\n<li>Fragen Sie bei Mitarbeitenden, die eine Weiterbildung absolvieren, bei Gelegenheit nach, wie es l\u00e4uft und was sie gelernt haben.<\/li>\n\n\n\n<li>Schaffen Sie Gelegenheiten, dass sie das neu erworbene Wissen nach einer Weiterbildung ins Team einbringen k\u00f6nnen und zeigen Sie, dass Sie Weiterbildung als wichtig erachten.<\/li>\n\n\n\n<li>Lehrpersonen, die aktiv an der Weiterentwicklung der Schule mitarbeiten, haben ein signifikant tieferes Risiko, an Ersch\u00f6pfung oder Burn-out zu erkranken.<\/li>\n<\/ul>\n\n\n\n<pre class=\"wp-block-preformatted\">INFOBOX\n\nAuch die ehemalige MAS-Teilnehmerin Nadine Kuhn hat \u00fcber Ihre <a href=\"https:\/\/blog.phzh.ch\/schulfuehrung\/2023\/12\/05\/die-leitung-bildung-steuert-durch-koordination\/\" target=\"_blank\" rel=\"noreferrer noopener\">MAS Arbeit<\/a> geschrieben. Sie studierte die Rolle der Leitung Bildung.\n\nEin neuer MAS Educational Leadership an der PH Z\u00fcrich wird aufgebaut. Personen mit einer bereits abgeschlossenen Schulleitungsausbildung, die den DAS Schulleitung Upgrade besucht haben oder die den DAS Schulleitung absolviert haben, wird die M\u00f6glichkeit gegeben, auf einen MAS zu erweitern. Voraussichtliche Ausschreibung ist f\u00fcr den Fr\u00fchling\/Sommer 2024 geplant.<\/pre>\n\n\n\n<h2 class=\"wp-block-heading\">Zum Autor<\/h2>\n\n\n<div class=\"wp-block-image is-resized\">\n<figure class=\"alignleft size-full\"><img loading=\"lazy\" decoding=\"async\" width=\"1330\" height=\"2000\" src=\"http:\/\/blog.phzh.ch\/schulfuehrung\/files\/2024\/02\/Portraitfoto_Andre_Kaeser_2022.jpeg\" alt=\"Schulleiter Andr\u00e9 K\u00e4ser\" class=\"wp-image-5423\" style=\"width:127px\" srcset=\"https:\/\/blog.phzh.ch\/schulfuehrung\/files\/2024\/02\/Portraitfoto_Andre_Kaeser_2022.jpeg 1330w, https:\/\/blog.phzh.ch\/schulfuehrung\/files\/2024\/02\/Portraitfoto_Andre_Kaeser_2022-200x300.jpeg 200w, https:\/\/blog.phzh.ch\/schulfuehrung\/files\/2024\/02\/Portraitfoto_Andre_Kaeser_2022-681x1024.jpeg 681w, https:\/\/blog.phzh.ch\/schulfuehrung\/files\/2024\/02\/Portraitfoto_Andre_Kaeser_2022-768x1155.jpeg 768w, https:\/\/blog.phzh.ch\/schulfuehrung\/files\/2024\/02\/Portraitfoto_Andre_Kaeser_2022-1021x1536.jpeg 1021w\" sizes=\"auto, (max-width: 1330px) 100vw, 1330px\" \/><\/figure><\/div>\n\n\n<p><a href=\"https:\/\/www.linkedin.com\/in\/andr%C3%A9-k%C3%A4ser-284165228\/?originalSubdomain=ch\" target=\"_blank\" rel=\"noreferrer noopener\">Andr\u00e9 K\u00e4ser<\/a> ist ausgebildeter Sekundarlehrer und arbeitet seit f\u00fcnfeinhalb Jahren als Schulleiter der Primarschule Alpen in Wallisellen. Als st\u00e4ndiger Weiterbildungsbesucher und getrieben von innerer Neugierde \u00fcber das Lernen ist f\u00fcr K\u00e4ser die Weiterbildung ein zentrales Thema seines beruflichen Denkens und Handelns.<\/p>\n\n\n\n<p><\/p>\n\n\n\n<p><\/p>\n\n\n\n<p>Redaktion: Melina Maerten<br>Titelbild: adobe stock von&nbsp;Drobot Dean<\/p>\n\n\n\n<p><strong>Literaturnachweis<\/strong><\/p>\n\n\n\n<p>Dubs, Rolf. 2019. Die F\u00fchrung einer Schule: Leadership und Management. 3. Auflage. Stuttgart: Franz Steiner Verlag.<\/p>\n\n\n\n<p>Lipowsky, Frank. 2014. \u201eTheoretische Perspektiven und empirische Befunde zur Wirksamkeit von Lehrerfort- und -weiterbildung.\u201c In Handbuch der Forschung zum Lehrerberuf, hg. v. Ewald Terhart, Hedda Bennewitz, Martin Rothland und Waxmann Verlag GmbH. 2., \u00fcberarbeitete und erweiterte Auflage M\u00fcnster: Waxmann.<\/p>\n\n\n\n<p>Mayr, Johannes und Georg Hans Neuweg. 2009. \u201eLehrer\/innen als zentrale Ressource im Bildungssystem: Rekrutierung und Qualifizierung.\u201c In Nationaler Bildungsbericht \u00d6sterreich 2009, hg. v. Specht, Wernerr, 99\u2013119. Graz: Leykam.<\/p>\n\n\n\n<p>Rolff, Hans-G\u00fcnter. 2016. Schulentwicklung kompakt: Modelle, Instrumente, Perspektiven. 3., vollst\u00e4ndig \u00fcberarbeitete und erg\u00e4nzte Aufl. Weinheim: Beltz.<\/p>\n","protected":false},"excerpt":{"rendered":"<p>Mit der Bedeutung der individuellen Weiterbildung der Lehrpersonen und deren Einfluss auf die Schulentwicklung hat sich Andr\u00e9 K\u00e4ser im Rahmen des MAS Bildungsmanagement an der PH Z\u00fcrich auseinandergesetzt und ein Kompendium f\u00fcr Schulleitungen entwickelt. Die Schule ist einem stetigen sowie zunehmend schneller werdenden gesellschaftlichen Wandel ausgesetzt. Die stark wachsende Bedeutung der k\u00fcnstlichen Intelligenz ist vermutlich &hellip; <a href=\"https:\/\/blog.phzh.ch\/schulfuehrung\/2024\/02\/06\/wie-sie-die-weiterbildung-der-mitarbeitenden-steuern\/\" class=\"more-link\"><span class=\"screen-reader-text\">So steuern Sie die Weiterbildung der Mitarbeitenden<\/span> weiterlesen<\/a><\/p>\n","protected":false},"author":1392,"featured_media":5425,"comment_status":"open","ping_status":"open","sticky":false,"template":"","format":"standard","meta":{"sfsi_plus_gutenberg_text_before_share":"","sfsi_plus_gutenberg_show_text_before_share":"","sfsi_plus_gutenberg_icon_type":"","sfsi_plus_gutenberg_icon_alignemt":"","sfsi_plus_gutenburg_max_per_row":"","footnotes":""},"categories":[107309,109820],"tags":[109821,4186,109744,109659,109822],"class_list":["post-5415","post","type-post","status-publish","format-standard","has-post-thumbnail","hentry","category-alle-beitraege","category-wissen","tag-andre-kaeser","tag-lehrpersonen","tag-mas-arbeit","tag-schulleiterinnen","tag-weiterbildung-der-mitarbeitenden-steuern"],"yoast_head":"<!-- This site is optimized with the Yoast SEO plugin v26.8 - https:\/\/yoast.com\/product\/yoast-seo-wordpress\/ -->\n<title>So steuern Sie die Weiterbildung der Mitarbeitenden - Schulf\u00fchrung<\/title>\n<meta name=\"robots\" content=\"index, follow, max-snippet:-1, max-image-preview:large, max-video-preview:-1\" \/>\n<link rel=\"canonical\" href=\"https:\/\/blog.phzh.ch\/schulfuehrung\/2024\/02\/06\/wie-sie-die-weiterbildung-der-mitarbeitenden-steuern\/\" \/>\n<meta property=\"og:locale\" content=\"de_DE\" \/>\n<meta property=\"og:type\" content=\"article\" \/>\n<meta property=\"og:title\" content=\"So steuern Sie die Weiterbildung der Mitarbeitenden - Schulf\u00fchrung\" \/>\n<meta property=\"og:description\" content=\"Mit der Bedeutung der individuellen Weiterbildung der Lehrpersonen und deren Einfluss auf die Schulentwicklung hat sich Andr\u00e9 K\u00e4ser im Rahmen des MAS Bildungsmanagement an der PH Z\u00fcrich auseinandergesetzt und ein Kompendium f\u00fcr Schulleitungen entwickelt. Die Schule ist einem stetigen sowie zunehmend schneller werdenden gesellschaftlichen Wandel ausgesetzt. Die stark wachsende Bedeutung der k\u00fcnstlichen Intelligenz ist vermutlich &hellip; So steuern Sie die Weiterbildung der Mitarbeitenden weiterlesen\" \/>\n<meta property=\"og:url\" content=\"https:\/\/blog.phzh.ch\/schulfuehrung\/2024\/02\/06\/wie-sie-die-weiterbildung-der-mitarbeitenden-steuern\/\" \/>\n<meta property=\"og:site_name\" content=\"Schulf\u00fchrung\" \/>\n<meta property=\"article:published_time\" content=\"2024-02-06T03:00:00+00:00\" \/>\n<meta property=\"article:modified_time\" content=\"2024-02-06T08:30:07+00:00\" \/>\n<meta property=\"og:image\" content=\"http:\/\/blog.phzh.ch\/schulfuehrung\/files\/2024\/02\/Titelbild_Mann-schreibt-Arbeit_querformat-scaled.jpeg\" \/>\n\t<meta property=\"og:image:width\" content=\"2560\" \/>\n\t<meta property=\"og:image:height\" content=\"1233\" \/>\n\t<meta property=\"og:image:type\" content=\"image\/jpeg\" \/>\n<meta name=\"author\" content=\"melinamaerten\" \/>\n<meta name=\"twitter:card\" content=\"summary_large_image\" \/>\n<meta name=\"twitter:label1\" content=\"Verfasst von\" \/>\n\t<meta name=\"twitter:data1\" content=\"melinamaerten\" \/>\n\t<meta name=\"twitter:label2\" content=\"Gesch\u00e4tzte Lesezeit\" \/>\n\t<meta name=\"twitter:data2\" content=\"5\u00a0Minuten\" \/>\n<script type=\"application\/ld+json\" class=\"yoast-schema-graph\">{\"@context\":\"https:\/\/schema.org\",\"@graph\":[{\"@type\":\"Article\",\"@id\":\"https:\/\/blog.phzh.ch\/schulfuehrung\/2024\/02\/06\/wie-sie-die-weiterbildung-der-mitarbeitenden-steuern\/#article\",\"isPartOf\":{\"@id\":\"https:\/\/blog.phzh.ch\/schulfuehrung\/2024\/02\/06\/wie-sie-die-weiterbildung-der-mitarbeitenden-steuern\/\"},\"author\":{\"name\":\"melinamaerten\",\"@id\":\"https:\/\/blog.phzh.ch\/schulfuehrung\/#\/schema\/person\/13544ff30d01e0e5f98444f0696dcefb\"},\"headline\":\"So steuern Sie die Weiterbildung der Mitarbeitenden\",\"datePublished\":\"2024-02-06T03:00:00+00:00\",\"dateModified\":\"2024-02-06T08:30:07+00:00\",\"mainEntityOfPage\":{\"@id\":\"https:\/\/blog.phzh.ch\/schulfuehrung\/2024\/02\/06\/wie-sie-die-weiterbildung-der-mitarbeitenden-steuern\/\"},\"wordCount\":770,\"commentCount\":0,\"image\":{\"@id\":\"https:\/\/blog.phzh.ch\/schulfuehrung\/2024\/02\/06\/wie-sie-die-weiterbildung-der-mitarbeitenden-steuern\/#primaryimage\"},\"thumbnailUrl\":\"https:\/\/blog.phzh.ch\/schulfuehrung\/files\/2024\/02\/Titelbild_Mann-schreibt-Arbeit_querformat-scaled.jpeg\",\"keywords\":[\"Andr\u00e9 K\u00e4ser\",\"Lehrpersonen\",\"MAS-Arbeit\",\"Schulleiter:innen\",\"Weiterbildung der Mitarbeitenden steuern\"],\"articleSection\":[\"Gesamte Beitr\u00e4ge\",\"Wissen\"],\"inLanguage\":\"de\",\"potentialAction\":[{\"@type\":\"CommentAction\",\"name\":\"Comment\",\"target\":[\"https:\/\/blog.phzh.ch\/schulfuehrung\/2024\/02\/06\/wie-sie-die-weiterbildung-der-mitarbeitenden-steuern\/#respond\"]}]},{\"@type\":\"WebPage\",\"@id\":\"https:\/\/blog.phzh.ch\/schulfuehrung\/2024\/02\/06\/wie-sie-die-weiterbildung-der-mitarbeitenden-steuern\/\",\"url\":\"https:\/\/blog.phzh.ch\/schulfuehrung\/2024\/02\/06\/wie-sie-die-weiterbildung-der-mitarbeitenden-steuern\/\",\"name\":\"So steuern Sie die Weiterbildung der Mitarbeitenden - Schulf\u00fchrung\",\"isPartOf\":{\"@id\":\"https:\/\/blog.phzh.ch\/schulfuehrung\/#website\"},\"primaryImageOfPage\":{\"@id\":\"https:\/\/blog.phzh.ch\/schulfuehrung\/2024\/02\/06\/wie-sie-die-weiterbildung-der-mitarbeitenden-steuern\/#primaryimage\"},\"image\":{\"@id\":\"https:\/\/blog.phzh.ch\/schulfuehrung\/2024\/02\/06\/wie-sie-die-weiterbildung-der-mitarbeitenden-steuern\/#primaryimage\"},\"thumbnailUrl\":\"https:\/\/blog.phzh.ch\/schulfuehrung\/files\/2024\/02\/Titelbild_Mann-schreibt-Arbeit_querformat-scaled.jpeg\",\"datePublished\":\"2024-02-06T03:00:00+00:00\",\"dateModified\":\"2024-02-06T08:30:07+00:00\",\"author\":{\"@id\":\"https:\/\/blog.phzh.ch\/schulfuehrung\/#\/schema\/person\/13544ff30d01e0e5f98444f0696dcefb\"},\"breadcrumb\":{\"@id\":\"https:\/\/blog.phzh.ch\/schulfuehrung\/2024\/02\/06\/wie-sie-die-weiterbildung-der-mitarbeitenden-steuern\/#breadcrumb\"},\"inLanguage\":\"de\",\"potentialAction\":[{\"@type\":\"ReadAction\",\"target\":[\"https:\/\/blog.phzh.ch\/schulfuehrung\/2024\/02\/06\/wie-sie-die-weiterbildung-der-mitarbeitenden-steuern\/\"]}]},{\"@type\":\"ImageObject\",\"inLanguage\":\"de\",\"@id\":\"https:\/\/blog.phzh.ch\/schulfuehrung\/2024\/02\/06\/wie-sie-die-weiterbildung-der-mitarbeitenden-steuern\/#primaryimage\",\"url\":\"https:\/\/blog.phzh.ch\/schulfuehrung\/files\/2024\/02\/Titelbild_Mann-schreibt-Arbeit_querformat-scaled.jpeg\",\"contentUrl\":\"https:\/\/blog.phzh.ch\/schulfuehrung\/files\/2024\/02\/Titelbild_Mann-schreibt-Arbeit_querformat-scaled.jpeg\",\"width\":2560,\"height\":1233,\"caption\":\"Photo of attractive bearded man writing notes and using laptop while working in cafe indoors\"},{\"@type\":\"BreadcrumbList\",\"@id\":\"https:\/\/blog.phzh.ch\/schulfuehrung\/2024\/02\/06\/wie-sie-die-weiterbildung-der-mitarbeitenden-steuern\/#breadcrumb\",\"itemListElement\":[{\"@type\":\"ListItem\",\"position\":1,\"name\":\"Startseite\",\"item\":\"https:\/\/blog.phzh.ch\/schulfuehrung\/\"},{\"@type\":\"ListItem\",\"position\":2,\"name\":\"So steuern Sie die Weiterbildung der Mitarbeitenden\"}]},{\"@type\":\"WebSite\",\"@id\":\"https:\/\/blog.phzh.ch\/schulfuehrung\/#website\",\"url\":\"https:\/\/blog.phzh.ch\/schulfuehrung\/\",\"name\":\"Schulf\u00fchrung\",\"description\":\"phzh.ch\/schulfuehrung\",\"potentialAction\":[{\"@type\":\"SearchAction\",\"target\":{\"@type\":\"EntryPoint\",\"urlTemplate\":\"https:\/\/blog.phzh.ch\/schulfuehrung\/?s={search_term_string}\"},\"query-input\":{\"@type\":\"PropertyValueSpecification\",\"valueRequired\":true,\"valueName\":\"search_term_string\"}}],\"inLanguage\":\"de\"},{\"@type\":\"Person\",\"@id\":\"https:\/\/blog.phzh.ch\/schulfuehrung\/#\/schema\/person\/13544ff30d01e0e5f98444f0696dcefb\",\"name\":\"melinamaerten\",\"image\":{\"@type\":\"ImageObject\",\"inLanguage\":\"de\",\"@id\":\"https:\/\/blog.phzh.ch\/schulfuehrung\/#\/schema\/person\/image\/\",\"url\":\"https:\/\/secure.gravatar.com\/avatar\/581b196899ac4a61b7e20a29f4dd52fe?s=96&d=mm&r=g\",\"contentUrl\":\"https:\/\/secure.gravatar.com\/avatar\/581b196899ac4a61b7e20a29f4dd52fe?s=96&d=mm&r=g\",\"caption\":\"melinamaerten\"},\"url\":\"https:\/\/blog.phzh.ch\/schulfuehrung\/author\/melinamaerten\/\"}]}<\/script>\n<!-- \/ Yoast SEO plugin. -->","yoast_head_json":{"title":"So steuern Sie die Weiterbildung der Mitarbeitenden - Schulf\u00fchrung","robots":{"index":"index","follow":"follow","max-snippet":"max-snippet:-1","max-image-preview":"max-image-preview:large","max-video-preview":"max-video-preview:-1"},"canonical":"https:\/\/blog.phzh.ch\/schulfuehrung\/2024\/02\/06\/wie-sie-die-weiterbildung-der-mitarbeitenden-steuern\/","og_locale":"de_DE","og_type":"article","og_title":"So steuern Sie die Weiterbildung der Mitarbeitenden - Schulf\u00fchrung","og_description":"Mit der Bedeutung der individuellen Weiterbildung der Lehrpersonen und deren Einfluss auf die Schulentwicklung hat sich Andr\u00e9 K\u00e4ser im Rahmen des MAS Bildungsmanagement an der PH Z\u00fcrich auseinandergesetzt und ein Kompendium f\u00fcr Schulleitungen entwickelt. Die Schule ist einem stetigen sowie zunehmend schneller werdenden gesellschaftlichen Wandel ausgesetzt. Die stark wachsende Bedeutung der k\u00fcnstlichen Intelligenz ist vermutlich &hellip; So steuern Sie die Weiterbildung der Mitarbeitenden weiterlesen","og_url":"https:\/\/blog.phzh.ch\/schulfuehrung\/2024\/02\/06\/wie-sie-die-weiterbildung-der-mitarbeitenden-steuern\/","og_site_name":"Schulf\u00fchrung","article_published_time":"2024-02-06T03:00:00+00:00","article_modified_time":"2024-02-06T08:30:07+00:00","og_image":[{"width":2560,"height":1233,"url":"http:\/\/blog.phzh.ch\/schulfuehrung\/files\/2024\/02\/Titelbild_Mann-schreibt-Arbeit_querformat-scaled.jpeg","type":"image\/jpeg"}],"author":"melinamaerten","twitter_card":"summary_large_image","twitter_misc":{"Verfasst von":"melinamaerten","Gesch\u00e4tzte Lesezeit":"5\u00a0Minuten"},"schema":{"@context":"https:\/\/schema.org","@graph":[{"@type":"Article","@id":"https:\/\/blog.phzh.ch\/schulfuehrung\/2024\/02\/06\/wie-sie-die-weiterbildung-der-mitarbeitenden-steuern\/#article","isPartOf":{"@id":"https:\/\/blog.phzh.ch\/schulfuehrung\/2024\/02\/06\/wie-sie-die-weiterbildung-der-mitarbeitenden-steuern\/"},"author":{"name":"melinamaerten","@id":"https:\/\/blog.phzh.ch\/schulfuehrung\/#\/schema\/person\/13544ff30d01e0e5f98444f0696dcefb"},"headline":"So steuern Sie die Weiterbildung der Mitarbeitenden","datePublished":"2024-02-06T03:00:00+00:00","dateModified":"2024-02-06T08:30:07+00:00","mainEntityOfPage":{"@id":"https:\/\/blog.phzh.ch\/schulfuehrung\/2024\/02\/06\/wie-sie-die-weiterbildung-der-mitarbeitenden-steuern\/"},"wordCount":770,"commentCount":0,"image":{"@id":"https:\/\/blog.phzh.ch\/schulfuehrung\/2024\/02\/06\/wie-sie-die-weiterbildung-der-mitarbeitenden-steuern\/#primaryimage"},"thumbnailUrl":"https:\/\/blog.phzh.ch\/schulfuehrung\/files\/2024\/02\/Titelbild_Mann-schreibt-Arbeit_querformat-scaled.jpeg","keywords":["Andr\u00e9 K\u00e4ser","Lehrpersonen","MAS-Arbeit","Schulleiter:innen","Weiterbildung der Mitarbeitenden steuern"],"articleSection":["Gesamte Beitr\u00e4ge","Wissen"],"inLanguage":"de","potentialAction":[{"@type":"CommentAction","name":"Comment","target":["https:\/\/blog.phzh.ch\/schulfuehrung\/2024\/02\/06\/wie-sie-die-weiterbildung-der-mitarbeitenden-steuern\/#respond"]}]},{"@type":"WebPage","@id":"https:\/\/blog.phzh.ch\/schulfuehrung\/2024\/02\/06\/wie-sie-die-weiterbildung-der-mitarbeitenden-steuern\/","url":"https:\/\/blog.phzh.ch\/schulfuehrung\/2024\/02\/06\/wie-sie-die-weiterbildung-der-mitarbeitenden-steuern\/","name":"So steuern Sie die Weiterbildung der Mitarbeitenden - Schulf\u00fchrung","isPartOf":{"@id":"https:\/\/blog.phzh.ch\/schulfuehrung\/#website"},"primaryImageOfPage":{"@id":"https:\/\/blog.phzh.ch\/schulfuehrung\/2024\/02\/06\/wie-sie-die-weiterbildung-der-mitarbeitenden-steuern\/#primaryimage"},"image":{"@id":"https:\/\/blog.phzh.ch\/schulfuehrung\/2024\/02\/06\/wie-sie-die-weiterbildung-der-mitarbeitenden-steuern\/#primaryimage"},"thumbnailUrl":"https:\/\/blog.phzh.ch\/schulfuehrung\/files\/2024\/02\/Titelbild_Mann-schreibt-Arbeit_querformat-scaled.jpeg","datePublished":"2024-02-06T03:00:00+00:00","dateModified":"2024-02-06T08:30:07+00:00","author":{"@id":"https:\/\/blog.phzh.ch\/schulfuehrung\/#\/schema\/person\/13544ff30d01e0e5f98444f0696dcefb"},"breadcrumb":{"@id":"https:\/\/blog.phzh.ch\/schulfuehrung\/2024\/02\/06\/wie-sie-die-weiterbildung-der-mitarbeitenden-steuern\/#breadcrumb"},"inLanguage":"de","potentialAction":[{"@type":"ReadAction","target":["https:\/\/blog.phzh.ch\/schulfuehrung\/2024\/02\/06\/wie-sie-die-weiterbildung-der-mitarbeitenden-steuern\/"]}]},{"@type":"ImageObject","inLanguage":"de","@id":"https:\/\/blog.phzh.ch\/schulfuehrung\/2024\/02\/06\/wie-sie-die-weiterbildung-der-mitarbeitenden-steuern\/#primaryimage","url":"https:\/\/blog.phzh.ch\/schulfuehrung\/files\/2024\/02\/Titelbild_Mann-schreibt-Arbeit_querformat-scaled.jpeg","contentUrl":"https:\/\/blog.phzh.ch\/schulfuehrung\/files\/2024\/02\/Titelbild_Mann-schreibt-Arbeit_querformat-scaled.jpeg","width":2560,"height":1233,"caption":"Photo of attractive bearded man writing notes and using laptop while working in cafe indoors"},{"@type":"BreadcrumbList","@id":"https:\/\/blog.phzh.ch\/schulfuehrung\/2024\/02\/06\/wie-sie-die-weiterbildung-der-mitarbeitenden-steuern\/#breadcrumb","itemListElement":[{"@type":"ListItem","position":1,"name":"Startseite","item":"https:\/\/blog.phzh.ch\/schulfuehrung\/"},{"@type":"ListItem","position":2,"name":"So steuern Sie die Weiterbildung der Mitarbeitenden"}]},{"@type":"WebSite","@id":"https:\/\/blog.phzh.ch\/schulfuehrung\/#website","url":"https:\/\/blog.phzh.ch\/schulfuehrung\/","name":"Schulf\u00fchrung","description":"phzh.ch\/schulfuehrung","potentialAction":[{"@type":"SearchAction","target":{"@type":"EntryPoint","urlTemplate":"https:\/\/blog.phzh.ch\/schulfuehrung\/?s={search_term_string}"},"query-input":{"@type":"PropertyValueSpecification","valueRequired":true,"valueName":"search_term_string"}}],"inLanguage":"de"},{"@type":"Person","@id":"https:\/\/blog.phzh.ch\/schulfuehrung\/#\/schema\/person\/13544ff30d01e0e5f98444f0696dcefb","name":"melinamaerten","image":{"@type":"ImageObject","inLanguage":"de","@id":"https:\/\/blog.phzh.ch\/schulfuehrung\/#\/schema\/person\/image\/","url":"https:\/\/secure.gravatar.com\/avatar\/581b196899ac4a61b7e20a29f4dd52fe?s=96&d=mm&r=g","contentUrl":"https:\/\/secure.gravatar.com\/avatar\/581b196899ac4a61b7e20a29f4dd52fe?s=96&d=mm&r=g","caption":"melinamaerten"},"url":"https:\/\/blog.phzh.ch\/schulfuehrung\/author\/melinamaerten\/"}]}},"_links":{"self":[{"href":"https:\/\/blog.phzh.ch\/schulfuehrung\/wp-json\/wp\/v2\/posts\/5415","targetHints":{"allow":["GET"]}}],"collection":[{"href":"https:\/\/blog.phzh.ch\/schulfuehrung\/wp-json\/wp\/v2\/posts"}],"about":[{"href":"https:\/\/blog.phzh.ch\/schulfuehrung\/wp-json\/wp\/v2\/types\/post"}],"author":[{"embeddable":true,"href":"https:\/\/blog.phzh.ch\/schulfuehrung\/wp-json\/wp\/v2\/users\/1392"}],"replies":[{"embeddable":true,"href":"https:\/\/blog.phzh.ch\/schulfuehrung\/wp-json\/wp\/v2\/comments?post=5415"}],"version-history":[{"count":9,"href":"https:\/\/blog.phzh.ch\/schulfuehrung\/wp-json\/wp\/v2\/posts\/5415\/revisions"}],"predecessor-version":[{"id":5440,"href":"https:\/\/blog.phzh.ch\/schulfuehrung\/wp-json\/wp\/v2\/posts\/5415\/revisions\/5440"}],"wp:featuredmedia":[{"embeddable":true,"href":"https:\/\/blog.phzh.ch\/schulfuehrung\/wp-json\/wp\/v2\/media\/5425"}],"wp:attachment":[{"href":"https:\/\/blog.phzh.ch\/schulfuehrung\/wp-json\/wp\/v2\/media?parent=5415"}],"wp:term":[{"taxonomy":"category","embeddable":true,"href":"https:\/\/blog.phzh.ch\/schulfuehrung\/wp-json\/wp\/v2\/categories?post=5415"},{"taxonomy":"post_tag","embeddable":true,"href":"https:\/\/blog.phzh.ch\/schulfuehrung\/wp-json\/wp\/v2\/tags?post=5415"}],"curies":[{"name":"wp","href":"https:\/\/api.w.org\/{rel}","templated":true}]}}