{"id":4408,"date":"2022-10-07T04:00:00","date_gmt":"2022-10-07T02:00:00","guid":{"rendered":"https:\/\/blog.phzh.ch\/schulfuehrung\/?p=4408"},"modified":"2022-10-10T14:09:30","modified_gmt":"2022-10-10T12:09:30","slug":"uebergaenge-im-1-zyklus-gemeinsam-gestalten","status":"publish","type":"post","link":"https:\/\/blog.phzh.ch\/schulfuehrung\/2022\/10\/07\/uebergaenge-im-1-zyklus-gemeinsam-gestalten\/","title":{"rendered":"\u00dcberg\u00e4nge im 1. Zyklus gemeinsam gestalten"},"content":{"rendered":"\n<p><strong>In Zusammenarbeit mit dem Volksschulamt Z\u00fcrich, dem Institut Unterstrass und engagierten Schulgemeinden sind Leitf\u00e4den und Filme zur gemeinsamen und zeitgem\u00e4ssen \u00dcbergangsgestaltung im 1. Zyklus entstanden. Der Fokus liegt auf konkreten, praktisch umsetzbaren Empfehlungen und dem Einbezug aller Beteiligten (Gemeinde, Schule und Betreuung, Kinder und ihre Eltern). Natalie Geiger zeigt auf, wie der \u00dcbertritt<\/strong> <strong>gemeinsam gestaltet werden kann.<\/strong><\/p>\n\n\n\n<p>Die ersten vier Schuljahre bilden die Basis f\u00fcr die weitere Schullaufbahn eines Kindes. Zwei \u00dcberg\u00e4nge sind f\u00fcr die meisten Kinder und ihre Eltern beim Start in die obligatorische Schulzeit immer noch pr\u00e4gend: der Eintritt in den Kindergarten und der \u00dcbertritt in die 1. Klasse. Mit dem Lehrplan 21 wird ein Paradigmenwechsel angestrebt:&nbsp; Lernf\u00f6rderung soll st\u00e4rker aus der Perspektive der Kinder geschehen.<\/p>\n\n\n\n<p>Indem die \u00dcberg\u00e4nge st\u00e4rker in den Fokus ger\u00fcckt werden, wird zeitgleich das Lernen der Kinder im 1. Zyklus zum Thema. Wie lernen Kinder eigentlich \u2013 zu Hause, in der Spielgruppe, in der Kindertagesst\u00e4tte (Kita), im Kindergarten und in der Primarschule?<\/p>\n\n\n<p><!--more--><\/p>\n\n\n<p>Um das Lernumfeld Schule st\u00e4rker auf die tats\u00e4chlichen Bed\u00fcrfnisse der Kinder auszurichten und \u00dcberg\u00e4nge im Schulsystem fliessender zu gestalten, ist die Vernetzung und der Einbezug aller am Lernen beteiligten Personen und Institutionen zielf\u00fchrend.<\/p>\n\n\n\n<figure class=\"wp-block-image size-full\"><img loading=\"lazy\" decoding=\"async\" width=\"806\" height=\"730\" src=\"http:\/\/blog.phzh.ch\/schulfuehrung\/files\/2022\/10\/lit_Grafik_Wirkungsfaktoren_Lernen.png\" alt=\"Wirkungsfaktoren des Lernens\" class=\"wp-image-4411\" srcset=\"https:\/\/blog.phzh.ch\/schulfuehrung\/files\/2022\/10\/lit_Grafik_Wirkungsfaktoren_Lernen.png 806w, https:\/\/blog.phzh.ch\/schulfuehrung\/files\/2022\/10\/lit_Grafik_Wirkungsfaktoren_Lernen-300x272.png 300w, https:\/\/blog.phzh.ch\/schulfuehrung\/files\/2022\/10\/lit_Grafik_Wirkungsfaktoren_Lernen-768x696.png 768w\" sizes=\"auto, (max-width: 806px) 100vw, 806px\" \/><figcaption>Wirkungsfaktoren f\u00fcr das Lernen des Kindes \u2013 Schwerpunktprogramm Elementarbildung, 2020<\/figcaption><\/figure>\n\n\n\n<p>F\u00fcr Schulen ergeben sich folgende Leits\u00e4tze, die mit praktischen Umsetzungsm\u00f6glichkeiten verkn\u00fcpft werden. Erste Einblicke: &nbsp;<\/p>\n\n\n\n<p><strong>Die Schule tauscht sich mit Personen und Institutionen, die f\u00fcr die Lernbegleitung der Kinder ebenfalls verantwortlich sind, aktiv zum \u00dcbergang aus (politische Entscheidungsverantwortliche von Gemeinden, Kitas, Spielgruppen, Beratungsstellen und Eltern).<\/strong><\/p>\n\n\n\n<p>Beispiel zur St\u00e4rkung des \u00dcbergangs \u00abFr\u00fchbereich &#8211; Kindergarten\u00bb: Schulen, insbesondere die Kindergartenstufe, vernetzen sich mit Kitas, Spielgruppen und den Eltern zum Lernen junger Kinder. Dadurch schaffen sie ein h\u00f6heres Verst\u00e4ndnis f\u00fcr das Lernumfeld, wo die Kinder herkommen. Diese Vernetzung kann durch gegenseitige Hospitationen (Kita\/Spielgruppe und Kindergarten), die Abstimmung vertrauter Elemente und Elternabende zum Thema \u00abSpielen und Lernen\u00bb initiiert und gest\u00e4rkt werden.<\/p>\n\n\n\n<p><strong>\u00abDie Schule richtet das Lernumfeld insgesamt st\u00e4rker danach aus, wie die Kinder ankommen. <\/strong><strong>Bei der Gestaltung eines lernf\u00f6rderlichen Umfelds in Schule und Betreuung wird ber\u00fccksichtigt, dass die Kinder bereits weit vor Kindergartenstart lernen. Sie lernen individuell und entwickeln sich unterschiedlich.\u00bb<\/strong><\/p>\n\n\n\n<p>Beispiel zu beiden \u00dcberg\u00e4ngen: Schulteams im 1. Zyklus setzen sich gemeinsam mit der Frage auseinander, wie junge Kinder optimal lernen k\u00f6nnen. Entwicklungspsychologisch ist das Spiel die zentralste Lernform 4 \u2013 8-J\u00e4hriger. Die entwicklungsorientierte P\u00e4dagogik liefert Schulen die n\u00f6tigen Grundlagen. Durch die Auseinandersetzung mit entwicklungs- und lernpsychologischen Grundlagen sowie der Verbindung von Spielen und Lernen wird ein gemeinsames Lernverst\u00e4ndnis aufgebaut. <\/p>\n\n\n\n<p><strong>Die schulinterne Zusammenarbeit innerhalb des 1. Zyklus wird verst\u00e4rkt. Durch die gemeinsame Planung und Durchf\u00fchrung von Unterricht wird das gemeinsame Lernverst\u00e4ndnis gef\u00f6rdert, der Schulalltag wird besser aufeinander abgestimmt. <\/strong>Beispiel zum \u00dcbergang \u00abKindergarten -1. Klasse\u00bb: An der Schule werden feste Zeitfenster f\u00fcr die Zusammenarbeit geschaffen, dies k\u00f6nnen sein: regelm\u00e4ssige Zyklen-Sitzungen und gemeinsame Projekttage, gegenseitige Hospitationen mit Fokus auf Spiel und\/oder Teamteaching, Austausch von Materialien und vertrauten Elementen und gemeinsame Elternabende. <strong><\/strong><\/p>\n\n\n\n<p><strong>Die Eltern haben erwiesenermassen den gr\u00f6ssten Einfluss auf das Lernen und die Entwicklung der Kinder. Als wichtigste Bezugspersonen ihrer Kinder werden sie aktiv in die Gestaltung der \u00dcberg\u00e4nge einbezogen und eingebunden. <\/strong>Beispiel zum \u00dcbergang \u00abFr\u00fchbereich-Kindergarten\u00bb: Ein wichtiges Element der Arbeit in Kitas ist der Elternkontakt. Indem Kindergartenlehrpersonen bereits fr\u00fch den Kontakt mit den Eltern und ihren Kindern aufnehmen, schaffen sie eine Beziehungsgrundlage und einen Vertrauensvorschuss. Kurz vor den Sommerferien oder direkt nach den Sommerferien finden mit den neu eintretenden Kindern Kennenlerngespr\u00e4che statt. Die Schule schafft feste Zeitgef\u00e4sse daf\u00fcr. <\/p>\n\n\n\n<pre class=\"wp-block-preformatted\">INFOBOX\n\nDie Leitf\u00e4den und Filme zu den beiden <a href=\"https:\/\/www.youtube.com\/watch?v=IN841U3hH3A&amp;feature=youtu.be\" target=\"_blank\" rel=\"noreferrer noopener\">\u00dcberg\u00e4ngen \u00abFr\u00fchbereich \u2013 Kindergarten\u00bb <\/a>und <a href=\"https:\/\/youtu.be\/k3sc47CXB-o\" target=\"_blank\" rel=\"noreferrer noopener\">\u00abKindergarten - 1. Klasse\u00bb<\/a> zeigen, wie die Zusammenarbeit aussehen kann: Nebst praktischen Einblicken in Schulen und Institutionen, die sich bereits intensiv mit der <a href=\"https:\/\/phzh.ch\/uebergaenge\" target=\"_blank\" rel=\"noreferrer noopener\">Gestaltung von \u00dcberg\u00e4ngen<\/a> auseinandersetzen, stehen Schulen p\u00e4dagogisch-didaktische Umsetzungsm\u00f6glichkeiten im Jahresverlauf sowie Checklisten f\u00fcr organisatorische Massnahmen zur Verf\u00fcgung.\n\nDie Brosch\u00fcren und Filme sind im Rahmen des Projekts \u00abFr\u00fchbereich-Volksschule \u2013 Schuleingangsphase gestalten (FBVS)\u00bb des Volksschulamtes entstanden. Auf der Website des Volksschulamtes stehen weitere unterst\u00fctzende Angebote zum <a href=\"https:\/\/www.zh.ch\/de\/bildung\/informationen-fuer-schulen\/informationen-volksschule\/volksschule-organisation\/schulstufen-uebergaenge\/kindergarten-planungshinweise-fuer-schulen.html#-1833194402\" target=\"_blank\" rel=\"noreferrer noopener\">Eintritt in den Kindergarten<\/a> und zum <a href=\"https:\/\/www.zh.ch\/de\/bildung\/informationen-fuer-schulen\/informationen-volksschule\/volksschule-organisation\/schulstufen-uebergaenge\/primarschule-planungshinweise-fuer-schulen.html\" target=\"_blank\" rel=\"noreferrer noopener\">Eintritt in die 1. Klasse<\/a> zur Verf\u00fcgung.<\/pre>\n\n\n\n<h2 class=\"wp-block-heading\">Zur Autorin<\/h2>\n\n\n<div class=\"wp-block-image\">\n<figure class=\"alignleft size-large is-resized\"><img decoding=\"async\" src=\"http:\/\/blog.phzh.ch\/schulfuehrung\/files\/2022\/10\/Portraitfoto_Natalie-Geiger-789x1024.jpg\" alt=\"Natalie Geiger\" class=\"wp-image-4415\" width=\"127\" srcset=\"https:\/\/blog.phzh.ch\/schulfuehrung\/files\/2022\/10\/Portraitfoto_Natalie-Geiger-789x1024.jpg 789w, https:\/\/blog.phzh.ch\/schulfuehrung\/files\/2022\/10\/Portraitfoto_Natalie-Geiger-231x300.jpg 231w, https:\/\/blog.phzh.ch\/schulfuehrung\/files\/2022\/10\/Portraitfoto_Natalie-Geiger-768x997.jpg 768w, https:\/\/blog.phzh.ch\/schulfuehrung\/files\/2022\/10\/Portraitfoto_Natalie-Geiger-1183x1536.jpg 1183w, https:\/\/blog.phzh.ch\/schulfuehrung\/files\/2022\/10\/Portraitfoto_Natalie-Geiger.jpg 1535w\" sizes=\"(max-width: 789px) 100vw, 789px\" \/><\/figure><\/div>\n\n\n<p><a href=\"https:\/\/phzh.ch\/personen\/natalie.geiger\" target=\"_blank\" rel=\"noreferrer noopener\">Natalie Geiger<\/a> arbeitet als wissenschaftliche Mitarbeiterin im Schwerpunktprogramm Elementarbildung der P\u00e4dagogischen Hochschule Z\u00fcrich und leitete Weiterbildungen und Fachberatungen f\u00fcr den 1. Zyklus. Die \u00dcbergangsthematik besch\u00e4ftigt sie aktuell auch im Zusammenhang mit dem <a href=\"https:\/\/eur02.safelinks.protection.outlook.com\/?url=https%3A%2F%2Fwww.spielenplus.ch%2F&amp;data=05%7C01%7Cmelina.maerten%40phzh.ch%7C08136e501ebf47db735508daa1238460%7C7b1ce663ae894a2ab34a79142338f3f2%7C1%7C0%7C637999471151322127%7CUnknown%7CTWFpbGZsb3d8eyJWIjoiMC4wLjAwMDAiLCJQIjoiV2luMzIiLCJBTiI6Ik1haWwiLCJXVCI6Mn0%3D%7C3000%7C%7C%7C&amp;sdata=n%2B1WOVrM%2FTKKzAO2LTHs38rAILTV%2BaMe9XdDvE%2Fdz7M%3D&amp;reserved=0\" target=\"_blank\" rel=\"noreferrer noopener\">Spielen Plus Projekt<\/a> der PH-Z\u00fcrich, dem Pilotprojekt <a href=\"https:\/\/eur02.safelinks.protection.outlook.com\/?url=https%3A%2F%2Fwww.primarschule-uster.ch%2Fprojekt&amp;data=05%7C01%7Cmelina.maerten%40phzh.ch%7C08136e501ebf47db735508daa1238460%7C7b1ce663ae894a2ab34a79142338f3f2%7C1%7C0%7C637999471151322127%7CUnknown%7CTWFpbGZsb3d8eyJWIjoiMC4wLjAwMDAiLCJQIjoiV2luMzIiLCJBTiI6Ik1haWwiLCJXVCI6Mn0%3D%7C3000%7C%7C%7C&amp;sdata=gDZx19krE4OWwMJTVNOaekcO5cOiEomJtg7nweP19nQ%3D&amp;reserved=0\" target=\"_blank\" rel=\"noreferrer noopener\">\u201eFachpersonen Betreuung im Kindergarten\u201c<\/a> sowie der Planungshilfe <a href=\"https:\/\/eur02.safelinks.protection.outlook.com\/?url=https%3A%2F%2Fwww.8-schritt-modell.ch%2F&amp;data=05%7C01%7Cmelina.maerten%40phzh.ch%7C08136e501ebf47db735508daa1238460%7C7b1ce663ae894a2ab34a79142338f3f2%7C1%7C0%7C637999471151322127%7CUnknown%7CTWFpbGZsb3d8eyJWIjoiMC4wLjAwMDAiLCJQIjoiV2luMzIiLCJBTiI6Ik1haWwiLCJXVCI6Mn0%3D%7C3000%7C%7C%7C&amp;sdata=BIkuTI4lMk%2FmKn7ilTwSGI2cOAI4%2FUHmmkrwA3iBfG8%3D&amp;reserved=0\" target=\"_blank\" rel=\"noreferrer noopener\">8-Schritt-Modell<\/a>. W\u00e4hrend 11 Jahren hat Natalie Geiger als Lehrperson im 1. Zyklus unterrichtet. &nbsp;<\/p>\n\n\n\n<p><\/p>\n\n\n\n<p>Redaktion: Melina Maerten<br>Titelbild: zVg<\/p>\n","protected":false},"excerpt":{"rendered":"<p>In Zusammenarbeit mit dem Volksschulamt Z\u00fcrich, dem Institut Unterstrass und engagierten Schulgemeinden sind Leitf\u00e4den und Filme zur gemeinsamen und zeitgem\u00e4ssen \u00dcbergangsgestaltung im 1. Zyklus entstanden. Der Fokus liegt auf konkreten, praktisch umsetzbaren Empfehlungen und dem Einbezug aller Beteiligten (Gemeinde, Schule und Betreuung, Kinder und ihre Eltern). Natalie Geiger zeigt auf, wie der \u00dcbertritt gemeinsam gestaltet &hellip; <a href=\"https:\/\/blog.phzh.ch\/schulfuehrung\/2022\/10\/07\/uebergaenge-im-1-zyklus-gemeinsam-gestalten\/\" class=\"more-link\"><span class=\"screen-reader-text\">\u00dcberg\u00e4nge im 1. Zyklus gemeinsam gestalten<\/span> weiterlesen<\/a><\/p>\n","protected":false},"author":1392,"featured_media":4412,"comment_status":"open","ping_status":"open","sticky":false,"template":"","format":"standard","meta":{"sfsi_plus_gutenberg_text_before_share":"","sfsi_plus_gutenberg_show_text_before_share":"","sfsi_plus_gutenberg_icon_type":"","sfsi_plus_gutenberg_icon_alignemt":"","sfsi_plus_gutenburg_max_per_row":"","footnotes":""},"categories":[107309],"tags":[18367,4174,19127,36776,109561,109684,109423],"class_list":["post-4408","post","type-post","status-publish","format-standard","has-post-thumbnail","hentry","category-alle-beitraege","tag-eltern","tag-kinder","tag-kindergarten","tag-lernen","tag-spielen-plus","tag-uebergaenge-im-1-zyklus","tag-zyklus-1"],"yoast_head":"<!-- This site is optimized with the Yoast SEO plugin v26.8 - https:\/\/yoast.com\/product\/yoast-seo-wordpress\/ -->\n<title>\u00dcberg\u00e4nge im 1. Zyklus gemeinsam gestalten - Schulf\u00fchrung<\/title>\n<meta name=\"robots\" content=\"index, follow, max-snippet:-1, max-image-preview:large, max-video-preview:-1\" \/>\n<link rel=\"canonical\" href=\"https:\/\/blog.phzh.ch\/schulfuehrung\/2022\/10\/07\/uebergaenge-im-1-zyklus-gemeinsam-gestalten\/\" \/>\n<meta property=\"og:locale\" content=\"de_DE\" \/>\n<meta property=\"og:type\" content=\"article\" \/>\n<meta property=\"og:title\" content=\"\u00dcberg\u00e4nge im 1. Zyklus gemeinsam gestalten - Schulf\u00fchrung\" \/>\n<meta property=\"og:description\" content=\"In Zusammenarbeit mit dem Volksschulamt Z\u00fcrich, dem Institut Unterstrass und engagierten Schulgemeinden sind Leitf\u00e4den und Filme zur gemeinsamen und zeitgem\u00e4ssen \u00dcbergangsgestaltung im 1. Zyklus entstanden. Der Fokus liegt auf konkreten, praktisch umsetzbaren Empfehlungen und dem Einbezug aller Beteiligten (Gemeinde, Schule und Betreuung, Kinder und ihre Eltern). Natalie Geiger zeigt auf, wie der \u00dcbertritt gemeinsam gestaltet &hellip; \u00dcberg\u00e4nge im 1. Zyklus gemeinsam gestalten weiterlesen\" \/>\n<meta property=\"og:url\" content=\"https:\/\/blog.phzh.ch\/schulfuehrung\/2022\/10\/07\/uebergaenge-im-1-zyklus-gemeinsam-gestalten\/\" \/>\n<meta property=\"og:site_name\" content=\"Schulf\u00fchrung\" \/>\n<meta property=\"article:published_time\" content=\"2022-10-07T02:00:00+00:00\" \/>\n<meta property=\"article:modified_time\" content=\"2022-10-10T12:09:30+00:00\" \/>\n<meta property=\"og:image\" content=\"http:\/\/blog.phzh.ch\/schulfuehrung\/files\/2022\/10\/lit_Titelbild_Uebergang-Zyklus1.png\" \/>\n\t<meta property=\"og:image:width\" content=\"885\" \/>\n\t<meta property=\"og:image:height\" content=\"278\" \/>\n\t<meta property=\"og:image:type\" content=\"image\/png\" \/>\n<meta name=\"author\" content=\"melinamaerten\" \/>\n<meta name=\"twitter:card\" content=\"summary_large_image\" \/>\n<meta name=\"twitter:label1\" content=\"Verfasst von\" \/>\n\t<meta name=\"twitter:data1\" content=\"melinamaerten\" \/>\n\t<meta name=\"twitter:label2\" content=\"Gesch\u00e4tzte Lesezeit\" \/>\n\t<meta name=\"twitter:data2\" content=\"5\u00a0Minuten\" \/>\n<script type=\"application\/ld+json\" class=\"yoast-schema-graph\">{\"@context\":\"https:\/\/schema.org\",\"@graph\":[{\"@type\":\"Article\",\"@id\":\"https:\/\/blog.phzh.ch\/schulfuehrung\/2022\/10\/07\/uebergaenge-im-1-zyklus-gemeinsam-gestalten\/#article\",\"isPartOf\":{\"@id\":\"https:\/\/blog.phzh.ch\/schulfuehrung\/2022\/10\/07\/uebergaenge-im-1-zyklus-gemeinsam-gestalten\/\"},\"author\":{\"name\":\"melinamaerten\",\"@id\":\"https:\/\/blog.phzh.ch\/schulfuehrung\/#\/schema\/person\/13544ff30d01e0e5f98444f0696dcefb\"},\"headline\":\"\u00dcberg\u00e4nge im 1. Zyklus gemeinsam gestalten\",\"datePublished\":\"2022-10-07T02:00:00+00:00\",\"dateModified\":\"2022-10-10T12:09:30+00:00\",\"mainEntityOfPage\":{\"@id\":\"https:\/\/blog.phzh.ch\/schulfuehrung\/2022\/10\/07\/uebergaenge-im-1-zyklus-gemeinsam-gestalten\/\"},\"wordCount\":683,\"commentCount\":0,\"image\":{\"@id\":\"https:\/\/blog.phzh.ch\/schulfuehrung\/2022\/10\/07\/uebergaenge-im-1-zyklus-gemeinsam-gestalten\/#primaryimage\"},\"thumbnailUrl\":\"https:\/\/blog.phzh.ch\/schulfuehrung\/files\/2022\/10\/lit_Titelbild_Uebergang-Zyklus1.png\",\"keywords\":[\"Eltern\",\"Kinder\",\"Kindergarten\",\"Lernen\",\"Spielen Plus\",\"\u00dcberg\u00e4nge im 1. Zyklus\",\"Zyklus 1\"],\"articleSection\":[\"Gesamte Beitr\u00e4ge\"],\"inLanguage\":\"de\",\"potentialAction\":[{\"@type\":\"CommentAction\",\"name\":\"Comment\",\"target\":[\"https:\/\/blog.phzh.ch\/schulfuehrung\/2022\/10\/07\/uebergaenge-im-1-zyklus-gemeinsam-gestalten\/#respond\"]}]},{\"@type\":\"WebPage\",\"@id\":\"https:\/\/blog.phzh.ch\/schulfuehrung\/2022\/10\/07\/uebergaenge-im-1-zyklus-gemeinsam-gestalten\/\",\"url\":\"https:\/\/blog.phzh.ch\/schulfuehrung\/2022\/10\/07\/uebergaenge-im-1-zyklus-gemeinsam-gestalten\/\",\"name\":\"\u00dcberg\u00e4nge im 1. Zyklus gemeinsam gestalten - Schulf\u00fchrung\",\"isPartOf\":{\"@id\":\"https:\/\/blog.phzh.ch\/schulfuehrung\/#website\"},\"primaryImageOfPage\":{\"@id\":\"https:\/\/blog.phzh.ch\/schulfuehrung\/2022\/10\/07\/uebergaenge-im-1-zyklus-gemeinsam-gestalten\/#primaryimage\"},\"image\":{\"@id\":\"https:\/\/blog.phzh.ch\/schulfuehrung\/2022\/10\/07\/uebergaenge-im-1-zyklus-gemeinsam-gestalten\/#primaryimage\"},\"thumbnailUrl\":\"https:\/\/blog.phzh.ch\/schulfuehrung\/files\/2022\/10\/lit_Titelbild_Uebergang-Zyklus1.png\",\"datePublished\":\"2022-10-07T02:00:00+00:00\",\"dateModified\":\"2022-10-10T12:09:30+00:00\",\"author\":{\"@id\":\"https:\/\/blog.phzh.ch\/schulfuehrung\/#\/schema\/person\/13544ff30d01e0e5f98444f0696dcefb\"},\"breadcrumb\":{\"@id\":\"https:\/\/blog.phzh.ch\/schulfuehrung\/2022\/10\/07\/uebergaenge-im-1-zyklus-gemeinsam-gestalten\/#breadcrumb\"},\"inLanguage\":\"de\",\"potentialAction\":[{\"@type\":\"ReadAction\",\"target\":[\"https:\/\/blog.phzh.ch\/schulfuehrung\/2022\/10\/07\/uebergaenge-im-1-zyklus-gemeinsam-gestalten\/\"]}]},{\"@type\":\"ImageObject\",\"inLanguage\":\"de\",\"@id\":\"https:\/\/blog.phzh.ch\/schulfuehrung\/2022\/10\/07\/uebergaenge-im-1-zyklus-gemeinsam-gestalten\/#primaryimage\",\"url\":\"https:\/\/blog.phzh.ch\/schulfuehrung\/files\/2022\/10\/lit_Titelbild_Uebergang-Zyklus1.png\",\"contentUrl\":\"https:\/\/blog.phzh.ch\/schulfuehrung\/files\/2022\/10\/lit_Titelbild_Uebergang-Zyklus1.png\",\"width\":885,\"height\":278,\"caption\":\"\u00dcberg\u00e4nge im Zyklus 1\"},{\"@type\":\"BreadcrumbList\",\"@id\":\"https:\/\/blog.phzh.ch\/schulfuehrung\/2022\/10\/07\/uebergaenge-im-1-zyklus-gemeinsam-gestalten\/#breadcrumb\",\"itemListElement\":[{\"@type\":\"ListItem\",\"position\":1,\"name\":\"Startseite\",\"item\":\"https:\/\/blog.phzh.ch\/schulfuehrung\/\"},{\"@type\":\"ListItem\",\"position\":2,\"name\":\"\u00dcberg\u00e4nge im 1. Zyklus gemeinsam gestalten\"}]},{\"@type\":\"WebSite\",\"@id\":\"https:\/\/blog.phzh.ch\/schulfuehrung\/#website\",\"url\":\"https:\/\/blog.phzh.ch\/schulfuehrung\/\",\"name\":\"Schulf\u00fchrung\",\"description\":\"phzh.ch\/schulfuehrung\",\"potentialAction\":[{\"@type\":\"SearchAction\",\"target\":{\"@type\":\"EntryPoint\",\"urlTemplate\":\"https:\/\/blog.phzh.ch\/schulfuehrung\/?s={search_term_string}\"},\"query-input\":{\"@type\":\"PropertyValueSpecification\",\"valueRequired\":true,\"valueName\":\"search_term_string\"}}],\"inLanguage\":\"de\"},{\"@type\":\"Person\",\"@id\":\"https:\/\/blog.phzh.ch\/schulfuehrung\/#\/schema\/person\/13544ff30d01e0e5f98444f0696dcefb\",\"name\":\"melinamaerten\",\"image\":{\"@type\":\"ImageObject\",\"inLanguage\":\"de\",\"@id\":\"https:\/\/blog.phzh.ch\/schulfuehrung\/#\/schema\/person\/image\/\",\"url\":\"https:\/\/secure.gravatar.com\/avatar\/581b196899ac4a61b7e20a29f4dd52fe?s=96&d=mm&r=g\",\"contentUrl\":\"https:\/\/secure.gravatar.com\/avatar\/581b196899ac4a61b7e20a29f4dd52fe?s=96&d=mm&r=g\",\"caption\":\"melinamaerten\"},\"url\":\"https:\/\/blog.phzh.ch\/schulfuehrung\/author\/melinamaerten\/\"}]}<\/script>\n<!-- \/ Yoast SEO plugin. -->","yoast_head_json":{"title":"\u00dcberg\u00e4nge im 1. Zyklus gemeinsam gestalten - Schulf\u00fchrung","robots":{"index":"index","follow":"follow","max-snippet":"max-snippet:-1","max-image-preview":"max-image-preview:large","max-video-preview":"max-video-preview:-1"},"canonical":"https:\/\/blog.phzh.ch\/schulfuehrung\/2022\/10\/07\/uebergaenge-im-1-zyklus-gemeinsam-gestalten\/","og_locale":"de_DE","og_type":"article","og_title":"\u00dcberg\u00e4nge im 1. Zyklus gemeinsam gestalten - Schulf\u00fchrung","og_description":"In Zusammenarbeit mit dem Volksschulamt Z\u00fcrich, dem Institut Unterstrass und engagierten Schulgemeinden sind Leitf\u00e4den und Filme zur gemeinsamen und zeitgem\u00e4ssen \u00dcbergangsgestaltung im 1. Zyklus entstanden. Der Fokus liegt auf konkreten, praktisch umsetzbaren Empfehlungen und dem Einbezug aller Beteiligten (Gemeinde, Schule und Betreuung, Kinder und ihre Eltern). Natalie Geiger zeigt auf, wie der \u00dcbertritt gemeinsam gestaltet &hellip; \u00dcberg\u00e4nge im 1. Zyklus gemeinsam gestalten weiterlesen","og_url":"https:\/\/blog.phzh.ch\/schulfuehrung\/2022\/10\/07\/uebergaenge-im-1-zyklus-gemeinsam-gestalten\/","og_site_name":"Schulf\u00fchrung","article_published_time":"2022-10-07T02:00:00+00:00","article_modified_time":"2022-10-10T12:09:30+00:00","og_image":[{"width":885,"height":278,"url":"http:\/\/blog.phzh.ch\/schulfuehrung\/files\/2022\/10\/lit_Titelbild_Uebergang-Zyklus1.png","type":"image\/png"}],"author":"melinamaerten","twitter_card":"summary_large_image","twitter_misc":{"Verfasst von":"melinamaerten","Gesch\u00e4tzte Lesezeit":"5\u00a0Minuten"},"schema":{"@context":"https:\/\/schema.org","@graph":[{"@type":"Article","@id":"https:\/\/blog.phzh.ch\/schulfuehrung\/2022\/10\/07\/uebergaenge-im-1-zyklus-gemeinsam-gestalten\/#article","isPartOf":{"@id":"https:\/\/blog.phzh.ch\/schulfuehrung\/2022\/10\/07\/uebergaenge-im-1-zyklus-gemeinsam-gestalten\/"},"author":{"name":"melinamaerten","@id":"https:\/\/blog.phzh.ch\/schulfuehrung\/#\/schema\/person\/13544ff30d01e0e5f98444f0696dcefb"},"headline":"\u00dcberg\u00e4nge im 1. Zyklus gemeinsam gestalten","datePublished":"2022-10-07T02:00:00+00:00","dateModified":"2022-10-10T12:09:30+00:00","mainEntityOfPage":{"@id":"https:\/\/blog.phzh.ch\/schulfuehrung\/2022\/10\/07\/uebergaenge-im-1-zyklus-gemeinsam-gestalten\/"},"wordCount":683,"commentCount":0,"image":{"@id":"https:\/\/blog.phzh.ch\/schulfuehrung\/2022\/10\/07\/uebergaenge-im-1-zyklus-gemeinsam-gestalten\/#primaryimage"},"thumbnailUrl":"https:\/\/blog.phzh.ch\/schulfuehrung\/files\/2022\/10\/lit_Titelbild_Uebergang-Zyklus1.png","keywords":["Eltern","Kinder","Kindergarten","Lernen","Spielen Plus","\u00dcberg\u00e4nge im 1. Zyklus","Zyklus 1"],"articleSection":["Gesamte Beitr\u00e4ge"],"inLanguage":"de","potentialAction":[{"@type":"CommentAction","name":"Comment","target":["https:\/\/blog.phzh.ch\/schulfuehrung\/2022\/10\/07\/uebergaenge-im-1-zyklus-gemeinsam-gestalten\/#respond"]}]},{"@type":"WebPage","@id":"https:\/\/blog.phzh.ch\/schulfuehrung\/2022\/10\/07\/uebergaenge-im-1-zyklus-gemeinsam-gestalten\/","url":"https:\/\/blog.phzh.ch\/schulfuehrung\/2022\/10\/07\/uebergaenge-im-1-zyklus-gemeinsam-gestalten\/","name":"\u00dcberg\u00e4nge im 1. Zyklus gemeinsam gestalten - Schulf\u00fchrung","isPartOf":{"@id":"https:\/\/blog.phzh.ch\/schulfuehrung\/#website"},"primaryImageOfPage":{"@id":"https:\/\/blog.phzh.ch\/schulfuehrung\/2022\/10\/07\/uebergaenge-im-1-zyklus-gemeinsam-gestalten\/#primaryimage"},"image":{"@id":"https:\/\/blog.phzh.ch\/schulfuehrung\/2022\/10\/07\/uebergaenge-im-1-zyklus-gemeinsam-gestalten\/#primaryimage"},"thumbnailUrl":"https:\/\/blog.phzh.ch\/schulfuehrung\/files\/2022\/10\/lit_Titelbild_Uebergang-Zyklus1.png","datePublished":"2022-10-07T02:00:00+00:00","dateModified":"2022-10-10T12:09:30+00:00","author":{"@id":"https:\/\/blog.phzh.ch\/schulfuehrung\/#\/schema\/person\/13544ff30d01e0e5f98444f0696dcefb"},"breadcrumb":{"@id":"https:\/\/blog.phzh.ch\/schulfuehrung\/2022\/10\/07\/uebergaenge-im-1-zyklus-gemeinsam-gestalten\/#breadcrumb"},"inLanguage":"de","potentialAction":[{"@type":"ReadAction","target":["https:\/\/blog.phzh.ch\/schulfuehrung\/2022\/10\/07\/uebergaenge-im-1-zyklus-gemeinsam-gestalten\/"]}]},{"@type":"ImageObject","inLanguage":"de","@id":"https:\/\/blog.phzh.ch\/schulfuehrung\/2022\/10\/07\/uebergaenge-im-1-zyklus-gemeinsam-gestalten\/#primaryimage","url":"https:\/\/blog.phzh.ch\/schulfuehrung\/files\/2022\/10\/lit_Titelbild_Uebergang-Zyklus1.png","contentUrl":"https:\/\/blog.phzh.ch\/schulfuehrung\/files\/2022\/10\/lit_Titelbild_Uebergang-Zyklus1.png","width":885,"height":278,"caption":"\u00dcberg\u00e4nge im Zyklus 1"},{"@type":"BreadcrumbList","@id":"https:\/\/blog.phzh.ch\/schulfuehrung\/2022\/10\/07\/uebergaenge-im-1-zyklus-gemeinsam-gestalten\/#breadcrumb","itemListElement":[{"@type":"ListItem","position":1,"name":"Startseite","item":"https:\/\/blog.phzh.ch\/schulfuehrung\/"},{"@type":"ListItem","position":2,"name":"\u00dcberg\u00e4nge im 1. Zyklus gemeinsam gestalten"}]},{"@type":"WebSite","@id":"https:\/\/blog.phzh.ch\/schulfuehrung\/#website","url":"https:\/\/blog.phzh.ch\/schulfuehrung\/","name":"Schulf\u00fchrung","description":"phzh.ch\/schulfuehrung","potentialAction":[{"@type":"SearchAction","target":{"@type":"EntryPoint","urlTemplate":"https:\/\/blog.phzh.ch\/schulfuehrung\/?s={search_term_string}"},"query-input":{"@type":"PropertyValueSpecification","valueRequired":true,"valueName":"search_term_string"}}],"inLanguage":"de"},{"@type":"Person","@id":"https:\/\/blog.phzh.ch\/schulfuehrung\/#\/schema\/person\/13544ff30d01e0e5f98444f0696dcefb","name":"melinamaerten","image":{"@type":"ImageObject","inLanguage":"de","@id":"https:\/\/blog.phzh.ch\/schulfuehrung\/#\/schema\/person\/image\/","url":"https:\/\/secure.gravatar.com\/avatar\/581b196899ac4a61b7e20a29f4dd52fe?s=96&d=mm&r=g","contentUrl":"https:\/\/secure.gravatar.com\/avatar\/581b196899ac4a61b7e20a29f4dd52fe?s=96&d=mm&r=g","caption":"melinamaerten"},"url":"https:\/\/blog.phzh.ch\/schulfuehrung\/author\/melinamaerten\/"}]}},"_links":{"self":[{"href":"https:\/\/blog.phzh.ch\/schulfuehrung\/wp-json\/wp\/v2\/posts\/4408","targetHints":{"allow":["GET"]}}],"collection":[{"href":"https:\/\/blog.phzh.ch\/schulfuehrung\/wp-json\/wp\/v2\/posts"}],"about":[{"href":"https:\/\/blog.phzh.ch\/schulfuehrung\/wp-json\/wp\/v2\/types\/post"}],"author":[{"embeddable":true,"href":"https:\/\/blog.phzh.ch\/schulfuehrung\/wp-json\/wp\/v2\/users\/1392"}],"replies":[{"embeddable":true,"href":"https:\/\/blog.phzh.ch\/schulfuehrung\/wp-json\/wp\/v2\/comments?post=4408"}],"version-history":[{"count":11,"href":"https:\/\/blog.phzh.ch\/schulfuehrung\/wp-json\/wp\/v2\/posts\/4408\/revisions"}],"predecessor-version":[{"id":4429,"href":"https:\/\/blog.phzh.ch\/schulfuehrung\/wp-json\/wp\/v2\/posts\/4408\/revisions\/4429"}],"wp:featuredmedia":[{"embeddable":true,"href":"https:\/\/blog.phzh.ch\/schulfuehrung\/wp-json\/wp\/v2\/media\/4412"}],"wp:attachment":[{"href":"https:\/\/blog.phzh.ch\/schulfuehrung\/wp-json\/wp\/v2\/media?parent=4408"}],"wp:term":[{"taxonomy":"category","embeddable":true,"href":"https:\/\/blog.phzh.ch\/schulfuehrung\/wp-json\/wp\/v2\/categories?post=4408"},{"taxonomy":"post_tag","embeddable":true,"href":"https:\/\/blog.phzh.ch\/schulfuehrung\/wp-json\/wp\/v2\/tags?post=4408"}],"curies":[{"name":"wp","href":"https:\/\/api.w.org\/{rel}","templated":true}]}}