{"id":4055,"date":"2022-05-10T04:00:00","date_gmt":"2022-05-10T02:00:00","guid":{"rendered":"https:\/\/blog.phzh.ch\/schulfuehrung\/?p=4055"},"modified":"2022-05-12T18:40:00","modified_gmt":"2022-05-12T16:40:00","slug":"den-digitalen-wandel-in-der-schule-kompetent-gestalten","status":"publish","type":"post","link":"https:\/\/blog.phzh.ch\/schulfuehrung\/2022\/05\/10\/den-digitalen-wandel-in-der-schule-kompetent-gestalten\/","title":{"rendered":"Den digitalen Wandel in der Schule kompetent gestalten"},"content":{"rendered":"\n<p><strong>Wenn Sch\u00fcler:innen im Unterricht ein Video produzieren, die Klassenlehrerin die Eltern \u00fcber ein digitales Kommunikationstool zum Beurteilungsgespr\u00e4ch einl\u00e4dt und die Lehrpersonen der Mittelstufe gemeinsam die n\u00e4chste Projektwoche auf die Beine stellen, braucht es zweifelsohne die notwendige Infrastruktur daf\u00fcr. Diese ist aber nur dann hilfreich, wenn man weiss, welche digitalen Werkzeugen wann zum Einsatz kommen und wie ad\u00e4quat damit umgegangen werden kann.<\/strong> <strong>Eliane Burri geht der Frage nach, was die Kompetenzentwicklung von Lehrpersonen vor dem Hintergrund des digitalen Wandels bedeutet und wie der Kompetenzaufbau beg\u00fcnstigt werden kann.<\/strong><\/p>\n\n\n\n<p>Lehrpersonen sind von den durch die Digitalisierung ausgel\u00f6sten Ver\u00e4nderungen in hohem Masse betroffen. Die Unterrichtsinhalte \u00e4ndern sich, neue Kompetenzanforderungen werden an die Sch\u00fcler:innen und auch an die Lehrpersonen gestellt. Die damit verbundenen Entwicklungsprozesse gestalten Schulleitungen und Lehrpersonen gemeinsam. Dadurch ergeben sich neue Anforderungen an die professionellen Kompetenzen von Lehrpersonen. \u00dcber ihre fachliche und p\u00e4dagogische Expertise hinaus m\u00fcssen sie zunehmend in der Lage sein, digitale Medien in der Schule und im Unterricht sinnvoll zu integrieren.<\/p>\n\n\n<p><!--more--><\/p>\n\n\n<p>Bereits bevor digitale Ger\u00e4te im Schulzimmer Einzug gehalten haben, musste beispielsweise eine Mathelehrperson \u00fcber das notwendige inhaltliche Wissen verf\u00fcgen, das sie vermitteln soll. Sie brauchte aber auch p\u00e4dagogisches Wissen \u00fcber die Gestaltung von Lehr- und Lernprozessen. Mit dem Einbezug von digitalen Technologien beim Lehren, Lernen und Arbeiten braucht es zus\u00e4tzlich Digitalit\u00e4tskompetenzen:<\/p>\n\n\n\n<p>\u00abLehrpersonen, die \u00fcber Digitalit\u00e4tskompetenzen verf\u00fcgen, k\u00f6nnen digitale Ph\u00e4nomene aus drei Perspektiven betrachten: Wie wird es angewendet, wie funktioniert es und wie wirkt es?\u00bb (D\u00f6beli, 2021)<\/p>\n\n\n\n<p>Computer, interaktive Whiteboards und Applikationen m\u00fcssen bedient werden k\u00f6nnen. Zus\u00e4tzlich braucht es ein Verst\u00e4ndnis \u00fcber die Funktionsweise digitaler Technologien. Wie funktioniert zum Beispiel eine adaptive Lernsoftware oder wie beeinflussen Algorithmen Recherchen? Nebst der technologischen und der anwendungsorientierten Perspektive soll auch die gesellschaftlich-kulturelle Perspektive eingenommen werden. Hier stellen sich Fragen wie:<\/p>\n\n\n\n<p>Welchen Einfluss haben digitale Medien in der Gesellschaft und insbesondere auf die Lebenswelt von Sch\u00fcler:innen? Wie kommunizieren sie, wie informieren sie sich, wie lernen sie? Welche Erfahrungen bringen sie mit?<\/p>\n\n\n\n<p>Die Vernetzung von inhaltlichen und p\u00e4dagogischen Kompetenzen sowie Digitalit\u00e4tskompetenzen bef\u00e4higt schliesslich Chancen und Herausforderungen von digitalen Technologien zu erkennen und den Unterricht sowie die Schule zu ver\u00e4ndern, damit Sch\u00fcler:innen bef\u00e4higt werden, in einer digitalisierten Welt m\u00fcndig zu handeln.<\/p>\n\n\n\n<p><strong>Zur Kompetenzentwicklung ermutigen<\/strong><\/p>\n\n\n\n<p>Argumente, die f\u00fcr die Notwendigkeit der permanenten Weiterentwicklung respektive der Professionalisierung von Lehrpersonen sprechen, gibt es nicht erst im Zusammenhang mit dem Leitmedienwechsel. So halten Keller-Schneider und Hericks, (2017, 302) fest: \u00abLehrerinsein oder Lehrersein ist nicht nur eine Frage von Lehrerinwerden bzw. Lehrerwerden, sondern auch von Lehrerinbleiben bzw. Lehrerbleiben\u00bb.<\/p>\n\n\n\n<p>Lehrpersonen sind herausgefordert, sich \u00fcber den gesamten Bogen ihrer Berufsbiografie weiterzuentwickeln. Der Neueinsteiger ist die ersten zwei, drei Jahre damit besch\u00e4ftigt, seine Klasse zu f\u00fchren, den Unterricht vorzubereiten.<\/p>\n\n\n\n<p>Eine erfahrene Lehrerin hat im Vorbereiten meist Routine, ist mit dem Stoff vertraut und kann den Fokus vielleicht verst\u00e4rkt auf die Lernprozessbegleitung legen. Ob alt oder jung, erfahren oder wenig erfahren: Die fortschreitende Digitalisierung l\u00e4sst sich in beiden F\u00e4llen nicht ausklammern, wenn es darum geht, Sch\u00fcler:innen auf dem Weg zur digitalen Souver\u00e4nit\u00e4t zu begleiten. Weiterbildungsmassnahmen, welche auf die individuelle Ausgangslage der Lehrpersonen abgestimmt sind und im Rahmen der Personalentwicklung gemeinsam vereinbart werden, stellen optimale Voraussetzungen f\u00fcr die Kompetenzentwicklung dar.<\/p>\n\n\n\n<p><strong>Definierte Entwicklungsziele als Richtungsgeber<\/strong><\/p>\n\n\n\n<p>Oft sind mit digitalen Medien \u00c4ngste verbunden, es nicht zu schaffen, den Anschluss nicht mehr zu finden. Das Gef\u00fchl \u00fcberfordert zu sein, l\u00f6st gegen\u00fcber Ver\u00e4nderungen schnell einmal \u00c4rger und Widerstand aus. Zuh\u00f6ren und diskutieren, tragen dazu bei, Gr\u00fcnde f\u00fcr Verunsicherung offen zu legen und st\u00fctzende Massnahmen zu skizzieren.<\/p>\n\n\n\n<p>Ein Orientierungsrahmen mit definierten Entwicklungszielen kann als Richtungsgeber dienen. Darin sind Kompetenzen deklariert, die f\u00fcr das Unterrichten und die Teilhabe an der Schulkultur bedeutsam sind. Pers\u00f6nliche Entwicklungsziele k\u00f6nnen entlang eines Kompetenzrahmens eruiert und der Kompetenzaufbau entsprechend schrittweise geplant werden. Komplexe Ziele, die in kleinere Zwischenetappen heruntergebrochen werden, scheinen eher bew\u00e4ltigbar.<\/p>\n\n\n\n<p><strong>Alles eine Frage der Haltung?<\/strong><\/p>\n\n\n\n<p>Nebst Kompetenzen und Infrastruktur spielen auch die Haltungen von Lehrpersonen und Schulteams gegen\u00fcber digitalen Technologien eine zentrale Rolle. Sie k\u00f6nnen mit dem Boden verglichen werden, auf dem Ver\u00e4nderungen gedeihen oder zum Scheitern verurteilt sind (Br\u00fcckel &amp; Spierig, 2021). Es ist lohnend, Haltungen durch Dialog im Kollegium explizit zu machen. Miteinander \u00fcber das F\u00fcr und Wider zu sprechen, tr\u00e4gt dazu bei, individuelle und kollektive Haltungen offen zu legen.<\/p>\n\n\n\n<p>Um alte Haltungen in Bewegung zu bringen, kann es unterst\u00fctzend sein, wenn Raum f\u00fcr neue Erfahrungen geschaffen wird: Vielleicht besteht die M\u00f6glichkeit, im Team Teaching ein neues Lernsetting auszuprobieren. Oder Lehrpersonen erstellen gemeinsam Unterrichtsarrangements. Hospitation er\u00f6ffnen neue Perspektiven und regen das Lernen von- und miteinander an. Auch ein Einblick in Lehrberufe, die bereits einen hohen Grad an Digitalisierung aufweisen, k\u00f6nnen den Erfahrungshorizont erweitern.<\/p>\n\n\n\n<p><strong>Das Personas-Karussell \u2013 ein Instrument zum Eruieren von Entwicklungsmassnahmen<\/strong><\/p>\n\n\n\n<p>Verordnete Weiterbildung ist auf Dauer meistens nicht zielf\u00fchrend. Lehrpersonen richten ihre Handlungen eher an einem gemeinsamen Orientierungsrahmen aus, wenn Haltungen in Bezug auf den Einsatz neuer Technologien gekl\u00e4rt sind, wenn das Warum, Wie und Was diskutiert und abgestimmt sind.<\/p>\n\n\n\n<p>Es stellt sich die Frage, wie Entwicklungsmassnahmen m\u00f6glichst individuell und massgeschneidert auf Lehrpersonen und Schulteams abgestimmt werden k\u00f6nnen.<\/p>\n\n\n\n<p>Ein daf\u00fcr hilfreiches Instrument kann das <a href=\"https:\/\/kompassdigitalerwandel.ch\/personas\" target=\"_blank\" rel=\"noreferrer noopener nofollow\">Personas Karussell<\/a> sein. Es beinhaltet neun skizzierte Profile von Lehrpersonen. Diese sind bewusst \u00fcberzeichnet dargestellt. Sie orientieren sich im weiteren Sinne an die von Meyer und Junghans (2019) umrissenen Lehrpersonen-Profile.<\/p>\n\n\n\n<p>Es geht nicht darum, Etikettierungen vorzunehmen, sondern kann f\u00fcr Schulleitungen hilfreich sein, die unterschiedlichen Lehrpersonen und ihre Situationen zu antizipieren und daraus m\u00f6gliche Entwicklungsmassnahmen f\u00fcr Lehrpersonen und das ganze Schulteam zu skizzieren. Die Personas regen dazu an, Fragen nachzugehen, wie nachhaltige Weiterbildungen gestaltet sein k\u00f6nnten, welche Unterst\u00fctzungsmassnahmen zielf\u00fchrend w\u00e4ren, was zur Motivation beitragen k\u00f6nnte, welchen Einfluss Personen auf das Schulteam haben und wie dieser positiv genutzt werden k\u00f6nnte.<\/p>\n\n\n\n<p>Das Personas Karussell ist Bestandteil des <a href=\"https:\/\/kompassdigitalerwandel.ch\/personas\" target=\"_blank\" rel=\"noreferrer noopener nofollow\">Kartensets Kompass<\/a> f\u00fcr den digitalen Wandel. Es versteht sich als Orientierungsinstrument f\u00fcr Schulentwicklungsprozesse im digitalen Wandel und hilft, den \u00dcberblick \u00fcber die verschiedenen Faktoren zu gewinnen und daraus m\u00f6gliche Handlungsfelder und Priorit\u00e4ten abzuleiten. Die Webressourcen zum Kartenset bieten einen Fundus an Informationen, Ressourcen und Methoden rund um Ver\u00e4nderungsprozesse im digitalen Wandel.<\/p>\n\n\n\n<p>Nebst einer positiven Einstellung und einer ad\u00e4quaten Infrastruktur stellen die F\u00e4higkeiten von Lehrpersonen im Umgang mit digitalen Technologien eine wichtige Gelingensbedingung f\u00fcr die Integration von digitalen Medien in Schule und Unterricht dar. Individuell abgestimmte Weiterbildungsmassnahmen f\u00fcr Lehrpersonen und ganze Schulteams beg\u00fcnstigen Innovationsprozesse. \u00dcber Weiterbildungsprogramme hinaus braucht es aber auch Raum und Zeit, sich im Dialog \u00fcber Ziele, Haltungen und Werte des Digitalen in der Schule zu verst\u00e4ndigen. <\/p>\n\n\n\n<pre class=\"wp-block-preformatted\">INFOBOX\n\nWeiterbildungen zum Thema Digital Leadership finden Sie hier.\n\nAm 19. Mai 2022 findet die Infoveranstaltungen Digitale Bildung an der PH Z\u00fcrich statt. Haben wir Ihr Interesse geweckt? <a href=\"https:\/\/phzh.ch\/de\/Weiterbildung\/weiterbildungssuche\/Anlassdetail\/Schulen-im-Zeitalter-der-Digitalitaet-entwickeln-n144501266.html\" target=\"_blank\" rel=\"noreferrer noopener\">Jetzt anmelden<\/a><\/pre>\n\n\n\n<h2 class=\"wp-block-heading\">Zur Autorin<\/h2>\n\n\n\n<div class=\"wp-block-image\"><figure class=\"alignleft size-large is-resized\"><img decoding=\"async\" src=\"http:\/\/blog.phzh.ch\/schulfuehrung\/files\/2021\/04\/lit_Portrait_Eliane-Burri-683x1024.jpg\" alt=\"Eliane Burri\" class=\"wp-image-3136\" width=\"127\" srcset=\"https:\/\/blog.phzh.ch\/schulfuehrung\/files\/2021\/04\/lit_Portrait_Eliane-Burri-683x1024.jpg 683w, https:\/\/blog.phzh.ch\/schulfuehrung\/files\/2021\/04\/lit_Portrait_Eliane-Burri-200x300.jpg 200w, https:\/\/blog.phzh.ch\/schulfuehrung\/files\/2021\/04\/lit_Portrait_Eliane-Burri-768x1152.jpg 768w, https:\/\/blog.phzh.ch\/schulfuehrung\/files\/2021\/04\/lit_Portrait_Eliane-Burri.jpg 1000w\" sizes=\"(max-width: 683px) 100vw, 683px\" \/><\/figure><\/div>\n\n\n\n<p>Eliane Burri leitet das Zentrum Medienbildung und Informatik an der P\u00e4dagogischen Hochschule Z\u00fcrich. Ihre Arbeitsschwerpunkte sind Digital Leadership in Education und die Begleitung von Schulen im digitalen Wandel. Als ehemalige Schulleiterin verantwortete sie die digitale Schulentwicklung an einer Berufsfachschule. Ab Herbst leitet sie mit Tobias R\u00f6hl den neuen CAS Schule entwickeln \u2013 Profil Digitalit\u00e4t.&nbsp;&nbsp;<\/p>\n\n\n\n<p><\/p>\n\n\n\n<p>Redaktion: Melina Maerten<br>Titelbild: adobe stock<\/p>\n\n\n\n<p><strong>Literaturquellen<\/strong><\/p>\n\n\n\n<ul class=\"wp-block-list\"><li>Br\u00fcckel, F., &amp; Spirig, R. (2021). Auf die Haltung kommt es an! Zum Umgang mit Haltungen und Emotionen in der schulischen F\u00fchrungsarbeit. <em>Schule Verantworten | f\u00fchrungskultur_innovation_autonomie<\/em>, <em>1<\/em>(2), S. 29\u201341.<\/li><li>D\u00f6beli Honegger, Beat. DPCK statt TPCK \u2013 Beats Blog. <a href=\"http:\/\/blog.doebe.li\/Blog\/DPCKstattTPCK\">Weblog<\/a> vom 9. Dezember 2021. Zugriff 11.2.2022.<\/li><li>Keller-Schneider, Manuela, und Hericks, Uwe. (2017). \u00abProfessionalisierung von Lehrpersonen \u2013 Berufseinstieg als Gelenkstelle zwischen Aus- und Weiterbildung\u00bb. In <em>BEITR\u00c4GE ZUR LEHRERINNEN- UND LEHRERBILDUNG<\/em>, 35 (2), 301 \u2013 317.<\/li><li>Meyer, H. &amp; Junghans, C. (2019). Zw\u00f6lf Pr\u00fcfsteine f\u00fcr die Arbeit mit digitalen Unterrichtsmedien. In: S.G. Huber (Hrsg.). <em>Jahrbuch Schulleitung,&nbsp;<\/em>(S. 354-380). Neuwied: Carl Link Verlag.&nbsp;<\/li><\/ul>\n","protected":false},"excerpt":{"rendered":"<p>Wenn Sch\u00fcler:innen im Unterricht ein Video produzieren, die Klassenlehrerin die Eltern \u00fcber ein digitales Kommunikationstool zum Beurteilungsgespr\u00e4ch einl\u00e4dt und die Lehrpersonen der Mittelstufe gemeinsam die n\u00e4chste Projektwoche auf die Beine stellen, braucht es zweifelsohne die notwendige Infrastruktur daf\u00fcr. Diese ist aber nur dann hilfreich, wenn man weiss, welche digitalen Werkzeugen wann zum Einsatz kommen und &hellip; <a href=\"https:\/\/blog.phzh.ch\/schulfuehrung\/2022\/05\/10\/den-digitalen-wandel-in-der-schule-kompetent-gestalten\/\" class=\"more-link\"><span class=\"screen-reader-text\">Den digitalen Wandel in der Schule kompetent gestalten<\/span> weiterlesen<\/a><\/p>\n","protected":false},"author":1392,"featured_media":4065,"comment_status":"open","ping_status":"open","sticky":false,"template":"","format":"standard","meta":{"sfsi_plus_gutenberg_text_before_share":"","sfsi_plus_gutenberg_show_text_before_share":"","sfsi_plus_gutenberg_icon_type":"","sfsi_plus_gutenberg_icon_alignemt":"","sfsi_plus_gutenburg_max_per_row":"","footnotes":""},"categories":[107128,107309],"tags":[107508,107316,109649,109481,4186,106769,44958],"class_list":["post-4055","post","type-post","status-publish","format-standard","has-post-thumbnail","hentry","category-entdecken","category-alle-beitraege","tag-digitale-bildung","tag-digitaler-wandel","tag-digitalitaetskompetenzen","tag-eliane-burri","tag-lehrpersonen","tag-schulen","tag-schulleitung"],"yoast_head":"<!-- This site is optimized with the Yoast SEO plugin v26.8 - https:\/\/yoast.com\/product\/yoast-seo-wordpress\/ -->\n<title>Den digitalen Wandel in der Schule kompetent gestalten - Schulf\u00fchrung<\/title>\n<meta name=\"robots\" content=\"index, follow, max-snippet:-1, max-image-preview:large, max-video-preview:-1\" \/>\n<link rel=\"canonical\" href=\"https:\/\/blog.phzh.ch\/schulfuehrung\/2022\/05\/10\/den-digitalen-wandel-in-der-schule-kompetent-gestalten\/\" \/>\n<meta property=\"og:locale\" content=\"de_DE\" \/>\n<meta property=\"og:type\" content=\"article\" \/>\n<meta property=\"og:title\" content=\"Den digitalen Wandel in der Schule kompetent gestalten - Schulf\u00fchrung\" \/>\n<meta property=\"og:description\" content=\"Wenn Sch\u00fcler:innen im Unterricht ein Video produzieren, die Klassenlehrerin die Eltern \u00fcber ein digitales Kommunikationstool zum Beurteilungsgespr\u00e4ch einl\u00e4dt und die Lehrpersonen der Mittelstufe gemeinsam die n\u00e4chste Projektwoche auf die Beine stellen, braucht es zweifelsohne die notwendige Infrastruktur daf\u00fcr. Diese ist aber nur dann hilfreich, wenn man weiss, welche digitalen Werkzeugen wann zum Einsatz kommen und &hellip; Den digitalen Wandel in der Schule kompetent gestalten weiterlesen\" \/>\n<meta property=\"og:url\" content=\"https:\/\/blog.phzh.ch\/schulfuehrung\/2022\/05\/10\/den-digitalen-wandel-in-der-schule-kompetent-gestalten\/\" \/>\n<meta property=\"og:site_name\" content=\"Schulf\u00fchrung\" \/>\n<meta property=\"article:published_time\" content=\"2022-05-10T02:00:00+00:00\" \/>\n<meta property=\"article:modified_time\" content=\"2022-05-12T16:40:00+00:00\" \/>\n<meta property=\"og:image\" content=\"http:\/\/blog.phzh.ch\/schulfuehrung\/files\/2022\/05\/lit_Titelbild_Digitaler-Wandel-Schule-.jpeg\" \/>\n\t<meta property=\"og:image:width\" content=\"1000\" \/>\n\t<meta property=\"og:image:height\" content=\"667\" \/>\n\t<meta property=\"og:image:type\" content=\"image\/jpeg\" \/>\n<meta name=\"author\" content=\"melinamaerten\" \/>\n<meta name=\"twitter:card\" content=\"summary_large_image\" \/>\n<meta name=\"twitter:label1\" content=\"Verfasst von\" \/>\n\t<meta name=\"twitter:data1\" content=\"melinamaerten\" \/>\n\t<meta name=\"twitter:label2\" content=\"Gesch\u00e4tzte Lesezeit\" \/>\n\t<meta name=\"twitter:data2\" content=\"8\u00a0Minuten\" \/>\n<script type=\"application\/ld+json\" class=\"yoast-schema-graph\">{\"@context\":\"https:\/\/schema.org\",\"@graph\":[{\"@type\":\"Article\",\"@id\":\"https:\/\/blog.phzh.ch\/schulfuehrung\/2022\/05\/10\/den-digitalen-wandel-in-der-schule-kompetent-gestalten\/#article\",\"isPartOf\":{\"@id\":\"https:\/\/blog.phzh.ch\/schulfuehrung\/2022\/05\/10\/den-digitalen-wandel-in-der-schule-kompetent-gestalten\/\"},\"author\":{\"name\":\"melinamaerten\",\"@id\":\"https:\/\/blog.phzh.ch\/schulfuehrung\/#\/schema\/person\/13544ff30d01e0e5f98444f0696dcefb\"},\"headline\":\"Den digitalen Wandel in der Schule kompetent gestalten\",\"datePublished\":\"2022-05-10T02:00:00+00:00\",\"dateModified\":\"2022-05-12T16:40:00+00:00\",\"mainEntityOfPage\":{\"@id\":\"https:\/\/blog.phzh.ch\/schulfuehrung\/2022\/05\/10\/den-digitalen-wandel-in-der-schule-kompetent-gestalten\/\"},\"wordCount\":1306,\"commentCount\":0,\"image\":{\"@id\":\"https:\/\/blog.phzh.ch\/schulfuehrung\/2022\/05\/10\/den-digitalen-wandel-in-der-schule-kompetent-gestalten\/#primaryimage\"},\"thumbnailUrl\":\"https:\/\/blog.phzh.ch\/schulfuehrung\/files\/2022\/05\/lit_Titelbild_Digitaler-Wandel-Schule-.jpeg\",\"keywords\":[\"Digitale Bildung\",\"digitaler Wandel\",\"Digitalit\u00e4tskompetenzen\",\"Eliane Burri\",\"Lehrpersonen\",\"Schulen\",\"Schulleitung\"],\"articleSection\":[\"Entdecken\",\"Gesamte Beitr\u00e4ge\"],\"inLanguage\":\"de\",\"potentialAction\":[{\"@type\":\"CommentAction\",\"name\":\"Comment\",\"target\":[\"https:\/\/blog.phzh.ch\/schulfuehrung\/2022\/05\/10\/den-digitalen-wandel-in-der-schule-kompetent-gestalten\/#respond\"]}]},{\"@type\":\"WebPage\",\"@id\":\"https:\/\/blog.phzh.ch\/schulfuehrung\/2022\/05\/10\/den-digitalen-wandel-in-der-schule-kompetent-gestalten\/\",\"url\":\"https:\/\/blog.phzh.ch\/schulfuehrung\/2022\/05\/10\/den-digitalen-wandel-in-der-schule-kompetent-gestalten\/\",\"name\":\"Den digitalen Wandel in der Schule kompetent gestalten - Schulf\u00fchrung\",\"isPartOf\":{\"@id\":\"https:\/\/blog.phzh.ch\/schulfuehrung\/#website\"},\"primaryImageOfPage\":{\"@id\":\"https:\/\/blog.phzh.ch\/schulfuehrung\/2022\/05\/10\/den-digitalen-wandel-in-der-schule-kompetent-gestalten\/#primaryimage\"},\"image\":{\"@id\":\"https:\/\/blog.phzh.ch\/schulfuehrung\/2022\/05\/10\/den-digitalen-wandel-in-der-schule-kompetent-gestalten\/#primaryimage\"},\"thumbnailUrl\":\"https:\/\/blog.phzh.ch\/schulfuehrung\/files\/2022\/05\/lit_Titelbild_Digitaler-Wandel-Schule-.jpeg\",\"datePublished\":\"2022-05-10T02:00:00+00:00\",\"dateModified\":\"2022-05-12T16:40:00+00:00\",\"author\":{\"@id\":\"https:\/\/blog.phzh.ch\/schulfuehrung\/#\/schema\/person\/13544ff30d01e0e5f98444f0696dcefb\"},\"breadcrumb\":{\"@id\":\"https:\/\/blog.phzh.ch\/schulfuehrung\/2022\/05\/10\/den-digitalen-wandel-in-der-schule-kompetent-gestalten\/#breadcrumb\"},\"inLanguage\":\"de\",\"potentialAction\":[{\"@type\":\"ReadAction\",\"target\":[\"https:\/\/blog.phzh.ch\/schulfuehrung\/2022\/05\/10\/den-digitalen-wandel-in-der-schule-kompetent-gestalten\/\"]}]},{\"@type\":\"ImageObject\",\"inLanguage\":\"de\",\"@id\":\"https:\/\/blog.phzh.ch\/schulfuehrung\/2022\/05\/10\/den-digitalen-wandel-in-der-schule-kompetent-gestalten\/#primaryimage\",\"url\":\"https:\/\/blog.phzh.ch\/schulfuehrung\/files\/2022\/05\/lit_Titelbild_Digitaler-Wandel-Schule-.jpeg\",\"contentUrl\":\"https:\/\/blog.phzh.ch\/schulfuehrung\/files\/2022\/05\/lit_Titelbild_Digitaler-Wandel-Schule-.jpeg\",\"width\":1000,\"height\":667,\"caption\":\"lehrerin zeigt etwas am tablet-pc\"},{\"@type\":\"BreadcrumbList\",\"@id\":\"https:\/\/blog.phzh.ch\/schulfuehrung\/2022\/05\/10\/den-digitalen-wandel-in-der-schule-kompetent-gestalten\/#breadcrumb\",\"itemListElement\":[{\"@type\":\"ListItem\",\"position\":1,\"name\":\"Startseite\",\"item\":\"https:\/\/blog.phzh.ch\/schulfuehrung\/\"},{\"@type\":\"ListItem\",\"position\":2,\"name\":\"Den digitalen Wandel in der Schule kompetent gestalten\"}]},{\"@type\":\"WebSite\",\"@id\":\"https:\/\/blog.phzh.ch\/schulfuehrung\/#website\",\"url\":\"https:\/\/blog.phzh.ch\/schulfuehrung\/\",\"name\":\"Schulf\u00fchrung\",\"description\":\"phzh.ch\/schulfuehrung\",\"potentialAction\":[{\"@type\":\"SearchAction\",\"target\":{\"@type\":\"EntryPoint\",\"urlTemplate\":\"https:\/\/blog.phzh.ch\/schulfuehrung\/?s={search_term_string}\"},\"query-input\":{\"@type\":\"PropertyValueSpecification\",\"valueRequired\":true,\"valueName\":\"search_term_string\"}}],\"inLanguage\":\"de\"},{\"@type\":\"Person\",\"@id\":\"https:\/\/blog.phzh.ch\/schulfuehrung\/#\/schema\/person\/13544ff30d01e0e5f98444f0696dcefb\",\"name\":\"melinamaerten\",\"image\":{\"@type\":\"ImageObject\",\"inLanguage\":\"de\",\"@id\":\"https:\/\/blog.phzh.ch\/schulfuehrung\/#\/schema\/person\/image\/\",\"url\":\"https:\/\/secure.gravatar.com\/avatar\/581b196899ac4a61b7e20a29f4dd52fe?s=96&d=mm&r=g\",\"contentUrl\":\"https:\/\/secure.gravatar.com\/avatar\/581b196899ac4a61b7e20a29f4dd52fe?s=96&d=mm&r=g\",\"caption\":\"melinamaerten\"},\"url\":\"https:\/\/blog.phzh.ch\/schulfuehrung\/author\/melinamaerten\/\"}]}<\/script>\n<!-- \/ Yoast SEO plugin. -->","yoast_head_json":{"title":"Den digitalen Wandel in der Schule kompetent gestalten - Schulf\u00fchrung","robots":{"index":"index","follow":"follow","max-snippet":"max-snippet:-1","max-image-preview":"max-image-preview:large","max-video-preview":"max-video-preview:-1"},"canonical":"https:\/\/blog.phzh.ch\/schulfuehrung\/2022\/05\/10\/den-digitalen-wandel-in-der-schule-kompetent-gestalten\/","og_locale":"de_DE","og_type":"article","og_title":"Den digitalen Wandel in der Schule kompetent gestalten - Schulf\u00fchrung","og_description":"Wenn Sch\u00fcler:innen im Unterricht ein Video produzieren, die Klassenlehrerin die Eltern \u00fcber ein digitales Kommunikationstool zum Beurteilungsgespr\u00e4ch einl\u00e4dt und die Lehrpersonen der Mittelstufe gemeinsam die n\u00e4chste Projektwoche auf die Beine stellen, braucht es zweifelsohne die notwendige Infrastruktur daf\u00fcr. Diese ist aber nur dann hilfreich, wenn man weiss, welche digitalen Werkzeugen wann zum Einsatz kommen und &hellip; Den digitalen Wandel in der Schule kompetent gestalten weiterlesen","og_url":"https:\/\/blog.phzh.ch\/schulfuehrung\/2022\/05\/10\/den-digitalen-wandel-in-der-schule-kompetent-gestalten\/","og_site_name":"Schulf\u00fchrung","article_published_time":"2022-05-10T02:00:00+00:00","article_modified_time":"2022-05-12T16:40:00+00:00","og_image":[{"width":1000,"height":667,"url":"http:\/\/blog.phzh.ch\/schulfuehrung\/files\/2022\/05\/lit_Titelbild_Digitaler-Wandel-Schule-.jpeg","type":"image\/jpeg"}],"author":"melinamaerten","twitter_card":"summary_large_image","twitter_misc":{"Verfasst von":"melinamaerten","Gesch\u00e4tzte Lesezeit":"8\u00a0Minuten"},"schema":{"@context":"https:\/\/schema.org","@graph":[{"@type":"Article","@id":"https:\/\/blog.phzh.ch\/schulfuehrung\/2022\/05\/10\/den-digitalen-wandel-in-der-schule-kompetent-gestalten\/#article","isPartOf":{"@id":"https:\/\/blog.phzh.ch\/schulfuehrung\/2022\/05\/10\/den-digitalen-wandel-in-der-schule-kompetent-gestalten\/"},"author":{"name":"melinamaerten","@id":"https:\/\/blog.phzh.ch\/schulfuehrung\/#\/schema\/person\/13544ff30d01e0e5f98444f0696dcefb"},"headline":"Den digitalen Wandel in der Schule kompetent gestalten","datePublished":"2022-05-10T02:00:00+00:00","dateModified":"2022-05-12T16:40:00+00:00","mainEntityOfPage":{"@id":"https:\/\/blog.phzh.ch\/schulfuehrung\/2022\/05\/10\/den-digitalen-wandel-in-der-schule-kompetent-gestalten\/"},"wordCount":1306,"commentCount":0,"image":{"@id":"https:\/\/blog.phzh.ch\/schulfuehrung\/2022\/05\/10\/den-digitalen-wandel-in-der-schule-kompetent-gestalten\/#primaryimage"},"thumbnailUrl":"https:\/\/blog.phzh.ch\/schulfuehrung\/files\/2022\/05\/lit_Titelbild_Digitaler-Wandel-Schule-.jpeg","keywords":["Digitale Bildung","digitaler Wandel","Digitalit\u00e4tskompetenzen","Eliane Burri","Lehrpersonen","Schulen","Schulleitung"],"articleSection":["Entdecken","Gesamte Beitr\u00e4ge"],"inLanguage":"de","potentialAction":[{"@type":"CommentAction","name":"Comment","target":["https:\/\/blog.phzh.ch\/schulfuehrung\/2022\/05\/10\/den-digitalen-wandel-in-der-schule-kompetent-gestalten\/#respond"]}]},{"@type":"WebPage","@id":"https:\/\/blog.phzh.ch\/schulfuehrung\/2022\/05\/10\/den-digitalen-wandel-in-der-schule-kompetent-gestalten\/","url":"https:\/\/blog.phzh.ch\/schulfuehrung\/2022\/05\/10\/den-digitalen-wandel-in-der-schule-kompetent-gestalten\/","name":"Den digitalen Wandel in der Schule kompetent gestalten - Schulf\u00fchrung","isPartOf":{"@id":"https:\/\/blog.phzh.ch\/schulfuehrung\/#website"},"primaryImageOfPage":{"@id":"https:\/\/blog.phzh.ch\/schulfuehrung\/2022\/05\/10\/den-digitalen-wandel-in-der-schule-kompetent-gestalten\/#primaryimage"},"image":{"@id":"https:\/\/blog.phzh.ch\/schulfuehrung\/2022\/05\/10\/den-digitalen-wandel-in-der-schule-kompetent-gestalten\/#primaryimage"},"thumbnailUrl":"https:\/\/blog.phzh.ch\/schulfuehrung\/files\/2022\/05\/lit_Titelbild_Digitaler-Wandel-Schule-.jpeg","datePublished":"2022-05-10T02:00:00+00:00","dateModified":"2022-05-12T16:40:00+00:00","author":{"@id":"https:\/\/blog.phzh.ch\/schulfuehrung\/#\/schema\/person\/13544ff30d01e0e5f98444f0696dcefb"},"breadcrumb":{"@id":"https:\/\/blog.phzh.ch\/schulfuehrung\/2022\/05\/10\/den-digitalen-wandel-in-der-schule-kompetent-gestalten\/#breadcrumb"},"inLanguage":"de","potentialAction":[{"@type":"ReadAction","target":["https:\/\/blog.phzh.ch\/schulfuehrung\/2022\/05\/10\/den-digitalen-wandel-in-der-schule-kompetent-gestalten\/"]}]},{"@type":"ImageObject","inLanguage":"de","@id":"https:\/\/blog.phzh.ch\/schulfuehrung\/2022\/05\/10\/den-digitalen-wandel-in-der-schule-kompetent-gestalten\/#primaryimage","url":"https:\/\/blog.phzh.ch\/schulfuehrung\/files\/2022\/05\/lit_Titelbild_Digitaler-Wandel-Schule-.jpeg","contentUrl":"https:\/\/blog.phzh.ch\/schulfuehrung\/files\/2022\/05\/lit_Titelbild_Digitaler-Wandel-Schule-.jpeg","width":1000,"height":667,"caption":"lehrerin zeigt etwas am tablet-pc"},{"@type":"BreadcrumbList","@id":"https:\/\/blog.phzh.ch\/schulfuehrung\/2022\/05\/10\/den-digitalen-wandel-in-der-schule-kompetent-gestalten\/#breadcrumb","itemListElement":[{"@type":"ListItem","position":1,"name":"Startseite","item":"https:\/\/blog.phzh.ch\/schulfuehrung\/"},{"@type":"ListItem","position":2,"name":"Den digitalen Wandel in der Schule kompetent gestalten"}]},{"@type":"WebSite","@id":"https:\/\/blog.phzh.ch\/schulfuehrung\/#website","url":"https:\/\/blog.phzh.ch\/schulfuehrung\/","name":"Schulf\u00fchrung","description":"phzh.ch\/schulfuehrung","potentialAction":[{"@type":"SearchAction","target":{"@type":"EntryPoint","urlTemplate":"https:\/\/blog.phzh.ch\/schulfuehrung\/?s={search_term_string}"},"query-input":{"@type":"PropertyValueSpecification","valueRequired":true,"valueName":"search_term_string"}}],"inLanguage":"de"},{"@type":"Person","@id":"https:\/\/blog.phzh.ch\/schulfuehrung\/#\/schema\/person\/13544ff30d01e0e5f98444f0696dcefb","name":"melinamaerten","image":{"@type":"ImageObject","inLanguage":"de","@id":"https:\/\/blog.phzh.ch\/schulfuehrung\/#\/schema\/person\/image\/","url":"https:\/\/secure.gravatar.com\/avatar\/581b196899ac4a61b7e20a29f4dd52fe?s=96&d=mm&r=g","contentUrl":"https:\/\/secure.gravatar.com\/avatar\/581b196899ac4a61b7e20a29f4dd52fe?s=96&d=mm&r=g","caption":"melinamaerten"},"url":"https:\/\/blog.phzh.ch\/schulfuehrung\/author\/melinamaerten\/"}]}},"_links":{"self":[{"href":"https:\/\/blog.phzh.ch\/schulfuehrung\/wp-json\/wp\/v2\/posts\/4055","targetHints":{"allow":["GET"]}}],"collection":[{"href":"https:\/\/blog.phzh.ch\/schulfuehrung\/wp-json\/wp\/v2\/posts"}],"about":[{"href":"https:\/\/blog.phzh.ch\/schulfuehrung\/wp-json\/wp\/v2\/types\/post"}],"author":[{"embeddable":true,"href":"https:\/\/blog.phzh.ch\/schulfuehrung\/wp-json\/wp\/v2\/users\/1392"}],"replies":[{"embeddable":true,"href":"https:\/\/blog.phzh.ch\/schulfuehrung\/wp-json\/wp\/v2\/comments?post=4055"}],"version-history":[{"count":5,"href":"https:\/\/blog.phzh.ch\/schulfuehrung\/wp-json\/wp\/v2\/posts\/4055\/revisions"}],"predecessor-version":[{"id":4067,"href":"https:\/\/blog.phzh.ch\/schulfuehrung\/wp-json\/wp\/v2\/posts\/4055\/revisions\/4067"}],"wp:featuredmedia":[{"embeddable":true,"href":"https:\/\/blog.phzh.ch\/schulfuehrung\/wp-json\/wp\/v2\/media\/4065"}],"wp:attachment":[{"href":"https:\/\/blog.phzh.ch\/schulfuehrung\/wp-json\/wp\/v2\/media?parent=4055"}],"wp:term":[{"taxonomy":"category","embeddable":true,"href":"https:\/\/blog.phzh.ch\/schulfuehrung\/wp-json\/wp\/v2\/categories?post=4055"},{"taxonomy":"post_tag","embeddable":true,"href":"https:\/\/blog.phzh.ch\/schulfuehrung\/wp-json\/wp\/v2\/tags?post=4055"}],"curies":[{"name":"wp","href":"https:\/\/api.w.org\/{rel}","templated":true}]}}