{"id":392,"date":"2018-09-19T05:00:54","date_gmt":"2018-09-19T03:00:54","guid":{"rendered":"https:\/\/blog.phzh.ch\/schulfuehrung\/?p=392"},"modified":"2018-10-29T08:19:45","modified_gmt":"2018-10-29T07:19:45","slug":"der-fall-nr-2","status":"publish","type":"post","link":"https:\/\/blog.phzh.ch\/schulfuehrung\/2018\/09\/19\/der-fall-nr-2\/","title":{"rendered":"Die Obhutspflicht der Schule geht \u00fcber den Unterricht hinaus"},"content":{"rendered":"<p><em>Inwieweit sind Schule und Lehrperson in der Aufsicht vor und nach dem Unterricht verpflichtet? Wie ist die haftpflichtrechtliche Verantwortung geregelt? Welche Sorgfaltspflicht obliegt der Schulleitung? Thomas Bucher, Dozent f\u00fcr Schulrecht an der PH Z\u00fcrich, erl\u00e4utert diese Fragen in der Rubrik \u00abDer Fall\u00bb.<\/em><\/p>\n<p>Lehrpersonen nehmen im Rahmen ihrer Unterrichtsgestaltung sowohl <u>Unterrichts<\/u>&#8211; als auch <u>Aufsichtspflichten<\/u> wahr. Hierbei ist die <u>strafrechtliche<\/u> von der <u>anstellungsrechtlichen<\/u> und diese wiederum von der <u>haftpflichtrechtlichen<\/u> Verantwortung zu unterscheiden. Die nachfolgenden Ausf\u00fchrungen beziehen sich prim\u00e4r auf die haftpflichtrechtliche Verantwortung.<!--more--><\/p>\n<p><strong>Stellung der Lehrperson<\/strong><\/p>\n<p>Die <u>rechtliche<\/u> Obhut \u00fcber das Kind bildet Teil der elterlichen Sorge und ist grunds\u00e4tzlich weder \u00fcbertragbar noch verzichtbar. Die <u>faktische<\/u>, tats\u00e4chliche Obhut, geht im Rahmen des Schulbesuchs jedoch auf die Person, die das Kind unterrichtet oder betreut \u00fcber und leitet sich letztlich \u2013 also Folge der Schulpflicht \u2013 aus dem gesetzlich vorgesehenen Bildungs- und Erziehungsauftrag ab. Die Obhutspflichten der Schule bzw. der Lehrpersonen beginnen, wenn das Kind das Schulareal \u2013 kurz vor Unterrichtsbeginn \u2013 betritt und enden, wenn das Kind das Schulareal \u2013 kurz nach Beendigung des Unterrichts \u2013 verl\u00e4sst. Der Schulweg liegt gem\u00e4ss \u00a7 66 Abs. 2 VSV in der Verantwortung der Eltern.<\/p>\n<p>Lehrpersonen weisen gegen\u00fcber den ihnen anvertrauten Kindern zudem eine sog. <u>Garantenstellung<\/u> auf. Diese ergibt sich weder durch Vertrag noch aus freiwillig eingegangener Gemeinschaft, sondern durch Gesetz (Schulpflicht). Die Garantenstellung der Lehrperson bewirkt, dass sie im Rahmen ihrer Berufsaus\u00fcbung f\u00fcr die k\u00f6rperliche und psychische Unversehrtheit der ihr anvertrauten Kinder verantwortlich ist. Die Garantenstellung kann weder durch die Lehrperson noch durch die Schule an Dritte abgetreten bzw. \u00fcbertragen werden.<\/p>\n<p><strong>Aufsichts- und Sorgfaltspflichten<\/strong><\/p>\n<p>Das pflichtgem\u00e4sse Beachten von Sorgfaltspflichten, statuiert in \u00a7 24 Abs. 1 VSV, m\u00fcndet u.a. darin, dass Kinder situationsad\u00e4quat zu beaufsichtigen sind. Das dabei anzuwendende Mass an Sorgfalt richtet sich nach den konkreten Umst\u00e4nden. Bei j\u00fcngeren, unerfahrenen Kindern oder solchen mit besonderen p\u00e4dagogischen Bed\u00fcrfnissen, ist durch die Lehrperson ein entsprechender Sorgfaltsmassstab anzuwenden. Lehrpersonen d\u00fcrfen weder einen Gefahrenzustand schaffen noch unterlassen, einen solchen \u2013 bei Vorhandensein \u2013 in ihnen zumutbarer Weise abzuwenden. Gefahren m\u00fcssen von der Lehrperson sowohl erkannt als auch mit allen zur Verf\u00fcgung stehenden Mitteln gebannt werden. Nicht vorausgesetzt werden kann hingegen ein l\u00fcckenloses \u00dcberwachen aller Schulkinder zur Vermeidung jedweder Risiken \u2013 etwa w\u00e4hrend einer Schulreise oder eines Klassenlagers.<\/p>\n<p>In strafrechtlicher Hinsicht wird die Frage gestellt, ob der Unfall <u>voraussehbar<\/u> und <u>vermeidbar<\/u> gewesen w\u00e4re und ob in der konkreten Situation ein <u>unerlaubtes Risiko<\/u> in Kauf genommen wurde. In Bezug auf das Verhalten der Lehrperson wird gefragt, \u00abwas eine gewissenhafte und besonnene Lehrperson mit derselben Ausbildung und den individuellen F\u00e4higkeiten des\/der Angeschuldigten in der fraglichen Situation getan oder unterlassen h\u00e4tte\u00bb.<\/p>\n<p><strong>Schulleitung<\/strong><\/p>\n<p>Zu den Aufgaben der Schulleitung geh\u00f6rt es mitunter, Lehrpersonen \u00fcber die anzuwendenden Aufsichts- und Sorgfaltspflichten zu orientieren. Insbesondere gilt dies im Zusammenhang mit besonderen Unterrichts-und Organisationsformen gem\u00e4ss \u00a7 44 Abs. 2 lit. b Ziff. 2 VSG. Ebenso haben Eltern und Dritte das Recht auf fr\u00fchzeitige Information durch die Lehrperson, sodass diese ihren Pflichten nach \u00a7 66 Abs. 1 lit. b VSV ausreichend nachkommen k\u00f6nnen. Im Zusammenhang mit Schulreisen und Ausfl\u00fcgen ist darauf hinzuweisen, dass unmittelbar vor der Durchf\u00fchrung ein nachweisbares Rekognoszieren stattgefunden haben muss und die Gef\u00e4hrlichkeit einer Route laufend \u00fcberpr\u00fcft wird.<\/p>\n<p><strong>\u00a0<\/strong><strong>Staatshaftung<\/strong><\/p>\n<p>Staatshaftung bedeutet, dass der Staat \u2013 die Schul- oder Einheitsgemeinde \u2013 gest\u00fctzt auf \u00a7 6 HG (Haftungsgesetz vom 14. September 1969, LS 170.1) bei Bestehen eines Kausalzusammenhangs zwischen der widerrechtlichen Amtshandlung bzw. -unterlassung der Lehrperson und dem eingetretenen Schaden, haftet. Ein R\u00fcckgriff auf die Lehrperson ist nach \u00a7 15 HG (Haftungsgesetz) bei Vorsatz oder Grobfahrl\u00e4ssigkeit m\u00f6glich.<\/p>\n<p><strong>Fazit<\/strong><\/p>\n<p>Wenn eine Lehrperson den Unterricht, Projektwochen, Klassenlager und Exkursionen sorgf\u00e4ltig vorbereitet, in vorausschauender Weise und situationsad\u00e4quat die erforderlichen Vorsichtsmassnahmen trifft, klare Anweisungen gibt und sowohl die rechtlichen Vorgaben als auch die Anweisungen der Vorgesetzten beachtet und nicht gegen die Standesrichtlinien verst\u00f6sst, wird sie pers\u00f6nlich kaum mittels R\u00fcckgriff in die Haftung genommen werden k\u00f6nnen. Die Praxis zeigt auch, dass es selten zu strafrechtlichen Verurteilungen von Lehrpersonen kommt.<\/p>\n<p><em>Thomas Bucher (MLaw), Dozent f\u00fcr Schulrecht, PH Z\u00fcrich<\/em><\/p>\n","protected":false},"excerpt":{"rendered":"<p>Inwieweit sind Schule und Lehrperson in der Aufsicht vor und nach dem Unterricht verpflichtet? Wie ist die haftpflichtrechtliche Verantwortung geregelt? Welche Sorgfaltspflicht obliegt der Schulleitung? Thomas Bucher, Dozent f\u00fcr Schulrecht an der PH Z\u00fcrich, erl\u00e4utert diese Fragen in der Rubrik \u00abDer Fall\u00bb. Lehrpersonen nehmen im Rahmen ihrer Unterrichtsgestaltung sowohl Unterrichts&#8211; als auch Aufsichtspflichten wahr. Hierbei &hellip; <a href=\"https:\/\/blog.phzh.ch\/schulfuehrung\/2018\/09\/19\/der-fall-nr-2\/\" class=\"more-link\"><span class=\"screen-reader-text\">Die Obhutspflicht der Schule geht \u00fcber den Unterricht hinaus<\/span> weiterlesen<\/a><\/p>\n","protected":false},"author":1416,"featured_media":493,"comment_status":"open","ping_status":"open","sticky":false,"template":"","format":"standard","meta":{"sfsi_plus_gutenberg_text_before_share":"","sfsi_plus_gutenberg_show_text_before_share":"","sfsi_plus_gutenberg_icon_type":"","sfsi_plus_gutenberg_icon_alignemt":"","sfsi_plus_gutenburg_max_per_row":"","footnotes":""},"categories":[103451],"tags":[103549,103550,103553,103551,103546,45044,103453],"class_list":["post-392","post","type-post","status-publish","format-standard","has-post-thumbnail","hentry","category-der-fall","tag-aufsichtspflicht","tag-garantenstellung","tag-haftpflicht","tag-obhutspflicht","tag-schulrecht","tag-schulweg","tag-thomas-bucher"],"yoast_head":"<!-- This site is optimized with the Yoast SEO plugin v26.8 - https:\/\/yoast.com\/product\/yoast-seo-wordpress\/ -->\n<title>Die Obhutspflicht der Schule geht \u00fcber den Unterricht hinaus - Schulf\u00fchrung<\/title>\n<meta name=\"robots\" content=\"index, follow, max-snippet:-1, max-image-preview:large, max-video-preview:-1\" \/>\n<link rel=\"canonical\" href=\"https:\/\/blog.phzh.ch\/schulfuehrung\/2018\/09\/19\/der-fall-nr-2\/\" \/>\n<meta property=\"og:locale\" content=\"de_DE\" \/>\n<meta property=\"og:type\" content=\"article\" \/>\n<meta property=\"og:title\" content=\"Die Obhutspflicht der Schule geht \u00fcber den Unterricht hinaus - Schulf\u00fchrung\" \/>\n<meta property=\"og:description\" content=\"Inwieweit sind Schule und Lehrperson in der Aufsicht vor und nach dem Unterricht verpflichtet? Wie ist die haftpflichtrechtliche Verantwortung geregelt? Welche Sorgfaltspflicht obliegt der Schulleitung? Thomas Bucher, Dozent f\u00fcr Schulrecht an der PH Z\u00fcrich, erl\u00e4utert diese Fragen in der Rubrik \u00abDer Fall\u00bb. Lehrpersonen nehmen im Rahmen ihrer Unterrichtsgestaltung sowohl Unterrichts&#8211; als auch Aufsichtspflichten wahr. Hierbei &hellip; Die Obhutspflicht der Schule geht \u00fcber den Unterricht hinaus weiterlesen\" \/>\n<meta property=\"og:url\" content=\"https:\/\/blog.phzh.ch\/schulfuehrung\/2018\/09\/19\/der-fall-nr-2\/\" \/>\n<meta property=\"og:site_name\" content=\"Schulf\u00fchrung\" \/>\n<meta property=\"article:published_time\" content=\"2018-09-19T03:00:54+00:00\" \/>\n<meta property=\"article:modified_time\" content=\"2018-10-29T07:19:45+00:00\" \/>\n<meta property=\"og:image\" content=\"https:\/\/blog.phzh.ch\/schulfuehrung\/files\/2018\/09\/blogbild.jpg\" \/>\n\t<meta property=\"og:image:width\" content=\"220\" \/>\n\t<meta property=\"og:image:height\" content=\"220\" \/>\n\t<meta property=\"og:image:type\" content=\"image\/jpeg\" \/>\n<meta name=\"author\" content=\"joerg.berger@phzh.ch\" \/>\n<meta name=\"twitter:card\" content=\"summary_large_image\" \/>\n<meta name=\"twitter:label1\" content=\"Verfasst von\" \/>\n\t<meta name=\"twitter:data1\" content=\"joerg.berger@phzh.ch\" \/>\n\t<meta name=\"twitter:label2\" content=\"Gesch\u00e4tzte Lesezeit\" \/>\n\t<meta name=\"twitter:data2\" content=\"3\u00a0Minuten\" \/>\n<script type=\"application\/ld+json\" class=\"yoast-schema-graph\">{\"@context\":\"https:\/\/schema.org\",\"@graph\":[{\"@type\":\"Article\",\"@id\":\"https:\/\/blog.phzh.ch\/schulfuehrung\/2018\/09\/19\/der-fall-nr-2\/#article\",\"isPartOf\":{\"@id\":\"https:\/\/blog.phzh.ch\/schulfuehrung\/2018\/09\/19\/der-fall-nr-2\/\"},\"author\":{\"name\":\"joerg.berger@phzh.ch\",\"@id\":\"https:\/\/blog.phzh.ch\/schulfuehrung\/#\/schema\/person\/054349b95d3a6f07edb6b76b4f30280b\"},\"headline\":\"Die Obhutspflicht der Schule geht \u00fcber den Unterricht hinaus\",\"datePublished\":\"2018-09-19T03:00:54+00:00\",\"dateModified\":\"2018-10-29T07:19:45+00:00\",\"mainEntityOfPage\":{\"@id\":\"https:\/\/blog.phzh.ch\/schulfuehrung\/2018\/09\/19\/der-fall-nr-2\/\"},\"wordCount\":679,\"commentCount\":11,\"image\":{\"@id\":\"https:\/\/blog.phzh.ch\/schulfuehrung\/2018\/09\/19\/der-fall-nr-2\/#primaryimage\"},\"thumbnailUrl\":\"https:\/\/blog.phzh.ch\/schulfuehrung\/files\/2018\/09\/blogbild.jpg\",\"keywords\":[\"Aufsichtspflicht\",\"Garantenstellung\",\"Haftpflicht\",\"Obhutspflicht\",\"schulrecht\",\"Schulweg\",\"Thomas Bucher\"],\"articleSection\":[\"Der Fall\"],\"inLanguage\":\"de\",\"potentialAction\":[{\"@type\":\"CommentAction\",\"name\":\"Comment\",\"target\":[\"https:\/\/blog.phzh.ch\/schulfuehrung\/2018\/09\/19\/der-fall-nr-2\/#respond\"]}]},{\"@type\":\"WebPage\",\"@id\":\"https:\/\/blog.phzh.ch\/schulfuehrung\/2018\/09\/19\/der-fall-nr-2\/\",\"url\":\"https:\/\/blog.phzh.ch\/schulfuehrung\/2018\/09\/19\/der-fall-nr-2\/\",\"name\":\"Die Obhutspflicht der Schule geht \u00fcber den Unterricht hinaus - Schulf\u00fchrung\",\"isPartOf\":{\"@id\":\"https:\/\/blog.phzh.ch\/schulfuehrung\/#website\"},\"primaryImageOfPage\":{\"@id\":\"https:\/\/blog.phzh.ch\/schulfuehrung\/2018\/09\/19\/der-fall-nr-2\/#primaryimage\"},\"image\":{\"@id\":\"https:\/\/blog.phzh.ch\/schulfuehrung\/2018\/09\/19\/der-fall-nr-2\/#primaryimage\"},\"thumbnailUrl\":\"https:\/\/blog.phzh.ch\/schulfuehrung\/files\/2018\/09\/blogbild.jpg\",\"datePublished\":\"2018-09-19T03:00:54+00:00\",\"dateModified\":\"2018-10-29T07:19:45+00:00\",\"author\":{\"@id\":\"https:\/\/blog.phzh.ch\/schulfuehrung\/#\/schema\/person\/054349b95d3a6f07edb6b76b4f30280b\"},\"breadcrumb\":{\"@id\":\"https:\/\/blog.phzh.ch\/schulfuehrung\/2018\/09\/19\/der-fall-nr-2\/#breadcrumb\"},\"inLanguage\":\"de\",\"potentialAction\":[{\"@type\":\"ReadAction\",\"target\":[\"https:\/\/blog.phzh.ch\/schulfuehrung\/2018\/09\/19\/der-fall-nr-2\/\"]}]},{\"@type\":\"ImageObject\",\"inLanguage\":\"de\",\"@id\":\"https:\/\/blog.phzh.ch\/schulfuehrung\/2018\/09\/19\/der-fall-nr-2\/#primaryimage\",\"url\":\"https:\/\/blog.phzh.ch\/schulfuehrung\/files\/2018\/09\/blogbild.jpg\",\"contentUrl\":\"https:\/\/blog.phzh.ch\/schulfuehrung\/files\/2018\/09\/blogbild.jpg\",\"width\":220,\"height\":220},{\"@type\":\"BreadcrumbList\",\"@id\":\"https:\/\/blog.phzh.ch\/schulfuehrung\/2018\/09\/19\/der-fall-nr-2\/#breadcrumb\",\"itemListElement\":[{\"@type\":\"ListItem\",\"position\":1,\"name\":\"Startseite\",\"item\":\"https:\/\/blog.phzh.ch\/schulfuehrung\/\"},{\"@type\":\"ListItem\",\"position\":2,\"name\":\"Die Obhutspflicht der Schule geht \u00fcber den Unterricht hinaus\"}]},{\"@type\":\"WebSite\",\"@id\":\"https:\/\/blog.phzh.ch\/schulfuehrung\/#website\",\"url\":\"https:\/\/blog.phzh.ch\/schulfuehrung\/\",\"name\":\"Schulf\u00fchrung\",\"description\":\"phzh.ch\/schulfuehrung\",\"potentialAction\":[{\"@type\":\"SearchAction\",\"target\":{\"@type\":\"EntryPoint\",\"urlTemplate\":\"https:\/\/blog.phzh.ch\/schulfuehrung\/?s={search_term_string}\"},\"query-input\":{\"@type\":\"PropertyValueSpecification\",\"valueRequired\":true,\"valueName\":\"search_term_string\"}}],\"inLanguage\":\"de\"},{\"@type\":\"Person\",\"@id\":\"https:\/\/blog.phzh.ch\/schulfuehrung\/#\/schema\/person\/054349b95d3a6f07edb6b76b4f30280b\",\"name\":\"joerg.berger@phzh.ch\",\"image\":{\"@type\":\"ImageObject\",\"inLanguage\":\"de\",\"@id\":\"https:\/\/blog.phzh.ch\/schulfuehrung\/#\/schema\/person\/image\/\",\"url\":\"https:\/\/secure.gravatar.com\/avatar\/7feadf7133c63f799cd5819f21ccc220?s=96&d=mm&r=g\",\"contentUrl\":\"https:\/\/secure.gravatar.com\/avatar\/7feadf7133c63f799cd5819f21ccc220?s=96&d=mm&r=g\",\"caption\":\"joerg.berger@phzh.ch\"},\"url\":\"https:\/\/blog.phzh.ch\/schulfuehrung\/author\/joerg-bergerphzh-ch\/\"}]}<\/script>\n<!-- \/ Yoast SEO plugin. -->","yoast_head_json":{"title":"Die Obhutspflicht der Schule geht \u00fcber den Unterricht hinaus - Schulf\u00fchrung","robots":{"index":"index","follow":"follow","max-snippet":"max-snippet:-1","max-image-preview":"max-image-preview:large","max-video-preview":"max-video-preview:-1"},"canonical":"https:\/\/blog.phzh.ch\/schulfuehrung\/2018\/09\/19\/der-fall-nr-2\/","og_locale":"de_DE","og_type":"article","og_title":"Die Obhutspflicht der Schule geht \u00fcber den Unterricht hinaus - Schulf\u00fchrung","og_description":"Inwieweit sind Schule und Lehrperson in der Aufsicht vor und nach dem Unterricht verpflichtet? Wie ist die haftpflichtrechtliche Verantwortung geregelt? Welche Sorgfaltspflicht obliegt der Schulleitung? Thomas Bucher, Dozent f\u00fcr Schulrecht an der PH Z\u00fcrich, erl\u00e4utert diese Fragen in der Rubrik \u00abDer Fall\u00bb. Lehrpersonen nehmen im Rahmen ihrer Unterrichtsgestaltung sowohl Unterrichts&#8211; als auch Aufsichtspflichten wahr. Hierbei &hellip; Die Obhutspflicht der Schule geht \u00fcber den Unterricht hinaus weiterlesen","og_url":"https:\/\/blog.phzh.ch\/schulfuehrung\/2018\/09\/19\/der-fall-nr-2\/","og_site_name":"Schulf\u00fchrung","article_published_time":"2018-09-19T03:00:54+00:00","article_modified_time":"2018-10-29T07:19:45+00:00","og_image":[{"width":220,"height":220,"url":"https:\/\/blog.phzh.ch\/schulfuehrung\/files\/2018\/09\/blogbild.jpg","type":"image\/jpeg"}],"author":"joerg.berger@phzh.ch","twitter_card":"summary_large_image","twitter_misc":{"Verfasst von":"joerg.berger@phzh.ch","Gesch\u00e4tzte Lesezeit":"3\u00a0Minuten"},"schema":{"@context":"https:\/\/schema.org","@graph":[{"@type":"Article","@id":"https:\/\/blog.phzh.ch\/schulfuehrung\/2018\/09\/19\/der-fall-nr-2\/#article","isPartOf":{"@id":"https:\/\/blog.phzh.ch\/schulfuehrung\/2018\/09\/19\/der-fall-nr-2\/"},"author":{"name":"joerg.berger@phzh.ch","@id":"https:\/\/blog.phzh.ch\/schulfuehrung\/#\/schema\/person\/054349b95d3a6f07edb6b76b4f30280b"},"headline":"Die Obhutspflicht der Schule geht \u00fcber den Unterricht hinaus","datePublished":"2018-09-19T03:00:54+00:00","dateModified":"2018-10-29T07:19:45+00:00","mainEntityOfPage":{"@id":"https:\/\/blog.phzh.ch\/schulfuehrung\/2018\/09\/19\/der-fall-nr-2\/"},"wordCount":679,"commentCount":11,"image":{"@id":"https:\/\/blog.phzh.ch\/schulfuehrung\/2018\/09\/19\/der-fall-nr-2\/#primaryimage"},"thumbnailUrl":"https:\/\/blog.phzh.ch\/schulfuehrung\/files\/2018\/09\/blogbild.jpg","keywords":["Aufsichtspflicht","Garantenstellung","Haftpflicht","Obhutspflicht","schulrecht","Schulweg","Thomas Bucher"],"articleSection":["Der Fall"],"inLanguage":"de","potentialAction":[{"@type":"CommentAction","name":"Comment","target":["https:\/\/blog.phzh.ch\/schulfuehrung\/2018\/09\/19\/der-fall-nr-2\/#respond"]}]},{"@type":"WebPage","@id":"https:\/\/blog.phzh.ch\/schulfuehrung\/2018\/09\/19\/der-fall-nr-2\/","url":"https:\/\/blog.phzh.ch\/schulfuehrung\/2018\/09\/19\/der-fall-nr-2\/","name":"Die Obhutspflicht der Schule geht \u00fcber den Unterricht hinaus - Schulf\u00fchrung","isPartOf":{"@id":"https:\/\/blog.phzh.ch\/schulfuehrung\/#website"},"primaryImageOfPage":{"@id":"https:\/\/blog.phzh.ch\/schulfuehrung\/2018\/09\/19\/der-fall-nr-2\/#primaryimage"},"image":{"@id":"https:\/\/blog.phzh.ch\/schulfuehrung\/2018\/09\/19\/der-fall-nr-2\/#primaryimage"},"thumbnailUrl":"https:\/\/blog.phzh.ch\/schulfuehrung\/files\/2018\/09\/blogbild.jpg","datePublished":"2018-09-19T03:00:54+00:00","dateModified":"2018-10-29T07:19:45+00:00","author":{"@id":"https:\/\/blog.phzh.ch\/schulfuehrung\/#\/schema\/person\/054349b95d3a6f07edb6b76b4f30280b"},"breadcrumb":{"@id":"https:\/\/blog.phzh.ch\/schulfuehrung\/2018\/09\/19\/der-fall-nr-2\/#breadcrumb"},"inLanguage":"de","potentialAction":[{"@type":"ReadAction","target":["https:\/\/blog.phzh.ch\/schulfuehrung\/2018\/09\/19\/der-fall-nr-2\/"]}]},{"@type":"ImageObject","inLanguage":"de","@id":"https:\/\/blog.phzh.ch\/schulfuehrung\/2018\/09\/19\/der-fall-nr-2\/#primaryimage","url":"https:\/\/blog.phzh.ch\/schulfuehrung\/files\/2018\/09\/blogbild.jpg","contentUrl":"https:\/\/blog.phzh.ch\/schulfuehrung\/files\/2018\/09\/blogbild.jpg","width":220,"height":220},{"@type":"BreadcrumbList","@id":"https:\/\/blog.phzh.ch\/schulfuehrung\/2018\/09\/19\/der-fall-nr-2\/#breadcrumb","itemListElement":[{"@type":"ListItem","position":1,"name":"Startseite","item":"https:\/\/blog.phzh.ch\/schulfuehrung\/"},{"@type":"ListItem","position":2,"name":"Die Obhutspflicht der Schule geht \u00fcber den Unterricht hinaus"}]},{"@type":"WebSite","@id":"https:\/\/blog.phzh.ch\/schulfuehrung\/#website","url":"https:\/\/blog.phzh.ch\/schulfuehrung\/","name":"Schulf\u00fchrung","description":"phzh.ch\/schulfuehrung","potentialAction":[{"@type":"SearchAction","target":{"@type":"EntryPoint","urlTemplate":"https:\/\/blog.phzh.ch\/schulfuehrung\/?s={search_term_string}"},"query-input":{"@type":"PropertyValueSpecification","valueRequired":true,"valueName":"search_term_string"}}],"inLanguage":"de"},{"@type":"Person","@id":"https:\/\/blog.phzh.ch\/schulfuehrung\/#\/schema\/person\/054349b95d3a6f07edb6b76b4f30280b","name":"joerg.berger@phzh.ch","image":{"@type":"ImageObject","inLanguage":"de","@id":"https:\/\/blog.phzh.ch\/schulfuehrung\/#\/schema\/person\/image\/","url":"https:\/\/secure.gravatar.com\/avatar\/7feadf7133c63f799cd5819f21ccc220?s=96&d=mm&r=g","contentUrl":"https:\/\/secure.gravatar.com\/avatar\/7feadf7133c63f799cd5819f21ccc220?s=96&d=mm&r=g","caption":"joerg.berger@phzh.ch"},"url":"https:\/\/blog.phzh.ch\/schulfuehrung\/author\/joerg-bergerphzh-ch\/"}]}},"_links":{"self":[{"href":"https:\/\/blog.phzh.ch\/schulfuehrung\/wp-json\/wp\/v2\/posts\/392","targetHints":{"allow":["GET"]}}],"collection":[{"href":"https:\/\/blog.phzh.ch\/schulfuehrung\/wp-json\/wp\/v2\/posts"}],"about":[{"href":"https:\/\/blog.phzh.ch\/schulfuehrung\/wp-json\/wp\/v2\/types\/post"}],"author":[{"embeddable":true,"href":"https:\/\/blog.phzh.ch\/schulfuehrung\/wp-json\/wp\/v2\/users\/1416"}],"replies":[{"embeddable":true,"href":"https:\/\/blog.phzh.ch\/schulfuehrung\/wp-json\/wp\/v2\/comments?post=392"}],"version-history":[{"count":6,"href":"https:\/\/blog.phzh.ch\/schulfuehrung\/wp-json\/wp\/v2\/posts\/392\/revisions"}],"predecessor-version":[{"id":629,"href":"https:\/\/blog.phzh.ch\/schulfuehrung\/wp-json\/wp\/v2\/posts\/392\/revisions\/629"}],"wp:featuredmedia":[{"embeddable":true,"href":"https:\/\/blog.phzh.ch\/schulfuehrung\/wp-json\/wp\/v2\/media\/493"}],"wp:attachment":[{"href":"https:\/\/blog.phzh.ch\/schulfuehrung\/wp-json\/wp\/v2\/media?parent=392"}],"wp:term":[{"taxonomy":"category","embeddable":true,"href":"https:\/\/blog.phzh.ch\/schulfuehrung\/wp-json\/wp\/v2\/categories?post=392"},{"taxonomy":"post_tag","embeddable":true,"href":"https:\/\/blog.phzh.ch\/schulfuehrung\/wp-json\/wp\/v2\/tags?post=392"}],"curies":[{"name":"wp","href":"https:\/\/api.w.org\/{rel}","templated":true}]}}