{"id":3875,"date":"2022-03-08T04:00:00","date_gmt":"2022-03-08T03:00:00","guid":{"rendered":"https:\/\/blog.phzh.ch\/schulfuehrung\/?p=3875"},"modified":"2023-05-15T08:30:49","modified_gmt":"2023-05-15T06:30:49","slug":"schule-im-zeitalter-der-digitalitaet-entwickeln","status":"publish","type":"post","link":"https:\/\/blog.phzh.ch\/schulfuehrung\/2022\/03\/08\/schule-im-zeitalter-der-digitalitaet-entwickeln\/","title":{"rendered":"Schule im Zeitalter der Digitalit\u00e4t entwickeln"},"content":{"rendered":"\n<p><strong>Wie kann die Schule dazu beitragen, dass sich Kinder und Jugendliche selbstbestimmt in der digitalen Welt bewegen und die Gesellschaft mitgestalten k\u00f6nnen? Wo treffen sich analoge und digitale Aktivit\u00e4ten beim Lernen?<\/strong> <strong>Auf dem Weg zu einer zeitgem\u00e4ssen Schulkultur sind Funktions- und Entscheidungstr\u00e4ger:innen herausgefordert, Antworten auf komplexe Fragestellungen zu finden. Eliane Burri zeigt auf, wie Schulen durch Digitalit\u00e4t Entwicklungsprozesse schaffen k\u00f6nnen.<\/strong><\/p>\n\n\n\n<p>Mit zunehmender Tiefe und Breite des Digitalisierungsprozesses er\u00f6ffnen sich auch an Schulen neue M\u00f6glichkeitsr\u00e4ume, die durch digitale Medien gepr\u00e4gt sind. Sch\u00fcler:innen k\u00f6nnen sich zum Beispiel \u00fcber Video mit ihrer fremdsprachigen Partnerklasse austauschen. Lehrpersonen haben die M\u00f6glichkeit, mittels Cloud-Diensten kollaborativ orts- und zeitunabh\u00e4ngig Lernarrangements zu entwickeln und ihre Erfahrungen und Unterrichtsideen in Netzwerken zu teilen.<\/p>\n\n\n\n<p>Die durch Digitalisierung hervorgerufenen Ver\u00e4nderungen sind bezeichnend f\u00fcr eine Kultur der Digitalit\u00e4t (Stalder, 2019). Diese geht \u00fcber Digitalisierung als technischen Prozess hinaus und umfasst grundlegende gesellschaftliche \u00c4nderungen in allen Lebensbereichen. Dementsprechend ist die Integration digitaler Medien in den Unterricht nur ein Teilbereich des digitalen Wandels an Schulen. Am letztj\u00e4hrigen Symposium Personalmanagement an der PH Z\u00fcrich hielt Uta Hauck-Thum fest, dass Massnahmen zur Integration von Medien in Schule zu kurz greifen w\u00fcrden. Es gehe darum, Lehr- und Lernprozesse unter Bedingungen der Kultur der Digitalit\u00e4t v\u00f6llig neu zu denken.<\/p>\n\n\n<p><!--more--><\/p>\n\n\n<p><strong>Es geht um mehr, als die Schule mit digitalen Medien zu optimieren<\/strong><\/p>\n\n\n\n<p>Schulen im Kontext der Digitalit\u00e4t stehen somit vor komplexen, mehrdimensionalen Herausforderungen, die \u00fcber die Gestaltung von Lernumgebungen im Hinblick auf zuk\u00fcnftig geforderte Kompetenzen hinausgehen. Die Entwicklung einer zeitgem\u00e4ssen Schulkultur erfordert Ver\u00e4nderungen: auf organisationaler, personaler und unterrichtlicher Ebene sowie mit Bezug zur fortschreitenden Digitalisierung zus\u00e4tzlich auf der Ebene von Kooperationsstrukturen und Technik (Schulz-Zander, 2001).<\/p>\n\n\n\n<p>Erstellen Lehrpersonen beispielsweise gemeinsam Lerninhalte, braucht es entsprechende Technologien, ein Konzept, wie das Wissen innerhalb der Organisation verwaltet und geteilt werden kann und Weiterbildungsangebote, um die daf\u00fcr notwendigen Anwendungskompetenzen aufzubauen. Es braucht aber auch die Bereitschaft seitens der Lehrpersonen, ihr Wissen und ihre Materialien zu teilen. Die Aufgabe, Schulen f\u00fcr die Herausforderungen der digitalen Welt zu st\u00e4rken und die Potenziale zu nutzen, ist somit eine mehrdimensionale Schulentwicklungsaufgabe.<\/p>\n\n\n\n<p>Leitungshandeln erf\u00e4hrt dadurch neue Aufgaben und Rollen, die von einer einzelnen Person, etwa einer Schulleiterin nicht allein bew\u00e4ltigt werden k\u00f6nnen. Neben modernen Management- und F\u00fchrungsmethoden ist der kompetente Umgang mit digitalen Technologien von zentraler Bedeutung. Hinzu kommt, dass sich die Aufgabenfelder auch thematisch laufend ausdifferenzieren: K\u00fcnstliche Intelligenz, Digital Divide, Diklusion und Datafizierung gewinnen auch in Schulen zunehmend an Bedeutung. Die Art und Weise der Zusammenarbeit und Kommunikation ver\u00e4ndert sich. Vor diesem Hintergrund geht es darum, Entwicklungsprozesse im digitalen Wandel mehrdimensional auf p\u00e4dagogischer, technologischer, administrativer und organisationaler Ebene zu verstehen.<\/p>\n\n\n\n<p><strong>Schule im Kontext einer Kultur der Digitalit\u00e4t gemeinschaftlich entwickeln<\/strong><\/p>\n\n\n\n<p>In der Praxis leisten Schulleitungen, Stufen- oder Fachleitungen, Lehrpersonen mit Spezialfunktionen, Fachstellenleitungen, Beh\u00f6rdenmitglieder und weitere Personen gemeinsam funktions-, professions- und themenbezogen einen Beitrag zur Entwicklung und Gestaltung einer guten Schule (Strauss u. Anderegg, 2020). Der Fachdiskurs h\u00e4lt auch F\u00fchrungshandeln im Sinne von Digital Leadership in Innovations- und Changeprozessen f\u00fcr einen entscheidenden Wirkfaktor.<\/p>\n\n\n\n<p><strong>Schule jetzt und in der Zukunft<\/strong><\/p>\n\n\n\n<p>Schulen, die das innovative Potenzial des Digitalen f\u00fcr das Lehren- und Lernen nutzbar machen m\u00f6chten, ben\u00f6tigen neben Kompetenzen in digitaler Schulentwicklung auch eine Vision, in welcher \u00fcbergeordnete Ziele zum Lehren und Lernen in einer Kultur der Digitalit\u00e4t verankert sind. F\u00fcr F\u00fchrungspersonen, die mit ihren Schulteams ein Zukunftsbild skizzieren m\u00f6chten, ist es hilfreich, die eigene Vorstellung einer zeitgem\u00e4ssen Schule zu sch\u00e4rfen.<\/p>\n\n\n\n<p>Vision\u00e4res Denken soll vor dem Hintergrund aktueller technischer und gesellschaftlicher Entwicklungen dazu anregen, ausgetretene Pfade zu verlassen und Schule \u00abneu\u00bb zu sehen. Der Austausch in schul\u00fcbergreifenden Innovationsnetzwerken kann dazu beitragen, erweiterte Perspektiven einzunehmen. Fragen im Hinblick auf eine gemeinsame Vision k\u00f6nnten sein: Wie sieht unsere Schule im Jahr 2040 aus? Welches Bild von Lehren und Lernen haben wir? Welche Werte sind uns in einer digital gepr\u00e4gten Welt wichtig?<\/p>\n\n\n\n<p><strong>Die Vision in Schulentwicklungsprozesse \u00fcberf\u00fchren<\/strong><\/p>\n\n\n\n<p>Die Gestaltung und Steuerung digitalisierungsbezogener Schulentwicklungsprozesse bed\u00fcrfen neben einer gemeinsamen Vision und eines abgestimmten Verst\u00e4ndnisses zum Lehren und Lernen in der digitalen Welt auch einer systematischen Steuerung. Schulleitungen, P\u00e4dagogische ICT-Supporter:innen (PICTS), Fachstellenleitungen, Personen mit Leitungsaufgaben verfolgen im Sinne von Digital Leadership das Ziel, bestm\u00f6gliche Voraussetzungen f\u00fcr das digital gest\u00fctzte Lernen und Arbeiten an der Schule zu schaffen. Die Initiierung und Gestaltung von entsprechenden Ver\u00e4nderungsprozessen sowie beg\u00fcnstigende Rahmenbedingungen an einer Schule sind hierbei zentral.<\/p>\n\n\n\n<p>Ein Medienkonzept kann als Richtschnur im Ver\u00e4nderungsprozess dienen und beinhaltet nebst der \u00fcbergeordneten Ebene auch konkrete Entwicklungsziele. Ein solches Ziel k\u00f6nnte die Implementierung einer 1:1 Ausstattung sein. Die Umsetzung erfordert technisches und p\u00e4dagogisches Wissen sowie Kompetenzen im Bereich von Projektmanagement. Bildungspolitische Aspekte sowie die Perspektiven von Verwaltung und Beh\u00f6rde m\u00fcssen einbezogen werden.<\/p>\n\n\n\n<p>Dar\u00fcber hinaus ist die Innovation nur dann erfolgreich, wenn die Lehrpersonen und weitere an der Schule beteiligte Personen sowie auch die Eltern die Initiative mittragen. F\u00f6rderlich ist ebenfalls, wenn im Schulteam und in der Elternzusammenarbeit fr\u00fch Raum f\u00fcr Verst\u00e4ndigung \u00fcber Haltungen in Bezug auf den Umgang mit Technologie gegeben wird. In der Kommunikation und der Zusammenarbeit mit den Anspruchsgruppen und der Dokumentation des Projekts kommen zahlreiche digitale Werkzeuge zum Einsatz. Hierf\u00fcr sind fundierte digitale Kompetenzen eine Voraussetzung.<\/p>\n\n\n\n<p><strong>Digitale Medien im Unterricht einsetzen<\/strong><\/p>\n\n\n\n<p>Bei der Integration von digitalen Medien im Unterricht \u00fcbernehmen die PICTS eine tragende Rolle. Sie sind Expertinnen und Experten f\u00fcr ICT, Medienbildung, Medien und Informatik. Sie unterst\u00fctzen Lehrpersonen dabei, den Lehrplan 21 Medien und Informatik umzusetzen. Sie sind p\u00e4dagogisch und operativ an der Schnittstelle zwischen digitalem Wandel und Technik t\u00e4tig und stehen insofern Schulleitungen unterst\u00fctzend zur Seite, wenn es zum Beispiel darum geht, ein geeignetes Kommunikationstool f\u00fcr die Elternzusammenarbeit zu finden und zu etablieren.<\/p>\n\n\n\n<p>Sie beobachten aktuelle technische und mediale Entwicklungen und fragen nach den Konsequenzen f\u00fcr den Schulunterricht. Sie bieten First Level Support bei Fragen der Medienintegration und bei Bedarf schulinterne Weiterbildungen an und leisten damit auch einen wichtigen Beitrag zum Kompetenzaufbau der Lehrpersonen und Schulleitungen.<\/p>\n\n\n\n<p><strong>F\u00fchrungspersonen im Kontext der Digitalit\u00e4t st\u00e4rken<\/strong><\/p>\n\n\n\n<p>So wie unsere Sch\u00fcler:innen, sind auch F\u00fchrungspersonen herausgefordert, ihre Kompetenzen laufend weiterzuentwickeln, um schulentwicklungsrelevante Fragen in Bezug auf Digitalisierung und Digitalit\u00e4t professionell angehen zu k\u00f6nnen.<\/p>\n\n\n\n<p>Unbestritten ist, dass pers\u00f6nliche, soziale sowie fachliche Kompetenzen auch in einer Kultur der Digitalit\u00e4t zentral bleiben. Digitalit\u00e4ts-Kompetenzen sind notwendig, um die Ph\u00e4nomene in einer Kultur der Digitalit\u00e4t zu erkennen, beschreiben, reflektieren und schliesslich gestalten zu k\u00f6nnen (D\u00f6beli, 2021). Ein vertieftes Verst\u00e4ndnis \u00fcber das Zusammenspiel der verschiedenen Handlungsebenen (Personal, Organisation, Technik, Kollaboration, Unterricht (Schulz-Zander, 2001) in und \u00fcber die Schule hinaus sind zentrale Elemente auf dem Weg zu einer zeitgem\u00e4ssen Schulkultur. Ein Repertoire an modernen Projekt- und Management Methoden sollte ebenfalls im Rucksack einer F\u00fchrungsperson vorhanden sein.<\/p>\n\n\n\n<p>F\u00fchrungspersonen agieren in verschiedenen Handlungsfeldern und bringen unterschiedliche Erfahrungen und Kompetenzen mit. Agile, modularisierte Weiterbildungsangebote tragen den individuellen Voraussetzungen Rechnung. Sie best\u00e4rken F\u00fchrungspersonen, Antworten auf Fragen aus der eigenen Berufspraxis zu entwickeln. Eine hohe Flexibilit\u00e4t und Durchl\u00e4ssigkeit in Form von einzeln buchbaren oder zum Lehrgang kombinierbaren Modulen erm\u00f6glichen individuelle Entwicklungslinien. So kann sich beispielsweise ein P\u00e4dagogischer ICT Supporter, der die Leitung eines Projekts \u00fcbernimmt, ein Modul \u00fcber das Zusammenspiel von Wirkfaktoren in Schulentwicklungsprozessen besuchen. Dabei setzt er sich mit Fachwissen auseinander, \u00fcbertr\u00e4gt dies auf seine Praxis, tritt mit den Mitlernenden in den Austausch und wird von Expertinnen und Experten begleitet. \u00c4hnlich einem Baukastensystem k\u00f6nnte der PICTS schrittweise weitere Module besuchen und seine Kompetenzen ausbauen.<\/p>\n\n\n\n<pre class=\"wp-block-preformatted\">INFOBOX\n\nDrei Lehrg\u00e4nge unterst\u00fctzen die Weiterentwicklung von Schulen im Kontext der <a href=\"https:\/\/eur02.safelinks.protection.outlook.com\/?url=https%3A%2F%2Fphzh.ch%2Fde%2FWeiterbildung%2Fvolksschule%2Fdigitale-bildung%2F&amp;data=04%7C01%7Cmelina.maerten%40phzh.ch%7C59878e2f0bab4386104d08da00d5f14d%7C7b1ce663ae894a2ab34a79142338f3f2%7C1%7C0%7C637823216109572793%7CUnknown%7CTWFpbGZsb3d8eyJWIjoiMC4wLjAwMDAiLCJQIjoiV2luMzIiLCJBTiI6Ik1haWwiLCJXVCI6Mn0%3D%7C3000&amp;sdata=2X4EfHvj9MIjHuLsYHwW9Gse54lkRX%2B4rCCePnnT7GI%3D&amp;reserved=0\" target=\"_blank\" rel=\"noreferrer noopener\">Digitalit\u00e4t<\/a>. Die CAS st\u00e4rken Personen mit direkten oder indirekten F\u00fchrungsaufgaben, digitale\u00a0 Bildung weiter zu denken und zu gestalten.\n\n1. Der <a href=\"https:\/\/phzh.ch\/de\/Weiterbildung\/weiterbildungssuche\/Anlassdetail\/CAS-Paedagogischer-ICT-Support-Start-Herbst-2022-n144420295.html\" target=\"_blank\" rel=\"noreferrer noopener\">CAS PICTS<\/a> bereitet auf die Funktion des P\u00e4dagogischen ICT Supports vor. Er ist seit vielen Jahren etabliert. Ab Herbst 2022 wird der weiterentwickelte Lehrgang in modularisierter Form angeboten.\n\n2. Der <a href=\"https:\/\/phzh.ch\/de\/Weiterbildung\/weiterbildungssuche\/Anlassdetail\/CAS-Schule-entwickeln-n144504338.html\" target=\"_blank\" rel=\"noreferrer noopener\">CAS Schule entwickeln<\/a> \u2013 Profil Digitalit\u00e4t richtet sich an Personen, die digitale Schulentwicklungsprojekte an ihrer Schule verantworten. Er findet im Herbst 2022 zum ersten Mal statt.\n\n3. Der <a href=\"https:\/\/phzh.ch\/de\/Weiterbildung\/weiterbildungssuche\/Anlassdetail\/CAS-Digital-Leadership-in-Education-n144495721.html\" target=\"_blank\" rel=\"noreferrer noopener\">CAS Digital Leadership in Education<\/a> ist ein etablierter Lehrgang. F\u00fchrungspersonen setzen sich mit zentralen technologischen Trends auseinander und sch\u00e4rfen ihre pers\u00f6nliche Vorstellung eines Bildungssystem im digitalen Zeitalter.\n\nJetzt anmelden: Die <a href=\"https:\/\/phzh.ch\/de\/Weiterbildung\/weiterbildungssuche\/Anlassdetail\/Infoveranstaltung-Digitale-Bildung-n144501266.html\" target=\"_blank\" rel=\"noreferrer noopener\">Infoveranstaltung Digitale Bildung<\/a> findet am 19.05.2022 statt.\n\nWir empfehlen Ihnen auch den Beitrag <a href=\"https:\/\/blog.phzh.ch\/schulfuehrung\/2021\/04\/20\/digitalisierung-durchdringt-unsere-schulen\/\" target=\"_blank\" rel=\"noreferrer noopener\">Digitalisierung durchdringt unsere Schulen<\/a> von Eliane Burri und Frank Br\u00fcckel.<\/pre>\n\n\n\n<h2 class=\"wp-block-heading\">Zur Autorin<\/h2>\n\n\n<div class=\"wp-block-image\">\n<figure class=\"alignleft size-large is-resized\"><img loading=\"lazy\" decoding=\"async\" src=\"http:\/\/blog.phzh.ch\/schulfuehrung\/files\/2021\/04\/lit_Portrait_Eliane-Burri-683x1024.jpg\" alt=\"Eliane Burri\" class=\"wp-image-3136\" width=\"127\" height=\"100\" \/><\/figure><\/div>\n\n\n<p><a rel=\"noreferrer noopener\" href=\"https:\/\/phzh.ch\/personen\/eliane.burri\" target=\"_blank\">Eliane Burri<\/a> ist Leiterin des Zentrums Medienbildung und Informatik an der PH Z\u00fcrich. Sie lebt Digital Leadership in Education und begleitet Schulen im digitalen Wandel. Als ehemalige Schulleiterin verantwortete sie die digitale Schulentwicklung an einer Berufsfachschule. Ab Herbst leitet sie mit Tobias R\u00f6hl den neuen CAS Schule entwickeln \u2013 Profil Digitalit\u00e4t.<\/p>\n\n\n\n<p><\/p>\n\n\n\n<p>Redaktion: Melina Maerten<\/p>\n\n\n\n<p><strong>Literaturquellen<\/strong><\/p>\n\n\n\n<p>D\u00f6beli Honegger, Beat. 2017.\u00bbMehr als 0 und 1. Schule in einer digitalisierten Welt.\u00bb 2. Auflage. hep: Bern.<\/p>\n\n\n\n<p>D\u00f6beli Honegger, Beat. DPCK statt TPCK \u2013 <a href=\"http:\/\/blog.doebe.li\/Blog\/DPCKstattTPCK\">Beats Blog<\/a>. Weblog vom 9. Dezember 2021. Zugriff 11.2.2022.<\/p>\n\n\n\n<p>Schulz-Zander, Renate. 2001.\u00bbLernen mit neuen Medien in der Schule\u00bb, hrsg. v. Oelkers J\u00fcrgen <em>Zukunftsfragen der Bildung<\/em>, 181-195. Beltz: Weinheim.<\/p>\n\n\n\n<p>Stalder, Felix. 2019. <em>Kultur der Digitalit\u00e4t<\/em>. 4. Auflage. Berlin: Suhrkamp.<\/p>\n\n\n\n<p>Strauss, Nina-Cathrin und Anderegg, Niels. 2020. \u00abEinleitung.\u00bb In <em>Teacher Leadership &#8211; Schule gemeinschaftlich f\u00fchren<\/em>, hrsg. v. Strauss Nina-Cathrin und Anderegg Niels, 9-17. 2020. hep: Bern.<\/p>\n\n\n\n<p>Waffner, Bettina. 2021.\u00bbSchulentwicklung in der digital gepr\u00e4gten Welt: Strategien, Rahmenbedingungen und Implikationen f\u00fcr Schulleitungshandeln.\u00bb In <em>Bildung im digitalen Wandel. Organisationsentwicklung in Bildungseinrichtungen<\/em>, hrsg. v. Wilmers Annika, Achenbach Michaela und Keller Carolin, 67-103. Waxmann: M\u00fcnster, New York :<\/p>\n","protected":false},"excerpt":{"rendered":"<p>Wie kann die Schule dazu beitragen, dass sich Kinder und Jugendliche selbstbestimmt in der digitalen Welt bewegen und die Gesellschaft mitgestalten k\u00f6nnen? Wo treffen sich analoge und digitale Aktivit\u00e4ten beim Lernen? Auf dem Weg zu einer zeitgem\u00e4ssen Schulkultur sind Funktions- und Entscheidungstr\u00e4ger:innen herausgefordert, Antworten auf komplexe Fragestellungen zu finden. Eliane Burri zeigt auf, wie Schulen &hellip; <a href=\"https:\/\/blog.phzh.ch\/schulfuehrung\/2022\/03\/08\/schule-im-zeitalter-der-digitalitaet-entwickeln\/\" class=\"more-link\"><span class=\"screen-reader-text\">Schule im Zeitalter der Digitalit\u00e4t entwickeln<\/span> weiterlesen<\/a><\/p>\n","protected":false},"author":1392,"featured_media":3883,"comment_status":"open","ping_status":"open","sticky":false,"template":"","format":"standard","meta":{"sfsi_plus_gutenberg_text_before_share":"","sfsi_plus_gutenberg_show_text_before_share":"","sfsi_plus_gutenberg_icon_type":"","sfsi_plus_gutenberg_icon_alignemt":"","sfsi_plus_gutenburg_max_per_row":"","footnotes":""},"categories":[107128,107309],"tags":[109481,109613,107145,106718,4186,45021,4172],"class_list":["post-3875","post","type-post","status-publish","format-standard","has-post-thumbnail","hentry","category-entdecken","category-alle-beitraege","tag-eliane-burri","tag-entwicklungsprozesse","tag-fuehrung-im-digitalen-zeitalter","tag-fuehrungspersonen","tag-lehrpersonen","tag-schulentwicklung","tag-unterricht"],"yoast_head":"<!-- This site is optimized with the Yoast SEO plugin v26.8 - https:\/\/yoast.com\/product\/yoast-seo-wordpress\/ -->\n<title>Schule im Zeitalter der Digitalit\u00e4t entwickeln - Schulf\u00fchrung<\/title>\n<meta name=\"robots\" content=\"index, follow, max-snippet:-1, max-image-preview:large, max-video-preview:-1\" \/>\n<link rel=\"canonical\" href=\"https:\/\/blog.phzh.ch\/schulfuehrung\/2022\/03\/08\/schule-im-zeitalter-der-digitalitaet-entwickeln\/\" \/>\n<meta property=\"og:locale\" content=\"de_DE\" \/>\n<meta property=\"og:type\" content=\"article\" \/>\n<meta property=\"og:title\" content=\"Schule im Zeitalter der Digitalit\u00e4t entwickeln - Schulf\u00fchrung\" \/>\n<meta property=\"og:description\" content=\"Wie kann die Schule dazu beitragen, dass sich Kinder und Jugendliche selbstbestimmt in der digitalen Welt bewegen und die Gesellschaft mitgestalten k\u00f6nnen? Wo treffen sich analoge und digitale Aktivit\u00e4ten beim Lernen? Auf dem Weg zu einer zeitgem\u00e4ssen Schulkultur sind Funktions- und Entscheidungstr\u00e4ger:innen herausgefordert, Antworten auf komplexe Fragestellungen zu finden. Eliane Burri zeigt auf, wie Schulen &hellip; Schule im Zeitalter der Digitalit\u00e4t entwickeln weiterlesen\" \/>\n<meta property=\"og:url\" content=\"https:\/\/blog.phzh.ch\/schulfuehrung\/2022\/03\/08\/schule-im-zeitalter-der-digitalitaet-entwickeln\/\" \/>\n<meta property=\"og:site_name\" content=\"Schulf\u00fchrung\" \/>\n<meta property=\"article:published_time\" content=\"2022-03-08T03:00:00+00:00\" \/>\n<meta property=\"article:modified_time\" content=\"2023-05-15T06:30:49+00:00\" \/>\n<meta property=\"og:image\" content=\"http:\/\/blog.phzh.ch\/schulfuehrung\/files\/2022\/03\/Schulentwicklung-digitales-Lernen.jpeg\" \/>\n\t<meta property=\"og:image:width\" content=\"1000\" \/>\n\t<meta property=\"og:image:height\" content=\"693\" \/>\n\t<meta property=\"og:image:type\" content=\"image\/jpeg\" \/>\n<meta name=\"author\" content=\"melinamaerten\" \/>\n<meta name=\"twitter:card\" content=\"summary_large_image\" \/>\n<meta name=\"twitter:label1\" content=\"Verfasst von\" \/>\n\t<meta name=\"twitter:data1\" content=\"melinamaerten\" \/>\n\t<meta name=\"twitter:label2\" content=\"Gesch\u00e4tzte Lesezeit\" \/>\n\t<meta name=\"twitter:data2\" content=\"9\u00a0Minuten\" \/>\n<script type=\"application\/ld+json\" class=\"yoast-schema-graph\">{\"@context\":\"https:\/\/schema.org\",\"@graph\":[{\"@type\":\"Article\",\"@id\":\"https:\/\/blog.phzh.ch\/schulfuehrung\/2022\/03\/08\/schule-im-zeitalter-der-digitalitaet-entwickeln\/#article\",\"isPartOf\":{\"@id\":\"https:\/\/blog.phzh.ch\/schulfuehrung\/2022\/03\/08\/schule-im-zeitalter-der-digitalitaet-entwickeln\/\"},\"author\":{\"name\":\"melinamaerten\",\"@id\":\"https:\/\/blog.phzh.ch\/schulfuehrung\/#\/schema\/person\/13544ff30d01e0e5f98444f0696dcefb\"},\"headline\":\"Schule im Zeitalter der Digitalit\u00e4t entwickeln\",\"datePublished\":\"2022-03-08T03:00:00+00:00\",\"dateModified\":\"2023-05-15T06:30:49+00:00\",\"mainEntityOfPage\":{\"@id\":\"https:\/\/blog.phzh.ch\/schulfuehrung\/2022\/03\/08\/schule-im-zeitalter-der-digitalitaet-entwickeln\/\"},\"wordCount\":1467,\"commentCount\":0,\"image\":{\"@id\":\"https:\/\/blog.phzh.ch\/schulfuehrung\/2022\/03\/08\/schule-im-zeitalter-der-digitalitaet-entwickeln\/#primaryimage\"},\"thumbnailUrl\":\"https:\/\/blog.phzh.ch\/schulfuehrung\/files\/2022\/03\/Schulentwicklung-digitales-Lernen.jpeg\",\"keywords\":[\"Eliane Burri\",\"Entwicklungsprozesse\",\"F\u00fchrung im digitalen Zeitalter\",\"F\u00fchrungspersonen\",\"Lehrpersonen\",\"schulentwicklung\",\"Unterricht\"],\"articleSection\":[\"Entdecken\",\"Gesamte Beitr\u00e4ge\"],\"inLanguage\":\"de\",\"potentialAction\":[{\"@type\":\"CommentAction\",\"name\":\"Comment\",\"target\":[\"https:\/\/blog.phzh.ch\/schulfuehrung\/2022\/03\/08\/schule-im-zeitalter-der-digitalitaet-entwickeln\/#respond\"]}]},{\"@type\":\"WebPage\",\"@id\":\"https:\/\/blog.phzh.ch\/schulfuehrung\/2022\/03\/08\/schule-im-zeitalter-der-digitalitaet-entwickeln\/\",\"url\":\"https:\/\/blog.phzh.ch\/schulfuehrung\/2022\/03\/08\/schule-im-zeitalter-der-digitalitaet-entwickeln\/\",\"name\":\"Schule im Zeitalter der Digitalit\u00e4t entwickeln - Schulf\u00fchrung\",\"isPartOf\":{\"@id\":\"https:\/\/blog.phzh.ch\/schulfuehrung\/#website\"},\"primaryImageOfPage\":{\"@id\":\"https:\/\/blog.phzh.ch\/schulfuehrung\/2022\/03\/08\/schule-im-zeitalter-der-digitalitaet-entwickeln\/#primaryimage\"},\"image\":{\"@id\":\"https:\/\/blog.phzh.ch\/schulfuehrung\/2022\/03\/08\/schule-im-zeitalter-der-digitalitaet-entwickeln\/#primaryimage\"},\"thumbnailUrl\":\"https:\/\/blog.phzh.ch\/schulfuehrung\/files\/2022\/03\/Schulentwicklung-digitales-Lernen.jpeg\",\"datePublished\":\"2022-03-08T03:00:00+00:00\",\"dateModified\":\"2023-05-15T06:30:49+00:00\",\"author\":{\"@id\":\"https:\/\/blog.phzh.ch\/schulfuehrung\/#\/schema\/person\/13544ff30d01e0e5f98444f0696dcefb\"},\"breadcrumb\":{\"@id\":\"https:\/\/blog.phzh.ch\/schulfuehrung\/2022\/03\/08\/schule-im-zeitalter-der-digitalitaet-entwickeln\/#breadcrumb\"},\"inLanguage\":\"de\",\"potentialAction\":[{\"@type\":\"ReadAction\",\"target\":[\"https:\/\/blog.phzh.ch\/schulfuehrung\/2022\/03\/08\/schule-im-zeitalter-der-digitalitaet-entwickeln\/\"]}]},{\"@type\":\"ImageObject\",\"inLanguage\":\"de\",\"@id\":\"https:\/\/blog.phzh.ch\/schulfuehrung\/2022\/03\/08\/schule-im-zeitalter-der-digitalitaet-entwickeln\/#primaryimage\",\"url\":\"https:\/\/blog.phzh.ch\/schulfuehrung\/files\/2022\/03\/Schulentwicklung-digitales-Lernen.jpeg\",\"contentUrl\":\"https:\/\/blog.phzh.ch\/schulfuehrung\/files\/2022\/03\/Schulentwicklung-digitales-Lernen.jpeg\",\"width\":1000,\"height\":693,\"caption\":\"Ein M\u00e4dchen macht w\u00e4hrend der Corona Krise Schularbeiten zuhause am 24.03.2020.\"},{\"@type\":\"BreadcrumbList\",\"@id\":\"https:\/\/blog.phzh.ch\/schulfuehrung\/2022\/03\/08\/schule-im-zeitalter-der-digitalitaet-entwickeln\/#breadcrumb\",\"itemListElement\":[{\"@type\":\"ListItem\",\"position\":1,\"name\":\"Startseite\",\"item\":\"https:\/\/blog.phzh.ch\/schulfuehrung\/\"},{\"@type\":\"ListItem\",\"position\":2,\"name\":\"Schule im Zeitalter der Digitalit\u00e4t entwickeln\"}]},{\"@type\":\"WebSite\",\"@id\":\"https:\/\/blog.phzh.ch\/schulfuehrung\/#website\",\"url\":\"https:\/\/blog.phzh.ch\/schulfuehrung\/\",\"name\":\"Schulf\u00fchrung\",\"description\":\"phzh.ch\/schulfuehrung\",\"potentialAction\":[{\"@type\":\"SearchAction\",\"target\":{\"@type\":\"EntryPoint\",\"urlTemplate\":\"https:\/\/blog.phzh.ch\/schulfuehrung\/?s={search_term_string}\"},\"query-input\":{\"@type\":\"PropertyValueSpecification\",\"valueRequired\":true,\"valueName\":\"search_term_string\"}}],\"inLanguage\":\"de\"},{\"@type\":\"Person\",\"@id\":\"https:\/\/blog.phzh.ch\/schulfuehrung\/#\/schema\/person\/13544ff30d01e0e5f98444f0696dcefb\",\"name\":\"melinamaerten\",\"image\":{\"@type\":\"ImageObject\",\"inLanguage\":\"de\",\"@id\":\"https:\/\/blog.phzh.ch\/schulfuehrung\/#\/schema\/person\/image\/\",\"url\":\"https:\/\/secure.gravatar.com\/avatar\/581b196899ac4a61b7e20a29f4dd52fe?s=96&d=mm&r=g\",\"contentUrl\":\"https:\/\/secure.gravatar.com\/avatar\/581b196899ac4a61b7e20a29f4dd52fe?s=96&d=mm&r=g\",\"caption\":\"melinamaerten\"},\"url\":\"https:\/\/blog.phzh.ch\/schulfuehrung\/author\/melinamaerten\/\"}]}<\/script>\n<!-- \/ Yoast SEO plugin. -->","yoast_head_json":{"title":"Schule im Zeitalter der Digitalit\u00e4t entwickeln - Schulf\u00fchrung","robots":{"index":"index","follow":"follow","max-snippet":"max-snippet:-1","max-image-preview":"max-image-preview:large","max-video-preview":"max-video-preview:-1"},"canonical":"https:\/\/blog.phzh.ch\/schulfuehrung\/2022\/03\/08\/schule-im-zeitalter-der-digitalitaet-entwickeln\/","og_locale":"de_DE","og_type":"article","og_title":"Schule im Zeitalter der Digitalit\u00e4t entwickeln - Schulf\u00fchrung","og_description":"Wie kann die Schule dazu beitragen, dass sich Kinder und Jugendliche selbstbestimmt in der digitalen Welt bewegen und die Gesellschaft mitgestalten k\u00f6nnen? Wo treffen sich analoge und digitale Aktivit\u00e4ten beim Lernen? Auf dem Weg zu einer zeitgem\u00e4ssen Schulkultur sind Funktions- und Entscheidungstr\u00e4ger:innen herausgefordert, Antworten auf komplexe Fragestellungen zu finden. Eliane Burri zeigt auf, wie Schulen &hellip; Schule im Zeitalter der Digitalit\u00e4t entwickeln weiterlesen","og_url":"https:\/\/blog.phzh.ch\/schulfuehrung\/2022\/03\/08\/schule-im-zeitalter-der-digitalitaet-entwickeln\/","og_site_name":"Schulf\u00fchrung","article_published_time":"2022-03-08T03:00:00+00:00","article_modified_time":"2023-05-15T06:30:49+00:00","og_image":[{"width":1000,"height":693,"url":"http:\/\/blog.phzh.ch\/schulfuehrung\/files\/2022\/03\/Schulentwicklung-digitales-Lernen.jpeg","type":"image\/jpeg"}],"author":"melinamaerten","twitter_card":"summary_large_image","twitter_misc":{"Verfasst von":"melinamaerten","Gesch\u00e4tzte Lesezeit":"9\u00a0Minuten"},"schema":{"@context":"https:\/\/schema.org","@graph":[{"@type":"Article","@id":"https:\/\/blog.phzh.ch\/schulfuehrung\/2022\/03\/08\/schule-im-zeitalter-der-digitalitaet-entwickeln\/#article","isPartOf":{"@id":"https:\/\/blog.phzh.ch\/schulfuehrung\/2022\/03\/08\/schule-im-zeitalter-der-digitalitaet-entwickeln\/"},"author":{"name":"melinamaerten","@id":"https:\/\/blog.phzh.ch\/schulfuehrung\/#\/schema\/person\/13544ff30d01e0e5f98444f0696dcefb"},"headline":"Schule im Zeitalter der Digitalit\u00e4t entwickeln","datePublished":"2022-03-08T03:00:00+00:00","dateModified":"2023-05-15T06:30:49+00:00","mainEntityOfPage":{"@id":"https:\/\/blog.phzh.ch\/schulfuehrung\/2022\/03\/08\/schule-im-zeitalter-der-digitalitaet-entwickeln\/"},"wordCount":1467,"commentCount":0,"image":{"@id":"https:\/\/blog.phzh.ch\/schulfuehrung\/2022\/03\/08\/schule-im-zeitalter-der-digitalitaet-entwickeln\/#primaryimage"},"thumbnailUrl":"https:\/\/blog.phzh.ch\/schulfuehrung\/files\/2022\/03\/Schulentwicklung-digitales-Lernen.jpeg","keywords":["Eliane Burri","Entwicklungsprozesse","F\u00fchrung im digitalen Zeitalter","F\u00fchrungspersonen","Lehrpersonen","schulentwicklung","Unterricht"],"articleSection":["Entdecken","Gesamte Beitr\u00e4ge"],"inLanguage":"de","potentialAction":[{"@type":"CommentAction","name":"Comment","target":["https:\/\/blog.phzh.ch\/schulfuehrung\/2022\/03\/08\/schule-im-zeitalter-der-digitalitaet-entwickeln\/#respond"]}]},{"@type":"WebPage","@id":"https:\/\/blog.phzh.ch\/schulfuehrung\/2022\/03\/08\/schule-im-zeitalter-der-digitalitaet-entwickeln\/","url":"https:\/\/blog.phzh.ch\/schulfuehrung\/2022\/03\/08\/schule-im-zeitalter-der-digitalitaet-entwickeln\/","name":"Schule im Zeitalter der Digitalit\u00e4t entwickeln - Schulf\u00fchrung","isPartOf":{"@id":"https:\/\/blog.phzh.ch\/schulfuehrung\/#website"},"primaryImageOfPage":{"@id":"https:\/\/blog.phzh.ch\/schulfuehrung\/2022\/03\/08\/schule-im-zeitalter-der-digitalitaet-entwickeln\/#primaryimage"},"image":{"@id":"https:\/\/blog.phzh.ch\/schulfuehrung\/2022\/03\/08\/schule-im-zeitalter-der-digitalitaet-entwickeln\/#primaryimage"},"thumbnailUrl":"https:\/\/blog.phzh.ch\/schulfuehrung\/files\/2022\/03\/Schulentwicklung-digitales-Lernen.jpeg","datePublished":"2022-03-08T03:00:00+00:00","dateModified":"2023-05-15T06:30:49+00:00","author":{"@id":"https:\/\/blog.phzh.ch\/schulfuehrung\/#\/schema\/person\/13544ff30d01e0e5f98444f0696dcefb"},"breadcrumb":{"@id":"https:\/\/blog.phzh.ch\/schulfuehrung\/2022\/03\/08\/schule-im-zeitalter-der-digitalitaet-entwickeln\/#breadcrumb"},"inLanguage":"de","potentialAction":[{"@type":"ReadAction","target":["https:\/\/blog.phzh.ch\/schulfuehrung\/2022\/03\/08\/schule-im-zeitalter-der-digitalitaet-entwickeln\/"]}]},{"@type":"ImageObject","inLanguage":"de","@id":"https:\/\/blog.phzh.ch\/schulfuehrung\/2022\/03\/08\/schule-im-zeitalter-der-digitalitaet-entwickeln\/#primaryimage","url":"https:\/\/blog.phzh.ch\/schulfuehrung\/files\/2022\/03\/Schulentwicklung-digitales-Lernen.jpeg","contentUrl":"https:\/\/blog.phzh.ch\/schulfuehrung\/files\/2022\/03\/Schulentwicklung-digitales-Lernen.jpeg","width":1000,"height":693,"caption":"Ein M\u00e4dchen macht w\u00e4hrend der Corona Krise Schularbeiten zuhause am 24.03.2020."},{"@type":"BreadcrumbList","@id":"https:\/\/blog.phzh.ch\/schulfuehrung\/2022\/03\/08\/schule-im-zeitalter-der-digitalitaet-entwickeln\/#breadcrumb","itemListElement":[{"@type":"ListItem","position":1,"name":"Startseite","item":"https:\/\/blog.phzh.ch\/schulfuehrung\/"},{"@type":"ListItem","position":2,"name":"Schule im Zeitalter der Digitalit\u00e4t entwickeln"}]},{"@type":"WebSite","@id":"https:\/\/blog.phzh.ch\/schulfuehrung\/#website","url":"https:\/\/blog.phzh.ch\/schulfuehrung\/","name":"Schulf\u00fchrung","description":"phzh.ch\/schulfuehrung","potentialAction":[{"@type":"SearchAction","target":{"@type":"EntryPoint","urlTemplate":"https:\/\/blog.phzh.ch\/schulfuehrung\/?s={search_term_string}"},"query-input":{"@type":"PropertyValueSpecification","valueRequired":true,"valueName":"search_term_string"}}],"inLanguage":"de"},{"@type":"Person","@id":"https:\/\/blog.phzh.ch\/schulfuehrung\/#\/schema\/person\/13544ff30d01e0e5f98444f0696dcefb","name":"melinamaerten","image":{"@type":"ImageObject","inLanguage":"de","@id":"https:\/\/blog.phzh.ch\/schulfuehrung\/#\/schema\/person\/image\/","url":"https:\/\/secure.gravatar.com\/avatar\/581b196899ac4a61b7e20a29f4dd52fe?s=96&d=mm&r=g","contentUrl":"https:\/\/secure.gravatar.com\/avatar\/581b196899ac4a61b7e20a29f4dd52fe?s=96&d=mm&r=g","caption":"melinamaerten"},"url":"https:\/\/blog.phzh.ch\/schulfuehrung\/author\/melinamaerten\/"}]}},"_links":{"self":[{"href":"https:\/\/blog.phzh.ch\/schulfuehrung\/wp-json\/wp\/v2\/posts\/3875","targetHints":{"allow":["GET"]}}],"collection":[{"href":"https:\/\/blog.phzh.ch\/schulfuehrung\/wp-json\/wp\/v2\/posts"}],"about":[{"href":"https:\/\/blog.phzh.ch\/schulfuehrung\/wp-json\/wp\/v2\/types\/post"}],"author":[{"embeddable":true,"href":"https:\/\/blog.phzh.ch\/schulfuehrung\/wp-json\/wp\/v2\/users\/1392"}],"replies":[{"embeddable":true,"href":"https:\/\/blog.phzh.ch\/schulfuehrung\/wp-json\/wp\/v2\/comments?post=3875"}],"version-history":[{"count":14,"href":"https:\/\/blog.phzh.ch\/schulfuehrung\/wp-json\/wp\/v2\/posts\/3875\/revisions"}],"predecessor-version":[{"id":4779,"href":"https:\/\/blog.phzh.ch\/schulfuehrung\/wp-json\/wp\/v2\/posts\/3875\/revisions\/4779"}],"wp:featuredmedia":[{"embeddable":true,"href":"https:\/\/blog.phzh.ch\/schulfuehrung\/wp-json\/wp\/v2\/media\/3883"}],"wp:attachment":[{"href":"https:\/\/blog.phzh.ch\/schulfuehrung\/wp-json\/wp\/v2\/media?parent=3875"}],"wp:term":[{"taxonomy":"category","embeddable":true,"href":"https:\/\/blog.phzh.ch\/schulfuehrung\/wp-json\/wp\/v2\/categories?post=3875"},{"taxonomy":"post_tag","embeddable":true,"href":"https:\/\/blog.phzh.ch\/schulfuehrung\/wp-json\/wp\/v2\/tags?post=3875"}],"curies":[{"name":"wp","href":"https:\/\/api.w.org\/{rel}","templated":true}]}}