{"id":3745,"date":"2021-12-14T04:00:00","date_gmt":"2021-12-14T03:00:00","guid":{"rendered":"https:\/\/blog.phzh.ch\/schulfuehrung\/?p=3745"},"modified":"2022-02-02T15:48:12","modified_gmt":"2022-02-02T14:48:12","slug":"hat-die-generation-alpha-das-spielen-verlernt","status":"publish","type":"post","link":"https:\/\/blog.phzh.ch\/schulfuehrung\/2021\/12\/14\/hat-die-generation-alpha-das-spielen-verlernt\/","title":{"rendered":"Hat die Generation Alpha das Spielen verlernt?"},"content":{"rendered":"\n<p><strong>Zwischen vier und acht Jahren lernen Kinder, in dem sie spielen.&nbsp;Doch wie steht es um die Lernf\u00e4higkeit der Generation Alpha, geboren in den Jahren ab 2010? Catherine Lieger ist dieser Frage nachgegangen. Eine Studie des Instituts f\u00fcr Generationenforschung in Deutschland spricht n\u00e4mlich deutliche Worte.<\/strong><\/p>\n\n\n\n<p>In der aktuellen repr\u00e4sentativen Studie des Instituts f\u00fcr Generationenforschung wurden 1.231 P\u00e4dagoginnen und P\u00e4dagogen sowie Grundschullehrer:innen betreffend ihrer Wahrnehmung \u00fcber ihre zu betreuenden Kinder befragt. Es wurden infolge 22&#8217;511 Kinder beurteilt. In der Studie zeigen 56 Prozent der 4-5-J\u00e4hrigen kein altersentsprechendes vertieftes Spielen. Bei den 6-7-J\u00e4hrigen sind es 37 Prozent.<\/p>\n\n\n\n<p>Wir stellen fest, dass viele Alpha-Kinder heute schon vier bis f\u00fcnf ausserschulische Aktivit\u00e4ten nachgehen. Viele Eltern betrachten es als vorteilhaft, ihr Kind schon fr\u00fch mit dem Erlernen eines Instruments oder einer Sportart zu f\u00f6rdern. Dazu kommt, dass die Spielzeuge immer mehr vorgefertigt sind. Geburtstagspartys werden beinahe schon professionell aufgegleist. Und wenn gerade nichts l\u00e4uft, helfen digitale Gadgets ab. Es muss alles immer besser, gr\u00f6sser, perfekter sein. Der soziale Druck steigt und der einfache Umgang mit dem Spiel verliert an Bedeutung.<\/p>\n\n\n<p><!--more--><\/p>\n\n\n<figure class=\"wp-block-gallery columns-2 is-cropped wp-block-gallery-1 is-layout-flex wp-block-gallery-is-layout-flex\"><ul class=\"blocks-gallery-grid\"><li class=\"blocks-gallery-item\"><figure><img loading=\"lazy\" decoding=\"async\" width=\"768\" height=\"1024\" src=\"http:\/\/blog.phzh.ch\/schulfuehrung\/files\/2021\/12\/Ruediger-Maas-_-Bild-2-768x1024.jpg\" alt=\"R\u00fcdiger Maas\" data-id=\"3749\" data-full-url=\"http:\/\/blog.phzh.ch\/schulfuehrung\/files\/2021\/12\/Ruediger-Maas-_-Bild-2.jpg\" data-link=\"https:\/\/blog.phzh.ch\/schulfuehrung\/?attachment_id=3749\" class=\"wp-image-3749\" srcset=\"https:\/\/blog.phzh.ch\/schulfuehrung\/files\/2021\/12\/Ruediger-Maas-_-Bild-2-768x1024.jpg 768w, https:\/\/blog.phzh.ch\/schulfuehrung\/files\/2021\/12\/Ruediger-Maas-_-Bild-2-225x300.jpg 225w, https:\/\/blog.phzh.ch\/schulfuehrung\/files\/2021\/12\/Ruediger-Maas-_-Bild-2.jpg 1000w\" sizes=\"auto, (max-width: 768px) 100vw, 768px\" \/><figcaption class=\"blocks-gallery-item__caption\">&#8222;In Deutschland gab es noch nie so viele ungl\u00fcckliche Kinder.  Wir sind es unseren Kindern schuldig, hier gegenzusteuern.&#8220; R\u00fcdiger Maas, M.Sc. Studienleiter und Generationenforscher, Dipl.-Psych.<\/figcaption><\/figure><\/li><li class=\"blocks-gallery-item\"><figure><img loading=\"lazy\" decoding=\"async\" width=\"1000\" height=\"750\" src=\"http:\/\/blog.phzh.ch\/schulfuehrung\/files\/2021\/12\/Ruediger-Maas-_-Bild-1.jpg\" alt=\"Generation Alph\" data-id=\"3750\" data-full-url=\"http:\/\/blog.phzh.ch\/schulfuehrung\/files\/2021\/12\/Ruediger-Maas-_-Bild-1.jpg\" data-link=\"https:\/\/blog.phzh.ch\/schulfuehrung\/?attachment_id=3750\" class=\"wp-image-3750\" srcset=\"https:\/\/blog.phzh.ch\/schulfuehrung\/files\/2021\/12\/Ruediger-Maas-_-Bild-1.jpg 1000w, https:\/\/blog.phzh.ch\/schulfuehrung\/files\/2021\/12\/Ruediger-Maas-_-Bild-1-300x225.jpg 300w, https:\/\/blog.phzh.ch\/schulfuehrung\/files\/2021\/12\/Ruediger-Maas-_-Bild-1-768x576.jpg 768w\" sizes=\"auto, (max-width: 1000px) 100vw, 1000px\" \/><figcaption class=\"blocks-gallery-item__caption\">Er war zu Besuch an der PH Z\u00fcrich im Rahmen des Lehrgangs CAS Spielen Plus und stellte die neue Studie vor.<\/figcaption><\/figure><\/li><\/ul><\/figure>\n\n\n\n<p><\/p>\n\n\n\n<p>An der PH Z\u00fcrich besch\u00e4ftigen wir uns intensiv damit, wie wir wirksame Lerngelegenheiten f\u00fcr 4- bis 8-J\u00e4hrige schaffen k\u00f6nnen. Viel l\u00e4uft in diesem Alter \u00fcber das Spiel. Beim Spielen werden neben den fachlichen auch die \u00fcberfachlichen Kompetenzen gest\u00e4rkt wie zum Beispiel das Schliessen von Freundschaften oder das L\u00f6sen von Konflikten. Auch im Lehrplan 2021 wurde das Spielen integriert und es wird gefordert, Zeit f\u00fcr freie Spielanlagen einzuplanen. So haben wir 2021 die Plattform <a href=\"http:\/\/spielenplus.ch\" target=\"_blank\" rel=\"noreferrer noopener\">Spielenplus<\/a> ins Leben gerufen. Hier zeigen wir konkret und mit praktischen Beispielen auf, wie Lernen gelingen kann. Die Umsetzungsm\u00f6glichkeiten von geeigneten Spielsituationen sind auf die Schule, Tagesbetreuung und die Familie ausgerichtet.<\/p>\n\n\n\n<p>Neben dem p\u00e4dagogischen Ansatz nimmt aber auch der Raum eine wichtige Rolle ein. Dieser hat eine grosse Wirkung auf die Interaktion und die Lernprozesse der Kinder. Fixe Einrichtungen von Stuhlkreisen und Tischen sieht man in Schulen leider immer noch oft. Doch diese sind nicht f\u00f6rderlich f\u00fcr die Kreativit\u00e4t und es kann dabei nichts Neues entstehen. Mit <a href=\"http:\/\/learningspaces.ch\" target=\"_blank\" rel=\"noreferrer noopener\">L<\/a><a rel=\"noreferrer noopener\" href=\"http:\/\/learningspaces.ch\" target=\"_blank\">earningspaces<\/a> schaffen wir f\u00fcr Lehrpersonen die M\u00f6glichkeit, in Form von virtuellen Touren in R\u00e4ume hineinzuschauen und deren Wirkung erfahrbar zu machen.<\/p>\n\n\n\n<p>Es ist uns ein grosses Anliegen, das einfache Spielen wieder mehr ins Zentrum zu r\u00fccken. Daf\u00fcr ist dem Kind Zeit und Raum zu lassen. Auch wenn es einmal langweilig ist. Und warum nicht einmal ein Spaziergang durch den Wald, abseits vom Weg?<\/p>\n\n\n\n<pre class=\"wp-block-preformatted\">INFOBOX\n\n<a rel=\"noreferrer noopener\" href=\"https:\/\/www.generation-thinking.de\/post\/generation-alpha-studie\" target=\"_blank\">Weitere Infos zur Studie<\/a> des Instituts f\u00fcr Generationenforschung.\nAuch das SRF hat in Bezug auf die Studie einen Beitrag ver\u00f6ffentlicht: <a rel=\"noreferrer noopener\" href=\"https:\/\/www.srf.ch\/kultur\/sorge-um-die-generation-alpha-was-laeuft-schief-bei-der-juengsten-generation\" target=\"_blank\">Sorge um Generation Alpha - Was l\u00e4uft schief bei der j\u00fcngsten Generation?<\/a>\n\nZur Ausschreibung <a rel=\"noreferrer noopener\" href=\"https:\/\/phzh.ch\/de\/Weiterbildung\/volksschule\/anlassdetail-weiterbildung-fur-volksschule\/CAS-Spielen-Plus-n144486314.html\" target=\"_blank\">CAS Spielen Plus<\/a> mit Video \u00fcber den Lehrgang.\n\nZu den <a rel=\"noreferrer noopener\" href=\"https:\/\/phzh.ch\/de\/Weiterbildung\/weiterbildungssuche\/?suchbegriff=spielen\" target=\"_blank\">Angeboten Elementarbildung<\/a> an der PH Z\u00fcrich.\n\nAm 10. M\u00e4rz 2022 findet ein Kurs zum Thema Generation Alpha statt. <a href=\"https:\/\/phzh.ch\/de\/Weiterbildung\/weiterbildungssuche\/Anlassdetail\/Generation-Alpha-n144502133.html\" target=\"_blank\" rel=\"noreferrer noopener\">Hier geht es zur Anmeldung<\/a>.<\/pre>\n\n\n\n<h2 class=\"wp-block-heading\">Zur Autorin<\/h2>\n\n\n\n<div class=\"wp-block-image\"><figure class=\"alignleft size-large is-resized\"><img decoding=\"async\" src=\"http:\/\/blog.phzh.ch\/schulfuehrung\/files\/2020\/12\/c_lieger-8090-682x1024.jpg\" alt=\"Catherine Lieger\" class=\"wp-image-2792\" width=\"127\" srcset=\"https:\/\/blog.phzh.ch\/schulfuehrung\/files\/2020\/12\/c_lieger-8090-682x1024.jpg 682w, https:\/\/blog.phzh.ch\/schulfuehrung\/files\/2020\/12\/c_lieger-8090-200x300.jpg 200w, https:\/\/blog.phzh.ch\/schulfuehrung\/files\/2020\/12\/c_lieger-8090-768x1153.jpg 768w, https:\/\/blog.phzh.ch\/schulfuehrung\/files\/2020\/12\/c_lieger-8090-1023x1536.jpg 1023w, https:\/\/blog.phzh.ch\/schulfuehrung\/files\/2020\/12\/c_lieger-8090-1364x2048.jpg 1364w, https:\/\/blog.phzh.ch\/schulfuehrung\/files\/2020\/12\/c_lieger-8090.jpg 1393w\" sizes=\"(max-width: 682px) 100vw, 682px\" \/><\/figure><\/div>\n\n\n\n<p><\/p>\n\n\n\n<p><a rel=\"noreferrer noopener\" href=\"https:\/\/phzh.ch\/personen\/catherine.lieger\" target=\"_blank\">Catherine Lieger<\/a>, Dr. phil., Leiterin Schwerpunktprogramm Elementarbildung PHZH, Dozentin und Beraterin, T\u00e4tigkeit in verschiedenen Entwicklungs- und Forschungsprojekten.<br><br><br><br><br>Redaktion: Melina Maerten<\/p>\n\n\n\n<p>Bilder: zVg<\/p>\n","protected":false},"excerpt":{"rendered":"<p>Zwischen vier und acht Jahren lernen Kinder, in dem sie spielen.&nbsp;Doch wie steht es um die Lernf\u00e4higkeit der Generation Alpha, geboren in den Jahren ab 2010? Catherine Lieger ist dieser Frage nachgegangen. Eine Studie des Instituts f\u00fcr Generationenforschung in Deutschland spricht n\u00e4mlich deutliche Worte. In der aktuellen repr\u00e4sentativen Studie des Instituts f\u00fcr Generationenforschung wurden 1.231 &hellip; <a href=\"https:\/\/blog.phzh.ch\/schulfuehrung\/2021\/12\/14\/hat-die-generation-alpha-das-spielen-verlernt\/\" class=\"more-link\"><span class=\"screen-reader-text\">Hat die Generation Alpha das Spielen verlernt?<\/span> weiterlesen<\/a><\/p>\n","protected":false},"author":1392,"featured_media":3747,"comment_status":"open","ping_status":"open","sticky":false,"template":"","format":"standard","meta":{"sfsi_plus_gutenberg_text_before_share":"","sfsi_plus_gutenberg_show_text_before_share":"","sfsi_plus_gutenberg_icon_type":"","sfsi_plus_gutenberg_icon_alignemt":"","sfsi_plus_gutenburg_max_per_row":"","footnotes":""},"categories":[107128,107309],"tags":[],"class_list":["post-3745","post","type-post","status-publish","format-standard","has-post-thumbnail","hentry","category-entdecken","category-alle-beitraege"],"yoast_head":"<!-- This site is optimized with the Yoast SEO plugin v26.8 - https:\/\/yoast.com\/product\/yoast-seo-wordpress\/ -->\n<title>Hat die Generation Alpha das Spielen verlernt? - Schulf\u00fchrung<\/title>\n<meta name=\"robots\" content=\"index, follow, max-snippet:-1, max-image-preview:large, max-video-preview:-1\" \/>\n<link rel=\"canonical\" href=\"https:\/\/blog.phzh.ch\/schulfuehrung\/2021\/12\/14\/hat-die-generation-alpha-das-spielen-verlernt\/\" \/>\n<meta property=\"og:locale\" content=\"de_DE\" \/>\n<meta property=\"og:type\" content=\"article\" \/>\n<meta property=\"og:title\" content=\"Hat die Generation Alpha das Spielen verlernt? - Schulf\u00fchrung\" \/>\n<meta property=\"og:description\" content=\"Zwischen vier und acht Jahren lernen Kinder, in dem sie spielen.&nbsp;Doch wie steht es um die Lernf\u00e4higkeit der Generation Alpha, geboren in den Jahren ab 2010? Catherine Lieger ist dieser Frage nachgegangen. Eine Studie des Instituts f\u00fcr Generationenforschung in Deutschland spricht n\u00e4mlich deutliche Worte. In der aktuellen repr\u00e4sentativen Studie des Instituts f\u00fcr Generationenforschung wurden 1.231 &hellip; Hat die Generation Alpha das Spielen verlernt? weiterlesen\" \/>\n<meta property=\"og:url\" content=\"https:\/\/blog.phzh.ch\/schulfuehrung\/2021\/12\/14\/hat-die-generation-alpha-das-spielen-verlernt\/\" \/>\n<meta property=\"og:site_name\" content=\"Schulf\u00fchrung\" \/>\n<meta property=\"article:published_time\" content=\"2021-12-14T03:00:00+00:00\" \/>\n<meta property=\"article:modified_time\" content=\"2022-02-02T14:48:12+00:00\" \/>\n<meta property=\"og:image\" content=\"http:\/\/blog.phzh.ch\/schulfuehrung\/files\/2021\/12\/Titelbild-Generation_Alpha.jpeg\" \/>\n\t<meta property=\"og:image:width\" content=\"1000\" \/>\n\t<meta property=\"og:image:height\" content=\"666\" \/>\n\t<meta property=\"og:image:type\" content=\"image\/jpeg\" \/>\n<meta name=\"author\" content=\"melinamaerten\" \/>\n<meta name=\"twitter:card\" content=\"summary_large_image\" \/>\n<meta name=\"twitter:label1\" content=\"Verfasst von\" \/>\n\t<meta name=\"twitter:data1\" content=\"melinamaerten\" \/>\n\t<meta name=\"twitter:label2\" content=\"Gesch\u00e4tzte Lesezeit\" \/>\n\t<meta name=\"twitter:data2\" content=\"3\u00a0Minuten\" \/>\n<script type=\"application\/ld+json\" class=\"yoast-schema-graph\">{\"@context\":\"https:\/\/schema.org\",\"@graph\":[{\"@type\":\"Article\",\"@id\":\"https:\/\/blog.phzh.ch\/schulfuehrung\/2021\/12\/14\/hat-die-generation-alpha-das-spielen-verlernt\/#article\",\"isPartOf\":{\"@id\":\"https:\/\/blog.phzh.ch\/schulfuehrung\/2021\/12\/14\/hat-die-generation-alpha-das-spielen-verlernt\/\"},\"author\":{\"name\":\"melinamaerten\",\"@id\":\"https:\/\/blog.phzh.ch\/schulfuehrung\/#\/schema\/person\/13544ff30d01e0e5f98444f0696dcefb\"},\"headline\":\"Hat die Generation Alpha das Spielen verlernt?\",\"datePublished\":\"2021-12-14T03:00:00+00:00\",\"dateModified\":\"2022-02-02T14:48:12+00:00\",\"mainEntityOfPage\":{\"@id\":\"https:\/\/blog.phzh.ch\/schulfuehrung\/2021\/12\/14\/hat-die-generation-alpha-das-spielen-verlernt\/\"},\"wordCount\":513,\"commentCount\":1,\"image\":{\"@id\":\"https:\/\/blog.phzh.ch\/schulfuehrung\/2021\/12\/14\/hat-die-generation-alpha-das-spielen-verlernt\/#primaryimage\"},\"thumbnailUrl\":\"https:\/\/blog.phzh.ch\/schulfuehrung\/files\/2021\/12\/Titelbild-Generation_Alpha.jpeg\",\"articleSection\":[\"Entdecken\",\"Gesamte Beitr\u00e4ge\"],\"inLanguage\":\"de\",\"potentialAction\":[{\"@type\":\"CommentAction\",\"name\":\"Comment\",\"target\":[\"https:\/\/blog.phzh.ch\/schulfuehrung\/2021\/12\/14\/hat-die-generation-alpha-das-spielen-verlernt\/#respond\"]}]},{\"@type\":\"WebPage\",\"@id\":\"https:\/\/blog.phzh.ch\/schulfuehrung\/2021\/12\/14\/hat-die-generation-alpha-das-spielen-verlernt\/\",\"url\":\"https:\/\/blog.phzh.ch\/schulfuehrung\/2021\/12\/14\/hat-die-generation-alpha-das-spielen-verlernt\/\",\"name\":\"Hat die Generation Alpha das Spielen verlernt? - Schulf\u00fchrung\",\"isPartOf\":{\"@id\":\"https:\/\/blog.phzh.ch\/schulfuehrung\/#website\"},\"primaryImageOfPage\":{\"@id\":\"https:\/\/blog.phzh.ch\/schulfuehrung\/2021\/12\/14\/hat-die-generation-alpha-das-spielen-verlernt\/#primaryimage\"},\"image\":{\"@id\":\"https:\/\/blog.phzh.ch\/schulfuehrung\/2021\/12\/14\/hat-die-generation-alpha-das-spielen-verlernt\/#primaryimage\"},\"thumbnailUrl\":\"https:\/\/blog.phzh.ch\/schulfuehrung\/files\/2021\/12\/Titelbild-Generation_Alpha.jpeg\",\"datePublished\":\"2021-12-14T03:00:00+00:00\",\"dateModified\":\"2022-02-02T14:48:12+00:00\",\"author\":{\"@id\":\"https:\/\/blog.phzh.ch\/schulfuehrung\/#\/schema\/person\/13544ff30d01e0e5f98444f0696dcefb\"},\"breadcrumb\":{\"@id\":\"https:\/\/blog.phzh.ch\/schulfuehrung\/2021\/12\/14\/hat-die-generation-alpha-das-spielen-verlernt\/#breadcrumb\"},\"inLanguage\":\"de\",\"potentialAction\":[{\"@type\":\"ReadAction\",\"target\":[\"https:\/\/blog.phzh.ch\/schulfuehrung\/2021\/12\/14\/hat-die-generation-alpha-das-spielen-verlernt\/\"]}]},{\"@type\":\"ImageObject\",\"inLanguage\":\"de\",\"@id\":\"https:\/\/blog.phzh.ch\/schulfuehrung\/2021\/12\/14\/hat-die-generation-alpha-das-spielen-verlernt\/#primaryimage\",\"url\":\"https:\/\/blog.phzh.ch\/schulfuehrung\/files\/2021\/12\/Titelbild-Generation_Alpha.jpeg\",\"contentUrl\":\"https:\/\/blog.phzh.ch\/schulfuehrung\/files\/2021\/12\/Titelbild-Generation_Alpha.jpeg\",\"width\":1000,\"height\":666,\"caption\":\"Generation Alpha\"},{\"@type\":\"BreadcrumbList\",\"@id\":\"https:\/\/blog.phzh.ch\/schulfuehrung\/2021\/12\/14\/hat-die-generation-alpha-das-spielen-verlernt\/#breadcrumb\",\"itemListElement\":[{\"@type\":\"ListItem\",\"position\":1,\"name\":\"Startseite\",\"item\":\"https:\/\/blog.phzh.ch\/schulfuehrung\/\"},{\"@type\":\"ListItem\",\"position\":2,\"name\":\"Hat die Generation Alpha das Spielen verlernt?\"}]},{\"@type\":\"WebSite\",\"@id\":\"https:\/\/blog.phzh.ch\/schulfuehrung\/#website\",\"url\":\"https:\/\/blog.phzh.ch\/schulfuehrung\/\",\"name\":\"Schulf\u00fchrung\",\"description\":\"phzh.ch\/schulfuehrung\",\"potentialAction\":[{\"@type\":\"SearchAction\",\"target\":{\"@type\":\"EntryPoint\",\"urlTemplate\":\"https:\/\/blog.phzh.ch\/schulfuehrung\/?s={search_term_string}\"},\"query-input\":{\"@type\":\"PropertyValueSpecification\",\"valueRequired\":true,\"valueName\":\"search_term_string\"}}],\"inLanguage\":\"de\"},{\"@type\":\"Person\",\"@id\":\"https:\/\/blog.phzh.ch\/schulfuehrung\/#\/schema\/person\/13544ff30d01e0e5f98444f0696dcefb\",\"name\":\"melinamaerten\",\"image\":{\"@type\":\"ImageObject\",\"inLanguage\":\"de\",\"@id\":\"https:\/\/blog.phzh.ch\/schulfuehrung\/#\/schema\/person\/image\/\",\"url\":\"https:\/\/secure.gravatar.com\/avatar\/581b196899ac4a61b7e20a29f4dd52fe?s=96&d=mm&r=g\",\"contentUrl\":\"https:\/\/secure.gravatar.com\/avatar\/581b196899ac4a61b7e20a29f4dd52fe?s=96&d=mm&r=g\",\"caption\":\"melinamaerten\"},\"url\":\"https:\/\/blog.phzh.ch\/schulfuehrung\/author\/melinamaerten\/\"}]}<\/script>\n<!-- \/ Yoast SEO plugin. -->","yoast_head_json":{"title":"Hat die Generation Alpha das Spielen verlernt? - Schulf\u00fchrung","robots":{"index":"index","follow":"follow","max-snippet":"max-snippet:-1","max-image-preview":"max-image-preview:large","max-video-preview":"max-video-preview:-1"},"canonical":"https:\/\/blog.phzh.ch\/schulfuehrung\/2021\/12\/14\/hat-die-generation-alpha-das-spielen-verlernt\/","og_locale":"de_DE","og_type":"article","og_title":"Hat die Generation Alpha das Spielen verlernt? - Schulf\u00fchrung","og_description":"Zwischen vier und acht Jahren lernen Kinder, in dem sie spielen.&nbsp;Doch wie steht es um die Lernf\u00e4higkeit der Generation Alpha, geboren in den Jahren ab 2010? Catherine Lieger ist dieser Frage nachgegangen. Eine Studie des Instituts f\u00fcr Generationenforschung in Deutschland spricht n\u00e4mlich deutliche Worte. In der aktuellen repr\u00e4sentativen Studie des Instituts f\u00fcr Generationenforschung wurden 1.231 &hellip; Hat die Generation Alpha das Spielen verlernt? weiterlesen","og_url":"https:\/\/blog.phzh.ch\/schulfuehrung\/2021\/12\/14\/hat-die-generation-alpha-das-spielen-verlernt\/","og_site_name":"Schulf\u00fchrung","article_published_time":"2021-12-14T03:00:00+00:00","article_modified_time":"2022-02-02T14:48:12+00:00","og_image":[{"width":1000,"height":666,"url":"http:\/\/blog.phzh.ch\/schulfuehrung\/files\/2021\/12\/Titelbild-Generation_Alpha.jpeg","type":"image\/jpeg"}],"author":"melinamaerten","twitter_card":"summary_large_image","twitter_misc":{"Verfasst von":"melinamaerten","Gesch\u00e4tzte Lesezeit":"3\u00a0Minuten"},"schema":{"@context":"https:\/\/schema.org","@graph":[{"@type":"Article","@id":"https:\/\/blog.phzh.ch\/schulfuehrung\/2021\/12\/14\/hat-die-generation-alpha-das-spielen-verlernt\/#article","isPartOf":{"@id":"https:\/\/blog.phzh.ch\/schulfuehrung\/2021\/12\/14\/hat-die-generation-alpha-das-spielen-verlernt\/"},"author":{"name":"melinamaerten","@id":"https:\/\/blog.phzh.ch\/schulfuehrung\/#\/schema\/person\/13544ff30d01e0e5f98444f0696dcefb"},"headline":"Hat die Generation Alpha das Spielen verlernt?","datePublished":"2021-12-14T03:00:00+00:00","dateModified":"2022-02-02T14:48:12+00:00","mainEntityOfPage":{"@id":"https:\/\/blog.phzh.ch\/schulfuehrung\/2021\/12\/14\/hat-die-generation-alpha-das-spielen-verlernt\/"},"wordCount":513,"commentCount":1,"image":{"@id":"https:\/\/blog.phzh.ch\/schulfuehrung\/2021\/12\/14\/hat-die-generation-alpha-das-spielen-verlernt\/#primaryimage"},"thumbnailUrl":"https:\/\/blog.phzh.ch\/schulfuehrung\/files\/2021\/12\/Titelbild-Generation_Alpha.jpeg","articleSection":["Entdecken","Gesamte Beitr\u00e4ge"],"inLanguage":"de","potentialAction":[{"@type":"CommentAction","name":"Comment","target":["https:\/\/blog.phzh.ch\/schulfuehrung\/2021\/12\/14\/hat-die-generation-alpha-das-spielen-verlernt\/#respond"]}]},{"@type":"WebPage","@id":"https:\/\/blog.phzh.ch\/schulfuehrung\/2021\/12\/14\/hat-die-generation-alpha-das-spielen-verlernt\/","url":"https:\/\/blog.phzh.ch\/schulfuehrung\/2021\/12\/14\/hat-die-generation-alpha-das-spielen-verlernt\/","name":"Hat die Generation Alpha das Spielen verlernt? - Schulf\u00fchrung","isPartOf":{"@id":"https:\/\/blog.phzh.ch\/schulfuehrung\/#website"},"primaryImageOfPage":{"@id":"https:\/\/blog.phzh.ch\/schulfuehrung\/2021\/12\/14\/hat-die-generation-alpha-das-spielen-verlernt\/#primaryimage"},"image":{"@id":"https:\/\/blog.phzh.ch\/schulfuehrung\/2021\/12\/14\/hat-die-generation-alpha-das-spielen-verlernt\/#primaryimage"},"thumbnailUrl":"https:\/\/blog.phzh.ch\/schulfuehrung\/files\/2021\/12\/Titelbild-Generation_Alpha.jpeg","datePublished":"2021-12-14T03:00:00+00:00","dateModified":"2022-02-02T14:48:12+00:00","author":{"@id":"https:\/\/blog.phzh.ch\/schulfuehrung\/#\/schema\/person\/13544ff30d01e0e5f98444f0696dcefb"},"breadcrumb":{"@id":"https:\/\/blog.phzh.ch\/schulfuehrung\/2021\/12\/14\/hat-die-generation-alpha-das-spielen-verlernt\/#breadcrumb"},"inLanguage":"de","potentialAction":[{"@type":"ReadAction","target":["https:\/\/blog.phzh.ch\/schulfuehrung\/2021\/12\/14\/hat-die-generation-alpha-das-spielen-verlernt\/"]}]},{"@type":"ImageObject","inLanguage":"de","@id":"https:\/\/blog.phzh.ch\/schulfuehrung\/2021\/12\/14\/hat-die-generation-alpha-das-spielen-verlernt\/#primaryimage","url":"https:\/\/blog.phzh.ch\/schulfuehrung\/files\/2021\/12\/Titelbild-Generation_Alpha.jpeg","contentUrl":"https:\/\/blog.phzh.ch\/schulfuehrung\/files\/2021\/12\/Titelbild-Generation_Alpha.jpeg","width":1000,"height":666,"caption":"Generation Alpha"},{"@type":"BreadcrumbList","@id":"https:\/\/blog.phzh.ch\/schulfuehrung\/2021\/12\/14\/hat-die-generation-alpha-das-spielen-verlernt\/#breadcrumb","itemListElement":[{"@type":"ListItem","position":1,"name":"Startseite","item":"https:\/\/blog.phzh.ch\/schulfuehrung\/"},{"@type":"ListItem","position":2,"name":"Hat die Generation Alpha das Spielen verlernt?"}]},{"@type":"WebSite","@id":"https:\/\/blog.phzh.ch\/schulfuehrung\/#website","url":"https:\/\/blog.phzh.ch\/schulfuehrung\/","name":"Schulf\u00fchrung","description":"phzh.ch\/schulfuehrung","potentialAction":[{"@type":"SearchAction","target":{"@type":"EntryPoint","urlTemplate":"https:\/\/blog.phzh.ch\/schulfuehrung\/?s={search_term_string}"},"query-input":{"@type":"PropertyValueSpecification","valueRequired":true,"valueName":"search_term_string"}}],"inLanguage":"de"},{"@type":"Person","@id":"https:\/\/blog.phzh.ch\/schulfuehrung\/#\/schema\/person\/13544ff30d01e0e5f98444f0696dcefb","name":"melinamaerten","image":{"@type":"ImageObject","inLanguage":"de","@id":"https:\/\/blog.phzh.ch\/schulfuehrung\/#\/schema\/person\/image\/","url":"https:\/\/secure.gravatar.com\/avatar\/581b196899ac4a61b7e20a29f4dd52fe?s=96&d=mm&r=g","contentUrl":"https:\/\/secure.gravatar.com\/avatar\/581b196899ac4a61b7e20a29f4dd52fe?s=96&d=mm&r=g","caption":"melinamaerten"},"url":"https:\/\/blog.phzh.ch\/schulfuehrung\/author\/melinamaerten\/"}]}},"_links":{"self":[{"href":"https:\/\/blog.phzh.ch\/schulfuehrung\/wp-json\/wp\/v2\/posts\/3745","targetHints":{"allow":["GET"]}}],"collection":[{"href":"https:\/\/blog.phzh.ch\/schulfuehrung\/wp-json\/wp\/v2\/posts"}],"about":[{"href":"https:\/\/blog.phzh.ch\/schulfuehrung\/wp-json\/wp\/v2\/types\/post"}],"author":[{"embeddable":true,"href":"https:\/\/blog.phzh.ch\/schulfuehrung\/wp-json\/wp\/v2\/users\/1392"}],"replies":[{"embeddable":true,"href":"https:\/\/blog.phzh.ch\/schulfuehrung\/wp-json\/wp\/v2\/comments?post=3745"}],"version-history":[{"count":14,"href":"https:\/\/blog.phzh.ch\/schulfuehrung\/wp-json\/wp\/v2\/posts\/3745\/revisions"}],"predecessor-version":[{"id":3844,"href":"https:\/\/blog.phzh.ch\/schulfuehrung\/wp-json\/wp\/v2\/posts\/3745\/revisions\/3844"}],"wp:featuredmedia":[{"embeddable":true,"href":"https:\/\/blog.phzh.ch\/schulfuehrung\/wp-json\/wp\/v2\/media\/3747"}],"wp:attachment":[{"href":"https:\/\/blog.phzh.ch\/schulfuehrung\/wp-json\/wp\/v2\/media?parent=3745"}],"wp:term":[{"taxonomy":"category","embeddable":true,"href":"https:\/\/blog.phzh.ch\/schulfuehrung\/wp-json\/wp\/v2\/categories?post=3745"},{"taxonomy":"post_tag","embeddable":true,"href":"https:\/\/blog.phzh.ch\/schulfuehrung\/wp-json\/wp\/v2\/tags?post=3745"}],"curies":[{"name":"wp","href":"https:\/\/api.w.org\/{rel}","templated":true}]}}