{"id":3623,"date":"2021-11-23T04:00:00","date_gmt":"2021-11-23T03:00:00","guid":{"rendered":"https:\/\/blog.phzh.ch\/schulfuehrung\/?p=3623"},"modified":"2021-11-23T08:51:31","modified_gmt":"2021-11-23T07:51:31","slug":"die-doppelte-paedagogische-verantwortung","status":"publish","type":"post","link":"https:\/\/blog.phzh.ch\/schulfuehrung\/2021\/11\/23\/die-doppelte-paedagogische-verantwortung\/","title":{"rendered":"Die doppelte p\u00e4dagogische Verantwortung"},"content":{"rendered":"\n<p><strong>Die Zukunft kann niemand voraussehen. Die Corona-Krise hat dies verdeutlicht. Gerade deshalb ist es wichtig, dass wir Erwachsenen jetzt Verantwortung \u00fcbernehmen und den jungen Menschen etwas zeigen. Auf dem Weg in eine neue konstruktive Zone gilt deshalb, die erg\u00e4nzende H\u00e4lfte der MINT-F\u00e4cher (Mathematik, Informatik, Naturwissenschaften und Technik) zu etablieren. Thomas Marti mit dem 2. Beitrag.<\/strong><\/p>\n\n\n\n<p><strong>Teil 2: Mit der Karte unterwegs<\/strong><\/p>\n\n\n\n<p>R\u00fcckblickend auf den <a href=\"https:\/\/blog.phzh.ch\/schulfuehrung\/2021\/11\/09\/die-neue-krise-der-erziehung\/\" target=\"_blank\" rel=\"noreferrer noopener\">ersten Teil<\/a> meines Beitrages und der Beschreibung der drei Hauptpunkte der \u00abKrise der Erziehung\u00bb von Hannah Arendt, sind wir bei der aktuellen Diskussion \u00fcber die Schule und deren Zukunft angelangt: bei den Bildern von spielenden Kindern in der Schule und einer gewissen Verzerrung des Diskurses \u00fcber Bildung. Verantwortung zu \u00fcbernehmen heisst nach Arendt, das Kind vor der Welt zu sch\u00fctzen und gleichzeitig die Welt vor dem Kind zu sch\u00fctzen.<\/p>\n\n\n\n<p>Diese doppelte p\u00e4dagogische Verantwortung beschreibt Arendt folgendermassen: \u00abDas Kind bedarf einer besonderen H\u00fctung und Pflege, damit ihm nichts von der Welt her geschieht, was es zerst\u00f6ren k\u00f6nnte. Aber auch die Welt bedarf eines Schutzes, damit sie von dem Ansturm des Neuen, das auf sie mit jeder neuen Generation einst\u00fcrmt, nicht \u00fcberrannt und zerst\u00f6rt werde.\u00bb<\/p>\n\n\n\n<p><strong>Jungen Menschen etwas zeigen<\/strong><\/p>\n\n\n<p><!--more--><\/p>\n\n\n<p>Verantwortung zu \u00fcbernehmen heisst nicht, die Kinder und Jugendlichen in den Fokus zu stellen und sie als die Zukunftstr\u00e4ger schlechthin darzustellen. Wir alle leben gleichzeitig im Jetzt. Verantwortung als der Entscheid etwas zu tun oder nicht zu tun, sollte f\u00fcr uns Erwachsenen heissen, im Hier und Jetzt den jungen Menschen etwas zu zeigen und nicht nur, wie sie selbst lernen k\u00f6nnen, was sie lernen m\u00fcssen. Es ist und bleibt ein Fakt, dass die allermeisten Erfahrungen, die Menschen machen, nicht selbst gew\u00e4hlt sind.<\/p>\n\n\n\n<p><strong>Moralischer Fortschritt und die erg\u00e4nzende H\u00e4lfte von MINT<\/strong><\/p>\n\n\n\n<p>Es gilt zu erkennen, dass der naturwissenschaftlich-technologische Fortschritt gleichberechtigt einhergehen muss mit einem moralischen Fortschritt. G\u00fcnther Anders hat dies bereits im letzten Jahrhundert klargesehen und treffend formuliert, indem er f\u00fcr die Weltsituation diagnostizierte: \u00abDie drei Hauptthesen: dass wir der Perfektion unserer Produkte nicht gewachsen sind; dass wir mehr herstellen als vorstellen und verantworten k\u00f6nnen; und dass wir glauben, das, was wir k\u00f6nnen, auch zu d\u00fcrfen, nein: zu sollen, nein: zu m\u00fcssen(\u2026).\u00bb<\/p>\n\n\n\n<p>Dies verlangt meiner Ansicht nach auf schulischer Ebene eine gleichberechtigte Erg\u00e4nzung der MINT-Bem\u00fchungen mit ethisch-moralischen Perspektiven, aus denen moralischer Fortschritt entsteht. Aber dieser moralische Fortschritt entsteht nicht automatisch und auch nicht als Folge von technologischem Fortschritt und Innovation.<\/p>\n\n\n\n<p><strong>Die neue konstruktive Zone<\/strong><\/p>\n\n\n\n<p>Eine neue konstruktive Zone ist nur dort, wo sich MINT, Ethik und Moral, Wirtschaft und Zivilgesellschaft treffen und einen L\u00f6sungsraum schaffen, der deutlich gr\u00f6sser ist als der Problemraum.<\/p>\n\n\n\n<p>Der Philosoph Markus Gabriel formuliert diesen Sachverhalt treffend: \u00abEs ist dringend notwendig, dass wir die Kr\u00e4fte und Erkenntnisse der verschiedenen Disziplinen der Natur-, Techno-, Geistes- und Sozialwissenschaften b\u00fcndeln und auf die alles entscheidende Frage fokussieren, wer wir als Menschen sind und wer wir sein wollen.\u00bb Erneut taucht hier die doppelte p\u00e4dagogische Verantwortung von Bildung und mithin auch der Lehrerausbildung auf!<\/p>\n\n\n\n<p>Wir sollten uns den ideologisch verkl\u00e4rten Bildungsdiskursen l\u00f6sen, die in tendenziell leeren Begriffen gef\u00fchrt werden. Weder ist der Mensch von hierarchischen und heteronomen Formen des Lehrens und Lernens abh\u00e4ngig, noch ist der Mensch die zarte Pflanze, die sich bei gen\u00fcgend Wasser von selbst entwickelt.<\/p>\n\n\n\n<p>Die neue konstruktive Zone ist eine Zone der Verantwortung von uns Erwachsenen. Wir d\u00fcrfen uns nicht l\u00e4nger aus der Verantwortung ziehen und jungen Menschen nur noch zeigen, wie sie Lernen sollen, wir m\u00fcssen uns einig werden in dem, was wir ihnen zeigen wollen.<\/p>\n\n\n\n<p>Zu lange haben wir in Zonen der Knappheit und des \u00dcberschusses gelebt, zu lange in den Steilh\u00e4ngen gebaut, gedacht und gehandelt. Zu lange haben wir uns auf das Prinzip der egoistischen Selbstbehauptung fokussiert und den entsprechenden Wohlstand konsumiert und dabei das Kooperationspotenzial des Menschen vernachl\u00e4ssigt.<\/p>\n\n\n\n<p>Die neue konstruktive Zone hat keine fest definierten \u00dcberg\u00e4nge, aber es gilt sie zu bestimmen, neu zu etablieren und zu kultivieren. Es ist von Bedeutung, die neue konstruktive Zone vom beratungsindustriellen Schlaraffenlandnarrativ zu befreien: Sie ist regenerativ und distributiv.<\/p>\n\n\n\n<h2 class=\"wp-block-heading\">Zum Autor<\/h2>\n\n\n\n<div class=\"wp-block-image\"><figure class=\"alignleft size-large is-resized\"><img decoding=\"async\" src=\"http:\/\/blog.phzh.ch\/schulfuehrung\/files\/2021\/11\/Portraetfoto-Thomas-Marti.jpg\" alt=\"Thomas Marti\" class=\"wp-image-3594\" width=\"127\" srcset=\"https:\/\/blog.phzh.ch\/schulfuehrung\/files\/2021\/11\/Portraetfoto-Thomas-Marti.jpg 480w, https:\/\/blog.phzh.ch\/schulfuehrung\/files\/2021\/11\/Portraetfoto-Thomas-Marti-229x300.jpg 229w\" sizes=\"(max-width: 480px) 100vw, 480px\" \/><\/figure><\/div>\n\n\n\n<p><a href=\"http:\/\/linkedin.com\/in\/thomas-marti-506b67a0\" target=\"_blank\" rel=\"noreferrer noopener\">Thomas Marti<\/a> hat Soziologie, Philosophie und Volkswirtschaft studiert. Zudem ist er ausgebildete Lehrperson f\u00fcr Allgemeinbildenden Unterricht und Schulleiter. Er arbeitet in Teilzeitpensen als Schulleiter an der Schule St.Peter (Gemeinde Arosa) und an der <a href=\"https:\/\/www.giuvaulta.ch\/praktische-ausbildung.html\" target=\"_blank\" rel=\"noreferrer noopener\">Berufsschule PrA Graub\u00fcnden<\/a>. Sein Projekt <a href=\"http:\/\/www.zeitbildung.ch\" target=\"_blank\" rel=\"noreferrer noopener\">ZeitBildung<\/a> bietet Unterst\u00fctzung auf der Passage zu moralischem Fortschritt in einer Neuen konstruktiven Zone und baut Br\u00fccken zwischen dem \u00abImmer und \u00dcberall \u00bb und dem \u00abHier und Jetzt. \u00bb<\/p>\n\n\n\n<p><strong>Literatur:<\/strong><\/p>\n\n\n\n<p><strong>Anders, G\u00fc<\/strong><strong>nther<\/strong>, Die Antiquiertheit des Menschen. \u00dcber die Seele im Zeitalter der zweiten industriellen Revolution, M\u00fcnchen,1987.<\/p>\n\n\n\n<p><strong>Arendt, Hannah<\/strong>, Die Krise der Erziehung, 1958. <a href=\"https:\/\/homepage.univie.ac.at\/henning.schluss\/seminare\/032-Bildung-Politik-Wien\/texte\/007-Arendt-Krise-in-der-Erziehung.PDF\" target=\"_blank\" rel=\"noreferrer noopener\">Hier verf\u00fcgbar<\/a>.<\/p>\n\n\n\n<p><strong>Brinkmann, Svend<\/strong>, Pfeif drauf! Schluss mit dem Selbstoptimierungswahn. M\u00fcnchen 2018.<\/p>\n\n\n\n<p><strong>Gabriel, Markus<\/strong>, Moralischer Fortschritt in dunklen Zeiten. Universale Werte f\u00fcr das 21. Jahrhundert, Berlin, 2020.<\/p>\n\n\n\n<p><strong>Reichenbach, Roland<\/strong>, Schule, Bildung und Reform \u2013 Roland Reichenbach im Gespr\u00e4ch, Sternstunde Philosophie vom 02.07.20215. <a rel=\"noreferrer noopener\" href=\"https:\/\/www.youtube.com\/watch?v=RmNRrG8jZww\" target=\"_blank\">Hier anschauen<\/a>.<\/p>\n\n\n\n<p>Redaktion: Melina Maerten<\/p>\n\n\n\n<p>Titelbild: zVg<\/p>\n","protected":false},"excerpt":{"rendered":"<p>Die Zukunft kann niemand voraussehen. Die Corona-Krise hat dies verdeutlicht. Gerade deshalb ist es wichtig, dass wir Erwachsenen jetzt Verantwortung \u00fcbernehmen und den jungen Menschen etwas zeigen. Auf dem Weg in eine neue konstruktive Zone gilt deshalb, die erg\u00e4nzende H\u00e4lfte der MINT-F\u00e4cher (Mathematik, Informatik, Naturwissenschaften und Technik) zu etablieren. Thomas Marti mit dem 2. Beitrag. &hellip; <a href=\"https:\/\/blog.phzh.ch\/schulfuehrung\/2021\/11\/23\/die-doppelte-paedagogische-verantwortung\/\" class=\"more-link\"><span class=\"screen-reader-text\">Die doppelte p\u00e4dagogische Verantwortung<\/span> weiterlesen<\/a><\/p>\n","protected":false},"author":1392,"featured_media":3590,"comment_status":"open","ping_status":"open","sticky":false,"template":"","format":"standard","meta":{"sfsi_plus_gutenberg_text_before_share":"","sfsi_plus_gutenberg_show_text_before_share":"","sfsi_plus_gutenberg_icon_type":"","sfsi_plus_gutenberg_icon_alignemt":"","sfsi_plus_gutenburg_max_per_row":"","footnotes":""},"categories":[107128,107309],"tags":[45767,4174,4186,109574,19965,78970,109573],"class_list":["post-3623","post","type-post","status-publish","format-standard","has-post-thumbnail","hentry","category-entdecken","category-alle-beitraege","tag-bildung","tag-kinder","tag-lehrpersonen","tag-paedagogische-verantwortung","tag-schule","tag-schulfuehrung","tag-thomas-marti"],"yoast_head":"<!-- This site is optimized with the Yoast SEO plugin v26.8 - https:\/\/yoast.com\/product\/yoast-seo-wordpress\/ -->\n<title>Die doppelte p\u00e4dagogische Verantwortung - Schulf\u00fchrung<\/title>\n<meta name=\"robots\" content=\"index, follow, max-snippet:-1, max-image-preview:large, max-video-preview:-1\" \/>\n<link rel=\"canonical\" href=\"https:\/\/blog.phzh.ch\/schulfuehrung\/2021\/11\/23\/die-doppelte-paedagogische-verantwortung\/\" \/>\n<meta property=\"og:locale\" content=\"de_DE\" \/>\n<meta property=\"og:type\" content=\"article\" \/>\n<meta property=\"og:title\" content=\"Die doppelte p\u00e4dagogische Verantwortung - Schulf\u00fchrung\" \/>\n<meta property=\"og:description\" content=\"Die Zukunft kann niemand voraussehen. Die Corona-Krise hat dies verdeutlicht. Gerade deshalb ist es wichtig, dass wir Erwachsenen jetzt Verantwortung \u00fcbernehmen und den jungen Menschen etwas zeigen. Auf dem Weg in eine neue konstruktive Zone gilt deshalb, die erg\u00e4nzende H\u00e4lfte der MINT-F\u00e4cher (Mathematik, Informatik, Naturwissenschaften und Technik) zu etablieren. Thomas Marti mit dem 2. Beitrag. &hellip; Die doppelte p\u00e4dagogische Verantwortung weiterlesen\" \/>\n<meta property=\"og:url\" content=\"https:\/\/blog.phzh.ch\/schulfuehrung\/2021\/11\/23\/die-doppelte-paedagogische-verantwortung\/\" \/>\n<meta property=\"og:site_name\" content=\"Schulf\u00fchrung\" \/>\n<meta property=\"article:published_time\" content=\"2021-11-23T03:00:00+00:00\" \/>\n<meta property=\"article:modified_time\" content=\"2021-11-23T07:51:31+00:00\" \/>\n<meta property=\"og:image\" content=\"http:\/\/blog.phzh.ch\/schulfuehrung\/files\/2021\/11\/Titelbild-doppelte-Verantwortung-thomas-Marti.jpg\" \/>\n\t<meta property=\"og:image:width\" content=\"640\" \/>\n\t<meta property=\"og:image:height\" content=\"480\" \/>\n\t<meta property=\"og:image:type\" content=\"image\/jpeg\" \/>\n<meta name=\"author\" content=\"melinamaerten\" \/>\n<meta name=\"twitter:card\" content=\"summary_large_image\" \/>\n<meta name=\"twitter:label1\" content=\"Verfasst von\" \/>\n\t<meta name=\"twitter:data1\" content=\"melinamaerten\" \/>\n\t<meta name=\"twitter:label2\" content=\"Gesch\u00e4tzte Lesezeit\" \/>\n\t<meta name=\"twitter:data2\" content=\"4\u00a0Minuten\" \/>\n<script type=\"application\/ld+json\" class=\"yoast-schema-graph\">{\"@context\":\"https:\/\/schema.org\",\"@graph\":[{\"@type\":\"Article\",\"@id\":\"https:\/\/blog.phzh.ch\/schulfuehrung\/2021\/11\/23\/die-doppelte-paedagogische-verantwortung\/#article\",\"isPartOf\":{\"@id\":\"https:\/\/blog.phzh.ch\/schulfuehrung\/2021\/11\/23\/die-doppelte-paedagogische-verantwortung\/\"},\"author\":{\"name\":\"melinamaerten\",\"@id\":\"https:\/\/blog.phzh.ch\/schulfuehrung\/#\/schema\/person\/13544ff30d01e0e5f98444f0696dcefb\"},\"headline\":\"Die doppelte p\u00e4dagogische Verantwortung\",\"datePublished\":\"2021-11-23T03:00:00+00:00\",\"dateModified\":\"2021-11-23T07:51:31+00:00\",\"mainEntityOfPage\":{\"@id\":\"https:\/\/blog.phzh.ch\/schulfuehrung\/2021\/11\/23\/die-doppelte-paedagogische-verantwortung\/\"},\"wordCount\":844,\"commentCount\":0,\"image\":{\"@id\":\"https:\/\/blog.phzh.ch\/schulfuehrung\/2021\/11\/23\/die-doppelte-paedagogische-verantwortung\/#primaryimage\"},\"thumbnailUrl\":\"https:\/\/blog.phzh.ch\/schulfuehrung\/files\/2021\/11\/Titelbild-doppelte-Verantwortung-thomas-Marti.jpg\",\"keywords\":[\"Bildung\",\"Kinder\",\"Lehrpersonen\",\"p\u00e4dagogische Verantwortung\",\"Schule\",\"Schulf\u00fchrung\",\"Thomas Marti\"],\"articleSection\":[\"Entdecken\",\"Gesamte Beitr\u00e4ge\"],\"inLanguage\":\"de\",\"potentialAction\":[{\"@type\":\"CommentAction\",\"name\":\"Comment\",\"target\":[\"https:\/\/blog.phzh.ch\/schulfuehrung\/2021\/11\/23\/die-doppelte-paedagogische-verantwortung\/#respond\"]}]},{\"@type\":\"WebPage\",\"@id\":\"https:\/\/blog.phzh.ch\/schulfuehrung\/2021\/11\/23\/die-doppelte-paedagogische-verantwortung\/\",\"url\":\"https:\/\/blog.phzh.ch\/schulfuehrung\/2021\/11\/23\/die-doppelte-paedagogische-verantwortung\/\",\"name\":\"Die doppelte p\u00e4dagogische Verantwortung - Schulf\u00fchrung\",\"isPartOf\":{\"@id\":\"https:\/\/blog.phzh.ch\/schulfuehrung\/#website\"},\"primaryImageOfPage\":{\"@id\":\"https:\/\/blog.phzh.ch\/schulfuehrung\/2021\/11\/23\/die-doppelte-paedagogische-verantwortung\/#primaryimage\"},\"image\":{\"@id\":\"https:\/\/blog.phzh.ch\/schulfuehrung\/2021\/11\/23\/die-doppelte-paedagogische-verantwortung\/#primaryimage\"},\"thumbnailUrl\":\"https:\/\/blog.phzh.ch\/schulfuehrung\/files\/2021\/11\/Titelbild-doppelte-Verantwortung-thomas-Marti.jpg\",\"datePublished\":\"2021-11-23T03:00:00+00:00\",\"dateModified\":\"2021-11-23T07:51:31+00:00\",\"author\":{\"@id\":\"https:\/\/blog.phzh.ch\/schulfuehrung\/#\/schema\/person\/13544ff30d01e0e5f98444f0696dcefb\"},\"breadcrumb\":{\"@id\":\"https:\/\/blog.phzh.ch\/schulfuehrung\/2021\/11\/23\/die-doppelte-paedagogische-verantwortung\/#breadcrumb\"},\"inLanguage\":\"de\",\"potentialAction\":[{\"@type\":\"ReadAction\",\"target\":[\"https:\/\/blog.phzh.ch\/schulfuehrung\/2021\/11\/23\/die-doppelte-paedagogische-verantwortung\/\"]}]},{\"@type\":\"ImageObject\",\"inLanguage\":\"de\",\"@id\":\"https:\/\/blog.phzh.ch\/schulfuehrung\/2021\/11\/23\/die-doppelte-paedagogische-verantwortung\/#primaryimage\",\"url\":\"https:\/\/blog.phzh.ch\/schulfuehrung\/files\/2021\/11\/Titelbild-doppelte-Verantwortung-thomas-Marti.jpg\",\"contentUrl\":\"https:\/\/blog.phzh.ch\/schulfuehrung\/files\/2021\/11\/Titelbild-doppelte-Verantwortung-thomas-Marti.jpg\",\"width\":640,\"height\":480,\"caption\":\"Thomas Marti\"},{\"@type\":\"BreadcrumbList\",\"@id\":\"https:\/\/blog.phzh.ch\/schulfuehrung\/2021\/11\/23\/die-doppelte-paedagogische-verantwortung\/#breadcrumb\",\"itemListElement\":[{\"@type\":\"ListItem\",\"position\":1,\"name\":\"Startseite\",\"item\":\"https:\/\/blog.phzh.ch\/schulfuehrung\/\"},{\"@type\":\"ListItem\",\"position\":2,\"name\":\"Die doppelte p\u00e4dagogische Verantwortung\"}]},{\"@type\":\"WebSite\",\"@id\":\"https:\/\/blog.phzh.ch\/schulfuehrung\/#website\",\"url\":\"https:\/\/blog.phzh.ch\/schulfuehrung\/\",\"name\":\"Schulf\u00fchrung\",\"description\":\"phzh.ch\/schulfuehrung\",\"potentialAction\":[{\"@type\":\"SearchAction\",\"target\":{\"@type\":\"EntryPoint\",\"urlTemplate\":\"https:\/\/blog.phzh.ch\/schulfuehrung\/?s={search_term_string}\"},\"query-input\":{\"@type\":\"PropertyValueSpecification\",\"valueRequired\":true,\"valueName\":\"search_term_string\"}}],\"inLanguage\":\"de\"},{\"@type\":\"Person\",\"@id\":\"https:\/\/blog.phzh.ch\/schulfuehrung\/#\/schema\/person\/13544ff30d01e0e5f98444f0696dcefb\",\"name\":\"melinamaerten\",\"image\":{\"@type\":\"ImageObject\",\"inLanguage\":\"de\",\"@id\":\"https:\/\/blog.phzh.ch\/schulfuehrung\/#\/schema\/person\/image\/\",\"url\":\"https:\/\/secure.gravatar.com\/avatar\/581b196899ac4a61b7e20a29f4dd52fe?s=96&d=mm&r=g\",\"contentUrl\":\"https:\/\/secure.gravatar.com\/avatar\/581b196899ac4a61b7e20a29f4dd52fe?s=96&d=mm&r=g\",\"caption\":\"melinamaerten\"},\"url\":\"https:\/\/blog.phzh.ch\/schulfuehrung\/author\/melinamaerten\/\"}]}<\/script>\n<!-- \/ Yoast SEO plugin. -->","yoast_head_json":{"title":"Die doppelte p\u00e4dagogische Verantwortung - Schulf\u00fchrung","robots":{"index":"index","follow":"follow","max-snippet":"max-snippet:-1","max-image-preview":"max-image-preview:large","max-video-preview":"max-video-preview:-1"},"canonical":"https:\/\/blog.phzh.ch\/schulfuehrung\/2021\/11\/23\/die-doppelte-paedagogische-verantwortung\/","og_locale":"de_DE","og_type":"article","og_title":"Die doppelte p\u00e4dagogische Verantwortung - Schulf\u00fchrung","og_description":"Die Zukunft kann niemand voraussehen. Die Corona-Krise hat dies verdeutlicht. Gerade deshalb ist es wichtig, dass wir Erwachsenen jetzt Verantwortung \u00fcbernehmen und den jungen Menschen etwas zeigen. Auf dem Weg in eine neue konstruktive Zone gilt deshalb, die erg\u00e4nzende H\u00e4lfte der MINT-F\u00e4cher (Mathematik, Informatik, Naturwissenschaften und Technik) zu etablieren. Thomas Marti mit dem 2. Beitrag. &hellip; Die doppelte p\u00e4dagogische Verantwortung weiterlesen","og_url":"https:\/\/blog.phzh.ch\/schulfuehrung\/2021\/11\/23\/die-doppelte-paedagogische-verantwortung\/","og_site_name":"Schulf\u00fchrung","article_published_time":"2021-11-23T03:00:00+00:00","article_modified_time":"2021-11-23T07:51:31+00:00","og_image":[{"width":640,"height":480,"url":"http:\/\/blog.phzh.ch\/schulfuehrung\/files\/2021\/11\/Titelbild-doppelte-Verantwortung-thomas-Marti.jpg","type":"image\/jpeg"}],"author":"melinamaerten","twitter_card":"summary_large_image","twitter_misc":{"Verfasst von":"melinamaerten","Gesch\u00e4tzte Lesezeit":"4\u00a0Minuten"},"schema":{"@context":"https:\/\/schema.org","@graph":[{"@type":"Article","@id":"https:\/\/blog.phzh.ch\/schulfuehrung\/2021\/11\/23\/die-doppelte-paedagogische-verantwortung\/#article","isPartOf":{"@id":"https:\/\/blog.phzh.ch\/schulfuehrung\/2021\/11\/23\/die-doppelte-paedagogische-verantwortung\/"},"author":{"name":"melinamaerten","@id":"https:\/\/blog.phzh.ch\/schulfuehrung\/#\/schema\/person\/13544ff30d01e0e5f98444f0696dcefb"},"headline":"Die doppelte p\u00e4dagogische Verantwortung","datePublished":"2021-11-23T03:00:00+00:00","dateModified":"2021-11-23T07:51:31+00:00","mainEntityOfPage":{"@id":"https:\/\/blog.phzh.ch\/schulfuehrung\/2021\/11\/23\/die-doppelte-paedagogische-verantwortung\/"},"wordCount":844,"commentCount":0,"image":{"@id":"https:\/\/blog.phzh.ch\/schulfuehrung\/2021\/11\/23\/die-doppelte-paedagogische-verantwortung\/#primaryimage"},"thumbnailUrl":"https:\/\/blog.phzh.ch\/schulfuehrung\/files\/2021\/11\/Titelbild-doppelte-Verantwortung-thomas-Marti.jpg","keywords":["Bildung","Kinder","Lehrpersonen","p\u00e4dagogische Verantwortung","Schule","Schulf\u00fchrung","Thomas Marti"],"articleSection":["Entdecken","Gesamte Beitr\u00e4ge"],"inLanguage":"de","potentialAction":[{"@type":"CommentAction","name":"Comment","target":["https:\/\/blog.phzh.ch\/schulfuehrung\/2021\/11\/23\/die-doppelte-paedagogische-verantwortung\/#respond"]}]},{"@type":"WebPage","@id":"https:\/\/blog.phzh.ch\/schulfuehrung\/2021\/11\/23\/die-doppelte-paedagogische-verantwortung\/","url":"https:\/\/blog.phzh.ch\/schulfuehrung\/2021\/11\/23\/die-doppelte-paedagogische-verantwortung\/","name":"Die doppelte p\u00e4dagogische Verantwortung - Schulf\u00fchrung","isPartOf":{"@id":"https:\/\/blog.phzh.ch\/schulfuehrung\/#website"},"primaryImageOfPage":{"@id":"https:\/\/blog.phzh.ch\/schulfuehrung\/2021\/11\/23\/die-doppelte-paedagogische-verantwortung\/#primaryimage"},"image":{"@id":"https:\/\/blog.phzh.ch\/schulfuehrung\/2021\/11\/23\/die-doppelte-paedagogische-verantwortung\/#primaryimage"},"thumbnailUrl":"https:\/\/blog.phzh.ch\/schulfuehrung\/files\/2021\/11\/Titelbild-doppelte-Verantwortung-thomas-Marti.jpg","datePublished":"2021-11-23T03:00:00+00:00","dateModified":"2021-11-23T07:51:31+00:00","author":{"@id":"https:\/\/blog.phzh.ch\/schulfuehrung\/#\/schema\/person\/13544ff30d01e0e5f98444f0696dcefb"},"breadcrumb":{"@id":"https:\/\/blog.phzh.ch\/schulfuehrung\/2021\/11\/23\/die-doppelte-paedagogische-verantwortung\/#breadcrumb"},"inLanguage":"de","potentialAction":[{"@type":"ReadAction","target":["https:\/\/blog.phzh.ch\/schulfuehrung\/2021\/11\/23\/die-doppelte-paedagogische-verantwortung\/"]}]},{"@type":"ImageObject","inLanguage":"de","@id":"https:\/\/blog.phzh.ch\/schulfuehrung\/2021\/11\/23\/die-doppelte-paedagogische-verantwortung\/#primaryimage","url":"https:\/\/blog.phzh.ch\/schulfuehrung\/files\/2021\/11\/Titelbild-doppelte-Verantwortung-thomas-Marti.jpg","contentUrl":"https:\/\/blog.phzh.ch\/schulfuehrung\/files\/2021\/11\/Titelbild-doppelte-Verantwortung-thomas-Marti.jpg","width":640,"height":480,"caption":"Thomas Marti"},{"@type":"BreadcrumbList","@id":"https:\/\/blog.phzh.ch\/schulfuehrung\/2021\/11\/23\/die-doppelte-paedagogische-verantwortung\/#breadcrumb","itemListElement":[{"@type":"ListItem","position":1,"name":"Startseite","item":"https:\/\/blog.phzh.ch\/schulfuehrung\/"},{"@type":"ListItem","position":2,"name":"Die doppelte p\u00e4dagogische Verantwortung"}]},{"@type":"WebSite","@id":"https:\/\/blog.phzh.ch\/schulfuehrung\/#website","url":"https:\/\/blog.phzh.ch\/schulfuehrung\/","name":"Schulf\u00fchrung","description":"phzh.ch\/schulfuehrung","potentialAction":[{"@type":"SearchAction","target":{"@type":"EntryPoint","urlTemplate":"https:\/\/blog.phzh.ch\/schulfuehrung\/?s={search_term_string}"},"query-input":{"@type":"PropertyValueSpecification","valueRequired":true,"valueName":"search_term_string"}}],"inLanguage":"de"},{"@type":"Person","@id":"https:\/\/blog.phzh.ch\/schulfuehrung\/#\/schema\/person\/13544ff30d01e0e5f98444f0696dcefb","name":"melinamaerten","image":{"@type":"ImageObject","inLanguage":"de","@id":"https:\/\/blog.phzh.ch\/schulfuehrung\/#\/schema\/person\/image\/","url":"https:\/\/secure.gravatar.com\/avatar\/581b196899ac4a61b7e20a29f4dd52fe?s=96&d=mm&r=g","contentUrl":"https:\/\/secure.gravatar.com\/avatar\/581b196899ac4a61b7e20a29f4dd52fe?s=96&d=mm&r=g","caption":"melinamaerten"},"url":"https:\/\/blog.phzh.ch\/schulfuehrung\/author\/melinamaerten\/"}]}},"_links":{"self":[{"href":"https:\/\/blog.phzh.ch\/schulfuehrung\/wp-json\/wp\/v2\/posts\/3623","targetHints":{"allow":["GET"]}}],"collection":[{"href":"https:\/\/blog.phzh.ch\/schulfuehrung\/wp-json\/wp\/v2\/posts"}],"about":[{"href":"https:\/\/blog.phzh.ch\/schulfuehrung\/wp-json\/wp\/v2\/types\/post"}],"author":[{"embeddable":true,"href":"https:\/\/blog.phzh.ch\/schulfuehrung\/wp-json\/wp\/v2\/users\/1392"}],"replies":[{"embeddable":true,"href":"https:\/\/blog.phzh.ch\/schulfuehrung\/wp-json\/wp\/v2\/comments?post=3623"}],"version-history":[{"count":10,"href":"https:\/\/blog.phzh.ch\/schulfuehrung\/wp-json\/wp\/v2\/posts\/3623\/revisions"}],"predecessor-version":[{"id":3640,"href":"https:\/\/blog.phzh.ch\/schulfuehrung\/wp-json\/wp\/v2\/posts\/3623\/revisions\/3640"}],"wp:featuredmedia":[{"embeddable":true,"href":"https:\/\/blog.phzh.ch\/schulfuehrung\/wp-json\/wp\/v2\/media\/3590"}],"wp:attachment":[{"href":"https:\/\/blog.phzh.ch\/schulfuehrung\/wp-json\/wp\/v2\/media?parent=3623"}],"wp:term":[{"taxonomy":"category","embeddable":true,"href":"https:\/\/blog.phzh.ch\/schulfuehrung\/wp-json\/wp\/v2\/categories?post=3623"},{"taxonomy":"post_tag","embeddable":true,"href":"https:\/\/blog.phzh.ch\/schulfuehrung\/wp-json\/wp\/v2\/tags?post=3623"}],"curies":[{"name":"wp","href":"https:\/\/api.w.org\/{rel}","templated":true}]}}