{"id":3600,"date":"2021-11-16T04:00:00","date_gmt":"2021-11-16T03:00:00","guid":{"rendered":"https:\/\/blog.phzh.ch\/schulfuehrung\/?p=3600"},"modified":"2021-11-16T13:47:27","modified_gmt":"2021-11-16T12:47:27","slug":"5-fragen-an-schulentwicklerin-rahel-tschopp","status":"publish","type":"post","link":"https:\/\/blog.phzh.ch\/schulfuehrung\/2021\/11\/16\/5-fragen-an-schulentwicklerin-rahel-tschopp\/","title":{"rendered":"5 Fragen an Schulentwicklerin Rahel Tschopp"},"content":{"rendered":"\n<p><strong>In der Rubrik \u00ab5 Fragen an\u2026\u00bb interviewt Schulleiterin Evamaria Brigitta Kaiser die Schulentwicklerin Rahel Tschopp zu ihrer T\u00e4tigkeit und reicht damit den Stafetten-Stab weiter:<\/strong><\/p>\n\n\n\n<p><strong>Rahel Tschopp, was bewog Sie dazu, Schulentwicklerin zu werden?<\/strong><\/p>\n\n\n\n<p>Urspr\u00fcnglich bin ich Heilp\u00e4dagogin; parallel dazu setze ich mich seit vielen Jahren mit digitalen Medien auseinander. Diese Kombination liess mich immer wieder fragen: Worum geht es eigentlich? Als Zentrumsleiterin Medienbildung und Informatik wurde mir das thematische Wirkungsfeld mit der Zeit zu eng: In der Kultur der Digitalit\u00e4t geht es um Haltungen und Werte, um einen ganzheitlichen Blick und um Grundsatzfragen.<\/p>\n\n\n\n<p>Als selbstst\u00e4ndig wirkende Person kann (und muss) ich selbst entscheiden, welche Schwerpunkte ich setze. Und dies empfinde ich als Luxus. Der Lernraum Wald ist mir genauso wichtig wie der digitale Lernraum.<\/p>\n\n\n\n<p><strong>Wie k\u00f6nnen Sie diesen Beweggr\u00fcnden nachkommen?<\/strong><\/p>\n\n\n<p><!--more--><\/p>\n\n\n<p>Ich bin in der gl\u00fccklichen Lage, dass meine Angebote gut abgeholt werden. Ich muss mich fachlich nicht verbiegen, um dem Markt gerecht zu werden, sondern darf aus dem Vollen sch\u00f6pfen. Dass dies auch finanziell aufgeht, ist keine Selbstverst\u00e4ndlichkeit.<\/p>\n\n\n\n<p>Ich darf Schulen und Kantone auf dem Weg in die Kultur der Digitalit\u00e4t begleiten. Diese ist etwas ganz anderes als eine digitale Schule. Die Vorstellung, dass alle Kinder einer Klasse regelm\u00e4ssig und gleichzeitig am Computer sitzen sowie die dieselbe \u00dcbung absolvieren, gibt mir G\u00e4nsehaut. Das ist ein R\u00fcckschritt.<\/p>\n\n\n\n<p><strong>Was w\u00fcnschen Sie der Volksschule?<\/strong><\/p>\n\n\n\n<p>Viel Mut und starke Pers\u00f6nlichkeiten, die erkennen, dass die alte Grammatik der Schule neu geschrieben werden muss. Mein pers\u00f6nlicher Wunsch ist, dass das Schweizer Fernsehen in positiver Form \u00fcber \u00f6ffentliche Schulen berichtet, die selbstbewusst und mit grosser Sorgfalt neue Wege beschreiten. Denn diese Schulen gibt es bereits. Statt \u00abMini H\u00fctte, dini H\u00fctte\u00bb hiesse diese Serie dann \u00abMini Schuel, dini Schuel.\u00bb Wir brauchen das Bewusstsein der \u00d6ffentlichkeit, dass sich mit der Gesellschaft auch die Schule \u00e4ndern muss.<\/p>\n\n\n\n<p><strong>Wie \u00e4ndert sich Ihrer Meinung nach das Schulwesen in den kommenden 10 Jahren?<\/strong><\/p>\n\n\n\n<p>Die alte Grammatik der Schule muss aufgebrochen werden. Wir m\u00fcssen uns \u00fcberlegen, wie die Schule unter den Bedingungen der Kultur der Digitalit\u00e4t sein m\u00fcsste. Die Technologien entwickeln sich in horrendem Tempo: Wie gehen wir damit um, wenn adaptive Lernsysteme so stark sind, dass sich die Kinder und Jugendlichen viele Kompetenzen selbstst\u00e4ndig erarbeiten k\u00f6nnen? Wo liegt in Zukunft die Legitimation der physischen Schule? Und welche Kompetenzen werden unsere Kinder k\u00fcnftig brauchen, um unsere grossen Probleme auf diesem Planeten l\u00f6sen zu k\u00f6nnen?<\/p>\n\n\n\n<p>Wir m\u00fcssen uns w\u00fcrdevoll vom alten Schulsystem verabschieden, das in die Jahre gekommen ist. Und wir m\u00fcssen neue Konzepte ins Leben rufen. In der Volksschule wie auch in der Ausbildung der Lehrpersonen.<\/p>\n\n\n\n<p><strong>Welche Rolle spielt Ihrer Meinung nach der \u00abdigital divide\u00bb in der Schule der Zukunft?<\/strong><\/p>\n\n\n\n<p>F\u00fcr mich ist es klar, dass wir uns dieser neuen Kultur stellen m\u00fcssen, auch als Schule. Sich der neuen Realit\u00e4t zu verweigern, das geht nicht, denn so ist irgendwann auch die Volksschule nicht mehr \u00fcberlebensf\u00e4hig. Die Rahmenbedingungen des Schulsystems zu belassen und \u00abnur\u00bb zu digitalisieren, das frisst enorm viel Ressourcen und Geld. Wir m\u00fcssen lernen, mutig zu sein und heilige, traditionelle K\u00fche zu opfern.<\/p>\n\n\n\n<pre class=\"wp-block-preformatted\">INFOBOX\n\nEvamaria Brigitta Kaiser wurde von Schulleiter Stefan Ruppaner in unserer Rubrik \"5 Fragen an\" auch interviewt. Die Fragen und Antworten erfahren Sie im <a href=\"https:\/\/blog.phzh.ch\/schulfuehrung\/2021\/10\/08\/5-fragen-an-evamaria-brigitta-kaiser-schulleiterin-kindergarten-und-primarschule-davos-platz\/\" target=\"_blank\" rel=\"noreferrer noopener\">letzten Beitrag.<\/a><\/pre>\n\n\n\n<h2 class=\"wp-block-heading\">Zur Person<\/h2>\n\n\n\n<div class=\"wp-block-image\"><figure class=\"alignleft size-large is-resized\"><img decoding=\"async\" src=\"http:\/\/blog.phzh.ch\/schulfuehrung\/files\/2020\/03\/Rahel-Tschopp_Foto-e1584535716814.jpg\" alt=\"Rahel Tschopp Zentrumsleiterin Medienbildung und Informatik\" class=\"wp-image-2227\" width=\"127\" srcset=\"https:\/\/blog.phzh.ch\/schulfuehrung\/files\/2020\/03\/Rahel-Tschopp_Foto-e1584535716814.jpg 540w, https:\/\/blog.phzh.ch\/schulfuehrung\/files\/2020\/03\/Rahel-Tschopp_Foto-e1584535716814-300x288.jpg 300w\" sizes=\"(max-width: 540px) 100vw, 540px\" \/><\/figure><\/div>\n\n\n\n<p>Rahel Tschopp ist Primarlehrerin, schulische Heilp\u00e4dagogin sowie Schulleiterin. In Hamburg studierte sie Change-Management (M. A.). Sie arbeitete w\u00e4hrend vielen Jahren an der P\u00e4dagogischen Hochschule Z\u00fcrich in der Weiterbildung von Lehrpersonen, zuletzt als Leiterin des Zentrums Medienbildung und Informatik. 2021 hat sie sich mit ihrer <a href=\"https:\/\/www.denkreise.ch\/raheltschopp\/\" target=\"_blank\" rel=\"noreferrer noopener\">Denkreise <\/a>GmbH selbstst\u00e4ndig gemacht.<\/p>\n\n\n\n<h2 class=\"wp-block-heading\">Zur Autorin<\/h2>\n\n\n\n<div class=\"wp-block-image\"><figure class=\"alignleft size-large is-resized\"><img decoding=\"async\" src=\"http:\/\/blog.phzh.ch\/schulfuehrung\/files\/2021\/11\/Portrait-Evamaria-Brigitta-Kaiser.jpg\" alt=\"Evamaria Brigitta Kaiser\" class=\"wp-image-3607\" width=\"127\" srcset=\"https:\/\/blog.phzh.ch\/schulfuehrung\/files\/2021\/11\/Portrait-Evamaria-Brigitta-Kaiser.jpg 828w, https:\/\/blog.phzh.ch\/schulfuehrung\/files\/2021\/11\/Portrait-Evamaria-Brigitta-Kaiser-300x295.jpg 300w, https:\/\/blog.phzh.ch\/schulfuehrung\/files\/2021\/11\/Portrait-Evamaria-Brigitta-Kaiser-768x754.jpg 768w\" sizes=\"(max-width: 828px) 100vw, 828px\" \/><figcaption>Foto: \u00a9Paul J. Trummer<\/figcaption><\/figure><\/div>\n\n\n\n<p>Evamaria Brigitta Kaiser Lehrerin, Medienp\u00e4dagogin und  Schulleiterin im Kindergarten und der Primarschule Davos Platz. In unterschiedlichen Funktionen und Schulentwicklungsgremien weltweit durfte sie bedeutsame Erfahrungen sammeln, die ihr ein klares Bild einer Schule der Zukunft mit Leitbild und Haltung vermittelt haben.<\/p>\n\n\n\n<p><\/p>\n\n\n\n<p><\/p>\n\n\n\n<p><\/p>\n\n\n\n<p>Redaktion: Melina Maerten<\/p>\n\n\n\n<p>Titelbild: zVg<\/p>\n","protected":false},"excerpt":{"rendered":"<p>In der Rubrik \u00ab5 Fragen an\u2026\u00bb interviewt Schulleiterin Evamaria Brigitta Kaiser die Schulentwicklerin Rahel Tschopp zu ihrer T\u00e4tigkeit und reicht damit den Stafetten-Stab weiter: Rahel Tschopp, was bewog Sie dazu, Schulentwicklerin zu werden? Urspr\u00fcnglich bin ich Heilp\u00e4dagogin; parallel dazu setze ich mich seit vielen Jahren mit digitalen Medien auseinander. Diese Kombination liess mich immer wieder &hellip; <a href=\"https:\/\/blog.phzh.ch\/schulfuehrung\/2021\/11\/16\/5-fragen-an-schulentwicklerin-rahel-tschopp\/\" class=\"more-link\"><span class=\"screen-reader-text\">5 Fragen an Schulentwicklerin Rahel Tschopp<\/span> weiterlesen<\/a><\/p>\n","protected":false},"author":1392,"featured_media":3605,"comment_status":"open","ping_status":"open","sticky":false,"template":"","format":"standard","meta":{"sfsi_plus_gutenberg_text_before_share":"","sfsi_plus_gutenberg_show_text_before_share":"","sfsi_plus_gutenberg_icon_type":"","sfsi_plus_gutenberg_icon_alignemt":"","sfsi_plus_gutenburg_max_per_row":"","footnotes":""},"categories":[107309,102392],"tags":[45767,107508,109556,28219,107311,106769,45021,44958],"class_list":["post-3600","post","type-post","status-publish","format-standard","has-post-thumbnail","hentry","category-alle-beitraege","category-im-gespraech-mit","tag-bildung","tag-digitale-bildung","tag-evamaria-brigitta-kaiser","tag-interview","tag-rahel-tschopp","tag-schulen","tag-schulentwicklung","tag-schulleitung"],"yoast_head":"<!-- This site is optimized with the Yoast SEO plugin v26.8 - https:\/\/yoast.com\/product\/yoast-seo-wordpress\/ -->\n<title>5 Fragen an Schulentwicklerin Rahel Tschopp - Schulf\u00fchrung<\/title>\n<meta name=\"robots\" content=\"index, follow, max-snippet:-1, max-image-preview:large, max-video-preview:-1\" \/>\n<link rel=\"canonical\" href=\"https:\/\/blog.phzh.ch\/schulfuehrung\/2021\/11\/16\/5-fragen-an-schulentwicklerin-rahel-tschopp\/\" \/>\n<meta property=\"og:locale\" content=\"de_DE\" \/>\n<meta property=\"og:type\" content=\"article\" \/>\n<meta property=\"og:title\" content=\"5 Fragen an Schulentwicklerin Rahel Tschopp - Schulf\u00fchrung\" \/>\n<meta property=\"og:description\" content=\"In der Rubrik \u00ab5 Fragen an\u2026\u00bb interviewt Schulleiterin Evamaria Brigitta Kaiser die Schulentwicklerin Rahel Tschopp zu ihrer T\u00e4tigkeit und reicht damit den Stafetten-Stab weiter: Rahel Tschopp, was bewog Sie dazu, Schulentwicklerin zu werden? Urspr\u00fcnglich bin ich Heilp\u00e4dagogin; parallel dazu setze ich mich seit vielen Jahren mit digitalen Medien auseinander. Diese Kombination liess mich immer wieder &hellip; 5 Fragen an Schulentwicklerin Rahel Tschopp weiterlesen\" \/>\n<meta property=\"og:url\" content=\"https:\/\/blog.phzh.ch\/schulfuehrung\/2021\/11\/16\/5-fragen-an-schulentwicklerin-rahel-tschopp\/\" \/>\n<meta property=\"og:site_name\" content=\"Schulf\u00fchrung\" \/>\n<meta property=\"article:published_time\" content=\"2021-11-16T03:00:00+00:00\" \/>\n<meta property=\"article:modified_time\" content=\"2021-11-16T12:47:27+00:00\" \/>\n<meta property=\"og:image\" content=\"http:\/\/blog.phzh.ch\/schulfuehrung\/files\/2021\/11\/Titelbild-RahelTschopp_8MB.jpg\" \/>\n\t<meta property=\"og:image:width\" content=\"1000\" \/>\n\t<meta property=\"og:image:height\" content=\"666\" \/>\n\t<meta property=\"og:image:type\" content=\"image\/jpeg\" \/>\n<meta name=\"author\" content=\"melinamaerten\" \/>\n<meta name=\"twitter:card\" content=\"summary_large_image\" \/>\n<meta name=\"twitter:label1\" content=\"Verfasst von\" \/>\n\t<meta name=\"twitter:data1\" content=\"melinamaerten\" \/>\n\t<meta name=\"twitter:label2\" content=\"Gesch\u00e4tzte Lesezeit\" \/>\n\t<meta name=\"twitter:data2\" content=\"3\u00a0Minuten\" \/>\n<script type=\"application\/ld+json\" class=\"yoast-schema-graph\">{\"@context\":\"https:\/\/schema.org\",\"@graph\":[{\"@type\":\"Article\",\"@id\":\"https:\/\/blog.phzh.ch\/schulfuehrung\/2021\/11\/16\/5-fragen-an-schulentwicklerin-rahel-tschopp\/#article\",\"isPartOf\":{\"@id\":\"https:\/\/blog.phzh.ch\/schulfuehrung\/2021\/11\/16\/5-fragen-an-schulentwicklerin-rahel-tschopp\/\"},\"author\":{\"name\":\"melinamaerten\",\"@id\":\"https:\/\/blog.phzh.ch\/schulfuehrung\/#\/schema\/person\/13544ff30d01e0e5f98444f0696dcefb\"},\"headline\":\"5 Fragen an Schulentwicklerin Rahel Tschopp\",\"datePublished\":\"2021-11-16T03:00:00+00:00\",\"dateModified\":\"2021-11-16T12:47:27+00:00\",\"mainEntityOfPage\":{\"@id\":\"https:\/\/blog.phzh.ch\/schulfuehrung\/2021\/11\/16\/5-fragen-an-schulentwicklerin-rahel-tschopp\/\"},\"wordCount\":645,\"commentCount\":0,\"image\":{\"@id\":\"https:\/\/blog.phzh.ch\/schulfuehrung\/2021\/11\/16\/5-fragen-an-schulentwicklerin-rahel-tschopp\/#primaryimage\"},\"thumbnailUrl\":\"https:\/\/blog.phzh.ch\/schulfuehrung\/files\/2021\/11\/Titelbild-RahelTschopp_8MB.jpg\",\"keywords\":[\"Bildung\",\"Digitale Bildung\",\"Evamaria Brigitta Kaiser\",\"Interview\",\"Rahel Tschopp\",\"Schulen\",\"schulentwicklung\",\"Schulleitung\"],\"articleSection\":[\"Gesamte Beitr\u00e4ge\",\"Im Gespr\u00e4ch mit...\"],\"inLanguage\":\"de\",\"potentialAction\":[{\"@type\":\"CommentAction\",\"name\":\"Comment\",\"target\":[\"https:\/\/blog.phzh.ch\/schulfuehrung\/2021\/11\/16\/5-fragen-an-schulentwicklerin-rahel-tschopp\/#respond\"]}]},{\"@type\":\"WebPage\",\"@id\":\"https:\/\/blog.phzh.ch\/schulfuehrung\/2021\/11\/16\/5-fragen-an-schulentwicklerin-rahel-tschopp\/\",\"url\":\"https:\/\/blog.phzh.ch\/schulfuehrung\/2021\/11\/16\/5-fragen-an-schulentwicklerin-rahel-tschopp\/\",\"name\":\"5 Fragen an Schulentwicklerin Rahel Tschopp - Schulf\u00fchrung\",\"isPartOf\":{\"@id\":\"https:\/\/blog.phzh.ch\/schulfuehrung\/#website\"},\"primaryImageOfPage\":{\"@id\":\"https:\/\/blog.phzh.ch\/schulfuehrung\/2021\/11\/16\/5-fragen-an-schulentwicklerin-rahel-tschopp\/#primaryimage\"},\"image\":{\"@id\":\"https:\/\/blog.phzh.ch\/schulfuehrung\/2021\/11\/16\/5-fragen-an-schulentwicklerin-rahel-tschopp\/#primaryimage\"},\"thumbnailUrl\":\"https:\/\/blog.phzh.ch\/schulfuehrung\/files\/2021\/11\/Titelbild-RahelTschopp_8MB.jpg\",\"datePublished\":\"2021-11-16T03:00:00+00:00\",\"dateModified\":\"2021-11-16T12:47:27+00:00\",\"author\":{\"@id\":\"https:\/\/blog.phzh.ch\/schulfuehrung\/#\/schema\/person\/13544ff30d01e0e5f98444f0696dcefb\"},\"breadcrumb\":{\"@id\":\"https:\/\/blog.phzh.ch\/schulfuehrung\/2021\/11\/16\/5-fragen-an-schulentwicklerin-rahel-tschopp\/#breadcrumb\"},\"inLanguage\":\"de\",\"potentialAction\":[{\"@type\":\"ReadAction\",\"target\":[\"https:\/\/blog.phzh.ch\/schulfuehrung\/2021\/11\/16\/5-fragen-an-schulentwicklerin-rahel-tschopp\/\"]}]},{\"@type\":\"ImageObject\",\"inLanguage\":\"de\",\"@id\":\"https:\/\/blog.phzh.ch\/schulfuehrung\/2021\/11\/16\/5-fragen-an-schulentwicklerin-rahel-tschopp\/#primaryimage\",\"url\":\"https:\/\/blog.phzh.ch\/schulfuehrung\/files\/2021\/11\/Titelbild-RahelTschopp_8MB.jpg\",\"contentUrl\":\"https:\/\/blog.phzh.ch\/schulfuehrung\/files\/2021\/11\/Titelbild-RahelTschopp_8MB.jpg\",\"width\":1000,\"height\":666,\"caption\":\"Rahel Tschopp\"},{\"@type\":\"BreadcrumbList\",\"@id\":\"https:\/\/blog.phzh.ch\/schulfuehrung\/2021\/11\/16\/5-fragen-an-schulentwicklerin-rahel-tschopp\/#breadcrumb\",\"itemListElement\":[{\"@type\":\"ListItem\",\"position\":1,\"name\":\"Startseite\",\"item\":\"https:\/\/blog.phzh.ch\/schulfuehrung\/\"},{\"@type\":\"ListItem\",\"position\":2,\"name\":\"5 Fragen an Schulentwicklerin Rahel Tschopp\"}]},{\"@type\":\"WebSite\",\"@id\":\"https:\/\/blog.phzh.ch\/schulfuehrung\/#website\",\"url\":\"https:\/\/blog.phzh.ch\/schulfuehrung\/\",\"name\":\"Schulf\u00fchrung\",\"description\":\"phzh.ch\/schulfuehrung\",\"potentialAction\":[{\"@type\":\"SearchAction\",\"target\":{\"@type\":\"EntryPoint\",\"urlTemplate\":\"https:\/\/blog.phzh.ch\/schulfuehrung\/?s={search_term_string}\"},\"query-input\":{\"@type\":\"PropertyValueSpecification\",\"valueRequired\":true,\"valueName\":\"search_term_string\"}}],\"inLanguage\":\"de\"},{\"@type\":\"Person\",\"@id\":\"https:\/\/blog.phzh.ch\/schulfuehrung\/#\/schema\/person\/13544ff30d01e0e5f98444f0696dcefb\",\"name\":\"melinamaerten\",\"image\":{\"@type\":\"ImageObject\",\"inLanguage\":\"de\",\"@id\":\"https:\/\/blog.phzh.ch\/schulfuehrung\/#\/schema\/person\/image\/\",\"url\":\"https:\/\/secure.gravatar.com\/avatar\/581b196899ac4a61b7e20a29f4dd52fe?s=96&d=mm&r=g\",\"contentUrl\":\"https:\/\/secure.gravatar.com\/avatar\/581b196899ac4a61b7e20a29f4dd52fe?s=96&d=mm&r=g\",\"caption\":\"melinamaerten\"},\"url\":\"https:\/\/blog.phzh.ch\/schulfuehrung\/author\/melinamaerten\/\"}]}<\/script>\n<!-- \/ Yoast SEO plugin. -->","yoast_head_json":{"title":"5 Fragen an Schulentwicklerin Rahel Tschopp - Schulf\u00fchrung","robots":{"index":"index","follow":"follow","max-snippet":"max-snippet:-1","max-image-preview":"max-image-preview:large","max-video-preview":"max-video-preview:-1"},"canonical":"https:\/\/blog.phzh.ch\/schulfuehrung\/2021\/11\/16\/5-fragen-an-schulentwicklerin-rahel-tschopp\/","og_locale":"de_DE","og_type":"article","og_title":"5 Fragen an Schulentwicklerin Rahel Tschopp - Schulf\u00fchrung","og_description":"In der Rubrik \u00ab5 Fragen an\u2026\u00bb interviewt Schulleiterin Evamaria Brigitta Kaiser die Schulentwicklerin Rahel Tschopp zu ihrer T\u00e4tigkeit und reicht damit den Stafetten-Stab weiter: Rahel Tschopp, was bewog Sie dazu, Schulentwicklerin zu werden? Urspr\u00fcnglich bin ich Heilp\u00e4dagogin; parallel dazu setze ich mich seit vielen Jahren mit digitalen Medien auseinander. Diese Kombination liess mich immer wieder &hellip; 5 Fragen an Schulentwicklerin Rahel Tschopp weiterlesen","og_url":"https:\/\/blog.phzh.ch\/schulfuehrung\/2021\/11\/16\/5-fragen-an-schulentwicklerin-rahel-tschopp\/","og_site_name":"Schulf\u00fchrung","article_published_time":"2021-11-16T03:00:00+00:00","article_modified_time":"2021-11-16T12:47:27+00:00","og_image":[{"width":1000,"height":666,"url":"http:\/\/blog.phzh.ch\/schulfuehrung\/files\/2021\/11\/Titelbild-RahelTschopp_8MB.jpg","type":"image\/jpeg"}],"author":"melinamaerten","twitter_card":"summary_large_image","twitter_misc":{"Verfasst von":"melinamaerten","Gesch\u00e4tzte Lesezeit":"3\u00a0Minuten"},"schema":{"@context":"https:\/\/schema.org","@graph":[{"@type":"Article","@id":"https:\/\/blog.phzh.ch\/schulfuehrung\/2021\/11\/16\/5-fragen-an-schulentwicklerin-rahel-tschopp\/#article","isPartOf":{"@id":"https:\/\/blog.phzh.ch\/schulfuehrung\/2021\/11\/16\/5-fragen-an-schulentwicklerin-rahel-tschopp\/"},"author":{"name":"melinamaerten","@id":"https:\/\/blog.phzh.ch\/schulfuehrung\/#\/schema\/person\/13544ff30d01e0e5f98444f0696dcefb"},"headline":"5 Fragen an Schulentwicklerin Rahel Tschopp","datePublished":"2021-11-16T03:00:00+00:00","dateModified":"2021-11-16T12:47:27+00:00","mainEntityOfPage":{"@id":"https:\/\/blog.phzh.ch\/schulfuehrung\/2021\/11\/16\/5-fragen-an-schulentwicklerin-rahel-tschopp\/"},"wordCount":645,"commentCount":0,"image":{"@id":"https:\/\/blog.phzh.ch\/schulfuehrung\/2021\/11\/16\/5-fragen-an-schulentwicklerin-rahel-tschopp\/#primaryimage"},"thumbnailUrl":"https:\/\/blog.phzh.ch\/schulfuehrung\/files\/2021\/11\/Titelbild-RahelTschopp_8MB.jpg","keywords":["Bildung","Digitale Bildung","Evamaria Brigitta Kaiser","Interview","Rahel Tschopp","Schulen","schulentwicklung","Schulleitung"],"articleSection":["Gesamte Beitr\u00e4ge","Im Gespr\u00e4ch mit..."],"inLanguage":"de","potentialAction":[{"@type":"CommentAction","name":"Comment","target":["https:\/\/blog.phzh.ch\/schulfuehrung\/2021\/11\/16\/5-fragen-an-schulentwicklerin-rahel-tschopp\/#respond"]}]},{"@type":"WebPage","@id":"https:\/\/blog.phzh.ch\/schulfuehrung\/2021\/11\/16\/5-fragen-an-schulentwicklerin-rahel-tschopp\/","url":"https:\/\/blog.phzh.ch\/schulfuehrung\/2021\/11\/16\/5-fragen-an-schulentwicklerin-rahel-tschopp\/","name":"5 Fragen an Schulentwicklerin Rahel Tschopp - Schulf\u00fchrung","isPartOf":{"@id":"https:\/\/blog.phzh.ch\/schulfuehrung\/#website"},"primaryImageOfPage":{"@id":"https:\/\/blog.phzh.ch\/schulfuehrung\/2021\/11\/16\/5-fragen-an-schulentwicklerin-rahel-tschopp\/#primaryimage"},"image":{"@id":"https:\/\/blog.phzh.ch\/schulfuehrung\/2021\/11\/16\/5-fragen-an-schulentwicklerin-rahel-tschopp\/#primaryimage"},"thumbnailUrl":"https:\/\/blog.phzh.ch\/schulfuehrung\/files\/2021\/11\/Titelbild-RahelTschopp_8MB.jpg","datePublished":"2021-11-16T03:00:00+00:00","dateModified":"2021-11-16T12:47:27+00:00","author":{"@id":"https:\/\/blog.phzh.ch\/schulfuehrung\/#\/schema\/person\/13544ff30d01e0e5f98444f0696dcefb"},"breadcrumb":{"@id":"https:\/\/blog.phzh.ch\/schulfuehrung\/2021\/11\/16\/5-fragen-an-schulentwicklerin-rahel-tschopp\/#breadcrumb"},"inLanguage":"de","potentialAction":[{"@type":"ReadAction","target":["https:\/\/blog.phzh.ch\/schulfuehrung\/2021\/11\/16\/5-fragen-an-schulentwicklerin-rahel-tschopp\/"]}]},{"@type":"ImageObject","inLanguage":"de","@id":"https:\/\/blog.phzh.ch\/schulfuehrung\/2021\/11\/16\/5-fragen-an-schulentwicklerin-rahel-tschopp\/#primaryimage","url":"https:\/\/blog.phzh.ch\/schulfuehrung\/files\/2021\/11\/Titelbild-RahelTschopp_8MB.jpg","contentUrl":"https:\/\/blog.phzh.ch\/schulfuehrung\/files\/2021\/11\/Titelbild-RahelTschopp_8MB.jpg","width":1000,"height":666,"caption":"Rahel Tschopp"},{"@type":"BreadcrumbList","@id":"https:\/\/blog.phzh.ch\/schulfuehrung\/2021\/11\/16\/5-fragen-an-schulentwicklerin-rahel-tschopp\/#breadcrumb","itemListElement":[{"@type":"ListItem","position":1,"name":"Startseite","item":"https:\/\/blog.phzh.ch\/schulfuehrung\/"},{"@type":"ListItem","position":2,"name":"5 Fragen an Schulentwicklerin Rahel Tschopp"}]},{"@type":"WebSite","@id":"https:\/\/blog.phzh.ch\/schulfuehrung\/#website","url":"https:\/\/blog.phzh.ch\/schulfuehrung\/","name":"Schulf\u00fchrung","description":"phzh.ch\/schulfuehrung","potentialAction":[{"@type":"SearchAction","target":{"@type":"EntryPoint","urlTemplate":"https:\/\/blog.phzh.ch\/schulfuehrung\/?s={search_term_string}"},"query-input":{"@type":"PropertyValueSpecification","valueRequired":true,"valueName":"search_term_string"}}],"inLanguage":"de"},{"@type":"Person","@id":"https:\/\/blog.phzh.ch\/schulfuehrung\/#\/schema\/person\/13544ff30d01e0e5f98444f0696dcefb","name":"melinamaerten","image":{"@type":"ImageObject","inLanguage":"de","@id":"https:\/\/blog.phzh.ch\/schulfuehrung\/#\/schema\/person\/image\/","url":"https:\/\/secure.gravatar.com\/avatar\/581b196899ac4a61b7e20a29f4dd52fe?s=96&d=mm&r=g","contentUrl":"https:\/\/secure.gravatar.com\/avatar\/581b196899ac4a61b7e20a29f4dd52fe?s=96&d=mm&r=g","caption":"melinamaerten"},"url":"https:\/\/blog.phzh.ch\/schulfuehrung\/author\/melinamaerten\/"}]}},"_links":{"self":[{"href":"https:\/\/blog.phzh.ch\/schulfuehrung\/wp-json\/wp\/v2\/posts\/3600","targetHints":{"allow":["GET"]}}],"collection":[{"href":"https:\/\/blog.phzh.ch\/schulfuehrung\/wp-json\/wp\/v2\/posts"}],"about":[{"href":"https:\/\/blog.phzh.ch\/schulfuehrung\/wp-json\/wp\/v2\/types\/post"}],"author":[{"embeddable":true,"href":"https:\/\/blog.phzh.ch\/schulfuehrung\/wp-json\/wp\/v2\/users\/1392"}],"replies":[{"embeddable":true,"href":"https:\/\/blog.phzh.ch\/schulfuehrung\/wp-json\/wp\/v2\/comments?post=3600"}],"version-history":[{"count":15,"href":"https:\/\/blog.phzh.ch\/schulfuehrung\/wp-json\/wp\/v2\/posts\/3600\/revisions"}],"predecessor-version":[{"id":3632,"href":"https:\/\/blog.phzh.ch\/schulfuehrung\/wp-json\/wp\/v2\/posts\/3600\/revisions\/3632"}],"wp:featuredmedia":[{"embeddable":true,"href":"https:\/\/blog.phzh.ch\/schulfuehrung\/wp-json\/wp\/v2\/media\/3605"}],"wp:attachment":[{"href":"https:\/\/blog.phzh.ch\/schulfuehrung\/wp-json\/wp\/v2\/media?parent=3600"}],"wp:term":[{"taxonomy":"category","embeddable":true,"href":"https:\/\/blog.phzh.ch\/schulfuehrung\/wp-json\/wp\/v2\/categories?post=3600"},{"taxonomy":"post_tag","embeddable":true,"href":"https:\/\/blog.phzh.ch\/schulfuehrung\/wp-json\/wp\/v2\/tags?post=3600"}],"curies":[{"name":"wp","href":"https:\/\/api.w.org\/{rel}","templated":true}]}}