{"id":3505,"date":"2021-10-08T04:00:00","date_gmt":"2021-10-08T02:00:00","guid":{"rendered":"https:\/\/blog.phzh.ch\/schulfuehrung\/?p=3505"},"modified":"2021-10-11T09:21:33","modified_gmt":"2021-10-11T07:21:33","slug":"5-fragen-an-evamaria-brigitta-kaiser-schulleiterin-kindergarten-und-primarschule-davos-platz","status":"publish","type":"post","link":"https:\/\/blog.phzh.ch\/schulfuehrung\/2021\/10\/08\/5-fragen-an-evamaria-brigitta-kaiser-schulleiterin-kindergarten-und-primarschule-davos-platz\/","title":{"rendered":"5 Fragen an Evamaria Brigitta Kaiser, Schulleiterin Kindergarten und Primarschule Davos Platz"},"content":{"rendered":"\n<p><strong>In der Rubrik \u00ab5 Fragen an\u2026\u00bb interviewt <\/strong><strong>Schulleiter Stefan Ruppaner die Schulleiterin Evamaria Brigitta Kaiser<\/strong><strong> zu ihrer Erfahrung<\/strong><strong> im Beruf<\/strong><strong> und reicht den Stafetten-Stab weiter:<\/strong><\/p>\n\n\n\n<p><strong>Evamaria Brigitta Kaiser,<\/strong> <strong>was bewegt Sie, eine solche Schule zu besuchen?<\/strong><\/p>\n\n\n\n<p>Mein Beweggrund, hierher zu kommen und ganz grunds\u00e4tzlich Lehrerin, Medienp\u00e4dagogin und nun Schulleiterin zu werden, ist der, dass ich Bildung mitgestalten m\u00f6chte. In unterschiedlichen Funktionen und Schulentwicklungsgremien weltweit durfte ich bedeutende Erfahrungen sammeln, die mir ein klares Bild einer Schule der Zukunft mit Leitbild und Haltung vermittelt haben. Dass ich nun an dieser Schulf\u00fchrung teilnehmen darf, ist ein Wink des Schicksals, denn die gelebte Praxis des selbstverantwortlichen Lernens, getragen von der Gemeinschaft und den zugeh\u00f6rigen Interessensgruppen entspricht mir voll und ganz.<\/p>\n\n\n\n<p><strong>Welchen Eindruck haben Sie von der Alemannenschule Wut\u00f6schingen?<\/strong><\/p>\n\n\n<p><!--more--><\/p>\n\n\n<p>Die Alemannenschule Wut\u00f6schingen wirkt einladend, ruhig, klar strukturiert und verbindlich-vorbildlich organisiert. Lernpartner:innen (im gel\u00e4ufigen Sprachgebrauch Sch\u00fcler:innen) leben und lernen in altersgemischten Lerngruppen und gestalten ihren individuellen Weg auch im Coaching mit ihrer Lernbegleiter:in (in herk\u00f6mmlichen Schulen Lehrperson).<\/p>\n\n\n\n<p>Individualisierung und Gemeinschaftsbildung bauen auf die Vision und das Leitbild der Schule auf, welche alle Beteiligten der Schulgemeinschaft auswendig kennen und danach handeln. Gibt es einen Verstoss, kommt das Graduierungssystem zum Zug (K\u00fcrzung von erarbeiteten Privilegien in Form von weniger selbstverantwortlich organisiertem Lernen mit Wahlm\u00f6glichkeiten von Ort und Zeit), sowie einem DiLer-Eintrag (digitale Lernplattform, einsehbar f\u00fcr die jeweiligen Eltern).<\/p>\n\n\n\n<p><strong>Wie \u00e4ndert sich das Schulwesen Ihrer Meinung nach in den kommenden f\u00fcnf bis zehn Jahren?<\/strong><\/p>\n\n\n\n<p>Diese Entwicklung ist institutions-, orts- und personenabh\u00e4ngig. Die Gelingensbedingungen und Voraussetzungen f\u00fcr das im englischsprachigen Raum genannte \u00ab21st century learning\u00bb mit den 4cs oder 4Ks (Kommunikation, Kollaboration, kritisches Denken, Kreativit\u00e4t) sind sehr unterschiedlich. Die Diskrepanz von wissenschaftlichen Erkenntnissen und Verfassung einer Schule mit ihrer Lernumgebung umfassen teilweise mehrere Jahrzehnte. So haben sich hierzulande als bekannte \u00abDrittweltl\u00e4nder\u00bb in vielen Bereichen einen grossen Handlungs- und Denkvorsprung verschafft, was gerade die Digitalkultur mit hybriden Lernarrangements, zeit- und ortsunabh\u00e4ngigem Lernen sowie die Vernetzung der Bereiche Wirtschaft, Industrie, Politik und Bildung angeht. Gerade die Arbeit an den Schnittstellen zum Gesundheitswesen bieten grosses Potenzial, um zukunftsrelevante Herausforderungen als Chance und Innovationsmotor f\u00fcr Schulentwicklungsprozesse zu nutzen.<\/p>\n\n\n\n<p>Demnach kann diese Frage lediglich jeweils auf eine spezifische Schule, Schulgemeinde und deren Schultr\u00e4gerschaft beantwortet werden. Meines Erachtens wird sich die Schere der sozio\u00f6konomischen Kluft dort vergr\u00f6ssern, wo zeitgem\u00e4ssen Lernarrangements keine Rechnung getragen wird. Dort, wo (Medien)p\u00e4dagog:innen und daran interessierte Entscheidungstr\u00e4ger Schulentwicklungsprozesse massgeblich mitgestalten d\u00fcrfen sowie Lehr- und Lernarrangements mit r\u00e4umlichen und strukturellen Entwicklungsprozessen von der Planung bis zur Umsetzung eng begleiten, sind die Erfolgschancen der Erreichung einer Lern- und Lebenslandschaft gem\u00e4ss den ISTE Standards (International Standards for Technology in Education) sowie den nationalen und internationalen Curricula, in welchen zunehmend Wert auf die \u00fcberfachlichen und interdisziplin\u00e4ren Kompetenzen gelegt wird, gross.<\/p>\n\n\n\n<p><strong>Was von der Haltung dieser Schule wird an Ihrer Schule umgesetzt?<\/strong><\/p>\n\n\n\n<p>Viele Sch\u00fcler:innen, Lehrpersonen, Eltern, externe Fachpersonen und auch Entscheidungstr\u00e4ger:innen, welche wertvolle Beitr\u00e4ge zum Gelingen des Schulalltages beitragen, vertreten eine Haltung, wie ich sie bei Ihnen in Wut\u00f6schingen erlebe. Dies entspricht mir sehr. Auch wurde ich aufgrund meines Hintergrundes als gelernte Primarlehrerin, Medienp\u00e4dagogin und Pr\u00e4sidentin der in Liechtenstein registrierten NGO \u00abjust1smile\u00bb von der Schultr\u00e4gerschaft und der Regierung f\u00fcr dieses Amt gew\u00e4hlt, da ich die Basisarbeit in privaten und staatlichen Schulen in Kanada, S\u00fcdafrika, Indien, Singapur sowie in europ\u00e4ischen L\u00e4ndern direkt im Schulwesen mitgestaltete und nun als Mediaconsultant begleite.<\/p>\n\n\n\n<p>Als Schulleiterin in Graub\u00fcnden und noch dazu in der Weltstadt Davos wirken zu d\u00fcrfen ist best\u00e4rkend, um sich gemeinsam und gut vernetzt auf den Weg zur Schule der Zukunft zu machen. Gemeinsam sind wir stark! Dies erlebe ich gerade in meiner Familie, welche seit einigen Generationen auf unterschiedlichen Ebenen im Bildungswesen sowie in der Politik, Landwirtschaft, Privatwirtschaft und dem Gesundheitswesen t\u00e4tig ist, immer wieder aufs Neue.<\/p>\n\n\n\n<p><strong>Glauben Sie, reicht die Haltung, um in einer Digitalkultur Schule zu machen oder ist ein Konzept notwendig?<\/strong><\/p>\n\n\n\n<p>Grunds\u00e4tzlich reicht meines Erachtens die Haltung mit einem klar definierten Leitbild, wie es an Ihrer Schule alle Beteiligten auswendig kennen. Ein Konzept kann dem allgemeinen Verst\u00e4ndnis dienen. Wenn darauf aufbauend r\u00e4umliche und strukturelle Arrangements sowie ad\u00e4quate Hard- und Softwarel\u00f6sungen zum Einsatz kommen, so k\u00f6nnen Lernpartner:innen und ihre Lernbegleiter:innen optimal auf aktuelle und vor allem Herausforderungen der Zukunft vorbereitet werden.<\/p>\n\n\n\n<p>Ich habe es bereits erlebt und bin \u00fcberzeugt davon, dass dementsprechend lokal verwurzelt und global vernetzt gemeinsam mit Eltern, Lehrpersonen, Schultr\u00e4gern und weiteren Interessensgruppen in kurzer Zeit international wettbewerbsf\u00e4hige Bildungsstandorte geschaffen werden k\u00f6nnen: Am Anfang steht die Schulkultur, welche von einer klaren Vision mit Haltung und Leitbild getragen wird, wie es an Ihrer Schule erlebbar ist.<\/p>\n\n\n\n<h2 class=\"wp-block-heading\">Zum Autor<\/h2>\n\n\n\n<div class=\"wp-block-image\"><figure class=\"alignleft size-large is-resized\"><img decoding=\"async\" src=\"http:\/\/blog.phzh.ch\/schulfuehrung\/files\/2020\/10\/lit_Portrait_Stefan-Ruppaner_20200924_MLR-1024x683.jpg\" alt=\"Schulleiter Stefan Ruppaner\" class=\"wp-image-2687\" width=\"127\" srcset=\"https:\/\/blog.phzh.ch\/schulfuehrung\/files\/2020\/10\/lit_Portrait_Stefan-Ruppaner_20200924_MLR-1024x683.jpg 1024w, https:\/\/blog.phzh.ch\/schulfuehrung\/files\/2020\/10\/lit_Portrait_Stefan-Ruppaner_20200924_MLR-300x200.jpg 300w, https:\/\/blog.phzh.ch\/schulfuehrung\/files\/2020\/10\/lit_Portrait_Stefan-Ruppaner_20200924_MLR-768x512.jpg 768w, https:\/\/blog.phzh.ch\/schulfuehrung\/files\/2020\/10\/lit_Portrait_Stefan-Ruppaner_20200924_MLR-1536x1024.jpg 1536w, https:\/\/blog.phzh.ch\/schulfuehrung\/files\/2020\/10\/lit_Portrait_Stefan-Ruppaner_20200924_MLR-2048x1365.jpg 2048w\" sizes=\"(max-width: 1024px) 100vw, 1024px\" \/><\/figure><\/div>\n\n\n\n<p><a rel=\"noreferrer noopener\" href=\"https:\/\/phzh.ch\/personen\/niels.anderegg\" target=\"_blank\"><\/a><br>Stefan Ruppaner arbeitet als Schulleiter an der Alemannenschule Wut\u00f6schingen.<\/p>\n\n\n\n<p><\/p>\n\n\n\n<p>Redaktion: Melina Maerten<\/p>\n\n\n\n<p>Titelbild: zVg<\/p>\n","protected":false},"excerpt":{"rendered":"<p>In der Rubrik \u00ab5 Fragen an\u2026\u00bb interviewt Schulleiter Stefan Ruppaner die Schulleiterin Evamaria Brigitta Kaiser zu ihrer Erfahrung im Beruf und reicht den Stafetten-Stab weiter: Evamaria Brigitta Kaiser, was bewegt Sie, eine solche Schule zu besuchen? Mein Beweggrund, hierher zu kommen und ganz grunds\u00e4tzlich Lehrerin, Medienp\u00e4dagogin und nun Schulleiterin zu werden, ist der, dass ich &hellip; <a href=\"https:\/\/blog.phzh.ch\/schulfuehrung\/2021\/10\/08\/5-fragen-an-evamaria-brigitta-kaiser-schulleiterin-kindergarten-und-primarschule-davos-platz\/\" class=\"more-link\"><span class=\"screen-reader-text\">5 Fragen an Evamaria Brigitta Kaiser, Schulleiterin Kindergarten und Primarschule Davos Platz<\/span> weiterlesen<\/a><\/p>\n","protected":false},"author":1392,"featured_media":3512,"comment_status":"open","ping_status":"open","sticky":false,"template":"","format":"standard","meta":{"sfsi_plus_gutenberg_text_before_share":"","sfsi_plus_gutenberg_show_text_before_share":"","sfsi_plus_gutenberg_icon_type":"","sfsi_plus_gutenberg_icon_alignemt":"","sfsi_plus_gutenburg_max_per_row":"","footnotes":""},"categories":[107309,102392],"tags":[109408,45767,109556,28219,4186,45048,109558,106769,44958,109406],"class_list":["post-3505","post","type-post","status-publish","format-standard","has-post-thumbnail","hentry","category-alle-beitraege","category-im-gespraech-mit","tag-alemannenschule-wuetoschingen","tag-bildung","tag-evamaria-brigitta-kaiser","tag-interview","tag-lehrpersonen","tag-paedagogik","tag-primarschule-davos-platz","tag-schulen","tag-schulleitung","tag-stefan-ruppaner-schulleiter"],"yoast_head":"<!-- This site is optimized with the Yoast SEO plugin v26.8 - https:\/\/yoast.com\/product\/yoast-seo-wordpress\/ -->\n<title>5 Fragen an Evamaria Brigitta Kaiser, Schulleiterin Kindergarten und Primarschule Davos Platz - Schulf\u00fchrung<\/title>\n<meta name=\"robots\" content=\"index, follow, max-snippet:-1, max-image-preview:large, max-video-preview:-1\" \/>\n<link rel=\"canonical\" href=\"https:\/\/blog.phzh.ch\/schulfuehrung\/2021\/10\/08\/5-fragen-an-evamaria-brigitta-kaiser-schulleiterin-kindergarten-und-primarschule-davos-platz\/\" \/>\n<meta property=\"og:locale\" content=\"de_DE\" \/>\n<meta property=\"og:type\" content=\"article\" \/>\n<meta property=\"og:title\" content=\"5 Fragen an Evamaria Brigitta Kaiser, Schulleiterin Kindergarten und Primarschule Davos Platz - Schulf\u00fchrung\" \/>\n<meta property=\"og:description\" content=\"In der Rubrik \u00ab5 Fragen an\u2026\u00bb interviewt Schulleiter Stefan Ruppaner die Schulleiterin Evamaria Brigitta Kaiser zu ihrer Erfahrung im Beruf und reicht den Stafetten-Stab weiter: Evamaria Brigitta Kaiser, was bewegt Sie, eine solche Schule zu besuchen? Mein Beweggrund, hierher zu kommen und ganz grunds\u00e4tzlich Lehrerin, Medienp\u00e4dagogin und nun Schulleiterin zu werden, ist der, dass ich &hellip; 5 Fragen an Evamaria Brigitta Kaiser, Schulleiterin Kindergarten und Primarschule Davos Platz weiterlesen\" \/>\n<meta property=\"og:url\" content=\"https:\/\/blog.phzh.ch\/schulfuehrung\/2021\/10\/08\/5-fragen-an-evamaria-brigitta-kaiser-schulleiterin-kindergarten-und-primarschule-davos-platz\/\" \/>\n<meta property=\"og:site_name\" content=\"Schulf\u00fchrung\" \/>\n<meta property=\"article:published_time\" content=\"2021-10-08T02:00:00+00:00\" \/>\n<meta property=\"article:modified_time\" content=\"2021-10-11T07:21:33+00:00\" \/>\n<meta property=\"og:image\" content=\"https:\/\/blog.phzh.ch\/schulfuehrung\/files\/2021\/10\/Portrait-Evamaria-Brigitta-Kaiser-quer-1-scaled.jpg\" \/>\n\t<meta property=\"og:image:width\" content=\"2560\" \/>\n\t<meta property=\"og:image:height\" content=\"1440\" \/>\n\t<meta property=\"og:image:type\" content=\"image\/jpeg\" \/>\n<meta name=\"author\" content=\"melinamaerten\" \/>\n<meta name=\"twitter:card\" content=\"summary_large_image\" \/>\n<meta name=\"twitter:label1\" content=\"Verfasst von\" \/>\n\t<meta name=\"twitter:data1\" content=\"melinamaerten\" \/>\n\t<meta name=\"twitter:label2\" content=\"Gesch\u00e4tzte Lesezeit\" \/>\n\t<meta name=\"twitter:data2\" content=\"4\u00a0Minuten\" \/>\n<script type=\"application\/ld+json\" class=\"yoast-schema-graph\">{\"@context\":\"https:\/\/schema.org\",\"@graph\":[{\"@type\":\"Article\",\"@id\":\"https:\/\/blog.phzh.ch\/schulfuehrung\/2021\/10\/08\/5-fragen-an-evamaria-brigitta-kaiser-schulleiterin-kindergarten-und-primarschule-davos-platz\/#article\",\"isPartOf\":{\"@id\":\"https:\/\/blog.phzh.ch\/schulfuehrung\/2021\/10\/08\/5-fragen-an-evamaria-brigitta-kaiser-schulleiterin-kindergarten-und-primarschule-davos-platz\/\"},\"author\":{\"name\":\"melinamaerten\",\"@id\":\"https:\/\/blog.phzh.ch\/schulfuehrung\/#\/schema\/person\/13544ff30d01e0e5f98444f0696dcefb\"},\"headline\":\"5 Fragen an Evamaria Brigitta Kaiser, Schulleiterin Kindergarten und Primarschule Davos Platz\",\"datePublished\":\"2021-10-08T02:00:00+00:00\",\"dateModified\":\"2021-10-11T07:21:33+00:00\",\"mainEntityOfPage\":{\"@id\":\"https:\/\/blog.phzh.ch\/schulfuehrung\/2021\/10\/08\/5-fragen-an-evamaria-brigitta-kaiser-schulleiterin-kindergarten-und-primarschule-davos-platz\/\"},\"wordCount\":833,\"commentCount\":0,\"image\":{\"@id\":\"https:\/\/blog.phzh.ch\/schulfuehrung\/2021\/10\/08\/5-fragen-an-evamaria-brigitta-kaiser-schulleiterin-kindergarten-und-primarschule-davos-platz\/#primaryimage\"},\"thumbnailUrl\":\"https:\/\/blog.phzh.ch\/schulfuehrung\/files\/2021\/10\/Portrait-Evamaria-Brigitta-Kaiser-quer-1-scaled.jpg\",\"keywords\":[\"Alemannenschule W\u00fctoschingen\",\"Bildung\",\"Evamaria Brigitta Kaiser\",\"Interview\",\"Lehrpersonen\",\"P\u00e4dagogik\",\"Primarschule Davos Platz\",\"Schulen\",\"Schulleitung\",\"Stefan Ruppaner Schulleiter\"],\"articleSection\":[\"Gesamte Beitr\u00e4ge\",\"Im Gespr\u00e4ch mit...\"],\"inLanguage\":\"de\",\"potentialAction\":[{\"@type\":\"CommentAction\",\"name\":\"Comment\",\"target\":[\"https:\/\/blog.phzh.ch\/schulfuehrung\/2021\/10\/08\/5-fragen-an-evamaria-brigitta-kaiser-schulleiterin-kindergarten-und-primarschule-davos-platz\/#respond\"]}]},{\"@type\":\"WebPage\",\"@id\":\"https:\/\/blog.phzh.ch\/schulfuehrung\/2021\/10\/08\/5-fragen-an-evamaria-brigitta-kaiser-schulleiterin-kindergarten-und-primarschule-davos-platz\/\",\"url\":\"https:\/\/blog.phzh.ch\/schulfuehrung\/2021\/10\/08\/5-fragen-an-evamaria-brigitta-kaiser-schulleiterin-kindergarten-und-primarschule-davos-platz\/\",\"name\":\"5 Fragen an Evamaria Brigitta Kaiser, Schulleiterin Kindergarten und Primarschule Davos Platz - Schulf\u00fchrung\",\"isPartOf\":{\"@id\":\"https:\/\/blog.phzh.ch\/schulfuehrung\/#website\"},\"primaryImageOfPage\":{\"@id\":\"https:\/\/blog.phzh.ch\/schulfuehrung\/2021\/10\/08\/5-fragen-an-evamaria-brigitta-kaiser-schulleiterin-kindergarten-und-primarschule-davos-platz\/#primaryimage\"},\"image\":{\"@id\":\"https:\/\/blog.phzh.ch\/schulfuehrung\/2021\/10\/08\/5-fragen-an-evamaria-brigitta-kaiser-schulleiterin-kindergarten-und-primarschule-davos-platz\/#primaryimage\"},\"thumbnailUrl\":\"https:\/\/blog.phzh.ch\/schulfuehrung\/files\/2021\/10\/Portrait-Evamaria-Brigitta-Kaiser-quer-1-scaled.jpg\",\"datePublished\":\"2021-10-08T02:00:00+00:00\",\"dateModified\":\"2021-10-11T07:21:33+00:00\",\"author\":{\"@id\":\"https:\/\/blog.phzh.ch\/schulfuehrung\/#\/schema\/person\/13544ff30d01e0e5f98444f0696dcefb\"},\"breadcrumb\":{\"@id\":\"https:\/\/blog.phzh.ch\/schulfuehrung\/2021\/10\/08\/5-fragen-an-evamaria-brigitta-kaiser-schulleiterin-kindergarten-und-primarschule-davos-platz\/#breadcrumb\"},\"inLanguage\":\"de\",\"potentialAction\":[{\"@type\":\"ReadAction\",\"target\":[\"https:\/\/blog.phzh.ch\/schulfuehrung\/2021\/10\/08\/5-fragen-an-evamaria-brigitta-kaiser-schulleiterin-kindergarten-und-primarschule-davos-platz\/\"]}]},{\"@type\":\"ImageObject\",\"inLanguage\":\"de\",\"@id\":\"https:\/\/blog.phzh.ch\/schulfuehrung\/2021\/10\/08\/5-fragen-an-evamaria-brigitta-kaiser-schulleiterin-kindergarten-und-primarschule-davos-platz\/#primaryimage\",\"url\":\"https:\/\/blog.phzh.ch\/schulfuehrung\/files\/2021\/10\/Portrait-Evamaria-Brigitta-Kaiser-quer-1-scaled.jpg\",\"contentUrl\":\"https:\/\/blog.phzh.ch\/schulfuehrung\/files\/2021\/10\/Portrait-Evamaria-Brigitta-Kaiser-quer-1-scaled.jpg\",\"width\":2560,\"height\":1440,\"caption\":\"Portraifotos von Evamaria Kaiser, Ruggeller-Riet. Foto: \u00a9Paul J. Trummer\"},{\"@type\":\"BreadcrumbList\",\"@id\":\"https:\/\/blog.phzh.ch\/schulfuehrung\/2021\/10\/08\/5-fragen-an-evamaria-brigitta-kaiser-schulleiterin-kindergarten-und-primarschule-davos-platz\/#breadcrumb\",\"itemListElement\":[{\"@type\":\"ListItem\",\"position\":1,\"name\":\"Startseite\",\"item\":\"https:\/\/blog.phzh.ch\/schulfuehrung\/\"},{\"@type\":\"ListItem\",\"position\":2,\"name\":\"5 Fragen an Evamaria Brigitta Kaiser, Schulleiterin Kindergarten und Primarschule Davos Platz\"}]},{\"@type\":\"WebSite\",\"@id\":\"https:\/\/blog.phzh.ch\/schulfuehrung\/#website\",\"url\":\"https:\/\/blog.phzh.ch\/schulfuehrung\/\",\"name\":\"Schulf\u00fchrung\",\"description\":\"phzh.ch\/schulfuehrung\",\"potentialAction\":[{\"@type\":\"SearchAction\",\"target\":{\"@type\":\"EntryPoint\",\"urlTemplate\":\"https:\/\/blog.phzh.ch\/schulfuehrung\/?s={search_term_string}\"},\"query-input\":{\"@type\":\"PropertyValueSpecification\",\"valueRequired\":true,\"valueName\":\"search_term_string\"}}],\"inLanguage\":\"de\"},{\"@type\":\"Person\",\"@id\":\"https:\/\/blog.phzh.ch\/schulfuehrung\/#\/schema\/person\/13544ff30d01e0e5f98444f0696dcefb\",\"name\":\"melinamaerten\",\"image\":{\"@type\":\"ImageObject\",\"inLanguage\":\"de\",\"@id\":\"https:\/\/blog.phzh.ch\/schulfuehrung\/#\/schema\/person\/image\/\",\"url\":\"https:\/\/secure.gravatar.com\/avatar\/581b196899ac4a61b7e20a29f4dd52fe?s=96&d=mm&r=g\",\"contentUrl\":\"https:\/\/secure.gravatar.com\/avatar\/581b196899ac4a61b7e20a29f4dd52fe?s=96&d=mm&r=g\",\"caption\":\"melinamaerten\"},\"url\":\"https:\/\/blog.phzh.ch\/schulfuehrung\/author\/melinamaerten\/\"}]}<\/script>\n<!-- \/ Yoast SEO plugin. -->","yoast_head_json":{"title":"5 Fragen an Evamaria Brigitta Kaiser, Schulleiterin Kindergarten und Primarschule Davos Platz - Schulf\u00fchrung","robots":{"index":"index","follow":"follow","max-snippet":"max-snippet:-1","max-image-preview":"max-image-preview:large","max-video-preview":"max-video-preview:-1"},"canonical":"https:\/\/blog.phzh.ch\/schulfuehrung\/2021\/10\/08\/5-fragen-an-evamaria-brigitta-kaiser-schulleiterin-kindergarten-und-primarschule-davos-platz\/","og_locale":"de_DE","og_type":"article","og_title":"5 Fragen an Evamaria Brigitta Kaiser, Schulleiterin Kindergarten und Primarschule Davos Platz - Schulf\u00fchrung","og_description":"In der Rubrik \u00ab5 Fragen an\u2026\u00bb interviewt Schulleiter Stefan Ruppaner die Schulleiterin Evamaria Brigitta Kaiser zu ihrer Erfahrung im Beruf und reicht den Stafetten-Stab weiter: Evamaria Brigitta Kaiser, was bewegt Sie, eine solche Schule zu besuchen? Mein Beweggrund, hierher zu kommen und ganz grunds\u00e4tzlich Lehrerin, Medienp\u00e4dagogin und nun Schulleiterin zu werden, ist der, dass ich &hellip; 5 Fragen an Evamaria Brigitta Kaiser, Schulleiterin Kindergarten und Primarschule Davos Platz weiterlesen","og_url":"https:\/\/blog.phzh.ch\/schulfuehrung\/2021\/10\/08\/5-fragen-an-evamaria-brigitta-kaiser-schulleiterin-kindergarten-und-primarschule-davos-platz\/","og_site_name":"Schulf\u00fchrung","article_published_time":"2021-10-08T02:00:00+00:00","article_modified_time":"2021-10-11T07:21:33+00:00","og_image":[{"width":2560,"height":1440,"url":"https:\/\/blog.phzh.ch\/schulfuehrung\/files\/2021\/10\/Portrait-Evamaria-Brigitta-Kaiser-quer-1-scaled.jpg","type":"image\/jpeg"}],"author":"melinamaerten","twitter_card":"summary_large_image","twitter_misc":{"Verfasst von":"melinamaerten","Gesch\u00e4tzte Lesezeit":"4\u00a0Minuten"},"schema":{"@context":"https:\/\/schema.org","@graph":[{"@type":"Article","@id":"https:\/\/blog.phzh.ch\/schulfuehrung\/2021\/10\/08\/5-fragen-an-evamaria-brigitta-kaiser-schulleiterin-kindergarten-und-primarschule-davos-platz\/#article","isPartOf":{"@id":"https:\/\/blog.phzh.ch\/schulfuehrung\/2021\/10\/08\/5-fragen-an-evamaria-brigitta-kaiser-schulleiterin-kindergarten-und-primarschule-davos-platz\/"},"author":{"name":"melinamaerten","@id":"https:\/\/blog.phzh.ch\/schulfuehrung\/#\/schema\/person\/13544ff30d01e0e5f98444f0696dcefb"},"headline":"5 Fragen an Evamaria Brigitta Kaiser, Schulleiterin Kindergarten und Primarschule Davos Platz","datePublished":"2021-10-08T02:00:00+00:00","dateModified":"2021-10-11T07:21:33+00:00","mainEntityOfPage":{"@id":"https:\/\/blog.phzh.ch\/schulfuehrung\/2021\/10\/08\/5-fragen-an-evamaria-brigitta-kaiser-schulleiterin-kindergarten-und-primarschule-davos-platz\/"},"wordCount":833,"commentCount":0,"image":{"@id":"https:\/\/blog.phzh.ch\/schulfuehrung\/2021\/10\/08\/5-fragen-an-evamaria-brigitta-kaiser-schulleiterin-kindergarten-und-primarschule-davos-platz\/#primaryimage"},"thumbnailUrl":"https:\/\/blog.phzh.ch\/schulfuehrung\/files\/2021\/10\/Portrait-Evamaria-Brigitta-Kaiser-quer-1-scaled.jpg","keywords":["Alemannenschule W\u00fctoschingen","Bildung","Evamaria Brigitta Kaiser","Interview","Lehrpersonen","P\u00e4dagogik","Primarschule Davos Platz","Schulen","Schulleitung","Stefan Ruppaner Schulleiter"],"articleSection":["Gesamte Beitr\u00e4ge","Im Gespr\u00e4ch mit..."],"inLanguage":"de","potentialAction":[{"@type":"CommentAction","name":"Comment","target":["https:\/\/blog.phzh.ch\/schulfuehrung\/2021\/10\/08\/5-fragen-an-evamaria-brigitta-kaiser-schulleiterin-kindergarten-und-primarschule-davos-platz\/#respond"]}]},{"@type":"WebPage","@id":"https:\/\/blog.phzh.ch\/schulfuehrung\/2021\/10\/08\/5-fragen-an-evamaria-brigitta-kaiser-schulleiterin-kindergarten-und-primarschule-davos-platz\/","url":"https:\/\/blog.phzh.ch\/schulfuehrung\/2021\/10\/08\/5-fragen-an-evamaria-brigitta-kaiser-schulleiterin-kindergarten-und-primarschule-davos-platz\/","name":"5 Fragen an Evamaria Brigitta Kaiser, Schulleiterin Kindergarten und Primarschule Davos Platz - Schulf\u00fchrung","isPartOf":{"@id":"https:\/\/blog.phzh.ch\/schulfuehrung\/#website"},"primaryImageOfPage":{"@id":"https:\/\/blog.phzh.ch\/schulfuehrung\/2021\/10\/08\/5-fragen-an-evamaria-brigitta-kaiser-schulleiterin-kindergarten-und-primarschule-davos-platz\/#primaryimage"},"image":{"@id":"https:\/\/blog.phzh.ch\/schulfuehrung\/2021\/10\/08\/5-fragen-an-evamaria-brigitta-kaiser-schulleiterin-kindergarten-und-primarschule-davos-platz\/#primaryimage"},"thumbnailUrl":"https:\/\/blog.phzh.ch\/schulfuehrung\/files\/2021\/10\/Portrait-Evamaria-Brigitta-Kaiser-quer-1-scaled.jpg","datePublished":"2021-10-08T02:00:00+00:00","dateModified":"2021-10-11T07:21:33+00:00","author":{"@id":"https:\/\/blog.phzh.ch\/schulfuehrung\/#\/schema\/person\/13544ff30d01e0e5f98444f0696dcefb"},"breadcrumb":{"@id":"https:\/\/blog.phzh.ch\/schulfuehrung\/2021\/10\/08\/5-fragen-an-evamaria-brigitta-kaiser-schulleiterin-kindergarten-und-primarschule-davos-platz\/#breadcrumb"},"inLanguage":"de","potentialAction":[{"@type":"ReadAction","target":["https:\/\/blog.phzh.ch\/schulfuehrung\/2021\/10\/08\/5-fragen-an-evamaria-brigitta-kaiser-schulleiterin-kindergarten-und-primarschule-davos-platz\/"]}]},{"@type":"ImageObject","inLanguage":"de","@id":"https:\/\/blog.phzh.ch\/schulfuehrung\/2021\/10\/08\/5-fragen-an-evamaria-brigitta-kaiser-schulleiterin-kindergarten-und-primarschule-davos-platz\/#primaryimage","url":"https:\/\/blog.phzh.ch\/schulfuehrung\/files\/2021\/10\/Portrait-Evamaria-Brigitta-Kaiser-quer-1-scaled.jpg","contentUrl":"https:\/\/blog.phzh.ch\/schulfuehrung\/files\/2021\/10\/Portrait-Evamaria-Brigitta-Kaiser-quer-1-scaled.jpg","width":2560,"height":1440,"caption":"Portraifotos von Evamaria Kaiser, Ruggeller-Riet. Foto: \u00a9Paul J. Trummer"},{"@type":"BreadcrumbList","@id":"https:\/\/blog.phzh.ch\/schulfuehrung\/2021\/10\/08\/5-fragen-an-evamaria-brigitta-kaiser-schulleiterin-kindergarten-und-primarschule-davos-platz\/#breadcrumb","itemListElement":[{"@type":"ListItem","position":1,"name":"Startseite","item":"https:\/\/blog.phzh.ch\/schulfuehrung\/"},{"@type":"ListItem","position":2,"name":"5 Fragen an Evamaria Brigitta Kaiser, Schulleiterin Kindergarten und Primarschule Davos Platz"}]},{"@type":"WebSite","@id":"https:\/\/blog.phzh.ch\/schulfuehrung\/#website","url":"https:\/\/blog.phzh.ch\/schulfuehrung\/","name":"Schulf\u00fchrung","description":"phzh.ch\/schulfuehrung","potentialAction":[{"@type":"SearchAction","target":{"@type":"EntryPoint","urlTemplate":"https:\/\/blog.phzh.ch\/schulfuehrung\/?s={search_term_string}"},"query-input":{"@type":"PropertyValueSpecification","valueRequired":true,"valueName":"search_term_string"}}],"inLanguage":"de"},{"@type":"Person","@id":"https:\/\/blog.phzh.ch\/schulfuehrung\/#\/schema\/person\/13544ff30d01e0e5f98444f0696dcefb","name":"melinamaerten","image":{"@type":"ImageObject","inLanguage":"de","@id":"https:\/\/blog.phzh.ch\/schulfuehrung\/#\/schema\/person\/image\/","url":"https:\/\/secure.gravatar.com\/avatar\/581b196899ac4a61b7e20a29f4dd52fe?s=96&d=mm&r=g","contentUrl":"https:\/\/secure.gravatar.com\/avatar\/581b196899ac4a61b7e20a29f4dd52fe?s=96&d=mm&r=g","caption":"melinamaerten"},"url":"https:\/\/blog.phzh.ch\/schulfuehrung\/author\/melinamaerten\/"}]}},"_links":{"self":[{"href":"https:\/\/blog.phzh.ch\/schulfuehrung\/wp-json\/wp\/v2\/posts\/3505","targetHints":{"allow":["GET"]}}],"collection":[{"href":"https:\/\/blog.phzh.ch\/schulfuehrung\/wp-json\/wp\/v2\/posts"}],"about":[{"href":"https:\/\/blog.phzh.ch\/schulfuehrung\/wp-json\/wp\/v2\/types\/post"}],"author":[{"embeddable":true,"href":"https:\/\/blog.phzh.ch\/schulfuehrung\/wp-json\/wp\/v2\/users\/1392"}],"replies":[{"embeddable":true,"href":"https:\/\/blog.phzh.ch\/schulfuehrung\/wp-json\/wp\/v2\/comments?post=3505"}],"version-history":[{"count":2,"href":"https:\/\/blog.phzh.ch\/schulfuehrung\/wp-json\/wp\/v2\/posts\/3505\/revisions"}],"predecessor-version":[{"id":3510,"href":"https:\/\/blog.phzh.ch\/schulfuehrung\/wp-json\/wp\/v2\/posts\/3505\/revisions\/3510"}],"wp:featuredmedia":[{"embeddable":true,"href":"https:\/\/blog.phzh.ch\/schulfuehrung\/wp-json\/wp\/v2\/media\/3512"}],"wp:attachment":[{"href":"https:\/\/blog.phzh.ch\/schulfuehrung\/wp-json\/wp\/v2\/media?parent=3505"}],"wp:term":[{"taxonomy":"category","embeddable":true,"href":"https:\/\/blog.phzh.ch\/schulfuehrung\/wp-json\/wp\/v2\/categories?post=3505"},{"taxonomy":"post_tag","embeddable":true,"href":"https:\/\/blog.phzh.ch\/schulfuehrung\/wp-json\/wp\/v2\/tags?post=3505"}],"curies":[{"name":"wp","href":"https:\/\/api.w.org\/{rel}","templated":true}]}}