{"id":3327,"date":"2021-07-09T04:00:00","date_gmt":"2021-07-09T02:00:00","guid":{"rendered":"https:\/\/blog.phzh.ch\/schulfuehrung\/?p=3327"},"modified":"2021-06-21T16:48:30","modified_gmt":"2021-06-21T14:48:30","slug":"gute-fuehrung-faktoren-und-vorstellungen-von-interdisziplinaeren-berufsgruppen","status":"publish","type":"post","link":"https:\/\/blog.phzh.ch\/schulfuehrung\/2021\/07\/09\/gute-fuehrung-faktoren-und-vorstellungen-von-interdisziplinaeren-berufsgruppen\/","title":{"rendered":"Gute F\u00fchrung \u2013 Faktoren und Vorstellungen von interdisziplin\u00e4ren Berufsgruppen"},"content":{"rendered":"\n<p><strong>In Schulen trifft man auf verschiedene Auff\u00e4lligkeiten an: Spracherwerbsst\u00f6rung, Autismus-Spektrum-St\u00f6rung, Aufmerksamkeitsdefizit-Hyperaktivit\u00e4tsst\u00f6rung, psychische Traumata, St\u00f6rung des Sozialverhaltens, \u00c4ngste, depressive St\u00f6rung, Enkopresis, Enuresis und Allergien. F\u00fcr das Unterrichten von Kindern mit einer solchen Auff\u00e4lligkeit wird immer mehr in interdisziplin\u00e4ren Teams gearbeitet. Diese haben die anspruchsvolle Aufgabe, die Kindergruppen zu unterrichten, zu therapieren und zu betreuen. Dies fordert von allen Teammitgliedern grosses fachliches Know-how, Flexibilit\u00e4t und Teamf\u00e4higkeit.&nbsp; Till Lother, Bereichsleiter Schule und integrative Sonderschulung, Sprachheilschule Unter\u00e4geri, teilt mit uns seine Erkenntnisse aus seiner MAS Forschungsarbeit zum Thema \u00abZusammenarbeit in interdisziplin\u00e4ren Teams\u00bb.<\/strong><\/p>\n\n\n\n<p>\u00dcberall, wo Menschen aus verschiedenen Fachrichtungen zusammenarbeiten, gibt es Auseinandersetzungen, andere Erwartungshaltungen, andere Grundwerte und verschiedene F\u00fchrungsverst\u00e4ndnisse. Die F\u00fchrungsarbeit von interdisziplin\u00e4ren Teams ist sehr vielseitig und spannend, aber auch sehr anspruchsvoll und herausfordernd. Es m\u00fcssen oft unpopul\u00e4re und nicht den Erwartungen entsprechende Entscheide getroffen werden.<\/p>\n\n\n<p><!--more--><\/p>\n\n\n<p>Jochen Sch\u00fcmann (2008), Steuermann und Sportdirektor von Alinghi mit einem Team von 15 verschiedenen Nationen, fasste es so zusammen: \u00abRussell und mir lag viel daran, in unserem Team keine Egos heranwachsen zu lassen. Wir haben uns weder gescheut, einen zu \u00fcberm\u00fctigen Segler f\u00fcr eine Weile vom Boot zu nehmen, noch davor, t\u00e4glich die Positionen wechseln zu lassen, bis alle im Team unsere Botschaft begriffen hatten. Ich denke, wir haben von Anfang an ein relativ striktes Regiment gegen allzu abgehobene Spr\u00fcche und schr\u00e4ge Egos gef\u00fchrt. Unsere Disziplin hat zu einem Zusammenr\u00fccken des gesamten Teams gef\u00fchrt\u00bb (S. 14).<\/p>\n\n\n\n<p>Als Grundlage ist es wichtig, dass man sich in seiner F\u00fchrungsrolle wohlf\u00fchlt und dabei authentisch bleibt. Dass es auch immer pers\u00f6nliche und zwischenmenschliche Aspekte gibt, welche die einen bevorzugen und andere eher ablehnen, ist ganz normal. Trotzdem sollte man als F\u00fchrungskraft auf professioneller Ebene m\u00f6glichst allen Mitarbeitenden gerecht werden k\u00f6nnen, was wiederum eine grosse Herausforderung darstellt.<\/p>\n\n\n\n<p><strong>MAS Arbeit zum Thema \u00abZusammenarbeit in interdisziplin\u00e4ren Teams\u00bb<\/strong><strong><\/strong><\/p>\n\n\n\n<p>Meine Masterarbeit untersucht, welche Faktoren eine gute F\u00fchrung auszeichnen und ob es disziplin\u00e4re Unterschiede bei den Vorstellungen einer guten F\u00fchrung gibt. Um die Fragestellungen zu kl\u00e4ren, werden mit <strong>vier verschiedenen Berufsgruppen (Sozial-p\u00e4dagoginnen und Sozialp\u00e4dagogen, Heilp\u00e4dagogen und Heilp\u00e4dagoginnen sowie Logop\u00e4dinnen und Ergotherapeutinnen)<\/strong> Gespr\u00e4che gef\u00fchrt. Die zentralen Aussagen in diesen Gruppendiskussionen werden transkribiert und danach qualitativ anhand der dokumentarischen Methode ausgewertet. Zus\u00e4tzlich zur Durchf\u00fchrung der Untersuchung wird die Literatur zu diesem Thema durchforscht und die wichtigsten Erkenntnisse werden dargelegt.<\/p>\n\n\n\n<p>Sowohl in der Theorie wie auch in der Empirie zeigt sich, dass verschiedene Faktoren wie eine klare Vision und Kommunikation, Vertrauen, Wertsch\u00e4tzung und Unterst\u00fctzung der Mitarbeitenden f\u00fcr eine Schulleitung essenziell sind. Es kristallisieren sich elf Faktoren heraus, die eine gute F\u00fchrung auszeichnet (siehe Titelbild). Die Vorstellung einer guten F\u00fchrung vonseiten der Mitarbeitenden ist oft deckungsgleich. Es gibt aber disziplin\u00e4re Unterschiede. Alle Bereiche haben ein oder zwei Themen, die f\u00fcr sie zentral sind. Diese zentralen Themen findet man aber auch in den anderen Bereichen. Sie werden dort eher am Rande besprochen. Im Weiteren werden die verschiedenen Bereiche analysiert und das Fokusthema herausgesch\u00e4lt.&nbsp;<\/p>\n\n\n\n<p><strong>Die Heilp\u00e4dagoginnen und Heilp\u00e4dagogen<\/strong> finden es wichtig, dass die Schulleitung eine klare Linie verfolgt und bei Themen ihre Haltung vertritt. Dazu geh\u00f6rt, Entscheide zu f\u00e4llen und hinter diesen zu stehen. Dieser Punkt taucht am Rande auch bei den Logop\u00e4dinnen auf.&nbsp;&nbsp;<\/p>\n\n\n\n<p><strong>Die Logop\u00e4den und Logop\u00e4dinnen<\/strong> erachten es als wesentlich, dass die Schulleitung klare Rahmenbedingungen setzt. Die Strukturen und Abl\u00e4ufe im Schulalltag m\u00fcssen gekl\u00e4rt sein und die Mitarbeitenden m\u00fcssen wissen, was von ihnen erwartet wird. Zudem ist die Autonomie im Beruf f\u00fcr die Logop\u00e4dinnen essenziell. Sie wollen St\u00e4rken und neue Ideen einbringen und ihren Berufsalltag kreativ gestalten k\u00f6nnen. Diese zwei Punkte findet man in allen anderen Bereichen als Nebenthemen.<\/p>\n\n\n\n<p><strong>F\u00fcr die Sozialp\u00e4dagoginnen<\/strong> <strong>und Sozialp\u00e4dagogen<\/strong> ist es relevant, dass die Schulleitung individuell f\u00fchrt. Empathie und Interesse am individuellen Menschen sind ebenso wichtig wie ein offenes Ohr auch f\u00fcr pers\u00f6nliche Anliegen. Dieser Aspekt taucht am Rande auch bei den Heilp\u00e4dagoginnen und Heilp\u00e4dagogen und bei den Logop\u00e4dinnen auf.<\/p>\n\n\n\n<p><strong>Die Ergotherapeutinnen und Ergotherapeuten<\/strong> sch\u00e4tzen es als bedeutsam ein, dass die Schulleitung offen gegen\u00fcber Anliegen ist. Sie hat ein offenes Ohr f\u00fcr Anliegen und Fragen und nimmt diese ernst. Sie nimmt sich Zeit, sie anzuh\u00f6ren und ist gegen\u00fcber den Mitarbeitenden auf Augenh\u00f6he. Diesen Punkt findet man in keinem anderen Bereich.<\/p>\n\n\n\n<p>Diese Ergebnisse sind nicht abschliessend und k\u00f6nnen sicherlich noch erg\u00e4nzt werden. Es kann hilfreich sein, beim \u00dcbernehmen einer F\u00fchrungsposition oder einer Selbstreflexion als Schulleiter:in diese Faktoren pr\u00e4sent zu haben. Es sind Grundthemen, die bei einer guten F\u00fchrung eine wichtige Rolle spielen. Auch das klare Bewusstsein von F\u00fchren verschiedener Berufsgruppen ist essenziell. Es gibt bei den Vorstellungen einer guten F\u00fchrung disziplin\u00e4re Unterschiede und man ist gut beraten, wenn man diese als Schulleitung ansatzweise kennt.<\/p>\n\n\n\n<p><strong>Was mir die Erkenntnisse als Schulleiter heute bringen<\/strong><\/p>\n\n\n\n<p>Ich bekam einen vertieften Einblick in das Thema \u00abErwartung an eine F\u00fchrungsperson in interdisziplin\u00e4ren Teams\u00bb. Durch die Gruppendiskussionen und meine eigenen Erfahrungen sp\u00fcrte ich, dass dieses Thema bei den Mitarbeitenden im Schulalltag aktuell ist.<\/p>\n\n\n\n<p>Der pers\u00f6nliche Nutzen dieser Arbeit war sehr gross. Einerseits lernte ich das F\u00fchren einer Gruppendiskussion und das qualitative Forschen kennen und anderseits eignete ich mir ein grosses Fachwissen \u00fcber das Thema \u00abF\u00fchrung\u00bb an. Die gewonnenen Erkenntnisse kann ich direkt in meinem Berufsalltag als Schulleiter anwenden und weiterentwickeln. Es hilft mir, in schwierigen Situationen professionell zu handeln und zu reagieren.<\/p>\n\n\n\n<p>Zudem werde ich n\u00e4chstes Schuljahr die p\u00e4dagogisch-therapeutische Leitung an der Sprachheilschule Unter\u00e4geri \u00fcbernehmen. Diese beinhaltet die F\u00fchrung von vier verschiedenen Berufsgruppen. Das Wissen der verschiedenen disziplinarischen Vorstellungen von F\u00fchrung hilft mir, mich in den verschiedenen Bereichssitzungen angemessen zu verhalten. Dies gibt mir die M\u00f6glichkeit, auf die Eigenheiten der Berufsgruppen R\u00fccksicht zu nehmen.&nbsp;&nbsp;&nbsp;<\/p>\n\n\n\n<h2 class=\"wp-block-heading\">Zum Autor<\/h2>\n\n\n\n<div class=\"wp-block-image\"><figure class=\"alignleft size-large is-resized\"><img decoding=\"async\" src=\"http:\/\/blog.phzh.ch\/schulfuehrung\/files\/2021\/07\/lit_Portrait_Till-Lother-1024x1024.jpg\" alt=\"Till Lother\" class=\"wp-image-3332\" width=\"127\" srcset=\"https:\/\/blog.phzh.ch\/schulfuehrung\/files\/2021\/07\/lit_Portrait_Till-Lother-1024x1024.jpg 1024w, https:\/\/blog.phzh.ch\/schulfuehrung\/files\/2021\/07\/lit_Portrait_Till-Lother-300x300.jpg 300w, https:\/\/blog.phzh.ch\/schulfuehrung\/files\/2021\/07\/lit_Portrait_Till-Lother-150x150.jpg 150w, https:\/\/blog.phzh.ch\/schulfuehrung\/files\/2021\/07\/lit_Portrait_Till-Lother-768x768.jpg 768w, https:\/\/blog.phzh.ch\/schulfuehrung\/files\/2021\/07\/lit_Portrait_Till-Lother.jpg 1252w\" sizes=\"(max-width: 1024px) 100vw, 1024px\" \/><\/figure><\/div>\n\n\n\n<p><a rel=\"noreferrer noopener\" href=\"https:\/\/www.sprachi-unteraegeri.ch\/sprachheilschule\/mitarbeitende\" target=\"_blank\">Till Lother <\/a>arbeitet an der <a rel=\"noreferrer noopener\" href=\"https:\/\/www.sprachi-unteraegeri.ch\/\" target=\"_blank\">Sprachheilschule Unter\u00e4geri <\/a>in den Funktionen Bereichsleitung Team IS, Bereichsleiter Schule, Schulischer Heilp\u00e4dagoge (MS I). Er machte seine Ausbildung als Primarlehrer, Schulischer Heilp\u00e4dagoge sowie Schulleiter CAS, DAS, MAS (noch nicht beendet.)<\/p>\n\n\n\n<p><\/p>\n\n\n\n<p>Redaktion: Melina Maerten<\/p>\n\n\n\n<p>Titelbild: zVg<\/p>\n","protected":false},"excerpt":{"rendered":"<p>In Schulen trifft man auf verschiedene Auff\u00e4lligkeiten an: Spracherwerbsst\u00f6rung, Autismus-Spektrum-St\u00f6rung, Aufmerksamkeitsdefizit-Hyperaktivit\u00e4tsst\u00f6rung, psychische Traumata, St\u00f6rung des Sozialverhaltens, \u00c4ngste, depressive St\u00f6rung, Enkopresis, Enuresis und Allergien. F\u00fcr das Unterrichten von Kindern mit einer solchen Auff\u00e4lligkeit wird immer mehr in interdisziplin\u00e4ren Teams gearbeitet. Diese haben die anspruchsvolle Aufgabe, die Kindergruppen zu unterrichten, zu therapieren und zu betreuen. Dies fordert &hellip; <a href=\"https:\/\/blog.phzh.ch\/schulfuehrung\/2021\/07\/09\/gute-fuehrung-faktoren-und-vorstellungen-von-interdisziplinaeren-berufsgruppen\/\" class=\"more-link\"><span class=\"screen-reader-text\">Gute F\u00fchrung \u2013 Faktoren und Vorstellungen von interdisziplin\u00e4ren Berufsgruppen<\/span> weiterlesen<\/a><\/p>\n","protected":false},"author":1392,"featured_media":3338,"comment_status":"open","ping_status":"open","sticky":false,"template":"","format":"standard","meta":{"sfsi_plus_gutenberg_text_before_share":"","sfsi_plus_gutenberg_show_text_before_share":"","sfsi_plus_gutenberg_icon_type":"","sfsi_plus_gutenberg_icon_alignemt":"","sfsi_plus_gutenburg_max_per_row":"","footnotes":""},"categories":[106793,107309],"tags":[109522,109526,109509,109519,109525,44920,78970,109523,109517,109520],"class_list":["post-3327","post","type-post","status-publish","format-standard","has-post-thumbnail","hentry","category-aus-dem-tagebuch","category-alle-beitraege","tag-auffaelligkeiten","tag-ergotherapeuten","tag-heilpaedagogen","tag-interdisziplinaere-berufsgruppen","tag-logopaeden","tag-masterarbeit","tag-schulfuehrung","tag-sozialpaedagogen","tag-till-lother","tag-zusammenarbeit-in-interdisziplinaeren-teams"],"yoast_head":"<!-- This site is optimized with the Yoast SEO plugin v26.8 - https:\/\/yoast.com\/product\/yoast-seo-wordpress\/ -->\n<title>Gute F\u00fchrung \u2013 Faktoren und Vorstellungen von interdisziplin\u00e4ren Berufsgruppen - Schulf\u00fchrung<\/title>\n<meta name=\"robots\" content=\"index, follow, max-snippet:-1, max-image-preview:large, max-video-preview:-1\" \/>\n<link rel=\"canonical\" href=\"https:\/\/blog.phzh.ch\/schulfuehrung\/2021\/07\/09\/gute-fuehrung-faktoren-und-vorstellungen-von-interdisziplinaeren-berufsgruppen\/\" \/>\n<meta property=\"og:locale\" content=\"de_DE\" \/>\n<meta property=\"og:type\" content=\"article\" \/>\n<meta property=\"og:title\" content=\"Gute F\u00fchrung \u2013 Faktoren und Vorstellungen von interdisziplin\u00e4ren Berufsgruppen - Schulf\u00fchrung\" \/>\n<meta property=\"og:description\" content=\"In Schulen trifft man auf verschiedene Auff\u00e4lligkeiten an: Spracherwerbsst\u00f6rung, Autismus-Spektrum-St\u00f6rung, Aufmerksamkeitsdefizit-Hyperaktivit\u00e4tsst\u00f6rung, psychische Traumata, St\u00f6rung des Sozialverhaltens, \u00c4ngste, depressive St\u00f6rung, Enkopresis, Enuresis und Allergien. F\u00fcr das Unterrichten von Kindern mit einer solchen Auff\u00e4lligkeit wird immer mehr in interdisziplin\u00e4ren Teams gearbeitet. Diese haben die anspruchsvolle Aufgabe, die Kindergruppen zu unterrichten, zu therapieren und zu betreuen. Dies fordert &hellip; Gute F\u00fchrung \u2013 Faktoren und Vorstellungen von interdisziplin\u00e4ren Berufsgruppen weiterlesen\" \/>\n<meta property=\"og:url\" content=\"https:\/\/blog.phzh.ch\/schulfuehrung\/2021\/07\/09\/gute-fuehrung-faktoren-und-vorstellungen-von-interdisziplinaeren-berufsgruppen\/\" \/>\n<meta property=\"og:site_name\" content=\"Schulf\u00fchrung\" \/>\n<meta property=\"article:published_time\" content=\"2021-07-09T02:00:00+00:00\" \/>\n<meta property=\"og:image\" content=\"https:\/\/blog.phzh.ch\/schulfuehrung\/files\/2021\/07\/lit_Titelbild_Adressatengerechter-Fachtext_Lother-Till_20210504_MLR_quer.jpg\" \/>\n\t<meta property=\"og:image:width\" content=\"576\" \/>\n\t<meta property=\"og:image:height\" content=\"599\" \/>\n\t<meta property=\"og:image:type\" content=\"image\/jpeg\" \/>\n<meta name=\"author\" content=\"melinamaerten\" \/>\n<meta name=\"twitter:card\" content=\"summary_large_image\" \/>\n<meta name=\"twitter:label1\" content=\"Verfasst von\" \/>\n\t<meta name=\"twitter:data1\" content=\"melinamaerten\" \/>\n\t<meta name=\"twitter:label2\" content=\"Gesch\u00e4tzte Lesezeit\" \/>\n\t<meta name=\"twitter:data2\" content=\"5\u00a0Minuten\" \/>\n<script type=\"application\/ld+json\" class=\"yoast-schema-graph\">{\"@context\":\"https:\/\/schema.org\",\"@graph\":[{\"@type\":\"Article\",\"@id\":\"https:\/\/blog.phzh.ch\/schulfuehrung\/2021\/07\/09\/gute-fuehrung-faktoren-und-vorstellungen-von-interdisziplinaeren-berufsgruppen\/#article\",\"isPartOf\":{\"@id\":\"https:\/\/blog.phzh.ch\/schulfuehrung\/2021\/07\/09\/gute-fuehrung-faktoren-und-vorstellungen-von-interdisziplinaeren-berufsgruppen\/\"},\"author\":{\"name\":\"melinamaerten\",\"@id\":\"https:\/\/blog.phzh.ch\/schulfuehrung\/#\/schema\/person\/13544ff30d01e0e5f98444f0696dcefb\"},\"headline\":\"Gute F\u00fchrung \u2013 Faktoren und Vorstellungen von interdisziplin\u00e4ren Berufsgruppen\",\"datePublished\":\"2021-07-09T02:00:00+00:00\",\"mainEntityOfPage\":{\"@id\":\"https:\/\/blog.phzh.ch\/schulfuehrung\/2021\/07\/09\/gute-fuehrung-faktoren-und-vorstellungen-von-interdisziplinaeren-berufsgruppen\/\"},\"wordCount\":1068,\"commentCount\":0,\"image\":{\"@id\":\"https:\/\/blog.phzh.ch\/schulfuehrung\/2021\/07\/09\/gute-fuehrung-faktoren-und-vorstellungen-von-interdisziplinaeren-berufsgruppen\/#primaryimage\"},\"thumbnailUrl\":\"https:\/\/blog.phzh.ch\/schulfuehrung\/files\/2021\/07\/lit_Titelbild_Adressatengerechter-Fachtext_Lother-Till_20210504_MLR_quer.jpg\",\"keywords\":[\"Auff\u00e4lligkeiten\",\"Ergotherapeuten\",\"Heilp\u00e4dagogen\",\"interdisziplin\u00e4re Berufsgruppen\",\"Logop\u00e4den\",\"Masterarbeit\",\"Schulf\u00fchrung\",\"Sozialp\u00e4dagogen\",\"Till Lother\",\"Zusammenarbeit in interdisziplin\u00e4ren Teams\"],\"articleSection\":[\"Aus dem Tagebuch\",\"Gesamte Beitr\u00e4ge\"],\"inLanguage\":\"de\",\"potentialAction\":[{\"@type\":\"CommentAction\",\"name\":\"Comment\",\"target\":[\"https:\/\/blog.phzh.ch\/schulfuehrung\/2021\/07\/09\/gute-fuehrung-faktoren-und-vorstellungen-von-interdisziplinaeren-berufsgruppen\/#respond\"]}]},{\"@type\":\"WebPage\",\"@id\":\"https:\/\/blog.phzh.ch\/schulfuehrung\/2021\/07\/09\/gute-fuehrung-faktoren-und-vorstellungen-von-interdisziplinaeren-berufsgruppen\/\",\"url\":\"https:\/\/blog.phzh.ch\/schulfuehrung\/2021\/07\/09\/gute-fuehrung-faktoren-und-vorstellungen-von-interdisziplinaeren-berufsgruppen\/\",\"name\":\"Gute F\u00fchrung \u2013 Faktoren und Vorstellungen von interdisziplin\u00e4ren Berufsgruppen - Schulf\u00fchrung\",\"isPartOf\":{\"@id\":\"https:\/\/blog.phzh.ch\/schulfuehrung\/#website\"},\"primaryImageOfPage\":{\"@id\":\"https:\/\/blog.phzh.ch\/schulfuehrung\/2021\/07\/09\/gute-fuehrung-faktoren-und-vorstellungen-von-interdisziplinaeren-berufsgruppen\/#primaryimage\"},\"image\":{\"@id\":\"https:\/\/blog.phzh.ch\/schulfuehrung\/2021\/07\/09\/gute-fuehrung-faktoren-und-vorstellungen-von-interdisziplinaeren-berufsgruppen\/#primaryimage\"},\"thumbnailUrl\":\"https:\/\/blog.phzh.ch\/schulfuehrung\/files\/2021\/07\/lit_Titelbild_Adressatengerechter-Fachtext_Lother-Till_20210504_MLR_quer.jpg\",\"datePublished\":\"2021-07-09T02:00:00+00:00\",\"author\":{\"@id\":\"https:\/\/blog.phzh.ch\/schulfuehrung\/#\/schema\/person\/13544ff30d01e0e5f98444f0696dcefb\"},\"breadcrumb\":{\"@id\":\"https:\/\/blog.phzh.ch\/schulfuehrung\/2021\/07\/09\/gute-fuehrung-faktoren-und-vorstellungen-von-interdisziplinaeren-berufsgruppen\/#breadcrumb\"},\"inLanguage\":\"de\",\"potentialAction\":[{\"@type\":\"ReadAction\",\"target\":[\"https:\/\/blog.phzh.ch\/schulfuehrung\/2021\/07\/09\/gute-fuehrung-faktoren-und-vorstellungen-von-interdisziplinaeren-berufsgruppen\/\"]}]},{\"@type\":\"ImageObject\",\"inLanguage\":\"de\",\"@id\":\"https:\/\/blog.phzh.ch\/schulfuehrung\/2021\/07\/09\/gute-fuehrung-faktoren-und-vorstellungen-von-interdisziplinaeren-berufsgruppen\/#primaryimage\",\"url\":\"https:\/\/blog.phzh.ch\/schulfuehrung\/files\/2021\/07\/lit_Titelbild_Adressatengerechter-Fachtext_Lother-Till_20210504_MLR_quer.jpg\",\"contentUrl\":\"https:\/\/blog.phzh.ch\/schulfuehrung\/files\/2021\/07\/lit_Titelbild_Adressatengerechter-Fachtext_Lother-Till_20210504_MLR_quer.jpg\",\"width\":576,\"height\":599,\"caption\":\"Faktoren gute F\u00fchrung\"},{\"@type\":\"BreadcrumbList\",\"@id\":\"https:\/\/blog.phzh.ch\/schulfuehrung\/2021\/07\/09\/gute-fuehrung-faktoren-und-vorstellungen-von-interdisziplinaeren-berufsgruppen\/#breadcrumb\",\"itemListElement\":[{\"@type\":\"ListItem\",\"position\":1,\"name\":\"Startseite\",\"item\":\"https:\/\/blog.phzh.ch\/schulfuehrung\/\"},{\"@type\":\"ListItem\",\"position\":2,\"name\":\"Gute F\u00fchrung \u2013 Faktoren und Vorstellungen von interdisziplin\u00e4ren Berufsgruppen\"}]},{\"@type\":\"WebSite\",\"@id\":\"https:\/\/blog.phzh.ch\/schulfuehrung\/#website\",\"url\":\"https:\/\/blog.phzh.ch\/schulfuehrung\/\",\"name\":\"Schulf\u00fchrung\",\"description\":\"phzh.ch\/schulfuehrung\",\"potentialAction\":[{\"@type\":\"SearchAction\",\"target\":{\"@type\":\"EntryPoint\",\"urlTemplate\":\"https:\/\/blog.phzh.ch\/schulfuehrung\/?s={search_term_string}\"},\"query-input\":{\"@type\":\"PropertyValueSpecification\",\"valueRequired\":true,\"valueName\":\"search_term_string\"}}],\"inLanguage\":\"de\"},{\"@type\":\"Person\",\"@id\":\"https:\/\/blog.phzh.ch\/schulfuehrung\/#\/schema\/person\/13544ff30d01e0e5f98444f0696dcefb\",\"name\":\"melinamaerten\",\"image\":{\"@type\":\"ImageObject\",\"inLanguage\":\"de\",\"@id\":\"https:\/\/blog.phzh.ch\/schulfuehrung\/#\/schema\/person\/image\/\",\"url\":\"https:\/\/secure.gravatar.com\/avatar\/581b196899ac4a61b7e20a29f4dd52fe?s=96&d=mm&r=g\",\"contentUrl\":\"https:\/\/secure.gravatar.com\/avatar\/581b196899ac4a61b7e20a29f4dd52fe?s=96&d=mm&r=g\",\"caption\":\"melinamaerten\"},\"url\":\"https:\/\/blog.phzh.ch\/schulfuehrung\/author\/melinamaerten\/\"}]}<\/script>\n<!-- \/ Yoast SEO plugin. -->","yoast_head_json":{"title":"Gute F\u00fchrung \u2013 Faktoren und Vorstellungen von interdisziplin\u00e4ren Berufsgruppen - Schulf\u00fchrung","robots":{"index":"index","follow":"follow","max-snippet":"max-snippet:-1","max-image-preview":"max-image-preview:large","max-video-preview":"max-video-preview:-1"},"canonical":"https:\/\/blog.phzh.ch\/schulfuehrung\/2021\/07\/09\/gute-fuehrung-faktoren-und-vorstellungen-von-interdisziplinaeren-berufsgruppen\/","og_locale":"de_DE","og_type":"article","og_title":"Gute F\u00fchrung \u2013 Faktoren und Vorstellungen von interdisziplin\u00e4ren Berufsgruppen - Schulf\u00fchrung","og_description":"In Schulen trifft man auf verschiedene Auff\u00e4lligkeiten an: Spracherwerbsst\u00f6rung, Autismus-Spektrum-St\u00f6rung, Aufmerksamkeitsdefizit-Hyperaktivit\u00e4tsst\u00f6rung, psychische Traumata, St\u00f6rung des Sozialverhaltens, \u00c4ngste, depressive St\u00f6rung, Enkopresis, Enuresis und Allergien. F\u00fcr das Unterrichten von Kindern mit einer solchen Auff\u00e4lligkeit wird immer mehr in interdisziplin\u00e4ren Teams gearbeitet. Diese haben die anspruchsvolle Aufgabe, die Kindergruppen zu unterrichten, zu therapieren und zu betreuen. Dies fordert &hellip; Gute F\u00fchrung \u2013 Faktoren und Vorstellungen von interdisziplin\u00e4ren Berufsgruppen weiterlesen","og_url":"https:\/\/blog.phzh.ch\/schulfuehrung\/2021\/07\/09\/gute-fuehrung-faktoren-und-vorstellungen-von-interdisziplinaeren-berufsgruppen\/","og_site_name":"Schulf\u00fchrung","article_published_time":"2021-07-09T02:00:00+00:00","og_image":[{"width":576,"height":599,"url":"https:\/\/blog.phzh.ch\/schulfuehrung\/files\/2021\/07\/lit_Titelbild_Adressatengerechter-Fachtext_Lother-Till_20210504_MLR_quer.jpg","type":"image\/jpeg"}],"author":"melinamaerten","twitter_card":"summary_large_image","twitter_misc":{"Verfasst von":"melinamaerten","Gesch\u00e4tzte Lesezeit":"5\u00a0Minuten"},"schema":{"@context":"https:\/\/schema.org","@graph":[{"@type":"Article","@id":"https:\/\/blog.phzh.ch\/schulfuehrung\/2021\/07\/09\/gute-fuehrung-faktoren-und-vorstellungen-von-interdisziplinaeren-berufsgruppen\/#article","isPartOf":{"@id":"https:\/\/blog.phzh.ch\/schulfuehrung\/2021\/07\/09\/gute-fuehrung-faktoren-und-vorstellungen-von-interdisziplinaeren-berufsgruppen\/"},"author":{"name":"melinamaerten","@id":"https:\/\/blog.phzh.ch\/schulfuehrung\/#\/schema\/person\/13544ff30d01e0e5f98444f0696dcefb"},"headline":"Gute F\u00fchrung \u2013 Faktoren und Vorstellungen von interdisziplin\u00e4ren Berufsgruppen","datePublished":"2021-07-09T02:00:00+00:00","mainEntityOfPage":{"@id":"https:\/\/blog.phzh.ch\/schulfuehrung\/2021\/07\/09\/gute-fuehrung-faktoren-und-vorstellungen-von-interdisziplinaeren-berufsgruppen\/"},"wordCount":1068,"commentCount":0,"image":{"@id":"https:\/\/blog.phzh.ch\/schulfuehrung\/2021\/07\/09\/gute-fuehrung-faktoren-und-vorstellungen-von-interdisziplinaeren-berufsgruppen\/#primaryimage"},"thumbnailUrl":"https:\/\/blog.phzh.ch\/schulfuehrung\/files\/2021\/07\/lit_Titelbild_Adressatengerechter-Fachtext_Lother-Till_20210504_MLR_quer.jpg","keywords":["Auff\u00e4lligkeiten","Ergotherapeuten","Heilp\u00e4dagogen","interdisziplin\u00e4re Berufsgruppen","Logop\u00e4den","Masterarbeit","Schulf\u00fchrung","Sozialp\u00e4dagogen","Till Lother","Zusammenarbeit in interdisziplin\u00e4ren Teams"],"articleSection":["Aus dem Tagebuch","Gesamte Beitr\u00e4ge"],"inLanguage":"de","potentialAction":[{"@type":"CommentAction","name":"Comment","target":["https:\/\/blog.phzh.ch\/schulfuehrung\/2021\/07\/09\/gute-fuehrung-faktoren-und-vorstellungen-von-interdisziplinaeren-berufsgruppen\/#respond"]}]},{"@type":"WebPage","@id":"https:\/\/blog.phzh.ch\/schulfuehrung\/2021\/07\/09\/gute-fuehrung-faktoren-und-vorstellungen-von-interdisziplinaeren-berufsgruppen\/","url":"https:\/\/blog.phzh.ch\/schulfuehrung\/2021\/07\/09\/gute-fuehrung-faktoren-und-vorstellungen-von-interdisziplinaeren-berufsgruppen\/","name":"Gute F\u00fchrung \u2013 Faktoren und Vorstellungen von interdisziplin\u00e4ren Berufsgruppen - Schulf\u00fchrung","isPartOf":{"@id":"https:\/\/blog.phzh.ch\/schulfuehrung\/#website"},"primaryImageOfPage":{"@id":"https:\/\/blog.phzh.ch\/schulfuehrung\/2021\/07\/09\/gute-fuehrung-faktoren-und-vorstellungen-von-interdisziplinaeren-berufsgruppen\/#primaryimage"},"image":{"@id":"https:\/\/blog.phzh.ch\/schulfuehrung\/2021\/07\/09\/gute-fuehrung-faktoren-und-vorstellungen-von-interdisziplinaeren-berufsgruppen\/#primaryimage"},"thumbnailUrl":"https:\/\/blog.phzh.ch\/schulfuehrung\/files\/2021\/07\/lit_Titelbild_Adressatengerechter-Fachtext_Lother-Till_20210504_MLR_quer.jpg","datePublished":"2021-07-09T02:00:00+00:00","author":{"@id":"https:\/\/blog.phzh.ch\/schulfuehrung\/#\/schema\/person\/13544ff30d01e0e5f98444f0696dcefb"},"breadcrumb":{"@id":"https:\/\/blog.phzh.ch\/schulfuehrung\/2021\/07\/09\/gute-fuehrung-faktoren-und-vorstellungen-von-interdisziplinaeren-berufsgruppen\/#breadcrumb"},"inLanguage":"de","potentialAction":[{"@type":"ReadAction","target":["https:\/\/blog.phzh.ch\/schulfuehrung\/2021\/07\/09\/gute-fuehrung-faktoren-und-vorstellungen-von-interdisziplinaeren-berufsgruppen\/"]}]},{"@type":"ImageObject","inLanguage":"de","@id":"https:\/\/blog.phzh.ch\/schulfuehrung\/2021\/07\/09\/gute-fuehrung-faktoren-und-vorstellungen-von-interdisziplinaeren-berufsgruppen\/#primaryimage","url":"https:\/\/blog.phzh.ch\/schulfuehrung\/files\/2021\/07\/lit_Titelbild_Adressatengerechter-Fachtext_Lother-Till_20210504_MLR_quer.jpg","contentUrl":"https:\/\/blog.phzh.ch\/schulfuehrung\/files\/2021\/07\/lit_Titelbild_Adressatengerechter-Fachtext_Lother-Till_20210504_MLR_quer.jpg","width":576,"height":599,"caption":"Faktoren gute F\u00fchrung"},{"@type":"BreadcrumbList","@id":"https:\/\/blog.phzh.ch\/schulfuehrung\/2021\/07\/09\/gute-fuehrung-faktoren-und-vorstellungen-von-interdisziplinaeren-berufsgruppen\/#breadcrumb","itemListElement":[{"@type":"ListItem","position":1,"name":"Startseite","item":"https:\/\/blog.phzh.ch\/schulfuehrung\/"},{"@type":"ListItem","position":2,"name":"Gute F\u00fchrung \u2013 Faktoren und Vorstellungen von interdisziplin\u00e4ren Berufsgruppen"}]},{"@type":"WebSite","@id":"https:\/\/blog.phzh.ch\/schulfuehrung\/#website","url":"https:\/\/blog.phzh.ch\/schulfuehrung\/","name":"Schulf\u00fchrung","description":"phzh.ch\/schulfuehrung","potentialAction":[{"@type":"SearchAction","target":{"@type":"EntryPoint","urlTemplate":"https:\/\/blog.phzh.ch\/schulfuehrung\/?s={search_term_string}"},"query-input":{"@type":"PropertyValueSpecification","valueRequired":true,"valueName":"search_term_string"}}],"inLanguage":"de"},{"@type":"Person","@id":"https:\/\/blog.phzh.ch\/schulfuehrung\/#\/schema\/person\/13544ff30d01e0e5f98444f0696dcefb","name":"melinamaerten","image":{"@type":"ImageObject","inLanguage":"de","@id":"https:\/\/blog.phzh.ch\/schulfuehrung\/#\/schema\/person\/image\/","url":"https:\/\/secure.gravatar.com\/avatar\/581b196899ac4a61b7e20a29f4dd52fe?s=96&d=mm&r=g","contentUrl":"https:\/\/secure.gravatar.com\/avatar\/581b196899ac4a61b7e20a29f4dd52fe?s=96&d=mm&r=g","caption":"melinamaerten"},"url":"https:\/\/blog.phzh.ch\/schulfuehrung\/author\/melinamaerten\/"}]}},"_links":{"self":[{"href":"https:\/\/blog.phzh.ch\/schulfuehrung\/wp-json\/wp\/v2\/posts\/3327","targetHints":{"allow":["GET"]}}],"collection":[{"href":"https:\/\/blog.phzh.ch\/schulfuehrung\/wp-json\/wp\/v2\/posts"}],"about":[{"href":"https:\/\/blog.phzh.ch\/schulfuehrung\/wp-json\/wp\/v2\/types\/post"}],"author":[{"embeddable":true,"href":"https:\/\/blog.phzh.ch\/schulfuehrung\/wp-json\/wp\/v2\/users\/1392"}],"replies":[{"embeddable":true,"href":"https:\/\/blog.phzh.ch\/schulfuehrung\/wp-json\/wp\/v2\/comments?post=3327"}],"version-history":[{"count":7,"href":"https:\/\/blog.phzh.ch\/schulfuehrung\/wp-json\/wp\/v2\/posts\/3327\/revisions"}],"predecessor-version":[{"id":3339,"href":"https:\/\/blog.phzh.ch\/schulfuehrung\/wp-json\/wp\/v2\/posts\/3327\/revisions\/3339"}],"wp:featuredmedia":[{"embeddable":true,"href":"https:\/\/blog.phzh.ch\/schulfuehrung\/wp-json\/wp\/v2\/media\/3338"}],"wp:attachment":[{"href":"https:\/\/blog.phzh.ch\/schulfuehrung\/wp-json\/wp\/v2\/media?parent=3327"}],"wp:term":[{"taxonomy":"category","embeddable":true,"href":"https:\/\/blog.phzh.ch\/schulfuehrung\/wp-json\/wp\/v2\/categories?post=3327"},{"taxonomy":"post_tag","embeddable":true,"href":"https:\/\/blog.phzh.ch\/schulfuehrung\/wp-json\/wp\/v2\/tags?post=3327"}],"curies":[{"name":"wp","href":"https:\/\/api.w.org\/{rel}","templated":true}]}}