{"id":3310,"date":"2021-06-22T04:00:00","date_gmt":"2021-06-22T02:00:00","guid":{"rendered":"https:\/\/blog.phzh.ch\/schulfuehrung\/?p=3310"},"modified":"2021-06-15T14:43:17","modified_gmt":"2021-06-15T12:43:17","slug":"schule-in-einer-sich-veraendernden-gesellschaft","status":"publish","type":"post","link":"https:\/\/blog.phzh.ch\/schulfuehrung\/2021\/06\/22\/schule-in-einer-sich-veraendernden-gesellschaft\/","title":{"rendered":"Schule in einer sich ver\u00e4ndernden Gesellschaft"},"content":{"rendered":"\n<p><strong>Reformen gehen auch durch die Schule. Die steigende Zahl von Tagesschulen, die breit einflussnehmende Digitalisierung, oder Projekte wie die Einf\u00fchrung des neuen Lehrplans zeigen, wie umfassend sich unsere Gesellschaft ver\u00e4ndert. Die Auswirkungen auf den Schulalltag sind umfassend. F\u00fcr die Schule ist es keine Wahl, sie muss sich auf diese Prozesse einstellen, sind sich Andrea Kern, Frank Br\u00fcckel und Reto Kuster einig.<\/strong><\/p>\n\n\n\n<p>Die neueste Ausgabe vom <a href=\"https:\/\/www.profil-online.ch\/profil-online-media\/docs\/21-3\/SVplus_profil_2021-1_web.pdf\" target=\"_blank\" rel=\"noreferrer noopener\">Profil<\/a>, einem Magazin f\u00fcr das Lehren und Lernen, besch\u00e4ftigt sich mit Grenzen. Unter dem Titel \u00abAn Grenzen gekommen \u2013 Lehrpersonen erz\u00e4hlen\u00bb kommen vier Lehrpersonen zu Wort, die eindr\u00fccklich von ihren Herausforderungen im Alltag berichten. In den Schilderungen geht es beispielsweise <strong>um den Umgang mit heterogenen Schulklassen<\/strong>;<\/p>\n\n\n\n<p>\u00abDie beiden Klassen waren ausser Rand und Band. Bereits nach einer Woche war ich komplett an meine Grenzen gestossen. Auch organisatorisch: Von der Klassenlehrerin hatte ich eine Liste erhalten, worauf ersichtlich war, wann welche Kinder zur Schulsozialp\u00e4dagogin, zur Audiop\u00e4dagogin, zur Logop\u00e4din, in die Psychomotorik oder in den DAZ-Unterricht zu gehen hatten. Fast jedes Kind stand irgendwo auf der Liste\u00bb (vgl. Profil 2021, S. 7).<\/p>\n\n\n<p><!--more--><\/p>\n\n\n<p><strong>Unzufriedenheit \u00fcber die Schulf\u00fchrung;<\/strong><\/p>\n\n\n\n<p>\u00abIch hatte mich beschwert, dass wir Lehrpersonen von der Schulleitung zu wenig Wertsch\u00e4tzung erhielten, insbesondere da wir nebenher st\u00e4ndig aufwendige und freiwillige Schulprojekte vom Zaun rissen. Die Beschwerde zu wagen, war ein Fehler. Die Retourkutsche kam. Sie kam immer. Manchmal prompt, manchmal erst ein halbes Jahr sp\u00e4ter\u00bb (vgl. Profil 2021, S. 8).<\/p>\n\n\n\n<p><strong>oder mangelnde Zusammenarbeit:<\/strong><\/p>\n\n\n\n<p>\u00abDie Zusammenarbeit mit den Lehrpersonen im besagten IF-Jahr fand ich eigentlich schwieriger als diejenige mit den Kindern oder mit den Eltern\u00bb (vgl. Profil 2021, S. 8).<\/p>\n\n\n\n<p>\u00abEine Zusammenarbeit schien unm\u00f6glich, obwohl sie dringend notwendig gewesen w\u00e4re\u00bb (vgl. Profil 2021, S. 9).<\/p>\n\n\n\n<p><strong>Entwicklungen aus gesellschaftlichem Wandel<\/strong><\/p>\n\n\n\n<p>Versucht man beim Lesen die Perspektive zu \u00e4ndern, betrachtet man nicht die einzelne Person und ihre jeweilige Herausforderung, dann weisen die Schilderungen auf Entwicklungen hin, die in gesellschaftlichen Wandlungsprozessen begr\u00fcndet liegen. Die Schweiz hat zum Beispiel im Jahr 2014 die UN-Behindertenrechtskonvention ratifiziert. Dort wird in Artikel 24 \u2013 ausgehend vom Prinzip der Gleichberechtigung \u2013 festgehalten, dass sicherzustellen ist, niemandem vom Besuch einer Grundschule oder einer weiterf\u00fchrenden Schule auszuschliessen.<\/p>\n\n\n\n<p>In der Konsequenz heisst das erstens, dass Schulklassen immer heterogener werden und zweitens, dass sich die Aufgaben von Schulen \u00e4ndern. Es wird mehr und mehr erwartet, alle Kinder mit ihren individuellen Bed\u00fcrfnissen und ihrem manchmal herausfordernden Verhalten einzubinden. Dass der Unterricht dabei nicht immer einfach ist, wird im ersten Zitat sehr deutlich. Auch der zunehmende Ausbau von Tagesstrukturen und Tagesschulen weist darauf hin, dass Schule mehr als Unterricht ist.<\/p>\n\n\n\n<p><strong>Schule als multifunktionale Institution<\/strong><\/p>\n\n\n\n<p>Schon 2008 hat der Bildungswissenschaftler Helmut Fend von Schulen als \u00abmultifunktionalen Institutionen\u00bb gesprochen und damit ausgedr\u00fcckt, dass das \u00abKerngesch\u00e4ft Unterricht\u00bb die Vielzahl an T\u00e4tigkeiten, die Schulen zu erf\u00fcllen haben, nicht mehr zutreffend umschreibt. Um diesen vielf\u00e4ltigen Aufgaben gerecht zu werden, wurden den Lehrpersonen in den letzten Jahren immer mehr Spezialist:innen zur Seite gestellt, die helfen sollen, den neuen Herausforderungen der Diversit\u00e4t gezielt zu begegnen. Dass eine solche multiprofessionelle Zusammenarbeit nicht automatisch vorausgesetzt werden kann, sondern mit Reibungen und Unsicherheiten verbunden ist, zeigen die Aussagen der zitierten Lehrpersonen eindr\u00fccklich.<\/p>\n\n\n\n<p>Noch etwas anderes scheint in den Berichten der Lehrpersonen auf: gesellschaftlicher Wandel und seine Auswirkungen auf die Arbeit an Schulen zeigt sich nicht nur in konkreten Projekten, wie die Einf\u00fchrung von Tagesschulen, digitalem Wandel oder Themen zur Unterrichtsentwicklung. Schulentwicklung ist umfassender und hat viele Facetten. Sie zeigt sich in ver\u00e4nderter Gesetzgebung, der Forderung nach intensiver Zusammenarbeit oder sich \u00e4ndernden Vorgaben vonseiten der Beh\u00f6rden.<\/p>\n\n\n\n<p><strong>Faktoren der Wandlungsprozesse<\/strong><\/p>\n\n\n\n<p>Eine Arbeitsgruppe der PH Z\u00fcrich und des Schulamts F\u00fcrstentum Liechtenstein besch\u00e4ftigt sich seit einiger Zeit mit der Frage, welche Faktoren in solchen Wandlungsprozessen wiederkehrend sind. Denn \u2013 so die These \u2013 wenn diese Faktoren \u00fcber das einzelne Projekt hinaus aufgegriffen werden, dann k\u00f6nnen Schulleitungen, Lehrpersonen und Mitarbeitende dauerhaft entlastet werden. Entstanden ist ein \u00abSchulentwicklungsrad\u00bb, das als Reflexionshilfe f\u00fcr Schul- oder Projektleitungen dienen kann und Faktoren aufzeigt, die bei jedem Schulentwicklungsprozess zu beachten sind. Dass dabei das Zusammenspiel der Ebenen im Bildungssystem eine zentrale Rolle spielt, darauf verweisen die zu Beginn erw\u00e4hnten Berichte der Lehrpersonen eindr\u00fccklich.<\/p>\n\n\n\n<pre class=\"wp-block-preformatted\">INFOBOX\n\nSchulen ver\u00e4ndern sich laufend. F\u00fchrungskr\u00e4fte und Projektleitungen sind gefordert, diese Entwicklung zu initiieren und aktiv zu f\u00fchren. Von den Strukturen \u00fcber digitale Lehr- und Lernformen bis zur Belebung der Kompetenzorientierung gibt es viele Ans\u00e4tze, Schule weiterzuentwickeln. Die P\u00e4dagogische Hochschule Z\u00fcrich bietet vielf\u00e4ltige Unterst\u00fctzung. Im Modul \u00ab<a rel=\"noreferrer noopener\" href=\"https:\/\/phzh.ch\/de\/Weiterbildung\/volksschule\/anlassdetail-weiterbildung-fur-volksschule\/Schule-entwickeln---Projekte-fundiert-umsetzen-n144470626.html\" target=\"_blank\">Schule entwickeln<\/a>\u00bb werden die Faktoren des Schulentwicklungsrads erl\u00e4utert und gezielt auf Themen der Teilnehmenden hin bezogen.\n\nWeitere Informationen finden Sie auf unserer Homepage unter dem Thema \u00ab<a rel=\"noreferrer noopener\" href=\"https:\/\/phzh.ch\/schulentwicklung\" target=\"_blank\">Schulentwicklung<\/a>\u00bb.<\/pre>\n\n\n\n<h2 class=\"wp-block-heading\">Zur Autorin \/ zu den Autoren<\/h2>\n\n\n\n<div class=\"wp-block-image\"><figure class=\"alignleft size-large is-resized\"><img decoding=\"async\" src=\"http:\/\/blog.phzh.ch\/schulfuehrung\/files\/2021\/02\/Portrait_Andrea-Kern.jpg\" alt=\"Andrea Kern PHZH\" class=\"wp-image-2930\" width=\"127\" srcset=\"https:\/\/blog.phzh.ch\/schulfuehrung\/files\/2021\/02\/Portrait_Andrea-Kern.jpg 321w, https:\/\/blog.phzh.ch\/schulfuehrung\/files\/2021\/02\/Portrait_Andrea-Kern-201x300.jpg 201w\" sizes=\"(max-width: 321px) 100vw, 321px\" \/><\/figure><\/div>\n\n\n\n<p><a href=\"https:\/\/phzh.ch\/personen\/andrea.kern\" target=\"_blank\" rel=\"noreferrer noopener\">Andrea Kern<\/a> arbeiten gemeinsam im Zentrum Medienbildung und Informatik der PH Z\u00fcrich. Ihre Arbeitsschwerpunkte liegen in der Fachberatung rund ums Thema digitale Medien und ICT in der Schule und in der Konzipierung, Planung und Durchf\u00fchrung von Weiterbildungen und Veranstaltungen im Bereich Medienbildung und Informatik. Gemeinsam haben sie zur Unterst\u00fctzung in ihrem Arbeitsalltag das Kartenset \u00abKompass f\u00fcr den digitalen Wandel\u00bb entwickelt.<\/p>\n\n\n\n<p><\/p>\n\n\n\n<div class=\"wp-block-image\"><figure class=\"alignleft size-large is-resized\"><img decoding=\"async\" src=\"http:\/\/blog.phzh.ch\/schulfuehrung\/files\/2020\/02\/Portr\u00e4tfoto_Frank-Br\u00fcckel.jpg\" alt=\"\" class=\"wp-image-2043\" width=\"127\" srcset=\"https:\/\/blog.phzh.ch\/schulfuehrung\/files\/2020\/02\/Portr\u00e4tfoto_Frank-Br\u00fcckel.jpg 480w, https:\/\/blog.phzh.ch\/schulfuehrung\/files\/2020\/02\/Portr\u00e4tfoto_Frank-Br\u00fcckel-225x300.jpg 225w\" sizes=\"(max-width: 480px) 100vw, 480px\" \/><\/figure><\/div>\n\n\n\n<p><a href=\"https:\/\/phzh.ch\/personen\/frank.brueckel\" target=\"_blank\" rel=\"noreferrer noopener\">Frank Br\u00fcckel<\/a> ist Dozent im Zentrum Schule und Entwicklung an der PH Z\u00fcrich. Er leitet die Arbeitsgruppe Tagesschule und ist zudem Mitglied im Leitungsteam MAS Weiterbildungsstudien. Er kennt sich speziell in Schulentwicklung, Ganztagesbildung und Professionalisierung bei Lehrpersonen aus.<\/p>\n\n\n\n<p><\/p>\n\n\n\n<div class=\"wp-block-image\"><figure class=\"alignleft size-large is-resized\"><img decoding=\"async\" src=\"http:\/\/blog.phzh.ch\/schulfuehrung\/files\/2020\/06\/Reto-Kuster.jpg\" alt=\"\" class=\"wp-image-2450\" width=\"127\" \/><\/figure><\/div>\n\n\n\n<p><a rel=\"noreferrer noopener\" href=\"https:\/\/phzh.ch\/personen\/reto.kuster\" target=\"_blank\">Reto Kuster<\/a> ist Dozent im Zentrum Management und Leadership an der PH Z\u00fcrich. Als Berater und Dozent besch\u00e4ftigt er sich mit Themen rund um Schulf\u00fchrung und Schulentwicklung. Er leitet unter anderem den Lehrgang <a rel=\"noreferrer noopener\" href=\"https:\/\/phzh.ch\/de\/Weiterbildung\/volksschule\/anlassdetail-weiterbildung-fur-volksschule\/CAS-Paedagogische-Schulfuehrung-n144450991.html\" target=\"_blank\">P\u00e4dagogische Schulf\u00fchrung<\/a> und ist Mitglied der Gruppe <a rel=\"noreferrer noopener\" href=\"https:\/\/phzh.ch\/de\/Weiterbildung\/volksschule\/tagesschulen\/qualitatsrahmen\/\" target=\"_blank\">QuinTaS<\/a> \u00a0mit Schwerpunkt Qualit\u00e4t und Aufbau von Tagesschulen. Weiter ist er in der Beratung von Organisationen und F\u00fchrungspersonen im Bildungsbereich t\u00e4tig.<\/p>\n\n\n\n<p><\/p>\n\n\n\n<p>Redaktion: Melina Maerten<\/p>\n\n\n\n<p>Titelbild: zVg<\/p>\n","protected":false},"excerpt":{"rendered":"<p>Reformen gehen auch durch die Schule. Die steigende Zahl von Tagesschulen, die breit einflussnehmende Digitalisierung, oder Projekte wie die Einf\u00fchrung des neuen Lehrplans zeigen, wie umfassend sich unsere Gesellschaft ver\u00e4ndert. Die Auswirkungen auf den Schulalltag sind umfassend. F\u00fcr die Schule ist es keine Wahl, sie muss sich auf diese Prozesse einstellen, sind sich Andrea Kern, &hellip; <a href=\"https:\/\/blog.phzh.ch\/schulfuehrung\/2021\/06\/22\/schule-in-einer-sich-veraendernden-gesellschaft\/\" class=\"more-link\"><span class=\"screen-reader-text\">Schule in einer sich ver\u00e4ndernden Gesellschaft<\/span> weiterlesen<\/a><\/p>\n","protected":false},"author":1392,"featured_media":3317,"comment_status":"open","ping_status":"open","sticky":false,"template":"","format":"standard","meta":{"sfsi_plus_gutenberg_text_before_share":"","sfsi_plus_gutenberg_show_text_before_share":"","sfsi_plus_gutenberg_icon_type":"","sfsi_plus_gutenberg_icon_alignemt":"","sfsi_plus_gutenburg_max_per_row":"","footnotes":""},"categories":[107128,107309],"tags":[109446,45767,107354,4186,107353,45021,44958,44947,109452],"class_list":["post-3310","post","type-post","status-publish","format-standard","has-post-thumbnail","hentry","category-entdecken","category-alle-beitraege","tag-andrea-kern","tag-bildung","tag-frank-brueckel","tag-lehrpersonen","tag-reto-kuster","tag-schulentwicklung","tag-schulleitung","tag-tagesschule","tag-zentrum-fuer-schulentwicklung"],"yoast_head":"<!-- This site is optimized with the Yoast SEO plugin v26.8 - https:\/\/yoast.com\/product\/yoast-seo-wordpress\/ -->\n<title>Schule in einer sich ver\u00e4ndernden Gesellschaft - Schulf\u00fchrung<\/title>\n<meta name=\"robots\" content=\"index, follow, max-snippet:-1, max-image-preview:large, max-video-preview:-1\" \/>\n<link rel=\"canonical\" href=\"https:\/\/blog.phzh.ch\/schulfuehrung\/2021\/06\/22\/schule-in-einer-sich-veraendernden-gesellschaft\/\" \/>\n<meta property=\"og:locale\" content=\"de_DE\" \/>\n<meta property=\"og:type\" content=\"article\" \/>\n<meta property=\"og:title\" content=\"Schule in einer sich ver\u00e4ndernden Gesellschaft - Schulf\u00fchrung\" \/>\n<meta property=\"og:description\" content=\"Reformen gehen auch durch die Schule. Die steigende Zahl von Tagesschulen, die breit einflussnehmende Digitalisierung, oder Projekte wie die Einf\u00fchrung des neuen Lehrplans zeigen, wie umfassend sich unsere Gesellschaft ver\u00e4ndert. Die Auswirkungen auf den Schulalltag sind umfassend. F\u00fcr die Schule ist es keine Wahl, sie muss sich auf diese Prozesse einstellen, sind sich Andrea Kern, &hellip; Schule in einer sich ver\u00e4ndernden Gesellschaft weiterlesen\" \/>\n<meta property=\"og:url\" content=\"https:\/\/blog.phzh.ch\/schulfuehrung\/2021\/06\/22\/schule-in-einer-sich-veraendernden-gesellschaft\/\" \/>\n<meta property=\"og:site_name\" content=\"Schulf\u00fchrung\" \/>\n<meta property=\"article:published_time\" content=\"2021-06-22T02:00:00+00:00\" \/>\n<meta property=\"og:image\" content=\"https:\/\/blog.phzh.ch\/schulfuehrung\/files\/2021\/06\/lit_Grafik_Schulentwicklung_Brueckel-Kuster-Kern_20210615_MLR.jpg\" \/>\n\t<meta property=\"og:image:width\" content=\"947\" \/>\n\t<meta property=\"og:image:height\" content=\"464\" \/>\n\t<meta property=\"og:image:type\" content=\"image\/jpeg\" \/>\n<meta name=\"author\" content=\"melinamaerten\" \/>\n<meta name=\"twitter:card\" content=\"summary_large_image\" \/>\n<meta name=\"twitter:label1\" content=\"Verfasst von\" \/>\n\t<meta name=\"twitter:data1\" content=\"melinamaerten\" \/>\n\t<meta name=\"twitter:label2\" content=\"Gesch\u00e4tzte Lesezeit\" \/>\n\t<meta name=\"twitter:data2\" content=\"5\u00a0Minuten\" \/>\n<script type=\"application\/ld+json\" class=\"yoast-schema-graph\">{\"@context\":\"https:\/\/schema.org\",\"@graph\":[{\"@type\":\"Article\",\"@id\":\"https:\/\/blog.phzh.ch\/schulfuehrung\/2021\/06\/22\/schule-in-einer-sich-veraendernden-gesellschaft\/#article\",\"isPartOf\":{\"@id\":\"https:\/\/blog.phzh.ch\/schulfuehrung\/2021\/06\/22\/schule-in-einer-sich-veraendernden-gesellschaft\/\"},\"author\":{\"name\":\"melinamaerten\",\"@id\":\"https:\/\/blog.phzh.ch\/schulfuehrung\/#\/schema\/person\/13544ff30d01e0e5f98444f0696dcefb\"},\"headline\":\"Schule in einer sich ver\u00e4ndernden Gesellschaft\",\"datePublished\":\"2021-06-22T02:00:00+00:00\",\"mainEntityOfPage\":{\"@id\":\"https:\/\/blog.phzh.ch\/schulfuehrung\/2021\/06\/22\/schule-in-einer-sich-veraendernden-gesellschaft\/\"},\"wordCount\":881,\"commentCount\":1,\"image\":{\"@id\":\"https:\/\/blog.phzh.ch\/schulfuehrung\/2021\/06\/22\/schule-in-einer-sich-veraendernden-gesellschaft\/#primaryimage\"},\"thumbnailUrl\":\"https:\/\/blog.phzh.ch\/schulfuehrung\/files\/2021\/06\/lit_Grafik_Schulentwicklung_Brueckel-Kuster-Kern_20210615_MLR.jpg\",\"keywords\":[\"Andrea Kern\",\"Bildung\",\"Frank Br\u00fcckel\",\"Lehrpersonen\",\"Reto Kuster\",\"schulentwicklung\",\"Schulleitung\",\"Tagesschule\",\"Zentrum f\u00fcr Schulentwicklung\"],\"articleSection\":[\"Entdecken\",\"Gesamte Beitr\u00e4ge\"],\"inLanguage\":\"de\",\"potentialAction\":[{\"@type\":\"CommentAction\",\"name\":\"Comment\",\"target\":[\"https:\/\/blog.phzh.ch\/schulfuehrung\/2021\/06\/22\/schule-in-einer-sich-veraendernden-gesellschaft\/#respond\"]}]},{\"@type\":\"WebPage\",\"@id\":\"https:\/\/blog.phzh.ch\/schulfuehrung\/2021\/06\/22\/schule-in-einer-sich-veraendernden-gesellschaft\/\",\"url\":\"https:\/\/blog.phzh.ch\/schulfuehrung\/2021\/06\/22\/schule-in-einer-sich-veraendernden-gesellschaft\/\",\"name\":\"Schule in einer sich ver\u00e4ndernden Gesellschaft - Schulf\u00fchrung\",\"isPartOf\":{\"@id\":\"https:\/\/blog.phzh.ch\/schulfuehrung\/#website\"},\"primaryImageOfPage\":{\"@id\":\"https:\/\/blog.phzh.ch\/schulfuehrung\/2021\/06\/22\/schule-in-einer-sich-veraendernden-gesellschaft\/#primaryimage\"},\"image\":{\"@id\":\"https:\/\/blog.phzh.ch\/schulfuehrung\/2021\/06\/22\/schule-in-einer-sich-veraendernden-gesellschaft\/#primaryimage\"},\"thumbnailUrl\":\"https:\/\/blog.phzh.ch\/schulfuehrung\/files\/2021\/06\/lit_Grafik_Schulentwicklung_Brueckel-Kuster-Kern_20210615_MLR.jpg\",\"datePublished\":\"2021-06-22T02:00:00+00:00\",\"author\":{\"@id\":\"https:\/\/blog.phzh.ch\/schulfuehrung\/#\/schema\/person\/13544ff30d01e0e5f98444f0696dcefb\"},\"breadcrumb\":{\"@id\":\"https:\/\/blog.phzh.ch\/schulfuehrung\/2021\/06\/22\/schule-in-einer-sich-veraendernden-gesellschaft\/#breadcrumb\"},\"inLanguage\":\"de\",\"potentialAction\":[{\"@type\":\"ReadAction\",\"target\":[\"https:\/\/blog.phzh.ch\/schulfuehrung\/2021\/06\/22\/schule-in-einer-sich-veraendernden-gesellschaft\/\"]}]},{\"@type\":\"ImageObject\",\"inLanguage\":\"de\",\"@id\":\"https:\/\/blog.phzh.ch\/schulfuehrung\/2021\/06\/22\/schule-in-einer-sich-veraendernden-gesellschaft\/#primaryimage\",\"url\":\"https:\/\/blog.phzh.ch\/schulfuehrung\/files\/2021\/06\/lit_Grafik_Schulentwicklung_Brueckel-Kuster-Kern_20210615_MLR.jpg\",\"contentUrl\":\"https:\/\/blog.phzh.ch\/schulfuehrung\/files\/2021\/06\/lit_Grafik_Schulentwicklung_Brueckel-Kuster-Kern_20210615_MLR.jpg\",\"width\":947,\"height\":464,\"caption\":\"Schulentwicklung\"},{\"@type\":\"BreadcrumbList\",\"@id\":\"https:\/\/blog.phzh.ch\/schulfuehrung\/2021\/06\/22\/schule-in-einer-sich-veraendernden-gesellschaft\/#breadcrumb\",\"itemListElement\":[{\"@type\":\"ListItem\",\"position\":1,\"name\":\"Startseite\",\"item\":\"https:\/\/blog.phzh.ch\/schulfuehrung\/\"},{\"@type\":\"ListItem\",\"position\":2,\"name\":\"Schule in einer sich ver\u00e4ndernden Gesellschaft\"}]},{\"@type\":\"WebSite\",\"@id\":\"https:\/\/blog.phzh.ch\/schulfuehrung\/#website\",\"url\":\"https:\/\/blog.phzh.ch\/schulfuehrung\/\",\"name\":\"Schulf\u00fchrung\",\"description\":\"phzh.ch\/schulfuehrung\",\"potentialAction\":[{\"@type\":\"SearchAction\",\"target\":{\"@type\":\"EntryPoint\",\"urlTemplate\":\"https:\/\/blog.phzh.ch\/schulfuehrung\/?s={search_term_string}\"},\"query-input\":{\"@type\":\"PropertyValueSpecification\",\"valueRequired\":true,\"valueName\":\"search_term_string\"}}],\"inLanguage\":\"de\"},{\"@type\":\"Person\",\"@id\":\"https:\/\/blog.phzh.ch\/schulfuehrung\/#\/schema\/person\/13544ff30d01e0e5f98444f0696dcefb\",\"name\":\"melinamaerten\",\"image\":{\"@type\":\"ImageObject\",\"inLanguage\":\"de\",\"@id\":\"https:\/\/blog.phzh.ch\/schulfuehrung\/#\/schema\/person\/image\/\",\"url\":\"https:\/\/secure.gravatar.com\/avatar\/581b196899ac4a61b7e20a29f4dd52fe?s=96&d=mm&r=g\",\"contentUrl\":\"https:\/\/secure.gravatar.com\/avatar\/581b196899ac4a61b7e20a29f4dd52fe?s=96&d=mm&r=g\",\"caption\":\"melinamaerten\"},\"url\":\"https:\/\/blog.phzh.ch\/schulfuehrung\/author\/melinamaerten\/\"}]}<\/script>\n<!-- \/ Yoast SEO plugin. -->","yoast_head_json":{"title":"Schule in einer sich ver\u00e4ndernden Gesellschaft - Schulf\u00fchrung","robots":{"index":"index","follow":"follow","max-snippet":"max-snippet:-1","max-image-preview":"max-image-preview:large","max-video-preview":"max-video-preview:-1"},"canonical":"https:\/\/blog.phzh.ch\/schulfuehrung\/2021\/06\/22\/schule-in-einer-sich-veraendernden-gesellschaft\/","og_locale":"de_DE","og_type":"article","og_title":"Schule in einer sich ver\u00e4ndernden Gesellschaft - Schulf\u00fchrung","og_description":"Reformen gehen auch durch die Schule. Die steigende Zahl von Tagesschulen, die breit einflussnehmende Digitalisierung, oder Projekte wie die Einf\u00fchrung des neuen Lehrplans zeigen, wie umfassend sich unsere Gesellschaft ver\u00e4ndert. Die Auswirkungen auf den Schulalltag sind umfassend. F\u00fcr die Schule ist es keine Wahl, sie muss sich auf diese Prozesse einstellen, sind sich Andrea Kern, &hellip; Schule in einer sich ver\u00e4ndernden Gesellschaft weiterlesen","og_url":"https:\/\/blog.phzh.ch\/schulfuehrung\/2021\/06\/22\/schule-in-einer-sich-veraendernden-gesellschaft\/","og_site_name":"Schulf\u00fchrung","article_published_time":"2021-06-22T02:00:00+00:00","og_image":[{"width":947,"height":464,"url":"https:\/\/blog.phzh.ch\/schulfuehrung\/files\/2021\/06\/lit_Grafik_Schulentwicklung_Brueckel-Kuster-Kern_20210615_MLR.jpg","type":"image\/jpeg"}],"author":"melinamaerten","twitter_card":"summary_large_image","twitter_misc":{"Verfasst von":"melinamaerten","Gesch\u00e4tzte Lesezeit":"5\u00a0Minuten"},"schema":{"@context":"https:\/\/schema.org","@graph":[{"@type":"Article","@id":"https:\/\/blog.phzh.ch\/schulfuehrung\/2021\/06\/22\/schule-in-einer-sich-veraendernden-gesellschaft\/#article","isPartOf":{"@id":"https:\/\/blog.phzh.ch\/schulfuehrung\/2021\/06\/22\/schule-in-einer-sich-veraendernden-gesellschaft\/"},"author":{"name":"melinamaerten","@id":"https:\/\/blog.phzh.ch\/schulfuehrung\/#\/schema\/person\/13544ff30d01e0e5f98444f0696dcefb"},"headline":"Schule in einer sich ver\u00e4ndernden Gesellschaft","datePublished":"2021-06-22T02:00:00+00:00","mainEntityOfPage":{"@id":"https:\/\/blog.phzh.ch\/schulfuehrung\/2021\/06\/22\/schule-in-einer-sich-veraendernden-gesellschaft\/"},"wordCount":881,"commentCount":1,"image":{"@id":"https:\/\/blog.phzh.ch\/schulfuehrung\/2021\/06\/22\/schule-in-einer-sich-veraendernden-gesellschaft\/#primaryimage"},"thumbnailUrl":"https:\/\/blog.phzh.ch\/schulfuehrung\/files\/2021\/06\/lit_Grafik_Schulentwicklung_Brueckel-Kuster-Kern_20210615_MLR.jpg","keywords":["Andrea Kern","Bildung","Frank Br\u00fcckel","Lehrpersonen","Reto Kuster","schulentwicklung","Schulleitung","Tagesschule","Zentrum f\u00fcr Schulentwicklung"],"articleSection":["Entdecken","Gesamte Beitr\u00e4ge"],"inLanguage":"de","potentialAction":[{"@type":"CommentAction","name":"Comment","target":["https:\/\/blog.phzh.ch\/schulfuehrung\/2021\/06\/22\/schule-in-einer-sich-veraendernden-gesellschaft\/#respond"]}]},{"@type":"WebPage","@id":"https:\/\/blog.phzh.ch\/schulfuehrung\/2021\/06\/22\/schule-in-einer-sich-veraendernden-gesellschaft\/","url":"https:\/\/blog.phzh.ch\/schulfuehrung\/2021\/06\/22\/schule-in-einer-sich-veraendernden-gesellschaft\/","name":"Schule in einer sich ver\u00e4ndernden Gesellschaft - Schulf\u00fchrung","isPartOf":{"@id":"https:\/\/blog.phzh.ch\/schulfuehrung\/#website"},"primaryImageOfPage":{"@id":"https:\/\/blog.phzh.ch\/schulfuehrung\/2021\/06\/22\/schule-in-einer-sich-veraendernden-gesellschaft\/#primaryimage"},"image":{"@id":"https:\/\/blog.phzh.ch\/schulfuehrung\/2021\/06\/22\/schule-in-einer-sich-veraendernden-gesellschaft\/#primaryimage"},"thumbnailUrl":"https:\/\/blog.phzh.ch\/schulfuehrung\/files\/2021\/06\/lit_Grafik_Schulentwicklung_Brueckel-Kuster-Kern_20210615_MLR.jpg","datePublished":"2021-06-22T02:00:00+00:00","author":{"@id":"https:\/\/blog.phzh.ch\/schulfuehrung\/#\/schema\/person\/13544ff30d01e0e5f98444f0696dcefb"},"breadcrumb":{"@id":"https:\/\/blog.phzh.ch\/schulfuehrung\/2021\/06\/22\/schule-in-einer-sich-veraendernden-gesellschaft\/#breadcrumb"},"inLanguage":"de","potentialAction":[{"@type":"ReadAction","target":["https:\/\/blog.phzh.ch\/schulfuehrung\/2021\/06\/22\/schule-in-einer-sich-veraendernden-gesellschaft\/"]}]},{"@type":"ImageObject","inLanguage":"de","@id":"https:\/\/blog.phzh.ch\/schulfuehrung\/2021\/06\/22\/schule-in-einer-sich-veraendernden-gesellschaft\/#primaryimage","url":"https:\/\/blog.phzh.ch\/schulfuehrung\/files\/2021\/06\/lit_Grafik_Schulentwicklung_Brueckel-Kuster-Kern_20210615_MLR.jpg","contentUrl":"https:\/\/blog.phzh.ch\/schulfuehrung\/files\/2021\/06\/lit_Grafik_Schulentwicklung_Brueckel-Kuster-Kern_20210615_MLR.jpg","width":947,"height":464,"caption":"Schulentwicklung"},{"@type":"BreadcrumbList","@id":"https:\/\/blog.phzh.ch\/schulfuehrung\/2021\/06\/22\/schule-in-einer-sich-veraendernden-gesellschaft\/#breadcrumb","itemListElement":[{"@type":"ListItem","position":1,"name":"Startseite","item":"https:\/\/blog.phzh.ch\/schulfuehrung\/"},{"@type":"ListItem","position":2,"name":"Schule in einer sich ver\u00e4ndernden Gesellschaft"}]},{"@type":"WebSite","@id":"https:\/\/blog.phzh.ch\/schulfuehrung\/#website","url":"https:\/\/blog.phzh.ch\/schulfuehrung\/","name":"Schulf\u00fchrung","description":"phzh.ch\/schulfuehrung","potentialAction":[{"@type":"SearchAction","target":{"@type":"EntryPoint","urlTemplate":"https:\/\/blog.phzh.ch\/schulfuehrung\/?s={search_term_string}"},"query-input":{"@type":"PropertyValueSpecification","valueRequired":true,"valueName":"search_term_string"}}],"inLanguage":"de"},{"@type":"Person","@id":"https:\/\/blog.phzh.ch\/schulfuehrung\/#\/schema\/person\/13544ff30d01e0e5f98444f0696dcefb","name":"melinamaerten","image":{"@type":"ImageObject","inLanguage":"de","@id":"https:\/\/blog.phzh.ch\/schulfuehrung\/#\/schema\/person\/image\/","url":"https:\/\/secure.gravatar.com\/avatar\/581b196899ac4a61b7e20a29f4dd52fe?s=96&d=mm&r=g","contentUrl":"https:\/\/secure.gravatar.com\/avatar\/581b196899ac4a61b7e20a29f4dd52fe?s=96&d=mm&r=g","caption":"melinamaerten"},"url":"https:\/\/blog.phzh.ch\/schulfuehrung\/author\/melinamaerten\/"}]}},"_links":{"self":[{"href":"https:\/\/blog.phzh.ch\/schulfuehrung\/wp-json\/wp\/v2\/posts\/3310","targetHints":{"allow":["GET"]}}],"collection":[{"href":"https:\/\/blog.phzh.ch\/schulfuehrung\/wp-json\/wp\/v2\/posts"}],"about":[{"href":"https:\/\/blog.phzh.ch\/schulfuehrung\/wp-json\/wp\/v2\/types\/post"}],"author":[{"embeddable":true,"href":"https:\/\/blog.phzh.ch\/schulfuehrung\/wp-json\/wp\/v2\/users\/1392"}],"replies":[{"embeddable":true,"href":"https:\/\/blog.phzh.ch\/schulfuehrung\/wp-json\/wp\/v2\/comments?post=3310"}],"version-history":[{"count":6,"href":"https:\/\/blog.phzh.ch\/schulfuehrung\/wp-json\/wp\/v2\/posts\/3310\/revisions"}],"predecessor-version":[{"id":3324,"href":"https:\/\/blog.phzh.ch\/schulfuehrung\/wp-json\/wp\/v2\/posts\/3310\/revisions\/3324"}],"wp:featuredmedia":[{"embeddable":true,"href":"https:\/\/blog.phzh.ch\/schulfuehrung\/wp-json\/wp\/v2\/media\/3317"}],"wp:attachment":[{"href":"https:\/\/blog.phzh.ch\/schulfuehrung\/wp-json\/wp\/v2\/media?parent=3310"}],"wp:term":[{"taxonomy":"category","embeddable":true,"href":"https:\/\/blog.phzh.ch\/schulfuehrung\/wp-json\/wp\/v2\/categories?post=3310"},{"taxonomy":"post_tag","embeddable":true,"href":"https:\/\/blog.phzh.ch\/schulfuehrung\/wp-json\/wp\/v2\/tags?post=3310"}],"curies":[{"name":"wp","href":"https:\/\/api.w.org\/{rel}","templated":true}]}}