{"id":3021,"date":"2021-03-17T04:00:00","date_gmt":"2021-03-17T03:00:00","guid":{"rendered":"https:\/\/blog.phzh.ch\/schulfuehrung\/?p=3021"},"modified":"2021-03-17T09:38:36","modified_gmt":"2021-03-17T08:38:36","slug":"weshalb-fuehren-wir-unsere-schule-noch-nicht-gemeinschaftlich-erfahrungen-aus-der-praxis","status":"publish","type":"post","link":"https:\/\/blog.phzh.ch\/schulfuehrung\/2021\/03\/17\/weshalb-fuehren-wir-unsere-schule-noch-nicht-gemeinschaftlich-erfahrungen-aus-der-praxis\/","title":{"rendered":"\u00abWeshalb f\u00fchren wir Schule noch nicht gemeinschaftlich?\u00bb &#8211; Erfahrungen aus der Praxis"},"content":{"rendered":"\n<p><strong>F\u00fcr die Tagung \u00abTeacher Leadership \u2013 Schule gemeinschaftlich f\u00fchren\u00bb vom November 2020 an der PH Z\u00fcrich haben wir Interviews mit Personen in unterschiedlichen Funktionen und Aufgaben an Schulen gef\u00fchrt. In drei Beitr\u00e4gen zeigen wir Ihnen Eindr\u00fccke aus der Praxis und den Erfahrungen der Praktikerinnen und Praktiker. Im dritten und letzten Beitrag geht es um die Frage, weshalb der Weg zur gemeinschaftlichen F\u00fchrung vielleicht doch nicht so simpel ist, wie es auf den ersten Blick erscheinen mag. Reto Kuster.<\/strong><\/p>\n\n\n\n<p>Gemeinschaftliche Schulf\u00fchrung ist mittlerweile f\u00fcr viele Schulen Teil einer erstrebenswerten Schulkultur geworden. Dass dem so ist, l\u00e4sst sich unter anderem aus den f\u00fcr die Tagung durchgef\u00fchrten Interviews mit Lehr-, Fach- und F\u00fchrungspersonen heraush\u00f6ren.<\/p>\n\n\n\n<p>Vielschichtige Argumente werden genannt: Ausgehend vom Bewusstsein, \u00fcber das \u00absich gemeinsam auf den Weg machen\u00bb wird betont, dass der damit verkn\u00fcpfte Austausch \u00fcber Werte und Haltungen sowie ein Aushandeln von Zielsetzungen das Team st\u00e4rker zusammenschweisst und eine gemeinsame Orientierung hinsichtlich einer wirkungsvollen Praxis des Lehrens und Lernens unterst\u00fctzt. Als ebenso relevant werden die Wirkungen auf das einzelne Teammitglied beschrieben. Individuelle St\u00e4rken und professionsbezogene Perspektiven k\u00f6nnen unkompliziert eingebracht und genutzt werden, was die Sinnhaftigkeit und damit auch die Selbstwirksamkeit im Arbeitsalltag erh\u00f6ht.<\/p>\n\n\n<p><!--more--><\/p>\n\n\n<p>Da erstaunt es nicht, dass im Zusammenhang mit gemeinschaftlicher Schulf\u00fchrung mehrheitlich von positiven Effekten auf die Motivation sowie auf die Stimmung im Team berichtet wird. M\u00fcsste man sich also nicht sofort an die (Weiter-)Entwicklung einer solchen Kultur machen? Oder steckt der Teufel \u2013 wie so oft \u2013 im Detail? Drei aus den Interviewaussagen abgeleitete Vermutungen weisen darauf hin, weshalb es vielleicht doch nicht so simpel ist, wie es auf den ersten Blick erscheinen mag.<\/p>\n\n\n\n<p><strong>Ist gemeinschaftliche Schulf\u00fchrung die L\u00f6sung?<\/strong><\/p>\n\n\n\n<p>Gemeinschaftliche Schulf\u00fchrung ist keine kurzfristige L\u00f6sung f\u00fcr Herausforderungen im Schulalltag. Ungeduld und der Drang zu schnellen Ergebnissen erschweren einen solchen Weg. Mehrfach wird erw\u00e4hnt, dass es Ausdauer braucht und man sich an diese Kultur zuerst gew\u00f6hnen muss. Aushandlungen \u00fcber Rollen und Zust\u00e4ndigkeiten geschehen nicht von heute auf morgen. Die Beteiligten m\u00fcssen ausprobieren und Erfahrungen sammeln d\u00fcrfen.<\/p>\n\n\n\n<p>Es braucht eine langfristige Strategie und mutige Teacher Leader, die Verantwortung aus dem Team heraus \u00fcbernehmen und diese Stellung nicht als Profilierungs- oder Machtinstrument missbrauchen. Ihr Einsatz f\u00fcr eine konstruktive Aufgabenerf\u00fcllung st\u00e4rkt Schritt f\u00fcr Schritt das Vertrauen in eine solche F\u00fchrungskultur. Wir sprechen hier also von einer jahrelangen Entwicklungs- und Erprobungszeit, nicht nur von wenigen Monaten. &nbsp;&nbsp;&nbsp;<\/p>\n\n\n\n<p>Der Faktor Zeit ist nicht die einzige Investition, die n\u00f6tig ist. Es kann n\u00e4mlich nicht davon ausgegangen werden, dass in den Schulteams jene Lehr- und Fachpersonen, die Lust auf eine Teacher Leader-Rolle haben, einfach so \u00abgefunden\u00bb werden. Schulbeh\u00f6rden und Leitungspersonen sind gefordert, das n\u00f6tige Bewusstsein f\u00fcr eine solche F\u00fchrungskultur zu schaffen; am besten, indem sie es selbst vorleben. Und selbstverst\u00e4ndlich m\u00fcssen den Worten auch Taten folgen. Dazu geh\u00f6ren Rahmenbedingungen, welche es den Teammitgliedern erlauben, F\u00fchrungskompetenzen aufzubauen und F\u00fchrungserfahrungen in verschiedenen schulischen Kontexten zu sammeln. Teacher Leader brauchen Freir\u00e4ume, ein unterst\u00fctzendes Netzwerk und die M\u00f6glichkeit, ihre F\u00fchrungskompetenzen zu reflektieren. Sie fallen nicht einfach vom Himmel.<\/p>\n\n\n\n<p>Und schlussendlich d\u00fcrfen die Grenzen gemeinschaftlicher Schulf\u00fchrung nicht untersch\u00e4tzt werden. Eine solche Kultur bedeutet nicht, dass es die \u00aboffiziellen\u00bb F\u00fchrungspersonen nicht braucht und die Arbeit den Teammitgliedern \u00fcberlassen werden kann. Ganz im Gegenteil. Die formelle F\u00fchrung hat daf\u00fcr zu sorgen, dass Team- und Kooperationsstrukturen im Alltag jene Sicherheit bieten, welche eine wirkungsvolle Einflussnahme durch einzelne Teammitglieder erst m\u00f6glich macht. Sie sind gefordert, den Blick f\u00fcrs Ganze zu sch\u00e4rfen, f\u00fcr eine regelm\u00e4ssige Kl\u00e4rung von Schnittstellen zu sorgen, mit aufkommenden Teamdynamiken geschickt umzugehen und mitzuhelfen, Entscheidungsprozesse in den verschiedenen Teams sinnvoll zu strukturieren. Gemeinschaftliche Schulf\u00fchrung ist alles andere als ein Selbstl\u00e4ufer.<\/p>\n\n\n\n<p>Machen Sie sich selbst ein Bild! H\u00f6ren Sie ins nachfolgende Video hinein und erfahren Sie im Originalton, was Schul- und Betreuungsleitende, Rektoren sowie Lehr- und Fachpersonen aus verschiedenen Schulen zur Entwicklung einer Kultur der gemeinschaftlichen Schulf\u00fchrung meinen.<\/p>\n\n\n\n<figure class=\"wp-block-image size-large\"><a href=\"https:\/\/media.phzh.ch\/Medium\/View\/124000\/16769\" target=\"_blank\" rel=\"https:\/\/media.phzh.ch\/Medium\/View\/124000\/16769 noopener\"><img loading=\"lazy\" decoding=\"async\" width=\"1024\" height=\"485\" src=\"http:\/\/blog.phzh.ch\/schulfuehrung\/files\/2021\/01\/Video-Teaser-e1611588438764-1024x485.png\" alt=\"Video Teaser Tagung Teacher Leadership Interview\" class=\"wp-image-2870\" srcset=\"https:\/\/blog.phzh.ch\/schulfuehrung\/files\/2021\/01\/Video-Teaser-e1611588438764-1024x485.png 1024w, https:\/\/blog.phzh.ch\/schulfuehrung\/files\/2021\/01\/Video-Teaser-e1611588438764-300x142.png 300w, https:\/\/blog.phzh.ch\/schulfuehrung\/files\/2021\/01\/Video-Teaser-e1611588438764-768x364.png 768w, https:\/\/blog.phzh.ch\/schulfuehrung\/files\/2021\/01\/Video-Teaser-e1611588438764.png 1241w\" sizes=\"auto, (max-width: 1024px) 100vw, 1024px\" \/><\/a><\/figure>\n\n\n\n<p><\/p>\n\n\n\n<pre class=\"wp-block-preformatted\">INFOBOX\n\nLesen Sie auch den zweiten Beitrag \u00ab<a href=\"https:\/\/blog.phzh.ch\/schulfuehrung\/2021\/02\/26\/wie-wir-teacher-leadership-umsetzen-erfahrungen-aus-der-praxis\/\" target=\"_blank\" rel=\"noreferrer noopener\">Wie wir Teacher Leadership umsetzen<\/a>\u00bb sowie den ersten \u00ab<a href=\"https:\/\/blog.phzh.ch\/schulfuehrung\/2021\/01\/22\/wie-wir-fuehrung-verstehen-perspektiven-aus-der-praxis\/\" target=\"_blank\" rel=\"noreferrer noopener\">Wie wir F\u00fchrung verstehen<\/a>\u00bb mit Erfahrungen aus der Praxis inklusive Videos. Die gemeinschaftliche Schulf\u00fchrung ist am am 18. Mai 2021 in der Themenreihe&nbsp;\u00ab<a rel=\"noreferrer noopener\" href=\"https:\/\/phzh.ch\/de\/Weiterbildung\/weiterbildungssuche\/Anlassdetail\/Zyklus--Stufen--Jahrgangsleitungen-n144458943.html\" target=\"_blank\">Zyklus-, Stufen-, Jahrgangsleitungen<\/a>\u00bb zentral. F\u00fcr Teacher Leader wird aktuell ein Produkt entwickelt, welches im Fr\u00fchjahr <a rel=\"noreferrer noopener\" href=\"https:\/\/phzh.ch\/de\/Weiterbildung\/weiterbildungssuche\/Anlassdetail\/CAS-Teacher-Leadership-n144461361.html\" target=\"_blank\">hier<\/a>&nbsp;ausgeschrieben wird.<\/pre>\n\n\n\n<h2 class=\"wp-block-heading\">Zum Autor<\/h2>\n\n\n\n<div class=\"wp-block-image\"><figure class=\"alignleft size-large\"><img loading=\"lazy\" decoding=\"async\" width=\"120\" height=\"160\" src=\"http:\/\/blog.phzh.ch\/schulfuehrung\/files\/2020\/06\/Reto-Kuster.jpg\" alt=\"\" class=\"wp-image-2450\" \/><\/figure><\/div>\n\n\n\n<p>Reto Kuster ist Dozent im Zentrum Management und Leadership an der PH Z\u00fcrich. Als Berater und Dozent besch\u00e4ftigt er sich mit Themen rund um Schulf\u00fchrung und Schulentwicklung. Er leitet unter anderem den Lehrgang <a href=\"https:\/\/phzh.ch\/de\/Weiterbildung\/volksschule\/anlassdetail-weiterbildung-fur-volksschule\/CAS-Paedagogische-Schulfuehrung-n144450991.html\" target=\"_blank\" rel=\"noreferrer noopener\">P\u00e4dagogische Schulf\u00fchrung<\/a> und ist Mitglied der Gruppe <a href=\"https:\/\/phzh.ch\/de\/Weiterbildung\/volksschule\/tagesschulen\/qualitatsrahmen\/\" target=\"_blank\" rel=\"noreferrer noopener\">QuinTaS<\/a> &nbsp;mit Schwerpunkt Qualit\u00e4t und Aufbau von Tagesschulen. Weiter ist er in der Beratung von Organisationen und F\u00fchrungspersonen im Bildungsbereich t\u00e4tig.<\/p>\n\n\n\n<p>Redaktion: Melina Maerten<\/p>\n\n\n\n<p>Titelbild: Screenshot aus dem Video<\/p>\n","protected":false},"excerpt":{"rendered":"<p>F\u00fcr die Tagung \u00abTeacher Leadership \u2013 Schule gemeinschaftlich f\u00fchren\u00bb vom November 2020 an der PH Z\u00fcrich haben wir Interviews mit Personen in unterschiedlichen Funktionen und Aufgaben an Schulen gef\u00fchrt. In drei Beitr\u00e4gen zeigen wir Ihnen Eindr\u00fccke aus der Praxis und den Erfahrungen der Praktikerinnen und Praktiker. Im dritten und letzten Beitrag geht es um die &hellip; <a href=\"https:\/\/blog.phzh.ch\/schulfuehrung\/2021\/03\/17\/weshalb-fuehren-wir-unsere-schule-noch-nicht-gemeinschaftlich-erfahrungen-aus-der-praxis\/\" class=\"more-link\"><span class=\"screen-reader-text\">\u00abWeshalb f\u00fchren wir Schule noch nicht gemeinschaftlich?\u00bb &#8211; Erfahrungen aus der Praxis<\/span> weiterlesen<\/a><\/p>\n","protected":false},"author":1392,"featured_media":2847,"comment_status":"open","ping_status":"open","sticky":false,"template":"","format":"standard","meta":{"sfsi_plus_gutenberg_text_before_share":"","sfsi_plus_gutenberg_show_text_before_share":"","sfsi_plus_gutenberg_icon_type":"","sfsi_plus_gutenberg_icon_alignemt":"","sfsi_plus_gutenburg_max_per_row":"","footnotes":""},"categories":[106793,107309],"tags":[106718,107521,4186,107353,109430,78970,48031,107513],"class_list":["post-3021","post","type-post","status-publish","format-standard","has-post-thumbnail","hentry","category-aus-dem-tagebuch","category-alle-beitraege","tag-fuehrungspersonen","tag-gemeinschaftliche-fuehrung","tag-lehrpersonen","tag-reto-kuster","tag-schule-gemeinschaftlich-fuehren","tag-schulfuehrung","tag-tagung","tag-teacher-leadership"],"yoast_head":"<!-- This site is optimized with the Yoast SEO plugin v26.8 - https:\/\/yoast.com\/product\/yoast-seo-wordpress\/ -->\n<title>\u00abWeshalb f\u00fchren wir Schule noch nicht gemeinschaftlich?\u00bb - Erfahrungen aus der Praxis - Schulf\u00fchrung<\/title>\n<meta name=\"robots\" content=\"index, follow, max-snippet:-1, max-image-preview:large, max-video-preview:-1\" \/>\n<link rel=\"canonical\" href=\"https:\/\/blog.phzh.ch\/schulfuehrung\/2021\/03\/17\/weshalb-fuehren-wir-unsere-schule-noch-nicht-gemeinschaftlich-erfahrungen-aus-der-praxis\/\" \/>\n<meta property=\"og:locale\" content=\"de_DE\" \/>\n<meta property=\"og:type\" content=\"article\" \/>\n<meta property=\"og:title\" content=\"\u00abWeshalb f\u00fchren wir Schule noch nicht gemeinschaftlich?\u00bb - Erfahrungen aus der Praxis - Schulf\u00fchrung\" \/>\n<meta property=\"og:description\" content=\"F\u00fcr die Tagung \u00abTeacher Leadership \u2013 Schule gemeinschaftlich f\u00fchren\u00bb vom November 2020 an der PH Z\u00fcrich haben wir Interviews mit Personen in unterschiedlichen Funktionen und Aufgaben an Schulen gef\u00fchrt. In drei Beitr\u00e4gen zeigen wir Ihnen Eindr\u00fccke aus der Praxis und den Erfahrungen der Praktikerinnen und Praktiker. Im dritten und letzten Beitrag geht es um die &hellip; \u00abWeshalb f\u00fchren wir Schule noch nicht gemeinschaftlich?\u00bb &#8211; Erfahrungen aus der Praxis weiterlesen\" \/>\n<meta property=\"og:url\" content=\"https:\/\/blog.phzh.ch\/schulfuehrung\/2021\/03\/17\/weshalb-fuehren-wir-unsere-schule-noch-nicht-gemeinschaftlich-erfahrungen-aus-der-praxis\/\" \/>\n<meta property=\"og:site_name\" content=\"Schulf\u00fchrung\" \/>\n<meta property=\"article:published_time\" content=\"2021-03-17T03:00:00+00:00\" \/>\n<meta property=\"article:modified_time\" content=\"2021-03-17T08:38:36+00:00\" \/>\n<meta property=\"og:image\" content=\"https:\/\/blog.phzh.ch\/schulfuehrung\/files\/2021\/01\/lit_Titelbild_wie-wir-fuehrung-verstehen_20210118_MLR-1.jpg\" \/>\n\t<meta property=\"og:image:width\" content=\"681\" \/>\n\t<meta property=\"og:image:height\" content=\"277\" \/>\n\t<meta property=\"og:image:type\" content=\"image\/jpeg\" \/>\n<meta name=\"author\" content=\"melinamaerten\" \/>\n<meta name=\"twitter:card\" content=\"summary_large_image\" \/>\n<meta name=\"twitter:label1\" content=\"Verfasst von\" \/>\n\t<meta name=\"twitter:data1\" content=\"melinamaerten\" \/>\n\t<meta name=\"twitter:label2\" content=\"Gesch\u00e4tzte Lesezeit\" \/>\n\t<meta name=\"twitter:data2\" content=\"4\u00a0Minuten\" \/>\n<script type=\"application\/ld+json\" class=\"yoast-schema-graph\">{\"@context\":\"https:\/\/schema.org\",\"@graph\":[{\"@type\":\"Article\",\"@id\":\"https:\/\/blog.phzh.ch\/schulfuehrung\/2021\/03\/17\/weshalb-fuehren-wir-unsere-schule-noch-nicht-gemeinschaftlich-erfahrungen-aus-der-praxis\/#article\",\"isPartOf\":{\"@id\":\"https:\/\/blog.phzh.ch\/schulfuehrung\/2021\/03\/17\/weshalb-fuehren-wir-unsere-schule-noch-nicht-gemeinschaftlich-erfahrungen-aus-der-praxis\/\"},\"author\":{\"name\":\"melinamaerten\",\"@id\":\"https:\/\/blog.phzh.ch\/schulfuehrung\/#\/schema\/person\/13544ff30d01e0e5f98444f0696dcefb\"},\"headline\":\"\u00abWeshalb f\u00fchren wir Schule noch nicht gemeinschaftlich?\u00bb &#8211; Erfahrungen aus der Praxis\",\"datePublished\":\"2021-03-17T03:00:00+00:00\",\"dateModified\":\"2021-03-17T08:38:36+00:00\",\"mainEntityOfPage\":{\"@id\":\"https:\/\/blog.phzh.ch\/schulfuehrung\/2021\/03\/17\/weshalb-fuehren-wir-unsere-schule-noch-nicht-gemeinschaftlich-erfahrungen-aus-der-praxis\/\"},\"wordCount\":784,\"commentCount\":0,\"image\":{\"@id\":\"https:\/\/blog.phzh.ch\/schulfuehrung\/2021\/03\/17\/weshalb-fuehren-wir-unsere-schule-noch-nicht-gemeinschaftlich-erfahrungen-aus-der-praxis\/#primaryimage\"},\"thumbnailUrl\":\"https:\/\/blog.phzh.ch\/schulfuehrung\/files\/2021\/01\/lit_Titelbild_wie-wir-fuehrung-verstehen_20210118_MLR-1.jpg\",\"keywords\":[\"F\u00fchrungspersonen\",\"gemeinschaftliche F\u00fchrung\",\"Lehrpersonen\",\"Reto Kuster\",\"Schule gemeinschaftlich f\u00fchren\",\"Schulf\u00fchrung\",\"Tagung\",\"Teacher Leadership\"],\"articleSection\":[\"Aus dem Tagebuch\",\"Gesamte Beitr\u00e4ge\"],\"inLanguage\":\"de\",\"potentialAction\":[{\"@type\":\"CommentAction\",\"name\":\"Comment\",\"target\":[\"https:\/\/blog.phzh.ch\/schulfuehrung\/2021\/03\/17\/weshalb-fuehren-wir-unsere-schule-noch-nicht-gemeinschaftlich-erfahrungen-aus-der-praxis\/#respond\"]}]},{\"@type\":\"WebPage\",\"@id\":\"https:\/\/blog.phzh.ch\/schulfuehrung\/2021\/03\/17\/weshalb-fuehren-wir-unsere-schule-noch-nicht-gemeinschaftlich-erfahrungen-aus-der-praxis\/\",\"url\":\"https:\/\/blog.phzh.ch\/schulfuehrung\/2021\/03\/17\/weshalb-fuehren-wir-unsere-schule-noch-nicht-gemeinschaftlich-erfahrungen-aus-der-praxis\/\",\"name\":\"\u00abWeshalb f\u00fchren wir Schule noch nicht gemeinschaftlich?\u00bb - Erfahrungen aus der Praxis - Schulf\u00fchrung\",\"isPartOf\":{\"@id\":\"https:\/\/blog.phzh.ch\/schulfuehrung\/#website\"},\"primaryImageOfPage\":{\"@id\":\"https:\/\/blog.phzh.ch\/schulfuehrung\/2021\/03\/17\/weshalb-fuehren-wir-unsere-schule-noch-nicht-gemeinschaftlich-erfahrungen-aus-der-praxis\/#primaryimage\"},\"image\":{\"@id\":\"https:\/\/blog.phzh.ch\/schulfuehrung\/2021\/03\/17\/weshalb-fuehren-wir-unsere-schule-noch-nicht-gemeinschaftlich-erfahrungen-aus-der-praxis\/#primaryimage\"},\"thumbnailUrl\":\"https:\/\/blog.phzh.ch\/schulfuehrung\/files\/2021\/01\/lit_Titelbild_wie-wir-fuehrung-verstehen_20210118_MLR-1.jpg\",\"datePublished\":\"2021-03-17T03:00:00+00:00\",\"dateModified\":\"2021-03-17T08:38:36+00:00\",\"author\":{\"@id\":\"https:\/\/blog.phzh.ch\/schulfuehrung\/#\/schema\/person\/13544ff30d01e0e5f98444f0696dcefb\"},\"breadcrumb\":{\"@id\":\"https:\/\/blog.phzh.ch\/schulfuehrung\/2021\/03\/17\/weshalb-fuehren-wir-unsere-schule-noch-nicht-gemeinschaftlich-erfahrungen-aus-der-praxis\/#breadcrumb\"},\"inLanguage\":\"de\",\"potentialAction\":[{\"@type\":\"ReadAction\",\"target\":[\"https:\/\/blog.phzh.ch\/schulfuehrung\/2021\/03\/17\/weshalb-fuehren-wir-unsere-schule-noch-nicht-gemeinschaftlich-erfahrungen-aus-der-praxis\/\"]}]},{\"@type\":\"ImageObject\",\"inLanguage\":\"de\",\"@id\":\"https:\/\/blog.phzh.ch\/schulfuehrung\/2021\/03\/17\/weshalb-fuehren-wir-unsere-schule-noch-nicht-gemeinschaftlich-erfahrungen-aus-der-praxis\/#primaryimage\",\"url\":\"https:\/\/blog.phzh.ch\/schulfuehrung\/files\/2021\/01\/lit_Titelbild_wie-wir-fuehrung-verstehen_20210118_MLR-1.jpg\",\"contentUrl\":\"https:\/\/blog.phzh.ch\/schulfuehrung\/files\/2021\/01\/lit_Titelbild_wie-wir-fuehrung-verstehen_20210118_MLR-1.jpg\",\"width\":681,\"height\":277},{\"@type\":\"BreadcrumbList\",\"@id\":\"https:\/\/blog.phzh.ch\/schulfuehrung\/2021\/03\/17\/weshalb-fuehren-wir-unsere-schule-noch-nicht-gemeinschaftlich-erfahrungen-aus-der-praxis\/#breadcrumb\",\"itemListElement\":[{\"@type\":\"ListItem\",\"position\":1,\"name\":\"Startseite\",\"item\":\"https:\/\/blog.phzh.ch\/schulfuehrung\/\"},{\"@type\":\"ListItem\",\"position\":2,\"name\":\"\u00abWeshalb f\u00fchren wir Schule noch nicht gemeinschaftlich?\u00bb &#8211; Erfahrungen aus der Praxis\"}]},{\"@type\":\"WebSite\",\"@id\":\"https:\/\/blog.phzh.ch\/schulfuehrung\/#website\",\"url\":\"https:\/\/blog.phzh.ch\/schulfuehrung\/\",\"name\":\"Schulf\u00fchrung\",\"description\":\"phzh.ch\/schulfuehrung\",\"potentialAction\":[{\"@type\":\"SearchAction\",\"target\":{\"@type\":\"EntryPoint\",\"urlTemplate\":\"https:\/\/blog.phzh.ch\/schulfuehrung\/?s={search_term_string}\"},\"query-input\":{\"@type\":\"PropertyValueSpecification\",\"valueRequired\":true,\"valueName\":\"search_term_string\"}}],\"inLanguage\":\"de\"},{\"@type\":\"Person\",\"@id\":\"https:\/\/blog.phzh.ch\/schulfuehrung\/#\/schema\/person\/13544ff30d01e0e5f98444f0696dcefb\",\"name\":\"melinamaerten\",\"image\":{\"@type\":\"ImageObject\",\"inLanguage\":\"de\",\"@id\":\"https:\/\/blog.phzh.ch\/schulfuehrung\/#\/schema\/person\/image\/\",\"url\":\"https:\/\/secure.gravatar.com\/avatar\/581b196899ac4a61b7e20a29f4dd52fe?s=96&d=mm&r=g\",\"contentUrl\":\"https:\/\/secure.gravatar.com\/avatar\/581b196899ac4a61b7e20a29f4dd52fe?s=96&d=mm&r=g\",\"caption\":\"melinamaerten\"},\"url\":\"https:\/\/blog.phzh.ch\/schulfuehrung\/author\/melinamaerten\/\"}]}<\/script>\n<!-- \/ Yoast SEO plugin. -->","yoast_head_json":{"title":"\u00abWeshalb f\u00fchren wir Schule noch nicht gemeinschaftlich?\u00bb - Erfahrungen aus der Praxis - Schulf\u00fchrung","robots":{"index":"index","follow":"follow","max-snippet":"max-snippet:-1","max-image-preview":"max-image-preview:large","max-video-preview":"max-video-preview:-1"},"canonical":"https:\/\/blog.phzh.ch\/schulfuehrung\/2021\/03\/17\/weshalb-fuehren-wir-unsere-schule-noch-nicht-gemeinschaftlich-erfahrungen-aus-der-praxis\/","og_locale":"de_DE","og_type":"article","og_title":"\u00abWeshalb f\u00fchren wir Schule noch nicht gemeinschaftlich?\u00bb - Erfahrungen aus der Praxis - Schulf\u00fchrung","og_description":"F\u00fcr die Tagung \u00abTeacher Leadership \u2013 Schule gemeinschaftlich f\u00fchren\u00bb vom November 2020 an der PH Z\u00fcrich haben wir Interviews mit Personen in unterschiedlichen Funktionen und Aufgaben an Schulen gef\u00fchrt. In drei Beitr\u00e4gen zeigen wir Ihnen Eindr\u00fccke aus der Praxis und den Erfahrungen der Praktikerinnen und Praktiker. Im dritten und letzten Beitrag geht es um die &hellip; \u00abWeshalb f\u00fchren wir Schule noch nicht gemeinschaftlich?\u00bb &#8211; Erfahrungen aus der Praxis weiterlesen","og_url":"https:\/\/blog.phzh.ch\/schulfuehrung\/2021\/03\/17\/weshalb-fuehren-wir-unsere-schule-noch-nicht-gemeinschaftlich-erfahrungen-aus-der-praxis\/","og_site_name":"Schulf\u00fchrung","article_published_time":"2021-03-17T03:00:00+00:00","article_modified_time":"2021-03-17T08:38:36+00:00","og_image":[{"width":681,"height":277,"url":"https:\/\/blog.phzh.ch\/schulfuehrung\/files\/2021\/01\/lit_Titelbild_wie-wir-fuehrung-verstehen_20210118_MLR-1.jpg","type":"image\/jpeg"}],"author":"melinamaerten","twitter_card":"summary_large_image","twitter_misc":{"Verfasst von":"melinamaerten","Gesch\u00e4tzte Lesezeit":"4\u00a0Minuten"},"schema":{"@context":"https:\/\/schema.org","@graph":[{"@type":"Article","@id":"https:\/\/blog.phzh.ch\/schulfuehrung\/2021\/03\/17\/weshalb-fuehren-wir-unsere-schule-noch-nicht-gemeinschaftlich-erfahrungen-aus-der-praxis\/#article","isPartOf":{"@id":"https:\/\/blog.phzh.ch\/schulfuehrung\/2021\/03\/17\/weshalb-fuehren-wir-unsere-schule-noch-nicht-gemeinschaftlich-erfahrungen-aus-der-praxis\/"},"author":{"name":"melinamaerten","@id":"https:\/\/blog.phzh.ch\/schulfuehrung\/#\/schema\/person\/13544ff30d01e0e5f98444f0696dcefb"},"headline":"\u00abWeshalb f\u00fchren wir Schule noch nicht gemeinschaftlich?\u00bb &#8211; Erfahrungen aus der Praxis","datePublished":"2021-03-17T03:00:00+00:00","dateModified":"2021-03-17T08:38:36+00:00","mainEntityOfPage":{"@id":"https:\/\/blog.phzh.ch\/schulfuehrung\/2021\/03\/17\/weshalb-fuehren-wir-unsere-schule-noch-nicht-gemeinschaftlich-erfahrungen-aus-der-praxis\/"},"wordCount":784,"commentCount":0,"image":{"@id":"https:\/\/blog.phzh.ch\/schulfuehrung\/2021\/03\/17\/weshalb-fuehren-wir-unsere-schule-noch-nicht-gemeinschaftlich-erfahrungen-aus-der-praxis\/#primaryimage"},"thumbnailUrl":"https:\/\/blog.phzh.ch\/schulfuehrung\/files\/2021\/01\/lit_Titelbild_wie-wir-fuehrung-verstehen_20210118_MLR-1.jpg","keywords":["F\u00fchrungspersonen","gemeinschaftliche F\u00fchrung","Lehrpersonen","Reto Kuster","Schule gemeinschaftlich f\u00fchren","Schulf\u00fchrung","Tagung","Teacher Leadership"],"articleSection":["Aus dem Tagebuch","Gesamte Beitr\u00e4ge"],"inLanguage":"de","potentialAction":[{"@type":"CommentAction","name":"Comment","target":["https:\/\/blog.phzh.ch\/schulfuehrung\/2021\/03\/17\/weshalb-fuehren-wir-unsere-schule-noch-nicht-gemeinschaftlich-erfahrungen-aus-der-praxis\/#respond"]}]},{"@type":"WebPage","@id":"https:\/\/blog.phzh.ch\/schulfuehrung\/2021\/03\/17\/weshalb-fuehren-wir-unsere-schule-noch-nicht-gemeinschaftlich-erfahrungen-aus-der-praxis\/","url":"https:\/\/blog.phzh.ch\/schulfuehrung\/2021\/03\/17\/weshalb-fuehren-wir-unsere-schule-noch-nicht-gemeinschaftlich-erfahrungen-aus-der-praxis\/","name":"\u00abWeshalb f\u00fchren wir Schule noch nicht gemeinschaftlich?\u00bb - Erfahrungen aus der Praxis - Schulf\u00fchrung","isPartOf":{"@id":"https:\/\/blog.phzh.ch\/schulfuehrung\/#website"},"primaryImageOfPage":{"@id":"https:\/\/blog.phzh.ch\/schulfuehrung\/2021\/03\/17\/weshalb-fuehren-wir-unsere-schule-noch-nicht-gemeinschaftlich-erfahrungen-aus-der-praxis\/#primaryimage"},"image":{"@id":"https:\/\/blog.phzh.ch\/schulfuehrung\/2021\/03\/17\/weshalb-fuehren-wir-unsere-schule-noch-nicht-gemeinschaftlich-erfahrungen-aus-der-praxis\/#primaryimage"},"thumbnailUrl":"https:\/\/blog.phzh.ch\/schulfuehrung\/files\/2021\/01\/lit_Titelbild_wie-wir-fuehrung-verstehen_20210118_MLR-1.jpg","datePublished":"2021-03-17T03:00:00+00:00","dateModified":"2021-03-17T08:38:36+00:00","author":{"@id":"https:\/\/blog.phzh.ch\/schulfuehrung\/#\/schema\/person\/13544ff30d01e0e5f98444f0696dcefb"},"breadcrumb":{"@id":"https:\/\/blog.phzh.ch\/schulfuehrung\/2021\/03\/17\/weshalb-fuehren-wir-unsere-schule-noch-nicht-gemeinschaftlich-erfahrungen-aus-der-praxis\/#breadcrumb"},"inLanguage":"de","potentialAction":[{"@type":"ReadAction","target":["https:\/\/blog.phzh.ch\/schulfuehrung\/2021\/03\/17\/weshalb-fuehren-wir-unsere-schule-noch-nicht-gemeinschaftlich-erfahrungen-aus-der-praxis\/"]}]},{"@type":"ImageObject","inLanguage":"de","@id":"https:\/\/blog.phzh.ch\/schulfuehrung\/2021\/03\/17\/weshalb-fuehren-wir-unsere-schule-noch-nicht-gemeinschaftlich-erfahrungen-aus-der-praxis\/#primaryimage","url":"https:\/\/blog.phzh.ch\/schulfuehrung\/files\/2021\/01\/lit_Titelbild_wie-wir-fuehrung-verstehen_20210118_MLR-1.jpg","contentUrl":"https:\/\/blog.phzh.ch\/schulfuehrung\/files\/2021\/01\/lit_Titelbild_wie-wir-fuehrung-verstehen_20210118_MLR-1.jpg","width":681,"height":277},{"@type":"BreadcrumbList","@id":"https:\/\/blog.phzh.ch\/schulfuehrung\/2021\/03\/17\/weshalb-fuehren-wir-unsere-schule-noch-nicht-gemeinschaftlich-erfahrungen-aus-der-praxis\/#breadcrumb","itemListElement":[{"@type":"ListItem","position":1,"name":"Startseite","item":"https:\/\/blog.phzh.ch\/schulfuehrung\/"},{"@type":"ListItem","position":2,"name":"\u00abWeshalb f\u00fchren wir Schule noch nicht gemeinschaftlich?\u00bb &#8211; Erfahrungen aus der Praxis"}]},{"@type":"WebSite","@id":"https:\/\/blog.phzh.ch\/schulfuehrung\/#website","url":"https:\/\/blog.phzh.ch\/schulfuehrung\/","name":"Schulf\u00fchrung","description":"phzh.ch\/schulfuehrung","potentialAction":[{"@type":"SearchAction","target":{"@type":"EntryPoint","urlTemplate":"https:\/\/blog.phzh.ch\/schulfuehrung\/?s={search_term_string}"},"query-input":{"@type":"PropertyValueSpecification","valueRequired":true,"valueName":"search_term_string"}}],"inLanguage":"de"},{"@type":"Person","@id":"https:\/\/blog.phzh.ch\/schulfuehrung\/#\/schema\/person\/13544ff30d01e0e5f98444f0696dcefb","name":"melinamaerten","image":{"@type":"ImageObject","inLanguage":"de","@id":"https:\/\/blog.phzh.ch\/schulfuehrung\/#\/schema\/person\/image\/","url":"https:\/\/secure.gravatar.com\/avatar\/581b196899ac4a61b7e20a29f4dd52fe?s=96&d=mm&r=g","contentUrl":"https:\/\/secure.gravatar.com\/avatar\/581b196899ac4a61b7e20a29f4dd52fe?s=96&d=mm&r=g","caption":"melinamaerten"},"url":"https:\/\/blog.phzh.ch\/schulfuehrung\/author\/melinamaerten\/"}]}},"_links":{"self":[{"href":"https:\/\/blog.phzh.ch\/schulfuehrung\/wp-json\/wp\/v2\/posts\/3021","targetHints":{"allow":["GET"]}}],"collection":[{"href":"https:\/\/blog.phzh.ch\/schulfuehrung\/wp-json\/wp\/v2\/posts"}],"about":[{"href":"https:\/\/blog.phzh.ch\/schulfuehrung\/wp-json\/wp\/v2\/types\/post"}],"author":[{"embeddable":true,"href":"https:\/\/blog.phzh.ch\/schulfuehrung\/wp-json\/wp\/v2\/users\/1392"}],"replies":[{"embeddable":true,"href":"https:\/\/blog.phzh.ch\/schulfuehrung\/wp-json\/wp\/v2\/comments?post=3021"}],"version-history":[{"count":10,"href":"https:\/\/blog.phzh.ch\/schulfuehrung\/wp-json\/wp\/v2\/posts\/3021\/revisions"}],"predecessor-version":[{"id":3032,"href":"https:\/\/blog.phzh.ch\/schulfuehrung\/wp-json\/wp\/v2\/posts\/3021\/revisions\/3032"}],"wp:featuredmedia":[{"embeddable":true,"href":"https:\/\/blog.phzh.ch\/schulfuehrung\/wp-json\/wp\/v2\/media\/2847"}],"wp:attachment":[{"href":"https:\/\/blog.phzh.ch\/schulfuehrung\/wp-json\/wp\/v2\/media?parent=3021"}],"wp:term":[{"taxonomy":"category","embeddable":true,"href":"https:\/\/blog.phzh.ch\/schulfuehrung\/wp-json\/wp\/v2\/categories?post=3021"},{"taxonomy":"post_tag","embeddable":true,"href":"https:\/\/blog.phzh.ch\/schulfuehrung\/wp-json\/wp\/v2\/tags?post=3021"}],"curies":[{"name":"wp","href":"https:\/\/api.w.org\/{rel}","templated":true}]}}