{"id":2923,"date":"2021-02-16T04:00:00","date_gmt":"2021-02-16T03:00:00","guid":{"rendered":"https:\/\/blog.phzh.ch\/schulfuehrung\/?p=2923"},"modified":"2021-04-07T17:23:38","modified_gmt":"2021-04-07T15:23:38","slug":"kompass-fuer-den-digitalen-wandel-orientierung-fuer-die-personalentwicklung","status":"publish","type":"post","link":"https:\/\/blog.phzh.ch\/schulfuehrung\/2021\/02\/16\/kompass-fuer-den-digitalen-wandel-orientierung-fuer-die-personalentwicklung\/","title":{"rendered":"\u00abKompass f\u00fcr den digitalen Wandel\u00bb -Orientierung f\u00fcr die Personalentwicklung"},"content":{"rendered":"\n<p><strong>Sp\u00e4testens seit dem Corona-Lockdown ist deutlich geworden, wie stark der digitale Wandel die heutige Bildungslandschaft pr\u00e4gt. Dabei geht es um weit mehr als die Arbeit mit Lernplattformen, Lehrmitteln oder digitalen Tools; es geht um einen grundlegenden Wandel der Schulkultur. Das Zentrum f\u00fcr Medienbildung und Informatik der PH Z\u00fcrich hat ein Instrument entwickelt, das hilft, sich mit dem digitalen Wandel an der eigenen Schule auseinanderzusetzen.<\/strong><\/p>\n\n\n\n<p><strong>Rasanter gesellschaftlicher Wandel<\/strong><\/p>\n\n\n\n<p>Die rasanten gesellschaftlichen und bildungspolitischen Entwicklungen fordern Schulen heraus, sich mit der Digitalisierung auseinanderzusetzen. Der digitale Wandel betrifft alle gesellschaftlichen Bereiche. Schulen sind gefordert, Antworten darauf zu geben, wie Sch\u00fclerinnen und Sch\u00fcler auf ein Leben in einer von der Digitalisierung durchdrungenen Gesellschaft vorbereitet werden. Die Integration digitaler Medien in den Unterricht ist dabei nur ein Aspekt. Der digitale Wandel dagegen ist viel weitreichender. Er ver\u00e4ndert Bildungseinrichtungen von Grund auf und erfordert einen l\u00e4ngeren und umfassenden Schulentwicklungsprozess.<\/p>\n\n\n\n<p>Um diesem Wandel erfolgreich zu begegnen, steht zun\u00e4chst die Frage im Mittelpunkt, welche Kompetenzen junge Menschen ben\u00f6tigen, damit sie die Gesellschaft von morgen aktiv mitgestalten k\u00f6nnen. Neben Kompetenzen, die sie zur Aus\u00fcbung eines Berufes brauchen, sind sie gefordert, sich sozial, kulturell und politisch zurechtzufinden. In allen diesen gesellschaftlichen Bereichen spielt die Digitalisierung schon heute eine zentrale Rolle.<\/p>\n\n\n<p><!--more--><\/p>\n\n\n<p><strong>Personalentwicklung als ein entscheidender Faktor<\/strong><\/p>\n\n\n\n<p>So gesehen braucht es in Schulteams eine intensive Auseinandersetzung \u00fcber das jeweilige Verst\u00e4ndnis, wie der Bildungsauftrag am besten erf\u00fcllt werden soll, welche Haltungen, aber auch welche Kompetenzen notwendig sind. Einzelne isolierte Massnahmen wie zum Beispiel eine halbt\u00e4gige schulinterne Weiterbildung zur Thematik k\u00f6nnen Entwicklungsprozesse anstossen. Um den digitalen Wandel in Schulen aktiv und nachhaltig zu gestalten, ist jedoch ein Zusammenspiel von verschiedenen Faktoren notwendig.<\/p>\n\n\n\n<p>Eine zentrale Rolle spielt dabei die Personalentwicklung. Es gilt die Offenheit der Lehrpersonen gegen\u00fcber Ver\u00e4nderungen zu unterst\u00fctzen, gemeinsam nach immer neuen Wegen zu suchen und stets nach den Chancen der Digitalisierung f\u00fcrs Lehren und Lernen Ausschau zu halten. Schulleitungen nehmen in diesem Prozess eine Schl\u00fcsselfunktion ein: Sie sollten kommende Herausforderungen fr\u00fchzeitig erkennen, mit dem Team besprechen, dynamische und zukunftsgewandte Ideen aufgreifen, skeptische Stimmen ernst nehmen und m\u00f6glichst alle Kollegen und Kolleginnen \u00abins Boot holen\u00bb. Zudem gilt es Verbindlichkeiten zu schaffen, an denen sich die Beteiligten orientieren k\u00f6nnen.<\/p>\n\n\n\n<figure class=\"wp-block-image size-large\"><img loading=\"lazy\" decoding=\"async\" width=\"1000\" height=\"666\" src=\"http:\/\/blog.phzh.ch\/schulfuehrung\/files\/2021\/02\/IMG_7991.jpg\" alt=\"Kompass digitaler Wandel\" class=\"wp-image-2937\" srcset=\"https:\/\/blog.phzh.ch\/schulfuehrung\/files\/2021\/02\/IMG_7991.jpg 1000w, https:\/\/blog.phzh.ch\/schulfuehrung\/files\/2021\/02\/IMG_7991-300x200.jpg 300w, https:\/\/blog.phzh.ch\/schulfuehrung\/files\/2021\/02\/IMG_7991-768x511.jpg 768w\" sizes=\"auto, (max-width: 1000px) 100vw, 1000px\" \/><\/figure>\n\n\n\n<p><strong>Der Kompass f\u00fcr den digitalen Wandel<\/strong><\/p>\n\n\n\n<p>Es gibt keine einfachen Antworten und \u00abpfannenfertige L\u00f6sungen\u00bb f\u00fcr den digitalen Wandel. Stattdessen gilt es, relevante Fragestellungen f\u00fcr die Entwicklung der Schule zu finden. Aus dieser \u00dcberzeugung hat das Zentrum f\u00fcr Medienbildung und Informatik einen \u00abKompass f\u00fcr den digitalen Wandel\u00bb entwickelt. Damit steht neu ein Instrument zur Verf\u00fcgung, das Schulen hilft, einen \u00dcberblick \u00fcber verschiedene Faktoren zu gewinnen, die in einem Schulentwicklungsprozess zu beachten sind.<\/p>\n\n\n\n<figure class=\"wp-block-image size-large\"><img loading=\"lazy\" decoding=\"async\" width=\"1000\" height=\"758\" src=\"http:\/\/blog.phzh.ch\/schulfuehrung\/files\/2021\/02\/IMG_7199.jpg\" alt=\"\" class=\"wp-image-2939\" srcset=\"https:\/\/blog.phzh.ch\/schulfuehrung\/files\/2021\/02\/IMG_7199.jpg 1000w, https:\/\/blog.phzh.ch\/schulfuehrung\/files\/2021\/02\/IMG_7199-300x227.jpg 300w, https:\/\/blog.phzh.ch\/schulfuehrung\/files\/2021\/02\/IMG_7199-768x582.jpg 768w\" sizes=\"auto, (max-width: 1000px) 100vw, 1000px\" \/><\/figure>\n\n\n\n<p>Konzipiert als Kartenset finden Sie zu 34 Aspekten Denkanregungen, methodische Hinweise und weiterf\u00fchrende Ressourcen. Entstanden ist eine \u00fcbersichtliche Orientierungshilfe f\u00fcr den Schulentwicklungsprozess, die sich f\u00fcr eine Visionsarbeit im Team, als Grundlage f\u00fcr Mitarbeitendengespr\u00e4che oder als Inspirationsquelle f\u00fcr professionelle Lerngemeinschaften eignet.<\/p>\n\n\n\n<pre class=\"wp-block-preformatted\">INFOBOX\n\nDas Kartenset und eine Einf\u00fchrung \u00fcber Grundidee und Nutzungsm\u00f6glichkeiten sowie Hinweise auf weitere Webressourcen finden Sie kostenfrei unter <a rel=\"noreferrer noopener\" href=\"https:\/\/kompassdigitalerwandel.ch\/\" target=\"_blank\">kompassdigitalerwandel.ch<\/a>. Die Materialien k\u00f6nnen Sie frei verwenden und an die eigenen Bed\u00fcrfnisse anpassen.<\/pre>\n\n\n\n<h2 class=\"wp-block-heading\">Zu den Autoren<\/h2>\n\n\n\n<p><a rel=\"noreferrer noopener\" href=\"https:\/\/phzh.ch\/personen\/thomas.staub\" target=\"_blank\">Thomas Staub<\/a> und <a rel=\"noreferrer noopener\" href=\"https:\/\/phzh.ch\/personen\/andrea.kern\" target=\"_blank\">Andrea Kern<\/a> arbeiten gemeinsam im <a rel=\"noreferrer noopener\" href=\"https:\/\/phzh.ch\/de\/ueber-uns\/Organisation\/Prorektorat-Weiterbildung-und-Dienstleistungen\/Abteilung-Weiterbildung-und-Beratung\/zentrum-medienbildung-und-informatik\/\" target=\"_blank\">Zentrum Medienbildung und Informatik<\/a> der PH Z\u00fcrich. Ihre Arbeitsschwerpunkte liegen in der Fachberatung rund ums Thema digitale Medien und ICT in der Schule und in der Konzipierung, Planung und Durchf\u00fchrung von Weiterbildungen und Veranstaltungen im Bereich Medienbildung und Informatik. Gemeinsam haben sie zur Unterst\u00fctzung in ihrem Arbeitsalltag das Kartenset \u00abKompass f\u00fcr den digitalen Wandel\u00bb entwickelt.<\/p>\n\n\n\n<div class=\"wp-block-group\"><div class=\"wp-block-group__inner-container is-layout-flow wp-block-group-is-layout-flow\">\n<div class=\"wp-block-image\"><figure class=\"alignleft size-large is-resized\"><img loading=\"lazy\" decoding=\"async\" src=\"http:\/\/blog.phzh.ch\/schulfuehrung\/files\/2021\/02\/Portraits_Andrea-Kern-Thomas-Staub_20210201_MLR.png\" alt=\"Thomas Staub und Andrea Kern PHZH\" class=\"wp-image-2933\" width=\"254\" height=\"180\" srcset=\"https:\/\/blog.phzh.ch\/schulfuehrung\/files\/2021\/02\/Portraits_Andrea-Kern-Thomas-Staub_20210201_MLR.png 1015w, https:\/\/blog.phzh.ch\/schulfuehrung\/files\/2021\/02\/Portraits_Andrea-Kern-Thomas-Staub_20210201_MLR-300x213.png 300w, https:\/\/blog.phzh.ch\/schulfuehrung\/files\/2021\/02\/Portraits_Andrea-Kern-Thomas-Staub_20210201_MLR-768x544.png 768w\" sizes=\"auto, (max-width: 254px) 100vw, 254px\" \/><\/figure><\/div>\n<\/div><\/div>\n\n\n\n<p><\/p>\n\n\n\n<p><\/p>\n\n\n\n<p><\/p>\n\n\n\n<p><\/p>\n\n\n\n<p>Redaktion: Melina Maerten<\/p>\n","protected":false},"excerpt":{"rendered":"<p>Sp\u00e4testens seit dem Corona-Lockdown ist deutlich geworden, wie stark der digitale Wandel die heutige Bildungslandschaft pr\u00e4gt. Dabei geht es um weit mehr als die Arbeit mit Lernplattformen, Lehrmitteln oder digitalen Tools; es geht um einen grundlegenden Wandel der Schulkultur. Das Zentrum f\u00fcr Medienbildung und Informatik der PH Z\u00fcrich hat ein Instrument entwickelt, das hilft, sich &hellip; <a href=\"https:\/\/blog.phzh.ch\/schulfuehrung\/2021\/02\/16\/kompass-fuer-den-digitalen-wandel-orientierung-fuer-die-personalentwicklung\/\" class=\"more-link\"><span class=\"screen-reader-text\">\u00abKompass f\u00fcr den digitalen Wandel\u00bb -Orientierung f\u00fcr die Personalentwicklung<\/span> weiterlesen<\/a><\/p>\n","protected":false},"author":1392,"featured_media":2935,"comment_status":"open","ping_status":"open","sticky":false,"template":"","format":"standard","meta":{"sfsi_plus_gutenberg_text_before_share":"","sfsi_plus_gutenberg_show_text_before_share":"","sfsi_plus_gutenberg_icon_type":"","sfsi_plus_gutenberg_icon_alignemt":"","sfsi_plus_gutenburg_max_per_row":"","footnotes":""},"categories":[107128,107309],"tags":[109446,107148,107508,107316,44926,109445,109447],"class_list":["post-2923","post","type-post","status-publish","format-standard","has-post-thumbnail","hentry","category-entdecken","category-alle-beitraege","tag-andrea-kern","tag-bildungssystem","tag-digitale-bildung","tag-digitaler-wandel","tag-personalentwicklung","tag-thomas-staub","tag-zentrum-fuer-medienbildung-und-informatik"],"yoast_head":"<!-- This site is optimized with the Yoast SEO plugin v26.8 - https:\/\/yoast.com\/product\/yoast-seo-wordpress\/ -->\n<title>\u00abKompass f\u00fcr den digitalen Wandel\u00bb -Orientierung f\u00fcr die Personalentwicklung - Schulf\u00fchrung<\/title>\n<meta name=\"robots\" content=\"index, follow, max-snippet:-1, max-image-preview:large, max-video-preview:-1\" \/>\n<link rel=\"canonical\" href=\"https:\/\/blog.phzh.ch\/schulfuehrung\/2021\/02\/16\/kompass-fuer-den-digitalen-wandel-orientierung-fuer-die-personalentwicklung\/\" \/>\n<meta property=\"og:locale\" content=\"de_DE\" \/>\n<meta property=\"og:type\" content=\"article\" \/>\n<meta property=\"og:title\" content=\"\u00abKompass f\u00fcr den digitalen Wandel\u00bb -Orientierung f\u00fcr die Personalentwicklung - Schulf\u00fchrung\" \/>\n<meta property=\"og:description\" content=\"Sp\u00e4testens seit dem Corona-Lockdown ist deutlich geworden, wie stark der digitale Wandel die heutige Bildungslandschaft pr\u00e4gt. Dabei geht es um weit mehr als die Arbeit mit Lernplattformen, Lehrmitteln oder digitalen Tools; es geht um einen grundlegenden Wandel der Schulkultur. Das Zentrum f\u00fcr Medienbildung und Informatik der PH Z\u00fcrich hat ein Instrument entwickelt, das hilft, sich &hellip; \u00abKompass f\u00fcr den digitalen Wandel\u00bb -Orientierung f\u00fcr die Personalentwicklung weiterlesen\" \/>\n<meta property=\"og:url\" content=\"https:\/\/blog.phzh.ch\/schulfuehrung\/2021\/02\/16\/kompass-fuer-den-digitalen-wandel-orientierung-fuer-die-personalentwicklung\/\" \/>\n<meta property=\"og:site_name\" content=\"Schulf\u00fchrung\" \/>\n<meta property=\"article:published_time\" content=\"2021-02-16T03:00:00+00:00\" \/>\n<meta property=\"article:modified_time\" content=\"2021-04-07T15:23:38+00:00\" \/>\n<meta property=\"og:image\" content=\"https:\/\/blog.phzh.ch\/schulfuehrung\/files\/2021\/02\/Dimensionen-Schulentwicklung.jpg\" \/>\n\t<meta property=\"og:image:width\" content=\"2000\" \/>\n\t<meta property=\"og:image:height\" content=\"1200\" \/>\n\t<meta property=\"og:image:type\" content=\"image\/jpeg\" \/>\n<meta name=\"author\" content=\"melinamaerten\" \/>\n<meta name=\"twitter:card\" content=\"summary_large_image\" \/>\n<meta name=\"twitter:label1\" content=\"Verfasst von\" \/>\n\t<meta name=\"twitter:data1\" content=\"melinamaerten\" \/>\n\t<meta name=\"twitter:label2\" content=\"Gesch\u00e4tzte Lesezeit\" \/>\n\t<meta name=\"twitter:data2\" content=\"3\u00a0Minuten\" \/>\n<script type=\"application\/ld+json\" class=\"yoast-schema-graph\">{\"@context\":\"https:\/\/schema.org\",\"@graph\":[{\"@type\":\"Article\",\"@id\":\"https:\/\/blog.phzh.ch\/schulfuehrung\/2021\/02\/16\/kompass-fuer-den-digitalen-wandel-orientierung-fuer-die-personalentwicklung\/#article\",\"isPartOf\":{\"@id\":\"https:\/\/blog.phzh.ch\/schulfuehrung\/2021\/02\/16\/kompass-fuer-den-digitalen-wandel-orientierung-fuer-die-personalentwicklung\/\"},\"author\":{\"name\":\"melinamaerten\",\"@id\":\"https:\/\/blog.phzh.ch\/schulfuehrung\/#\/schema\/person\/13544ff30d01e0e5f98444f0696dcefb\"},\"headline\":\"\u00abKompass f\u00fcr den digitalen Wandel\u00bb -Orientierung f\u00fcr die Personalentwicklung\",\"datePublished\":\"2021-02-16T03:00:00+00:00\",\"dateModified\":\"2021-04-07T15:23:38+00:00\",\"mainEntityOfPage\":{\"@id\":\"https:\/\/blog.phzh.ch\/schulfuehrung\/2021\/02\/16\/kompass-fuer-den-digitalen-wandel-orientierung-fuer-die-personalentwicklung\/\"},\"wordCount\":586,\"commentCount\":0,\"image\":{\"@id\":\"https:\/\/blog.phzh.ch\/schulfuehrung\/2021\/02\/16\/kompass-fuer-den-digitalen-wandel-orientierung-fuer-die-personalentwicklung\/#primaryimage\"},\"thumbnailUrl\":\"https:\/\/blog.phzh.ch\/schulfuehrung\/files\/2021\/02\/Dimensionen-Schulentwicklung.jpg\",\"keywords\":[\"Andrea Kern\",\"Bildungssystem\",\"Digitale Bildung\",\"digitaler Wandel\",\"Personalentwicklung\",\"Thomas Staub\",\"Zentrum f\u00fcr Medienbildung und Informatik\"],\"articleSection\":[\"Entdecken\",\"Gesamte Beitr\u00e4ge\"],\"inLanguage\":\"de\",\"potentialAction\":[{\"@type\":\"CommentAction\",\"name\":\"Comment\",\"target\":[\"https:\/\/blog.phzh.ch\/schulfuehrung\/2021\/02\/16\/kompass-fuer-den-digitalen-wandel-orientierung-fuer-die-personalentwicklung\/#respond\"]}]},{\"@type\":\"WebPage\",\"@id\":\"https:\/\/blog.phzh.ch\/schulfuehrung\/2021\/02\/16\/kompass-fuer-den-digitalen-wandel-orientierung-fuer-die-personalentwicklung\/\",\"url\":\"https:\/\/blog.phzh.ch\/schulfuehrung\/2021\/02\/16\/kompass-fuer-den-digitalen-wandel-orientierung-fuer-die-personalentwicklung\/\",\"name\":\"\u00abKompass f\u00fcr den digitalen Wandel\u00bb -Orientierung f\u00fcr die Personalentwicklung - Schulf\u00fchrung\",\"isPartOf\":{\"@id\":\"https:\/\/blog.phzh.ch\/schulfuehrung\/#website\"},\"primaryImageOfPage\":{\"@id\":\"https:\/\/blog.phzh.ch\/schulfuehrung\/2021\/02\/16\/kompass-fuer-den-digitalen-wandel-orientierung-fuer-die-personalentwicklung\/#primaryimage\"},\"image\":{\"@id\":\"https:\/\/blog.phzh.ch\/schulfuehrung\/2021\/02\/16\/kompass-fuer-den-digitalen-wandel-orientierung-fuer-die-personalentwicklung\/#primaryimage\"},\"thumbnailUrl\":\"https:\/\/blog.phzh.ch\/schulfuehrung\/files\/2021\/02\/Dimensionen-Schulentwicklung.jpg\",\"datePublished\":\"2021-02-16T03:00:00+00:00\",\"dateModified\":\"2021-04-07T15:23:38+00:00\",\"author\":{\"@id\":\"https:\/\/blog.phzh.ch\/schulfuehrung\/#\/schema\/person\/13544ff30d01e0e5f98444f0696dcefb\"},\"breadcrumb\":{\"@id\":\"https:\/\/blog.phzh.ch\/schulfuehrung\/2021\/02\/16\/kompass-fuer-den-digitalen-wandel-orientierung-fuer-die-personalentwicklung\/#breadcrumb\"},\"inLanguage\":\"de\",\"potentialAction\":[{\"@type\":\"ReadAction\",\"target\":[\"https:\/\/blog.phzh.ch\/schulfuehrung\/2021\/02\/16\/kompass-fuer-den-digitalen-wandel-orientierung-fuer-die-personalentwicklung\/\"]}]},{\"@type\":\"ImageObject\",\"inLanguage\":\"de\",\"@id\":\"https:\/\/blog.phzh.ch\/schulfuehrung\/2021\/02\/16\/kompass-fuer-den-digitalen-wandel-orientierung-fuer-die-personalentwicklung\/#primaryimage\",\"url\":\"https:\/\/blog.phzh.ch\/schulfuehrung\/files\/2021\/02\/Dimensionen-Schulentwicklung.jpg\",\"contentUrl\":\"https:\/\/blog.phzh.ch\/schulfuehrung\/files\/2021\/02\/Dimensionen-Schulentwicklung.jpg\",\"width\":2000,\"height\":1200,\"caption\":\"Dimensionen Schulentwicklung Digitaler Wandel\"},{\"@type\":\"BreadcrumbList\",\"@id\":\"https:\/\/blog.phzh.ch\/schulfuehrung\/2021\/02\/16\/kompass-fuer-den-digitalen-wandel-orientierung-fuer-die-personalentwicklung\/#breadcrumb\",\"itemListElement\":[{\"@type\":\"ListItem\",\"position\":1,\"name\":\"Startseite\",\"item\":\"https:\/\/blog.phzh.ch\/schulfuehrung\/\"},{\"@type\":\"ListItem\",\"position\":2,\"name\":\"\u00abKompass f\u00fcr den digitalen Wandel\u00bb -Orientierung f\u00fcr die Personalentwicklung\"}]},{\"@type\":\"WebSite\",\"@id\":\"https:\/\/blog.phzh.ch\/schulfuehrung\/#website\",\"url\":\"https:\/\/blog.phzh.ch\/schulfuehrung\/\",\"name\":\"Schulf\u00fchrung\",\"description\":\"phzh.ch\/schulfuehrung\",\"potentialAction\":[{\"@type\":\"SearchAction\",\"target\":{\"@type\":\"EntryPoint\",\"urlTemplate\":\"https:\/\/blog.phzh.ch\/schulfuehrung\/?s={search_term_string}\"},\"query-input\":{\"@type\":\"PropertyValueSpecification\",\"valueRequired\":true,\"valueName\":\"search_term_string\"}}],\"inLanguage\":\"de\"},{\"@type\":\"Person\",\"@id\":\"https:\/\/blog.phzh.ch\/schulfuehrung\/#\/schema\/person\/13544ff30d01e0e5f98444f0696dcefb\",\"name\":\"melinamaerten\",\"image\":{\"@type\":\"ImageObject\",\"inLanguage\":\"de\",\"@id\":\"https:\/\/blog.phzh.ch\/schulfuehrung\/#\/schema\/person\/image\/\",\"url\":\"https:\/\/secure.gravatar.com\/avatar\/581b196899ac4a61b7e20a29f4dd52fe?s=96&d=mm&r=g\",\"contentUrl\":\"https:\/\/secure.gravatar.com\/avatar\/581b196899ac4a61b7e20a29f4dd52fe?s=96&d=mm&r=g\",\"caption\":\"melinamaerten\"},\"url\":\"https:\/\/blog.phzh.ch\/schulfuehrung\/author\/melinamaerten\/\"}]}<\/script>\n<!-- \/ Yoast SEO plugin. -->","yoast_head_json":{"title":"\u00abKompass f\u00fcr den digitalen Wandel\u00bb -Orientierung f\u00fcr die Personalentwicklung - Schulf\u00fchrung","robots":{"index":"index","follow":"follow","max-snippet":"max-snippet:-1","max-image-preview":"max-image-preview:large","max-video-preview":"max-video-preview:-1"},"canonical":"https:\/\/blog.phzh.ch\/schulfuehrung\/2021\/02\/16\/kompass-fuer-den-digitalen-wandel-orientierung-fuer-die-personalentwicklung\/","og_locale":"de_DE","og_type":"article","og_title":"\u00abKompass f\u00fcr den digitalen Wandel\u00bb -Orientierung f\u00fcr die Personalentwicklung - Schulf\u00fchrung","og_description":"Sp\u00e4testens seit dem Corona-Lockdown ist deutlich geworden, wie stark der digitale Wandel die heutige Bildungslandschaft pr\u00e4gt. Dabei geht es um weit mehr als die Arbeit mit Lernplattformen, Lehrmitteln oder digitalen Tools; es geht um einen grundlegenden Wandel der Schulkultur. Das Zentrum f\u00fcr Medienbildung und Informatik der PH Z\u00fcrich hat ein Instrument entwickelt, das hilft, sich &hellip; \u00abKompass f\u00fcr den digitalen Wandel\u00bb -Orientierung f\u00fcr die Personalentwicklung weiterlesen","og_url":"https:\/\/blog.phzh.ch\/schulfuehrung\/2021\/02\/16\/kompass-fuer-den-digitalen-wandel-orientierung-fuer-die-personalentwicklung\/","og_site_name":"Schulf\u00fchrung","article_published_time":"2021-02-16T03:00:00+00:00","article_modified_time":"2021-04-07T15:23:38+00:00","og_image":[{"width":2000,"height":1200,"url":"https:\/\/blog.phzh.ch\/schulfuehrung\/files\/2021\/02\/Dimensionen-Schulentwicklung.jpg","type":"image\/jpeg"}],"author":"melinamaerten","twitter_card":"summary_large_image","twitter_misc":{"Verfasst von":"melinamaerten","Gesch\u00e4tzte Lesezeit":"3\u00a0Minuten"},"schema":{"@context":"https:\/\/schema.org","@graph":[{"@type":"Article","@id":"https:\/\/blog.phzh.ch\/schulfuehrung\/2021\/02\/16\/kompass-fuer-den-digitalen-wandel-orientierung-fuer-die-personalentwicklung\/#article","isPartOf":{"@id":"https:\/\/blog.phzh.ch\/schulfuehrung\/2021\/02\/16\/kompass-fuer-den-digitalen-wandel-orientierung-fuer-die-personalentwicklung\/"},"author":{"name":"melinamaerten","@id":"https:\/\/blog.phzh.ch\/schulfuehrung\/#\/schema\/person\/13544ff30d01e0e5f98444f0696dcefb"},"headline":"\u00abKompass f\u00fcr den digitalen Wandel\u00bb -Orientierung f\u00fcr die Personalentwicklung","datePublished":"2021-02-16T03:00:00+00:00","dateModified":"2021-04-07T15:23:38+00:00","mainEntityOfPage":{"@id":"https:\/\/blog.phzh.ch\/schulfuehrung\/2021\/02\/16\/kompass-fuer-den-digitalen-wandel-orientierung-fuer-die-personalentwicklung\/"},"wordCount":586,"commentCount":0,"image":{"@id":"https:\/\/blog.phzh.ch\/schulfuehrung\/2021\/02\/16\/kompass-fuer-den-digitalen-wandel-orientierung-fuer-die-personalentwicklung\/#primaryimage"},"thumbnailUrl":"https:\/\/blog.phzh.ch\/schulfuehrung\/files\/2021\/02\/Dimensionen-Schulentwicklung.jpg","keywords":["Andrea Kern","Bildungssystem","Digitale Bildung","digitaler Wandel","Personalentwicklung","Thomas Staub","Zentrum f\u00fcr Medienbildung und Informatik"],"articleSection":["Entdecken","Gesamte Beitr\u00e4ge"],"inLanguage":"de","potentialAction":[{"@type":"CommentAction","name":"Comment","target":["https:\/\/blog.phzh.ch\/schulfuehrung\/2021\/02\/16\/kompass-fuer-den-digitalen-wandel-orientierung-fuer-die-personalentwicklung\/#respond"]}]},{"@type":"WebPage","@id":"https:\/\/blog.phzh.ch\/schulfuehrung\/2021\/02\/16\/kompass-fuer-den-digitalen-wandel-orientierung-fuer-die-personalentwicklung\/","url":"https:\/\/blog.phzh.ch\/schulfuehrung\/2021\/02\/16\/kompass-fuer-den-digitalen-wandel-orientierung-fuer-die-personalentwicklung\/","name":"\u00abKompass f\u00fcr den digitalen Wandel\u00bb -Orientierung f\u00fcr die Personalentwicklung - Schulf\u00fchrung","isPartOf":{"@id":"https:\/\/blog.phzh.ch\/schulfuehrung\/#website"},"primaryImageOfPage":{"@id":"https:\/\/blog.phzh.ch\/schulfuehrung\/2021\/02\/16\/kompass-fuer-den-digitalen-wandel-orientierung-fuer-die-personalentwicklung\/#primaryimage"},"image":{"@id":"https:\/\/blog.phzh.ch\/schulfuehrung\/2021\/02\/16\/kompass-fuer-den-digitalen-wandel-orientierung-fuer-die-personalentwicklung\/#primaryimage"},"thumbnailUrl":"https:\/\/blog.phzh.ch\/schulfuehrung\/files\/2021\/02\/Dimensionen-Schulentwicklung.jpg","datePublished":"2021-02-16T03:00:00+00:00","dateModified":"2021-04-07T15:23:38+00:00","author":{"@id":"https:\/\/blog.phzh.ch\/schulfuehrung\/#\/schema\/person\/13544ff30d01e0e5f98444f0696dcefb"},"breadcrumb":{"@id":"https:\/\/blog.phzh.ch\/schulfuehrung\/2021\/02\/16\/kompass-fuer-den-digitalen-wandel-orientierung-fuer-die-personalentwicklung\/#breadcrumb"},"inLanguage":"de","potentialAction":[{"@type":"ReadAction","target":["https:\/\/blog.phzh.ch\/schulfuehrung\/2021\/02\/16\/kompass-fuer-den-digitalen-wandel-orientierung-fuer-die-personalentwicklung\/"]}]},{"@type":"ImageObject","inLanguage":"de","@id":"https:\/\/blog.phzh.ch\/schulfuehrung\/2021\/02\/16\/kompass-fuer-den-digitalen-wandel-orientierung-fuer-die-personalentwicklung\/#primaryimage","url":"https:\/\/blog.phzh.ch\/schulfuehrung\/files\/2021\/02\/Dimensionen-Schulentwicklung.jpg","contentUrl":"https:\/\/blog.phzh.ch\/schulfuehrung\/files\/2021\/02\/Dimensionen-Schulentwicklung.jpg","width":2000,"height":1200,"caption":"Dimensionen Schulentwicklung Digitaler Wandel"},{"@type":"BreadcrumbList","@id":"https:\/\/blog.phzh.ch\/schulfuehrung\/2021\/02\/16\/kompass-fuer-den-digitalen-wandel-orientierung-fuer-die-personalentwicklung\/#breadcrumb","itemListElement":[{"@type":"ListItem","position":1,"name":"Startseite","item":"https:\/\/blog.phzh.ch\/schulfuehrung\/"},{"@type":"ListItem","position":2,"name":"\u00abKompass f\u00fcr den digitalen Wandel\u00bb -Orientierung f\u00fcr die Personalentwicklung"}]},{"@type":"WebSite","@id":"https:\/\/blog.phzh.ch\/schulfuehrung\/#website","url":"https:\/\/blog.phzh.ch\/schulfuehrung\/","name":"Schulf\u00fchrung","description":"phzh.ch\/schulfuehrung","potentialAction":[{"@type":"SearchAction","target":{"@type":"EntryPoint","urlTemplate":"https:\/\/blog.phzh.ch\/schulfuehrung\/?s={search_term_string}"},"query-input":{"@type":"PropertyValueSpecification","valueRequired":true,"valueName":"search_term_string"}}],"inLanguage":"de"},{"@type":"Person","@id":"https:\/\/blog.phzh.ch\/schulfuehrung\/#\/schema\/person\/13544ff30d01e0e5f98444f0696dcefb","name":"melinamaerten","image":{"@type":"ImageObject","inLanguage":"de","@id":"https:\/\/blog.phzh.ch\/schulfuehrung\/#\/schema\/person\/image\/","url":"https:\/\/secure.gravatar.com\/avatar\/581b196899ac4a61b7e20a29f4dd52fe?s=96&d=mm&r=g","contentUrl":"https:\/\/secure.gravatar.com\/avatar\/581b196899ac4a61b7e20a29f4dd52fe?s=96&d=mm&r=g","caption":"melinamaerten"},"url":"https:\/\/blog.phzh.ch\/schulfuehrung\/author\/melinamaerten\/"}]}},"_links":{"self":[{"href":"https:\/\/blog.phzh.ch\/schulfuehrung\/wp-json\/wp\/v2\/posts\/2923","targetHints":{"allow":["GET"]}}],"collection":[{"href":"https:\/\/blog.phzh.ch\/schulfuehrung\/wp-json\/wp\/v2\/posts"}],"about":[{"href":"https:\/\/blog.phzh.ch\/schulfuehrung\/wp-json\/wp\/v2\/types\/post"}],"author":[{"embeddable":true,"href":"https:\/\/blog.phzh.ch\/schulfuehrung\/wp-json\/wp\/v2\/users\/1392"}],"replies":[{"embeddable":true,"href":"https:\/\/blog.phzh.ch\/schulfuehrung\/wp-json\/wp\/v2\/comments?post=2923"}],"version-history":[{"count":12,"href":"https:\/\/blog.phzh.ch\/schulfuehrung\/wp-json\/wp\/v2\/posts\/2923\/revisions"}],"predecessor-version":[{"id":3113,"href":"https:\/\/blog.phzh.ch\/schulfuehrung\/wp-json\/wp\/v2\/posts\/2923\/revisions\/3113"}],"wp:featuredmedia":[{"embeddable":true,"href":"https:\/\/blog.phzh.ch\/schulfuehrung\/wp-json\/wp\/v2\/media\/2935"}],"wp:attachment":[{"href":"https:\/\/blog.phzh.ch\/schulfuehrung\/wp-json\/wp\/v2\/media?parent=2923"}],"wp:term":[{"taxonomy":"category","embeddable":true,"href":"https:\/\/blog.phzh.ch\/schulfuehrung\/wp-json\/wp\/v2\/categories?post=2923"},{"taxonomy":"post_tag","embeddable":true,"href":"https:\/\/blog.phzh.ch\/schulfuehrung\/wp-json\/wp\/v2\/tags?post=2923"}],"curies":[{"name":"wp","href":"https:\/\/api.w.org\/{rel}","templated":true}]}}