{"id":2882,"date":"2021-01-27T04:00:00","date_gmt":"2021-01-27T03:00:00","guid":{"rendered":"https:\/\/blog.phzh.ch\/schulfuehrung\/?p=2882"},"modified":"2021-01-26T11:19:04","modified_gmt":"2021-01-26T10:19:04","slug":"schule21-macht-gluecklich","status":"publish","type":"post","link":"https:\/\/blog.phzh.ch\/schulfuehrung\/2021\/01\/27\/schule21-macht-gluecklich\/","title":{"rendered":"Schule21 macht gl\u00fccklich"},"content":{"rendered":"\n<p><strong>Im Schweizer Bildungssystem besteht neben dem Lehrplan 21 keine gemeinsam getragene Vision, finden wir vom Verband Schulleiterinnen und Schulleiter Schweiz VSLCH. H\u00f6chste Zeit, dies zu \u00e4ndern!<\/strong> <strong>Zusammen mit den Pr\u00e4sidien der Kantonssektionen haben wir eine gemeinsame Zielvorstellung einer zeitgem\u00e4ssen Schule im 21. Jahrhundert entworfen.<\/strong><\/p>\n\n\n\n<p>Die Vision nennt sich \u00abSchule21 macht gl\u00fccklich\u00bb. Gl\u00fccklich deshalb, weil unsere Schule nicht allein zu einem gl\u00fccklichen und m\u00fcndigen Leben nach der Schulzeit verhelfen soll. Vielmehr sollen die Sch\u00fcler*innen sowie alle Mitarbeitenden die Lern- und Arbeitszeit selbst als gl\u00fccklich und erf\u00fcllend erleben. Schule21&nbsp;gleich aus vier Gr\u00fcnden: Es geht um unsere Vision&nbsp;einer&nbsp;zeitgem\u00e4ssen&nbsp;Schule im 21. Jahrhundert,&nbsp;zur Vision k\u00f6nnen alle Schulleiter*innen aus allen 21&nbsp;deutschschweizer&nbsp;Kantonen beitragen, das Buch dazu wird im Jahr 2021 erscheinen und&nbsp;bezieht&nbsp;sich unter anderem auf&nbsp;den&nbsp;kompetenzorientierten&nbsp;Lehrplan 21.<\/p>\n\n\n\n<p>In unserer Schule des 21. Jahrhunderts lernen die Sch\u00fclerinnen und Sch\u00fcler\u202fmit allen Sinnen des K\u00f6rpers; geistig, musisch und physisch. Wir schaffen Gelegenheiten, in denen sie ihre St\u00e4rken entfalten.\u00a0Es ist eine Schule, in welcher der Raum zum dritten P\u00e4dagogen wird mit Sitzkreis, Leseecke, Reflexionsort, R\u00fcckzugsm\u00f6glichkeiten,\u00a0Studiumsplatz, Begegnungszonen f\u00fcr Dialog, Diskussion und Pr\u00e4sentation,\u00a0MakerSpace, Cloud&#8230;<\/p>\n\n\n<p><!--more--><\/p>\n\n\n<p>Es ist eine Schule, in der jeder einzelne Sch\u00fcler, jede einzelne Sch\u00fclerin seine, ihre eigene Struktur hat, und&nbsp;an&nbsp;gemeinsamen&nbsp;Projekten&nbsp;mitarbeitet.&nbsp;Es ist eine Schule, in der die Lehrerinnen und Lehrer gemeinsam Lernen, Entwicklungen durch Selbstgestaltung initiieren, in Kooperation Kurse planen, miteinander \u00fcber ihre Erfahrungen in der Lernberatung sprechen und ihre Zusammenarbeit und Erfolge geb\u00fchrend wertsch\u00e4tzen. Es ist eine Schule, in der die Sch\u00fclerinnen und Sch\u00fcler sich selbst einsch\u00e4tzen lernen und in der sie weitgehend selber entscheiden, was sie mit ihrer Zeit anfangen wollen. Es ist eine Schule, die allen Menschen offensteht, jeden Morgen, jeden Nachmittag und jeden Abend, wann immer sie es w\u00fcnschen.<\/p>\n\n\n\n<p>Es ist eine&nbsp;Schule mit originellen und kreativen Projekten, die aus den Herzen der Kinder und Jugendlichen entspringen und einen direkten Zusammenhang mit den grossen Herausforderungen unserer Zeit haben.&nbsp;Es ist eine Schule, in der die komparativen Vorteile der Technologien verstanden, anerkannt und gezielt genutzt werden.&nbsp;Es ist eine Schule, in der sich alle verst\u00e4ndigen und in der die ben\u00f6tigten Grundlagen f\u00fcr kreatives Denken und Handeln erm\u00f6glicht werden. Es ist eine Schule, in der Sch\u00fclerinnen und Sch\u00fcler die Sprache des kritischen Denkens lernen und die Sprache der Emotionen. Es ist eine Schule, in der formativ begutachtet wird, mittels Selbst-, Peer- und Fremdbegutachtung.<\/p>\n\n\n\n<p>Es ist eine Schule, die sich selbst als lernende Organisation versteht. Sie lernt sowohl in Netzwerken als auch in Kooperation mit&nbsp;der&nbsp;Wissenschaft. Dadurch handelt, ver\u00e4ndert und entwickelt sie sich mit Blick auf die Gegenwart, auf die Forschung und auf globale und lokale Realit\u00e4ten.&nbsp;Damit&nbsp;lernen&nbsp;Sch\u00fclerinnen und Sch\u00fcler, wie sie leben, ihre Geschichte erz\u00e4hlen,&nbsp;das&nbsp;21. Jahrhundert entdecken und verwandeln k\u00f6nnen. Durch diese institutionelle Entwicklung&nbsp;sch\u00e4rfen&nbsp;die Schulen ihre Identit\u00e4t und entwickeln sich zu professionellen&nbsp;Lerngemeinschaften, die den Erfolg all ihrer Sch\u00fcler*innen garantieren.<\/p>\n\n\n\n<p>So&nbsp;ist&nbsp;es&nbsp;eine Schule, die sich nicht als Organisation versteht, nicht als Organismus, sondern vielmehr als \u00d6kosystem, in dem Betroffene zu Beteiligten werden.&nbsp;Als Hauptakteure&nbsp;erhalten&nbsp;die&nbsp;Sch\u00fclerinnen und Sch\u00fcler&nbsp;mit&nbsp;ihren&nbsp;Eltern&nbsp;die h\u00f6chstm\u00f6gliche Beachtung, wenn es um Einbezug, Mitgestaltung und Mitbestimmung geht.&nbsp;Schulen21 ver\u00e4ndern die Welt, und sie tun dies, indem sie aus den besten Erfahrungen lernen und konkrete Massnahmen ergreifen, jeden Tag aufs Neue&nbsp;(vgl. Hernando Calvo, 2015).<\/p>\n\n\n\n<p>Weil uns diese Vorstellung so ergreift, haben wir ein Buchprojekt gestartet: Den Booksprint \u00abSchule21 macht gl\u00fccklich\u00bb! An dieser Vision soll nun auf kollaborative Weise weitergearbeitet werden. Alle Schulleiterinnen und Schulleiter der Deutschschweiz sind zum Booksprint eingeladen.&nbsp;Zusammen wollen wir einstehen f\u00fcr eine zeitgem\u00e4sse Schule und all jene best\u00e4rken, die mit ihren Schulen den Lernkulturwandel anstreben oder ihn bereits vollziehen. F\u00fcr weitere Personen im Schulfeld kann \u00abSchule21 macht gl\u00fccklich\u00bb eine Quelle von Ideen, Zuspruch und Inspiration bedeuten.<\/p>\n\n\n\n<p>\u00abSchule21 macht gl\u00fccklich\u00bb soll in jedem Schulleitungsb\u00fcro, in vielen Klassenzimmern, in den Schul\u00e4mtern und zuhause bei den Familien anzutreffen sein.&nbsp;Es wird ein Buch voller Energie, Sehsucht, Mut und Aufbruch.<\/p>\n\n\n\n<pre id=\"block-ecb8c714-c7fe-4311-b0bd-131a9eda6962\" class=\"wp-block-preformatted\">INFOBOX\nF\u00fchlst du dich von dieser Vision auch angesprochen? Dann bist du herzlich eingeladen, <a href=\"https:\/\/vslch-my.sharepoint.com\/:x:\/g\/personal\/joerg_berger_vslch_ch\/EU-Os0kix6FKkBdHQFQjOuIBQNX1gAJtWaGNaaheYafWVg?e=LZjucp\" target=\"_blank\" rel=\"noreferrer noopener\">als Autor*in mitzuwirken<\/a> und einen oder mehrere Beitr\u00e4ge beizusteuern. Du kannst deine Gedanken zur Vision teilen, mit deiner Idee f\u00fcr viel Inspiration sorgen, eine Methode deiner Schule beschreiben, die euch erfolgreich macht und\/oder \u00fcber ein \u00abGood-Practice-Beispiel\u00bb berichten, das bei euch ab durch die Decke geht. Als Autor*in beh\u00e4ltst du deine Rechte an deinem Text. Wir freuen uns \u00fcber viele bunte und ermutigende Berichte: <a rel=\"noreferrer noopener\" href=\"https:\/\/vslch-my.sharepoint.com\/:x:\/g\/personal\/joerg_berger_vslch_ch\/EU-Os0kix6FKkBdHQFQjOuIBQNX1gAJtWaGNaaheYafWVg?e=LZjucp\" data-type=\"URL\" data-id=\"https:\/\/vslch-my.sharepoint.com\/:x:\/g\/personal\/joerg_berger_vslch_ch\/EU-Os0kix6FKkBdHQFQjOuIBQNX1gAJtWaGNaaheYafWVg?e=LZjucp\" target=\"_blank\">Autor*innen-Liste Booksprint \u00abSchule21 macht gl\u00fccklich<\/a><a href=\"https:\/\/vslch-my.sharepoint.com\/:x:\/g\/personal\/joerg_berger_vslch_ch\/EU-Os0kix6FKkBdHQFQjOuIBQNX1gAJtWaGNaaheYafWVg?e=LZjucp\" data-type=\"URL\" data-id=\"https:\/\/vslch-my.sharepoint.com\/:x:\/g\/personal\/joerg_berger_vslch_ch\/EU-Os0kix6FKkBdHQFQjOuIBQNX1gAJtWaGNaaheYafWVg?e=LZjucp\" target=\"_blank\" rel=\"noreferrer noopener\">\u00bb<\/a><\/pre>\n\n\n\n<h2 class=\"wp-block-heading\">Zum Autor<\/h2>\n\n\n\n<div class=\"wp-block-image\"><figure class=\"alignleft size-large is-resized\"><img decoding=\"async\" src=\"http:\/\/blog.phzh.ch\/schulfuehrung\/files\/2020\/03\/Portrait_J\u00f6rg-Berger-683x1024.jpg\" alt=\"\" class=\"wp-image-2185\" width=\"127\" srcset=\"https:\/\/blog.phzh.ch\/schulfuehrung\/files\/2020\/03\/Portrait_J\u00f6rg-Berger-683x1024.jpg 683w, https:\/\/blog.phzh.ch\/schulfuehrung\/files\/2020\/03\/Portrait_J\u00f6rg-Berger-200x300.jpg 200w, https:\/\/blog.phzh.ch\/schulfuehrung\/files\/2020\/03\/Portrait_J\u00f6rg-Berger-768x1152.jpg 768w, https:\/\/blog.phzh.ch\/schulfuehrung\/files\/2020\/03\/Portrait_J\u00f6rg-Berger-1024x1536.jpg 1024w, https:\/\/blog.phzh.ch\/schulfuehrung\/files\/2020\/03\/Portrait_J\u00f6rg-Berger-1365x2048.jpg 1365w, https:\/\/blog.phzh.ch\/schulfuehrung\/files\/2020\/03\/Portrait_J\u00f6rg-Berger-scaled.jpg 1707w\" sizes=\"(max-width: 683px) 100vw, 683px\" \/><\/figure><\/div>\n\n\n\n<p>J\u00f6rg Berger ist verantwortlich f\u00fcr den Blog Schulf\u00fchrung. Er arbeitet in der Lehrgangsleitung des CAS Digital Leadership in Education, als Schulleiter an der Schule Knonau und in der Gesch\u00e4ftsleitung des Fachverbandes Schulleiterinnen und Schulleiter Schweiz VSLCH.<\/p>\n\n\n\n<p><\/p>\n\n\n\n<p>Redaktion: J\u00f6rg Berger<\/p>\n\n\n\n<p>Titelbild: Beatrix Winist\u00f6rfer<\/p>\n","protected":false},"excerpt":{"rendered":"<p>Im Schweizer Bildungssystem besteht neben dem Lehrplan 21 keine gemeinsam getragene Vision, finden wir vom Verband Schulleiterinnen und Schulleiter Schweiz VSLCH. H\u00f6chste Zeit, dies zu \u00e4ndern! Zusammen mit den Pr\u00e4sidien der Kantonssektionen haben wir eine gemeinsame Zielvorstellung einer zeitgem\u00e4ssen Schule im 21. Jahrhundert entworfen. Die Vision nennt sich \u00abSchule21 macht gl\u00fccklich\u00bb. Gl\u00fccklich deshalb, weil unsere &hellip; <a href=\"https:\/\/blog.phzh.ch\/schulfuehrung\/2021\/01\/27\/schule21-macht-gluecklich\/\" class=\"more-link\"><span class=\"screen-reader-text\">Schule21 macht gl\u00fccklich<\/span> weiterlesen<\/a><\/p>\n","protected":false},"author":1416,"featured_media":2883,"comment_status":"open","ping_status":"open","sticky":false,"template":"","format":"standard","meta":{"sfsi_plus_gutenberg_text_before_share":"","sfsi_plus_gutenberg_show_text_before_share":"","sfsi_plus_gutenberg_icon_type":"","sfsi_plus_gutenberg_icon_alignemt":"","sfsi_plus_gutenburg_max_per_row":"","footnotes":""},"categories":[107128,107309],"tags":[109434,109435,107157,109359],"class_list":["post-2882","post","type-post","status-publish","format-standard","has-post-thumbnail","hentry","category-entdecken","category-alle-beitraege","tag-booksprint","tag-schule21","tag-vision","tag-vslch"],"yoast_head":"<!-- This site is optimized with the Yoast SEO plugin v26.8 - https:\/\/yoast.com\/product\/yoast-seo-wordpress\/ -->\n<title>Schule21 macht gl\u00fccklich - Schulf\u00fchrung<\/title>\n<meta name=\"robots\" content=\"index, follow, max-snippet:-1, max-image-preview:large, max-video-preview:-1\" \/>\n<link rel=\"canonical\" href=\"https:\/\/blog.phzh.ch\/schulfuehrung\/2021\/01\/27\/schule21-macht-gluecklich\/\" \/>\n<meta property=\"og:locale\" content=\"de_DE\" \/>\n<meta property=\"og:type\" content=\"article\" \/>\n<meta property=\"og:title\" content=\"Schule21 macht gl\u00fccklich - Schulf\u00fchrung\" \/>\n<meta property=\"og:description\" content=\"Im Schweizer Bildungssystem besteht neben dem Lehrplan 21 keine gemeinsam getragene Vision, finden wir vom Verband Schulleiterinnen und Schulleiter Schweiz VSLCH. H\u00f6chste Zeit, dies zu \u00e4ndern! Zusammen mit den Pr\u00e4sidien der Kantonssektionen haben wir eine gemeinsame Zielvorstellung einer zeitgem\u00e4ssen Schule im 21. Jahrhundert entworfen. Die Vision nennt sich \u00abSchule21 macht gl\u00fccklich\u00bb. Gl\u00fccklich deshalb, weil unsere &hellip; Schule21 macht gl\u00fccklich weiterlesen\" \/>\n<meta property=\"og:url\" content=\"https:\/\/blog.phzh.ch\/schulfuehrung\/2021\/01\/27\/schule21-macht-gluecklich\/\" \/>\n<meta property=\"og:site_name\" content=\"Schulf\u00fchrung\" \/>\n<meta property=\"article:published_time\" content=\"2021-01-27T03:00:00+00:00\" \/>\n<meta property=\"og:image\" content=\"https:\/\/blog.phzh.ch\/schulfuehrung\/files\/2021\/01\/Skechnote_Schule21machtglu\u0308cklich.png\" \/>\n\t<meta property=\"og:image:width\" content=\"3508\" \/>\n\t<meta property=\"og:image:height\" content=\"2480\" \/>\n\t<meta property=\"og:image:type\" content=\"image\/png\" \/>\n<meta name=\"author\" content=\"joerg.berger@phzh.ch\" \/>\n<meta name=\"twitter:card\" content=\"summary_large_image\" \/>\n<meta name=\"twitter:label1\" content=\"Verfasst von\" \/>\n\t<meta name=\"twitter:data1\" content=\"joerg.berger@phzh.ch\" \/>\n\t<meta name=\"twitter:label2\" content=\"Gesch\u00e4tzte Lesezeit\" \/>\n\t<meta name=\"twitter:data2\" content=\"4\u00a0Minuten\" \/>\n<script type=\"application\/ld+json\" class=\"yoast-schema-graph\">{\"@context\":\"https:\/\/schema.org\",\"@graph\":[{\"@type\":\"Article\",\"@id\":\"https:\/\/blog.phzh.ch\/schulfuehrung\/2021\/01\/27\/schule21-macht-gluecklich\/#article\",\"isPartOf\":{\"@id\":\"https:\/\/blog.phzh.ch\/schulfuehrung\/2021\/01\/27\/schule21-macht-gluecklich\/\"},\"author\":{\"name\":\"joerg.berger@phzh.ch\",\"@id\":\"https:\/\/blog.phzh.ch\/schulfuehrung\/#\/schema\/person\/054349b95d3a6f07edb6b76b4f30280b\"},\"headline\":\"Schule21 macht gl\u00fccklich\",\"datePublished\":\"2021-01-27T03:00:00+00:00\",\"mainEntityOfPage\":{\"@id\":\"https:\/\/blog.phzh.ch\/schulfuehrung\/2021\/01\/27\/schule21-macht-gluecklich\/\"},\"wordCount\":807,\"commentCount\":0,\"image\":{\"@id\":\"https:\/\/blog.phzh.ch\/schulfuehrung\/2021\/01\/27\/schule21-macht-gluecklich\/#primaryimage\"},\"thumbnailUrl\":\"https:\/\/blog.phzh.ch\/schulfuehrung\/files\/2021\/01\/Skechnote_Schule21machtglu\u0308cklich.png\",\"keywords\":[\"booksprint\",\"Schule21\",\"Vision\",\"VSLCH\"],\"articleSection\":[\"Entdecken\",\"Gesamte Beitr\u00e4ge\"],\"inLanguage\":\"de\",\"potentialAction\":[{\"@type\":\"CommentAction\",\"name\":\"Comment\",\"target\":[\"https:\/\/blog.phzh.ch\/schulfuehrung\/2021\/01\/27\/schule21-macht-gluecklich\/#respond\"]}]},{\"@type\":\"WebPage\",\"@id\":\"https:\/\/blog.phzh.ch\/schulfuehrung\/2021\/01\/27\/schule21-macht-gluecklich\/\",\"url\":\"https:\/\/blog.phzh.ch\/schulfuehrung\/2021\/01\/27\/schule21-macht-gluecklich\/\",\"name\":\"Schule21 macht gl\u00fccklich - Schulf\u00fchrung\",\"isPartOf\":{\"@id\":\"https:\/\/blog.phzh.ch\/schulfuehrung\/#website\"},\"primaryImageOfPage\":{\"@id\":\"https:\/\/blog.phzh.ch\/schulfuehrung\/2021\/01\/27\/schule21-macht-gluecklich\/#primaryimage\"},\"image\":{\"@id\":\"https:\/\/blog.phzh.ch\/schulfuehrung\/2021\/01\/27\/schule21-macht-gluecklich\/#primaryimage\"},\"thumbnailUrl\":\"https:\/\/blog.phzh.ch\/schulfuehrung\/files\/2021\/01\/Skechnote_Schule21machtglu\u0308cklich.png\",\"datePublished\":\"2021-01-27T03:00:00+00:00\",\"author\":{\"@id\":\"https:\/\/blog.phzh.ch\/schulfuehrung\/#\/schema\/person\/054349b95d3a6f07edb6b76b4f30280b\"},\"breadcrumb\":{\"@id\":\"https:\/\/blog.phzh.ch\/schulfuehrung\/2021\/01\/27\/schule21-macht-gluecklich\/#breadcrumb\"},\"inLanguage\":\"de\",\"potentialAction\":[{\"@type\":\"ReadAction\",\"target\":[\"https:\/\/blog.phzh.ch\/schulfuehrung\/2021\/01\/27\/schule21-macht-gluecklich\/\"]}]},{\"@type\":\"ImageObject\",\"inLanguage\":\"de\",\"@id\":\"https:\/\/blog.phzh.ch\/schulfuehrung\/2021\/01\/27\/schule21-macht-gluecklich\/#primaryimage\",\"url\":\"https:\/\/blog.phzh.ch\/schulfuehrung\/files\/2021\/01\/Skechnote_Schule21machtglu\u0308cklich.png\",\"contentUrl\":\"https:\/\/blog.phzh.ch\/schulfuehrung\/files\/2021\/01\/Skechnote_Schule21machtglu\u0308cklich.png\",\"width\":3508,\"height\":2480},{\"@type\":\"BreadcrumbList\",\"@id\":\"https:\/\/blog.phzh.ch\/schulfuehrung\/2021\/01\/27\/schule21-macht-gluecklich\/#breadcrumb\",\"itemListElement\":[{\"@type\":\"ListItem\",\"position\":1,\"name\":\"Startseite\",\"item\":\"https:\/\/blog.phzh.ch\/schulfuehrung\/\"},{\"@type\":\"ListItem\",\"position\":2,\"name\":\"Schule21 macht gl\u00fccklich\"}]},{\"@type\":\"WebSite\",\"@id\":\"https:\/\/blog.phzh.ch\/schulfuehrung\/#website\",\"url\":\"https:\/\/blog.phzh.ch\/schulfuehrung\/\",\"name\":\"Schulf\u00fchrung\",\"description\":\"phzh.ch\/schulfuehrung\",\"potentialAction\":[{\"@type\":\"SearchAction\",\"target\":{\"@type\":\"EntryPoint\",\"urlTemplate\":\"https:\/\/blog.phzh.ch\/schulfuehrung\/?s={search_term_string}\"},\"query-input\":{\"@type\":\"PropertyValueSpecification\",\"valueRequired\":true,\"valueName\":\"search_term_string\"}}],\"inLanguage\":\"de\"},{\"@type\":\"Person\",\"@id\":\"https:\/\/blog.phzh.ch\/schulfuehrung\/#\/schema\/person\/054349b95d3a6f07edb6b76b4f30280b\",\"name\":\"joerg.berger@phzh.ch\",\"image\":{\"@type\":\"ImageObject\",\"inLanguage\":\"de\",\"@id\":\"https:\/\/blog.phzh.ch\/schulfuehrung\/#\/schema\/person\/image\/\",\"url\":\"https:\/\/secure.gravatar.com\/avatar\/7feadf7133c63f799cd5819f21ccc220?s=96&d=mm&r=g\",\"contentUrl\":\"https:\/\/secure.gravatar.com\/avatar\/7feadf7133c63f799cd5819f21ccc220?s=96&d=mm&r=g\",\"caption\":\"joerg.berger@phzh.ch\"},\"url\":\"https:\/\/blog.phzh.ch\/schulfuehrung\/author\/joerg-bergerphzh-ch\/\"}]}<\/script>\n<!-- \/ Yoast SEO plugin. -->","yoast_head_json":{"title":"Schule21 macht gl\u00fccklich - Schulf\u00fchrung","robots":{"index":"index","follow":"follow","max-snippet":"max-snippet:-1","max-image-preview":"max-image-preview:large","max-video-preview":"max-video-preview:-1"},"canonical":"https:\/\/blog.phzh.ch\/schulfuehrung\/2021\/01\/27\/schule21-macht-gluecklich\/","og_locale":"de_DE","og_type":"article","og_title":"Schule21 macht gl\u00fccklich - Schulf\u00fchrung","og_description":"Im Schweizer Bildungssystem besteht neben dem Lehrplan 21 keine gemeinsam getragene Vision, finden wir vom Verband Schulleiterinnen und Schulleiter Schweiz VSLCH. H\u00f6chste Zeit, dies zu \u00e4ndern! Zusammen mit den Pr\u00e4sidien der Kantonssektionen haben wir eine gemeinsame Zielvorstellung einer zeitgem\u00e4ssen Schule im 21. Jahrhundert entworfen. Die Vision nennt sich \u00abSchule21 macht gl\u00fccklich\u00bb. Gl\u00fccklich deshalb, weil unsere &hellip; Schule21 macht gl\u00fccklich weiterlesen","og_url":"https:\/\/blog.phzh.ch\/schulfuehrung\/2021\/01\/27\/schule21-macht-gluecklich\/","og_site_name":"Schulf\u00fchrung","article_published_time":"2021-01-27T03:00:00+00:00","og_image":[{"width":3508,"height":2480,"url":"https:\/\/blog.phzh.ch\/schulfuehrung\/files\/2021\/01\/Skechnote_Schule21machtglu\u0308cklich.png","type":"image\/png"}],"author":"joerg.berger@phzh.ch","twitter_card":"summary_large_image","twitter_misc":{"Verfasst von":"joerg.berger@phzh.ch","Gesch\u00e4tzte Lesezeit":"4\u00a0Minuten"},"schema":{"@context":"https:\/\/schema.org","@graph":[{"@type":"Article","@id":"https:\/\/blog.phzh.ch\/schulfuehrung\/2021\/01\/27\/schule21-macht-gluecklich\/#article","isPartOf":{"@id":"https:\/\/blog.phzh.ch\/schulfuehrung\/2021\/01\/27\/schule21-macht-gluecklich\/"},"author":{"name":"joerg.berger@phzh.ch","@id":"https:\/\/blog.phzh.ch\/schulfuehrung\/#\/schema\/person\/054349b95d3a6f07edb6b76b4f30280b"},"headline":"Schule21 macht gl\u00fccklich","datePublished":"2021-01-27T03:00:00+00:00","mainEntityOfPage":{"@id":"https:\/\/blog.phzh.ch\/schulfuehrung\/2021\/01\/27\/schule21-macht-gluecklich\/"},"wordCount":807,"commentCount":0,"image":{"@id":"https:\/\/blog.phzh.ch\/schulfuehrung\/2021\/01\/27\/schule21-macht-gluecklich\/#primaryimage"},"thumbnailUrl":"https:\/\/blog.phzh.ch\/schulfuehrung\/files\/2021\/01\/Skechnote_Schule21machtglu\u0308cklich.png","keywords":["booksprint","Schule21","Vision","VSLCH"],"articleSection":["Entdecken","Gesamte Beitr\u00e4ge"],"inLanguage":"de","potentialAction":[{"@type":"CommentAction","name":"Comment","target":["https:\/\/blog.phzh.ch\/schulfuehrung\/2021\/01\/27\/schule21-macht-gluecklich\/#respond"]}]},{"@type":"WebPage","@id":"https:\/\/blog.phzh.ch\/schulfuehrung\/2021\/01\/27\/schule21-macht-gluecklich\/","url":"https:\/\/blog.phzh.ch\/schulfuehrung\/2021\/01\/27\/schule21-macht-gluecklich\/","name":"Schule21 macht gl\u00fccklich - Schulf\u00fchrung","isPartOf":{"@id":"https:\/\/blog.phzh.ch\/schulfuehrung\/#website"},"primaryImageOfPage":{"@id":"https:\/\/blog.phzh.ch\/schulfuehrung\/2021\/01\/27\/schule21-macht-gluecklich\/#primaryimage"},"image":{"@id":"https:\/\/blog.phzh.ch\/schulfuehrung\/2021\/01\/27\/schule21-macht-gluecklich\/#primaryimage"},"thumbnailUrl":"https:\/\/blog.phzh.ch\/schulfuehrung\/files\/2021\/01\/Skechnote_Schule21machtglu\u0308cklich.png","datePublished":"2021-01-27T03:00:00+00:00","author":{"@id":"https:\/\/blog.phzh.ch\/schulfuehrung\/#\/schema\/person\/054349b95d3a6f07edb6b76b4f30280b"},"breadcrumb":{"@id":"https:\/\/blog.phzh.ch\/schulfuehrung\/2021\/01\/27\/schule21-macht-gluecklich\/#breadcrumb"},"inLanguage":"de","potentialAction":[{"@type":"ReadAction","target":["https:\/\/blog.phzh.ch\/schulfuehrung\/2021\/01\/27\/schule21-macht-gluecklich\/"]}]},{"@type":"ImageObject","inLanguage":"de","@id":"https:\/\/blog.phzh.ch\/schulfuehrung\/2021\/01\/27\/schule21-macht-gluecklich\/#primaryimage","url":"https:\/\/blog.phzh.ch\/schulfuehrung\/files\/2021\/01\/Skechnote_Schule21machtglu\u0308cklich.png","contentUrl":"https:\/\/blog.phzh.ch\/schulfuehrung\/files\/2021\/01\/Skechnote_Schule21machtglu\u0308cklich.png","width":3508,"height":2480},{"@type":"BreadcrumbList","@id":"https:\/\/blog.phzh.ch\/schulfuehrung\/2021\/01\/27\/schule21-macht-gluecklich\/#breadcrumb","itemListElement":[{"@type":"ListItem","position":1,"name":"Startseite","item":"https:\/\/blog.phzh.ch\/schulfuehrung\/"},{"@type":"ListItem","position":2,"name":"Schule21 macht gl\u00fccklich"}]},{"@type":"WebSite","@id":"https:\/\/blog.phzh.ch\/schulfuehrung\/#website","url":"https:\/\/blog.phzh.ch\/schulfuehrung\/","name":"Schulf\u00fchrung","description":"phzh.ch\/schulfuehrung","potentialAction":[{"@type":"SearchAction","target":{"@type":"EntryPoint","urlTemplate":"https:\/\/blog.phzh.ch\/schulfuehrung\/?s={search_term_string}"},"query-input":{"@type":"PropertyValueSpecification","valueRequired":true,"valueName":"search_term_string"}}],"inLanguage":"de"},{"@type":"Person","@id":"https:\/\/blog.phzh.ch\/schulfuehrung\/#\/schema\/person\/054349b95d3a6f07edb6b76b4f30280b","name":"joerg.berger@phzh.ch","image":{"@type":"ImageObject","inLanguage":"de","@id":"https:\/\/blog.phzh.ch\/schulfuehrung\/#\/schema\/person\/image\/","url":"https:\/\/secure.gravatar.com\/avatar\/7feadf7133c63f799cd5819f21ccc220?s=96&d=mm&r=g","contentUrl":"https:\/\/secure.gravatar.com\/avatar\/7feadf7133c63f799cd5819f21ccc220?s=96&d=mm&r=g","caption":"joerg.berger@phzh.ch"},"url":"https:\/\/blog.phzh.ch\/schulfuehrung\/author\/joerg-bergerphzh-ch\/"}]}},"_links":{"self":[{"href":"https:\/\/blog.phzh.ch\/schulfuehrung\/wp-json\/wp\/v2\/posts\/2882","targetHints":{"allow":["GET"]}}],"collection":[{"href":"https:\/\/blog.phzh.ch\/schulfuehrung\/wp-json\/wp\/v2\/posts"}],"about":[{"href":"https:\/\/blog.phzh.ch\/schulfuehrung\/wp-json\/wp\/v2\/types\/post"}],"author":[{"embeddable":true,"href":"https:\/\/blog.phzh.ch\/schulfuehrung\/wp-json\/wp\/v2\/users\/1416"}],"replies":[{"embeddable":true,"href":"https:\/\/blog.phzh.ch\/schulfuehrung\/wp-json\/wp\/v2\/comments?post=2882"}],"version-history":[{"count":5,"href":"https:\/\/blog.phzh.ch\/schulfuehrung\/wp-json\/wp\/v2\/posts\/2882\/revisions"}],"predecessor-version":[{"id":2892,"href":"https:\/\/blog.phzh.ch\/schulfuehrung\/wp-json\/wp\/v2\/posts\/2882\/revisions\/2892"}],"wp:featuredmedia":[{"embeddable":true,"href":"https:\/\/blog.phzh.ch\/schulfuehrung\/wp-json\/wp\/v2\/media\/2883"}],"wp:attachment":[{"href":"https:\/\/blog.phzh.ch\/schulfuehrung\/wp-json\/wp\/v2\/media?parent=2882"}],"wp:term":[{"taxonomy":"category","embeddable":true,"href":"https:\/\/blog.phzh.ch\/schulfuehrung\/wp-json\/wp\/v2\/categories?post=2882"},{"taxonomy":"post_tag","embeddable":true,"href":"https:\/\/blog.phzh.ch\/schulfuehrung\/wp-json\/wp\/v2\/tags?post=2882"}],"curies":[{"name":"wp","href":"https:\/\/api.w.org\/{rel}","templated":true}]}}