{"id":2635,"date":"2020-09-25T04:00:00","date_gmt":"2020-09-25T02:00:00","guid":{"rendered":"https:\/\/blog.phzh.ch\/schulfuehrung\/?p=2635"},"modified":"2020-09-22T13:53:09","modified_gmt":"2020-09-22T11:53:09","slug":"teacher-leadership-internationale-erfahrungen-mit-fuehrung-von-lehrpersonen-vernetzung-und-entwicklung","status":"publish","type":"post","link":"https:\/\/blog.phzh.ch\/schulfuehrung\/2020\/09\/25\/teacher-leadership-internationale-erfahrungen-mit-fuehrung-von-lehrpersonen-vernetzung-und-entwicklung\/","title":{"rendered":"Teacher Leadership \u2013 internationale Erfahrungen mit F\u00fchrung von Lehrpersonen, Vernetzung und Entwicklung"},"content":{"rendered":"\n<p>Dr. David Frost befasst sich in seiner Arbeit und Forschung seit vielen Jahren mit dem Zusammenhang von F\u00fchrung und Lernen. Seit den sp\u00e4ten 1980er-Jahren arbeitet er an der Entwicklung von Strategien, die Lehrpersonen bef\u00e4higen, effektive \u00abAgents of Change\u00bb zu werden. David gr\u00fcndete das HertsCam-Netzwerk, das eine grundlegende Alternative zu dominierenden Konzepten der Entwicklung von Schulen und Lehrpersonen darstellt. Seit 2008 arbeitet HertsCam mit Partnern in vielen L\u00e4ndern &#8211; in Europa, im Nahen Osten, in Zentralasien und dar\u00fcber hinaus &#8211; am Aufbau von Programmen zu Teacher Leadership. Nina-Cathrin Strauss hat ihn interviewt.<\/p>\n\n\n\n<p><strong>David, what do you think is the current focus of the discussion on school leadership &#8211; also against the background of Covid-19 and the challenges in schools in the United Kingdom?<\/strong><\/p>\n\n\n\n<p>I have not been spending time in schools this year largely because of the pandemic, but I remain connected to teachers and school principals through virtual meetings, so I have some idea of this and I am very aware of the debates through the media. Obviously, at present, schools are very engaged with the immediate day-to-day challenges of making their schools \u2018covid-secure\u2019. Government policies in response to the pandemic have thrown a harsh spotlight on issues about school autonomy because the government is both expected to provide reliable guidelines, but at the same time to trust schools to make decisions for themselves. What really drives school principals to demand clarity from the government is the question of legal responsibility.<\/p>\n\n\n\n<p>If people suffer ill health or lose their lives because of Covid-19 infection, school principals are fearful of being held to be liable in a legal sense. Morally of course, they want to do their best for their students and the community, but the question of legal culpability is compelling.\u00a0 While the pandemic is the most urgent focus of attention, good school principals and their staff are nevertheless concerned about their schools as organizations and they remain keen to build the sort of organizational capacity necessary for success in the long run.<\/p>\n\n\n\n<p><strong>You have long worked on teacher leadership as an aspect of school leadership and have shaped the concept of non-positional teacher leadership. What does it mean and what are some examples in practice?<\/strong><\/p>\n\n\n<p><!--more--><\/p>\n\n\n<p>The term \u2018non-positional teacher leadership\u2019 was first coined during the final discussions in a project which laid the foundations for the International Teacher Leadership (ITL) initiative. The term was used in the project report (Frost, 2011) to make a clear distinction to the most common approach and the approach we have taken within the HertsCam Network and ITL initiative.<\/p>\n\n\n\n<p>The most common approach, predominant in the US, is to select and appoint teachers who seem to exhibit appropriate traits and abilities to specific posts of responsibility typically carrying the title \u2018Teacher Leader\u2019. In the UK, it is most common to appoint individuals to posts such as \u2018Head of Department\u2019 or \u2018Year Group Coordinator\u2019. In both cases, the additional salary would be attached to the post and it would carry the expectation to make a difference to levels of measured attainment. Individuals may or may not be provided with a training program to prepare them for or help them with carrying out this responsibility.<\/p>\n\n\n\n<p>In HertsCam \/ ITL, we have a quite different approach because we believe that the exercise of leadership needs to be a dimension of every teacher\u2019s mode of professionalism so that they can make a full contribution to the collective drive to improve practice. We believe that we need teachers to see their moral commitment as being, not only to be a good teacher, but also to help the school as a professional community improves its effectiveness.<\/p>\n\n\n\n<p>When teachers try to exercise leadership without having the power and authority that a formal position might give them, they tend to find that they have to adopt a wider range of leadership strategies such as enabling, persuading and supporting their colleagues in order to bring about change and improvement. A teacher who has a formal position may be tempted to rely on strategies such as instructing and demanding, which rarely produce authentic change and improvements in practice.<\/p>\n\n\n\n<p><strong>Teacher Leadership is a topic with many facets, which is shaped by structural and cultural conditions. What does Teacher Leadership mean for the professionality of teachers?<\/strong><\/p>\n\n\n\n<p>I have already argued before that teachers could see leadership as being part of their professionality and that this will lead to greater organizational capacity, but the benefits can be much wider than that. When teachers exercise leadership, and when they have the opportunity to engage in networking, they build better professional knowledge throughout the system by sharing their own stories of leading change and exchanging ideas with colleagues from other schools. In such networking scenarios, practice and the process of innovation are being continuously discussed and everyone who participates becomes better informed. <\/p>\n\n\n\n<p>However, the value is even greater than this. Not only do teachers build knowledge through networking, they also build a much stronger sense of moral purpose and a sense of collective self-efficacy. One way to put this is that such a teacher might say \u201cWe are the sort of people who can do this sort of thing\u201d and \u201cwe are the sort of people who ought to strive, unceasingly, to find better ways to meet the needs of our students and to address issues of social injustice\u201d. This can be said to be about the \u2018spreading of the virus of moral purpose\u2019.<\/p>\n\n\n\n<p><strong>If leadership is distributed in schools and Teacher Leaders are involved in leadership: what does this mean for school principals?<\/strong><\/p>\n\n\n\n<p>Good school principals understand that the most important aspect of their job is to transform their schools as organizations so that they can be described as professional learning communities. In such communities there are high levels of commitment to shared goals and high levels of collaboration; there will also be high levels of social capital which means that levels of trust between colleagues are high and this makes it possible for teachers to share knowledge and review practice.<\/p>\n\n\n\n<p>In my experience, a school principal who knows the value of transformative leadership will recognise that support for non-positional teacher leadership is a very good strategy for developing the sort of professional culture that is necessary for continuous and authentic improvement. Sometimes, when school principals hear about the idea of teacher leadership they are puzzled because they have a narrow view of leadership, which is that it is about using their power to make decisions that others are expected to comply with.&nbsp; Sometimes, they can be fearful that either teachers who find their voice will become difficult to manage or that there would be so many different initiatives that chaos would ensue.<\/p>\n\n\n\n<p>However, when school principals understand how their leadership practice can involve enabling and empowering members of their staff and ensuring that coherence and harmony are achieved through dialogue and support, they lose their fear and begin to experience the benefits of a staff team which is full of morally driven teachers who engage in collaboration and mutual leadership to achieve higher levels of quality in their practice. They also find that this has a very positive effect on levels of measured attainment.<\/p>\n\n\n\n<pre class=\"wp-block-preformatted\">Steckbrief\n\nDr. David Frost ist Gr\u00fcndungsmitglied des HertsCam-Netzwerks und Emeritus Fellow des Wolfson College, Cambridge (UK). Von 1996-2016 war er Mitglied der P\u00e4dagogischen Fakult\u00e4t der Universit\u00e4t Cambridge, wo er das Netzwerk Leadership for Learning mitbegr\u00fcndete. Er ist Herausgeber folgender B\u00fccher: \u201cEmpowering Teachers as Agents of Change: A Non-Positional Approach to Teacher Leadership\u201d (2017) und \u201cTransforming Education Through Teacher Leadership\u201d (2014).<\/pre>\n\n\n\n<pre class=\"wp-block-preformatted\">INFOBOX\n\nAm 28. November 2020 findet die Tagung Teacher Leadership: Schule gemeinschaftlich F\u00fchren an der PH Z\u00fcrich statt. <a rel=\"noreferrer noopener\" href=\"https:\/\/phzh.ch\/de\/Weiterbildung\/Weiterbildung-Volksschulen\/Tagungen\/tagung-teacher-leadership\/\" target=\"_blank\">Melden Sie sich jetzt an.<\/a>\nZur Tagung erscheint im November der Sammelband \u00abTeacher Leadership \u2013 Schule gemeinschaftlich f\u00fchren\u00bb, herausgegeben von Nina-Cathrin Strauss und Niels Anderegg.<\/pre>\n\n\n\n<h2 class=\"wp-block-heading\">Zur Autorin<\/h2>\n\n\n\n<div class=\"wp-block-media-text alignwide is-stacked-on-mobile\" style=\"grid-template-columns:24% auto\"><figure class=\"wp-block-media-text__media\"><img loading=\"lazy\" decoding=\"async\" width=\"868\" height=\"1024\" src=\"http:\/\/blog.phzh.ch\/schulfuehrung\/files\/2020\/02\/NinaStrauss_Portrait-868x1024.jpg\" alt=\"\" class=\"wp-image-2088\" srcset=\"https:\/\/blog.phzh.ch\/schulfuehrung\/files\/2020\/02\/NinaStrauss_Portrait-868x1024.jpg 868w, https:\/\/blog.phzh.ch\/schulfuehrung\/files\/2020\/02\/NinaStrauss_Portrait-254x300.jpg 254w, https:\/\/blog.phzh.ch\/schulfuehrung\/files\/2020\/02\/NinaStrauss_Portrait-768x906.jpg 768w, https:\/\/blog.phzh.ch\/schulfuehrung\/files\/2020\/02\/NinaStrauss_Portrait-1302x1536.jpg 1302w, https:\/\/blog.phzh.ch\/schulfuehrung\/files\/2020\/02\/NinaStrauss_Portrait-1736x2048.jpg 1736w\" sizes=\"auto, (max-width: 868px) 100vw, 868px\" \/><\/figure><div class=\"wp-block-media-text__content\">\n<p><a href=\"https:\/\/phzh.ch\/personen\/nina-cathrin.strauss\" target=\"_blank\" rel=\"noreferrer noopener\">Nina-Cathrin Strauss<\/a> besch\u00e4ftigt sich als Dozentin und Forscherin mit der Frage, wie gemeinschaftliche F\u00fchrung zur Entwicklung als gute Schule beitragen kann. Neben dem CAS P\u00e4dagogische Schulf\u00fchrung ist sie Ko-Leiterin im CAS Schulqualit\u00e4t.<\/p>\n<\/div><\/div>\n\n\n<p>Redaktion: Melina Maerten<\/p>\n<p>Titelbild: zVg<\/p>","protected":false},"excerpt":{"rendered":"<p>Dr. David Frost befasst sich in seiner Arbeit und Forschung seit vielen Jahren mit dem Zusammenhang von F\u00fchrung und Lernen. Seit den sp\u00e4ten 1980er-Jahren arbeitet er an der Entwicklung von Strategien, die Lehrpersonen bef\u00e4higen, effektive \u00abAgents of Change\u00bb zu werden. David gr\u00fcndete das HertsCam-Netzwerk, das eine grundlegende Alternative zu dominierenden Konzepten der Entwicklung von Schulen &hellip; <a href=\"https:\/\/blog.phzh.ch\/schulfuehrung\/2020\/09\/25\/teacher-leadership-internationale-erfahrungen-mit-fuehrung-von-lehrpersonen-vernetzung-und-entwicklung\/\" class=\"more-link\"><span class=\"screen-reader-text\">Teacher Leadership \u2013 internationale Erfahrungen mit F\u00fchrung von Lehrpersonen, Vernetzung und Entwicklung<\/span> weiterlesen<\/a><\/p>\n","protected":false},"author":1392,"featured_media":2637,"comment_status":"open","ping_status":"open","sticky":false,"template":"","format":"standard","meta":{"sfsi_plus_gutenberg_text_before_share":"","sfsi_plus_gutenberg_show_text_before_share":"","sfsi_plus_gutenberg_icon_type":"","sfsi_plus_gutenberg_icon_alignemt":"","sfsi_plus_gutenburg_max_per_row":"","footnotes":""},"categories":[107128,107309],"tags":[109391,109392,4186,107489,109394,45021,44958,107513],"class_list":["post-2635","post","type-post","status-publish","format-standard","has-post-thumbnail","hentry","category-entdecken","category-alle-beitraege","tag-dr-david-frost","tag-hertscam","tag-lehrpersonen","tag-nina-cathrin-strauss","tag-school-leadership","tag-schulentwicklung","tag-schulleitung","tag-teacher-leadership"],"yoast_head":"<!-- This site is optimized with the Yoast SEO plugin v26.8 - https:\/\/yoast.com\/product\/yoast-seo-wordpress\/ -->\n<title>Teacher Leadership \u2013 internationale Erfahrungen mit F\u00fchrung von Lehrpersonen, Vernetzung und Entwicklung - Schulf\u00fchrung<\/title>\n<meta name=\"robots\" content=\"index, follow, max-snippet:-1, max-image-preview:large, max-video-preview:-1\" \/>\n<link rel=\"canonical\" href=\"https:\/\/blog.phzh.ch\/schulfuehrung\/2020\/09\/25\/teacher-leadership-internationale-erfahrungen-mit-fuehrung-von-lehrpersonen-vernetzung-und-entwicklung\/\" \/>\n<meta property=\"og:locale\" content=\"de_DE\" \/>\n<meta property=\"og:type\" content=\"article\" \/>\n<meta property=\"og:title\" content=\"Teacher Leadership \u2013 internationale Erfahrungen mit F\u00fchrung von Lehrpersonen, Vernetzung und Entwicklung - Schulf\u00fchrung\" \/>\n<meta property=\"og:description\" content=\"Dr. David Frost befasst sich in seiner Arbeit und Forschung seit vielen Jahren mit dem Zusammenhang von F\u00fchrung und Lernen. Seit den sp\u00e4ten 1980er-Jahren arbeitet er an der Entwicklung von Strategien, die Lehrpersonen bef\u00e4higen, effektive \u00abAgents of Change\u00bb zu werden. David gr\u00fcndete das HertsCam-Netzwerk, das eine grundlegende Alternative zu dominierenden Konzepten der Entwicklung von Schulen &hellip; Teacher Leadership \u2013 internationale Erfahrungen mit F\u00fchrung von Lehrpersonen, Vernetzung und Entwicklung weiterlesen\" \/>\n<meta property=\"og:url\" content=\"https:\/\/blog.phzh.ch\/schulfuehrung\/2020\/09\/25\/teacher-leadership-internationale-erfahrungen-mit-fuehrung-von-lehrpersonen-vernetzung-und-entwicklung\/\" \/>\n<meta property=\"og:site_name\" content=\"Schulf\u00fchrung\" \/>\n<meta property=\"article:published_time\" content=\"2020-09-25T02:00:00+00:00\" \/>\n<meta property=\"og:image\" content=\"https:\/\/blog.phzh.ch\/schulfuehrung\/files\/2020\/09\/David-pic-copy-scaled.jpg\" \/>\n\t<meta property=\"og:image:width\" content=\"2560\" \/>\n\t<meta property=\"og:image:height\" content=\"2112\" \/>\n\t<meta property=\"og:image:type\" content=\"image\/jpeg\" \/>\n<meta name=\"author\" content=\"melinamaerten\" \/>\n<meta name=\"twitter:card\" content=\"summary_large_image\" \/>\n<meta name=\"twitter:label1\" content=\"Verfasst von\" \/>\n\t<meta name=\"twitter:data1\" content=\"melinamaerten\" \/>\n\t<meta name=\"twitter:label2\" content=\"Gesch\u00e4tzte Lesezeit\" \/>\n\t<meta name=\"twitter:data2\" content=\"7\u00a0Minuten\" \/>\n<script type=\"application\/ld+json\" class=\"yoast-schema-graph\">{\"@context\":\"https:\/\/schema.org\",\"@graph\":[{\"@type\":\"Article\",\"@id\":\"https:\/\/blog.phzh.ch\/schulfuehrung\/2020\/09\/25\/teacher-leadership-internationale-erfahrungen-mit-fuehrung-von-lehrpersonen-vernetzung-und-entwicklung\/#article\",\"isPartOf\":{\"@id\":\"https:\/\/blog.phzh.ch\/schulfuehrung\/2020\/09\/25\/teacher-leadership-internationale-erfahrungen-mit-fuehrung-von-lehrpersonen-vernetzung-und-entwicklung\/\"},\"author\":{\"name\":\"melinamaerten\",\"@id\":\"https:\/\/blog.phzh.ch\/schulfuehrung\/#\/schema\/person\/13544ff30d01e0e5f98444f0696dcefb\"},\"headline\":\"Teacher Leadership \u2013 internationale Erfahrungen mit F\u00fchrung von Lehrpersonen, Vernetzung und Entwicklung\",\"datePublished\":\"2020-09-25T02:00:00+00:00\",\"mainEntityOfPage\":{\"@id\":\"https:\/\/blog.phzh.ch\/schulfuehrung\/2020\/09\/25\/teacher-leadership-internationale-erfahrungen-mit-fuehrung-von-lehrpersonen-vernetzung-und-entwicklung\/\"},\"wordCount\":1258,\"commentCount\":0,\"image\":{\"@id\":\"https:\/\/blog.phzh.ch\/schulfuehrung\/2020\/09\/25\/teacher-leadership-internationale-erfahrungen-mit-fuehrung-von-lehrpersonen-vernetzung-und-entwicklung\/#primaryimage\"},\"thumbnailUrl\":\"https:\/\/blog.phzh.ch\/schulfuehrung\/files\/2020\/09\/David-pic-copy-scaled.jpg\",\"keywords\":[\"Dr. David Frost\",\"HertsCam\",\"Lehrpersonen\",\"Nina-Cathrin Strauss\",\"school leadership\",\"schulentwicklung\",\"Schulleitung\",\"Teacher Leadership\"],\"articleSection\":[\"Entdecken\",\"Gesamte Beitr\u00e4ge\"],\"inLanguage\":\"de\",\"potentialAction\":[{\"@type\":\"CommentAction\",\"name\":\"Comment\",\"target\":[\"https:\/\/blog.phzh.ch\/schulfuehrung\/2020\/09\/25\/teacher-leadership-internationale-erfahrungen-mit-fuehrung-von-lehrpersonen-vernetzung-und-entwicklung\/#respond\"]}]},{\"@type\":\"WebPage\",\"@id\":\"https:\/\/blog.phzh.ch\/schulfuehrung\/2020\/09\/25\/teacher-leadership-internationale-erfahrungen-mit-fuehrung-von-lehrpersonen-vernetzung-und-entwicklung\/\",\"url\":\"https:\/\/blog.phzh.ch\/schulfuehrung\/2020\/09\/25\/teacher-leadership-internationale-erfahrungen-mit-fuehrung-von-lehrpersonen-vernetzung-und-entwicklung\/\",\"name\":\"Teacher Leadership \u2013 internationale Erfahrungen mit F\u00fchrung von Lehrpersonen, Vernetzung und Entwicklung - Schulf\u00fchrung\",\"isPartOf\":{\"@id\":\"https:\/\/blog.phzh.ch\/schulfuehrung\/#website\"},\"primaryImageOfPage\":{\"@id\":\"https:\/\/blog.phzh.ch\/schulfuehrung\/2020\/09\/25\/teacher-leadership-internationale-erfahrungen-mit-fuehrung-von-lehrpersonen-vernetzung-und-entwicklung\/#primaryimage\"},\"image\":{\"@id\":\"https:\/\/blog.phzh.ch\/schulfuehrung\/2020\/09\/25\/teacher-leadership-internationale-erfahrungen-mit-fuehrung-von-lehrpersonen-vernetzung-und-entwicklung\/#primaryimage\"},\"thumbnailUrl\":\"https:\/\/blog.phzh.ch\/schulfuehrung\/files\/2020\/09\/David-pic-copy-scaled.jpg\",\"datePublished\":\"2020-09-25T02:00:00+00:00\",\"author\":{\"@id\":\"https:\/\/blog.phzh.ch\/schulfuehrung\/#\/schema\/person\/13544ff30d01e0e5f98444f0696dcefb\"},\"breadcrumb\":{\"@id\":\"https:\/\/blog.phzh.ch\/schulfuehrung\/2020\/09\/25\/teacher-leadership-internationale-erfahrungen-mit-fuehrung-von-lehrpersonen-vernetzung-und-entwicklung\/#breadcrumb\"},\"inLanguage\":\"de\",\"potentialAction\":[{\"@type\":\"ReadAction\",\"target\":[\"https:\/\/blog.phzh.ch\/schulfuehrung\/2020\/09\/25\/teacher-leadership-internationale-erfahrungen-mit-fuehrung-von-lehrpersonen-vernetzung-und-entwicklung\/\"]}]},{\"@type\":\"ImageObject\",\"inLanguage\":\"de\",\"@id\":\"https:\/\/blog.phzh.ch\/schulfuehrung\/2020\/09\/25\/teacher-leadership-internationale-erfahrungen-mit-fuehrung-von-lehrpersonen-vernetzung-und-entwicklung\/#primaryimage\",\"url\":\"https:\/\/blog.phzh.ch\/schulfuehrung\/files\/2020\/09\/David-pic-copy-scaled.jpg\",\"contentUrl\":\"https:\/\/blog.phzh.ch\/schulfuehrung\/files\/2020\/09\/David-pic-copy-scaled.jpg\",\"width\":2560,\"height\":2112,\"caption\":\"Dr. David Frost\"},{\"@type\":\"BreadcrumbList\",\"@id\":\"https:\/\/blog.phzh.ch\/schulfuehrung\/2020\/09\/25\/teacher-leadership-internationale-erfahrungen-mit-fuehrung-von-lehrpersonen-vernetzung-und-entwicklung\/#breadcrumb\",\"itemListElement\":[{\"@type\":\"ListItem\",\"position\":1,\"name\":\"Startseite\",\"item\":\"https:\/\/blog.phzh.ch\/schulfuehrung\/\"},{\"@type\":\"ListItem\",\"position\":2,\"name\":\"Teacher Leadership \u2013 internationale Erfahrungen mit F\u00fchrung von Lehrpersonen, Vernetzung und Entwicklung\"}]},{\"@type\":\"WebSite\",\"@id\":\"https:\/\/blog.phzh.ch\/schulfuehrung\/#website\",\"url\":\"https:\/\/blog.phzh.ch\/schulfuehrung\/\",\"name\":\"Schulf\u00fchrung\",\"description\":\"phzh.ch\/schulfuehrung\",\"potentialAction\":[{\"@type\":\"SearchAction\",\"target\":{\"@type\":\"EntryPoint\",\"urlTemplate\":\"https:\/\/blog.phzh.ch\/schulfuehrung\/?s={search_term_string}\"},\"query-input\":{\"@type\":\"PropertyValueSpecification\",\"valueRequired\":true,\"valueName\":\"search_term_string\"}}],\"inLanguage\":\"de\"},{\"@type\":\"Person\",\"@id\":\"https:\/\/blog.phzh.ch\/schulfuehrung\/#\/schema\/person\/13544ff30d01e0e5f98444f0696dcefb\",\"name\":\"melinamaerten\",\"image\":{\"@type\":\"ImageObject\",\"inLanguage\":\"de\",\"@id\":\"https:\/\/blog.phzh.ch\/schulfuehrung\/#\/schema\/person\/image\/\",\"url\":\"https:\/\/secure.gravatar.com\/avatar\/581b196899ac4a61b7e20a29f4dd52fe?s=96&d=mm&r=g\",\"contentUrl\":\"https:\/\/secure.gravatar.com\/avatar\/581b196899ac4a61b7e20a29f4dd52fe?s=96&d=mm&r=g\",\"caption\":\"melinamaerten\"},\"url\":\"https:\/\/blog.phzh.ch\/schulfuehrung\/author\/melinamaerten\/\"}]}<\/script>\n<!-- \/ Yoast SEO plugin. -->","yoast_head_json":{"title":"Teacher Leadership \u2013 internationale Erfahrungen mit F\u00fchrung von Lehrpersonen, Vernetzung und Entwicklung - Schulf\u00fchrung","robots":{"index":"index","follow":"follow","max-snippet":"max-snippet:-1","max-image-preview":"max-image-preview:large","max-video-preview":"max-video-preview:-1"},"canonical":"https:\/\/blog.phzh.ch\/schulfuehrung\/2020\/09\/25\/teacher-leadership-internationale-erfahrungen-mit-fuehrung-von-lehrpersonen-vernetzung-und-entwicklung\/","og_locale":"de_DE","og_type":"article","og_title":"Teacher Leadership \u2013 internationale Erfahrungen mit F\u00fchrung von Lehrpersonen, Vernetzung und Entwicklung - Schulf\u00fchrung","og_description":"Dr. David Frost befasst sich in seiner Arbeit und Forschung seit vielen Jahren mit dem Zusammenhang von F\u00fchrung und Lernen. Seit den sp\u00e4ten 1980er-Jahren arbeitet er an der Entwicklung von Strategien, die Lehrpersonen bef\u00e4higen, effektive \u00abAgents of Change\u00bb zu werden. David gr\u00fcndete das HertsCam-Netzwerk, das eine grundlegende Alternative zu dominierenden Konzepten der Entwicklung von Schulen &hellip; Teacher Leadership \u2013 internationale Erfahrungen mit F\u00fchrung von Lehrpersonen, Vernetzung und Entwicklung weiterlesen","og_url":"https:\/\/blog.phzh.ch\/schulfuehrung\/2020\/09\/25\/teacher-leadership-internationale-erfahrungen-mit-fuehrung-von-lehrpersonen-vernetzung-und-entwicklung\/","og_site_name":"Schulf\u00fchrung","article_published_time":"2020-09-25T02:00:00+00:00","og_image":[{"width":2560,"height":2112,"url":"https:\/\/blog.phzh.ch\/schulfuehrung\/files\/2020\/09\/David-pic-copy-scaled.jpg","type":"image\/jpeg"}],"author":"melinamaerten","twitter_card":"summary_large_image","twitter_misc":{"Verfasst von":"melinamaerten","Gesch\u00e4tzte Lesezeit":"7\u00a0Minuten"},"schema":{"@context":"https:\/\/schema.org","@graph":[{"@type":"Article","@id":"https:\/\/blog.phzh.ch\/schulfuehrung\/2020\/09\/25\/teacher-leadership-internationale-erfahrungen-mit-fuehrung-von-lehrpersonen-vernetzung-und-entwicklung\/#article","isPartOf":{"@id":"https:\/\/blog.phzh.ch\/schulfuehrung\/2020\/09\/25\/teacher-leadership-internationale-erfahrungen-mit-fuehrung-von-lehrpersonen-vernetzung-und-entwicklung\/"},"author":{"name":"melinamaerten","@id":"https:\/\/blog.phzh.ch\/schulfuehrung\/#\/schema\/person\/13544ff30d01e0e5f98444f0696dcefb"},"headline":"Teacher Leadership \u2013 internationale Erfahrungen mit F\u00fchrung von Lehrpersonen, Vernetzung und Entwicklung","datePublished":"2020-09-25T02:00:00+00:00","mainEntityOfPage":{"@id":"https:\/\/blog.phzh.ch\/schulfuehrung\/2020\/09\/25\/teacher-leadership-internationale-erfahrungen-mit-fuehrung-von-lehrpersonen-vernetzung-und-entwicklung\/"},"wordCount":1258,"commentCount":0,"image":{"@id":"https:\/\/blog.phzh.ch\/schulfuehrung\/2020\/09\/25\/teacher-leadership-internationale-erfahrungen-mit-fuehrung-von-lehrpersonen-vernetzung-und-entwicklung\/#primaryimage"},"thumbnailUrl":"https:\/\/blog.phzh.ch\/schulfuehrung\/files\/2020\/09\/David-pic-copy-scaled.jpg","keywords":["Dr. David Frost","HertsCam","Lehrpersonen","Nina-Cathrin Strauss","school leadership","schulentwicklung","Schulleitung","Teacher Leadership"],"articleSection":["Entdecken","Gesamte Beitr\u00e4ge"],"inLanguage":"de","potentialAction":[{"@type":"CommentAction","name":"Comment","target":["https:\/\/blog.phzh.ch\/schulfuehrung\/2020\/09\/25\/teacher-leadership-internationale-erfahrungen-mit-fuehrung-von-lehrpersonen-vernetzung-und-entwicklung\/#respond"]}]},{"@type":"WebPage","@id":"https:\/\/blog.phzh.ch\/schulfuehrung\/2020\/09\/25\/teacher-leadership-internationale-erfahrungen-mit-fuehrung-von-lehrpersonen-vernetzung-und-entwicklung\/","url":"https:\/\/blog.phzh.ch\/schulfuehrung\/2020\/09\/25\/teacher-leadership-internationale-erfahrungen-mit-fuehrung-von-lehrpersonen-vernetzung-und-entwicklung\/","name":"Teacher Leadership \u2013 internationale Erfahrungen mit F\u00fchrung von Lehrpersonen, Vernetzung und Entwicklung - Schulf\u00fchrung","isPartOf":{"@id":"https:\/\/blog.phzh.ch\/schulfuehrung\/#website"},"primaryImageOfPage":{"@id":"https:\/\/blog.phzh.ch\/schulfuehrung\/2020\/09\/25\/teacher-leadership-internationale-erfahrungen-mit-fuehrung-von-lehrpersonen-vernetzung-und-entwicklung\/#primaryimage"},"image":{"@id":"https:\/\/blog.phzh.ch\/schulfuehrung\/2020\/09\/25\/teacher-leadership-internationale-erfahrungen-mit-fuehrung-von-lehrpersonen-vernetzung-und-entwicklung\/#primaryimage"},"thumbnailUrl":"https:\/\/blog.phzh.ch\/schulfuehrung\/files\/2020\/09\/David-pic-copy-scaled.jpg","datePublished":"2020-09-25T02:00:00+00:00","author":{"@id":"https:\/\/blog.phzh.ch\/schulfuehrung\/#\/schema\/person\/13544ff30d01e0e5f98444f0696dcefb"},"breadcrumb":{"@id":"https:\/\/blog.phzh.ch\/schulfuehrung\/2020\/09\/25\/teacher-leadership-internationale-erfahrungen-mit-fuehrung-von-lehrpersonen-vernetzung-und-entwicklung\/#breadcrumb"},"inLanguage":"de","potentialAction":[{"@type":"ReadAction","target":["https:\/\/blog.phzh.ch\/schulfuehrung\/2020\/09\/25\/teacher-leadership-internationale-erfahrungen-mit-fuehrung-von-lehrpersonen-vernetzung-und-entwicklung\/"]}]},{"@type":"ImageObject","inLanguage":"de","@id":"https:\/\/blog.phzh.ch\/schulfuehrung\/2020\/09\/25\/teacher-leadership-internationale-erfahrungen-mit-fuehrung-von-lehrpersonen-vernetzung-und-entwicklung\/#primaryimage","url":"https:\/\/blog.phzh.ch\/schulfuehrung\/files\/2020\/09\/David-pic-copy-scaled.jpg","contentUrl":"https:\/\/blog.phzh.ch\/schulfuehrung\/files\/2020\/09\/David-pic-copy-scaled.jpg","width":2560,"height":2112,"caption":"Dr. David Frost"},{"@type":"BreadcrumbList","@id":"https:\/\/blog.phzh.ch\/schulfuehrung\/2020\/09\/25\/teacher-leadership-internationale-erfahrungen-mit-fuehrung-von-lehrpersonen-vernetzung-und-entwicklung\/#breadcrumb","itemListElement":[{"@type":"ListItem","position":1,"name":"Startseite","item":"https:\/\/blog.phzh.ch\/schulfuehrung\/"},{"@type":"ListItem","position":2,"name":"Teacher Leadership \u2013 internationale Erfahrungen mit F\u00fchrung von Lehrpersonen, Vernetzung und Entwicklung"}]},{"@type":"WebSite","@id":"https:\/\/blog.phzh.ch\/schulfuehrung\/#website","url":"https:\/\/blog.phzh.ch\/schulfuehrung\/","name":"Schulf\u00fchrung","description":"phzh.ch\/schulfuehrung","potentialAction":[{"@type":"SearchAction","target":{"@type":"EntryPoint","urlTemplate":"https:\/\/blog.phzh.ch\/schulfuehrung\/?s={search_term_string}"},"query-input":{"@type":"PropertyValueSpecification","valueRequired":true,"valueName":"search_term_string"}}],"inLanguage":"de"},{"@type":"Person","@id":"https:\/\/blog.phzh.ch\/schulfuehrung\/#\/schema\/person\/13544ff30d01e0e5f98444f0696dcefb","name":"melinamaerten","image":{"@type":"ImageObject","inLanguage":"de","@id":"https:\/\/blog.phzh.ch\/schulfuehrung\/#\/schema\/person\/image\/","url":"https:\/\/secure.gravatar.com\/avatar\/581b196899ac4a61b7e20a29f4dd52fe?s=96&d=mm&r=g","contentUrl":"https:\/\/secure.gravatar.com\/avatar\/581b196899ac4a61b7e20a29f4dd52fe?s=96&d=mm&r=g","caption":"melinamaerten"},"url":"https:\/\/blog.phzh.ch\/schulfuehrung\/author\/melinamaerten\/"}]}},"_links":{"self":[{"href":"https:\/\/blog.phzh.ch\/schulfuehrung\/wp-json\/wp\/v2\/posts\/2635","targetHints":{"allow":["GET"]}}],"collection":[{"href":"https:\/\/blog.phzh.ch\/schulfuehrung\/wp-json\/wp\/v2\/posts"}],"about":[{"href":"https:\/\/blog.phzh.ch\/schulfuehrung\/wp-json\/wp\/v2\/types\/post"}],"author":[{"embeddable":true,"href":"https:\/\/blog.phzh.ch\/schulfuehrung\/wp-json\/wp\/v2\/users\/1392"}],"replies":[{"embeddable":true,"href":"https:\/\/blog.phzh.ch\/schulfuehrung\/wp-json\/wp\/v2\/comments?post=2635"}],"version-history":[{"count":9,"href":"https:\/\/blog.phzh.ch\/schulfuehrung\/wp-json\/wp\/v2\/posts\/2635\/revisions"}],"predecessor-version":[{"id":2643,"href":"https:\/\/blog.phzh.ch\/schulfuehrung\/wp-json\/wp\/v2\/posts\/2635\/revisions\/2643"}],"wp:featuredmedia":[{"embeddable":true,"href":"https:\/\/blog.phzh.ch\/schulfuehrung\/wp-json\/wp\/v2\/media\/2637"}],"wp:attachment":[{"href":"https:\/\/blog.phzh.ch\/schulfuehrung\/wp-json\/wp\/v2\/media?parent=2635"}],"wp:term":[{"taxonomy":"category","embeddable":true,"href":"https:\/\/blog.phzh.ch\/schulfuehrung\/wp-json\/wp\/v2\/categories?post=2635"},{"taxonomy":"post_tag","embeddable":true,"href":"https:\/\/blog.phzh.ch\/schulfuehrung\/wp-json\/wp\/v2\/tags?post=2635"}],"curies":[{"name":"wp","href":"https:\/\/api.w.org\/{rel}","templated":true}]}}