{"id":2523,"date":"2020-08-17T04:00:00","date_gmt":"2020-08-17T02:00:00","guid":{"rendered":"https:\/\/blog.phzh.ch\/schulfuehrung\/?p=2523"},"modified":"2020-08-17T07:50:51","modified_gmt":"2020-08-17T05:50:51","slug":"schule-in-einer-digitalisierten-welt-und-die-rolle-der-schulbehoerden","status":"publish","type":"post","link":"https:\/\/blog.phzh.ch\/schulfuehrung\/2020\/08\/17\/schule-in-einer-digitalisierten-welt-und-die-rolle-der-schulbehoerden\/","title":{"rendered":"Schule in einer digitalisierten Welt \u2013 und die Rolle der Schulbeh\u00f6rden"},"content":{"rendered":"\n<p><strong>Anfangs Juli fand an der PH Z\u00fcrich eine Abendveranstaltung f\u00fcr Schulbeh\u00f6rden statt zum Thema \u00abSchule in einer digitalisierten Welt\u00bb. Eine Teilnehmerin war Raffaela Fehr, Mitglied der Schulbeh\u00f6rde in Volketswil. Andrea Hugelshofer hat sie befragt, wie \u00abihre\u00bb Schulbeh\u00f6rde mit dem Thema \u00abDigitalisierung\u00bb umgeht.<\/strong><\/p>\n\n\n\n<p><strong>Raffaela Fehr, Sie sind in der Schulgemeinde Volketswil im Thema Digitalisierung engagiert. Welche Rolle nimmt bei diesem Thema Ihre Schulpflege ein?<\/strong><\/p>\n\n\n\n<p>Die Schulpflege Volketswil legt die langfristige strategische Stossrichtung fest. Sie ist bestrebt, den Schulen einen Rahmen zu geben, in welchem sie sich entwickeln k\u00f6nnen und sollen. Die Umsetzung in den einzelnen Schulh\u00e4usern liegt in der Verantwortung der Schulleitenden und kann, je nach Thema, unterschiedlich aussehen. In Arbeitsgruppen nimmt die Schulpflege Volketswil Einsitz, sofern es sich um konzeptionelle Arbeiten handelt, die f\u00fcr die ganze Schule Volketswil G\u00fcltigkeit haben.<\/p>\n\n\n\n<p>Vor einem Jahr hat die Schulpflege einen ICT Guide verabschiedet, welcher von einer Arbeitsgruppe ausgearbeitet wurde. In dieser Arbeitsgruppe war auch die Schulpflege vertreten. Die Gesamtschulpflege wurde rollend \u00fcber den Fortschritt informiert und hat das Konzept am Ende verabschiedet.<\/p>\n\n\n\n<p>Der ICT Guide beantwortet vor allem Fragen rund um den Unterricht und das im Zuge vom Lehrplan 21 neu eingef\u00fchrte Fach Medien und Informatik. Er definiert das angestrebte Ziel, in welchem Zeitraum das Ziel erreicht werden soll und unter welchem Ressourceneinsatz. Die Antworten auf diese Fragen stehen in Abh\u00e4ngigkeit zueinander. Ein gemeinsames Ziel muss gefunden und dazu eine Zeitachse festgelegt werden. Denn Digitalisierung ist immer auch Changemanagement.<\/p>\n\n\n\n<p>Dabei sind die operativen F\u00fchrungsverantwortlichen gefordert. Der Ressourceneinsatz wurde vom Ziel und der Zeit bestimmt. Allerdings liegt gerade auch da ein grosser Stolperstein und die Verantwortung bei der Schulpflege. Die Digitalisierung ist mit grossen Investitionen zum Beispiel in technische Ausr\u00fcstung, Personal und Weiterbildung verbunden. Es ist die Aufgabe der Schulpflege, mit den vorhanden Ressourcen verantwortungsvoll umzugehen, die Digitalisierung ist schliesslich nicht das alleinige Thema in der Schule Volketswil. N\u00f6tigenfalls muss sie das Ziel oder die Zeitachse anpassen.<\/p>\n\n\n\n<p><strong>Welche Fragen besch\u00e4ftigen Sie im Zusammenhang mit Digitalisierung in der Schule aktuell?<\/strong><\/p>\n\n\n<p><!--more--><\/p>\n\n\n<p>Nachdem der ICT-Guide sich mittlerweile in der Umsetzung befindet, wurde Ende 2019 eine Arbeitsgruppe gebildet, welche die administrative Seite in den Fokus stellt. Auch hier ist die Schulpflege mit zwei Personen vertreten. Der Fokus liegt nun darauf, die Digitalisierung auch im \u00abUnternehmen\u00bb Schule Volketswil voranzutreiben und zu nutzen.<\/p>\n\n\n\n<p>Die Arbeitsgruppe besch\u00e4ftigt sich unter anderem mit Themen wie administrative Prozesse vereinfachen, digitale und vernetzte Zusammenarbeit f\u00f6rdern sowie bestm\u00f6gliche Nutzung ausgew\u00e4hlter Tools. In den vergangenen Monaten hat sich gezeigt, dass wir dabei ein besonderes Augenmerk auf den Datenschutz zu richten haben und der Prozess hinter dem Prozess beleuchtet werden muss, wie zum Beispiel wer erh\u00e4lt Zugriff auf welche Daten.<\/p>\n\n\n\n<p><strong>In den vergangenen Monaten erhielt das Thema \u00abSchule im digitalen Zeitalter\u00bb neuen Schub. Was f\u00fcr eine Schule w\u00fcnschen Sie sich pers\u00f6nlich f\u00fcr die Zukunft?<\/strong><strong><\/strong><\/p>\n\n\n\n<p>F\u00fcr den p\u00e4dagogischen Teil erhoffe ich mir, dass eine gute Balance zwischen digitalem und analogem Lernen gefunden wird und dass unsere Sch\u00fclerinnen und Sch\u00fcler die notwendigen Kompetenzen erlangen, um selbstverantwortlich mit den sich bietenden M\u00f6glichkeiten umgehen zu k\u00f6nnen.<\/p>\n\n\n\n<p>Die Lehrpersonen sollen ICT nat\u00fcrlich in den Unterricht integrieren. Das Legen eines Grundsteines, um die besonders gefragten IT-Skills aufzubauen, finde ich wichtig. Auf der administrativen Seite erhoffe ich mir den Sprung zu einer digitalisierten Organisation, damit sich die grossen Investitionen auch wirklich so niederschlagen, dass die Lehrpersonen die administrativen Aufgaben in m\u00f6glichst kurzer Zeit bew\u00e4ltigen k\u00f6nnen.<\/p>\n\n\n\n<pre class=\"wp-block-preformatted\">INFOBOX\n\nHinweis Themenreihe \u00abFokus Schulbeh\u00f6rde\u00bb: Der n\u00e4chste Anlass findet am 21. September zum Thema \u00ab<a href=\"https:\/\/phzh.ch\/de\/Weiterbildung\/Weiterbildung-Volksschulen\/anlassdetail-weiterbildung-fur-volksschulen\/Neuorganisation-der-Schulfuehrung-Hierarchisierung-oder-Agilitaet-n144423450.html\" target=\"_blank\" rel=\"noreferrer noopener\">Neuorganisation der Schulf\u00fchrung: Hierarchisierung oder Agilit\u00e4t?<\/a> statt.<\/pre>\n\n\n\n<pre class=\"wp-block-preformatted\"><strong>Steckbrief<\/strong>\n\nRaffaela Fehr (35) ist als Schulpflegerin Volketswil und Kantonsr\u00e4tin FDP politisch t\u00e4tig. Sie wohnt in Volketswil und ist Mutter von zwei M\u00e4dchen. In Ihrer Freizeit unternimmt sie mit ihrer Familie gerne Aktivit\u00e4ten im Freien.\n<\/pre>\n\n\n\n<h2 class=\"wp-block-heading\">Zur Autorin<\/h2>\n\n\n\n<div class=\"wp-block-image\"><figure class=\"alignleft size-large is-resized\"><img loading=\"lazy\" decoding=\"async\" src=\"http:\/\/blog.phzh.ch\/schulfuehrung\/files\/2020\/03\/Andrea-Hugelshofer_Foto.jpg\" alt=\"\" class=\"wp-image-2145\" width=\"217\" height=\"272\" srcset=\"https:\/\/blog.phzh.ch\/schulfuehrung\/files\/2020\/03\/Andrea-Hugelshofer_Foto.jpg 348w, https:\/\/blog.phzh.ch\/schulfuehrung\/files\/2020\/03\/Andrea-Hugelshofer_Foto-239x300.jpg 239w\" sizes=\"auto, (max-width: 217px) 100vw, 217px\" \/><\/figure><\/div>\n\n\n\n<p><a href=\"https:\/\/phzh.ch\/personen\/andrea.hugelshofer\" target=\"_blank\" rel=\"noreferrer noopener\">Andrea Hugelshofer<\/a> ist Dozentin im Zentrum Management und Leadership an der PH Z\u00fcrich. Sie besch\u00e4ftigt sich als Beraterin und Dozentin mit Themen rund um Personalentwicklung, den Erhalt von Gesundheit und Leistungsf\u00e4higkeit sowie dem Umgang mit Konflikten. Insbesondere verantwortet sie spezifische Weiterbildungsangebote f\u00fcr Mitglieder von Schulbeh\u00f6rden.<\/p>\n\n\n\n<p>Redaktion: Melina Maerten<\/p>\n\n\n\n<p>Titelbild: zVg<\/p>\n","protected":false},"excerpt":{"rendered":"<p>Anfangs Juli fand an der PH Z\u00fcrich eine Abendveranstaltung f\u00fcr Schulbeh\u00f6rden statt zum Thema \u00abSchule in einer digitalisierten Welt\u00bb. Eine Teilnehmerin war Raffaela Fehr, Mitglied der Schulbeh\u00f6rde in Volketswil. Andrea Hugelshofer hat sie befragt, wie \u00abihre\u00bb Schulbeh\u00f6rde mit dem Thema \u00abDigitalisierung\u00bb umgeht. Raffaela Fehr, Sie sind in der Schulgemeinde Volketswil im Thema Digitalisierung engagiert. Welche &hellip; <a href=\"https:\/\/blog.phzh.ch\/schulfuehrung\/2020\/08\/17\/schule-in-einer-digitalisierten-welt-und-die-rolle-der-schulbehoerden\/\" class=\"more-link\"><span class=\"screen-reader-text\">Schule in einer digitalisierten Welt \u2013 und die Rolle der Schulbeh\u00f6rden<\/span> weiterlesen<\/a><\/p>\n","protected":false},"author":1392,"featured_media":2531,"comment_status":"open","ping_status":"open","sticky":false,"template":"","format":"standard","meta":{"sfsi_plus_gutenberg_text_before_share":"","sfsi_plus_gutenberg_show_text_before_share":"","sfsi_plus_gutenberg_icon_type":"","sfsi_plus_gutenberg_icon_alignemt":"","sfsi_plus_gutenburg_max_per_row":"","footnotes":""},"categories":[107128,107309],"tags":[107369,107508,64341,4186,45048,109376,44958],"class_list":["post-2523","post","type-post","status-publish","format-standard","has-post-thumbnail","hentry","category-entdecken","category-alle-beitraege","tag-andrea-hugelshofer","tag-digitale-bildung","tag-digitalisierung","tag-lehrpersonen","tag-paedagogik","tag-raffaela-fehr-mitglied-der-schulbehoerde-volketswil","tag-schulleitung"],"yoast_head":"<!-- This site is optimized with the Yoast SEO plugin v26.8 - https:\/\/yoast.com\/product\/yoast-seo-wordpress\/ -->\n<title>Schule in einer digitalisierten Welt \u2013 und die Rolle der Schulbeh\u00f6rden - Schulf\u00fchrung<\/title>\n<meta name=\"robots\" content=\"index, follow, max-snippet:-1, max-image-preview:large, max-video-preview:-1\" \/>\n<link rel=\"canonical\" href=\"https:\/\/blog.phzh.ch\/schulfuehrung\/2020\/08\/17\/schule-in-einer-digitalisierten-welt-und-die-rolle-der-schulbehoerden\/\" \/>\n<meta property=\"og:locale\" content=\"de_DE\" \/>\n<meta property=\"og:type\" content=\"article\" \/>\n<meta property=\"og:title\" content=\"Schule in einer digitalisierten Welt \u2013 und die Rolle der Schulbeh\u00f6rden - Schulf\u00fchrung\" \/>\n<meta property=\"og:description\" content=\"Anfangs Juli fand an der PH Z\u00fcrich eine Abendveranstaltung f\u00fcr Schulbeh\u00f6rden statt zum Thema \u00abSchule in einer digitalisierten Welt\u00bb. Eine Teilnehmerin war Raffaela Fehr, Mitglied der Schulbeh\u00f6rde in Volketswil. Andrea Hugelshofer hat sie befragt, wie \u00abihre\u00bb Schulbeh\u00f6rde mit dem Thema \u00abDigitalisierung\u00bb umgeht. Raffaela Fehr, Sie sind in der Schulgemeinde Volketswil im Thema Digitalisierung engagiert. Welche &hellip; Schule in einer digitalisierten Welt \u2013 und die Rolle der Schulbeh\u00f6rden weiterlesen\" \/>\n<meta property=\"og:url\" content=\"https:\/\/blog.phzh.ch\/schulfuehrung\/2020\/08\/17\/schule-in-einer-digitalisierten-welt-und-die-rolle-der-schulbehoerden\/\" \/>\n<meta property=\"og:site_name\" content=\"Schulf\u00fchrung\" \/>\n<meta property=\"article:published_time\" content=\"2020-08-17T02:00:00+00:00\" \/>\n<meta property=\"article:modified_time\" content=\"2020-08-17T05:50:51+00:00\" \/>\n<meta property=\"og:image\" content=\"https:\/\/blog.phzh.ch\/schulfuehrung\/files\/2020\/08\/lit_Bild_Digitalisierung-Schulbehoerden_20200813_AHF_quer-1.jpeg\" \/>\n\t<meta property=\"og:image:width\" content=\"1000\" \/>\n\t<meta property=\"og:image:height\" content=\"895\" \/>\n\t<meta property=\"og:image:type\" content=\"image\/jpeg\" \/>\n<meta name=\"author\" content=\"melinamaerten\" \/>\n<meta name=\"twitter:card\" content=\"summary_large_image\" \/>\n<meta name=\"twitter:label1\" content=\"Verfasst von\" \/>\n\t<meta name=\"twitter:data1\" content=\"melinamaerten\" \/>\n\t<meta name=\"twitter:label2\" content=\"Gesch\u00e4tzte Lesezeit\" \/>\n\t<meta name=\"twitter:data2\" content=\"4\u00a0Minuten\" \/>\n<script type=\"application\/ld+json\" class=\"yoast-schema-graph\">{\"@context\":\"https:\/\/schema.org\",\"@graph\":[{\"@type\":\"Article\",\"@id\":\"https:\/\/blog.phzh.ch\/schulfuehrung\/2020\/08\/17\/schule-in-einer-digitalisierten-welt-und-die-rolle-der-schulbehoerden\/#article\",\"isPartOf\":{\"@id\":\"https:\/\/blog.phzh.ch\/schulfuehrung\/2020\/08\/17\/schule-in-einer-digitalisierten-welt-und-die-rolle-der-schulbehoerden\/\"},\"author\":{\"name\":\"melinamaerten\",\"@id\":\"https:\/\/blog.phzh.ch\/schulfuehrung\/#\/schema\/person\/13544ff30d01e0e5f98444f0696dcefb\"},\"headline\":\"Schule in einer digitalisierten Welt \u2013 und die Rolle der Schulbeh\u00f6rden\",\"datePublished\":\"2020-08-17T02:00:00+00:00\",\"dateModified\":\"2020-08-17T05:50:51+00:00\",\"mainEntityOfPage\":{\"@id\":\"https:\/\/blog.phzh.ch\/schulfuehrung\/2020\/08\/17\/schule-in-einer-digitalisierten-welt-und-die-rolle-der-schulbehoerden\/\"},\"wordCount\":650,\"commentCount\":3,\"image\":{\"@id\":\"https:\/\/blog.phzh.ch\/schulfuehrung\/2020\/08\/17\/schule-in-einer-digitalisierten-welt-und-die-rolle-der-schulbehoerden\/#primaryimage\"},\"thumbnailUrl\":\"https:\/\/blog.phzh.ch\/schulfuehrung\/files\/2020\/08\/lit_Bild_Digitalisierung-Schulbehoerden_20200813_AHF_quer-1.jpeg\",\"keywords\":[\"Andrea Hugelshofer\",\"Digitale Bildung\",\"Digitalisierung\",\"Lehrpersonen\",\"P\u00e4dagogik\",\"Raffaela Fehr Mitglied der Schulbeh\u00f6rde Volketswil\",\"Schulleitung\"],\"articleSection\":[\"Entdecken\",\"Gesamte Beitr\u00e4ge\"],\"inLanguage\":\"de\",\"potentialAction\":[{\"@type\":\"CommentAction\",\"name\":\"Comment\",\"target\":[\"https:\/\/blog.phzh.ch\/schulfuehrung\/2020\/08\/17\/schule-in-einer-digitalisierten-welt-und-die-rolle-der-schulbehoerden\/#respond\"]}]},{\"@type\":\"WebPage\",\"@id\":\"https:\/\/blog.phzh.ch\/schulfuehrung\/2020\/08\/17\/schule-in-einer-digitalisierten-welt-und-die-rolle-der-schulbehoerden\/\",\"url\":\"https:\/\/blog.phzh.ch\/schulfuehrung\/2020\/08\/17\/schule-in-einer-digitalisierten-welt-und-die-rolle-der-schulbehoerden\/\",\"name\":\"Schule in einer digitalisierten Welt \u2013 und die Rolle der Schulbeh\u00f6rden - Schulf\u00fchrung\",\"isPartOf\":{\"@id\":\"https:\/\/blog.phzh.ch\/schulfuehrung\/#website\"},\"primaryImageOfPage\":{\"@id\":\"https:\/\/blog.phzh.ch\/schulfuehrung\/2020\/08\/17\/schule-in-einer-digitalisierten-welt-und-die-rolle-der-schulbehoerden\/#primaryimage\"},\"image\":{\"@id\":\"https:\/\/blog.phzh.ch\/schulfuehrung\/2020\/08\/17\/schule-in-einer-digitalisierten-welt-und-die-rolle-der-schulbehoerden\/#primaryimage\"},\"thumbnailUrl\":\"https:\/\/blog.phzh.ch\/schulfuehrung\/files\/2020\/08\/lit_Bild_Digitalisierung-Schulbehoerden_20200813_AHF_quer-1.jpeg\",\"datePublished\":\"2020-08-17T02:00:00+00:00\",\"dateModified\":\"2020-08-17T05:50:51+00:00\",\"author\":{\"@id\":\"https:\/\/blog.phzh.ch\/schulfuehrung\/#\/schema\/person\/13544ff30d01e0e5f98444f0696dcefb\"},\"breadcrumb\":{\"@id\":\"https:\/\/blog.phzh.ch\/schulfuehrung\/2020\/08\/17\/schule-in-einer-digitalisierten-welt-und-die-rolle-der-schulbehoerden\/#breadcrumb\"},\"inLanguage\":\"de\",\"potentialAction\":[{\"@type\":\"ReadAction\",\"target\":[\"https:\/\/blog.phzh.ch\/schulfuehrung\/2020\/08\/17\/schule-in-einer-digitalisierten-welt-und-die-rolle-der-schulbehoerden\/\"]}]},{\"@type\":\"ImageObject\",\"inLanguage\":\"de\",\"@id\":\"https:\/\/blog.phzh.ch\/schulfuehrung\/2020\/08\/17\/schule-in-einer-digitalisierten-welt-und-die-rolle-der-schulbehoerden\/#primaryimage\",\"url\":\"https:\/\/blog.phzh.ch\/schulfuehrung\/files\/2020\/08\/lit_Bild_Digitalisierung-Schulbehoerden_20200813_AHF_quer-1.jpeg\",\"contentUrl\":\"https:\/\/blog.phzh.ch\/schulfuehrung\/files\/2020\/08\/lit_Bild_Digitalisierung-Schulbehoerden_20200813_AHF_quer-1.jpeg\",\"width\":1000,\"height\":895,\"caption\":\"Fehr Mitglied Schulbeh\u00f6rde Volketswil\"},{\"@type\":\"BreadcrumbList\",\"@id\":\"https:\/\/blog.phzh.ch\/schulfuehrung\/2020\/08\/17\/schule-in-einer-digitalisierten-welt-und-die-rolle-der-schulbehoerden\/#breadcrumb\",\"itemListElement\":[{\"@type\":\"ListItem\",\"position\":1,\"name\":\"Startseite\",\"item\":\"https:\/\/blog.phzh.ch\/schulfuehrung\/\"},{\"@type\":\"ListItem\",\"position\":2,\"name\":\"Schule in einer digitalisierten Welt \u2013 und die Rolle der Schulbeh\u00f6rden\"}]},{\"@type\":\"WebSite\",\"@id\":\"https:\/\/blog.phzh.ch\/schulfuehrung\/#website\",\"url\":\"https:\/\/blog.phzh.ch\/schulfuehrung\/\",\"name\":\"Schulf\u00fchrung\",\"description\":\"phzh.ch\/schulfuehrung\",\"potentialAction\":[{\"@type\":\"SearchAction\",\"target\":{\"@type\":\"EntryPoint\",\"urlTemplate\":\"https:\/\/blog.phzh.ch\/schulfuehrung\/?s={search_term_string}\"},\"query-input\":{\"@type\":\"PropertyValueSpecification\",\"valueRequired\":true,\"valueName\":\"search_term_string\"}}],\"inLanguage\":\"de\"},{\"@type\":\"Person\",\"@id\":\"https:\/\/blog.phzh.ch\/schulfuehrung\/#\/schema\/person\/13544ff30d01e0e5f98444f0696dcefb\",\"name\":\"melinamaerten\",\"image\":{\"@type\":\"ImageObject\",\"inLanguage\":\"de\",\"@id\":\"https:\/\/blog.phzh.ch\/schulfuehrung\/#\/schema\/person\/image\/\",\"url\":\"https:\/\/secure.gravatar.com\/avatar\/581b196899ac4a61b7e20a29f4dd52fe?s=96&d=mm&r=g\",\"contentUrl\":\"https:\/\/secure.gravatar.com\/avatar\/581b196899ac4a61b7e20a29f4dd52fe?s=96&d=mm&r=g\",\"caption\":\"melinamaerten\"},\"url\":\"https:\/\/blog.phzh.ch\/schulfuehrung\/author\/melinamaerten\/\"}]}<\/script>\n<!-- \/ Yoast SEO plugin. -->","yoast_head_json":{"title":"Schule in einer digitalisierten Welt \u2013 und die Rolle der Schulbeh\u00f6rden - Schulf\u00fchrung","robots":{"index":"index","follow":"follow","max-snippet":"max-snippet:-1","max-image-preview":"max-image-preview:large","max-video-preview":"max-video-preview:-1"},"canonical":"https:\/\/blog.phzh.ch\/schulfuehrung\/2020\/08\/17\/schule-in-einer-digitalisierten-welt-und-die-rolle-der-schulbehoerden\/","og_locale":"de_DE","og_type":"article","og_title":"Schule in einer digitalisierten Welt \u2013 und die Rolle der Schulbeh\u00f6rden - Schulf\u00fchrung","og_description":"Anfangs Juli fand an der PH Z\u00fcrich eine Abendveranstaltung f\u00fcr Schulbeh\u00f6rden statt zum Thema \u00abSchule in einer digitalisierten Welt\u00bb. Eine Teilnehmerin war Raffaela Fehr, Mitglied der Schulbeh\u00f6rde in Volketswil. Andrea Hugelshofer hat sie befragt, wie \u00abihre\u00bb Schulbeh\u00f6rde mit dem Thema \u00abDigitalisierung\u00bb umgeht. Raffaela Fehr, Sie sind in der Schulgemeinde Volketswil im Thema Digitalisierung engagiert. Welche &hellip; Schule in einer digitalisierten Welt \u2013 und die Rolle der Schulbeh\u00f6rden weiterlesen","og_url":"https:\/\/blog.phzh.ch\/schulfuehrung\/2020\/08\/17\/schule-in-einer-digitalisierten-welt-und-die-rolle-der-schulbehoerden\/","og_site_name":"Schulf\u00fchrung","article_published_time":"2020-08-17T02:00:00+00:00","article_modified_time":"2020-08-17T05:50:51+00:00","og_image":[{"width":1000,"height":895,"url":"https:\/\/blog.phzh.ch\/schulfuehrung\/files\/2020\/08\/lit_Bild_Digitalisierung-Schulbehoerden_20200813_AHF_quer-1.jpeg","type":"image\/jpeg"}],"author":"melinamaerten","twitter_card":"summary_large_image","twitter_misc":{"Verfasst von":"melinamaerten","Gesch\u00e4tzte Lesezeit":"4\u00a0Minuten"},"schema":{"@context":"https:\/\/schema.org","@graph":[{"@type":"Article","@id":"https:\/\/blog.phzh.ch\/schulfuehrung\/2020\/08\/17\/schule-in-einer-digitalisierten-welt-und-die-rolle-der-schulbehoerden\/#article","isPartOf":{"@id":"https:\/\/blog.phzh.ch\/schulfuehrung\/2020\/08\/17\/schule-in-einer-digitalisierten-welt-und-die-rolle-der-schulbehoerden\/"},"author":{"name":"melinamaerten","@id":"https:\/\/blog.phzh.ch\/schulfuehrung\/#\/schema\/person\/13544ff30d01e0e5f98444f0696dcefb"},"headline":"Schule in einer digitalisierten Welt \u2013 und die Rolle der Schulbeh\u00f6rden","datePublished":"2020-08-17T02:00:00+00:00","dateModified":"2020-08-17T05:50:51+00:00","mainEntityOfPage":{"@id":"https:\/\/blog.phzh.ch\/schulfuehrung\/2020\/08\/17\/schule-in-einer-digitalisierten-welt-und-die-rolle-der-schulbehoerden\/"},"wordCount":650,"commentCount":3,"image":{"@id":"https:\/\/blog.phzh.ch\/schulfuehrung\/2020\/08\/17\/schule-in-einer-digitalisierten-welt-und-die-rolle-der-schulbehoerden\/#primaryimage"},"thumbnailUrl":"https:\/\/blog.phzh.ch\/schulfuehrung\/files\/2020\/08\/lit_Bild_Digitalisierung-Schulbehoerden_20200813_AHF_quer-1.jpeg","keywords":["Andrea Hugelshofer","Digitale Bildung","Digitalisierung","Lehrpersonen","P\u00e4dagogik","Raffaela Fehr Mitglied der Schulbeh\u00f6rde Volketswil","Schulleitung"],"articleSection":["Entdecken","Gesamte Beitr\u00e4ge"],"inLanguage":"de","potentialAction":[{"@type":"CommentAction","name":"Comment","target":["https:\/\/blog.phzh.ch\/schulfuehrung\/2020\/08\/17\/schule-in-einer-digitalisierten-welt-und-die-rolle-der-schulbehoerden\/#respond"]}]},{"@type":"WebPage","@id":"https:\/\/blog.phzh.ch\/schulfuehrung\/2020\/08\/17\/schule-in-einer-digitalisierten-welt-und-die-rolle-der-schulbehoerden\/","url":"https:\/\/blog.phzh.ch\/schulfuehrung\/2020\/08\/17\/schule-in-einer-digitalisierten-welt-und-die-rolle-der-schulbehoerden\/","name":"Schule in einer digitalisierten Welt \u2013 und die Rolle der Schulbeh\u00f6rden - Schulf\u00fchrung","isPartOf":{"@id":"https:\/\/blog.phzh.ch\/schulfuehrung\/#website"},"primaryImageOfPage":{"@id":"https:\/\/blog.phzh.ch\/schulfuehrung\/2020\/08\/17\/schule-in-einer-digitalisierten-welt-und-die-rolle-der-schulbehoerden\/#primaryimage"},"image":{"@id":"https:\/\/blog.phzh.ch\/schulfuehrung\/2020\/08\/17\/schule-in-einer-digitalisierten-welt-und-die-rolle-der-schulbehoerden\/#primaryimage"},"thumbnailUrl":"https:\/\/blog.phzh.ch\/schulfuehrung\/files\/2020\/08\/lit_Bild_Digitalisierung-Schulbehoerden_20200813_AHF_quer-1.jpeg","datePublished":"2020-08-17T02:00:00+00:00","dateModified":"2020-08-17T05:50:51+00:00","author":{"@id":"https:\/\/blog.phzh.ch\/schulfuehrung\/#\/schema\/person\/13544ff30d01e0e5f98444f0696dcefb"},"breadcrumb":{"@id":"https:\/\/blog.phzh.ch\/schulfuehrung\/2020\/08\/17\/schule-in-einer-digitalisierten-welt-und-die-rolle-der-schulbehoerden\/#breadcrumb"},"inLanguage":"de","potentialAction":[{"@type":"ReadAction","target":["https:\/\/blog.phzh.ch\/schulfuehrung\/2020\/08\/17\/schule-in-einer-digitalisierten-welt-und-die-rolle-der-schulbehoerden\/"]}]},{"@type":"ImageObject","inLanguage":"de","@id":"https:\/\/blog.phzh.ch\/schulfuehrung\/2020\/08\/17\/schule-in-einer-digitalisierten-welt-und-die-rolle-der-schulbehoerden\/#primaryimage","url":"https:\/\/blog.phzh.ch\/schulfuehrung\/files\/2020\/08\/lit_Bild_Digitalisierung-Schulbehoerden_20200813_AHF_quer-1.jpeg","contentUrl":"https:\/\/blog.phzh.ch\/schulfuehrung\/files\/2020\/08\/lit_Bild_Digitalisierung-Schulbehoerden_20200813_AHF_quer-1.jpeg","width":1000,"height":895,"caption":"Fehr Mitglied Schulbeh\u00f6rde Volketswil"},{"@type":"BreadcrumbList","@id":"https:\/\/blog.phzh.ch\/schulfuehrung\/2020\/08\/17\/schule-in-einer-digitalisierten-welt-und-die-rolle-der-schulbehoerden\/#breadcrumb","itemListElement":[{"@type":"ListItem","position":1,"name":"Startseite","item":"https:\/\/blog.phzh.ch\/schulfuehrung\/"},{"@type":"ListItem","position":2,"name":"Schule in einer digitalisierten Welt \u2013 und die Rolle der Schulbeh\u00f6rden"}]},{"@type":"WebSite","@id":"https:\/\/blog.phzh.ch\/schulfuehrung\/#website","url":"https:\/\/blog.phzh.ch\/schulfuehrung\/","name":"Schulf\u00fchrung","description":"phzh.ch\/schulfuehrung","potentialAction":[{"@type":"SearchAction","target":{"@type":"EntryPoint","urlTemplate":"https:\/\/blog.phzh.ch\/schulfuehrung\/?s={search_term_string}"},"query-input":{"@type":"PropertyValueSpecification","valueRequired":true,"valueName":"search_term_string"}}],"inLanguage":"de"},{"@type":"Person","@id":"https:\/\/blog.phzh.ch\/schulfuehrung\/#\/schema\/person\/13544ff30d01e0e5f98444f0696dcefb","name":"melinamaerten","image":{"@type":"ImageObject","inLanguage":"de","@id":"https:\/\/blog.phzh.ch\/schulfuehrung\/#\/schema\/person\/image\/","url":"https:\/\/secure.gravatar.com\/avatar\/581b196899ac4a61b7e20a29f4dd52fe?s=96&d=mm&r=g","contentUrl":"https:\/\/secure.gravatar.com\/avatar\/581b196899ac4a61b7e20a29f4dd52fe?s=96&d=mm&r=g","caption":"melinamaerten"},"url":"https:\/\/blog.phzh.ch\/schulfuehrung\/author\/melinamaerten\/"}]}},"_links":{"self":[{"href":"https:\/\/blog.phzh.ch\/schulfuehrung\/wp-json\/wp\/v2\/posts\/2523","targetHints":{"allow":["GET"]}}],"collection":[{"href":"https:\/\/blog.phzh.ch\/schulfuehrung\/wp-json\/wp\/v2\/posts"}],"about":[{"href":"https:\/\/blog.phzh.ch\/schulfuehrung\/wp-json\/wp\/v2\/types\/post"}],"author":[{"embeddable":true,"href":"https:\/\/blog.phzh.ch\/schulfuehrung\/wp-json\/wp\/v2\/users\/1392"}],"replies":[{"embeddable":true,"href":"https:\/\/blog.phzh.ch\/schulfuehrung\/wp-json\/wp\/v2\/comments?post=2523"}],"version-history":[{"count":7,"href":"https:\/\/blog.phzh.ch\/schulfuehrung\/wp-json\/wp\/v2\/posts\/2523\/revisions"}],"predecessor-version":[{"id":2532,"href":"https:\/\/blog.phzh.ch\/schulfuehrung\/wp-json\/wp\/v2\/posts\/2523\/revisions\/2532"}],"wp:featuredmedia":[{"embeddable":true,"href":"https:\/\/blog.phzh.ch\/schulfuehrung\/wp-json\/wp\/v2\/media\/2531"}],"wp:attachment":[{"href":"https:\/\/blog.phzh.ch\/schulfuehrung\/wp-json\/wp\/v2\/media?parent=2523"}],"wp:term":[{"taxonomy":"category","embeddable":true,"href":"https:\/\/blog.phzh.ch\/schulfuehrung\/wp-json\/wp\/v2\/categories?post=2523"},{"taxonomy":"post_tag","embeddable":true,"href":"https:\/\/blog.phzh.ch\/schulfuehrung\/wp-json\/wp\/v2\/tags?post=2523"}],"curies":[{"name":"wp","href":"https:\/\/api.w.org\/{rel}","templated":true}]}}