{"id":2485,"date":"2020-07-02T04:00:00","date_gmt":"2020-07-02T02:00:00","guid":{"rendered":"https:\/\/blog.phzh.ch\/schulfuehrung\/?p=2485"},"modified":"2020-07-01T10:55:36","modified_gmt":"2020-07-01T08:55:36","slug":"spannungsfelder-der-fuehrung-autonomie-und-kooperation-im-team","status":"publish","type":"post","link":"https:\/\/blog.phzh.ch\/schulfuehrung\/2020\/07\/02\/spannungsfelder-der-fuehrung-autonomie-und-kooperation-im-team\/","title":{"rendered":"Spannungsfelder der F\u00fchrung: Autonomie und Kooperation im Team"},"content":{"rendered":"\n<p><strong>Die individuelle Autonomie ist ein hohes Gut in Schulen. Zugleich z\u00e4hlen Kooperation und gemeinschaftliche Verantwortung f\u00fcr das Lernen der Sch\u00fclerinnen und Sch\u00fcler zu den Merkmalen \u00abguter Schulen\u00bb. Nina-Cathrin Strauss fragt sich, was dieses Spannungsfeld f\u00fcr F\u00fchrungspersonen und Schulteams bedeutet.<\/strong><\/p>\n\n\n\n<p><strong>Entscheidungen \u00fcber Entscheidungen<\/strong><\/p>\n\n\n\n<p>Lehrpersonen treffen als p\u00e4dagogische Expertinnen und Experten t\u00e4glich Unmengen an Entscheidungen. Sie entscheiden im Unterricht dar\u00fcber, wie sie ausgehend von ihrer Planung ein Thema konkret aufbereiten, wie sie auf St\u00f6rungen oder Fragen reagieren, ihr Vorgehen allenfalls anpassen und wie sie differenzieren, wenn nicht alle Sch\u00fclerinnen und Sch\u00fcler folgen k\u00f6nnen. Empirische Sch\u00e4tzungen gehen davon aus, dass Lehrpersonen alle zwei Minuten eine Entscheidung dar\u00fcber treffen, wie sie handeln (Dann\/Haag 2017). Auch wenn es 5 min sind, es sind sehr viele Entscheidungen in Situationen, die oft nicht unbedingt klar sind, ganz unterschiedliche Handlungsm\u00f6glichkeiten h\u00e4tten und wo auch nicht immer klar ist, wohin die Entscheidung f\u00fchrt und ob sie erfolgreich sein wird. Das ist eine grosse Verantwortung, die das Bed\u00fcrfnis nach Autonomie \u00fcber das p\u00e4dagogische Handeln st\u00e4rkt.<\/p>\n\n\n\n<p><strong>\u00abBeliefs\u00bb pr\u00e4gen Handeln<\/strong><\/p>\n\n\n\n<p>Viele dieser Entscheidungen geschehen ganz unbewusst und h\u00e4ngen mit den \u00abBeliefs\u00bb bzw. den p\u00e4dagogischen \u00dcberzeugungen zusammen: \u00dcberzeugungen \u00abbringen zum Ausdruck, was eine Lehrperson glaubt, worauf sie vertraut, was sie subjektiv f\u00fcr richtig h\u00e4lt und mit welchen fachp\u00e4dagogischen Ideen, Anschauungen, Weltbildern und Wertorientierungen \u2013 mit welchem Professionsideal \u2013 sie sich identifiziert\u00bb (Reusser, Pauli, und Elmer 2011, 644). Wie Lehrpersonen p\u00e4dagogisch handeln h\u00e4ngt also zusammen mit den Vorstellungen von \u00abgutem Unterricht\u00bb, vom Lernen und Lehren, von der Haltung und den Erwartungen den Kindern gegen\u00fcber. Zum Beispiel zeigen sich in Forschungen immer wieder die hohen Erwartungen an die Kompetenzen und F\u00e4higkeiten der Kinder und Jugendlichen als wichtiges Merkmal von erfolgreichen Schulen.<\/p>\n\n\n\n<p><strong>Individuell oder gemeinsam erfolgreich?<\/strong><\/p>\n\n\n\n<p>Diese \u00dcberzeugungen sind individuell und beruhen auf pers\u00f6nlichen und beruflichen Erfahrungen der Lehrpersonen. Und sie unterscheiden sich von Person zu Person und f\u00fchren zu unterschiedlichem p\u00e4dagogischem Handeln. \u00dcberzeugungen sind aber auch sozial gepr\u00e4gt und k\u00f6nnen sich entwickeln, wenn sie geteilt werden, in der Diskussion und in der Zusammenarbeit mit anderen Lehrpersonen.<\/p>\n\n\n\n<p>Nun stellt sich die Frage, ist das gewollt? Denn f\u00fcr Expertinnen und Experten ist die Autonomie \u00fcber ihr Handeln und ihre \u00dcberzeugungen ein ganz hohes Gut. Denn sie kennen ihr Unterrichtssetting am besten und k\u00f6nnen einsch\u00e4tzen, was die Sch\u00fclerinnen und Sch\u00fcler brauchen, um gut lernen zu k\u00f6nnen.<\/p>\n\n\n\n<p>Zugleich unterscheiden sich die Erfahrungen und Erfolge der Lehrpersonen. Im R\u00fcckblick auf die besondere Situation in den letzten Monaten sind die Unterschiede in einigen Schulen wohl noch deutlich geworden \u2013 oder untergegangen in der r\u00e4umlichen Trennung. Die Sch\u00fclerinnen und Sch\u00fcler haben je nach Schule und Lehrperson unterschiedlich intensive, kreative L\u00f6sungen erlebt und haben unterschiedlich profitiert. Hier wird die Frage der Gerechtigkeit aus Sicht der Kinder und Jugendlichen deutlich, die aber nat\u00fcrlich auch ausserhalb der Krise wichtig ist. Denn letztlich geht es in einer guten Schule darum Kinder und Jugendliche bestm\u00f6glich zu f\u00f6rdern. Und in Schulen ist die Kooperation und der Austausch zu einem wesentlichen Aspekt geworden, diese Krise zu bew\u00e4ltigen.<\/p>\n\n\n\n<p><strong>Autonomie lassen vs. Kooperation st\u00e4rken: Spannungsfelder der Schulf\u00fchrung<\/strong> <\/p>\n\n\n\n<p>In einigen Schulen haben sich Schulleitungen \u2013 zusammen mit Teacher Leadern wie den PICTS-Lehrpersonen \u2013 in den letzten Monaten also verst\u00e4rkt um Austausch und Verbindungen bem\u00fcht.\u00a0 Dies auch, weil es guttut, gemeinsam \u00fcber (gute und schlechte) Erfahrungen, \u00fcber p\u00e4dagogische Settings und \u00fcber das eigene (Un)wohlbefinden zu sprechen. Aus Sicht der Kinder und Jugendlichen ist diese Kooperation aber auch wichtig, weil wir wissen, dass geteilte \u00dcberzeugungen und Kooperation die Qualit\u00e4t von Unterricht und Schule st\u00e4rkt. Und die Schulleitung pr\u00e4gt die Rahmenbedingungen. Sie schafft Gelegenheiten f\u00fcr Kooperation und gemeinsame Reflexionen. Und sie pr\u00e4gt die Qualit\u00e4t der Beziehungen und der Kooperationskultur in der Schule, wenn sie ermutigt und erm\u00f6glicht, dass sich Lehrpersonen mit ihren \u00dcberzeugungen und ihrer Expertise einbringen f\u00fcr die Entwicklung als \u00abgute Schule\u00bb.<\/p>\n\n\n\n<pre class=\"wp-block-preformatted\">INFOBOX\n\nIm Herbst 2020 startet der CAS P\u00e4dagogische Schulf\u00fchrung #06 an der PH Z\u00fcrich unter der Leitung von Nina Strauss, Reto Kuster und Niels Anderegg. Die ersten beiden Module \u00abGute Schule\u00bb und \u00abLernen und Organisation\u00bb k\u00f6nnen auch einzeln besucht werden. Der CAS richtet sich bewusst an unterschiedliche Personen im Schulsystem, die sich mit p\u00e4dagogischen Fragen aus Sicht der F\u00fchrung besch\u00e4ftigen. Weitere Informationen erhalten sie <a rel=\"noreferrer noopener\" href=\"https:\/\/phzh.ch\/de\/Weiterbildung\/Weiterbildung-Volksschulen\/anlassdetail-weiterbildung-fur-volksschulen\/CAS-Paedagogische-Schulfuehrung-n144406448.html\" target=\"_blank\">hier<\/a>.\n\nIn <a rel=\"noreferrer noopener\" href=\"https:\/\/www.youtube.com\/watch?v=plSur9joJ4A\" target=\"_blank\">diesem Video<\/a> wird der CAS P\u00e4dagogische Schulf\u00fchrung n\u00e4her vorgestellt.\n\nQuellen:\nDann, Hanns-Dietrich, und Ludwig Haag. 2017. \u201eLehrerkognitionen und Handlungsentscheidungen\u201c. In Lehrer-Sch\u00fcler-Interaktion, herausgegeben von Martin K. W. Schweer, 89\u2013120. Schule und Gesellschaft 24. Springer Fachmedien Wiesbaden. <a href=\"https:\/\/doi.org\/10.1007\/978-3-658-15083-9_4\">https:\/\/doi.org\/10.1007\/978-3-658-15083-9_4<\/a>.\nReusser, Kurt, und Christine Pauli. 2011. \u201eBerufsbezogene \u00dcberzeugungen von Lehrerinnen und Lehrern\u201c. Handbuch der Forschung zum Lehrerberuf 2. \u00a0<\/pre>\n\n\n\n<h2 class=\"wp-block-heading\">Zur Autorin<\/h2>\n\n\n\n<div class=\"wp-block-media-text alignwide is-stacked-on-mobile\" style=\"grid-template-columns:24% auto\"><figure class=\"wp-block-media-text__media\"><img loading=\"lazy\" decoding=\"async\" width=\"868\" height=\"1024\" src=\"http:\/\/blog.phzh.ch\/schulfuehrung\/files\/2020\/02\/NinaStrauss_Portrait-868x1024.jpg\" alt=\"\" class=\"wp-image-2088\" srcset=\"https:\/\/blog.phzh.ch\/schulfuehrung\/files\/2020\/02\/NinaStrauss_Portrait-868x1024.jpg 868w, https:\/\/blog.phzh.ch\/schulfuehrung\/files\/2020\/02\/NinaStrauss_Portrait-254x300.jpg 254w, https:\/\/blog.phzh.ch\/schulfuehrung\/files\/2020\/02\/NinaStrauss_Portrait-768x906.jpg 768w, https:\/\/blog.phzh.ch\/schulfuehrung\/files\/2020\/02\/NinaStrauss_Portrait-1302x1536.jpg 1302w, https:\/\/blog.phzh.ch\/schulfuehrung\/files\/2020\/02\/NinaStrauss_Portrait-1736x2048.jpg 1736w\" sizes=\"auto, (max-width: 868px) 100vw, 868px\" \/><\/figure><div class=\"wp-block-media-text__content\">\n<p><a href=\"https:\/\/phzh.ch\/personen\/nina-cathrin.strauss\" target=\"_blank\" rel=\"noreferrer noopener\">Nina-Cathrin Strauss<\/a> besch\u00e4ftigt sich als Dozentin und Forscherin mit der Frage, wie gemeinschaftliche F\u00fchrung zur Entwicklung als gute Schule beitragen kann. Neben dem CAS P\u00e4dagogische Schulf\u00fchrung ist sie Ko-Leiterin im CAS Schulqualit\u00e4t.<\/p>\n<\/div><\/div>\n\n\n\n<p>Redaktion: J\u00f6rg Berger<\/p>\n\n\n\n<p>Titelbild: pixabay<\/p>\n\n\n\n<p><a rel=\"noreferrer noopener\" href=\"https:\/\/blog.phzh.ch\/schulfuehrung\/2020\/05\/01\/distributed-leadership-schulfuehrung-gemeinschaftlich-gestalten\/\" target=\"_blank\">Hier gehts zu einem weiteren Blogbeitrag von Nina-Cathrin Strauss zum Thema \u00abDistributed Leadership\u00bb<\/a><\/p>\n","protected":false},"excerpt":{"rendered":"<p>Die individuelle Autonomie ist ein hohes Gut in Schulen. Zugleich z\u00e4hlen Kooperation und gemeinschaftliche Verantwortung f\u00fcr das Lernen der Sch\u00fclerinnen und Sch\u00fcler zu den Merkmalen \u00abguter Schulen\u00bb. Nina-Cathrin Strauss fragt sich, was dieses Spannungsfeld f\u00fcr F\u00fchrungspersonen und Schulteams bedeutet. Entscheidungen \u00fcber Entscheidungen Lehrpersonen treffen als p\u00e4dagogische Expertinnen und Experten t\u00e4glich Unmengen an Entscheidungen. Sie entscheiden &hellip; <a href=\"https:\/\/blog.phzh.ch\/schulfuehrung\/2020\/07\/02\/spannungsfelder-der-fuehrung-autonomie-und-kooperation-im-team\/\" class=\"more-link\"><span class=\"screen-reader-text\">Spannungsfelder der F\u00fchrung: Autonomie und Kooperation im Team<\/span> weiterlesen<\/a><\/p>\n","protected":false},"author":1416,"featured_media":2486,"comment_status":"open","ping_status":"open","sticky":false,"template":"","format":"standard","meta":{"sfsi_plus_gutenberg_text_before_share":"","sfsi_plus_gutenberg_show_text_before_share":"","sfsi_plus_gutenberg_icon_type":"","sfsi_plus_gutenberg_icon_alignemt":"","sfsi_plus_gutenburg_max_per_row":"","footnotes":""},"categories":[107128,107309],"tags":[103485,107530,107332,103391,107489,107353,78970],"class_list":["post-2485","post","type-post","status-publish","format-standard","has-post-thumbnail","hentry","category-entdecken","category-alle-beitraege","tag-cas-paedagogische-schulfuehrung","tag-distributed-leadership","tag-fuehrung-einer-schule","tag-niels-anderegg","tag-nina-cathrin-strauss","tag-reto-kuster","tag-schulfuehrung"],"yoast_head":"<!-- This site is optimized with the Yoast SEO plugin v26.8 - https:\/\/yoast.com\/product\/yoast-seo-wordpress\/ -->\n<title>Spannungsfelder der F\u00fchrung: Autonomie und Kooperation im Team - Schulf\u00fchrung<\/title>\n<meta name=\"robots\" content=\"index, follow, max-snippet:-1, max-image-preview:large, max-video-preview:-1\" \/>\n<link rel=\"canonical\" href=\"https:\/\/blog.phzh.ch\/schulfuehrung\/2020\/07\/02\/spannungsfelder-der-fuehrung-autonomie-und-kooperation-im-team\/\" \/>\n<meta property=\"og:locale\" content=\"de_DE\" \/>\n<meta property=\"og:type\" content=\"article\" \/>\n<meta property=\"og:title\" content=\"Spannungsfelder der F\u00fchrung: Autonomie und Kooperation im Team - Schulf\u00fchrung\" \/>\n<meta property=\"og:description\" content=\"Die individuelle Autonomie ist ein hohes Gut in Schulen. Zugleich z\u00e4hlen Kooperation und gemeinschaftliche Verantwortung f\u00fcr das Lernen der Sch\u00fclerinnen und Sch\u00fcler zu den Merkmalen \u00abguter Schulen\u00bb. Nina-Cathrin Strauss fragt sich, was dieses Spannungsfeld f\u00fcr F\u00fchrungspersonen und Schulteams bedeutet. Entscheidungen \u00fcber Entscheidungen Lehrpersonen treffen als p\u00e4dagogische Expertinnen und Experten t\u00e4glich Unmengen an Entscheidungen. Sie entscheiden &hellip; Spannungsfelder der F\u00fchrung: Autonomie und Kooperation im Team weiterlesen\" \/>\n<meta property=\"og:url\" content=\"https:\/\/blog.phzh.ch\/schulfuehrung\/2020\/07\/02\/spannungsfelder-der-fuehrung-autonomie-und-kooperation-im-team\/\" \/>\n<meta property=\"og:site_name\" content=\"Schulf\u00fchrung\" \/>\n<meta property=\"article:published_time\" content=\"2020-07-02T02:00:00+00:00\" \/>\n<meta property=\"og:image\" content=\"https:\/\/blog.phzh.ch\/schulfuehrung\/files\/2020\/07\/alone-1275523_1280.png\" \/>\n\t<meta property=\"og:image:width\" content=\"1280\" \/>\n\t<meta property=\"og:image:height\" content=\"832\" \/>\n\t<meta property=\"og:image:type\" content=\"image\/png\" \/>\n<meta name=\"author\" content=\"joerg.berger@phzh.ch\" \/>\n<meta name=\"twitter:card\" content=\"summary_large_image\" \/>\n<meta name=\"twitter:label1\" content=\"Verfasst von\" \/>\n\t<meta name=\"twitter:data1\" content=\"joerg.berger@phzh.ch\" \/>\n\t<meta name=\"twitter:label2\" content=\"Gesch\u00e4tzte Lesezeit\" \/>\n\t<meta name=\"twitter:data2\" content=\"4\u00a0Minuten\" \/>\n<script type=\"application\/ld+json\" class=\"yoast-schema-graph\">{\"@context\":\"https:\/\/schema.org\",\"@graph\":[{\"@type\":\"Article\",\"@id\":\"https:\/\/blog.phzh.ch\/schulfuehrung\/2020\/07\/02\/spannungsfelder-der-fuehrung-autonomie-und-kooperation-im-team\/#article\",\"isPartOf\":{\"@id\":\"https:\/\/blog.phzh.ch\/schulfuehrung\/2020\/07\/02\/spannungsfelder-der-fuehrung-autonomie-und-kooperation-im-team\/\"},\"author\":{\"name\":\"joerg.berger@phzh.ch\",\"@id\":\"https:\/\/blog.phzh.ch\/schulfuehrung\/#\/schema\/person\/054349b95d3a6f07edb6b76b4f30280b\"},\"headline\":\"Spannungsfelder der F\u00fchrung: Autonomie und Kooperation im Team\",\"datePublished\":\"2020-07-02T02:00:00+00:00\",\"mainEntityOfPage\":{\"@id\":\"https:\/\/blog.phzh.ch\/schulfuehrung\/2020\/07\/02\/spannungsfelder-der-fuehrung-autonomie-und-kooperation-im-team\/\"},\"wordCount\":742,\"commentCount\":0,\"image\":{\"@id\":\"https:\/\/blog.phzh.ch\/schulfuehrung\/2020\/07\/02\/spannungsfelder-der-fuehrung-autonomie-und-kooperation-im-team\/#primaryimage\"},\"thumbnailUrl\":\"https:\/\/blog.phzh.ch\/schulfuehrung\/files\/2020\/07\/alone-1275523_1280.png\",\"keywords\":[\"CAS P\u00e4dagogische Schulf\u00fchrung\",\"Distributed Leadership\",\"F\u00fchrung einer Schule\",\"Niels Anderegg\",\"Nina-Cathrin Strauss\",\"Reto Kuster\",\"Schulf\u00fchrung\"],\"articleSection\":[\"Entdecken\",\"Gesamte Beitr\u00e4ge\"],\"inLanguage\":\"de\",\"potentialAction\":[{\"@type\":\"CommentAction\",\"name\":\"Comment\",\"target\":[\"https:\/\/blog.phzh.ch\/schulfuehrung\/2020\/07\/02\/spannungsfelder-der-fuehrung-autonomie-und-kooperation-im-team\/#respond\"]}]},{\"@type\":\"WebPage\",\"@id\":\"https:\/\/blog.phzh.ch\/schulfuehrung\/2020\/07\/02\/spannungsfelder-der-fuehrung-autonomie-und-kooperation-im-team\/\",\"url\":\"https:\/\/blog.phzh.ch\/schulfuehrung\/2020\/07\/02\/spannungsfelder-der-fuehrung-autonomie-und-kooperation-im-team\/\",\"name\":\"Spannungsfelder der F\u00fchrung: Autonomie und Kooperation im Team - Schulf\u00fchrung\",\"isPartOf\":{\"@id\":\"https:\/\/blog.phzh.ch\/schulfuehrung\/#website\"},\"primaryImageOfPage\":{\"@id\":\"https:\/\/blog.phzh.ch\/schulfuehrung\/2020\/07\/02\/spannungsfelder-der-fuehrung-autonomie-und-kooperation-im-team\/#primaryimage\"},\"image\":{\"@id\":\"https:\/\/blog.phzh.ch\/schulfuehrung\/2020\/07\/02\/spannungsfelder-der-fuehrung-autonomie-und-kooperation-im-team\/#primaryimage\"},\"thumbnailUrl\":\"https:\/\/blog.phzh.ch\/schulfuehrung\/files\/2020\/07\/alone-1275523_1280.png\",\"datePublished\":\"2020-07-02T02:00:00+00:00\",\"author\":{\"@id\":\"https:\/\/blog.phzh.ch\/schulfuehrung\/#\/schema\/person\/054349b95d3a6f07edb6b76b4f30280b\"},\"breadcrumb\":{\"@id\":\"https:\/\/blog.phzh.ch\/schulfuehrung\/2020\/07\/02\/spannungsfelder-der-fuehrung-autonomie-und-kooperation-im-team\/#breadcrumb\"},\"inLanguage\":\"de\",\"potentialAction\":[{\"@type\":\"ReadAction\",\"target\":[\"https:\/\/blog.phzh.ch\/schulfuehrung\/2020\/07\/02\/spannungsfelder-der-fuehrung-autonomie-und-kooperation-im-team\/\"]}]},{\"@type\":\"ImageObject\",\"inLanguage\":\"de\",\"@id\":\"https:\/\/blog.phzh.ch\/schulfuehrung\/2020\/07\/02\/spannungsfelder-der-fuehrung-autonomie-und-kooperation-im-team\/#primaryimage\",\"url\":\"https:\/\/blog.phzh.ch\/schulfuehrung\/files\/2020\/07\/alone-1275523_1280.png\",\"contentUrl\":\"https:\/\/blog.phzh.ch\/schulfuehrung\/files\/2020\/07\/alone-1275523_1280.png\",\"width\":1280,\"height\":832},{\"@type\":\"BreadcrumbList\",\"@id\":\"https:\/\/blog.phzh.ch\/schulfuehrung\/2020\/07\/02\/spannungsfelder-der-fuehrung-autonomie-und-kooperation-im-team\/#breadcrumb\",\"itemListElement\":[{\"@type\":\"ListItem\",\"position\":1,\"name\":\"Startseite\",\"item\":\"https:\/\/blog.phzh.ch\/schulfuehrung\/\"},{\"@type\":\"ListItem\",\"position\":2,\"name\":\"Spannungsfelder der F\u00fchrung: Autonomie und Kooperation im Team\"}]},{\"@type\":\"WebSite\",\"@id\":\"https:\/\/blog.phzh.ch\/schulfuehrung\/#website\",\"url\":\"https:\/\/blog.phzh.ch\/schulfuehrung\/\",\"name\":\"Schulf\u00fchrung\",\"description\":\"phzh.ch\/schulfuehrung\",\"potentialAction\":[{\"@type\":\"SearchAction\",\"target\":{\"@type\":\"EntryPoint\",\"urlTemplate\":\"https:\/\/blog.phzh.ch\/schulfuehrung\/?s={search_term_string}\"},\"query-input\":{\"@type\":\"PropertyValueSpecification\",\"valueRequired\":true,\"valueName\":\"search_term_string\"}}],\"inLanguage\":\"de\"},{\"@type\":\"Person\",\"@id\":\"https:\/\/blog.phzh.ch\/schulfuehrung\/#\/schema\/person\/054349b95d3a6f07edb6b76b4f30280b\",\"name\":\"joerg.berger@phzh.ch\",\"image\":{\"@type\":\"ImageObject\",\"inLanguage\":\"de\",\"@id\":\"https:\/\/blog.phzh.ch\/schulfuehrung\/#\/schema\/person\/image\/\",\"url\":\"https:\/\/secure.gravatar.com\/avatar\/7feadf7133c63f799cd5819f21ccc220?s=96&d=mm&r=g\",\"contentUrl\":\"https:\/\/secure.gravatar.com\/avatar\/7feadf7133c63f799cd5819f21ccc220?s=96&d=mm&r=g\",\"caption\":\"joerg.berger@phzh.ch\"},\"url\":\"https:\/\/blog.phzh.ch\/schulfuehrung\/author\/joerg-bergerphzh-ch\/\"}]}<\/script>\n<!-- \/ Yoast SEO plugin. -->","yoast_head_json":{"title":"Spannungsfelder der F\u00fchrung: Autonomie und Kooperation im Team - Schulf\u00fchrung","robots":{"index":"index","follow":"follow","max-snippet":"max-snippet:-1","max-image-preview":"max-image-preview:large","max-video-preview":"max-video-preview:-1"},"canonical":"https:\/\/blog.phzh.ch\/schulfuehrung\/2020\/07\/02\/spannungsfelder-der-fuehrung-autonomie-und-kooperation-im-team\/","og_locale":"de_DE","og_type":"article","og_title":"Spannungsfelder der F\u00fchrung: Autonomie und Kooperation im Team - Schulf\u00fchrung","og_description":"Die individuelle Autonomie ist ein hohes Gut in Schulen. Zugleich z\u00e4hlen Kooperation und gemeinschaftliche Verantwortung f\u00fcr das Lernen der Sch\u00fclerinnen und Sch\u00fcler zu den Merkmalen \u00abguter Schulen\u00bb. Nina-Cathrin Strauss fragt sich, was dieses Spannungsfeld f\u00fcr F\u00fchrungspersonen und Schulteams bedeutet. Entscheidungen \u00fcber Entscheidungen Lehrpersonen treffen als p\u00e4dagogische Expertinnen und Experten t\u00e4glich Unmengen an Entscheidungen. Sie entscheiden &hellip; Spannungsfelder der F\u00fchrung: Autonomie und Kooperation im Team weiterlesen","og_url":"https:\/\/blog.phzh.ch\/schulfuehrung\/2020\/07\/02\/spannungsfelder-der-fuehrung-autonomie-und-kooperation-im-team\/","og_site_name":"Schulf\u00fchrung","article_published_time":"2020-07-02T02:00:00+00:00","og_image":[{"width":1280,"height":832,"url":"https:\/\/blog.phzh.ch\/schulfuehrung\/files\/2020\/07\/alone-1275523_1280.png","type":"image\/png"}],"author":"joerg.berger@phzh.ch","twitter_card":"summary_large_image","twitter_misc":{"Verfasst von":"joerg.berger@phzh.ch","Gesch\u00e4tzte Lesezeit":"4\u00a0Minuten"},"schema":{"@context":"https:\/\/schema.org","@graph":[{"@type":"Article","@id":"https:\/\/blog.phzh.ch\/schulfuehrung\/2020\/07\/02\/spannungsfelder-der-fuehrung-autonomie-und-kooperation-im-team\/#article","isPartOf":{"@id":"https:\/\/blog.phzh.ch\/schulfuehrung\/2020\/07\/02\/spannungsfelder-der-fuehrung-autonomie-und-kooperation-im-team\/"},"author":{"name":"joerg.berger@phzh.ch","@id":"https:\/\/blog.phzh.ch\/schulfuehrung\/#\/schema\/person\/054349b95d3a6f07edb6b76b4f30280b"},"headline":"Spannungsfelder der F\u00fchrung: Autonomie und Kooperation im Team","datePublished":"2020-07-02T02:00:00+00:00","mainEntityOfPage":{"@id":"https:\/\/blog.phzh.ch\/schulfuehrung\/2020\/07\/02\/spannungsfelder-der-fuehrung-autonomie-und-kooperation-im-team\/"},"wordCount":742,"commentCount":0,"image":{"@id":"https:\/\/blog.phzh.ch\/schulfuehrung\/2020\/07\/02\/spannungsfelder-der-fuehrung-autonomie-und-kooperation-im-team\/#primaryimage"},"thumbnailUrl":"https:\/\/blog.phzh.ch\/schulfuehrung\/files\/2020\/07\/alone-1275523_1280.png","keywords":["CAS P\u00e4dagogische Schulf\u00fchrung","Distributed Leadership","F\u00fchrung einer Schule","Niels Anderegg","Nina-Cathrin Strauss","Reto Kuster","Schulf\u00fchrung"],"articleSection":["Entdecken","Gesamte Beitr\u00e4ge"],"inLanguage":"de","potentialAction":[{"@type":"CommentAction","name":"Comment","target":["https:\/\/blog.phzh.ch\/schulfuehrung\/2020\/07\/02\/spannungsfelder-der-fuehrung-autonomie-und-kooperation-im-team\/#respond"]}]},{"@type":"WebPage","@id":"https:\/\/blog.phzh.ch\/schulfuehrung\/2020\/07\/02\/spannungsfelder-der-fuehrung-autonomie-und-kooperation-im-team\/","url":"https:\/\/blog.phzh.ch\/schulfuehrung\/2020\/07\/02\/spannungsfelder-der-fuehrung-autonomie-und-kooperation-im-team\/","name":"Spannungsfelder der F\u00fchrung: Autonomie und Kooperation im Team - Schulf\u00fchrung","isPartOf":{"@id":"https:\/\/blog.phzh.ch\/schulfuehrung\/#website"},"primaryImageOfPage":{"@id":"https:\/\/blog.phzh.ch\/schulfuehrung\/2020\/07\/02\/spannungsfelder-der-fuehrung-autonomie-und-kooperation-im-team\/#primaryimage"},"image":{"@id":"https:\/\/blog.phzh.ch\/schulfuehrung\/2020\/07\/02\/spannungsfelder-der-fuehrung-autonomie-und-kooperation-im-team\/#primaryimage"},"thumbnailUrl":"https:\/\/blog.phzh.ch\/schulfuehrung\/files\/2020\/07\/alone-1275523_1280.png","datePublished":"2020-07-02T02:00:00+00:00","author":{"@id":"https:\/\/blog.phzh.ch\/schulfuehrung\/#\/schema\/person\/054349b95d3a6f07edb6b76b4f30280b"},"breadcrumb":{"@id":"https:\/\/blog.phzh.ch\/schulfuehrung\/2020\/07\/02\/spannungsfelder-der-fuehrung-autonomie-und-kooperation-im-team\/#breadcrumb"},"inLanguage":"de","potentialAction":[{"@type":"ReadAction","target":["https:\/\/blog.phzh.ch\/schulfuehrung\/2020\/07\/02\/spannungsfelder-der-fuehrung-autonomie-und-kooperation-im-team\/"]}]},{"@type":"ImageObject","inLanguage":"de","@id":"https:\/\/blog.phzh.ch\/schulfuehrung\/2020\/07\/02\/spannungsfelder-der-fuehrung-autonomie-und-kooperation-im-team\/#primaryimage","url":"https:\/\/blog.phzh.ch\/schulfuehrung\/files\/2020\/07\/alone-1275523_1280.png","contentUrl":"https:\/\/blog.phzh.ch\/schulfuehrung\/files\/2020\/07\/alone-1275523_1280.png","width":1280,"height":832},{"@type":"BreadcrumbList","@id":"https:\/\/blog.phzh.ch\/schulfuehrung\/2020\/07\/02\/spannungsfelder-der-fuehrung-autonomie-und-kooperation-im-team\/#breadcrumb","itemListElement":[{"@type":"ListItem","position":1,"name":"Startseite","item":"https:\/\/blog.phzh.ch\/schulfuehrung\/"},{"@type":"ListItem","position":2,"name":"Spannungsfelder der F\u00fchrung: Autonomie und Kooperation im Team"}]},{"@type":"WebSite","@id":"https:\/\/blog.phzh.ch\/schulfuehrung\/#website","url":"https:\/\/blog.phzh.ch\/schulfuehrung\/","name":"Schulf\u00fchrung","description":"phzh.ch\/schulfuehrung","potentialAction":[{"@type":"SearchAction","target":{"@type":"EntryPoint","urlTemplate":"https:\/\/blog.phzh.ch\/schulfuehrung\/?s={search_term_string}"},"query-input":{"@type":"PropertyValueSpecification","valueRequired":true,"valueName":"search_term_string"}}],"inLanguage":"de"},{"@type":"Person","@id":"https:\/\/blog.phzh.ch\/schulfuehrung\/#\/schema\/person\/054349b95d3a6f07edb6b76b4f30280b","name":"joerg.berger@phzh.ch","image":{"@type":"ImageObject","inLanguage":"de","@id":"https:\/\/blog.phzh.ch\/schulfuehrung\/#\/schema\/person\/image\/","url":"https:\/\/secure.gravatar.com\/avatar\/7feadf7133c63f799cd5819f21ccc220?s=96&d=mm&r=g","contentUrl":"https:\/\/secure.gravatar.com\/avatar\/7feadf7133c63f799cd5819f21ccc220?s=96&d=mm&r=g","caption":"joerg.berger@phzh.ch"},"url":"https:\/\/blog.phzh.ch\/schulfuehrung\/author\/joerg-bergerphzh-ch\/"}]}},"_links":{"self":[{"href":"https:\/\/blog.phzh.ch\/schulfuehrung\/wp-json\/wp\/v2\/posts\/2485","targetHints":{"allow":["GET"]}}],"collection":[{"href":"https:\/\/blog.phzh.ch\/schulfuehrung\/wp-json\/wp\/v2\/posts"}],"about":[{"href":"https:\/\/blog.phzh.ch\/schulfuehrung\/wp-json\/wp\/v2\/types\/post"}],"author":[{"embeddable":true,"href":"https:\/\/blog.phzh.ch\/schulfuehrung\/wp-json\/wp\/v2\/users\/1416"}],"replies":[{"embeddable":true,"href":"https:\/\/blog.phzh.ch\/schulfuehrung\/wp-json\/wp\/v2\/comments?post=2485"}],"version-history":[{"count":1,"href":"https:\/\/blog.phzh.ch\/schulfuehrung\/wp-json\/wp\/v2\/posts\/2485\/revisions"}],"predecessor-version":[{"id":2487,"href":"https:\/\/blog.phzh.ch\/schulfuehrung\/wp-json\/wp\/v2\/posts\/2485\/revisions\/2487"}],"wp:featuredmedia":[{"embeddable":true,"href":"https:\/\/blog.phzh.ch\/schulfuehrung\/wp-json\/wp\/v2\/media\/2486"}],"wp:attachment":[{"href":"https:\/\/blog.phzh.ch\/schulfuehrung\/wp-json\/wp\/v2\/media?parent=2485"}],"wp:term":[{"taxonomy":"category","embeddable":true,"href":"https:\/\/blog.phzh.ch\/schulfuehrung\/wp-json\/wp\/v2\/categories?post=2485"},{"taxonomy":"post_tag","embeddable":true,"href":"https:\/\/blog.phzh.ch\/schulfuehrung\/wp-json\/wp\/v2\/tags?post=2485"}],"curies":[{"name":"wp","href":"https:\/\/api.w.org\/{rel}","templated":true}]}}