{"id":2311,"date":"2020-04-24T04:00:00","date_gmt":"2020-04-24T02:00:00","guid":{"rendered":"https:\/\/blog.phzh.ch\/schulfuehrung\/?p=2311"},"modified":"2020-04-24T00:11:48","modified_gmt":"2020-04-23T22:11:48","slug":"den-atem-anhalten-oder-einen-langen-atem-haben","status":"publish","type":"post","link":"https:\/\/blog.phzh.ch\/schulfuehrung\/2020\/04\/24\/den-atem-anhalten-oder-einen-langen-atem-haben\/","title":{"rendered":"Den Atem anhalten &#8211; oder einen langen Atem haben?"},"content":{"rendered":"\n<p><strong>Mit Respekt vor den Gewohnheiten der Menschen kann die aktuelle Krise optimal genutzt werden. Denn, wer wollte nicht auch schon mal als Schulleiter die hart gesottenen, analogen Lehrpersonen auf den digitalen Geschmack bringen? Jetzt sind praktisch alle dazu gezwungen. Doch was bleibt nach der Krise? Mit zwei einfachen Schritten kann eine digitale Nachhaltigkeit langfristig verankert werden. David Sigos, Schulleiter an der Primarschule Regensdorf, ist \u00fcberzeugt, dass mit viel Verst\u00e4ndnis und einer gemeinsamen Strategie der grosse digitale Schritt gelingt.<\/strong><\/p>\n\n\n\n<p>Vieles l\u00e4sst sich aushalten, wenn die Aussichten gut sind. In diesem Fall: Der Normalbetrieb kann in absehbarer Zeit wieder aufgenommen werden. Endlich wieder unterrichten, wie ich es mir gewohnt bin! Doch was ist mit den positiven Erfahrungen der digitalen Lehr- und Lernformen? Warum wollen wir so stark zur\u00fcck zum Gewohnten? Der Grund ist: Was wir nicht wollen, akzeptieren wir nicht. Wir wollen an unseren Gewohnheiten festhalten.&nbsp;<\/p>\n\n\n\n<p><strong>Gewohnheiten sind der h\u00e4rteste Klebstoff der Welt<\/strong><\/p>\n\n\n<p><!--more--><\/p>\n\n\n<p>Niemand nimmt freiwillig die Kr\u00fccken hervor und beginnt auf einem Bein zu h\u00fcpfen. Wer schon mal mit Kr\u00fccken laufen musste, der weiss, dass mit der richtigen Technik eine h\u00f6here Gehgeschwindigkeit erzielt werden kann. Trotzdem bleiben die Kr\u00fccken ungenutzt im Keller. Neugierige Menschen entdecken eine M\u00f6glichkeit, sich mit neuen Situationen besser zurechtzufinden. Der grosse Unterschied ist, sie wollen es, sie haben eine andere Motivation oder einen anderen Grund daf\u00fcr.&nbsp;<\/p>\n\n\n\n<p>Warum wollen wir an unseren Gewohnheiten festhalten? Auf diese Frage gibt es eine sehr vereinfachte psychologische Erkl\u00e4rung: Anpassungen unserer Gewohnheiten kostet Energie, doch wir sind programmiert, Energie zu sparen. Darum ist es nat\u00fcrlich, sich nicht dauernd ausserhalb der Komfortzone bewegen zu wollen. Und das ist auch gut so.<\/p>\n\n\n\n<p>Sehr pl\u00f6tzlich und ohne zu fragen, zwang die Covid-19-Situation alle Lehrpersonen in eine neue nie da gewesene Situation. Wer es gewohnt war, auch mal auf einem Bein zu stehen, wer sich also auch mal mit digitalen Methoden des Lernens auseinandergesetzt hatte, f\u00fcr den war es keine extreme Umstellung wie f\u00fcr andere. Lehrpersonen, die sich wenig mit dem digitalen Lernen auseinandergesetzt hatten, fanden sich in einer \u00e4usserst ungewohnten und h\u00f6chstwahrscheinlich in einer ungewollten Situation.<\/p>\n\n\n\n<p>Die gute Nachricht ist: Eine neue Gewohnheit ist durchschnittlich&nbsp;nach 66 Tagen in Ihrem Verhalten implementiert. Dann f\u00fchlt es ich normal an, wenn Sie die \u00c4nderung auch wollten. Wie schwierig es ist, eine Gewohnheit zu \u00e4ndern oder hinzuzuf\u00fcgen ist leicht testbar. Versuchen Sie, in Ihrer Morgenroutine etwas zu \u00e4ndern. Machen Sie zum Beispiel vor dem Kaffeetrinken f\u00fcnf Liegest\u00fctze. Das ist kein grosser Aufwand, geht sehr schnell und w\u00e4re trotzdem effektiv. Wenn Sie es durchziehen, sollten Sie nach zwei Monaten eine gewisse Normalit\u00e4t versp\u00fcren.<\/p>\n\n\n\n<p>Was bedeutet dies f\u00fcr das digitale Lernen Post-Covid-19? Ohne zus\u00e4tzliche Bem\u00fchungen werden viele Lehrpersonen die Kr\u00fccken sofort wegstellen und endlich wieder wie gehabt auf zwei Beinen unterrichten. Ohne zus\u00e4tzliche Massnahmen bleibt vielleicht das Gef\u00fchl, dass Teile des digitalen Lernens doch nicht so schlimm sind. Aber ein echter Wandel in einem ganzen Lehrerteam braucht Begleitmassnahmen nach der ausserordentlichen Situation. Um den Wandel einzuleiten, ist das Verst\u00e4ndnis von uns Schulleiterinnen und Schulleitern f\u00fcr die Euphorie der ungeduldigen Digital-Turbos sowie auch f\u00fcr analoge Frontalunterrichter eine wichtige Voraussetzung.&nbsp;<\/p>\n\n\n\n<p><strong>So kann die Krise als Chance genutzt werden<\/strong><\/p>\n\n\n\n<p>Verst\u00e4ndnis und Respekt sind die ersten Schritte f\u00fcr den Wandel. Erkenntnisse im Team sammeln, f\u00f6rdert die Einsicht, dass digitales Lernen nichts ersetzen wird, sondern eine zus\u00e4tzliche Bereicherung darstellt. Es macht den Kindern, richtig aufbereitet, Spass mit digitalen Mitteln zu lernen. Diese Anreicherung des gesamten Lernens gilt es zu nutzen.<\/p>\n\n\n\n<p>Der zweite Schritt ist eine Strategie, wie die gewonnenen Erkenntnisse in den Lernalltag integriert werden sollen. Diese Idee der Strategie soll dem Team nicht nur erkl\u00e4rt werden, sie sollen einbezogen sein. Auch dieser Schritt ist mit Aufwand verbunden, doch es lohnt sich. Und wenn dann das Team die eigenen Abmachungen schriftlich festh\u00e4lt und einfordern will, ja dann wurde die Krise optimal als Chance genutzt.\u00a0<\/p>\n\n\n\n<p>Wie sieht Ihre Strategie daf\u00fcr aus?<\/p>\n\n\n\n<h2 class=\"wp-block-heading\">Zum Autor<\/h2>\n\n\n\n<div class=\"wp-block-image\"><figure class=\"alignleft size-large is-resized\"><img decoding=\"async\" src=\"http:\/\/blog.phzh.ch\/schulfuehrung\/files\/2020\/04\/lit_Portrait_David-Sigos_20200420_MLR-762x1024.jpg\" alt=\"David Sigos Schulleiter Primarschule Regensdorf\" class=\"wp-image-2312\" width=\"126\" srcset=\"https:\/\/blog.phzh.ch\/schulfuehrung\/files\/2020\/04\/lit_Portrait_David-Sigos_20200420_MLR-762x1024.jpg 762w, https:\/\/blog.phzh.ch\/schulfuehrung\/files\/2020\/04\/lit_Portrait_David-Sigos_20200420_MLR-223x300.jpg 223w, https:\/\/blog.phzh.ch\/schulfuehrung\/files\/2020\/04\/lit_Portrait_David-Sigos_20200420_MLR-768x1032.jpg 768w, https:\/\/blog.phzh.ch\/schulfuehrung\/files\/2020\/04\/lit_Portrait_David-Sigos_20200420_MLR.jpg 1000w\" sizes=\"(max-width: 762px) 100vw, 762px\" \/><\/figure><\/div>\n\n\n\n<p>David Sigos ist Schulleiter an der Primarschule Regensdorf und seit 2011 als Schulleiter t\u00e4tig. Bew\u00e4hrtes hinterfragt er gerne und ist offen f\u00fcr kreative und innovative Ideen. Die digitale Arbeitsweise ist ihm vertraut, trotzdem ist ihm sehr bewusst, dass Menschen auch in Zukunft immer von Menschen lernen wollen.&nbsp;<\/p>\n\n\n\n<p>Redaktion: Melina Maerten<\/p>\n\n\n\n<p>Titelbild: zVg<\/p>\n","protected":false},"excerpt":{"rendered":"<p>Mit Respekt vor den Gewohnheiten der Menschen kann die aktuelle Krise optimal genutzt werden. Denn, wer wollte nicht auch schon mal als Schulleiter die hart gesottenen, analogen Lehrpersonen auf den digitalen Geschmack bringen? Jetzt sind praktisch alle dazu gezwungen. Doch was bleibt nach der Krise? Mit zwei einfachen Schritten kann eine digitale Nachhaltigkeit langfristig verankert &hellip; <a href=\"https:\/\/blog.phzh.ch\/schulfuehrung\/2020\/04\/24\/den-atem-anhalten-oder-einen-langen-atem-haben\/\" class=\"more-link\"><span class=\"screen-reader-text\">Den Atem anhalten &#8211; oder einen langen Atem haben?<\/span> weiterlesen<\/a><\/p>\n","protected":false},"author":1392,"featured_media":2316,"comment_status":"open","ping_status":"open","sticky":false,"template":"","format":"standard","meta":{"sfsi_plus_gutenberg_text_before_share":"","sfsi_plus_gutenberg_show_text_before_share":"","sfsi_plus_gutenberg_icon_type":"","sfsi_plus_gutenberg_icon_alignemt":"","sfsi_plus_gutenburg_max_per_row":"","footnotes":""},"categories":[106793,107309],"tags":[107515,107531,107316,64341,103423],"class_list":["post-2311","post","type-post","status-publish","format-standard","has-post-thumbnail","hentry","category-aus-dem-tagebuch","category-alle-beitraege","tag-coronavirus","tag-david-sigos","tag-digitaler-wandel","tag-digitalisierung","tag-veraenderung"],"yoast_head":"<!-- This site is optimized with the Yoast SEO plugin v26.8 - https:\/\/yoast.com\/product\/yoast-seo-wordpress\/ -->\n<title>Den Atem anhalten - oder einen langen Atem haben? - Schulf\u00fchrung<\/title>\n<meta name=\"robots\" content=\"index, follow, max-snippet:-1, max-image-preview:large, max-video-preview:-1\" \/>\n<link rel=\"canonical\" href=\"https:\/\/blog.phzh.ch\/schulfuehrung\/2020\/04\/24\/den-atem-anhalten-oder-einen-langen-atem-haben\/\" \/>\n<meta property=\"og:locale\" content=\"de_DE\" \/>\n<meta property=\"og:type\" content=\"article\" \/>\n<meta property=\"og:title\" content=\"Den Atem anhalten - oder einen langen Atem haben? - Schulf\u00fchrung\" \/>\n<meta property=\"og:description\" content=\"Mit Respekt vor den Gewohnheiten der Menschen kann die aktuelle Krise optimal genutzt werden. Denn, wer wollte nicht auch schon mal als Schulleiter die hart gesottenen, analogen Lehrpersonen auf den digitalen Geschmack bringen? Jetzt sind praktisch alle dazu gezwungen. Doch was bleibt nach der Krise? Mit zwei einfachen Schritten kann eine digitale Nachhaltigkeit langfristig verankert &hellip; Den Atem anhalten &#8211; oder einen langen Atem haben? weiterlesen\" \/>\n<meta property=\"og:url\" content=\"https:\/\/blog.phzh.ch\/schulfuehrung\/2020\/04\/24\/den-atem-anhalten-oder-einen-langen-atem-haben\/\" \/>\n<meta property=\"og:site_name\" content=\"Schulf\u00fchrung\" \/>\n<meta property=\"article:published_time\" content=\"2020-04-24T02:00:00+00:00\" \/>\n<meta property=\"og:image\" content=\"https:\/\/blog.phzh.ch\/schulfuehrung\/files\/2020\/04\/lit_Titelbild_Den-Atem-anhalten_Sigos_20200420_MLR-scaled.jpg\" \/>\n\t<meta property=\"og:image:width\" content=\"2560\" \/>\n\t<meta property=\"og:image:height\" content=\"1920\" \/>\n\t<meta property=\"og:image:type\" content=\"image\/jpeg\" \/>\n<meta name=\"author\" content=\"melinamaerten\" \/>\n<meta name=\"twitter:card\" content=\"summary_large_image\" \/>\n<meta name=\"twitter:label1\" content=\"Verfasst von\" \/>\n\t<meta name=\"twitter:data1\" content=\"melinamaerten\" \/>\n\t<meta name=\"twitter:label2\" content=\"Gesch\u00e4tzte Lesezeit\" \/>\n\t<meta name=\"twitter:data2\" content=\"4\u00a0Minuten\" \/>\n<script type=\"application\/ld+json\" class=\"yoast-schema-graph\">{\"@context\":\"https:\/\/schema.org\",\"@graph\":[{\"@type\":\"Article\",\"@id\":\"https:\/\/blog.phzh.ch\/schulfuehrung\/2020\/04\/24\/den-atem-anhalten-oder-einen-langen-atem-haben\/#article\",\"isPartOf\":{\"@id\":\"https:\/\/blog.phzh.ch\/schulfuehrung\/2020\/04\/24\/den-atem-anhalten-oder-einen-langen-atem-haben\/\"},\"author\":{\"name\":\"melinamaerten\",\"@id\":\"https:\/\/blog.phzh.ch\/schulfuehrung\/#\/schema\/person\/13544ff30d01e0e5f98444f0696dcefb\"},\"headline\":\"Den Atem anhalten &#8211; oder einen langen Atem haben?\",\"datePublished\":\"2020-04-24T02:00:00+00:00\",\"mainEntityOfPage\":{\"@id\":\"https:\/\/blog.phzh.ch\/schulfuehrung\/2020\/04\/24\/den-atem-anhalten-oder-einen-langen-atem-haben\/\"},\"wordCount\":744,\"commentCount\":2,\"image\":{\"@id\":\"https:\/\/blog.phzh.ch\/schulfuehrung\/2020\/04\/24\/den-atem-anhalten-oder-einen-langen-atem-haben\/#primaryimage\"},\"thumbnailUrl\":\"https:\/\/blog.phzh.ch\/schulfuehrung\/files\/2020\/04\/lit_Titelbild_Den-Atem-anhalten_Sigos_20200420_MLR-scaled.jpg\",\"keywords\":[\"Coronavirus\",\"David Sigos\",\"digitaler Wandel\",\"Digitalisierung\",\"Ver\u00e4nderung\"],\"articleSection\":[\"Aus dem Tagebuch\",\"Gesamte Beitr\u00e4ge\"],\"inLanguage\":\"de\",\"potentialAction\":[{\"@type\":\"CommentAction\",\"name\":\"Comment\",\"target\":[\"https:\/\/blog.phzh.ch\/schulfuehrung\/2020\/04\/24\/den-atem-anhalten-oder-einen-langen-atem-haben\/#respond\"]}]},{\"@type\":\"WebPage\",\"@id\":\"https:\/\/blog.phzh.ch\/schulfuehrung\/2020\/04\/24\/den-atem-anhalten-oder-einen-langen-atem-haben\/\",\"url\":\"https:\/\/blog.phzh.ch\/schulfuehrung\/2020\/04\/24\/den-atem-anhalten-oder-einen-langen-atem-haben\/\",\"name\":\"Den Atem anhalten - oder einen langen Atem haben? - Schulf\u00fchrung\",\"isPartOf\":{\"@id\":\"https:\/\/blog.phzh.ch\/schulfuehrung\/#website\"},\"primaryImageOfPage\":{\"@id\":\"https:\/\/blog.phzh.ch\/schulfuehrung\/2020\/04\/24\/den-atem-anhalten-oder-einen-langen-atem-haben\/#primaryimage\"},\"image\":{\"@id\":\"https:\/\/blog.phzh.ch\/schulfuehrung\/2020\/04\/24\/den-atem-anhalten-oder-einen-langen-atem-haben\/#primaryimage\"},\"thumbnailUrl\":\"https:\/\/blog.phzh.ch\/schulfuehrung\/files\/2020\/04\/lit_Titelbild_Den-Atem-anhalten_Sigos_20200420_MLR-scaled.jpg\",\"datePublished\":\"2020-04-24T02:00:00+00:00\",\"author\":{\"@id\":\"https:\/\/blog.phzh.ch\/schulfuehrung\/#\/schema\/person\/13544ff30d01e0e5f98444f0696dcefb\"},\"breadcrumb\":{\"@id\":\"https:\/\/blog.phzh.ch\/schulfuehrung\/2020\/04\/24\/den-atem-anhalten-oder-einen-langen-atem-haben\/#breadcrumb\"},\"inLanguage\":\"de\",\"potentialAction\":[{\"@type\":\"ReadAction\",\"target\":[\"https:\/\/blog.phzh.ch\/schulfuehrung\/2020\/04\/24\/den-atem-anhalten-oder-einen-langen-atem-haben\/\"]}]},{\"@type\":\"ImageObject\",\"inLanguage\":\"de\",\"@id\":\"https:\/\/blog.phzh.ch\/schulfuehrung\/2020\/04\/24\/den-atem-anhalten-oder-einen-langen-atem-haben\/#primaryimage\",\"url\":\"https:\/\/blog.phzh.ch\/schulfuehrung\/files\/2020\/04\/lit_Titelbild_Den-Atem-anhalten_Sigos_20200420_MLR-scaled.jpg\",\"contentUrl\":\"https:\/\/blog.phzh.ch\/schulfuehrung\/files\/2020\/04\/lit_Titelbild_Den-Atem-anhalten_Sigos_20200420_MLR-scaled.jpg\",\"width\":2560,\"height\":1920},{\"@type\":\"BreadcrumbList\",\"@id\":\"https:\/\/blog.phzh.ch\/schulfuehrung\/2020\/04\/24\/den-atem-anhalten-oder-einen-langen-atem-haben\/#breadcrumb\",\"itemListElement\":[{\"@type\":\"ListItem\",\"position\":1,\"name\":\"Startseite\",\"item\":\"https:\/\/blog.phzh.ch\/schulfuehrung\/\"},{\"@type\":\"ListItem\",\"position\":2,\"name\":\"Den Atem anhalten &#8211; oder einen langen Atem haben?\"}]},{\"@type\":\"WebSite\",\"@id\":\"https:\/\/blog.phzh.ch\/schulfuehrung\/#website\",\"url\":\"https:\/\/blog.phzh.ch\/schulfuehrung\/\",\"name\":\"Schulf\u00fchrung\",\"description\":\"phzh.ch\/schulfuehrung\",\"potentialAction\":[{\"@type\":\"SearchAction\",\"target\":{\"@type\":\"EntryPoint\",\"urlTemplate\":\"https:\/\/blog.phzh.ch\/schulfuehrung\/?s={search_term_string}\"},\"query-input\":{\"@type\":\"PropertyValueSpecification\",\"valueRequired\":true,\"valueName\":\"search_term_string\"}}],\"inLanguage\":\"de\"},{\"@type\":\"Person\",\"@id\":\"https:\/\/blog.phzh.ch\/schulfuehrung\/#\/schema\/person\/13544ff30d01e0e5f98444f0696dcefb\",\"name\":\"melinamaerten\",\"image\":{\"@type\":\"ImageObject\",\"inLanguage\":\"de\",\"@id\":\"https:\/\/blog.phzh.ch\/schulfuehrung\/#\/schema\/person\/image\/\",\"url\":\"https:\/\/secure.gravatar.com\/avatar\/581b196899ac4a61b7e20a29f4dd52fe?s=96&d=mm&r=g\",\"contentUrl\":\"https:\/\/secure.gravatar.com\/avatar\/581b196899ac4a61b7e20a29f4dd52fe?s=96&d=mm&r=g\",\"caption\":\"melinamaerten\"},\"url\":\"https:\/\/blog.phzh.ch\/schulfuehrung\/author\/melinamaerten\/\"}]}<\/script>\n<!-- \/ Yoast SEO plugin. -->","yoast_head_json":{"title":"Den Atem anhalten - oder einen langen Atem haben? - Schulf\u00fchrung","robots":{"index":"index","follow":"follow","max-snippet":"max-snippet:-1","max-image-preview":"max-image-preview:large","max-video-preview":"max-video-preview:-1"},"canonical":"https:\/\/blog.phzh.ch\/schulfuehrung\/2020\/04\/24\/den-atem-anhalten-oder-einen-langen-atem-haben\/","og_locale":"de_DE","og_type":"article","og_title":"Den Atem anhalten - oder einen langen Atem haben? - Schulf\u00fchrung","og_description":"Mit Respekt vor den Gewohnheiten der Menschen kann die aktuelle Krise optimal genutzt werden. Denn, wer wollte nicht auch schon mal als Schulleiter die hart gesottenen, analogen Lehrpersonen auf den digitalen Geschmack bringen? Jetzt sind praktisch alle dazu gezwungen. Doch was bleibt nach der Krise? Mit zwei einfachen Schritten kann eine digitale Nachhaltigkeit langfristig verankert &hellip; Den Atem anhalten &#8211; oder einen langen Atem haben? weiterlesen","og_url":"https:\/\/blog.phzh.ch\/schulfuehrung\/2020\/04\/24\/den-atem-anhalten-oder-einen-langen-atem-haben\/","og_site_name":"Schulf\u00fchrung","article_published_time":"2020-04-24T02:00:00+00:00","og_image":[{"width":2560,"height":1920,"url":"https:\/\/blog.phzh.ch\/schulfuehrung\/files\/2020\/04\/lit_Titelbild_Den-Atem-anhalten_Sigos_20200420_MLR-scaled.jpg","type":"image\/jpeg"}],"author":"melinamaerten","twitter_card":"summary_large_image","twitter_misc":{"Verfasst von":"melinamaerten","Gesch\u00e4tzte Lesezeit":"4\u00a0Minuten"},"schema":{"@context":"https:\/\/schema.org","@graph":[{"@type":"Article","@id":"https:\/\/blog.phzh.ch\/schulfuehrung\/2020\/04\/24\/den-atem-anhalten-oder-einen-langen-atem-haben\/#article","isPartOf":{"@id":"https:\/\/blog.phzh.ch\/schulfuehrung\/2020\/04\/24\/den-atem-anhalten-oder-einen-langen-atem-haben\/"},"author":{"name":"melinamaerten","@id":"https:\/\/blog.phzh.ch\/schulfuehrung\/#\/schema\/person\/13544ff30d01e0e5f98444f0696dcefb"},"headline":"Den Atem anhalten &#8211; oder einen langen Atem haben?","datePublished":"2020-04-24T02:00:00+00:00","mainEntityOfPage":{"@id":"https:\/\/blog.phzh.ch\/schulfuehrung\/2020\/04\/24\/den-atem-anhalten-oder-einen-langen-atem-haben\/"},"wordCount":744,"commentCount":2,"image":{"@id":"https:\/\/blog.phzh.ch\/schulfuehrung\/2020\/04\/24\/den-atem-anhalten-oder-einen-langen-atem-haben\/#primaryimage"},"thumbnailUrl":"https:\/\/blog.phzh.ch\/schulfuehrung\/files\/2020\/04\/lit_Titelbild_Den-Atem-anhalten_Sigos_20200420_MLR-scaled.jpg","keywords":["Coronavirus","David Sigos","digitaler Wandel","Digitalisierung","Ver\u00e4nderung"],"articleSection":["Aus dem Tagebuch","Gesamte Beitr\u00e4ge"],"inLanguage":"de","potentialAction":[{"@type":"CommentAction","name":"Comment","target":["https:\/\/blog.phzh.ch\/schulfuehrung\/2020\/04\/24\/den-atem-anhalten-oder-einen-langen-atem-haben\/#respond"]}]},{"@type":"WebPage","@id":"https:\/\/blog.phzh.ch\/schulfuehrung\/2020\/04\/24\/den-atem-anhalten-oder-einen-langen-atem-haben\/","url":"https:\/\/blog.phzh.ch\/schulfuehrung\/2020\/04\/24\/den-atem-anhalten-oder-einen-langen-atem-haben\/","name":"Den Atem anhalten - oder einen langen Atem haben? - Schulf\u00fchrung","isPartOf":{"@id":"https:\/\/blog.phzh.ch\/schulfuehrung\/#website"},"primaryImageOfPage":{"@id":"https:\/\/blog.phzh.ch\/schulfuehrung\/2020\/04\/24\/den-atem-anhalten-oder-einen-langen-atem-haben\/#primaryimage"},"image":{"@id":"https:\/\/blog.phzh.ch\/schulfuehrung\/2020\/04\/24\/den-atem-anhalten-oder-einen-langen-atem-haben\/#primaryimage"},"thumbnailUrl":"https:\/\/blog.phzh.ch\/schulfuehrung\/files\/2020\/04\/lit_Titelbild_Den-Atem-anhalten_Sigos_20200420_MLR-scaled.jpg","datePublished":"2020-04-24T02:00:00+00:00","author":{"@id":"https:\/\/blog.phzh.ch\/schulfuehrung\/#\/schema\/person\/13544ff30d01e0e5f98444f0696dcefb"},"breadcrumb":{"@id":"https:\/\/blog.phzh.ch\/schulfuehrung\/2020\/04\/24\/den-atem-anhalten-oder-einen-langen-atem-haben\/#breadcrumb"},"inLanguage":"de","potentialAction":[{"@type":"ReadAction","target":["https:\/\/blog.phzh.ch\/schulfuehrung\/2020\/04\/24\/den-atem-anhalten-oder-einen-langen-atem-haben\/"]}]},{"@type":"ImageObject","inLanguage":"de","@id":"https:\/\/blog.phzh.ch\/schulfuehrung\/2020\/04\/24\/den-atem-anhalten-oder-einen-langen-atem-haben\/#primaryimage","url":"https:\/\/blog.phzh.ch\/schulfuehrung\/files\/2020\/04\/lit_Titelbild_Den-Atem-anhalten_Sigos_20200420_MLR-scaled.jpg","contentUrl":"https:\/\/blog.phzh.ch\/schulfuehrung\/files\/2020\/04\/lit_Titelbild_Den-Atem-anhalten_Sigos_20200420_MLR-scaled.jpg","width":2560,"height":1920},{"@type":"BreadcrumbList","@id":"https:\/\/blog.phzh.ch\/schulfuehrung\/2020\/04\/24\/den-atem-anhalten-oder-einen-langen-atem-haben\/#breadcrumb","itemListElement":[{"@type":"ListItem","position":1,"name":"Startseite","item":"https:\/\/blog.phzh.ch\/schulfuehrung\/"},{"@type":"ListItem","position":2,"name":"Den Atem anhalten &#8211; oder einen langen Atem haben?"}]},{"@type":"WebSite","@id":"https:\/\/blog.phzh.ch\/schulfuehrung\/#website","url":"https:\/\/blog.phzh.ch\/schulfuehrung\/","name":"Schulf\u00fchrung","description":"phzh.ch\/schulfuehrung","potentialAction":[{"@type":"SearchAction","target":{"@type":"EntryPoint","urlTemplate":"https:\/\/blog.phzh.ch\/schulfuehrung\/?s={search_term_string}"},"query-input":{"@type":"PropertyValueSpecification","valueRequired":true,"valueName":"search_term_string"}}],"inLanguage":"de"},{"@type":"Person","@id":"https:\/\/blog.phzh.ch\/schulfuehrung\/#\/schema\/person\/13544ff30d01e0e5f98444f0696dcefb","name":"melinamaerten","image":{"@type":"ImageObject","inLanguage":"de","@id":"https:\/\/blog.phzh.ch\/schulfuehrung\/#\/schema\/person\/image\/","url":"https:\/\/secure.gravatar.com\/avatar\/581b196899ac4a61b7e20a29f4dd52fe?s=96&d=mm&r=g","contentUrl":"https:\/\/secure.gravatar.com\/avatar\/581b196899ac4a61b7e20a29f4dd52fe?s=96&d=mm&r=g","caption":"melinamaerten"},"url":"https:\/\/blog.phzh.ch\/schulfuehrung\/author\/melinamaerten\/"}]}},"_links":{"self":[{"href":"https:\/\/blog.phzh.ch\/schulfuehrung\/wp-json\/wp\/v2\/posts\/2311","targetHints":{"allow":["GET"]}}],"collection":[{"href":"https:\/\/blog.phzh.ch\/schulfuehrung\/wp-json\/wp\/v2\/posts"}],"about":[{"href":"https:\/\/blog.phzh.ch\/schulfuehrung\/wp-json\/wp\/v2\/types\/post"}],"author":[{"embeddable":true,"href":"https:\/\/blog.phzh.ch\/schulfuehrung\/wp-json\/wp\/v2\/users\/1392"}],"replies":[{"embeddable":true,"href":"https:\/\/blog.phzh.ch\/schulfuehrung\/wp-json\/wp\/v2\/comments?post=2311"}],"version-history":[{"count":7,"href":"https:\/\/blog.phzh.ch\/schulfuehrung\/wp-json\/wp\/v2\/posts\/2311\/revisions"}],"predecessor-version":[{"id":2326,"href":"https:\/\/blog.phzh.ch\/schulfuehrung\/wp-json\/wp\/v2\/posts\/2311\/revisions\/2326"}],"wp:featuredmedia":[{"embeddable":true,"href":"https:\/\/blog.phzh.ch\/schulfuehrung\/wp-json\/wp\/v2\/media\/2316"}],"wp:attachment":[{"href":"https:\/\/blog.phzh.ch\/schulfuehrung\/wp-json\/wp\/v2\/media?parent=2311"}],"wp:term":[{"taxonomy":"category","embeddable":true,"href":"https:\/\/blog.phzh.ch\/schulfuehrung\/wp-json\/wp\/v2\/categories?post=2311"},{"taxonomy":"post_tag","embeddable":true,"href":"https:\/\/blog.phzh.ch\/schulfuehrung\/wp-json\/wp\/v2\/tags?post=2311"}],"curies":[{"name":"wp","href":"https:\/\/api.w.org\/{rel}","templated":true}]}}