{"id":2244,"date":"2020-03-24T04:00:00","date_gmt":"2020-03-24T03:00:00","guid":{"rendered":"https:\/\/blog.phzh.ch\/schulfuehrung\/?p=2244"},"modified":"2021-05-06T14:30:30","modified_gmt":"2021-05-06T12:30:30","slug":"schulqualitaet-den-qualitaetsscheinwerfer-lenken","status":"publish","type":"post","link":"https:\/\/blog.phzh.ch\/schulfuehrung\/2020\/03\/24\/schulqualitaet-den-qualitaetsscheinwerfer-lenken\/","title":{"rendered":"Schulqualit\u00e4t \u2013 den Qualit\u00e4tsscheinwerfer lenken"},"content":{"rendered":"\n<p><strong>Im ersten Blogbeitrag \u00abSchulqualit\u00e4t \u2013 Alles ist relativ?!\u00bb haben sich Hansj\u00fcrg Brauchli und<\/strong> <strong>Nina-Cathrin Strauss<\/strong> <strong> dem Begriff angen\u00e4hert und gezeigt, dass vieles zum Thema Qualit\u00e4t nicht so klar ist, wie man meinen k\u00f6nnte. Qualit\u00e4t \u2013 und auch Schulqualit\u00e4t \u2013 ist abh\u00e4ngig von der Perspektive derjenigen, die sich damit besch\u00e4ftigen. So k\u00f6nnen Merkmale und Kriterien diskutiert und ausgehandelt werden.<\/strong><\/p>\n\n\n\n<p>Im Kern geht es darum, in Schulen gemeinsam zu definieren, welche Bereiche oder Kriterien von Qualit\u00e4t in den Fokus genommen werden sollen. So kann ein gemeinschaftliches Verst\u00e4ndnis von Schulqualit\u00e4t entwickelt werden \u2013 und ein erster, wichtiger Schritt im Bem\u00fchen um ihre Sicherung und Entwicklung ist gemacht.<\/p>\n\n\n\n<p>Durch ein gemeinsames Verst\u00e4ndnis aller Beteiligten \u2013 idealerweise \u00fcber m\u00f6glichst viele Systemebenen hinweg von den Lehrpersonen \u00fcber die Schulleitung bis zur vorgesetzten Beh\u00f6rde \u2013 geschieht im Alltag eine Fokussierung auf die vereinbarten Aspekte von Schulqualit\u00e4t. Im Sinne von Peter Senge (1990) werden damit die mentalen Modelle einer Schule als lernender Organisation sichtbar und dienen als Grundlage f\u00fcr die weitere Entwicklung.<\/p>\n\n\n\n<p><strong>Realit\u00e4tscheck:\nDas Bauchgef\u00fchl mit Daten erg\u00e4nzen<\/strong><\/p>\n\n\n<p><!--more--><\/p>\n\n\n<p>In einem zweiten Schritt geht es nun darum,\ndiese mentalen Modelle zu hinterfragen und einem \u00abRealit\u00e4tscheck\u00bb zu\nunterziehen. Stimmen unsere Annahmen \u00fcber die fokussierten Bereiche? In welcher\nAuspr\u00e4gung tauchen bestimmte, erwartete Ph\u00e4nomene tats\u00e4chlich auf? Was wissen\nwir wirklich dar\u00fcber und wo gehen wir von Annahmen aus, die der Realit\u00e4t vielleicht\ngar nicht entsprechen? Um Antworten auf diese Fragen zu erhalten, hilft uns\nnicht nur unser Bauchgef\u00fchl.<\/p>\n\n\n\n<p>Im Schulsystem und im schulischen Alltag stehen uns diverse Daten \u2013 im Sinne von systematischen Werten und Informationen \u2013 in unterschiedlicher Form zur Verf\u00fcgung oder k\u00f6nnen gezielt erhoben werden. Dabei k\u00f6nnen Daten nicht nur die Qualit\u00e4tsentwicklung unterst\u00fctzen, sondern liefern auch wichtige Hinweise, um im F\u00fchrungshandeln intuitive Entscheidungen zu untermauern, wie Heike Beuschlein in ihrem Blogbeitrag <a href=\"https:\/\/blog.phzh.ch\/schulfuehrung\/2020\/03\/10\/im-pyjama-und-ungeschminkt\/\" target=\"_blank\" rel=\"noreferrer noopener\" aria-label=\"\u00abIm Pyjama und ungeschminkt\u00bb (\u00f6ffnet in neuem Tab)\">\u00abIm Pyjama und ungeschminkt\u00bb<\/a> schreibt.<\/p>\n\n\n\n<p>In der Sozialforschung wird zwischen\nquantitativen und qualitativen Daten unterschieden. Bei quantitativen Daten wird\nrasch an statistisch aufgearbeitete Ergebnisse von Fragebogenerhebungen gedacht.\nIm Bildungssystem haben solche Erhebungen in den letzten Jahren \u2013 nicht zuletzt\nauch ausgel\u00f6st durch die vielen digitalen Befragungsplattformen \u2013 inflation\u00e4r\nzugenommen und l\u00f6sen mittlerweile da und dort eine abwehrende Reaktion aus.\nNein, nicht noch ein Fragebogen! Viele quantitative Daten sind aber in Schulen\nbereits vorhanden und m\u00fcssen nicht separat noch einmal erhoben werden \u2013 von\nKennzahlen zu den Sch\u00fclerinnen und Sch\u00fclern bis hin zu Pr\u00fcfungs- und Zeugnisnoten.<\/p>\n\n\n\n<p><strong>Mit\nqualitativen Daten zu unterschiedlichen Perspektiven <\/strong><\/p>\n\n\n\n<p>Sehr spannend und ergiebig f\u00fcr Schulen k\u00f6nnen aber auch qualitative Daten sein. Dazu geh\u00f6rt s\u00e4mtliches \u00abverbales, anschauliches (grafisches, audiovisuelles) Datenmaterial\u00bb (Bortz u. D\u00f6ring 2006), das in der qualitativen Forschung dazu dient, soziale und psychologische Ph\u00e4nomene, Muster und Interaktionen, Motivationen und subjektive Theorien zu untersuchen.<\/p>\n\n\n\n<p>Was etwas sehr forschungstechnisch t\u00f6nt, trifft sich aber eins zu eins mit den Anliegen der Qualit\u00e4tsentwicklung im Schulfeld. Pr\u00fcfungs- und Zeugnisnoten sind ein Hinweis beziehungsweise eine Quelle f\u00fcr die Frage, wie die Sch\u00fclerinnen und Sch\u00fcler lernen. Was sie motiviert oder demotiviert, wie Lehrpersonen und Lernende interagieren oder wie Lernende miteinander umgehen, sind wichtige Informationen \u00fcber die Prozesse des Lehrens und Lernens und zentral f\u00fcr die Schul- und Unterrichtsqualit\u00e4t.<\/p>\n\n\n\n<p>Daf\u00fcr braucht es Beobachtungen von Lehrpersonen\nund anderen p\u00e4dagogischen Fachpersonen ebenso wie von Sch\u00fclerinnen und Sch\u00fclern.\nWomit auch ein Bogen zu den Erkenntnissen John Hatties (2015) geschlagen ist,\nder fordert, dass Lehrpersonen den Unterricht vermehrt aus der Perspektive der\nLernenden betrachten sollen. Erlebnisberichte von Sch\u00fclerinnen und Sch\u00fclern zum\nUnterricht oder auch dialogische Feedbackgespr\u00e4che mit ihnen sind m\u00f6gliche\nFormen, wie dieser Perspektive systematisch auf die Spur gekommen werden kann.<\/p>\n\n\n\n<p><strong>Qualit\u00e4tsentwicklung als gemeinschaftliche Verantwortung<\/strong><\/p>\n\n\n\n<p>Nach der Kl\u00e4rung der Dimensionen von Qualit\u00e4t und den verschiedenen Perspektiven und der bewussten Auseinandersetzung mit der Vielfalt an Daten im Schulfeld geht es im dritten Schritt um die Nutzung von Daten f\u00fcr die Qualit\u00e4tsentwicklung in der eigenen Organisation, der Schule, im Schulhaus oder in der Schulgemeinde. <\/p>\n\n\n\n<p>In der Volksschule des Kantons Z\u00fcrich hat die\nSchulleitung unter Mitwirkung der Schulkonferenz durch das Volksschulgesetz (\u00a744)\nden offiziellen Auftrag zur \u00abQualit\u00e4tsentwicklung und -sicherung der Schule\u00bb. Die\nSchulleitung oder die Schulbeh\u00f6rde kann die Diskussion anstossen und das Thema\nQualit\u00e4t auf die Agenda setzen. Sie sind aber abh\u00e4ngig von der Bereitschaft der\np\u00e4dagogischen Fachpersonen, sich zu \u00f6ffnen, ihre Arbeit zu zeigen und zur\nDiskussion zu stellen. Nur so kann professionelle Qualit\u00e4tsentwicklung in der\nSchule als Ganzes gelingen. <\/p>\n\n\n\n<p>Das Bewusstsein f\u00fcr die vielf\u00e4ltigen Formen von Daten, die in der Schule bereits vorhanden sind oder erhoben werden k\u00f6nnen, kann die Erf\u00fcllung dieses Auftrags unterst\u00fctzen. Dabei erscheint uns wichtig, dass Schulen nicht in einen Aktivismus verfallen, sondern den \u00abQualit\u00e4tsscheinwerfer\u00bb bewusst und sinnvoll auf Themen richten. Das kann von einem eigenen Interesse ausgehen oder auf Hinweise von aussen (beispielsweise durch die R\u00fcckmeldungen der Fachstelle f\u00fcr Schulbeurteilung) zur\u00fcckgehen.<\/p>\n\n\n\n<p>Wichtig ist die Frage, was genauer beleuchtet werden will, und wie und von wem man etwas dar\u00fcber erf\u00e4hrt. Bevor dann dazu blindlings neue Daten erhoben werden, lohnt es sich, zu pr\u00fcfen, welche Daten es zu ihrer Beantwortung tats\u00e4chlich braucht und ob diese (mindestens teilweise) bereits vorhanden sind. Hier kann die Schulleitung ihre Steuerungsaufgabe wahrnehmen, in dem sie den \u00abQualit\u00e4tsscheinwerfer\u00bb bewusst (mit)lenkt!<\/p>\n\n\n\n<pre class=\"wp-block-preformatted\">INFOBOX:\n\nIm Herbst 2020 startet der CAS Schulqualit\u00e4t an der PH Z\u00fcrich unter der Leitung von Hansj\u00fcrg Brauchli, Nina Strauss (PH Z\u00fcrich) und Andreas Brunner (Fachstelle f\u00fcr Schulbeurteilung, Kanton Z\u00fcrich). Der CAS richtet sich bewusst an unterschiedliche Personen im Schulsystem, die sich mit Schulqualit\u00e4t auseinandersetzen m\u00f6chten: ausgehend von ihren unterschiedlichen Perspektiven, anwendungsorientiert und mit der M\u00f6glichkeit, sich in individuell sinnvollen Profilen zu vertiefen. Weitere Informationen erhalten Sie an den <a rel=\"noreferrer noopener\" href=\"https:\/\/phzh.ch\/de\/Weiterbildung\/Weiterbildung-Volksschulen\/CAS-MAS-Lehrgange\/CAS-Lehrgaenge\/?r=yes?r=yes\" target=\"_blank\">Infoveranstaltungen<\/a> oder <a rel=\"noreferrer noopener\" href=\"https:\/\/phzh.ch\/de\/Weiterbildung\/Weiterbildung-Volksschulen\/anlassdetail-weiterbildung-fur-volksschulen\/CAS-Schulqualitaet-n144407640.html\" target=\"_blank\">hier<\/a>. <\/pre>\n\n\n\n<h2 class=\"wp-block-heading\">Zum Autor<\/h2>\n\n\n\n<div class=\"wp-block-image\"><figure class=\"alignleft size-large is-resized\"><img decoding=\"async\" src=\"http:\/\/blog.phzh.ch\/schulfuehrung\/files\/2020\/02\/Portr\u00e4t-Kopf-hjb-PHZH.jpg\" alt=\"\" class=\"wp-image-2091\" width=\"127\" srcset=\"https:\/\/blog.phzh.ch\/schulfuehrung\/files\/2020\/02\/Portr\u00e4t-Kopf-hjb-PHZH.jpg 778w, https:\/\/blog.phzh.ch\/schulfuehrung\/files\/2020\/02\/Portr\u00e4t-Kopf-hjb-PHZH-239x300.jpg 239w, https:\/\/blog.phzh.ch\/schulfuehrung\/files\/2020\/02\/Portr\u00e4t-Kopf-hjb-PHZH-768x965.jpg 768w\" sizes=\"(max-width: 778px) 100vw, 778px\" \/><\/figure><\/div>\n\n\n\n<p>Hansj\u00fcrg Brauchli setzt sich mit Fragen zu Schulf\u00fchrung, Schulentwicklung und ihrem Zusammenhang zur Qualit\u00e4t einer Schule auseinander. Er ist Mitglied der Lehrgangsleitung des CAS F\u00fchren einer Bildungsorganisation (Schulleitungsausbildung) und Ko-Leiter im CAS Schulqualit\u00e4t.<\/p>\n\n\n\n<h2 class=\"wp-block-heading\">Zur Autorin<\/h2>\n\n\n\n<div class=\"wp-block-image\"><figure class=\"alignleft size-large is-resized\"><img decoding=\"async\" src=\"http:\/\/blog.phzh.ch\/schulfuehrung\/files\/2020\/02\/NinaStrauss_Portrait-868x1024.jpg\" alt=\"\" class=\"wp-image-2088\" width=\"127\" srcset=\"https:\/\/blog.phzh.ch\/schulfuehrung\/files\/2020\/02\/NinaStrauss_Portrait-868x1024.jpg 868w, https:\/\/blog.phzh.ch\/schulfuehrung\/files\/2020\/02\/NinaStrauss_Portrait-254x300.jpg 254w, https:\/\/blog.phzh.ch\/schulfuehrung\/files\/2020\/02\/NinaStrauss_Portrait-768x906.jpg 768w, https:\/\/blog.phzh.ch\/schulfuehrung\/files\/2020\/02\/NinaStrauss_Portrait-1302x1536.jpg 1302w, https:\/\/blog.phzh.ch\/schulfuehrung\/files\/2020\/02\/NinaStrauss_Portrait-1736x2048.jpg 1736w\" sizes=\"(max-width: 868px) 100vw, 868px\" \/><\/figure><\/div>\n\n\n\n<p><a href=\"https:\/\/phzh.ch\/personen\/nina-cathrin.strauss\" target=\"_blank\" rel=\"noreferrer noopener\">Nina-Cathrin Strauss<\/a> besch\u00e4ftigt sich als Dozentin und Forscherin mit der Frage, wie gemeinschaftliche F\u00fchrung zur Entwicklung als gute Schule beitragen kann. Neben dem CAS Schulqualit\u00e4t ist sie Ko-Leiterin im CAS P\u00e4dagogische Schulf\u00fchrung. <\/p>\n\n\n\n<p>Redaktion: Melina Maerten<\/p>\n\n\n\n<p>Titelbild: pixabay.com<\/p>\n\n\n\n<p>Literaturangaben:<\/p>\n\n\n\n<ul class=\"wp-block-list\"><li>Senge, Peter. 2017. 11. Aufl. <em>Die f\u00fcnfte Disziplin: Kunst und Praxis der\nlernenden Organisation. <\/em>Stuttgart: Sch\u00e4ffer-Poeschel.<\/li><li>Bortz, J\u00fcrgen und Nicola D\u00f6ring. 2006. 4. Aufl. <em>Forschungsmethoden und Evaluation f\u00fcr Human-\nund Sozialwissenschaftler. <\/em>Heidelberg: Springer.<\/li><li>Hattie, John. 2015. 3. Aufl. <em>Lernen sichtbar machen: \u00fcberarbeitete\ndeutschsprachige Ausgabe von \u00abVisible Learning\u00bb. <\/em>Baltmannsweiler: Schneider\nVerlag.<\/li><\/ul>\n","protected":false},"excerpt":{"rendered":"<p>Im ersten Blogbeitrag \u00abSchulqualit\u00e4t \u2013 Alles ist relativ?!\u00bb haben sich Hansj\u00fcrg Brauchli und Nina-Cathrin Strauss dem Begriff angen\u00e4hert und gezeigt, dass vieles zum Thema Qualit\u00e4t nicht so klar ist, wie man meinen k\u00f6nnte. Qualit\u00e4t \u2013 und auch Schulqualit\u00e4t \u2013 ist abh\u00e4ngig von der Perspektive derjenigen, die sich damit besch\u00e4ftigen. So k\u00f6nnen Merkmale und Kriterien diskutiert &hellip; <a href=\"https:\/\/blog.phzh.ch\/schulfuehrung\/2020\/03\/24\/schulqualitaet-den-qualitaetsscheinwerfer-lenken\/\" class=\"more-link\"><span class=\"screen-reader-text\">Schulqualit\u00e4t \u2013 den Qualit\u00e4tsscheinwerfer lenken<\/span> weiterlesen<\/a><\/p>\n","protected":false},"author":1392,"featured_media":2248,"comment_status":"open","ping_status":"open","sticky":false,"template":"","format":"standard","meta":{"sfsi_plus_gutenberg_text_before_share":"","sfsi_plus_gutenberg_show_text_before_share":"","sfsi_plus_gutenberg_icon_type":"","sfsi_plus_gutenberg_icon_alignemt":"","sfsi_plus_gutenburg_max_per_row":"","footnotes":""},"categories":[107128,107309],"tags":[107492,103608,107489,44958,107490],"class_list":["post-2244","post","type-post","status-publish","format-standard","has-post-thumbnail","hentry","category-entdecken","category-alle-beitraege","tag-cas-schulqualitaet","tag-hansjuerg-brauchli","tag-nina-cathrin-strauss","tag-schulleitung","tag-schulqualitaet"],"yoast_head":"<!-- This site is optimized with the Yoast SEO plugin v26.8 - https:\/\/yoast.com\/product\/yoast-seo-wordpress\/ -->\n<title>Schulqualit\u00e4t \u2013 den Qualit\u00e4tsscheinwerfer lenken - Schulf\u00fchrung<\/title>\n<meta name=\"robots\" content=\"index, follow, max-snippet:-1, max-image-preview:large, max-video-preview:-1\" \/>\n<link rel=\"canonical\" href=\"https:\/\/blog.phzh.ch\/schulfuehrung\/2020\/03\/24\/schulqualitaet-den-qualitaetsscheinwerfer-lenken\/\" \/>\n<meta property=\"og:locale\" content=\"de_DE\" \/>\n<meta property=\"og:type\" content=\"article\" \/>\n<meta property=\"og:title\" content=\"Schulqualit\u00e4t \u2013 den Qualit\u00e4tsscheinwerfer lenken - Schulf\u00fchrung\" \/>\n<meta property=\"og:description\" content=\"Im ersten Blogbeitrag \u00abSchulqualit\u00e4t \u2013 Alles ist relativ?!\u00bb haben sich Hansj\u00fcrg Brauchli und Nina-Cathrin Strauss dem Begriff angen\u00e4hert und gezeigt, dass vieles zum Thema Qualit\u00e4t nicht so klar ist, wie man meinen k\u00f6nnte. Qualit\u00e4t \u2013 und auch Schulqualit\u00e4t \u2013 ist abh\u00e4ngig von der Perspektive derjenigen, die sich damit besch\u00e4ftigen. So k\u00f6nnen Merkmale und Kriterien diskutiert &hellip; Schulqualit\u00e4t \u2013 den Qualit\u00e4tsscheinwerfer lenken weiterlesen\" \/>\n<meta property=\"og:url\" content=\"https:\/\/blog.phzh.ch\/schulfuehrung\/2020\/03\/24\/schulqualitaet-den-qualitaetsscheinwerfer-lenken\/\" \/>\n<meta property=\"og:site_name\" content=\"Schulf\u00fchrung\" \/>\n<meta property=\"article:published_time\" content=\"2020-03-24T03:00:00+00:00\" \/>\n<meta property=\"article:modified_time\" content=\"2021-05-06T12:30:30+00:00\" \/>\n<meta property=\"og:image\" content=\"https:\/\/blog.phzh.ch\/schulfuehrung\/files\/2020\/03\/Titelbild_Scheinwerfer_Schulqualit\u00e4t_20200319_MLR.jpg\" \/>\n\t<meta property=\"og:image:width\" content=\"1920\" \/>\n\t<meta property=\"og:image:height\" content=\"1280\" \/>\n\t<meta property=\"og:image:type\" content=\"image\/jpeg\" \/>\n<meta name=\"author\" content=\"melinamaerten\" \/>\n<meta name=\"twitter:card\" content=\"summary_large_image\" \/>\n<meta name=\"twitter:label1\" content=\"Verfasst von\" \/>\n\t<meta name=\"twitter:data1\" content=\"melinamaerten\" \/>\n\t<meta name=\"twitter:label2\" content=\"Gesch\u00e4tzte Lesezeit\" \/>\n\t<meta name=\"twitter:data2\" content=\"6\u00a0Minuten\" \/>\n<script type=\"application\/ld+json\" class=\"yoast-schema-graph\">{\"@context\":\"https:\/\/schema.org\",\"@graph\":[{\"@type\":\"Article\",\"@id\":\"https:\/\/blog.phzh.ch\/schulfuehrung\/2020\/03\/24\/schulqualitaet-den-qualitaetsscheinwerfer-lenken\/#article\",\"isPartOf\":{\"@id\":\"https:\/\/blog.phzh.ch\/schulfuehrung\/2020\/03\/24\/schulqualitaet-den-qualitaetsscheinwerfer-lenken\/\"},\"author\":{\"name\":\"melinamaerten\",\"@id\":\"https:\/\/blog.phzh.ch\/schulfuehrung\/#\/schema\/person\/13544ff30d01e0e5f98444f0696dcefb\"},\"headline\":\"Schulqualit\u00e4t \u2013 den Qualit\u00e4tsscheinwerfer lenken\",\"datePublished\":\"2020-03-24T03:00:00+00:00\",\"dateModified\":\"2021-05-06T12:30:30+00:00\",\"mainEntityOfPage\":{\"@id\":\"https:\/\/blog.phzh.ch\/schulfuehrung\/2020\/03\/24\/schulqualitaet-den-qualitaetsscheinwerfer-lenken\/\"},\"wordCount\":1043,\"commentCount\":0,\"image\":{\"@id\":\"https:\/\/blog.phzh.ch\/schulfuehrung\/2020\/03\/24\/schulqualitaet-den-qualitaetsscheinwerfer-lenken\/#primaryimage\"},\"thumbnailUrl\":\"https:\/\/blog.phzh.ch\/schulfuehrung\/files\/2020\/03\/Titelbild_Scheinwerfer_Schulqualit\u00e4t_20200319_MLR.jpg\",\"keywords\":[\"CAS Schulqualit\u00e4t\",\"Hansj\u00fcrg Brauchli\",\"Nina-Cathrin Strauss\",\"Schulleitung\",\"Schulqualit\u00e4t\"],\"articleSection\":[\"Entdecken\",\"Gesamte Beitr\u00e4ge\"],\"inLanguage\":\"de\",\"potentialAction\":[{\"@type\":\"CommentAction\",\"name\":\"Comment\",\"target\":[\"https:\/\/blog.phzh.ch\/schulfuehrung\/2020\/03\/24\/schulqualitaet-den-qualitaetsscheinwerfer-lenken\/#respond\"]}]},{\"@type\":\"WebPage\",\"@id\":\"https:\/\/blog.phzh.ch\/schulfuehrung\/2020\/03\/24\/schulqualitaet-den-qualitaetsscheinwerfer-lenken\/\",\"url\":\"https:\/\/blog.phzh.ch\/schulfuehrung\/2020\/03\/24\/schulqualitaet-den-qualitaetsscheinwerfer-lenken\/\",\"name\":\"Schulqualit\u00e4t \u2013 den Qualit\u00e4tsscheinwerfer lenken - Schulf\u00fchrung\",\"isPartOf\":{\"@id\":\"https:\/\/blog.phzh.ch\/schulfuehrung\/#website\"},\"primaryImageOfPage\":{\"@id\":\"https:\/\/blog.phzh.ch\/schulfuehrung\/2020\/03\/24\/schulqualitaet-den-qualitaetsscheinwerfer-lenken\/#primaryimage\"},\"image\":{\"@id\":\"https:\/\/blog.phzh.ch\/schulfuehrung\/2020\/03\/24\/schulqualitaet-den-qualitaetsscheinwerfer-lenken\/#primaryimage\"},\"thumbnailUrl\":\"https:\/\/blog.phzh.ch\/schulfuehrung\/files\/2020\/03\/Titelbild_Scheinwerfer_Schulqualit\u00e4t_20200319_MLR.jpg\",\"datePublished\":\"2020-03-24T03:00:00+00:00\",\"dateModified\":\"2021-05-06T12:30:30+00:00\",\"author\":{\"@id\":\"https:\/\/blog.phzh.ch\/schulfuehrung\/#\/schema\/person\/13544ff30d01e0e5f98444f0696dcefb\"},\"breadcrumb\":{\"@id\":\"https:\/\/blog.phzh.ch\/schulfuehrung\/2020\/03\/24\/schulqualitaet-den-qualitaetsscheinwerfer-lenken\/#breadcrumb\"},\"inLanguage\":\"de\",\"potentialAction\":[{\"@type\":\"ReadAction\",\"target\":[\"https:\/\/blog.phzh.ch\/schulfuehrung\/2020\/03\/24\/schulqualitaet-den-qualitaetsscheinwerfer-lenken\/\"]}]},{\"@type\":\"ImageObject\",\"inLanguage\":\"de\",\"@id\":\"https:\/\/blog.phzh.ch\/schulfuehrung\/2020\/03\/24\/schulqualitaet-den-qualitaetsscheinwerfer-lenken\/#primaryimage\",\"url\":\"https:\/\/blog.phzh.ch\/schulfuehrung\/files\/2020\/03\/Titelbild_Scheinwerfer_Schulqualit\u00e4t_20200319_MLR.jpg\",\"contentUrl\":\"https:\/\/blog.phzh.ch\/schulfuehrung\/files\/2020\/03\/Titelbild_Scheinwerfer_Schulqualit\u00e4t_20200319_MLR.jpg\",\"width\":1920,\"height\":1280,\"caption\":\"Schulqualit\u00e4t - Qualit\u00e4tsscheinwerfer\"},{\"@type\":\"BreadcrumbList\",\"@id\":\"https:\/\/blog.phzh.ch\/schulfuehrung\/2020\/03\/24\/schulqualitaet-den-qualitaetsscheinwerfer-lenken\/#breadcrumb\",\"itemListElement\":[{\"@type\":\"ListItem\",\"position\":1,\"name\":\"Startseite\",\"item\":\"https:\/\/blog.phzh.ch\/schulfuehrung\/\"},{\"@type\":\"ListItem\",\"position\":2,\"name\":\"Schulqualit\u00e4t \u2013 den Qualit\u00e4tsscheinwerfer lenken\"}]},{\"@type\":\"WebSite\",\"@id\":\"https:\/\/blog.phzh.ch\/schulfuehrung\/#website\",\"url\":\"https:\/\/blog.phzh.ch\/schulfuehrung\/\",\"name\":\"Schulf\u00fchrung\",\"description\":\"phzh.ch\/schulfuehrung\",\"potentialAction\":[{\"@type\":\"SearchAction\",\"target\":{\"@type\":\"EntryPoint\",\"urlTemplate\":\"https:\/\/blog.phzh.ch\/schulfuehrung\/?s={search_term_string}\"},\"query-input\":{\"@type\":\"PropertyValueSpecification\",\"valueRequired\":true,\"valueName\":\"search_term_string\"}}],\"inLanguage\":\"de\"},{\"@type\":\"Person\",\"@id\":\"https:\/\/blog.phzh.ch\/schulfuehrung\/#\/schema\/person\/13544ff30d01e0e5f98444f0696dcefb\",\"name\":\"melinamaerten\",\"image\":{\"@type\":\"ImageObject\",\"inLanguage\":\"de\",\"@id\":\"https:\/\/blog.phzh.ch\/schulfuehrung\/#\/schema\/person\/image\/\",\"url\":\"https:\/\/secure.gravatar.com\/avatar\/581b196899ac4a61b7e20a29f4dd52fe?s=96&d=mm&r=g\",\"contentUrl\":\"https:\/\/secure.gravatar.com\/avatar\/581b196899ac4a61b7e20a29f4dd52fe?s=96&d=mm&r=g\",\"caption\":\"melinamaerten\"},\"url\":\"https:\/\/blog.phzh.ch\/schulfuehrung\/author\/melinamaerten\/\"}]}<\/script>\n<!-- \/ Yoast SEO plugin. -->","yoast_head_json":{"title":"Schulqualit\u00e4t \u2013 den Qualit\u00e4tsscheinwerfer lenken - Schulf\u00fchrung","robots":{"index":"index","follow":"follow","max-snippet":"max-snippet:-1","max-image-preview":"max-image-preview:large","max-video-preview":"max-video-preview:-1"},"canonical":"https:\/\/blog.phzh.ch\/schulfuehrung\/2020\/03\/24\/schulqualitaet-den-qualitaetsscheinwerfer-lenken\/","og_locale":"de_DE","og_type":"article","og_title":"Schulqualit\u00e4t \u2013 den Qualit\u00e4tsscheinwerfer lenken - Schulf\u00fchrung","og_description":"Im ersten Blogbeitrag \u00abSchulqualit\u00e4t \u2013 Alles ist relativ?!\u00bb haben sich Hansj\u00fcrg Brauchli und Nina-Cathrin Strauss dem Begriff angen\u00e4hert und gezeigt, dass vieles zum Thema Qualit\u00e4t nicht so klar ist, wie man meinen k\u00f6nnte. Qualit\u00e4t \u2013 und auch Schulqualit\u00e4t \u2013 ist abh\u00e4ngig von der Perspektive derjenigen, die sich damit besch\u00e4ftigen. So k\u00f6nnen Merkmale und Kriterien diskutiert &hellip; Schulqualit\u00e4t \u2013 den Qualit\u00e4tsscheinwerfer lenken weiterlesen","og_url":"https:\/\/blog.phzh.ch\/schulfuehrung\/2020\/03\/24\/schulqualitaet-den-qualitaetsscheinwerfer-lenken\/","og_site_name":"Schulf\u00fchrung","article_published_time":"2020-03-24T03:00:00+00:00","article_modified_time":"2021-05-06T12:30:30+00:00","og_image":[{"width":1920,"height":1280,"url":"https:\/\/blog.phzh.ch\/schulfuehrung\/files\/2020\/03\/Titelbild_Scheinwerfer_Schulqualit\u00e4t_20200319_MLR.jpg","type":"image\/jpeg"}],"author":"melinamaerten","twitter_card":"summary_large_image","twitter_misc":{"Verfasst von":"melinamaerten","Gesch\u00e4tzte Lesezeit":"6\u00a0Minuten"},"schema":{"@context":"https:\/\/schema.org","@graph":[{"@type":"Article","@id":"https:\/\/blog.phzh.ch\/schulfuehrung\/2020\/03\/24\/schulqualitaet-den-qualitaetsscheinwerfer-lenken\/#article","isPartOf":{"@id":"https:\/\/blog.phzh.ch\/schulfuehrung\/2020\/03\/24\/schulqualitaet-den-qualitaetsscheinwerfer-lenken\/"},"author":{"name":"melinamaerten","@id":"https:\/\/blog.phzh.ch\/schulfuehrung\/#\/schema\/person\/13544ff30d01e0e5f98444f0696dcefb"},"headline":"Schulqualit\u00e4t \u2013 den Qualit\u00e4tsscheinwerfer lenken","datePublished":"2020-03-24T03:00:00+00:00","dateModified":"2021-05-06T12:30:30+00:00","mainEntityOfPage":{"@id":"https:\/\/blog.phzh.ch\/schulfuehrung\/2020\/03\/24\/schulqualitaet-den-qualitaetsscheinwerfer-lenken\/"},"wordCount":1043,"commentCount":0,"image":{"@id":"https:\/\/blog.phzh.ch\/schulfuehrung\/2020\/03\/24\/schulqualitaet-den-qualitaetsscheinwerfer-lenken\/#primaryimage"},"thumbnailUrl":"https:\/\/blog.phzh.ch\/schulfuehrung\/files\/2020\/03\/Titelbild_Scheinwerfer_Schulqualit\u00e4t_20200319_MLR.jpg","keywords":["CAS Schulqualit\u00e4t","Hansj\u00fcrg Brauchli","Nina-Cathrin Strauss","Schulleitung","Schulqualit\u00e4t"],"articleSection":["Entdecken","Gesamte Beitr\u00e4ge"],"inLanguage":"de","potentialAction":[{"@type":"CommentAction","name":"Comment","target":["https:\/\/blog.phzh.ch\/schulfuehrung\/2020\/03\/24\/schulqualitaet-den-qualitaetsscheinwerfer-lenken\/#respond"]}]},{"@type":"WebPage","@id":"https:\/\/blog.phzh.ch\/schulfuehrung\/2020\/03\/24\/schulqualitaet-den-qualitaetsscheinwerfer-lenken\/","url":"https:\/\/blog.phzh.ch\/schulfuehrung\/2020\/03\/24\/schulqualitaet-den-qualitaetsscheinwerfer-lenken\/","name":"Schulqualit\u00e4t \u2013 den Qualit\u00e4tsscheinwerfer lenken - Schulf\u00fchrung","isPartOf":{"@id":"https:\/\/blog.phzh.ch\/schulfuehrung\/#website"},"primaryImageOfPage":{"@id":"https:\/\/blog.phzh.ch\/schulfuehrung\/2020\/03\/24\/schulqualitaet-den-qualitaetsscheinwerfer-lenken\/#primaryimage"},"image":{"@id":"https:\/\/blog.phzh.ch\/schulfuehrung\/2020\/03\/24\/schulqualitaet-den-qualitaetsscheinwerfer-lenken\/#primaryimage"},"thumbnailUrl":"https:\/\/blog.phzh.ch\/schulfuehrung\/files\/2020\/03\/Titelbild_Scheinwerfer_Schulqualit\u00e4t_20200319_MLR.jpg","datePublished":"2020-03-24T03:00:00+00:00","dateModified":"2021-05-06T12:30:30+00:00","author":{"@id":"https:\/\/blog.phzh.ch\/schulfuehrung\/#\/schema\/person\/13544ff30d01e0e5f98444f0696dcefb"},"breadcrumb":{"@id":"https:\/\/blog.phzh.ch\/schulfuehrung\/2020\/03\/24\/schulqualitaet-den-qualitaetsscheinwerfer-lenken\/#breadcrumb"},"inLanguage":"de","potentialAction":[{"@type":"ReadAction","target":["https:\/\/blog.phzh.ch\/schulfuehrung\/2020\/03\/24\/schulqualitaet-den-qualitaetsscheinwerfer-lenken\/"]}]},{"@type":"ImageObject","inLanguage":"de","@id":"https:\/\/blog.phzh.ch\/schulfuehrung\/2020\/03\/24\/schulqualitaet-den-qualitaetsscheinwerfer-lenken\/#primaryimage","url":"https:\/\/blog.phzh.ch\/schulfuehrung\/files\/2020\/03\/Titelbild_Scheinwerfer_Schulqualit\u00e4t_20200319_MLR.jpg","contentUrl":"https:\/\/blog.phzh.ch\/schulfuehrung\/files\/2020\/03\/Titelbild_Scheinwerfer_Schulqualit\u00e4t_20200319_MLR.jpg","width":1920,"height":1280,"caption":"Schulqualit\u00e4t - Qualit\u00e4tsscheinwerfer"},{"@type":"BreadcrumbList","@id":"https:\/\/blog.phzh.ch\/schulfuehrung\/2020\/03\/24\/schulqualitaet-den-qualitaetsscheinwerfer-lenken\/#breadcrumb","itemListElement":[{"@type":"ListItem","position":1,"name":"Startseite","item":"https:\/\/blog.phzh.ch\/schulfuehrung\/"},{"@type":"ListItem","position":2,"name":"Schulqualit\u00e4t \u2013 den Qualit\u00e4tsscheinwerfer lenken"}]},{"@type":"WebSite","@id":"https:\/\/blog.phzh.ch\/schulfuehrung\/#website","url":"https:\/\/blog.phzh.ch\/schulfuehrung\/","name":"Schulf\u00fchrung","description":"phzh.ch\/schulfuehrung","potentialAction":[{"@type":"SearchAction","target":{"@type":"EntryPoint","urlTemplate":"https:\/\/blog.phzh.ch\/schulfuehrung\/?s={search_term_string}"},"query-input":{"@type":"PropertyValueSpecification","valueRequired":true,"valueName":"search_term_string"}}],"inLanguage":"de"},{"@type":"Person","@id":"https:\/\/blog.phzh.ch\/schulfuehrung\/#\/schema\/person\/13544ff30d01e0e5f98444f0696dcefb","name":"melinamaerten","image":{"@type":"ImageObject","inLanguage":"de","@id":"https:\/\/blog.phzh.ch\/schulfuehrung\/#\/schema\/person\/image\/","url":"https:\/\/secure.gravatar.com\/avatar\/581b196899ac4a61b7e20a29f4dd52fe?s=96&d=mm&r=g","contentUrl":"https:\/\/secure.gravatar.com\/avatar\/581b196899ac4a61b7e20a29f4dd52fe?s=96&d=mm&r=g","caption":"melinamaerten"},"url":"https:\/\/blog.phzh.ch\/schulfuehrung\/author\/melinamaerten\/"}]}},"_links":{"self":[{"href":"https:\/\/blog.phzh.ch\/schulfuehrung\/wp-json\/wp\/v2\/posts\/2244","targetHints":{"allow":["GET"]}}],"collection":[{"href":"https:\/\/blog.phzh.ch\/schulfuehrung\/wp-json\/wp\/v2\/posts"}],"about":[{"href":"https:\/\/blog.phzh.ch\/schulfuehrung\/wp-json\/wp\/v2\/types\/post"}],"author":[{"embeddable":true,"href":"https:\/\/blog.phzh.ch\/schulfuehrung\/wp-json\/wp\/v2\/users\/1392"}],"replies":[{"embeddable":true,"href":"https:\/\/blog.phzh.ch\/schulfuehrung\/wp-json\/wp\/v2\/comments?post=2244"}],"version-history":[{"count":13,"href":"https:\/\/blog.phzh.ch\/schulfuehrung\/wp-json\/wp\/v2\/posts\/2244\/revisions"}],"predecessor-version":[{"id":3212,"href":"https:\/\/blog.phzh.ch\/schulfuehrung\/wp-json\/wp\/v2\/posts\/2244\/revisions\/3212"}],"wp:featuredmedia":[{"embeddable":true,"href":"https:\/\/blog.phzh.ch\/schulfuehrung\/wp-json\/wp\/v2\/media\/2248"}],"wp:attachment":[{"href":"https:\/\/blog.phzh.ch\/schulfuehrung\/wp-json\/wp\/v2\/media?parent=2244"}],"wp:term":[{"taxonomy":"category","embeddable":true,"href":"https:\/\/blog.phzh.ch\/schulfuehrung\/wp-json\/wp\/v2\/categories?post=2244"},{"taxonomy":"post_tag","embeddable":true,"href":"https:\/\/blog.phzh.ch\/schulfuehrung\/wp-json\/wp\/v2\/tags?post=2244"}],"curies":[{"name":"wp","href":"https:\/\/api.w.org\/{rel}","templated":true}]}}