{"id":2209,"date":"2020-03-20T04:00:00","date_gmt":"2020-03-20T03:00:00","guid":{"rendered":"https:\/\/blog.phzh.ch\/schulfuehrung\/?p=2209"},"modified":"2020-03-18T14:30:49","modified_gmt":"2020-03-18T13:30:49","slug":"chunsch-cho-bastle","status":"publish","type":"post","link":"https:\/\/blog.phzh.ch\/schulfuehrung\/2020\/03\/20\/chunsch-cho-bastle\/","title":{"rendered":"\u00abChunsch cho bastle?\u00bb"},"content":{"rendered":"\n<p><strong>Eine Liftfahrt mit zwei Studierenden kann inspirierend sein. Bei Niels Anderegg hat der Dialog zwischen den beiden die Frage zum Professionsverst\u00e4ndnis aufgeworfen.<\/strong><\/p>\n\n\n\n<p>Zu einer Zeit, als die PH noch ge\u00f6ffnet war und man noch gemeinsam Lift\nfahren konnte, durfte ich einen Dialog zwischen zwei Studierenden mitanh\u00f6ren. Wir\nstanden zu zweit im Lift, da schl\u00fcpft im letzten Moment noch eine Studentin mit\nhinein. Und schon ging die Fahrt los. Die beiden Studierenden schienen sich zu\nkennen. \u00abChunsch au is Bastle?\u00bb, fragte der Student die Studentin. Diese\nbedauerte: \u00abNei, ich han Turne\u00bb. Schon waren wir angekommen und die Studentin und\nich mussten aussteigen, w\u00e4hrend der Student noch weiter hoch zu den Werkr\u00e4umen fuhr.<\/p>\n\n\n\n<p>Mein Sohn, der, wie er es nennt, an einer \u00abrichtigen\u00bb Hochschule studiert\nund den Tag nicht mit \u00abMandalamalen und Zahlentanzen\u00bb verbringt, h\u00e4tte seine\nFreude an diesem Dialog. Er w\u00fcrde sich in seinen Vorurteilen gegen\u00fcber der PH\nund den PH-Studierenden best\u00e4tigt f\u00fchlen. Mich l\u00e4sst der Dialog ratlos zur\u00fcck.<\/p>\n\n\n\n<p>Meine Ratlosigkeit hat mit dem hinter dem \u00abChunsch cho bastle\u00bb stehende\nProfessionsverst\u00e4ndnis zu tun. Welches Bild hat der Student von seinem Beruf,\nwenn es in seiner Ausbildung nicht um die Auseinandersetzung mit Fragen der\nDidaktik und Methodik in einem wesentlichen und gleichzeitig schwierig zu\nunterrichtendem Fach wie dem Werken geht? Und welches Bild seines Berufes und\nseiner Ausbildung vermittelt er damit gegen aussen? Kein Wunder geistern\nunterschiedlichste Witze \u00fcber PH-Studierende umher und steht der Werkunterricht\npolitisch immer wieder mal auf der Kippe. Wenn wir so \u00fcber unsere Profession\nsprechen, dann m\u00fcssen wir uns nicht wundern.<\/p>\n\n\n\n<p>Das jugendliche Alter des Students erkl\u00e4rt und verzeiht vieles und dass\nes auch um eine gewisse Coolness gegen\u00fcber der Studentin ging, ist mir aus\nmeiner eigenen Studienzeit nicht ganz unbekannt.<\/p>\n\n\n<p><!--more--><\/p>\n\n\n<p><strong>Das Verst\u00e4ndnis zur Profession bei Lehr- und\nF\u00fchrungspersonen<\/strong><\/p>\n\n\n\n<p>Ich erlebe dieser sorglose Umgang mit unserem Professionsverst\u00e4ndnis aber\nnicht nur bei Studierenden, sondern auch bei erfahrenen Lehrerinnen und Lehrer\nund sogar bei F\u00fchrungspersonen. Und das macht mir dann wirklich Sorgen. Besondere\nSorgen macht mir dies bei den F\u00fchrungspersonen von und in\nBildungsorganisationen. Wir haben erst seit rund 20 Jahren Schulleitungen an\nder Volksschule und der Berufsstand der Schulleitenden befindet sich noch immer\nin einer Suchbewegung. Dabei haben wir zwei M\u00f6glichkeiten: Wir k\u00f6nnen selber\ndefinieren, was unser Beruf beinhaltet oder wir k\u00f6nnen uns den Inhalt des\nBerufes von aussen diktieren lassen. Selbstverst\u00e4ndlich ist es immer ein\nGemisch davon, aber wir k\u00f6nnen mitentscheiden, von welcher Seite wir mehr\nwollen.<\/p>\n\n\n\n<p>Ich m\u00f6chte an zwei Beispielen aufzeigen, wo ich Definitionsfragen f\u00fcr den\nBerufsstand von F\u00fchrungspersonen in und von Bildungsorganisationen sehe. Dabei\nsind die beiden Beispiele nicht abschliessend, sondern k\u00f6nnen sicher durch\nandere erg\u00e4nzt werden (wor\u00fcber ich mich in der Kommentarfunktion freuen w\u00fcrde).<\/p>\n\n\n\n<p><strong>Schule verwalten oder Schule gestalten?<\/strong><\/p>\n\n\n\n<p>Alter K\u00e4se werden wohl nun einige Denken und mit \u00abnat\u00fcrlich beides\u00bb antworten. Michael Schratz hat in einem Aufsatz beschrieben, dass sich Leadership und Management wie Yin und Yang zusammengeh\u00f6ren und sich erg\u00e4nzen. Das ist schon richtig, aber wenn immer alles gleichbedeutend ist, dann erh\u00e4lt man kein Profil beziehungsweise das Profil wird einem von aussen zugeschrieben. Dazu kommt, dass eine Schule zu verwalten deutlich einfacher ist, als eine Schule zu gestalten. Gestalten heisst; Dinge in Frage stellen, Dinge allenfalls zu ver\u00e4ndern. Das greift in die Autonomie von Personen ein, kann Widerst\u00e4nde ausl\u00f6sen oder es kann zu Konflikten kommen. Also verwalte ich lieber.<\/p>\n\n\n\n<p>Ich pers\u00f6nlich sehe das Gestalten von Schule als die Hauptaufgabe von\nF\u00fchrungspersonen an. Die Gesellschaft \u00e4ndert sich fortlaufend und die Schulen\nsind immer wieder vor Herausforderungen gestellt. Wir leben heute in einer\nDigitalen Gesellschaft und die Schule muss sich ihr anpassen und gleichzeitig\ndaf\u00fcr sorgen, dass die Sch\u00fclerinnen und Sch\u00fcler von heute auf das unbekannte\nMorgen vorbereitet sind. Dies bedeutet, dass Schulen sich st\u00e4ndig anpassen und\nver\u00e4ndern m\u00fcssen. Digitalisierung ist ein Beispiel, Tagesschule oder Inklusion\nw\u00e4ren ein anderes.<\/p>\n\n\n\n<p>Die momentane Situation mit dem Coronavirus ist das beste Beispiel daf\u00fcr, dass Schulen sich anpassen m\u00fcssen. Innerhalb von wenigen Stunden mussten die Schulen auf Fernlernen umstellen und neue Formen suchen, wie Sch\u00fclerinnen und Sch\u00fcler trotz geschlossener Schulhaust\u00fcren lernen k\u00f6nnen. Schulleitungen, welche verwalten, haben den Eltern eine Mail geschrieben und den Lehrerinnen und Lehrern den Auftrag geben, den Sch\u00fclerinnen und Sch\u00fclern Aufgaben zu schicken.<\/p>\n\n\n\n<p>Schulleitungen, die jedoch gestalten, sind mitten im Geschehen. Sie\nschaffen Bedingungen, damit Lehrerinnen und Lehrer innovativ sein k\u00f6nnen, damit\nsie neue Formen des Unterrichtens ausprobieren k\u00f6nnen. Zudem interessieren sie\nsich f\u00fcr die gefundenen Resultate. Nicht zum Kontrollieren ob die Lehrerinnen\nund Lehrer ihre Aufgabe gemacht haben, sondern aus Interesse und zum Lernen.\nHier entsteht Neues und die Schule wird nach der Schliessung nicht mehr die\ngleiche sein wie vorher. <\/p>\n\n\n\n<p><strong>Welches der beiden Bilder ist unsere\nVorstellung von Schulleitung? <\/strong><\/p>\n\n\n\n<p>Wenn man das Beispiel der gestaltenden Schulleitung genauer anschaut,\ndann merkt man, dass ich unter Gestalten nicht das einsame, sondern kooperative\nTun von F\u00fchrungspersonen meine. Das f\u00fchrt mich zum zweiten Beispiel.<\/p>\n\n\n\n<p><strong>Schule allein oder gemeinschaftlich f\u00fchren?<\/strong><\/p>\n\n\n\n<p>Ist doch kalter Kaffee? Ich glaube nicht. Betrachtet man die Entwicklung der Schulleitung \u00fcber die letzten 20 Jahren in der deutschsprachigen Schweiz, so ist es offensichtlich, dass immer mehr Schulleitungen \u00abnur\u00bb noch in der Leitung sind und nicht mehr unterrichten. Es fand eine Trennung zwischen Unterricht und F\u00fchrung statt. Diese Trennung wurde bewusst gemacht und auch als St\u00e4rkung des Berufsstandes der Schulleitungen verstanden. Schulleitungen sind nicht Lehrpersonen, welche noch etwas f\u00fchren. Heute sind Schulleitungen als \u00abChefs der Schule\u00bb angekommen und das ist gut so. Wir haben jetzt aber teilweise die Situation, dass die Schulleitung f\u00fchrt und die Lehrerinnen und Lehrer unterrichten. Diese trennende Struktur halte ich jedoch f\u00fcr eine Fehlkonstruktion. Ich meine damit nicht, dass Schulleitungen wieder unterrichten m\u00fcssen, sondern dass F\u00fchrung gemeinschaftlich angesehen werden muss.<\/p>\n\n\n\n<p>Schulleitungen haben heute so viele Aufgaben, dass es gar nicht m\u00f6glich ist, diese von einer Person zu erf\u00fcllen. Und die Breite der Themen ist so breit, dass selbst Superwoman und Superman zusammen diese nicht abdecken k\u00f6nnen. Es ist jedoch richtig und wichtig, dass mehr Dinge auf der lokalen Ebene gel\u00f6st werden. Deswegen werden die Aufgaben der Schulf\u00fchrung weiter zunehmen. Das neue Ressourcenmodell im Kanton Aargau ist ein gutes Beispiel daf\u00fcr.  Dort erhalten die Schulleitungen nur noch einen Pool an Stellenprozenten und die Schulleitung vor Ort hat die Kompetenzen diese den Bed\u00fcrfnissen der einzelnen Schule entsprechend einzusetzen. <\/p>\n\n\n\n<p>Ich bin \u00fcberzeugt davon, dass wir die F\u00fchrung von Schule systemisch\ndenken m\u00fcssen. Damit meine ich nicht zur\u00fcck zur Basisdemokratie, sondern hin\nzur gemeinschaftlichen F\u00fchrung. In der gemeinschaftlichen F\u00fchrung haben\nverschiedene Personen verschiedene Aufgaben und Funktionen. Ich komme nochmals\nauf die heutige Situation mit den Schulschliessungen zu sprechen.<\/p>\n\n\n\n<p>An vielen Schulen haben die ICT-Verantwortlichen momentan eine wichtige Funktion. Oder k\u00f6nnten diese Funktion haben. Sie \u00fcbernehmen F\u00fchrung und schauen, dass die Lehrerinnen und Lehrer mit den verschiedenen Plattformen arbeiten k\u00f6nnen, sie beraten wie Lerneinheiten aufgebaut werden k\u00f6nnen, und machen viele andere Dinge, welche die Schulleitung gar nicht erf\u00fcllen k\u00f6nnte. Kluge Schulleitungen haben deshalb am Freitagabend die ICT-Verantwortlichen von ihrem Unterricht befreit und geschaut, dass andere Lehrerinnen und Lehrer in den n\u00e4chsten Wochen f\u00fcr die Klasse zust\u00e4ndig sind. Ich bin \u00fcberzeugt, dass Schulen, in denen verschiedene Personen \u2013 auch Teacher Leaders \u2013 F\u00fchrung und Verantwortung \u00fcbernehmen, die momentane Situation sehr viel leichter meistern.<\/p>\n\n\n\n<p>Aus dem internationalen Raum kennt man schon lange das Konzept von\nTeacher Leadership. Wir sind daran dieses f\u00fcr den deutschsprachigen Raum zu\nadaptieren und nutzbar zu machen. Dazu sind wir auf viele Schulen und ihre\nPraxis angewiesen und wir sind immer wieder erstaunt, wenn wir mit Schulen\nsprechen, was in diesem Bereich bereits alles gelebt wird. Aber haben wir auch\ndieses Professionsverst\u00e4ndnis?<\/p>\n\n\n\n<p>Es wird eine Zeit kommen, in der ich an der PH wieder Lift fahren kann. Vielleicht begegnen mir dann zwei Schulleitende, wo der eine zum anderen sagt: \u00abWeisch ich gstalte mini Schuel gmeinschaftlich mit de Lehrerinne und Lehrer\u00bb.<\/p>\n\n\n\n<pre class=\"wp-block-preformatted\">INFOBOX\n\n<a href=\"https:\/\/phzh.ch\/personen\/nina-cathrin.strauss\" target=\"_blank\" rel=\"noreferrer noopener\" aria-label=\" (\u00f6ffnet in neuem Tab)\">Nina-Cathrin Strauss<\/a> vom Zentrum Management und Leadership der PH Z\u00fcrich hat in Bildung Schweiz einen <a rel=\"noreferrer noopener\" aria-label=\" (\u00f6ffnet in neuem Tab)\" href=\"https:\/\/www.lch.ch\/fileadmin\/files\/documents\/BILDUNG_SCHWEIZ\/2020\/2002.pdf#page=38\" target=\"_blank\">Artikel zum Thema Teacher Leadership<\/a> publiziert. Am 28. November 2020 findet zudem an der PH Z\u00fcrich eine Tagung zum Thema \u00ab<a rel=\"noreferrer noopener\" aria-label=\" (\u00f6ffnet in neuem Tab)\" href=\"https:\/\/phzh.ch\/Weiterbildung\/weiterbildungssuche\/Anlassdetail\/Schulen-gemeinschaftlich-fuehren-n144434438.html\" target=\"_blank\">Teacher Leadership: Schule gemeinschaftlich f\u00fchren<\/a>\u00bb statt. <\/pre>\n\n\n\n<h2 class=\"wp-block-heading\">Zum Autor<\/h2>\n\n\n\n<div class=\"wp-block-image\"><figure class=\"alignleft size-large is-resized\"><img decoding=\"async\" src=\"http:\/\/blog.phzh.ch\/schulfuehrung\/files\/2020\/02\/Niels-Anderegg_Autorenbild-1.jpg\" alt=\"\" class=\"wp-image-2060\" width=\"127\" srcset=\"https:\/\/blog.phzh.ch\/schulfuehrung\/files\/2020\/02\/Niels-Anderegg_Autorenbild-1.jpg 700w, https:\/\/blog.phzh.ch\/schulfuehrung\/files\/2020\/02\/Niels-Anderegg_Autorenbild-1-225x300.jpg 225w\" sizes=\"(max-width: 700px) 100vw, 700px\" \/><\/figure><\/div>\n\n\n\n<p><a rel=\"noreferrer noopener\" aria-label=\"Niels Anderegg (\u00f6ffnet in neuem Tab)\" href=\"https:\/\/phzh.ch\/personen\/niels.anderegg\" target=\"_blank\">Niels Anderegg<\/a> leitet an der PH Z\u00fcrich das Zentrum Management und Leadership. In seiner Forschungs- und Lehrt\u00e4tigkeit befasst er sich mit dem Zusammenhang von F\u00fchrung und Lernen. Er interessiert sich f\u00fcr die Frage, was eine \u00abgute Schule\u00bb ist und was F\u00fchrungspersonen dazu beitragen k\u00f6nnen. Unter anderem leitet er den Lehrgang \u00ab<a rel=\"noreferrer noopener\" aria-label=\" (\u00f6ffnet in neuem Tab)\" href=\"https:\/\/phzh.ch\/de\/Weiterbildung\/Weiterbildung-Volksschulen\/CAS-MAS-Lehrgange\/CAS-Lehrgaenge\/\" target=\"_blank\">P\u00e4dagogische Schulf\u00fchrung<\/a>\u00bb und \u00ab<a rel=\"noreferrer noopener\" aria-label=\"Schulf\u00fchrung und Inklusion (\u00f6ffnet in neuem Tab)\" href=\"https:\/\/phzh.ch\/de\/Weiterbildung\/Weiterbildung-Volksschulen\/CAS-MAS-Lehrgange\/CAS-Lehrgaenge\/\" target=\"_blank\">Schulf\u00fchrung und Inklusion<\/a>\u00bb.<\/p>\n\n\n\n<p>Redaktion: Melina Maerten<\/p>\n\n\n\n<p>Titelbild: pixabay.com<\/p>\n","protected":false},"excerpt":{"rendered":"<p>Eine Liftfahrt mit zwei Studierenden kann inspirierend sein. Bei Niels Anderegg hat der Dialog zwischen den beiden die Frage zum Professionsverst\u00e4ndnis aufgeworfen. Zu einer Zeit, als die PH noch ge\u00f6ffnet war und man noch gemeinsam Lift fahren konnte, durfte ich einen Dialog zwischen zwei Studierenden mitanh\u00f6ren. Wir standen zu zweit im Lift, da schl\u00fcpft im &hellip; <a href=\"https:\/\/blog.phzh.ch\/schulfuehrung\/2020\/03\/20\/chunsch-cho-bastle\/\" class=\"more-link\"><span class=\"screen-reader-text\">\u00abChunsch cho bastle?\u00bb<\/span> weiterlesen<\/a><\/p>\n","protected":false},"author":1392,"featured_media":2221,"comment_status":"open","ping_status":"open","sticky":false,"template":"","format":"standard","meta":{"sfsi_plus_gutenberg_text_before_share":"","sfsi_plus_gutenberg_show_text_before_share":"","sfsi_plus_gutenberg_icon_type":"","sfsi_plus_gutenberg_icon_alignemt":"","sfsi_plus_gutenburg_max_per_row":"","footnotes":""},"categories":[106793,107309],"tags":[4186,45018,103391,107512,44958,107513],"class_list":["post-2209","post","type-post","status-publish","format-standard","has-post-thumbnail","hentry","category-aus-dem-tagebuch","category-alle-beitraege","tag-lehrpersonen","tag-management-und-leadership","tag-niels-anderegg","tag-professionsverstaendnis","tag-schulleitung","tag-teacher-leadership"],"yoast_head":"<!-- This site is optimized with the Yoast SEO plugin v26.8 - https:\/\/yoast.com\/product\/yoast-seo-wordpress\/ -->\n<title>\u00abChunsch cho bastle?\u00bb - Schulf\u00fchrung<\/title>\n<meta name=\"robots\" content=\"index, follow, max-snippet:-1, max-image-preview:large, max-video-preview:-1\" \/>\n<link rel=\"canonical\" href=\"https:\/\/blog.phzh.ch\/schulfuehrung\/2020\/03\/20\/chunsch-cho-bastle\/\" \/>\n<meta property=\"og:locale\" content=\"de_DE\" \/>\n<meta property=\"og:type\" content=\"article\" \/>\n<meta property=\"og:title\" content=\"\u00abChunsch cho bastle?\u00bb - Schulf\u00fchrung\" \/>\n<meta property=\"og:description\" content=\"Eine Liftfahrt mit zwei Studierenden kann inspirierend sein. Bei Niels Anderegg hat der Dialog zwischen den beiden die Frage zum Professionsverst\u00e4ndnis aufgeworfen. Zu einer Zeit, als die PH noch ge\u00f6ffnet war und man noch gemeinsam Lift fahren konnte, durfte ich einen Dialog zwischen zwei Studierenden mitanh\u00f6ren. Wir standen zu zweit im Lift, da schl\u00fcpft im &hellip; \u00abChunsch cho bastle?\u00bb weiterlesen\" \/>\n<meta property=\"og:url\" content=\"https:\/\/blog.phzh.ch\/schulfuehrung\/2020\/03\/20\/chunsch-cho-bastle\/\" \/>\n<meta property=\"og:site_name\" content=\"Schulf\u00fchrung\" \/>\n<meta property=\"article:published_time\" content=\"2020-03-20T03:00:00+00:00\" \/>\n<meta property=\"og:image\" content=\"http:\/\/blog.phzh.ch\/schulfuehrung\/files\/2020\/03\/lit_Titelbild_chunsch-cho-bastle_20200318_MLR.jpg\" \/>\n\t<meta property=\"og:image:width\" content=\"1280\" \/>\n\t<meta property=\"og:image:height\" content=\"853\" \/>\n\t<meta property=\"og:image:type\" content=\"image\/jpeg\" \/>\n<meta name=\"author\" content=\"melinamaerten\" \/>\n<meta name=\"twitter:card\" content=\"summary_large_image\" \/>\n<meta name=\"twitter:label1\" content=\"Verfasst von\" \/>\n\t<meta name=\"twitter:data1\" content=\"melinamaerten\" \/>\n\t<meta name=\"twitter:label2\" content=\"Gesch\u00e4tzte Lesezeit\" \/>\n\t<meta name=\"twitter:data2\" content=\"7\u00a0Minuten\" \/>\n<script type=\"application\/ld+json\" class=\"yoast-schema-graph\">{\"@context\":\"https:\/\/schema.org\",\"@graph\":[{\"@type\":\"Article\",\"@id\":\"https:\/\/blog.phzh.ch\/schulfuehrung\/2020\/03\/20\/chunsch-cho-bastle\/#article\",\"isPartOf\":{\"@id\":\"https:\/\/blog.phzh.ch\/schulfuehrung\/2020\/03\/20\/chunsch-cho-bastle\/\"},\"author\":{\"name\":\"melinamaerten\",\"@id\":\"https:\/\/blog.phzh.ch\/schulfuehrung\/#\/schema\/person\/13544ff30d01e0e5f98444f0696dcefb\"},\"headline\":\"\u00abChunsch cho bastle?\u00bb\",\"datePublished\":\"2020-03-20T03:00:00+00:00\",\"mainEntityOfPage\":{\"@id\":\"https:\/\/blog.phzh.ch\/schulfuehrung\/2020\/03\/20\/chunsch-cho-bastle\/\"},\"wordCount\":1442,\"commentCount\":0,\"image\":{\"@id\":\"https:\/\/blog.phzh.ch\/schulfuehrung\/2020\/03\/20\/chunsch-cho-bastle\/#primaryimage\"},\"thumbnailUrl\":\"https:\/\/blog.phzh.ch\/schulfuehrung\/files\/2020\/03\/lit_Titelbild_chunsch-cho-bastle_20200318_MLR.jpg\",\"keywords\":[\"Lehrpersonen\",\"Management und Leadership\",\"Niels Anderegg\",\"Professionsverst\u00e4ndnis\",\"Schulleitung\",\"Teacher Leadership\"],\"articleSection\":[\"Aus dem Tagebuch\",\"Gesamte Beitr\u00e4ge\"],\"inLanguage\":\"de\",\"potentialAction\":[{\"@type\":\"CommentAction\",\"name\":\"Comment\",\"target\":[\"https:\/\/blog.phzh.ch\/schulfuehrung\/2020\/03\/20\/chunsch-cho-bastle\/#respond\"]}]},{\"@type\":\"WebPage\",\"@id\":\"https:\/\/blog.phzh.ch\/schulfuehrung\/2020\/03\/20\/chunsch-cho-bastle\/\",\"url\":\"https:\/\/blog.phzh.ch\/schulfuehrung\/2020\/03\/20\/chunsch-cho-bastle\/\",\"name\":\"\u00abChunsch cho bastle?\u00bb - Schulf\u00fchrung\",\"isPartOf\":{\"@id\":\"https:\/\/blog.phzh.ch\/schulfuehrung\/#website\"},\"primaryImageOfPage\":{\"@id\":\"https:\/\/blog.phzh.ch\/schulfuehrung\/2020\/03\/20\/chunsch-cho-bastle\/#primaryimage\"},\"image\":{\"@id\":\"https:\/\/blog.phzh.ch\/schulfuehrung\/2020\/03\/20\/chunsch-cho-bastle\/#primaryimage\"},\"thumbnailUrl\":\"https:\/\/blog.phzh.ch\/schulfuehrung\/files\/2020\/03\/lit_Titelbild_chunsch-cho-bastle_20200318_MLR.jpg\",\"datePublished\":\"2020-03-20T03:00:00+00:00\",\"author\":{\"@id\":\"https:\/\/blog.phzh.ch\/schulfuehrung\/#\/schema\/person\/13544ff30d01e0e5f98444f0696dcefb\"},\"breadcrumb\":{\"@id\":\"https:\/\/blog.phzh.ch\/schulfuehrung\/2020\/03\/20\/chunsch-cho-bastle\/#breadcrumb\"},\"inLanguage\":\"de\",\"potentialAction\":[{\"@type\":\"ReadAction\",\"target\":[\"https:\/\/blog.phzh.ch\/schulfuehrung\/2020\/03\/20\/chunsch-cho-bastle\/\"]}]},{\"@type\":\"ImageObject\",\"inLanguage\":\"de\",\"@id\":\"https:\/\/blog.phzh.ch\/schulfuehrung\/2020\/03\/20\/chunsch-cho-bastle\/#primaryimage\",\"url\":\"https:\/\/blog.phzh.ch\/schulfuehrung\/files\/2020\/03\/lit_Titelbild_chunsch-cho-bastle_20200318_MLR.jpg\",\"contentUrl\":\"https:\/\/blog.phzh.ch\/schulfuehrung\/files\/2020\/03\/lit_Titelbild_chunsch-cho-bastle_20200318_MLR.jpg\",\"width\":1280,\"height\":853,\"caption\":\"Basteln oder Werken: Professionsverst\u00e4ndnis\"},{\"@type\":\"BreadcrumbList\",\"@id\":\"https:\/\/blog.phzh.ch\/schulfuehrung\/2020\/03\/20\/chunsch-cho-bastle\/#breadcrumb\",\"itemListElement\":[{\"@type\":\"ListItem\",\"position\":1,\"name\":\"Startseite\",\"item\":\"https:\/\/blog.phzh.ch\/schulfuehrung\/\"},{\"@type\":\"ListItem\",\"position\":2,\"name\":\"\u00abChunsch cho bastle?\u00bb\"}]},{\"@type\":\"WebSite\",\"@id\":\"https:\/\/blog.phzh.ch\/schulfuehrung\/#website\",\"url\":\"https:\/\/blog.phzh.ch\/schulfuehrung\/\",\"name\":\"Schulf\u00fchrung\",\"description\":\"phzh.ch\/schulfuehrung\",\"potentialAction\":[{\"@type\":\"SearchAction\",\"target\":{\"@type\":\"EntryPoint\",\"urlTemplate\":\"https:\/\/blog.phzh.ch\/schulfuehrung\/?s={search_term_string}\"},\"query-input\":{\"@type\":\"PropertyValueSpecification\",\"valueRequired\":true,\"valueName\":\"search_term_string\"}}],\"inLanguage\":\"de\"},{\"@type\":\"Person\",\"@id\":\"https:\/\/blog.phzh.ch\/schulfuehrung\/#\/schema\/person\/13544ff30d01e0e5f98444f0696dcefb\",\"name\":\"melinamaerten\",\"image\":{\"@type\":\"ImageObject\",\"inLanguage\":\"de\",\"@id\":\"https:\/\/blog.phzh.ch\/schulfuehrung\/#\/schema\/person\/image\/\",\"url\":\"https:\/\/secure.gravatar.com\/avatar\/581b196899ac4a61b7e20a29f4dd52fe?s=96&d=mm&r=g\",\"contentUrl\":\"https:\/\/secure.gravatar.com\/avatar\/581b196899ac4a61b7e20a29f4dd52fe?s=96&d=mm&r=g\",\"caption\":\"melinamaerten\"},\"url\":\"https:\/\/blog.phzh.ch\/schulfuehrung\/author\/melinamaerten\/\"}]}<\/script>\n<!-- \/ Yoast SEO plugin. -->","yoast_head_json":{"title":"\u00abChunsch cho bastle?\u00bb - Schulf\u00fchrung","robots":{"index":"index","follow":"follow","max-snippet":"max-snippet:-1","max-image-preview":"max-image-preview:large","max-video-preview":"max-video-preview:-1"},"canonical":"https:\/\/blog.phzh.ch\/schulfuehrung\/2020\/03\/20\/chunsch-cho-bastle\/","og_locale":"de_DE","og_type":"article","og_title":"\u00abChunsch cho bastle?\u00bb - Schulf\u00fchrung","og_description":"Eine Liftfahrt mit zwei Studierenden kann inspirierend sein. Bei Niels Anderegg hat der Dialog zwischen den beiden die Frage zum Professionsverst\u00e4ndnis aufgeworfen. Zu einer Zeit, als die PH noch ge\u00f6ffnet war und man noch gemeinsam Lift fahren konnte, durfte ich einen Dialog zwischen zwei Studierenden mitanh\u00f6ren. Wir standen zu zweit im Lift, da schl\u00fcpft im &hellip; \u00abChunsch cho bastle?\u00bb weiterlesen","og_url":"https:\/\/blog.phzh.ch\/schulfuehrung\/2020\/03\/20\/chunsch-cho-bastle\/","og_site_name":"Schulf\u00fchrung","article_published_time":"2020-03-20T03:00:00+00:00","og_image":[{"width":1280,"height":853,"url":"http:\/\/blog.phzh.ch\/schulfuehrung\/files\/2020\/03\/lit_Titelbild_chunsch-cho-bastle_20200318_MLR.jpg","type":"image\/jpeg"}],"author":"melinamaerten","twitter_card":"summary_large_image","twitter_misc":{"Verfasst von":"melinamaerten","Gesch\u00e4tzte Lesezeit":"7\u00a0Minuten"},"schema":{"@context":"https:\/\/schema.org","@graph":[{"@type":"Article","@id":"https:\/\/blog.phzh.ch\/schulfuehrung\/2020\/03\/20\/chunsch-cho-bastle\/#article","isPartOf":{"@id":"https:\/\/blog.phzh.ch\/schulfuehrung\/2020\/03\/20\/chunsch-cho-bastle\/"},"author":{"name":"melinamaerten","@id":"https:\/\/blog.phzh.ch\/schulfuehrung\/#\/schema\/person\/13544ff30d01e0e5f98444f0696dcefb"},"headline":"\u00abChunsch cho bastle?\u00bb","datePublished":"2020-03-20T03:00:00+00:00","mainEntityOfPage":{"@id":"https:\/\/blog.phzh.ch\/schulfuehrung\/2020\/03\/20\/chunsch-cho-bastle\/"},"wordCount":1442,"commentCount":0,"image":{"@id":"https:\/\/blog.phzh.ch\/schulfuehrung\/2020\/03\/20\/chunsch-cho-bastle\/#primaryimage"},"thumbnailUrl":"https:\/\/blog.phzh.ch\/schulfuehrung\/files\/2020\/03\/lit_Titelbild_chunsch-cho-bastle_20200318_MLR.jpg","keywords":["Lehrpersonen","Management und Leadership","Niels Anderegg","Professionsverst\u00e4ndnis","Schulleitung","Teacher Leadership"],"articleSection":["Aus dem Tagebuch","Gesamte Beitr\u00e4ge"],"inLanguage":"de","potentialAction":[{"@type":"CommentAction","name":"Comment","target":["https:\/\/blog.phzh.ch\/schulfuehrung\/2020\/03\/20\/chunsch-cho-bastle\/#respond"]}]},{"@type":"WebPage","@id":"https:\/\/blog.phzh.ch\/schulfuehrung\/2020\/03\/20\/chunsch-cho-bastle\/","url":"https:\/\/blog.phzh.ch\/schulfuehrung\/2020\/03\/20\/chunsch-cho-bastle\/","name":"\u00abChunsch cho bastle?\u00bb - Schulf\u00fchrung","isPartOf":{"@id":"https:\/\/blog.phzh.ch\/schulfuehrung\/#website"},"primaryImageOfPage":{"@id":"https:\/\/blog.phzh.ch\/schulfuehrung\/2020\/03\/20\/chunsch-cho-bastle\/#primaryimage"},"image":{"@id":"https:\/\/blog.phzh.ch\/schulfuehrung\/2020\/03\/20\/chunsch-cho-bastle\/#primaryimage"},"thumbnailUrl":"https:\/\/blog.phzh.ch\/schulfuehrung\/files\/2020\/03\/lit_Titelbild_chunsch-cho-bastle_20200318_MLR.jpg","datePublished":"2020-03-20T03:00:00+00:00","author":{"@id":"https:\/\/blog.phzh.ch\/schulfuehrung\/#\/schema\/person\/13544ff30d01e0e5f98444f0696dcefb"},"breadcrumb":{"@id":"https:\/\/blog.phzh.ch\/schulfuehrung\/2020\/03\/20\/chunsch-cho-bastle\/#breadcrumb"},"inLanguage":"de","potentialAction":[{"@type":"ReadAction","target":["https:\/\/blog.phzh.ch\/schulfuehrung\/2020\/03\/20\/chunsch-cho-bastle\/"]}]},{"@type":"ImageObject","inLanguage":"de","@id":"https:\/\/blog.phzh.ch\/schulfuehrung\/2020\/03\/20\/chunsch-cho-bastle\/#primaryimage","url":"https:\/\/blog.phzh.ch\/schulfuehrung\/files\/2020\/03\/lit_Titelbild_chunsch-cho-bastle_20200318_MLR.jpg","contentUrl":"https:\/\/blog.phzh.ch\/schulfuehrung\/files\/2020\/03\/lit_Titelbild_chunsch-cho-bastle_20200318_MLR.jpg","width":1280,"height":853,"caption":"Basteln oder Werken: Professionsverst\u00e4ndnis"},{"@type":"BreadcrumbList","@id":"https:\/\/blog.phzh.ch\/schulfuehrung\/2020\/03\/20\/chunsch-cho-bastle\/#breadcrumb","itemListElement":[{"@type":"ListItem","position":1,"name":"Startseite","item":"https:\/\/blog.phzh.ch\/schulfuehrung\/"},{"@type":"ListItem","position":2,"name":"\u00abChunsch cho bastle?\u00bb"}]},{"@type":"WebSite","@id":"https:\/\/blog.phzh.ch\/schulfuehrung\/#website","url":"https:\/\/blog.phzh.ch\/schulfuehrung\/","name":"Schulf\u00fchrung","description":"phzh.ch\/schulfuehrung","potentialAction":[{"@type":"SearchAction","target":{"@type":"EntryPoint","urlTemplate":"https:\/\/blog.phzh.ch\/schulfuehrung\/?s={search_term_string}"},"query-input":{"@type":"PropertyValueSpecification","valueRequired":true,"valueName":"search_term_string"}}],"inLanguage":"de"},{"@type":"Person","@id":"https:\/\/blog.phzh.ch\/schulfuehrung\/#\/schema\/person\/13544ff30d01e0e5f98444f0696dcefb","name":"melinamaerten","image":{"@type":"ImageObject","inLanguage":"de","@id":"https:\/\/blog.phzh.ch\/schulfuehrung\/#\/schema\/person\/image\/","url":"https:\/\/secure.gravatar.com\/avatar\/581b196899ac4a61b7e20a29f4dd52fe?s=96&d=mm&r=g","contentUrl":"https:\/\/secure.gravatar.com\/avatar\/581b196899ac4a61b7e20a29f4dd52fe?s=96&d=mm&r=g","caption":"melinamaerten"},"url":"https:\/\/blog.phzh.ch\/schulfuehrung\/author\/melinamaerten\/"}]}},"_links":{"self":[{"href":"https:\/\/blog.phzh.ch\/schulfuehrung\/wp-json\/wp\/v2\/posts\/2209","targetHints":{"allow":["GET"]}}],"collection":[{"href":"https:\/\/blog.phzh.ch\/schulfuehrung\/wp-json\/wp\/v2\/posts"}],"about":[{"href":"https:\/\/blog.phzh.ch\/schulfuehrung\/wp-json\/wp\/v2\/types\/post"}],"author":[{"embeddable":true,"href":"https:\/\/blog.phzh.ch\/schulfuehrung\/wp-json\/wp\/v2\/users\/1392"}],"replies":[{"embeddable":true,"href":"https:\/\/blog.phzh.ch\/schulfuehrung\/wp-json\/wp\/v2\/comments?post=2209"}],"version-history":[{"count":18,"href":"https:\/\/blog.phzh.ch\/schulfuehrung\/wp-json\/wp\/v2\/posts\/2209\/revisions"}],"predecessor-version":[{"id":2242,"href":"https:\/\/blog.phzh.ch\/schulfuehrung\/wp-json\/wp\/v2\/posts\/2209\/revisions\/2242"}],"wp:featuredmedia":[{"embeddable":true,"href":"https:\/\/blog.phzh.ch\/schulfuehrung\/wp-json\/wp\/v2\/media\/2221"}],"wp:attachment":[{"href":"https:\/\/blog.phzh.ch\/schulfuehrung\/wp-json\/wp\/v2\/media?parent=2209"}],"wp:term":[{"taxonomy":"category","embeddable":true,"href":"https:\/\/blog.phzh.ch\/schulfuehrung\/wp-json\/wp\/v2\/categories?post=2209"},{"taxonomy":"post_tag","embeddable":true,"href":"https:\/\/blog.phzh.ch\/schulfuehrung\/wp-json\/wp\/v2\/tags?post=2209"}],"curies":[{"name":"wp","href":"https:\/\/api.w.org\/{rel}","templated":true}]}}