{"id":2206,"date":"2020-03-18T10:40:00","date_gmt":"2020-03-18T09:40:00","guid":{"rendered":"https:\/\/blog.phzh.ch\/schulfuehrung\/?p=2206"},"modified":"2020-03-18T14:34:17","modified_gmt":"2020-03-18T13:34:17","slug":"hotline-zum-thema-fernlernen","status":"publish","type":"post","link":"https:\/\/blog.phzh.ch\/schulfuehrung\/2020\/03\/18\/hotline-zum-thema-fernlernen\/","title":{"rendered":"Hotline zum Thema Fernlernen"},"content":{"rendered":"\n<h2 class=\"wp-block-heading\">Zum Thema Fernlernen gibts eine Telefon-Hotline f\u00fcr Lehrpersonen und Schulleitungen der Deutschschweiz \u2013 043 305 50 00.<\/h2>\n\n\n\n<p>Montag \u2013 Freitag: 9 &#8211; 11 Uhr und 16 &#8211; 18 Uhr<\/p>\n\n\n\n<p>Montag \u2013 Donnerstag: zus\u00e4tzlich 19.30 &#8211; 21.30 Uhr<\/p>\n\n\n\n<p>Diese Hotline wird betrieben von Fachpersonen aus verschiedenen Kantonen und Organisationen und besteht voraussichtlich bis Ende M\u00e4rz 2020.<\/p>\n\n\n\n<p>Bitte bereiten Sie sich auf das Gespr\u00e4ch vor (je pr\u00e4ziser die Fragestellung ist, umso einfacher f\u00fcr das Beratungsteam).<\/p>\n\n\n\n<p>Vielen Dank, Gebert R\u00fcf Stiftung, f\u00fcr die Unterst\u00fctzung!<\/p>\n\n\n\n<h2 class=\"wp-block-heading\">Zur Autorin<\/h2>\n\n\n\n<div class=\"wp-block-image\"><figure class=\"alignleft size-large is-resized\"><img decoding=\"async\" src=\"http:\/\/blog.phzh.ch\/schulfuehrung\/files\/2020\/03\/Rahel-Tschopp_Foto-e1584535716814.jpg\" alt=\"Rahel Tschopp Zentrumsleiterin Medienbildung und Informatik\" class=\"wp-image-2227\" width=\"126\" srcset=\"https:\/\/blog.phzh.ch\/schulfuehrung\/files\/2020\/03\/Rahel-Tschopp_Foto-e1584535716814.jpg 540w, https:\/\/blog.phzh.ch\/schulfuehrung\/files\/2020\/03\/Rahel-Tschopp_Foto-e1584535716814-300x288.jpg 300w\" sizes=\"(max-width: 540px) 100vw, 540px\" \/><\/figure><\/div>\n\n\n\n<p><a rel=\"noreferrer noopener\" aria-label=\"Rahel Tschopp (\u00f6ffnet in neuem Tab)\" href=\"https:\/\/phzh.ch\/personen\/rahel.tschopp\" target=\"_blank\">Rahel Tschopp<\/a> ist Zentrumsleiterin f\u00fcr Medienbildung und Informatik an der PH Z\u00fcrich. In Projektleitungen, Prozessbegleitungen, Fachberatungen und<br>Schulentwicklung im Bereich Medien\/ICT kennt sie sich aus. <\/p>\n","protected":false},"excerpt":{"rendered":"<p>Zum Thema Fernlernen gibts eine Telefon-Hotline f\u00fcr Lehrpersonen und Schulleitungen der Deutschschweiz \u2013 043 305 50 00. Montag \u2013 Freitag: 9 &#8211; 11 Uhr und 16 &#8211; 18 Uhr Montag \u2013 Donnerstag: zus\u00e4tzlich 19.30 &#8211; 21.30 Uhr Diese Hotline wird betrieben von Fachpersonen aus verschiedenen Kantonen und Organisationen und besteht voraussichtlich bis Ende M\u00e4rz 2020. &hellip; <a href=\"https:\/\/blog.phzh.ch\/schulfuehrung\/2020\/03\/18\/hotline-zum-thema-fernlernen\/\" class=\"more-link\"><span class=\"screen-reader-text\">Hotline zum Thema Fernlernen<\/span> weiterlesen<\/a><\/p>\n","protected":false},"author":1416,"featured_media":2207,"comment_status":"open","ping_status":"open","sticky":false,"template":"","format":"standard","meta":{"sfsi_plus_gutenberg_text_before_share":"","sfsi_plus_gutenberg_show_text_before_share":"","sfsi_plus_gutenberg_icon_type":"","sfsi_plus_gutenberg_icon_alignemt":"","sfsi_plus_gutenburg_max_per_row":"","footnotes":""},"categories":[107128,107309],"tags":[107511,107510,107509,107311],"class_list":["post-2206","post","type-post","status-publish","format-standard","has-post-thumbnail","hentry","category-entdecken","category-alle-beitraege","tag-fernlernen","tag-helpline","tag-hotline","tag-rahel-tschopp"],"yoast_head":"<!-- This site is optimized with the Yoast SEO plugin v26.8 - https:\/\/yoast.com\/product\/yoast-seo-wordpress\/ -->\n<title>Hotline zum Thema Fernlernen - Schulf\u00fchrung<\/title>\n<meta name=\"robots\" content=\"index, follow, max-snippet:-1, max-image-preview:large, max-video-preview:-1\" \/>\n<link rel=\"canonical\" href=\"https:\/\/blog.phzh.ch\/schulfuehrung\/2020\/03\/18\/hotline-zum-thema-fernlernen\/\" \/>\n<meta property=\"og:locale\" content=\"de_DE\" \/>\n<meta property=\"og:type\" content=\"article\" \/>\n<meta property=\"og:title\" content=\"Hotline zum Thema Fernlernen - Schulf\u00fchrung\" \/>\n<meta property=\"og:description\" content=\"Zum Thema Fernlernen gibts eine Telefon-Hotline f\u00fcr Lehrpersonen und Schulleitungen der Deutschschweiz \u2013 043 305 50 00. Montag \u2013 Freitag: 9 &#8211; 11 Uhr und 16 &#8211; 18 Uhr Montag \u2013 Donnerstag: zus\u00e4tzlich 19.30 &#8211; 21.30 Uhr Diese Hotline wird betrieben von Fachpersonen aus verschiedenen Kantonen und Organisationen und besteht voraussichtlich bis Ende M\u00e4rz 2020. &hellip; Hotline zum Thema Fernlernen weiterlesen\" \/>\n<meta property=\"og:url\" content=\"https:\/\/blog.phzh.ch\/schulfuehrung\/2020\/03\/18\/hotline-zum-thema-fernlernen\/\" \/>\n<meta property=\"og:site_name\" content=\"Schulf\u00fchrung\" \/>\n<meta property=\"article:published_time\" content=\"2020-03-18T09:40:00+00:00\" \/>\n<meta property=\"article:modified_time\" content=\"2020-03-18T13:34:17+00:00\" \/>\n<meta property=\"og:image\" content=\"https:\/\/blog.phzh.ch\/schulfuehrung\/files\/2020\/03\/Bildschirmfoto-2020-03-18-um-09.55.34.png\" \/>\n\t<meta property=\"og:image:width\" content=\"1854\" \/>\n\t<meta property=\"og:image:height\" content=\"930\" \/>\n\t<meta property=\"og:image:type\" content=\"image\/png\" \/>\n<meta name=\"author\" content=\"joerg.berger@phzh.ch\" \/>\n<meta name=\"twitter:card\" content=\"summary_large_image\" \/>\n<meta name=\"twitter:label1\" content=\"Verfasst von\" \/>\n\t<meta name=\"twitter:data1\" content=\"joerg.berger@phzh.ch\" \/>\n\t<meta name=\"twitter:label2\" content=\"Gesch\u00e4tzte Lesezeit\" \/>\n\t<meta name=\"twitter:data2\" content=\"1\u00a0Minute\" \/>\n<script type=\"application\/ld+json\" class=\"yoast-schema-graph\">{\"@context\":\"https:\/\/schema.org\",\"@graph\":[{\"@type\":\"Article\",\"@id\":\"https:\/\/blog.phzh.ch\/schulfuehrung\/2020\/03\/18\/hotline-zum-thema-fernlernen\/#article\",\"isPartOf\":{\"@id\":\"https:\/\/blog.phzh.ch\/schulfuehrung\/2020\/03\/18\/hotline-zum-thema-fernlernen\/\"},\"author\":{\"name\":\"joerg.berger@phzh.ch\",\"@id\":\"https:\/\/blog.phzh.ch\/schulfuehrung\/#\/schema\/person\/054349b95d3a6f07edb6b76b4f30280b\"},\"headline\":\"Hotline zum Thema Fernlernen\",\"datePublished\":\"2020-03-18T09:40:00+00:00\",\"dateModified\":\"2020-03-18T13:34:17+00:00\",\"mainEntityOfPage\":{\"@id\":\"https:\/\/blog.phzh.ch\/schulfuehrung\/2020\/03\/18\/hotline-zum-thema-fernlernen\/\"},\"wordCount\":109,\"commentCount\":0,\"image\":{\"@id\":\"https:\/\/blog.phzh.ch\/schulfuehrung\/2020\/03\/18\/hotline-zum-thema-fernlernen\/#primaryimage\"},\"thumbnailUrl\":\"https:\/\/blog.phzh.ch\/schulfuehrung\/files\/2020\/03\/Bildschirmfoto-2020-03-18-um-09.55.34.png\",\"keywords\":[\"Fernlernen\",\"Helpline\",\"Hotline\",\"Rahel Tschopp\"],\"articleSection\":[\"Entdecken\",\"Gesamte Beitr\u00e4ge\"],\"inLanguage\":\"de\",\"potentialAction\":[{\"@type\":\"CommentAction\",\"name\":\"Comment\",\"target\":[\"https:\/\/blog.phzh.ch\/schulfuehrung\/2020\/03\/18\/hotline-zum-thema-fernlernen\/#respond\"]}]},{\"@type\":\"WebPage\",\"@id\":\"https:\/\/blog.phzh.ch\/schulfuehrung\/2020\/03\/18\/hotline-zum-thema-fernlernen\/\",\"url\":\"https:\/\/blog.phzh.ch\/schulfuehrung\/2020\/03\/18\/hotline-zum-thema-fernlernen\/\",\"name\":\"Hotline zum Thema Fernlernen - Schulf\u00fchrung\",\"isPartOf\":{\"@id\":\"https:\/\/blog.phzh.ch\/schulfuehrung\/#website\"},\"primaryImageOfPage\":{\"@id\":\"https:\/\/blog.phzh.ch\/schulfuehrung\/2020\/03\/18\/hotline-zum-thema-fernlernen\/#primaryimage\"},\"image\":{\"@id\":\"https:\/\/blog.phzh.ch\/schulfuehrung\/2020\/03\/18\/hotline-zum-thema-fernlernen\/#primaryimage\"},\"thumbnailUrl\":\"https:\/\/blog.phzh.ch\/schulfuehrung\/files\/2020\/03\/Bildschirmfoto-2020-03-18-um-09.55.34.png\",\"datePublished\":\"2020-03-18T09:40:00+00:00\",\"dateModified\":\"2020-03-18T13:34:17+00:00\",\"author\":{\"@id\":\"https:\/\/blog.phzh.ch\/schulfuehrung\/#\/schema\/person\/054349b95d3a6f07edb6b76b4f30280b\"},\"breadcrumb\":{\"@id\":\"https:\/\/blog.phzh.ch\/schulfuehrung\/2020\/03\/18\/hotline-zum-thema-fernlernen\/#breadcrumb\"},\"inLanguage\":\"de\",\"potentialAction\":[{\"@type\":\"ReadAction\",\"target\":[\"https:\/\/blog.phzh.ch\/schulfuehrung\/2020\/03\/18\/hotline-zum-thema-fernlernen\/\"]}]},{\"@type\":\"ImageObject\",\"inLanguage\":\"de\",\"@id\":\"https:\/\/blog.phzh.ch\/schulfuehrung\/2020\/03\/18\/hotline-zum-thema-fernlernen\/#primaryimage\",\"url\":\"https:\/\/blog.phzh.ch\/schulfuehrung\/files\/2020\/03\/Bildschirmfoto-2020-03-18-um-09.55.34.png\",\"contentUrl\":\"https:\/\/blog.phzh.ch\/schulfuehrung\/files\/2020\/03\/Bildschirmfoto-2020-03-18-um-09.55.34.png\",\"width\":1854,\"height\":930},{\"@type\":\"BreadcrumbList\",\"@id\":\"https:\/\/blog.phzh.ch\/schulfuehrung\/2020\/03\/18\/hotline-zum-thema-fernlernen\/#breadcrumb\",\"itemListElement\":[{\"@type\":\"ListItem\",\"position\":1,\"name\":\"Startseite\",\"item\":\"https:\/\/blog.phzh.ch\/schulfuehrung\/\"},{\"@type\":\"ListItem\",\"position\":2,\"name\":\"Hotline zum Thema Fernlernen\"}]},{\"@type\":\"WebSite\",\"@id\":\"https:\/\/blog.phzh.ch\/schulfuehrung\/#website\",\"url\":\"https:\/\/blog.phzh.ch\/schulfuehrung\/\",\"name\":\"Schulf\u00fchrung\",\"description\":\"phzh.ch\/schulfuehrung\",\"potentialAction\":[{\"@type\":\"SearchAction\",\"target\":{\"@type\":\"EntryPoint\",\"urlTemplate\":\"https:\/\/blog.phzh.ch\/schulfuehrung\/?s={search_term_string}\"},\"query-input\":{\"@type\":\"PropertyValueSpecification\",\"valueRequired\":true,\"valueName\":\"search_term_string\"}}],\"inLanguage\":\"de\"},{\"@type\":\"Person\",\"@id\":\"https:\/\/blog.phzh.ch\/schulfuehrung\/#\/schema\/person\/054349b95d3a6f07edb6b76b4f30280b\",\"name\":\"joerg.berger@phzh.ch\",\"image\":{\"@type\":\"ImageObject\",\"inLanguage\":\"de\",\"@id\":\"https:\/\/blog.phzh.ch\/schulfuehrung\/#\/schema\/person\/image\/\",\"url\":\"https:\/\/secure.gravatar.com\/avatar\/7feadf7133c63f799cd5819f21ccc220?s=96&d=mm&r=g\",\"contentUrl\":\"https:\/\/secure.gravatar.com\/avatar\/7feadf7133c63f799cd5819f21ccc220?s=96&d=mm&r=g\",\"caption\":\"joerg.berger@phzh.ch\"},\"url\":\"https:\/\/blog.phzh.ch\/schulfuehrung\/author\/joerg-bergerphzh-ch\/\"}]}<\/script>\n<!-- \/ Yoast SEO plugin. -->","yoast_head_json":{"title":"Hotline zum Thema Fernlernen - Schulf\u00fchrung","robots":{"index":"index","follow":"follow","max-snippet":"max-snippet:-1","max-image-preview":"max-image-preview:large","max-video-preview":"max-video-preview:-1"},"canonical":"https:\/\/blog.phzh.ch\/schulfuehrung\/2020\/03\/18\/hotline-zum-thema-fernlernen\/","og_locale":"de_DE","og_type":"article","og_title":"Hotline zum Thema Fernlernen - Schulf\u00fchrung","og_description":"Zum Thema Fernlernen gibts eine Telefon-Hotline f\u00fcr Lehrpersonen und Schulleitungen der Deutschschweiz \u2013 043 305 50 00. Montag \u2013 Freitag: 9 &#8211; 11 Uhr und 16 &#8211; 18 Uhr Montag \u2013 Donnerstag: zus\u00e4tzlich 19.30 &#8211; 21.30 Uhr Diese Hotline wird betrieben von Fachpersonen aus verschiedenen Kantonen und Organisationen und besteht voraussichtlich bis Ende M\u00e4rz 2020. &hellip; Hotline zum Thema Fernlernen weiterlesen","og_url":"https:\/\/blog.phzh.ch\/schulfuehrung\/2020\/03\/18\/hotline-zum-thema-fernlernen\/","og_site_name":"Schulf\u00fchrung","article_published_time":"2020-03-18T09:40:00+00:00","article_modified_time":"2020-03-18T13:34:17+00:00","og_image":[{"width":1854,"height":930,"url":"https:\/\/blog.phzh.ch\/schulfuehrung\/files\/2020\/03\/Bildschirmfoto-2020-03-18-um-09.55.34.png","type":"image\/png"}],"author":"joerg.berger@phzh.ch","twitter_card":"summary_large_image","twitter_misc":{"Verfasst von":"joerg.berger@phzh.ch","Gesch\u00e4tzte Lesezeit":"1\u00a0Minute"},"schema":{"@context":"https:\/\/schema.org","@graph":[{"@type":"Article","@id":"https:\/\/blog.phzh.ch\/schulfuehrung\/2020\/03\/18\/hotline-zum-thema-fernlernen\/#article","isPartOf":{"@id":"https:\/\/blog.phzh.ch\/schulfuehrung\/2020\/03\/18\/hotline-zum-thema-fernlernen\/"},"author":{"name":"joerg.berger@phzh.ch","@id":"https:\/\/blog.phzh.ch\/schulfuehrung\/#\/schema\/person\/054349b95d3a6f07edb6b76b4f30280b"},"headline":"Hotline zum Thema Fernlernen","datePublished":"2020-03-18T09:40:00+00:00","dateModified":"2020-03-18T13:34:17+00:00","mainEntityOfPage":{"@id":"https:\/\/blog.phzh.ch\/schulfuehrung\/2020\/03\/18\/hotline-zum-thema-fernlernen\/"},"wordCount":109,"commentCount":0,"image":{"@id":"https:\/\/blog.phzh.ch\/schulfuehrung\/2020\/03\/18\/hotline-zum-thema-fernlernen\/#primaryimage"},"thumbnailUrl":"https:\/\/blog.phzh.ch\/schulfuehrung\/files\/2020\/03\/Bildschirmfoto-2020-03-18-um-09.55.34.png","keywords":["Fernlernen","Helpline","Hotline","Rahel Tschopp"],"articleSection":["Entdecken","Gesamte Beitr\u00e4ge"],"inLanguage":"de","potentialAction":[{"@type":"CommentAction","name":"Comment","target":["https:\/\/blog.phzh.ch\/schulfuehrung\/2020\/03\/18\/hotline-zum-thema-fernlernen\/#respond"]}]},{"@type":"WebPage","@id":"https:\/\/blog.phzh.ch\/schulfuehrung\/2020\/03\/18\/hotline-zum-thema-fernlernen\/","url":"https:\/\/blog.phzh.ch\/schulfuehrung\/2020\/03\/18\/hotline-zum-thema-fernlernen\/","name":"Hotline zum Thema Fernlernen - Schulf\u00fchrung","isPartOf":{"@id":"https:\/\/blog.phzh.ch\/schulfuehrung\/#website"},"primaryImageOfPage":{"@id":"https:\/\/blog.phzh.ch\/schulfuehrung\/2020\/03\/18\/hotline-zum-thema-fernlernen\/#primaryimage"},"image":{"@id":"https:\/\/blog.phzh.ch\/schulfuehrung\/2020\/03\/18\/hotline-zum-thema-fernlernen\/#primaryimage"},"thumbnailUrl":"https:\/\/blog.phzh.ch\/schulfuehrung\/files\/2020\/03\/Bildschirmfoto-2020-03-18-um-09.55.34.png","datePublished":"2020-03-18T09:40:00+00:00","dateModified":"2020-03-18T13:34:17+00:00","author":{"@id":"https:\/\/blog.phzh.ch\/schulfuehrung\/#\/schema\/person\/054349b95d3a6f07edb6b76b4f30280b"},"breadcrumb":{"@id":"https:\/\/blog.phzh.ch\/schulfuehrung\/2020\/03\/18\/hotline-zum-thema-fernlernen\/#breadcrumb"},"inLanguage":"de","potentialAction":[{"@type":"ReadAction","target":["https:\/\/blog.phzh.ch\/schulfuehrung\/2020\/03\/18\/hotline-zum-thema-fernlernen\/"]}]},{"@type":"ImageObject","inLanguage":"de","@id":"https:\/\/blog.phzh.ch\/schulfuehrung\/2020\/03\/18\/hotline-zum-thema-fernlernen\/#primaryimage","url":"https:\/\/blog.phzh.ch\/schulfuehrung\/files\/2020\/03\/Bildschirmfoto-2020-03-18-um-09.55.34.png","contentUrl":"https:\/\/blog.phzh.ch\/schulfuehrung\/files\/2020\/03\/Bildschirmfoto-2020-03-18-um-09.55.34.png","width":1854,"height":930},{"@type":"BreadcrumbList","@id":"https:\/\/blog.phzh.ch\/schulfuehrung\/2020\/03\/18\/hotline-zum-thema-fernlernen\/#breadcrumb","itemListElement":[{"@type":"ListItem","position":1,"name":"Startseite","item":"https:\/\/blog.phzh.ch\/schulfuehrung\/"},{"@type":"ListItem","position":2,"name":"Hotline zum Thema Fernlernen"}]},{"@type":"WebSite","@id":"https:\/\/blog.phzh.ch\/schulfuehrung\/#website","url":"https:\/\/blog.phzh.ch\/schulfuehrung\/","name":"Schulf\u00fchrung","description":"phzh.ch\/schulfuehrung","potentialAction":[{"@type":"SearchAction","target":{"@type":"EntryPoint","urlTemplate":"https:\/\/blog.phzh.ch\/schulfuehrung\/?s={search_term_string}"},"query-input":{"@type":"PropertyValueSpecification","valueRequired":true,"valueName":"search_term_string"}}],"inLanguage":"de"},{"@type":"Person","@id":"https:\/\/blog.phzh.ch\/schulfuehrung\/#\/schema\/person\/054349b95d3a6f07edb6b76b4f30280b","name":"joerg.berger@phzh.ch","image":{"@type":"ImageObject","inLanguage":"de","@id":"https:\/\/blog.phzh.ch\/schulfuehrung\/#\/schema\/person\/image\/","url":"https:\/\/secure.gravatar.com\/avatar\/7feadf7133c63f799cd5819f21ccc220?s=96&d=mm&r=g","contentUrl":"https:\/\/secure.gravatar.com\/avatar\/7feadf7133c63f799cd5819f21ccc220?s=96&d=mm&r=g","caption":"joerg.berger@phzh.ch"},"url":"https:\/\/blog.phzh.ch\/schulfuehrung\/author\/joerg-bergerphzh-ch\/"}]}},"_links":{"self":[{"href":"https:\/\/blog.phzh.ch\/schulfuehrung\/wp-json\/wp\/v2\/posts\/2206","targetHints":{"allow":["GET"]}}],"collection":[{"href":"https:\/\/blog.phzh.ch\/schulfuehrung\/wp-json\/wp\/v2\/posts"}],"about":[{"href":"https:\/\/blog.phzh.ch\/schulfuehrung\/wp-json\/wp\/v2\/types\/post"}],"author":[{"embeddable":true,"href":"https:\/\/blog.phzh.ch\/schulfuehrung\/wp-json\/wp\/v2\/users\/1416"}],"replies":[{"embeddable":true,"href":"https:\/\/blog.phzh.ch\/schulfuehrung\/wp-json\/wp\/v2\/comments?post=2206"}],"version-history":[{"count":12,"href":"https:\/\/blog.phzh.ch\/schulfuehrung\/wp-json\/wp\/v2\/posts\/2206\/revisions"}],"predecessor-version":[{"id":2243,"href":"https:\/\/blog.phzh.ch\/schulfuehrung\/wp-json\/wp\/v2\/posts\/2206\/revisions\/2243"}],"wp:featuredmedia":[{"embeddable":true,"href":"https:\/\/blog.phzh.ch\/schulfuehrung\/wp-json\/wp\/v2\/media\/2207"}],"wp:attachment":[{"href":"https:\/\/blog.phzh.ch\/schulfuehrung\/wp-json\/wp\/v2\/media?parent=2206"}],"wp:term":[{"taxonomy":"category","embeddable":true,"href":"https:\/\/blog.phzh.ch\/schulfuehrung\/wp-json\/wp\/v2\/categories?post=2206"},{"taxonomy":"post_tag","embeddable":true,"href":"https:\/\/blog.phzh.ch\/schulfuehrung\/wp-json\/wp\/v2\/tags?post=2206"}],"curies":[{"name":"wp","href":"https:\/\/api.w.org\/{rel}","templated":true}]}}