{"id":1858,"date":"2019-12-04T04:00:42","date_gmt":"2019-12-04T03:00:42","guid":{"rendered":"https:\/\/blog.phzh.ch\/schulfuehrung\/?p=1858"},"modified":"2019-12-04T12:21:20","modified_gmt":"2019-12-04T11:21:20","slug":"wertschaetzung-im-schulleitungsalltag","status":"publish","type":"post","link":"https:\/\/blog.phzh.ch\/schulfuehrung\/2019\/12\/04\/wertschaetzung-im-schulleitungsalltag\/","title":{"rendered":"Wertsch\u00e4tzung im Schul(leitungs)alltag"},"content":{"rendered":"<p><strong>Oft kritisieren Angestellte mangelnde Wertsch\u00e4tzung von Vorgesetzten. Dies kritisieren auch Lehrpersonen. Wie l\u00e4sst sich dieses Ph\u00e4nomen erkl\u00e4ren?<\/strong><\/p>\n<p>Es ist eine anthropologische Konstante, dass Wertsch\u00e4tzung ein zentrales Bed\u00fcrfnis und etwas vom Wesentlichen im Zusammenleben und -arbeiten ist. Menschen brauchen noch mehr davon, wenn sie belastet oder unsicher sind.<\/p>\n<p>Oliver Sprecher ist Gesamtschulleiter der Primarstufe Reinach in Basel und Mitglied eines 5-k\u00f6pfigen Schulleitungsteams. Das Team hat sich intensiv mit der Form von Wertsch\u00e4tzung auseinandergesetzt und sich folgende Fragen gestellt:<\/p>\n<p>Welche ist unsere gemeinsame innere Haltung anderen gegen\u00fcber? Wie dr\u00fccken wir authentische Wertsch\u00e4tzung unseren Mitarbeiterinnen und Mitarbeitern gegen\u00fcber aus (unabh\u00e4ngig von Taten oder Leistungen)? In welcher Form n\u00fctzt sie ihnen? Ist Wertsch\u00e4tzung etwas Einseitiges?<\/p>\n<p>Wir haben auch unsere Mitarbeiterinnen und Mitarbeiter im Rahmen des Weiterbildungsschwerpunkts zur Beziehungskompetenz gefragt, was Wertsch\u00e4tzung f\u00fcr sie bedeutet und uns dar\u00fcber ausgetauscht.<\/p>\n<p><strong>Was Wertsch\u00e4tzung unter Leitungspersonen und Mitarbeitenden bedeutet<\/strong><\/p>\n<p><!--more--><\/p>\n<p>Authentische Wertsch\u00e4tzung gegen\u00fcber unseren Mitarbeiterinnen und Mitarbeitern dr\u00fccken wir so aus, indem wir als Leitungsteam m\u00f6glichst oft vor Ort sind, Anteil nehmen an \u00abgood practice\u00bb-Beispielen unseres Schulalltags und regelm\u00e4ssig spontane, regul\u00e4re oder CWT-Unterrichtsbesuche (Classroom Walkthrough) durchf\u00fchren. Wir sind, wenn leistbar, anwesend bei Schul(haus)anl\u00e4ssen verschiedenster Art. Wir interessieren uns f\u00fcr die Arbeit unserer Mitarbeitenden. Wir schauen genau hin, h\u00f6ren zu, fragen nach und lassen uns erkl\u00e4ren.<\/p>\n<p>Wir treten mit unseren Mitarbeiterinnen und Mitarbeitern wohlwollend und respektvoll in Kontakt, suchen aktiv das Gespr\u00e4ch und den konstruktiven-kritischen Austausch \u00fcber Unterricht und Schulalltag. Ein Zeichen von Wertsch\u00e4tzung sind f\u00fcr uns deshalb auch regelm\u00e4ssig stattfindende Mitarbeiter- und Feedbackgespr\u00e4che, wo gemeinsam auf qualitativer Ebene Ziele und Meilensteine vereinbart werden. Wir binden unsere Mitarbeitenden partizipativ in Entscheidungsprozesse ein, setzen sie bewusst als Expertinnen und Experten ein und f\u00f6rdern so aktiv den Austausch von Wissen untereinander.<\/p>\n<p>Wir unterst\u00fctzen unsere Mitarbeiterinnen und Mitarbeiter in kritischen und belastenden Situationen, stehen Ihnen zur Seite, halten Ihnen den R\u00fccken frei und nehmen sie in die Pflicht. Gelebte Wertsch\u00e4tzung, und das ist unser Credo, bedeutet f\u00fcr uns, Vertrauen in die Arbeit unserer Mitarbeitenden zu haben und so ihr Selbstwertgef\u00fchl zu st\u00e4rken \u2013 letztendlich setzt dies neue Kr\u00e4fte frei und wirkt motivierend!<\/p>\n<p><strong>Eine lebendige Wertsch\u00e4tzung zeigen<\/strong><\/p>\n<p>Dar\u00fcber hinaus gibt es an unserer Schule noch die Form von lebendiger Wertsch\u00e4tzung, welche nirgends niedergeschrieben ist. Als 175-k\u00f6pfige Schulgemeinschaft zelebrieren wir bestimmte Anl\u00e4sse und Rituale, zu welchen jeweils die Schulleitung einl\u00e4dt:<\/p>\n<p>Gemeinsamer Grillanlass vor Beginn des neuen Schuljahres, Weihnachtsessen f\u00fcr Schulhausleitungen und Steuergruppenmitglieder, Abschiedsessen f\u00fcr austretende Mitarbeitende und Anl\u00e4sse f\u00fcr Mitarbeitende, die in den wohlverdienten Ruhestand gehen. W\u00e4hrend des Schulalltags \u00abvers\u00fcssen\u00bb wir regelm\u00e4ssig die Weihnachts,- Oster,- Fr\u00fchlings- und Sommerzeit unserer Teams in den Quartierschulh\u00e4usern und Kinderg\u00e4rten mit einer kleinen Aufmerksamkeit oder einem Goodie.<\/p>\n<p>Auch die kommunalen Beh\u00f6rden dr\u00fccken ihre Wertsch\u00e4tzung den Mitarbeiterinnen und Mitarbeitern gegen\u00fcber mit einem j\u00e4hrlich wiederkehrenden Motto-Fest aus. Und zu guter Letzt ist es uns \u00e4usserst wichtig, dass wir uns mit einem pers\u00f6nlichen Wort, einer Geste, einem Dank, einem Gl\u00fcckwunsch oder ganz generell als Zeichen der Wertsch\u00e4tzung bei Geburtstagen, Hochzeiten, Geburten, Spitalaufenthalten, Langzeiterkrankungen oder Todesf\u00e4llen an unsere Mitarbeiterinnen und Mitarbeiter richten k\u00f6nnen.<\/p>\n<p><em>Oliver Sprecher, Gesamtschulleiter Primarstufe Reinach BL<\/em><\/p>\n<p>Bild: pixabay.com<\/p>\n","protected":false},"excerpt":{"rendered":"<p>Oft kritisieren Angestellte mangelnde Wertsch\u00e4tzung von Vorgesetzten. Dies kritisieren auch Lehrpersonen. Wie l\u00e4sst sich dieses Ph\u00e4nomen erkl\u00e4ren? Es ist eine anthropologische Konstante, dass Wertsch\u00e4tzung ein zentrales Bed\u00fcrfnis und etwas vom Wesentlichen im Zusammenleben und -arbeiten ist. Menschen brauchen noch mehr davon, wenn sie belastet oder unsicher sind. Oliver Sprecher ist Gesamtschulleiter der Primarstufe Reinach in &hellip; <a href=\"https:\/\/blog.phzh.ch\/schulfuehrung\/2019\/12\/04\/wertschaetzung-im-schulleitungsalltag\/\" class=\"more-link\"><span class=\"screen-reader-text\">Wertsch\u00e4tzung im Schul(leitungs)alltag<\/span> weiterlesen<\/a><\/p>\n","protected":false},"author":1392,"featured_media":1861,"comment_status":"open","ping_status":"open","sticky":false,"template":"","format":"standard","meta":{"sfsi_plus_gutenberg_text_before_share":"","sfsi_plus_gutenberg_show_text_before_share":"","sfsi_plus_gutenberg_icon_type":"","sfsi_plus_gutenberg_icon_alignemt":"","sfsi_plus_gutenburg_max_per_row":"","footnotes":""},"categories":[106793,107309],"tags":[106718,107424,107427,107426,44958,107422,107425],"class_list":["post-1858","post","type-post","status-publish","format-standard","has-post-thumbnail","hentry","category-aus-dem-tagebuch","category-alle-beitraege","tag-fuehrungspersonen","tag-oliver-sprecher","tag-primarstufe-reinach","tag-schulalltag","tag-schulleitung","tag-wertschaetzende-fuehrung","tag-wertschaetzung"],"yoast_head":"<!-- This site is optimized with the Yoast SEO plugin v26.8 - https:\/\/yoast.com\/product\/yoast-seo-wordpress\/ -->\n<title>Wertsch\u00e4tzung im Schul(leitungs)alltag - Schulf\u00fchrung<\/title>\n<meta name=\"robots\" content=\"index, follow, max-snippet:-1, max-image-preview:large, max-video-preview:-1\" \/>\n<link rel=\"canonical\" href=\"https:\/\/blog.phzh.ch\/schulfuehrung\/2019\/12\/04\/wertschaetzung-im-schulleitungsalltag\/\" \/>\n<meta property=\"og:locale\" content=\"de_DE\" \/>\n<meta property=\"og:type\" content=\"article\" \/>\n<meta property=\"og:title\" content=\"Wertsch\u00e4tzung im Schul(leitungs)alltag - Schulf\u00fchrung\" \/>\n<meta property=\"og:description\" content=\"Oft kritisieren Angestellte mangelnde Wertsch\u00e4tzung von Vorgesetzten. Dies kritisieren auch Lehrpersonen. Wie l\u00e4sst sich dieses Ph\u00e4nomen erkl\u00e4ren? Es ist eine anthropologische Konstante, dass Wertsch\u00e4tzung ein zentrales Bed\u00fcrfnis und etwas vom Wesentlichen im Zusammenleben und -arbeiten ist. Menschen brauchen noch mehr davon, wenn sie belastet oder unsicher sind. Oliver Sprecher ist Gesamtschulleiter der Primarstufe Reinach in &hellip; Wertsch\u00e4tzung im Schul(leitungs)alltag weiterlesen\" \/>\n<meta property=\"og:url\" content=\"https:\/\/blog.phzh.ch\/schulfuehrung\/2019\/12\/04\/wertschaetzung-im-schulleitungsalltag\/\" \/>\n<meta property=\"og:site_name\" content=\"Schulf\u00fchrung\" \/>\n<meta property=\"article:published_time\" content=\"2019-12-04T03:00:42+00:00\" \/>\n<meta property=\"article:modified_time\" content=\"2019-12-04T11:21:20+00:00\" \/>\n<meta property=\"og:image\" content=\"https:\/\/blog.phzh.ch\/schulfuehrung\/files\/2019\/12\/Titelbild_Wertsch\u00e4tzung-im-Schulleitungsalltag_Oliver-Sprecher.jpg\" \/>\n\t<meta property=\"og:image:width\" content=\"1920\" \/>\n\t<meta property=\"og:image:height\" content=\"1280\" \/>\n\t<meta property=\"og:image:type\" content=\"image\/jpeg\" \/>\n<meta name=\"author\" content=\"melinamaerten\" \/>\n<meta name=\"twitter:card\" content=\"summary_large_image\" \/>\n<meta name=\"twitter:label1\" content=\"Verfasst von\" \/>\n\t<meta name=\"twitter:data1\" content=\"melinamaerten\" \/>\n\t<meta name=\"twitter:label2\" content=\"Gesch\u00e4tzte Lesezeit\" \/>\n\t<meta name=\"twitter:data2\" content=\"3\u00a0Minuten\" \/>\n<script type=\"application\/ld+json\" class=\"yoast-schema-graph\">{\"@context\":\"https:\/\/schema.org\",\"@graph\":[{\"@type\":\"Article\",\"@id\":\"https:\/\/blog.phzh.ch\/schulfuehrung\/2019\/12\/04\/wertschaetzung-im-schulleitungsalltag\/#article\",\"isPartOf\":{\"@id\":\"https:\/\/blog.phzh.ch\/schulfuehrung\/2019\/12\/04\/wertschaetzung-im-schulleitungsalltag\/\"},\"author\":{\"name\":\"melinamaerten\",\"@id\":\"https:\/\/blog.phzh.ch\/schulfuehrung\/#\/schema\/person\/13544ff30d01e0e5f98444f0696dcefb\"},\"headline\":\"Wertsch\u00e4tzung im Schul(leitungs)alltag\",\"datePublished\":\"2019-12-04T03:00:42+00:00\",\"dateModified\":\"2019-12-04T11:21:20+00:00\",\"mainEntityOfPage\":{\"@id\":\"https:\/\/blog.phzh.ch\/schulfuehrung\/2019\/12\/04\/wertschaetzung-im-schulleitungsalltag\/\"},\"wordCount\":577,\"commentCount\":4,\"image\":{\"@id\":\"https:\/\/blog.phzh.ch\/schulfuehrung\/2019\/12\/04\/wertschaetzung-im-schulleitungsalltag\/#primaryimage\"},\"thumbnailUrl\":\"https:\/\/blog.phzh.ch\/schulfuehrung\/files\/2019\/12\/Titelbild_Wertsch\u00e4tzung-im-Schulleitungsalltag_Oliver-Sprecher.jpg\",\"keywords\":[\"F\u00fchrungspersonen\",\"Oliver Sprecher\",\"Primarstufe Reinach\",\"Schulalltag\",\"Schulleitung\",\"Wertsch\u00e4tzende F\u00fchrung\",\"Wertsch\u00e4tzung\"],\"articleSection\":[\"Aus dem Tagebuch\",\"Gesamte Beitr\u00e4ge\"],\"inLanguage\":\"de\",\"potentialAction\":[{\"@type\":\"CommentAction\",\"name\":\"Comment\",\"target\":[\"https:\/\/blog.phzh.ch\/schulfuehrung\/2019\/12\/04\/wertschaetzung-im-schulleitungsalltag\/#respond\"]}]},{\"@type\":\"WebPage\",\"@id\":\"https:\/\/blog.phzh.ch\/schulfuehrung\/2019\/12\/04\/wertschaetzung-im-schulleitungsalltag\/\",\"url\":\"https:\/\/blog.phzh.ch\/schulfuehrung\/2019\/12\/04\/wertschaetzung-im-schulleitungsalltag\/\",\"name\":\"Wertsch\u00e4tzung im Schul(leitungs)alltag - Schulf\u00fchrung\",\"isPartOf\":{\"@id\":\"https:\/\/blog.phzh.ch\/schulfuehrung\/#website\"},\"primaryImageOfPage\":{\"@id\":\"https:\/\/blog.phzh.ch\/schulfuehrung\/2019\/12\/04\/wertschaetzung-im-schulleitungsalltag\/#primaryimage\"},\"image\":{\"@id\":\"https:\/\/blog.phzh.ch\/schulfuehrung\/2019\/12\/04\/wertschaetzung-im-schulleitungsalltag\/#primaryimage\"},\"thumbnailUrl\":\"https:\/\/blog.phzh.ch\/schulfuehrung\/files\/2019\/12\/Titelbild_Wertsch\u00e4tzung-im-Schulleitungsalltag_Oliver-Sprecher.jpg\",\"datePublished\":\"2019-12-04T03:00:42+00:00\",\"dateModified\":\"2019-12-04T11:21:20+00:00\",\"author\":{\"@id\":\"https:\/\/blog.phzh.ch\/schulfuehrung\/#\/schema\/person\/13544ff30d01e0e5f98444f0696dcefb\"},\"breadcrumb\":{\"@id\":\"https:\/\/blog.phzh.ch\/schulfuehrung\/2019\/12\/04\/wertschaetzung-im-schulleitungsalltag\/#breadcrumb\"},\"inLanguage\":\"de\",\"potentialAction\":[{\"@type\":\"ReadAction\",\"target\":[\"https:\/\/blog.phzh.ch\/schulfuehrung\/2019\/12\/04\/wertschaetzung-im-schulleitungsalltag\/\"]}]},{\"@type\":\"ImageObject\",\"inLanguage\":\"de\",\"@id\":\"https:\/\/blog.phzh.ch\/schulfuehrung\/2019\/12\/04\/wertschaetzung-im-schulleitungsalltag\/#primaryimage\",\"url\":\"https:\/\/blog.phzh.ch\/schulfuehrung\/files\/2019\/12\/Titelbild_Wertsch\u00e4tzung-im-Schulleitungsalltag_Oliver-Sprecher.jpg\",\"contentUrl\":\"https:\/\/blog.phzh.ch\/schulfuehrung\/files\/2019\/12\/Titelbild_Wertsch\u00e4tzung-im-Schulleitungsalltag_Oliver-Sprecher.jpg\",\"width\":1920,\"height\":1280},{\"@type\":\"BreadcrumbList\",\"@id\":\"https:\/\/blog.phzh.ch\/schulfuehrung\/2019\/12\/04\/wertschaetzung-im-schulleitungsalltag\/#breadcrumb\",\"itemListElement\":[{\"@type\":\"ListItem\",\"position\":1,\"name\":\"Startseite\",\"item\":\"https:\/\/blog.phzh.ch\/schulfuehrung\/\"},{\"@type\":\"ListItem\",\"position\":2,\"name\":\"Wertsch\u00e4tzung im Schul(leitungs)alltag\"}]},{\"@type\":\"WebSite\",\"@id\":\"https:\/\/blog.phzh.ch\/schulfuehrung\/#website\",\"url\":\"https:\/\/blog.phzh.ch\/schulfuehrung\/\",\"name\":\"Schulf\u00fchrung\",\"description\":\"phzh.ch\/schulfuehrung\",\"potentialAction\":[{\"@type\":\"SearchAction\",\"target\":{\"@type\":\"EntryPoint\",\"urlTemplate\":\"https:\/\/blog.phzh.ch\/schulfuehrung\/?s={search_term_string}\"},\"query-input\":{\"@type\":\"PropertyValueSpecification\",\"valueRequired\":true,\"valueName\":\"search_term_string\"}}],\"inLanguage\":\"de\"},{\"@type\":\"Person\",\"@id\":\"https:\/\/blog.phzh.ch\/schulfuehrung\/#\/schema\/person\/13544ff30d01e0e5f98444f0696dcefb\",\"name\":\"melinamaerten\",\"image\":{\"@type\":\"ImageObject\",\"inLanguage\":\"de\",\"@id\":\"https:\/\/blog.phzh.ch\/schulfuehrung\/#\/schema\/person\/image\/\",\"url\":\"https:\/\/secure.gravatar.com\/avatar\/581b196899ac4a61b7e20a29f4dd52fe?s=96&d=mm&r=g\",\"contentUrl\":\"https:\/\/secure.gravatar.com\/avatar\/581b196899ac4a61b7e20a29f4dd52fe?s=96&d=mm&r=g\",\"caption\":\"melinamaerten\"},\"url\":\"https:\/\/blog.phzh.ch\/schulfuehrung\/author\/melinamaerten\/\"}]}<\/script>\n<!-- \/ Yoast SEO plugin. -->","yoast_head_json":{"title":"Wertsch\u00e4tzung im Schul(leitungs)alltag - Schulf\u00fchrung","robots":{"index":"index","follow":"follow","max-snippet":"max-snippet:-1","max-image-preview":"max-image-preview:large","max-video-preview":"max-video-preview:-1"},"canonical":"https:\/\/blog.phzh.ch\/schulfuehrung\/2019\/12\/04\/wertschaetzung-im-schulleitungsalltag\/","og_locale":"de_DE","og_type":"article","og_title":"Wertsch\u00e4tzung im Schul(leitungs)alltag - Schulf\u00fchrung","og_description":"Oft kritisieren Angestellte mangelnde Wertsch\u00e4tzung von Vorgesetzten. Dies kritisieren auch Lehrpersonen. Wie l\u00e4sst sich dieses Ph\u00e4nomen erkl\u00e4ren? Es ist eine anthropologische Konstante, dass Wertsch\u00e4tzung ein zentrales Bed\u00fcrfnis und etwas vom Wesentlichen im Zusammenleben und -arbeiten ist. Menschen brauchen noch mehr davon, wenn sie belastet oder unsicher sind. Oliver Sprecher ist Gesamtschulleiter der Primarstufe Reinach in &hellip; Wertsch\u00e4tzung im Schul(leitungs)alltag weiterlesen","og_url":"https:\/\/blog.phzh.ch\/schulfuehrung\/2019\/12\/04\/wertschaetzung-im-schulleitungsalltag\/","og_site_name":"Schulf\u00fchrung","article_published_time":"2019-12-04T03:00:42+00:00","article_modified_time":"2019-12-04T11:21:20+00:00","og_image":[{"width":1920,"height":1280,"url":"https:\/\/blog.phzh.ch\/schulfuehrung\/files\/2019\/12\/Titelbild_Wertsch\u00e4tzung-im-Schulleitungsalltag_Oliver-Sprecher.jpg","type":"image\/jpeg"}],"author":"melinamaerten","twitter_card":"summary_large_image","twitter_misc":{"Verfasst von":"melinamaerten","Gesch\u00e4tzte Lesezeit":"3\u00a0Minuten"},"schema":{"@context":"https:\/\/schema.org","@graph":[{"@type":"Article","@id":"https:\/\/blog.phzh.ch\/schulfuehrung\/2019\/12\/04\/wertschaetzung-im-schulleitungsalltag\/#article","isPartOf":{"@id":"https:\/\/blog.phzh.ch\/schulfuehrung\/2019\/12\/04\/wertschaetzung-im-schulleitungsalltag\/"},"author":{"name":"melinamaerten","@id":"https:\/\/blog.phzh.ch\/schulfuehrung\/#\/schema\/person\/13544ff30d01e0e5f98444f0696dcefb"},"headline":"Wertsch\u00e4tzung im Schul(leitungs)alltag","datePublished":"2019-12-04T03:00:42+00:00","dateModified":"2019-12-04T11:21:20+00:00","mainEntityOfPage":{"@id":"https:\/\/blog.phzh.ch\/schulfuehrung\/2019\/12\/04\/wertschaetzung-im-schulleitungsalltag\/"},"wordCount":577,"commentCount":4,"image":{"@id":"https:\/\/blog.phzh.ch\/schulfuehrung\/2019\/12\/04\/wertschaetzung-im-schulleitungsalltag\/#primaryimage"},"thumbnailUrl":"https:\/\/blog.phzh.ch\/schulfuehrung\/files\/2019\/12\/Titelbild_Wertsch\u00e4tzung-im-Schulleitungsalltag_Oliver-Sprecher.jpg","keywords":["F\u00fchrungspersonen","Oliver Sprecher","Primarstufe Reinach","Schulalltag","Schulleitung","Wertsch\u00e4tzende F\u00fchrung","Wertsch\u00e4tzung"],"articleSection":["Aus dem Tagebuch","Gesamte Beitr\u00e4ge"],"inLanguage":"de","potentialAction":[{"@type":"CommentAction","name":"Comment","target":["https:\/\/blog.phzh.ch\/schulfuehrung\/2019\/12\/04\/wertschaetzung-im-schulleitungsalltag\/#respond"]}]},{"@type":"WebPage","@id":"https:\/\/blog.phzh.ch\/schulfuehrung\/2019\/12\/04\/wertschaetzung-im-schulleitungsalltag\/","url":"https:\/\/blog.phzh.ch\/schulfuehrung\/2019\/12\/04\/wertschaetzung-im-schulleitungsalltag\/","name":"Wertsch\u00e4tzung im Schul(leitungs)alltag - Schulf\u00fchrung","isPartOf":{"@id":"https:\/\/blog.phzh.ch\/schulfuehrung\/#website"},"primaryImageOfPage":{"@id":"https:\/\/blog.phzh.ch\/schulfuehrung\/2019\/12\/04\/wertschaetzung-im-schulleitungsalltag\/#primaryimage"},"image":{"@id":"https:\/\/blog.phzh.ch\/schulfuehrung\/2019\/12\/04\/wertschaetzung-im-schulleitungsalltag\/#primaryimage"},"thumbnailUrl":"https:\/\/blog.phzh.ch\/schulfuehrung\/files\/2019\/12\/Titelbild_Wertsch\u00e4tzung-im-Schulleitungsalltag_Oliver-Sprecher.jpg","datePublished":"2019-12-04T03:00:42+00:00","dateModified":"2019-12-04T11:21:20+00:00","author":{"@id":"https:\/\/blog.phzh.ch\/schulfuehrung\/#\/schema\/person\/13544ff30d01e0e5f98444f0696dcefb"},"breadcrumb":{"@id":"https:\/\/blog.phzh.ch\/schulfuehrung\/2019\/12\/04\/wertschaetzung-im-schulleitungsalltag\/#breadcrumb"},"inLanguage":"de","potentialAction":[{"@type":"ReadAction","target":["https:\/\/blog.phzh.ch\/schulfuehrung\/2019\/12\/04\/wertschaetzung-im-schulleitungsalltag\/"]}]},{"@type":"ImageObject","inLanguage":"de","@id":"https:\/\/blog.phzh.ch\/schulfuehrung\/2019\/12\/04\/wertschaetzung-im-schulleitungsalltag\/#primaryimage","url":"https:\/\/blog.phzh.ch\/schulfuehrung\/files\/2019\/12\/Titelbild_Wertsch\u00e4tzung-im-Schulleitungsalltag_Oliver-Sprecher.jpg","contentUrl":"https:\/\/blog.phzh.ch\/schulfuehrung\/files\/2019\/12\/Titelbild_Wertsch\u00e4tzung-im-Schulleitungsalltag_Oliver-Sprecher.jpg","width":1920,"height":1280},{"@type":"BreadcrumbList","@id":"https:\/\/blog.phzh.ch\/schulfuehrung\/2019\/12\/04\/wertschaetzung-im-schulleitungsalltag\/#breadcrumb","itemListElement":[{"@type":"ListItem","position":1,"name":"Startseite","item":"https:\/\/blog.phzh.ch\/schulfuehrung\/"},{"@type":"ListItem","position":2,"name":"Wertsch\u00e4tzung im Schul(leitungs)alltag"}]},{"@type":"WebSite","@id":"https:\/\/blog.phzh.ch\/schulfuehrung\/#website","url":"https:\/\/blog.phzh.ch\/schulfuehrung\/","name":"Schulf\u00fchrung","description":"phzh.ch\/schulfuehrung","potentialAction":[{"@type":"SearchAction","target":{"@type":"EntryPoint","urlTemplate":"https:\/\/blog.phzh.ch\/schulfuehrung\/?s={search_term_string}"},"query-input":{"@type":"PropertyValueSpecification","valueRequired":true,"valueName":"search_term_string"}}],"inLanguage":"de"},{"@type":"Person","@id":"https:\/\/blog.phzh.ch\/schulfuehrung\/#\/schema\/person\/13544ff30d01e0e5f98444f0696dcefb","name":"melinamaerten","image":{"@type":"ImageObject","inLanguage":"de","@id":"https:\/\/blog.phzh.ch\/schulfuehrung\/#\/schema\/person\/image\/","url":"https:\/\/secure.gravatar.com\/avatar\/581b196899ac4a61b7e20a29f4dd52fe?s=96&d=mm&r=g","contentUrl":"https:\/\/secure.gravatar.com\/avatar\/581b196899ac4a61b7e20a29f4dd52fe?s=96&d=mm&r=g","caption":"melinamaerten"},"url":"https:\/\/blog.phzh.ch\/schulfuehrung\/author\/melinamaerten\/"}]}},"_links":{"self":[{"href":"https:\/\/blog.phzh.ch\/schulfuehrung\/wp-json\/wp\/v2\/posts\/1858","targetHints":{"allow":["GET"]}}],"collection":[{"href":"https:\/\/blog.phzh.ch\/schulfuehrung\/wp-json\/wp\/v2\/posts"}],"about":[{"href":"https:\/\/blog.phzh.ch\/schulfuehrung\/wp-json\/wp\/v2\/types\/post"}],"author":[{"embeddable":true,"href":"https:\/\/blog.phzh.ch\/schulfuehrung\/wp-json\/wp\/v2\/users\/1392"}],"replies":[{"embeddable":true,"href":"https:\/\/blog.phzh.ch\/schulfuehrung\/wp-json\/wp\/v2\/comments?post=1858"}],"version-history":[{"count":5,"href":"https:\/\/blog.phzh.ch\/schulfuehrung\/wp-json\/wp\/v2\/posts\/1858\/revisions"}],"predecessor-version":[{"id":1872,"href":"https:\/\/blog.phzh.ch\/schulfuehrung\/wp-json\/wp\/v2\/posts\/1858\/revisions\/1872"}],"wp:featuredmedia":[{"embeddable":true,"href":"https:\/\/blog.phzh.ch\/schulfuehrung\/wp-json\/wp\/v2\/media\/1861"}],"wp:attachment":[{"href":"https:\/\/blog.phzh.ch\/schulfuehrung\/wp-json\/wp\/v2\/media?parent=1858"}],"wp:term":[{"taxonomy":"category","embeddable":true,"href":"https:\/\/blog.phzh.ch\/schulfuehrung\/wp-json\/wp\/v2\/categories?post=1858"},{"taxonomy":"post_tag","embeddable":true,"href":"https:\/\/blog.phzh.ch\/schulfuehrung\/wp-json\/wp\/v2\/tags?post=1858"}],"curies":[{"name":"wp","href":"https:\/\/api.w.org\/{rel}","templated":true}]}}