{"id":1846,"date":"2019-11-29T04:00:53","date_gmt":"2019-11-29T03:00:53","guid":{"rendered":"https:\/\/blog.phzh.ch\/schulfuehrung\/?p=1846"},"modified":"2019-11-27T09:22:21","modified_gmt":"2019-11-27T08:22:21","slug":"fuehrungsrochade-in-tages-schulen","status":"publish","type":"post","link":"https:\/\/blog.phzh.ch\/schulfuehrung\/2019\/11\/29\/fuehrungsrochade-in-tages-schulen\/","title":{"rendered":"F\u00fchrungsrochade in (Tages-)Schulen"},"content":{"rendered":"<p><strong>Spielen Sie Schach oder coachen Sie ein Fussballteam? Dann ist Ihnen \u00abRochade\u00bb bestimmt ein Begriff. Das Grundprinzip der Rochade l\u00e4sst sich als Metapher durchaus auf die F\u00fchrungsarbeit in Schulen \u00fcbertragen. Die Dozenten Reto Kuster und Frank Br\u00fcckel zeigen Spielz\u00fcge auf.<\/strong><\/p>\n<p>Nicht selten lassen sich knifflige Spielsituationen mit dem Rochieren von Positionen \u00fcberraschend schnell aufl\u00f6sen. Man setzt sich \u00fcber gewohnte Formationen hinweg, \u00fcberspringt oder wechselt die Seiten und kann damit wirksamer auf Spielz\u00fcge des Gegen\u00fcbers reagieren.<\/p>\n<p>Diese Situationen k\u00f6nnen auch in der F\u00fchrungsarbeit in Schulen vorkommen. Speziell in Tagesschulen sehen sich die Leitungspersonen immer wieder mit der Sachlage konfrontiert, welche eine Rochade im F\u00fchrungshandeln erfordern.<\/p>\n<p>Die Frage, wer wen f\u00fchrt, l\u00e4sst sich im Alltag kaum trennscharf beantworten, auch wenn Organigramme oder Aufgabenbeschriebe Eindeutigkeit vermitteln. Umso wichtiger ist es f\u00fcr ein Leitungsteam in Tagesschulen, F\u00fchrungsverantwortung gemeinsam zu \u00fcbernehmen und situativ zu handeln. Drei Fallbeispiele:<\/p>\n<p><!--more--><\/p>\n<p><strong>1 L\u00e4rm im Schulhaus<\/strong><\/p>\n<p>Eine Lehrperson der Mittelstufe klopft in der Kurzpause an die T\u00fcre des Leitungszimmers und richtet sich aufgebracht an die Schulleiterin. Der L\u00e4rmpegel jener Sch\u00fclerinnen und Sch\u00fcler, welche sich im Betreuungssetting befinden, sei ihr deutlich zu hoch. Die Schulleiterin h\u00f6rt aufmerksam zu.<\/p>\n<p>Noch bevor sie antworten kann, schaltet sich der Leiter Betreuung ein, der seinen Arbeitsplatz in demselben B\u00fcro hat. Er fordert die Lehrperson auf, ihn ins Betreuungszimmer zu begleiten und ihr Anliegen direkt mit den Betreuungspersonen zu kl\u00e4ren. Dort erfahren sie, dass die Kindergartenkinder soeben von einem Spiel im Freien zur\u00fcckgekehrt sind. Auf dem Weg zur\u00fcck ins Betreuungszimmer sei es zu einem Konflikt zwischen drei Kindern gekommen. Die Situation habe sich mittlerweile aber wieder beruhigt.<\/p>\n<p><strong>2 Belegung der Turnhalle<\/strong><\/p>\n<p>An einer Schulkonferenz monieren die Vertretungen aus der Betreuung, dass ihnen die Turnhalle ab 15 Uhr lediglich an zwei Zeitfenstern in der Woche zur Verf\u00fcgung steht. W\u00e4hrend das Anliegen vorgebracht wird, wandert der Blick der Schulleitung zum Leiter Hausdienst und Technik, der auf seinem Laptop die Datei mit dem Belegungsplan der Turnhalle \u00f6ffnet und diese \u00fcber den Beamer einblendet.<\/p>\n<p>Er erl\u00e4utert, wie der Belegungsplan zustande gekommen ist und wie er zusammen mit der Schulleitung intensiv nach anderen M\u00f6glichkeiten der Turnhallennutzung f\u00fcr die Betreuung gesucht hat. Die Betreuungspersonen k\u00f6nnen die aktuelle L\u00f6sung nachvollziehen, verlangen jedoch, dass sie bei der n\u00e4chsten Planung fr\u00fcher und direkter einbezogen werden. Die Leiterin Betreuung sichert ihnen diesen Einbezug zu.<\/p>\n<p><strong>3 Mediennutzung durch die Sekundarsch\u00fclerinnen und -sch\u00fcler<\/strong><\/p>\n<p>Ein Jahrgangsteam hat personell grosse Ver\u00e4nderungen erfahren und kann deshalb die aktuellen Regelungen zur Mediennutzung in den ausserunterrichtlichen Schulzeiten nicht mehr nachvollziehen. Sie sind der Meinung, dass den Jugendlichen zu viel Bildschirmzeit gew\u00e4hrt wird.<\/p>\n<p>Die Jahrgangsteamleiterin fragt deshalb bei der Schulleitung nach. Diese verweist auf die Schulsozialarbeiterin, welche einige Tage sp\u00e4ter zusammen mit einer Vertretung aus der Betreuung an die Sitzung des Jahrgangsteams eingeladen wird. Dort schildern die beiden, wie die Regelung vor drei Jahren mit dem Sch\u00fclerinnen- und Sch\u00fclerrat entwickelt wurde und welche Erfahrungen und Erkenntnisse sich daraus ergeben haben.<\/p>\n<p>John MacBeath und Neil Dempster haben sich in ihrem Buch \u00abConnecting Leadership and Learning\u00bb ausf\u00fchrlich mit geteilter F\u00fchrung und gemeinsamer F\u00fchrungsverantwortung auseinandergesetzt. Im Fokus stehen F\u00fchrungsteams, weniger die einzelne F\u00fchrungsperson.<\/p>\n<p>Die kurzen Beispiele weisen darauf hin, dass geteilte F\u00fchrung im Tagesschulbetrieb speziell gefordert ist, denn die F\u00fchrung \u00abrochiert\u00bb, abh\u00e4ngig von Situationen und Personen. Nachhaltige L\u00f6sungen sind meist im Kollektiv zu finden. Entsprechende F\u00fchrungskompetenzen, insbesondere das Gef\u00fchl f\u00fcr das Teilen von F\u00fchrungsverantwortung, m\u00fcssen laufend trainiert werden. Wer sich also f\u00fcr die Umsetzung von geteilter F\u00fchrung im Schulalltag interessiert, kann in vielen Tagesschulen hervorragende Beispiele finden.<\/p>\n<p><em>Reto Kuster, Dozent Zentrum Management und Leadership, Mitglied der Arbeitsgruppe Tagesschule, PH Z\u00fcrich<\/em><\/p>\n<p><em>Frank Br\u00fcckel, Dozent Zentrum Schule und Entwicklung, Mitglied der Arbeitsgruppe Tagesschule, PH Z\u00fcrich<\/em><\/p>\n<p><strong>Weitere Informationen und Veranstaltungen zum Thema<\/strong><\/p>\n<p>Vernetzungsanlass an der PH Z\u00fcrich <a href=\"https:\/\/phzh.ch\/de\/Weiterbildung\/Weiterbildung-Volksschulen\/Tagungen\/vernetzungsanlass-tagesschule\/\" target=\"_blank\" rel=\"noopener noreferrer\">\u00abAls Gemeinde auf dem Weg zur Tagesschule\u00bb 25. Januar 2020<\/a><\/p>\n<p>Tagung <a href=\"https:\/\/phzh.ch\/de\/Forschung\/Forschungsveranstaltungen\/tagungen-und-workshops\/tagung-tagesschulen--mehr-als-schule\/\" target=\"_blank\" rel=\"noopener noreferrer\">\u00abTagesschulen \u2013 mehr als Schule!\u00bb 29. Januar 2020<\/a><\/p>\n<p>Diskussionsforum <a href=\"https:\/\/phzh.ch\/de\/Weiterbildung\/Weiterbildung-Volksschulen\/Tagungen\/Diskussionsforum\/\" target=\"_blank\" rel=\"noopener noreferrer\">\u00abTagesschule \u2013 heisse Eisen im Fokus\u00bb 4. Dezember 2019 \/ 26. Februar 2020 \/ 25. M\u00e4rz 2020<\/a><\/p>\n","protected":false},"excerpt":{"rendered":"<p>Spielen Sie Schach oder coachen Sie ein Fussballteam? Dann ist Ihnen \u00abRochade\u00bb bestimmt ein Begriff. Das Grundprinzip der Rochade l\u00e4sst sich als Metapher durchaus auf die F\u00fchrungsarbeit in Schulen \u00fcbertragen. Die Dozenten Reto Kuster und Frank Br\u00fcckel zeigen Spielz\u00fcge auf. Nicht selten lassen sich knifflige Spielsituationen mit dem Rochieren von Positionen \u00fcberraschend schnell aufl\u00f6sen. Man &hellip; <a href=\"https:\/\/blog.phzh.ch\/schulfuehrung\/2019\/11\/29\/fuehrungsrochade-in-tages-schulen\/\" class=\"more-link\"><span class=\"screen-reader-text\">F\u00fchrungsrochade in (Tages-)Schulen<\/span> weiterlesen<\/a><\/p>\n","protected":false},"author":1392,"featured_media":1853,"comment_status":"open","ping_status":"open","sticky":false,"template":"","format":"standard","meta":{"sfsi_plus_gutenberg_text_before_share":"","sfsi_plus_gutenberg_show_text_before_share":"","sfsi_plus_gutenberg_icon_type":"","sfsi_plus_gutenberg_icon_alignemt":"","sfsi_plus_gutenburg_max_per_row":"","footnotes":""},"categories":[107128,107309],"tags":[107370,107354,103495,4186,107353,78970,44947],"class_list":["post-1846","post","type-post","status-publish","format-standard","has-post-thumbnail","hentry","category-entdecken","category-alle-beitraege","tag-dozenten","tag-frank-brueckel","tag-leadership","tag-lehrpersonen","tag-reto-kuster","tag-schulfuehrung","tag-tagesschule"],"yoast_head":"<!-- This site is optimized with the Yoast SEO plugin v26.8 - https:\/\/yoast.com\/product\/yoast-seo-wordpress\/ -->\n<title>F\u00fchrungsrochade in (Tages-)Schulen - Schulf\u00fchrung<\/title>\n<meta name=\"robots\" content=\"index, follow, max-snippet:-1, max-image-preview:large, max-video-preview:-1\" \/>\n<link rel=\"canonical\" href=\"https:\/\/blog.phzh.ch\/schulfuehrung\/2019\/11\/29\/fuehrungsrochade-in-tages-schulen\/\" \/>\n<meta property=\"og:locale\" content=\"de_DE\" \/>\n<meta property=\"og:type\" content=\"article\" \/>\n<meta property=\"og:title\" content=\"F\u00fchrungsrochade in (Tages-)Schulen - Schulf\u00fchrung\" \/>\n<meta property=\"og:description\" content=\"Spielen Sie Schach oder coachen Sie ein Fussballteam? Dann ist Ihnen \u00abRochade\u00bb bestimmt ein Begriff. Das Grundprinzip der Rochade l\u00e4sst sich als Metapher durchaus auf die F\u00fchrungsarbeit in Schulen \u00fcbertragen. Die Dozenten Reto Kuster und Frank Br\u00fcckel zeigen Spielz\u00fcge auf. Nicht selten lassen sich knifflige Spielsituationen mit dem Rochieren von Positionen \u00fcberraschend schnell aufl\u00f6sen. Man &hellip; F\u00fchrungsrochade in (Tages-)Schulen weiterlesen\" \/>\n<meta property=\"og:url\" content=\"https:\/\/blog.phzh.ch\/schulfuehrung\/2019\/11\/29\/fuehrungsrochade-in-tages-schulen\/\" \/>\n<meta property=\"og:site_name\" content=\"Schulf\u00fchrung\" \/>\n<meta property=\"article:published_time\" content=\"2019-11-29T03:00:53+00:00\" \/>\n<meta property=\"og:image\" content=\"https:\/\/blog.phzh.ch\/schulfuehrung\/files\/2019\/11\/Titelbild_F\u00fchrungsrochade_Tagesschulen_Reto-Kuster_20191126_neu.jpg\" \/>\n\t<meta property=\"og:image:width\" content=\"668\" \/>\n\t<meta property=\"og:image:height\" content=\"309\" \/>\n\t<meta property=\"og:image:type\" content=\"image\/jpeg\" \/>\n<meta name=\"author\" content=\"melinamaerten\" \/>\n<meta name=\"twitter:card\" content=\"summary_large_image\" \/>\n<meta name=\"twitter:label1\" content=\"Verfasst von\" \/>\n\t<meta name=\"twitter:data1\" content=\"melinamaerten\" \/>\n\t<meta name=\"twitter:label2\" content=\"Gesch\u00e4tzte Lesezeit\" \/>\n\t<meta name=\"twitter:data2\" content=\"3\u00a0Minuten\" \/>\n<script type=\"application\/ld+json\" class=\"yoast-schema-graph\">{\"@context\":\"https:\/\/schema.org\",\"@graph\":[{\"@type\":\"Article\",\"@id\":\"https:\/\/blog.phzh.ch\/schulfuehrung\/2019\/11\/29\/fuehrungsrochade-in-tages-schulen\/#article\",\"isPartOf\":{\"@id\":\"https:\/\/blog.phzh.ch\/schulfuehrung\/2019\/11\/29\/fuehrungsrochade-in-tages-schulen\/\"},\"author\":{\"name\":\"melinamaerten\",\"@id\":\"https:\/\/blog.phzh.ch\/schulfuehrung\/#\/schema\/person\/13544ff30d01e0e5f98444f0696dcefb\"},\"headline\":\"F\u00fchrungsrochade in (Tages-)Schulen\",\"datePublished\":\"2019-11-29T03:00:53+00:00\",\"mainEntityOfPage\":{\"@id\":\"https:\/\/blog.phzh.ch\/schulfuehrung\/2019\/11\/29\/fuehrungsrochade-in-tages-schulen\/\"},\"wordCount\":692,\"commentCount\":0,\"image\":{\"@id\":\"https:\/\/blog.phzh.ch\/schulfuehrung\/2019\/11\/29\/fuehrungsrochade-in-tages-schulen\/#primaryimage\"},\"thumbnailUrl\":\"https:\/\/blog.phzh.ch\/schulfuehrung\/files\/2019\/11\/Titelbild_F\u00fchrungsrochade_Tagesschulen_Reto-Kuster_20191126_neu.jpg\",\"keywords\":[\"Dozenten\",\"Frank Br\u00fcckel\",\"Leadership\",\"Lehrpersonen\",\"Reto Kuster\",\"Schulf\u00fchrung\",\"Tagesschule\"],\"articleSection\":[\"Entdecken\",\"Gesamte Beitr\u00e4ge\"],\"inLanguage\":\"de\",\"potentialAction\":[{\"@type\":\"CommentAction\",\"name\":\"Comment\",\"target\":[\"https:\/\/blog.phzh.ch\/schulfuehrung\/2019\/11\/29\/fuehrungsrochade-in-tages-schulen\/#respond\"]}]},{\"@type\":\"WebPage\",\"@id\":\"https:\/\/blog.phzh.ch\/schulfuehrung\/2019\/11\/29\/fuehrungsrochade-in-tages-schulen\/\",\"url\":\"https:\/\/blog.phzh.ch\/schulfuehrung\/2019\/11\/29\/fuehrungsrochade-in-tages-schulen\/\",\"name\":\"F\u00fchrungsrochade in (Tages-)Schulen - Schulf\u00fchrung\",\"isPartOf\":{\"@id\":\"https:\/\/blog.phzh.ch\/schulfuehrung\/#website\"},\"primaryImageOfPage\":{\"@id\":\"https:\/\/blog.phzh.ch\/schulfuehrung\/2019\/11\/29\/fuehrungsrochade-in-tages-schulen\/#primaryimage\"},\"image\":{\"@id\":\"https:\/\/blog.phzh.ch\/schulfuehrung\/2019\/11\/29\/fuehrungsrochade-in-tages-schulen\/#primaryimage\"},\"thumbnailUrl\":\"https:\/\/blog.phzh.ch\/schulfuehrung\/files\/2019\/11\/Titelbild_F\u00fchrungsrochade_Tagesschulen_Reto-Kuster_20191126_neu.jpg\",\"datePublished\":\"2019-11-29T03:00:53+00:00\",\"author\":{\"@id\":\"https:\/\/blog.phzh.ch\/schulfuehrung\/#\/schema\/person\/13544ff30d01e0e5f98444f0696dcefb\"},\"breadcrumb\":{\"@id\":\"https:\/\/blog.phzh.ch\/schulfuehrung\/2019\/11\/29\/fuehrungsrochade-in-tages-schulen\/#breadcrumb\"},\"inLanguage\":\"de\",\"potentialAction\":[{\"@type\":\"ReadAction\",\"target\":[\"https:\/\/blog.phzh.ch\/schulfuehrung\/2019\/11\/29\/fuehrungsrochade-in-tages-schulen\/\"]}]},{\"@type\":\"ImageObject\",\"inLanguage\":\"de\",\"@id\":\"https:\/\/blog.phzh.ch\/schulfuehrung\/2019\/11\/29\/fuehrungsrochade-in-tages-schulen\/#primaryimage\",\"url\":\"https:\/\/blog.phzh.ch\/schulfuehrung\/files\/2019\/11\/Titelbild_F\u00fchrungsrochade_Tagesschulen_Reto-Kuster_20191126_neu.jpg\",\"contentUrl\":\"https:\/\/blog.phzh.ch\/schulfuehrung\/files\/2019\/11\/Titelbild_F\u00fchrungsrochade_Tagesschulen_Reto-Kuster_20191126_neu.jpg\",\"width\":668,\"height\":309},{\"@type\":\"BreadcrumbList\",\"@id\":\"https:\/\/blog.phzh.ch\/schulfuehrung\/2019\/11\/29\/fuehrungsrochade-in-tages-schulen\/#breadcrumb\",\"itemListElement\":[{\"@type\":\"ListItem\",\"position\":1,\"name\":\"Startseite\",\"item\":\"https:\/\/blog.phzh.ch\/schulfuehrung\/\"},{\"@type\":\"ListItem\",\"position\":2,\"name\":\"F\u00fchrungsrochade in (Tages-)Schulen\"}]},{\"@type\":\"WebSite\",\"@id\":\"https:\/\/blog.phzh.ch\/schulfuehrung\/#website\",\"url\":\"https:\/\/blog.phzh.ch\/schulfuehrung\/\",\"name\":\"Schulf\u00fchrung\",\"description\":\"phzh.ch\/schulfuehrung\",\"potentialAction\":[{\"@type\":\"SearchAction\",\"target\":{\"@type\":\"EntryPoint\",\"urlTemplate\":\"https:\/\/blog.phzh.ch\/schulfuehrung\/?s={search_term_string}\"},\"query-input\":{\"@type\":\"PropertyValueSpecification\",\"valueRequired\":true,\"valueName\":\"search_term_string\"}}],\"inLanguage\":\"de\"},{\"@type\":\"Person\",\"@id\":\"https:\/\/blog.phzh.ch\/schulfuehrung\/#\/schema\/person\/13544ff30d01e0e5f98444f0696dcefb\",\"name\":\"melinamaerten\",\"image\":{\"@type\":\"ImageObject\",\"inLanguage\":\"de\",\"@id\":\"https:\/\/blog.phzh.ch\/schulfuehrung\/#\/schema\/person\/image\/\",\"url\":\"https:\/\/secure.gravatar.com\/avatar\/581b196899ac4a61b7e20a29f4dd52fe?s=96&d=mm&r=g\",\"contentUrl\":\"https:\/\/secure.gravatar.com\/avatar\/581b196899ac4a61b7e20a29f4dd52fe?s=96&d=mm&r=g\",\"caption\":\"melinamaerten\"},\"url\":\"https:\/\/blog.phzh.ch\/schulfuehrung\/author\/melinamaerten\/\"}]}<\/script>\n<!-- \/ Yoast SEO plugin. -->","yoast_head_json":{"title":"F\u00fchrungsrochade in (Tages-)Schulen - Schulf\u00fchrung","robots":{"index":"index","follow":"follow","max-snippet":"max-snippet:-1","max-image-preview":"max-image-preview:large","max-video-preview":"max-video-preview:-1"},"canonical":"https:\/\/blog.phzh.ch\/schulfuehrung\/2019\/11\/29\/fuehrungsrochade-in-tages-schulen\/","og_locale":"de_DE","og_type":"article","og_title":"F\u00fchrungsrochade in (Tages-)Schulen - Schulf\u00fchrung","og_description":"Spielen Sie Schach oder coachen Sie ein Fussballteam? Dann ist Ihnen \u00abRochade\u00bb bestimmt ein Begriff. Das Grundprinzip der Rochade l\u00e4sst sich als Metapher durchaus auf die F\u00fchrungsarbeit in Schulen \u00fcbertragen. Die Dozenten Reto Kuster und Frank Br\u00fcckel zeigen Spielz\u00fcge auf. Nicht selten lassen sich knifflige Spielsituationen mit dem Rochieren von Positionen \u00fcberraschend schnell aufl\u00f6sen. Man &hellip; F\u00fchrungsrochade in (Tages-)Schulen weiterlesen","og_url":"https:\/\/blog.phzh.ch\/schulfuehrung\/2019\/11\/29\/fuehrungsrochade-in-tages-schulen\/","og_site_name":"Schulf\u00fchrung","article_published_time":"2019-11-29T03:00:53+00:00","og_image":[{"width":668,"height":309,"url":"https:\/\/blog.phzh.ch\/schulfuehrung\/files\/2019\/11\/Titelbild_F\u00fchrungsrochade_Tagesschulen_Reto-Kuster_20191126_neu.jpg","type":"image\/jpeg"}],"author":"melinamaerten","twitter_card":"summary_large_image","twitter_misc":{"Verfasst von":"melinamaerten","Gesch\u00e4tzte Lesezeit":"3\u00a0Minuten"},"schema":{"@context":"https:\/\/schema.org","@graph":[{"@type":"Article","@id":"https:\/\/blog.phzh.ch\/schulfuehrung\/2019\/11\/29\/fuehrungsrochade-in-tages-schulen\/#article","isPartOf":{"@id":"https:\/\/blog.phzh.ch\/schulfuehrung\/2019\/11\/29\/fuehrungsrochade-in-tages-schulen\/"},"author":{"name":"melinamaerten","@id":"https:\/\/blog.phzh.ch\/schulfuehrung\/#\/schema\/person\/13544ff30d01e0e5f98444f0696dcefb"},"headline":"F\u00fchrungsrochade in (Tages-)Schulen","datePublished":"2019-11-29T03:00:53+00:00","mainEntityOfPage":{"@id":"https:\/\/blog.phzh.ch\/schulfuehrung\/2019\/11\/29\/fuehrungsrochade-in-tages-schulen\/"},"wordCount":692,"commentCount":0,"image":{"@id":"https:\/\/blog.phzh.ch\/schulfuehrung\/2019\/11\/29\/fuehrungsrochade-in-tages-schulen\/#primaryimage"},"thumbnailUrl":"https:\/\/blog.phzh.ch\/schulfuehrung\/files\/2019\/11\/Titelbild_F\u00fchrungsrochade_Tagesschulen_Reto-Kuster_20191126_neu.jpg","keywords":["Dozenten","Frank Br\u00fcckel","Leadership","Lehrpersonen","Reto Kuster","Schulf\u00fchrung","Tagesschule"],"articleSection":["Entdecken","Gesamte Beitr\u00e4ge"],"inLanguage":"de","potentialAction":[{"@type":"CommentAction","name":"Comment","target":["https:\/\/blog.phzh.ch\/schulfuehrung\/2019\/11\/29\/fuehrungsrochade-in-tages-schulen\/#respond"]}]},{"@type":"WebPage","@id":"https:\/\/blog.phzh.ch\/schulfuehrung\/2019\/11\/29\/fuehrungsrochade-in-tages-schulen\/","url":"https:\/\/blog.phzh.ch\/schulfuehrung\/2019\/11\/29\/fuehrungsrochade-in-tages-schulen\/","name":"F\u00fchrungsrochade in (Tages-)Schulen - Schulf\u00fchrung","isPartOf":{"@id":"https:\/\/blog.phzh.ch\/schulfuehrung\/#website"},"primaryImageOfPage":{"@id":"https:\/\/blog.phzh.ch\/schulfuehrung\/2019\/11\/29\/fuehrungsrochade-in-tages-schulen\/#primaryimage"},"image":{"@id":"https:\/\/blog.phzh.ch\/schulfuehrung\/2019\/11\/29\/fuehrungsrochade-in-tages-schulen\/#primaryimage"},"thumbnailUrl":"https:\/\/blog.phzh.ch\/schulfuehrung\/files\/2019\/11\/Titelbild_F\u00fchrungsrochade_Tagesschulen_Reto-Kuster_20191126_neu.jpg","datePublished":"2019-11-29T03:00:53+00:00","author":{"@id":"https:\/\/blog.phzh.ch\/schulfuehrung\/#\/schema\/person\/13544ff30d01e0e5f98444f0696dcefb"},"breadcrumb":{"@id":"https:\/\/blog.phzh.ch\/schulfuehrung\/2019\/11\/29\/fuehrungsrochade-in-tages-schulen\/#breadcrumb"},"inLanguage":"de","potentialAction":[{"@type":"ReadAction","target":["https:\/\/blog.phzh.ch\/schulfuehrung\/2019\/11\/29\/fuehrungsrochade-in-tages-schulen\/"]}]},{"@type":"ImageObject","inLanguage":"de","@id":"https:\/\/blog.phzh.ch\/schulfuehrung\/2019\/11\/29\/fuehrungsrochade-in-tages-schulen\/#primaryimage","url":"https:\/\/blog.phzh.ch\/schulfuehrung\/files\/2019\/11\/Titelbild_F\u00fchrungsrochade_Tagesschulen_Reto-Kuster_20191126_neu.jpg","contentUrl":"https:\/\/blog.phzh.ch\/schulfuehrung\/files\/2019\/11\/Titelbild_F\u00fchrungsrochade_Tagesschulen_Reto-Kuster_20191126_neu.jpg","width":668,"height":309},{"@type":"BreadcrumbList","@id":"https:\/\/blog.phzh.ch\/schulfuehrung\/2019\/11\/29\/fuehrungsrochade-in-tages-schulen\/#breadcrumb","itemListElement":[{"@type":"ListItem","position":1,"name":"Startseite","item":"https:\/\/blog.phzh.ch\/schulfuehrung\/"},{"@type":"ListItem","position":2,"name":"F\u00fchrungsrochade in (Tages-)Schulen"}]},{"@type":"WebSite","@id":"https:\/\/blog.phzh.ch\/schulfuehrung\/#website","url":"https:\/\/blog.phzh.ch\/schulfuehrung\/","name":"Schulf\u00fchrung","description":"phzh.ch\/schulfuehrung","potentialAction":[{"@type":"SearchAction","target":{"@type":"EntryPoint","urlTemplate":"https:\/\/blog.phzh.ch\/schulfuehrung\/?s={search_term_string}"},"query-input":{"@type":"PropertyValueSpecification","valueRequired":true,"valueName":"search_term_string"}}],"inLanguage":"de"},{"@type":"Person","@id":"https:\/\/blog.phzh.ch\/schulfuehrung\/#\/schema\/person\/13544ff30d01e0e5f98444f0696dcefb","name":"melinamaerten","image":{"@type":"ImageObject","inLanguage":"de","@id":"https:\/\/blog.phzh.ch\/schulfuehrung\/#\/schema\/person\/image\/","url":"https:\/\/secure.gravatar.com\/avatar\/581b196899ac4a61b7e20a29f4dd52fe?s=96&d=mm&r=g","contentUrl":"https:\/\/secure.gravatar.com\/avatar\/581b196899ac4a61b7e20a29f4dd52fe?s=96&d=mm&r=g","caption":"melinamaerten"},"url":"https:\/\/blog.phzh.ch\/schulfuehrung\/author\/melinamaerten\/"}]}},"_links":{"self":[{"href":"https:\/\/blog.phzh.ch\/schulfuehrung\/wp-json\/wp\/v2\/posts\/1846","targetHints":{"allow":["GET"]}}],"collection":[{"href":"https:\/\/blog.phzh.ch\/schulfuehrung\/wp-json\/wp\/v2\/posts"}],"about":[{"href":"https:\/\/blog.phzh.ch\/schulfuehrung\/wp-json\/wp\/v2\/types\/post"}],"author":[{"embeddable":true,"href":"https:\/\/blog.phzh.ch\/schulfuehrung\/wp-json\/wp\/v2\/users\/1392"}],"replies":[{"embeddable":true,"href":"https:\/\/blog.phzh.ch\/schulfuehrung\/wp-json\/wp\/v2\/comments?post=1846"}],"version-history":[{"count":4,"href":"https:\/\/blog.phzh.ch\/schulfuehrung\/wp-json\/wp\/v2\/posts\/1846\/revisions"}],"predecessor-version":[{"id":1852,"href":"https:\/\/blog.phzh.ch\/schulfuehrung\/wp-json\/wp\/v2\/posts\/1846\/revisions\/1852"}],"wp:featuredmedia":[{"embeddable":true,"href":"https:\/\/blog.phzh.ch\/schulfuehrung\/wp-json\/wp\/v2\/media\/1853"}],"wp:attachment":[{"href":"https:\/\/blog.phzh.ch\/schulfuehrung\/wp-json\/wp\/v2\/media?parent=1846"}],"wp:term":[{"taxonomy":"category","embeddable":true,"href":"https:\/\/blog.phzh.ch\/schulfuehrung\/wp-json\/wp\/v2\/categories?post=1846"},{"taxonomy":"post_tag","embeddable":true,"href":"https:\/\/blog.phzh.ch\/schulfuehrung\/wp-json\/wp\/v2\/tags?post=1846"}],"curies":[{"name":"wp","href":"https:\/\/api.w.org\/{rel}","templated":true}]}}