{"id":1674,"date":"2019-09-27T04:00:13","date_gmt":"2019-09-27T02:00:13","guid":{"rendered":"https:\/\/blog.phzh.ch\/schulfuehrung\/?p=1674"},"modified":"2019-09-25T15:00:49","modified_gmt":"2019-09-25T13:00:49","slug":"inklusion-durch-kooperation-statt-koordination","status":"publish","type":"post","link":"https:\/\/blog.phzh.ch\/schulfuehrung\/2019\/09\/27\/inklusion-durch-kooperation-statt-koordination\/","title":{"rendered":"Inklusion durch Kooperation statt Koordination"},"content":{"rendered":"<p><strong>Die Schulen stehen vor der Herausforderung, die UN-Behindertenrechtskonvention umzusetzen und damit eine Schule zu schaffen, in der alle Kinder und Jugendlichen aufgenommen und optimal gef\u00f6rdert werden. Ziel ist eine inklusive Schulkultur, in der die Individualit\u00e4t aller Kinder und ihre Bed\u00fcrfnisse im Vordergrund stehen. <\/strong><\/p>\n<p>Diese Inklusionshaltung fliesst in die Prozesse der Schulentwicklung, der Unterrichtsentwicklung und ganz besonders in die Personalentwicklung ein. Inklusion bedingt kompetente, motivierte und positiv eingestellte Mitarbeiterinnen und Mitarbeiter, welche berufsgruppen\u00fcbergreifend zusammenarbeiten k\u00f6nnen. Diese Zusammenarbeit muss als notwendig und sinnvoll erkennbar sein, da die Kooperation immer auf die spezifische schulische Situation und auf die Bed\u00fcrfnisse aller beteiligten Personen fokussiert ist.<\/p>\n<p><!--more--><\/p>\n<p>Eine gute Zusammenarbeit mit anderen Berufsgruppen stellt h\u00f6here Anforderungen an die Beteiligten als die Zusammenarbeit innerhalb einer Profession, da sich zuerst immer Respekt vor der benachbarten Disziplin einstellen muss. Wenn es gelingt, dass multiprofessionelle Teams sich mit gemeinsam getragenen Wert- und Zielvorstellungen f\u00fcr ihre Zusammenarbeit auseinandersetzen, kann echte Kooperation (statt \u00abnur\u00bb Koordination) entstehen.<\/p>\n<p>Teamarbeit st\u00f6sst bei allen Beteiligten auf W\u00fcnsche und Hoffnungen aber auch auf Vorbehalte und \u00c4ngste. Die Schulleitung kann die Auseinandersetzung mit Gelingensbedingungen und Stolpersteinen in einem Klima der Offenheit und Ver\u00e4nderungsbereitschaft unterst\u00fctzen und damit ein gemeinsames professionelles Rollenverst\u00e4ndnis verst\u00e4rken.<\/p>\n<p>Auch bei bester Zusammenarbeit k\u00f6nnen Belastungen und kritische Situation die Mitarbeitenden an ihre Grenzen bringen. Im Rahmen der Inklusion ist es besonders wichtig, dass an der Schule f\u00fcr ein Klima gesorgt ist, in dem akute Probleme ge\u00e4ussert werden k\u00f6nnen und soziale Unterst\u00fctzung erm\u00f6glicht wird.<\/p>\n<p><em>Otto Bandli, Andrea Hugelshofer, Dozent\/in und Berater\/in PH Z\u00fcrich<\/em><\/p>\n<p>Bild: Pixabay<\/p>\n<hr \/>\n<p>Wie Schulleitende durch Personalentwicklung zu dieser Zusammenarbeit beitragen k\u00f6nnen: Workshop \u00abPersonalentwicklung als Schl\u00fcssel zur Inklusiven Schule\u00bb an der Tagung \u00abSchule leiten inklusiv\u00bb (23. November 2019).<\/p>\n<p>Der CAS Personalentwicklung 2019\/2020 (Start 28.10.2019) geht vertieft auf dieses Thema ein. Es k\u00f6nnen auch einzelne Module besucht werden, zum Beispiel:<\/p>\n<ul>\n<li>Modul \u00abMitarbeitende f\u00f6rdern\u00bb (14.4. &#8211; 15.4.2020)<\/li>\n<li>Modul \u00abZusammenarbeit in Teams und Shared Leadership\u00bb (23.6 &#8211; 24.6.2020)<\/li>\n<li>Modul \u00abExkurs \u2013 Konflikte und Krisen\u00bb (25.8. &#8211; 26.8.2020).<\/li>\n<\/ul>\n","protected":false},"excerpt":{"rendered":"<p>Die Schulen stehen vor der Herausforderung, die UN-Behindertenrechtskonvention umzusetzen und damit eine Schule zu schaffen, in der alle Kinder und Jugendlichen aufgenommen und optimal gef\u00f6rdert werden. Ziel ist eine inklusive Schulkultur, in der die Individualit\u00e4t aller Kinder und ihre Bed\u00fcrfnisse im Vordergrund stehen. Diese Inklusionshaltung fliesst in die Prozesse der Schulentwicklung, der Unterrichtsentwicklung und ganz &hellip; <a href=\"https:\/\/blog.phzh.ch\/schulfuehrung\/2019\/09\/27\/inklusion-durch-kooperation-statt-koordination\/\" class=\"more-link\"><span class=\"screen-reader-text\">Inklusion durch Kooperation statt Koordination<\/span> weiterlesen<\/a><\/p>\n","protected":false},"author":1392,"featured_media":1676,"comment_status":"open","ping_status":"open","sticky":false,"template":"","format":"standard","meta":{"sfsi_plus_gutenberg_text_before_share":"","sfsi_plus_gutenberg_show_text_before_share":"","sfsi_plus_gutenberg_icon_type":"","sfsi_plus_gutenberg_icon_alignemt":"","sfsi_plus_gutenburg_max_per_row":"","footnotes":""},"categories":[107128,107309],"tags":[107369,107144,107370,82854,107142,44950,45021,44949],"class_list":["post-1674","post","type-post","status-publish","format-standard","has-post-thumbnail","hentry","category-entdecken","category-alle-beitraege","tag-andrea-hugelshofer","tag-cas-personalentwicklung","tag-dozenten","tag-inklusion","tag-otto-bandli","tag-ph-zuerich","tag-schulentwicklung","tag-schulleiter"],"yoast_head":"<!-- This site is optimized with the Yoast SEO plugin v26.8 - https:\/\/yoast.com\/product\/yoast-seo-wordpress\/ -->\n<title>Inklusion durch Kooperation statt Koordination - Schulf\u00fchrung<\/title>\n<meta name=\"robots\" content=\"index, follow, max-snippet:-1, max-image-preview:large, max-video-preview:-1\" \/>\n<link rel=\"canonical\" href=\"https:\/\/blog.phzh.ch\/schulfuehrung\/2019\/09\/27\/inklusion-durch-kooperation-statt-koordination\/\" \/>\n<meta property=\"og:locale\" content=\"de_DE\" \/>\n<meta property=\"og:type\" content=\"article\" \/>\n<meta property=\"og:title\" content=\"Inklusion durch Kooperation statt Koordination - Schulf\u00fchrung\" \/>\n<meta property=\"og:description\" content=\"Die Schulen stehen vor der Herausforderung, die UN-Behindertenrechtskonvention umzusetzen und damit eine Schule zu schaffen, in der alle Kinder und Jugendlichen aufgenommen und optimal gef\u00f6rdert werden. Ziel ist eine inklusive Schulkultur, in der die Individualit\u00e4t aller Kinder und ihre Bed\u00fcrfnisse im Vordergrund stehen. Diese Inklusionshaltung fliesst in die Prozesse der Schulentwicklung, der Unterrichtsentwicklung und ganz &hellip; Inklusion durch Kooperation statt Koordination weiterlesen\" \/>\n<meta property=\"og:url\" content=\"https:\/\/blog.phzh.ch\/schulfuehrung\/2019\/09\/27\/inklusion-durch-kooperation-statt-koordination\/\" \/>\n<meta property=\"og:site_name\" content=\"Schulf\u00fchrung\" \/>\n<meta property=\"article:published_time\" content=\"2019-09-27T02:00:13+00:00\" \/>\n<meta property=\"og:image\" content=\"https:\/\/blog.phzh.ch\/schulfuehrung\/files\/2019\/09\/Titelbild_Inklusion_Andrea-Hugelshofer_20190925.jpg\" \/>\n\t<meta property=\"og:image:width\" content=\"419\" \/>\n\t<meta property=\"og:image:height\" content=\"340\" \/>\n\t<meta property=\"og:image:type\" content=\"image\/jpeg\" \/>\n<meta name=\"author\" content=\"melinamaerten\" \/>\n<meta name=\"twitter:card\" content=\"summary_large_image\" \/>\n<meta name=\"twitter:label1\" content=\"Verfasst von\" \/>\n\t<meta name=\"twitter:data1\" content=\"melinamaerten\" \/>\n\t<meta name=\"twitter:label2\" content=\"Gesch\u00e4tzte Lesezeit\" \/>\n\t<meta name=\"twitter:data2\" content=\"2\u00a0Minuten\" \/>\n<script type=\"application\/ld+json\" class=\"yoast-schema-graph\">{\"@context\":\"https:\/\/schema.org\",\"@graph\":[{\"@type\":\"Article\",\"@id\":\"https:\/\/blog.phzh.ch\/schulfuehrung\/2019\/09\/27\/inklusion-durch-kooperation-statt-koordination\/#article\",\"isPartOf\":{\"@id\":\"https:\/\/blog.phzh.ch\/schulfuehrung\/2019\/09\/27\/inklusion-durch-kooperation-statt-koordination\/\"},\"author\":{\"name\":\"melinamaerten\",\"@id\":\"https:\/\/blog.phzh.ch\/schulfuehrung\/#\/schema\/person\/13544ff30d01e0e5f98444f0696dcefb\"},\"headline\":\"Inklusion durch Kooperation statt Koordination\",\"datePublished\":\"2019-09-27T02:00:13+00:00\",\"mainEntityOfPage\":{\"@id\":\"https:\/\/blog.phzh.ch\/schulfuehrung\/2019\/09\/27\/inklusion-durch-kooperation-statt-koordination\/\"},\"wordCount\":340,\"commentCount\":0,\"image\":{\"@id\":\"https:\/\/blog.phzh.ch\/schulfuehrung\/2019\/09\/27\/inklusion-durch-kooperation-statt-koordination\/#primaryimage\"},\"thumbnailUrl\":\"https:\/\/blog.phzh.ch\/schulfuehrung\/files\/2019\/09\/Titelbild_Inklusion_Andrea-Hugelshofer_20190925.jpg\",\"keywords\":[\"Andrea Hugelshofer\",\"CAS Personalentwicklung\",\"Dozenten\",\"Inklusion\",\"Otto Bandli\",\"PH Z\u00fcrich\",\"schulentwicklung\",\"Schulleiter\"],\"articleSection\":[\"Entdecken\",\"Gesamte Beitr\u00e4ge\"],\"inLanguage\":\"de\",\"potentialAction\":[{\"@type\":\"CommentAction\",\"name\":\"Comment\",\"target\":[\"https:\/\/blog.phzh.ch\/schulfuehrung\/2019\/09\/27\/inklusion-durch-kooperation-statt-koordination\/#respond\"]}]},{\"@type\":\"WebPage\",\"@id\":\"https:\/\/blog.phzh.ch\/schulfuehrung\/2019\/09\/27\/inklusion-durch-kooperation-statt-koordination\/\",\"url\":\"https:\/\/blog.phzh.ch\/schulfuehrung\/2019\/09\/27\/inklusion-durch-kooperation-statt-koordination\/\",\"name\":\"Inklusion durch Kooperation statt Koordination - Schulf\u00fchrung\",\"isPartOf\":{\"@id\":\"https:\/\/blog.phzh.ch\/schulfuehrung\/#website\"},\"primaryImageOfPage\":{\"@id\":\"https:\/\/blog.phzh.ch\/schulfuehrung\/2019\/09\/27\/inklusion-durch-kooperation-statt-koordination\/#primaryimage\"},\"image\":{\"@id\":\"https:\/\/blog.phzh.ch\/schulfuehrung\/2019\/09\/27\/inklusion-durch-kooperation-statt-koordination\/#primaryimage\"},\"thumbnailUrl\":\"https:\/\/blog.phzh.ch\/schulfuehrung\/files\/2019\/09\/Titelbild_Inklusion_Andrea-Hugelshofer_20190925.jpg\",\"datePublished\":\"2019-09-27T02:00:13+00:00\",\"author\":{\"@id\":\"https:\/\/blog.phzh.ch\/schulfuehrung\/#\/schema\/person\/13544ff30d01e0e5f98444f0696dcefb\"},\"breadcrumb\":{\"@id\":\"https:\/\/blog.phzh.ch\/schulfuehrung\/2019\/09\/27\/inklusion-durch-kooperation-statt-koordination\/#breadcrumb\"},\"inLanguage\":\"de\",\"potentialAction\":[{\"@type\":\"ReadAction\",\"target\":[\"https:\/\/blog.phzh.ch\/schulfuehrung\/2019\/09\/27\/inklusion-durch-kooperation-statt-koordination\/\"]}]},{\"@type\":\"ImageObject\",\"inLanguage\":\"de\",\"@id\":\"https:\/\/blog.phzh.ch\/schulfuehrung\/2019\/09\/27\/inklusion-durch-kooperation-statt-koordination\/#primaryimage\",\"url\":\"https:\/\/blog.phzh.ch\/schulfuehrung\/files\/2019\/09\/Titelbild_Inklusion_Andrea-Hugelshofer_20190925.jpg\",\"contentUrl\":\"https:\/\/blog.phzh.ch\/schulfuehrung\/files\/2019\/09\/Titelbild_Inklusion_Andrea-Hugelshofer_20190925.jpg\",\"width\":419,\"height\":340},{\"@type\":\"BreadcrumbList\",\"@id\":\"https:\/\/blog.phzh.ch\/schulfuehrung\/2019\/09\/27\/inklusion-durch-kooperation-statt-koordination\/#breadcrumb\",\"itemListElement\":[{\"@type\":\"ListItem\",\"position\":1,\"name\":\"Startseite\",\"item\":\"https:\/\/blog.phzh.ch\/schulfuehrung\/\"},{\"@type\":\"ListItem\",\"position\":2,\"name\":\"Inklusion durch Kooperation statt Koordination\"}]},{\"@type\":\"WebSite\",\"@id\":\"https:\/\/blog.phzh.ch\/schulfuehrung\/#website\",\"url\":\"https:\/\/blog.phzh.ch\/schulfuehrung\/\",\"name\":\"Schulf\u00fchrung\",\"description\":\"phzh.ch\/schulfuehrung\",\"potentialAction\":[{\"@type\":\"SearchAction\",\"target\":{\"@type\":\"EntryPoint\",\"urlTemplate\":\"https:\/\/blog.phzh.ch\/schulfuehrung\/?s={search_term_string}\"},\"query-input\":{\"@type\":\"PropertyValueSpecification\",\"valueRequired\":true,\"valueName\":\"search_term_string\"}}],\"inLanguage\":\"de\"},{\"@type\":\"Person\",\"@id\":\"https:\/\/blog.phzh.ch\/schulfuehrung\/#\/schema\/person\/13544ff30d01e0e5f98444f0696dcefb\",\"name\":\"melinamaerten\",\"image\":{\"@type\":\"ImageObject\",\"inLanguage\":\"de\",\"@id\":\"https:\/\/blog.phzh.ch\/schulfuehrung\/#\/schema\/person\/image\/\",\"url\":\"https:\/\/secure.gravatar.com\/avatar\/581b196899ac4a61b7e20a29f4dd52fe?s=96&d=mm&r=g\",\"contentUrl\":\"https:\/\/secure.gravatar.com\/avatar\/581b196899ac4a61b7e20a29f4dd52fe?s=96&d=mm&r=g\",\"caption\":\"melinamaerten\"},\"url\":\"https:\/\/blog.phzh.ch\/schulfuehrung\/author\/melinamaerten\/\"}]}<\/script>\n<!-- \/ Yoast SEO plugin. -->","yoast_head_json":{"title":"Inklusion durch Kooperation statt Koordination - Schulf\u00fchrung","robots":{"index":"index","follow":"follow","max-snippet":"max-snippet:-1","max-image-preview":"max-image-preview:large","max-video-preview":"max-video-preview:-1"},"canonical":"https:\/\/blog.phzh.ch\/schulfuehrung\/2019\/09\/27\/inklusion-durch-kooperation-statt-koordination\/","og_locale":"de_DE","og_type":"article","og_title":"Inklusion durch Kooperation statt Koordination - Schulf\u00fchrung","og_description":"Die Schulen stehen vor der Herausforderung, die UN-Behindertenrechtskonvention umzusetzen und damit eine Schule zu schaffen, in der alle Kinder und Jugendlichen aufgenommen und optimal gef\u00f6rdert werden. Ziel ist eine inklusive Schulkultur, in der die Individualit\u00e4t aller Kinder und ihre Bed\u00fcrfnisse im Vordergrund stehen. Diese Inklusionshaltung fliesst in die Prozesse der Schulentwicklung, der Unterrichtsentwicklung und ganz &hellip; Inklusion durch Kooperation statt Koordination weiterlesen","og_url":"https:\/\/blog.phzh.ch\/schulfuehrung\/2019\/09\/27\/inklusion-durch-kooperation-statt-koordination\/","og_site_name":"Schulf\u00fchrung","article_published_time":"2019-09-27T02:00:13+00:00","og_image":[{"width":419,"height":340,"url":"https:\/\/blog.phzh.ch\/schulfuehrung\/files\/2019\/09\/Titelbild_Inklusion_Andrea-Hugelshofer_20190925.jpg","type":"image\/jpeg"}],"author":"melinamaerten","twitter_card":"summary_large_image","twitter_misc":{"Verfasst von":"melinamaerten","Gesch\u00e4tzte Lesezeit":"2\u00a0Minuten"},"schema":{"@context":"https:\/\/schema.org","@graph":[{"@type":"Article","@id":"https:\/\/blog.phzh.ch\/schulfuehrung\/2019\/09\/27\/inklusion-durch-kooperation-statt-koordination\/#article","isPartOf":{"@id":"https:\/\/blog.phzh.ch\/schulfuehrung\/2019\/09\/27\/inklusion-durch-kooperation-statt-koordination\/"},"author":{"name":"melinamaerten","@id":"https:\/\/blog.phzh.ch\/schulfuehrung\/#\/schema\/person\/13544ff30d01e0e5f98444f0696dcefb"},"headline":"Inklusion durch Kooperation statt Koordination","datePublished":"2019-09-27T02:00:13+00:00","mainEntityOfPage":{"@id":"https:\/\/blog.phzh.ch\/schulfuehrung\/2019\/09\/27\/inklusion-durch-kooperation-statt-koordination\/"},"wordCount":340,"commentCount":0,"image":{"@id":"https:\/\/blog.phzh.ch\/schulfuehrung\/2019\/09\/27\/inklusion-durch-kooperation-statt-koordination\/#primaryimage"},"thumbnailUrl":"https:\/\/blog.phzh.ch\/schulfuehrung\/files\/2019\/09\/Titelbild_Inklusion_Andrea-Hugelshofer_20190925.jpg","keywords":["Andrea Hugelshofer","CAS Personalentwicklung","Dozenten","Inklusion","Otto Bandli","PH Z\u00fcrich","schulentwicklung","Schulleiter"],"articleSection":["Entdecken","Gesamte Beitr\u00e4ge"],"inLanguage":"de","potentialAction":[{"@type":"CommentAction","name":"Comment","target":["https:\/\/blog.phzh.ch\/schulfuehrung\/2019\/09\/27\/inklusion-durch-kooperation-statt-koordination\/#respond"]}]},{"@type":"WebPage","@id":"https:\/\/blog.phzh.ch\/schulfuehrung\/2019\/09\/27\/inklusion-durch-kooperation-statt-koordination\/","url":"https:\/\/blog.phzh.ch\/schulfuehrung\/2019\/09\/27\/inklusion-durch-kooperation-statt-koordination\/","name":"Inklusion durch Kooperation statt Koordination - Schulf\u00fchrung","isPartOf":{"@id":"https:\/\/blog.phzh.ch\/schulfuehrung\/#website"},"primaryImageOfPage":{"@id":"https:\/\/blog.phzh.ch\/schulfuehrung\/2019\/09\/27\/inklusion-durch-kooperation-statt-koordination\/#primaryimage"},"image":{"@id":"https:\/\/blog.phzh.ch\/schulfuehrung\/2019\/09\/27\/inklusion-durch-kooperation-statt-koordination\/#primaryimage"},"thumbnailUrl":"https:\/\/blog.phzh.ch\/schulfuehrung\/files\/2019\/09\/Titelbild_Inklusion_Andrea-Hugelshofer_20190925.jpg","datePublished":"2019-09-27T02:00:13+00:00","author":{"@id":"https:\/\/blog.phzh.ch\/schulfuehrung\/#\/schema\/person\/13544ff30d01e0e5f98444f0696dcefb"},"breadcrumb":{"@id":"https:\/\/blog.phzh.ch\/schulfuehrung\/2019\/09\/27\/inklusion-durch-kooperation-statt-koordination\/#breadcrumb"},"inLanguage":"de","potentialAction":[{"@type":"ReadAction","target":["https:\/\/blog.phzh.ch\/schulfuehrung\/2019\/09\/27\/inklusion-durch-kooperation-statt-koordination\/"]}]},{"@type":"ImageObject","inLanguage":"de","@id":"https:\/\/blog.phzh.ch\/schulfuehrung\/2019\/09\/27\/inklusion-durch-kooperation-statt-koordination\/#primaryimage","url":"https:\/\/blog.phzh.ch\/schulfuehrung\/files\/2019\/09\/Titelbild_Inklusion_Andrea-Hugelshofer_20190925.jpg","contentUrl":"https:\/\/blog.phzh.ch\/schulfuehrung\/files\/2019\/09\/Titelbild_Inklusion_Andrea-Hugelshofer_20190925.jpg","width":419,"height":340},{"@type":"BreadcrumbList","@id":"https:\/\/blog.phzh.ch\/schulfuehrung\/2019\/09\/27\/inklusion-durch-kooperation-statt-koordination\/#breadcrumb","itemListElement":[{"@type":"ListItem","position":1,"name":"Startseite","item":"https:\/\/blog.phzh.ch\/schulfuehrung\/"},{"@type":"ListItem","position":2,"name":"Inklusion durch Kooperation statt Koordination"}]},{"@type":"WebSite","@id":"https:\/\/blog.phzh.ch\/schulfuehrung\/#website","url":"https:\/\/blog.phzh.ch\/schulfuehrung\/","name":"Schulf\u00fchrung","description":"phzh.ch\/schulfuehrung","potentialAction":[{"@type":"SearchAction","target":{"@type":"EntryPoint","urlTemplate":"https:\/\/blog.phzh.ch\/schulfuehrung\/?s={search_term_string}"},"query-input":{"@type":"PropertyValueSpecification","valueRequired":true,"valueName":"search_term_string"}}],"inLanguage":"de"},{"@type":"Person","@id":"https:\/\/blog.phzh.ch\/schulfuehrung\/#\/schema\/person\/13544ff30d01e0e5f98444f0696dcefb","name":"melinamaerten","image":{"@type":"ImageObject","inLanguage":"de","@id":"https:\/\/blog.phzh.ch\/schulfuehrung\/#\/schema\/person\/image\/","url":"https:\/\/secure.gravatar.com\/avatar\/581b196899ac4a61b7e20a29f4dd52fe?s=96&d=mm&r=g","contentUrl":"https:\/\/secure.gravatar.com\/avatar\/581b196899ac4a61b7e20a29f4dd52fe?s=96&d=mm&r=g","caption":"melinamaerten"},"url":"https:\/\/blog.phzh.ch\/schulfuehrung\/author\/melinamaerten\/"}]}},"_links":{"self":[{"href":"https:\/\/blog.phzh.ch\/schulfuehrung\/wp-json\/wp\/v2\/posts\/1674","targetHints":{"allow":["GET"]}}],"collection":[{"href":"https:\/\/blog.phzh.ch\/schulfuehrung\/wp-json\/wp\/v2\/posts"}],"about":[{"href":"https:\/\/blog.phzh.ch\/schulfuehrung\/wp-json\/wp\/v2\/types\/post"}],"author":[{"embeddable":true,"href":"https:\/\/blog.phzh.ch\/schulfuehrung\/wp-json\/wp\/v2\/users\/1392"}],"replies":[{"embeddable":true,"href":"https:\/\/blog.phzh.ch\/schulfuehrung\/wp-json\/wp\/v2\/comments?post=1674"}],"version-history":[{"count":2,"href":"https:\/\/blog.phzh.ch\/schulfuehrung\/wp-json\/wp\/v2\/posts\/1674\/revisions"}],"predecessor-version":[{"id":1677,"href":"https:\/\/blog.phzh.ch\/schulfuehrung\/wp-json\/wp\/v2\/posts\/1674\/revisions\/1677"}],"wp:featuredmedia":[{"embeddable":true,"href":"https:\/\/blog.phzh.ch\/schulfuehrung\/wp-json\/wp\/v2\/media\/1676"}],"wp:attachment":[{"href":"https:\/\/blog.phzh.ch\/schulfuehrung\/wp-json\/wp\/v2\/media?parent=1674"}],"wp:term":[{"taxonomy":"category","embeddable":true,"href":"https:\/\/blog.phzh.ch\/schulfuehrung\/wp-json\/wp\/v2\/categories?post=1674"},{"taxonomy":"post_tag","embeddable":true,"href":"https:\/\/blog.phzh.ch\/schulfuehrung\/wp-json\/wp\/v2\/tags?post=1674"}],"curies":[{"name":"wp","href":"https:\/\/api.w.org\/{rel}","templated":true}]}}