{"id":1636,"date":"2019-09-11T04:00:03","date_gmt":"2019-09-11T02:00:03","guid":{"rendered":"https:\/\/blog.phzh.ch\/schulfuehrung\/?p=1636"},"modified":"2019-09-11T05:55:38","modified_gmt":"2019-09-11T03:55:38","slug":"probezeit-fuer-lehrpersonen","status":"publish","type":"post","link":"https:\/\/blog.phzh.ch\/schulfuehrung\/2019\/09\/11\/probezeit-fuer-lehrpersonen\/","title":{"rendered":"Probezeit f\u00fcr Lehrpersonen"},"content":{"rendered":"<p><strong>Die Probezeit dient dazu, dem zu Beginn der Anstellung noch fragilen Vertrauensverh\u00e4ltnis zwischen den Parteien die M\u00f6glichkeit eines gegenseitigen Vertrauensaufbaus einzur\u00e4umen.\u00a0 Nicht immer gelingt der Einstieg in die Lehrt\u00e4tigkeit aber problemlos. Welche Aufgaben kommen der Schulleitung w\u00e4hrend der Probezeit einer neu angestellten Lehrperson zu? In welcher Form ist die Beurteilung \u00fcber die Leistung und das Verhalten vorzunehmen? Wie kann das Arbeitsverh\u00e4ltnis w\u00e4hrend der Probezeit materiell- und formalrechtlich korrekt aufgel\u00f6st werden? Welche Folgen haben Krankheit, Unfall oder die Erf\u00fcllung einer nicht freiwillig \u00fcbernommenen gesetzlichen Pflicht w\u00e4hrend der Probezeit?<\/strong><\/p>\n<p>Nach \u00a7 7 a Abs. 1 des Lehrpersonalgesetzes (LPG) gelten die ersten f\u00fcnf Monate des Arbeitsverh\u00e4ltnisses der Lehrperson als Probezeit (Satz 1). Unter Einhaltung einer K\u00fcndigungsfrist von sieben Tagen kann \u2013 auf den letzten Schultag vor den Schulferien \u2013 das Arbeitsverh\u00e4ltnis beidseitig aufgel\u00f6st werden (Satz 2). Nach \u00a7 8 Abs. 1 LPG ist die Schulpflege f\u00fcr die K\u00fcndigung des Arbeitsverh\u00e4ltnisses zust\u00e4ndig.<\/p>\n<p>Ganz ausnahmsweise, im Falle gegebener Dringlichkeit und wenn zur Fristwahrung notwendig, kann die K\u00fcndigung nach \u00a7 41 Abs. 1 des Gemeindegesetzes mittels Pr\u00e4sidialentscheid erfolgen. Die Beh\u00f6rdenmitglieder sind \u00fcber den Entscheid zu informieren. Der Geltungsbereich des Lehrpersonalgesetzes erfasst nach \u00a7 1 Abs. 1 LPG alle an der Volksschule t\u00e4tigen Lehrpersonen, die im Lehrplan vorgesehene F\u00e4cher unterrichten.<\/p>\n<p><!--more--><\/p>\n<p><strong>Zweck der Probezeit<\/strong><\/p>\n<p>Die Probezeit erf\u00fcllt den Zweck, dass sich die Parteien m\u00f6glichst zwanglos kennenlernen sollen, was zur Bildung eines Vertrauensverh\u00e4ltnisses unerl\u00e4sslich ist. Beide Parteien sollen in die Lage versetzt werden, abzusch\u00e4tzen, ob sie die gegenseitigen Erwartungen erf\u00fcllen und sie sollen sich dar\u00fcber ein Urteil bilden, ob sie die in Aussicht genommene langfristige Bindung in Kenntnis der konkreten Umst\u00e4nde weiterf\u00fchren wollen. Vor Ablauf der Probezeit darf nicht darauf vertraut werden, dass das Arbeitsverh\u00e4ltnis langfristig Bestand hat.<\/p>\n<p><strong>Aufgaben der Schulleitung w\u00e4hrend der Probezeit<\/strong><\/p>\n<p>Um im Wesentlichen die Leistung und das Verhalten der Lehrperson in der Probezeit beurteilen zu k\u00f6nnen, sind Schulbesuche, deren Beurteilungsinhalte sich an den Kriterien der Mitarbeiterbeurteilung (MAB) orientieren, durch die Schulleitung fr\u00fchzeitig zu planen und durchzuf\u00fchren. Die Beobachtungen sind schriftlich in Form von Protokollen und Aktennotizen festzuhalten und im Personaldossier abzulegen.<\/p>\n<p>Das Volksschulamt (VSA) stellt Formulare f\u00fcr das \u00abProbezeit-Zwischengespr\u00e4ch\u00bb und das \u00abProbezeitgespr\u00e4ch\u00bb zur Verf\u00fcgung und unterteilt den Ablauf der Beobachtungen in zwei Phasen. Sollten begr\u00fcndete Zweifel \u00fcber die Leistung oder das Verhalten der Lehrperson w\u00e4hrend der Probezeit aufkommen, orientiert die Schulleitung m\u00f6glichst zeitnah die daf\u00fcr zust\u00e4ndigen Mitglieder der Schulpflege.<\/p>\n<p><strong>Beendigung des Arbeitsverh\u00e4ltnisses w\u00e4hrend der Probezeit<\/strong><\/p>\n<p>Wenn im gefestigten Anstellungsverh\u00e4ltnis \u2013 nach Ablauf der Probezeit \u2013 die K\u00fcndigung nach \u00a7 18 Abs. 2 PG (Personalgesetz) nicht missbr\u00e4uchlich im Sinne von Art. 336 des Schweizerischen Obligationenrechts sein darf und zudem einen sachlich zureichenden K\u00fcndigungsgrund erfordert, sind die Voraussetzungen an eine zul\u00e4ssige K\u00fcndigung w\u00e4hrend der Probezeit erheblich herabgesetzt.<\/p>\n<p>So stellt das Verwaltungsgericht Z\u00fcrich in st\u00e4ndiger Rechtsprechung fest, dass \u00abdie K\u00fcndigung des Probeverh\u00e4ltnisses bereits dann zul\u00e4ssig ist, wenn aufgrund der Wahrnehmung der Vorgesetzten die Annahme hinreichend begr\u00fcndet erscheint, dass der Ausweis der F\u00e4higkeit oder der Eignung nicht erbracht ist und voraussichtlich auch nicht mehr erbracht werden kann. Die Aufl\u00f6sung muss vom Betroffenen nicht verschuldet sein und kann sich auf objektive Gr\u00fcnde st\u00fctzen. Die begr\u00fcndete Feststellung, dass der sich um eine definitive Anstellung Bewerbende dem Stellenprofil nicht entspricht, reicht aus.\u00bb<\/p>\n<p>Soll das Arbeitsverh\u00e4ltnis gest\u00fctzt auf \u00a7 7 a LPG aufgel\u00f6st werden, ist der Lehrperson vorg\u00e4ngig das rechtliche Geh\u00f6r nach \u00a7 31 des Personalgesetzes und \u00a7 18 Abs. 5 der Vollzugsverordnung zum Personalgesetz zu gew\u00e4hren. Die Lehrperson hat das Recht, sich vor Erlass einer belastenden Verf\u00fcgung durch die Beh\u00f6rde zur Sache zu \u00e4ussern und ihren Standpunkt in allen relevanten Fragen wirksam zur Geltung zu bringen.<\/p>\n<p>Daf\u00fcr ist ihr eine angemessene Frist von circa drei bis f\u00fcnf Tagen einzur\u00e4umen. Nach Ablauf der Frist und unter Ber\u00fccksichtigung der Stellungnahme der Lehrperson darf die Beh\u00f6rde \u2013 in der Regel auf Antrag der Schulleitung \u2013 die Aufl\u00f6sung des Arbeitsverh\u00e4ltnisses beschliessen. Als Ausfluss des rechtlichen Geh\u00f6rs muss die Beh\u00f6rde ihren Entscheid begr\u00fcnden, wobei sie sich auf die f\u00fcr den Entscheid wesentlichen Punkte beschr\u00e4nken darf.<\/p>\n<p><strong>Probezeitverl\u00e4ngerung<\/strong><\/p>\n<p>Mangels einer im Lehrpersonalgesetz vorgesehenen eigenst\u00e4ndigen Regelung \u00fcber die Verl\u00e4ngerung der Probezeit, gelangt durch Verweis in \u00a7 2 LPG die f\u00fcr das \u00fcbrige Staatspersonal anwendbare Gesetzesbestimmung zur Anwendung. F\u00fchren eine Erkrankung, ein Unfall oder die Erf\u00fcllung einer nicht freiwillig \u00fcbernommenen gesetzlichen Pflicht zu einer effektiven Verk\u00fcrzung der Probezeit, wird diese gem\u00e4ss \u00a7 14 Abs. 3 PG entsprechend verl\u00e4ngert.<\/p>\n<p><em>Thomas Bucher, Jurist, Dozent f\u00fcr Schulrecht, PH Z\u00fcrich<\/em><\/p>\n<p>Bild: pixabay.com<\/p>\n","protected":false},"excerpt":{"rendered":"<p>Die Probezeit dient dazu, dem zu Beginn der Anstellung noch fragilen Vertrauensverh\u00e4ltnis zwischen den Parteien die M\u00f6glichkeit eines gegenseitigen Vertrauensaufbaus einzur\u00e4umen.\u00a0 Nicht immer gelingt der Einstieg in die Lehrt\u00e4tigkeit aber problemlos. Welche Aufgaben kommen der Schulleitung w\u00e4hrend der Probezeit einer neu angestellten Lehrperson zu? In welcher Form ist die Beurteilung \u00fcber die Leistung und das &hellip; <a href=\"https:\/\/blog.phzh.ch\/schulfuehrung\/2019\/09\/11\/probezeit-fuer-lehrpersonen\/\" class=\"more-link\"><span class=\"screen-reader-text\">Probezeit f\u00fcr Lehrpersonen<\/span> weiterlesen<\/a><\/p>\n","protected":false},"author":1392,"featured_media":1638,"comment_status":"open","ping_status":"open","sticky":false,"template":"","format":"standard","meta":{"sfsi_plus_gutenberg_text_before_share":"","sfsi_plus_gutenberg_show_text_before_share":"","sfsi_plus_gutenberg_icon_type":"","sfsi_plus_gutenberg_icon_alignemt":"","sfsi_plus_gutenburg_max_per_row":"","footnotes":""},"categories":[103451,107309],"tags":[107319,107361,107360,44950,19,107358,107322],"class_list":["post-1636","post","type-post","status-publish","format-standard","has-post-thumbnail","hentry","category-der-fall","category-alle-beitraege","tag-anstellungsverhaeltnis","tag-arbeitsverhaeltnis","tag-obligationenrecht","tag-ph-zuerich","tag-phzh","tag-probezeit-fuer-lehrpersonen","tag-thomas-bucher-jurist"],"yoast_head":"<!-- This site is optimized with the Yoast SEO plugin v26.8 - https:\/\/yoast.com\/product\/yoast-seo-wordpress\/ -->\n<title>Probezeit f\u00fcr Lehrpersonen - Schulf\u00fchrung<\/title>\n<meta name=\"robots\" content=\"index, follow, max-snippet:-1, max-image-preview:large, max-video-preview:-1\" \/>\n<link rel=\"canonical\" href=\"https:\/\/blog.phzh.ch\/schulfuehrung\/2019\/09\/11\/probezeit-fuer-lehrpersonen\/\" \/>\n<meta property=\"og:locale\" content=\"de_DE\" \/>\n<meta property=\"og:type\" content=\"article\" \/>\n<meta property=\"og:title\" content=\"Probezeit f\u00fcr Lehrpersonen - Schulf\u00fchrung\" \/>\n<meta property=\"og:description\" content=\"Die Probezeit dient dazu, dem zu Beginn der Anstellung noch fragilen Vertrauensverh\u00e4ltnis zwischen den Parteien die M\u00f6glichkeit eines gegenseitigen Vertrauensaufbaus einzur\u00e4umen.\u00a0 Nicht immer gelingt der Einstieg in die Lehrt\u00e4tigkeit aber problemlos. Welche Aufgaben kommen der Schulleitung w\u00e4hrend der Probezeit einer neu angestellten Lehrperson zu? In welcher Form ist die Beurteilung \u00fcber die Leistung und das &hellip; Probezeit f\u00fcr Lehrpersonen weiterlesen\" \/>\n<meta property=\"og:url\" content=\"https:\/\/blog.phzh.ch\/schulfuehrung\/2019\/09\/11\/probezeit-fuer-lehrpersonen\/\" \/>\n<meta property=\"og:site_name\" content=\"Schulf\u00fchrung\" \/>\n<meta property=\"article:published_time\" content=\"2019-09-11T02:00:03+00:00\" \/>\n<meta property=\"article:modified_time\" content=\"2019-09-11T03:55:38+00:00\" \/>\n<meta property=\"og:image\" content=\"https:\/\/blog.phzh.ch\/schulfuehrung\/files\/2019\/09\/Titelbild_Thomas-Bucher_justice-2071539_1920.jpg\" \/>\n\t<meta property=\"og:image:width\" content=\"1920\" \/>\n\t<meta property=\"og:image:height\" content=\"1441\" \/>\n\t<meta property=\"og:image:type\" content=\"image\/jpeg\" \/>\n<meta name=\"author\" content=\"melinamaerten\" \/>\n<meta name=\"twitter:card\" content=\"summary_large_image\" \/>\n<meta name=\"twitter:label1\" content=\"Verfasst von\" \/>\n\t<meta name=\"twitter:data1\" content=\"melinamaerten\" \/>\n\t<meta name=\"twitter:label2\" content=\"Gesch\u00e4tzte Lesezeit\" \/>\n\t<meta name=\"twitter:data2\" content=\"4\u00a0Minuten\" \/>\n<script type=\"application\/ld+json\" class=\"yoast-schema-graph\">{\"@context\":\"https:\/\/schema.org\",\"@graph\":[{\"@type\":\"Article\",\"@id\":\"https:\/\/blog.phzh.ch\/schulfuehrung\/2019\/09\/11\/probezeit-fuer-lehrpersonen\/#article\",\"isPartOf\":{\"@id\":\"https:\/\/blog.phzh.ch\/schulfuehrung\/2019\/09\/11\/probezeit-fuer-lehrpersonen\/\"},\"author\":{\"name\":\"melinamaerten\",\"@id\":\"https:\/\/blog.phzh.ch\/schulfuehrung\/#\/schema\/person\/13544ff30d01e0e5f98444f0696dcefb\"},\"headline\":\"Probezeit f\u00fcr Lehrpersonen\",\"datePublished\":\"2019-09-11T02:00:03+00:00\",\"dateModified\":\"2019-09-11T03:55:38+00:00\",\"mainEntityOfPage\":{\"@id\":\"https:\/\/blog.phzh.ch\/schulfuehrung\/2019\/09\/11\/probezeit-fuer-lehrpersonen\/\"},\"wordCount\":784,\"commentCount\":0,\"image\":{\"@id\":\"https:\/\/blog.phzh.ch\/schulfuehrung\/2019\/09\/11\/probezeit-fuer-lehrpersonen\/#primaryimage\"},\"thumbnailUrl\":\"https:\/\/blog.phzh.ch\/schulfuehrung\/files\/2019\/09\/Titelbild_Thomas-Bucher_justice-2071539_1920.jpg\",\"keywords\":[\"Anstellungsverh\u00e4ltnis\",\"Arbeitsverh\u00e4ltnis\",\"Obligationenrecht\",\"PH Z\u00fcrich\",\"PHZH\",\"Probezeit f\u00fcr Lehrpersonen\",\"Thomas Bucher Jurist\"],\"articleSection\":[\"Der Fall\",\"Gesamte Beitr\u00e4ge\"],\"inLanguage\":\"de\",\"potentialAction\":[{\"@type\":\"CommentAction\",\"name\":\"Comment\",\"target\":[\"https:\/\/blog.phzh.ch\/schulfuehrung\/2019\/09\/11\/probezeit-fuer-lehrpersonen\/#respond\"]}]},{\"@type\":\"WebPage\",\"@id\":\"https:\/\/blog.phzh.ch\/schulfuehrung\/2019\/09\/11\/probezeit-fuer-lehrpersonen\/\",\"url\":\"https:\/\/blog.phzh.ch\/schulfuehrung\/2019\/09\/11\/probezeit-fuer-lehrpersonen\/\",\"name\":\"Probezeit f\u00fcr Lehrpersonen - Schulf\u00fchrung\",\"isPartOf\":{\"@id\":\"https:\/\/blog.phzh.ch\/schulfuehrung\/#website\"},\"primaryImageOfPage\":{\"@id\":\"https:\/\/blog.phzh.ch\/schulfuehrung\/2019\/09\/11\/probezeit-fuer-lehrpersonen\/#primaryimage\"},\"image\":{\"@id\":\"https:\/\/blog.phzh.ch\/schulfuehrung\/2019\/09\/11\/probezeit-fuer-lehrpersonen\/#primaryimage\"},\"thumbnailUrl\":\"https:\/\/blog.phzh.ch\/schulfuehrung\/files\/2019\/09\/Titelbild_Thomas-Bucher_justice-2071539_1920.jpg\",\"datePublished\":\"2019-09-11T02:00:03+00:00\",\"dateModified\":\"2019-09-11T03:55:38+00:00\",\"author\":{\"@id\":\"https:\/\/blog.phzh.ch\/schulfuehrung\/#\/schema\/person\/13544ff30d01e0e5f98444f0696dcefb\"},\"breadcrumb\":{\"@id\":\"https:\/\/blog.phzh.ch\/schulfuehrung\/2019\/09\/11\/probezeit-fuer-lehrpersonen\/#breadcrumb\"},\"inLanguage\":\"de\",\"potentialAction\":[{\"@type\":\"ReadAction\",\"target\":[\"https:\/\/blog.phzh.ch\/schulfuehrung\/2019\/09\/11\/probezeit-fuer-lehrpersonen\/\"]}]},{\"@type\":\"ImageObject\",\"inLanguage\":\"de\",\"@id\":\"https:\/\/blog.phzh.ch\/schulfuehrung\/2019\/09\/11\/probezeit-fuer-lehrpersonen\/#primaryimage\",\"url\":\"https:\/\/blog.phzh.ch\/schulfuehrung\/files\/2019\/09\/Titelbild_Thomas-Bucher_justice-2071539_1920.jpg\",\"contentUrl\":\"https:\/\/blog.phzh.ch\/schulfuehrung\/files\/2019\/09\/Titelbild_Thomas-Bucher_justice-2071539_1920.jpg\",\"width\":1920,\"height\":1441,\"caption\":\"Obligationenrecht Probezeit\"},{\"@type\":\"BreadcrumbList\",\"@id\":\"https:\/\/blog.phzh.ch\/schulfuehrung\/2019\/09\/11\/probezeit-fuer-lehrpersonen\/#breadcrumb\",\"itemListElement\":[{\"@type\":\"ListItem\",\"position\":1,\"name\":\"Startseite\",\"item\":\"https:\/\/blog.phzh.ch\/schulfuehrung\/\"},{\"@type\":\"ListItem\",\"position\":2,\"name\":\"Probezeit f\u00fcr Lehrpersonen\"}]},{\"@type\":\"WebSite\",\"@id\":\"https:\/\/blog.phzh.ch\/schulfuehrung\/#website\",\"url\":\"https:\/\/blog.phzh.ch\/schulfuehrung\/\",\"name\":\"Schulf\u00fchrung\",\"description\":\"phzh.ch\/schulfuehrung\",\"potentialAction\":[{\"@type\":\"SearchAction\",\"target\":{\"@type\":\"EntryPoint\",\"urlTemplate\":\"https:\/\/blog.phzh.ch\/schulfuehrung\/?s={search_term_string}\"},\"query-input\":{\"@type\":\"PropertyValueSpecification\",\"valueRequired\":true,\"valueName\":\"search_term_string\"}}],\"inLanguage\":\"de\"},{\"@type\":\"Person\",\"@id\":\"https:\/\/blog.phzh.ch\/schulfuehrung\/#\/schema\/person\/13544ff30d01e0e5f98444f0696dcefb\",\"name\":\"melinamaerten\",\"image\":{\"@type\":\"ImageObject\",\"inLanguage\":\"de\",\"@id\":\"https:\/\/blog.phzh.ch\/schulfuehrung\/#\/schema\/person\/image\/\",\"url\":\"https:\/\/secure.gravatar.com\/avatar\/581b196899ac4a61b7e20a29f4dd52fe?s=96&d=mm&r=g\",\"contentUrl\":\"https:\/\/secure.gravatar.com\/avatar\/581b196899ac4a61b7e20a29f4dd52fe?s=96&d=mm&r=g\",\"caption\":\"melinamaerten\"},\"url\":\"https:\/\/blog.phzh.ch\/schulfuehrung\/author\/melinamaerten\/\"}]}<\/script>\n<!-- \/ Yoast SEO plugin. -->","yoast_head_json":{"title":"Probezeit f\u00fcr Lehrpersonen - Schulf\u00fchrung","robots":{"index":"index","follow":"follow","max-snippet":"max-snippet:-1","max-image-preview":"max-image-preview:large","max-video-preview":"max-video-preview:-1"},"canonical":"https:\/\/blog.phzh.ch\/schulfuehrung\/2019\/09\/11\/probezeit-fuer-lehrpersonen\/","og_locale":"de_DE","og_type":"article","og_title":"Probezeit f\u00fcr Lehrpersonen - Schulf\u00fchrung","og_description":"Die Probezeit dient dazu, dem zu Beginn der Anstellung noch fragilen Vertrauensverh\u00e4ltnis zwischen den Parteien die M\u00f6glichkeit eines gegenseitigen Vertrauensaufbaus einzur\u00e4umen.\u00a0 Nicht immer gelingt der Einstieg in die Lehrt\u00e4tigkeit aber problemlos. Welche Aufgaben kommen der Schulleitung w\u00e4hrend der Probezeit einer neu angestellten Lehrperson zu? In welcher Form ist die Beurteilung \u00fcber die Leistung und das &hellip; Probezeit f\u00fcr Lehrpersonen weiterlesen","og_url":"https:\/\/blog.phzh.ch\/schulfuehrung\/2019\/09\/11\/probezeit-fuer-lehrpersonen\/","og_site_name":"Schulf\u00fchrung","article_published_time":"2019-09-11T02:00:03+00:00","article_modified_time":"2019-09-11T03:55:38+00:00","og_image":[{"width":1920,"height":1441,"url":"https:\/\/blog.phzh.ch\/schulfuehrung\/files\/2019\/09\/Titelbild_Thomas-Bucher_justice-2071539_1920.jpg","type":"image\/jpeg"}],"author":"melinamaerten","twitter_card":"summary_large_image","twitter_misc":{"Verfasst von":"melinamaerten","Gesch\u00e4tzte Lesezeit":"4\u00a0Minuten"},"schema":{"@context":"https:\/\/schema.org","@graph":[{"@type":"Article","@id":"https:\/\/blog.phzh.ch\/schulfuehrung\/2019\/09\/11\/probezeit-fuer-lehrpersonen\/#article","isPartOf":{"@id":"https:\/\/blog.phzh.ch\/schulfuehrung\/2019\/09\/11\/probezeit-fuer-lehrpersonen\/"},"author":{"name":"melinamaerten","@id":"https:\/\/blog.phzh.ch\/schulfuehrung\/#\/schema\/person\/13544ff30d01e0e5f98444f0696dcefb"},"headline":"Probezeit f\u00fcr Lehrpersonen","datePublished":"2019-09-11T02:00:03+00:00","dateModified":"2019-09-11T03:55:38+00:00","mainEntityOfPage":{"@id":"https:\/\/blog.phzh.ch\/schulfuehrung\/2019\/09\/11\/probezeit-fuer-lehrpersonen\/"},"wordCount":784,"commentCount":0,"image":{"@id":"https:\/\/blog.phzh.ch\/schulfuehrung\/2019\/09\/11\/probezeit-fuer-lehrpersonen\/#primaryimage"},"thumbnailUrl":"https:\/\/blog.phzh.ch\/schulfuehrung\/files\/2019\/09\/Titelbild_Thomas-Bucher_justice-2071539_1920.jpg","keywords":["Anstellungsverh\u00e4ltnis","Arbeitsverh\u00e4ltnis","Obligationenrecht","PH Z\u00fcrich","PHZH","Probezeit f\u00fcr Lehrpersonen","Thomas Bucher Jurist"],"articleSection":["Der Fall","Gesamte Beitr\u00e4ge"],"inLanguage":"de","potentialAction":[{"@type":"CommentAction","name":"Comment","target":["https:\/\/blog.phzh.ch\/schulfuehrung\/2019\/09\/11\/probezeit-fuer-lehrpersonen\/#respond"]}]},{"@type":"WebPage","@id":"https:\/\/blog.phzh.ch\/schulfuehrung\/2019\/09\/11\/probezeit-fuer-lehrpersonen\/","url":"https:\/\/blog.phzh.ch\/schulfuehrung\/2019\/09\/11\/probezeit-fuer-lehrpersonen\/","name":"Probezeit f\u00fcr Lehrpersonen - Schulf\u00fchrung","isPartOf":{"@id":"https:\/\/blog.phzh.ch\/schulfuehrung\/#website"},"primaryImageOfPage":{"@id":"https:\/\/blog.phzh.ch\/schulfuehrung\/2019\/09\/11\/probezeit-fuer-lehrpersonen\/#primaryimage"},"image":{"@id":"https:\/\/blog.phzh.ch\/schulfuehrung\/2019\/09\/11\/probezeit-fuer-lehrpersonen\/#primaryimage"},"thumbnailUrl":"https:\/\/blog.phzh.ch\/schulfuehrung\/files\/2019\/09\/Titelbild_Thomas-Bucher_justice-2071539_1920.jpg","datePublished":"2019-09-11T02:00:03+00:00","dateModified":"2019-09-11T03:55:38+00:00","author":{"@id":"https:\/\/blog.phzh.ch\/schulfuehrung\/#\/schema\/person\/13544ff30d01e0e5f98444f0696dcefb"},"breadcrumb":{"@id":"https:\/\/blog.phzh.ch\/schulfuehrung\/2019\/09\/11\/probezeit-fuer-lehrpersonen\/#breadcrumb"},"inLanguage":"de","potentialAction":[{"@type":"ReadAction","target":["https:\/\/blog.phzh.ch\/schulfuehrung\/2019\/09\/11\/probezeit-fuer-lehrpersonen\/"]}]},{"@type":"ImageObject","inLanguage":"de","@id":"https:\/\/blog.phzh.ch\/schulfuehrung\/2019\/09\/11\/probezeit-fuer-lehrpersonen\/#primaryimage","url":"https:\/\/blog.phzh.ch\/schulfuehrung\/files\/2019\/09\/Titelbild_Thomas-Bucher_justice-2071539_1920.jpg","contentUrl":"https:\/\/blog.phzh.ch\/schulfuehrung\/files\/2019\/09\/Titelbild_Thomas-Bucher_justice-2071539_1920.jpg","width":1920,"height":1441,"caption":"Obligationenrecht Probezeit"},{"@type":"BreadcrumbList","@id":"https:\/\/blog.phzh.ch\/schulfuehrung\/2019\/09\/11\/probezeit-fuer-lehrpersonen\/#breadcrumb","itemListElement":[{"@type":"ListItem","position":1,"name":"Startseite","item":"https:\/\/blog.phzh.ch\/schulfuehrung\/"},{"@type":"ListItem","position":2,"name":"Probezeit f\u00fcr Lehrpersonen"}]},{"@type":"WebSite","@id":"https:\/\/blog.phzh.ch\/schulfuehrung\/#website","url":"https:\/\/blog.phzh.ch\/schulfuehrung\/","name":"Schulf\u00fchrung","description":"phzh.ch\/schulfuehrung","potentialAction":[{"@type":"SearchAction","target":{"@type":"EntryPoint","urlTemplate":"https:\/\/blog.phzh.ch\/schulfuehrung\/?s={search_term_string}"},"query-input":{"@type":"PropertyValueSpecification","valueRequired":true,"valueName":"search_term_string"}}],"inLanguage":"de"},{"@type":"Person","@id":"https:\/\/blog.phzh.ch\/schulfuehrung\/#\/schema\/person\/13544ff30d01e0e5f98444f0696dcefb","name":"melinamaerten","image":{"@type":"ImageObject","inLanguage":"de","@id":"https:\/\/blog.phzh.ch\/schulfuehrung\/#\/schema\/person\/image\/","url":"https:\/\/secure.gravatar.com\/avatar\/581b196899ac4a61b7e20a29f4dd52fe?s=96&d=mm&r=g","contentUrl":"https:\/\/secure.gravatar.com\/avatar\/581b196899ac4a61b7e20a29f4dd52fe?s=96&d=mm&r=g","caption":"melinamaerten"},"url":"https:\/\/blog.phzh.ch\/schulfuehrung\/author\/melinamaerten\/"}]}},"_links":{"self":[{"href":"https:\/\/blog.phzh.ch\/schulfuehrung\/wp-json\/wp\/v2\/posts\/1636","targetHints":{"allow":["GET"]}}],"collection":[{"href":"https:\/\/blog.phzh.ch\/schulfuehrung\/wp-json\/wp\/v2\/posts"}],"about":[{"href":"https:\/\/blog.phzh.ch\/schulfuehrung\/wp-json\/wp\/v2\/types\/post"}],"author":[{"embeddable":true,"href":"https:\/\/blog.phzh.ch\/schulfuehrung\/wp-json\/wp\/v2\/users\/1392"}],"replies":[{"embeddable":true,"href":"https:\/\/blog.phzh.ch\/schulfuehrung\/wp-json\/wp\/v2\/comments?post=1636"}],"version-history":[{"count":5,"href":"https:\/\/blog.phzh.ch\/schulfuehrung\/wp-json\/wp\/v2\/posts\/1636\/revisions"}],"predecessor-version":[{"id":1643,"href":"https:\/\/blog.phzh.ch\/schulfuehrung\/wp-json\/wp\/v2\/posts\/1636\/revisions\/1643"}],"wp:featuredmedia":[{"embeddable":true,"href":"https:\/\/blog.phzh.ch\/schulfuehrung\/wp-json\/wp\/v2\/media\/1638"}],"wp:attachment":[{"href":"https:\/\/blog.phzh.ch\/schulfuehrung\/wp-json\/wp\/v2\/media?parent=1636"}],"wp:term":[{"taxonomy":"category","embeddable":true,"href":"https:\/\/blog.phzh.ch\/schulfuehrung\/wp-json\/wp\/v2\/categories?post=1636"},{"taxonomy":"post_tag","embeddable":true,"href":"https:\/\/blog.phzh.ch\/schulfuehrung\/wp-json\/wp\/v2\/tags?post=1636"}],"curies":[{"name":"wp","href":"https:\/\/api.w.org\/{rel}","templated":true}]}}