{"id":1500,"date":"2019-07-05T04:00:06","date_gmt":"2019-07-05T02:00:06","guid":{"rendered":"https:\/\/blog.phzh.ch\/schulfuehrung\/?p=1500"},"modified":"2019-07-05T09:23:52","modified_gmt":"2019-07-05T07:23:52","slug":"5-fragen-an-susanne-gasser-co-schulleiterin-an-der-sek-niederweningen","status":"publish","type":"post","link":"https:\/\/blog.phzh.ch\/schulfuehrung\/2019\/07\/05\/5-fragen-an-susanne-gasser-co-schulleiterin-an-der-sek-niederweningen\/","title":{"rendered":"5 Fragen an Susanne Gasser, Co-Schulleiterin an der Sek. Niederweningen"},"content":{"rendered":"<p><strong>In der Rubrik \u00ab5 Fragen an\u2026\u00bb interviewt Schulleiterin Trudi M\u00fcller Blau die Schulleiterin Susanne Gasser zu ihrer T\u00e4tigkeit und gibt so den Staffetten-Stab weiter:<\/strong><\/p>\n<p><strong>Wie lange bist du schon als Schulleiterin t\u00e4tig und wie bist du zu deiner aktuellen Stelle gekommen?<\/strong><\/p>\n<p>Vor zwei Jahren habe ich in der Schulleitung auf der Sekundarstufe Niederweningen angefangen. Davor habe ich an derselben Schule 10 Jahre lang als Klassenlehrerin unterrichtet. Als ich Mutter von zwei kleinen Kindern geworden bin, wollte ich nicht mehr 100 Prozent arbeiten und musste daher meine T\u00e4tigkeit als Klassenlehrerin aufgeben. Die M\u00f6glichkeit, 50 Prozent in einer Co-Schulleitung mit dem bisherigen Schulleiter Hanspeter Ogi einzusteigen, hat mich sehr angesprochen und war r\u00fcckblickend ein grosser Gl\u00fccksfall.<\/p>\n<p><strong>Du arbeitest mit einem erfahrenen Schulleiterkollegen zusammen. Was m\u00f6chtest du von ihm lernen?<\/strong><!--more--><\/p>\n<p>Mit einem derart erfahrenen Schulleiter zusammenarbeiten zu d\u00fcrfen, ist eine riesige Chance und ein Privileg. Ich lerne jeden Tag ganz viel von ihm und sch\u00e4tze seine vorausschauende und \u00fcberlegte Art sehr. Oft fungiert er f\u00fcr mich wie eine Art \u00abFr\u00fchwarnsystem\u00bb, das bereits kleine Wogen erkennt und schon fr\u00fch meldet, wo etwas aus dem Gleichgewicht geraten k\u00f6nnte. Diese feine Sensorik und die \u00dcberzeugung, immer auf das eigene Bauchgef\u00fchl zu h\u00f6ren, versuche ich von ihm zu \u00fcbernehmen. Neben dem ist Hanspeter Ogi ein hervorragender Schulentwickler. Er hat die Bildungslandschaft im ganzen Kanton Z\u00fcrich massgebend und nachhaltig mitgestaltet und gepr\u00e4gt. Sein Pioniergeist ist eine grosse Inspiration f\u00fcr mich.<\/p>\n<p><strong>Gibt es Themen, bei welchen du und dein SL-Kollege sehr unterschiedliche Auffassungen haben? Falls ja, wie geht ihr damit um?<\/strong><\/p>\n<p>Diese Frage muss ich ganz ehrlich mit Nein beantworten. Wenn wir unterschiedliche Grundhaltungen h\u00e4tten, w\u00fcrde unsere Zusammenarbeit nicht funktionieren.<\/p>\n<p><strong>Welche Ziele setzt du dir als Schulleiterin f\u00fcr die n\u00e4chsten drei Jahre?<\/strong><\/p>\n<p>Ein sehr wichtiges Ziel f\u00fcr mich ist die Nachfolgeregelung. Die Pension von Hanspeter Ogi steht an und ich m\u00f6chte weiterhin in einer Co-Leitung die Schule im bisherigen Sinne weiterf\u00fchren und weiterbringen.<\/p>\n<p>Bei der Schulentwicklung sollen die Bed\u00fcrfnisse der Sch\u00fclerinnen und Sch\u00fcler im Zentrum stehen, wobei eine Aussensicht, sei es von den Eltern oder der Schulpflege, und auch der Blickwinkel der Lehrpersonen als Teil des Systems st\u00e4ndig ber\u00fccksichtigt werden.<\/p>\n<p>Zu guter Letzt m\u00f6chte ich weiterhin daf\u00fcr sorgen, dass wir im Lehrerteam einen \u00abgesunden\u00bb Umgang pflegen. Wenn es den Lehrpersonen gut geht, wirkt sich das direkt auf die Sch\u00fclerinnen und Sch\u00fcler aus.<\/p>\n<p><strong>Was macht dich so richtig zufrieden in deiner T\u00e4tigkeit als Schulleiterin?<\/strong><\/p>\n<p>Es ist ein wahnsinnig vielseitiger Beruf und man weiss zu Beginn des Tages nie, was alles auf einen zukommen wird. Es gef\u00e4llt mir sehr, ganz nah am Leben zu sein, denn so f\u00fchlt es sich tagt\u00e4glich an. Es spornt mich an, ein Team zu leiten, das Herausforderungen l\u00f6sungsorientiert anpackt und nicht jammert. Und wenn mich Sch\u00fclerinnen und Sch\u00fclern mit einem herzlichen L\u00e4cheln begr\u00fcssen, dann weiss ich, warum ich diesen Beruf so gern mache.<\/p>\n<p><em>Trudi M\u00fcller Blau, Schulleiterin Sekundarschule Urdorf<\/em><\/p>\n","protected":false},"excerpt":{"rendered":"<p>In der Rubrik \u00ab5 Fragen an\u2026\u00bb interviewt Schulleiterin Trudi M\u00fcller Blau die Schulleiterin Susanne Gasser zu ihrer T\u00e4tigkeit und gibt so den Staffetten-Stab weiter: Wie lange bist du schon als Schulleiterin t\u00e4tig und wie bist du zu deiner aktuellen Stelle gekommen? Vor zwei Jahren habe ich in der Schulleitung auf der Sekundarstufe Niederweningen angefangen. Davor &hellip; <a href=\"https:\/\/blog.phzh.ch\/schulfuehrung\/2019\/07\/05\/5-fragen-an-susanne-gasser-co-schulleiterin-an-der-sek-niederweningen\/\" class=\"more-link\"><span class=\"screen-reader-text\">5 Fragen an Susanne Gasser, Co-Schulleiterin an der Sek. Niederweningen<\/span> weiterlesen<\/a><\/p>\n","protected":false},"author":1392,"featured_media":1510,"comment_status":"open","ping_status":"open","sticky":false,"template":"","format":"standard","meta":{"sfsi_plus_gutenberg_text_before_share":"","sfsi_plus_gutenberg_show_text_before_share":"","sfsi_plus_gutenberg_icon_type":"","sfsi_plus_gutenberg_icon_alignemt":"","sfsi_plus_gutenburg_max_per_row":"","footnotes":""},"categories":[107309,102392],"tags":[28219,107164,107165,44958,107166,94799],"class_list":["post-1500","post","type-post","status-publish","format-standard","has-post-thumbnail","hentry","category-alle-beitraege","category-im-gespraech-mit","tag-interview","tag-schulleiterin-susanne-gasser","tag-schulleiterin-trudi-mueller-blau","tag-schulleitung","tag-sekundarschule-niederweningen","tag-sekundarstufe"],"yoast_head":"<!-- This site is optimized with the Yoast SEO plugin v26.8 - https:\/\/yoast.com\/product\/yoast-seo-wordpress\/ -->\n<title>5 Fragen an Susanne Gasser, Co-Schulleiterin an der Sek. Niederweningen - Schulf\u00fchrung<\/title>\n<meta name=\"robots\" content=\"index, follow, max-snippet:-1, max-image-preview:large, max-video-preview:-1\" \/>\n<link rel=\"canonical\" href=\"https:\/\/blog.phzh.ch\/schulfuehrung\/2019\/07\/05\/5-fragen-an-susanne-gasser-co-schulleiterin-an-der-sek-niederweningen\/\" \/>\n<meta property=\"og:locale\" content=\"de_DE\" \/>\n<meta property=\"og:type\" content=\"article\" \/>\n<meta property=\"og:title\" content=\"5 Fragen an Susanne Gasser, Co-Schulleiterin an der Sek. Niederweningen - Schulf\u00fchrung\" \/>\n<meta property=\"og:description\" content=\"In der Rubrik \u00ab5 Fragen an\u2026\u00bb interviewt Schulleiterin Trudi M\u00fcller Blau die Schulleiterin Susanne Gasser zu ihrer T\u00e4tigkeit und gibt so den Staffetten-Stab weiter: Wie lange bist du schon als Schulleiterin t\u00e4tig und wie bist du zu deiner aktuellen Stelle gekommen? Vor zwei Jahren habe ich in der Schulleitung auf der Sekundarstufe Niederweningen angefangen. Davor &hellip; 5 Fragen an Susanne Gasser, Co-Schulleiterin an der Sek. Niederweningen weiterlesen\" \/>\n<meta property=\"og:url\" content=\"https:\/\/blog.phzh.ch\/schulfuehrung\/2019\/07\/05\/5-fragen-an-susanne-gasser-co-schulleiterin-an-der-sek-niederweningen\/\" \/>\n<meta property=\"og:site_name\" content=\"Schulf\u00fchrung\" \/>\n<meta property=\"article:published_time\" content=\"2019-07-05T02:00:06+00:00\" \/>\n<meta property=\"article:modified_time\" content=\"2019-07-05T07:23:52+00:00\" \/>\n<meta property=\"og:image\" content=\"https:\/\/blog.phzh.ch\/schulfuehrung\/files\/2019\/06\/Trudi-M\u00fcller-Blau_fragt_Susanne_Gasser.jpg\" \/>\n\t<meta property=\"og:image:width\" content=\"1936\" \/>\n\t<meta property=\"og:image:height\" content=\"1296\" \/>\n\t<meta property=\"og:image:type\" content=\"image\/jpeg\" \/>\n<meta name=\"author\" content=\"melinamaerten\" \/>\n<meta name=\"twitter:card\" content=\"summary_large_image\" \/>\n<meta name=\"twitter:label1\" content=\"Verfasst von\" \/>\n\t<meta name=\"twitter:data1\" content=\"melinamaerten\" \/>\n\t<meta name=\"twitter:label2\" content=\"Gesch\u00e4tzte Lesezeit\" \/>\n\t<meta name=\"twitter:data2\" content=\"3\u00a0Minuten\" \/>\n<script type=\"application\/ld+json\" class=\"yoast-schema-graph\">{\"@context\":\"https:\/\/schema.org\",\"@graph\":[{\"@type\":\"Article\",\"@id\":\"https:\/\/blog.phzh.ch\/schulfuehrung\/2019\/07\/05\/5-fragen-an-susanne-gasser-co-schulleiterin-an-der-sek-niederweningen\/#article\",\"isPartOf\":{\"@id\":\"https:\/\/blog.phzh.ch\/schulfuehrung\/2019\/07\/05\/5-fragen-an-susanne-gasser-co-schulleiterin-an-der-sek-niederweningen\/\"},\"author\":{\"name\":\"melinamaerten\",\"@id\":\"https:\/\/blog.phzh.ch\/schulfuehrung\/#\/schema\/person\/13544ff30d01e0e5f98444f0696dcefb\"},\"headline\":\"5 Fragen an Susanne Gasser, Co-Schulleiterin an der Sek. Niederweningen\",\"datePublished\":\"2019-07-05T02:00:06+00:00\",\"dateModified\":\"2019-07-05T07:23:52+00:00\",\"mainEntityOfPage\":{\"@id\":\"https:\/\/blog.phzh.ch\/schulfuehrung\/2019\/07\/05\/5-fragen-an-susanne-gasser-co-schulleiterin-an-der-sek-niederweningen\/\"},\"wordCount\":523,\"commentCount\":0,\"image\":{\"@id\":\"https:\/\/blog.phzh.ch\/schulfuehrung\/2019\/07\/05\/5-fragen-an-susanne-gasser-co-schulleiterin-an-der-sek-niederweningen\/#primaryimage\"},\"thumbnailUrl\":\"https:\/\/blog.phzh.ch\/schulfuehrung\/files\/2019\/06\/Trudi-M\u00fcller-Blau_fragt_Susanne_Gasser.jpg\",\"keywords\":[\"Interview\",\"Schulleiterin Susanne Gasser\",\"Schulleiterin Trudi M\u00fcller Blau\",\"Schulleitung\",\"Sekundarschule Niederweningen\",\"Sekundarstufe\"],\"articleSection\":[\"Gesamte Beitr\u00e4ge\",\"Im Gespr\u00e4ch mit...\"],\"inLanguage\":\"de\",\"potentialAction\":[{\"@type\":\"CommentAction\",\"name\":\"Comment\",\"target\":[\"https:\/\/blog.phzh.ch\/schulfuehrung\/2019\/07\/05\/5-fragen-an-susanne-gasser-co-schulleiterin-an-der-sek-niederweningen\/#respond\"]}]},{\"@type\":\"WebPage\",\"@id\":\"https:\/\/blog.phzh.ch\/schulfuehrung\/2019\/07\/05\/5-fragen-an-susanne-gasser-co-schulleiterin-an-der-sek-niederweningen\/\",\"url\":\"https:\/\/blog.phzh.ch\/schulfuehrung\/2019\/07\/05\/5-fragen-an-susanne-gasser-co-schulleiterin-an-der-sek-niederweningen\/\",\"name\":\"5 Fragen an Susanne Gasser, Co-Schulleiterin an der Sek. Niederweningen - Schulf\u00fchrung\",\"isPartOf\":{\"@id\":\"https:\/\/blog.phzh.ch\/schulfuehrung\/#website\"},\"primaryImageOfPage\":{\"@id\":\"https:\/\/blog.phzh.ch\/schulfuehrung\/2019\/07\/05\/5-fragen-an-susanne-gasser-co-schulleiterin-an-der-sek-niederweningen\/#primaryimage\"},\"image\":{\"@id\":\"https:\/\/blog.phzh.ch\/schulfuehrung\/2019\/07\/05\/5-fragen-an-susanne-gasser-co-schulleiterin-an-der-sek-niederweningen\/#primaryimage\"},\"thumbnailUrl\":\"https:\/\/blog.phzh.ch\/schulfuehrung\/files\/2019\/06\/Trudi-M\u00fcller-Blau_fragt_Susanne_Gasser.jpg\",\"datePublished\":\"2019-07-05T02:00:06+00:00\",\"dateModified\":\"2019-07-05T07:23:52+00:00\",\"author\":{\"@id\":\"https:\/\/blog.phzh.ch\/schulfuehrung\/#\/schema\/person\/13544ff30d01e0e5f98444f0696dcefb\"},\"breadcrumb\":{\"@id\":\"https:\/\/blog.phzh.ch\/schulfuehrung\/2019\/07\/05\/5-fragen-an-susanne-gasser-co-schulleiterin-an-der-sek-niederweningen\/#breadcrumb\"},\"inLanguage\":\"de\",\"potentialAction\":[{\"@type\":\"ReadAction\",\"target\":[\"https:\/\/blog.phzh.ch\/schulfuehrung\/2019\/07\/05\/5-fragen-an-susanne-gasser-co-schulleiterin-an-der-sek-niederweningen\/\"]}]},{\"@type\":\"ImageObject\",\"inLanguage\":\"de\",\"@id\":\"https:\/\/blog.phzh.ch\/schulfuehrung\/2019\/07\/05\/5-fragen-an-susanne-gasser-co-schulleiterin-an-der-sek-niederweningen\/#primaryimage\",\"url\":\"https:\/\/blog.phzh.ch\/schulfuehrung\/files\/2019\/06\/Trudi-M\u00fcller-Blau_fragt_Susanne_Gasser.jpg\",\"contentUrl\":\"https:\/\/blog.phzh.ch\/schulfuehrung\/files\/2019\/06\/Trudi-M\u00fcller-Blau_fragt_Susanne_Gasser.jpg\",\"width\":1936,\"height\":1296},{\"@type\":\"BreadcrumbList\",\"@id\":\"https:\/\/blog.phzh.ch\/schulfuehrung\/2019\/07\/05\/5-fragen-an-susanne-gasser-co-schulleiterin-an-der-sek-niederweningen\/#breadcrumb\",\"itemListElement\":[{\"@type\":\"ListItem\",\"position\":1,\"name\":\"Startseite\",\"item\":\"https:\/\/blog.phzh.ch\/schulfuehrung\/\"},{\"@type\":\"ListItem\",\"position\":2,\"name\":\"5 Fragen an Susanne Gasser, Co-Schulleiterin an der Sek. Niederweningen\"}]},{\"@type\":\"WebSite\",\"@id\":\"https:\/\/blog.phzh.ch\/schulfuehrung\/#website\",\"url\":\"https:\/\/blog.phzh.ch\/schulfuehrung\/\",\"name\":\"Schulf\u00fchrung\",\"description\":\"phzh.ch\/schulfuehrung\",\"potentialAction\":[{\"@type\":\"SearchAction\",\"target\":{\"@type\":\"EntryPoint\",\"urlTemplate\":\"https:\/\/blog.phzh.ch\/schulfuehrung\/?s={search_term_string}\"},\"query-input\":{\"@type\":\"PropertyValueSpecification\",\"valueRequired\":true,\"valueName\":\"search_term_string\"}}],\"inLanguage\":\"de\"},{\"@type\":\"Person\",\"@id\":\"https:\/\/blog.phzh.ch\/schulfuehrung\/#\/schema\/person\/13544ff30d01e0e5f98444f0696dcefb\",\"name\":\"melinamaerten\",\"image\":{\"@type\":\"ImageObject\",\"inLanguage\":\"de\",\"@id\":\"https:\/\/blog.phzh.ch\/schulfuehrung\/#\/schema\/person\/image\/\",\"url\":\"https:\/\/secure.gravatar.com\/avatar\/581b196899ac4a61b7e20a29f4dd52fe?s=96&d=mm&r=g\",\"contentUrl\":\"https:\/\/secure.gravatar.com\/avatar\/581b196899ac4a61b7e20a29f4dd52fe?s=96&d=mm&r=g\",\"caption\":\"melinamaerten\"},\"url\":\"https:\/\/blog.phzh.ch\/schulfuehrung\/author\/melinamaerten\/\"}]}<\/script>\n<!-- \/ Yoast SEO plugin. -->","yoast_head_json":{"title":"5 Fragen an Susanne Gasser, Co-Schulleiterin an der Sek. Niederweningen - Schulf\u00fchrung","robots":{"index":"index","follow":"follow","max-snippet":"max-snippet:-1","max-image-preview":"max-image-preview:large","max-video-preview":"max-video-preview:-1"},"canonical":"https:\/\/blog.phzh.ch\/schulfuehrung\/2019\/07\/05\/5-fragen-an-susanne-gasser-co-schulleiterin-an-der-sek-niederweningen\/","og_locale":"de_DE","og_type":"article","og_title":"5 Fragen an Susanne Gasser, Co-Schulleiterin an der Sek. Niederweningen - Schulf\u00fchrung","og_description":"In der Rubrik \u00ab5 Fragen an\u2026\u00bb interviewt Schulleiterin Trudi M\u00fcller Blau die Schulleiterin Susanne Gasser zu ihrer T\u00e4tigkeit und gibt so den Staffetten-Stab weiter: Wie lange bist du schon als Schulleiterin t\u00e4tig und wie bist du zu deiner aktuellen Stelle gekommen? Vor zwei Jahren habe ich in der Schulleitung auf der Sekundarstufe Niederweningen angefangen. Davor &hellip; 5 Fragen an Susanne Gasser, Co-Schulleiterin an der Sek. Niederweningen weiterlesen","og_url":"https:\/\/blog.phzh.ch\/schulfuehrung\/2019\/07\/05\/5-fragen-an-susanne-gasser-co-schulleiterin-an-der-sek-niederweningen\/","og_site_name":"Schulf\u00fchrung","article_published_time":"2019-07-05T02:00:06+00:00","article_modified_time":"2019-07-05T07:23:52+00:00","og_image":[{"width":1936,"height":1296,"url":"https:\/\/blog.phzh.ch\/schulfuehrung\/files\/2019\/06\/Trudi-M\u00fcller-Blau_fragt_Susanne_Gasser.jpg","type":"image\/jpeg"}],"author":"melinamaerten","twitter_card":"summary_large_image","twitter_misc":{"Verfasst von":"melinamaerten","Gesch\u00e4tzte Lesezeit":"3\u00a0Minuten"},"schema":{"@context":"https:\/\/schema.org","@graph":[{"@type":"Article","@id":"https:\/\/blog.phzh.ch\/schulfuehrung\/2019\/07\/05\/5-fragen-an-susanne-gasser-co-schulleiterin-an-der-sek-niederweningen\/#article","isPartOf":{"@id":"https:\/\/blog.phzh.ch\/schulfuehrung\/2019\/07\/05\/5-fragen-an-susanne-gasser-co-schulleiterin-an-der-sek-niederweningen\/"},"author":{"name":"melinamaerten","@id":"https:\/\/blog.phzh.ch\/schulfuehrung\/#\/schema\/person\/13544ff30d01e0e5f98444f0696dcefb"},"headline":"5 Fragen an Susanne Gasser, Co-Schulleiterin an der Sek. Niederweningen","datePublished":"2019-07-05T02:00:06+00:00","dateModified":"2019-07-05T07:23:52+00:00","mainEntityOfPage":{"@id":"https:\/\/blog.phzh.ch\/schulfuehrung\/2019\/07\/05\/5-fragen-an-susanne-gasser-co-schulleiterin-an-der-sek-niederweningen\/"},"wordCount":523,"commentCount":0,"image":{"@id":"https:\/\/blog.phzh.ch\/schulfuehrung\/2019\/07\/05\/5-fragen-an-susanne-gasser-co-schulleiterin-an-der-sek-niederweningen\/#primaryimage"},"thumbnailUrl":"https:\/\/blog.phzh.ch\/schulfuehrung\/files\/2019\/06\/Trudi-M\u00fcller-Blau_fragt_Susanne_Gasser.jpg","keywords":["Interview","Schulleiterin Susanne Gasser","Schulleiterin Trudi M\u00fcller Blau","Schulleitung","Sekundarschule Niederweningen","Sekundarstufe"],"articleSection":["Gesamte Beitr\u00e4ge","Im Gespr\u00e4ch mit..."],"inLanguage":"de","potentialAction":[{"@type":"CommentAction","name":"Comment","target":["https:\/\/blog.phzh.ch\/schulfuehrung\/2019\/07\/05\/5-fragen-an-susanne-gasser-co-schulleiterin-an-der-sek-niederweningen\/#respond"]}]},{"@type":"WebPage","@id":"https:\/\/blog.phzh.ch\/schulfuehrung\/2019\/07\/05\/5-fragen-an-susanne-gasser-co-schulleiterin-an-der-sek-niederweningen\/","url":"https:\/\/blog.phzh.ch\/schulfuehrung\/2019\/07\/05\/5-fragen-an-susanne-gasser-co-schulleiterin-an-der-sek-niederweningen\/","name":"5 Fragen an Susanne Gasser, Co-Schulleiterin an der Sek. Niederweningen - Schulf\u00fchrung","isPartOf":{"@id":"https:\/\/blog.phzh.ch\/schulfuehrung\/#website"},"primaryImageOfPage":{"@id":"https:\/\/blog.phzh.ch\/schulfuehrung\/2019\/07\/05\/5-fragen-an-susanne-gasser-co-schulleiterin-an-der-sek-niederweningen\/#primaryimage"},"image":{"@id":"https:\/\/blog.phzh.ch\/schulfuehrung\/2019\/07\/05\/5-fragen-an-susanne-gasser-co-schulleiterin-an-der-sek-niederweningen\/#primaryimage"},"thumbnailUrl":"https:\/\/blog.phzh.ch\/schulfuehrung\/files\/2019\/06\/Trudi-M\u00fcller-Blau_fragt_Susanne_Gasser.jpg","datePublished":"2019-07-05T02:00:06+00:00","dateModified":"2019-07-05T07:23:52+00:00","author":{"@id":"https:\/\/blog.phzh.ch\/schulfuehrung\/#\/schema\/person\/13544ff30d01e0e5f98444f0696dcefb"},"breadcrumb":{"@id":"https:\/\/blog.phzh.ch\/schulfuehrung\/2019\/07\/05\/5-fragen-an-susanne-gasser-co-schulleiterin-an-der-sek-niederweningen\/#breadcrumb"},"inLanguage":"de","potentialAction":[{"@type":"ReadAction","target":["https:\/\/blog.phzh.ch\/schulfuehrung\/2019\/07\/05\/5-fragen-an-susanne-gasser-co-schulleiterin-an-der-sek-niederweningen\/"]}]},{"@type":"ImageObject","inLanguage":"de","@id":"https:\/\/blog.phzh.ch\/schulfuehrung\/2019\/07\/05\/5-fragen-an-susanne-gasser-co-schulleiterin-an-der-sek-niederweningen\/#primaryimage","url":"https:\/\/blog.phzh.ch\/schulfuehrung\/files\/2019\/06\/Trudi-M\u00fcller-Blau_fragt_Susanne_Gasser.jpg","contentUrl":"https:\/\/blog.phzh.ch\/schulfuehrung\/files\/2019\/06\/Trudi-M\u00fcller-Blau_fragt_Susanne_Gasser.jpg","width":1936,"height":1296},{"@type":"BreadcrumbList","@id":"https:\/\/blog.phzh.ch\/schulfuehrung\/2019\/07\/05\/5-fragen-an-susanne-gasser-co-schulleiterin-an-der-sek-niederweningen\/#breadcrumb","itemListElement":[{"@type":"ListItem","position":1,"name":"Startseite","item":"https:\/\/blog.phzh.ch\/schulfuehrung\/"},{"@type":"ListItem","position":2,"name":"5 Fragen an Susanne Gasser, Co-Schulleiterin an der Sek. Niederweningen"}]},{"@type":"WebSite","@id":"https:\/\/blog.phzh.ch\/schulfuehrung\/#website","url":"https:\/\/blog.phzh.ch\/schulfuehrung\/","name":"Schulf\u00fchrung","description":"phzh.ch\/schulfuehrung","potentialAction":[{"@type":"SearchAction","target":{"@type":"EntryPoint","urlTemplate":"https:\/\/blog.phzh.ch\/schulfuehrung\/?s={search_term_string}"},"query-input":{"@type":"PropertyValueSpecification","valueRequired":true,"valueName":"search_term_string"}}],"inLanguage":"de"},{"@type":"Person","@id":"https:\/\/blog.phzh.ch\/schulfuehrung\/#\/schema\/person\/13544ff30d01e0e5f98444f0696dcefb","name":"melinamaerten","image":{"@type":"ImageObject","inLanguage":"de","@id":"https:\/\/blog.phzh.ch\/schulfuehrung\/#\/schema\/person\/image\/","url":"https:\/\/secure.gravatar.com\/avatar\/581b196899ac4a61b7e20a29f4dd52fe?s=96&d=mm&r=g","contentUrl":"https:\/\/secure.gravatar.com\/avatar\/581b196899ac4a61b7e20a29f4dd52fe?s=96&d=mm&r=g","caption":"melinamaerten"},"url":"https:\/\/blog.phzh.ch\/schulfuehrung\/author\/melinamaerten\/"}]}},"_links":{"self":[{"href":"https:\/\/blog.phzh.ch\/schulfuehrung\/wp-json\/wp\/v2\/posts\/1500","targetHints":{"allow":["GET"]}}],"collection":[{"href":"https:\/\/blog.phzh.ch\/schulfuehrung\/wp-json\/wp\/v2\/posts"}],"about":[{"href":"https:\/\/blog.phzh.ch\/schulfuehrung\/wp-json\/wp\/v2\/types\/post"}],"author":[{"embeddable":true,"href":"https:\/\/blog.phzh.ch\/schulfuehrung\/wp-json\/wp\/v2\/users\/1392"}],"replies":[{"embeddable":true,"href":"https:\/\/blog.phzh.ch\/schulfuehrung\/wp-json\/wp\/v2\/comments?post=1500"}],"version-history":[{"count":5,"href":"https:\/\/blog.phzh.ch\/schulfuehrung\/wp-json\/wp\/v2\/posts\/1500\/revisions"}],"predecessor-version":[{"id":1544,"href":"https:\/\/blog.phzh.ch\/schulfuehrung\/wp-json\/wp\/v2\/posts\/1500\/revisions\/1544"}],"wp:featuredmedia":[{"embeddable":true,"href":"https:\/\/blog.phzh.ch\/schulfuehrung\/wp-json\/wp\/v2\/media\/1510"}],"wp:attachment":[{"href":"https:\/\/blog.phzh.ch\/schulfuehrung\/wp-json\/wp\/v2\/media?parent=1500"}],"wp:term":[{"taxonomy":"category","embeddable":true,"href":"https:\/\/blog.phzh.ch\/schulfuehrung\/wp-json\/wp\/v2\/categories?post=1500"},{"taxonomy":"post_tag","embeddable":true,"href":"https:\/\/blog.phzh.ch\/schulfuehrung\/wp-json\/wp\/v2\/tags?post=1500"}],"curies":[{"name":"wp","href":"https:\/\/api.w.org\/{rel}","templated":true}]}}