{"id":134,"date":"2018-03-26T08:23:00","date_gmt":"2018-03-26T06:23:00","guid":{"rendered":"https:\/\/blog.phzh.ch\/schulfuehrung\/?p=134"},"modified":"2019-05-20T09:35:48","modified_gmt":"2019-05-20T07:35:48","slug":"auf-die-schulleitung-kommt-es-an","status":"publish","type":"post","link":"https:\/\/blog.phzh.ch\/schulfuehrung\/2018\/03\/26\/auf-die-schulleitung-kommt-es-an\/","title":{"rendered":"Auf die Schulleitung kommt es an"},"content":{"rendered":"<p><em>Bereits steht der letzte Kongresstag vor der T\u00fcr. Die Tage in D\u00fcsseldorf vergehen wie im Flug. Es ist ein Anlass im Jahr, an dem ich als Schulleitung auftanken, neue Ideen und Impulse mitnehmen kann und etwas Distanz zum Schulalltag gewinne.<\/em><\/p>\n<p>Bei der Auswahl der Vortr\u00e4ge f\u00fcr den Samstag habe ich lange hin und her \u00fcberlegt. Hattie interessierte mich, doch hatte ich auch schon viel dar\u00fcber gelesen und glaube gut informiert zu sein. Es ist aber immer wieder spannend zu h\u00f6ren, wie sich verschiedene P\u00e4dagogen mit Hattie auseinandersetzen und die Resultate interpretieren. Also doch, Hattie zum Fr\u00fchst\u00fcck!<\/p>\n<p>Das Eingangszitat des Referats von Michael Felten, Gymnasiallehrer und Lehrbeauftragter in der Lehrerausbildung <strong>\u00abIhr m\u00fcsst den Kindern zeigen, dass die Schule etwas ganz Besonderes ist\u00bb<\/strong> hat mich nachdenklich gestimmt. Noch immer ist es f\u00fcr viele Kinder auf dieser Welt nicht selbstverst\u00e4ndlich, dass sie zur Schule gehen k\u00f6nnen oder sie nehmen teils lange und gef\u00e4hrliche Schulwege in Kauf. Einige unserer Sch\u00fclerinnen und Sch\u00fcler hingegen sehen die Schule oftmals als unangenehme Pflicht. Doch was macht es aus, dass Schule in der westlichen Welt f\u00fcr viele Sch\u00fclerinnen und Sch\u00fcler als ein M\u00fcssen oder eine Unterbrechung der Freizeit angesehen wird?<\/p>\n<p>Auf diese Frage gibt es sicherlich unterschiedliche, teils diametral auseinanderliegende Antworten die, abendf\u00fcllend diskutiert werden k\u00f6nnten. Als Schulleiterin stellt sich mir die Frage: Was kann ich dazu beitragen, dass Schule attraktiv ist und die Sch\u00fclerinnen und Sch\u00fcler den Besuch der Schule wieder als Privileg betrachten?<\/p>\n<p>Michael Felten, Autor von <strong>\u00abAuf die Lehrer kommt es an!\u00bb<\/strong> zeigt in diesem Referat, dass es auch auf die Schulleitung ankommt. F\u00fcr ihn ist der Kern der Schulentwicklung Unterrichtsentwicklung. Aber:<\/p>\n<p>&#8211; wer st\u00f6sst Unterrichtsentwicklung an?<\/p>\n<p>&#8211; Wohin soll sie gehen?<\/p>\n<p><img loading=\"lazy\" decoding=\"async\" class=\"alignleft wp-image-139\" src=\"https:\/\/blog.phzh.ch\/schulfuehrung\/files\/2018\/03\/IMG_0825-300x142.jpg\" alt=\"\" width=\"777\" height=\"368\" srcset=\"https:\/\/blog.phzh.ch\/schulfuehrung\/files\/2018\/03\/IMG_0825-300x142.jpg 300w, https:\/\/blog.phzh.ch\/schulfuehrung\/files\/2018\/03\/IMG_0825-768x364.jpg 768w, https:\/\/blog.phzh.ch\/schulfuehrung\/files\/2018\/03\/IMG_0825-1024x486.jpg 1024w\" sizes=\"auto, (max-width: 777px) 100vw, 777px\" \/>Aufgrund der Ergebnisse von Hattie hat die Schulleitung einen hohen Effekt (d=0.84) wenn sie sich an der Unterrichtsentwicklung beteiligt und ihre Expertise einbringt. Doch wie soll sie das tun? Eher als Motivator, Vorbild und Mentor oder durch F\u00fchrung mit Vorgaben, einem System klarer Regeln und Entwicklungsarbeit an der Lernkultur? Hattie belegt mit seiner Metastudie, dass die klare, instruktionale F\u00fchrung den h\u00f6heren Wirkungsgrad hat.<\/p>\n<p>Laut Felten \u2013 und das zeigt sich auch in meinem pers\u00f6nlichen Umfeld \u2013 neigen Schulleitungen eher dazu \u00abgut Freund\u00bb mit dem Kollegium sein zu wollen, gerade dann, wenn Schulleitungen aus dem Kollegium herauskommen, also eher die transformationale F\u00fchrung bevorzugen.<\/p>\n<p>F\u00fcr mich pers\u00f6nlich bedeutet der Befund von Hattie aber nicht, dass Schulleiterinnen und Schulleiter nicht auch als Vorbild, Mentor und Coach f\u00fchren sollen. Denn wie schon Joachim Bauer (2005) gesagt hat: <strong>\u00abDer Mensch ist f\u00fcr den anderen Menschen die Motivationsdroge Nummer eins.\u00bb<\/strong><\/p>\n<p>Und zum Schluss nochmals Hattie mit seinen <strong>drei<\/strong> <strong>Kernbefunden<\/strong>:<\/p>\n<p>&#8211; Auf die Lehrer kommt es an<\/p>\n<p>&#8211; Viele Wege f\u00fchren nach Rom \u2013 nicht alle!<\/p>\n<p>&#8211; Die Beziehung macht\u2019s<\/p>\n<p>Diese drei Aussagen lassen sich auch auf meine T\u00e4tigkeit als Schulleiterin \u00fcbertragen und werden mich in meinen Schulleitungsalltag begleiten.<\/p>\n<p><em>Simone Augustin, Schulleiterin Schule Aeugst am Albis ZH und Co-Leiterin Bezirksschulleiterkonferenz Affoltern<\/em><\/p>\n","protected":false},"excerpt":{"rendered":"<p>Bereits steht der letzte Kongresstag vor der T\u00fcr. Die Tage in D\u00fcsseldorf vergehen wie im Flug. Es ist ein Anlass im Jahr, an dem ich als Schulleitung auftanken, neue Ideen und Impulse mitnehmen kann und etwas Distanz zum Schulalltag gewinne. Bei der Auswahl der Vortr\u00e4ge f\u00fcr den Samstag habe ich lange hin und her \u00fcberlegt. &hellip; <a href=\"https:\/\/blog.phzh.ch\/schulfuehrung\/2018\/03\/26\/auf-die-schulleitung-kommt-es-an\/\" class=\"more-link\"><span class=\"screen-reader-text\">Auf die Schulleitung kommt es an<\/span> weiterlesen<\/a><\/p>\n","protected":false},"author":1416,"featured_media":136,"comment_status":"open","ping_status":"open","sticky":false,"template":"","format":"standard","meta":{"sfsi_plus_gutenberg_text_before_share":"","sfsi_plus_gutenberg_show_text_before_share":"","sfsi_plus_gutenberg_icon_type":"","sfsi_plus_gutenberg_icon_alignemt":"","sfsi_plus_gutenburg_max_per_row":"","footnotes":""},"categories":[106793,107309],"tags":[103393,103439,8375,103438,103404,45021,78970,103440,103388,103424],"class_list":["post-134","post","type-post","status-publish","format-standard","has-post-thumbnail","hentry","category-aus-dem-tagebuch","category-alle-beitraege","tag-beziehung","tag-effekt","tag-forschung","tag-hattie","tag-referat","tag-schulentwicklung","tag-schulfuehrung","tag-simone-augustin","tag-tagebuch","tag-unterrichtsentwicklung"],"yoast_head":"<!-- This site is optimized with the Yoast SEO plugin v26.8 - https:\/\/yoast.com\/product\/yoast-seo-wordpress\/ -->\n<title>Auf die Schulleitung kommt es an - Schulf\u00fchrung<\/title>\n<meta name=\"robots\" content=\"index, follow, max-snippet:-1, max-image-preview:large, max-video-preview:-1\" \/>\n<link rel=\"canonical\" href=\"https:\/\/blog.phzh.ch\/schulfuehrung\/2018\/03\/26\/auf-die-schulleitung-kommt-es-an\/\" \/>\n<meta property=\"og:locale\" content=\"de_DE\" \/>\n<meta property=\"og:type\" content=\"article\" \/>\n<meta property=\"og:title\" content=\"Auf die Schulleitung kommt es an - Schulf\u00fchrung\" \/>\n<meta property=\"og:description\" content=\"Bereits steht der letzte Kongresstag vor der T\u00fcr. Die Tage in D\u00fcsseldorf vergehen wie im Flug. Es ist ein Anlass im Jahr, an dem ich als Schulleitung auftanken, neue Ideen und Impulse mitnehmen kann und etwas Distanz zum Schulalltag gewinne. Bei der Auswahl der Vortr\u00e4ge f\u00fcr den Samstag habe ich lange hin und her \u00fcberlegt. &hellip; Auf die Schulleitung kommt es an weiterlesen\" \/>\n<meta property=\"og:url\" content=\"https:\/\/blog.phzh.ch\/schulfuehrung\/2018\/03\/26\/auf-die-schulleitung-kommt-es-an\/\" \/>\n<meta property=\"og:site_name\" content=\"Schulf\u00fchrung\" \/>\n<meta property=\"article:published_time\" content=\"2018-03-26T06:23:00+00:00\" \/>\n<meta property=\"article:modified_time\" content=\"2019-05-20T07:35:48+00:00\" \/>\n<meta property=\"og:image\" content=\"https:\/\/blog.phzh.ch\/schulfuehrung\/files\/2018\/03\/IMG_0826.jpg\" \/>\n\t<meta property=\"og:image:width\" content=\"2605\" \/>\n\t<meta property=\"og:image:height\" content=\"1588\" \/>\n\t<meta property=\"og:image:type\" content=\"image\/jpeg\" \/>\n<meta name=\"author\" content=\"joerg.berger@phzh.ch\" \/>\n<meta name=\"twitter:card\" content=\"summary_large_image\" \/>\n<meta name=\"twitter:label1\" content=\"Verfasst von\" \/>\n\t<meta name=\"twitter:data1\" content=\"joerg.berger@phzh.ch\" \/>\n\t<meta name=\"twitter:label2\" content=\"Gesch\u00e4tzte Lesezeit\" \/>\n\t<meta name=\"twitter:data2\" content=\"3\u00a0Minuten\" \/>\n<script type=\"application\/ld+json\" class=\"yoast-schema-graph\">{\"@context\":\"https:\/\/schema.org\",\"@graph\":[{\"@type\":\"Article\",\"@id\":\"https:\/\/blog.phzh.ch\/schulfuehrung\/2018\/03\/26\/auf-die-schulleitung-kommt-es-an\/#article\",\"isPartOf\":{\"@id\":\"https:\/\/blog.phzh.ch\/schulfuehrung\/2018\/03\/26\/auf-die-schulleitung-kommt-es-an\/\"},\"author\":{\"name\":\"joerg.berger@phzh.ch\",\"@id\":\"https:\/\/blog.phzh.ch\/schulfuehrung\/#\/schema\/person\/054349b95d3a6f07edb6b76b4f30280b\"},\"headline\":\"Auf die Schulleitung kommt es an\",\"datePublished\":\"2018-03-26T06:23:00+00:00\",\"dateModified\":\"2019-05-20T07:35:48+00:00\",\"mainEntityOfPage\":{\"@id\":\"https:\/\/blog.phzh.ch\/schulfuehrung\/2018\/03\/26\/auf-die-schulleitung-kommt-es-an\/\"},\"wordCount\":521,\"commentCount\":0,\"image\":{\"@id\":\"https:\/\/blog.phzh.ch\/schulfuehrung\/2018\/03\/26\/auf-die-schulleitung-kommt-es-an\/#primaryimage\"},\"thumbnailUrl\":\"https:\/\/blog.phzh.ch\/schulfuehrung\/files\/2018\/03\/IMG_0826.jpg\",\"keywords\":[\"Beziehung\",\"Effekt\",\"Forschung\",\"Hattie\",\"Referat\",\"schulentwicklung\",\"Schulf\u00fchrung\",\"Simone Augustin\",\"Tagebuch\",\"Unterrichtsentwicklung\"],\"articleSection\":[\"Aus dem Tagebuch\",\"Gesamte Beitr\u00e4ge\"],\"inLanguage\":\"de\",\"potentialAction\":[{\"@type\":\"CommentAction\",\"name\":\"Comment\",\"target\":[\"https:\/\/blog.phzh.ch\/schulfuehrung\/2018\/03\/26\/auf-die-schulleitung-kommt-es-an\/#respond\"]}]},{\"@type\":\"WebPage\",\"@id\":\"https:\/\/blog.phzh.ch\/schulfuehrung\/2018\/03\/26\/auf-die-schulleitung-kommt-es-an\/\",\"url\":\"https:\/\/blog.phzh.ch\/schulfuehrung\/2018\/03\/26\/auf-die-schulleitung-kommt-es-an\/\",\"name\":\"Auf die Schulleitung kommt es an - Schulf\u00fchrung\",\"isPartOf\":{\"@id\":\"https:\/\/blog.phzh.ch\/schulfuehrung\/#website\"},\"primaryImageOfPage\":{\"@id\":\"https:\/\/blog.phzh.ch\/schulfuehrung\/2018\/03\/26\/auf-die-schulleitung-kommt-es-an\/#primaryimage\"},\"image\":{\"@id\":\"https:\/\/blog.phzh.ch\/schulfuehrung\/2018\/03\/26\/auf-die-schulleitung-kommt-es-an\/#primaryimage\"},\"thumbnailUrl\":\"https:\/\/blog.phzh.ch\/schulfuehrung\/files\/2018\/03\/IMG_0826.jpg\",\"datePublished\":\"2018-03-26T06:23:00+00:00\",\"dateModified\":\"2019-05-20T07:35:48+00:00\",\"author\":{\"@id\":\"https:\/\/blog.phzh.ch\/schulfuehrung\/#\/schema\/person\/054349b95d3a6f07edb6b76b4f30280b\"},\"breadcrumb\":{\"@id\":\"https:\/\/blog.phzh.ch\/schulfuehrung\/2018\/03\/26\/auf-die-schulleitung-kommt-es-an\/#breadcrumb\"},\"inLanguage\":\"de\",\"potentialAction\":[{\"@type\":\"ReadAction\",\"target\":[\"https:\/\/blog.phzh.ch\/schulfuehrung\/2018\/03\/26\/auf-die-schulleitung-kommt-es-an\/\"]}]},{\"@type\":\"ImageObject\",\"inLanguage\":\"de\",\"@id\":\"https:\/\/blog.phzh.ch\/schulfuehrung\/2018\/03\/26\/auf-die-schulleitung-kommt-es-an\/#primaryimage\",\"url\":\"https:\/\/blog.phzh.ch\/schulfuehrung\/files\/2018\/03\/IMG_0826.jpg\",\"contentUrl\":\"https:\/\/blog.phzh.ch\/schulfuehrung\/files\/2018\/03\/IMG_0826.jpg\",\"width\":2605,\"height\":1588},{\"@type\":\"BreadcrumbList\",\"@id\":\"https:\/\/blog.phzh.ch\/schulfuehrung\/2018\/03\/26\/auf-die-schulleitung-kommt-es-an\/#breadcrumb\",\"itemListElement\":[{\"@type\":\"ListItem\",\"position\":1,\"name\":\"Startseite\",\"item\":\"https:\/\/blog.phzh.ch\/schulfuehrung\/\"},{\"@type\":\"ListItem\",\"position\":2,\"name\":\"Auf die Schulleitung kommt es an\"}]},{\"@type\":\"WebSite\",\"@id\":\"https:\/\/blog.phzh.ch\/schulfuehrung\/#website\",\"url\":\"https:\/\/blog.phzh.ch\/schulfuehrung\/\",\"name\":\"Schulf\u00fchrung\",\"description\":\"phzh.ch\/schulfuehrung\",\"potentialAction\":[{\"@type\":\"SearchAction\",\"target\":{\"@type\":\"EntryPoint\",\"urlTemplate\":\"https:\/\/blog.phzh.ch\/schulfuehrung\/?s={search_term_string}\"},\"query-input\":{\"@type\":\"PropertyValueSpecification\",\"valueRequired\":true,\"valueName\":\"search_term_string\"}}],\"inLanguage\":\"de\"},{\"@type\":\"Person\",\"@id\":\"https:\/\/blog.phzh.ch\/schulfuehrung\/#\/schema\/person\/054349b95d3a6f07edb6b76b4f30280b\",\"name\":\"joerg.berger@phzh.ch\",\"image\":{\"@type\":\"ImageObject\",\"inLanguage\":\"de\",\"@id\":\"https:\/\/blog.phzh.ch\/schulfuehrung\/#\/schema\/person\/image\/\",\"url\":\"https:\/\/secure.gravatar.com\/avatar\/7feadf7133c63f799cd5819f21ccc220?s=96&d=mm&r=g\",\"contentUrl\":\"https:\/\/secure.gravatar.com\/avatar\/7feadf7133c63f799cd5819f21ccc220?s=96&d=mm&r=g\",\"caption\":\"joerg.berger@phzh.ch\"},\"url\":\"https:\/\/blog.phzh.ch\/schulfuehrung\/author\/joerg-bergerphzh-ch\/\"}]}<\/script>\n<!-- \/ Yoast SEO plugin. -->","yoast_head_json":{"title":"Auf die Schulleitung kommt es an - Schulf\u00fchrung","robots":{"index":"index","follow":"follow","max-snippet":"max-snippet:-1","max-image-preview":"max-image-preview:large","max-video-preview":"max-video-preview:-1"},"canonical":"https:\/\/blog.phzh.ch\/schulfuehrung\/2018\/03\/26\/auf-die-schulleitung-kommt-es-an\/","og_locale":"de_DE","og_type":"article","og_title":"Auf die Schulleitung kommt es an - Schulf\u00fchrung","og_description":"Bereits steht der letzte Kongresstag vor der T\u00fcr. Die Tage in D\u00fcsseldorf vergehen wie im Flug. Es ist ein Anlass im Jahr, an dem ich als Schulleitung auftanken, neue Ideen und Impulse mitnehmen kann und etwas Distanz zum Schulalltag gewinne. Bei der Auswahl der Vortr\u00e4ge f\u00fcr den Samstag habe ich lange hin und her \u00fcberlegt. &hellip; Auf die Schulleitung kommt es an weiterlesen","og_url":"https:\/\/blog.phzh.ch\/schulfuehrung\/2018\/03\/26\/auf-die-schulleitung-kommt-es-an\/","og_site_name":"Schulf\u00fchrung","article_published_time":"2018-03-26T06:23:00+00:00","article_modified_time":"2019-05-20T07:35:48+00:00","og_image":[{"width":2605,"height":1588,"url":"https:\/\/blog.phzh.ch\/schulfuehrung\/files\/2018\/03\/IMG_0826.jpg","type":"image\/jpeg"}],"author":"joerg.berger@phzh.ch","twitter_card":"summary_large_image","twitter_misc":{"Verfasst von":"joerg.berger@phzh.ch","Gesch\u00e4tzte Lesezeit":"3\u00a0Minuten"},"schema":{"@context":"https:\/\/schema.org","@graph":[{"@type":"Article","@id":"https:\/\/blog.phzh.ch\/schulfuehrung\/2018\/03\/26\/auf-die-schulleitung-kommt-es-an\/#article","isPartOf":{"@id":"https:\/\/blog.phzh.ch\/schulfuehrung\/2018\/03\/26\/auf-die-schulleitung-kommt-es-an\/"},"author":{"name":"joerg.berger@phzh.ch","@id":"https:\/\/blog.phzh.ch\/schulfuehrung\/#\/schema\/person\/054349b95d3a6f07edb6b76b4f30280b"},"headline":"Auf die Schulleitung kommt es an","datePublished":"2018-03-26T06:23:00+00:00","dateModified":"2019-05-20T07:35:48+00:00","mainEntityOfPage":{"@id":"https:\/\/blog.phzh.ch\/schulfuehrung\/2018\/03\/26\/auf-die-schulleitung-kommt-es-an\/"},"wordCount":521,"commentCount":0,"image":{"@id":"https:\/\/blog.phzh.ch\/schulfuehrung\/2018\/03\/26\/auf-die-schulleitung-kommt-es-an\/#primaryimage"},"thumbnailUrl":"https:\/\/blog.phzh.ch\/schulfuehrung\/files\/2018\/03\/IMG_0826.jpg","keywords":["Beziehung","Effekt","Forschung","Hattie","Referat","schulentwicklung","Schulf\u00fchrung","Simone Augustin","Tagebuch","Unterrichtsentwicklung"],"articleSection":["Aus dem Tagebuch","Gesamte Beitr\u00e4ge"],"inLanguage":"de","potentialAction":[{"@type":"CommentAction","name":"Comment","target":["https:\/\/blog.phzh.ch\/schulfuehrung\/2018\/03\/26\/auf-die-schulleitung-kommt-es-an\/#respond"]}]},{"@type":"WebPage","@id":"https:\/\/blog.phzh.ch\/schulfuehrung\/2018\/03\/26\/auf-die-schulleitung-kommt-es-an\/","url":"https:\/\/blog.phzh.ch\/schulfuehrung\/2018\/03\/26\/auf-die-schulleitung-kommt-es-an\/","name":"Auf die Schulleitung kommt es an - Schulf\u00fchrung","isPartOf":{"@id":"https:\/\/blog.phzh.ch\/schulfuehrung\/#website"},"primaryImageOfPage":{"@id":"https:\/\/blog.phzh.ch\/schulfuehrung\/2018\/03\/26\/auf-die-schulleitung-kommt-es-an\/#primaryimage"},"image":{"@id":"https:\/\/blog.phzh.ch\/schulfuehrung\/2018\/03\/26\/auf-die-schulleitung-kommt-es-an\/#primaryimage"},"thumbnailUrl":"https:\/\/blog.phzh.ch\/schulfuehrung\/files\/2018\/03\/IMG_0826.jpg","datePublished":"2018-03-26T06:23:00+00:00","dateModified":"2019-05-20T07:35:48+00:00","author":{"@id":"https:\/\/blog.phzh.ch\/schulfuehrung\/#\/schema\/person\/054349b95d3a6f07edb6b76b4f30280b"},"breadcrumb":{"@id":"https:\/\/blog.phzh.ch\/schulfuehrung\/2018\/03\/26\/auf-die-schulleitung-kommt-es-an\/#breadcrumb"},"inLanguage":"de","potentialAction":[{"@type":"ReadAction","target":["https:\/\/blog.phzh.ch\/schulfuehrung\/2018\/03\/26\/auf-die-schulleitung-kommt-es-an\/"]}]},{"@type":"ImageObject","inLanguage":"de","@id":"https:\/\/blog.phzh.ch\/schulfuehrung\/2018\/03\/26\/auf-die-schulleitung-kommt-es-an\/#primaryimage","url":"https:\/\/blog.phzh.ch\/schulfuehrung\/files\/2018\/03\/IMG_0826.jpg","contentUrl":"https:\/\/blog.phzh.ch\/schulfuehrung\/files\/2018\/03\/IMG_0826.jpg","width":2605,"height":1588},{"@type":"BreadcrumbList","@id":"https:\/\/blog.phzh.ch\/schulfuehrung\/2018\/03\/26\/auf-die-schulleitung-kommt-es-an\/#breadcrumb","itemListElement":[{"@type":"ListItem","position":1,"name":"Startseite","item":"https:\/\/blog.phzh.ch\/schulfuehrung\/"},{"@type":"ListItem","position":2,"name":"Auf die Schulleitung kommt es an"}]},{"@type":"WebSite","@id":"https:\/\/blog.phzh.ch\/schulfuehrung\/#website","url":"https:\/\/blog.phzh.ch\/schulfuehrung\/","name":"Schulf\u00fchrung","description":"phzh.ch\/schulfuehrung","potentialAction":[{"@type":"SearchAction","target":{"@type":"EntryPoint","urlTemplate":"https:\/\/blog.phzh.ch\/schulfuehrung\/?s={search_term_string}"},"query-input":{"@type":"PropertyValueSpecification","valueRequired":true,"valueName":"search_term_string"}}],"inLanguage":"de"},{"@type":"Person","@id":"https:\/\/blog.phzh.ch\/schulfuehrung\/#\/schema\/person\/054349b95d3a6f07edb6b76b4f30280b","name":"joerg.berger@phzh.ch","image":{"@type":"ImageObject","inLanguage":"de","@id":"https:\/\/blog.phzh.ch\/schulfuehrung\/#\/schema\/person\/image\/","url":"https:\/\/secure.gravatar.com\/avatar\/7feadf7133c63f799cd5819f21ccc220?s=96&d=mm&r=g","contentUrl":"https:\/\/secure.gravatar.com\/avatar\/7feadf7133c63f799cd5819f21ccc220?s=96&d=mm&r=g","caption":"joerg.berger@phzh.ch"},"url":"https:\/\/blog.phzh.ch\/schulfuehrung\/author\/joerg-bergerphzh-ch\/"}]}},"_links":{"self":[{"href":"https:\/\/blog.phzh.ch\/schulfuehrung\/wp-json\/wp\/v2\/posts\/134","targetHints":{"allow":["GET"]}}],"collection":[{"href":"https:\/\/blog.phzh.ch\/schulfuehrung\/wp-json\/wp\/v2\/posts"}],"about":[{"href":"https:\/\/blog.phzh.ch\/schulfuehrung\/wp-json\/wp\/v2\/types\/post"}],"author":[{"embeddable":true,"href":"https:\/\/blog.phzh.ch\/schulfuehrung\/wp-json\/wp\/v2\/users\/1416"}],"replies":[{"embeddable":true,"href":"https:\/\/blog.phzh.ch\/schulfuehrung\/wp-json\/wp\/v2\/comments?post=134"}],"version-history":[{"count":7,"href":"https:\/\/blog.phzh.ch\/schulfuehrung\/wp-json\/wp\/v2\/posts\/134\/revisions"}],"predecessor-version":[{"id":1354,"href":"https:\/\/blog.phzh.ch\/schulfuehrung\/wp-json\/wp\/v2\/posts\/134\/revisions\/1354"}],"wp:featuredmedia":[{"embeddable":true,"href":"https:\/\/blog.phzh.ch\/schulfuehrung\/wp-json\/wp\/v2\/media\/136"}],"wp:attachment":[{"href":"https:\/\/blog.phzh.ch\/schulfuehrung\/wp-json\/wp\/v2\/media?parent=134"}],"wp:term":[{"taxonomy":"category","embeddable":true,"href":"https:\/\/blog.phzh.ch\/schulfuehrung\/wp-json\/wp\/v2\/categories?post=134"},{"taxonomy":"post_tag","embeddable":true,"href":"https:\/\/blog.phzh.ch\/schulfuehrung\/wp-json\/wp\/v2\/tags?post=134"}],"curies":[{"name":"wp","href":"https:\/\/api.w.org\/{rel}","templated":true}]}}