{"id":1086,"date":"2019-04-15T04:00:02","date_gmt":"2019-04-15T02:00:02","guid":{"rendered":"https:\/\/blog.phzh.ch\/schulfuehrung\/?p=1086"},"modified":"2019-05-18T18:12:52","modified_gmt":"2019-05-18T16:12:52","slug":"kurzportrait-gesamtschule-in-der-hoeh","status":"publish","type":"post","link":"https:\/\/blog.phzh.ch\/schulfuehrung\/2019\/04\/15\/kurzportrait-gesamtschule-in-der-hoeh\/","title":{"rendered":"Visit my school \u2013 Gesamtschule In der H\u00f6h, Volketswil ZH"},"content":{"rendered":"<p><strong>Mit \u00abVisit my school\u00bb bietet eine Schulleiterin\/ein Schulleiter Einblick in ihre\/seine Schule. Und dies f\u00fcr einmal nicht in Form eines Berichts, sondern eines Schulbesuches mit Begegnungen und Gelegenheiten f\u00fcr einen spannenden Austausch \u2013 exklusiv f\u00fcr unsere Blogleserschaft. Den Start macht Schulleiter Marcel Baier am Montagvormittag, 17. Juni 2019. Zur Anmeldung gehts am Ende seines Schulportr\u00e4ts.<\/strong><\/p>\n<p>Die Schule In der H\u00f6h wurde im August 2003 als erste Gesamtschule im Kanton Z\u00fcrich er\u00f6ffnet. Zurzeit gehen hier \u00fcber 200 Sch\u00fclerinnen und Sch\u00fcler vom Kindergarten bis zur Sekundarstufe zur Schule. An der Primarstufe wird in Mehrjahrgangsklassen, an der Sekundarstufe in niveaudurchmischten Klassen unterrichtet, wobei auch sie w\u00e4hrend acht Stunden altersdurchmischt lernen.<\/p>\n<p><!--more--><\/p>\n<p>Die Gesamtschule in der H\u00f6h ist altersdurchmischt organisiert und wir leben dies auch bewusst m\u00f6glichst oft in kleineren und gr\u00f6sseren Projekten, wobei wir schauen, dass m\u00f6glichst viele aus dem Alltag heraus entstehen.<br>Ausserdem versuchen wir den SuS m\u00f6glichst oft und in unterschiedlichen Bereichen Verantwortung zu \u00fcbertragen, da wir \u00fcberzeugt sind, dass sie daran wachsen.<br>Beispiele:<\/p>\n<ul>\n<li>Eine Mittelstufenklasse schreibt ein eigenes Bilderbuch und liest\/ stellt es in der Unterstufe vor.<\/li>\n<li>Seksch\u00fcler und Sch\u00fclerinnen helfen im Kindergarten als Assistenz in den Pausen<\/li>\n<li>Sek-SuS geben Inputs in der Unterstufe<\/li>\n<li>Unterstufensch\u00fcler singen zusammen mit dem KIGA<\/li>\n<li>\u201eUfzgi Tr\u00e4ff\u201c nach der Schule betreut von Oberstufensch\u00fclern<\/li>\n<li>Freitags-Mittagstisch organisiert von Sek SuS, die von der Planung \u00fcber die Durchf\u00fchrung bis zur Abrechnung f\u00fcr alles verantwortlich sind (dies machen sie freiwillig \u2013 gr\u00f6sster Teil ist ausserhalb ihrer Schulzeit).<\/li>\n<li>Projekt \u201aSch\u00fcler \u00fcbernehmen Schulhaus\u2018 (Sek-SUS \u201a\u00fcbernehmen das Schulhaus\u2018, das heisst, sie unterrichten die kleineren SuS w\u00e4hrend einem ganzen Morgen)<\/li>\n<li>Pausenkiosk organisiert durch SuS aller Stufen<\/li>\n<li>Adventssingen mit allen SuS des Schulhauses<\/li>\n<li>Handykurs f\u00fcr SeniorInnen<\/li>\n<li>Modulwochen in der Sek statt Wahlfach (das Wahlfach der 3. Sek ist v\u00f6llig anders organisiert bei uns)<\/li>\n<li>Special Learning days<\/li>\n<\/ul>\n<p>Ausserdem sind wir \u00fcberzeugt, dass Lernen nur m\u00f6glich ist, wenn die Beziehung stimmt. Wir investieren viel in die Beziehungsarbeit. Die Schulleitung geht mit gutem Beispiel voran.<\/p>\n<p>Beispiele der Beziehungsarbeit auf SL Ebene:<\/p>\n<ul>\n<li>SL gratuliert allen LP und allen SuS zum Geburtstag<\/li>\n<li>SL besucht die LP so oft wie m\u00f6glich mit CTW\u2019s (Classroom Walkthroughs)<\/li>\n<li>SL l\u00e4dt zum Weihnachtsessen ein und organsiert alles selber vom Essen bis zur Deko.<\/li>\n<li>SL schreibt zum Schuljahresbeginn und zu Weihnachten jedem Mitarbeitenden einen pers\u00f6nlichen Brief<\/li>\n<li>MAG\u2019s<\/li>\n<li>P\u00e4d, Inputs zur bewussten Anerkennung von Potenzialen<\/li>\n<\/ul>\n<p><strong>Strukturelles: <\/strong><\/p>\n<p>&#8211; Ein weiteres Kennzeichen der Schule ist die \u201aflache Hierarchie\u2018, oder die \u00dcberzeugung, dass mit lateraler F\u00fchrung mehr erreicht wird, wie mit Hierarchie-Denken.<\/p>\n<p>Die Stufenleitungen, die zusammen mit der Schulleitung die Steuergruppe der Schule bildet, \u00fcbernimmt viel Verantwortung. Vieles wird durch sie aufgefangen und die Schule wird vermehrt auch durch sie gesteuert.<\/p>\n<p>&#8211; Das Schulhaus soll ein Ort der Begegnung sein, deshalb ist das Schulhaus von 7.15 bis 17.15 Uhr durchgehend offen.<br>&#8211; Die Schulhausglocke klingelt nur drei mal am Tag, n\u00e4mlich um 8.15 Uhr, 10.15 Uhr und 13.30 Uhr, also nur um den kleineren Kindern akustisch anzuzeigen, dass die Lektionen beginnen.<br>Die Lektionen sind von 8-10 Uhr und 10-12 Uhr am Morgen und von 13.30 \u2013 15.05 und 15.15 \u2013 16.45 Uhr am Nachmittag.<\/p>\n<p>&#8211; Als letztes Kennzeichen m\u00f6chte ich noch die GAZ (gemeinsame Arbeitszeit) erw\u00e4hnen, das heisst, jeden Montag von 15.15 \u2013 17.45 Uhr sind alle Lehrpersonen im Schulhaus anwesend und in diesem Zeitfenster finden m\u00f6glichst alle Sitzungen statt, so zum Beispiel Schulkonferenzen (circa 7), Stufensitzungen, Arbeitsgruppensitzungen, p\u00e4dagogische Sitzungen in den Stufen und im Gesamtteam.<\/p>\n<p>Weitere Kennzeichen der Schule sind am besten bei einem Besuch und dem anschliessenden Austausch zu erkennen, auf den ich mich sehr freue.<\/p>\n<p><em>Marcel Baier, Schulleiter Gesamtschule In der H\u00f6h, Volketswil<\/em><\/p>\n<p>Melden Sie sich <a href=\"https:\/\/phzh.ch\/Kursanmeldung?idanlass=144380329\" target=\"_blank\" rel=\"noopener noreferrer\">jetzt<\/a> an.<\/p>\n<p>Anmeldeschluss: 10.06.2019<\/p>\n<p>Bemerkung: Etwa eine Woche vor Anlass erhalten Sie eine Einladung mit genauen Informationen zum Ablauf und zur Anfahrt.<\/p>\n<p>Bildquelle: Schule Volketswil, Fabio Maier<\/p>\n\n\n<p><\/p>\n","protected":false},"excerpt":{"rendered":"<p>Mit \u00abVisit my school\u00bb bietet eine Schulleiterin\/ein Schulleiter Einblick in ihre\/seine Schule. Und dies f\u00fcr einmal nicht in Form eines Berichts, sondern eines Schulbesuches mit Begegnungen und Gelegenheiten f\u00fcr einen spannenden Austausch \u2013 exklusiv f\u00fcr unsere Blogleserschaft. Den Start macht Schulleiter Marcel Baier am Montagvormittag, 17. Juni 2019. Zur Anmeldung gehts am Ende seines Schulportr\u00e4ts. &hellip; <a href=\"https:\/\/blog.phzh.ch\/schulfuehrung\/2019\/04\/15\/kurzportrait-gesamtschule-in-der-hoeh\/\" class=\"more-link\"><span class=\"screen-reader-text\">Visit my school \u2013 Gesamtschule In der H\u00f6h, Volketswil ZH<\/span> weiterlesen<\/a><\/p>\n","protected":false},"author":1392,"featured_media":1212,"comment_status":"open","ping_status":"open","sticky":false,"template":"","format":"standard","meta":{"sfsi_plus_gutenberg_text_before_share":"","sfsi_plus_gutenberg_show_text_before_share":"","sfsi_plus_gutenberg_icon_type":"","sfsi_plus_gutenberg_icon_alignemt":"","sfsi_plus_gutenburg_max_per_row":"","footnotes":""},"categories":[17608,107309],"tags":[19127,106719,106748,45189,106750],"class_list":["post-1086","post","type-post","status-publish","format-standard","has-post-thumbnail","hentry","category-events","category-alle-beitraege","tag-kindergarten","tag-kurzportrait","tag-schule-in-der-hoeh","tag-schueler","tag-volketswil"],"yoast_head":"<!-- This site is optimized with the Yoast SEO plugin v26.8 - https:\/\/yoast.com\/product\/yoast-seo-wordpress\/ -->\n<title>Visit my school \u2013 Gesamtschule In der H\u00f6h, Volketswil ZH - Schulf\u00fchrung<\/title>\n<meta name=\"robots\" content=\"index, follow, max-snippet:-1, max-image-preview:large, max-video-preview:-1\" \/>\n<link rel=\"canonical\" href=\"https:\/\/blog.phzh.ch\/schulfuehrung\/2019\/04\/15\/kurzportrait-gesamtschule-in-der-hoeh\/\" \/>\n<meta property=\"og:locale\" content=\"de_DE\" \/>\n<meta property=\"og:type\" content=\"article\" \/>\n<meta property=\"og:title\" content=\"Visit my school \u2013 Gesamtschule In der H\u00f6h, Volketswil ZH - Schulf\u00fchrung\" \/>\n<meta property=\"og:description\" content=\"Mit \u00abVisit my school\u00bb bietet eine Schulleiterin\/ein Schulleiter Einblick in ihre\/seine Schule. Und dies f\u00fcr einmal nicht in Form eines Berichts, sondern eines Schulbesuches mit Begegnungen und Gelegenheiten f\u00fcr einen spannenden Austausch \u2013 exklusiv f\u00fcr unsere Blogleserschaft. Den Start macht Schulleiter Marcel Baier am Montagvormittag, 17. Juni 2019. Zur Anmeldung gehts am Ende seines Schulportr\u00e4ts. &hellip; Visit my school \u2013 Gesamtschule In der H\u00f6h, Volketswil ZH weiterlesen\" \/>\n<meta property=\"og:url\" content=\"https:\/\/blog.phzh.ch\/schulfuehrung\/2019\/04\/15\/kurzportrait-gesamtschule-in-der-hoeh\/\" \/>\n<meta property=\"og:site_name\" content=\"Schulf\u00fchrung\" \/>\n<meta property=\"article:published_time\" content=\"2019-04-15T02:00:02+00:00\" \/>\n<meta property=\"article:modified_time\" content=\"2019-05-18T16:12:52+00:00\" \/>\n<meta property=\"og:image\" content=\"https:\/\/blog.phzh.ch\/schulfuehrung\/files\/2019\/04\/volketswil_schulhaus_2_21.08.17_fsm_42.jpg\" \/>\n\t<meta property=\"og:image:width\" content=\"1398\" \/>\n\t<meta property=\"og:image:height\" content=\"933\" \/>\n\t<meta property=\"og:image:type\" content=\"image\/jpeg\" \/>\n<meta name=\"author\" content=\"melinamaerten\" \/>\n<meta name=\"twitter:card\" content=\"summary_large_image\" \/>\n<meta name=\"twitter:label1\" content=\"Verfasst von\" \/>\n\t<meta name=\"twitter:data1\" content=\"melinamaerten\" \/>\n\t<meta name=\"twitter:label2\" content=\"Gesch\u00e4tzte Lesezeit\" \/>\n\t<meta name=\"twitter:data2\" content=\"3\u00a0Minuten\" \/>\n<script type=\"application\/ld+json\" class=\"yoast-schema-graph\">{\"@context\":\"https:\/\/schema.org\",\"@graph\":[{\"@type\":\"Article\",\"@id\":\"https:\/\/blog.phzh.ch\/schulfuehrung\/2019\/04\/15\/kurzportrait-gesamtschule-in-der-hoeh\/#article\",\"isPartOf\":{\"@id\":\"https:\/\/blog.phzh.ch\/schulfuehrung\/2019\/04\/15\/kurzportrait-gesamtschule-in-der-hoeh\/\"},\"author\":{\"name\":\"melinamaerten\",\"@id\":\"https:\/\/blog.phzh.ch\/schulfuehrung\/#\/schema\/person\/13544ff30d01e0e5f98444f0696dcefb\"},\"headline\":\"Visit my school \u2013 Gesamtschule In der H\u00f6h, Volketswil ZH\",\"datePublished\":\"2019-04-15T02:00:02+00:00\",\"dateModified\":\"2019-05-18T16:12:52+00:00\",\"mainEntityOfPage\":{\"@id\":\"https:\/\/blog.phzh.ch\/schulfuehrung\/2019\/04\/15\/kurzportrait-gesamtschule-in-der-hoeh\/\"},\"wordCount\":646,\"commentCount\":2,\"image\":{\"@id\":\"https:\/\/blog.phzh.ch\/schulfuehrung\/2019\/04\/15\/kurzportrait-gesamtschule-in-der-hoeh\/#primaryimage\"},\"thumbnailUrl\":\"https:\/\/blog.phzh.ch\/schulfuehrung\/files\/2019\/04\/volketswil_schulhaus_2_21.08.17_fsm_42.jpg\",\"keywords\":[\"Kindergarten\",\"Kurzportrait\",\"Schule In der H\u00f6h\",\"Sch\u00fcler\",\"Volketswil\"],\"articleSection\":[\"Events\",\"Gesamte Beitr\u00e4ge\"],\"inLanguage\":\"de\",\"potentialAction\":[{\"@type\":\"CommentAction\",\"name\":\"Comment\",\"target\":[\"https:\/\/blog.phzh.ch\/schulfuehrung\/2019\/04\/15\/kurzportrait-gesamtschule-in-der-hoeh\/#respond\"]}]},{\"@type\":\"WebPage\",\"@id\":\"https:\/\/blog.phzh.ch\/schulfuehrung\/2019\/04\/15\/kurzportrait-gesamtschule-in-der-hoeh\/\",\"url\":\"https:\/\/blog.phzh.ch\/schulfuehrung\/2019\/04\/15\/kurzportrait-gesamtschule-in-der-hoeh\/\",\"name\":\"Visit my school \u2013 Gesamtschule In der H\u00f6h, Volketswil ZH - Schulf\u00fchrung\",\"isPartOf\":{\"@id\":\"https:\/\/blog.phzh.ch\/schulfuehrung\/#website\"},\"primaryImageOfPage\":{\"@id\":\"https:\/\/blog.phzh.ch\/schulfuehrung\/2019\/04\/15\/kurzportrait-gesamtschule-in-der-hoeh\/#primaryimage\"},\"image\":{\"@id\":\"https:\/\/blog.phzh.ch\/schulfuehrung\/2019\/04\/15\/kurzportrait-gesamtschule-in-der-hoeh\/#primaryimage\"},\"thumbnailUrl\":\"https:\/\/blog.phzh.ch\/schulfuehrung\/files\/2019\/04\/volketswil_schulhaus_2_21.08.17_fsm_42.jpg\",\"datePublished\":\"2019-04-15T02:00:02+00:00\",\"dateModified\":\"2019-05-18T16:12:52+00:00\",\"author\":{\"@id\":\"https:\/\/blog.phzh.ch\/schulfuehrung\/#\/schema\/person\/13544ff30d01e0e5f98444f0696dcefb\"},\"breadcrumb\":{\"@id\":\"https:\/\/blog.phzh.ch\/schulfuehrung\/2019\/04\/15\/kurzportrait-gesamtschule-in-der-hoeh\/#breadcrumb\"},\"inLanguage\":\"de\",\"potentialAction\":[{\"@type\":\"ReadAction\",\"target\":[\"https:\/\/blog.phzh.ch\/schulfuehrung\/2019\/04\/15\/kurzportrait-gesamtschule-in-der-hoeh\/\"]}]},{\"@type\":\"ImageObject\",\"inLanguage\":\"de\",\"@id\":\"https:\/\/blog.phzh.ch\/schulfuehrung\/2019\/04\/15\/kurzportrait-gesamtschule-in-der-hoeh\/#primaryimage\",\"url\":\"https:\/\/blog.phzh.ch\/schulfuehrung\/files\/2019\/04\/volketswil_schulhaus_2_21.08.17_fsm_42.jpg\",\"contentUrl\":\"https:\/\/blog.phzh.ch\/schulfuehrung\/files\/2019\/04\/volketswil_schulhaus_2_21.08.17_fsm_42.jpg\",\"width\":1398,\"height\":933},{\"@type\":\"BreadcrumbList\",\"@id\":\"https:\/\/blog.phzh.ch\/schulfuehrung\/2019\/04\/15\/kurzportrait-gesamtschule-in-der-hoeh\/#breadcrumb\",\"itemListElement\":[{\"@type\":\"ListItem\",\"position\":1,\"name\":\"Startseite\",\"item\":\"https:\/\/blog.phzh.ch\/schulfuehrung\/\"},{\"@type\":\"ListItem\",\"position\":2,\"name\":\"Visit my school \u2013 Gesamtschule In der H\u00f6h, Volketswil ZH\"}]},{\"@type\":\"WebSite\",\"@id\":\"https:\/\/blog.phzh.ch\/schulfuehrung\/#website\",\"url\":\"https:\/\/blog.phzh.ch\/schulfuehrung\/\",\"name\":\"Schulf\u00fchrung\",\"description\":\"phzh.ch\/schulfuehrung\",\"potentialAction\":[{\"@type\":\"SearchAction\",\"target\":{\"@type\":\"EntryPoint\",\"urlTemplate\":\"https:\/\/blog.phzh.ch\/schulfuehrung\/?s={search_term_string}\"},\"query-input\":{\"@type\":\"PropertyValueSpecification\",\"valueRequired\":true,\"valueName\":\"search_term_string\"}}],\"inLanguage\":\"de\"},{\"@type\":\"Person\",\"@id\":\"https:\/\/blog.phzh.ch\/schulfuehrung\/#\/schema\/person\/13544ff30d01e0e5f98444f0696dcefb\",\"name\":\"melinamaerten\",\"image\":{\"@type\":\"ImageObject\",\"inLanguage\":\"de\",\"@id\":\"https:\/\/blog.phzh.ch\/schulfuehrung\/#\/schema\/person\/image\/\",\"url\":\"https:\/\/secure.gravatar.com\/avatar\/581b196899ac4a61b7e20a29f4dd52fe?s=96&d=mm&r=g\",\"contentUrl\":\"https:\/\/secure.gravatar.com\/avatar\/581b196899ac4a61b7e20a29f4dd52fe?s=96&d=mm&r=g\",\"caption\":\"melinamaerten\"},\"url\":\"https:\/\/blog.phzh.ch\/schulfuehrung\/author\/melinamaerten\/\"}]}<\/script>\n<!-- \/ Yoast SEO plugin. -->","yoast_head_json":{"title":"Visit my school \u2013 Gesamtschule In der H\u00f6h, Volketswil ZH - Schulf\u00fchrung","robots":{"index":"index","follow":"follow","max-snippet":"max-snippet:-1","max-image-preview":"max-image-preview:large","max-video-preview":"max-video-preview:-1"},"canonical":"https:\/\/blog.phzh.ch\/schulfuehrung\/2019\/04\/15\/kurzportrait-gesamtschule-in-der-hoeh\/","og_locale":"de_DE","og_type":"article","og_title":"Visit my school \u2013 Gesamtschule In der H\u00f6h, Volketswil ZH - Schulf\u00fchrung","og_description":"Mit \u00abVisit my school\u00bb bietet eine Schulleiterin\/ein Schulleiter Einblick in ihre\/seine Schule. Und dies f\u00fcr einmal nicht in Form eines Berichts, sondern eines Schulbesuches mit Begegnungen und Gelegenheiten f\u00fcr einen spannenden Austausch \u2013 exklusiv f\u00fcr unsere Blogleserschaft. Den Start macht Schulleiter Marcel Baier am Montagvormittag, 17. Juni 2019. Zur Anmeldung gehts am Ende seines Schulportr\u00e4ts. &hellip; Visit my school \u2013 Gesamtschule In der H\u00f6h, Volketswil ZH weiterlesen","og_url":"https:\/\/blog.phzh.ch\/schulfuehrung\/2019\/04\/15\/kurzportrait-gesamtschule-in-der-hoeh\/","og_site_name":"Schulf\u00fchrung","article_published_time":"2019-04-15T02:00:02+00:00","article_modified_time":"2019-05-18T16:12:52+00:00","og_image":[{"width":1398,"height":933,"url":"https:\/\/blog.phzh.ch\/schulfuehrung\/files\/2019\/04\/volketswil_schulhaus_2_21.08.17_fsm_42.jpg","type":"image\/jpeg"}],"author":"melinamaerten","twitter_card":"summary_large_image","twitter_misc":{"Verfasst von":"melinamaerten","Gesch\u00e4tzte Lesezeit":"3\u00a0Minuten"},"schema":{"@context":"https:\/\/schema.org","@graph":[{"@type":"Article","@id":"https:\/\/blog.phzh.ch\/schulfuehrung\/2019\/04\/15\/kurzportrait-gesamtschule-in-der-hoeh\/#article","isPartOf":{"@id":"https:\/\/blog.phzh.ch\/schulfuehrung\/2019\/04\/15\/kurzportrait-gesamtschule-in-der-hoeh\/"},"author":{"name":"melinamaerten","@id":"https:\/\/blog.phzh.ch\/schulfuehrung\/#\/schema\/person\/13544ff30d01e0e5f98444f0696dcefb"},"headline":"Visit my school \u2013 Gesamtschule In der H\u00f6h, Volketswil ZH","datePublished":"2019-04-15T02:00:02+00:00","dateModified":"2019-05-18T16:12:52+00:00","mainEntityOfPage":{"@id":"https:\/\/blog.phzh.ch\/schulfuehrung\/2019\/04\/15\/kurzportrait-gesamtschule-in-der-hoeh\/"},"wordCount":646,"commentCount":2,"image":{"@id":"https:\/\/blog.phzh.ch\/schulfuehrung\/2019\/04\/15\/kurzportrait-gesamtschule-in-der-hoeh\/#primaryimage"},"thumbnailUrl":"https:\/\/blog.phzh.ch\/schulfuehrung\/files\/2019\/04\/volketswil_schulhaus_2_21.08.17_fsm_42.jpg","keywords":["Kindergarten","Kurzportrait","Schule In der H\u00f6h","Sch\u00fcler","Volketswil"],"articleSection":["Events","Gesamte Beitr\u00e4ge"],"inLanguage":"de","potentialAction":[{"@type":"CommentAction","name":"Comment","target":["https:\/\/blog.phzh.ch\/schulfuehrung\/2019\/04\/15\/kurzportrait-gesamtschule-in-der-hoeh\/#respond"]}]},{"@type":"WebPage","@id":"https:\/\/blog.phzh.ch\/schulfuehrung\/2019\/04\/15\/kurzportrait-gesamtschule-in-der-hoeh\/","url":"https:\/\/blog.phzh.ch\/schulfuehrung\/2019\/04\/15\/kurzportrait-gesamtschule-in-der-hoeh\/","name":"Visit my school \u2013 Gesamtschule In der H\u00f6h, Volketswil ZH - Schulf\u00fchrung","isPartOf":{"@id":"https:\/\/blog.phzh.ch\/schulfuehrung\/#website"},"primaryImageOfPage":{"@id":"https:\/\/blog.phzh.ch\/schulfuehrung\/2019\/04\/15\/kurzportrait-gesamtschule-in-der-hoeh\/#primaryimage"},"image":{"@id":"https:\/\/blog.phzh.ch\/schulfuehrung\/2019\/04\/15\/kurzportrait-gesamtschule-in-der-hoeh\/#primaryimage"},"thumbnailUrl":"https:\/\/blog.phzh.ch\/schulfuehrung\/files\/2019\/04\/volketswil_schulhaus_2_21.08.17_fsm_42.jpg","datePublished":"2019-04-15T02:00:02+00:00","dateModified":"2019-05-18T16:12:52+00:00","author":{"@id":"https:\/\/blog.phzh.ch\/schulfuehrung\/#\/schema\/person\/13544ff30d01e0e5f98444f0696dcefb"},"breadcrumb":{"@id":"https:\/\/blog.phzh.ch\/schulfuehrung\/2019\/04\/15\/kurzportrait-gesamtschule-in-der-hoeh\/#breadcrumb"},"inLanguage":"de","potentialAction":[{"@type":"ReadAction","target":["https:\/\/blog.phzh.ch\/schulfuehrung\/2019\/04\/15\/kurzportrait-gesamtschule-in-der-hoeh\/"]}]},{"@type":"ImageObject","inLanguage":"de","@id":"https:\/\/blog.phzh.ch\/schulfuehrung\/2019\/04\/15\/kurzportrait-gesamtschule-in-der-hoeh\/#primaryimage","url":"https:\/\/blog.phzh.ch\/schulfuehrung\/files\/2019\/04\/volketswil_schulhaus_2_21.08.17_fsm_42.jpg","contentUrl":"https:\/\/blog.phzh.ch\/schulfuehrung\/files\/2019\/04\/volketswil_schulhaus_2_21.08.17_fsm_42.jpg","width":1398,"height":933},{"@type":"BreadcrumbList","@id":"https:\/\/blog.phzh.ch\/schulfuehrung\/2019\/04\/15\/kurzportrait-gesamtschule-in-der-hoeh\/#breadcrumb","itemListElement":[{"@type":"ListItem","position":1,"name":"Startseite","item":"https:\/\/blog.phzh.ch\/schulfuehrung\/"},{"@type":"ListItem","position":2,"name":"Visit my school \u2013 Gesamtschule In der H\u00f6h, Volketswil ZH"}]},{"@type":"WebSite","@id":"https:\/\/blog.phzh.ch\/schulfuehrung\/#website","url":"https:\/\/blog.phzh.ch\/schulfuehrung\/","name":"Schulf\u00fchrung","description":"phzh.ch\/schulfuehrung","potentialAction":[{"@type":"SearchAction","target":{"@type":"EntryPoint","urlTemplate":"https:\/\/blog.phzh.ch\/schulfuehrung\/?s={search_term_string}"},"query-input":{"@type":"PropertyValueSpecification","valueRequired":true,"valueName":"search_term_string"}}],"inLanguage":"de"},{"@type":"Person","@id":"https:\/\/blog.phzh.ch\/schulfuehrung\/#\/schema\/person\/13544ff30d01e0e5f98444f0696dcefb","name":"melinamaerten","image":{"@type":"ImageObject","inLanguage":"de","@id":"https:\/\/blog.phzh.ch\/schulfuehrung\/#\/schema\/person\/image\/","url":"https:\/\/secure.gravatar.com\/avatar\/581b196899ac4a61b7e20a29f4dd52fe?s=96&d=mm&r=g","contentUrl":"https:\/\/secure.gravatar.com\/avatar\/581b196899ac4a61b7e20a29f4dd52fe?s=96&d=mm&r=g","caption":"melinamaerten"},"url":"https:\/\/blog.phzh.ch\/schulfuehrung\/author\/melinamaerten\/"}]}},"_links":{"self":[{"href":"https:\/\/blog.phzh.ch\/schulfuehrung\/wp-json\/wp\/v2\/posts\/1086","targetHints":{"allow":["GET"]}}],"collection":[{"href":"https:\/\/blog.phzh.ch\/schulfuehrung\/wp-json\/wp\/v2\/posts"}],"about":[{"href":"https:\/\/blog.phzh.ch\/schulfuehrung\/wp-json\/wp\/v2\/types\/post"}],"author":[{"embeddable":true,"href":"https:\/\/blog.phzh.ch\/schulfuehrung\/wp-json\/wp\/v2\/users\/1392"}],"replies":[{"embeddable":true,"href":"https:\/\/blog.phzh.ch\/schulfuehrung\/wp-json\/wp\/v2\/comments?post=1086"}],"version-history":[{"count":12,"href":"https:\/\/blog.phzh.ch\/schulfuehrung\/wp-json\/wp\/v2\/posts\/1086\/revisions"}],"predecessor-version":[{"id":1297,"href":"https:\/\/blog.phzh.ch\/schulfuehrung\/wp-json\/wp\/v2\/posts\/1086\/revisions\/1297"}],"wp:featuredmedia":[{"embeddable":true,"href":"https:\/\/blog.phzh.ch\/schulfuehrung\/wp-json\/wp\/v2\/media\/1212"}],"wp:attachment":[{"href":"https:\/\/blog.phzh.ch\/schulfuehrung\/wp-json\/wp\/v2\/media?parent=1086"}],"wp:term":[{"taxonomy":"category","embeddable":true,"href":"https:\/\/blog.phzh.ch\/schulfuehrung\/wp-json\/wp\/v2\/categories?post=1086"},{"taxonomy":"post_tag","embeddable":true,"href":"https:\/\/blog.phzh.ch\/schulfuehrung\/wp-json\/wp\/v2\/tags?post=1086"}],"curies":[{"name":"wp","href":"https:\/\/api.w.org\/{rel}","templated":true}]}}